{"id":14040,"date":"2018-10-19T19:32:00","date_gmt":"2018-10-19T17:32:00","guid":{"rendered":"http:\/\/luxiders.com.w01cc729.kasserver.com\/portugal-re-thinking-fashion\/"},"modified":"2023-02-09T17:52:04","modified_gmt":"2023-02-09T16:52:04","slug":"portugal-mode-neu-gedacht","status":"publish","type":"post","link":"https:\/\/luxiders.com\/de\/portugal-mode-neu-gedacht\/","title":{"rendered":"Portugal, Mode neu gedacht"},"content":{"rendered":"    <section id=\"textblock-block_8cc8c48835d0fcc9e4b5efb1ea9879b7\" class=\"section position-relative gp-block gp-textblock pt-0 pb-0\">\n        <div class=\"container\">\n            <div class=\"row g-0\">\n                <div class=\"col-lg-12 content\" data-aos=\"fade-in\" data-aos-duration=\"1000\">\n                                                                                    <div class=\"intro \">\n                            <p style=\"text-align: center;\">Alle sechs Monate reisen wir zur Porto Fashion Week, um den Puls der Zeit und Nachhaltigkeit im sch\u00f6nen Portugal zu begegnen. Wir haben ein Date mit Modtissimo, das wichtigste Textil- und Modeereignis Portugals. Diesmal waren wir \u00fcberrascht von dem nachhaltigen Engagement der Messe. Willkommen im Green Circle!<\/p>\n                        <\/div>\n                                                                                                <\/div>\n            <\/div>\n        <\/div>\n    <\/section>\n    \n\n    <section id=\"newsletter-block_1cf0f778d6e10a6f0585a6251961ff39\" class=\"section position-relative gp-block gp-newsletter pt-0 pb-0 my-5\">\n        <div class=\"container\">\n            <div class=\"row g-0 pt-4 pb-3\">\n                <div class=\"col-lg-12 content text-center border pt-3\" data-aos=\"fade-in\" data-aos-duration=\"1000\">\n                                            <p><em>Um den Luxiders Newsletter zu erhalten,\u00a0<a href=\"https:\/\/landing.mailerlite.com\/webforms\/landing\/g1u8s7\">melde dich hier an<\/a>.<\/em><\/p>\n                                    <\/div>\n            <\/div>\n        <\/div>\n    <\/section>\n    \n\n    <section id=\"media-block_8574ed3f3b4f7d237ab740a8d8754a54\" class=\"section position-relative gp-block gp-media pt-0 pb-0\">\n        <div class=\"container\">\n            <div class=\"row g-0\">\n                <div class=\"col-lg-12 content\" data-aos=\"fade-in\" data-aos-duration=\"1000\">\n                                        <div><\/div>\n<div class=\"\"><span class=\"\">Zwei Tage lang stand bei der Modtissimo in Porto die Vitalit\u00e4t und Energie der portugiesischen Modebranche im Mittelpunkt. Die Edition wurde von mehr als 500 internationalen Eink\u00e4ufern und Modeexperten besucht.<\/span><\/div>\n<div><\/div>\n<div class=\"\"><span class=\"\">Gleich in der N\u00e4he des Eingangs pr\u00e4sentierte sich der Green Circle-Raum. Diverse Unternehmen zeigten, wie gut sie auf die Circular Economy vorbereitet sind. Mit einer von portugiesischen Modedesignern entworfenen Galerie voller Kleidungsst\u00fccke, zog die Ausstellung alle Blicke auf sich. Es war ein klares Statement und ein Update auf das, was \u00f6kologische Mode in Portugal zu bieten hat.\u00a0<\/span><\/div>\n<p><strong>\u00a0<\/strong><\/p>\n<h1>Green Circle: a fashion romance<\/h1>\n<div class=\"\"><span class=\"\">Modtissimo pr\u00e4sentierte zum ersten Mal die Green Circle, eine k\u00fcnstlerische Modeinstallation organisiert von Selectiva Moda und dank einer Partnerschaft zwischen iTechstyle Showcase und Manifeso Moda. &#8222;Es ist ein erster Schritt, um die neue Ordnung der Nachhaltigkeit, das lokale Know-how und die hohe Qualit\u00e4t der portugiesischen Textilhersteller auszudr\u00fccken&#8220;, wurde mehrmals betont.<\/span><\/div>\n<div class=\"\"><\/div>\n<div class=\"\"><span class=\"\">Green Circle m\u00f6chte nicht nur den alarmierende Status quo des Modesystems aufzeigen, sondern im Gegensatz zu den Anstrengungen die derzeit von einigen der f\u00fchrenden portugiesischen Textilhersteller unternommen werden, Nachhaltigkeit als Ganzes in den Mittelpunkt stellen. Dies gilt sowohl f\u00fcr den textilen Teil der Ausstellung als auch f\u00fcr den modischen. Letzteres konzentrierte sich auf eine k\u00fcnstlerische Installation: Eine Gruppe anerkannter portugiesischer Designer\/innen wurde eingeladen, um mit ausgew\u00e4hlten Unternehmen zu interagieren und eine nachhaltige Modevision zu erarbeiten.<\/span><\/div>\n<div class=\"\"><\/div>\n<div class=\"\"><span class=\"\">&#8222;Wir haben einige der besten portugiesischen Modefirmen gebeten \u00fcber nachhaltigen Prozesse und nachhaltigen Designl\u00f6sungen nachzudenken und uns mit einem neuen Luxus zu verf\u00fchren (&#8230;) Was Sie hier sehen, ist ein au\u00dfergew\u00f6hnliches Beispiel daf\u00fcr, wie wir zusammen f\u00fcr eine bessere Zukunft k\u00e4mpfen k\u00f6nnen, ohne die Freude zu verlieren dream makers zu sein &#8222;- erkl\u00e4rte w\u00e4hrend der Show Paulo Gomes, Gr\u00fcnder von Manifesto Moda.<\/span><\/div>\n                                    <\/div>\n            <\/div>\n            <div class=\"row g-0\">\n                <div class=\"col-lg-12 img-scaled\">\n                                    <\/div>\n                                            <\/div>\n        <\/div>\n    <\/section>\n    \n\n    <section id=\"media-block_4d66eeb8c9e5d5ba11103186f8cbeaf1\" class=\"section position-relative gp-block gp-media pt-0 pb-0\">\n        <div class=\"container\">\n            <div class=\"row g-0\">\n                <div class=\"col-lg-12 content\" data-aos=\"fade-in\" data-aos-duration=\"1000\">\n                                        <p>&nbsp;<\/p>\n<p>Innerhalb von Green Circle m\u00f6chten wir die Designs unterstreichen von\u00a0<span class=\"\">Story Tailors, Alexandra Moura, Nuno Baltazar und Alves \/ Gon\u00e7alves. Story Tailors entwarf einen Jigsaw-Mantel (mit nummerierten Teilen, die man selbst aufbauen kann), hergestellt aus dieser einzigartigen portugiesischen Wolle namens Burel. Hergestellt aus 100% Bio-Schafswolle, besitzt Burel au\u00dfergew\u00f6hnlich smarte Funktionen.<\/span><\/p>\n<div class=\"\"><\/div>\n<div class=\"\"><span class=\"\">Alexandra Moura fertigte einen speziellen Trenchcoat mit handgemachten Details voller \u00dcberraschungen an. Das Geheimnis liegt in der verwendeten Baumwolle \/ Kork, das von Textis Penedo mit Pulverkorkabf\u00e4llen hergestellt wird. Neben der Dekoration erh\u00f6ht es die Widerstandsf\u00e4higkeit des Gewebes gegen Mikroorganismen und nutzt einen nat\u00fcrlichen Rohstoff (Kork), der sonst nicht gesch\u00e4tzt w\u00fcrde.<\/span><\/div>\n<div class=\"\"><\/div>\n<div class=\"\"><span class=\"\">Nuno Baltazar entwarf ein Demi-Couture-Kleid von Tenowa aus Riopele. Ein Gewebe aus Abf\u00e4llen, die aus der Textilindustrie stammen. Rohstoffe, Wasser und Energie werden gespart. Tenowa steht f\u00fcr eine Kreislaufwirtschaft, die durch Recycling und Wiederverwendung von Textilresten gekennzeichnet ist.<\/span><\/div>\n<div class=\"\"><\/div>\n<div class=\"\"><span class=\"\">Alves \/ Gon\u00e7alves haben ein romantisches Hemd aus Demi hergestellt, einem nachhaltigen Stoff, den Somelos entwickelt hat. Es ist eine Mischung aus long staple cotton mit Rose Fiber (Viskose, die aus Rosen gewonnen wird), die sich durch ihre luxuri\u00f6se Haptik und Drapierung auszeichnet und ein seidiges und gl\u00e4nzendes Aussehen verleiht.<\/span><\/div>\n<div><\/div>\n<h1>TAP Upcycling Wettbewerb<\/h1>\n<div class=\"\"><span class=\"\">Green Circle bot nicht allein ein nachhaltige Szenario der Messe. Am Ende des zweiten Tages schloss Modtissimo seine T\u00fcren mit dem Upcycling-Wettbewerb von TAP, in dem junge Designer aufgefordert wurden, neue Kleidungsst\u00fccke aus alten Flugzeugsitzen und -geweben herzustellen. Tatiana Ribeiro, eine ESAD-Studentin, war die Gewinnerin und pr\u00e4sentierte eine multifunktionale Weste, die in einen Rucksack verwandelt werden kann.<\/span><\/div>\n<div class=\"\"><\/div>\n<div class=\"\"><span class=\"\">Wie kreativ kann die nachhaltige Seite der Mode noch sein? Es ist wirklich unglaublich interessant! Aber \u00fcber den kreativen Aspekt hinaus muss nachhaltige Mode ein Gesch\u00e4ftsmodell beinhalten und es muss kommerziell erfolgreich sein. Heute, es gibt portugiesisch-nachhaltigen Modemarken und Designer, die bereits ihre Kollektionen weltweit verkaufen. Sie produzieren lokal und pflegen die traditionellen handwerklichen Techniken und das Handwerk ihres Heimatlandes. Die meisten von ihnen f\u00fcgen ihren Kollektionen \u00f6kologische Stoffe hinzu. Zu ihnen geh\u00f6ren Misci, Hibu, Reality Studio, Coracao Alecrim, Marita Moreno, Toino Abel, P\u00e9 de Chumbo (main photo), Katty Xiomara, Roselyn Silva oder Nazareth Collection. Wir freuen uns darauf!<\/span><\/div>\n<div><\/div>\n                                    <\/div>\n            <\/div>\n            <div class=\"row g-0\">\n                <div class=\"col-lg-12 img-scaled\">\n                                                                                                                                                <figure class=\"mb-4 pt-lg-2 mb-lg-2 ps-lg-2 pe-lg-2\" data-aos=\"fade-up\" data-aos-duration=\"1000\"><div class=\"img-container\"><img loading=\"lazy\" decoding=\"async\" width=\"1200\" height=\"1600\" src=\"https:\/\/luxiders.com\/content\/uploads\/Portugal_Green3.jpg\" class=\"img-fluid w-100\" alt=\"\" srcset=\"https:\/\/luxiders.com\/content\/uploads\/Portugal_Green3.jpg 1200w, https:\/\/luxiders.com\/content\/uploads\/Portugal_Green3-225x300.jpg 225w, https:\/\/luxiders.com\/content\/uploads\/Portugal_Green3-768x1024.jpg 768w, https:\/\/luxiders.com\/content\/uploads\/Portugal_Green3-1152x1536.jpg 1152w\" sizes=\"(max-width: 1200px) 100vw, 1200px\" \/><\/div><\/figure>                                                                                            <\/div>\n                                            <\/div>\n        <\/div>\n    <\/section>\n    \n\n    <section id=\"textblock-block_f3787c3f675d270eda6aaaa544008336\" class=\"section position-relative gp-block gp-textblock pt-0 pb-0\">\n        <div class=\"container\">\n            <div class=\"row g-0\">\n                <div class=\"col-lg-12 content\" data-aos=\"fade-in\" data-aos-duration=\"1000\">\n                                                                                <h1><\/h1>\n<h1>Nachhaltige Mode denken<\/h1>\n<div class=\"\"><span class=\"\">Wie Paulo Vaz, Generaldirektor der Textil- und Bekleidungsvereinigung von Portugal, und Manuel Serrao, Direktor Modtissimos und Pr\u00e4sident von Selectiva Moda, uns w\u00e4hrend der letzten Veranstaltung versichert haben, werden Modenschauen aus Portugal nachhaltige Mode immer im Auge behalten. &#8222;Technologische Innovation, Design (Kreativit\u00e4t) und Nachhaltigkeit stehen jetzt im Mittelpunkt&#8220; &#8211; erkl\u00e4rte Paulo Vaz -&#8222;Es ist nicht nur eine Verpflichtung gegen\u00fcber dem Planeten und den neuen Generationen, es ist auch eine Strategie, uns vom Modeangebot anderer L\u00e4nder zu unterscheiden. Wie verbindet man Technologie mit Nachhaltigkeit? Es ist die dritte S\u00e4ule unserer Zukunft und basiert in unserem Fall auf Authentizit\u00e4t. &#8222;<\/span><\/div>\n<div class=\"\"><\/div>\n<div class=\"\"><span class=\"\">&#8222;Wir haben uns von einem preisbasierten zu einem wertbasierten Wettbewerb gewandelt&#8220;, betonte er. &#8222;Wir wollen von diesem Segment profitieren, um bessere Margen und bessere M\u00e4rkte zu gewinnen. Schweden, Finnland, Norwegen, EEUU &#8230;, Brasilien &#8230; sogar in Schwellenl\u00e4ndern &#8230; Wir m\u00fcssen zeigen, dass wir wirklich nachhaltig sind. Un so muss der neue Green Circle-Bereich in Zukunft wachsen. In vier oder f\u00fcnf Jahren wird nachhaltige Mode einer unserer gro\u00dfen M\u00e4rkte sein.&#8220;<\/span><\/div>\n<div class=\"\"><\/div>\n<div class=\"\"><span class=\"\">Manuel Serrao erkl\u00e4rte: &#8222;Die gr\u00f6\u00dfte Wette, die wir in dieser Ausgabe gemacht haben, ist Green Circle. Es ist einer der neuen Makrotrends. Es gibt viele Unternehmen, die in diesen Bereich investieren. Hier in Portugal gibt es viele nachhaltige Produkte von vielen Firmen, zum Beispiel bieten viele Firmen recycelte Produkte an. Es ist keine neue Sache, es ist nur etwas, das bisher nicht bekannt war. Daher ist es sehr wichtig zu zeigen, dass viele Modefirmen in Portugal so arbeiten. &#8222;<\/span><\/div>\n<div class=\"\"><\/div>\n<div class=\"\"><span class=\"\">&#8222;N\u00e4chstes Jahr wollen wir diese Plattform auf einigen Messen im Ausland, zum Beispiel in Deutschland und in Italien, pr\u00e4sentieren. Wir werden auch an der Neonyt Berlin teilnehmen. Es ist f\u00fcr portugiesische Designer unabdingbar ihre eigene Marke im Ausland zu positionieren, deshalb ist es wichtig, uns gemeinsam zu pr\u00e4sentieren &#8222;- sagte Serrao.<\/span><\/div>\n<p>+ info: <a href=\"http:\/\/www.modtissimo.com\/\" target=\"_blank\" rel=\"noopener\"><strong>Modtissimo<\/strong><\/a><\/p>\n<h2><\/h2>\n                                                        <\/div>\n            <\/div>\n        <\/div>\n    <\/section>\n    ","protected":false},"excerpt":{"rendered":"","protected":false},"author":2,"featured_media":0,"comment_status":"closed","ping_status":"closed","sticky":false,"template":"","format":"standard","meta":{"_acf_changed":false,"footnotes":""},"categories":[1194],"tags":[2409,2032,2410,2018],"class_list":{"0":"post-14040","1":"post","2":"type-post","3":"status-publish","4":"format-standard","6":"category-nachhaltig-luxus-mode","7":"tag-eco-fashion-portugal-de","8":"tag-ethical-fashion-de","9":"tag-green-circle-de","10":"tag-sustainable-fashion-de"},"acf":[],"yoast_head":"<title>Portugal, Mode neu gedacht - Nachhaltige Mode - Luxiders Magazine<\/title>\n<meta name=\"description\" content=\"Alle sechs Monate reisen wir zur Porto Fashion Week, um den Puls der Zeit und Nachhaltigkeit im sch\u00f6nen Portugal zu begegnen. Wir haben ein Date mit Modtissimo, das wichtigste Textil- und Modeereignis Portugals. Diesmal waren wir \u00fcberrascht von dem nachhaltigen Engagement der Messe. Willkommen im Green Circle!\" \/>\n<meta name=\"robots\" content=\"index, follow, max-snippet:-1, max-image-preview:large, max-video-preview:-1\" \/>\n<link rel=\"canonical\" href=\"https:\/\/luxiders.com\/de\/portugal-mode-neu-gedacht\/\" \/>\n<meta property=\"og:locale\" content=\"de_DE\" \/>\n<meta property=\"og:type\" content=\"article\" \/>\n<meta property=\"og:title\" content=\"Portugal, Mode neu gedacht - Nachhaltige Mode - Luxiders Magazine\" \/>\n<meta property=\"og:description\" content=\"Alle sechs Monate reisen wir zur Porto Fashion Week, um den Puls der Zeit und Nachhaltigkeit im sch\u00f6nen Portugal zu begegnen. Wir haben ein Date mit Modtissimo, das wichtigste Textil- und Modeereignis Portugals. Diesmal waren wir \u00fcberrascht von dem nachhaltigen Engagement der Messe. Willkommen im Green Circle!\" \/>\n<meta property=\"og:url\" content=\"https:\/\/luxiders.com\/de\/portugal-mode-neu-gedacht\/\" \/>\n<meta property=\"og:site_name\" content=\"Sustainable Fashion - Eco Design - Healthy Lifestyle - Luxiders Magazine\" \/>\n<meta property=\"article:published_time\" content=\"2018-10-19T17:32:00+00:00\" \/>\n<meta property=\"article:modified_time\" content=\"2023-02-09T16:52:04+00:00\" \/>\n<meta name=\"author\" content=\"luxiders\" \/>\n<meta name=\"twitter:card\" content=\"summary_large_image\" \/>\n<meta name=\"twitter:label1\" content=\"Verfasst von\" \/>\n\t<meta name=\"twitter:data1\" content=\"luxiders\" \/>\n<script type=\"application\/ld+json\" class=\"yoast-schema-graph\">{\"@context\":\"https:\/\/schema.org\",\"@graph\":[{\"@type\":\"Article\",\"@id\":\"https:\/\/luxiders.com\/de\/portugal-mode-neu-gedacht\/#article\",\"isPartOf\":{\"@id\":\"https:\/\/luxiders.com\/de\/portugal-mode-neu-gedacht\/\"},\"author\":{\"name\":\"luxiders\",\"@id\":\"https:\/\/luxiders.com\/de\/#\/schema\/person\/8632fa702ae2ce98f66c396254633de8\"},\"headline\":\"Portugal, Mode neu gedacht\",\"datePublished\":\"2018-10-19T17:32:00+00:00\",\"dateModified\":\"2023-02-09T16:52:04+00:00\",\"mainEntityOfPage\":{\"@id\":\"https:\/\/luxiders.com\/de\/portugal-mode-neu-gedacht\/\"},\"wordCount\":4,\"publisher\":{\"@id\":\"https:\/\/luxiders.com\/de\/#organization\"},\"keywords\":[\"eco fashion portugal\",\"ethical fashion\",\"green circle\",\"sustainable fashion\"],\"articleSection\":[\"Mode\"],\"inLanguage\":\"de\"},{\"@type\":\"WebPage\",\"@id\":\"https:\/\/luxiders.com\/de\/portugal-mode-neu-gedacht\/\",\"url\":\"https:\/\/luxiders.com\/de\/portugal-mode-neu-gedacht\/\",\"name\":\"Portugal, Mode neu gedacht - Nachhaltige Mode - Luxiders Magazine\",\"isPartOf\":{\"@id\":\"https:\/\/luxiders.com\/de\/#website\"},\"datePublished\":\"2018-10-19T17:32:00+00:00\",\"dateModified\":\"2023-02-09T16:52:04+00:00\",\"description\":\"Alle sechs Monate reisen wir zur Porto Fashion Week, um den Puls der Zeit und Nachhaltigkeit im sch\u00f6nen Portugal zu begegnen. Wir haben ein Date mit Modtissimo, das wichtigste Textil- und Modeereignis Portugals. Diesmal waren wir \u00fcberrascht von dem nachhaltigen Engagement der Messe. Willkommen im Green Circle!\",\"breadcrumb\":{\"@id\":\"https:\/\/luxiders.com\/de\/portugal-mode-neu-gedacht\/#breadcrumb\"},\"inLanguage\":\"de\",\"potentialAction\":[{\"@type\":\"ReadAction\",\"target\":[\"https:\/\/luxiders.com\/de\/portugal-mode-neu-gedacht\/\"]}]},{\"@type\":\"BreadcrumbList\",\"@id\":\"https:\/\/luxiders.com\/de\/portugal-mode-neu-gedacht\/#breadcrumb\",\"itemListElement\":[{\"@type\":\"ListItem\",\"position\":1,\"name\":\"Startseite\",\"item\":\"https:\/\/luxiders.com\/de\/\"},{\"@type\":\"ListItem\",\"position\":2,\"name\":\"Mode\",\"item\":\"https:\/\/luxiders.com\/de\/Katregorie\/nachhaltig-luxus-mode\/\"},{\"@type\":\"ListItem\",\"position\":3,\"name\":\"Portugal, Mode neu gedacht\"}]},{\"@type\":\"WebSite\",\"@id\":\"https:\/\/luxiders.com\/de\/#website\",\"url\":\"https:\/\/luxiders.com\/de\/\",\"name\":\"Sustainable Fashion - Eco Design - Healthy Lifestyle - Luxiders Magazine\",\"description\":\"Luxiders is a sustainable luxury magazine highlighting the best stories about sustainable fashion, ethical fashion, eco-friendly design, green design, sustainable travel, natural beauty, organic beauty and healthy lifestyle. Know the best high-end, progressive and luxury sustainable brands and designers worldwide.\",\"publisher\":{\"@id\":\"https:\/\/luxiders.com\/de\/#organization\"},\"potentialAction\":[{\"@type\":\"SearchAction\",\"target\":{\"@type\":\"EntryPoint\",\"urlTemplate\":\"https:\/\/luxiders.com\/de\/?s={search_term_string}\"},\"query-input\":{\"@type\":\"PropertyValueSpecification\",\"valueRequired\":true,\"valueName\":\"search_term_string\"}}],\"inLanguage\":\"de\"},{\"@type\":\"Organization\",\"@id\":\"https:\/\/luxiders.com\/de\/#organization\",\"name\":\"Sustainable Fashion - Eco Design - Healthy Lifestyle - Luxiders Magazine\",\"url\":\"https:\/\/luxiders.com\/de\/\",\"logo\":{\"@type\":\"ImageObject\",\"inLanguage\":\"de\",\"@id\":\"https:\/\/luxiders.com\/de\/#\/schema\/logo\/image\/\",\"url\":\"https:\/\/luxiders.com\/content\/uploads\/lux-logo.svg\",\"contentUrl\":\"https:\/\/luxiders.com\/content\/uploads\/lux-logo.svg\",\"caption\":\"Sustainable Fashion - Eco Design - Healthy Lifestyle - Luxiders Magazine\"},\"image\":{\"@id\":\"https:\/\/luxiders.com\/de\/#\/schema\/logo\/image\/\"}},{\"@type\":\"Person\",\"@id\":\"https:\/\/luxiders.com\/de\/#\/schema\/person\/8632fa702ae2ce98f66c396254633de8\",\"name\":\"luxiders\",\"url\":\"https:\/\/luxiders.com\/de\/author\/luxiders\/\"}]}<\/script>","yoast_head_json":{"title":"Portugal, Mode neu gedacht - Nachhaltige Mode - Luxiders Magazine","description":"Alle sechs Monate reisen wir zur Porto Fashion Week, um den Puls der Zeit und Nachhaltigkeit im sch\u00f6nen Portugal zu begegnen. Wir haben ein Date mit Modtissimo, das wichtigste Textil- und Modeereignis Portugals. Diesmal waren wir \u00fcberrascht von dem nachhaltigen Engagement der Messe. Willkommen im Green Circle!","robots":{"index":"index","follow":"follow","max-snippet":"max-snippet:-1","max-image-preview":"max-image-preview:large","max-video-preview":"max-video-preview:-1"},"canonical":"https:\/\/luxiders.com\/de\/portugal-mode-neu-gedacht\/","og_locale":"de_DE","og_type":"article","og_title":"Portugal, Mode neu gedacht - Nachhaltige Mode - Luxiders Magazine","og_description":"Alle sechs Monate reisen wir zur Porto Fashion Week, um den Puls der Zeit und Nachhaltigkeit im sch\u00f6nen Portugal zu begegnen. Wir haben ein Date mit Modtissimo, das wichtigste Textil- und Modeereignis Portugals. Diesmal waren wir \u00fcberrascht von dem nachhaltigen Engagement der Messe. Willkommen im Green Circle!","og_url":"https:\/\/luxiders.com\/de\/portugal-mode-neu-gedacht\/","og_site_name":"Sustainable Fashion - Eco Design - Healthy Lifestyle - Luxiders Magazine","article_published_time":"2018-10-19T17:32:00+00:00","article_modified_time":"2023-02-09T16:52:04+00:00","author":"luxiders","twitter_card":"summary_large_image","twitter_misc":{"Verfasst von":"luxiders"},"schema":{"@context":"https:\/\/schema.org","@graph":[{"@type":"Article","@id":"https:\/\/luxiders.com\/de\/portugal-mode-neu-gedacht\/#article","isPartOf":{"@id":"https:\/\/luxiders.com\/de\/portugal-mode-neu-gedacht\/"},"author":{"name":"luxiders","@id":"https:\/\/luxiders.com\/de\/#\/schema\/person\/8632fa702ae2ce98f66c396254633de8"},"headline":"Portugal, Mode neu gedacht","datePublished":"2018-10-19T17:32:00+00:00","dateModified":"2023-02-09T16:52:04+00:00","mainEntityOfPage":{"@id":"https:\/\/luxiders.com\/de\/portugal-mode-neu-gedacht\/"},"wordCount":4,"publisher":{"@id":"https:\/\/luxiders.com\/de\/#organization"},"keywords":["eco fashion portugal","ethical fashion","green circle","sustainable fashion"],"articleSection":["Mode"],"inLanguage":"de"},{"@type":"WebPage","@id":"https:\/\/luxiders.com\/de\/portugal-mode-neu-gedacht\/","url":"https:\/\/luxiders.com\/de\/portugal-mode-neu-gedacht\/","name":"Portugal, Mode neu gedacht - Nachhaltige Mode - Luxiders Magazine","isPartOf":{"@id":"https:\/\/luxiders.com\/de\/#website"},"datePublished":"2018-10-19T17:32:00+00:00","dateModified":"2023-02-09T16:52:04+00:00","description":"Alle sechs Monate reisen wir zur Porto Fashion Week, um den Puls der Zeit und Nachhaltigkeit im sch\u00f6nen Portugal zu begegnen. Wir haben ein Date mit Modtissimo, das wichtigste Textil- und Modeereignis Portugals. Diesmal waren wir \u00fcberrascht von dem nachhaltigen Engagement der Messe. Willkommen im Green Circle!","breadcrumb":{"@id":"https:\/\/luxiders.com\/de\/portugal-mode-neu-gedacht\/#breadcrumb"},"inLanguage":"de","potentialAction":[{"@type":"ReadAction","target":["https:\/\/luxiders.com\/de\/portugal-mode-neu-gedacht\/"]}]},{"@type":"BreadcrumbList","@id":"https:\/\/luxiders.com\/de\/portugal-mode-neu-gedacht\/#breadcrumb","itemListElement":[{"@type":"ListItem","position":1,"name":"Startseite","item":"https:\/\/luxiders.com\/de\/"},{"@type":"ListItem","position":2,"name":"Mode","item":"https:\/\/luxiders.com\/de\/Katregorie\/nachhaltig-luxus-mode\/"},{"@type":"ListItem","position":3,"name":"Portugal, Mode neu gedacht"}]},{"@type":"WebSite","@id":"https:\/\/luxiders.com\/de\/#website","url":"https:\/\/luxiders.com\/de\/","name":"Sustainable Fashion - Eco Design - Healthy Lifestyle - Luxiders Magazine","description":"Luxiders is a sustainable luxury magazine highlighting the best stories about sustainable fashion, ethical fashion, eco-friendly design, green design, sustainable travel, natural beauty, organic beauty and healthy lifestyle. Know the best high-end, progressive and luxury sustainable brands and designers worldwide.","publisher":{"@id":"https:\/\/luxiders.com\/de\/#organization"},"potentialAction":[{"@type":"SearchAction","target":{"@type":"EntryPoint","urlTemplate":"https:\/\/luxiders.com\/de\/?s={search_term_string}"},"query-input":{"@type":"PropertyValueSpecification","valueRequired":true,"valueName":"search_term_string"}}],"inLanguage":"de"},{"@type":"Organization","@id":"https:\/\/luxiders.com\/de\/#organization","name":"Sustainable Fashion - Eco Design - Healthy Lifestyle - Luxiders Magazine","url":"https:\/\/luxiders.com\/de\/","logo":{"@type":"ImageObject","inLanguage":"de","@id":"https:\/\/luxiders.com\/de\/#\/schema\/logo\/image\/","url":"https:\/\/luxiders.com\/content\/uploads\/lux-logo.svg","contentUrl":"https:\/\/luxiders.com\/content\/uploads\/lux-logo.svg","caption":"Sustainable Fashion - Eco Design - Healthy Lifestyle - Luxiders Magazine"},"image":{"@id":"https:\/\/luxiders.com\/de\/#\/schema\/logo\/image\/"}},{"@type":"Person","@id":"https:\/\/luxiders.com\/de\/#\/schema\/person\/8632fa702ae2ce98f66c396254633de8","name":"luxiders","url":"https:\/\/luxiders.com\/de\/author\/luxiders\/"}]}},"_links":{"self":[{"href":"https:\/\/luxiders.com\/de\/wp-json\/wp\/v2\/posts\/14040","targetHints":{"allow":["GET"]}}],"collection":[{"href":"https:\/\/luxiders.com\/de\/wp-json\/wp\/v2\/posts"}],"about":[{"href":"https:\/\/luxiders.com\/de\/wp-json\/wp\/v2\/types\/post"}],"author":[{"embeddable":true,"href":"https:\/\/luxiders.com\/de\/wp-json\/wp\/v2\/users\/2"}],"replies":[{"embeddable":true,"href":"https:\/\/luxiders.com\/de\/wp-json\/wp\/v2\/comments?post=14040"}],"version-history":[{"count":2,"href":"https:\/\/luxiders.com\/de\/wp-json\/wp\/v2\/posts\/14040\/revisions"}],"predecessor-version":[{"id":14044,"href":"https:\/\/luxiders.com\/de\/wp-json\/wp\/v2\/posts\/14040\/revisions\/14044"}],"wp:attachment":[{"href":"https:\/\/luxiders.com\/de\/wp-json\/wp\/v2\/media?parent=14040"}],"wp:term":[{"taxonomy":"category","embeddable":true,"href":"https:\/\/luxiders.com\/de\/wp-json\/wp\/v2\/categories?post=14040"},{"taxonomy":"post_tag","embeddable":true,"href":"https:\/\/luxiders.com\/de\/wp-json\/wp\/v2\/tags?post=14040"}],"curies":[{"name":"wp","href":"https:\/\/api.w.org\/{rel}","templated":true}]}}