{"id":14330,"date":"2021-04-02T00:28:00","date_gmt":"2021-04-01T22:28:00","guid":{"rendered":"http:\/\/luxiders.com.w01cc729.kasserver.com\/karl-x-amber-valletta-sustainable-bags-collection\/"},"modified":"2023-02-13T17:08:42","modified_gmt":"2023-02-13T16:08:42","slug":"karl-x-amber-valletta-nachhaltige-taschenkollektion","status":"publish","type":"post","link":"https:\/\/luxiders.com\/de\/karl-x-amber-valletta-nachhaltige-taschenkollektion\/","title":{"rendered":"Karl x Amber Valletta | Die begehrteste nachhaltige Taschenkollektion f\u00fcr das Fr\u00fchjahr 2021"},"content":{"rendered":"    <section id=\"textblock-block_22caaa91e006180fddf8ee6241ca5175\" class=\"section position-relative gp-block gp-textblock pt-0 pb-0\">\n        <div class=\"container\">\n            <div class=\"row g-0\">\n                <div class=\"col-lg-12 content\" data-aos=\"fade-in\" data-aos-duration=\"1000\">\n                                                                                    <div class=\"intro \">\n                            <p style=\"text-align: center;\"><em>Das Modehaus KARL LAGERFELD hat mit dem Model, Schauspielerin, Aktivistin und langj\u00e4hrigen Muse Amber Valletta zusammengearbeitet, um eine umweltfreundliche Accessoire-Kollektion f\u00fcr die Fr\u00fchjahrssaison 2021 zu entwerfen.\u00a0<\/em><\/p>\n                        <\/div>\n                                                                                                <\/div>\n            <\/div>\n        <\/div>\n    <\/section>\n    \n\n    <section id=\"newsletter-block_cde80aa09beb2a25788e4a9e64dc9128\" class=\"section position-relative gp-block gp-newsletter pt-0 pb-0 my-5\">\n        <div class=\"container\">\n            <div class=\"row g-0 pt-4 pb-3\">\n                <div class=\"col-lg-12 content text-center border pt-3\" data-aos=\"fade-in\" data-aos-duration=\"1000\">\n                                            <p><em>Um den Luxiders Newsletter zu erhalten,\u00a0<a href=\"https:\/\/landing.mailerlite.com\/webforms\/landing\/g1u8s7\">melde dich hier an<\/a>.<\/em><\/p>\n                                    <\/div>\n            <\/div>\n        <\/div>\n    <\/section>\n    \n\n    <section id=\"media-block_71f94629c2a0474ae517ab65475e6be8\" class=\"section position-relative gp-block gp-media pt-0 pb-0\">\n        <div class=\"container\">\n            <div class=\"row g-0\">\n                <div class=\"col-lg-12 content\" data-aos=\"fade-in\" data-aos-duration=\"1000\">\n                                        <p>&nbsp;<\/p>\n<p><a href=\"https:\/\/www.karl.com\/gb?tp=142220&amp;utm_campaign=867159&amp;utm_medium=affiliate&amp;utm_source=awin_de&amp;awc=11192_1619537390_7701f05791d794a522fc6829419f12f6\" target=\"_blank\" rel=\"noopener noreferrer\">KARL X AMBER VALLETTA<\/a> ist die neueste Kollektion, die sich in die wachsende Reihe nachhaltiger Angebote der Marke einreiht und das kontinuierliche Engagement f\u00fcr die Verwendung bewusster Materialien bei der Herstellung einiger der ikonischsten Designs von Karl Lagerfeld demonstriert. Insbesondere die K\/Kushion Tasche ist das Herzst\u00fcck der Kollektion. &#8222;Die K\/Kushion-Tasche hat einen so vielseitiger Stil, und ich liebe es, wie sie mit innovativen Materialien und Respekt f\u00fcr die Umwelt hergestellt wird&#8220;, sagte Amber Valletta.<\/p>\n<p>&nbsp;<\/p>\n                                    <\/div>\n            <\/div>\n            <div class=\"row g-0\">\n                <div class=\"col-lg-12 img-scaled\">\n                                                                                                                                                <figure class=\"mb-4 pt-lg-2 mb-lg-2 ps-lg-2 pe-lg-2\" data-aos=\"fade-up\" data-aos-duration=\"1000\"><div class=\"img-container\"><img loading=\"lazy\" decoding=\"async\" width=\"1100\" height=\"707\" src=\"https:\/\/luxiders.com\/content\/uploads\/Karl-Amber-3-e1619510789953.jpg\" class=\"img-fluid w-100\" alt=\"\" srcset=\"https:\/\/luxiders.com\/content\/uploads\/Karl-Amber-3-e1619510789953.jpg 1100w, https:\/\/luxiders.com\/content\/uploads\/Karl-Amber-3-e1619510789953-300x193.jpg 300w, https:\/\/luxiders.com\/content\/uploads\/Karl-Amber-3-e1619510789953-768x494.jpg 768w, https:\/\/luxiders.com\/content\/uploads\/Karl-Amber-3-e1619510789953-1024x658.jpg 1024w\" sizes=\"(max-width: 1100px) 100vw, 1100px\" \/><\/div><\/figure>                                                                                                                                                            <figure class=\"mb-4 pt-lg-4 mb-lg-2 ps-lg-2 pe-lg-8\" data-aos=\"fade-up\" data-aos-duration=\"1000\"><div class=\"img-container\"><img loading=\"lazy\" decoding=\"async\" width=\"1500\" height=\"964\" src=\"https:\/\/luxiders.com\/content\/uploads\/Karl-Amber-2.jpg\" class=\"img-fluid w-100\" alt=\"\" srcset=\"https:\/\/luxiders.com\/content\/uploads\/Karl-Amber-2.jpg 1500w, https:\/\/luxiders.com\/content\/uploads\/Karl-Amber-2-300x193.jpg 300w, https:\/\/luxiders.com\/content\/uploads\/Karl-Amber-2-768x494.jpg 768w, https:\/\/luxiders.com\/content\/uploads\/Karl-Amber-2-1024x658.jpg 1024w\" sizes=\"(max-width: 1500px) 100vw, 1500px\" \/><\/div><\/figure>                                                                                                                                                            <figure class=\"mb-4 pt-lg-4 mb-lg-3 ps-lg-8 pe-lg-2\" data-aos=\"fade-up\" data-aos-duration=\"1000\"><div class=\"img-container\"><img loading=\"lazy\" decoding=\"async\" width=\"1000\" height=\"800\" src=\"https:\/\/luxiders.com\/content\/uploads\/Karl-Amber-Valetta-6-e1619511503761.jpg\" class=\"img-fluid w-100\" alt=\"\" srcset=\"https:\/\/luxiders.com\/content\/uploads\/Karl-Amber-Valetta-6-e1619511503761.jpg 1000w, https:\/\/luxiders.com\/content\/uploads\/Karl-Amber-Valetta-6-e1619511503761-300x240.jpg 300w, https:\/\/luxiders.com\/content\/uploads\/Karl-Amber-Valetta-6-e1619511503761-768x614.jpg 768w\" sizes=\"(max-width: 1000px) 100vw, 1000px\" \/><\/div><\/figure>                                                                                            <\/div>\n                                            <\/div>\n        <\/div>\n    <\/section>\n    \n\n    <section id=\"media-block_dd09cc52d23e58e1d8ab8ca837dcf92f\" class=\"section position-relative gp-block gp-media pt-0 pb-0\">\n        <div class=\"container\">\n            <div class=\"row g-0\">\n                <div class=\"col-lg-12 content\" data-aos=\"fade-in\" data-aos-duration=\"1000\">\n                                        <div><\/div>\n<div><\/div>\n<div class=\"\">\n<div class=\"\">Die <a href=\"https:\/\/www.awin1.com\/cread.php?awinmid=11192&amp;awinaffid=867159&amp;ued=https%3A%2F%2Fwww.karl.com%2Fgb\" target=\"_blank\" rel=\"noopener noreferrer\">KARL X AMBER VALLETTA<\/a>\u00a0K\/Kushion-Tragetaschen sind in zwei umweltfreundlichen Materialvarianten erh\u00e4ltlich. Die erste ist aus veganem Kaktusleder gefertigt, das nicht nur pflanzlich, sondern auch recycelbar ist. Das Material wird mit enormen Wassereinsparungen hergestellt, da keine Bew\u00e4sserung der Kaktuspflanze erforderlich ist und diese ohne Herbizide, Pestizide oder andere potenziell sch\u00e4dlichen Chemikalien angebaut wird. Das Leder ist mit organischen Pigmenten gef\u00e4rbt und wird in zwei Farbvarianten mit zwei verschiedenen Texturen angeboten: ein sattes erdiges Gr\u00fcn mit sch\u00f6nen weichen Falten und ein klassisches Schwarz in glatter Ausf\u00fchrung. Es gibt auch eine Auswahl an Kaktusleder-Kartenhaltern f\u00fcr ein geringeres Profil, dies ist aber immer noch eine zeitlos schicke und funktionelle Option.<\/div>\n<div class=\"\"><\/div>\n<div class=\"\">Die Kollektion verwendet auch recycelte Baumwolle f\u00fcr eine weitere Variante des gefalteten Taschen-Designs, diesmal mit einer gem\u00fctlichen gesteppten Textur, die auch als Waschbeutel erh\u00e4ltlich ist. Der Stoff ist zu 90 % recycelt und vom Global Recycle Standard zertifiziert, einer Organisation, die Anforderungen f\u00fcr die Akkreditierung von recycelten Inhalten durch Dritte festlegt. Abgerundet werden die Kollektionen durch eine wiederverwendbare Wasserflasche aus Edelstahl und eine Gesichtsmaske aus recycelter Baumwolle, beides Grundpfeiler eines nachhaltigen Lebensstils im Jahr 2021.<\/div>\n<\/div>\n<div><\/div>\n<div><\/div>\n                                    <\/div>\n            <\/div>\n            <div class=\"row g-0\">\n                <div class=\"col-lg-12 img-scaled\">\n                                                                                                                                                <figure class=\"mb-4 pt-lg-2 mb-lg-2 ps-lg-2 pe-lg-2\" data-aos=\"fade-up\" data-aos-duration=\"1000\"><div class=\"img-container\"><img loading=\"lazy\" decoding=\"async\" width=\"1200\" height=\"960\" src=\"https:\/\/luxiders.com\/content\/uploads\/Karl-Amber-Valetta-e1619511978584.jpg\" class=\"img-fluid w-100\" alt=\"\" srcset=\"https:\/\/luxiders.com\/content\/uploads\/Karl-Amber-Valetta-e1619511978584.jpg 1200w, https:\/\/luxiders.com\/content\/uploads\/Karl-Amber-Valetta-e1619511978584-300x240.jpg 300w, https:\/\/luxiders.com\/content\/uploads\/Karl-Amber-Valetta-e1619511978584-768x614.jpg 768w, https:\/\/luxiders.com\/content\/uploads\/Karl-Amber-Valetta-e1619511978584-1024x819.jpg 1024w\" sizes=\"(max-width: 1200px) 100vw, 1200px\" \/><\/div><\/figure>                                                                                            <\/div>\n                                            <\/div>\n        <\/div>\n    <\/section>\n    \n\n    <section id=\"media-block_8a6bb27a9c24fbf8dd1ccd18206419aa\" class=\"section position-relative gp-block gp-media pt-0 pb-0\">\n        <div class=\"container\">\n            <div class=\"row g-0\">\n                <div class=\"col-lg-12 content\" data-aos=\"fade-in\" data-aos-duration=\"1000\">\n                                                                        <h2 class=\"\"><br data-mce-bogus=\"1\">\n<\/h2>\n                                                                <p><br data-mce-bogus=\"1\"><\/p>\n                                    <\/div>\n            <\/div>\n            <div class=\"row g-0\">\n                <div class=\"col-lg-6 \">\n                                                                                                                                                <figure class=\"mb-4 pt-lg-2 mb-lg-5 ps-lg-4 pe-lg-2\" data-aos=\"fade-up\" data-aos-duration=\"1000\"><div class=\"img-container\"><img loading=\"lazy\" decoding=\"async\" width=\"1500\" height=\"964\" src=\"https:\/\/luxiders.com\/content\/uploads\/Karl-amber-valetta-1.jpg\" class=\"img-fluid w-100\" alt=\"\" srcset=\"https:\/\/luxiders.com\/content\/uploads\/Karl-amber-valetta-1.jpg 1500w, https:\/\/luxiders.com\/content\/uploads\/Karl-amber-valetta-1-300x193.jpg 300w, https:\/\/luxiders.com\/content\/uploads\/Karl-amber-valetta-1-768x494.jpg 768w, https:\/\/luxiders.com\/content\/uploads\/Karl-amber-valetta-1-1024x658.jpg 1024w\" sizes=\"(max-width: 1500px) 100vw, 1500px\" \/><\/div><\/figure>                                                                                            <\/div>\n                                    <div class=\"col-lg-6\">\n                                                                                                                                                        <figure class=\"mb-4 pt-lg-2 mb-lg-2 ps-lg-2 pe-lg-2\" data-aos=\"fade-up\" data-aos-duration=\"1000\"><div class=\"img-container\"><img loading=\"lazy\" decoding=\"async\" width=\"1200\" height=\"960\" src=\"https:\/\/luxiders.com\/content\/uploads\/Karl-Amber-Valetta-5-e1619512132554.jpg\" class=\"img-fluid w-100\" alt=\"\" srcset=\"https:\/\/luxiders.com\/content\/uploads\/Karl-Amber-Valetta-5-e1619512132554.jpg 1200w, https:\/\/luxiders.com\/content\/uploads\/Karl-Amber-Valetta-5-e1619512132554-300x240.jpg 300w, https:\/\/luxiders.com\/content\/uploads\/Karl-Amber-Valetta-5-e1619512132554-768x614.jpg 768w, https:\/\/luxiders.com\/content\/uploads\/Karl-Amber-Valetta-5-e1619512132554-1024x819.jpg 1024w\" sizes=\"(max-width: 1200px) 100vw, 1200px\" \/><\/div><\/figure>                                                                                                        <\/div>\n                                            <\/div>\n        <\/div>\n    <\/section>\n    \n\n    <section id=\"textblock-block_b46f08ca9423b2494863e689831de206\" class=\"section position-relative gp-block gp-textblock pt-0 pb-0\">\n        <div class=\"container\">\n            <div class=\"row g-0\">\n                <div class=\"col-lg-12 content\" data-aos=\"fade-in\" data-aos-duration=\"1000\">\n                                                                                <p>Pier Paolo Righi, CEO von KARL LAGERFELD, sagte, er sei &#8222;so begeistert, Amber jetzt als Nachhaltigkeitsmitarbeiterin an Bord zu holen, um an einem solchen Projekt zu arbeiten und von ihren gro\u00dfartigen Einsichten und unserer gemeinsamen Leidenschaft f\u00fcr \u00f6kologische Nachhaltigkeit profitieren zu k\u00f6nnen.&#8220;<\/p>\n                                            <div class=\"highlighted mt-5 mt-lg-6 px-lg-5\">\n                            <p style=\"text-align: right;\"><em>&#8222;Zu sehen, wie all dies zum Leben erweckt wird, ist eine gro\u00dfe Leistung und Ehre, ich bin \u00fcberzeugt, dass Karl es geliebt h\u00e4tte.\u201d<\/em><\/p>\n<p>&nbsp;<\/p>\n                        <\/div>\n                                                        <\/div>\n            <\/div>\n        <\/div>\n    <\/section>\n    \n\n    <section id=\"media-block_8d5a1c38494be336a301704eeada08a5\" class=\"section position-relative gp-block gp-media pt-0 pb-0\">\n        <div class=\"container\">\n            <div class=\"row g-0\">\n                <div class=\"col-lg-12 content\" data-aos=\"fade-in\" data-aos-duration=\"1000\">\n                                        <p>&nbsp;<\/p>\n<p>Die Kollaboration verpflichtet sich, die Gewinne aus dem Verkauf der KARL X AMBER VALLETTA K\/Kushions an eine Wohlt\u00e4tigkeitsorganisation zu spenden, die die Ziele des Fashion Pacts unterst\u00fctzt, den KARL LAGERFELD im Jahr 2019 als Teil seiner kontinuierlichen Bem\u00fchungen zur Reduzierung seiner Umweltauswirkungen unterzeichnet hat. Der Pakt fungiert als Verpflichtung von mehr als 60 globalen Modemarken, eine nachhaltigere Zukunft f\u00fcr Mode in den Bereichen Klima, Ozeane und Biodiversit\u00e4t aufzubauen.<\/p>\n<p>&nbsp;<\/p>\n                                    <\/div>\n            <\/div>\n            <div class=\"row g-0\">\n                <div class=\"col-lg-6 \">\n                                                                                                                                                <figure class=\"mb-4 pt-lg-2 mb-lg-2 ps-lg-2 pe-lg-2\" data-aos=\"fade-up\" data-aos-duration=\"1000\"><div class=\"img-container\"><img loading=\"lazy\" decoding=\"async\" width=\"1400\" height=\"1120\" src=\"https:\/\/luxiders.com\/content\/uploads\/Karl-Amber-9-e1619512348745.jpg\" class=\"img-fluid w-100\" alt=\"\" srcset=\"https:\/\/luxiders.com\/content\/uploads\/Karl-Amber-9-e1619512348745.jpg 1400w, https:\/\/luxiders.com\/content\/uploads\/Karl-Amber-9-e1619512348745-300x240.jpg 300w, https:\/\/luxiders.com\/content\/uploads\/Karl-Amber-9-e1619512348745-768x614.jpg 768w, https:\/\/luxiders.com\/content\/uploads\/Karl-Amber-9-e1619512348745-1024x819.jpg 1024w\" sizes=\"(max-width: 1400px) 100vw, 1400px\" \/><\/div><\/figure>                                                                                            <\/div>\n                                    <div class=\"col-lg-6\">\n                                                                                                                                                        <figure class=\"mb-4 pt-lg-2 mb-lg-5 ps-lg-4 pe-lg-2\" data-aos=\"fade-up\" data-aos-duration=\"1000\"><div class=\"img-container\"><img loading=\"lazy\" decoding=\"async\" width=\"1100\" height=\"880\" src=\"https:\/\/luxiders.com\/content\/uploads\/Karl-Amber-Valetta-7-e1619512456644-1.jpg\" class=\"img-fluid w-100\" alt=\"\" srcset=\"https:\/\/luxiders.com\/content\/uploads\/Karl-Amber-Valetta-7-e1619512456644-1.jpg 1100w, https:\/\/luxiders.com\/content\/uploads\/Karl-Amber-Valetta-7-e1619512456644-1-300x240.jpg 300w, https:\/\/luxiders.com\/content\/uploads\/Karl-Amber-Valetta-7-e1619512456644-1-768x614.jpg 768w, https:\/\/luxiders.com\/content\/uploads\/Karl-Amber-Valetta-7-e1619512456644-1-1024x819.jpg 1024w\" sizes=\"(max-width: 1100px) 100vw, 1100px\" \/><\/div><\/figure>                                                                                                        <\/div>\n                                            <\/div>\n        <\/div>\n    <\/section>\n    \n\n    <section id=\"textblock-block_f83b837d73030a7b823cb02e44b6f4ba\" class=\"section position-relative gp-block gp-textblock pt-0 pb-0\">\n        <div class=\"container\">\n            <div class=\"row g-0\">\n                <div class=\"col-lg-12 content\" data-aos=\"fade-in\" data-aos-duration=\"1000\">\n                                                                                <p>&nbsp;<\/p>\n<p>Shop the collection <a href=\"https:\/\/www.karl.com\/gb\/women\/sustainable\" target=\"_blank\" rel=\"noopener noreferrer\">here<\/a><\/p>\n                                                        <\/div>\n            <\/div>\n        <\/div>\n    <\/section>\n    ","protected":false},"excerpt":{"rendered":"","protected":false},"author":2,"featured_media":14305,"comment_status":"closed","ping_status":"closed","sticky":false,"template":"","format":"standard","meta":{"_acf_changed":false,"footnotes":""},"categories":[1194],"tags":[2457,2458,2018,1918],"class_list":{"0":"post-14330","1":"post","2":"type-post","3":"status-publish","4":"format-standard","5":"has-post-thumbnail","7":"category-nachhaltig-luxus-mode","8":"tag-amber-valletta-de","9":"tag-karl-lagerfeld-de","10":"tag-sustainable-fashion-de","11":"tag-sustainable-luxury-de"},"acf":[],"yoast_head":"<title>Karl x Amber Valletta bringen uns die begehrtesten nachhaltigen Taschen<\/title>\n<meta name=\"description\" content=\"Karl Lagerfeld arbeitet mit der Aktivistin Amber Valletta zusammen, um die begehrteste nachhaltige Taschenkollektion aus...\" \/>\n<meta name=\"robots\" content=\"index, follow, max-snippet:-1, max-image-preview:large, max-video-preview:-1\" \/>\n<link rel=\"canonical\" href=\"https:\/\/luxiders.com\/de\/karl-x-amber-valletta-nachhaltige-taschenkollektion\/\" \/>\n<meta property=\"og:locale\" content=\"de_DE\" \/>\n<meta property=\"og:type\" content=\"article\" \/>\n<meta property=\"og:title\" content=\"Karl x Amber Valletta bringen uns die begehrtesten nachhaltigen Taschen\" \/>\n<meta property=\"og:description\" content=\"Karl Lagerfeld arbeitet mit der Aktivistin Amber Valletta zusammen, um die begehrteste nachhaltige Taschenkollektion aus...\" \/>\n<meta property=\"og:url\" content=\"https:\/\/luxiders.com\/de\/karl-x-amber-valletta-nachhaltige-taschenkollektion\/\" \/>\n<meta property=\"og:site_name\" content=\"Sustainable Fashion - Eco Design - Healthy Lifestyle - Luxiders Magazine\" \/>\n<meta property=\"article:published_time\" content=\"2021-04-01T22:28:00+00:00\" \/>\n<meta property=\"article:modified_time\" content=\"2023-02-13T16:08:42+00:00\" \/>\n<meta property=\"og:image\" content=\"https:\/\/luxiders.com\/content\/uploads\/Karl-Amber-3-e1619510789953.jpg\" \/>\n\t<meta property=\"og:image:width\" content=\"1100\" \/>\n\t<meta property=\"og:image:height\" content=\"707\" \/>\n\t<meta property=\"og:image:type\" content=\"image\/jpeg\" \/>\n<meta name=\"author\" content=\"luxiders\" \/>\n<meta name=\"twitter:card\" content=\"summary_large_image\" \/>\n<meta name=\"twitter:label1\" content=\"Verfasst von\" \/>\n\t<meta name=\"twitter:data1\" content=\"luxiders\" \/>\n<script type=\"application\/ld+json\" class=\"yoast-schema-graph\">{\"@context\":\"https:\/\/schema.org\",\"@graph\":[{\"@type\":\"Article\",\"@id\":\"https:\/\/luxiders.com\/de\/karl-x-amber-valletta-nachhaltige-taschenkollektion\/#article\",\"isPartOf\":{\"@id\":\"https:\/\/luxiders.com\/de\/karl-x-amber-valletta-nachhaltige-taschenkollektion\/\"},\"author\":{\"name\":\"luxiders\",\"@id\":\"https:\/\/luxiders.com\/de\/#\/schema\/person\/8632fa702ae2ce98f66c396254633de8\"},\"headline\":\"Karl x Amber Valletta | Die begehrteste nachhaltige Taschenkollektion f\u00fcr das Fr\u00fchjahr 2021\",\"datePublished\":\"2021-04-01T22:28:00+00:00\",\"dateModified\":\"2023-02-13T16:08:42+00:00\",\"mainEntityOfPage\":{\"@id\":\"https:\/\/luxiders.com\/de\/karl-x-amber-valletta-nachhaltige-taschenkollektion\/\"},\"wordCount\":13,\"publisher\":{\"@id\":\"https:\/\/luxiders.com\/de\/#organization\"},\"image\":{\"@id\":\"https:\/\/luxiders.com\/de\/karl-x-amber-valletta-nachhaltige-taschenkollektion\/#primaryimage\"},\"thumbnailUrl\":\"https:\/\/luxiders.com\/content\/uploads\/Karl-Amber-3-e1619510789953.jpg\",\"keywords\":[\"Amber Valletta\",\"Karl Lagerfeld\",\"sustainable fashion\",\"Sustainable luxury\"],\"articleSection\":[\"Mode\"],\"inLanguage\":\"de\"},{\"@type\":\"WebPage\",\"@id\":\"https:\/\/luxiders.com\/de\/karl-x-amber-valletta-nachhaltige-taschenkollektion\/\",\"url\":\"https:\/\/luxiders.com\/de\/karl-x-amber-valletta-nachhaltige-taschenkollektion\/\",\"name\":\"Karl x Amber Valletta bringen uns die begehrtesten nachhaltigen Taschen\",\"isPartOf\":{\"@id\":\"https:\/\/luxiders.com\/de\/#website\"},\"primaryImageOfPage\":{\"@id\":\"https:\/\/luxiders.com\/de\/karl-x-amber-valletta-nachhaltige-taschenkollektion\/#primaryimage\"},\"image\":{\"@id\":\"https:\/\/luxiders.com\/de\/karl-x-amber-valletta-nachhaltige-taschenkollektion\/#primaryimage\"},\"thumbnailUrl\":\"https:\/\/luxiders.com\/content\/uploads\/Karl-Amber-3-e1619510789953.jpg\",\"datePublished\":\"2021-04-01T22:28:00+00:00\",\"dateModified\":\"2023-02-13T16:08:42+00:00\",\"description\":\"Karl Lagerfeld arbeitet mit der Aktivistin Amber Valletta zusammen, um die begehrteste nachhaltige Taschenkollektion aus...\",\"breadcrumb\":{\"@id\":\"https:\/\/luxiders.com\/de\/karl-x-amber-valletta-nachhaltige-taschenkollektion\/#breadcrumb\"},\"inLanguage\":\"de\",\"potentialAction\":[{\"@type\":\"ReadAction\",\"target\":[\"https:\/\/luxiders.com\/de\/karl-x-amber-valletta-nachhaltige-taschenkollektion\/\"]}]},{\"@type\":\"ImageObject\",\"inLanguage\":\"de\",\"@id\":\"https:\/\/luxiders.com\/de\/karl-x-amber-valletta-nachhaltige-taschenkollektion\/#primaryimage\",\"url\":\"https:\/\/luxiders.com\/content\/uploads\/Karl-Amber-3-e1619510789953.jpg\",\"contentUrl\":\"https:\/\/luxiders.com\/content\/uploads\/Karl-Amber-3-e1619510789953.jpg\",\"width\":1100,\"height\":707},{\"@type\":\"BreadcrumbList\",\"@id\":\"https:\/\/luxiders.com\/de\/karl-x-amber-valletta-nachhaltige-taschenkollektion\/#breadcrumb\",\"itemListElement\":[{\"@type\":\"ListItem\",\"position\":1,\"name\":\"Startseite\",\"item\":\"https:\/\/luxiders.com\/de\/\"},{\"@type\":\"ListItem\",\"position\":2,\"name\":\"Mode\",\"item\":\"https:\/\/luxiders.com\/de\/Katregorie\/nachhaltig-luxus-mode\/\"},{\"@type\":\"ListItem\",\"position\":3,\"name\":\"Karl x Amber Valletta | Die begehrteste nachhaltige Taschenkollektion f\u00fcr das Fr\u00fchjahr 2021\"}]},{\"@type\":\"WebSite\",\"@id\":\"https:\/\/luxiders.com\/de\/#website\",\"url\":\"https:\/\/luxiders.com\/de\/\",\"name\":\"Sustainable Fashion - Eco Design - Healthy Lifestyle - Luxiders Magazine\",\"description\":\"Luxiders is a sustainable luxury magazine highlighting the best stories about sustainable fashion, ethical fashion, eco-friendly design, green design, sustainable travel, natural beauty, organic beauty and healthy lifestyle. Know the best high-end, progressive and luxury sustainable brands and designers worldwide.\",\"publisher\":{\"@id\":\"https:\/\/luxiders.com\/de\/#organization\"},\"potentialAction\":[{\"@type\":\"SearchAction\",\"target\":{\"@type\":\"EntryPoint\",\"urlTemplate\":\"https:\/\/luxiders.com\/de\/?s={search_term_string}\"},\"query-input\":{\"@type\":\"PropertyValueSpecification\",\"valueRequired\":true,\"valueName\":\"search_term_string\"}}],\"inLanguage\":\"de\"},{\"@type\":\"Organization\",\"@id\":\"https:\/\/luxiders.com\/de\/#organization\",\"name\":\"Sustainable Fashion - Eco Design - Healthy Lifestyle - Luxiders Magazine\",\"url\":\"https:\/\/luxiders.com\/de\/\",\"logo\":{\"@type\":\"ImageObject\",\"inLanguage\":\"de\",\"@id\":\"https:\/\/luxiders.com\/de\/#\/schema\/logo\/image\/\",\"url\":\"https:\/\/luxiders.com\/content\/uploads\/lux-logo.svg\",\"contentUrl\":\"https:\/\/luxiders.com\/content\/uploads\/lux-logo.svg\",\"caption\":\"Sustainable Fashion - Eco Design - Healthy Lifestyle - Luxiders Magazine\"},\"image\":{\"@id\":\"https:\/\/luxiders.com\/de\/#\/schema\/logo\/image\/\"}},{\"@type\":\"Person\",\"@id\":\"https:\/\/luxiders.com\/de\/#\/schema\/person\/8632fa702ae2ce98f66c396254633de8\",\"name\":\"luxiders\",\"url\":\"https:\/\/luxiders.com\/de\/author\/luxiders\/\"}]}<\/script>","yoast_head_json":{"title":"Karl x Amber Valletta bringen uns die begehrtesten nachhaltigen Taschen","description":"Karl Lagerfeld arbeitet mit der Aktivistin Amber Valletta zusammen, um die begehrteste nachhaltige Taschenkollektion aus...","robots":{"index":"index","follow":"follow","max-snippet":"max-snippet:-1","max-image-preview":"max-image-preview:large","max-video-preview":"max-video-preview:-1"},"canonical":"https:\/\/luxiders.com\/de\/karl-x-amber-valletta-nachhaltige-taschenkollektion\/","og_locale":"de_DE","og_type":"article","og_title":"Karl x Amber Valletta bringen uns die begehrtesten nachhaltigen Taschen","og_description":"Karl Lagerfeld arbeitet mit der Aktivistin Amber Valletta zusammen, um die begehrteste nachhaltige Taschenkollektion aus...","og_url":"https:\/\/luxiders.com\/de\/karl-x-amber-valletta-nachhaltige-taschenkollektion\/","og_site_name":"Sustainable Fashion - Eco Design - Healthy Lifestyle - Luxiders Magazine","article_published_time":"2021-04-01T22:28:00+00:00","article_modified_time":"2023-02-13T16:08:42+00:00","og_image":[{"width":1100,"height":707,"url":"https:\/\/luxiders.com\/content\/uploads\/Karl-Amber-3-e1619510789953.jpg","type":"image\/jpeg"}],"author":"luxiders","twitter_card":"summary_large_image","twitter_misc":{"Verfasst von":"luxiders"},"schema":{"@context":"https:\/\/schema.org","@graph":[{"@type":"Article","@id":"https:\/\/luxiders.com\/de\/karl-x-amber-valletta-nachhaltige-taschenkollektion\/#article","isPartOf":{"@id":"https:\/\/luxiders.com\/de\/karl-x-amber-valletta-nachhaltige-taschenkollektion\/"},"author":{"name":"luxiders","@id":"https:\/\/luxiders.com\/de\/#\/schema\/person\/8632fa702ae2ce98f66c396254633de8"},"headline":"Karl x Amber Valletta | Die begehrteste nachhaltige Taschenkollektion f\u00fcr das Fr\u00fchjahr 2021","datePublished":"2021-04-01T22:28:00+00:00","dateModified":"2023-02-13T16:08:42+00:00","mainEntityOfPage":{"@id":"https:\/\/luxiders.com\/de\/karl-x-amber-valletta-nachhaltige-taschenkollektion\/"},"wordCount":13,"publisher":{"@id":"https:\/\/luxiders.com\/de\/#organization"},"image":{"@id":"https:\/\/luxiders.com\/de\/karl-x-amber-valletta-nachhaltige-taschenkollektion\/#primaryimage"},"thumbnailUrl":"https:\/\/luxiders.com\/content\/uploads\/Karl-Amber-3-e1619510789953.jpg","keywords":["Amber Valletta","Karl Lagerfeld","sustainable fashion","Sustainable luxury"],"articleSection":["Mode"],"inLanguage":"de"},{"@type":"WebPage","@id":"https:\/\/luxiders.com\/de\/karl-x-amber-valletta-nachhaltige-taschenkollektion\/","url":"https:\/\/luxiders.com\/de\/karl-x-amber-valletta-nachhaltige-taschenkollektion\/","name":"Karl x Amber Valletta bringen uns die begehrtesten nachhaltigen Taschen","isPartOf":{"@id":"https:\/\/luxiders.com\/de\/#website"},"primaryImageOfPage":{"@id":"https:\/\/luxiders.com\/de\/karl-x-amber-valletta-nachhaltige-taschenkollektion\/#primaryimage"},"image":{"@id":"https:\/\/luxiders.com\/de\/karl-x-amber-valletta-nachhaltige-taschenkollektion\/#primaryimage"},"thumbnailUrl":"https:\/\/luxiders.com\/content\/uploads\/Karl-Amber-3-e1619510789953.jpg","datePublished":"2021-04-01T22:28:00+00:00","dateModified":"2023-02-13T16:08:42+00:00","description":"Karl Lagerfeld arbeitet mit der Aktivistin Amber Valletta zusammen, um die begehrteste nachhaltige Taschenkollektion aus...","breadcrumb":{"@id":"https:\/\/luxiders.com\/de\/karl-x-amber-valletta-nachhaltige-taschenkollektion\/#breadcrumb"},"inLanguage":"de","potentialAction":[{"@type":"ReadAction","target":["https:\/\/luxiders.com\/de\/karl-x-amber-valletta-nachhaltige-taschenkollektion\/"]}]},{"@type":"ImageObject","inLanguage":"de","@id":"https:\/\/luxiders.com\/de\/karl-x-amber-valletta-nachhaltige-taschenkollektion\/#primaryimage","url":"https:\/\/luxiders.com\/content\/uploads\/Karl-Amber-3-e1619510789953.jpg","contentUrl":"https:\/\/luxiders.com\/content\/uploads\/Karl-Amber-3-e1619510789953.jpg","width":1100,"height":707},{"@type":"BreadcrumbList","@id":"https:\/\/luxiders.com\/de\/karl-x-amber-valletta-nachhaltige-taschenkollektion\/#breadcrumb","itemListElement":[{"@type":"ListItem","position":1,"name":"Startseite","item":"https:\/\/luxiders.com\/de\/"},{"@type":"ListItem","position":2,"name":"Mode","item":"https:\/\/luxiders.com\/de\/Katregorie\/nachhaltig-luxus-mode\/"},{"@type":"ListItem","position":3,"name":"Karl x Amber Valletta | Die begehrteste nachhaltige Taschenkollektion f\u00fcr das Fr\u00fchjahr 2021"}]},{"@type":"WebSite","@id":"https:\/\/luxiders.com\/de\/#website","url":"https:\/\/luxiders.com\/de\/","name":"Sustainable Fashion - Eco Design - Healthy Lifestyle - Luxiders Magazine","description":"Luxiders is a sustainable luxury magazine highlighting the best stories about sustainable fashion, ethical fashion, eco-friendly design, green design, sustainable travel, natural beauty, organic beauty and healthy lifestyle. Know the best high-end, progressive and luxury sustainable brands and designers worldwide.","publisher":{"@id":"https:\/\/luxiders.com\/de\/#organization"},"potentialAction":[{"@type":"SearchAction","target":{"@type":"EntryPoint","urlTemplate":"https:\/\/luxiders.com\/de\/?s={search_term_string}"},"query-input":{"@type":"PropertyValueSpecification","valueRequired":true,"valueName":"search_term_string"}}],"inLanguage":"de"},{"@type":"Organization","@id":"https:\/\/luxiders.com\/de\/#organization","name":"Sustainable Fashion - Eco Design - Healthy Lifestyle - Luxiders Magazine","url":"https:\/\/luxiders.com\/de\/","logo":{"@type":"ImageObject","inLanguage":"de","@id":"https:\/\/luxiders.com\/de\/#\/schema\/logo\/image\/","url":"https:\/\/luxiders.com\/content\/uploads\/lux-logo.svg","contentUrl":"https:\/\/luxiders.com\/content\/uploads\/lux-logo.svg","caption":"Sustainable Fashion - Eco Design - Healthy Lifestyle - Luxiders Magazine"},"image":{"@id":"https:\/\/luxiders.com\/de\/#\/schema\/logo\/image\/"}},{"@type":"Person","@id":"https:\/\/luxiders.com\/de\/#\/schema\/person\/8632fa702ae2ce98f66c396254633de8","name":"luxiders","url":"https:\/\/luxiders.com\/de\/author\/luxiders\/"}]}},"_links":{"self":[{"href":"https:\/\/luxiders.com\/de\/wp-json\/wp\/v2\/posts\/14330","targetHints":{"allow":["GET"]}}],"collection":[{"href":"https:\/\/luxiders.com\/de\/wp-json\/wp\/v2\/posts"}],"about":[{"href":"https:\/\/luxiders.com\/de\/wp-json\/wp\/v2\/types\/post"}],"author":[{"embeddable":true,"href":"https:\/\/luxiders.com\/de\/wp-json\/wp\/v2\/users\/2"}],"replies":[{"embeddable":true,"href":"https:\/\/luxiders.com\/de\/wp-json\/wp\/v2\/comments?post=14330"}],"version-history":[{"count":2,"href":"https:\/\/luxiders.com\/de\/wp-json\/wp\/v2\/posts\/14330\/revisions"}],"predecessor-version":[{"id":14353,"href":"https:\/\/luxiders.com\/de\/wp-json\/wp\/v2\/posts\/14330\/revisions\/14353"}],"wp:featuredmedia":[{"embeddable":true,"href":"https:\/\/luxiders.com\/de\/wp-json\/wp\/v2\/media\/14305"}],"wp:attachment":[{"href":"https:\/\/luxiders.com\/de\/wp-json\/wp\/v2\/media?parent=14330"}],"wp:term":[{"taxonomy":"category","embeddable":true,"href":"https:\/\/luxiders.com\/de\/wp-json\/wp\/v2\/categories?post=14330"},{"taxonomy":"post_tag","embeddable":true,"href":"https:\/\/luxiders.com\/de\/wp-json\/wp\/v2\/tags?post=14330"}],"curies":[{"name":"wp","href":"https:\/\/api.w.org\/{rel}","templated":true}]}}