{"id":14665,"date":"2020-03-03T13:30:00","date_gmt":"2020-03-03T12:30:00","guid":{"rendered":"http:\/\/luxiders.com.w01cc729.kasserver.com\/?p=14665"},"modified":"2023-02-15T13:53:14","modified_gmt":"2023-02-15T12:53:14","slug":"italien-nachhaltiges","status":"publish","type":"post","link":"https:\/\/luxiders.com\/de\/italien-nachhaltiges\/","title":{"rendered":"Ist Italien ein nachhaltiges Land?"},"content":{"rendered":"    <section id=\"textblock-block_96ffd005703bf0f2524fd75f3eea914f\" class=\"section position-relative gp-block gp-textblock text-center pt-0 pb-5\">\n        <div class=\"container\">\n            <div class=\"row g-0\">\n                <div class=\"col-lg-12 content\" data-aos=\"fade-in\" data-aos-duration=\"1000\">\n                                                                                    <div class=\"intro px-lg-8\">\n                            <p class=\"\">Der Klimawandel ist real und f\u00fcr Italien sind die Folgen nicht unbekannt. Im Jahr 2019 erlebte die Halbinsel zunehmend St\u00fcrme, D\u00fcrren und starke Hitzewellen. Dennoch belegte Italien im diesj\u00e4hrigen Climate Change Performance Index nur den 26. Platz. In Italien wie in vielen anderen L\u00e4ndern wird die Haltung gegen\u00fcber Klimaschutzma\u00dfnahmen durch zwei widerspr\u00fcchliche Trends definiert. Einerseits ist klar, dass viele Italiener, zunehmend gegen den Klimawandel investieren. Ihre Forderungen sind wissenschaftlich belegt und sie machen sich Geh\u00f6r. Auf der anderen Seite sind zwar politische Fortschritte sichtbar, aber ehrgeizigere und schnellere Ma\u00dfnahmen erforderlich.<\/p>\n                        <\/div>\n                                                                                                <\/div>\n            <\/div>\n        <\/div>\n    <\/section>\n    \n\n    <section id=\"newsletter-block_8d7180491342e1bc618dfc1e8522946f\" class=\"section position-relative gp-block gp-newsletter pt-0 pb-0 my-5\">\n        <div class=\"container\">\n            <div class=\"row g-0 pt-4 pb-3\">\n                <div class=\"col-lg-12 content text-center border pt-3\" data-aos=\"fade-in\" data-aos-duration=\"1000\">\n                                            <p><em>Um den Luxiders Newsletter zu erhalten,\u00a0<a href=\"https:\/\/landing.mailerlite.com\/webforms\/landing\/g1u8s7\">melde dich hier an<\/a>.<\/em><\/p>\n                                    <\/div>\n            <\/div>\n        <\/div>\n    <\/section>\n    \n\n    <section id=\"textblock-block_71e295cdfdbffa59b4bf720c0b1d0eef\" class=\"section position-relative gp-block gp-textblock pt-0 pb-0\">\n        <div class=\"container\">\n            <div class=\"row g-0\">\n                <div class=\"col-lg-12 content\" data-aos=\"fade-in\" data-aos-duration=\"1000\">\n                                                                                <p class=\"\">Im Jahr 2019 erlebte die Halbinsel zunehmend St\u00fcrme, D\u00fcrren und starke Hitzewellen. Im November letzten Jahres wurde Venedig von einer extrem intensiven \u00dcberschwemmung heimgesucht, und Bilder des vom Hochwasser \u00fcberfluteten Markusplatzes sind um die Welt gegangen. Laut Legambiente gab es im vergangenen Jahr aufgrund des Klimawandels in Italien 157 extreme Wetterereignisse, bei denen 42 Menschen starben. Im Jahr 2018 war Italien das 21. am st\u00e4rksten von extremen Wetterereignissen betroffene Land, wie der Climate Risk Index 2020, eine j\u00e4hrliche Studie der deutschen NGO Germanwatch, berichtet.<\/p>\n<p class=\"\">Dennoch belegte Italien im diesj\u00e4hrigen Climate Change Performance Index nur den 26. Platz. In Italien wie in vielen anderen L\u00e4ndern wird die Haltung gegen\u00fcber Klimaschutzma\u00dfnahmen durch zwei widerspr\u00fcchliche Trends definiert. Einerseits ist klar, dass viele Italiener, zunehmend gegen den Klimawandel investieren. Ihre Forderungen sind wissenschaftlich belegt und sie machen sich Geh\u00f6r. Auf der anderen Seite sind zwar politische Fortschritte sichtbar, aber ehrgeizigere und schnellere Ma\u00dfnahmen erforderlich.<\/p>\n                                                        <\/div>\n            <\/div>\n        <\/div>\n    <\/section>\n    \n\n    <section id=\"media-block_4d4e284c0eff5a5abc7053d1a48ef05f\" class=\"section position-relative gp-block gp-media pt-0 pb-0\">\n        <div class=\"container\">\n            <div class=\"row g-0\">\n                <div class=\"col-lg-12 content\" data-aos=\"fade-in\" data-aos-duration=\"1000\">\n                                                                            <\/div>\n            <\/div>\n            <div class=\"row g-0\">\n                <div class=\"col-lg-12 img-scaled\">\n                                                                                                                                                <figure class=\"mb-4 pt-lg-4 mb-lg-5 ps-lg-0 pe-lg-0\" data-aos=\"fade-up\" data-aos-duration=\"1000\"><div class=\"img-container\"><img loading=\"lazy\" decoding=\"async\" width=\"1330\" height=\"1995\" src=\"https:\/\/luxiders.com\/content\/uploads\/Italy2.jpg\" class=\"img-fluid w-100\" alt=\"\" srcset=\"https:\/\/luxiders.com\/content\/uploads\/Italy2.jpg 1330w, https:\/\/luxiders.com\/content\/uploads\/Italy2-200x300.jpg 200w, https:\/\/luxiders.com\/content\/uploads\/Italy2-683x1024.jpg 683w, https:\/\/luxiders.com\/content\/uploads\/Italy2-768x1152.jpg 768w, https:\/\/luxiders.com\/content\/uploads\/Italy2-1024x1536.jpg 1024w\" sizes=\"(max-width: 1330px) 100vw, 1330px\" \/><\/div><\/figure>                                                                                            <\/div>\n                                            <\/div>\n        <\/div>\n    <\/section>\n    \n\n    <section id=\"textblock-block_afd9685e33bbbcf0e146aacf4f443d6c\" class=\"section position-relative gp-block gp-textblock pt-0 pb-0\">\n        <div class=\"container\">\n            <div class=\"row g-0\">\n                <div class=\"col-lg-12 content\" data-aos=\"fade-in\" data-aos-duration=\"1000\">\n                                                                        <h2 class=\"\">Der Ozean\n<\/h2>\n                                                                                                        <p class=\"\">Der Ozean produziert den gr\u00f6\u00dften Teil des Sauerstoffs, den wir durch die darin lebenden Pflanzen (Phytoplankton, Seetang und Algenplankton) einatmen. Daher ist der Schutz des Ozeans von entscheidender Bedeutung, und Italien hat einige Schritte unternommen, um dies genau dies zu tun. Seegurken, das sind Stachelh\u00e4uter mit der F\u00e4higkeit, das Wasser mit Sauerstoff zu versorgen und den Meeresboden von Schlacke zu reinigen, k\u00f6nnen in italienischen Gew\u00e4ssern nicht mehr gefischt werden. Seit Januar 2019 k\u00f6nnen in Italien nicht biologisch abbaubare oder nicht kompostierbare Wattest\u00e4bchen nicht mehr hergestellt oder verkauft werden, und seit Januar 2020 gilt das Gleiche f\u00fcr absp\u00fclbare Kosmetika wie Peeling-Gele, Seifen und Zahnpasten, die Mikroplastik enthalten. Leider sind zumindest vorerst noch andere Arten von Kosmetikprodukten in den L\u00e4den erh\u00e4ltlich. Die viel diskutierte Plastiksteuer wurde wird im Juli 2020 in Kraft treten. Am 15. Januar 2020 verh\u00e4ngte die italienische Wettbewerbsbeh\u00f6rde gegen Eni, ein multinationales \u00d6l- und Gasunternehmen, das sich teilweise im Besitz der italienischen Regierung befindet, eine Geldstrafe von 5 Millionen Euro wegen irref\u00fchrender Werbung f\u00fcr die &#8222;ENI Diesel +&#8220; &#8211; Anzeigen.<\/p>\n<p class=\"\">Diese Entscheidung ist mehr als wichtig und richtungsweisend, da zum ersten Mal in Italien ein Unternehmen aufgrund eines Greenwashing Tatbestandes mit einer Geldstrafe belegt wurde. <\/p>\n                                            <div class=\"highlighted mt-5 mt-lg-6 px-lg-5\">\n                            <p>Seit Januar 2019 k\u00f6nnen in Italien nicht biologisch abbaubare oder nicht kompostierbare Wattest\u00e4bchen nicht mehr hergestellt oder verkauft werden, und seit Januar 2020 gilt das Gleiche f\u00fcr absp\u00fclbare Kosmetika wie Peeling-Gele, Seifen und Zahnpasten, die Mikroplastik enthalten.<\/p>\n<p>&nbsp;<\/p>\n                        <\/div>\n                                                        <\/div>\n            <\/div>\n        <\/div>\n    <\/section>\n    \n\n    <section id=\"media-block_7ae319931d0aec0e96d6f171aba8f486\" class=\"section position-relative gp-block gp-media pt-0 pb-0\">\n        <div class=\"container\">\n            <div class=\"row g-0\">\n                <div class=\"col-lg-12 content\" data-aos=\"fade-in\" data-aos-duration=\"1000\">\n                                                                            <\/div>\n            <\/div>\n            <div class=\"row g-0\">\n                <div class=\"col-lg-12 img-scaled\">\n                                                                                                                                                <figure class=\"mb-4 pt-lg-4 mb-lg-5 ps-lg-0 pe-lg-0\" data-aos=\"fade-up\" data-aos-duration=\"1000\"><div class=\"img-container\"><img loading=\"lazy\" decoding=\"async\" width=\"1330\" height=\"2022\" src=\"https:\/\/luxiders.com\/content\/uploads\/Italy_1.jpg\" class=\"img-fluid w-100\" alt=\"\" srcset=\"https:\/\/luxiders.com\/content\/uploads\/Italy_1.jpg 1330w, https:\/\/luxiders.com\/content\/uploads\/Italy_1-197x300.jpg 197w, https:\/\/luxiders.com\/content\/uploads\/Italy_1-674x1024.jpg 674w, https:\/\/luxiders.com\/content\/uploads\/Italy_1-768x1168.jpg 768w, https:\/\/luxiders.com\/content\/uploads\/Italy_1-1010x1536.jpg 1010w\" sizes=\"(max-width: 1330px) 100vw, 1330px\" \/><\/div><\/figure>                                                                                            <\/div>\n                                            <\/div>\n        <\/div>\n    <\/section>\n    \n\n    <section id=\"textblock-block_6f14e8cfacc609701b2f9de7ac13e867\" class=\"section position-relative gp-block gp-textblock pt-0 pb-0\">\n        <div class=\"container\">\n            <div class=\"row g-0\">\n                <div class=\"col-lg-12 content\" data-aos=\"fade-in\" data-aos-duration=\"1000\">\n                                                                        <h2 class=\"\">Smog-Notfall\n<\/h2>\n                                                                                                        <p class=\"\">Aber es gilt noch mehr zu tun. In Italien gibt es einen gro\u00dfen und leider chronischen Smog-Notfall: In den ersten drei Wochen des Jahres 2020 haben Frosinone und Mailand die PM10-Grenzwerte 19 Tage lang \u00fcberschritten, w\u00e4hrend Padua, Turin und Treviso sie 18 Tage lang \u00fcberschritten hatten. Italien ist das erste Land in Europa mit vorzeitigen Todesf\u00e4llen durch Stickstoffdioxid (NO2) mit etwa 14.600 Opfern pro Jahr und geh\u00f6rt zu denjenigen, die die gesetzlichen Grenzwerte f\u00fcr die wichtigsten Luftschadstoffe systematisch \u00fcberschreiten. Die Poebene ist von diesem Problem besonders betroffen, und so stellte das Umweltministerium am 27. Dezember 2019 180 Millionen Euro f\u00fcr Anti-Smog-Ma\u00dfnahmen in der Region bereit.<\/p>\n<p class=\"\">Der Stra\u00dfenverkehr ist neben umweltsch\u00e4dlichen Industrien, Tierhaltung, Holz\u00f6fen und Kaminen definitiv eine der Ursachen f\u00fcr dieses Problem. Aber anders als man denkt, fahren Italiener gerne mit \u00f6ffentlichen Verkehrsmitteln, wenn sie dazu auch Zugang haben: Tats\u00e4chlich nehmen in Italien immer mehr Menschen den Zug. Laut einer von Legambiente durchgef\u00fchrten Studie reisten 2014 t\u00e4glich 5,1 Millionen Menschen mit dem Zug, 2019 waren es 5,9 Millionen. Dank der Investitionen einiger Regionen wurden auch rund 450 neue Z\u00fcge in Betrieb genommen. Durch die in der siebzehnten Wahlperiode beschlossenen Investitionen konnten im Vierjahreszeitraum 2017-2020 insgesamt 210 neue Z\u00fcge in Umlauf gebracht werden. Bei den Intercities werden 300 Millionen Euro in die Modernisierung und den Umbau der gesamten Flotte investiert.<\/p>\n<p class=\"\">Anders als im Norden, ist die Situation im S\u00fcden der Halbinsel noch nicht auf dem gleichen Stand. Hier bevorzugen Einheimische und Touristen gleicherma\u00dfen noch private Transportmittel gegen\u00fcber \u00f6ffentlichen. Ein Grund daf\u00fcr sind alte und langsamen Z\u00fcge. Doch es hat sich gezrigt, dass auch eine Synergie zwischen Verb\u00e4nden, Institutionen und B\u00fcrgern funktionieren kann und so wurde ein Projekt ins Leben gerufen, das durchaus Vorzeigecharakter hat. Nachdem ein Brand 600 Hektar des Pantelleria-Waldes zerst\u00f6rt hatte, startete das \u201eComitato Parchi per Kyoto\u201c 2016 eine Kampagne mit dem Titel \u201e10.000 Alberi pro Pantelleria. Per non dimenticare l&#8217;incendio\u201c zusammen mit der Gemeinde Pantelleria, Legambiente, Federparchi &#8211; Europarc Italia , Kyoto Club, Marevivo und dem Institut f\u00fcr Land- und Forstwissenschaften der Universit\u00e4t von Palermo. Eine mit \u00fcber 200 Spendern die erfolgreichste Crowdfunding-Kampagne in Italien. Das SAF-Institut der Universit\u00e4t von Palermo w\u00e4hlte einheimische, seltene und bedrohte Arten f\u00fcr dieses Projekt aus, um die lokale Artenvielfalt zu sch\u00fctzen. Umgesetzt wurde das Projekt von den B\u00fcrgern selbst. Ihre Aktionen f\u00f6rdern ein neues Gef\u00fchl der aktiven B\u00fcrgerbeteiligung und hauchen den verfallenden Gebieten der Stadt ein neues Lebensgef\u00fchl ein. Obwohl einige Fortschritte erzielt wurden, hat man trotzdem noch das Gef\u00fchl, dass italienische Institutionen nicht schnell genug und nicht mutig genug handeln. In den n\u00e4chsten Jahren wird der Staat weiter in Erdgas investieren. Methan, der Hauptbestandteil des LNG, ist ein starkes Treibhausgas. Wie bereits ein Sprichwort sagt, &#8222;\u00f6ffnen alte Wege keine neuen T\u00fcren&#8220;, insbesondere wenn es um die Bek\u00e4mpfung des Klimawandels geht.<\/p>\n<p>&nbsp;<\/p>\n<p class=\"\">+ Words: Roberta Fabbrocino<\/p>\n<p>&nbsp;<br \/>\n&nbsp;<\/p>\n                                                        <\/div>\n            <\/div>\n        <\/div>\n    <\/section>\n    ","protected":false},"excerpt":{"rendered":"","protected":false},"author":2,"featured_media":14674,"comment_status":"closed","ping_status":"closed","sticky":false,"template":"","format":"standard","meta":{"_acf_changed":false,"footnotes":""},"categories":[1219],"tags":[2523,2524,2521,2522,2525],"class_list":{"0":"post-14665","1":"post","2":"type-post","3":"status-publish","4":"format-standard","5":"has-post-thumbnail","7":"category-nachhaltiger-luxus-reisen","8":"tag-ist-italien-ein-nachhaltiges-land","9":"tag-italien-nachhaltiges","10":"tag-italy-2","11":"tag-new-laws-for-sustainability-2","12":"tag-sustainable-living-in-italy"},"acf":[],"yoast_head":"<title>Ist Italien ein nachhaltiges Land? | Sustainable Living | Luxiders Magazine<\/title>\n<meta name=\"description\" content=\"Der Klimawandel ist real und f\u00fcr Italien sind die Folgen nicht unbekannt. Im Jahr 2019 erlebte die Halbinsel zunehmend St\u00fcrme, D\u00fcrren und starke Hitzewellen. Aber, ist Italien ein nachhaltiges Land?\" \/>\n<meta name=\"robots\" content=\"index, follow, max-snippet:-1, max-image-preview:large, max-video-preview:-1\" \/>\n<link rel=\"canonical\" href=\"https:\/\/luxiders.com\/de\/italien-nachhaltiges\/\" \/>\n<meta property=\"og:locale\" content=\"de_DE\" \/>\n<meta property=\"og:type\" content=\"article\" \/>\n<meta property=\"og:title\" content=\"Ist Italien ein nachhaltiges Land? | Sustainable Living | Luxiders Magazine\" \/>\n<meta property=\"og:description\" content=\"Der Klimawandel ist real und f\u00fcr Italien sind die Folgen nicht unbekannt. Im Jahr 2019 erlebte die Halbinsel zunehmend St\u00fcrme, D\u00fcrren und starke Hitzewellen. Aber, ist Italien ein nachhaltiges Land?\" \/>\n<meta property=\"og:url\" content=\"https:\/\/luxiders.com\/de\/italien-nachhaltiges\/\" \/>\n<meta property=\"og:site_name\" content=\"Sustainable Fashion - Eco Design - Healthy Lifestyle - Luxiders Magazine\" \/>\n<meta property=\"article:published_time\" content=\"2020-03-03T12:30:00+00:00\" \/>\n<meta property=\"article:modified_time\" content=\"2023-02-15T12:53:14+00:00\" \/>\n<meta property=\"og:image\" content=\"https:\/\/luxiders.com\/content\/uploads\/Italy_Intro.jpg\" \/>\n\t<meta property=\"og:image:width\" content=\"1330\" \/>\n\t<meta property=\"og:image:height\" content=\"887\" \/>\n\t<meta property=\"og:image:type\" content=\"image\/jpeg\" \/>\n<meta name=\"author\" content=\"luxiders\" \/>\n<meta name=\"twitter:card\" content=\"summary_large_image\" \/>\n<meta name=\"twitter:label1\" content=\"Verfasst von\" \/>\n\t<meta name=\"twitter:data1\" content=\"luxiders\" \/>\n<script type=\"application\/ld+json\" class=\"yoast-schema-graph\">{\"@context\":\"https:\/\/schema.org\",\"@graph\":[{\"@type\":\"Article\",\"@id\":\"https:\/\/luxiders.com\/de\/italien-nachhaltiges\/#article\",\"isPartOf\":{\"@id\":\"https:\/\/luxiders.com\/de\/italien-nachhaltiges\/\"},\"author\":{\"name\":\"luxiders\",\"@id\":\"https:\/\/luxiders.com\/de\/#\/schema\/person\/8632fa702ae2ce98f66c396254633de8\"},\"headline\":\"Ist Italien ein nachhaltiges Land?\",\"datePublished\":\"2020-03-03T12:30:00+00:00\",\"dateModified\":\"2023-02-15T12:53:14+00:00\",\"mainEntityOfPage\":{\"@id\":\"https:\/\/luxiders.com\/de\/italien-nachhaltiges\/\"},\"wordCount\":5,\"publisher\":{\"@id\":\"https:\/\/luxiders.com\/de\/#organization\"},\"image\":{\"@id\":\"https:\/\/luxiders.com\/de\/italien-nachhaltiges\/#primaryimage\"},\"thumbnailUrl\":\"https:\/\/luxiders.com\/content\/uploads\/Italy_Intro.jpg\",\"keywords\":[\"ist italien ein nachhaltiges Land?\",\"italien nachhaltiges\",\"Italy\",\"new laws for sustainability\",\"sustainable living in Italy\"],\"articleSection\":[\"Reisen\"],\"inLanguage\":\"de\"},{\"@type\":\"WebPage\",\"@id\":\"https:\/\/luxiders.com\/de\/italien-nachhaltiges\/\",\"url\":\"https:\/\/luxiders.com\/de\/italien-nachhaltiges\/\",\"name\":\"Ist Italien ein nachhaltiges Land? | Sustainable Living | Luxiders Magazine\",\"isPartOf\":{\"@id\":\"https:\/\/luxiders.com\/de\/#website\"},\"primaryImageOfPage\":{\"@id\":\"https:\/\/luxiders.com\/de\/italien-nachhaltiges\/#primaryimage\"},\"image\":{\"@id\":\"https:\/\/luxiders.com\/de\/italien-nachhaltiges\/#primaryimage\"},\"thumbnailUrl\":\"https:\/\/luxiders.com\/content\/uploads\/Italy_Intro.jpg\",\"datePublished\":\"2020-03-03T12:30:00+00:00\",\"dateModified\":\"2023-02-15T12:53:14+00:00\",\"description\":\"Der Klimawandel ist real und f\u00fcr Italien sind die Folgen nicht unbekannt. Im Jahr 2019 erlebte die Halbinsel zunehmend St\u00fcrme, D\u00fcrren und starke Hitzewellen. Aber, ist Italien ein nachhaltiges Land?\",\"breadcrumb\":{\"@id\":\"https:\/\/luxiders.com\/de\/italien-nachhaltiges\/#breadcrumb\"},\"inLanguage\":\"de\",\"potentialAction\":[{\"@type\":\"ReadAction\",\"target\":[\"https:\/\/luxiders.com\/de\/italien-nachhaltiges\/\"]}]},{\"@type\":\"ImageObject\",\"inLanguage\":\"de\",\"@id\":\"https:\/\/luxiders.com\/de\/italien-nachhaltiges\/#primaryimage\",\"url\":\"https:\/\/luxiders.com\/content\/uploads\/Italy_Intro.jpg\",\"contentUrl\":\"https:\/\/luxiders.com\/content\/uploads\/Italy_Intro.jpg\",\"width\":1330,\"height\":887},{\"@type\":\"BreadcrumbList\",\"@id\":\"https:\/\/luxiders.com\/de\/italien-nachhaltiges\/#breadcrumb\",\"itemListElement\":[{\"@type\":\"ListItem\",\"position\":1,\"name\":\"Startseite\",\"item\":\"https:\/\/luxiders.com\/de\/\"},{\"@type\":\"ListItem\",\"position\":2,\"name\":\"Reisen\",\"item\":\"https:\/\/luxiders.com\/de\/Katregorie\/nachhaltiger-luxus-reisen\/\"},{\"@type\":\"ListItem\",\"position\":3,\"name\":\"Ist Italien ein nachhaltiges Land?\"}]},{\"@type\":\"WebSite\",\"@id\":\"https:\/\/luxiders.com\/de\/#website\",\"url\":\"https:\/\/luxiders.com\/de\/\",\"name\":\"Sustainable Fashion - Eco Design - Healthy Lifestyle - Luxiders Magazine\",\"description\":\"Luxiders is a sustainable luxury magazine highlighting the best stories about sustainable fashion, ethical fashion, eco-friendly design, green design, sustainable travel, natural beauty, organic beauty and healthy lifestyle. Know the best high-end, progressive and luxury sustainable brands and designers worldwide.\",\"publisher\":{\"@id\":\"https:\/\/luxiders.com\/de\/#organization\"},\"potentialAction\":[{\"@type\":\"SearchAction\",\"target\":{\"@type\":\"EntryPoint\",\"urlTemplate\":\"https:\/\/luxiders.com\/de\/?s={search_term_string}\"},\"query-input\":{\"@type\":\"PropertyValueSpecification\",\"valueRequired\":true,\"valueName\":\"search_term_string\"}}],\"inLanguage\":\"de\"},{\"@type\":\"Organization\",\"@id\":\"https:\/\/luxiders.com\/de\/#organization\",\"name\":\"Sustainable Fashion - Eco Design - Healthy Lifestyle - Luxiders Magazine\",\"url\":\"https:\/\/luxiders.com\/de\/\",\"logo\":{\"@type\":\"ImageObject\",\"inLanguage\":\"de\",\"@id\":\"https:\/\/luxiders.com\/de\/#\/schema\/logo\/image\/\",\"url\":\"https:\/\/luxiders.com\/content\/uploads\/lux-logo.svg\",\"contentUrl\":\"https:\/\/luxiders.com\/content\/uploads\/lux-logo.svg\",\"caption\":\"Sustainable Fashion - Eco Design - Healthy Lifestyle - Luxiders Magazine\"},\"image\":{\"@id\":\"https:\/\/luxiders.com\/de\/#\/schema\/logo\/image\/\"}},{\"@type\":\"Person\",\"@id\":\"https:\/\/luxiders.com\/de\/#\/schema\/person\/8632fa702ae2ce98f66c396254633de8\",\"name\":\"luxiders\",\"url\":\"https:\/\/luxiders.com\/de\/author\/luxiders\/\"}]}<\/script>","yoast_head_json":{"title":"Ist Italien ein nachhaltiges Land? | Sustainable Living | Luxiders Magazine","description":"Der Klimawandel ist real und f\u00fcr Italien sind die Folgen nicht unbekannt. Im Jahr 2019 erlebte die Halbinsel zunehmend St\u00fcrme, D\u00fcrren und starke Hitzewellen. Aber, ist Italien ein nachhaltiges Land?","robots":{"index":"index","follow":"follow","max-snippet":"max-snippet:-1","max-image-preview":"max-image-preview:large","max-video-preview":"max-video-preview:-1"},"canonical":"https:\/\/luxiders.com\/de\/italien-nachhaltiges\/","og_locale":"de_DE","og_type":"article","og_title":"Ist Italien ein nachhaltiges Land? | Sustainable Living | Luxiders Magazine","og_description":"Der Klimawandel ist real und f\u00fcr Italien sind die Folgen nicht unbekannt. Im Jahr 2019 erlebte die Halbinsel zunehmend St\u00fcrme, D\u00fcrren und starke Hitzewellen. Aber, ist Italien ein nachhaltiges Land?","og_url":"https:\/\/luxiders.com\/de\/italien-nachhaltiges\/","og_site_name":"Sustainable Fashion - Eco Design - Healthy Lifestyle - Luxiders Magazine","article_published_time":"2020-03-03T12:30:00+00:00","article_modified_time":"2023-02-15T12:53:14+00:00","og_image":[{"width":1330,"height":887,"url":"https:\/\/luxiders.com\/content\/uploads\/Italy_Intro.jpg","type":"image\/jpeg"}],"author":"luxiders","twitter_card":"summary_large_image","twitter_misc":{"Verfasst von":"luxiders"},"schema":{"@context":"https:\/\/schema.org","@graph":[{"@type":"Article","@id":"https:\/\/luxiders.com\/de\/italien-nachhaltiges\/#article","isPartOf":{"@id":"https:\/\/luxiders.com\/de\/italien-nachhaltiges\/"},"author":{"name":"luxiders","@id":"https:\/\/luxiders.com\/de\/#\/schema\/person\/8632fa702ae2ce98f66c396254633de8"},"headline":"Ist Italien ein nachhaltiges Land?","datePublished":"2020-03-03T12:30:00+00:00","dateModified":"2023-02-15T12:53:14+00:00","mainEntityOfPage":{"@id":"https:\/\/luxiders.com\/de\/italien-nachhaltiges\/"},"wordCount":5,"publisher":{"@id":"https:\/\/luxiders.com\/de\/#organization"},"image":{"@id":"https:\/\/luxiders.com\/de\/italien-nachhaltiges\/#primaryimage"},"thumbnailUrl":"https:\/\/luxiders.com\/content\/uploads\/Italy_Intro.jpg","keywords":["ist italien ein nachhaltiges Land?","italien nachhaltiges","Italy","new laws for sustainability","sustainable living in Italy"],"articleSection":["Reisen"],"inLanguage":"de"},{"@type":"WebPage","@id":"https:\/\/luxiders.com\/de\/italien-nachhaltiges\/","url":"https:\/\/luxiders.com\/de\/italien-nachhaltiges\/","name":"Ist Italien ein nachhaltiges Land? | Sustainable Living | Luxiders Magazine","isPartOf":{"@id":"https:\/\/luxiders.com\/de\/#website"},"primaryImageOfPage":{"@id":"https:\/\/luxiders.com\/de\/italien-nachhaltiges\/#primaryimage"},"image":{"@id":"https:\/\/luxiders.com\/de\/italien-nachhaltiges\/#primaryimage"},"thumbnailUrl":"https:\/\/luxiders.com\/content\/uploads\/Italy_Intro.jpg","datePublished":"2020-03-03T12:30:00+00:00","dateModified":"2023-02-15T12:53:14+00:00","description":"Der Klimawandel ist real und f\u00fcr Italien sind die Folgen nicht unbekannt. Im Jahr 2019 erlebte die Halbinsel zunehmend St\u00fcrme, D\u00fcrren und starke Hitzewellen. Aber, ist Italien ein nachhaltiges Land?","breadcrumb":{"@id":"https:\/\/luxiders.com\/de\/italien-nachhaltiges\/#breadcrumb"},"inLanguage":"de","potentialAction":[{"@type":"ReadAction","target":["https:\/\/luxiders.com\/de\/italien-nachhaltiges\/"]}]},{"@type":"ImageObject","inLanguage":"de","@id":"https:\/\/luxiders.com\/de\/italien-nachhaltiges\/#primaryimage","url":"https:\/\/luxiders.com\/content\/uploads\/Italy_Intro.jpg","contentUrl":"https:\/\/luxiders.com\/content\/uploads\/Italy_Intro.jpg","width":1330,"height":887},{"@type":"BreadcrumbList","@id":"https:\/\/luxiders.com\/de\/italien-nachhaltiges\/#breadcrumb","itemListElement":[{"@type":"ListItem","position":1,"name":"Startseite","item":"https:\/\/luxiders.com\/de\/"},{"@type":"ListItem","position":2,"name":"Reisen","item":"https:\/\/luxiders.com\/de\/Katregorie\/nachhaltiger-luxus-reisen\/"},{"@type":"ListItem","position":3,"name":"Ist Italien ein nachhaltiges Land?"}]},{"@type":"WebSite","@id":"https:\/\/luxiders.com\/de\/#website","url":"https:\/\/luxiders.com\/de\/","name":"Sustainable Fashion - Eco Design - Healthy Lifestyle - Luxiders Magazine","description":"Luxiders is a sustainable luxury magazine highlighting the best stories about sustainable fashion, ethical fashion, eco-friendly design, green design, sustainable travel, natural beauty, organic beauty and healthy lifestyle. Know the best high-end, progressive and luxury sustainable brands and designers worldwide.","publisher":{"@id":"https:\/\/luxiders.com\/de\/#organization"},"potentialAction":[{"@type":"SearchAction","target":{"@type":"EntryPoint","urlTemplate":"https:\/\/luxiders.com\/de\/?s={search_term_string}"},"query-input":{"@type":"PropertyValueSpecification","valueRequired":true,"valueName":"search_term_string"}}],"inLanguage":"de"},{"@type":"Organization","@id":"https:\/\/luxiders.com\/de\/#organization","name":"Sustainable Fashion - Eco Design - Healthy Lifestyle - Luxiders Magazine","url":"https:\/\/luxiders.com\/de\/","logo":{"@type":"ImageObject","inLanguage":"de","@id":"https:\/\/luxiders.com\/de\/#\/schema\/logo\/image\/","url":"https:\/\/luxiders.com\/content\/uploads\/lux-logo.svg","contentUrl":"https:\/\/luxiders.com\/content\/uploads\/lux-logo.svg","caption":"Sustainable Fashion - Eco Design - Healthy Lifestyle - Luxiders Magazine"},"image":{"@id":"https:\/\/luxiders.com\/de\/#\/schema\/logo\/image\/"}},{"@type":"Person","@id":"https:\/\/luxiders.com\/de\/#\/schema\/person\/8632fa702ae2ce98f66c396254633de8","name":"luxiders","url":"https:\/\/luxiders.com\/de\/author\/luxiders\/"}]}},"_links":{"self":[{"href":"https:\/\/luxiders.com\/de\/wp-json\/wp\/v2\/posts\/14665","targetHints":{"allow":["GET"]}}],"collection":[{"href":"https:\/\/luxiders.com\/de\/wp-json\/wp\/v2\/posts"}],"about":[{"href":"https:\/\/luxiders.com\/de\/wp-json\/wp\/v2\/types\/post"}],"author":[{"embeddable":true,"href":"https:\/\/luxiders.com\/de\/wp-json\/wp\/v2\/users\/2"}],"replies":[{"embeddable":true,"href":"https:\/\/luxiders.com\/de\/wp-json\/wp\/v2\/comments?post=14665"}],"version-history":[{"count":3,"href":"https:\/\/luxiders.com\/de\/wp-json\/wp\/v2\/posts\/14665\/revisions"}],"predecessor-version":[{"id":14682,"href":"https:\/\/luxiders.com\/de\/wp-json\/wp\/v2\/posts\/14665\/revisions\/14682"}],"wp:featuredmedia":[{"embeddable":true,"href":"https:\/\/luxiders.com\/de\/wp-json\/wp\/v2\/media\/14674"}],"wp:attachment":[{"href":"https:\/\/luxiders.com\/de\/wp-json\/wp\/v2\/media?parent=14665"}],"wp:term":[{"taxonomy":"category","embeddable":true,"href":"https:\/\/luxiders.com\/de\/wp-json\/wp\/v2\/categories?post=14665"},{"taxonomy":"post_tag","embeddable":true,"href":"https:\/\/luxiders.com\/de\/wp-json\/wp\/v2\/tags?post=14665"}],"curies":[{"name":"wp","href":"https:\/\/api.w.org\/{rel}","templated":true}]}}