{"id":16471,"date":"2019-11-04T14:18:00","date_gmt":"2019-11-04T13:18:00","guid":{"rendered":"http:\/\/luxiders.com.w01cc729.kasserver.com\/?p=16471"},"modified":"2023-03-01T17:51:10","modified_gmt":"2023-03-01T16:51:10","slug":"avocado-nachhaltigkeit-krise","status":"publish","type":"post","link":"https:\/\/luxiders.com\/de\/avocado-nachhaltigkeit-krise\/","title":{"rendered":"Wie nachhaltig ist Avocado?"},"content":{"rendered":"    <section id=\"textblock-block_d3417c952b5ce6f6254ddebe3c48ae87\" class=\"section position-relative gp-block gp-textblock pt-0 pb-0\">\n        <div class=\"container\">\n            <div class=\"row g-0\">\n                <div class=\"col-lg-12 content\" data-aos=\"fade-in\" data-aos-duration=\"1000\">\n                                                                                    <div class=\"intro \">\n                            <p class=\"p1\" style=\"text-align: center;\"><span class=\"s1\">Die Avocado-Frucht, die oft mit Gem\u00fcse verwechselt wird, ist au\u00dferhalb ihrer urspr\u00fcnglichen Anbaugebiete zu einem der beliebtesten Lebensmittel der 2010er Jahre geworden. In den USA, Europa, China und immer mehr anderen asiatischen L\u00e4ndern \u00fcberleben Millennials einen Sonntagsbrunch kaum, ohne auf ihren Instagram-Geschichten die unglaublich fotogenen cremigen und schmackhaften Fr\u00fcchte auf ihrem Toast, in ihren Smoothies oder in Sushi eingewickelt zu teilen. Seine zunehmende Beliebtheit in den letzten 15 Jahren ist eng mit den neu entdeckten <a href=\"https:\/\/time.com\/4738249\/avocado-metabolic-syndrome\/\" target=\"_blank\" rel=\"noopener\">Vorteilen f\u00fcr die Gesundheit<\/a> und den unglaublich vielf\u00e4ltigen Verwendungsm\u00f6glichkeiten f\u00fcr salzige und s\u00fc\u00dfe Rezepte verbunden, die mit erfolgreichen, in den USA eingef\u00fchrten und weltweit angenommenen Lebensmittelmarktkampagnen kombiniert wurden, die aus der Avocado das ultimative Superfood machten.<\/span><\/p>\n                        <\/div>\n                                                                                                <\/div>\n            <\/div>\n        <\/div>\n    <\/section>\n    \n\n    <section id=\"newsletter-block_ff62d3b11ba3d30fa6d247f990358966\" class=\"section position-relative gp-block gp-newsletter pt-0 pb-0 my-5\">\n        <div class=\"container\">\n            <div class=\"row g-0 pt-4 pb-3\">\n                <div class=\"col-lg-12 content text-center border pt-3\" data-aos=\"fade-in\" data-aos-duration=\"1000\">\n                                            <p><em>Um den Luxiders Newsletter zu erhalten,\u00a0<a href=\"https:\/\/landing.mailerlite.com\/webforms\/landing\/g1u8s7\">melde dich hier an<\/a>.<\/em><\/p>\n                                    <\/div>\n            <\/div>\n        <\/div>\n    <\/section>\n    \n\n    <section id=\"textblock-block_838260c89de6615061471b600eb8901a\" class=\"section position-relative gp-block gp-textblock pt-0 pb-0\">\n        <div class=\"container\">\n            <div class=\"row g-0\">\n                <div class=\"col-lg-12 content\" data-aos=\"fade-in\" data-aos-duration=\"1000\">\n                                                                                                                            <div class=\"highlighted mt-5 mt-lg-6 px-lg-5\">\n                            <p style=\"text-align: center;\"><a href=\"https:\/\/www.ncbi.nlm.nih.gov\/pmc\/articles\/PMC3664913\/\" target=\"_blank\" rel=\"noopener\"><span class=\"s1\">Klinische Studien\u00a0<\/span><\/a><span class=\"s1\">berichteten, dass der Konsum von Avocados mit seinen gesunden Fetten zur Gewichtskontrolle, zum gesunden Altern, zu Diabetes und zur allgemeinen Unterst\u00fctzung der kardiovaskul\u00e4ren Gesundheit beitragen kann. Zusammen mit diesen guten Nachrichten sehen wir heute, dass Avocado aus trendigen und umweltbezogenen Caf\u00e9s und Restaurants verbannt wird: Was passiert?<\/span><\/p>\n                        <\/div>\n                                                        <\/div>\n            <\/div>\n        <\/div>\n    <\/section>\n    \n\n    <section id=\"media-block_f261b0319220b070d8b716528ecb0012\" class=\"section position-relative gp-block gp-media pt-0 pb-0\">\n        <div class=\"container\">\n            <div class=\"row g-0\">\n                <div class=\"col-lg-12 content\" data-aos=\"fade-in\" data-aos-duration=\"1000\">\n                                        <p>&nbsp;<\/p>\n<p class=\"p1\"><span class=\"s1\">Diejenigen unter uns, die versuchen, einen ethischen und gesunden Lebensstil zu verfolgen, unter dem Motto: Global denken, lokal handeln und Avocado von der Ostk\u00fcste der USA oder von St\u00e4dten in Nordeuropa zu genie\u00dfen, wundern sich sicherlich auch \u00fcber die m\u00f6glichen Nebenwirkungen, die die gr\u00fcne Frucht mit an Bord haben kann.\u00a0<\/span><\/p>\n<p>&nbsp;<\/p>\n                                    <\/div>\n            <\/div>\n            <div class=\"row g-0\">\n                <div class=\"col-lg-6 \">\n                                                                                                                                                <figure class=\"mb-4 pt-lg-6 mb-lg-0 ps-lg-2 pe-lg-2\" data-aos=\"fade-up\" data-aos-duration=\"1000\"><div class=\"img-container\"><img loading=\"lazy\" decoding=\"async\" width=\"900\" height=\"1200\" src=\"https:\/\/luxiders.com\/content\/uploads\/5_avo.jpg\" class=\"img-fluid w-100\" alt=\"\" srcset=\"https:\/\/luxiders.com\/content\/uploads\/5_avo.jpg 900w, https:\/\/luxiders.com\/content\/uploads\/5_avo-225x300.jpg 225w, https:\/\/luxiders.com\/content\/uploads\/5_avo-768x1024.jpg 768w\" sizes=\"(max-width: 900px) 100vw, 900px\" \/><\/div><\/figure>                                                                                            <\/div>\n                                    <div class=\"col-lg-6\">\n                                                                                                                                                        <figure class=\"mb-4 pt-lg-6 mb-lg-7 ps-lg-4 pe-lg-3\" data-aos=\"fade-up\" data-aos-duration=\"1000\"><div class=\"img-container\"><img loading=\"lazy\" decoding=\"async\" width=\"900\" height=\"1355\" src=\"https:\/\/luxiders.com\/content\/uploads\/2_avo.jpg\" class=\"img-fluid w-100\" alt=\"\" srcset=\"https:\/\/luxiders.com\/content\/uploads\/2_avo.jpg 900w, https:\/\/luxiders.com\/content\/uploads\/2_avo-199x300.jpg 199w, https:\/\/luxiders.com\/content\/uploads\/2_avo-680x1024.jpg 680w, https:\/\/luxiders.com\/content\/uploads\/2_avo-768x1156.jpg 768w\" sizes=\"(max-width: 900px) 100vw, 900px\" \/><\/div><\/figure>                                                                                                        <\/div>\n                                            <\/div>\n        <\/div>\n    <\/section>\n    \n\n    <section id=\"media-block_b06e01aa2313ab5d27021bf47faa7fcd\" class=\"section position-relative gp-block gp-media pt-0 pb-0\">\n        <div class=\"container\">\n            <div class=\"row g-0\">\n                <div class=\"col-lg-12 content\" data-aos=\"fade-in\" data-aos-duration=\"1000\">\n                                        <h3><\/h3>\n<h3 class=\"p1\"><span class=\"s1\">Avocado-Krise<\/span><\/h3>\n<p class=\"p1\"><span class=\"s1\">Wenn man sich die Fakten anschaut, sieht die Antwort einfach aus: Avocado-Anbau verursacht Abholzung, gef\u00e4hrdet die Tierwelt, finanziert Drogenkartelle und tr\u00e4gt in vielen Regionen des globalen S\u00fcdens zur Wasserkrise bei, wo es haupts\u00e4chlich produziert wird. Aber wie sollten wir konsequent ethisch handeln? Sollen wir aufh\u00f6ren, unser Lieblingsessen zu essen? Dies ist m\u00f6glicherweise etwas schwieriger herauszufinden &#8230; Derzeit ist dies nicht unbedingt die ethischste L\u00f6sung. Finden wir heraus warum.<\/span><\/p>\n<p class=\"p1\"><span class=\"s1\">Mexiko ist der absolute Avocado-Produzent Nummer eins auf der Welt. Mit seinen 2 Millionen Tonnen Avocados, die j\u00e4hrlich produziert werden, wird mehr als das Doppelte der auf Rang zwei liegenden Dominikanischen Republik produziert. 2017 wurden allein durch Mexiko rund 40% des weltweiten Avocado-Angebots produziert. Vor Ort war die gr\u00fcne Frucht als \u201eOro Verde\u201c (gr\u00fcnes Gold) bekannt. In den letzten Jahren wurde sie in der Michoac\u00e1n-Region, dem mexikanischen Staat, der rund 80% der Avocados im Land produziert, auch als \u201eDiamante de sangre\u201c (Blutdiamant)\u00a0benannt. \u00a0In den letzten 20 Jahren stieg der Avocado-Verbrauch um mehr als 300% mit einem\u00a0Exportvolumen von 2,3 Milliarden Dollar. Solch eine lukrative Branche lie\u00df die mexikanischen Drogenkartelle nicht gleichg\u00fcltig. Wie heute <a href=\"https:\/\/www.nytimes.com\/2018\/03\/27\/magazine\/the-fruit-of-global-trade-in\" target=\"_blank\" rel=\"noopener\">k\u00e4mpfen verschiedene Drogenkartelle<\/a> um die regionale Kontrolle der attraktiven Avocado-Landwirtschaft und des attraktiven Avocado-Marktes\u00a0mit enormen Kosten in Bezug auf Menschenleben und Geld: Opfer sind Bauern und andere lokale Akteure, die gezwungen sind, einen Prozentsatz zu zahlen, der sich nach der Gr\u00f6\u00dfe ihres Landschutzes richtet.<\/span><\/p>\n<p class=\"p1\"><span class=\"s1\">Auch wenn f\u00fcr Kalifornien, Spanien und andere Avocado-Produzenten die gr\u00fcne Frucht lediglich saisonal\u00a0produziert wird, ist Mexiko aufgrund seines Klimas und insbesondere des Michoac\u00e1n-Vulkanbodens der einzige Ort auf der Welt, an dem diese Pflanze das ganze Jahr \u00fcber wachsen kann. Diese spezifische Kombination aus Klima und Boden ist auch die Heimat des Kiefern-Eichen-Waldes, dessen Mikrobewohner, wie der <a href=\"https:\/\/www.nytimes.com\/2016\/11\/18\/world\/americas\/ambition-of-avocado-imperils-monarch-butterflies-winter-home.html\" target=\"_blank\" rel=\"noopener\">wunderbare Monarchfalter<\/a>, sind essentiell f\u00fcr unser viel gr\u00f6\u00dferes \u00d6kosystem. F\u00fcr \u00f6rtliche Landbesitzer und Landwirte von umweltgesch\u00fctztem Land macht unsere st\u00e4ndig steigende Nachfrage nach Avocados den Markt zu attraktiv. In Zahlen: Die Region Michoac\u00e1n rodet j\u00e4hrlich rund 20.000 Hektar Kiefernwald f\u00fcr die Landwirtschaft<\/span><\/p>\n<p>&nbsp;<\/p>\n                                    <\/div>\n            <\/div>\n            <div class=\"row g-0\">\n                <div class=\"col-lg-6 \">\n                                                                                                                                                <figure class=\"mb-4 pt-lg-0 mb-lg-3 ps-lg-1 pe-lg-7\" data-aos=\"fade-up\" data-aos-duration=\"1000\"><div class=\"img-container\"><img loading=\"lazy\" decoding=\"async\" width=\"900\" height=\"1125\" src=\"https:\/\/luxiders.com\/content\/uploads\/4_avo.jpg\" class=\"img-fluid w-100\" alt=\"\" srcset=\"https:\/\/luxiders.com\/content\/uploads\/4_avo.jpg 900w, https:\/\/luxiders.com\/content\/uploads\/4_avo-240x300.jpg 240w, https:\/\/luxiders.com\/content\/uploads\/4_avo-819x1024.jpg 819w, https:\/\/luxiders.com\/content\/uploads\/4_avo-768x960.jpg 768w\" sizes=\"(max-width: 900px) 100vw, 900px\" \/><\/div><\/figure>                                                                                            <\/div>\n                                    <div class=\"col-lg-6\">\n                                                                                                                                                        <figure class=\"mb-4 pt-lg-0 mb-lg-2 ps-lg-0 pe-lg-0\" data-aos=\"fade-up\" data-aos-duration=\"1000\"><div class=\"img-container\"><img loading=\"lazy\" decoding=\"async\" width=\"1200\" height=\"769\" src=\"https:\/\/luxiders.com\/content\/uploads\/9_avo.jpg\" class=\"img-fluid w-100\" alt=\"\" srcset=\"https:\/\/luxiders.com\/content\/uploads\/9_avo.jpg 1200w, https:\/\/luxiders.com\/content\/uploads\/9_avo-300x192.jpg 300w, https:\/\/luxiders.com\/content\/uploads\/9_avo-1024x656.jpg 1024w, https:\/\/luxiders.com\/content\/uploads\/9_avo-768x492.jpg 768w\" sizes=\"(max-width: 1200px) 100vw, 1200px\" \/><\/div><\/figure>                                                                                                        <\/div>\n                                            <\/div>\n        <\/div>\n    <\/section>\n    \n\n    <section id=\"textblock-block_1407418883c123643af4d33757a9150b\" class=\"section position-relative gp-block gp-textblock pt-0 pb-0\">\n        <div class=\"container\">\n            <div class=\"row g-0\">\n                <div class=\"col-lg-12 content\" data-aos=\"fade-in\" data-aos-duration=\"1000\">\n                                                                                <h3><\/h3>\n<h3 class=\"p1\"><span class=\"s1\">Avocado Umweltbelastung<\/span><\/h3>\n<p class=\"p1\"><span class=\"s1\">Laut <a href=\"https:\/\/waterfootprint.org\/media\/downloads\/Report47-WaterFootprintCrops-Vol1.pdf\" target=\"_blank\" rel=\"noopener\">Water Footprint Network<\/a>\u00a0werden f\u00fcr eine Avocado ungef\u00e4hr 227 Liter Wasser ben\u00f6tigt, w\u00e4hrend f\u00fcr eine Tomate 12,5 Liter oder f\u00fcr ein St\u00fcck Brokkoli 20 Liter ben\u00f6tigt werden. Der Avocadobaum ist durstig und sehr langsam, wenn es darum geht, seine ersten Fr\u00fcchte zu tragen. In einer nassen und regnerischen Region der Welt w\u00e4re dies nicht so problematisch wie in Mexiko, Kalifornien oder Chile, wo D\u00fcrren eine allj\u00e4hrliche Realit\u00e4t sind. In Michoac\u00e1n ben\u00f6tigt ein ausgewachsener Avocado-Obstgarten doppelt so viel Wasser wie der urspr\u00fcngliche Kiefernwald. Aufgrund dieses hohen Bedarfs an Bew\u00e4sserung wird der Wasserfluss gestoppt, der sonst f\u00fcr die lokale Tierwelt bestimmt w\u00e4re. Allgemeiner Nebeneffekt der Entwaldung in der Landwirtschaft: Die CO2-Emissionen steigen und steigen, sobald die Avocado-Produktion fertig ist und weltweit an die Endverbraucher ausgeliefert wird. All dies versch\u00e4rft unsere aktuelle Klimakrise.<\/span><\/p>\n<p>&nbsp;<\/p>\n                                            <div class=\"highlighted mt-5 mt-lg-6 px-lg-5\">\n                            <p class=\"p1\" style=\"text-align: center;\"><span class=\"s1\">Dieses tragische Szenario, das als das Ende der Avocado-\u00c4ra erscheinen k\u00f6nnte, bedeutet nicht, dass wir uns von unserem Lieblings-Superfood verabschieden m\u00fcssen. Was wir brauchen, ist Ma\u00df und Information. Kurz gesagt, es ist nicht nur unsere geliebte Avocado an sich, die unser \u00d6kosystem sch\u00e4digt und \u00f6rtliche Bauern ruiniert, sondern auch unsere hohe und unregulierte Nachfrage eines ganzj\u00e4hrigen Verlangens, das auf keinen angemessenen, wirksamen und sch\u00fctzenden Ansatz am Ende der Produktion basiert.<\/span><\/p>\n                        <\/div>\n                                                        <\/div>\n            <\/div>\n        <\/div>\n    <\/section>\n    \n\n    <section id=\"media-block_57740a7141437cbebccbcef2dfb8e48a\" class=\"section position-relative gp-block gp-media pt-0 pb-0\">\n        <div class=\"container\">\n            <div class=\"row g-0\">\n                <div class=\"col-lg-12 content\" data-aos=\"fade-in\" data-aos-duration=\"1000\">\n                                        <p>&nbsp;<\/p>\n<p>Ohne Avocado-Produktion w\u00fcrde Mexiko seine Gewaltprobleme kaum verlieren. Drogenkartelle k\u00e4mpfen um die Kontrolle und suchen den lukrativsten Markt: Wenn es keine Avocado ist, k\u00f6nnte es um etwas anderes, schlimmeres handeln. Es w\u00e4re definitiv ein wirksameres Boykottzeichen gegen Drogengewalt und T\u00f6tungen, wenn man den Kauf von Medikamenten aus kartellkontrollierten Regionen einstellen w\u00fcrde, als Guacamole an einem Samstagabend nicht mehr zu essen. In der Avocado-Faser findet ein mexikanischer Landwirt eine w\u00fcrdevolle Art, seinen Lebensunterhalt zu verdienen und die Familie zu ern\u00e4hren, ohne aus dem Land fliehen oder sich den bewaffneten Kartellen anschlie\u00dfen zu m\u00fcssen, um die Armut zu bek\u00e4mpfen. Das Boykottieren dieses Marktes auf globaler Ebene k\u00f6nnte demnach zu unvorhersehbaren lokalen Reaktionen f\u00fchren.<\/p>\n<p>&nbsp;<\/p>\n                                    <\/div>\n            <\/div>\n            <div class=\"row g-0\">\n                <div class=\"col-lg-6 \">\n                                                                                                                                                <figure class=\"mb-4 pt-lg-0 mb-lg-0 ps-lg-0 pe-lg-0\" data-aos=\"fade-up\" data-aos-duration=\"1000\"><div class=\"img-container\"><img loading=\"lazy\" decoding=\"async\" width=\"1330\" height=\"887\" src=\"https:\/\/luxiders.com\/content\/uploads\/2_head.jpg\" class=\"img-fluid w-100\" alt=\"\" srcset=\"https:\/\/luxiders.com\/content\/uploads\/2_head.jpg 1330w, https:\/\/luxiders.com\/content\/uploads\/2_head-300x200.jpg 300w, https:\/\/luxiders.com\/content\/uploads\/2_head-768x512.jpg 768w, https:\/\/luxiders.com\/content\/uploads\/2_head-1024x683.jpg 1024w\" sizes=\"(max-width: 1330px) 100vw, 1330px\" \/><\/div><\/figure>                                                                                            <\/div>\n                                    <div class=\"col-lg-6\">\n                                                                                                                                                        <figure class=\"mb-4 pt-lg-0 mb-lg-10 ps-lg-6 pe-lg-2\" data-aos=\"fade-up\" data-aos-duration=\"1000\"><div class=\"img-container\"><img loading=\"lazy\" decoding=\"async\" width=\"900\" height=\"1126\" src=\"https:\/\/luxiders.com\/content\/uploads\/8_avo.jpg\" class=\"img-fluid w-100\" alt=\"\" srcset=\"https:\/\/luxiders.com\/content\/uploads\/8_avo.jpg 900w, https:\/\/luxiders.com\/content\/uploads\/8_avo-240x300.jpg 240w, https:\/\/luxiders.com\/content\/uploads\/8_avo-818x1024.jpg 818w, https:\/\/luxiders.com\/content\/uploads\/8_avo-768x961.jpg 768w\" sizes=\"(max-width: 900px) 100vw, 900px\" \/><\/div><\/figure>                                                                                                        <\/div>\n                                            <\/div>\n        <\/div>\n    <\/section>\n    \n\n    <section id=\"textblock-block_1dfdce5cddbfaaf7e363e477d6345953\" class=\"section position-relative gp-block gp-textblock pt-0 pb-0\">\n        <div class=\"container\">\n            <div class=\"row g-0\">\n                <div class=\"col-lg-12 content\" data-aos=\"fade-in\" data-aos-duration=\"1000\">\n                                                                                <h3 class=\"p1\"><span class=\"s1\">Wo kann man ethische Avocados kaufen?<\/span><\/h3>\n<p class=\"p1\"><span class=\"s1\">Viele lokale Landwirte, die daran interessiert waren, diesen weltweiten Markt von organisierter Kriminalit\u00e4t zu befreien, begannen, als PREGOR-Kollektiv<a href=\"http:\/\/fairtradeamerica.org\/Media-Center\/Blog\/2017\/September\/Unpacking-the-Avocado-Industry\" target=\"_blank\" rel=\"noopener\"> ein Netzwerk f\u00fcr legalen und ethischen Avocado-Anbau aufzubauen, u<\/a>m ihre Produkte von Fairtrade und Equal Exchange\u00a0zertifizieren zu lassen. Es ist eine transparente Produktion, die nicht von der illegalen Abholzung betroffen ist, sondern bereits landwirtschaftlich genutzte Fl\u00e4chen nutzt un so auf legale und produktive Weise auf die weltweite Nachfrage reagiert. F\u00fcr die Landwirte ist es ein langer Weg, die Landwirtschaft in ein nachhaltiges Unternehmen umzuwandeln: Dies w\u00fcrde bedeuten, dass sie die neuesten Technologien einsetzen m\u00fcssten, um Wasserverschwendung und Pestizide zu vermeiden, die f\u00fcr Menschen und andere lebende Arten gef\u00e4hrlich sind.<\/span><\/p>\n<p class=\"p1\"><span class=\"s1\">Wie auch Tom Cumberlege, stellvertretender Direktor von Carbon Trust, <a href=\"https:\/\/www.vice.com\/en_uk\/article\/7xm8ab\/this-is-how-bad-your-avocado-obsession-is-for-the-world\" target=\"_blank\" rel=\"noopener\">erkl\u00e4rt<\/a>: &#8222;Wenn wir uns die Umweltaspekte ansehen, w\u00e4re Avocado auf unseren Tellern immer noch eine bessere Wahl als Rinderbraten, Eier oder ungew\u00f6hnliche Lebensmittel: Sowohl f\u00fcr den Wasserverbrauch als auch f\u00fcr den CO2-Aussto\u00df. Wenn Sie im Dezember in Gro\u00dfbritannien einheimische Erdbeeren kaufen, dann kaufen Sie eine mexikanische Avocado, deren CO2-Emissionen immer noch geringer sind, als den Sommer zum Winter zu machen. Versuchen Sie, Ihr sommerliches Avocado-Verlangen lokal zu halten: In Europa beispielsweise ist Spanien ein gro\u00dfer Produzent. Wenn Sie importierte Lebensmittel kaufen, versuchen Sie, nur zertifizierte Produkte zu kaufen, auch wenn dies einen Dollar mehr kostet.\u201c<\/span><\/p>\n<h3 class=\"p1\"><span class=\"s1\">Konklusion:<br \/>\n<\/span><\/h3>\n<p class=\"p1\"><span class=\"s1\">Solltest du aufh\u00f6ren, Avocado sofort und f\u00fcr immer zu konsumieren?<br \/>\n<\/span><span class=\"s1\">Nicht unbedingt. Tue es bewusst und kaufe zertifizierte Produkte, deren Herkunftsangaben verf\u00fcgbar sind.<\/span><\/p>\n<p class=\"p1\"><span class=\"s1\">Solltest du im Januar aufh\u00f6ren, nicht zertifizierte Avocados t\u00e4glich zu essen?<br \/>\n<\/span><span class=\"s1\">Ja, es k\u00f6nnte die nachhaltigste Wahl sein. Finde lokale Alternativen und genie\u00dfe saisonales Essen!<\/span><\/p>\n<p>&nbsp;<\/p>\n<p>&nbsp;<\/p>\n<div class=\"image_frame image_item no_link scale-with-grid no_border\">\n<div class=\"image_wrapper\"><img loading=\"lazy\" decoding=\"async\" class=\"scale-with-grid ls-is-cached lazyloaded alignleft\" src=\"https:\/\/luxiders.com\/wp-content\/uploads\/2019\/10\/cecibio.jpg\" alt=\"cecibio\" width=\"150\" height=\"150\" data-src=\"https:\/\/luxiders.com\/wp-content\/uploads\/2019\/10\/cecibio.jpg\" \/><\/div>\n<div class=\"column mcb-column five-sixth column_visual \">\n<p class=\"p1\"><span class=\"s1\"><b><i>+ Text:\u00a0<\/i><\/b><\/span><em><strong><span class=\"s1\">Cecilia Gaeta _ Luxiders Editor\u00a0<\/span><\/strong><\/em><\/p>\n<p class=\"p1\"><span class=\"s1\">Cecilia wuchs im chaotischen Zentrum Roms auf und ist nun eine leidenschaftliche Fotografiestudentin an der Ostkreuzschule in Berlin. Nach ihrem Abschluss an der Humboldt-Universit\u00e4t f\u00fcr\u00a0<\/span><span class=\"s2\"><i>Asian and African Area Studies<\/i><\/span><span class=\"s1\">\u00a0mit dem Schwerpunkt Frauenmigration, m\u00f6chte sie nun \u00fcber globale Themen berichten und dabei die soziale und geschlechtsspezifische Gleichstellung in Wort und Bild thematisieren. <\/span><span class=\"s1\"><i>Finde sie auf Instagram: <a href=\"https:\/\/www.instagram.com\/ce.ci.l\/\" target=\"_blank\" rel=\"noopener\">Cecilia<\/a><\/i><\/span><\/p>\n<\/div>\n<\/div>\n                                                        <\/div>\n            <\/div>\n        <\/div>\n    <\/section>\n    ","protected":false},"excerpt":{"rendered":"","protected":false},"author":2,"featured_media":16478,"comment_status":"closed","ping_status":"closed","sticky":false,"template":"","format":"standard","meta":{"_acf_changed":false,"footnotes":""},"categories":[1218],"tags":[2926,2925,1503],"class_list":{"0":"post-16471","1":"post","2":"type-post","3":"status-publish","4":"format-standard","5":"has-post-thumbnail","7":"category-food","8":"tag-aguacate-mexicano","9":"tag-avocado","10":"tag-sustainable-food"},"acf":[],"yoast_head":"<title>Wie Nachhaltig ist Avocado? - Nachhaltigkes Kultur - Luxiders Magazine<\/title>\n<meta name=\"description\" content=\"Avocado: das ultimative Superfood unserer Zeit. Es tr\u00e4gt zum gesunden Altern, zu Diabetes und zur allgemeinen Unterst\u00fctzung der kardiovaskul\u00e4ren bei. Aber heute sehen wir, dass Avocado aus trendigen und umweltbezogenen Restaurants verbannt wird: Was passiert? Finde hier heraus, inwiefern Avocado nachhaltig ist, und wie\" \/>\n<meta name=\"robots\" content=\"index, follow, max-snippet:-1, max-image-preview:large, max-video-preview:-1\" \/>\n<link rel=\"canonical\" href=\"https:\/\/luxiders.com\/de\/avocado-nachhaltigkeit-krise\/\" \/>\n<meta property=\"og:locale\" content=\"de_DE\" \/>\n<meta property=\"og:type\" content=\"article\" \/>\n<meta property=\"og:title\" content=\"Wie Nachhaltig ist Avocado? - Nachhaltigkes Kultur - Luxiders Magazine\" \/>\n<meta property=\"og:description\" content=\"Avocado: das ultimative Superfood unserer Zeit. Es tr\u00e4gt zum gesunden Altern, zu Diabetes und zur allgemeinen Unterst\u00fctzung der kardiovaskul\u00e4ren bei. Aber heute sehen wir, dass Avocado aus trendigen und umweltbezogenen Restaurants verbannt wird: Was passiert? Finde hier heraus, inwiefern Avocado nachhaltig ist, und wie\" \/>\n<meta property=\"og:url\" content=\"https:\/\/luxiders.com\/de\/avocado-nachhaltigkeit-krise\/\" \/>\n<meta property=\"og:site_name\" content=\"Sustainable Fashion - Eco Design - Healthy Lifestyle - Luxiders Magazine\" \/>\n<meta property=\"article:published_time\" content=\"2019-11-04T13:18:00+00:00\" \/>\n<meta property=\"article:modified_time\" content=\"2023-03-01T16:51:10+00:00\" \/>\n<meta property=\"og:image\" content=\"https:\/\/luxiders.com\/content\/uploads\/2_head.jpg\" \/>\n\t<meta property=\"og:image:width\" content=\"1330\" \/>\n\t<meta property=\"og:image:height\" content=\"887\" \/>\n\t<meta property=\"og:image:type\" content=\"image\/jpeg\" \/>\n<meta name=\"author\" content=\"luxiders\" \/>\n<meta name=\"twitter:card\" content=\"summary_large_image\" \/>\n<meta name=\"twitter:label1\" content=\"Verfasst von\" \/>\n\t<meta name=\"twitter:data1\" content=\"luxiders\" \/>\n<script type=\"application\/ld+json\" class=\"yoast-schema-graph\">{\"@context\":\"https:\/\/schema.org\",\"@graph\":[{\"@type\":\"Article\",\"@id\":\"https:\/\/luxiders.com\/de\/avocado-nachhaltigkeit-krise\/#article\",\"isPartOf\":{\"@id\":\"https:\/\/luxiders.com\/de\/avocado-nachhaltigkeit-krise\/\"},\"author\":{\"name\":\"luxiders\",\"@id\":\"https:\/\/luxiders.com\/de\/#\/schema\/person\/8632fa702ae2ce98f66c396254633de8\"},\"headline\":\"Wie nachhaltig ist Avocado?\",\"datePublished\":\"2019-11-04T13:18:00+00:00\",\"dateModified\":\"2023-03-01T16:51:10+00:00\",\"mainEntityOfPage\":{\"@id\":\"https:\/\/luxiders.com\/de\/avocado-nachhaltigkeit-krise\/\"},\"wordCount\":4,\"publisher\":{\"@id\":\"https:\/\/luxiders.com\/de\/#organization\"},\"image\":{\"@id\":\"https:\/\/luxiders.com\/de\/avocado-nachhaltigkeit-krise\/#primaryimage\"},\"thumbnailUrl\":\"https:\/\/luxiders.com\/content\/uploads\/2_head.jpg\",\"keywords\":[\"aguacate mexicano\",\"avocado\",\"sustainable food\"],\"articleSection\":[\"Food\"],\"inLanguage\":\"de\"},{\"@type\":\"WebPage\",\"@id\":\"https:\/\/luxiders.com\/de\/avocado-nachhaltigkeit-krise\/\",\"url\":\"https:\/\/luxiders.com\/de\/avocado-nachhaltigkeit-krise\/\",\"name\":\"Wie Nachhaltig ist Avocado? - Nachhaltigkes Kultur - Luxiders Magazine\",\"isPartOf\":{\"@id\":\"https:\/\/luxiders.com\/de\/#website\"},\"primaryImageOfPage\":{\"@id\":\"https:\/\/luxiders.com\/de\/avocado-nachhaltigkeit-krise\/#primaryimage\"},\"image\":{\"@id\":\"https:\/\/luxiders.com\/de\/avocado-nachhaltigkeit-krise\/#primaryimage\"},\"thumbnailUrl\":\"https:\/\/luxiders.com\/content\/uploads\/2_head.jpg\",\"datePublished\":\"2019-11-04T13:18:00+00:00\",\"dateModified\":\"2023-03-01T16:51:10+00:00\",\"description\":\"Avocado: das ultimative Superfood unserer Zeit. Es tr\u00e4gt zum gesunden Altern, zu Diabetes und zur allgemeinen Unterst\u00fctzung der kardiovaskul\u00e4ren bei. Aber heute sehen wir, dass Avocado aus trendigen und umweltbezogenen Restaurants verbannt wird: Was passiert? Finde hier heraus, inwiefern Avocado nachhaltig ist, und wie\",\"breadcrumb\":{\"@id\":\"https:\/\/luxiders.com\/de\/avocado-nachhaltigkeit-krise\/#breadcrumb\"},\"inLanguage\":\"de\",\"potentialAction\":[{\"@type\":\"ReadAction\",\"target\":[\"https:\/\/luxiders.com\/de\/avocado-nachhaltigkeit-krise\/\"]}]},{\"@type\":\"ImageObject\",\"inLanguage\":\"de\",\"@id\":\"https:\/\/luxiders.com\/de\/avocado-nachhaltigkeit-krise\/#primaryimage\",\"url\":\"https:\/\/luxiders.com\/content\/uploads\/2_head.jpg\",\"contentUrl\":\"https:\/\/luxiders.com\/content\/uploads\/2_head.jpg\",\"width\":1330,\"height\":887},{\"@type\":\"BreadcrumbList\",\"@id\":\"https:\/\/luxiders.com\/de\/avocado-nachhaltigkeit-krise\/#breadcrumb\",\"itemListElement\":[{\"@type\":\"ListItem\",\"position\":1,\"name\":\"Startseite\",\"item\":\"https:\/\/luxiders.com\/de\/\"},{\"@type\":\"ListItem\",\"position\":2,\"name\":\"Food\",\"item\":\"https:\/\/luxiders.com\/de\/Katregorie\/food\/\"},{\"@type\":\"ListItem\",\"position\":3,\"name\":\"Wie nachhaltig ist Avocado?\"}]},{\"@type\":\"WebSite\",\"@id\":\"https:\/\/luxiders.com\/de\/#website\",\"url\":\"https:\/\/luxiders.com\/de\/\",\"name\":\"Sustainable Fashion - Eco Design - Healthy Lifestyle - Luxiders Magazine\",\"description\":\"Luxiders is a sustainable luxury magazine highlighting the best stories about sustainable fashion, ethical fashion, eco-friendly design, green design, sustainable travel, natural beauty, organic beauty and healthy lifestyle. Know the best high-end, progressive and luxury sustainable brands and designers worldwide.\",\"publisher\":{\"@id\":\"https:\/\/luxiders.com\/de\/#organization\"},\"potentialAction\":[{\"@type\":\"SearchAction\",\"target\":{\"@type\":\"EntryPoint\",\"urlTemplate\":\"https:\/\/luxiders.com\/de\/?s={search_term_string}\"},\"query-input\":{\"@type\":\"PropertyValueSpecification\",\"valueRequired\":true,\"valueName\":\"search_term_string\"}}],\"inLanguage\":\"de\"},{\"@type\":\"Organization\",\"@id\":\"https:\/\/luxiders.com\/de\/#organization\",\"name\":\"Sustainable Fashion - Eco Design - Healthy Lifestyle - Luxiders Magazine\",\"url\":\"https:\/\/luxiders.com\/de\/\",\"logo\":{\"@type\":\"ImageObject\",\"inLanguage\":\"de\",\"@id\":\"https:\/\/luxiders.com\/de\/#\/schema\/logo\/image\/\",\"url\":\"https:\/\/luxiders.com\/content\/uploads\/lux-logo.svg\",\"contentUrl\":\"https:\/\/luxiders.com\/content\/uploads\/lux-logo.svg\",\"caption\":\"Sustainable Fashion - Eco Design - Healthy Lifestyle - Luxiders Magazine\"},\"image\":{\"@id\":\"https:\/\/luxiders.com\/de\/#\/schema\/logo\/image\/\"}},{\"@type\":\"Person\",\"@id\":\"https:\/\/luxiders.com\/de\/#\/schema\/person\/8632fa702ae2ce98f66c396254633de8\",\"name\":\"luxiders\",\"url\":\"https:\/\/luxiders.com\/de\/author\/luxiders\/\"}]}<\/script>","yoast_head_json":{"title":"Wie Nachhaltig ist Avocado? - Nachhaltigkes Kultur - Luxiders Magazine","description":"Avocado: das ultimative Superfood unserer Zeit. Es tr\u00e4gt zum gesunden Altern, zu Diabetes und zur allgemeinen Unterst\u00fctzung der kardiovaskul\u00e4ren bei. Aber heute sehen wir, dass Avocado aus trendigen und umweltbezogenen Restaurants verbannt wird: Was passiert? Finde hier heraus, inwiefern Avocado nachhaltig ist, und wie","robots":{"index":"index","follow":"follow","max-snippet":"max-snippet:-1","max-image-preview":"max-image-preview:large","max-video-preview":"max-video-preview:-1"},"canonical":"https:\/\/luxiders.com\/de\/avocado-nachhaltigkeit-krise\/","og_locale":"de_DE","og_type":"article","og_title":"Wie Nachhaltig ist Avocado? - Nachhaltigkes Kultur - Luxiders Magazine","og_description":"Avocado: das ultimative Superfood unserer Zeit. Es tr\u00e4gt zum gesunden Altern, zu Diabetes und zur allgemeinen Unterst\u00fctzung der kardiovaskul\u00e4ren bei. Aber heute sehen wir, dass Avocado aus trendigen und umweltbezogenen Restaurants verbannt wird: Was passiert? Finde hier heraus, inwiefern Avocado nachhaltig ist, und wie","og_url":"https:\/\/luxiders.com\/de\/avocado-nachhaltigkeit-krise\/","og_site_name":"Sustainable Fashion - Eco Design - Healthy Lifestyle - Luxiders Magazine","article_published_time":"2019-11-04T13:18:00+00:00","article_modified_time":"2023-03-01T16:51:10+00:00","og_image":[{"width":1330,"height":887,"url":"https:\/\/luxiders.com\/content\/uploads\/2_head.jpg","type":"image\/jpeg"}],"author":"luxiders","twitter_card":"summary_large_image","twitter_misc":{"Verfasst von":"luxiders"},"schema":{"@context":"https:\/\/schema.org","@graph":[{"@type":"Article","@id":"https:\/\/luxiders.com\/de\/avocado-nachhaltigkeit-krise\/#article","isPartOf":{"@id":"https:\/\/luxiders.com\/de\/avocado-nachhaltigkeit-krise\/"},"author":{"name":"luxiders","@id":"https:\/\/luxiders.com\/de\/#\/schema\/person\/8632fa702ae2ce98f66c396254633de8"},"headline":"Wie nachhaltig ist Avocado?","datePublished":"2019-11-04T13:18:00+00:00","dateModified":"2023-03-01T16:51:10+00:00","mainEntityOfPage":{"@id":"https:\/\/luxiders.com\/de\/avocado-nachhaltigkeit-krise\/"},"wordCount":4,"publisher":{"@id":"https:\/\/luxiders.com\/de\/#organization"},"image":{"@id":"https:\/\/luxiders.com\/de\/avocado-nachhaltigkeit-krise\/#primaryimage"},"thumbnailUrl":"https:\/\/luxiders.com\/content\/uploads\/2_head.jpg","keywords":["aguacate mexicano","avocado","sustainable food"],"articleSection":["Food"],"inLanguage":"de"},{"@type":"WebPage","@id":"https:\/\/luxiders.com\/de\/avocado-nachhaltigkeit-krise\/","url":"https:\/\/luxiders.com\/de\/avocado-nachhaltigkeit-krise\/","name":"Wie Nachhaltig ist Avocado? - Nachhaltigkes Kultur - Luxiders Magazine","isPartOf":{"@id":"https:\/\/luxiders.com\/de\/#website"},"primaryImageOfPage":{"@id":"https:\/\/luxiders.com\/de\/avocado-nachhaltigkeit-krise\/#primaryimage"},"image":{"@id":"https:\/\/luxiders.com\/de\/avocado-nachhaltigkeit-krise\/#primaryimage"},"thumbnailUrl":"https:\/\/luxiders.com\/content\/uploads\/2_head.jpg","datePublished":"2019-11-04T13:18:00+00:00","dateModified":"2023-03-01T16:51:10+00:00","description":"Avocado: das ultimative Superfood unserer Zeit. Es tr\u00e4gt zum gesunden Altern, zu Diabetes und zur allgemeinen Unterst\u00fctzung der kardiovaskul\u00e4ren bei. Aber heute sehen wir, dass Avocado aus trendigen und umweltbezogenen Restaurants verbannt wird: Was passiert? Finde hier heraus, inwiefern Avocado nachhaltig ist, und wie","breadcrumb":{"@id":"https:\/\/luxiders.com\/de\/avocado-nachhaltigkeit-krise\/#breadcrumb"},"inLanguage":"de","potentialAction":[{"@type":"ReadAction","target":["https:\/\/luxiders.com\/de\/avocado-nachhaltigkeit-krise\/"]}]},{"@type":"ImageObject","inLanguage":"de","@id":"https:\/\/luxiders.com\/de\/avocado-nachhaltigkeit-krise\/#primaryimage","url":"https:\/\/luxiders.com\/content\/uploads\/2_head.jpg","contentUrl":"https:\/\/luxiders.com\/content\/uploads\/2_head.jpg","width":1330,"height":887},{"@type":"BreadcrumbList","@id":"https:\/\/luxiders.com\/de\/avocado-nachhaltigkeit-krise\/#breadcrumb","itemListElement":[{"@type":"ListItem","position":1,"name":"Startseite","item":"https:\/\/luxiders.com\/de\/"},{"@type":"ListItem","position":2,"name":"Food","item":"https:\/\/luxiders.com\/de\/Katregorie\/food\/"},{"@type":"ListItem","position":3,"name":"Wie nachhaltig ist Avocado?"}]},{"@type":"WebSite","@id":"https:\/\/luxiders.com\/de\/#website","url":"https:\/\/luxiders.com\/de\/","name":"Sustainable Fashion - Eco Design - Healthy Lifestyle - Luxiders Magazine","description":"Luxiders is a sustainable luxury magazine highlighting the best stories about sustainable fashion, ethical fashion, eco-friendly design, green design, sustainable travel, natural beauty, organic beauty and healthy lifestyle. Know the best high-end, progressive and luxury sustainable brands and designers worldwide.","publisher":{"@id":"https:\/\/luxiders.com\/de\/#organization"},"potentialAction":[{"@type":"SearchAction","target":{"@type":"EntryPoint","urlTemplate":"https:\/\/luxiders.com\/de\/?s={search_term_string}"},"query-input":{"@type":"PropertyValueSpecification","valueRequired":true,"valueName":"search_term_string"}}],"inLanguage":"de"},{"@type":"Organization","@id":"https:\/\/luxiders.com\/de\/#organization","name":"Sustainable Fashion - Eco Design - Healthy Lifestyle - Luxiders Magazine","url":"https:\/\/luxiders.com\/de\/","logo":{"@type":"ImageObject","inLanguage":"de","@id":"https:\/\/luxiders.com\/de\/#\/schema\/logo\/image\/","url":"https:\/\/luxiders.com\/content\/uploads\/lux-logo.svg","contentUrl":"https:\/\/luxiders.com\/content\/uploads\/lux-logo.svg","caption":"Sustainable Fashion - Eco Design - Healthy Lifestyle - Luxiders Magazine"},"image":{"@id":"https:\/\/luxiders.com\/de\/#\/schema\/logo\/image\/"}},{"@type":"Person","@id":"https:\/\/luxiders.com\/de\/#\/schema\/person\/8632fa702ae2ce98f66c396254633de8","name":"luxiders","url":"https:\/\/luxiders.com\/de\/author\/luxiders\/"}]}},"_links":{"self":[{"href":"https:\/\/luxiders.com\/de\/wp-json\/wp\/v2\/posts\/16471","targetHints":{"allow":["GET"]}}],"collection":[{"href":"https:\/\/luxiders.com\/de\/wp-json\/wp\/v2\/posts"}],"about":[{"href":"https:\/\/luxiders.com\/de\/wp-json\/wp\/v2\/types\/post"}],"author":[{"embeddable":true,"href":"https:\/\/luxiders.com\/de\/wp-json\/wp\/v2\/users\/2"}],"replies":[{"embeddable":true,"href":"https:\/\/luxiders.com\/de\/wp-json\/wp\/v2\/comments?post=16471"}],"version-history":[{"count":2,"href":"https:\/\/luxiders.com\/de\/wp-json\/wp\/v2\/posts\/16471\/revisions"}],"predecessor-version":[{"id":16502,"href":"https:\/\/luxiders.com\/de\/wp-json\/wp\/v2\/posts\/16471\/revisions\/16502"}],"wp:featuredmedia":[{"embeddable":true,"href":"https:\/\/luxiders.com\/de\/wp-json\/wp\/v2\/media\/16478"}],"wp:attachment":[{"href":"https:\/\/luxiders.com\/de\/wp-json\/wp\/v2\/media?parent=16471"}],"wp:term":[{"taxonomy":"category","embeddable":true,"href":"https:\/\/luxiders.com\/de\/wp-json\/wp\/v2\/categories?post=16471"},{"taxonomy":"post_tag","embeddable":true,"href":"https:\/\/luxiders.com\/de\/wp-json\/wp\/v2\/tags?post=16471"}],"curies":[{"name":"wp","href":"https:\/\/api.w.org\/{rel}","templated":true}]}}