{"id":19167,"date":"2022-04-19T00:29:00","date_gmt":"2022-04-18T22:29:00","guid":{"rendered":"http:\/\/luxiders.com.w01cc729.kasserver.com\/spring-summer-2022-runway-trend-miniskirt\/"},"modified":"2023-03-13T16:56:12","modified_gmt":"2023-03-13T15:56:12","slug":"fruehjahr-sommer-2022-laufsteg-trend-der-minirock","status":"publish","type":"post","link":"https:\/\/luxiders.com\/de\/fruehjahr-sommer-2022-laufsteg-trend-der-minirock\/","title":{"rendered":"Fr\u00fchjahr\/Sommer 2022 Laufsteg-Trend | Der Minirock"},"content":{"rendered":"    <section id=\"textblock-block_3eebef9e96cc9164c588ea6eedcce53c\" class=\"section position-relative gp-block gp-textblock pt-0 pb-0\">\n        <div class=\"container\">\n            <div class=\"row g-0\">\n                <div class=\"col-lg-12 content\" data-aos=\"fade-in\" data-aos-duration=\"1000\">\n                                                                                    <div class=\"intro \">\n                            <p style=\"text-align: center;\"><em>Der Minirock ist in dieser Saison angesagt. F\u00fcr Fr\u00fchjahr\/Sommer 2022 setzten Luxusmarken wie Versace und Prada ein Zeichen, weniger ist jetzt mehr. Wirf einen Blick auf die Marken, die den Minirock auf dem Laufsteg im Fr\u00fchjahr\/Sommer 2022 pr\u00e4sentierten.<\/em><\/p>\n<p>&nbsp;<\/p>\n                        <\/div>\n                                                                                                <\/div>\n            <\/div>\n        <\/div>\n    <\/section>\n    \n\n    <section id=\"newsletter-block_d970fbddccbc3713ceefb20401e348d9\" class=\"section position-relative gp-block gp-newsletter pt-0 pb-0 my-5\">\n        <div class=\"container\">\n            <div class=\"row g-0 pt-4 pb-3\">\n                <div class=\"col-lg-12 content text-center border pt-3\" data-aos=\"fade-in\" data-aos-duration=\"1000\">\n                                            <p><em>Um den Luxiders Newsletter zu erhalten,\u00a0<a href=\"https:\/\/landing.mailerlite.com\/webforms\/landing\/g1u8s7\">melde dich hier an<\/a>.<\/em><\/p>\n                                    <\/div>\n            <\/div>\n        <\/div>\n    <\/section>\n    \n\n    <section id=\"media-block_95650eb4b459b37791218fce7bdc7776\" class=\"section position-relative gp-block gp-media pt-0 pb-0\">\n        <div class=\"container\">\n            <div class=\"row g-0\">\n                <div class=\"col-lg-12 content\" data-aos=\"fade-in\" data-aos-duration=\"1000\">\n                                        <p>&nbsp;<\/p>\n<p>Trotz des dritten Jahres der Pandemie hat sich die Mode mit den Kollektionen f\u00fcr SS22 erholt und kehrt zu ihrer gewohnten Unbeschwertheit und Fr\u00f6hlichkeit zur\u00fcck. Und wenn es um die Sommerhitze geht, ist &#8222;Mehr&#8220; definitiv nicht besser. Viele Marken haben den Minirock ausgew\u00e4hlt, um uns abzuk\u00fchlen und nat\u00fcrlich zu verf\u00fchren.<\/p>\n<h3>DER MINIROCK-TREND<\/h3>\n<p>Der Minirock war schon immer der Star auf dem Laufsteg, egal zu welcher Zeit. Der englischen Designerin Mary Quant wird die Erfindung des Minirocks in den 1960er Jahren zugeschrieben, und seither ist er in fast jedem Jahrzehnt ein fester Bestandteil der Mode geblieben. Im Laufe der Jahre hat der Minirock einige Kontroversen ausgel\u00f6st, da er sich von den traditionellen Normen der Gesellschaft entfernte, aber auch eine Gruppe starker und selbstbewusster Frauen repr\u00e4sentierte, die durch ihre Sexualit\u00e4t gest\u00e4rkt wurden. Und da die Mode immer mutiger und die Sauml\u00e4ngen immer k\u00fcrzer werden, erkl\u00e4ren die Marken wieder einmal die Saison des Minirocks.<\/p>\n<h3>DER MINIROCK AUF DEM LAUFSTEG SS22<\/h3>\n<p><em>Versace<\/em><\/p>\n<p>Sowohl bei der Hauptkollektion von Donatella Versace f\u00fcr <a href=\"https:\/\/luxiders.com\/versace-spring-summer-2022-2\/\" target=\"_blank\" rel=\"noopener noreferrer\">SS22 collection<\/a> als auch bei der Gemeinschaftskollektion mit Fendi spielte der Minirock eine zentrale Rolle, wobei einige Versionen mit Monogrammen versehen und mit Sicherheitsnadeln befestigt wurden. Andere Varianten wie goldene Kettenhemden brachten das Publikum zum Strahlen und Patchwork-Denimr\u00f6cke mit riesigen Schnalleng\u00fcrteln verliehen der Kollektion einen nostalgischen Y2K-Charme.<\/p>\n<p>&nbsp;<\/p>\n                                    <\/div>\n            <\/div>\n            <div class=\"row g-0\">\n                <div class=\"col-lg-6 \">\n                                                                                                                                                <figure class=\"mb-4 pt-lg-2 mb-lg-2 ps-lg-2 pe-lg-2\" data-aos=\"fade-up\" data-aos-duration=\"1000\"><div class=\"img-container\"><img loading=\"lazy\" decoding=\"async\" width=\"640\" height=\"960\" src=\"https:\/\/luxiders.com\/content\/uploads\/versace_ss22_058.jpg\" class=\"img-fluid w-100\" alt=\"\" srcset=\"https:\/\/luxiders.com\/content\/uploads\/versace_ss22_058.jpg 640w, https:\/\/luxiders.com\/content\/uploads\/versace_ss22_058-200x300.jpg 200w\" sizes=\"(max-width: 640px) 100vw, 640px\" \/><\/div><figcaption>\u00a9 Versace<\/figcaption><\/figure>                                                                                            <\/div>\n                                    <div class=\"col-lg-6\">\n                                                                                                                                                        <figure class=\"mb-4 pt-lg-2 mb-lg-2 ps-lg-2 pe-lg-2\" data-aos=\"fade-up\" data-aos-duration=\"1000\"><div class=\"img-container\"><img loading=\"lazy\" decoding=\"async\" width=\"640\" height=\"960\" src=\"https:\/\/luxiders.com\/content\/uploads\/versace_ss22_020.jpg\" class=\"img-fluid w-100\" alt=\"\" srcset=\"https:\/\/luxiders.com\/content\/uploads\/versace_ss22_020.jpg 640w, https:\/\/luxiders.com\/content\/uploads\/versace_ss22_020-200x300.jpg 200w\" sizes=\"(max-width: 640px) 100vw, 640px\" \/><\/div><figcaption>\u00a9 Versace<\/figcaption><\/figure>                                                                                                        <\/div>\n                                            <\/div>\n        <\/div>\n    <\/section>\n    \n\n    <section id=\"media-block_006bdf107f5aa841164e562db4fb3af1\" class=\"section position-relative gp-block gp-media pt-0 pb-0\">\n        <div class=\"container\">\n            <div class=\"row g-0\">\n                <div class=\"col-lg-12 content\" data-aos=\"fade-in\" data-aos-duration=\"1000\">\n                                        <p>&nbsp;<\/p>\n<p><em>Prada<\/em><\/p>\n<p>Miuccia Prada und Raf Simons lieben das Spiel zwischen Maskulinit\u00e4t und Femininit\u00e4t, und die <a href=\"https:\/\/www.prada.com\/us\/en\/pradasphere\/fashion-shows\/2022\/ss-womenswear.html\" target=\"_blank\" rel=\"noopener noreferrer\">Kollektion<\/a> dieser Saison war nicht anders. Das Designer-Duo kombinierte Minikleider aus Duchesse-Satin mit Schleppen und farbigen R\u00f6cken mit \u00fcbergro\u00dfen Lederjacken, die Selbstbewusstsein mit einem weichen Touch ausstrahlten.<\/p>\n<p>&nbsp;<\/p>\n                                    <\/div>\n            <\/div>\n            <div class=\"row g-0\">\n                <div class=\"col-lg-6 \">\n                                                                                                                                                <figure class=\"mb-4 pt-lg-2 mb-lg-2 ps-lg-2 pe-lg-2\" data-aos=\"fade-up\" data-aos-duration=\"1000\"><div class=\"img-container\"><img loading=\"lazy\" decoding=\"async\" width=\"840\" height=\"1260\" src=\"https:\/\/luxiders.com\/content\/uploads\/cq5dam.web_.840.840.jpg-.jpg\" class=\"img-fluid w-100\" alt=\"\" srcset=\"https:\/\/luxiders.com\/content\/uploads\/cq5dam.web_.840.840.jpg-.jpg 840w, https:\/\/luxiders.com\/content\/uploads\/cq5dam.web_.840.840.jpg--200x300.jpg 200w, https:\/\/luxiders.com\/content\/uploads\/cq5dam.web_.840.840.jpg--768x1152.jpg 768w, https:\/\/luxiders.com\/content\/uploads\/cq5dam.web_.840.840.jpg--683x1024.jpg 683w\" sizes=\"(max-width: 840px) 100vw, 840px\" \/><\/div><figcaption>\u00a9 Prada<\/figcaption><\/figure>                                                                                            <\/div>\n                                    <div class=\"col-lg-6\">\n                                                                                                                                                        <figure class=\"mb-4 pt-lg-2 mb-lg-2 ps-lg-2 pe-lg-2\" data-aos=\"fade-up\" data-aos-duration=\"1000\"><div class=\"img-container\"><img loading=\"lazy\" decoding=\"async\" width=\"840\" height=\"1260\" src=\"https:\/\/luxiders.com\/content\/uploads\/cq5dam.web_.840.840.jpg-3.jpg\" class=\"img-fluid w-100\" alt=\"\" srcset=\"https:\/\/luxiders.com\/content\/uploads\/cq5dam.web_.840.840.jpg-3.jpg 840w, https:\/\/luxiders.com\/content\/uploads\/cq5dam.web_.840.840.jpg-3-200x300.jpg 200w, https:\/\/luxiders.com\/content\/uploads\/cq5dam.web_.840.840.jpg-3-768x1152.jpg 768w, https:\/\/luxiders.com\/content\/uploads\/cq5dam.web_.840.840.jpg-3-683x1024.jpg 683w\" sizes=\"(max-width: 840px) 100vw, 840px\" \/><\/div><figcaption>\u00a9 Prada<\/figcaption><\/figure>                                                                                                        <\/div>\n                                            <\/div>\n        <\/div>\n    <\/section>\n    \n\n    <section id=\"media-block_e14f9d79aed0fef38f03c3744223c7c5\" class=\"section position-relative gp-block gp-media pt-0 pb-0\">\n        <div class=\"container\">\n            <div class=\"row g-0\">\n                <div class=\"col-lg-12 content\" data-aos=\"fade-in\" data-aos-duration=\"1000\">\n                                        <p>&nbsp;<\/p>\n<p><em>Dior<\/em><\/p>\n<p>Maria Grazia Chiuri wich von ihrem \u00fcblichen Stil ab und lie\u00df in der SS22-Kollektion von Dior die Besessenheit der 1960er Jahre vom Minirock wieder aufleben. Die Models stolzierten in R\u00f6cken mit farbigen Bl\u00f6cken und klaren Linien \u00fcber den Laufsteg, einige sogar mit Tiermotiven, als eine Art R\u00fcckbesinnung auf die Jugendrevolution, die ein Jahrzehnt der Rebellion gegen gesellschaftliche Normen inspirierte.<\/p>\n<p>&nbsp;<\/p>\n                                    <\/div>\n            <\/div>\n            <div class=\"row g-0\">\n                <div class=\"col-lg-6 \">\n                                                                                                                                                <figure class=\"mb-4 pt-lg-2 mb-lg-2 ps-lg-2 pe-lg-2\" data-aos=\"fade-up\" data-aos-duration=\"1000\"><div class=\"img-container\"><img loading=\"lazy\" decoding=\"async\" width=\"640\" height=\"960\" src=\"https:\/\/luxiders.com\/content\/uploads\/dior_ss22_025.jpg\" class=\"img-fluid w-100\" alt=\"\" srcset=\"https:\/\/luxiders.com\/content\/uploads\/dior_ss22_025.jpg 640w, https:\/\/luxiders.com\/content\/uploads\/dior_ss22_025-200x300.jpg 200w\" sizes=\"(max-width: 640px) 100vw, 640px\" \/><\/div><figcaption>\u00a9 Dior<\/figcaption><\/figure>                                                                                            <\/div>\n                                    <div class=\"col-lg-6\">\n                                                                                                                                                        <figure class=\"mb-4 pt-lg-2 mb-lg-2 ps-lg-2 pe-lg-2\" data-aos=\"fade-up\" data-aos-duration=\"1000\"><div class=\"img-container\"><img loading=\"lazy\" decoding=\"async\" width=\"640\" height=\"960\" src=\"https:\/\/luxiders.com\/content\/uploads\/dior_ss22_095.jpg\" class=\"img-fluid w-100\" alt=\"\" srcset=\"https:\/\/luxiders.com\/content\/uploads\/dior_ss22_095.jpg 640w, https:\/\/luxiders.com\/content\/uploads\/dior_ss22_095-200x300.jpg 200w\" sizes=\"(max-width: 640px) 100vw, 640px\" \/><\/div><figcaption>\u00a9 Dior<\/figcaption><\/figure>                                                                                                        <\/div>\n                                            <\/div>\n        <\/div>\n    <\/section>\n    \n\n    <section id=\"media-block_3328447d3840f0c1abcfcbab890253f5\" class=\"section position-relative gp-block gp-media pt-0 pb-0\">\n        <div class=\"container\">\n            <div class=\"row g-0\">\n                <div class=\"col-lg-12 content\" data-aos=\"fade-in\" data-aos-duration=\"1000\">\n                                        <p>&nbsp;<\/p>\n<p><em>Miu Miu\u00a0<\/em><\/p>\n<p>Die <a href=\"https:\/\/luxiders.com\/miu-miu-spring-summer-2022-2\/\" target=\"_blank\" rel=\"noopener noreferrer\">Kollection<\/a> von Miuccia Prada gab der B\u00fcrokleidung eine ganz neue Bedeutung. Die Models trugen verk\u00fcrzte R\u00f6cke und Minir\u00f6cke aus Zopfstrick mit hohen Schlitzen sowie \u00fcbergro\u00dfe Hemden oder Strickwaren mit entbl\u00f6\u00dfter Taille.<\/p>\n                                    <\/div>\n            <\/div>\n            <div class=\"row g-0\">\n                <div class=\"col-lg-12 img-scaled\">\n                                                                                                                                                <figure class=\"mb-4 pt-lg-2 mb-lg-2 ps-lg-0 pe-lg-0\" data-aos=\"fade-up\" data-aos-duration=\"1000\"><div class=\"img-container\"><img loading=\"lazy\" decoding=\"async\" width=\"640\" height=\"960\" src=\"https:\/\/luxiders.com\/content\/uploads\/miu_miu_ss22_100.jpg\" class=\"img-fluid w-100\" alt=\"\" srcset=\"https:\/\/luxiders.com\/content\/uploads\/miu_miu_ss22_100.jpg 640w, https:\/\/luxiders.com\/content\/uploads\/miu_miu_ss22_100-200x300.jpg 200w\" sizes=\"(max-width: 640px) 100vw, 640px\" \/><\/div><figcaption>\u00a9 Miu Miu<\/figcaption><\/figure>                                                                                            <\/div>\n                                            <\/div>\n        <\/div>\n    <\/section>\n    \n\n    <section id=\"textblock-block_929f2f17e23618860f96b656a81bd385\" class=\"section position-relative gp-block gp-textblock pt-0 pb-0\">\n        <div class=\"container\">\n            <div class=\"row g-0\">\n                <div class=\"col-lg-12 content\" data-aos=\"fade-in\" data-aos-duration=\"1000\">\n                                                                                <p style=\"text-align: center;\"><em><strong>+\u00a0 Words: <\/strong><\/em><\/p>\n<p style=\"text-align: center;\"><em><strong>Tyler Lea-Thompson<br \/>\n<\/strong><\/em><em><strong>Luxiders Magazine<\/strong><\/em><\/p>\n                                                        <\/div>\n            <\/div>\n        <\/div>\n    <\/section>\n    ","protected":false},"excerpt":{"rendered":"","protected":false},"author":2,"featured_media":19142,"comment_status":"closed","ping_status":"closed","sticky":false,"template":"","format":"standard","meta":{"_acf_changed":false,"footnotes":""},"categories":[1216,1194],"tags":[3385,3386,2018,1918],"class_list":{"0":"post-19167","1":"post","2":"type-post","3":"status-publish","4":"format-standard","5":"has-post-thumbnail","7":"category-nachhaltiges-luxus-design","8":"category-nachhaltig-luxus-mode","9":"tag-1960s-de","10":"tag-miu-miu-de","11":"tag-sustainable-fashion-de","12":"tag-sustainable-luxury-de"},"acf":[],"yoast_head":"<title>Fr\u00fchjahr\/Sommer 2022 Laufsteg-Trend | Der Minirock<\/title>\n<meta name=\"description\" content=\"Wirf einen Blick auf die Marken, die den Minirock-Trend in ihre Kollektionen auf dem Laufsteg im Fr\u00fchjahr\/Sommer 2022 aufgenommen haben...\" \/>\n<meta name=\"robots\" content=\"index, follow, max-snippet:-1, max-image-preview:large, max-video-preview:-1\" \/>\n<link rel=\"canonical\" href=\"https:\/\/luxiders.com\/de\/fruehjahr-sommer-2022-laufsteg-trend-der-minirock\/\" \/>\n<meta property=\"og:locale\" content=\"de_DE\" \/>\n<meta property=\"og:type\" content=\"article\" \/>\n<meta property=\"og:title\" content=\"Fr\u00fchjahr\/Sommer 2022 Laufsteg-Trend | Der Minirock\" \/>\n<meta property=\"og:description\" content=\"Wirf einen Blick auf die Marken, die den Minirock-Trend in ihre Kollektionen auf dem Laufsteg im Fr\u00fchjahr\/Sommer 2022 aufgenommen haben...\" \/>\n<meta property=\"og:url\" content=\"https:\/\/luxiders.com\/de\/fruehjahr-sommer-2022-laufsteg-trend-der-minirock\/\" \/>\n<meta property=\"og:site_name\" content=\"Sustainable Fashion - Eco Design - Healthy Lifestyle - Luxiders Magazine\" \/>\n<meta property=\"article:published_time\" content=\"2022-04-18T22:29:00+00:00\" \/>\n<meta property=\"article:modified_time\" content=\"2023-03-13T15:56:12+00:00\" \/>\n<meta property=\"og:image\" content=\"https:\/\/luxiders.com\/content\/uploads\/look-13_width_3000-2.jpg\" \/>\n\t<meta property=\"og:image:width\" content=\"1990\" \/>\n\t<meta property=\"og:image:height\" content=\"1422\" \/>\n\t<meta property=\"og:image:type\" content=\"image\/jpeg\" \/>\n<meta name=\"author\" content=\"luxiders\" \/>\n<meta name=\"twitter:card\" content=\"summary_large_image\" \/>\n<meta name=\"twitter:label1\" content=\"Verfasst von\" \/>\n\t<meta name=\"twitter:data1\" content=\"luxiders\" \/>\n<script type=\"application\/ld+json\" class=\"yoast-schema-graph\">{\"@context\":\"https:\/\/schema.org\",\"@graph\":[{\"@type\":\"Article\",\"@id\":\"https:\/\/luxiders.com\/de\/fruehjahr-sommer-2022-laufsteg-trend-der-minirock\/#article\",\"isPartOf\":{\"@id\":\"https:\/\/luxiders.com\/de\/fruehjahr-sommer-2022-laufsteg-trend-der-minirock\/\"},\"author\":{\"name\":\"luxiders\",\"@id\":\"https:\/\/luxiders.com\/de\/#\/schema\/person\/8632fa702ae2ce98f66c396254633de8\"},\"headline\":\"Fr\u00fchjahr\/Sommer 2022 Laufsteg-Trend | Der Minirock\",\"datePublished\":\"2022-04-18T22:29:00+00:00\",\"dateModified\":\"2023-03-13T15:56:12+00:00\",\"mainEntityOfPage\":{\"@id\":\"https:\/\/luxiders.com\/de\/fruehjahr-sommer-2022-laufsteg-trend-der-minirock\/\"},\"wordCount\":6,\"publisher\":{\"@id\":\"https:\/\/luxiders.com\/de\/#organization\"},\"image\":{\"@id\":\"https:\/\/luxiders.com\/de\/fruehjahr-sommer-2022-laufsteg-trend-der-minirock\/#primaryimage\"},\"thumbnailUrl\":\"https:\/\/luxiders.com\/content\/uploads\/look-13_width_3000-2.jpg\",\"keywords\":[\"1960&#039;s\",\"Miu Miu\",\"sustainable fashion\",\"Sustainable luxury\"],\"articleSection\":[\"Design\",\"Mode\"],\"inLanguage\":\"de\"},{\"@type\":\"WebPage\",\"@id\":\"https:\/\/luxiders.com\/de\/fruehjahr-sommer-2022-laufsteg-trend-der-minirock\/\",\"url\":\"https:\/\/luxiders.com\/de\/fruehjahr-sommer-2022-laufsteg-trend-der-minirock\/\",\"name\":\"Fr\u00fchjahr\/Sommer 2022 Laufsteg-Trend | Der Minirock\",\"isPartOf\":{\"@id\":\"https:\/\/luxiders.com\/de\/#website\"},\"primaryImageOfPage\":{\"@id\":\"https:\/\/luxiders.com\/de\/fruehjahr-sommer-2022-laufsteg-trend-der-minirock\/#primaryimage\"},\"image\":{\"@id\":\"https:\/\/luxiders.com\/de\/fruehjahr-sommer-2022-laufsteg-trend-der-minirock\/#primaryimage\"},\"thumbnailUrl\":\"https:\/\/luxiders.com\/content\/uploads\/look-13_width_3000-2.jpg\",\"datePublished\":\"2022-04-18T22:29:00+00:00\",\"dateModified\":\"2023-03-13T15:56:12+00:00\",\"description\":\"Wirf einen Blick auf die Marken, die den Minirock-Trend in ihre Kollektionen auf dem Laufsteg im Fr\u00fchjahr\/Sommer 2022 aufgenommen haben...\",\"breadcrumb\":{\"@id\":\"https:\/\/luxiders.com\/de\/fruehjahr-sommer-2022-laufsteg-trend-der-minirock\/#breadcrumb\"},\"inLanguage\":\"de\",\"potentialAction\":[{\"@type\":\"ReadAction\",\"target\":[\"https:\/\/luxiders.com\/de\/fruehjahr-sommer-2022-laufsteg-trend-der-minirock\/\"]}]},{\"@type\":\"ImageObject\",\"inLanguage\":\"de\",\"@id\":\"https:\/\/luxiders.com\/de\/fruehjahr-sommer-2022-laufsteg-trend-der-minirock\/#primaryimage\",\"url\":\"https:\/\/luxiders.com\/content\/uploads\/look-13_width_3000-2.jpg\",\"contentUrl\":\"https:\/\/luxiders.com\/content\/uploads\/look-13_width_3000-2.jpg\",\"width\":1990,\"height\":1422},{\"@type\":\"BreadcrumbList\",\"@id\":\"https:\/\/luxiders.com\/de\/fruehjahr-sommer-2022-laufsteg-trend-der-minirock\/#breadcrumb\",\"itemListElement\":[{\"@type\":\"ListItem\",\"position\":1,\"name\":\"Startseite\",\"item\":\"https:\/\/luxiders.com\/de\/\"},{\"@type\":\"ListItem\",\"position\":2,\"name\":\"Design\",\"item\":\"https:\/\/luxiders.com\/de\/Katregorie\/nachhaltiges-luxus-design\/\"},{\"@type\":\"ListItem\",\"position\":3,\"name\":\"Fr\u00fchjahr\/Sommer 2022 Laufsteg-Trend | Der Minirock\"}]},{\"@type\":\"WebSite\",\"@id\":\"https:\/\/luxiders.com\/de\/#website\",\"url\":\"https:\/\/luxiders.com\/de\/\",\"name\":\"Sustainable Fashion - Eco Design - Healthy Lifestyle - Luxiders Magazine\",\"description\":\"Luxiders is a sustainable luxury magazine highlighting the best stories about sustainable fashion, ethical fashion, eco-friendly design, green design, sustainable travel, natural beauty, organic beauty and healthy lifestyle. Know the best high-end, progressive and luxury sustainable brands and designers worldwide.\",\"publisher\":{\"@id\":\"https:\/\/luxiders.com\/de\/#organization\"},\"potentialAction\":[{\"@type\":\"SearchAction\",\"target\":{\"@type\":\"EntryPoint\",\"urlTemplate\":\"https:\/\/luxiders.com\/de\/?s={search_term_string}\"},\"query-input\":{\"@type\":\"PropertyValueSpecification\",\"valueRequired\":true,\"valueName\":\"search_term_string\"}}],\"inLanguage\":\"de\"},{\"@type\":\"Organization\",\"@id\":\"https:\/\/luxiders.com\/de\/#organization\",\"name\":\"Sustainable Fashion - Eco Design - Healthy Lifestyle - Luxiders Magazine\",\"url\":\"https:\/\/luxiders.com\/de\/\",\"logo\":{\"@type\":\"ImageObject\",\"inLanguage\":\"de\",\"@id\":\"https:\/\/luxiders.com\/de\/#\/schema\/logo\/image\/\",\"url\":\"https:\/\/luxiders.com\/content\/uploads\/lux-logo.svg\",\"contentUrl\":\"https:\/\/luxiders.com\/content\/uploads\/lux-logo.svg\",\"caption\":\"Sustainable Fashion - Eco Design - Healthy Lifestyle - Luxiders Magazine\"},\"image\":{\"@id\":\"https:\/\/luxiders.com\/de\/#\/schema\/logo\/image\/\"}},{\"@type\":\"Person\",\"@id\":\"https:\/\/luxiders.com\/de\/#\/schema\/person\/8632fa702ae2ce98f66c396254633de8\",\"name\":\"luxiders\",\"url\":\"https:\/\/luxiders.com\/de\/author\/luxiders\/\"}]}<\/script>","yoast_head_json":{"title":"Fr\u00fchjahr\/Sommer 2022 Laufsteg-Trend | Der Minirock","description":"Wirf einen Blick auf die Marken, die den Minirock-Trend in ihre Kollektionen auf dem Laufsteg im Fr\u00fchjahr\/Sommer 2022 aufgenommen haben...","robots":{"index":"index","follow":"follow","max-snippet":"max-snippet:-1","max-image-preview":"max-image-preview:large","max-video-preview":"max-video-preview:-1"},"canonical":"https:\/\/luxiders.com\/de\/fruehjahr-sommer-2022-laufsteg-trend-der-minirock\/","og_locale":"de_DE","og_type":"article","og_title":"Fr\u00fchjahr\/Sommer 2022 Laufsteg-Trend | Der Minirock","og_description":"Wirf einen Blick auf die Marken, die den Minirock-Trend in ihre Kollektionen auf dem Laufsteg im Fr\u00fchjahr\/Sommer 2022 aufgenommen haben...","og_url":"https:\/\/luxiders.com\/de\/fruehjahr-sommer-2022-laufsteg-trend-der-minirock\/","og_site_name":"Sustainable Fashion - Eco Design - Healthy Lifestyle - Luxiders Magazine","article_published_time":"2022-04-18T22:29:00+00:00","article_modified_time":"2023-03-13T15:56:12+00:00","og_image":[{"width":1990,"height":1422,"url":"https:\/\/luxiders.com\/content\/uploads\/look-13_width_3000-2.jpg","type":"image\/jpeg"}],"author":"luxiders","twitter_card":"summary_large_image","twitter_misc":{"Verfasst von":"luxiders"},"schema":{"@context":"https:\/\/schema.org","@graph":[{"@type":"Article","@id":"https:\/\/luxiders.com\/de\/fruehjahr-sommer-2022-laufsteg-trend-der-minirock\/#article","isPartOf":{"@id":"https:\/\/luxiders.com\/de\/fruehjahr-sommer-2022-laufsteg-trend-der-minirock\/"},"author":{"name":"luxiders","@id":"https:\/\/luxiders.com\/de\/#\/schema\/person\/8632fa702ae2ce98f66c396254633de8"},"headline":"Fr\u00fchjahr\/Sommer 2022 Laufsteg-Trend | Der Minirock","datePublished":"2022-04-18T22:29:00+00:00","dateModified":"2023-03-13T15:56:12+00:00","mainEntityOfPage":{"@id":"https:\/\/luxiders.com\/de\/fruehjahr-sommer-2022-laufsteg-trend-der-minirock\/"},"wordCount":6,"publisher":{"@id":"https:\/\/luxiders.com\/de\/#organization"},"image":{"@id":"https:\/\/luxiders.com\/de\/fruehjahr-sommer-2022-laufsteg-trend-der-minirock\/#primaryimage"},"thumbnailUrl":"https:\/\/luxiders.com\/content\/uploads\/look-13_width_3000-2.jpg","keywords":["1960&#039;s","Miu Miu","sustainable fashion","Sustainable luxury"],"articleSection":["Design","Mode"],"inLanguage":"de"},{"@type":"WebPage","@id":"https:\/\/luxiders.com\/de\/fruehjahr-sommer-2022-laufsteg-trend-der-minirock\/","url":"https:\/\/luxiders.com\/de\/fruehjahr-sommer-2022-laufsteg-trend-der-minirock\/","name":"Fr\u00fchjahr\/Sommer 2022 Laufsteg-Trend | Der Minirock","isPartOf":{"@id":"https:\/\/luxiders.com\/de\/#website"},"primaryImageOfPage":{"@id":"https:\/\/luxiders.com\/de\/fruehjahr-sommer-2022-laufsteg-trend-der-minirock\/#primaryimage"},"image":{"@id":"https:\/\/luxiders.com\/de\/fruehjahr-sommer-2022-laufsteg-trend-der-minirock\/#primaryimage"},"thumbnailUrl":"https:\/\/luxiders.com\/content\/uploads\/look-13_width_3000-2.jpg","datePublished":"2022-04-18T22:29:00+00:00","dateModified":"2023-03-13T15:56:12+00:00","description":"Wirf einen Blick auf die Marken, die den Minirock-Trend in ihre Kollektionen auf dem Laufsteg im Fr\u00fchjahr\/Sommer 2022 aufgenommen haben...","breadcrumb":{"@id":"https:\/\/luxiders.com\/de\/fruehjahr-sommer-2022-laufsteg-trend-der-minirock\/#breadcrumb"},"inLanguage":"de","potentialAction":[{"@type":"ReadAction","target":["https:\/\/luxiders.com\/de\/fruehjahr-sommer-2022-laufsteg-trend-der-minirock\/"]}]},{"@type":"ImageObject","inLanguage":"de","@id":"https:\/\/luxiders.com\/de\/fruehjahr-sommer-2022-laufsteg-trend-der-minirock\/#primaryimage","url":"https:\/\/luxiders.com\/content\/uploads\/look-13_width_3000-2.jpg","contentUrl":"https:\/\/luxiders.com\/content\/uploads\/look-13_width_3000-2.jpg","width":1990,"height":1422},{"@type":"BreadcrumbList","@id":"https:\/\/luxiders.com\/de\/fruehjahr-sommer-2022-laufsteg-trend-der-minirock\/#breadcrumb","itemListElement":[{"@type":"ListItem","position":1,"name":"Startseite","item":"https:\/\/luxiders.com\/de\/"},{"@type":"ListItem","position":2,"name":"Design","item":"https:\/\/luxiders.com\/de\/Katregorie\/nachhaltiges-luxus-design\/"},{"@type":"ListItem","position":3,"name":"Fr\u00fchjahr\/Sommer 2022 Laufsteg-Trend | Der Minirock"}]},{"@type":"WebSite","@id":"https:\/\/luxiders.com\/de\/#website","url":"https:\/\/luxiders.com\/de\/","name":"Sustainable Fashion - Eco Design - Healthy Lifestyle - Luxiders Magazine","description":"Luxiders is a sustainable luxury magazine highlighting the best stories about sustainable fashion, ethical fashion, eco-friendly design, green design, sustainable travel, natural beauty, organic beauty and healthy lifestyle. Know the best high-end, progressive and luxury sustainable brands and designers worldwide.","publisher":{"@id":"https:\/\/luxiders.com\/de\/#organization"},"potentialAction":[{"@type":"SearchAction","target":{"@type":"EntryPoint","urlTemplate":"https:\/\/luxiders.com\/de\/?s={search_term_string}"},"query-input":{"@type":"PropertyValueSpecification","valueRequired":true,"valueName":"search_term_string"}}],"inLanguage":"de"},{"@type":"Organization","@id":"https:\/\/luxiders.com\/de\/#organization","name":"Sustainable Fashion - Eco Design - Healthy Lifestyle - Luxiders Magazine","url":"https:\/\/luxiders.com\/de\/","logo":{"@type":"ImageObject","inLanguage":"de","@id":"https:\/\/luxiders.com\/de\/#\/schema\/logo\/image\/","url":"https:\/\/luxiders.com\/content\/uploads\/lux-logo.svg","contentUrl":"https:\/\/luxiders.com\/content\/uploads\/lux-logo.svg","caption":"Sustainable Fashion - Eco Design - Healthy Lifestyle - Luxiders Magazine"},"image":{"@id":"https:\/\/luxiders.com\/de\/#\/schema\/logo\/image\/"}},{"@type":"Person","@id":"https:\/\/luxiders.com\/de\/#\/schema\/person\/8632fa702ae2ce98f66c396254633de8","name":"luxiders","url":"https:\/\/luxiders.com\/de\/author\/luxiders\/"}]}},"_links":{"self":[{"href":"https:\/\/luxiders.com\/de\/wp-json\/wp\/v2\/posts\/19167","targetHints":{"allow":["GET"]}}],"collection":[{"href":"https:\/\/luxiders.com\/de\/wp-json\/wp\/v2\/posts"}],"about":[{"href":"https:\/\/luxiders.com\/de\/wp-json\/wp\/v2\/types\/post"}],"author":[{"embeddable":true,"href":"https:\/\/luxiders.com\/de\/wp-json\/wp\/v2\/users\/2"}],"replies":[{"embeddable":true,"href":"https:\/\/luxiders.com\/de\/wp-json\/wp\/v2\/comments?post=19167"}],"version-history":[{"count":3,"href":"https:\/\/luxiders.com\/de\/wp-json\/wp\/v2\/posts\/19167\/revisions"}],"predecessor-version":[{"id":19172,"href":"https:\/\/luxiders.com\/de\/wp-json\/wp\/v2\/posts\/19167\/revisions\/19172"}],"wp:featuredmedia":[{"embeddable":true,"href":"https:\/\/luxiders.com\/de\/wp-json\/wp\/v2\/media\/19142"}],"wp:attachment":[{"href":"https:\/\/luxiders.com\/de\/wp-json\/wp\/v2\/media?parent=19167"}],"wp:term":[{"taxonomy":"category","embeddable":true,"href":"https:\/\/luxiders.com\/de\/wp-json\/wp\/v2\/categories?post=19167"},{"taxonomy":"post_tag","embeddable":true,"href":"https:\/\/luxiders.com\/de\/wp-json\/wp\/v2\/tags?post=19167"}],"curies":[{"name":"wp","href":"https:\/\/api.w.org\/{rel}","templated":true}]}}