{"id":19807,"date":"2021-11-03T19:10:00","date_gmt":"2021-11-03T18:10:00","guid":{"rendered":"http:\/\/luxiders.com.w01cc729.kasserver.com\/stella-mccartney-the-future-of-fashion-cop-26\/"},"modified":"2023-03-16T12:57:53","modified_gmt":"2023-03-16T11:57:53","slug":"stella-mccartney-the-future-of-fashion-cop-26","status":"publish","type":"post","link":"https:\/\/luxiders.com\/de\/stella-mccartney-the-future-of-fashion-cop-26\/","title":{"rendered":"Stella McCartney Initiiert The Future of Fashion auf der COP 26"},"content":{"rendered":"    <section id=\"textblock-block_562a05ebe931bd86e4a47c07e267e257\" class=\"section position-relative gp-block gp-textblock pt-0 pb-0\">\n        <div class=\"container\">\n            <div class=\"row g-0\">\n                <div class=\"col-lg-12 content\" data-aos=\"fade-in\" data-aos-duration=\"1000\">\n                                                                                    <div class=\"intro \">\n                            <p style=\"text-align: center;\"><em>Stella McCartney nimmt an der COP26 im Rahmen der Sustainable Markets Initiative (SMI) von HRH Prince Charles teil und pr\u00e4sentierte die Ausstellung \u201e Future of Fashion: An innovation conversation with Stella McCartney\u201c, welche in der Kelvingrove Art Gallery and Museum in Glasgow stattfindet. Die Installation bringt die Welt dazu, eine naturfreundlichere Modebranche zu entdecken und daran teilzunehmen, indem sie die Materialien der n\u00e4chsten Generation der Marke erforscht und aktuelle Errungenschaften nutzt, um zuk\u00fcnftige Aktionen voranzutreiben.<\/em><\/p>\n                        <\/div>\n                                                                                                <\/div>\n            <\/div>\n        <\/div>\n    <\/section>\n    \n\n    <section id=\"newsletter-block_377f3dfae1e594fa1cf76abd6b43baa2\" class=\"section position-relative gp-block gp-newsletter pt-0 pb-0 my-5\">\n        <div class=\"container\">\n            <div class=\"row g-0 pt-4 pb-3\">\n                <div class=\"col-lg-12 content text-center border pt-3\" data-aos=\"fade-in\" data-aos-duration=\"1000\">\n                                            <p><em>Um den Luxiders Newsletter zu erhalten,\u00a0<a href=\"https:\/\/landing.mailerlite.com\/webforms\/landing\/g1u8s7\">melde dich hier an<\/a>.<\/em><\/p>\n                                    <\/div>\n            <\/div>\n        <\/div>\n    <\/section>\n    \n\n    <section id=\"textblock-block_d49994bd6be868cbae9ad3f55304e84d\" class=\"section position-relative gp-block gp-textblock pt-0 pb-0\">\n        <div class=\"container\">\n            <div class=\"row g-0\">\n                <div class=\"col-lg-12 content\" data-aos=\"fade-in\" data-aos-duration=\"1000\">\n                                                                                                                            <div class=\"highlighted mt-5 mt-lg-6 px-lg-5\">\n                            <p class=\"paragraph\" style=\"text-align: right;\" align=\"center\"><em>\u201cDies ist das entscheidende Jahrzehnt und wenn wir nicht entschlossen handeln, wissen wir welche Konsequenzen auf uns warten. Jede Minute verschwindet die Gr\u00f6\u00dfe eines Fu\u00dfballplatzes im Amazonas. 80 % dieser Fl\u00e4che werden f\u00fcr die Tierhaltung genutzt. Die Zukunft der Mode und unseres Planeten ist vegan.&#8220; \u2013 Stella McCartney<\/em><\/p>\n                        <\/div>\n                                                        <\/div>\n            <\/div>\n        <\/div>\n    <\/section>\n    \n\n    <section id=\"textblock-block_793618b2c609c78b7287834a4ffff51a\" class=\"section position-relative gp-block gp-textblock pt-0 pb-0\">\n        <div class=\"container\">\n            <div class=\"row g-0\">\n                <div class=\"col-lg-12 content\" data-aos=\"fade-in\" data-aos-duration=\"1000\">\n                                                                                <p>&nbsp;<\/p>\n<p>Zu den Materialien, die in der Ausstellung \u201eFuture of Fashion\u201c ausgestellt werden, geh\u00f6ren St\u00fccke aus <span class=\"normaltextrun\"><a href=\"https:\/\/luxiders.com\/stella-mccartney-garments-mushroom\/\" target=\"_blank\" rel=\"noopener noreferrer\">Bolt Threads\u2019\u00a0 Mylo mycelium\u00a0unleather<\/a><\/span>; die weltweit ersten veganen Fu\u00dfballschuhe, die Stella McCartney in Zusammenarbeit mit Paul Pogba und adidas entwickelt hat; regenerative Baumwolle von S\u00d6KTA\u015e; Evrnu NuCycl und ECONYL regenerierten Nylon aus Post-Consumer-Abf\u00e4llen und Meeresplastik \u2013 alle umkreisen eine skulpturale und lebende Pilzausstellung, die eine Botschaft visuell ausarbeitet, die mit ihrer Laufstegshow im Sommer 2022 begonnen wurde. Um erneut zu demonstrieren, <a href=\"https:\/\/luxiders.com\/how-sustainable-is-stella-mccartney\/\" target=\"_blank\" rel=\"noopener noreferrer\">wie nachhaltig Stella McCartney ist<\/a>, l\u00e4dt Stella nicht nur Repr\u00e4sentanten, sondern auch die \u00d6ffentlichkeit ein, ein Versprechen zu unterzeichnen, was die Verwendung von Tierleder und -pelz in der Modeindustrie untersagt, die f\u00fcr Klima- und Biodiversit\u00e4tskrisen sch\u00e4dlich sind.<\/p>\n                                            <div class=\"highlighted mt-5 mt-lg-6 px-lg-5\">\n                            <p class=\"paragraph\" style=\"text-align: right;\" align=\"center\"><em>&#8222;Ich hoffe, dass ich durch die Vertretung unserer Branche und durch \u00a0die Vorstellung meiner aktuellen Materialinnovationen auf der COP26 Ma\u00dfnahmen unter den F\u00fchrungskr\u00e4ften des Privatsektors und der Regierung inspirieren kann, indem ich mehr naturpositive Investitionen und Anreize vorantreibe. Nicht miteinander zu kollaborieren, w\u00e4re eine Ungerechtigkeit gegen\u00fcber zuk\u00fcnftiger Generationen and denjenigen, die bereits unter den Auswirkungen des Klimawandels leiden.&#8220; &#8211; Stella McCartney.<\/em><\/p>\n                        <\/div>\n                                                        <\/div>\n            <\/div>\n        <\/div>\n    <\/section>\n    \n\n    <section id=\"media-block_203bcd0852f384d7ec694272a011ef5b\" class=\"section position-relative gp-block gp-media pt-0 pb-0\">\n        <div class=\"container\">\n            <div class=\"row g-0\">\n                <div class=\"col-lg-12 content\" data-aos=\"fade-in\" data-aos-duration=\"1000\">\n                                                                            <\/div>\n            <\/div>\n            <div class=\"row g-0\">\n                <div class=\"col-lg-6 \">\n                                                                                                                                                <figure class=\"mb-4 pt-lg-2 mb-lg-0 ps-lg-2 pe-lg-3\" data-aos=\"fade-up\" data-aos-duration=\"1000\"><div class=\"img-container\"><img loading=\"lazy\" decoding=\"async\" width=\"1200\" height=\"1800\" src=\"https:\/\/luxiders.com\/content\/uploads\/stella-mccartney-the-future-of-fashion-4.jpeg\" class=\"img-fluid w-100\" alt=\"\" srcset=\"https:\/\/luxiders.com\/content\/uploads\/stella-mccartney-the-future-of-fashion-4.jpeg 1200w, https:\/\/luxiders.com\/content\/uploads\/stella-mccartney-the-future-of-fashion-4-200x300.jpeg 200w, https:\/\/luxiders.com\/content\/uploads\/stella-mccartney-the-future-of-fashion-4-768x1152.jpeg 768w, https:\/\/luxiders.com\/content\/uploads\/stella-mccartney-the-future-of-fashion-4-683x1024.jpeg 683w, https:\/\/luxiders.com\/content\/uploads\/stella-mccartney-the-future-of-fashion-4-1024x1536.jpeg 1024w\" sizes=\"(max-width: 1200px) 100vw, 1200px\" \/><\/div><\/figure>                                                                                            <\/div>\n                                    <div class=\"col-lg-6\">\n                                                                                                                                                        <figure class=\"mb-4 pt-lg-2 mb-lg-9 ps-lg-4 pe-lg-3\" data-aos=\"fade-up\" data-aos-duration=\"1000\"><div class=\"img-container\"><img loading=\"lazy\" decoding=\"async\" width=\"1200\" height=\"1800\" src=\"https:\/\/luxiders.com\/content\/uploads\/stella-mccartney-the-future-of-fashion-1.jpeg\" class=\"img-fluid w-100\" alt=\"\" srcset=\"https:\/\/luxiders.com\/content\/uploads\/stella-mccartney-the-future-of-fashion-1.jpeg 1200w, https:\/\/luxiders.com\/content\/uploads\/stella-mccartney-the-future-of-fashion-1-200x300.jpeg 200w, https:\/\/luxiders.com\/content\/uploads\/stella-mccartney-the-future-of-fashion-1-768x1152.jpeg 768w, https:\/\/luxiders.com\/content\/uploads\/stella-mccartney-the-future-of-fashion-1-683x1024.jpeg 683w, https:\/\/luxiders.com\/content\/uploads\/stella-mccartney-the-future-of-fashion-1-1024x1536.jpeg 1024w\" sizes=\"(max-width: 1200px) 100vw, 1200px\" \/><\/div><\/figure>                                                                                                        <\/div>\n                                            <\/div>\n        <\/div>\n    <\/section>\n    \n\n    <section id=\"media-block_51e37ea5b016f366b97ce887125c52f6\" class=\"section position-relative gp-block gp-media pt-0 pb-0\">\n        <div class=\"container\">\n            <div class=\"row g-0\">\n                <div class=\"col-lg-12 content\" data-aos=\"fade-in\" data-aos-duration=\"1000\">\n                                                                            <\/div>\n            <\/div>\n            <div class=\"row g-0\">\n                <div class=\"col-lg-12 img-scaled\">\n                                                                                                                                                <figure class=\"mb-4 pt-lg-2 mb-lg-2 ps-lg-0 pe-lg-0\" data-aos=\"fade-up\" data-aos-duration=\"1000\"><div class=\"img-container\"><img loading=\"lazy\" decoding=\"async\" width=\"1200\" height=\"1800\" src=\"https:\/\/luxiders.com\/content\/uploads\/stella-mccartney-the-future-of-fashion-3.jpeg\" class=\"img-fluid w-100\" alt=\"\" srcset=\"https:\/\/luxiders.com\/content\/uploads\/stella-mccartney-the-future-of-fashion-3.jpeg 1200w, https:\/\/luxiders.com\/content\/uploads\/stella-mccartney-the-future-of-fashion-3-200x300.jpeg 200w, https:\/\/luxiders.com\/content\/uploads\/stella-mccartney-the-future-of-fashion-3-768x1152.jpeg 768w, https:\/\/luxiders.com\/content\/uploads\/stella-mccartney-the-future-of-fashion-3-683x1024.jpeg 683w, https:\/\/luxiders.com\/content\/uploads\/stella-mccartney-the-future-of-fashion-3-1024x1536.jpeg 1024w\" sizes=\"(max-width: 1200px) 100vw, 1200px\" \/><\/div><\/figure>                                                                                            <\/div>\n                                            <\/div>\n        <\/div>\n    <\/section>\n    \n\n    <section id=\"textblock-block_e6b1c935f0b088ca128277f33b820e44\" class=\"section position-relative gp-block gp-textblock pt-0 pb-0\">\n        <div class=\"container\">\n            <div class=\"row g-0\">\n                <div class=\"col-lg-12 content\" data-aos=\"fade-in\" data-aos-duration=\"1000\">\n                                                                                <div class=\"column mcb-column one-sixth column_placeholder\">\n<div class=\"placeholder\"><\/div>\n<\/div>\n<div class=\"column mcb-column two-third column_visual \">\n<p>Stella wird auch an verschiedenen Veranstaltungen w\u00e4hrend der COP26 teilnehmen, darunter am Climate Hub der New York Times, wo sie von Vanessa Friedman interviewt wird. An diesem Tag nimmt sie auch am Abschlusspanel des UNFCCC (United Nations Framework Convention on Climate Change) Fashion Forum im Gespr\u00e4ch mit Caroline Rush teil.<\/p>\n<p>Die \u201eFuture of Fashion: An innovation conversation mit Stella McCartney\u201c l\u00e4uft vom 3. bis 5. und wird dann vom 8. bis 9. November f\u00fcr Studenten- und Nachwuchsaktivisten reaktiviert. Der Tagungsort wird Diskussionen von Jugendklimaf\u00fchrern, dem British Fashion Council (BFC) und The Great Campaign veranstalten.<\/p>\n<\/div>\n                                                        <\/div>\n            <\/div>\n        <\/div>\n    <\/section>\n    ","protected":false},"excerpt":{"rendered":"","protected":false},"author":2,"featured_media":19795,"comment_status":"closed","ping_status":"closed","sticky":false,"template":"","format":"standard","meta":{"_acf_changed":false,"footnotes":""},"categories":[1216,1221,1194],"tags":[3538,2749,2018,1918],"class_list":{"0":"post-19807","1":"post","2":"type-post","3":"status-publish","4":"format-standard","5":"has-post-thumbnail","7":"category-nachhaltiges-luxus-design","8":"category-kunst-kultur","9":"category-nachhaltig-luxus-mode","10":"tag-cop-26-de","11":"tag-fashion-industry-de","12":"tag-sustainable-fashion-de","13":"tag-sustainable-luxury-de"},"acf":[],"yoast_head":"<title>Stella McCartney Initiiert The Future of Fashion auf der COP 26<\/title>\n<meta name=\"description\" content=\"Stella McCartney pr\u00e4sentierte die Ausstellung \u201e Future of Fashion: An innovation conversation with Stella McCartney\u201c.\" \/>\n<meta name=\"robots\" content=\"index, follow, max-snippet:-1, max-image-preview:large, max-video-preview:-1\" \/>\n<link rel=\"canonical\" href=\"https:\/\/luxiders.com\/de\/stella-mccartney-the-future-of-fashion-cop-26\/\" \/>\n<meta property=\"og:locale\" content=\"de_DE\" \/>\n<meta property=\"og:type\" content=\"article\" \/>\n<meta property=\"og:title\" content=\"Stella McCartney Initiiert The Future of Fashion auf der COP 26\" \/>\n<meta property=\"og:description\" content=\"Stella McCartney pr\u00e4sentierte die Ausstellung \u201e Future of Fashion: An innovation conversation with Stella McCartney\u201c.\" \/>\n<meta property=\"og:url\" content=\"https:\/\/luxiders.com\/de\/stella-mccartney-the-future-of-fashion-cop-26\/\" \/>\n<meta property=\"og:site_name\" content=\"Sustainable Fashion - Eco Design - Healthy Lifestyle - Luxiders Magazine\" \/>\n<meta property=\"article:published_time\" content=\"2021-11-03T18:10:00+00:00\" \/>\n<meta property=\"article:modified_time\" content=\"2023-03-16T11:57:53+00:00\" \/>\n<meta property=\"og:image\" content=\"https:\/\/luxiders.com\/content\/uploads\/stella-mccartney-the-future-of-fashion-2.jpeg\" \/>\n\t<meta property=\"og:image:width\" content=\"1990\" \/>\n\t<meta property=\"og:image:height\" content=\"1374\" \/>\n\t<meta property=\"og:image:type\" content=\"image\/jpeg\" \/>\n<meta name=\"author\" content=\"luxiders\" \/>\n<meta name=\"twitter:card\" content=\"summary_large_image\" \/>\n<meta name=\"twitter:label1\" content=\"Verfasst von\" \/>\n\t<meta name=\"twitter:data1\" content=\"luxiders\" \/>\n<script type=\"application\/ld+json\" class=\"yoast-schema-graph\">{\"@context\":\"https:\/\/schema.org\",\"@graph\":[{\"@type\":\"Article\",\"@id\":\"https:\/\/luxiders.com\/de\/stella-mccartney-the-future-of-fashion-cop-26\/#article\",\"isPartOf\":{\"@id\":\"https:\/\/luxiders.com\/de\/stella-mccartney-the-future-of-fashion-cop-26\/\"},\"author\":{\"name\":\"luxiders\",\"@id\":\"https:\/\/luxiders.com\/de\/#\/schema\/person\/8632fa702ae2ce98f66c396254633de8\"},\"headline\":\"Stella McCartney Initiiert The Future of Fashion auf der COP 26\",\"datePublished\":\"2021-11-03T18:10:00+00:00\",\"dateModified\":\"2023-03-16T11:57:53+00:00\",\"mainEntityOfPage\":{\"@id\":\"https:\/\/luxiders.com\/de\/stella-mccartney-the-future-of-fashion-cop-26\/\"},\"wordCount\":10,\"publisher\":{\"@id\":\"https:\/\/luxiders.com\/de\/#organization\"},\"image\":{\"@id\":\"https:\/\/luxiders.com\/de\/stella-mccartney-the-future-of-fashion-cop-26\/#primaryimage\"},\"thumbnailUrl\":\"https:\/\/luxiders.com\/content\/uploads\/stella-mccartney-the-future-of-fashion-2.jpeg\",\"keywords\":[\"Cop 26\",\"fashion industry\",\"sustainable fashion\",\"Sustainable luxury\"],\"articleSection\":[\"Design\",\"Kunst\/Kultur\",\"Mode\"],\"inLanguage\":\"de\"},{\"@type\":\"WebPage\",\"@id\":\"https:\/\/luxiders.com\/de\/stella-mccartney-the-future-of-fashion-cop-26\/\",\"url\":\"https:\/\/luxiders.com\/de\/stella-mccartney-the-future-of-fashion-cop-26\/\",\"name\":\"Stella McCartney Initiiert The Future of Fashion auf der COP 26\",\"isPartOf\":{\"@id\":\"https:\/\/luxiders.com\/de\/#website\"},\"primaryImageOfPage\":{\"@id\":\"https:\/\/luxiders.com\/de\/stella-mccartney-the-future-of-fashion-cop-26\/#primaryimage\"},\"image\":{\"@id\":\"https:\/\/luxiders.com\/de\/stella-mccartney-the-future-of-fashion-cop-26\/#primaryimage\"},\"thumbnailUrl\":\"https:\/\/luxiders.com\/content\/uploads\/stella-mccartney-the-future-of-fashion-2.jpeg\",\"datePublished\":\"2021-11-03T18:10:00+00:00\",\"dateModified\":\"2023-03-16T11:57:53+00:00\",\"description\":\"Stella McCartney pr\u00e4sentierte die Ausstellung \u201e Future of Fashion: An innovation conversation with Stella McCartney\u201c.\",\"breadcrumb\":{\"@id\":\"https:\/\/luxiders.com\/de\/stella-mccartney-the-future-of-fashion-cop-26\/#breadcrumb\"},\"inLanguage\":\"de\",\"potentialAction\":[{\"@type\":\"ReadAction\",\"target\":[\"https:\/\/luxiders.com\/de\/stella-mccartney-the-future-of-fashion-cop-26\/\"]}]},{\"@type\":\"ImageObject\",\"inLanguage\":\"de\",\"@id\":\"https:\/\/luxiders.com\/de\/stella-mccartney-the-future-of-fashion-cop-26\/#primaryimage\",\"url\":\"https:\/\/luxiders.com\/content\/uploads\/stella-mccartney-the-future-of-fashion-2.jpeg\",\"contentUrl\":\"https:\/\/luxiders.com\/content\/uploads\/stella-mccartney-the-future-of-fashion-2.jpeg\",\"width\":1990,\"height\":1374},{\"@type\":\"BreadcrumbList\",\"@id\":\"https:\/\/luxiders.com\/de\/stella-mccartney-the-future-of-fashion-cop-26\/#breadcrumb\",\"itemListElement\":[{\"@type\":\"ListItem\",\"position\":1,\"name\":\"Startseite\",\"item\":\"https:\/\/luxiders.com\/de\/\"},{\"@type\":\"ListItem\",\"position\":2,\"name\":\"Kunst\/Kultur\",\"item\":\"https:\/\/luxiders.com\/de\/Katregorie\/kunst-kultur\/\"},{\"@type\":\"ListItem\",\"position\":3,\"name\":\"Stella McCartney Initiiert The Future of Fashion auf der COP 26\"}]},{\"@type\":\"WebSite\",\"@id\":\"https:\/\/luxiders.com\/de\/#website\",\"url\":\"https:\/\/luxiders.com\/de\/\",\"name\":\"Sustainable Fashion - Eco Design - Healthy Lifestyle - Luxiders Magazine\",\"description\":\"Luxiders is a sustainable luxury magazine highlighting the best stories about sustainable fashion, ethical fashion, eco-friendly design, green design, sustainable travel, natural beauty, organic beauty and healthy lifestyle. Know the best high-end, progressive and luxury sustainable brands and designers worldwide.\",\"publisher\":{\"@id\":\"https:\/\/luxiders.com\/de\/#organization\"},\"potentialAction\":[{\"@type\":\"SearchAction\",\"target\":{\"@type\":\"EntryPoint\",\"urlTemplate\":\"https:\/\/luxiders.com\/de\/?s={search_term_string}\"},\"query-input\":{\"@type\":\"PropertyValueSpecification\",\"valueRequired\":true,\"valueName\":\"search_term_string\"}}],\"inLanguage\":\"de\"},{\"@type\":\"Organization\",\"@id\":\"https:\/\/luxiders.com\/de\/#organization\",\"name\":\"Sustainable Fashion - Eco Design - Healthy Lifestyle - Luxiders Magazine\",\"url\":\"https:\/\/luxiders.com\/de\/\",\"logo\":{\"@type\":\"ImageObject\",\"inLanguage\":\"de\",\"@id\":\"https:\/\/luxiders.com\/de\/#\/schema\/logo\/image\/\",\"url\":\"https:\/\/luxiders.com\/content\/uploads\/lux-logo.svg\",\"contentUrl\":\"https:\/\/luxiders.com\/content\/uploads\/lux-logo.svg\",\"caption\":\"Sustainable Fashion - Eco Design - Healthy Lifestyle - Luxiders Magazine\"},\"image\":{\"@id\":\"https:\/\/luxiders.com\/de\/#\/schema\/logo\/image\/\"}},{\"@type\":\"Person\",\"@id\":\"https:\/\/luxiders.com\/de\/#\/schema\/person\/8632fa702ae2ce98f66c396254633de8\",\"name\":\"luxiders\",\"url\":\"https:\/\/luxiders.com\/de\/author\/luxiders\/\"}]}<\/script>","yoast_head_json":{"title":"Stella McCartney Initiiert The Future of Fashion auf der COP 26","description":"Stella McCartney pr\u00e4sentierte die Ausstellung \u201e Future of Fashion: An innovation conversation with Stella McCartney\u201c.","robots":{"index":"index","follow":"follow","max-snippet":"max-snippet:-1","max-image-preview":"max-image-preview:large","max-video-preview":"max-video-preview:-1"},"canonical":"https:\/\/luxiders.com\/de\/stella-mccartney-the-future-of-fashion-cop-26\/","og_locale":"de_DE","og_type":"article","og_title":"Stella McCartney Initiiert The Future of Fashion auf der COP 26","og_description":"Stella McCartney pr\u00e4sentierte die Ausstellung \u201e Future of Fashion: An innovation conversation with Stella McCartney\u201c.","og_url":"https:\/\/luxiders.com\/de\/stella-mccartney-the-future-of-fashion-cop-26\/","og_site_name":"Sustainable Fashion - Eco Design - Healthy Lifestyle - Luxiders Magazine","article_published_time":"2021-11-03T18:10:00+00:00","article_modified_time":"2023-03-16T11:57:53+00:00","og_image":[{"width":1990,"height":1374,"url":"https:\/\/luxiders.com\/content\/uploads\/stella-mccartney-the-future-of-fashion-2.jpeg","type":"image\/jpeg"}],"author":"luxiders","twitter_card":"summary_large_image","twitter_misc":{"Verfasst von":"luxiders"},"schema":{"@context":"https:\/\/schema.org","@graph":[{"@type":"Article","@id":"https:\/\/luxiders.com\/de\/stella-mccartney-the-future-of-fashion-cop-26\/#article","isPartOf":{"@id":"https:\/\/luxiders.com\/de\/stella-mccartney-the-future-of-fashion-cop-26\/"},"author":{"name":"luxiders","@id":"https:\/\/luxiders.com\/de\/#\/schema\/person\/8632fa702ae2ce98f66c396254633de8"},"headline":"Stella McCartney Initiiert The Future of Fashion auf der COP 26","datePublished":"2021-11-03T18:10:00+00:00","dateModified":"2023-03-16T11:57:53+00:00","mainEntityOfPage":{"@id":"https:\/\/luxiders.com\/de\/stella-mccartney-the-future-of-fashion-cop-26\/"},"wordCount":10,"publisher":{"@id":"https:\/\/luxiders.com\/de\/#organization"},"image":{"@id":"https:\/\/luxiders.com\/de\/stella-mccartney-the-future-of-fashion-cop-26\/#primaryimage"},"thumbnailUrl":"https:\/\/luxiders.com\/content\/uploads\/stella-mccartney-the-future-of-fashion-2.jpeg","keywords":["Cop 26","fashion industry","sustainable fashion","Sustainable luxury"],"articleSection":["Design","Kunst\/Kultur","Mode"],"inLanguage":"de"},{"@type":"WebPage","@id":"https:\/\/luxiders.com\/de\/stella-mccartney-the-future-of-fashion-cop-26\/","url":"https:\/\/luxiders.com\/de\/stella-mccartney-the-future-of-fashion-cop-26\/","name":"Stella McCartney Initiiert The Future of Fashion auf der COP 26","isPartOf":{"@id":"https:\/\/luxiders.com\/de\/#website"},"primaryImageOfPage":{"@id":"https:\/\/luxiders.com\/de\/stella-mccartney-the-future-of-fashion-cop-26\/#primaryimage"},"image":{"@id":"https:\/\/luxiders.com\/de\/stella-mccartney-the-future-of-fashion-cop-26\/#primaryimage"},"thumbnailUrl":"https:\/\/luxiders.com\/content\/uploads\/stella-mccartney-the-future-of-fashion-2.jpeg","datePublished":"2021-11-03T18:10:00+00:00","dateModified":"2023-03-16T11:57:53+00:00","description":"Stella McCartney pr\u00e4sentierte die Ausstellung \u201e Future of Fashion: An innovation conversation with Stella McCartney\u201c.","breadcrumb":{"@id":"https:\/\/luxiders.com\/de\/stella-mccartney-the-future-of-fashion-cop-26\/#breadcrumb"},"inLanguage":"de","potentialAction":[{"@type":"ReadAction","target":["https:\/\/luxiders.com\/de\/stella-mccartney-the-future-of-fashion-cop-26\/"]}]},{"@type":"ImageObject","inLanguage":"de","@id":"https:\/\/luxiders.com\/de\/stella-mccartney-the-future-of-fashion-cop-26\/#primaryimage","url":"https:\/\/luxiders.com\/content\/uploads\/stella-mccartney-the-future-of-fashion-2.jpeg","contentUrl":"https:\/\/luxiders.com\/content\/uploads\/stella-mccartney-the-future-of-fashion-2.jpeg","width":1990,"height":1374},{"@type":"BreadcrumbList","@id":"https:\/\/luxiders.com\/de\/stella-mccartney-the-future-of-fashion-cop-26\/#breadcrumb","itemListElement":[{"@type":"ListItem","position":1,"name":"Startseite","item":"https:\/\/luxiders.com\/de\/"},{"@type":"ListItem","position":2,"name":"Kunst\/Kultur","item":"https:\/\/luxiders.com\/de\/Katregorie\/kunst-kultur\/"},{"@type":"ListItem","position":3,"name":"Stella McCartney Initiiert The Future of Fashion auf der COP 26"}]},{"@type":"WebSite","@id":"https:\/\/luxiders.com\/de\/#website","url":"https:\/\/luxiders.com\/de\/","name":"Sustainable Fashion - Eco Design - Healthy Lifestyle - Luxiders Magazine","description":"Luxiders is a sustainable luxury magazine highlighting the best stories about sustainable fashion, ethical fashion, eco-friendly design, green design, sustainable travel, natural beauty, organic beauty and healthy lifestyle. Know the best high-end, progressive and luxury sustainable brands and designers worldwide.","publisher":{"@id":"https:\/\/luxiders.com\/de\/#organization"},"potentialAction":[{"@type":"SearchAction","target":{"@type":"EntryPoint","urlTemplate":"https:\/\/luxiders.com\/de\/?s={search_term_string}"},"query-input":{"@type":"PropertyValueSpecification","valueRequired":true,"valueName":"search_term_string"}}],"inLanguage":"de"},{"@type":"Organization","@id":"https:\/\/luxiders.com\/de\/#organization","name":"Sustainable Fashion - Eco Design - Healthy Lifestyle - Luxiders Magazine","url":"https:\/\/luxiders.com\/de\/","logo":{"@type":"ImageObject","inLanguage":"de","@id":"https:\/\/luxiders.com\/de\/#\/schema\/logo\/image\/","url":"https:\/\/luxiders.com\/content\/uploads\/lux-logo.svg","contentUrl":"https:\/\/luxiders.com\/content\/uploads\/lux-logo.svg","caption":"Sustainable Fashion - Eco Design - Healthy Lifestyle - Luxiders Magazine"},"image":{"@id":"https:\/\/luxiders.com\/de\/#\/schema\/logo\/image\/"}},{"@type":"Person","@id":"https:\/\/luxiders.com\/de\/#\/schema\/person\/8632fa702ae2ce98f66c396254633de8","name":"luxiders","url":"https:\/\/luxiders.com\/de\/author\/luxiders\/"}]}},"_links":{"self":[{"href":"https:\/\/luxiders.com\/de\/wp-json\/wp\/v2\/posts\/19807","targetHints":{"allow":["GET"]}}],"collection":[{"href":"https:\/\/luxiders.com\/de\/wp-json\/wp\/v2\/posts"}],"about":[{"href":"https:\/\/luxiders.com\/de\/wp-json\/wp\/v2\/types\/post"}],"author":[{"embeddable":true,"href":"https:\/\/luxiders.com\/de\/wp-json\/wp\/v2\/users\/2"}],"replies":[{"embeddable":true,"href":"https:\/\/luxiders.com\/de\/wp-json\/wp\/v2\/comments?post=19807"}],"version-history":[{"count":2,"href":"https:\/\/luxiders.com\/de\/wp-json\/wp\/v2\/posts\/19807\/revisions"}],"predecessor-version":[{"id":19811,"href":"https:\/\/luxiders.com\/de\/wp-json\/wp\/v2\/posts\/19807\/revisions\/19811"}],"wp:featuredmedia":[{"embeddable":true,"href":"https:\/\/luxiders.com\/de\/wp-json\/wp\/v2\/media\/19795"}],"wp:attachment":[{"href":"https:\/\/luxiders.com\/de\/wp-json\/wp\/v2\/media?parent=19807"}],"wp:term":[{"taxonomy":"category","embeddable":true,"href":"https:\/\/luxiders.com\/de\/wp-json\/wp\/v2\/categories?post=19807"},{"taxonomy":"post_tag","embeddable":true,"href":"https:\/\/luxiders.com\/de\/wp-json\/wp\/v2\/tags?post=19807"}],"curies":[{"name":"wp","href":"https:\/\/api.w.org\/{rel}","templated":true}]}}