{"id":22113,"date":"2020-03-23T06:48:00","date_gmt":"2020-03-23T05:48:00","guid":{"rendered":"http:\/\/luxiders.com.w01cc729.kasserver.com\/coronavirus-how-is-coronavirus-affecting-sustainable-fashion-business\/"},"modified":"2023-04-17T13:23:34","modified_gmt":"2023-04-17T11:23:34","slug":"coronavirus-nachhaltige-mode","status":"publish","type":"post","link":"https:\/\/luxiders.com\/de\/coronavirus-nachhaltige-mode\/","title":{"rendered":"Auswirkungen des Coronavirus auf das Gesch\u00e4ft der nachhaltigen Mode"},"content":{"rendered":"    <section id=\"textblock-block_16f8529b846c364ff5d7b3880a7d6331\" class=\"section position-relative gp-block gp-textblock pt-0 pb-0\">\n        <div class=\"container\">\n            <div class=\"row g-0\">\n                <div class=\"col-lg-12 content\" data-aos=\"fade-in\" data-aos-duration=\"1000\">\n                                                                                    <div class=\"intro \">\n                            <p><em>Bill Gates sagte, dass die n\u00e4chste Katastrophe kein Krieg, sondern eine Pandemie sein w\u00fcrde. Es klang wie Science Fiction, aber es ist passiert. Wir k\u00f6nnten sagen, Karma ist eine b5tch und all dieses Coronavirus ist ein Zeichen daf\u00fcr, wer wirklich der Boss ist. Wir selbst haben das Wasser, die Erde und die Luft verschmutzt und jetzt m\u00fcssen wir uns selbst \u00fcberdenken, um zu \u00fcberleben. Covid-19 ist da und wir m\u00fcssen mit dem Imperativ #bleibzuhause leben. Aber wie wirkt sich Coronavirus auf nachhaltige Modeunternehmen aus?<\/em><\/p>\n                        <\/div>\n                                                                                                <\/div>\n            <\/div>\n        <\/div>\n    <\/section>\n    \n\n    <section id=\"newsletter-block_66e3d00e2fcf0ae27756de7fc33dadc1\" class=\"section position-relative gp-block gp-newsletter pt-0 pb-0 my-5\">\n        <div class=\"container\">\n            <div class=\"row g-0 pt-4 pb-3\">\n                <div class=\"col-lg-12 content text-center border pt-3\" data-aos=\"fade-in\" data-aos-duration=\"1000\">\n                                            <p><em>Um den Luxiders Newsletter zu erhalten,\u00a0<a href=\"https:\/\/landing.mailerlite.com\/webforms\/landing\/g1u8s7\">melde dich hier an<\/a>.<\/em><\/p>\n                                    <\/div>\n            <\/div>\n        <\/div>\n    <\/section>\n    \n\n    <section id=\"media-block_da6c380b302ecbf8bcfc7399c689d1c3\" class=\"section position-relative gp-block gp-media pt-0 pb-0\">\n        <div class=\"container\">\n            <div class=\"row g-0\">\n                <div class=\"col-lg-12 content\" data-aos=\"fade-in\" data-aos-duration=\"1000\">\n                                        <p>&nbsp;<\/p>\n<p class=\"p1\"><span class=\"s1\">In der letzten Ausgabe der Neonyt Runway Show AW2020 \/ 21 hatte man bereits eine Art Vorahnung, es waren ziemlich viele Masken zu sehen. Das dortige Thema &#8222;Luft&#8220; und deren Verschmutzung stand im Mittelpunkt. Und jetzt? China, die sogenannte Fabrik der Welt, ist eingefroren, quarantiert ganze St\u00e4dte und stellt die Produktion ein. Viele europ\u00e4ische L\u00e4nder ziehen nach. Die Luftqualit\u00e4t hat sich nicht nur aufgrund des Produktionsstopps dramatisch verbessert, sondern auch aufgrund der Tatsache, dass auf den Stra\u00dfen viel weniger Verkehr herrscht.<\/span><\/p>\n<p class=\"p1\"><span class=\"s1\"><a href=\"https:\/\/qz.com\/1812670\/a-design-trends-forecaster-calls-the-coronavirus-an-amazing-grace-for-the-planet\/?fbclid=IwAR3c5bUJtuNxjJ5EAskBWqDQXO3xU1cSCbERucmAPM3QuS3qkf3AWJ3LrI4\">Li Ederkoort<\/a> sagte es sehr deutlich: \u201eDer Virus wird alles verlangsamen. Das ist schrecklich, aber irgendwie positiv, weil wir aufh\u00f6ren m\u00fcssen, in einem solchen Tempo zu produzieren. Wir m\u00fcssen unser Verhalten \u00e4ndern, um die Umwelt zu schonen. Es ist fast so, als w\u00e4re das Virus eine erstaunliche Gnade f\u00fcr den Planeten. &#8222;<\/span><\/p>\n<p class=\"p1\"><span class=\"s1\">NACHHALTIGE MODE: REAKTIONEN AUF CORONAVIRUS<\/span><\/p>\n<p class=\"p1\"><span class=\"s1\">Die Situation betrifft jeden Sektor, und Mode ist dabei mittendrin. Wir haben die Schlie\u00dfung vieler Gesch\u00e4fte, B\u00fcros und sogar die Einstellung des Onlinedienstes wie Patagonia zu verzeichnen. Andere, wie Lululemon, die regelm\u00e4\u00dfig Trainingskurse in ihren L\u00e4den veranstalten, stornieren sie und verk\u00fcrzen ihre Betriebsstunden.<\/span><\/p>\n<p class=\"p1\"><span class=\"s1\">Reformation hat alleVeranstaltungen und Werksbesichtigungen abgesagt, ihre Gesch\u00e4fte geschlossen, obwohl das E-Commerce Gesch\u00e4ft weiterhin ge\u00f6ffnet ist. Everlane hat seine physischen Gesch\u00e4fte geschlossen, bietet seine Produkte jedoch weiterhin online an. Die meisten von ihnen werden in der Lage sein, ihre Arbeiter zu bezahlen, w\u00e4hrend die Produktion und die Eink\u00e4ufe eingestellt werden, aber alles h\u00e4ngt davon ab, wie lange diese Krise anh\u00e4lt.<\/span><\/p>\n<p class=\"p1\"><span class=\"s1\">Ecoalf f\u00fchrt zwei sehr proaktive Kampagnen durch. Einer von ihnen teilt Kochkurse, Yoga-Sitzungen und Aktivit\u00e4ten f\u00fcr Kinder online. Die andere zeigt User, die Videos mit der Nachricht #Istayathome senden, w\u00e4hrend sie die Produkte von Ecoalf tragen. Dies tr\u00e4gt dazu bei, die Botschaft zu vermitteln, aber<span class=\"Apple-converted-space\">\u00a0 <\/span>auch gleichzeitig unbezahlte Werbung zu generieren.<\/span><\/p>\n<p>&nbsp;<\/p>\n                                    <\/div>\n            <\/div>\n            <div class=\"row g-0\">\n                <div class=\"col-lg-6 \">\n                                                                                                                                                <figure class=\"mb-4 pt-lg-2 mb-lg-2 ps-lg-2 pe-lg-2\" data-aos=\"fade-up\" data-aos-duration=\"1000\"><div class=\"img-container\"><img loading=\"lazy\" decoding=\"async\" width=\"1200\" height=\"1800\" src=\"https:\/\/luxiders.com\/content\/uploads\/C_NeonytOAK_1029_2020011463947512_20200114111401.jpg\" class=\"img-fluid w-100\" alt=\"\" srcset=\"https:\/\/luxiders.com\/content\/uploads\/C_NeonytOAK_1029_2020011463947512_20200114111401.jpg 1200w, https:\/\/luxiders.com\/content\/uploads\/C_NeonytOAK_1029_2020011463947512_20200114111401-200x300.jpg 200w, https:\/\/luxiders.com\/content\/uploads\/C_NeonytOAK_1029_2020011463947512_20200114111401-768x1152.jpg 768w, https:\/\/luxiders.com\/content\/uploads\/C_NeonytOAK_1029_2020011463947512_20200114111401-683x1024.jpg 683w, https:\/\/luxiders.com\/content\/uploads\/C_NeonytOAK_1029_2020011463947512_20200114111401-1024x1536.jpg 1024w\" sizes=\"(max-width: 1200px) 100vw, 1200px\" \/><\/div><figcaption>BERLIN, GERMANY &#8211; JANUARY 14: A model wearing a coat by Suri x Saheli Women Collaboration, vest by Klaettermusen, hoodie by Stoffbruch, skirt by Gaya, leggings by Ambiletics, bag by Mimycri, socks by Falke and shoes &amp; gloves &amp; leg pieces by Vintage walks the runway at the Neonyt show during Berlin Fashion Week Autumn\/Winter 2020 at Kraftwerk Mitte on January 14, 2020 in Berlin, Germany. (Photo by Alexander Koerner\/Getty Images for MBFW)<\/figcaption><\/figure>                                                                                            <\/div>\n                                    <div class=\"col-lg-6\">\n                                                                                                                                                        <figure class=\"mb-4 pt-lg-2 mb-lg-2 ps-lg-2 pe-lg-2\" data-aos=\"fade-up\" data-aos-duration=\"1000\"><div class=\"img-container\"><img loading=\"lazy\" decoding=\"async\" width=\"1200\" height=\"1800\" src=\"https:\/\/luxiders.com\/content\/uploads\/C_Neonyt-2OAK_1451_2020011463947533_20200114073855.jpg\" class=\"img-fluid w-100\" alt=\"\" srcset=\"https:\/\/luxiders.com\/content\/uploads\/C_Neonyt-2OAK_1451_2020011463947533_20200114073855.jpg 1200w, https:\/\/luxiders.com\/content\/uploads\/C_Neonyt-2OAK_1451_2020011463947533_20200114073855-200x300.jpg 200w, https:\/\/luxiders.com\/content\/uploads\/C_Neonyt-2OAK_1451_2020011463947533_20200114073855-768x1152.jpg 768w, https:\/\/luxiders.com\/content\/uploads\/C_Neonyt-2OAK_1451_2020011463947533_20200114073855-683x1024.jpg 683w, https:\/\/luxiders.com\/content\/uploads\/C_Neonyt-2OAK_1451_2020011463947533_20200114073855-1024x1536.jpg 1024w\" sizes=\"(max-width: 1200px) 100vw, 1200px\" \/><\/div><figcaption>BERLIN, GERMANY &#8211; JANUARY 14: A model wearing a jacket by Wunderwerk, top by Falke, trousers by Reer 3, hat by Iriedaily, gloves by Biker-Zone, socks by Falke, shoes by Noah and shoe soles by For Ever walks the runway at the Neonyt show during Berlin Fashion Week Autumn\/Winter 2020 at Kraftwerk Mitte on January 14, 2020 in Berlin, Germany. (Photo by Alexander Koerner\/Getty Images for MBFW)<\/figcaption><\/figure>                                                                                                        <\/div>\n                                            <\/div>\n        <\/div>\n    <\/section>\n    \n\n    <section id=\"media-block_08d52711e51ec6a98639eaedde193758\" class=\"section position-relative gp-block gp-media pt-0 pb-0\">\n        <div class=\"container\">\n            <div class=\"row g-0\">\n                <div class=\"col-lg-12 content\" data-aos=\"fade-in\" data-aos-duration=\"1000\">\n                                        <p>&nbsp;<\/p>\n<div class=\"column mcb-column three-fifth column_visual \">\n<h3><span class=\"s1\">NACHHALTIGER LUXUS <\/span>ON HOLD<\/h3>\n<p class=\"p1\"><span class=\"s1\">Auch Luxusmarken sp\u00fcren die Krise. <a href=\"https:\/\/luxiders.com\/get-life-vivienne-westwoods-diary\/\" target=\"_blank\" rel=\"noopener\">Vivienne Westwood<\/a> hat alle ihre Mitarbeiter nach Hause geschickt und alle physischen Gesch\u00e4fte in Europa und den USA geschlossen. Jetzt bietet man kostenlosen internationalen Versand an, der \u00fcber den Online-Shop abgewickelt wird. Die Designerin sagt, sie m\u00f6chte gern helfen und werde daher ihre Mitarbeiter voll bezahlen, solange diese Krise andauert. Sie zeigte sich besorgt dar\u00fcber, wie lange diese Krise dauern k\u00f6nnte. Die Designerin hat gerade ein neues Manifest fertiggestellt und l\u00e4dt uns ein, auf weitere Entwicklungen und Aktionen gespannt zu bleiben.<\/span><\/p>\n<p class=\"p1\"><span class=\"s1\"><a href=\"https:\/\/luxiders.com\/how-sustainable-is-stella-mccartney\/\" target=\"_blank\" rel=\"noopener\">Stella McCartney<\/a> ist ebenfalls in Selbstisolation und sendet eine Nachricht, um innezuhalten und die Dinge auf andere Weise zu betrachten. Sie schickt allen, die gegen das Coronavirus k\u00e4mpfen, Liebe, Dankbarkeit und Kraft. Vor nicht allzu langer Zeit im Dezember drehten sie in ihrer Fabrik in Italien. Wer h\u00e4tte gedacht, was als n\u00e4chstes kommen w\u00fcrde?<\/span><\/p>\n<\/div>\n<div class=\"column mcb-column one-fifth column_placeholder\">\n<div class=\"placeholder\"><\/div>\n<\/div>\n<div class=\"column mcb-column one column_placeholder\">\n<div class=\"placeholder\"><\/div>\n<\/div>\n<div class=\"column mcb-column one-fifth column_placeholder\">\n<div class=\"placeholder\"><\/div>\n<\/div>\n<div class=\"column mcb-column three-fifth column_image \">\n<div class=\"image_frame image_item scale-with-grid no_border\">\n<div class=\"image_wrapper\">\n<div class=\"mask\"><\/div>\n<p><a href=\"https:\/\/www.instagram.com\/p\/B9_tOtsJgtP\/\" target=\"_blank\" rel=\"noopener\"><img loading=\"lazy\" decoding=\"async\" class=\"scale-with-grid lazyloaded\" src=\"https:\/\/luxiders.com\/wp-content\/uploads\/2020\/03\/C_VI.jpg\" alt=\"news, coronavirus, covid 19, how is coronavirus affecting sustainable fashion business, how is coronavirus affecting sustainable business, coronavirus and sustainable brands, sustainable brands facing coronavirus, what are sustainable brands doing to face coronavirus, stella mccartney facing coronavirus, vivienne westwood coronavirus, sustainable magazine, magazine about sustainability, best news on sustainability, luxiders magazine, neonyt coronavirus, Ecoalf coronavirus, everlane coronavirus, patagonia coronavirus, reformation coronavirus\" width=\"669\" height=\"595\" data-src=\"https:\/\/luxiders.com\/wp-content\/uploads\/2020\/03\/C_VI.jpg\" \/><\/a><\/p>\n<p class=\"wp-caption-text\">Link in Image to Watch the Manifesto by Vivienne Westwood<\/p>\n<\/div>\n<\/div>\n<div class=\"column mcb-column one-fifth column_placeholder\">\n<div class=\"placeholder\"><\/div>\n<\/div>\n<div class=\"column mcb-column one column_placeholder\">\n<div class=\"placeholder\"><\/div>\n<\/div>\n<div class=\"column mcb-column one-fifth column_placeholder\">\n<div class=\"placeholder\"><\/div>\n<\/div>\n<div class=\"column mcb-column three-fifth column_image \">\n<div class=\"image_frame image_item scale-with-grid no_border\">\n<div class=\"image_wrapper\">\n<div class=\"mask\"><\/div>\n<p><a href=\"https:\/\/www.instagram.com\/p\/B99lhCZJZOk\/\"><img loading=\"lazy\" decoding=\"async\" class=\"scale-with-grid lazyloaded\" src=\"https:\/\/luxiders.com\/wp-content\/uploads\/2020\/03\/C_stella.jpg\" alt=\"news, coronavirus, covid 19, how is coronavirus affecting sustainable fashion business, how is coronavirus affecting sustainable business, coronavirus and sustainable brands, sustainable brands facing coronavirus, what are sustainable brands doing to face coronavirus, stella mccartney facing coronavirus, vivienne westwood coronavirus, sustainable magazine, magazine about sustainability, best news on sustainability, luxiders magazine, neonyt coronavirus, Ecoalf coronavirus, everlane coronavirus, patagonia coronavirus, reformation coronavirus\" width=\"813\" height=\"595\" data-src=\"https:\/\/luxiders.com\/wp-content\/uploads\/2020\/03\/C_stella.jpg\" \/><\/a><\/p>\n<p class=\"wp-caption-text\">Link in Image to Watch the message by Stella McCartney<\/p>\n<p>&nbsp;<\/p>\n<\/div>\n<\/div>\n<\/div>\n<\/div>\n                                    <\/div>\n            <\/div>\n            <div class=\"row g-0\">\n                <div class=\"col-lg-12 img-scaled\">\n                                    <\/div>\n                                            <\/div>\n        <\/div>\n    <\/section>\n    \n\n    <section id=\"textblock-block_f0304cd0b2983e925cf90082956fea71\" class=\"section position-relative gp-block gp-textblock pt-0 pb-0\">\n        <div class=\"container\">\n            <div class=\"row g-0\">\n                <div class=\"col-lg-12 content\" data-aos=\"fade-in\" data-aos-duration=\"1000\">\n                                                                                <p>&nbsp;<\/p>\n<h3>BUSINESS AS USUAL?<\/h3>\n<p class=\"p1\"><span class=\"s1\">Wie auch immer, mit der dringend ben\u00f6tigten sozialen Distanzierung wird das Einkaufen neue Tiefstst\u00e4nde erreichen. Die wirtschaftlichen Auswirkungen werden erst bekannt sein, wenn dies alles vorbei ist, aber Prognosen sind, gelinde gesagt, be\u00e4ngstigend. Es wird nicht nur enorme Verluste in der Branche geben, sondern auch viele Arbeitspl\u00e4tze kosten. Das wird den Kosnum senken und wir werden uns in einer tieferen Wirtschaftskrise befinden.<\/span><\/p>\n<p class=\"p1\"><span class=\"s1\">Der Virusausbruch begann in China und betraf viele der Modewochen, die in Asien stattfinden sollten. Die Shanghai Fashion Week, die China Fashion Week, die Seoul und die Tokyo Fashion Week wurden abgesagt oder bis auf Weiteres verschoben.<\/span><\/p>\n<p class=\"p1\"><span class=\"s1\">Gefolgt von der Moscow Fashion Week und den Bridal Weeks in New York, London und Italien. Dies l\u00e4sst viele aufstrebende Designer ohne die M\u00f6glichkeit, ihre Kollektionen zu pr\u00e4sentieren und bei K\u00e4ufern, Presse und Industrie bekannt zu werden. Einige werden kreativ, indem sie kleine Shows mit einigen ihrer Designerkollegen veranstalten, um sie sp\u00e4ter online zu streamen oder um Videomaterial f\u00fcr ihre Interessenten zu teilen.<\/span><\/p>\n<p class=\"p1\"><span class=\"s1\">Coronavirus trifft Italien \u00e4u\u00dferst hart, insbesondere die Region Mailand. Diese Region ist der Schl\u00fcssel der Herstellung von Luxusartikeln. Fabriken werden ebenfalls unter Quarant\u00e4ne gestellt, was zu einer Unterbrechung der Lieferkette f\u00fchren kann. Da der Verbrauch voraussichtlich sinken wird, werden wir die Auswirkungen m\u00f6glicherweise nicht so stark zu bemerken sein. <\/span><\/p>\n<p class=\"p1\"><span class=\"s1\">Copenhagen Fashion Summit hat als nachhaltiger Modeveranstaltung eine Verschiebung auf Oktober angek\u00fcndigt.<\/span><\/p>\n<h1><\/h1>\n                                            <div class=\"highlighted mt-5 mt-lg-6 px-lg-5\">\n                            <p>&nbsp;<\/p>\n<p style=\"text-align: center;\"><em>Das f\u00fchrende Event f\u00fcr nachhaltige Mode, Neonyt, wird nicht abgesagt. Die Organisatoren gehen davon aus, dass sich die Situation bis Ende Juni entspannt hat und dass sie die Veranstaltung wie geplant in einem sicheren, optimistischen und zukunftsorientierten Umfeld abhalten k\u00f6nnen. F\u00fcr alle F\u00e4lle arbeiten sie jedoch bereits hinter den Kulissen an einem Plan B.<\/em><\/p>\n                        <\/div>\n                                                        <\/div>\n            <\/div>\n        <\/div>\n    <\/section>\n    \n\n    <section id=\"textblock-block_a652922365b81675d955fa9ddc3b9e3c\" class=\"section position-relative gp-block gp-textblock pt-0 pb-0\">\n        <div class=\"container\">\n            <div class=\"row g-0\">\n                <div class=\"col-lg-12 content\" data-aos=\"fade-in\" data-aos-duration=\"1000\">\n                                                                                <p>&nbsp;<\/p>\n<p class=\"p1\"><span class=\"s1\">Weiterhin hat Neonyt, The Global Hub f\u00fcr Nachhaltigkeit, Mode und Innovation, w\u00e4hrend der Berlin Fashion Week bereits \u00fcber den Status Quo der Pl\u00e4ne f\u00fcr Sommer (30. Juni &#8211; 2. Juli 2020) informiert. &#8222;Derzeit gehen wir, das Management der Messe Frankfurt, davon aus, dass sich bis Ende Juni die Situation entspannt hat und wir das Event wie geplant und in einem sicheren, positiv gestimmten und nach vorne blickenden Umfeld im Tempelhof Berlin veranstalten k\u00f6nnen. Allerdings m\u00fcssen wir uns eingestehen, dass Prognosen \u2013 auch die der Experten \u2013 derzeit \u00e4u\u00dferst schwierig zu treffen sind. Deshalb arbeiten wir im Hintergrund bereits an einem Plan B und stehen daf\u00fcr im engen Austausch mit allen Marktteilnehmern und den zust\u00e4ndigen Beh\u00f6rden in Berlin. Wir werden Sie und alle Beteiligten der Neonyt weiterhin fr\u00fchzeitig und umfassend \u00fcber den Planungsstand informieren, zumal uns bewusst ist, welch intensiver Aufwand die Event-Teilnahme f\u00fcr Sie darstellt. Voraussichtlich gegen Ende April wird sich mit Blick auf beh\u00f6rdliche Auflagen entscheiden, ob die Neonyt wie geplant stattfinden kann oder verschoben werden muss. Die Absage der Panorama tangiert uns in unseren Planungen nicht.&#8220;<\/span><\/p>\n<h3>A NOTE OF HOPE<\/h3>\n<p class=\"p1\"><span class=\"s1\">Wenn Runaway Shows abgesagt, Gesch\u00e4fte und Fabriken geschlossen werden und alle \u00fcber die Wirtschaftskrise nach der Pandemie sprechen, hilft das vielleicht nicht weiter, aber es kann uns den Ansto\u00df geben, \u00fcber den Tellerrand hinaus zu denken, kreativ zu werden und bessere L\u00f6sungen f\u00fcr unsere Branche zu finden. Eine \u00c4nderung war notwendig und lange \u00fcberf\u00e4llig, lediglich das Interesse der Anleger in den Mittelpunkt zu stellen, trug nicht dazu bei, die tief verwurzelten Systeme zu \u00e4ndern, an denen Mode arbeitet. Vielleicht schaffen wir es jetzt, lokale Fabriken entstehen zu lassen, vielleicht k\u00f6nnen wir zuk\u00fcnftig nur das produzieren, was ben\u00f6tigt wird. Vielleicht lernen wir zu sch\u00e4tzen, was wichtig ist.<\/span><\/p>\n<p class=\"p1\"><span class=\"s1\">Coronavirus kann eine gro\u00dfartige Chance sein. Nicht nur, um unseren Familienmitgliedern, unseren Nachbarn, unseren Kollegen n\u00e4her zu kommen, sondern auch Menschen, die wir nicht kennen, wie die Textilarbeiter in Asie oder Fl\u00fcchtlingsfamilien. <\/span><\/p>\n<p class=\"p1\"><span class=\"s1\">Dies gibt uns die Zeit, zu entschleunigen, nachzudenken und uns wieder mit dem zu verbinden, was wir wirklich sind. Und es zeigt uns in all unserer Schw\u00e4che und St\u00e4rke, in all unserer Angst und Empathie, dass wir zutiefst miteinander verbunden sind, verflochten wie die F\u00e4den in einem Webstuhl.<\/span><\/p>\n<p class=\"p1\"><span class=\"s1\">Hoffen wir, dass wir diese neu entdeckte Verbindung gut nutzen und die Welt zu einem besseren Ort machen.<\/span><\/p>\n<p>&nbsp;<\/p>\n<p>&nbsp;<\/p>\n<p><img loading=\"lazy\" decoding=\"async\" class=\"alignleft\" src=\"https:\/\/luxiders.com\/wp-content\/uploads\/2020\/03\/AraceliGallego.jpg\" alt=\"AraceliGallego\" width=\"156\" height=\"156\" \/><\/p>\n<p><em><strong>+ Words:\u00a0Araceli Gallego<\/strong><\/em><\/p>\n<p><em>Speaker, Editor-in-Chief at\u00a0<a href=\"http:\/\/www.dubaifashionnews.com\/\">Dubai Fashion News<\/a>, and Founder of\u00a0<a href=\"https:\/\/www.goshopia.com\/\">Goshopia.com<\/a>: The Home of Slow &amp; Sustainable Fashion. Araceli Gallego is also Remake Ambassador, Slow Fashion World Changemaker and Fashion Revolution collaborator. She is becoming one of the prominent voices on sustainable fashion in the Middle East.<\/em><\/p>\n<div dir=\"ltr\"><\/div>\n                                                        <\/div>\n            <\/div>\n        <\/div>\n    <\/section>\n    ","protected":false},"excerpt":{"rendered":"","protected":false},"author":2,"featured_media":22103,"comment_status":"closed","ping_status":"closed","sticky":false,"template":"","format":"standard","meta":{"_acf_changed":false,"footnotes":""},"categories":[1194],"tags":[3981,2032,2075,2018],"class_list":{"0":"post-22113","1":"post","2":"type-post","3":"status-publish","4":"format-standard","5":"has-post-thumbnail","7":"category-nachhaltig-luxus-mode","8":"tag-coronavirus-de","9":"tag-ethical-fashion-de","10":"tag-sustainability-de","11":"tag-sustainable-fashion-de"},"acf":[],"yoast_head":"<title>Auswirkungen des Coronavirus auf nachhaltige Mode | Luxiders Mag<\/title>\n<meta name=\"description\" content=\"Bill Gates sagte, dass die n\u00e4chste Katastrophe kein Krieg, sondern eine Pandemie sein w\u00fcrde. Es klang wie Science Fiction, aber es ist passiert. Covid-19 ist hier. Aber wie wirkt sich Coronavirus auf nachhaltige Modeunternehmen aus?\" \/>\n<meta name=\"robots\" content=\"index, follow, max-snippet:-1, max-image-preview:large, max-video-preview:-1\" \/>\n<link rel=\"canonical\" href=\"https:\/\/luxiders.com\/de\/coronavirus-nachhaltige-mode\/\" \/>\n<meta property=\"og:locale\" content=\"de_DE\" \/>\n<meta property=\"og:type\" content=\"article\" \/>\n<meta property=\"og:title\" content=\"Auswirkungen des Coronavirus auf nachhaltige Mode | Luxiders Mag\" \/>\n<meta property=\"og:description\" content=\"Bill Gates sagte, dass die n\u00e4chste Katastrophe kein Krieg, sondern eine Pandemie sein w\u00fcrde. Es klang wie Science Fiction, aber es ist passiert. Covid-19 ist hier. Aber wie wirkt sich Coronavirus auf nachhaltige Modeunternehmen aus?\" \/>\n<meta property=\"og:url\" content=\"https:\/\/luxiders.com\/de\/coronavirus-nachhaltige-mode\/\" \/>\n<meta property=\"og:site_name\" content=\"Sustainable Fashion - Eco Design - Healthy Lifestyle - Luxiders Magazine\" \/>\n<meta property=\"article:published_time\" content=\"2020-03-23T05:48:00+00:00\" \/>\n<meta property=\"article:modified_time\" content=\"2023-04-17T11:23:34+00:00\" \/>\n<meta property=\"og:image\" content=\"https:\/\/luxiders.com\/content\/uploads\/C_Intro.jpg\" \/>\n\t<meta property=\"og:image:width\" content=\"1330\" \/>\n\t<meta property=\"og:image:height\" content=\"998\" \/>\n\t<meta property=\"og:image:type\" content=\"image\/jpeg\" \/>\n<meta name=\"author\" content=\"luxiders\" \/>\n<meta name=\"twitter:card\" content=\"summary_large_image\" \/>\n<meta name=\"twitter:label1\" content=\"Verfasst von\" \/>\n\t<meta name=\"twitter:data1\" content=\"luxiders\" \/>\n<script type=\"application\/ld+json\" class=\"yoast-schema-graph\">{\"@context\":\"https:\/\/schema.org\",\"@graph\":[{\"@type\":\"Article\",\"@id\":\"https:\/\/luxiders.com\/de\/coronavirus-nachhaltige-mode\/#article\",\"isPartOf\":{\"@id\":\"https:\/\/luxiders.com\/de\/coronavirus-nachhaltige-mode\/\"},\"author\":{\"name\":\"luxiders\",\"@id\":\"https:\/\/luxiders.com\/de\/#\/schema\/person\/8632fa702ae2ce98f66c396254633de8\"},\"headline\":\"Auswirkungen des Coronavirus auf das Gesch\u00e4ft der nachhaltigen Mode\",\"datePublished\":\"2020-03-23T05:48:00+00:00\",\"dateModified\":\"2023-04-17T11:23:34+00:00\",\"mainEntityOfPage\":{\"@id\":\"https:\/\/luxiders.com\/de\/coronavirus-nachhaltige-mode\/\"},\"wordCount\":10,\"publisher\":{\"@id\":\"https:\/\/luxiders.com\/de\/#organization\"},\"image\":{\"@id\":\"https:\/\/luxiders.com\/de\/coronavirus-nachhaltige-mode\/#primaryimage\"},\"thumbnailUrl\":\"https:\/\/luxiders.com\/content\/uploads\/C_Intro.jpg\",\"keywords\":[\"coronavirus\",\"ethical fashion\",\"sustainability\",\"sustainable fashion\"],\"articleSection\":[\"Mode\"],\"inLanguage\":\"de\"},{\"@type\":\"WebPage\",\"@id\":\"https:\/\/luxiders.com\/de\/coronavirus-nachhaltige-mode\/\",\"url\":\"https:\/\/luxiders.com\/de\/coronavirus-nachhaltige-mode\/\",\"name\":\"Auswirkungen des Coronavirus auf nachhaltige Mode | Luxiders Mag\",\"isPartOf\":{\"@id\":\"https:\/\/luxiders.com\/de\/#website\"},\"primaryImageOfPage\":{\"@id\":\"https:\/\/luxiders.com\/de\/coronavirus-nachhaltige-mode\/#primaryimage\"},\"image\":{\"@id\":\"https:\/\/luxiders.com\/de\/coronavirus-nachhaltige-mode\/#primaryimage\"},\"thumbnailUrl\":\"https:\/\/luxiders.com\/content\/uploads\/C_Intro.jpg\",\"datePublished\":\"2020-03-23T05:48:00+00:00\",\"dateModified\":\"2023-04-17T11:23:34+00:00\",\"description\":\"Bill Gates sagte, dass die n\u00e4chste Katastrophe kein Krieg, sondern eine Pandemie sein w\u00fcrde. Es klang wie Science Fiction, aber es ist passiert. Covid-19 ist hier. Aber wie wirkt sich Coronavirus auf nachhaltige Modeunternehmen aus?\",\"breadcrumb\":{\"@id\":\"https:\/\/luxiders.com\/de\/coronavirus-nachhaltige-mode\/#breadcrumb\"},\"inLanguage\":\"de\",\"potentialAction\":[{\"@type\":\"ReadAction\",\"target\":[\"https:\/\/luxiders.com\/de\/coronavirus-nachhaltige-mode\/\"]}]},{\"@type\":\"ImageObject\",\"inLanguage\":\"de\",\"@id\":\"https:\/\/luxiders.com\/de\/coronavirus-nachhaltige-mode\/#primaryimage\",\"url\":\"https:\/\/luxiders.com\/content\/uploads\/C_Intro.jpg\",\"contentUrl\":\"https:\/\/luxiders.com\/content\/uploads\/C_Intro.jpg\",\"width\":1330,\"height\":998,\"caption\":\"BERLIN, GERMANY - JANUARY 14: A model wearing a jacket by The North Face, dress by H\u00f8yem, bag by Ackermann and headband by Recto Verso walks the runway at the Neonyt show during Berlin Fashion Week Autumn\/Winter 2020 at Kraftwerk Mitte on January 14, 2020 in Berlin, Germany. (Photo by John Phillips\/Getty Images for MBFW)\"},{\"@type\":\"BreadcrumbList\",\"@id\":\"https:\/\/luxiders.com\/de\/coronavirus-nachhaltige-mode\/#breadcrumb\",\"itemListElement\":[{\"@type\":\"ListItem\",\"position\":1,\"name\":\"Startseite\",\"item\":\"https:\/\/luxiders.com\/de\/\"},{\"@type\":\"ListItem\",\"position\":2,\"name\":\"Mode\",\"item\":\"https:\/\/luxiders.com\/de\/Katregorie\/nachhaltig-luxus-mode\/\"},{\"@type\":\"ListItem\",\"position\":3,\"name\":\"Auswirkungen des Coronavirus auf das Gesch\u00e4ft der nachhaltigen Mode\"}]},{\"@type\":\"WebSite\",\"@id\":\"https:\/\/luxiders.com\/de\/#website\",\"url\":\"https:\/\/luxiders.com\/de\/\",\"name\":\"Sustainable Fashion - Eco Design - Healthy Lifestyle - Luxiders Magazine\",\"description\":\"Luxiders is a sustainable luxury magazine highlighting the best stories about sustainable fashion, ethical fashion, eco-friendly design, green design, sustainable travel, natural beauty, organic beauty and healthy lifestyle. Know the best high-end, progressive and luxury sustainable brands and designers worldwide.\",\"publisher\":{\"@id\":\"https:\/\/luxiders.com\/de\/#organization\"},\"potentialAction\":[{\"@type\":\"SearchAction\",\"target\":{\"@type\":\"EntryPoint\",\"urlTemplate\":\"https:\/\/luxiders.com\/de\/?s={search_term_string}\"},\"query-input\":{\"@type\":\"PropertyValueSpecification\",\"valueRequired\":true,\"valueName\":\"search_term_string\"}}],\"inLanguage\":\"de\"},{\"@type\":\"Organization\",\"@id\":\"https:\/\/luxiders.com\/de\/#organization\",\"name\":\"Sustainable Fashion - Eco Design - Healthy Lifestyle - Luxiders Magazine\",\"url\":\"https:\/\/luxiders.com\/de\/\",\"logo\":{\"@type\":\"ImageObject\",\"inLanguage\":\"de\",\"@id\":\"https:\/\/luxiders.com\/de\/#\/schema\/logo\/image\/\",\"url\":\"https:\/\/luxiders.com\/content\/uploads\/lux-logo.svg\",\"contentUrl\":\"https:\/\/luxiders.com\/content\/uploads\/lux-logo.svg\",\"caption\":\"Sustainable Fashion - Eco Design - Healthy Lifestyle - Luxiders Magazine\"},\"image\":{\"@id\":\"https:\/\/luxiders.com\/de\/#\/schema\/logo\/image\/\"}},{\"@type\":\"Person\",\"@id\":\"https:\/\/luxiders.com\/de\/#\/schema\/person\/8632fa702ae2ce98f66c396254633de8\",\"name\":\"luxiders\",\"url\":\"https:\/\/luxiders.com\/de\/author\/luxiders\/\"}]}<\/script>","yoast_head_json":{"title":"Auswirkungen des Coronavirus auf nachhaltige Mode | Luxiders Mag","description":"Bill Gates sagte, dass die n\u00e4chste Katastrophe kein Krieg, sondern eine Pandemie sein w\u00fcrde. Es klang wie Science Fiction, aber es ist passiert. Covid-19 ist hier. Aber wie wirkt sich Coronavirus auf nachhaltige Modeunternehmen aus?","robots":{"index":"index","follow":"follow","max-snippet":"max-snippet:-1","max-image-preview":"max-image-preview:large","max-video-preview":"max-video-preview:-1"},"canonical":"https:\/\/luxiders.com\/de\/coronavirus-nachhaltige-mode\/","og_locale":"de_DE","og_type":"article","og_title":"Auswirkungen des Coronavirus auf nachhaltige Mode | Luxiders Mag","og_description":"Bill Gates sagte, dass die n\u00e4chste Katastrophe kein Krieg, sondern eine Pandemie sein w\u00fcrde. Es klang wie Science Fiction, aber es ist passiert. Covid-19 ist hier. Aber wie wirkt sich Coronavirus auf nachhaltige Modeunternehmen aus?","og_url":"https:\/\/luxiders.com\/de\/coronavirus-nachhaltige-mode\/","og_site_name":"Sustainable Fashion - Eco Design - Healthy Lifestyle - Luxiders Magazine","article_published_time":"2020-03-23T05:48:00+00:00","article_modified_time":"2023-04-17T11:23:34+00:00","og_image":[{"width":1330,"height":998,"url":"https:\/\/luxiders.com\/content\/uploads\/C_Intro.jpg","type":"image\/jpeg"}],"author":"luxiders","twitter_card":"summary_large_image","twitter_misc":{"Verfasst von":"luxiders"},"schema":{"@context":"https:\/\/schema.org","@graph":[{"@type":"Article","@id":"https:\/\/luxiders.com\/de\/coronavirus-nachhaltige-mode\/#article","isPartOf":{"@id":"https:\/\/luxiders.com\/de\/coronavirus-nachhaltige-mode\/"},"author":{"name":"luxiders","@id":"https:\/\/luxiders.com\/de\/#\/schema\/person\/8632fa702ae2ce98f66c396254633de8"},"headline":"Auswirkungen des Coronavirus auf das Gesch\u00e4ft der nachhaltigen Mode","datePublished":"2020-03-23T05:48:00+00:00","dateModified":"2023-04-17T11:23:34+00:00","mainEntityOfPage":{"@id":"https:\/\/luxiders.com\/de\/coronavirus-nachhaltige-mode\/"},"wordCount":10,"publisher":{"@id":"https:\/\/luxiders.com\/de\/#organization"},"image":{"@id":"https:\/\/luxiders.com\/de\/coronavirus-nachhaltige-mode\/#primaryimage"},"thumbnailUrl":"https:\/\/luxiders.com\/content\/uploads\/C_Intro.jpg","keywords":["coronavirus","ethical fashion","sustainability","sustainable fashion"],"articleSection":["Mode"],"inLanguage":"de"},{"@type":"WebPage","@id":"https:\/\/luxiders.com\/de\/coronavirus-nachhaltige-mode\/","url":"https:\/\/luxiders.com\/de\/coronavirus-nachhaltige-mode\/","name":"Auswirkungen des Coronavirus auf nachhaltige Mode | Luxiders Mag","isPartOf":{"@id":"https:\/\/luxiders.com\/de\/#website"},"primaryImageOfPage":{"@id":"https:\/\/luxiders.com\/de\/coronavirus-nachhaltige-mode\/#primaryimage"},"image":{"@id":"https:\/\/luxiders.com\/de\/coronavirus-nachhaltige-mode\/#primaryimage"},"thumbnailUrl":"https:\/\/luxiders.com\/content\/uploads\/C_Intro.jpg","datePublished":"2020-03-23T05:48:00+00:00","dateModified":"2023-04-17T11:23:34+00:00","description":"Bill Gates sagte, dass die n\u00e4chste Katastrophe kein Krieg, sondern eine Pandemie sein w\u00fcrde. Es klang wie Science Fiction, aber es ist passiert. Covid-19 ist hier. Aber wie wirkt sich Coronavirus auf nachhaltige Modeunternehmen aus?","breadcrumb":{"@id":"https:\/\/luxiders.com\/de\/coronavirus-nachhaltige-mode\/#breadcrumb"},"inLanguage":"de","potentialAction":[{"@type":"ReadAction","target":["https:\/\/luxiders.com\/de\/coronavirus-nachhaltige-mode\/"]}]},{"@type":"ImageObject","inLanguage":"de","@id":"https:\/\/luxiders.com\/de\/coronavirus-nachhaltige-mode\/#primaryimage","url":"https:\/\/luxiders.com\/content\/uploads\/C_Intro.jpg","contentUrl":"https:\/\/luxiders.com\/content\/uploads\/C_Intro.jpg","width":1330,"height":998,"caption":"BERLIN, GERMANY - JANUARY 14: A model wearing a jacket by The North Face, dress by H\u00f8yem, bag by Ackermann and headband by Recto Verso walks the runway at the Neonyt show during Berlin Fashion Week Autumn\/Winter 2020 at Kraftwerk Mitte on January 14, 2020 in Berlin, Germany. (Photo by John Phillips\/Getty Images for MBFW)"},{"@type":"BreadcrumbList","@id":"https:\/\/luxiders.com\/de\/coronavirus-nachhaltige-mode\/#breadcrumb","itemListElement":[{"@type":"ListItem","position":1,"name":"Startseite","item":"https:\/\/luxiders.com\/de\/"},{"@type":"ListItem","position":2,"name":"Mode","item":"https:\/\/luxiders.com\/de\/Katregorie\/nachhaltig-luxus-mode\/"},{"@type":"ListItem","position":3,"name":"Auswirkungen des Coronavirus auf das Gesch\u00e4ft der nachhaltigen Mode"}]},{"@type":"WebSite","@id":"https:\/\/luxiders.com\/de\/#website","url":"https:\/\/luxiders.com\/de\/","name":"Sustainable Fashion - Eco Design - Healthy Lifestyle - Luxiders Magazine","description":"Luxiders is a sustainable luxury magazine highlighting the best stories about sustainable fashion, ethical fashion, eco-friendly design, green design, sustainable travel, natural beauty, organic beauty and healthy lifestyle. Know the best high-end, progressive and luxury sustainable brands and designers worldwide.","publisher":{"@id":"https:\/\/luxiders.com\/de\/#organization"},"potentialAction":[{"@type":"SearchAction","target":{"@type":"EntryPoint","urlTemplate":"https:\/\/luxiders.com\/de\/?s={search_term_string}"},"query-input":{"@type":"PropertyValueSpecification","valueRequired":true,"valueName":"search_term_string"}}],"inLanguage":"de"},{"@type":"Organization","@id":"https:\/\/luxiders.com\/de\/#organization","name":"Sustainable Fashion - Eco Design - Healthy Lifestyle - Luxiders Magazine","url":"https:\/\/luxiders.com\/de\/","logo":{"@type":"ImageObject","inLanguage":"de","@id":"https:\/\/luxiders.com\/de\/#\/schema\/logo\/image\/","url":"https:\/\/luxiders.com\/content\/uploads\/lux-logo.svg","contentUrl":"https:\/\/luxiders.com\/content\/uploads\/lux-logo.svg","caption":"Sustainable Fashion - Eco Design - Healthy Lifestyle - Luxiders Magazine"},"image":{"@id":"https:\/\/luxiders.com\/de\/#\/schema\/logo\/image\/"}},{"@type":"Person","@id":"https:\/\/luxiders.com\/de\/#\/schema\/person\/8632fa702ae2ce98f66c396254633de8","name":"luxiders","url":"https:\/\/luxiders.com\/de\/author\/luxiders\/"}]}},"_links":{"self":[{"href":"https:\/\/luxiders.com\/de\/wp-json\/wp\/v2\/posts\/22113","targetHints":{"allow":["GET"]}}],"collection":[{"href":"https:\/\/luxiders.com\/de\/wp-json\/wp\/v2\/posts"}],"about":[{"href":"https:\/\/luxiders.com\/de\/wp-json\/wp\/v2\/types\/post"}],"author":[{"embeddable":true,"href":"https:\/\/luxiders.com\/de\/wp-json\/wp\/v2\/users\/2"}],"replies":[{"embeddable":true,"href":"https:\/\/luxiders.com\/de\/wp-json\/wp\/v2\/comments?post=22113"}],"version-history":[{"count":2,"href":"https:\/\/luxiders.com\/de\/wp-json\/wp\/v2\/posts\/22113\/revisions"}],"predecessor-version":[{"id":22117,"href":"https:\/\/luxiders.com\/de\/wp-json\/wp\/v2\/posts\/22113\/revisions\/22117"}],"wp:featuredmedia":[{"embeddable":true,"href":"https:\/\/luxiders.com\/de\/wp-json\/wp\/v2\/media\/22103"}],"wp:attachment":[{"href":"https:\/\/luxiders.com\/de\/wp-json\/wp\/v2\/media?parent=22113"}],"wp:term":[{"taxonomy":"category","embeddable":true,"href":"https:\/\/luxiders.com\/de\/wp-json\/wp\/v2\/categories?post=22113"},{"taxonomy":"post_tag","embeddable":true,"href":"https:\/\/luxiders.com\/de\/wp-json\/wp\/v2\/tags?post=22113"}],"curies":[{"name":"wp","href":"https:\/\/api.w.org\/{rel}","templated":true}]}}