{"id":2254,"date":"2020-06-09T13:33:00","date_gmt":"2020-06-09T11:33:00","guid":{"rendered":"http:\/\/luxiders.com.w01cc729.kasserver.com\/?p=2254"},"modified":"2023-01-16T14:40:03","modified_gmt":"2023-01-16T13:40:03","slug":"vielfalt-vs-inklusivitaet-was-als-naechsrtes-in-der-modebranche-passieren-muss","status":"publish","type":"post","link":"https:\/\/luxiders.com\/de\/vielfalt-vs-inklusivitaet-was-als-naechsrtes-in-der-modebranche-passieren-muss\/","title":{"rendered":"Vielfalt vs. Inklusivit\u00e4t | Was als n\u00e4chstes in der Modebranche passieren muss"},"content":{"rendered":"    <section id=\"textblock-block_bc0920261934445a592e4a9afa12c40f\" class=\"section position-relative gp-block gp-textblock text-center pt-0 pb-5\">\n        <div class=\"container\">\n            <div class=\"row g-0\">\n                <div class=\"col-lg-12 content\" data-aos=\"fade-in\" data-aos-duration=\"1000\">\n                                                                                    <div class=\"intro px-lg-8\">\n                            <p class=\"p2\" style=\"text-align: center;\">Nach noch entsetzlicheren Vorf\u00e4llen von Rassismus in Amerika haben wir als Gesellschaft die Verpflichtung, die von uns unterst\u00fctzten Institutionen und Branchen, wie beispielsweise Modemarken, zu fordern und eine schwarze Stimme in ihnen zu etablieren. Dies ist eine Studie \u00fcber Vielfalt und Inklusivit\u00e4t in der Modebranche. Weil Mode in den letzten Jahren f\u00fcr ihre Vielfalt gelobt wurde, ist sie noch lange nicht inklusiv &#8211; und sie hat sehr unterschiedliche Bedeutungen.<\/p>\n                        <\/div>\n                                                                                                <\/div>\n            <\/div>\n        <\/div>\n    <\/section>\n    \n\n    <section id=\"newsletter-block_eb9234574b36d9afbd54677c7c39a3b9\" class=\"section position-relative gp-block gp-newsletter pt-0 pb-0 my-5\">\n        <div class=\"container\">\n            <div class=\"row g-0 pt-4 pb-3\">\n                <div class=\"col-lg-12 content text-center border pt-3\" data-aos=\"fade-in\" data-aos-duration=\"1000\">\n                                            <p><em>Um den Luxiders Newsletter zu erhalten,\u00a0<a href=\"https:\/\/landing.mailerlite.com\/webforms\/landing\/g1u8s7\">melde dich hier an<\/a>.<\/em><\/p>\n                                    <\/div>\n            <\/div>\n        <\/div>\n    <\/section>\n    \n\n    <section id=\"textblock-block_728db0a28e95d3f96a8d484ecfa6c271\" class=\"section position-relative gp-block gp-textblock pt-0 pb-0\">\n        <div class=\"container\">\n            <div class=\"row g-0\">\n                <div class=\"col-lg-12 content\" data-aos=\"fade-in\" data-aos-duration=\"1000\">\n                                                                                <p style=\"text-align: left;\">Vielfalt und Inklusivit\u00e4t waren zwei Schlagw\u00f6rter, die bei der Er\u00f6rterung von Fortschritten in der Modebranche &#8211; oder in jeder anderen Branche &#8211; verwendet wurden. Sie werden jedoch oft verwechselt oder es wird angenommen, dass sie dasselbe bedeuten. In dieser Studie werden wir die Definitionen von beiden untersuchen und wie sie darauf hinweisen, wohin die Modebranche als n\u00e4chstes gehen muss.<\/p>\n<p style=\"text-align: left;\">Warum spielt Mode eine Rolle bei der Rassengleichheit? Weil es eine der gr\u00f6\u00dften Industrien der Welt ist; eine, die auf Selbstausdruck und Kreativit\u00e4t basiert. Mode verkauft nicht nur Kleidungsst\u00fccke, sondern auch Selbstwertgef\u00fchl und pers\u00f6nliche Identit\u00e4t. Mode kann ihre wahre Pflicht als Kunstform nicht erf\u00fcllen, wenn sie weder vielf\u00e4ltig noch inklusiv ist. Au\u00dferdem muss jeder Teil der Gesellschaft reformiert werden, wenn es zu echten Ver\u00e4nderungen kommen soll.<\/p>\n<p style=\"text-align: left;\">\n<p>&nbsp;<\/p>\n<h2 style=\"text-align: left;\">VIELFALT IN DER MODE<\/h2>\n<p style=\"text-align: left;\">Vielfalt bedeutet \u201edie Mischung\u201c von etwas; Es ist der Unterschied innerhalb einer Gruppe von Menschen. Dieser Unterschied kann Geschlecht, Sexualit\u00e4t, Behinderung, K\u00f6rperbild sein &#8230; Diese Studie wird sich jedoch nur auf die Besonderheiten der Rasse in der Modebranche konzentrieren. In der Modebranche kann Vielfalt innerhalb von Werbung gemessen werden, also die bestimmten Personen, die ausgew\u00e4hlt wurden, um eine Marke in Kampagnen oder auf Laufstegen zu vertreten.<\/p>\n<p style=\"text-align: left;\">The Fashion Spot hat zahlreiche Umfragen und Studien zur sich wandelnden Szene der Modewerbung durchgef\u00fchrt und berichtet, <a href=\"https:\/\/www.thefashionspot.com\/runway-news\/844823-diversity-report-fall-2019-ad-campaigns\/\" target=\"_blank\" rel=\"noopener\">dass von den 529 Modellen, die in den Modekampagnen des Fr\u00fchjahrs 2019 vorgestellt wurden, 34,50% schwarze Models waren.<\/a> In \u00e4hnlicher Weise waren ein Jahr sp\u00e4ter bei der <a href=\"https:\/\/www.thefashionspot.com\/runway-news\/847460-diversity-report-fashion-month-spring-2020\/\" target=\"_blank\" rel=\"noopener\">New York Fashion Week im Fr\u00fchjahr \/ Sommer 2020 47% der Models<\/a>, die \u00fcber die Landebahn gingen, schwarz. Dies ist ein Fortschritt im Vergleich zu dem Zeitpunkt, als The Fashion Spot 2015 mit der Studie\u00a0 begann, wo schwarze Models lediglich einen Anteil von\u00a0 17% stellten.<\/p>\n<p style=\"text-align: left;\">Modekampagnen scheinen sich in die richtige Richtung zu bewegen &#8211; hin zu einer vielf\u00e4ltigeren Darstellung. Modemarken m\u00f6chten im Allgemeinen von der \u00d6ffentlichkeit als fortschrittlicher angesehen werden und ihr Image auffrischen, um mit dem sozialen Wandel Schritt zu halten. Werbung ist extrem wichtig; Es wird als Demonstration dessen gesehen, was sch\u00f6n und einzigartig ist und was zelebriert werden sollte. sie muss in allen Aspekten vielf\u00e4ltig sein, um die Gesellschaft wirklich anzusprechen und zu repr\u00e4sentieren. Manchmal kann es jedoch schwierig sein zu wissen, wie echte Ver\u00e4nderungen aussehen soll. Auf dem Prada-Laufsteg im Herbst 2018 schrieb Anok Yai beispielsweise als erstes schwarzes Modell seit 20 Jahren Geschichte, die jemals eine Prada-Show er\u00f6ffnete. Sollte man Prada wirklich daf\u00fcr applaudieren? Wir alle kennen Pradas problematische Vergangenheit, n\u00e4mlich die \u201ePradamalia\u201c -Objekte, die im Dezember 2018 einem schwarzen Gesicht \u00e4hnelten. Kann diese eine Geste &#8211; ein schwarzes Modell, das ihre Show er\u00f6ffnet &#8211; wirklich als Fortschritt angesehen werden?<\/p>\n                                            <div class=\"highlighted mt-5 mt-lg-6 px-lg-5\">\n                            <p style=\"text-align: center;\">Auf dem Prada-Laufsteg im Herbst 2018 schrieb Anok Yai beispielsweise als erstes schwarzes Modell seit 20 Jahren Geschichte, die jemals eine Prada-Show er\u00f6ffnete. Sollte man Prada wirklich daf\u00fcr applaudieren?<\/p>\n                        <\/div>\n                                                        <\/div>\n            <\/div>\n        <\/div>\n    <\/section>\n    \n\n    <section id=\"media-block_424b6e2292b737ee3961c47cc6668c9e\" class=\"section position-relative gp-block gp-media pt-0 pb-0\">\n        <div class=\"container\">\n            <div class=\"row g-0\">\n                <div class=\"col-lg-12 content\" data-aos=\"fade-in\" data-aos-duration=\"1000\">\n                                        <p>&nbsp;<br \/>\nHier wird Inklusivit\u00e4t extrem wichtig &#8211; echte Ver\u00e4nderungen gehen viel tiefer als nur schwarze Menschen in einer Werbekampagne zu haben. Modelle k\u00f6nnen ein Unternehmensimage darstellen; und es ist wichtig, in diesen Kampagnen farbige Modelle zu sehen. Sie haben jedoch weder Einfluss noch Kontrolle dar\u00fcber, was das Unternehmen tats\u00e4chlich produziert.<\/p>\n                                    <\/div>\n            <\/div>\n            <div class=\"row g-0\">\n                <div class=\"col-lg-12 img-scaled\">\n                                                                                                                                                <figure class=\"mb-4 pt-lg-5 mb-lg-6 ps-lg-0 pe-lg-0\" data-aos=\"fade-up\" data-aos-duration=\"1000\"><div class=\"img-container\"><img loading=\"lazy\" decoding=\"async\" width=\"1200\" height=\"612\" src=\"https:\/\/luxiders.com\/content\/uploads\/blackwashn.jpg\" class=\"img-fluid w-100\" alt=\"\" srcset=\"https:\/\/luxiders.com\/content\/uploads\/blackwashn.jpg 1200w, https:\/\/luxiders.com\/content\/uploads\/blackwashn-300x153.jpg 300w, https:\/\/luxiders.com\/content\/uploads\/blackwashn-768x392.jpg 768w, https:\/\/luxiders.com\/content\/uploads\/blackwashn-1024x522.jpg 1024w\" sizes=\"(max-width: 1200px) 100vw, 1200px\" \/><\/div><figcaption>\u00a9 Flaunter<\/figcaption><\/figure>                                                                                            <\/div>\n                                            <\/div>\n        <\/div>\n    <\/section>\n    \n\n    <section id=\"media-block_f1f5ced1a44d57427db65b9a827c4667\" class=\"section position-relative gp-block gp-media pt-0 pb-0\">\n        <div class=\"container\">\n            <div class=\"row g-0\">\n                <div class=\"col-lg-12 content\" data-aos=\"fade-in\" data-aos-duration=\"1000\">\n                                        <h3>INKLUSIVIT\u00c4T IN DER MODE<\/h3>\n<p>Naomi Campbell sagte <a href=\"https:\/\/twitter.com\/i\/broadcasts\/1yNGapnAnwdKj\" target=\"_blank\" rel=\"noopener\">2019 auf einer Konferenz im Wall Street Journal<\/a>: \u201e[Vielfalt] muss tiefer gehen &#8230; Wir m\u00f6chten sehen, dass innerhalb der Unternehmen es verschiedenen Mitarbeiter gibt, die beraten und Teil der Projekte sind &#8230; Wir m\u00fcssen Vielfalt hinter den Schreibtisch bringen. \u201c Was Campbell fordert, ist \u201eInklusivit\u00e4t\u201c.<\/p>\n<p>Inklusion ist \u201eein Klima, in dem verschiedene Individuen zusammenkommen, um ein kollektives Ganzes zu bilden, das es Individuen erm\u00f6glicht und bef\u00e4higt, Beitr\u00e4ge zu leisten, die ihren \u00dcberzeugungen und Hintergr\u00fcnden entsprechen\u201c &#8211; eine Definition, die in einer Studie namens <a href=\"https:\/\/www.pvh.com\/~\/media\/PVH\/Files\/News\/CFDA_PVH_Dagoba_ID_Briefing.ashx?la=en\" target=\"_blank\" rel=\"noopener\">Insider \/ Outsider im Januar 2019<\/a> formuliert wurde. Genau das ist es, der n\u00e4chste Schritt, den Campbell beschrieb. Viele Marken besch\u00e4ftigen m\u00f6glicherweise Menschen unterschiedlicher Rassen &#8211; oder stellen sie auf Laufstegen oder in Werbekampagnen vor &#8211; und dies wird als ein Aspekt der Vielfalt angesehen. Bei Inklusivit\u00e4t geht es jedoch nicht darum, ob sie besch\u00e4ftigt sind, sondern ob sie einen einflussreichen Beitrag zum Unternehmen leisten k\u00f6nnen oder \u00fcberhaupt eine einflussreiche Stimme in der Modebranche haben.<\/p>\n<p>2018 schrieb Lindsay Peoples Wagner f\u00fcr The Cut einen Artikel mit dem Titel &#8222;<a href=\"https:\/\/www.thecut.com\/2018\/08\/what-its-really-like-to-be-black-and-work-in-fashion.html\" target=\"_blank\" rel=\"noopener\">\u2018What It\u2019s Really Like To Be Black And Work In Fashion\u2019<\/a>&#8222;. Der Artikel ist ein ehrlicher Einblick in Rassismus und zeigt die Statik der in der Modebranche t\u00e4tigen Schwarzen: \u201eEs gab nie mehr als ein oder zwei schwarze Chefredakteure gro\u00dfer US-Magazine und nur einen schwarzen Designer\/in in einer\u00a0 F\u00fchrungsposition einer gro\u00dfen amerikanischen Modemarke. Und bis zu diesem Monat [August 2018] <a href=\"https:\/\/www.thecut.com\/2018\/08\/tyler-mitchell-photographer.html\" target=\"_blank\" rel=\"noopener\">hatte noch kein schwarzer Fotograf das Cover der Vogue geshootet<\/a>. Nur 15 der 495 CFDA-Mitglieder sind schwarz, und <a href=\"https:\/\/www.essence.com\/fashion\/fashion-week\/here-are-the-black-designers-showcasing-during-nyfw\/\" target=\"_blank\" rel=\"noopener\">nur zehn schwarze Designer haben jemals einen CFDA- oder CFDA \/ Vogue Fashion Fund-Preis gewonnen<\/a>. Weniger als 10 Prozent der 146 Modedesigner, die bei den gro\u00dfen Herbstmessen 2018 f\u00fcr die New York Fashion Week auftraten waren schwarz &#8230; \u201cSelbst in der New York Fashion Week 2020 waren nur 9 schwarze Designer zu sehen; aus \u00fcber 80 Veranstaltungen und Shows, die im Laufe der Woche stattfanden, aufgef\u00fchrt auf der offiziellen NYFW-Schedule-Website.<\/p>\n<p>Abgesehen von den langsamen, aber stetigen Fortschritten bei der Pr\u00e4sentation schwarzer Models &#8211; was an sich gro\u00dfartig ist, aber auch mit rassistischem Widerstand behaftet ist &#8211; scheint es bei Modewochen oder sogar in der Branche kaum mehr rassistische Fortschritte zu geben. Es gibt viele wichtige Rollen, die die Modebranche pr\u00e4gen, und diese Statik zeigt, dass schwarze Menschen fast nie ernsthaft in Betracht gezogen werden, diese Rollen zu \u00fcbernehmen. Vielfalt zeigt Fortschritte, aber wenn man genauer hinschaut, scheint sie nicht wirklich existent zu sein.<\/p>\n<p>In den letzten Jahren gab es zwei Ver\u00e4nderungen, die Hoffnung auf Inklusivit\u00e4t zeigen. Virgil Abloh wurde zum k\u00fcnstlerischen Leiter der Herrenbekleidung bei Louis Vuitton und Edward Enninful zum Chefredakteur der britischen Vogue ernannt. Beide erm\u00f6glichen es, Rassenstimmen nicht nur zu h\u00f6ren, sondern zwei Modeinstitutionen zu beeinflussen.<\/p>\n                                    <\/div>\n            <\/div>\n            <div class=\"row g-0\">\n                <div class=\"col-lg-12 img-scaled\">\n                                                                                                                                                <figure class=\"mb-4 pt-lg-5 mb-lg-6 ps-lg-0 pe-lg-0\" data-aos=\"fade-up\" data-aos-duration=\"1000\"><div class=\"img-container\"><img loading=\"lazy\" decoding=\"async\" width=\"1086\" height=\"789\" src=\"https:\/\/luxiders.com\/content\/uploads\/inclusivity-fashion-luxiders-magazine-3.jpg\" class=\"img-fluid w-100\" alt=\"\" srcset=\"https:\/\/luxiders.com\/content\/uploads\/inclusivity-fashion-luxiders-magazine-3.jpg 1086w, https:\/\/luxiders.com\/content\/uploads\/inclusivity-fashion-luxiders-magazine-3-300x218.jpg 300w, https:\/\/luxiders.com\/content\/uploads\/inclusivity-fashion-luxiders-magazine-3-768x558.jpg 768w, https:\/\/luxiders.com\/content\/uploads\/inclusivity-fashion-luxiders-magazine-3-1024x744.jpg 1024w\" sizes=\"(max-width: 1086px) 100vw, 1086px\" \/><\/div><\/figure>                                                                                            <\/div>\n                                            <\/div>\n        <\/div>\n    <\/section>\n    \n\n    <section id=\"textblock-block_48b9e130a9647ac9f5843de11f7a3375\" class=\"section position-relative gp-block gp-textblock pt-0 pb-0\">\n        <div class=\"container\">\n            <div class=\"row g-0\">\n                <div class=\"col-lg-12 content\" data-aos=\"fade-in\" data-aos-duration=\"1000\">\n                                                                                <h3>WAS MUSS ALS N\u00c4CHSTES PASSIEREN?<\/h3>\n<p>Diese Studie zeigt, dass als n\u00e4chstes in der Modebranche Inklusivit\u00e4t umgesetzt werden muss &#8211; und dass Inklusivit\u00e4t nicht dasselbe ist wie Vielfalt. Vielfalt ist wichtig, aber bei weitem nicht genug. In Wagners Artikel beschrieb sie auch einen Vorfall, bei dem ein schwarzes Model von einem Cover-Shooting umge\u00e4ndert wurde, weil &#8222;kein Haar- und Make-up-Team ausgebildet war, um die Haare eines schwarzen Models zu stylen&#8220;. Dieser Vorfall zeigt, dass die Einstellung schwarzer Modelle nicht ausreicht, wenn die Infrastruktur in der Branche nicht daf\u00fcr ausgelegt ist. Allein dieser Vorfall zeigt, dass in allen Bereichen der Modebranche eine umfassende \u00dcberholung der Infrastruktur erforderlich ist.<\/p>\n<p>Obwohl ein Gro\u00dfteil dieser Ver\u00e4nderungen von der Branche selbst getragen wird, gibt es viele M\u00f6glichkeiten, Ver\u00e4nderungen herbeizuf\u00fchren. Der Verbraucher besitzt viel Macht. Wir k\u00f6nnen mit Werbung nicht alleion zufrieden sein; Wir als Verbraucher m\u00fcssen nach den Marken suchen, in die wir unser Geld und unsere Unterst\u00fctzung investieren. Vor allem aber m\u00fcssen wir au\u00dferhalb der gro\u00dfen Marken schwarze Marken und schwarze Designer unterst\u00fctzen. Wir m\u00fcssen auf ihre Talente und ihre Stimme aufmerksam machen. Wir m\u00fcssen zeigen, dass ihre kulturelle Vision und ihr Beitrag zur Mode wichtig sind, um das Gleichgewicht in der Branche zu ver\u00e4ndern. Schwarze Marken und Designer wie Off-White, Mowalola, Christoper John Rogers, Fenty, Cushnie, Thebe Magugu, Pyer Moss, Hanifa &#8230; Es gibt noch viele mehr &#8211; fast jedes Modemagazin hat inzwischen eine Liste ihrer Favoriten erstellt. Aber wir m\u00fcssen auch ihre historischen Beitr\u00e4ge zur Mode wie Dapper Dan und Willi Smith verwirklichen.<\/p>\n<p>Im Zuge der Proteste f\u00fcr die Gleichstellung der Schwarzen auf der ganzen Welt wurde von vielen Marken viel Unterst\u00fctzung geleistet. Solche Dinge w\u00e4ren noch vor einem Jahrzehnt beispiellos gewesen, und der Anteil der Unterst\u00fctzung ist gr\u00f6\u00dfer als je zuvor. Ein wirklicher Wandel geht jedoch tiefer als das Image in der \u00d6ffentlichkeit, und die Modebranche wird weitgehend von den Konsummustern bestimmt. Die Verbraucher m\u00fcssen den Marken mitteilen, was Inklusivit\u00e4t wirklich bedeutet.<br \/>\n&nbsp;<br \/>\n&nbsp;<\/p>\n                                                        <\/div>\n            <\/div>\n        <\/div>\n    <\/section>\n    ","protected":false},"excerpt":{"rendered":"","protected":false},"author":2,"featured_media":2257,"comment_status":"closed","ping_status":"closed","sticky":false,"template":"","format":"standard","meta":{"_acf_changed":false,"footnotes":""},"categories":[1194],"tags":[576,600,601,599],"class_list":{"0":"post-2254","1":"post","2":"type-post","3":"status-publish","4":"format-standard","5":"has-post-thumbnail","7":"category-nachhaltig-luxus-mode","8":"tag-art-and-fashion-2","9":"tag-austellung-mode","10":"tag-exhibition-2","11":"tag-kunst-und-mode"},"acf":[],"yoast_head":"<title>Vielfalt vs. Inklusivit\u00e4t | Was als n\u00e4chstes in der Modebranche passieren muss<\/title>\n<meta name=\"description\" content=\"Vielfalt gegen Inklusivit\u00e4t - Nach noch entsetzlicheren Vorf\u00e4llen von Rassismus in Amerika haben wir als Gesellschaft die Verpflichtung, die von uns unterst\u00fctzten Institutionen und Branchen, wie beispielsweise Modemarken, zu fordern und eine schwarze Stimme in ihnen zu etablieren.\" \/>\n<meta name=\"robots\" content=\"index, follow, max-snippet:-1, max-image-preview:large, max-video-preview:-1\" \/>\n<link rel=\"canonical\" href=\"https:\/\/luxiders.com\/de\/vielfalt-vs-inklusivitaet-was-als-naechsrtes-in-der-modebranche-passieren-muss\/\" \/>\n<meta property=\"og:locale\" content=\"de_DE\" \/>\n<meta property=\"og:type\" content=\"article\" \/>\n<meta property=\"og:title\" content=\"Vielfalt vs. Inklusivit\u00e4t | Was als n\u00e4chstes in der Modebranche passieren muss\" \/>\n<meta property=\"og:description\" content=\"Vielfalt gegen Inklusivit\u00e4t - Nach noch entsetzlicheren Vorf\u00e4llen von Rassismus in Amerika haben wir als Gesellschaft die Verpflichtung, die von uns unterst\u00fctzten Institutionen und Branchen, wie beispielsweise Modemarken, zu fordern und eine schwarze Stimme in ihnen zu etablieren.\" \/>\n<meta property=\"og:url\" content=\"https:\/\/luxiders.com\/de\/vielfalt-vs-inklusivitaet-was-als-naechsrtes-in-der-modebranche-passieren-muss\/\" \/>\n<meta property=\"og:site_name\" content=\"Sustainable Fashion - Eco Design - Healthy Lifestyle - Luxiders Magazine\" \/>\n<meta property=\"article:published_time\" content=\"2020-06-09T11:33:00+00:00\" \/>\n<meta property=\"article:modified_time\" content=\"2023-01-16T13:40:03+00:00\" \/>\n<meta property=\"og:image\" content=\"https:\/\/luxiders.com\/content\/uploads\/Inclusivity-fashion-luxiders-magazine-4-1.jpg\" \/>\n\t<meta property=\"og:image:width\" content=\"1228\" \/>\n\t<meta property=\"og:image:height\" content=\"757\" \/>\n\t<meta property=\"og:image:type\" content=\"image\/jpeg\" \/>\n<meta name=\"author\" content=\"luxiders\" \/>\n<meta name=\"twitter:card\" content=\"summary_large_image\" \/>\n<meta name=\"twitter:label1\" content=\"Verfasst von\" \/>\n\t<meta name=\"twitter:data1\" content=\"luxiders\" \/>\n<script type=\"application\/ld+json\" class=\"yoast-schema-graph\">{\"@context\":\"https:\/\/schema.org\",\"@graph\":[{\"@type\":\"Article\",\"@id\":\"https:\/\/luxiders.com\/de\/vielfalt-vs-inklusivitaet-was-als-naechsrtes-in-der-modebranche-passieren-muss\/#article\",\"isPartOf\":{\"@id\":\"https:\/\/luxiders.com\/de\/vielfalt-vs-inklusivitaet-was-als-naechsrtes-in-der-modebranche-passieren-muss\/\"},\"author\":{\"name\":\"luxiders\",\"@id\":\"https:\/\/luxiders.com\/de\/#\/schema\/person\/8632fa702ae2ce98f66c396254633de8\"},\"headline\":\"Vielfalt vs. Inklusivit\u00e4t | Was als n\u00e4chstes in der Modebranche passieren muss\",\"datePublished\":\"2020-06-09T11:33:00+00:00\",\"dateModified\":\"2023-01-16T13:40:03+00:00\",\"mainEntityOfPage\":{\"@id\":\"https:\/\/luxiders.com\/de\/vielfalt-vs-inklusivitaet-was-als-naechsrtes-in-der-modebranche-passieren-muss\/\"},\"wordCount\":13,\"publisher\":{\"@id\":\"https:\/\/luxiders.com\/de\/#organization\"},\"image\":{\"@id\":\"https:\/\/luxiders.com\/de\/vielfalt-vs-inklusivitaet-was-als-naechsrtes-in-der-modebranche-passieren-muss\/#primaryimage\"},\"thumbnailUrl\":\"https:\/\/luxiders.com\/content\/uploads\/Inclusivity-fashion-luxiders-magazine-4-1.jpg\",\"keywords\":[\"art and fashion\",\"austellung mode\",\"exhibition\",\"Kunst und Mode\"],\"articleSection\":[\"Mode\"],\"inLanguage\":\"de\"},{\"@type\":\"WebPage\",\"@id\":\"https:\/\/luxiders.com\/de\/vielfalt-vs-inklusivitaet-was-als-naechsrtes-in-der-modebranche-passieren-muss\/\",\"url\":\"https:\/\/luxiders.com\/de\/vielfalt-vs-inklusivitaet-was-als-naechsrtes-in-der-modebranche-passieren-muss\/\",\"name\":\"Vielfalt vs. Inklusivit\u00e4t | Was als n\u00e4chstes in der Modebranche passieren muss\",\"isPartOf\":{\"@id\":\"https:\/\/luxiders.com\/de\/#website\"},\"primaryImageOfPage\":{\"@id\":\"https:\/\/luxiders.com\/de\/vielfalt-vs-inklusivitaet-was-als-naechsrtes-in-der-modebranche-passieren-muss\/#primaryimage\"},\"image\":{\"@id\":\"https:\/\/luxiders.com\/de\/vielfalt-vs-inklusivitaet-was-als-naechsrtes-in-der-modebranche-passieren-muss\/#primaryimage\"},\"thumbnailUrl\":\"https:\/\/luxiders.com\/content\/uploads\/Inclusivity-fashion-luxiders-magazine-4-1.jpg\",\"datePublished\":\"2020-06-09T11:33:00+00:00\",\"dateModified\":\"2023-01-16T13:40:03+00:00\",\"description\":\"Vielfalt gegen Inklusivit\u00e4t - Nach noch entsetzlicheren Vorf\u00e4llen von Rassismus in Amerika haben wir als Gesellschaft die Verpflichtung, die von uns unterst\u00fctzten Institutionen und Branchen, wie beispielsweise Modemarken, zu fordern und eine schwarze Stimme in ihnen zu etablieren.\",\"breadcrumb\":{\"@id\":\"https:\/\/luxiders.com\/de\/vielfalt-vs-inklusivitaet-was-als-naechsrtes-in-der-modebranche-passieren-muss\/#breadcrumb\"},\"inLanguage\":\"de\",\"potentialAction\":[{\"@type\":\"ReadAction\",\"target\":[\"https:\/\/luxiders.com\/de\/vielfalt-vs-inklusivitaet-was-als-naechsrtes-in-der-modebranche-passieren-muss\/\"]}]},{\"@type\":\"ImageObject\",\"inLanguage\":\"de\",\"@id\":\"https:\/\/luxiders.com\/de\/vielfalt-vs-inklusivitaet-was-als-naechsrtes-in-der-modebranche-passieren-muss\/#primaryimage\",\"url\":\"https:\/\/luxiders.com\/content\/uploads\/Inclusivity-fashion-luxiders-magazine-4-1.jpg\",\"contentUrl\":\"https:\/\/luxiders.com\/content\/uploads\/Inclusivity-fashion-luxiders-magazine-4-1.jpg\",\"width\":1228,\"height\":757},{\"@type\":\"BreadcrumbList\",\"@id\":\"https:\/\/luxiders.com\/de\/vielfalt-vs-inklusivitaet-was-als-naechsrtes-in-der-modebranche-passieren-muss\/#breadcrumb\",\"itemListElement\":[{\"@type\":\"ListItem\",\"position\":1,\"name\":\"Startseite\",\"item\":\"https:\/\/luxiders.com\/de\/\"},{\"@type\":\"ListItem\",\"position\":2,\"name\":\"Mode\",\"item\":\"https:\/\/luxiders.com\/de\/Katregorie\/nachhaltig-luxus-mode\/\"},{\"@type\":\"ListItem\",\"position\":3,\"name\":\"Vielfalt vs. Inklusivit\u00e4t | Was als n\u00e4chstes in der Modebranche passieren muss\"}]},{\"@type\":\"WebSite\",\"@id\":\"https:\/\/luxiders.com\/de\/#website\",\"url\":\"https:\/\/luxiders.com\/de\/\",\"name\":\"Sustainable Fashion - Eco Design - Healthy Lifestyle - Luxiders Magazine\",\"description\":\"Luxiders is a sustainable luxury magazine highlighting the best stories about sustainable fashion, ethical fashion, eco-friendly design, green design, sustainable travel, natural beauty, organic beauty and healthy lifestyle. Know the best high-end, progressive and luxury sustainable brands and designers worldwide.\",\"publisher\":{\"@id\":\"https:\/\/luxiders.com\/de\/#organization\"},\"potentialAction\":[{\"@type\":\"SearchAction\",\"target\":{\"@type\":\"EntryPoint\",\"urlTemplate\":\"https:\/\/luxiders.com\/de\/?s={search_term_string}\"},\"query-input\":{\"@type\":\"PropertyValueSpecification\",\"valueRequired\":true,\"valueName\":\"search_term_string\"}}],\"inLanguage\":\"de\"},{\"@type\":\"Organization\",\"@id\":\"https:\/\/luxiders.com\/de\/#organization\",\"name\":\"Sustainable Fashion - Eco Design - Healthy Lifestyle - Luxiders Magazine\",\"url\":\"https:\/\/luxiders.com\/de\/\",\"logo\":{\"@type\":\"ImageObject\",\"inLanguage\":\"de\",\"@id\":\"https:\/\/luxiders.com\/de\/#\/schema\/logo\/image\/\",\"url\":\"https:\/\/luxiders.com\/content\/uploads\/lux-logo.svg\",\"contentUrl\":\"https:\/\/luxiders.com\/content\/uploads\/lux-logo.svg\",\"caption\":\"Sustainable Fashion - Eco Design - Healthy Lifestyle - Luxiders Magazine\"},\"image\":{\"@id\":\"https:\/\/luxiders.com\/de\/#\/schema\/logo\/image\/\"}},{\"@type\":\"Person\",\"@id\":\"https:\/\/luxiders.com\/de\/#\/schema\/person\/8632fa702ae2ce98f66c396254633de8\",\"name\":\"luxiders\",\"url\":\"https:\/\/luxiders.com\/de\/author\/luxiders\/\"}]}<\/script>","yoast_head_json":{"title":"Vielfalt vs. Inklusivit\u00e4t | Was als n\u00e4chstes in der Modebranche passieren muss","description":"Vielfalt gegen Inklusivit\u00e4t - Nach noch entsetzlicheren Vorf\u00e4llen von Rassismus in Amerika haben wir als Gesellschaft die Verpflichtung, die von uns unterst\u00fctzten Institutionen und Branchen, wie beispielsweise Modemarken, zu fordern und eine schwarze Stimme in ihnen zu etablieren.","robots":{"index":"index","follow":"follow","max-snippet":"max-snippet:-1","max-image-preview":"max-image-preview:large","max-video-preview":"max-video-preview:-1"},"canonical":"https:\/\/luxiders.com\/de\/vielfalt-vs-inklusivitaet-was-als-naechsrtes-in-der-modebranche-passieren-muss\/","og_locale":"de_DE","og_type":"article","og_title":"Vielfalt vs. Inklusivit\u00e4t | Was als n\u00e4chstes in der Modebranche passieren muss","og_description":"Vielfalt gegen Inklusivit\u00e4t - Nach noch entsetzlicheren Vorf\u00e4llen von Rassismus in Amerika haben wir als Gesellschaft die Verpflichtung, die von uns unterst\u00fctzten Institutionen und Branchen, wie beispielsweise Modemarken, zu fordern und eine schwarze Stimme in ihnen zu etablieren.","og_url":"https:\/\/luxiders.com\/de\/vielfalt-vs-inklusivitaet-was-als-naechsrtes-in-der-modebranche-passieren-muss\/","og_site_name":"Sustainable Fashion - Eco Design - Healthy Lifestyle - Luxiders Magazine","article_published_time":"2020-06-09T11:33:00+00:00","article_modified_time":"2023-01-16T13:40:03+00:00","og_image":[{"width":1228,"height":757,"url":"https:\/\/luxiders.com\/content\/uploads\/Inclusivity-fashion-luxiders-magazine-4-1.jpg","type":"image\/jpeg"}],"author":"luxiders","twitter_card":"summary_large_image","twitter_misc":{"Verfasst von":"luxiders"},"schema":{"@context":"https:\/\/schema.org","@graph":[{"@type":"Article","@id":"https:\/\/luxiders.com\/de\/vielfalt-vs-inklusivitaet-was-als-naechsrtes-in-der-modebranche-passieren-muss\/#article","isPartOf":{"@id":"https:\/\/luxiders.com\/de\/vielfalt-vs-inklusivitaet-was-als-naechsrtes-in-der-modebranche-passieren-muss\/"},"author":{"name":"luxiders","@id":"https:\/\/luxiders.com\/de\/#\/schema\/person\/8632fa702ae2ce98f66c396254633de8"},"headline":"Vielfalt vs. Inklusivit\u00e4t | Was als n\u00e4chstes in der Modebranche passieren muss","datePublished":"2020-06-09T11:33:00+00:00","dateModified":"2023-01-16T13:40:03+00:00","mainEntityOfPage":{"@id":"https:\/\/luxiders.com\/de\/vielfalt-vs-inklusivitaet-was-als-naechsrtes-in-der-modebranche-passieren-muss\/"},"wordCount":13,"publisher":{"@id":"https:\/\/luxiders.com\/de\/#organization"},"image":{"@id":"https:\/\/luxiders.com\/de\/vielfalt-vs-inklusivitaet-was-als-naechsrtes-in-der-modebranche-passieren-muss\/#primaryimage"},"thumbnailUrl":"https:\/\/luxiders.com\/content\/uploads\/Inclusivity-fashion-luxiders-magazine-4-1.jpg","keywords":["art and fashion","austellung mode","exhibition","Kunst und Mode"],"articleSection":["Mode"],"inLanguage":"de"},{"@type":"WebPage","@id":"https:\/\/luxiders.com\/de\/vielfalt-vs-inklusivitaet-was-als-naechsrtes-in-der-modebranche-passieren-muss\/","url":"https:\/\/luxiders.com\/de\/vielfalt-vs-inklusivitaet-was-als-naechsrtes-in-der-modebranche-passieren-muss\/","name":"Vielfalt vs. Inklusivit\u00e4t | Was als n\u00e4chstes in der Modebranche passieren muss","isPartOf":{"@id":"https:\/\/luxiders.com\/de\/#website"},"primaryImageOfPage":{"@id":"https:\/\/luxiders.com\/de\/vielfalt-vs-inklusivitaet-was-als-naechsrtes-in-der-modebranche-passieren-muss\/#primaryimage"},"image":{"@id":"https:\/\/luxiders.com\/de\/vielfalt-vs-inklusivitaet-was-als-naechsrtes-in-der-modebranche-passieren-muss\/#primaryimage"},"thumbnailUrl":"https:\/\/luxiders.com\/content\/uploads\/Inclusivity-fashion-luxiders-magazine-4-1.jpg","datePublished":"2020-06-09T11:33:00+00:00","dateModified":"2023-01-16T13:40:03+00:00","description":"Vielfalt gegen Inklusivit\u00e4t - Nach noch entsetzlicheren Vorf\u00e4llen von Rassismus in Amerika haben wir als Gesellschaft die Verpflichtung, die von uns unterst\u00fctzten Institutionen und Branchen, wie beispielsweise Modemarken, zu fordern und eine schwarze Stimme in ihnen zu etablieren.","breadcrumb":{"@id":"https:\/\/luxiders.com\/de\/vielfalt-vs-inklusivitaet-was-als-naechsrtes-in-der-modebranche-passieren-muss\/#breadcrumb"},"inLanguage":"de","potentialAction":[{"@type":"ReadAction","target":["https:\/\/luxiders.com\/de\/vielfalt-vs-inklusivitaet-was-als-naechsrtes-in-der-modebranche-passieren-muss\/"]}]},{"@type":"ImageObject","inLanguage":"de","@id":"https:\/\/luxiders.com\/de\/vielfalt-vs-inklusivitaet-was-als-naechsrtes-in-der-modebranche-passieren-muss\/#primaryimage","url":"https:\/\/luxiders.com\/content\/uploads\/Inclusivity-fashion-luxiders-magazine-4-1.jpg","contentUrl":"https:\/\/luxiders.com\/content\/uploads\/Inclusivity-fashion-luxiders-magazine-4-1.jpg","width":1228,"height":757},{"@type":"BreadcrumbList","@id":"https:\/\/luxiders.com\/de\/vielfalt-vs-inklusivitaet-was-als-naechsrtes-in-der-modebranche-passieren-muss\/#breadcrumb","itemListElement":[{"@type":"ListItem","position":1,"name":"Startseite","item":"https:\/\/luxiders.com\/de\/"},{"@type":"ListItem","position":2,"name":"Mode","item":"https:\/\/luxiders.com\/de\/Katregorie\/nachhaltig-luxus-mode\/"},{"@type":"ListItem","position":3,"name":"Vielfalt vs. Inklusivit\u00e4t | Was als n\u00e4chstes in der Modebranche passieren muss"}]},{"@type":"WebSite","@id":"https:\/\/luxiders.com\/de\/#website","url":"https:\/\/luxiders.com\/de\/","name":"Sustainable Fashion - Eco Design - Healthy Lifestyle - Luxiders Magazine","description":"Luxiders is a sustainable luxury magazine highlighting the best stories about sustainable fashion, ethical fashion, eco-friendly design, green design, sustainable travel, natural beauty, organic beauty and healthy lifestyle. Know the best high-end, progressive and luxury sustainable brands and designers worldwide.","publisher":{"@id":"https:\/\/luxiders.com\/de\/#organization"},"potentialAction":[{"@type":"SearchAction","target":{"@type":"EntryPoint","urlTemplate":"https:\/\/luxiders.com\/de\/?s={search_term_string}"},"query-input":{"@type":"PropertyValueSpecification","valueRequired":true,"valueName":"search_term_string"}}],"inLanguage":"de"},{"@type":"Organization","@id":"https:\/\/luxiders.com\/de\/#organization","name":"Sustainable Fashion - Eco Design - Healthy Lifestyle - Luxiders Magazine","url":"https:\/\/luxiders.com\/de\/","logo":{"@type":"ImageObject","inLanguage":"de","@id":"https:\/\/luxiders.com\/de\/#\/schema\/logo\/image\/","url":"https:\/\/luxiders.com\/content\/uploads\/lux-logo.svg","contentUrl":"https:\/\/luxiders.com\/content\/uploads\/lux-logo.svg","caption":"Sustainable Fashion - Eco Design - Healthy Lifestyle - Luxiders Magazine"},"image":{"@id":"https:\/\/luxiders.com\/de\/#\/schema\/logo\/image\/"}},{"@type":"Person","@id":"https:\/\/luxiders.com\/de\/#\/schema\/person\/8632fa702ae2ce98f66c396254633de8","name":"luxiders","url":"https:\/\/luxiders.com\/de\/author\/luxiders\/"}]}},"_links":{"self":[{"href":"https:\/\/luxiders.com\/de\/wp-json\/wp\/v2\/posts\/2254","targetHints":{"allow":["GET"]}}],"collection":[{"href":"https:\/\/luxiders.com\/de\/wp-json\/wp\/v2\/posts"}],"about":[{"href":"https:\/\/luxiders.com\/de\/wp-json\/wp\/v2\/types\/post"}],"author":[{"embeddable":true,"href":"https:\/\/luxiders.com\/de\/wp-json\/wp\/v2\/users\/2"}],"replies":[{"embeddable":true,"href":"https:\/\/luxiders.com\/de\/wp-json\/wp\/v2\/comments?post=2254"}],"version-history":[{"count":3,"href":"https:\/\/luxiders.com\/de\/wp-json\/wp\/v2\/posts\/2254\/revisions"}],"predecessor-version":[{"id":9942,"href":"https:\/\/luxiders.com\/de\/wp-json\/wp\/v2\/posts\/2254\/revisions\/9942"}],"wp:featuredmedia":[{"embeddable":true,"href":"https:\/\/luxiders.com\/de\/wp-json\/wp\/v2\/media\/2257"}],"wp:attachment":[{"href":"https:\/\/luxiders.com\/de\/wp-json\/wp\/v2\/media?parent=2254"}],"wp:term":[{"taxonomy":"category","embeddable":true,"href":"https:\/\/luxiders.com\/de\/wp-json\/wp\/v2\/categories?post=2254"},{"taxonomy":"post_tag","embeddable":true,"href":"https:\/\/luxiders.com\/de\/wp-json\/wp\/v2\/tags?post=2254"}],"curies":[{"name":"wp","href":"https:\/\/api.w.org\/{rel}","templated":true}]}}