{"id":23035,"date":"2023-05-13T17:08:56","date_gmt":"2023-05-13T15:08:56","guid":{"rendered":"http:\/\/luxiders.com.w01cc729.kasserver.com\/?p=23035"},"modified":"2023-05-17T01:36:19","modified_gmt":"2023-05-16T23:36:19","slug":"nachhaltigkeit-optimiert-die-zukunft-der-mode-bei-premiere-vision","status":"publish","type":"post","link":"https:\/\/luxiders.com\/de\/nachhaltigkeit-optimiert-die-zukunft-der-mode-bei-premiere-vision\/","title":{"rendered":"Nachhaltigkeit optimiert die Zukunft der Mode bei Premi\u00e8re Vision"},"content":{"rendered":"    <section id=\"textblock-block_008b32567671964c402aa49d4a52943e\" class=\"section position-relative gp-block gp-textblock pt-0 pb-0\">\n        <div class=\"container\">\n            <div class=\"row g-0\">\n                <div class=\"col-lg-12 content\" data-aos=\"fade-in\" data-aos-duration=\"1000\">\n                                                                                    <div class=\"intro \">\n                            <p style=\"text-align: center;\"><span style=\"font-weight: 400;\"><span style=\"color: #d6a16b;\"><a style=\"color: #d6a16b;\" href=\"https:\/\/paris.premierevision.com\/en\/?utm_campaign=rpa20231&amp;utm_medium=display&amp;utm_source=luxiders\">Premi\u00e8re Vision<\/a><\/span><\/span>, das Festival und Trade Fair, bei dem die Modeindustrie zusammenkommt, um Ideen auszutauschen, wird diesen Februar nach Paris zur\u00fcckkehren und die Arbeit von 1.246 speziell ausgew\u00e4hlten Ausstellern vorstellen. 376 der Austeller fallen in die Kategorie &#8222;Nachhaltiges Angebot&#8220;, eine Initiative, die es Designern leichter macht, Nachhaltigkeit in ihre Arbeit zu integrieren, und die dazu beitr\u00e4gt, den Weg f\u00fcr eine ethischere Mode zu ebnen. Wie immer werden wir in diesem Artikel die nachhaltigen Bem\u00fchungen der Veranstaltung hervorheben.<\/p>\n                        <\/div>\n                                                                                                <\/div>\n            <\/div>\n        <\/div>\n    <\/section>\n    \n\n    <section id=\"newsletter-block_08a9d11205362be952373146db83f8b8\" class=\"section position-relative gp-block gp-newsletter pt-0 pb-0 my-5\">\n        <div class=\"container\">\n            <div class=\"row g-0 pt-4 pb-3\">\n                <div class=\"col-lg-12 content text-center border pt-3\" data-aos=\"fade-in\" data-aos-duration=\"1000\">\n                                            <p><em>Um den Luxiders Newsletter zu erhalten,\u00a0<a href=\"https:\/\/landing.mailerlite.com\/webforms\/landing\/g1u8s7\">melde dich hier an<\/a>.<\/em><\/p>\n                                    <\/div>\n            <\/div>\n        <\/div>\n    <\/section>\n    \n\n    <section id=\"textblock-block_effbfa24682d6d24b696c96054a85ac8\" class=\"section position-relative gp-block gp-textblock pt-0 pb-0\">\n        <div class=\"container\">\n            <div class=\"row g-0\">\n                <div class=\"col-lg-12 content\" data-aos=\"fade-in\" data-aos-duration=\"1000\">\n                                                                                <p>Die <span style=\"font-weight: 400;\"><span style=\"color: #d6a16b;\"><a style=\"color: #d6a16b;\" href=\"https:\/\/paris.premierevision.com\/en\/?utm_campaign=rpa20231&amp;utm_medium=display&amp;utm_source=luxiders\" target=\"_blank\" rel=\"noopener noreferrer\">Premi\u00e8re Vision<\/a><\/span><\/span> steht vor der T\u00fcr. Zwischen dem 7. und 9. Februar 2023 werden Textildesigner*innen und Modehersteller*innen sowie Spinner*innen, Gerber*innen und Weber*innen aus 44 L\u00e4ndern zusammenkommen, um Markenmanagern, Eink\u00e4ufern und Designern neue Entwicklungen und kreative Vorschl\u00e4ge zu pr\u00e4sentieren, in der Hoffnung, neue und spannende St\u00fccke f\u00fcr die SS24-Kollektionen zu kreieren.<\/p>\n<p>NACHHALTIGES ANGEBOT<\/p>\n<p>Als einflussreicher Teil der Modeindustrie muss Premi\u00e8re Vision bei der Auswahl der Aussteller f\u00fcr die Veranstaltung an die Zukunft der Mode denken. Seit 2015 wird auf der Messe jedes Jahr die Smart Creation Range pr\u00e4sentiert, die sich auf Marken konzentriert, die innovativ daran arbeiten, etwas gegen die Auswirkungen der Mode auf die Umwelt zu tun. Dies wird auch in diesem Jahr fortgesetzt, mit 55 Ausstellern, die sich dem Smart Creation-Bereich in Halle 4 anschlie\u00dfen werden. Dieser Bereich wird in drei Bereiche unterteilt sein: Smart Materials, die innovative Materialien, neue umweltfreundliche Fasern, F\u00e4rbeverfahren oder chemische L\u00f6sungen mit geringeren Auswirkungen vorstellen; Smart Services, eine Auswahl von Unternehmen, die sich auf Dienstleistungen zur Unterst\u00fctzung der gesamten Lieferkette spezialisiert haben, und ein neuer Smart Tech-Bereich, der innovative technologische L\u00f6sungen versammelt.<\/p>\n<p>Da das Thema Nachhaltigkeit in der Modeindustrie immer h\u00e4ufiger diskutiert wird, sind immer mehr Designer*innen und Marken bestrebt, die Art und Weise, wie ihre Kleidung hergestellt wird, und die Materialien, aus denen sie besteht, zu \u00e4ndern. Dies hat dazu gef\u00fchrt, dass die Veranstaltung jedes Jahr eine wachsende Zahl nachhaltiger Lieferanten pr\u00e4sentiert. Auf der Messe im Februar dieses Jahres fallen 376 der ausstellenden Lieferanten unter die Kategorie &#8222;Nachhaltiges Angebot&#8220;, eine Initiative, die es Designern leichter macht, Nachhaltigkeit in ihre Arbeit einzubeziehen, und die dazu beitr\u00e4gt, den Weg f\u00fcr eine ethischere Mode zu ebnen.<\/p>\n                                                        <\/div>\n            <\/div>\n        <\/div>\n    <\/section>\n    \n\n    <section id=\"textblock-block_715b2ad0d9ec01555fb3e0e4a6b79642\" class=\"section position-relative gp-block gp-textblock pt-0 pb-0\">\n        <div class=\"container\">\n            <div class=\"row g-0\">\n                <div class=\"col-lg-12 content\" data-aos=\"fade-in\" data-aos-duration=\"1000\">\n                                                                                                                            <div class=\"highlighted mt-5 mt-lg-6 px-lg-5\">\n                            <p style=\"text-align: center;\"><span style=\"color: #d6a16b;\"><em>&#8222;Premi\u00e8re Vision setzt sich f\u00fcr die \u00f6kologische Transformation der Textilindustrie ein&#8220;.<\/em><\/span><\/p>\n                        <\/div>\n                                                        <\/div>\n            <\/div>\n        <\/div>\n    <\/section>\n    \n\n    <section id=\"media-block_7d6b7473f880c57531e006de1eb181a3\" class=\"section position-relative gp-block gp-media pt-0 pb-0\">\n        <div class=\"container\">\n            <div class=\"row g-0\">\n                <div class=\"col-lg-12 content\" data-aos=\"fade-in\" data-aos-duration=\"1000\">\n                                                                            <\/div>\n            <\/div>\n            <div class=\"row g-0\">\n                <div class=\"col-lg-12 img-scaled\">\n                                                                                                                                                <figure class=\"mb-4 pt-lg-5 mb-lg-5 ps-lg-3 pe-lg-3\" data-aos=\"fade-up\" data-aos-duration=\"1000\"><div class=\"img-container\"><img loading=\"lazy\" decoding=\"async\" width=\"1000\" height=\"667\" src=\"https:\/\/luxiders.com\/content\/uploads\/pv-paris-juillet2022alexgallosi-12.jpeg\" class=\"img-fluid w-100\" alt=\"premiere vision, smart creations, sustainability at Pr\u00e9miere Vision, sustainable materials, sustainable textiles\" srcset=\"https:\/\/luxiders.com\/content\/uploads\/pv-paris-juillet2022alexgallosi-12.jpeg 1000w, https:\/\/luxiders.com\/content\/uploads\/pv-paris-juillet2022alexgallosi-12-300x200.jpeg 300w, https:\/\/luxiders.com\/content\/uploads\/pv-paris-juillet2022alexgallosi-12-768x512.jpeg 768w\" sizes=\"(max-width: 1000px) 100vw, 1000px\" \/><\/div><\/figure>                                                                                            <\/div>\n                                            <\/div>\n        <\/div>\n    <\/section>\n    \n\n    <section id=\"textblock-block_21f12a3927ec27734c79afc44a03be82\" class=\"section position-relative gp-block gp-textblock pt-0 pb-0\">\n        <div class=\"container\">\n            <div class=\"row g-0\">\n                <div class=\"col-lg-12 content\" data-aos=\"fade-in\" data-aos-duration=\"1000\">\n                                                                                <p>Nicht alle Marken in der Kategorie &#8222;Nachhaltiges Angebot&#8220; arbeiten auf die gleiche Weise f\u00fcr Nachhaltigkeit. Einige, wie <a href=\"https:\/\/www.azga.in\/\" target=\"_blank\" rel=\"noopener noreferrer\"><span style=\"font-weight: 400;\"><span style=\"color: #d6a16b;\">AZGA<\/span><\/span><\/a>, die handgefertigte Schmuckst\u00fccke anbieten, konzentrieren sich auf die Herstellung von Einzelst\u00fccken, um \u00dcberproduktionen zu vermeiden. Andere, wie <span style=\"color: #d6a16b;\"><a style=\"color: #d6a16b;\" href=\"https:\/\/www.oceansafe.co\/\" target=\"_blank\" rel=\"noopener noreferrer\"><span style=\"font-weight: 400;\">OceanSafe<\/span><\/a><\/span>, die Kits anbieten, mit denen Designer*innen vollst\u00e4ndig biologisch abbaubare und zirkul\u00e4re Modest\u00fccke herstellen k\u00f6nnen, konzentrieren sich eher auf die Qualit\u00e4t und die Umweltauswirkungen der verwendeten Materialien und Stoffe als auf die produzierte Menge. Dies sind nur einige der zukunftsorientierten Marken, die dieses Jahr auf der Messe vorgestellt werden. Zu den weiteren spannenden Unternehmen, auf die man achten sollte, geh\u00f6ren <a href=\"https:\/\/www.instagram.com\/recyctex\/?hl=en\" target=\"_blank\" rel=\"noopener noreferrer\"><span style=\"font-weight: 400;\"><span style=\"color: #d6a16b;\">Recyctex<\/span><\/span><\/a>, das Stoffe aus ausrangierten Fischernetzen und Plastikflaschen herstellt, und <a href=\"https:\/\/www.induo-textile.com\/\" target=\"_blank\" rel=\"noopener noreferrer\"><span style=\"font-weight: 400;\"><span style=\"color: #d6a16b;\">Induo<\/span><\/span><\/a>, das schmutzabweisende Stoffe aus 100 % nat\u00fcrlicher Baumwolle entwickelt.<\/p>\n<p>Neben dem Bereich &#8222;Sustainable Offer&#8220; wird in diesem Jahr auch die neue Deadstock-Kollektion in den Mittelpunkt ger\u00fcckt. Dieser Bereich wird als ein weiterer umweltfreundlicher Teil der Messe beworben, der es einigen Teilnehmern der Messe erm\u00f6glicht, ihren &#8222;Deadstock&#8220;-Kreationen, die sonst vielleicht weggeworfen worden w\u00e4ren, einen neuen Zweck zu geben.<\/p>\n<h3>DIE R\u00dcCKKEHR DER MAISON D&#8217;EXCEPTIONS<\/h3>\n<p>Zum ersten Mal seit zwei Jahren kehrt Maison d&#8217;Exceptions zur\u00fcck. Die Sektion, die sich in Halle 6 befindet, wird die Arbeit von 23 luxuri\u00f6sen und hochqualifizierten Anbietern pr\u00e4sentieren und ist nur auf Einladung zug\u00e4nglich. Die Aussteller in diesem Bereich demonstrieren entweder die Beherrschung traditioneller handwerklicher Techniken oder innovativer Technologien, und wir glauben, dass hier einige der sch\u00f6nsten Arbeiten der Messe zu sehen sein werden.<\/p>\n<p>Ein Aussteller, der in diesem Bereich zu sehen sein wird, ist <span style=\"color: #d6a16b;\"><a style=\"color: #d6a16b;\" href=\"https:\/\/www.authentic-material.com\/en\" target=\"_blank\" rel=\"noopener noreferrer\"><span style=\"font-weight: 400;\">Authentic Material<\/span><\/a><\/span>, der sich f\u00fcr einen zirkul\u00e4ren Ansatz in der Mode einsetzt. Ihr Ziel ist es, Luxusmarken die M\u00f6glichkeit zu geben, ihre eigenen Lieferanten zu werden, indem sie nat\u00fcrliche Materialien aus ihren Nebenprodukten und Abf\u00e4llen wiederverwenden, eine Initiative, die sie &#8222;Natural Self Sourcing&#8220; nennen. Andere, die man im Auge behalten sollte, sind <span style=\"color: #d6a16b;\"><a style=\"color: #d6a16b;\" href=\"http:\/\/www.cecilefeilchenfeldt.com\/\" target=\"_blank\" rel=\"noopener noreferrer\"><span style=\"font-weight: 400;\">C\u00e9cile Feilchenfeldt<\/span><\/a><\/span>, die neue Fasern mit traditionellen Techniken mischt, um verspielte und farbenfrohe Designs zu kreieren, und <span style=\"color: #d6a16b;\"><a style=\"color: #d6a16b;\" href=\"https:\/\/www.xavierxbrisoux.com\/\" target=\"_blank\" rel=\"noopener noreferrer\"><span style=\"font-weight: 400;\">Xavier Brisoux<\/span><\/a><\/span>, der durch kreative Stricktechniken dichte, skulptur\u00e4hnliche St\u00fccke schafft.<\/p>\n                                                        <\/div>\n            <\/div>\n        <\/div>\n    <\/section>\n    \n\n    <section id=\"media-block_2e63888b6da90dd54a0c5ae28b5b9502\" class=\"section position-relative gp-block gp-media pt-0 pb-0\">\n        <div class=\"container\">\n            <div class=\"row g-0\">\n                <div class=\"col-lg-12 content\" data-aos=\"fade-in\" data-aos-duration=\"1000\">\n                                                                            <\/div>\n            <\/div>\n            <div class=\"row g-0\">\n                <div class=\"col-lg-12 img-scaled\">\n                                                                                                                                                <figure class=\"mb-4 pt-lg-5 mb-lg-5 ps-lg-3 pe-lg-3\" data-aos=\"fade-up\" data-aos-duration=\"1000\"><div class=\"img-container\"><img loading=\"lazy\" decoding=\"async\" width=\"1000\" height=\"668\" src=\"https:\/\/luxiders.com\/content\/uploads\/pv-paris-juillet2022alexgallosi-44.jpeg\" class=\"img-fluid w-100\" alt=\"premiere vision, smart creations, sustainability at Pr\u00e9miere Vision, sustainable materials, sustainable textiles\" srcset=\"https:\/\/luxiders.com\/content\/uploads\/pv-paris-juillet2022alexgallosi-44.jpeg 1000w, https:\/\/luxiders.com\/content\/uploads\/pv-paris-juillet2022alexgallosi-44-300x200.jpeg 300w, https:\/\/luxiders.com\/content\/uploads\/pv-paris-juillet2022alexgallosi-44-768x513.jpeg 768w\" sizes=\"(max-width: 1000px) 100vw, 1000px\" \/><\/div><\/figure>                                                                                            <\/div>\n                                            <\/div>\n        <\/div>\n    <\/section>\n    \n\n    <section id=\"media-block_8e14478a27ac9a77e0d2c810715f3f89\" class=\"section position-relative gp-block gp-media pt-0 pb-0\">\n        <div class=\"container\">\n            <div class=\"row g-0\">\n                <div class=\"col-lg-12 content\" data-aos=\"fade-in\" data-aos-duration=\"1000\">\n                                                                            <\/div>\n            <\/div>\n            <div class=\"row g-0\">\n                <div class=\"col-lg-6 \">\n                                                                                                                                                <figure class=\"mb-4 pt-lg-5 mb-lg-5 ps-lg-3 pe-lg-3\" data-aos=\"fade-up\" data-aos-duration=\"1000\"><div class=\"img-container\"><img loading=\"lazy\" decoding=\"async\" width=\"1000\" height=\"666\" src=\"https:\/\/luxiders.com\/content\/uploads\/pv-paris-juillet2022alexgallosi-17.jpeg\" class=\"img-fluid w-100\" alt=\"premiere vision, smart creations, sustainability at Pr\u00e9miere Vision, sustainable materials, sustainable textiles\" srcset=\"https:\/\/luxiders.com\/content\/uploads\/pv-paris-juillet2022alexgallosi-17.jpeg 1000w, https:\/\/luxiders.com\/content\/uploads\/pv-paris-juillet2022alexgallosi-17-300x200.jpeg 300w, https:\/\/luxiders.com\/content\/uploads\/pv-paris-juillet2022alexgallosi-17-768x511.jpeg 768w\" sizes=\"(max-width: 1000px) 100vw, 1000px\" \/><\/div><\/figure>                                                                                            <\/div>\n                                    <div class=\"col-lg-6\">\n                                                                                                                                                        <figure class=\"mb-4 pt-lg-5 mb-lg-5 ps-lg-3 pe-lg-3\" data-aos=\"fade-up\" data-aos-duration=\"1000\"><div class=\"img-container\"><img loading=\"lazy\" decoding=\"async\" width=\"1000\" height=\"666\" src=\"https:\/\/luxiders.com\/content\/uploads\/pv-paris-juillet2022francoisdurand-1565.jpeg\" class=\"img-fluid w-100\" alt=\"premiere vision, smart creations, sustainability at Pr\u00e9miere Vision, sustainable materials, sustainable textiles\" srcset=\"https:\/\/luxiders.com\/content\/uploads\/pv-paris-juillet2022francoisdurand-1565.jpeg 1000w, https:\/\/luxiders.com\/content\/uploads\/pv-paris-juillet2022francoisdurand-1565-300x200.jpeg 300w, https:\/\/luxiders.com\/content\/uploads\/pv-paris-juillet2022francoisdurand-1565-768x511.jpeg 768w\" sizes=\"(max-width: 1000px) 100vw, 1000px\" \/><\/div><\/figure>                                                                                                        <\/div>\n                                            <\/div>\n        <\/div>\n    <\/section>\n    \n\n    <section id=\"textblock-block_52fcae257323b7e023b3c7dc5ee517a0\" class=\"section position-relative gp-block gp-textblock pt-0 pb-0\">\n        <div class=\"container\">\n            <div class=\"row g-0\">\n                <div class=\"col-lg-12 content\" data-aos=\"fade-in\" data-aos-duration=\"1000\">\n                                                                                <h3>WAS DU AUF DER PREMIERE VISION NICHT VERPASSEN SOLLTEST<\/h3>\n<p>Neben dem Besuch der St\u00e4nde der Zulieferer gibt es w\u00e4hrend der gesamten Dauer der Messe auch eine Reihe von Vortr\u00e4gen, die dich unterhalten werden. Ein Vortrag, den du nicht verpassen solltest, wenn du dich f\u00fcr neue Materialien interessierst, die in der Modebranche entwickelt werden, ist der Vortrag von <span style=\"color: #d6a16b;\"><a style=\"color: #d6a16b;\" href=\"https:\/\/www.premierevision.com\/en\/magazine\/pv-talk-innovation-pitch-brewed-protein-fibers-advancing-the-circular-economy\/?utm_medium=cpc&amp;utm_source=google&amp;utm_campaign=rpa20231&amp;_ga=2.258890250.143208168.1673964207-550689870.1673964207&amp;pk_vid=a8248fcf247183e61673965615ed6dc3\" target=\"_blank\" rel=\"noopener noreferrer\"><span style=\"font-weight: 400;\">Spiber<\/span><\/a><\/span>, einer Marke, die sich auf die Herstellung von Brewed Protein\u2122-Fasern spezialisiert hat und \u00fcber den \u00dcbergang der Modebranche zu einer Kreislaufwirtschaft spricht. F\u00fcr einen allgemeineren \u00dcberblick \u00fcber Nachhaltigkeit in der Modebranche k\u00f6nnte der <span style=\"color: #d6a16b;\"><a style=\"color: #d6a16b;\" href=\"https:\/\/www.premierevision.com\/en\/magazine\/pv-talk-eco-innovation-trend-tasting\/?utm_medium=cpc&amp;utm_source=google&amp;utm_campaign=rpa20231&amp;_ga=2.225407514.143208168.1673964207-550689870.1673964207&amp;pk_vid=a8248fcf247183e61673965222ed6dc3\" target=\"_blank\" rel=\"noopener noreferrer\"><span style=\"font-weight: 400;\">Premier Vision Talk mit Sara Van P\u00e9e<\/span><\/a><\/span> von gr\u00f6\u00dferem Interesse sein, der sich mit den wichtigsten innovativen Trends in der Branche befasst. Weitere Informationen zu diesen und anderen Vortr\u00e4gen, die w\u00e4hrend der Messe stattfinden, findest du auf der Premiere Vision-<span style=\"color: #d6a16b;\"><a style=\"color: #d6a16b;\" href=\"https:\/\/paris.premierevision.com\/en\/february-2023-edition\/?utm_medium=cpc&amp;utm_source=google&amp;utm_campaign=rpa20231\"><span style=\"font-weight: 400;\">Website<\/span><\/a><\/span>.<\/p>\n<p>F\u00fcr Neueinsteiger gibt es w\u00e4hrend der Messe auch F\u00fchrungen durch die Halle des \u00d6ko-Forums. Diese sind jedoch auf 20 Personen begrenzt, daher solltest du dich bei Interesse rechtzeitig anmelden!<\/p>\n<p>WEITERE NACHHALTIGE INITIATIVEN VON PREMIERE VISION<\/p>\n<p>Premiere Vision zeigt seine Begeisterung f\u00fcr Nachhaltigkeit auch auf andere Weise und widmet dem Thema eine eigene Rubrik in ihrem <a href=\"https:\/\/www.premierevision.com\/en\/categories\/sustainability\/?utm_medium=cpc&amp;utm_source=google&amp;utm_campaign=rpa20231\"><span style=\"font-weight: 400;\">Magazine<\/span><\/a>. Hier kannst du den Smart Creation-Podcast und die Smart Talks anh\u00f6ren, in denen das ganze Jahr \u00fcber das Thema Nachhaltigkeit diskutiert wird.<\/p>\n<p>Auch bei der Messe selbst wurden Ma\u00dfnahmen ergriffen, um sie so nachhaltig wie m\u00f6glich zu gestalten. Durch die Wiederverwendung von St\u00e4nden und M\u00f6beln, die Verwendung von verbrauchsarmen LED-Leuchten, die Zusammenarbeit mit Umweltorganisationen und die Reduzierung des Plastikverbrauchs bei der Beschilderung konnte Premiere Vision sein Engagement f\u00fcr Nachhaltigkeit unter Beweis stellen.<\/p>\n                                                        <\/div>\n            <\/div>\n        <\/div>\n    <\/section>\n    \n\n    <section id=\"media-block_9521490a2bc7cd55dcf66b1d8b9a7197\" class=\"section position-relative gp-block gp-media pt-0 pb-0\">\n        <div class=\"container\">\n            <div class=\"row g-0\">\n                <div class=\"col-lg-12 content\" data-aos=\"fade-in\" data-aos-duration=\"1000\">\n                                                                            <\/div>\n            <\/div>\n            <div class=\"row g-0\">\n                <div class=\"col-lg-12 img-scaled\">\n                                                                                                                                                <figure class=\"mb-4 pt-lg-5 mb-lg-5 ps-lg-3 pe-lg-3\" data-aos=\"fade-up\" data-aos-duration=\"1000\"><div class=\"img-container\"><img loading=\"lazy\" decoding=\"async\" width=\"800\" height=\"534\" src=\"https:\/\/luxiders.com\/content\/uploads\/pv-paris-juillet2022francoisdurand-188.jpeg\" class=\"img-fluid w-100\" alt=\"premiere vision, smart creations, sustainability at Pr\u00e9miere Vision, sustainable materials, sustainable textiles\" srcset=\"https:\/\/luxiders.com\/content\/uploads\/pv-paris-juillet2022francoisdurand-188.jpeg 800w, https:\/\/luxiders.com\/content\/uploads\/pv-paris-juillet2022francoisdurand-188-300x200.jpeg 300w, https:\/\/luxiders.com\/content\/uploads\/pv-paris-juillet2022francoisdurand-188-768x513.jpeg 768w\" sizes=\"(max-width: 800px) 100vw, 800px\" \/><\/div><\/figure>                                                                                            <\/div>\n                                            <\/div>\n        <\/div>\n    <\/section>\n    \n\n    <section id=\"textblock-block_95f8cb797dbd78aeb66cf25fb7960f11\" class=\"section position-relative gp-block gp-textblock pt-0 pb-0\">\n        <div class=\"container\">\n            <div class=\"row g-0\">\n                <div class=\"col-lg-12 content\" data-aos=\"fade-in\" data-aos-duration=\"1000\">\n                                                                                <p style=\"text-align: center;\"><em><strong>All Images: \u00a9 Premi\u00e8re Vision<\/strong><\/em><\/p>\n<p style=\"text-align: center;\"><em><strong>+ Words:<br \/>\nEmily Nicholas<br \/>\nLuxiders Magazine<\/strong><\/em><\/p>\n                                                        <\/div>\n            <\/div>\n        <\/div>\n    <\/section>\n    ","protected":false},"excerpt":{"rendered":"","protected":false},"author":2,"featured_media":22785,"comment_status":"closed","ping_status":"closed","sticky":false,"template":"","format":"standard","meta":{"_acf_changed":false,"footnotes":""},"categories":[1194],"tags":[4173,3661],"class_list":["post-23035","post","type-post","status-publish","format-standard","has-post-thumbnail","category-nachhaltig-luxus-mode","tag-premiere-vision-4","tag-sustainable-materials-2"],"acf":[],"yoast_head":"<title>Nachhaltigkeit wird zum Leitmotiv bei Premiere Vision<\/title>\n<meta name=\"description\" content=\"Die Premiere Vision kehrt im Februar nach Paris zur\u00fcck und stellt die Arbeiten von 1.246 ausgew\u00e4hlten Ausstellern vor. &quot;Nachhaltige Angebot&quot;\" \/>\n<meta name=\"robots\" content=\"index, follow, max-snippet:-1, max-image-preview:large, max-video-preview:-1\" \/>\n<link rel=\"canonical\" href=\"https:\/\/luxiders.com\/de\/nachhaltigkeit-optimiert-die-zukunft-der-mode-bei-premiere-vision\/\" \/>\n<meta property=\"og:locale\" content=\"de_DE\" \/>\n<meta property=\"og:type\" content=\"article\" \/>\n<meta property=\"og:title\" content=\"Nachhaltigkeit wird zum Leitmotiv bei Premiere Vision\" \/>\n<meta property=\"og:description\" content=\"Die Premiere Vision kehrt im Februar nach Paris zur\u00fcck und stellt die Arbeiten von 1.246 ausgew\u00e4hlten Ausstellern vor. &quot;Nachhaltige Angebot&quot;\" \/>\n<meta property=\"og:url\" content=\"https:\/\/luxiders.com\/de\/nachhaltigkeit-optimiert-die-zukunft-der-mode-bei-premiere-vision\/\" \/>\n<meta property=\"og:site_name\" content=\"Sustainable Fashion - Eco Design - Healthy Lifestyle - Luxiders Magazine\" \/>\n<meta property=\"article:published_time\" content=\"2023-05-13T15:08:56+00:00\" \/>\n<meta property=\"article:modified_time\" content=\"2023-05-16T23:36:19+00:00\" \/>\n<meta property=\"og:image\" content=\"https:\/\/luxiders.com\/content\/uploads\/pv-paris-juillet2022francoisdurand-097.jpeg\" \/>\n\t<meta property=\"og:image:width\" content=\"1920\" \/>\n\t<meta property=\"og:image:height\" content=\"1281\" \/>\n\t<meta property=\"og:image:type\" content=\"image\/jpeg\" \/>\n<meta name=\"author\" content=\"luxiders\" \/>\n<meta name=\"twitter:card\" content=\"summary_large_image\" \/>\n<meta name=\"twitter:label1\" content=\"Verfasst von\" \/>\n\t<meta name=\"twitter:data1\" content=\"luxiders\" \/>\n<script type=\"application\/ld+json\" class=\"yoast-schema-graph\">{\"@context\":\"https:\/\/schema.org\",\"@graph\":[{\"@type\":\"Article\",\"@id\":\"https:\/\/luxiders.com\/de\/nachhaltigkeit-optimiert-die-zukunft-der-mode-bei-premiere-vision\/#article\",\"isPartOf\":{\"@id\":\"https:\/\/luxiders.com\/de\/nachhaltigkeit-optimiert-die-zukunft-der-mode-bei-premiere-vision\/\"},\"author\":{\"name\":\"luxiders\",\"@id\":\"https:\/\/luxiders.com\/de\/#\/schema\/person\/8632fa702ae2ce98f66c396254633de8\"},\"headline\":\"Nachhaltigkeit optimiert die Zukunft der Mode bei Premi\u00e8re Vision\",\"datePublished\":\"2023-05-13T15:08:56+00:00\",\"dateModified\":\"2023-05-16T23:36:19+00:00\",\"mainEntityOfPage\":{\"@id\":\"https:\/\/luxiders.com\/de\/nachhaltigkeit-optimiert-die-zukunft-der-mode-bei-premiere-vision\/\"},\"wordCount\":10,\"publisher\":{\"@id\":\"https:\/\/luxiders.com\/de\/#organization\"},\"image\":{\"@id\":\"https:\/\/luxiders.com\/de\/nachhaltigkeit-optimiert-die-zukunft-der-mode-bei-premiere-vision\/#primaryimage\"},\"thumbnailUrl\":\"https:\/\/luxiders.com\/content\/uploads\/pv-paris-juillet2022francoisdurand-097.jpeg\",\"keywords\":[\"premiere vision\",\"sustainable materials\"],\"articleSection\":[\"Mode\"],\"inLanguage\":\"de\"},{\"@type\":\"WebPage\",\"@id\":\"https:\/\/luxiders.com\/de\/nachhaltigkeit-optimiert-die-zukunft-der-mode-bei-premiere-vision\/\",\"url\":\"https:\/\/luxiders.com\/de\/nachhaltigkeit-optimiert-die-zukunft-der-mode-bei-premiere-vision\/\",\"name\":\"Nachhaltigkeit wird zum Leitmotiv bei Premiere Vision\",\"isPartOf\":{\"@id\":\"https:\/\/luxiders.com\/de\/#website\"},\"primaryImageOfPage\":{\"@id\":\"https:\/\/luxiders.com\/de\/nachhaltigkeit-optimiert-die-zukunft-der-mode-bei-premiere-vision\/#primaryimage\"},\"image\":{\"@id\":\"https:\/\/luxiders.com\/de\/nachhaltigkeit-optimiert-die-zukunft-der-mode-bei-premiere-vision\/#primaryimage\"},\"thumbnailUrl\":\"https:\/\/luxiders.com\/content\/uploads\/pv-paris-juillet2022francoisdurand-097.jpeg\",\"datePublished\":\"2023-05-13T15:08:56+00:00\",\"dateModified\":\"2023-05-16T23:36:19+00:00\",\"description\":\"Die Premiere Vision kehrt im Februar nach Paris zur\u00fcck und stellt die Arbeiten von 1.246 ausgew\u00e4hlten Ausstellern vor. \\\"Nachhaltige Angebot\\\"\",\"breadcrumb\":{\"@id\":\"https:\/\/luxiders.com\/de\/nachhaltigkeit-optimiert-die-zukunft-der-mode-bei-premiere-vision\/#breadcrumb\"},\"inLanguage\":\"de\",\"potentialAction\":[{\"@type\":\"ReadAction\",\"target\":[\"https:\/\/luxiders.com\/de\/nachhaltigkeit-optimiert-die-zukunft-der-mode-bei-premiere-vision\/\"]}]},{\"@type\":\"ImageObject\",\"inLanguage\":\"de\",\"@id\":\"https:\/\/luxiders.com\/de\/nachhaltigkeit-optimiert-die-zukunft-der-mode-bei-premiere-vision\/#primaryimage\",\"url\":\"https:\/\/luxiders.com\/content\/uploads\/pv-paris-juillet2022francoisdurand-097.jpeg\",\"contentUrl\":\"https:\/\/luxiders.com\/content\/uploads\/pv-paris-juillet2022francoisdurand-097.jpeg\",\"width\":1920,\"height\":1281,\"caption\":\"premiere vision, smart creations, sustainability at Pr\u00e9miere Vision, sustainable materials, sustainable textiles\"},{\"@type\":\"BreadcrumbList\",\"@id\":\"https:\/\/luxiders.com\/de\/nachhaltigkeit-optimiert-die-zukunft-der-mode-bei-premiere-vision\/#breadcrumb\",\"itemListElement\":[{\"@type\":\"ListItem\",\"position\":1,\"name\":\"Startseite\",\"item\":\"https:\/\/luxiders.com\/de\/\"},{\"@type\":\"ListItem\",\"position\":2,\"name\":\"Mode\",\"item\":\"https:\/\/luxiders.com\/de\/Katregorie\/nachhaltig-luxus-mode\/\"},{\"@type\":\"ListItem\",\"position\":3,\"name\":\"Nachhaltigkeit optimiert die Zukunft der Mode bei Premi\u00e8re Vision\"}]},{\"@type\":\"WebSite\",\"@id\":\"https:\/\/luxiders.com\/de\/#website\",\"url\":\"https:\/\/luxiders.com\/de\/\",\"name\":\"Sustainable Fashion - Eco Design - Healthy Lifestyle - Luxiders Magazine\",\"description\":\"Luxiders is a sustainable luxury magazine highlighting the best stories about sustainable fashion, ethical fashion, eco-friendly design, green design, sustainable travel, natural beauty, organic beauty and healthy lifestyle. Know the best high-end, progressive and luxury sustainable brands and designers worldwide.\",\"publisher\":{\"@id\":\"https:\/\/luxiders.com\/de\/#organization\"},\"potentialAction\":[{\"@type\":\"SearchAction\",\"target\":{\"@type\":\"EntryPoint\",\"urlTemplate\":\"https:\/\/luxiders.com\/de\/?s={search_term_string}\"},\"query-input\":{\"@type\":\"PropertyValueSpecification\",\"valueRequired\":true,\"valueName\":\"search_term_string\"}}],\"inLanguage\":\"de\"},{\"@type\":\"Organization\",\"@id\":\"https:\/\/luxiders.com\/de\/#organization\",\"name\":\"Sustainable Fashion - Eco Design - Healthy Lifestyle - Luxiders Magazine\",\"url\":\"https:\/\/luxiders.com\/de\/\",\"logo\":{\"@type\":\"ImageObject\",\"inLanguage\":\"de\",\"@id\":\"https:\/\/luxiders.com\/de\/#\/schema\/logo\/image\/\",\"url\":\"https:\/\/luxiders.com\/content\/uploads\/lux-logo.svg\",\"contentUrl\":\"https:\/\/luxiders.com\/content\/uploads\/lux-logo.svg\",\"caption\":\"Sustainable Fashion - Eco Design - Healthy Lifestyle - Luxiders Magazine\"},\"image\":{\"@id\":\"https:\/\/luxiders.com\/de\/#\/schema\/logo\/image\/\"}},{\"@type\":\"Person\",\"@id\":\"https:\/\/luxiders.com\/de\/#\/schema\/person\/8632fa702ae2ce98f66c396254633de8\",\"name\":\"luxiders\",\"url\":\"https:\/\/luxiders.com\/de\/author\/luxiders\/\"}]}<\/script>","yoast_head_json":{"title":"Nachhaltigkeit wird zum Leitmotiv bei Premiere Vision","description":"Die Premiere Vision kehrt im Februar nach Paris zur\u00fcck und stellt die Arbeiten von 1.246 ausgew\u00e4hlten Ausstellern vor. \"Nachhaltige Angebot\"","robots":{"index":"index","follow":"follow","max-snippet":"max-snippet:-1","max-image-preview":"max-image-preview:large","max-video-preview":"max-video-preview:-1"},"canonical":"https:\/\/luxiders.com\/de\/nachhaltigkeit-optimiert-die-zukunft-der-mode-bei-premiere-vision\/","og_locale":"de_DE","og_type":"article","og_title":"Nachhaltigkeit wird zum Leitmotiv bei Premiere Vision","og_description":"Die Premiere Vision kehrt im Februar nach Paris zur\u00fcck und stellt die Arbeiten von 1.246 ausgew\u00e4hlten Ausstellern vor. \"Nachhaltige Angebot\"","og_url":"https:\/\/luxiders.com\/de\/nachhaltigkeit-optimiert-die-zukunft-der-mode-bei-premiere-vision\/","og_site_name":"Sustainable Fashion - Eco Design - Healthy Lifestyle - Luxiders Magazine","article_published_time":"2023-05-13T15:08:56+00:00","article_modified_time":"2023-05-16T23:36:19+00:00","og_image":[{"width":1920,"height":1281,"url":"https:\/\/luxiders.com\/content\/uploads\/pv-paris-juillet2022francoisdurand-097.jpeg","type":"image\/jpeg"}],"author":"luxiders","twitter_card":"summary_large_image","twitter_misc":{"Verfasst von":"luxiders"},"schema":{"@context":"https:\/\/schema.org","@graph":[{"@type":"Article","@id":"https:\/\/luxiders.com\/de\/nachhaltigkeit-optimiert-die-zukunft-der-mode-bei-premiere-vision\/#article","isPartOf":{"@id":"https:\/\/luxiders.com\/de\/nachhaltigkeit-optimiert-die-zukunft-der-mode-bei-premiere-vision\/"},"author":{"name":"luxiders","@id":"https:\/\/luxiders.com\/de\/#\/schema\/person\/8632fa702ae2ce98f66c396254633de8"},"headline":"Nachhaltigkeit optimiert die Zukunft der Mode bei Premi\u00e8re Vision","datePublished":"2023-05-13T15:08:56+00:00","dateModified":"2023-05-16T23:36:19+00:00","mainEntityOfPage":{"@id":"https:\/\/luxiders.com\/de\/nachhaltigkeit-optimiert-die-zukunft-der-mode-bei-premiere-vision\/"},"wordCount":10,"publisher":{"@id":"https:\/\/luxiders.com\/de\/#organization"},"image":{"@id":"https:\/\/luxiders.com\/de\/nachhaltigkeit-optimiert-die-zukunft-der-mode-bei-premiere-vision\/#primaryimage"},"thumbnailUrl":"https:\/\/luxiders.com\/content\/uploads\/pv-paris-juillet2022francoisdurand-097.jpeg","keywords":["premiere vision","sustainable materials"],"articleSection":["Mode"],"inLanguage":"de"},{"@type":"WebPage","@id":"https:\/\/luxiders.com\/de\/nachhaltigkeit-optimiert-die-zukunft-der-mode-bei-premiere-vision\/","url":"https:\/\/luxiders.com\/de\/nachhaltigkeit-optimiert-die-zukunft-der-mode-bei-premiere-vision\/","name":"Nachhaltigkeit wird zum Leitmotiv bei Premiere Vision","isPartOf":{"@id":"https:\/\/luxiders.com\/de\/#website"},"primaryImageOfPage":{"@id":"https:\/\/luxiders.com\/de\/nachhaltigkeit-optimiert-die-zukunft-der-mode-bei-premiere-vision\/#primaryimage"},"image":{"@id":"https:\/\/luxiders.com\/de\/nachhaltigkeit-optimiert-die-zukunft-der-mode-bei-premiere-vision\/#primaryimage"},"thumbnailUrl":"https:\/\/luxiders.com\/content\/uploads\/pv-paris-juillet2022francoisdurand-097.jpeg","datePublished":"2023-05-13T15:08:56+00:00","dateModified":"2023-05-16T23:36:19+00:00","description":"Die Premiere Vision kehrt im Februar nach Paris zur\u00fcck und stellt die Arbeiten von 1.246 ausgew\u00e4hlten Ausstellern vor. \"Nachhaltige Angebot\"","breadcrumb":{"@id":"https:\/\/luxiders.com\/de\/nachhaltigkeit-optimiert-die-zukunft-der-mode-bei-premiere-vision\/#breadcrumb"},"inLanguage":"de","potentialAction":[{"@type":"ReadAction","target":["https:\/\/luxiders.com\/de\/nachhaltigkeit-optimiert-die-zukunft-der-mode-bei-premiere-vision\/"]}]},{"@type":"ImageObject","inLanguage":"de","@id":"https:\/\/luxiders.com\/de\/nachhaltigkeit-optimiert-die-zukunft-der-mode-bei-premiere-vision\/#primaryimage","url":"https:\/\/luxiders.com\/content\/uploads\/pv-paris-juillet2022francoisdurand-097.jpeg","contentUrl":"https:\/\/luxiders.com\/content\/uploads\/pv-paris-juillet2022francoisdurand-097.jpeg","width":1920,"height":1281,"caption":"premiere vision, smart creations, sustainability at Pr\u00e9miere Vision, sustainable materials, sustainable textiles"},{"@type":"BreadcrumbList","@id":"https:\/\/luxiders.com\/de\/nachhaltigkeit-optimiert-die-zukunft-der-mode-bei-premiere-vision\/#breadcrumb","itemListElement":[{"@type":"ListItem","position":1,"name":"Startseite","item":"https:\/\/luxiders.com\/de\/"},{"@type":"ListItem","position":2,"name":"Mode","item":"https:\/\/luxiders.com\/de\/Katregorie\/nachhaltig-luxus-mode\/"},{"@type":"ListItem","position":3,"name":"Nachhaltigkeit optimiert die Zukunft der Mode bei Premi\u00e8re Vision"}]},{"@type":"WebSite","@id":"https:\/\/luxiders.com\/de\/#website","url":"https:\/\/luxiders.com\/de\/","name":"Sustainable Fashion - Eco Design - Healthy Lifestyle - Luxiders Magazine","description":"Luxiders is a sustainable luxury magazine highlighting the best stories about sustainable fashion, ethical fashion, eco-friendly design, green design, sustainable travel, natural beauty, organic beauty and healthy lifestyle. Know the best high-end, progressive and luxury sustainable brands and designers worldwide.","publisher":{"@id":"https:\/\/luxiders.com\/de\/#organization"},"potentialAction":[{"@type":"SearchAction","target":{"@type":"EntryPoint","urlTemplate":"https:\/\/luxiders.com\/de\/?s={search_term_string}"},"query-input":{"@type":"PropertyValueSpecification","valueRequired":true,"valueName":"search_term_string"}}],"inLanguage":"de"},{"@type":"Organization","@id":"https:\/\/luxiders.com\/de\/#organization","name":"Sustainable Fashion - Eco Design - Healthy Lifestyle - Luxiders Magazine","url":"https:\/\/luxiders.com\/de\/","logo":{"@type":"ImageObject","inLanguage":"de","@id":"https:\/\/luxiders.com\/de\/#\/schema\/logo\/image\/","url":"https:\/\/luxiders.com\/content\/uploads\/lux-logo.svg","contentUrl":"https:\/\/luxiders.com\/content\/uploads\/lux-logo.svg","caption":"Sustainable Fashion - Eco Design - Healthy Lifestyle - Luxiders Magazine"},"image":{"@id":"https:\/\/luxiders.com\/de\/#\/schema\/logo\/image\/"}},{"@type":"Person","@id":"https:\/\/luxiders.com\/de\/#\/schema\/person\/8632fa702ae2ce98f66c396254633de8","name":"luxiders","url":"https:\/\/luxiders.com\/de\/author\/luxiders\/"}]}},"_links":{"self":[{"href":"https:\/\/luxiders.com\/de\/wp-json\/wp\/v2\/posts\/23035","targetHints":{"allow":["GET"]}}],"collection":[{"href":"https:\/\/luxiders.com\/de\/wp-json\/wp\/v2\/posts"}],"about":[{"href":"https:\/\/luxiders.com\/de\/wp-json\/wp\/v2\/types\/post"}],"author":[{"embeddable":true,"href":"https:\/\/luxiders.com\/de\/wp-json\/wp\/v2\/users\/2"}],"replies":[{"embeddable":true,"href":"https:\/\/luxiders.com\/de\/wp-json\/wp\/v2\/comments?post=23035"}],"version-history":[{"count":2,"href":"https:\/\/luxiders.com\/de\/wp-json\/wp\/v2\/posts\/23035\/revisions"}],"predecessor-version":[{"id":23037,"href":"https:\/\/luxiders.com\/de\/wp-json\/wp\/v2\/posts\/23035\/revisions\/23037"}],"wp:featuredmedia":[{"embeddable":true,"href":"https:\/\/luxiders.com\/de\/wp-json\/wp\/v2\/media\/22785"}],"wp:attachment":[{"href":"https:\/\/luxiders.com\/de\/wp-json\/wp\/v2\/media?parent=23035"}],"wp:term":[{"taxonomy":"category","embeddable":true,"href":"https:\/\/luxiders.com\/de\/wp-json\/wp\/v2\/categories?post=23035"},{"taxonomy":"post_tag","embeddable":true,"href":"https:\/\/luxiders.com\/de\/wp-json\/wp\/v2\/tags?post=23035"}],"curies":[{"name":"wp","href":"https:\/\/api.w.org\/{rel}","templated":true}]}}