{"id":23051,"date":"2023-05-13T17:17:21","date_gmt":"2023-05-13T15:17:21","guid":{"rendered":"http:\/\/luxiders.com.w01cc729.kasserver.com\/?p=23051"},"modified":"2023-05-17T13:30:33","modified_gmt":"2023-05-17T11:30:33","slug":"florentina-leitner","status":"publish","type":"post","link":"https:\/\/luxiders.com\/de\/florentina-leitner\/","title":{"rendered":"Florentina Leitner | Das Gew\u00f6hnliche In Ein Statement Verwandeln"},"content":{"rendered":"    <section id=\"textblock-block_ac4aa1a61fa6649332de8df7ed19fa67\" class=\"section position-relative gp-block gp-textblock pt-0 pb-0\">\n        <div class=\"container\">\n            <div class=\"row g-0\">\n                <div class=\"col-lg-12 content\" data-aos=\"fade-in\" data-aos-duration=\"1000\">\n                                                                                    <div class=\"intro \">\n                            <p style=\"text-align: center;\"><span style=\"font-weight: 400;\">Florentina Leitners Liebe zur Natur und zu Blumen wurde nicht nur durch die Bedeutung ihres Namens, &#8222;bl\u00fchen&#8220;, geweckt, sondern auch durch die unz\u00e4hligen Stunden, die sie mit ihrer Mutter in den sch\u00f6nen \u00f6sterreichischen G\u00e4rten verbrachte. Die \u00f6sterreichische Mode- und Strickdesignerin entwirft elegante Kollektionen mit einer sehr verspielten Note, mit starken Silhouetten und Formen, kombiniert mit Drucken und unkonventionellen Stoffmischungen. Die Nachhaltigkeit liegt in der Verwendung von ausrangierten Stoffen und einem sehr durchdachten Produktionsprozess. Lies unser exklusives Interview mit ihr, um mehr zu erfahren.<\/span><\/p>\n                        <\/div>\n                                                                                                <\/div>\n            <\/div>\n        <\/div>\n    <\/section>\n    \n\n    <section id=\"newsletter-block_ffd3d6105feec87a54ae502607ebcdef\" class=\"section position-relative gp-block gp-newsletter pt-0 pb-0 my-5\">\n        <div class=\"container\">\n            <div class=\"row g-0 pt-4 pb-3\">\n                <div class=\"col-lg-12 content text-center border pt-3\" data-aos=\"fade-in\" data-aos-duration=\"1000\">\n                                            <p><em>Um den Luxiders Newsletter zu erhalten,\u00a0<a href=\"https:\/\/landing.mailerlite.com\/webforms\/landing\/g1u8s7\">melde dich hier an<\/a>.<\/em><\/p>\n                                    <\/div>\n            <\/div>\n        <\/div>\n    <\/section>\n    \n\n    <section id=\"textblock-block_95ee06d00e147e40f12e02055e17256a\" class=\"section position-relative gp-block gp-textblock pt-0 pb-0\">\n        <div class=\"container\">\n            <div class=\"row g-0\">\n                <div class=\"col-lg-12 content\" data-aos=\"fade-in\" data-aos-duration=\"1000\">\n                                                                                <p>Die \u00f6sterreichische Designerin Florentina Leitner besuchte im Alter von 14 Jahren die Wiener Modeschule und wechselte nach ihrem Abschluss an die K\u00f6nigliche Akademie der Sch\u00f6nen K\u00fcnste in Antwerpen, wo sie bei Walter van Beirendonck ihren Bachelor und Master machte. Nachdem sie bei Dries van Noten gearbeitet hatte, gr\u00fcndete sie ihre eigene Marke.<\/p>\n                                                        <\/div>\n            <\/div>\n        <\/div>\n    <\/section>\n    \n\n    <section id=\"textblock-block_4eef4900e1daeef4b041b43b73c5bae5\" class=\"section position-relative gp-block gp-textblock pt-0 pb-0\">\n        <div class=\"container\">\n            <div class=\"row g-0\">\n                <div class=\"col-lg-12 content\" data-aos=\"fade-in\" data-aos-duration=\"1000\">\n                                                                                                                            <div class=\"highlighted mt-5 mt-lg-6 px-lg-5\">\n                            <p style=\"text-align: center;\"><span style=\"color: #d6a16b;\"><em>&#8222;Ein Produkt zu 100 % nachhaltig zu produzieren, ist nicht wirklich m\u00f6glich, und wir wollen den Prozess auch nicht besch\u00f6nigen.&#8220;<\/em><\/span><\/p>\n<p>&nbsp;<\/p>\n                        <\/div>\n                                                        <\/div>\n            <\/div>\n        <\/div>\n    <\/section>\n    \n\n    <section id=\"textblock-block_1ea3be81873eed91d98a4dfa04bcbe5c\" class=\"section position-relative gp-block gp-textblock pt-0 pb-0\">\n        <div class=\"container\">\n            <div class=\"row g-0\">\n                <div class=\"col-lg-12 content\" data-aos=\"fade-in\" data-aos-duration=\"1000\">\n                                                                                <p><strong><em>Wie hat Ihr Interesse an der Mode begonnen? War es schon immer da oder wurde es sp\u00e4ter im Leben geweckt?<\/em><\/strong><\/p>\n<p>Meine Schwester hatte den coolsten Kleiderschrank mit Designerklamotten, in dem ich als Kind gerne gew\u00fchlt und damit gespielt habe. Als ich 13 war, ging sie mit mir auf die \u00f6rtliche Fashionweek (Vienna Fashionweek) und wir trafen diese Gruppe von &#8222;coolen Kids&#8220;, die uns erz\u00e4hlten, dass sie Modedesign studieren. Vorher war mir gar nicht bewusst, dass man mit 14 Jahren schon ein Modestudium in der Schule beginnen kann, aber nachdem ich sie getroffen hatte, wollte ich auch so etwas machen.<\/p>\n<p><strong><em>Das Entwerfen einer Kollektion ist f\u00fcr jeden Designer anders. Wie beginnt Ihr kreativer Prozess normalerweise und was ist Ihr Lieblingsteil dabei?<\/em><\/strong><\/p>\n<p>Mein Team und ich recherchieren und halten Teambesprechungen \u00fcber Dinge ab, die uns gefallen oder die wir in der Welt gesehen haben. Wir sehen uns Filme an, machen Fotos von Kunstwerken und versuchen einfach, am Anfang offen und inspiriert zu bleiben. Dann beginnen wir mit ersten Mustern oder detaillierten Behandlungen von Stoffen. Oft bleiben die ersten St\u00fccke nicht in der Kollektion, weil sich der Prozess und das Thema im Laufe der Zeit weiterentwickeln, aber das ist normal und gut. Am meisten genie\u00dfe ich es zu sehen, wie die Kreationen zum Leben erweckt werden, die ersten Anproben oder etwas aneinander im Atelier zu sehen, ist einfach das Coolste. Aber jeder Schritt des Prozesses hat seine Vor- und Nachteile \ud83d\ude1b<\/p>\n                                                        <\/div>\n            <\/div>\n        <\/div>\n    <\/section>\n    \n\n    <section id=\"media-block_40c697b4152d5ae65c7229a1e70d4273\" class=\"section position-relative gp-block gp-media pt-0 pb-0\">\n        <div class=\"container\">\n            <div class=\"row g-0\">\n                <div class=\"col-lg-12 content\" data-aos=\"fade-in\" data-aos-duration=\"1000\">\n                                                                            <\/div>\n            <\/div>\n            <div class=\"row g-0\">\n                <div class=\"col-lg-6 \">\n                                                                                                                                                <figure class=\"mb-4 pt-lg-5 mb-lg-5 ps-lg-3 pe-lg-3\" data-aos=\"fade-up\" data-aos-duration=\"1000\"><div class=\"img-container\"><img loading=\"lazy\" decoding=\"async\" width=\"1200\" height=\"1503\" src=\"https:\/\/luxiders.com\/content\/uploads\/Florentina-lietner-3.jpeg\" class=\"img-fluid w-100\" alt=\"buy less, choose well, climate change, diversity in fashion, environmental warrior, fashion protecting human rights, fashion supporting gender equality, fashion supporting sustainable topics, International Labour Organisation, luxury brand, make it last, News, political fashion, Savile Row, Sedex, sustainability, sustainable fashion, sustainable luxury, vivienne westwood\" srcset=\"https:\/\/luxiders.com\/content\/uploads\/Florentina-lietner-3.jpeg 1200w, https:\/\/luxiders.com\/content\/uploads\/Florentina-lietner-3-240x300.jpeg 240w, https:\/\/luxiders.com\/content\/uploads\/Florentina-lietner-3-818x1024.jpeg 818w, https:\/\/luxiders.com\/content\/uploads\/Florentina-lietner-3-768x962.jpeg 768w\" sizes=\"(max-width: 1200px) 100vw, 1200px\" \/><\/div><\/figure>                                                                                            <\/div>\n                                    <div class=\"col-lg-6\">\n                                                                                                                                                        <figure class=\"mb-4 pt-lg-5 mb-lg-5 ps-lg-3 pe-lg-3\" data-aos=\"fade-up\" data-aos-duration=\"1000\"><div class=\"img-container\"><img loading=\"lazy\" decoding=\"async\" width=\"1200\" height=\"1502\" src=\"https:\/\/luxiders.com\/content\/uploads\/Florentina-lietner-5.jpeg\" class=\"img-fluid w-100\" alt=\"buy less, choose well, climate change, diversity in fashion, environmental warrior, fashion protecting human rights, fashion supporting gender equality, fashion supporting sustainable topics, International Labour Organisation, luxury brand, make it last, News, political fashion, Savile Row, Sedex, sustainability, sustainable fashion, sustainable luxury, vivienne westwood\" srcset=\"https:\/\/luxiders.com\/content\/uploads\/Florentina-lietner-5.jpeg 1200w, https:\/\/luxiders.com\/content\/uploads\/Florentina-lietner-5-240x300.jpeg 240w, https:\/\/luxiders.com\/content\/uploads\/Florentina-lietner-5-818x1024.jpeg 818w, https:\/\/luxiders.com\/content\/uploads\/Florentina-lietner-5-768x961.jpeg 768w\" sizes=\"(max-width: 1200px) 100vw, 1200px\" \/><\/div><\/figure>                                                                                                        <\/div>\n                                            <\/div>\n        <\/div>\n    <\/section>\n    \n\n    <section id=\"textblock-block_ed0902529171ccae7e21d7571a54fe8d\" class=\"section position-relative gp-block gp-textblock pt-0 pb-0\">\n        <div class=\"container\">\n            <div class=\"row g-0\">\n                <div class=\"col-lg-12 content\" data-aos=\"fade-in\" data-aos-duration=\"1000\">\n                                                                                <p><strong><em>Welches sind die wichtigsten Instrumente, die Ihnen geholfen haben, Ihre Gedanken in Ihrem Beruf zu teilen und relevant zu bleiben?<\/em><\/strong><\/p>\n<p>Am Anfang vor allem die sozialen Medien! Jetzt sind es mehr Menschen um mich herum, meine PR, mein Vertriebsmitarbeiter und alle meine Teammitglieder. Diese Menschen helfen mir, weiter voranzukommen und meine Ziele zu erreichen, und ich bin ihnen sehr dankbar daf\u00fcr. Aber am Anfang war es nur so, dass ich meine Arbeit auf Instagram geteilt habe und hoffte, von Gleichgesinnten entdeckt zu werden \ud83d\ude42<\/p>\n<p><em><strong>Du legst viel Wert auf Nachhaltigkeit. Welchen Herausforderungen stehst du heutzutage gegen\u00fcber, wenn du Nachhaltigkeit als Teil deiner Marke implementierst?<\/strong><\/em><\/p>\n<p>Es ist nicht unser Hauptaugenmerk, aber es ist ein gro\u00dfes Thema. Wir arbeiten nat\u00fcrlich mit Deadstock-Materialien, denn das waren auch die Firmen, bei denen ich fr\u00fcher eingekauft habe, als ich auf der Modeschule war. Wenn wir bei gr\u00f6\u00dferen Firmen bestellen, versuchen wir auch, nachhaltige Materialien zu bestellen. Wir haben einen Seidenlieferanten entdeckt, der die Seidenw\u00fcrmer nicht t\u00f6tet, und eine Kunstpelzfirma, die Kunstpelz aus Mohair und nicht aus Plastik herstellt. Aber nat\u00fcrlich ist es nicht m\u00f6glich, ein Produkt zu 100 % nachhaltig zu produzieren, und wir wollen den Prozess auch nicht &#8222;gr\u00fcnwaschen&#8220;. Wir verwenden viele Drucke, die unsere Kost\u00fcme lieben, und auch wenn wir totes Material oder wiederverwendetes Tier-Lycra verwenden, ist der Druckprozess oft nicht nachhaltig. Aber ich glaube, dass die Industrie an weiteren L\u00f6sungen arbeitet, und wenn die richtigen gefunden sind, werden wir sie auch nutzen.<\/p>\n<p><strong><em>Was haben Sie w\u00e4hrend Ihrer Zeit bei Dries Van Noten \u00fcber Nachhaltigkeit und Design gelernt, und wie waren Ihre Erfahrungen dort?<\/em><\/strong><\/p>\n<p>Ich blieb f\u00fcr zwei Saisons, SS21 und FW21. Es war eine gro\u00dfartige Erfahrung, Ideen einbringen zu k\u00f6nnen und in einem Team mit Dries selbst zu arbeiten. Als ich anfing, war Nachhaltigkeit auch ein gro\u00dfes Thema innerhalb des Unternehmens und man versuchte, mehr und mehr nachhaltige Unternehmen\/Stoffhersteller zu finden. Ich lernte auch mehr \u00fcber die Bed\u00fcrfnisse der Kunden und welche St\u00fccke sich gut verkaufen und welche weniger. Nat\u00fcrlich ist mein Kunde jetzt nicht mehr derselbe, der Dries kauft, aber es ist interessant und wichtig, auf die Bed\u00fcrfnisse seiner Kunden zu h\u00f6ren.<\/p>\n                                                        <\/div>\n            <\/div>\n        <\/div>\n    <\/section>\n    \n\n    <section id=\"media-block_1bd399123f4afa3db828fb8ceda4ad71\" class=\"section position-relative gp-block gp-media pt-0 pb-0\">\n        <div class=\"container\">\n            <div class=\"row g-0\">\n                <div class=\"col-lg-12 content\" data-aos=\"fade-in\" data-aos-duration=\"1000\">\n                                                                            <\/div>\n            <\/div>\n            <div class=\"row g-0\">\n                <div class=\"col-lg-6 \">\n                                                                                                                                                <figure class=\"mb-4 pt-lg-5 mb-lg-5 ps-lg-3 pe-lg-3\" data-aos=\"fade-up\" data-aos-duration=\"1000\"><div class=\"img-container\"><img loading=\"lazy\" decoding=\"async\" width=\"1200\" height=\"1502\" src=\"https:\/\/luxiders.com\/content\/uploads\/Florentina-lietner-4.jpeg\" class=\"img-fluid w-100\" alt=\"buy less, choose well, climate change, diversity in fashion, environmental warrior, fashion protecting human rights, fashion supporting gender equality, fashion supporting sustainable topics, International Labour Organisation, luxury brand, make it last, News, political fashion, Savile Row, Sedex, sustainability, sustainable fashion, sustainable luxury, vivienne westwood\" srcset=\"https:\/\/luxiders.com\/content\/uploads\/Florentina-lietner-4.jpeg 1200w, https:\/\/luxiders.com\/content\/uploads\/Florentina-lietner-4-240x300.jpeg 240w, https:\/\/luxiders.com\/content\/uploads\/Florentina-lietner-4-818x1024.jpeg 818w, https:\/\/luxiders.com\/content\/uploads\/Florentina-lietner-4-768x961.jpeg 768w\" sizes=\"(max-width: 1200px) 100vw, 1200px\" \/><\/div><\/figure>                                                                                            <\/div>\n                                    <div class=\"col-lg-6\">\n                                                                                                                                                        <figure class=\"mb-4 pt-lg-5 mb-lg-5 ps-lg-3 pe-lg-3\" data-aos=\"fade-up\" data-aos-duration=\"1000\"><div class=\"img-container\"><img loading=\"lazy\" decoding=\"async\" width=\"1200\" height=\"1503\" src=\"https:\/\/luxiders.com\/content\/uploads\/Florentina-lietner-6.jpeg\" class=\"img-fluid w-100\" alt=\"buy less, choose well, climate change, diversity in fashion, environmental warrior, fashion protecting human rights, fashion supporting gender equality, fashion supporting sustainable topics, International Labour Organisation, luxury brand, make it last, News, political fashion, Savile Row, Sedex, sustainability, sustainable fashion, sustainable luxury, vivienne westwood\" srcset=\"https:\/\/luxiders.com\/content\/uploads\/Florentina-lietner-6.jpeg 1200w, https:\/\/luxiders.com\/content\/uploads\/Florentina-lietner-6-240x300.jpeg 240w, https:\/\/luxiders.com\/content\/uploads\/Florentina-lietner-6-818x1024.jpeg 818w, https:\/\/luxiders.com\/content\/uploads\/Florentina-lietner-6-768x962.jpeg 768w\" sizes=\"(max-width: 1200px) 100vw, 1200px\" \/><\/div><\/figure>                                                                                                        <\/div>\n                                            <\/div>\n        <\/div>\n    <\/section>\n    \n\n    <section id=\"media-block_67151edff0989d258ad2300e468cd720\" class=\"section position-relative gp-block gp-media pt-0 pb-0\">\n        <div class=\"container\">\n            <div class=\"row g-0\">\n                <div class=\"col-lg-12 content\" data-aos=\"fade-in\" data-aos-duration=\"1000\">\n                                                                            <\/div>\n            <\/div>\n            <div class=\"row g-0\">\n                <div class=\"col-lg-12 img-scaled\">\n                                                                                                                                                <figure class=\"mb-4 pt-lg-5 mb-lg-5 ps-lg-3 pe-lg-3\" data-aos=\"fade-up\" data-aos-duration=\"1000\"><div class=\"img-container\"><img loading=\"lazy\" decoding=\"async\" width=\"1200\" height=\"1503\" src=\"https:\/\/luxiders.com\/content\/uploads\/Florentina-lietner-2.jpeg\" class=\"img-fluid w-100\" alt=\"buy less, choose well, climate change, diversity in fashion, environmental warrior, fashion protecting human rights, fashion supporting gender equality, fashion supporting sustainable topics, International Labour Organisation, luxury brand, make it last, News, political fashion, Savile Row, Sedex, sustainability, sustainable fashion, sustainable luxury, vivienne westwood\" srcset=\"https:\/\/luxiders.com\/content\/uploads\/Florentina-lietner-2.jpeg 1200w, https:\/\/luxiders.com\/content\/uploads\/Florentina-lietner-2-240x300.jpeg 240w, https:\/\/luxiders.com\/content\/uploads\/Florentina-lietner-2-818x1024.jpeg 818w, https:\/\/luxiders.com\/content\/uploads\/Florentina-lietner-2-768x962.jpeg 768w\" sizes=\"(max-width: 1200px) 100vw, 1200px\" \/><\/div><\/figure>                                                                                            <\/div>\n                                            <\/div>\n        <\/div>\n    <\/section>\n    \n\n    <section id=\"textblock-block_eb6e9e407d6cb8c1a698e9699013a424\" class=\"section position-relative gp-block gp-textblock pt-0 pb-0\">\n        <div class=\"container\">\n            <div class=\"row g-0\">\n                <div class=\"col-lg-12 content\" data-aos=\"fade-in\" data-aos-duration=\"1000\">\n                                                                                <p><strong><em>Wie sieht Ihrer Meinung nach die Zukunft der Mode aus, was wird morgen mit der Nachhaltigkeit passieren?<\/em><\/strong><\/p>\n<p>Wie ich schon sagte, ist die Nachfrage jetzt sehr gro\u00df, und die Stoffhersteller bieten jede Saison neue nachhaltige Stoffe zur Auswahl an, aber es dauert noch eine Weile, bis man alles Nachhaltige beschafft und auch im Bereich der Luxusmode bleibt.<\/p>\n<p><strong><em>Sie sprechen von Inklusivit\u00e4t. Was bedeutet dieses Wort f\u00fcr Sie und wie kann es in der Mode dargestellt werden?<\/em><\/strong><\/p>\n<p>Ich liebe es, Bilder von meiner Gro\u00dfmutter (96) zu zeigen, wie sie ihre Florentina Leitner-Kleider tr\u00e4gt. Sie entspricht definitiv nicht der Norm von &#8222;Sch\u00f6nheit&#8220;, aber sie tr\u00e4gt meine Kleider auf ihre eigene Art und Weise und l\u00e4sst sie wundersch\u00f6n aussehen. Ich mag es, meine Kleider an Charakteren und verschiedenen Typen von Menschen zu sehen. F\u00fcr einige Kollektionen wie die &#8222;Royal Leitners&#8220; haben wir einen Film mit gecasteten Familienmitgliedern von mir aus verschiedenen Altersgruppen gedreht, was sehr viel Spa\u00df gemacht hat, und das Ergebnis des Videos hat mir sehr gefallen.<\/p>\n<p><strong><em>Wo k\u00f6nnen wir Ihre Kleidung kaufen?<\/em><\/strong><\/p>\n<p>Wir haben unseren eigenen <span style=\"color: #d6a16b;\"><a style=\"color: #d6a16b;\" href=\"https:\/\/www.florentinaleitner.com\/shop\" target=\"_blank\" rel=\"noopener noreferrer\">Online-Shop<\/a><\/span> und einige L\u00e4den, die unsere Kollektionen f\u00fchren. Im Moment kann man unsere St\u00fccke in Gesch\u00e4ften in Wien, London, Ibiza, Dubai, Florenz und Budapest kaufen.<\/p>\n<p><strong><em>Was steht als n\u00e4chstes f\u00fcr dich und deine Karriere an?<\/em><\/strong><\/p>\n<p>Als n\u00e4chstes steht die Pr\u00e4sentation unserer FW23-Kollektion auf der Paris Fashion Week Ende Februar an.<\/p>\n<p>&nbsp;<\/p>\n<div class=\"\">\n<p style=\"text-align: center;\"><em><strong>All Images: \u00a9 FW22 Collection by Benjamin Mallek.<\/strong><\/em><\/p>\n<p style=\"text-align: center;\"><em><strong>+ Words:<br \/>\nIndira Jim\u00e9nez<br \/>\nLuxiders Magazine<\/strong><\/em><\/p>\n<\/div>\n                                                        <\/div>\n            <\/div>\n        <\/div>\n    <\/section>\n    ","protected":false},"excerpt":{"rendered":"","protected":false},"author":2,"featured_media":22915,"comment_status":"closed","ping_status":"closed","sticky":false,"template":"","format":"standard","meta":{"_acf_changed":false,"footnotes":""},"categories":[1194],"tags":[3272,2075,2018,1918],"class_list":{"0":"post-23051","1":"post","2":"type-post","3":"status-publish","4":"format-standard","5":"has-post-thumbnail","7":"category-nachhaltig-luxus-mode","8":"tag-climate-change-de","9":"tag-sustainability-de","10":"tag-sustainable-fashion-de","11":"tag-sustainable-luxury-de"},"acf":[],"yoast_head":"<title>Florentina Leitner | Das Gew\u00f6hnliche In Ein Statement Verwandeln<\/title>\n<meta name=\"description\" content=\"Lies unser Interview mit Florentina Leitner \u00fcber Kollektionen mit einer sehr verspielten Note, die starke Silhouetten und Formen kombinieren\" \/>\n<meta name=\"robots\" content=\"index, follow, max-snippet:-1, max-image-preview:large, max-video-preview:-1\" \/>\n<link rel=\"canonical\" href=\"https:\/\/luxiders.com\/de\/florentina-leitner\/\" \/>\n<meta property=\"og:locale\" content=\"de_DE\" \/>\n<meta property=\"og:type\" content=\"article\" \/>\n<meta property=\"og:title\" content=\"Florentina Leitner | Das Gew\u00f6hnliche In Ein Statement Verwandeln\" \/>\n<meta property=\"og:description\" content=\"Lies unser Interview mit Florentina Leitner \u00fcber Kollektionen mit einer sehr verspielten Note, die starke Silhouetten und Formen kombinieren\" \/>\n<meta property=\"og:url\" content=\"https:\/\/luxiders.com\/de\/florentina-leitner\/\" \/>\n<meta property=\"og:site_name\" content=\"Sustainable Fashion - Eco Design - Healthy Lifestyle - Luxiders Magazine\" \/>\n<meta property=\"article:published_time\" content=\"2023-05-13T15:17:21+00:00\" \/>\n<meta property=\"article:modified_time\" content=\"2023-05-17T11:30:33+00:00\" \/>\n<meta property=\"og:image\" content=\"https:\/\/luxiders.com\/content\/uploads\/Florentina-lietner-1.jpeg\" \/>\n\t<meta property=\"og:image:width\" content=\"1920\" \/>\n\t<meta property=\"og:image:height\" content=\"1534\" \/>\n\t<meta property=\"og:image:type\" content=\"image\/jpeg\" \/>\n<meta name=\"author\" content=\"luxiders\" \/>\n<meta name=\"twitter:card\" content=\"summary_large_image\" \/>\n<meta name=\"twitter:label1\" content=\"Verfasst von\" \/>\n\t<meta name=\"twitter:data1\" content=\"luxiders\" \/>\n<script type=\"application\/ld+json\" class=\"yoast-schema-graph\">{\"@context\":\"https:\/\/schema.org\",\"@graph\":[{\"@type\":\"Article\",\"@id\":\"https:\/\/luxiders.com\/de\/florentina-leitner\/#article\",\"isPartOf\":{\"@id\":\"https:\/\/luxiders.com\/de\/florentina-leitner\/\"},\"author\":{\"name\":\"luxiders\",\"@id\":\"https:\/\/luxiders.com\/de\/#\/schema\/person\/8632fa702ae2ce98f66c396254633de8\"},\"headline\":\"Florentina Leitner | Das Gew\u00f6hnliche In Ein Statement Verwandeln\",\"datePublished\":\"2023-05-13T15:17:21+00:00\",\"dateModified\":\"2023-05-17T11:30:33+00:00\",\"mainEntityOfPage\":{\"@id\":\"https:\/\/luxiders.com\/de\/florentina-leitner\/\"},\"wordCount\":9,\"publisher\":{\"@id\":\"https:\/\/luxiders.com\/de\/#organization\"},\"image\":{\"@id\":\"https:\/\/luxiders.com\/de\/florentina-leitner\/#primaryimage\"},\"thumbnailUrl\":\"https:\/\/luxiders.com\/content\/uploads\/Florentina-lietner-1.jpeg\",\"keywords\":[\"climate change\",\"sustainability\",\"sustainable fashion\",\"Sustainable luxury\"],\"articleSection\":[\"Mode\"],\"inLanguage\":\"de\"},{\"@type\":\"WebPage\",\"@id\":\"https:\/\/luxiders.com\/de\/florentina-leitner\/\",\"url\":\"https:\/\/luxiders.com\/de\/florentina-leitner\/\",\"name\":\"Florentina Leitner | Das Gew\u00f6hnliche In Ein Statement Verwandeln\",\"isPartOf\":{\"@id\":\"https:\/\/luxiders.com\/de\/#website\"},\"primaryImageOfPage\":{\"@id\":\"https:\/\/luxiders.com\/de\/florentina-leitner\/#primaryimage\"},\"image\":{\"@id\":\"https:\/\/luxiders.com\/de\/florentina-leitner\/#primaryimage\"},\"thumbnailUrl\":\"https:\/\/luxiders.com\/content\/uploads\/Florentina-lietner-1.jpeg\",\"datePublished\":\"2023-05-13T15:17:21+00:00\",\"dateModified\":\"2023-05-17T11:30:33+00:00\",\"description\":\"Lies unser Interview mit Florentina Leitner \u00fcber Kollektionen mit einer sehr verspielten Note, die starke Silhouetten und Formen kombinieren\",\"breadcrumb\":{\"@id\":\"https:\/\/luxiders.com\/de\/florentina-leitner\/#breadcrumb\"},\"inLanguage\":\"de\",\"potentialAction\":[{\"@type\":\"ReadAction\",\"target\":[\"https:\/\/luxiders.com\/de\/florentina-leitner\/\"]}]},{\"@type\":\"ImageObject\",\"inLanguage\":\"de\",\"@id\":\"https:\/\/luxiders.com\/de\/florentina-leitner\/#primaryimage\",\"url\":\"https:\/\/luxiders.com\/content\/uploads\/Florentina-lietner-1.jpeg\",\"contentUrl\":\"https:\/\/luxiders.com\/content\/uploads\/Florentina-lietner-1.jpeg\",\"width\":1920,\"height\":1534,\"caption\":\"buy less, choose well, climate change, diversity in fashion, environmental warrior, fashion protecting human rights, fashion supporting gender equality, fashion supporting sustainable topics, International Labour Organisation, luxury brand, make it last, News, political fashion, Savile Row, Sedex, sustainability, sustainable fashion, sustainable luxury, vivienne westwood\"},{\"@type\":\"BreadcrumbList\",\"@id\":\"https:\/\/luxiders.com\/de\/florentina-leitner\/#breadcrumb\",\"itemListElement\":[{\"@type\":\"ListItem\",\"position\":1,\"name\":\"Startseite\",\"item\":\"https:\/\/luxiders.com\/de\/\"},{\"@type\":\"ListItem\",\"position\":2,\"name\":\"Mode\",\"item\":\"https:\/\/luxiders.com\/de\/Katregorie\/nachhaltig-luxus-mode\/\"},{\"@type\":\"ListItem\",\"position\":3,\"name\":\"Florentina Leitner | Das Gew\u00f6hnliche In Ein Statement Verwandeln\"}]},{\"@type\":\"WebSite\",\"@id\":\"https:\/\/luxiders.com\/de\/#website\",\"url\":\"https:\/\/luxiders.com\/de\/\",\"name\":\"Sustainable Fashion - Eco Design - Healthy Lifestyle - Luxiders Magazine\",\"description\":\"Luxiders is a sustainable luxury magazine highlighting the best stories about sustainable fashion, ethical fashion, eco-friendly design, green design, sustainable travel, natural beauty, organic beauty and healthy lifestyle. Know the best high-end, progressive and luxury sustainable brands and designers worldwide.\",\"publisher\":{\"@id\":\"https:\/\/luxiders.com\/de\/#organization\"},\"potentialAction\":[{\"@type\":\"SearchAction\",\"target\":{\"@type\":\"EntryPoint\",\"urlTemplate\":\"https:\/\/luxiders.com\/de\/?s={search_term_string}\"},\"query-input\":{\"@type\":\"PropertyValueSpecification\",\"valueRequired\":true,\"valueName\":\"search_term_string\"}}],\"inLanguage\":\"de\"},{\"@type\":\"Organization\",\"@id\":\"https:\/\/luxiders.com\/de\/#organization\",\"name\":\"Sustainable Fashion - Eco Design - Healthy Lifestyle - Luxiders Magazine\",\"url\":\"https:\/\/luxiders.com\/de\/\",\"logo\":{\"@type\":\"ImageObject\",\"inLanguage\":\"de\",\"@id\":\"https:\/\/luxiders.com\/de\/#\/schema\/logo\/image\/\",\"url\":\"https:\/\/luxiders.com\/content\/uploads\/lux-logo.svg\",\"contentUrl\":\"https:\/\/luxiders.com\/content\/uploads\/lux-logo.svg\",\"caption\":\"Sustainable Fashion - Eco Design - Healthy Lifestyle - Luxiders Magazine\"},\"image\":{\"@id\":\"https:\/\/luxiders.com\/de\/#\/schema\/logo\/image\/\"}},{\"@type\":\"Person\",\"@id\":\"https:\/\/luxiders.com\/de\/#\/schema\/person\/8632fa702ae2ce98f66c396254633de8\",\"name\":\"luxiders\",\"url\":\"https:\/\/luxiders.com\/de\/author\/luxiders\/\"}]}<\/script>","yoast_head_json":{"title":"Florentina Leitner | Das Gew\u00f6hnliche In Ein Statement Verwandeln","description":"Lies unser Interview mit Florentina Leitner \u00fcber Kollektionen mit einer sehr verspielten Note, die starke Silhouetten und Formen kombinieren","robots":{"index":"index","follow":"follow","max-snippet":"max-snippet:-1","max-image-preview":"max-image-preview:large","max-video-preview":"max-video-preview:-1"},"canonical":"https:\/\/luxiders.com\/de\/florentina-leitner\/","og_locale":"de_DE","og_type":"article","og_title":"Florentina Leitner | Das Gew\u00f6hnliche In Ein Statement Verwandeln","og_description":"Lies unser Interview mit Florentina Leitner \u00fcber Kollektionen mit einer sehr verspielten Note, die starke Silhouetten und Formen kombinieren","og_url":"https:\/\/luxiders.com\/de\/florentina-leitner\/","og_site_name":"Sustainable Fashion - Eco Design - Healthy Lifestyle - Luxiders Magazine","article_published_time":"2023-05-13T15:17:21+00:00","article_modified_time":"2023-05-17T11:30:33+00:00","og_image":[{"width":1920,"height":1534,"url":"https:\/\/luxiders.com\/content\/uploads\/Florentina-lietner-1.jpeg","type":"image\/jpeg"}],"author":"luxiders","twitter_card":"summary_large_image","twitter_misc":{"Verfasst von":"luxiders"},"schema":{"@context":"https:\/\/schema.org","@graph":[{"@type":"Article","@id":"https:\/\/luxiders.com\/de\/florentina-leitner\/#article","isPartOf":{"@id":"https:\/\/luxiders.com\/de\/florentina-leitner\/"},"author":{"name":"luxiders","@id":"https:\/\/luxiders.com\/de\/#\/schema\/person\/8632fa702ae2ce98f66c396254633de8"},"headline":"Florentina Leitner | Das Gew\u00f6hnliche In Ein Statement Verwandeln","datePublished":"2023-05-13T15:17:21+00:00","dateModified":"2023-05-17T11:30:33+00:00","mainEntityOfPage":{"@id":"https:\/\/luxiders.com\/de\/florentina-leitner\/"},"wordCount":9,"publisher":{"@id":"https:\/\/luxiders.com\/de\/#organization"},"image":{"@id":"https:\/\/luxiders.com\/de\/florentina-leitner\/#primaryimage"},"thumbnailUrl":"https:\/\/luxiders.com\/content\/uploads\/Florentina-lietner-1.jpeg","keywords":["climate change","sustainability","sustainable fashion","Sustainable luxury"],"articleSection":["Mode"],"inLanguage":"de"},{"@type":"WebPage","@id":"https:\/\/luxiders.com\/de\/florentina-leitner\/","url":"https:\/\/luxiders.com\/de\/florentina-leitner\/","name":"Florentina Leitner | Das Gew\u00f6hnliche In Ein Statement Verwandeln","isPartOf":{"@id":"https:\/\/luxiders.com\/de\/#website"},"primaryImageOfPage":{"@id":"https:\/\/luxiders.com\/de\/florentina-leitner\/#primaryimage"},"image":{"@id":"https:\/\/luxiders.com\/de\/florentina-leitner\/#primaryimage"},"thumbnailUrl":"https:\/\/luxiders.com\/content\/uploads\/Florentina-lietner-1.jpeg","datePublished":"2023-05-13T15:17:21+00:00","dateModified":"2023-05-17T11:30:33+00:00","description":"Lies unser Interview mit Florentina Leitner \u00fcber Kollektionen mit einer sehr verspielten Note, die starke Silhouetten und Formen kombinieren","breadcrumb":{"@id":"https:\/\/luxiders.com\/de\/florentina-leitner\/#breadcrumb"},"inLanguage":"de","potentialAction":[{"@type":"ReadAction","target":["https:\/\/luxiders.com\/de\/florentina-leitner\/"]}]},{"@type":"ImageObject","inLanguage":"de","@id":"https:\/\/luxiders.com\/de\/florentina-leitner\/#primaryimage","url":"https:\/\/luxiders.com\/content\/uploads\/Florentina-lietner-1.jpeg","contentUrl":"https:\/\/luxiders.com\/content\/uploads\/Florentina-lietner-1.jpeg","width":1920,"height":1534,"caption":"buy less, choose well, climate change, diversity in fashion, environmental warrior, fashion protecting human rights, fashion supporting gender equality, fashion supporting sustainable topics, International Labour Organisation, luxury brand, make it last, News, political fashion, Savile Row, Sedex, sustainability, sustainable fashion, sustainable luxury, vivienne westwood"},{"@type":"BreadcrumbList","@id":"https:\/\/luxiders.com\/de\/florentina-leitner\/#breadcrumb","itemListElement":[{"@type":"ListItem","position":1,"name":"Startseite","item":"https:\/\/luxiders.com\/de\/"},{"@type":"ListItem","position":2,"name":"Mode","item":"https:\/\/luxiders.com\/de\/Katregorie\/nachhaltig-luxus-mode\/"},{"@type":"ListItem","position":3,"name":"Florentina Leitner | Das Gew\u00f6hnliche In Ein Statement Verwandeln"}]},{"@type":"WebSite","@id":"https:\/\/luxiders.com\/de\/#website","url":"https:\/\/luxiders.com\/de\/","name":"Sustainable Fashion - Eco Design - Healthy Lifestyle - Luxiders Magazine","description":"Luxiders is a sustainable luxury magazine highlighting the best stories about sustainable fashion, ethical fashion, eco-friendly design, green design, sustainable travel, natural beauty, organic beauty and healthy lifestyle. Know the best high-end, progressive and luxury sustainable brands and designers worldwide.","publisher":{"@id":"https:\/\/luxiders.com\/de\/#organization"},"potentialAction":[{"@type":"SearchAction","target":{"@type":"EntryPoint","urlTemplate":"https:\/\/luxiders.com\/de\/?s={search_term_string}"},"query-input":{"@type":"PropertyValueSpecification","valueRequired":true,"valueName":"search_term_string"}}],"inLanguage":"de"},{"@type":"Organization","@id":"https:\/\/luxiders.com\/de\/#organization","name":"Sustainable Fashion - Eco Design - Healthy Lifestyle - Luxiders Magazine","url":"https:\/\/luxiders.com\/de\/","logo":{"@type":"ImageObject","inLanguage":"de","@id":"https:\/\/luxiders.com\/de\/#\/schema\/logo\/image\/","url":"https:\/\/luxiders.com\/content\/uploads\/lux-logo.svg","contentUrl":"https:\/\/luxiders.com\/content\/uploads\/lux-logo.svg","caption":"Sustainable Fashion - Eco Design - Healthy Lifestyle - Luxiders Magazine"},"image":{"@id":"https:\/\/luxiders.com\/de\/#\/schema\/logo\/image\/"}},{"@type":"Person","@id":"https:\/\/luxiders.com\/de\/#\/schema\/person\/8632fa702ae2ce98f66c396254633de8","name":"luxiders","url":"https:\/\/luxiders.com\/de\/author\/luxiders\/"}]}},"_links":{"self":[{"href":"https:\/\/luxiders.com\/de\/wp-json\/wp\/v2\/posts\/23051","targetHints":{"allow":["GET"]}}],"collection":[{"href":"https:\/\/luxiders.com\/de\/wp-json\/wp\/v2\/posts"}],"about":[{"href":"https:\/\/luxiders.com\/de\/wp-json\/wp\/v2\/types\/post"}],"author":[{"embeddable":true,"href":"https:\/\/luxiders.com\/de\/wp-json\/wp\/v2\/users\/2"}],"replies":[{"embeddable":true,"href":"https:\/\/luxiders.com\/de\/wp-json\/wp\/v2\/comments?post=23051"}],"version-history":[{"count":2,"href":"https:\/\/luxiders.com\/de\/wp-json\/wp\/v2\/posts\/23051\/revisions"}],"predecessor-version":[{"id":23053,"href":"https:\/\/luxiders.com\/de\/wp-json\/wp\/v2\/posts\/23051\/revisions\/23053"}],"wp:featuredmedia":[{"embeddable":true,"href":"https:\/\/luxiders.com\/de\/wp-json\/wp\/v2\/media\/22915"}],"wp:attachment":[{"href":"https:\/\/luxiders.com\/de\/wp-json\/wp\/v2\/media?parent=23051"}],"wp:term":[{"taxonomy":"category","embeddable":true,"href":"https:\/\/luxiders.com\/de\/wp-json\/wp\/v2\/categories?post=23051"},{"taxonomy":"post_tag","embeddable":true,"href":"https:\/\/luxiders.com\/de\/wp-json\/wp\/v2\/tags?post=23051"}],"curies":[{"name":"wp","href":"https:\/\/api.w.org\/{rel}","templated":true}]}}