{"id":23591,"date":"2023-05-25T15:46:55","date_gmt":"2023-05-25T13:46:55","guid":{"rendered":"http:\/\/luxiders.com.w01cc729.kasserver.com\/?p=23591"},"modified":"2024-03-08T12:48:21","modified_gmt":"2024-03-08T11:48:21","slug":"nachhaltigkeit-ist-auf-dem-weg-zum-momad-fashion-event","status":"publish","type":"post","link":"https:\/\/luxiders.com\/de\/nachhaltigkeit-ist-auf-dem-weg-zum-momad-fashion-event\/","title":{"rendered":"Nachhaltigkeit ist auf dem Weg zum Momad Fashion Event"},"content":{"rendered":"    <section id=\"textblock-block_1b405a169c4dc19c8f020c5de27ee216\" class=\"section position-relative gp-block gp-textblock pt-0 pb-0\">\n        <div class=\"container\">\n            <div class=\"row g-0\">\n                <div class=\"col-lg-12 content\" data-aos=\"fade-in\" data-aos-duration=\"1000\">\n                                                                                    <div class=\"intro \">\n                            <p>&nbsp;<\/p>\n<p style=\"text-align: center;\">Die wichtigste Modemesse Spaniens, Momad, wird diesen Februar wieder \u00fcber 300 Modefirmen und -marken ausstellen. Dieser Artikel beleuchtet die nachhaltigen Aspekte der Messe und wirft einen Blick auf einige der nachhaltigen Marken, die anwesend sein werden, sowie auf einige Aktivit\u00e4ten, die du besuchen kannst, wenn du mehr \u00fcber Nachhaltigkeit erfahren m\u00f6chtest.<\/p>\n                        <\/div>\n                                                                                                <\/div>\n            <\/div>\n        <\/div>\n    <\/section>\n    \n\n    <section id=\"newsletter-block_3bf3bbdae4d2f0c49ca3c18f7ea8b198\" class=\"section position-relative gp-block gp-newsletter pt-0 pb-0 my-5\">\n        <div class=\"container\">\n            <div class=\"row g-0 pt-4 pb-3\">\n                <div class=\"col-lg-12 content text-center border pt-3\" data-aos=\"fade-in\" data-aos-duration=\"1000\">\n                                            <p><em>Um den Luxiders Newsletter zu erhalten,\u00a0<a href=\"https:\/\/landing.mailerlite.com\/webforms\/landing\/g1u8s7\">melde dich hier an<\/a>.<\/em><\/p>\n                                    <\/div>\n            <\/div>\n        <\/div>\n    <\/section>\n    \n\n    <section id=\"textblock-block_f6bcf163cbbf9e053f26d4303dd5e0eb\" class=\"section position-relative gp-block gp-textblock pt-0 pb-0\">\n        <div class=\"container\">\n            <div class=\"row g-0\">\n                <div class=\"col-lg-12 content\" data-aos=\"fade-in\" data-aos-duration=\"1000\">\n                                                                                <p>Vom 3. bis 5. Februar findet die <span style=\"font-weight: 400;\"><a href=\"https:\/\/www.ifema.es\/en\/momad?utm_source=luxiders&amp;utm_medium=display&amp;utm_campaign=luxiders_display_momad_diciembre_febrero_eng&amp;utm_content=\" target=\"_blank\" rel=\"noopener noreferrer\"><span style=\"color: #d6a16b;\">Momad<\/span><\/a><\/span>, die Messe f\u00fcr Mode, Schuhe und Accessoires, auf der Ifema Madrid statt. Die Messe findet zweimal im Jahr in Spanien ausgetragen und ist das gr\u00f6\u00dfte kommerzielle Schaufenster in S\u00fcdeuropa f\u00fcr Modekollektionen, Trends und Einzelhandelskonzepte. Dieses Mal werden mehr als 300 Marken in der Halle 8 des Geb\u00e4udes ausstellen, darunter eine gro\u00dfe Auswahl an nachhaltigen Alternativen, als ein <span style=\"color: #d6a16b;\"><a style=\"color: #d6a16b;\" href=\"https:\/\/luxiders.com\/sustainability-momad-future\/\" target=\"_blank\" rel=\"noopener noreferrer\">Bekenntnis f\u00fcr die Zukunft<\/a><\/span>.<\/p>\n                                                        <\/div>\n            <\/div>\n        <\/div>\n    <\/section>\n    \n\n    <section id=\"textblock-block_c3b3b6ee086a6dc7ddbabe0547add279\" class=\"section position-relative gp-block gp-textblock pt-0 pb-0\">\n        <div class=\"container\">\n            <div class=\"row g-0\">\n                <div class=\"col-lg-12 content\" data-aos=\"fade-in\" data-aos-duration=\"1000\">\n                                                                                                                            <div class=\"highlighted mt-5 mt-lg-6 px-lg-5\">\n                            <p style=\"text-align: center;\"><em><span style=\"color: #d6a16b;\">Belvis Soler, Direktorin des Luxiders Magazine, wird Maria Lafuente, eine der wichtigsten nachhaltigen Modedesignerinnen Spaniens, interviewen. Sei am kommenden Samstag, 4. Februar, um 13.00 Uhr bei Momad Image dabei.<\/span><\/em><\/p>\n<p>&nbsp;<\/p>\n                        <\/div>\n                                                        <\/div>\n            <\/div>\n        <\/div>\n    <\/section>\n    \n\n    <section id=\"textblock-block_8c93570326e9f2a3babccaaeeaa41c1b\" class=\"section position-relative gp-block gp-textblock pt-0 pb-0\">\n        <div class=\"container\">\n            <div class=\"row g-0\">\n                <div class=\"col-lg-12 content\" data-aos=\"fade-in\" data-aos-duration=\"1000\">\n                                                                                <h2 style=\"text-align: left;\">NACHHALTIGE MARKEN, DIE AUF DER MOMAD AUSSTELLEN<\/h2>\n<p>Momad setzt sich f\u00fcr die Zukunft der Mode ein und hat deshalb begonnen, junge Designer*innen, die Digitalisierung der Mode und &#8211; f\u00fcr uns als Luxiders am wichtigsten &#8211; Innovation und Nachhaltigkeit zu f\u00f6rdern. In diesem Jahr wird eine Gruppe von etwa 70 Marken ausstellen, die nachhaltige Produkte anbieten, von denen einige in einem eigenen &#8222;Sustainable Experience&#8220;-Bereich auf der Messe gezeigt werden. Mit diesem Bereich wird die Messe ihr Engagement f\u00fcr den Wandel zum Ausdruck bringen und gleichzeitig den Eink\u00e4ufern die M\u00f6glichkeit bieten, nach nachhaltigeren Alternativen zu suchen.<\/p>\n<p>Eine Marke ist <strong><a href=\"https:\/\/www.instagram.com\/tartarugaofficial\/\" target=\"_blank\" rel=\"noopener noreferrer\">Tartaruga<\/a><\/strong>, die sich ganz auf Slow Fashion konzentriert. Die Marke verwendet f\u00fcr die F\u00e4rbung der Kleidung pflanzliche Farbstoffe, die so konzipiert sind, dass sie lange haltbar sind, und reduziert so den Einsatz sch\u00e4dlicher Chemikalien im Produktionsprozess. Au\u00dferdem f\u00f6rdert sie die Herstellung hochwertiger, zeitloser Kleidungsst\u00fccke, um einen \u00fcberm\u00e4\u00dfigen Konsum zu vermeiden. Neben ihren nachhaltigen Produktionsmethoden setzt sich die Marke auch f\u00fcr Mode ein, die r\u00fcckverfolgbar ist, damit die Verbraucher*innen wissen, unter welchen Bedingungen die Kleidung hergestellt wurde, und f\u00f6rdert so ethische Mode.<\/p>\n<p>Eine weitere Marke, die auf der Messe ausstellt, ist <strong><a href=\"https:\/\/www.instagram.com\/bombaysunset\/\" target=\"_blank\" rel=\"noopener noreferrer\">Bombay Sunset<\/a><\/strong>, die Schmuck herstellt und sich dem Ziel verschrieben hat, vollst\u00e4ndig klimaneutral zu werden. K\u00fcrzlich brachte die Marke ihre Guadalix-Kollektion heraus, um an ihren Bombay Sunset Forest zu erinnern, in dem man 400 B\u00e4ume pflanzte, um einen Teil ihrer CO2-Emissionen auszugleichen. Es war die erste spanische Marke, die dies tat und damit ihr Engagement f\u00fcr Nachhaltigkeit unterstrich.<\/p>\n<p><strong><a href=\"https:\/\/www.instagram.com\/nipaoficial\/\" target=\"_blank\" rel=\"noopener noreferrer\">Nipa<\/a><\/strong> ist eine weitere nachhaltige Schuhmarke, die auf der Messe ausstellt. Die Marke ist vollst\u00e4ndig vegan und vermeidet bei der Produktion die Verwendung umweltsch\u00e4dlicher Materialien. Weitere Marken, auf die man auf der Messe achten sollte, sind <span style=\"font-weight: 400;\"><a href=\"https:\/\/www.instagram.com\/perpetum_mobile_\/\" target=\"_blank\" rel=\"noopener noreferrer\"><strong>Perpetum Mobile<\/strong><\/a><\/span>, die Mode und Accessoires mit Matratzenstoffen auf nachhaltige und sozial verantwortliche Weise entwerfen, <span style=\"font-weight: 400;\"><a href=\"https:\/\/www.instagram.com\/nomadicstateofmind.officiel\/\" target=\"_blank\" rel=\"noopener noreferrer\"><strong>Nomadic State of Mind<\/strong><\/a>, <a href=\"https:\/\/www.instagram.com\/laudrecycled\/\" target=\"_blank\" rel=\"noopener noreferrer\"><strong>La\u00fcd Recycled<\/strong><\/a>, <strong><a href=\"https:\/\/www.instagram.com\/leathertex_srl\/\" target=\"_blank\" rel=\"noopener noreferrer\">Leather Tex<\/a><\/strong>, <strong><a href=\"https:\/\/www.instagram.com\/makanuda_fibers\/\" target=\"_blank\" rel=\"noopener noreferrer\">Makanuda<\/a><\/strong>, <strong><a href=\"https:\/\/www.instagram.com\/vaicana\/\" target=\"_blank\" rel=\"noopener noreferrer\">Vaicana<\/a><\/strong>, und <\/span><a href=\"https:\/\/www.instagram.com\/fulmarix\/\" target=\"_blank\" rel=\"noopener noreferrer\"><strong>Fulmarix<\/strong><\/a>. Eine vollst\u00e4ndige Liste der Aussteller ist auf der <span style=\"color: #d6a16b;\"><a style=\"color: #d6a16b;\" href=\"https:\/\/www.ifema.es\/en\/momad?utm_source=luxiders&amp;utm_medium=display&amp;utm_campaign=luxiders_display_momad_diciembre_febrero_eng&amp;utm_content=\" target=\"_blank\" rel=\"noopener noreferrer\"><span style=\"font-weight: 400;\">Momad Website<\/span><\/a><\/span> zu finden.<\/p>\n                                                        <\/div>\n            <\/div>\n        <\/div>\n    <\/section>\n    \n\n    <section id=\"media-block_72ca9c94a5961f173412ba92376908eb\" class=\"section position-relative gp-block gp-media pt-0 pb-0\">\n        <div class=\"container\">\n            <div class=\"row g-0\">\n                <div class=\"col-lg-12 content\" data-aos=\"fade-in\" data-aos-duration=\"1000\">\n                                                                            <\/div>\n            <\/div>\n            <div class=\"row g-0\">\n                <div class=\"col-lg-6 \">\n                                                                                                                                                <figure class=\"mb-4 pt-lg-5 mb-lg-5 ps-lg-3 pe-lg-3\" data-aos=\"fade-up\" data-aos-duration=\"1000\"><div class=\"img-container\"><img loading=\"lazy\" decoding=\"async\" width=\"1000\" height=\"1500\" src=\"https:\/\/luxiders.com\/content\/uploads\/M_Tartaruga.jpeg\" class=\"img-fluid w-100\" alt=\"Ifema, Ifema Madrid, Momad, Momad 2023, Momad Madrid, Momad sustainable fashion, sustainable fashion event, sustainable fashion madrid\" srcset=\"https:\/\/luxiders.com\/content\/uploads\/M_Tartaruga.jpeg 1000w, https:\/\/luxiders.com\/content\/uploads\/M_Tartaruga-200x300.jpeg 200w, https:\/\/luxiders.com\/content\/uploads\/M_Tartaruga-683x1024.jpeg 683w, https:\/\/luxiders.com\/content\/uploads\/M_Tartaruga-768x1152.jpeg 768w\" sizes=\"(max-width: 1000px) 100vw, 1000px\" \/><\/div><figcaption>\u00a9 Tartaruga<\/figcaption><\/figure>                                                                                            <\/div>\n                                    <div class=\"col-lg-6\">\n                                                                                                                                                        <figure class=\"mb-4 pt-lg-5 mb-lg-5 ps-lg-3 pe-lg-3\" data-aos=\"fade-up\" data-aos-duration=\"1000\"><div class=\"img-container\"><img loading=\"lazy\" decoding=\"async\" width=\"1200\" height=\"1372\" src=\"https:\/\/luxiders.com\/content\/uploads\/PerpetumMobile1.jpeg\" class=\"img-fluid w-100\" alt=\"Ifema, Ifema Madrid, Momad, Momad 2023, Momad Madrid, Momad sustainable fashion, sustainable fashion event, sustainable fashion madrid\" srcset=\"https:\/\/luxiders.com\/content\/uploads\/PerpetumMobile1.jpeg 1200w, https:\/\/luxiders.com\/content\/uploads\/PerpetumMobile1-262x300.jpeg 262w, https:\/\/luxiders.com\/content\/uploads\/PerpetumMobile1-896x1024.jpeg 896w, https:\/\/luxiders.com\/content\/uploads\/PerpetumMobile1-768x878.jpeg 768w\" sizes=\"(max-width: 1200px) 100vw, 1200px\" \/><\/div><figcaption>\u00a9 Perpetum Mobile<\/figcaption><\/figure>                                                                                                        <\/div>\n                                            <\/div>\n        <\/div>\n    <\/section>\n    \n\n    <section id=\"textblock-block_879aa98f51172a4c00ef84dee15127f9\" class=\"section position-relative gp-block gp-textblock pt-0 pb-0\">\n        <div class=\"container\">\n            <div class=\"row g-0\">\n                <div class=\"col-lg-12 content\" data-aos=\"fade-in\" data-aos-duration=\"1000\">\n                                                                                <h2>NACHHALTIGE AKTIVIT\u00c4TEN AUF DER MOMAD<\/h2>\n<p>W\u00e4hrend des Wochenendes finden insgesamt acht Vortr\u00e4ge, Konferenzen und Debatten statt, die sich mit den Themen Nachhaltigkeit und nachhaltige Entwicklung befassen. Die meisten finden am Freitag statt, aber es gibt auch Vortr\u00e4ge \u00fcber das ganze Wochenende hinweg, die sich mit einer Reihe von Themen befassen, darunter auch mit unverkaufter Ware und der Nachhaltigkeit von Textilien in der Zukunft.<\/p>\n<p>Ein Vortrag, der am Samstag, den 4. Februar um 13.oo Uhr stattfindet, befasst sich mit dem Thema Kreislaufmode. Bei diesem Vortrag wird Belvis Soler, Direktorin des Luxiders Magazins, anwesend sein und sich mit <a href=\"https:\/\/www.ifema.es\/en\/mbfw-madrid\/designers\/maria-lafuente\"><span style=\"font-weight: 400;\">Maria LaFuente<\/span><\/a>, einer der wichtigsten nachhaltigen Designerinnen Spaniens, unterhalten. Sie werden \u00fcber Nachhaltigkeit und Kreislaufwirtschaft in der Mode sprechen.<\/p>\n<p>Eine Talk mit Carman Arnaiz, Gr\u00fcnderin von Calopa Concept, und Silvia P\u00e9rez Bou, Professorin f\u00fcr Nachhaltigkeit an der Universit\u00e4t von Navarra, wird ebenfalls an diesem Wochenende stattfinden. In diesem Gespr\u00e4ch geht es um den Aufbau einer nachhaltigen Garderobe, um Greenwashing und die Verwendung von Altmaterialien in der Mode.<\/p>\n<p>Zus\u00e4tzlich zu den Vortr\u00e4gen findet w\u00e4hrend der Messe auch der MOMAD-Catwalk statt. Dabei werden Models in Designs laufen, die in die Kategorie &#8222;Development Focused&#8220; fallen, darunter auch nachhaltige Designs von aufstrebenden Marken. Es lohnt sich, der Show beizuwohnen, wenn Sie daran interessiert sind, die Designs in Bewegung zu sehen!<\/p>\n<p>&nbsp;<\/p>\n<p>&nbsp;<\/p>\n<p style=\"text-align: center;\"><strong><i>+\u00a0Highlight Image: \u00a9 Perpetum Mobile<\/i><\/strong><\/p>\n<p style=\"text-align: center;\"><em><strong>+ Words<\/strong><\/em><\/p>\n<p style=\"text-align: center;\"><strong><em>Emily Nicholas<br \/>\n<\/em><\/strong><strong><em>Luxiders Magazine<\/em><\/strong><\/p>\n                                                        <\/div>\n            <\/div>\n        <\/div>\n    <\/section>\n    ","protected":false},"excerpt":{"rendered":"","protected":false},"author":2,"featured_media":23587,"comment_status":"closed","ping_status":"closed","sticky":false,"template":"","format":"standard","meta":{"_acf_changed":false,"footnotes":""},"categories":[1194],"tags":[4451,4448,4449,5069,4453,4450,5070,4452,4454,5071,1458],"class_list":{"0":"post-23591","1":"post","2":"type-post","3":"status-publish","4":"format-standard","5":"has-post-thumbnail","7":"category-nachhaltig-luxus-mode","8":"tag-ifema-2","9":"tag-ifema-madrid-2","10":"tag-momad-2","11":"tag-momad-de","12":"tag-momad-2023-2","13":"tag-momad-madrid-2","14":"tag-momad-madrid-de","15":"tag-momad-sustainable-fashion-2","16":"tag-sustainable-fashion-event-2","17":"tag-sustainable-fashion-event-de","18":"tag-sustainable-fashion-madrid-2"},"acf":[],"yoast_head":"<title>Nachhaltigkeit ist auf dem Weg zum Momad Fashion Event | Luxiders<\/title>\n<meta name=\"description\" content=\"Momad, Spaniens wichtigste Modemesse, wird diesen Februar wieder \u00fcber 300 Modefirmen und -marken ausstellen. Die nachhaltigen Aspekte der ...\" \/>\n<meta name=\"robots\" content=\"index, follow, max-snippet:-1, max-image-preview:large, max-video-preview:-1\" \/>\n<link rel=\"canonical\" href=\"https:\/\/luxiders.com\/de\/nachhaltigkeit-ist-auf-dem-weg-zum-momad-fashion-event\/\" \/>\n<meta property=\"og:locale\" content=\"de_DE\" \/>\n<meta property=\"og:type\" content=\"article\" \/>\n<meta property=\"og:title\" content=\"Nachhaltigkeit ist auf dem Weg zum Momad Fashion Event | Luxiders\" \/>\n<meta property=\"og:description\" content=\"Momad, Spaniens wichtigste Modemesse, wird diesen Februar wieder \u00fcber 300 Modefirmen und -marken ausstellen. Die nachhaltigen Aspekte der ...\" \/>\n<meta property=\"og:url\" content=\"https:\/\/luxiders.com\/de\/nachhaltigkeit-ist-auf-dem-weg-zum-momad-fashion-event\/\" \/>\n<meta property=\"og:site_name\" content=\"Sustainable Fashion - Eco Design - Healthy Lifestyle - Luxiders Magazine\" \/>\n<meta property=\"article:published_time\" content=\"2023-05-25T13:46:55+00:00\" \/>\n<meta property=\"article:modified_time\" content=\"2024-03-08T11:48:21+00:00\" \/>\n<meta property=\"og:image\" content=\"https:\/\/luxiders.com\/content\/uploads\/Momad_Intro.jpeg\" \/>\n\t<meta property=\"og:image:width\" content=\"1920\" \/>\n\t<meta property=\"og:image:height\" content=\"1335\" \/>\n\t<meta property=\"og:image:type\" content=\"image\/jpeg\" \/>\n<meta name=\"author\" content=\"luxiders\" \/>\n<meta name=\"twitter:card\" content=\"summary_large_image\" \/>\n<meta name=\"twitter:label1\" content=\"Verfasst von\" \/>\n\t<meta name=\"twitter:data1\" content=\"luxiders\" \/>\n\t<meta name=\"twitter:label2\" content=\"Gesch\u00e4tzte Lesezeit\" \/>\n\t<meta name=\"twitter:data2\" content=\"4\u00a0Minuten\" \/>\n<script type=\"application\/ld+json\" class=\"yoast-schema-graph\">{\"@context\":\"https:\/\/schema.org\",\"@graph\":[{\"@type\":\"Article\",\"@id\":\"https:\/\/luxiders.com\/de\/nachhaltigkeit-ist-auf-dem-weg-zum-momad-fashion-event\/#article\",\"isPartOf\":{\"@id\":\"https:\/\/luxiders.com\/de\/nachhaltigkeit-ist-auf-dem-weg-zum-momad-fashion-event\/\"},\"author\":{\"name\":\"luxiders\",\"@id\":\"https:\/\/luxiders.com\/de\/#\/schema\/person\/8632fa702ae2ce98f66c396254633de8\"},\"headline\":\"Nachhaltigkeit ist auf dem Weg zum Momad Fashion Event\",\"datePublished\":\"2023-05-25T13:46:55+00:00\",\"dateModified\":\"2024-03-08T11:48:21+00:00\",\"mainEntityOfPage\":{\"@id\":\"https:\/\/luxiders.com\/de\/nachhaltigkeit-ist-auf-dem-weg-zum-momad-fashion-event\/\"},\"wordCount\":9,\"publisher\":{\"@id\":\"https:\/\/luxiders.com\/de\/#organization\"},\"image\":{\"@id\":\"https:\/\/luxiders.com\/de\/nachhaltigkeit-ist-auf-dem-weg-zum-momad-fashion-event\/#primaryimage\"},\"thumbnailUrl\":\"https:\/\/luxiders.com\/content\/uploads\/Momad_Intro.jpeg\",\"keywords\":[\"Ifema\",\"Ifema Madrid\",\"Momad\",\"Momad\",\"Momad 2023\",\"Momad Madrid\",\"Momad Madrid\",\"Momad sustainable fashion\",\"sustainable fashion event\",\"sustainable fashion event\",\"sustainable fashion madrid\"],\"articleSection\":[\"Mode\"],\"inLanguage\":\"de\"},{\"@type\":\"WebPage\",\"@id\":\"https:\/\/luxiders.com\/de\/nachhaltigkeit-ist-auf-dem-weg-zum-momad-fashion-event\/\",\"url\":\"https:\/\/luxiders.com\/de\/nachhaltigkeit-ist-auf-dem-weg-zum-momad-fashion-event\/\",\"name\":\"Nachhaltigkeit ist auf dem Weg zum Momad Fashion Event | Luxiders\",\"isPartOf\":{\"@id\":\"https:\/\/luxiders.com\/de\/#website\"},\"primaryImageOfPage\":{\"@id\":\"https:\/\/luxiders.com\/de\/nachhaltigkeit-ist-auf-dem-weg-zum-momad-fashion-event\/#primaryimage\"},\"image\":{\"@id\":\"https:\/\/luxiders.com\/de\/nachhaltigkeit-ist-auf-dem-weg-zum-momad-fashion-event\/#primaryimage\"},\"thumbnailUrl\":\"https:\/\/luxiders.com\/content\/uploads\/Momad_Intro.jpeg\",\"datePublished\":\"2023-05-25T13:46:55+00:00\",\"dateModified\":\"2024-03-08T11:48:21+00:00\",\"description\":\"Momad, Spaniens wichtigste Modemesse, wird diesen Februar wieder \u00fcber 300 Modefirmen und -marken ausstellen. Die nachhaltigen Aspekte der ...\",\"breadcrumb\":{\"@id\":\"https:\/\/luxiders.com\/de\/nachhaltigkeit-ist-auf-dem-weg-zum-momad-fashion-event\/#breadcrumb\"},\"inLanguage\":\"de\",\"potentialAction\":[{\"@type\":\"ReadAction\",\"target\":[\"https:\/\/luxiders.com\/de\/nachhaltigkeit-ist-auf-dem-weg-zum-momad-fashion-event\/\"]}]},{\"@type\":\"ImageObject\",\"inLanguage\":\"de\",\"@id\":\"https:\/\/luxiders.com\/de\/nachhaltigkeit-ist-auf-dem-weg-zum-momad-fashion-event\/#primaryimage\",\"url\":\"https:\/\/luxiders.com\/content\/uploads\/Momad_Intro.jpeg\",\"contentUrl\":\"https:\/\/luxiders.com\/content\/uploads\/Momad_Intro.jpeg\",\"width\":1920,\"height\":1335,\"caption\":\"Ifema, Ifema Madrid, Momad, Momad 2023, Momad Madrid, Momad sustainable fashion, sustainable fashion event, sustainable fashion madrid\"},{\"@type\":\"BreadcrumbList\",\"@id\":\"https:\/\/luxiders.com\/de\/nachhaltigkeit-ist-auf-dem-weg-zum-momad-fashion-event\/#breadcrumb\",\"itemListElement\":[{\"@type\":\"ListItem\",\"position\":1,\"name\":\"Startseite\",\"item\":\"https:\/\/luxiders.com\/de\/\"},{\"@type\":\"ListItem\",\"position\":2,\"name\":\"Mode\",\"item\":\"https:\/\/luxiders.com\/de\/Katregorie\/nachhaltig-luxus-mode\/\"},{\"@type\":\"ListItem\",\"position\":3,\"name\":\"Nachhaltigkeit ist auf dem Weg zum Momad Fashion Event\"}]},{\"@type\":\"WebSite\",\"@id\":\"https:\/\/luxiders.com\/de\/#website\",\"url\":\"https:\/\/luxiders.com\/de\/\",\"name\":\"Sustainable Fashion - Eco Design - Healthy Lifestyle - Luxiders Magazine\",\"description\":\"Luxiders is a sustainable luxury magazine highlighting the best stories about sustainable fashion, ethical fashion, eco-friendly design, green design, sustainable travel, natural beauty, organic beauty and healthy lifestyle. Know the best high-end, progressive and luxury sustainable brands and designers worldwide.\",\"publisher\":{\"@id\":\"https:\/\/luxiders.com\/de\/#organization\"},\"potentialAction\":[{\"@type\":\"SearchAction\",\"target\":{\"@type\":\"EntryPoint\",\"urlTemplate\":\"https:\/\/luxiders.com\/de\/?s={search_term_string}\"},\"query-input\":{\"@type\":\"PropertyValueSpecification\",\"valueRequired\":true,\"valueName\":\"search_term_string\"}}],\"inLanguage\":\"de\"},{\"@type\":\"Organization\",\"@id\":\"https:\/\/luxiders.com\/de\/#organization\",\"name\":\"Sustainable Fashion - Eco Design - Healthy Lifestyle - Luxiders Magazine\",\"url\":\"https:\/\/luxiders.com\/de\/\",\"logo\":{\"@type\":\"ImageObject\",\"inLanguage\":\"de\",\"@id\":\"https:\/\/luxiders.com\/de\/#\/schema\/logo\/image\/\",\"url\":\"https:\/\/luxiders.com\/content\/uploads\/lux-logo.svg\",\"contentUrl\":\"https:\/\/luxiders.com\/content\/uploads\/lux-logo.svg\",\"caption\":\"Sustainable Fashion - Eco Design - Healthy Lifestyle - Luxiders Magazine\"},\"image\":{\"@id\":\"https:\/\/luxiders.com\/de\/#\/schema\/logo\/image\/\"}},{\"@type\":\"Person\",\"@id\":\"https:\/\/luxiders.com\/de\/#\/schema\/person\/8632fa702ae2ce98f66c396254633de8\",\"name\":\"luxiders\",\"url\":\"https:\/\/luxiders.com\/de\/author\/luxiders\/\"}]}<\/script>","yoast_head_json":{"title":"Nachhaltigkeit ist auf dem Weg zum Momad Fashion Event | Luxiders","description":"Momad, Spaniens wichtigste Modemesse, wird diesen Februar wieder \u00fcber 300 Modefirmen und -marken ausstellen. Die nachhaltigen Aspekte der ...","robots":{"index":"index","follow":"follow","max-snippet":"max-snippet:-1","max-image-preview":"max-image-preview:large","max-video-preview":"max-video-preview:-1"},"canonical":"https:\/\/luxiders.com\/de\/nachhaltigkeit-ist-auf-dem-weg-zum-momad-fashion-event\/","og_locale":"de_DE","og_type":"article","og_title":"Nachhaltigkeit ist auf dem Weg zum Momad Fashion Event | Luxiders","og_description":"Momad, Spaniens wichtigste Modemesse, wird diesen Februar wieder \u00fcber 300 Modefirmen und -marken ausstellen. Die nachhaltigen Aspekte der ...","og_url":"https:\/\/luxiders.com\/de\/nachhaltigkeit-ist-auf-dem-weg-zum-momad-fashion-event\/","og_site_name":"Sustainable Fashion - Eco Design - Healthy Lifestyle - Luxiders Magazine","article_published_time":"2023-05-25T13:46:55+00:00","article_modified_time":"2024-03-08T11:48:21+00:00","og_image":[{"width":1920,"height":1335,"url":"https:\/\/luxiders.com\/content\/uploads\/Momad_Intro.jpeg","type":"image\/jpeg"}],"author":"luxiders","twitter_card":"summary_large_image","twitter_misc":{"Verfasst von":"luxiders","Gesch\u00e4tzte Lesezeit":"4\u00a0Minuten"},"schema":{"@context":"https:\/\/schema.org","@graph":[{"@type":"Article","@id":"https:\/\/luxiders.com\/de\/nachhaltigkeit-ist-auf-dem-weg-zum-momad-fashion-event\/#article","isPartOf":{"@id":"https:\/\/luxiders.com\/de\/nachhaltigkeit-ist-auf-dem-weg-zum-momad-fashion-event\/"},"author":{"name":"luxiders","@id":"https:\/\/luxiders.com\/de\/#\/schema\/person\/8632fa702ae2ce98f66c396254633de8"},"headline":"Nachhaltigkeit ist auf dem Weg zum Momad Fashion Event","datePublished":"2023-05-25T13:46:55+00:00","dateModified":"2024-03-08T11:48:21+00:00","mainEntityOfPage":{"@id":"https:\/\/luxiders.com\/de\/nachhaltigkeit-ist-auf-dem-weg-zum-momad-fashion-event\/"},"wordCount":9,"publisher":{"@id":"https:\/\/luxiders.com\/de\/#organization"},"image":{"@id":"https:\/\/luxiders.com\/de\/nachhaltigkeit-ist-auf-dem-weg-zum-momad-fashion-event\/#primaryimage"},"thumbnailUrl":"https:\/\/luxiders.com\/content\/uploads\/Momad_Intro.jpeg","keywords":["Ifema","Ifema Madrid","Momad","Momad","Momad 2023","Momad Madrid","Momad Madrid","Momad sustainable fashion","sustainable fashion event","sustainable fashion event","sustainable fashion madrid"],"articleSection":["Mode"],"inLanguage":"de"},{"@type":"WebPage","@id":"https:\/\/luxiders.com\/de\/nachhaltigkeit-ist-auf-dem-weg-zum-momad-fashion-event\/","url":"https:\/\/luxiders.com\/de\/nachhaltigkeit-ist-auf-dem-weg-zum-momad-fashion-event\/","name":"Nachhaltigkeit ist auf dem Weg zum Momad Fashion Event | Luxiders","isPartOf":{"@id":"https:\/\/luxiders.com\/de\/#website"},"primaryImageOfPage":{"@id":"https:\/\/luxiders.com\/de\/nachhaltigkeit-ist-auf-dem-weg-zum-momad-fashion-event\/#primaryimage"},"image":{"@id":"https:\/\/luxiders.com\/de\/nachhaltigkeit-ist-auf-dem-weg-zum-momad-fashion-event\/#primaryimage"},"thumbnailUrl":"https:\/\/luxiders.com\/content\/uploads\/Momad_Intro.jpeg","datePublished":"2023-05-25T13:46:55+00:00","dateModified":"2024-03-08T11:48:21+00:00","description":"Momad, Spaniens wichtigste Modemesse, wird diesen Februar wieder \u00fcber 300 Modefirmen und -marken ausstellen. Die nachhaltigen Aspekte der ...","breadcrumb":{"@id":"https:\/\/luxiders.com\/de\/nachhaltigkeit-ist-auf-dem-weg-zum-momad-fashion-event\/#breadcrumb"},"inLanguage":"de","potentialAction":[{"@type":"ReadAction","target":["https:\/\/luxiders.com\/de\/nachhaltigkeit-ist-auf-dem-weg-zum-momad-fashion-event\/"]}]},{"@type":"ImageObject","inLanguage":"de","@id":"https:\/\/luxiders.com\/de\/nachhaltigkeit-ist-auf-dem-weg-zum-momad-fashion-event\/#primaryimage","url":"https:\/\/luxiders.com\/content\/uploads\/Momad_Intro.jpeg","contentUrl":"https:\/\/luxiders.com\/content\/uploads\/Momad_Intro.jpeg","width":1920,"height":1335,"caption":"Ifema, Ifema Madrid, Momad, Momad 2023, Momad Madrid, Momad sustainable fashion, sustainable fashion event, sustainable fashion madrid"},{"@type":"BreadcrumbList","@id":"https:\/\/luxiders.com\/de\/nachhaltigkeit-ist-auf-dem-weg-zum-momad-fashion-event\/#breadcrumb","itemListElement":[{"@type":"ListItem","position":1,"name":"Startseite","item":"https:\/\/luxiders.com\/de\/"},{"@type":"ListItem","position":2,"name":"Mode","item":"https:\/\/luxiders.com\/de\/Katregorie\/nachhaltig-luxus-mode\/"},{"@type":"ListItem","position":3,"name":"Nachhaltigkeit ist auf dem Weg zum Momad Fashion Event"}]},{"@type":"WebSite","@id":"https:\/\/luxiders.com\/de\/#website","url":"https:\/\/luxiders.com\/de\/","name":"Sustainable Fashion - Eco Design - Healthy Lifestyle - Luxiders Magazine","description":"Luxiders is a sustainable luxury magazine highlighting the best stories about sustainable fashion, ethical fashion, eco-friendly design, green design, sustainable travel, natural beauty, organic beauty and healthy lifestyle. Know the best high-end, progressive and luxury sustainable brands and designers worldwide.","publisher":{"@id":"https:\/\/luxiders.com\/de\/#organization"},"potentialAction":[{"@type":"SearchAction","target":{"@type":"EntryPoint","urlTemplate":"https:\/\/luxiders.com\/de\/?s={search_term_string}"},"query-input":{"@type":"PropertyValueSpecification","valueRequired":true,"valueName":"search_term_string"}}],"inLanguage":"de"},{"@type":"Organization","@id":"https:\/\/luxiders.com\/de\/#organization","name":"Sustainable Fashion - Eco Design - Healthy Lifestyle - Luxiders Magazine","url":"https:\/\/luxiders.com\/de\/","logo":{"@type":"ImageObject","inLanguage":"de","@id":"https:\/\/luxiders.com\/de\/#\/schema\/logo\/image\/","url":"https:\/\/luxiders.com\/content\/uploads\/lux-logo.svg","contentUrl":"https:\/\/luxiders.com\/content\/uploads\/lux-logo.svg","caption":"Sustainable Fashion - Eco Design - Healthy Lifestyle - Luxiders Magazine"},"image":{"@id":"https:\/\/luxiders.com\/de\/#\/schema\/logo\/image\/"}},{"@type":"Person","@id":"https:\/\/luxiders.com\/de\/#\/schema\/person\/8632fa702ae2ce98f66c396254633de8","name":"luxiders","url":"https:\/\/luxiders.com\/de\/author\/luxiders\/"}]}},"_links":{"self":[{"href":"https:\/\/luxiders.com\/de\/wp-json\/wp\/v2\/posts\/23591","targetHints":{"allow":["GET"]}}],"collection":[{"href":"https:\/\/luxiders.com\/de\/wp-json\/wp\/v2\/posts"}],"about":[{"href":"https:\/\/luxiders.com\/de\/wp-json\/wp\/v2\/types\/post"}],"author":[{"embeddable":true,"href":"https:\/\/luxiders.com\/de\/wp-json\/wp\/v2\/users\/2"}],"replies":[{"embeddable":true,"href":"https:\/\/luxiders.com\/de\/wp-json\/wp\/v2\/comments?post=23591"}],"version-history":[{"count":3,"href":"https:\/\/luxiders.com\/de\/wp-json\/wp\/v2\/posts\/23591\/revisions"}],"predecessor-version":[{"id":42011,"href":"https:\/\/luxiders.com\/de\/wp-json\/wp\/v2\/posts\/23591\/revisions\/42011"}],"wp:featuredmedia":[{"embeddable":true,"href":"https:\/\/luxiders.com\/de\/wp-json\/wp\/v2\/media\/23587"}],"wp:attachment":[{"href":"https:\/\/luxiders.com\/de\/wp-json\/wp\/v2\/media?parent=23591"}],"wp:term":[{"taxonomy":"category","embeddable":true,"href":"https:\/\/luxiders.com\/de\/wp-json\/wp\/v2\/categories?post=23591"},{"taxonomy":"post_tag","embeddable":true,"href":"https:\/\/luxiders.com\/de\/wp-json\/wp\/v2\/tags?post=23591"}],"curies":[{"name":"wp","href":"https:\/\/api.w.org\/{rel}","templated":true}]}}