{"id":26296,"date":"2023-09-12T17:17:00","date_gmt":"2023-09-12T15:17:00","guid":{"rendered":"http:\/\/luxiders.com.w01cc729.kasserver.com\/?p=26296"},"modified":"2023-12-19T17:31:23","modified_gmt":"2023-12-19T16:31:23","slug":"momad-macht-tempo-bei-themen-wie-nachhaltigkeit-und-inklusion","status":"publish","type":"post","link":"https:\/\/luxiders.com\/de\/momad-macht-tempo-bei-themen-wie-nachhaltigkeit-und-inklusion\/","title":{"rendered":"Momad Macht Tempo Bei Themen Wie Nachhaltigkeit Und Inklusion"},"content":{"rendered":"    <section id=\"textblock-block_9f566ca7a52dfa7edd3215bedfc17497\" class=\"section position-relative gp-block gp-textblock pt-0 pb-0\">\n        <div class=\"container\">\n            <div class=\"row g-0\">\n                <div class=\"col-lg-12 content\" data-aos=\"fade-in\" data-aos-duration=\"1000\">\n                                                                                    <div class=\"intro \">\n                            <p style=\"text-align: center;\">Vom 15. bis 17. September wird die Momad, die wichtigste Fachmesse f\u00fcr Mode in S\u00fcdeuropa, zum Epizentrum f\u00fcr die neuesten Trends in den Bereichen Mode, Schuhe und Accessoires mit einer umfassenden Pr\u00e4sentation nationaler und internationaler Marken.<\/p>\n                        <\/div>\n                                                                                                <\/div>\n            <\/div>\n        <\/div>\n    <\/section>\n    \n\n    <section id=\"newsletter-block_38d5ae51d064bae90afe28ac3be2e9c4\" class=\"section position-relative gp-block gp-newsletter pt-0 pb-0 my-5\">\n        <div class=\"container\">\n            <div class=\"row g-0 pt-4 pb-3\">\n                <div class=\"col-lg-12 content text-center border pt-3\" data-aos=\"fade-in\" data-aos-duration=\"1000\">\n                                            <p><em>Um den Luxiders Newsletter zu erhalten,\u00a0<a href=\"https:\/\/landing.mailerlite.com\/webforms\/landing\/g1u8s7\">melde dich hier an<\/a>.<\/em><\/p>\n                                    <\/div>\n            <\/div>\n        <\/div>\n    <\/section>\n    \n\n    <section id=\"textblock-block_9707e54af45a497bbdce467dbe73ecbf\" class=\"section position-relative gp-block gp-textblock pt-0 pb-0\">\n        <div class=\"container\">\n            <div class=\"row g-0\">\n                <div class=\"col-lg-12 content\" data-aos=\"fade-in\" data-aos-duration=\"1000\">\n                                                                                <p>Die Internationale Messe f\u00fcr Mode, Schuhe und Accessoires\u00a0<a href=\"https:\/\/www.ifema.es\/momad?utm_source=luxiders&amp;utm_medium=display&amp;utm_campaign=luxiders_display_madrid_abril_septiembre_es&amp;utm_content=\" target=\"_blank\" rel=\"noopener\">MOMAD<\/a>\u00a0zeigt im Rahmen der von IFEMA MADRID organisierten Lifestyle-Woche vom 15. bis 17. September die neuesten Trends, die die Kollektionen f\u00fcr die Saison Fr\u00fchjahr\/Sommer 24 und die Konfektionskleidung Herbst\/Winter 23-24 kennzeichnen, aus der Hand zahlreicher nationaler und internationaler Unternehmen.<\/p>\n<p>Die diesj\u00e4hrige Ausgabe zeichnet sich durch eine starke internationale Pr\u00e4senz aus, die im Einklang mit der Strategie der Messe steht, neue M\u00e4rkte zu erschlie\u00dfen. So werden an der MOMAD unter anderem Unternehmen aus Deutschland, \u00d6sterreich, Australien, Kolumbien, Spanien, Frankreich, Griechenland, Italien, Paraguay, Polen, Portugal und der T\u00fcrkei teilnehmen.<\/p>\n                                                        <\/div>\n            <\/div>\n        <\/div>\n    <\/section>\n    \n\n    <section id=\"textblock-block_d5b80f8aa07211ccf7b23b3241544503\" class=\"section position-relative gp-block gp-textblock pt-0 pb-0\">\n        <div class=\"container\">\n            <div class=\"row g-0\">\n                <div class=\"col-lg-12 content\" data-aos=\"fade-in\" data-aos-duration=\"1000\">\n                                                                        <h2 class=\"\">SUSTAINABLE EXPERIENCE\n<\/h2>\n                                                                                                        <p>Mehr als 200 Unternehmen werden an der MOMAD teilnehmen, darunter zahlreiche Marken aus den Bereichen Casual, Contemporary und Events mit Modevorschl\u00e4gen f\u00fcr Feiern, Cocktailpartys, Abende und Zeremonien. Wie immer ist der Bereich Sustainable Experience besonders hervorzuheben, in dem mehr als 10 Marken vorgestellt werden, die ihre Produktion und ihr Marketing nach ethischen Gesichtspunkten gestalten.<\/p>\n<p>&nbsp;<\/p>\n<h4 style=\"text-align: center;\"><span style=\"color: #d6a16b;\"><em>Unter den nachhaltigen Modemarken, die w\u00e4hrend der Momad ihre Kollektionen pr\u00e4sentieren, sind OF Origin, Bemonocromo, Elemente Clemente, Fulmarix, Linnoa Bags, Nika, Nomadi State of Mind, PerpetumMobile und sieben Marken von Procolombia hervorzuheben, die sich auf Handwerkskunst und Slow Fashion konzentrieren.<\/em><\/span><\/h4>\n<p>&nbsp;<\/p>\n<p>Eine weitere Marke, deren Besuch wir empfehlen, ist &#8222;JOYITA&#8220;. Dies ist das erste Projekt zur Ausbildung und Schaffung von Arbeitspl\u00e4tzen in der Schmuckbranche, bei dem &#8222;wir geistige Behinderung in Schmuck verwandeln&#8220;, sagt Alicia del Amo, Gr\u00fcnderin von DALAL (Inclusive Brand of Fashion and Jewellery) in Zusammenarbeit mit der Asociaci\u00f3n Formadoras Capacitadas.<\/p>\n                                                        <\/div>\n            <\/div>\n        <\/div>\n    <\/section>\n    \n\n    <section id=\"media-block_9ad087461c1082e980daf62d05e14ea5\" class=\"section position-relative gp-block gp-media pt-0 pb-0\">\n        <div class=\"container\">\n            <div class=\"row g-0\">\n                <div class=\"col-lg-12 content\" data-aos=\"fade-in\" data-aos-duration=\"1000\">\n                                                                            <\/div>\n            <\/div>\n            <div class=\"row g-0\">\n                <div class=\"col-lg-6 \">\n                                                                                                                                                <figure class=\"mb-4 pt-lg-5 mb-lg-5 ps-lg-0 pe-lg-6\" data-aos=\"fade-up\" data-aos-duration=\"1000\"><div class=\"img-container\"><img loading=\"lazy\" decoding=\"async\" width=\"736\" height=\"1112\" src=\"https:\/\/luxiders.com\/content\/uploads\/Momad_PerpetumMobile.jpg\" class=\"img-fluid w-100\" alt=\"Momad\" srcset=\"https:\/\/luxiders.com\/content\/uploads\/Momad_PerpetumMobile.jpg 736w, https:\/\/luxiders.com\/content\/uploads\/Momad_PerpetumMobile-199x300.jpg 199w, https:\/\/luxiders.com\/content\/uploads\/Momad_PerpetumMobile-678x1024.jpg 678w\" sizes=\"(max-width: 736px) 100vw, 736px\" \/><\/div><figcaption>\u00a9 Perpetum Mobile<\/figcaption><\/figure>                                                                                            <\/div>\n                                    <div class=\"col-lg-6\">\n                                                                                                                                                        <figure class=\"mb-4 pt-lg-5 mb-lg-5 ps-lg-6 pe-lg-0\" data-aos=\"fade-up\" data-aos-duration=\"1000\"><div class=\"img-container\"><img loading=\"lazy\" decoding=\"async\" width=\"1000\" height=\"1500\" src=\"https:\/\/luxiders.com\/content\/uploads\/Momad_Fulmarix-2.jpeg\" class=\"img-fluid w-100\" alt=\"Momad\" srcset=\"https:\/\/luxiders.com\/content\/uploads\/Momad_Fulmarix-2.jpeg 1000w, https:\/\/luxiders.com\/content\/uploads\/Momad_Fulmarix-2-200x300.jpeg 200w, https:\/\/luxiders.com\/content\/uploads\/Momad_Fulmarix-2-683x1024.jpeg 683w, https:\/\/luxiders.com\/content\/uploads\/Momad_Fulmarix-2-768x1152.jpeg 768w\" sizes=\"(max-width: 1000px) 100vw, 1000px\" \/><\/div><figcaption>\u00a9 Fulmarix<\/figcaption><\/figure>                                                                                                        <\/div>\n                                            <\/div>\n        <\/div>\n    <\/section>\n    \n\n    <section id=\"textblock-block_b2d345ece65f00e0a7e6d692c9602834\" class=\"section position-relative gp-block gp-textblock pt-0 pb-0\">\n        <div class=\"container\">\n            <div class=\"row g-0\">\n                <div class=\"col-lg-12 content\" data-aos=\"fade-in\" data-aos-duration=\"1000\">\n                                                                        <h2 class=\"\">BILDUNG UND VERNETZUNG F\u00dcR NACHHALTIGKEIT\n<\/h2>\n                                                                                                        <div class=\"column mcb-column two-third column_visual \">\n<p>Wie immer bieten die Organisatoren der Veranstaltung ein sehr attraktives Programm an Konferenzen an, die einen Besuch wert sind. Wir w\u00e4hlen diejenigen aus, die sich auf das Thema Nachhaltigkeit beziehen und andere, die es beeinflussen oder mit ihm in Verbindung stehen.<\/p>\n<p><strong>13. September<\/strong><br \/>\n11.30 Uhr &#8211; Wie k\u00f6nnen die Herausforderungen der Nachhaltigkeit sektoral angegangen werden?<\/p>\n<p><strong>14. September<\/strong><br \/>\n11.00 &#8211; Biophysikalisches Design und Benutzer(innen)komfort.<br \/>\nHier werden wir die Bedeutung des Designs unter dem Gesichtspunkt der Natur und der Nachhaltigkeit auf der Suche nach dem Wohlbefinden des Benutzers kennen lernen, wobei Konzepte des Komforts im Vordergrund stehen.<\/p>\n<p><strong>15. September<\/strong><br \/>\n11.00 &#8211; Kolumbien, ein Land auf dem Weg zur nachhaltigen Mode.<br \/>\nJuan Pablo Socarr\u00e1s, kolumbianischer Designer und Unternehmer, eine Referenz in der Leitung von Transformationsprojekten und sozialer Wirkung durch das Design und die Kreation von Kollektionen, die mit Handwerkern, indigenen, vertriebenen, afroamerikanischen und traditionellen Gemeinschaften in Lateinamerika in Verbindung stehen, wird \u00fcber produktives Empowerment und nachhaltige Entwicklung sprechen.<\/p>\n<p>16.00 &#8211; Nachhaltiges Paradigma in der Textilindustrie<br \/>\nVorstellung von Zukunftsszenarien f\u00fcr den Sektor im Hinblick auf die Entwicklung und Umsetzung von Nachhaltigkeit in den Design- und Managementstrategien der Textilindustrie.<\/p>\n<p>18.15 Uhr &#8211; Wie schafft man eine nachhaltige Modemarke?<br \/>\nBluyins, eine 2020 gegr\u00fcndete Marke mit Sitz in Madrid, stellt bequeme, vielseitige und zeitlose Jeans aus recycelten Stoffen her, die mit den neuesten Lasertechnologien hergestellt werden und die Umweltbelastung um mehr als 80 % reduzieren. M\u00f6chtest du erfahren, wie sie das machen?<\/p>\n<p><strong>16. September<\/strong><br \/>\n12.00 &#8211; Rusty red, vom Abfall zum Design.<br \/>\nNatalia S\u00e1nchez stellt ihr Rojo \u00d3xido vor. Dabei handelt es sich um ein Projekt, das sich mit dem Problem der Abfallbewirtschaftung befasst, in diesem Fall mit Bauabf\u00e4llen, und diese in Rohstoffe umwandelt, aus denen innovative M\u00f6belst\u00fccke mit einem modernen Design entstehen, das sich von seinem eigentlichen Ursprung v\u00f6llig unterscheidet.<\/p>\n<p>15.30 Uhr &#8211; Kolumbien Handwerkliches Territorium<br \/>\nIm Rahmen der Intergift 2023 wird die Mode als Hommage an unsere Kunsthandwerkerinnen und Kunsthandwerker lebendig, die aufgrund ihrer Herkunft das kolumbianische Kunsthandwerk repr\u00e4sentieren. Ihre Ausdrucksformen, die sich in Kunsthandwerk und Techniken ausdr\u00fccken, werden in Kleidungsst\u00fccke oder Objekte verwandelt, die Tr\u00e4ger der materiellen und immateriellen Kultur Kolumbiens sind.<\/p>\n<p>18.00 Uhr &#8211; Modeschau der Asociaci\u00f3n Joyas Sostenibles.<\/p>\n<p>Die\u00a0<a href=\"https:\/\/www.ifema.es\/momad?utm_source=luxiders&amp;utm_medium=display&amp;utm_campaign=luxiders_display_madrid_abril_septiembre_es&amp;utm_content=\" target=\"_blank\" rel=\"noopener\">International Fashion, Footwear and Accessories Show<\/a>\u00a0findet vom 15. bis 17. September im Rahmen der Lifestyle-Woche auf der IFEMA MADRID statt, zeitgleich mit der Intergift vom 13. bis 17. September und der Bisutex und Madridjoya vom 14. bis 17. September.<\/p>\n<\/div>\n<div class=\"column mcb-column one-sixth column_placeholder\"><\/div>\n                                                        <\/div>\n            <\/div>\n        <\/div>\n    <\/section>\n    \n\n    <section id=\"textblock-block_4b14a6c482e77d89169df8bce1384e84\" class=\"section position-relative gp-block gp-textblock pt-0 pb-0\">\n        <div class=\"container\">\n            <div class=\"row g-0\">\n                <div class=\"col-lg-12 content\" data-aos=\"fade-in\" data-aos-duration=\"1000\">\n                                                                                <p style=\"text-align: center;\"><strong><i>+\u00a0Highlight Image: \u00a9 Fulmarix<\/i><\/strong><\/p>\n<p style=\"text-align: center;\"><strong><em>Words:<br \/>\n<\/em><\/strong><strong><em>Luxiders Magazine<\/em><\/strong><\/p>\n                                                        <\/div>\n            <\/div>\n        <\/div>\n    <\/section>\n    ","protected":false},"excerpt":{"rendered":"","protected":false},"author":2,"featured_media":26302,"comment_status":"closed","ping_status":"closed","sticky":false,"template":"","format":"standard","meta":{"_acf_changed":false,"footnotes":""},"categories":[1194],"tags":[5068,5069,5070,2018,5071],"class_list":{"0":"post-26296","1":"post","2":"type-post","3":"status-publish","4":"format-standard","5":"has-post-thumbnail","7":"category-nachhaltig-luxus-mode","8":"tag-madrid-de","9":"tag-momad-de","10":"tag-momad-madrid-de","11":"tag-sustainable-fashion-de","12":"tag-sustainable-fashion-event-de"},"acf":[],"yoast_head":"<title>Momad Macht Tempo Bei Themen Wie Nachhaltigkeit &amp; Inklusion<\/title>\n<meta name=\"description\" content=\"Die Momad, das wichtigste professionelle Modeereignis in S\u00fcdeuropa, wird zum Zentrum der neuesten Trends in den Bereichen Mode, Schuhe...\" \/>\n<meta name=\"robots\" content=\"index, follow, max-snippet:-1, max-image-preview:large, max-video-preview:-1\" \/>\n<link rel=\"canonical\" href=\"https:\/\/luxiders.com\/de\/momad-macht-tempo-bei-themen-wie-nachhaltigkeit-und-inklusion\/\" \/>\n<meta property=\"og:locale\" content=\"de_DE\" \/>\n<meta property=\"og:type\" content=\"article\" \/>\n<meta property=\"og:title\" content=\"Momad Macht Tempo Bei Themen Wie Nachhaltigkeit &amp; Inklusion\" \/>\n<meta property=\"og:description\" content=\"Die Momad, das wichtigste professionelle Modeereignis in S\u00fcdeuropa, wird zum Zentrum der neuesten Trends in den Bereichen Mode, Schuhe...\" \/>\n<meta property=\"og:url\" content=\"https:\/\/luxiders.com\/de\/momad-macht-tempo-bei-themen-wie-nachhaltigkeit-und-inklusion\/\" \/>\n<meta property=\"og:site_name\" content=\"Sustainable Fashion - Eco Design - Healthy Lifestyle - Luxiders Magazine\" \/>\n<meta property=\"article:published_time\" content=\"2023-09-12T15:17:00+00:00\" \/>\n<meta property=\"article:modified_time\" content=\"2023-12-19T16:31:23+00:00\" \/>\n<meta property=\"og:image\" content=\"https:\/\/luxiders.com\/content\/uploads\/Momad_fulmarix.jpeg\" \/>\n\t<meta property=\"og:image:width\" content=\"1667\" \/>\n\t<meta property=\"og:image:height\" content=\"1123\" \/>\n\t<meta property=\"og:image:type\" content=\"image\/jpeg\" \/>\n<meta name=\"author\" content=\"luxiders\" \/>\n<meta name=\"twitter:card\" content=\"summary_large_image\" \/>\n<meta name=\"twitter:label1\" content=\"Verfasst von\" \/>\n\t<meta name=\"twitter:data1\" content=\"luxiders\" \/>\n<script type=\"application\/ld+json\" class=\"yoast-schema-graph\">{\"@context\":\"https:\/\/schema.org\",\"@graph\":[{\"@type\":\"Article\",\"@id\":\"https:\/\/luxiders.com\/de\/momad-macht-tempo-bei-themen-wie-nachhaltigkeit-und-inklusion\/#article\",\"isPartOf\":{\"@id\":\"https:\/\/luxiders.com\/de\/momad-macht-tempo-bei-themen-wie-nachhaltigkeit-und-inklusion\/\"},\"author\":{\"name\":\"luxiders\",\"@id\":\"https:\/\/luxiders.com\/de\/#\/schema\/person\/8632fa702ae2ce98f66c396254633de8\"},\"headline\":\"Momad Macht Tempo Bei Themen Wie Nachhaltigkeit Und Inklusion\",\"datePublished\":\"2023-09-12T15:17:00+00:00\",\"dateModified\":\"2023-12-19T16:31:23+00:00\",\"mainEntityOfPage\":{\"@id\":\"https:\/\/luxiders.com\/de\/momad-macht-tempo-bei-themen-wie-nachhaltigkeit-und-inklusion\/\"},\"wordCount\":9,\"publisher\":{\"@id\":\"https:\/\/luxiders.com\/de\/#organization\"},\"image\":{\"@id\":\"https:\/\/luxiders.com\/de\/momad-macht-tempo-bei-themen-wie-nachhaltigkeit-und-inklusion\/#primaryimage\"},\"thumbnailUrl\":\"https:\/\/luxiders.com\/content\/uploads\/Momad_fulmarix.jpeg\",\"keywords\":[\"Madrid\",\"Momad\",\"Momad Madrid\",\"sustainable fashion\",\"sustainable fashion event\"],\"articleSection\":[\"Mode\"],\"inLanguage\":\"de\"},{\"@type\":\"WebPage\",\"@id\":\"https:\/\/luxiders.com\/de\/momad-macht-tempo-bei-themen-wie-nachhaltigkeit-und-inklusion\/\",\"url\":\"https:\/\/luxiders.com\/de\/momad-macht-tempo-bei-themen-wie-nachhaltigkeit-und-inklusion\/\",\"name\":\"Momad Macht Tempo Bei Themen Wie Nachhaltigkeit & Inklusion\",\"isPartOf\":{\"@id\":\"https:\/\/luxiders.com\/de\/#website\"},\"primaryImageOfPage\":{\"@id\":\"https:\/\/luxiders.com\/de\/momad-macht-tempo-bei-themen-wie-nachhaltigkeit-und-inklusion\/#primaryimage\"},\"image\":{\"@id\":\"https:\/\/luxiders.com\/de\/momad-macht-tempo-bei-themen-wie-nachhaltigkeit-und-inklusion\/#primaryimage\"},\"thumbnailUrl\":\"https:\/\/luxiders.com\/content\/uploads\/Momad_fulmarix.jpeg\",\"datePublished\":\"2023-09-12T15:17:00+00:00\",\"dateModified\":\"2023-12-19T16:31:23+00:00\",\"description\":\"Die Momad, das wichtigste professionelle Modeereignis in S\u00fcdeuropa, wird zum Zentrum der neuesten Trends in den Bereichen Mode, Schuhe...\",\"breadcrumb\":{\"@id\":\"https:\/\/luxiders.com\/de\/momad-macht-tempo-bei-themen-wie-nachhaltigkeit-und-inklusion\/#breadcrumb\"},\"inLanguage\":\"de\",\"potentialAction\":[{\"@type\":\"ReadAction\",\"target\":[\"https:\/\/luxiders.com\/de\/momad-macht-tempo-bei-themen-wie-nachhaltigkeit-und-inklusion\/\"]}]},{\"@type\":\"ImageObject\",\"inLanguage\":\"de\",\"@id\":\"https:\/\/luxiders.com\/de\/momad-macht-tempo-bei-themen-wie-nachhaltigkeit-und-inklusion\/#primaryimage\",\"url\":\"https:\/\/luxiders.com\/content\/uploads\/Momad_fulmarix.jpeg\",\"contentUrl\":\"https:\/\/luxiders.com\/content\/uploads\/Momad_fulmarix.jpeg\",\"width\":1667,\"height\":1123,\"caption\":\"Momad\"},{\"@type\":\"BreadcrumbList\",\"@id\":\"https:\/\/luxiders.com\/de\/momad-macht-tempo-bei-themen-wie-nachhaltigkeit-und-inklusion\/#breadcrumb\",\"itemListElement\":[{\"@type\":\"ListItem\",\"position\":1,\"name\":\"Startseite\",\"item\":\"https:\/\/luxiders.com\/de\/\"},{\"@type\":\"ListItem\",\"position\":2,\"name\":\"Mode\",\"item\":\"https:\/\/luxiders.com\/de\/Katregorie\/nachhaltig-luxus-mode\/\"},{\"@type\":\"ListItem\",\"position\":3,\"name\":\"Momad Macht Tempo Bei Themen Wie Nachhaltigkeit Und Inklusion\"}]},{\"@type\":\"WebSite\",\"@id\":\"https:\/\/luxiders.com\/de\/#website\",\"url\":\"https:\/\/luxiders.com\/de\/\",\"name\":\"Sustainable Fashion - Eco Design - Healthy Lifestyle - Luxiders Magazine\",\"description\":\"Luxiders is a sustainable luxury magazine highlighting the best stories about sustainable fashion, ethical fashion, eco-friendly design, green design, sustainable travel, natural beauty, organic beauty and healthy lifestyle. Know the best high-end, progressive and luxury sustainable brands and designers worldwide.\",\"publisher\":{\"@id\":\"https:\/\/luxiders.com\/de\/#organization\"},\"potentialAction\":[{\"@type\":\"SearchAction\",\"target\":{\"@type\":\"EntryPoint\",\"urlTemplate\":\"https:\/\/luxiders.com\/de\/?s={search_term_string}\"},\"query-input\":{\"@type\":\"PropertyValueSpecification\",\"valueRequired\":true,\"valueName\":\"search_term_string\"}}],\"inLanguage\":\"de\"},{\"@type\":\"Organization\",\"@id\":\"https:\/\/luxiders.com\/de\/#organization\",\"name\":\"Sustainable Fashion - Eco Design - Healthy Lifestyle - Luxiders Magazine\",\"url\":\"https:\/\/luxiders.com\/de\/\",\"logo\":{\"@type\":\"ImageObject\",\"inLanguage\":\"de\",\"@id\":\"https:\/\/luxiders.com\/de\/#\/schema\/logo\/image\/\",\"url\":\"https:\/\/luxiders.com\/content\/uploads\/lux-logo.svg\",\"contentUrl\":\"https:\/\/luxiders.com\/content\/uploads\/lux-logo.svg\",\"caption\":\"Sustainable Fashion - Eco Design - Healthy Lifestyle - Luxiders Magazine\"},\"image\":{\"@id\":\"https:\/\/luxiders.com\/de\/#\/schema\/logo\/image\/\"}},{\"@type\":\"Person\",\"@id\":\"https:\/\/luxiders.com\/de\/#\/schema\/person\/8632fa702ae2ce98f66c396254633de8\",\"name\":\"luxiders\",\"url\":\"https:\/\/luxiders.com\/de\/author\/luxiders\/\"}]}<\/script>","yoast_head_json":{"title":"Momad Macht Tempo Bei Themen Wie Nachhaltigkeit & Inklusion","description":"Die Momad, das wichtigste professionelle Modeereignis in S\u00fcdeuropa, wird zum Zentrum der neuesten Trends in den Bereichen Mode, Schuhe...","robots":{"index":"index","follow":"follow","max-snippet":"max-snippet:-1","max-image-preview":"max-image-preview:large","max-video-preview":"max-video-preview:-1"},"canonical":"https:\/\/luxiders.com\/de\/momad-macht-tempo-bei-themen-wie-nachhaltigkeit-und-inklusion\/","og_locale":"de_DE","og_type":"article","og_title":"Momad Macht Tempo Bei Themen Wie Nachhaltigkeit & Inklusion","og_description":"Die Momad, das wichtigste professionelle Modeereignis in S\u00fcdeuropa, wird zum Zentrum der neuesten Trends in den Bereichen Mode, Schuhe...","og_url":"https:\/\/luxiders.com\/de\/momad-macht-tempo-bei-themen-wie-nachhaltigkeit-und-inklusion\/","og_site_name":"Sustainable Fashion - Eco Design - Healthy Lifestyle - Luxiders Magazine","article_published_time":"2023-09-12T15:17:00+00:00","article_modified_time":"2023-12-19T16:31:23+00:00","og_image":[{"width":1667,"height":1123,"url":"https:\/\/luxiders.com\/content\/uploads\/Momad_fulmarix.jpeg","type":"image\/jpeg"}],"author":"luxiders","twitter_card":"summary_large_image","twitter_misc":{"Verfasst von":"luxiders"},"schema":{"@context":"https:\/\/schema.org","@graph":[{"@type":"Article","@id":"https:\/\/luxiders.com\/de\/momad-macht-tempo-bei-themen-wie-nachhaltigkeit-und-inklusion\/#article","isPartOf":{"@id":"https:\/\/luxiders.com\/de\/momad-macht-tempo-bei-themen-wie-nachhaltigkeit-und-inklusion\/"},"author":{"name":"luxiders","@id":"https:\/\/luxiders.com\/de\/#\/schema\/person\/8632fa702ae2ce98f66c396254633de8"},"headline":"Momad Macht Tempo Bei Themen Wie Nachhaltigkeit Und Inklusion","datePublished":"2023-09-12T15:17:00+00:00","dateModified":"2023-12-19T16:31:23+00:00","mainEntityOfPage":{"@id":"https:\/\/luxiders.com\/de\/momad-macht-tempo-bei-themen-wie-nachhaltigkeit-und-inklusion\/"},"wordCount":9,"publisher":{"@id":"https:\/\/luxiders.com\/de\/#organization"},"image":{"@id":"https:\/\/luxiders.com\/de\/momad-macht-tempo-bei-themen-wie-nachhaltigkeit-und-inklusion\/#primaryimage"},"thumbnailUrl":"https:\/\/luxiders.com\/content\/uploads\/Momad_fulmarix.jpeg","keywords":["Madrid","Momad","Momad Madrid","sustainable fashion","sustainable fashion event"],"articleSection":["Mode"],"inLanguage":"de"},{"@type":"WebPage","@id":"https:\/\/luxiders.com\/de\/momad-macht-tempo-bei-themen-wie-nachhaltigkeit-und-inklusion\/","url":"https:\/\/luxiders.com\/de\/momad-macht-tempo-bei-themen-wie-nachhaltigkeit-und-inklusion\/","name":"Momad Macht Tempo Bei Themen Wie Nachhaltigkeit & Inklusion","isPartOf":{"@id":"https:\/\/luxiders.com\/de\/#website"},"primaryImageOfPage":{"@id":"https:\/\/luxiders.com\/de\/momad-macht-tempo-bei-themen-wie-nachhaltigkeit-und-inklusion\/#primaryimage"},"image":{"@id":"https:\/\/luxiders.com\/de\/momad-macht-tempo-bei-themen-wie-nachhaltigkeit-und-inklusion\/#primaryimage"},"thumbnailUrl":"https:\/\/luxiders.com\/content\/uploads\/Momad_fulmarix.jpeg","datePublished":"2023-09-12T15:17:00+00:00","dateModified":"2023-12-19T16:31:23+00:00","description":"Die Momad, das wichtigste professionelle Modeereignis in S\u00fcdeuropa, wird zum Zentrum der neuesten Trends in den Bereichen Mode, Schuhe...","breadcrumb":{"@id":"https:\/\/luxiders.com\/de\/momad-macht-tempo-bei-themen-wie-nachhaltigkeit-und-inklusion\/#breadcrumb"},"inLanguage":"de","potentialAction":[{"@type":"ReadAction","target":["https:\/\/luxiders.com\/de\/momad-macht-tempo-bei-themen-wie-nachhaltigkeit-und-inklusion\/"]}]},{"@type":"ImageObject","inLanguage":"de","@id":"https:\/\/luxiders.com\/de\/momad-macht-tempo-bei-themen-wie-nachhaltigkeit-und-inklusion\/#primaryimage","url":"https:\/\/luxiders.com\/content\/uploads\/Momad_fulmarix.jpeg","contentUrl":"https:\/\/luxiders.com\/content\/uploads\/Momad_fulmarix.jpeg","width":1667,"height":1123,"caption":"Momad"},{"@type":"BreadcrumbList","@id":"https:\/\/luxiders.com\/de\/momad-macht-tempo-bei-themen-wie-nachhaltigkeit-und-inklusion\/#breadcrumb","itemListElement":[{"@type":"ListItem","position":1,"name":"Startseite","item":"https:\/\/luxiders.com\/de\/"},{"@type":"ListItem","position":2,"name":"Mode","item":"https:\/\/luxiders.com\/de\/Katregorie\/nachhaltig-luxus-mode\/"},{"@type":"ListItem","position":3,"name":"Momad Macht Tempo Bei Themen Wie Nachhaltigkeit Und Inklusion"}]},{"@type":"WebSite","@id":"https:\/\/luxiders.com\/de\/#website","url":"https:\/\/luxiders.com\/de\/","name":"Sustainable Fashion - Eco Design - Healthy Lifestyle - Luxiders Magazine","description":"Luxiders is a sustainable luxury magazine highlighting the best stories about sustainable fashion, ethical fashion, eco-friendly design, green design, sustainable travel, natural beauty, organic beauty and healthy lifestyle. Know the best high-end, progressive and luxury sustainable brands and designers worldwide.","publisher":{"@id":"https:\/\/luxiders.com\/de\/#organization"},"potentialAction":[{"@type":"SearchAction","target":{"@type":"EntryPoint","urlTemplate":"https:\/\/luxiders.com\/de\/?s={search_term_string}"},"query-input":{"@type":"PropertyValueSpecification","valueRequired":true,"valueName":"search_term_string"}}],"inLanguage":"de"},{"@type":"Organization","@id":"https:\/\/luxiders.com\/de\/#organization","name":"Sustainable Fashion - Eco Design - Healthy Lifestyle - Luxiders Magazine","url":"https:\/\/luxiders.com\/de\/","logo":{"@type":"ImageObject","inLanguage":"de","@id":"https:\/\/luxiders.com\/de\/#\/schema\/logo\/image\/","url":"https:\/\/luxiders.com\/content\/uploads\/lux-logo.svg","contentUrl":"https:\/\/luxiders.com\/content\/uploads\/lux-logo.svg","caption":"Sustainable Fashion - Eco Design - Healthy Lifestyle - Luxiders Magazine"},"image":{"@id":"https:\/\/luxiders.com\/de\/#\/schema\/logo\/image\/"}},{"@type":"Person","@id":"https:\/\/luxiders.com\/de\/#\/schema\/person\/8632fa702ae2ce98f66c396254633de8","name":"luxiders","url":"https:\/\/luxiders.com\/de\/author\/luxiders\/"}]}},"_links":{"self":[{"href":"https:\/\/luxiders.com\/de\/wp-json\/wp\/v2\/posts\/26296","targetHints":{"allow":["GET"]}}],"collection":[{"href":"https:\/\/luxiders.com\/de\/wp-json\/wp\/v2\/posts"}],"about":[{"href":"https:\/\/luxiders.com\/de\/wp-json\/wp\/v2\/types\/post"}],"author":[{"embeddable":true,"href":"https:\/\/luxiders.com\/de\/wp-json\/wp\/v2\/users\/2"}],"replies":[{"embeddable":true,"href":"https:\/\/luxiders.com\/de\/wp-json\/wp\/v2\/comments?post=26296"}],"version-history":[{"count":2,"href":"https:\/\/luxiders.com\/de\/wp-json\/wp\/v2\/posts\/26296\/revisions"}],"predecessor-version":[{"id":26313,"href":"https:\/\/luxiders.com\/de\/wp-json\/wp\/v2\/posts\/26296\/revisions\/26313"}],"wp:featuredmedia":[{"embeddable":true,"href":"https:\/\/luxiders.com\/de\/wp-json\/wp\/v2\/media\/26302"}],"wp:attachment":[{"href":"https:\/\/luxiders.com\/de\/wp-json\/wp\/v2\/media?parent=26296"}],"wp:term":[{"taxonomy":"category","embeddable":true,"href":"https:\/\/luxiders.com\/de\/wp-json\/wp\/v2\/categories?post=26296"},{"taxonomy":"post_tag","embeddable":true,"href":"https:\/\/luxiders.com\/de\/wp-json\/wp\/v2\/tags?post=26296"}],"curies":[{"name":"wp","href":"https:\/\/api.w.org\/{rel}","templated":true}]}}