{"id":29894,"date":"2023-12-19T17:19:00","date_gmt":"2023-12-19T16:19:00","guid":{"rendered":"http:\/\/luxiders.com.w01cc729.kasserver.com\/?p=29894"},"modified":"2024-03-11T17:04:17","modified_gmt":"2024-03-11T16:04:17","slug":"entdecke-die-modetrends-fruehjahr-sommer-2025-der-texworld-evolution-paris","status":"publish","type":"post","link":"https:\/\/luxiders.com\/de\/entdecke-die-modetrends-fruehjahr-sommer-2025-der-texworld-evolution-paris\/","title":{"rendered":"Entdecke Die Modetrends Fr\u00fchjahr-Sommer 2025 Der Texworld Evolution Paris"},"content":{"rendered":"    <section id=\"textblock-block_9694e43633104521407fba04b8750923\" class=\"section position-relative gp-block gp-textblock pt-0 pb-0\">\n        <div class=\"container\">\n            <div class=\"row g-0\">\n                <div class=\"col-lg-12 content\" data-aos=\"fade-in\" data-aos-duration=\"1000\">\n                                                                                    <div class=\"intro \">\n                            <p>&nbsp;<\/p>\n<p style=\"text-align: center;\">Das kommende Trendbuch f\u00fcr Fr\u00fchjahr-Sommer 2025 von Texworld Evolution Paris mit dem Titel &#8222;Veritas&#8220; wird durch den Einsatz von k\u00fcnstlicher Intelligenz (KI) die Geschichte der Mode neu gestalten. Abgesehen von Stammeseinfl\u00fcssen umarmen diese Trends eine Welt, in der jedes Individuum seine einzigartigen Wahrheiten verteidigt. Entdecke diese Themenwelten auf der n\u00e4chsten Texworld Evolution Paris, die vom 5. bis 7. Februar 2024 im Parc des Expositions, Porte de Versailles, stattfinden wird.<\/p>\n                        <\/div>\n                                                                                                <\/div>\n            <\/div>\n        <\/div>\n    <\/section>\n    \n\n    <section id=\"newsletter-block_8f39a6e04610e4934487ec92c86da534\" class=\"section position-relative gp-block gp-newsletter pt-0 pb-0 my-5\">\n        <div class=\"container\">\n            <div class=\"row g-0 pt-4 pb-3\">\n                <div class=\"col-lg-12 content text-center border pt-3\" data-aos=\"fade-in\" data-aos-duration=\"1000\">\n                                            <p><em>Um den Luxiders Newsletter zu erhalten,\u00a0<a href=\"https:\/\/landing.mailerlite.com\/webforms\/landing\/g1u8s7\">melde dich hier an<\/a>.<\/em><\/p>\n                                    <\/div>\n            <\/div>\n        <\/div>\n    <\/section>\n    \n\n    <section id=\"textblock-block_9b6fbcb9988e7accdad62d42db1d9b0a\" class=\"section position-relative gp-block gp-textblock pt-0 pb-0\">\n        <div class=\"container\">\n            <div class=\"row g-0\">\n                <div class=\"col-lg-12 content\" data-aos=\"fade-in\" data-aos-duration=\"1000\">\n                                                                                <p>&nbsp;<\/p>\n<p>Louis G\u00e9rin und Gr\u00e9gory Lamaud, die artistic directors von\u00a0<a href=\"https:\/\/texworld-paris.fr.messefrankfurt.com\/paris\/en.html\" target=\"_blank\" rel=\"noopener\">Texworld Evolution Paris<\/a>, haben k\u00fcnstliche Intelligenz (KI) genutzt, um &#8222;Veritas&#8220; zu erstellen, ein Trendbuch, das die kommende Fr\u00fchjahr-Sommer-Mode-Landschaft des Jahres 2025 vorhersagt. Sie haben eine Story entwickelt, die die pers\u00f6nlichen Interpretationen der zuk\u00fcnftigen Menschheit erforscht, wie sie sich in unserer Garderobe und unserem Engagement f\u00fcr unsere subjektiven Wahrheiten widerspiegeln. Das Buch ist in vier thematische Welten gegliedert: Glaube, Immanenz, Wissen und Erfahrung. Besucher:innen k\u00f6nnen diese Welten auf zwei Trendforen erkunden: eines auf der Texworld Paris f\u00fcr Stoffe und eines auf der Apparel Sourcing Paris f\u00fcr Fertigprodukte (neu ab Februar 2024).<\/p>\n<p>&nbsp;<\/p>\n<p>&nbsp;<\/p>\n                                                        <\/div>\n            <\/div>\n        <\/div>\n    <\/section>\n    \n\n    <section id=\"media-block_fa230137abd189c155ed452d6eee4e3f\" class=\"section position-relative gp-block gp-media pt-0 pb-0\">\n        <div class=\"container\">\n            <div class=\"row g-0\">\n                <div class=\"col-lg-12 content\" data-aos=\"fade-in\" data-aos-duration=\"1000\">\n                                                                            <\/div>\n            <\/div>\n            <div class=\"row g-0\">\n                <div class=\"col-lg-6 \">\n                                                                                                                                                <figure class=\"mb-4 pt-lg-4 mb-lg-4 ps-lg-0 pe-lg-3\" data-aos=\"fade-up\" data-aos-duration=\"1000\"><div class=\"img-container\"><img loading=\"lazy\" decoding=\"async\" width=\"1200\" height=\"1683\" src=\"https:\/\/luxiders.com\/content\/uploads\/veritas.1.jpg\" class=\"img-fluid w-100\" alt=\"\" srcset=\"https:\/\/luxiders.com\/content\/uploads\/veritas.1.jpg 1200w, https:\/\/luxiders.com\/content\/uploads\/veritas.1-214x300.jpg 214w, https:\/\/luxiders.com\/content\/uploads\/veritas.1-730x1024.jpg 730w, https:\/\/luxiders.com\/content\/uploads\/veritas.1-768x1077.jpg 768w, https:\/\/luxiders.com\/content\/uploads\/veritas.1-1095x1536.jpg 1095w\" sizes=\"(max-width: 1200px) 100vw, 1200px\" \/><\/div><figcaption>BELIEF \u00a9 Lena Ekert<\/figcaption><\/figure>                                                                                            <\/div>\n                                    <div class=\"col-lg-6\">\n                                                                                                                                                        <figure class=\"mb-4 pt-lg-4 mb-lg-4 ps-lg-3 pe-lg-0\" data-aos=\"fade-up\" data-aos-duration=\"1000\"><div class=\"img-container\"><img loading=\"lazy\" decoding=\"async\" width=\"800\" height=\"975\" src=\"https:\/\/luxiders.com\/content\/uploads\/veritas.2.jpg\" class=\"img-fluid w-100\" alt=\"\" srcset=\"https:\/\/luxiders.com\/content\/uploads\/veritas.2.jpg 800w, https:\/\/luxiders.com\/content\/uploads\/veritas.2-246x300.jpg 246w, https:\/\/luxiders.com\/content\/uploads\/veritas.2-768x936.jpg 768w\" sizes=\"(max-width: 800px) 100vw, 800px\" \/><\/div><figcaption>IMMANENCE \u00a9 David Deweerdt<\/figcaption><\/figure>                                                                                                        <\/div>\n                                            <\/div>\n        <\/div>\n    <\/section>\n    \n\n    <section id=\"textblock-block_c48fa91743e0e4da4cd1ff75bae58813\" class=\"section position-relative gp-block gp-textblock pt-0 pb-0\">\n        <div class=\"container\">\n            <div class=\"row g-0\">\n                <div class=\"col-lg-12 content\" data-aos=\"fade-in\" data-aos-duration=\"1000\">\n                                                                                <h2><\/h2>\n<h2>DIE 4 THEMEN VON &#8222;VERITAS&#8220;<\/h2>\n<h3>GLAUBE<\/h3>\n<p>Das erste Thema, &#8222;Glaube&#8220;, steht f\u00fcr Eleganz und Diskretion. Es scheut sich vor Durchsetzungsverm\u00f6gen und ist eher introvertiert. Es dr\u00fcckt sich durch ruhige Farbtemperaturen aus, die von konservativen, mineralischen Gr\u00fcn- und Blaut\u00f6nen dominiert werden. Die Texturen vermitteln ein Gef\u00fchl von Materie und Schwingungen und schaffen einen harmonischen Rahmen.<\/p>\n<p>&nbsp;<\/p>\n<h3>IMMANENZ<\/h3>\n<p>Zweitens: Immanenz ist immer noch konservativ und mystisch, nimmt aber eine sichtbarere Haltung ein. Es zeigt ein redseliges &#8222;Bohemian-Chic&#8220;-Universum, das neue Regeln f\u00fcr unser gemeinsames Leben aufstellt. Mit einem relativ zynischen Ansatz stellt es fest: &#8222;Das sind die neuen Regeln f\u00fcr unser gemeinsames Leben. Man muss mit ihnen leben&#8220;. Die ausdrucksstarke und w\u00e4rmere Farbpalette findet ihren Ausdruck in Strickwaren oder Stickereistoffen mit Relief oder mattiertem Aussehen.<\/p>\n<p>&nbsp;<\/p>\n<h3>WISSEN<\/h3>\n<p>Anders als bei ihren Pendants geht es bei &#8222;Wissen&#8220; um Selbstbest\u00e4tigung. Klassische Inspirationsquellen wie Natur, Pflanzen und Blumen sollen radikal umgestaltet werden. Kr\u00e4ftige, kontrastreiche Farben werden auf futuristische Texturen aufgetragen, darunter zerknitterte, fl\u00fcssige oder transparente Materialien.<\/p>\n<p>&nbsp;<\/p>\n<h3>ERFAHRUNG<\/h3>\n<p>Die &#8222;Erfahrung&#8220; schlie\u00dflich ist der subjektiven Wahrheit am meisten verpflichtet. Sie fordert den Einzelnen auf, nur sich selbst zu vertrauen und aus pers\u00f6nlichen Erfahrungen zu lernen. Die dominanten, kr\u00e4ftigen Farben sollen die Aufmerksamkeit auf sich ziehen. S\u00e4uerliche und s\u00fc\u00dfe T\u00f6ne stehen im Vordergrund, ebenso wie Materialien, die an urbane oder sportliche Codes erinnern: Risse, gl\u00e4nzende Aspekte, Organisches (Second-Skin-Typ), aber auch Spitze und Transparenz.<\/p>\n<p>&nbsp;<\/p>\n                                                        <\/div>\n            <\/div>\n        <\/div>\n    <\/section>\n    \n\n    <section id=\"media-block_b502db915043d0520d441a0ebf95ee8e\" class=\"section position-relative gp-block gp-media pt-0 pb-0\">\n        <div class=\"container\">\n            <div class=\"row g-0\">\n                <div class=\"col-lg-12 content\" data-aos=\"fade-in\" data-aos-duration=\"1000\">\n                                                                            <\/div>\n            <\/div>\n            <div class=\"row g-0\">\n                <div class=\"col-lg-6 \">\n                                                                                                                                                <figure class=\"mb-4 pt-lg-7 mb-lg-4 ps-lg-0 pe-lg-4\" data-aos=\"fade-up\" data-aos-duration=\"1000\"><div class=\"img-container\"><img loading=\"lazy\" decoding=\"async\" width=\"800\" height=\"1066\" src=\"https:\/\/luxiders.com\/content\/uploads\/veritas.3.jpg\" class=\"img-fluid w-100\" alt=\"\" srcset=\"https:\/\/luxiders.com\/content\/uploads\/veritas.3.jpg 800w, https:\/\/luxiders.com\/content\/uploads\/veritas.3-225x300.jpg 225w, https:\/\/luxiders.com\/content\/uploads\/veritas.3-768x1023.jpg 768w\" sizes=\"(max-width: 800px) 100vw, 800px\" \/><\/div><figcaption>KNOWLEDGE \u00a9 Pneuhaus<\/figcaption><\/figure>                                                                                            <\/div>\n                                    <div class=\"col-lg-6\">\n                                                                                                                                                        <figure class=\"mb-4 pt-lg-4 mb-lg-7 ps-lg-4 pe-lg-0\" data-aos=\"fade-up\" data-aos-duration=\"1000\"><div class=\"img-container\"><img loading=\"lazy\" decoding=\"async\" width=\"800\" height=\"996\" src=\"https:\/\/luxiders.com\/content\/uploads\/veritas.4.jpg\" class=\"img-fluid w-100\" alt=\"\" srcset=\"https:\/\/luxiders.com\/content\/uploads\/veritas.4.jpg 800w, https:\/\/luxiders.com\/content\/uploads\/veritas.4-241x300.jpg 241w, https:\/\/luxiders.com\/content\/uploads\/veritas.4-768x956.jpg 768w\" sizes=\"(max-width: 800px) 100vw, 800px\" \/><\/div><figcaption>EXPERIENCE \u00a9 Dasha Plesen<\/figcaption><\/figure>                                                                                                        <\/div>\n                                            <\/div>\n        <\/div>\n    <\/section>\n    \n\n    <section id=\"textblock-block_431938b42b9c553c42731646bd4fc42a\" class=\"section position-relative gp-block gp-textblock pt-0 pb-0\">\n        <div class=\"container\">\n            <div class=\"row g-0\">\n                <div class=\"col-lg-12 content\" data-aos=\"fade-in\" data-aos-duration=\"1000\">\n                                                                                <h3><\/h3>\n<h3>EINE VERSCHMELZUNG VON KI UND KUNST<\/h3>\n<p>Zum ersten Mal integrieren die Artistic Directors Elemente der k\u00fcnstlichen Intelligenz in den kreativen Prozess. Mithilfe von KI analysiert &#8222;Veritas&#8220; die aufkommenden Signale in k\u00fcnstlerischen, wirtschaftlichen und sozialen Bereichen. Das Ergebnis ist eine fesselnde Mischung aus traditioneller Handwerkskunst und modernster Technologie. Die Direktoren glauben, dass unsere Garderobe eine &#8222;Wahrheit&#8220; widerspiegelt. Angesichts des modernen Paradoxons von Wachstum und Nachhaltigkeit bringt jeder von uns seine eigene Vision der Welt zum Ausdruck.<\/p>\n<p>Weitere Informationen findest du in unseren fr\u00fcheren Artikeln \u00fcber die Texworld Evolution Paris:<\/p>\n<p>&nbsp;<\/p>\n<ul>\n<li><a href=\"https:\/\/luxiders.com\/texworld-evolution-surprises-with-a-beautifully-curated-big-show\/\">Texworld Evolution Surprises With A Beautifully Curated Big Show<\/a><\/li>\n<li><a href=\"https:\/\/luxiders.com\/texworld-evolution-ready-to-celebrate-its-25th-anniversary-with-a-focus-on-sustainability\/\">Texworld Evolution Will Celebrate Its 25th Anniversary With A Focus On Sustainability<\/a><\/li>\n<li><a href=\"https:\/\/luxiders.com\/texworld-evolution-paris-vision-future-synergies\/\">Texworld Evolution Paris | The Vision Of Future Synergies<\/a><\/li>\n<\/ul>\n                                                        <\/div>\n            <\/div>\n        <\/div>\n    <\/section>\n    \n\n    <section id=\"textblock-block_33e9f5c377cc97e2ed9496e274cc1e2b\" class=\"section position-relative gp-block gp-textblock pt-0 pb-0\">\n        <div class=\"container\">\n            <div class=\"row g-0\">\n                <div class=\"col-lg-12 content\" data-aos=\"fade-in\" data-aos-duration=\"1000\">\n                                                                                <p>&nbsp;<\/p>\n<p style=\"text-align: center;\"><strong><i>Highlight Image:<br \/>\nLena Ekert, @lena.ekert &#8211; Tweeter @BreathlesssAsh<br \/>\n<\/i><\/strong><\/p>\n<p style=\"text-align: center;\"><strong><em>+ Words:<br \/>\n<\/em><\/strong><strong><em>Francesco Witt<br \/>\nLuxiders Magazine<\/em><\/strong><\/p>\n<p>&nbsp;<\/p>\n<p>&nbsp;<\/p>\n                                                        <\/div>\n            <\/div>\n        <\/div>\n    <\/section>\n    ","protected":false},"excerpt":{"rendered":"","protected":false},"author":7,"featured_media":29896,"comment_status":"closed","ping_status":"closed","sticky":false,"template":"","format":"standard","meta":{"_acf_changed":false,"footnotes":""},"categories":[2727,1194],"tags":[5533,5531,5530,5532,5529,5186,5187,8197],"class_list":{"0":"post-29894","1":"post","2":"type-post","3":"status-publish","4":"format-standard","5":"has-post-thumbnail","7":"category-lifestyle","8":"category-nachhaltig-luxus-mode","9":"tag-dasha-plesen-2","10":"tag-david-deweerdt-2","11":"tag-lena-ekert-2","12":"tag-pneuhaus-2","13":"tag-ss25-2","14":"tag-texworld-de","15":"tag-texworld-evolution-de","16":"tag-texworld-evolution-paris-3"},"acf":[],"yoast_head":"<title>Entdecke Modetrends Fr\u00fchjahrSommer 2025 Der Texworld Evolution Paris<\/title>\n<meta name=\"description\" content=\"Das neue Trendbuch f\u00fcr Fr\u00fchjahrSommer 2025 von Texworld Evolution Paris wird durch den Einsatz von KI die Geschichte der Mode neu gestalten.\" \/>\n<meta name=\"robots\" content=\"index, follow, max-snippet:-1, max-image-preview:large, max-video-preview:-1\" \/>\n<link rel=\"canonical\" href=\"https:\/\/luxiders.com\/de\/entdecke-die-modetrends-fruehjahr-sommer-2025-der-texworld-evolution-paris\/\" \/>\n<meta property=\"og:locale\" content=\"de_DE\" \/>\n<meta property=\"og:type\" content=\"article\" \/>\n<meta property=\"og:title\" content=\"Entdecke Modetrends Fr\u00fchjahrSommer 2025 Der Texworld Evolution Paris\" \/>\n<meta property=\"og:description\" content=\"Das neue Trendbuch f\u00fcr Fr\u00fchjahrSommer 2025 von Texworld Evolution Paris wird durch den Einsatz von KI die Geschichte der Mode neu gestalten.\" \/>\n<meta property=\"og:url\" content=\"https:\/\/luxiders.com\/de\/entdecke-die-modetrends-fruehjahr-sommer-2025-der-texworld-evolution-paris\/\" \/>\n<meta property=\"og:site_name\" content=\"Sustainable Fashion - Eco Design - Healthy Lifestyle - Luxiders Magazine\" \/>\n<meta property=\"article:published_time\" content=\"2023-12-19T16:19:00+00:00\" \/>\n<meta property=\"article:modified_time\" content=\"2024-03-11T16:04:17+00:00\" \/>\n<meta property=\"og:image\" content=\"https:\/\/luxiders.com\/content\/uploads\/veritas.1.jpg\" \/>\n\t<meta property=\"og:image:width\" content=\"1200\" \/>\n\t<meta property=\"og:image:height\" content=\"1683\" \/>\n\t<meta property=\"og:image:type\" content=\"image\/jpeg\" \/>\n<meta name=\"author\" content=\"Francesco Witt\" \/>\n<meta name=\"twitter:card\" content=\"summary_large_image\" \/>\n<meta name=\"twitter:label1\" content=\"Verfasst von\" \/>\n\t<meta name=\"twitter:data1\" content=\"Francesco Witt\" \/>\n\t<meta name=\"twitter:label2\" content=\"Gesch\u00e4tzte Lesezeit\" \/>\n\t<meta name=\"twitter:data2\" content=\"4\u00a0Minuten\" \/>\n<script type=\"application\/ld+json\" class=\"yoast-schema-graph\">{\"@context\":\"https:\/\/schema.org\",\"@graph\":[{\"@type\":\"Article\",\"@id\":\"https:\/\/luxiders.com\/de\/entdecke-die-modetrends-fruehjahr-sommer-2025-der-texworld-evolution-paris\/#article\",\"isPartOf\":{\"@id\":\"https:\/\/luxiders.com\/de\/entdecke-die-modetrends-fruehjahr-sommer-2025-der-texworld-evolution-paris\/\"},\"author\":{\"name\":\"Francesco Witt\",\"@id\":\"https:\/\/luxiders.com\/de\/#\/schema\/person\/bbbb649b140cdcd4e6a1227572b533fd\"},\"headline\":\"Entdecke Die Modetrends Fr\u00fchjahr-Sommer 2025 Der Texworld Evolution Paris\",\"datePublished\":\"2023-12-19T16:19:00+00:00\",\"dateModified\":\"2024-03-11T16:04:17+00:00\",\"mainEntityOfPage\":{\"@id\":\"https:\/\/luxiders.com\/de\/entdecke-die-modetrends-fruehjahr-sommer-2025-der-texworld-evolution-paris\/\"},\"wordCount\":9,\"publisher\":{\"@id\":\"https:\/\/luxiders.com\/de\/#organization\"},\"image\":{\"@id\":\"https:\/\/luxiders.com\/de\/entdecke-die-modetrends-fruehjahr-sommer-2025-der-texworld-evolution-paris\/#primaryimage\"},\"thumbnailUrl\":\"https:\/\/luxiders.com\/content\/uploads\/veritas.1.jpg\",\"keywords\":[\"Dasha Plesen\",\"David Deweerdt\",\"Lena Ekert\",\"Pneuhaus\",\"SS25\",\"Texworld\",\"Texworld Evolution\",\"Texworld Evolution Paris\"],\"articleSection\":[\"lifestyle\",\"Mode\"],\"inLanguage\":\"de\"},{\"@type\":\"WebPage\",\"@id\":\"https:\/\/luxiders.com\/de\/entdecke-die-modetrends-fruehjahr-sommer-2025-der-texworld-evolution-paris\/\",\"url\":\"https:\/\/luxiders.com\/de\/entdecke-die-modetrends-fruehjahr-sommer-2025-der-texworld-evolution-paris\/\",\"name\":\"Entdecke Modetrends Fr\u00fchjahrSommer 2025 Der Texworld Evolution Paris\",\"isPartOf\":{\"@id\":\"https:\/\/luxiders.com\/de\/#website\"},\"primaryImageOfPage\":{\"@id\":\"https:\/\/luxiders.com\/de\/entdecke-die-modetrends-fruehjahr-sommer-2025-der-texworld-evolution-paris\/#primaryimage\"},\"image\":{\"@id\":\"https:\/\/luxiders.com\/de\/entdecke-die-modetrends-fruehjahr-sommer-2025-der-texworld-evolution-paris\/#primaryimage\"},\"thumbnailUrl\":\"https:\/\/luxiders.com\/content\/uploads\/veritas.1.jpg\",\"datePublished\":\"2023-12-19T16:19:00+00:00\",\"dateModified\":\"2024-03-11T16:04:17+00:00\",\"description\":\"Das neue Trendbuch f\u00fcr Fr\u00fchjahrSommer 2025 von Texworld Evolution Paris wird durch den Einsatz von KI die Geschichte der Mode neu gestalten.\",\"breadcrumb\":{\"@id\":\"https:\/\/luxiders.com\/de\/entdecke-die-modetrends-fruehjahr-sommer-2025-der-texworld-evolution-paris\/#breadcrumb\"},\"inLanguage\":\"de\",\"potentialAction\":[{\"@type\":\"ReadAction\",\"target\":[\"https:\/\/luxiders.com\/de\/entdecke-die-modetrends-fruehjahr-sommer-2025-der-texworld-evolution-paris\/\"]}]},{\"@type\":\"ImageObject\",\"inLanguage\":\"de\",\"@id\":\"https:\/\/luxiders.com\/de\/entdecke-die-modetrends-fruehjahr-sommer-2025-der-texworld-evolution-paris\/#primaryimage\",\"url\":\"https:\/\/luxiders.com\/content\/uploads\/veritas.1.jpg\",\"contentUrl\":\"https:\/\/luxiders.com\/content\/uploads\/veritas.1.jpg\",\"width\":1200,\"height\":1683,\"caption\":\"BELIEF \u00a9 Lena Ekert\"},{\"@type\":\"BreadcrumbList\",\"@id\":\"https:\/\/luxiders.com\/de\/entdecke-die-modetrends-fruehjahr-sommer-2025-der-texworld-evolution-paris\/#breadcrumb\",\"itemListElement\":[{\"@type\":\"ListItem\",\"position\":1,\"name\":\"Startseite\",\"item\":\"https:\/\/luxiders.com\/de\/\"},{\"@type\":\"ListItem\",\"position\":2,\"name\":\"Mode\",\"item\":\"https:\/\/luxiders.com\/de\/Katregorie\/nachhaltig-luxus-mode\/\"},{\"@type\":\"ListItem\",\"position\":3,\"name\":\"Entdecke Die Modetrends Fr\u00fchjahr-Sommer 2025 Der Texworld Evolution Paris\"}]},{\"@type\":\"WebSite\",\"@id\":\"https:\/\/luxiders.com\/de\/#website\",\"url\":\"https:\/\/luxiders.com\/de\/\",\"name\":\"Sustainable Fashion - Eco Design - Healthy Lifestyle - Luxiders Magazine\",\"description\":\"Luxiders is a sustainable luxury magazine highlighting the best stories about sustainable fashion, ethical fashion, eco-friendly design, green design, sustainable travel, natural beauty, organic beauty and healthy lifestyle. Know the best high-end, progressive and luxury sustainable brands and designers worldwide.\",\"publisher\":{\"@id\":\"https:\/\/luxiders.com\/de\/#organization\"},\"potentialAction\":[{\"@type\":\"SearchAction\",\"target\":{\"@type\":\"EntryPoint\",\"urlTemplate\":\"https:\/\/luxiders.com\/de\/?s={search_term_string}\"},\"query-input\":{\"@type\":\"PropertyValueSpecification\",\"valueRequired\":true,\"valueName\":\"search_term_string\"}}],\"inLanguage\":\"de\"},{\"@type\":\"Organization\",\"@id\":\"https:\/\/luxiders.com\/de\/#organization\",\"name\":\"Sustainable Fashion - Eco Design - Healthy Lifestyle - Luxiders Magazine\",\"url\":\"https:\/\/luxiders.com\/de\/\",\"logo\":{\"@type\":\"ImageObject\",\"inLanguage\":\"de\",\"@id\":\"https:\/\/luxiders.com\/de\/#\/schema\/logo\/image\/\",\"url\":\"https:\/\/luxiders.com\/content\/uploads\/lux-logo.svg\",\"contentUrl\":\"https:\/\/luxiders.com\/content\/uploads\/lux-logo.svg\",\"caption\":\"Sustainable Fashion - Eco Design - Healthy Lifestyle - Luxiders Magazine\"},\"image\":{\"@id\":\"https:\/\/luxiders.com\/de\/#\/schema\/logo\/image\/\"}},{\"@type\":\"Person\",\"@id\":\"https:\/\/luxiders.com\/de\/#\/schema\/person\/bbbb649b140cdcd4e6a1227572b533fd\",\"name\":\"Francesco Witt\",\"url\":\"https:\/\/luxiders.com\/de\/author\/franscesco\/\"}]}<\/script>","yoast_head_json":{"title":"Entdecke Modetrends Fr\u00fchjahrSommer 2025 Der Texworld Evolution Paris","description":"Das neue Trendbuch f\u00fcr Fr\u00fchjahrSommer 2025 von Texworld Evolution Paris wird durch den Einsatz von KI die Geschichte der Mode neu gestalten.","robots":{"index":"index","follow":"follow","max-snippet":"max-snippet:-1","max-image-preview":"max-image-preview:large","max-video-preview":"max-video-preview:-1"},"canonical":"https:\/\/luxiders.com\/de\/entdecke-die-modetrends-fruehjahr-sommer-2025-der-texworld-evolution-paris\/","og_locale":"de_DE","og_type":"article","og_title":"Entdecke Modetrends Fr\u00fchjahrSommer 2025 Der Texworld Evolution Paris","og_description":"Das neue Trendbuch f\u00fcr Fr\u00fchjahrSommer 2025 von Texworld Evolution Paris wird durch den Einsatz von KI die Geschichte der Mode neu gestalten.","og_url":"https:\/\/luxiders.com\/de\/entdecke-die-modetrends-fruehjahr-sommer-2025-der-texworld-evolution-paris\/","og_site_name":"Sustainable Fashion - Eco Design - Healthy Lifestyle - Luxiders Magazine","article_published_time":"2023-12-19T16:19:00+00:00","article_modified_time":"2024-03-11T16:04:17+00:00","og_image":[{"width":1200,"height":1683,"url":"https:\/\/luxiders.com\/content\/uploads\/veritas.1.jpg","type":"image\/jpeg"}],"author":"Francesco Witt","twitter_card":"summary_large_image","twitter_misc":{"Verfasst von":"Francesco Witt","Gesch\u00e4tzte Lesezeit":"4\u00a0Minuten"},"schema":{"@context":"https:\/\/schema.org","@graph":[{"@type":"Article","@id":"https:\/\/luxiders.com\/de\/entdecke-die-modetrends-fruehjahr-sommer-2025-der-texworld-evolution-paris\/#article","isPartOf":{"@id":"https:\/\/luxiders.com\/de\/entdecke-die-modetrends-fruehjahr-sommer-2025-der-texworld-evolution-paris\/"},"author":{"name":"Francesco Witt","@id":"https:\/\/luxiders.com\/de\/#\/schema\/person\/bbbb649b140cdcd4e6a1227572b533fd"},"headline":"Entdecke Die Modetrends Fr\u00fchjahr-Sommer 2025 Der Texworld Evolution Paris","datePublished":"2023-12-19T16:19:00+00:00","dateModified":"2024-03-11T16:04:17+00:00","mainEntityOfPage":{"@id":"https:\/\/luxiders.com\/de\/entdecke-die-modetrends-fruehjahr-sommer-2025-der-texworld-evolution-paris\/"},"wordCount":9,"publisher":{"@id":"https:\/\/luxiders.com\/de\/#organization"},"image":{"@id":"https:\/\/luxiders.com\/de\/entdecke-die-modetrends-fruehjahr-sommer-2025-der-texworld-evolution-paris\/#primaryimage"},"thumbnailUrl":"https:\/\/luxiders.com\/content\/uploads\/veritas.1.jpg","keywords":["Dasha Plesen","David Deweerdt","Lena Ekert","Pneuhaus","SS25","Texworld","Texworld Evolution","Texworld Evolution Paris"],"articleSection":["lifestyle","Mode"],"inLanguage":"de"},{"@type":"WebPage","@id":"https:\/\/luxiders.com\/de\/entdecke-die-modetrends-fruehjahr-sommer-2025-der-texworld-evolution-paris\/","url":"https:\/\/luxiders.com\/de\/entdecke-die-modetrends-fruehjahr-sommer-2025-der-texworld-evolution-paris\/","name":"Entdecke Modetrends Fr\u00fchjahrSommer 2025 Der Texworld Evolution Paris","isPartOf":{"@id":"https:\/\/luxiders.com\/de\/#website"},"primaryImageOfPage":{"@id":"https:\/\/luxiders.com\/de\/entdecke-die-modetrends-fruehjahr-sommer-2025-der-texworld-evolution-paris\/#primaryimage"},"image":{"@id":"https:\/\/luxiders.com\/de\/entdecke-die-modetrends-fruehjahr-sommer-2025-der-texworld-evolution-paris\/#primaryimage"},"thumbnailUrl":"https:\/\/luxiders.com\/content\/uploads\/veritas.1.jpg","datePublished":"2023-12-19T16:19:00+00:00","dateModified":"2024-03-11T16:04:17+00:00","description":"Das neue Trendbuch f\u00fcr Fr\u00fchjahrSommer 2025 von Texworld Evolution Paris wird durch den Einsatz von KI die Geschichte der Mode neu gestalten.","breadcrumb":{"@id":"https:\/\/luxiders.com\/de\/entdecke-die-modetrends-fruehjahr-sommer-2025-der-texworld-evolution-paris\/#breadcrumb"},"inLanguage":"de","potentialAction":[{"@type":"ReadAction","target":["https:\/\/luxiders.com\/de\/entdecke-die-modetrends-fruehjahr-sommer-2025-der-texworld-evolution-paris\/"]}]},{"@type":"ImageObject","inLanguage":"de","@id":"https:\/\/luxiders.com\/de\/entdecke-die-modetrends-fruehjahr-sommer-2025-der-texworld-evolution-paris\/#primaryimage","url":"https:\/\/luxiders.com\/content\/uploads\/veritas.1.jpg","contentUrl":"https:\/\/luxiders.com\/content\/uploads\/veritas.1.jpg","width":1200,"height":1683,"caption":"BELIEF \u00a9 Lena Ekert"},{"@type":"BreadcrumbList","@id":"https:\/\/luxiders.com\/de\/entdecke-die-modetrends-fruehjahr-sommer-2025-der-texworld-evolution-paris\/#breadcrumb","itemListElement":[{"@type":"ListItem","position":1,"name":"Startseite","item":"https:\/\/luxiders.com\/de\/"},{"@type":"ListItem","position":2,"name":"Mode","item":"https:\/\/luxiders.com\/de\/Katregorie\/nachhaltig-luxus-mode\/"},{"@type":"ListItem","position":3,"name":"Entdecke Die Modetrends Fr\u00fchjahr-Sommer 2025 Der Texworld Evolution Paris"}]},{"@type":"WebSite","@id":"https:\/\/luxiders.com\/de\/#website","url":"https:\/\/luxiders.com\/de\/","name":"Sustainable Fashion - Eco Design - Healthy Lifestyle - Luxiders Magazine","description":"Luxiders is a sustainable luxury magazine highlighting the best stories about sustainable fashion, ethical fashion, eco-friendly design, green design, sustainable travel, natural beauty, organic beauty and healthy lifestyle. Know the best high-end, progressive and luxury sustainable brands and designers worldwide.","publisher":{"@id":"https:\/\/luxiders.com\/de\/#organization"},"potentialAction":[{"@type":"SearchAction","target":{"@type":"EntryPoint","urlTemplate":"https:\/\/luxiders.com\/de\/?s={search_term_string}"},"query-input":{"@type":"PropertyValueSpecification","valueRequired":true,"valueName":"search_term_string"}}],"inLanguage":"de"},{"@type":"Organization","@id":"https:\/\/luxiders.com\/de\/#organization","name":"Sustainable Fashion - Eco Design - Healthy Lifestyle - Luxiders Magazine","url":"https:\/\/luxiders.com\/de\/","logo":{"@type":"ImageObject","inLanguage":"de","@id":"https:\/\/luxiders.com\/de\/#\/schema\/logo\/image\/","url":"https:\/\/luxiders.com\/content\/uploads\/lux-logo.svg","contentUrl":"https:\/\/luxiders.com\/content\/uploads\/lux-logo.svg","caption":"Sustainable Fashion - Eco Design - Healthy Lifestyle - Luxiders Magazine"},"image":{"@id":"https:\/\/luxiders.com\/de\/#\/schema\/logo\/image\/"}},{"@type":"Person","@id":"https:\/\/luxiders.com\/de\/#\/schema\/person\/bbbb649b140cdcd4e6a1227572b533fd","name":"Francesco Witt","url":"https:\/\/luxiders.com\/de\/author\/franscesco\/"}]}},"_links":{"self":[{"href":"https:\/\/luxiders.com\/de\/wp-json\/wp\/v2\/posts\/29894","targetHints":{"allow":["GET"]}}],"collection":[{"href":"https:\/\/luxiders.com\/de\/wp-json\/wp\/v2\/posts"}],"about":[{"href":"https:\/\/luxiders.com\/de\/wp-json\/wp\/v2\/types\/post"}],"author":[{"embeddable":true,"href":"https:\/\/luxiders.com\/de\/wp-json\/wp\/v2\/users\/7"}],"replies":[{"embeddable":true,"href":"https:\/\/luxiders.com\/de\/wp-json\/wp\/v2\/comments?post=29894"}],"version-history":[{"count":3,"href":"https:\/\/luxiders.com\/de\/wp-json\/wp\/v2\/posts\/29894\/revisions"}],"predecessor-version":[{"id":42512,"href":"https:\/\/luxiders.com\/de\/wp-json\/wp\/v2\/posts\/29894\/revisions\/42512"}],"wp:featuredmedia":[{"embeddable":true,"href":"https:\/\/luxiders.com\/de\/wp-json\/wp\/v2\/media\/29896"}],"wp:attachment":[{"href":"https:\/\/luxiders.com\/de\/wp-json\/wp\/v2\/media?parent=29894"}],"wp:term":[{"taxonomy":"category","embeddable":true,"href":"https:\/\/luxiders.com\/de\/wp-json\/wp\/v2\/categories?post=29894"},{"taxonomy":"post_tag","embeddable":true,"href":"https:\/\/luxiders.com\/de\/wp-json\/wp\/v2\/tags?post=29894"}],"curies":[{"name":"wp","href":"https:\/\/api.w.org\/{rel}","templated":true}]}}