{"id":30192,"date":"2024-01-03T09:43:00","date_gmt":"2024-01-03T08:43:00","guid":{"rendered":"http:\/\/luxiders.com.w01cc729.kasserver.com\/?p=30192"},"modified":"2024-03-15T14:49:36","modified_gmt":"2024-03-15T13:49:36","slug":"fashn-rooms-und-neonyt-duesseldorf-treffen-aufeinander","status":"publish","type":"post","link":"https:\/\/luxiders.com\/de\/fashn-rooms-und-neonyt-duesseldorf-treffen-aufeinander\/","title":{"rendered":"FASHN ROOMS Und Neonyt D\u00fcsseldorf Treffen Aufeinander"},"content":{"rendered":"    <section id=\"textblock-block_5849b21f108c1351a8ec3a8618156436\" class=\"section position-relative gp-block gp-textblock pt-0 pb-0\">\n        <div class=\"container\">\n            <div class=\"row g-0\">\n                <div class=\"col-lg-12 content\" data-aos=\"fade-in\" data-aos-duration=\"1000\">\n                                                                                    <div class=\"intro \">\n                            <p>&nbsp;<\/p>\n<p style=\"text-align: center;\">Es w\u00e4chst zusammen, was zusammen geh\u00f6rt &#8211; der Mix macht die Veranstaltungen besonders. Im Januar 2024 werden FASHN ROOMS und Neonyt D\u00fcsseldorf zum ersten Mal in den historischen Alten Schmiedehallen zusammenkommen.<\/p>\n                        <\/div>\n                                                                                                <\/div>\n            <\/div>\n        <\/div>\n    <\/section>\n    \n\n    <section id=\"newsletter-block_c83ad5f234126277c2d7fe64bee6e9ab\" class=\"section position-relative gp-block gp-newsletter pt-0 pb-0 my-5\">\n        <div class=\"container\">\n            <div class=\"row g-0 pt-4 pb-3\">\n                <div class=\"col-lg-12 content text-center border pt-3\" data-aos=\"fade-in\" data-aos-duration=\"1000\">\n                                            <p><em>Um den Luxiders Newsletter zu erhalten,\u00a0<a href=\"https:\/\/landing.mailerlite.com\/webforms\/landing\/g1u8s7\">melde dich hier an<\/a>.<\/em><\/p>\n                                    <\/div>\n            <\/div>\n        <\/div>\n    <\/section>\n    \n\n    <section id=\"textblock-block_5480586a2072e6f8f4d7f74b005fdb9c\" class=\"section position-relative gp-block gp-textblock pt-0 pb-0\">\n        <div class=\"container\">\n            <div class=\"row g-0\">\n                <div class=\"col-lg-12 content\" data-aos=\"fade-in\" data-aos-duration=\"1000\">\n                                                                                <p>&nbsp;<\/p>\n<p>Vom 27. bis 29. Januar 2024 stehen FASHN ROOMS und\u00a0<strong><a href=\"https:\/\/neonyt-duesseldorf.com\/\" target=\"_blank\" rel=\"noopener\">Neonyt D\u00fcsseldorf<\/a><\/strong>\u00a0gemeinsam auf der B\u00fchne. FASHN ROOMS steht f\u00fcr geballte Modekompetenz, die von Kleidung \u00fcber Accessoires bis hin zu Schuhen alles umfasst. Neonyt D\u00fcsseldorf wiederum ist bekannt f\u00fcr die Kuratierung einer spannenden Mischung aus nachhaltig orientierten internationalen Green Fashion Labels.\u00a0<strong><a href=\"https:\/\/luxiders.com\/interview-ulrike-kahler-neonyt-dusseldorf\/\" target=\"_blank\" rel=\"noopener\">Ulrike K\u00e4hler, Managing Director Igedo Exhibitions<\/a><\/strong>, erkl\u00e4rt, dass man sich auf die Synergien beider Formate konzentriert, ohne dass sie ihre Identit\u00e4ten verlieren.<\/p>\n<p>Bereits einen Tag vor dem offiziellen Startschuss werden im Showroom-Konzept Agenturen und Premium-Marken ihre Kollektionen vorstellen und damit den Ton f\u00fcr die kommende Order-Saison Herbst\/Winter 2024\/25 angeben.<\/p>\n                                                        <\/div>\n            <\/div>\n        <\/div>\n    <\/section>\n    \n\n    <section id=\"media-block_b6a9a984a4c0428306cfbd78b4427090\" class=\"section position-relative gp-block gp-media pt-0 pb-0\">\n        <div class=\"container\">\n            <div class=\"row g-0\">\n                <div class=\"col-lg-12 content\" data-aos=\"fade-in\" data-aos-duration=\"1000\">\n                                                                            <\/div>\n            <\/div>\n            <div class=\"row g-0\">\n                <div class=\"col-lg-12 img-scaled\">\n                                                                                                                                                <figure class=\"mb-4 pt-lg-5 mb-lg-5 ps-lg-0 pe-lg-0\" data-aos=\"fade-up\" data-aos-duration=\"1000\"><div class=\"img-container\"><img loading=\"lazy\" decoding=\"async\" width=\"1200\" height=\"800\" src=\"https:\/\/luxiders.com\/content\/uploads\/fashnrooms_neonyt_impressionen_480.jpg\" class=\"img-fluid w-100\" alt=\"Neonyt Dusseldorf\" srcset=\"https:\/\/luxiders.com\/content\/uploads\/fashnrooms_neonyt_impressionen_480.jpg 1200w, https:\/\/luxiders.com\/content\/uploads\/fashnrooms_neonyt_impressionen_480-300x200.jpg 300w, https:\/\/luxiders.com\/content\/uploads\/fashnrooms_neonyt_impressionen_480-1024x683.jpg 1024w, https:\/\/luxiders.com\/content\/uploads\/fashnrooms_neonyt_impressionen_480-768x512.jpg 768w\" sizes=\"(max-width: 1200px) 100vw, 1200px\" \/><\/div><figcaption>\u00a9 Neonyt Dusseldorf<\/figcaption><\/figure>                                                                                            <\/div>\n                                            <\/div>\n        <\/div>\n    <\/section>\n    \n\n    <section id=\"textblock-block_8c870334f3c32be051e3b56c730480ee\" class=\"section position-relative gp-block gp-textblock pt-0 pb-0\">\n        <div class=\"container\">\n            <div class=\"row g-0\">\n                <div class=\"col-lg-12 content\" data-aos=\"fade-in\" data-aos-duration=\"1000\">\n                                                                                <h2><\/h2>\n<h2>TEILNEHMENDE NACHHALTIGE MARKEN<\/h2>\n<p><strong><a href=\"https:\/\/luxiders.com\/neonyt-dusseldorf-shows-an-even-more-curated-offer-in-which-innovation-leads-the-way\/\" target=\"_blank\" rel=\"noopener\">Neonyt D\u00fcsseldorf<\/a><\/strong>\u00a0hat sorgf\u00e4ltig eine Reihe von Teilnehmern ausgew\u00e4hlt, die nachhaltige Marken pr\u00e4sentieren, die ethische und bewusste Mode bevorzugen. Alle Labels m\u00fcssen konkrete Angaben zu den \u00f6kologischen und sozialen Aspekten ihrer Nachhaltigkeit machen. Nur Kollektionen, die die vorgegebenen Anforderungen erf\u00fcllen und den Nachhaltigkeitscheck (u.a. Materialien, Klimaneutralit\u00e4t und Arbeitsbedingungen) erfolgreich bestanden haben, d\u00fcrfen auf der\u00a0<strong>Neonyt D\u00fcsseldorf<\/strong>\u00a0ausstellen.<\/p>\n<p>Zu den herausragenden Ausstellern geh\u00f6rt das vegane Label\u00a0<strong><a href=\"https:\/\/luxiders.com\/anne-schollenberger-the-luxury-vegan-brand-you-will-love\/\" target=\"_blank\" rel=\"noopener\">Anne Schollenberger<\/a><\/strong>, das Luxus, Umwelt- und Tierschutz nahtlos miteinander verbindet. Aus den peruanischen Anden pr\u00e4sentiert Andina World unverwechselbare handgefertigte Accessoires. Aeversum setzt Nanotechnologie ein, um Augmented Reality nahtlos mit Mode zu verbinden. Verpasse auf keinen Fall die schottischen Strickwaren von Erib\u00e9 oder die deutsche maritime Kleidung von Derbe. Weitere Marken auf der Liste sind GreenBomb, Kero Design, Fisherman out of Ireland, Nat-2, Lloyd, Mela&#8230;<\/p>\n                                                        <\/div>\n            <\/div>\n        <\/div>\n    <\/section>\n    \n\n    <section id=\"media-block_9ac9847897b14e2759902e81b168c66e\" class=\"section position-relative gp-block gp-media pt-0 pb-0\">\n        <div class=\"container\">\n            <div class=\"row g-0\">\n                <div class=\"col-lg-12 content\" data-aos=\"fade-in\" data-aos-duration=\"1000\">\n                                                                            <\/div>\n            <\/div>\n            <div class=\"row g-0\">\n                <div class=\"col-lg-12 img-scaled\">\n                                                                                                                                                <figure class=\"mb-4 pt-lg-5 mb-lg-5 ps-lg-0 pe-lg-0\" data-aos=\"fade-up\" data-aos-duration=\"1000\"><div class=\"img-container\"><img loading=\"lazy\" decoding=\"async\" width=\"1200\" height=\"800\" src=\"https:\/\/luxiders.com\/content\/uploads\/fashnrooms_neonyt_impressionen1321.jpg\" class=\"img-fluid w-100\" alt=\"\" srcset=\"https:\/\/luxiders.com\/content\/uploads\/fashnrooms_neonyt_impressionen1321.jpg 1200w, https:\/\/luxiders.com\/content\/uploads\/fashnrooms_neonyt_impressionen1321-300x200.jpg 300w, https:\/\/luxiders.com\/content\/uploads\/fashnrooms_neonyt_impressionen1321-1024x683.jpg 1024w, https:\/\/luxiders.com\/content\/uploads\/fashnrooms_neonyt_impressionen1321-768x512.jpg 768w\" sizes=\"(max-width: 1200px) 100vw, 1200px\" \/><\/div><figcaption>\u00a9 Neonyt Dusseldorf<\/figcaption><\/figure>                                                                                            <\/div>\n                                            <\/div>\n        <\/div>\n    <\/section>\n    \n\n    <section id=\"textblock-block_90cbc06daaaf23bf2ae277f132c62e08\" class=\"section position-relative gp-block gp-textblock pt-0 pb-0\">\n        <div class=\"container\">\n            <div class=\"row g-0\">\n                <div class=\"col-lg-12 content\" data-aos=\"fade-in\" data-aos-duration=\"1000\">\n                                                                                <h2><\/h2>\n<h2>THE STAGE<\/h2>\n<p>Das Herzst\u00fcck dieser Zusammenarbeit ist &#8222;THE STAGE&#8220;, ein zentraler Knotenpunkt, der die beiden Veranstaltungen miteinander verbindet. Hier werden auch Auszeichnungen, Podiumsdiskussionen und Vortr\u00e4ge pr\u00e4sentiert. Zum zweiten Mal wird Neonyt D\u00fcsseldorf in Zusammenarbeit mit dem\u00a0<strong><a href=\"https:\/\/luxiders.com\/cast-your-vote-the-nominees-for-the-green-product-award-2024\/\" target=\"_blank\" rel=\"noopener\">Green Product Award for Fashion Winners<\/a><\/strong>\u00a0vergeben. Der Green Product Award 2024 hat bereits die 275 Nominierten bekannt gegeben, die aus einem Pool von 1500 Einsendungen aus 54 L\u00e4ndern ausgew\u00e4hlt wurden. Die nominierten Produkte und Konzepte stehen nun bis zum 14. Januar 2024 zur \u00f6ffentlichen Abstimmung bereit. Sie k\u00f6nnen jetzt\u00a0<a href=\"https:\/\/www.gp-award.com\/en\/category:moda\" target=\"_blank\" rel=\"noopener\">hier<\/a>\u00a0abstimmen!<\/p>\n<p>Dar\u00fcber hinaus wird Prof. Dr. Maike Rabe vom Forschungsinstitut f\u00fcr Textil und Bekleidung der Hochschule Niederrhein \u00fcber den Weg der Modeindustrie zur Nachhaltigkeit diskutieren. Er wird auf Fragen eingehen wie: Welche Verantwortung liegt bei den Marken oder H\u00e4ndlern, welche bei den Kunden und Kundinnen?<\/p>\n<p>&nbsp;<\/p>\n<h3>KNOWLEDGE AREA<\/h3>\n<p>Erg\u00e4nzend zur Hauptb\u00fchne wird die Knowledge Area ein Zentrum f\u00fcr den Wissensaustausch bilden. Die Stakeholder k\u00f6nnen in Diskussionen zu verschiedenen Themen eintauchen, darunter die Kreislaufwirtschaft, der \u00f6kologische Fu\u00dfabdruck, die soziale Verantwortung und die Digitalisierung. Als spannendes Highlight wird das RefresherBoxx-Team eine revolution\u00e4re Methode zur Entfernung von Viren, Bakterien, Pilzen und Ger\u00fcchen aus Textilien vorstellen.<\/p>\n<p>&nbsp;<\/p>\n<h2>SAVE THE DATES<\/h2>\n<p><b>Showroom Concept<\/b>\u00a026. bis 29. Januar 2024<\/p>\n<p><strong>FASHN ROOMS<\/strong>\u00a027. bis 29. Januar 2024<\/p>\n<p><strong>Neonyt D\u00fcsseldorf<\/strong>\u00a027. bis 29. Januar 2024<\/p>\n                                                        <\/div>\n            <\/div>\n        <\/div>\n    <\/section>\n    \n\n    <section id=\"textblock-block_0c21468d89f3406928fc107e8d0ebf12\" class=\"section position-relative gp-block gp-textblock pt-0 pb-0\">\n        <div class=\"container\">\n            <div class=\"row g-0\">\n                <div class=\"col-lg-12 content\" data-aos=\"fade-in\" data-aos-duration=\"1000\">\n                                                                                <p>&nbsp;<\/p>\n<p style=\"text-align: center;\"><strong><i>All Images: \u00a9 Courtesy Igedo Exhibitions<\/i><\/strong><\/p>\n<p style=\"text-align: center;\"><strong><em><i>+<\/i>Words:<br \/>\n<\/em><\/strong><strong><em>Francesco Witt<br \/>\nLuxiders Magazine<\/em><\/strong><\/p>\n<p>&nbsp;<\/p>\n<p>&nbsp;<\/p>\n                                                        <\/div>\n            <\/div>\n        <\/div>\n    <\/section>\n    ","protected":false},"excerpt":{"rendered":"","protected":false},"author":7,"featured_media":30204,"comment_status":"closed","ping_status":"closed","sticky":false,"template":"","format":"standard","meta":{"_acf_changed":false,"footnotes":""},"categories":[1194],"tags":[5104,4416,7187,8340,5130,5431],"class_list":{"0":"post-30192","1":"post","2":"type-post","3":"status-publish","4":"format-standard","5":"has-post-thumbnail","7":"category-nachhaltig-luxus-mode","8":"tag-fair-fashion-de","9":"tag-fashn-rooms","10":"tag-green-product-award-for-fashion","11":"tag-managing-director-igedo-exhibitions-2","12":"tag-neonyt-dusseldorf-6-de","13":"tag-ulrike-kaehler"},"acf":[],"yoast_head":"<title>FASHN ROOMS Und Neonyt D\u00fcsseldorf Treffen Aufeinander<\/title>\n<meta name=\"description\" content=\"Zum ersten Mal werden FASHN ROOMS und Neonyt D\u00fcsseldorf im Januar 2024 in den historischen Alten Schmiedehallen zusammenkommen.\" \/>\n<meta name=\"robots\" content=\"index, follow, max-snippet:-1, max-image-preview:large, max-video-preview:-1\" \/>\n<link rel=\"canonical\" href=\"https:\/\/luxiders.com\/de\/fashn-rooms-und-neonyt-duesseldorf-treffen-aufeinander\/\" \/>\n<meta property=\"og:locale\" content=\"de_DE\" \/>\n<meta property=\"og:type\" content=\"article\" \/>\n<meta property=\"og:title\" content=\"FASHN ROOMS Und Neonyt D\u00fcsseldorf Treffen Aufeinander\" \/>\n<meta property=\"og:description\" content=\"Zum ersten Mal werden FASHN ROOMS und Neonyt D\u00fcsseldorf im Januar 2024 in den historischen Alten Schmiedehallen zusammenkommen.\" \/>\n<meta property=\"og:url\" content=\"https:\/\/luxiders.com\/de\/fashn-rooms-und-neonyt-duesseldorf-treffen-aufeinander\/\" \/>\n<meta property=\"og:site_name\" content=\"Sustainable Fashion - Eco Design - Healthy Lifestyle - Luxiders Magazine\" \/>\n<meta property=\"article:published_time\" content=\"2024-01-03T08:43:00+00:00\" \/>\n<meta property=\"article:modified_time\" content=\"2024-03-15T13:49:36+00:00\" \/>\n<meta property=\"og:image\" content=\"https:\/\/luxiders.com\/content\/uploads\/fashnrooms_neonyt_impressionen_5091.jpg\" \/>\n\t<meta property=\"og:image:width\" content=\"1920\" \/>\n\t<meta property=\"og:image:height\" content=\"909\" \/>\n\t<meta property=\"og:image:type\" content=\"image\/jpeg\" \/>\n<meta name=\"author\" content=\"Francesco Witt\" \/>\n<meta name=\"twitter:card\" content=\"summary_large_image\" \/>\n<meta name=\"twitter:label1\" content=\"Verfasst von\" \/>\n\t<meta name=\"twitter:data1\" content=\"Francesco Witt\" \/>\n\t<meta name=\"twitter:label2\" content=\"Gesch\u00e4tzte Lesezeit\" \/>\n\t<meta name=\"twitter:data2\" content=\"3\u00a0Minuten\" \/>\n<script type=\"application\/ld+json\" class=\"yoast-schema-graph\">{\"@context\":\"https:\/\/schema.org\",\"@graph\":[{\"@type\":\"Article\",\"@id\":\"https:\/\/luxiders.com\/de\/fashn-rooms-und-neonyt-duesseldorf-treffen-aufeinander\/#article\",\"isPartOf\":{\"@id\":\"https:\/\/luxiders.com\/de\/fashn-rooms-und-neonyt-duesseldorf-treffen-aufeinander\/\"},\"author\":{\"name\":\"Francesco Witt\",\"@id\":\"https:\/\/luxiders.com\/de\/#\/schema\/person\/bbbb649b140cdcd4e6a1227572b533fd\"},\"headline\":\"FASHN ROOMS Und Neonyt D\u00fcsseldorf Treffen Aufeinander\",\"datePublished\":\"2024-01-03T08:43:00+00:00\",\"dateModified\":\"2024-03-15T13:49:36+00:00\",\"mainEntityOfPage\":{\"@id\":\"https:\/\/luxiders.com\/de\/fashn-rooms-und-neonyt-duesseldorf-treffen-aufeinander\/\"},\"wordCount\":8,\"publisher\":{\"@id\":\"https:\/\/luxiders.com\/de\/#organization\"},\"image\":{\"@id\":\"https:\/\/luxiders.com\/de\/fashn-rooms-und-neonyt-duesseldorf-treffen-aufeinander\/#primaryimage\"},\"thumbnailUrl\":\"https:\/\/luxiders.com\/content\/uploads\/fashnrooms_neonyt_impressionen_5091.jpg\",\"keywords\":[\"fair fashion\",\"Fashn Rooms\",\"Green Product Award for Fashion\",\"Managing Director Igedo Exhibitions\",\"Neonyt Dusseldorf\",\"Ulrike K\u00e4hler\"],\"articleSection\":[\"Mode\"],\"inLanguage\":\"de\"},{\"@type\":\"WebPage\",\"@id\":\"https:\/\/luxiders.com\/de\/fashn-rooms-und-neonyt-duesseldorf-treffen-aufeinander\/\",\"url\":\"https:\/\/luxiders.com\/de\/fashn-rooms-und-neonyt-duesseldorf-treffen-aufeinander\/\",\"name\":\"FASHN ROOMS Und Neonyt D\u00fcsseldorf Treffen Aufeinander\",\"isPartOf\":{\"@id\":\"https:\/\/luxiders.com\/de\/#website\"},\"primaryImageOfPage\":{\"@id\":\"https:\/\/luxiders.com\/de\/fashn-rooms-und-neonyt-duesseldorf-treffen-aufeinander\/#primaryimage\"},\"image\":{\"@id\":\"https:\/\/luxiders.com\/de\/fashn-rooms-und-neonyt-duesseldorf-treffen-aufeinander\/#primaryimage\"},\"thumbnailUrl\":\"https:\/\/luxiders.com\/content\/uploads\/fashnrooms_neonyt_impressionen_5091.jpg\",\"datePublished\":\"2024-01-03T08:43:00+00:00\",\"dateModified\":\"2024-03-15T13:49:36+00:00\",\"description\":\"Zum ersten Mal werden FASHN ROOMS und Neonyt D\u00fcsseldorf im Januar 2024 in den historischen Alten Schmiedehallen zusammenkommen.\",\"breadcrumb\":{\"@id\":\"https:\/\/luxiders.com\/de\/fashn-rooms-und-neonyt-duesseldorf-treffen-aufeinander\/#breadcrumb\"},\"inLanguage\":\"de\",\"potentialAction\":[{\"@type\":\"ReadAction\",\"target\":[\"https:\/\/luxiders.com\/de\/fashn-rooms-und-neonyt-duesseldorf-treffen-aufeinander\/\"]}]},{\"@type\":\"ImageObject\",\"inLanguage\":\"de\",\"@id\":\"https:\/\/luxiders.com\/de\/fashn-rooms-und-neonyt-duesseldorf-treffen-aufeinander\/#primaryimage\",\"url\":\"https:\/\/luxiders.com\/content\/uploads\/fashnrooms_neonyt_impressionen_5091.jpg\",\"contentUrl\":\"https:\/\/luxiders.com\/content\/uploads\/fashnrooms_neonyt_impressionen_5091.jpg\",\"width\":1920,\"height\":909,\"caption\":\"FASHN ROOMS und Neonyt D\u00fcsseldorf fanden vom 22. bis zum 24. Juli zum zweiten Mal Seite an Seite auf dem Areal B\u00f6hler statt. Mehr als 300 Brands pr\u00e4sentierten ihre Kollektionen f\u00fcr F\/S 2024. Neu: START-UP AREA Komplett neu auf der Neonyt D\u00fcsseldorf war die Start-up Area in Bestlage: Eine Plattform speziell f\u00fcr innovative Labels, talentierte Designer*innen und Fashion-Entrepreneurs. Hier wurden Unternehmen gefeatured, die maximal seit f\u00fcnf Jahren am Markt sind. THE STAGE - die gro\u00dfe B\u00fchne in der \u203aAlten Schmiedehalle\u2039 Der gemeinsame Stage der FASHN ROOMS und der Neonyt D\u00fcsseldorf. Hierfanden zahlreiche Talks, Interviews und Awards f\u00fcr die Fashion Community statt. KNOWLEDGE AREA Die Knowledge Area ist das Zentrum des Wissenstransfers im Rahmen der FASHN ROOMS und Neonyt D\u00fcsseldorf. Sie stand dieses Mal ganz im Zeichen des GREEN DEAL der EU und informierte \u00fcber die damit verbundenen neuen gesetzlichen Herausforderungen im Fashion Sektor. FASHN ROOMS &amp; Neonyt D\u00fcsseldorf FASHN ROOMS and Neonyt D\u00fcsseldorf took place side by side for the second time at Areal B\u00f6hler from July 22 to 24. More than 300 brands presented their collections for F\/S 2024. New: START-UP AREA Completely new at Neonyt D\u00fcsseldorf was the Start-up Area in a prime location: a platform especially for innovative labels, talented designers and fashion entrepreneurs. Here, companies were featured that have been on the market for a maximum of five years. THE STAGE - the big stage in the \u203aAlte Schmiedehalle\u2039. The joint stage of FASHN ROOMS and Neonyt D\u00fcsseldorf. Here numerous talks, interviews and awards for the fashion community took place. KNOWLEDGE AREA The Knowledge Area is the center of knowledge transfer at FASHN ROOMS and Neonyt D\u00fcsseldorf. This time it was all about the GREEN DEAL of the EU and informed about the new legal challenges in the fashion sector.\"},{\"@type\":\"BreadcrumbList\",\"@id\":\"https:\/\/luxiders.com\/de\/fashn-rooms-und-neonyt-duesseldorf-treffen-aufeinander\/#breadcrumb\",\"itemListElement\":[{\"@type\":\"ListItem\",\"position\":1,\"name\":\"Startseite\",\"item\":\"https:\/\/luxiders.com\/de\/\"},{\"@type\":\"ListItem\",\"position\":2,\"name\":\"Mode\",\"item\":\"https:\/\/luxiders.com\/de\/Katregorie\/nachhaltig-luxus-mode\/\"},{\"@type\":\"ListItem\",\"position\":3,\"name\":\"FASHN ROOMS Und Neonyt D\u00fcsseldorf Treffen Aufeinander\"}]},{\"@type\":\"WebSite\",\"@id\":\"https:\/\/luxiders.com\/de\/#website\",\"url\":\"https:\/\/luxiders.com\/de\/\",\"name\":\"Sustainable Fashion - Eco Design - Healthy Lifestyle - Luxiders Magazine\",\"description\":\"Luxiders is a sustainable luxury magazine highlighting the best stories about sustainable fashion, ethical fashion, eco-friendly design, green design, sustainable travel, natural beauty, organic beauty and healthy lifestyle. Know the best high-end, progressive and luxury sustainable brands and designers worldwide.\",\"publisher\":{\"@id\":\"https:\/\/luxiders.com\/de\/#organization\"},\"potentialAction\":[{\"@type\":\"SearchAction\",\"target\":{\"@type\":\"EntryPoint\",\"urlTemplate\":\"https:\/\/luxiders.com\/de\/?s={search_term_string}\"},\"query-input\":{\"@type\":\"PropertyValueSpecification\",\"valueRequired\":true,\"valueName\":\"search_term_string\"}}],\"inLanguage\":\"de\"},{\"@type\":\"Organization\",\"@id\":\"https:\/\/luxiders.com\/de\/#organization\",\"name\":\"Sustainable Fashion - Eco Design - Healthy Lifestyle - Luxiders Magazine\",\"url\":\"https:\/\/luxiders.com\/de\/\",\"logo\":{\"@type\":\"ImageObject\",\"inLanguage\":\"de\",\"@id\":\"https:\/\/luxiders.com\/de\/#\/schema\/logo\/image\/\",\"url\":\"https:\/\/luxiders.com\/content\/uploads\/lux-logo.svg\",\"contentUrl\":\"https:\/\/luxiders.com\/content\/uploads\/lux-logo.svg\",\"caption\":\"Sustainable Fashion - Eco Design - Healthy Lifestyle - Luxiders Magazine\"},\"image\":{\"@id\":\"https:\/\/luxiders.com\/de\/#\/schema\/logo\/image\/\"}},{\"@type\":\"Person\",\"@id\":\"https:\/\/luxiders.com\/de\/#\/schema\/person\/bbbb649b140cdcd4e6a1227572b533fd\",\"name\":\"Francesco Witt\",\"url\":\"https:\/\/luxiders.com\/de\/author\/franscesco\/\"}]}<\/script>","yoast_head_json":{"title":"FASHN ROOMS Und Neonyt D\u00fcsseldorf Treffen Aufeinander","description":"Zum ersten Mal werden FASHN ROOMS und Neonyt D\u00fcsseldorf im Januar 2024 in den historischen Alten Schmiedehallen zusammenkommen.","robots":{"index":"index","follow":"follow","max-snippet":"max-snippet:-1","max-image-preview":"max-image-preview:large","max-video-preview":"max-video-preview:-1"},"canonical":"https:\/\/luxiders.com\/de\/fashn-rooms-und-neonyt-duesseldorf-treffen-aufeinander\/","og_locale":"de_DE","og_type":"article","og_title":"FASHN ROOMS Und Neonyt D\u00fcsseldorf Treffen Aufeinander","og_description":"Zum ersten Mal werden FASHN ROOMS und Neonyt D\u00fcsseldorf im Januar 2024 in den historischen Alten Schmiedehallen zusammenkommen.","og_url":"https:\/\/luxiders.com\/de\/fashn-rooms-und-neonyt-duesseldorf-treffen-aufeinander\/","og_site_name":"Sustainable Fashion - Eco Design - Healthy Lifestyle - Luxiders Magazine","article_published_time":"2024-01-03T08:43:00+00:00","article_modified_time":"2024-03-15T13:49:36+00:00","og_image":[{"width":1920,"height":909,"url":"https:\/\/luxiders.com\/content\/uploads\/fashnrooms_neonyt_impressionen_5091.jpg","type":"image\/jpeg"}],"author":"Francesco Witt","twitter_card":"summary_large_image","twitter_misc":{"Verfasst von":"Francesco Witt","Gesch\u00e4tzte Lesezeit":"3\u00a0Minuten"},"schema":{"@context":"https:\/\/schema.org","@graph":[{"@type":"Article","@id":"https:\/\/luxiders.com\/de\/fashn-rooms-und-neonyt-duesseldorf-treffen-aufeinander\/#article","isPartOf":{"@id":"https:\/\/luxiders.com\/de\/fashn-rooms-und-neonyt-duesseldorf-treffen-aufeinander\/"},"author":{"name":"Francesco Witt","@id":"https:\/\/luxiders.com\/de\/#\/schema\/person\/bbbb649b140cdcd4e6a1227572b533fd"},"headline":"FASHN ROOMS Und Neonyt D\u00fcsseldorf Treffen Aufeinander","datePublished":"2024-01-03T08:43:00+00:00","dateModified":"2024-03-15T13:49:36+00:00","mainEntityOfPage":{"@id":"https:\/\/luxiders.com\/de\/fashn-rooms-und-neonyt-duesseldorf-treffen-aufeinander\/"},"wordCount":8,"publisher":{"@id":"https:\/\/luxiders.com\/de\/#organization"},"image":{"@id":"https:\/\/luxiders.com\/de\/fashn-rooms-und-neonyt-duesseldorf-treffen-aufeinander\/#primaryimage"},"thumbnailUrl":"https:\/\/luxiders.com\/content\/uploads\/fashnrooms_neonyt_impressionen_5091.jpg","keywords":["fair fashion","Fashn Rooms","Green Product Award for Fashion","Managing Director Igedo Exhibitions","Neonyt Dusseldorf","Ulrike K\u00e4hler"],"articleSection":["Mode"],"inLanguage":"de"},{"@type":"WebPage","@id":"https:\/\/luxiders.com\/de\/fashn-rooms-und-neonyt-duesseldorf-treffen-aufeinander\/","url":"https:\/\/luxiders.com\/de\/fashn-rooms-und-neonyt-duesseldorf-treffen-aufeinander\/","name":"FASHN ROOMS Und Neonyt D\u00fcsseldorf Treffen Aufeinander","isPartOf":{"@id":"https:\/\/luxiders.com\/de\/#website"},"primaryImageOfPage":{"@id":"https:\/\/luxiders.com\/de\/fashn-rooms-und-neonyt-duesseldorf-treffen-aufeinander\/#primaryimage"},"image":{"@id":"https:\/\/luxiders.com\/de\/fashn-rooms-und-neonyt-duesseldorf-treffen-aufeinander\/#primaryimage"},"thumbnailUrl":"https:\/\/luxiders.com\/content\/uploads\/fashnrooms_neonyt_impressionen_5091.jpg","datePublished":"2024-01-03T08:43:00+00:00","dateModified":"2024-03-15T13:49:36+00:00","description":"Zum ersten Mal werden FASHN ROOMS und Neonyt D\u00fcsseldorf im Januar 2024 in den historischen Alten Schmiedehallen zusammenkommen.","breadcrumb":{"@id":"https:\/\/luxiders.com\/de\/fashn-rooms-und-neonyt-duesseldorf-treffen-aufeinander\/#breadcrumb"},"inLanguage":"de","potentialAction":[{"@type":"ReadAction","target":["https:\/\/luxiders.com\/de\/fashn-rooms-und-neonyt-duesseldorf-treffen-aufeinander\/"]}]},{"@type":"ImageObject","inLanguage":"de","@id":"https:\/\/luxiders.com\/de\/fashn-rooms-und-neonyt-duesseldorf-treffen-aufeinander\/#primaryimage","url":"https:\/\/luxiders.com\/content\/uploads\/fashnrooms_neonyt_impressionen_5091.jpg","contentUrl":"https:\/\/luxiders.com\/content\/uploads\/fashnrooms_neonyt_impressionen_5091.jpg","width":1920,"height":909,"caption":"FASHN ROOMS und Neonyt D\u00fcsseldorf fanden vom 22. bis zum 24. Juli zum zweiten Mal Seite an Seite auf dem Areal B\u00f6hler statt. Mehr als 300 Brands pr\u00e4sentierten ihre Kollektionen f\u00fcr F\/S 2024. Neu: START-UP AREA Komplett neu auf der Neonyt D\u00fcsseldorf war die Start-up Area in Bestlage: Eine Plattform speziell f\u00fcr innovative Labels, talentierte Designer*innen und Fashion-Entrepreneurs. Hier wurden Unternehmen gefeatured, die maximal seit f\u00fcnf Jahren am Markt sind. THE STAGE - die gro\u00dfe B\u00fchne in der \u203aAlten Schmiedehalle\u2039 Der gemeinsame Stage der FASHN ROOMS und der Neonyt D\u00fcsseldorf. Hierfanden zahlreiche Talks, Interviews und Awards f\u00fcr die Fashion Community statt. KNOWLEDGE AREA Die Knowledge Area ist das Zentrum des Wissenstransfers im Rahmen der FASHN ROOMS und Neonyt D\u00fcsseldorf. Sie stand dieses Mal ganz im Zeichen des GREEN DEAL der EU und informierte \u00fcber die damit verbundenen neuen gesetzlichen Herausforderungen im Fashion Sektor. FASHN ROOMS &amp; Neonyt D\u00fcsseldorf FASHN ROOMS and Neonyt D\u00fcsseldorf took place side by side for the second time at Areal B\u00f6hler from July 22 to 24. More than 300 brands presented their collections for F\/S 2024. New: START-UP AREA Completely new at Neonyt D\u00fcsseldorf was the Start-up Area in a prime location: a platform especially for innovative labels, talented designers and fashion entrepreneurs. Here, companies were featured that have been on the market for a maximum of five years. THE STAGE - the big stage in the \u203aAlte Schmiedehalle\u2039. The joint stage of FASHN ROOMS and Neonyt D\u00fcsseldorf. Here numerous talks, interviews and awards for the fashion community took place. KNOWLEDGE AREA The Knowledge Area is the center of knowledge transfer at FASHN ROOMS and Neonyt D\u00fcsseldorf. This time it was all about the GREEN DEAL of the EU and informed about the new legal challenges in the fashion sector."},{"@type":"BreadcrumbList","@id":"https:\/\/luxiders.com\/de\/fashn-rooms-und-neonyt-duesseldorf-treffen-aufeinander\/#breadcrumb","itemListElement":[{"@type":"ListItem","position":1,"name":"Startseite","item":"https:\/\/luxiders.com\/de\/"},{"@type":"ListItem","position":2,"name":"Mode","item":"https:\/\/luxiders.com\/de\/Katregorie\/nachhaltig-luxus-mode\/"},{"@type":"ListItem","position":3,"name":"FASHN ROOMS Und Neonyt D\u00fcsseldorf Treffen Aufeinander"}]},{"@type":"WebSite","@id":"https:\/\/luxiders.com\/de\/#website","url":"https:\/\/luxiders.com\/de\/","name":"Sustainable Fashion - Eco Design - Healthy Lifestyle - Luxiders Magazine","description":"Luxiders is a sustainable luxury magazine highlighting the best stories about sustainable fashion, ethical fashion, eco-friendly design, green design, sustainable travel, natural beauty, organic beauty and healthy lifestyle. Know the best high-end, progressive and luxury sustainable brands and designers worldwide.","publisher":{"@id":"https:\/\/luxiders.com\/de\/#organization"},"potentialAction":[{"@type":"SearchAction","target":{"@type":"EntryPoint","urlTemplate":"https:\/\/luxiders.com\/de\/?s={search_term_string}"},"query-input":{"@type":"PropertyValueSpecification","valueRequired":true,"valueName":"search_term_string"}}],"inLanguage":"de"},{"@type":"Organization","@id":"https:\/\/luxiders.com\/de\/#organization","name":"Sustainable Fashion - Eco Design - Healthy Lifestyle - Luxiders Magazine","url":"https:\/\/luxiders.com\/de\/","logo":{"@type":"ImageObject","inLanguage":"de","@id":"https:\/\/luxiders.com\/de\/#\/schema\/logo\/image\/","url":"https:\/\/luxiders.com\/content\/uploads\/lux-logo.svg","contentUrl":"https:\/\/luxiders.com\/content\/uploads\/lux-logo.svg","caption":"Sustainable Fashion - Eco Design - Healthy Lifestyle - Luxiders Magazine"},"image":{"@id":"https:\/\/luxiders.com\/de\/#\/schema\/logo\/image\/"}},{"@type":"Person","@id":"https:\/\/luxiders.com\/de\/#\/schema\/person\/bbbb649b140cdcd4e6a1227572b533fd","name":"Francesco Witt","url":"https:\/\/luxiders.com\/de\/author\/franscesco\/"}]}},"_links":{"self":[{"href":"https:\/\/luxiders.com\/de\/wp-json\/wp\/v2\/posts\/30192","targetHints":{"allow":["GET"]}}],"collection":[{"href":"https:\/\/luxiders.com\/de\/wp-json\/wp\/v2\/posts"}],"about":[{"href":"https:\/\/luxiders.com\/de\/wp-json\/wp\/v2\/types\/post"}],"author":[{"embeddable":true,"href":"https:\/\/luxiders.com\/de\/wp-json\/wp\/v2\/users\/7"}],"replies":[{"embeddable":true,"href":"https:\/\/luxiders.com\/de\/wp-json\/wp\/v2\/comments?post=30192"}],"version-history":[{"count":2,"href":"https:\/\/luxiders.com\/de\/wp-json\/wp\/v2\/posts\/30192\/revisions"}],"predecessor-version":[{"id":42997,"href":"https:\/\/luxiders.com\/de\/wp-json\/wp\/v2\/posts\/30192\/revisions\/42997"}],"wp:featuredmedia":[{"embeddable":true,"href":"https:\/\/luxiders.com\/de\/wp-json\/wp\/v2\/media\/30204"}],"wp:attachment":[{"href":"https:\/\/luxiders.com\/de\/wp-json\/wp\/v2\/media?parent=30192"}],"wp:term":[{"taxonomy":"category","embeddable":true,"href":"https:\/\/luxiders.com\/de\/wp-json\/wp\/v2\/categories?post=30192"},{"taxonomy":"post_tag","embeddable":true,"href":"https:\/\/luxiders.com\/de\/wp-json\/wp\/v2\/tags?post=30192"}],"curies":[{"name":"wp","href":"https:\/\/api.w.org\/{rel}","templated":true}]}}