{"id":3516,"date":"2022-04-05T11:33:00","date_gmt":"2022-04-05T09:33:00","guid":{"rendered":"http:\/\/luxiders.com.w01cc729.kasserver.com\/?p=3516"},"modified":"2023-01-16T12:31:21","modified_gmt":"2023-01-16T11:31:21","slug":"fruehjahr-sommer-2022-laufsteg-trend-der-y2k-stil","status":"publish","type":"post","link":"https:\/\/luxiders.com\/de\/fruehjahr-sommer-2022-laufsteg-trend-der-y2k-stil\/","title":{"rendered":"Fr\u00fchjahr\/Sommer 2022 Laufsteg-Trend | Der Y2K-Stil"},"content":{"rendered":"    <section id=\"textblock-block_344a13f4c2bdbbb3267c3ad729a56f03\" class=\"section position-relative gp-block gp-textblock text-center pt-0 pb-5\">\n        <div class=\"container\">\n            <div class=\"row g-0\">\n                <div class=\"col-lg-12 content\" data-aos=\"fade-in\" data-aos-duration=\"1000\">\n                                                                                    <div class=\"intro px-lg-8\">\n                            <p style=\"text-align: center;\">Die meisten Trends kommen und gehen, aber sie sind nie f\u00fcr lange Zeit verschwunden. In dieser Saison kehrt die Mode mit dem Y2K-Stil in die fr\u00fchen 2000er Jahre zur\u00fcck, der die Kollektionen von Marken wie Blumarine und Dolce &#038; Gabbana gepr\u00e4gt hat. Wirf einen Blick auf die Marken, die den Y2K-Stil auf dem Fr\u00fchjahr\/Sommer-Laufsteg 2022 \u00fcbernommen haben. <\/p>\n                        <\/div>\n                                                                                                <\/div>\n            <\/div>\n        <\/div>\n    <\/section>\n    \n\n    <section id=\"newsletter-block_2abaf3b373eef5e73921822d2f11e266\" class=\"section position-relative gp-block gp-newsletter pt-0 pb-0 my-5\">\n        <div class=\"container\">\n            <div class=\"row g-0 pt-4 pb-3\">\n                <div class=\"col-lg-12 content text-center border pt-3\" data-aos=\"fade-in\" data-aos-duration=\"1000\">\n                                            <p><em>Um den Luxiders Newsletter zu erhalten,\u00a0<a href=\"https:\/\/landing.mailerlite.com\/webforms\/landing\/g1u8s7\">melde dich hier an<\/a>.<\/em><\/p>\n                                    <\/div>\n            <\/div>\n        <\/div>\n    <\/section>\n    \n\n    <section id=\"media-block_c51d286a688ece82ad8eb39cafc2b1cd\" class=\"section position-relative gp-block gp-media pt-0 pb-0\">\n        <div class=\"container\">\n            <div class=\"row g-0\">\n                <div class=\"col-lg-12 content\" data-aos=\"fade-in\" data-aos-duration=\"1000\">\n                                        <p>Es ist sicher, dass Tik Tok einen starken Einfluss auf die Mode der Generation Z hat. In Anlehnung an die Musik- und Popkultur-Szene der sp\u00e4ten 1990er und fr\u00fchen 2000er Jahre bieten uns die Marken von heute entweder subtile Anspielungen auf diese \u00c4ra oder eine vollst\u00e4ndige Hommage an den Y2K-Look, aber mit einem modernen Twist, der f\u00fcr 2022 geeignet ist.<\/p>\n<p>&nbsp;<\/p>\n<h2>DER Y2K-STIL<\/h2>\n<p>Der Y2K-Stil ist in aller Munde, aber was genau bedeutet er? Wie zu Beginn des Jahrtausends versprachen die Laufstege dieser Saison Crop-Tops und Schmetterlingsmuster, ein \u00dcberma\u00df an Denim und Low-Rise-Jeans, entbl\u00f6\u00dfte Bauchmuskeln und Mini-Tops. Es gab kein Entrinnen aus dieser nicht enden wollenden Show der Hingabe an diese \u00c4ra. Aber das hei\u00dft nicht, dass das etwas Schlechtes ist. Dieser R\u00fcckblick in die Vergangenheit ist vielleicht genau das, was die Mode braucht, um zu zeigen, wie weit sie sich entwickelt hat und dass Trends nie sterben, sondern nur neu geboren werden.<\/p>\n<p>&nbsp;<\/p>\n<h3>DER Y2K-STIL AUF DEM LAUFSTEG SS22<\/h3>\n<p><em>Blumarine<\/em><\/p>\n<p>Keine Marke hat die Y2K-Renaissance so enthusiastisch aufgenommen wie Blumarine. Nicola Brognanos <a href=\"https:\/\/www.blumarine.com\/en\/corporate\/blumarine\/collections\/collection_blumarine_22_ss_show.php\" target=\"_blank\" rel=\"noopener\">SS22 collection<\/a> ist wie ein unerwiderter Liebesbrief an die fr\u00fchen 2000er Jahre, mit Fransen- und Perlenbikinis, abgeschnittenen Strickjacken, freiliegenden Taillen, Cargo-Hosen aus Chiffon und Schmetterlingsmotiven. Es ist fast wieder wie zur Jahrtausendwende.<\/p>\n                                    <\/div>\n            <\/div>\n            <div class=\"row g-0\">\n                <div class=\"col-lg-12 img-scaled\">\n                                                                                                                                                <figure class=\"mb-4 pt-lg-5 mb-lg-3 ps-lg-0 pe-lg-0\" data-aos=\"fade-up\" data-aos-duration=\"1000\"><div class=\"img-container\"><img loading=\"lazy\" decoding=\"async\" width=\"1200\" height=\"1800\" src=\"https:\/\/luxiders.com\/content\/uploads\/14.jpg\" class=\"img-fluid w-100\" alt=\"\" srcset=\"https:\/\/luxiders.com\/content\/uploads\/14.jpg 1200w, https:\/\/luxiders.com\/content\/uploads\/14-200x300.jpg 200w, https:\/\/luxiders.com\/content\/uploads\/14-683x1024.jpg 683w, https:\/\/luxiders.com\/content\/uploads\/14-768x1152.jpg 768w, https:\/\/luxiders.com\/content\/uploads\/14-1024x1536.jpg 1024w\" sizes=\"(max-width: 1200px) 100vw, 1200px\" \/><\/div><figcaption>\u00a9 Blumarine<\/figcaption><\/figure>                                                                                                                                                            <figure class=\"mb-4 pt-lg-2 mb-lg-5 ps-lg-0 pe-lg-0\" data-aos=\"fade-up\" data-aos-duration=\"1000\"><div class=\"img-container\"><img loading=\"lazy\" decoding=\"async\" width=\"1200\" height=\"1800\" src=\"https:\/\/luxiders.com\/content\/uploads\/21.jpg\" class=\"img-fluid w-100\" alt=\"\" srcset=\"https:\/\/luxiders.com\/content\/uploads\/21.jpg 1200w, https:\/\/luxiders.com\/content\/uploads\/21-200x300.jpg 200w, https:\/\/luxiders.com\/content\/uploads\/21-683x1024.jpg 683w, https:\/\/luxiders.com\/content\/uploads\/21-768x1152.jpg 768w, https:\/\/luxiders.com\/content\/uploads\/21-1024x1536.jpg 1024w\" sizes=\"(max-width: 1200px) 100vw, 1200px\" \/><\/div><figcaption>\u00a9 Blumarine<\/figcaption><\/figure>                                                                                            <\/div>\n                                            <\/div>\n        <\/div>\n    <\/section>\n    \n\n    <section id=\"media-block_6be58f2668980c87b9bba839c0a94c9c\" class=\"section position-relative gp-block gp-media pt-0 pb-0\">\n        <div class=\"container\">\n            <div class=\"row g-0\">\n                <div class=\"col-lg-12 content\" data-aos=\"fade-in\" data-aos-duration=\"1000\">\n                                        <p><em>Chanel<\/em><\/p>\n<p>Selbst eine Marke mit einer so klassischen und zeitlosen Ausstrahlung wie Chanel konnte nicht umhin, Elemente der Jahr-2000-Besessenheit in ihre j\u00fcngste <a href=\"https:\/\/luxiders.com\/chanel-spring-summer-2022-2\/\" target=\"_blank\" rel=\"noopener\">Collection<\/a> einflie\u00dfen zu lassen. Virginie Viard mag sich bei dieser Show von den 1980er Jahren inspiriert lassen haben, um den Wurzeln von Chanel zu huldigen. Aber mit einteiligen Badeanz\u00fcgen, die mit Ketteng\u00fcrteln drapiert waren, Patchwork-Denim-Kleidern, Minir\u00f6cken und Schmetterlingsdrucken war es definitiv ein Clash der Jahrzehnte.<\/p>\n                                    <\/div>\n            <\/div>\n            <div class=\"row g-0\">\n                <div class=\"col-lg-12 img-scaled\">\n                                                                                                                                                <figure class=\"mb-4 pt-lg-5 mb-lg-3 ps-lg-10 pe-lg-0\" data-aos=\"fade-up\" data-aos-duration=\"1000\"><div class=\"img-container\"><img loading=\"lazy\" decoding=\"async\" width=\"640\" height=\"960\" src=\"https:\/\/luxiders.com\/content\/uploads\/chanel_ss22_047.jpg\" class=\"img-fluid w-100\" alt=\"\" srcset=\"https:\/\/luxiders.com\/content\/uploads\/chanel_ss22_047.jpg 640w, https:\/\/luxiders.com\/content\/uploads\/chanel_ss22_047-200x300.jpg 200w\" sizes=\"(max-width: 640px) 100vw, 640px\" \/><\/div><figcaption>\u00a9 Chanel<\/figcaption><\/figure>                                                                                                                                                            <figure class=\"mb-4 pt-lg-3 mb-lg-5 ps-lg-0 pe-lg-0\" data-aos=\"fade-up\" data-aos-duration=\"1000\"><div class=\"img-container\"><img loading=\"lazy\" decoding=\"async\" width=\"640\" height=\"960\" src=\"https:\/\/luxiders.com\/content\/uploads\/chanel_ss22_117.jpg\" class=\"img-fluid w-100\" alt=\"\" srcset=\"https:\/\/luxiders.com\/content\/uploads\/chanel_ss22_117.jpg 640w, https:\/\/luxiders.com\/content\/uploads\/chanel_ss22_117-200x300.jpg 200w\" sizes=\"(max-width: 640px) 100vw, 640px\" \/><\/div><figcaption>\u00a9 Chanel<\/figcaption><\/figure>                                                                                            <\/div>\n                                            <\/div>\n        <\/div>\n    <\/section>\n    \n\n    <section id=\"media-block_d70eef4324be1b39910b0905cf8e243b\" class=\"section position-relative gp-block gp-media pt-0 pb-0\">\n        <div class=\"container\">\n            <div class=\"row g-0\">\n                <div class=\"col-lg-12 content\" data-aos=\"fade-in\" data-aos-duration=\"1000\">\n                                        <p><em>Dolce &amp; Gabbana<\/em><\/p>\n<p>Als das Jahr-2000-Fieber die Modeindustrie in dieser Saison erfasste, nutzten Domenico Dolce und Stefano Gabbana die Gelegenheit, die ikonische Kollektion der Marke aus dem Jahr 2000 wieder aufleben zu lassen, die die Mode\u00e4sthetik der damaligen Zeit definierte. Die Parallelen sind in ihrer <a href=\"https:\/\/www.dolcegabbana.com\/en\/fashion-show-women-summer-2022-looks\/?fpls_ga_cid=3e5cSirRkfH&amp;fpls_ga_bnd=dolcegabbana\" target=\"_blank\" rel=\"noopener\">Kollektion<\/a> f\u00fcr die Saison SS22 offensichtlich, einschlie\u00dflich der perlenbesetzten Fransenr\u00f6cke, der freiliegenden Dessous und der Kombination aus Schabrackenmini und durchsichtigem Hemd.<\/p>\n                                    <\/div>\n            <\/div>\n            <div class=\"row g-0\">\n                <div class=\"col-lg-12 img-scaled\">\n                                                                                                                                                <figure class=\"mb-4 pt-lg-5 mb-lg-3 ps-lg-0 pe-lg-0\" data-aos=\"fade-up\" data-aos-duration=\"1000\"><div class=\"img-container\"><img loading=\"lazy\" decoding=\"async\" width=\"1200\" height=\"1800\" src=\"https:\/\/luxiders.com\/content\/uploads\/614f43631f3294001648fcbb.jpg\" class=\"img-fluid w-100\" alt=\"\" srcset=\"https:\/\/luxiders.com\/content\/uploads\/614f43631f3294001648fcbb.jpg 1200w, https:\/\/luxiders.com\/content\/uploads\/614f43631f3294001648fcbb-200x300.jpg 200w, https:\/\/luxiders.com\/content\/uploads\/614f43631f3294001648fcbb-683x1024.jpg 683w, https:\/\/luxiders.com\/content\/uploads\/614f43631f3294001648fcbb-768x1152.jpg 768w, https:\/\/luxiders.com\/content\/uploads\/614f43631f3294001648fcbb-1024x1536.jpg 1024w\" sizes=\"(max-width: 1200px) 100vw, 1200px\" \/><\/div><figcaption>\u00a9 Dolce &#038; Gabbana<\/figcaption><\/figure>                                                                                                                                                            <figure class=\"mb-4 pt-lg-3 mb-lg-5 ps-lg-10 pe-lg-0\" data-aos=\"fade-up\" data-aos-duration=\"1000\"><div class=\"img-container\"><img loading=\"lazy\" decoding=\"async\" width=\"1200\" height=\"1800\" src=\"https:\/\/luxiders.com\/content\/uploads\/614f43631f3294001648fca2.jpg\" class=\"img-fluid w-100\" alt=\"\" srcset=\"https:\/\/luxiders.com\/content\/uploads\/614f43631f3294001648fca2.jpg 1200w, https:\/\/luxiders.com\/content\/uploads\/614f43631f3294001648fca2-200x300.jpg 200w, https:\/\/luxiders.com\/content\/uploads\/614f43631f3294001648fca2-683x1024.jpg 683w, https:\/\/luxiders.com\/content\/uploads\/614f43631f3294001648fca2-768x1152.jpg 768w, https:\/\/luxiders.com\/content\/uploads\/614f43631f3294001648fca2-1024x1536.jpg 1024w\" sizes=\"(max-width: 1200px) 100vw, 1200px\" \/><\/div><figcaption>\u00a9 Dolce &#038; Gabbana<\/figcaption><\/figure>                                                                                            <\/div>\n                                            <\/div>\n        <\/div>\n    <\/section>\n    \n\n    <section id=\"media-block_b9bdb98b4260a79d6e1a9b428462d481\" class=\"section position-relative gp-block gp-media pt-0 pb-0\">\n        <div class=\"container\">\n            <div class=\"row g-0\">\n                <div class=\"col-lg-12 content\" data-aos=\"fade-in\" data-aos-duration=\"1000\">\n                                        <p><em>Balmain<\/em><\/p>\n<p>Olivier Rousteing schrieb Geschichte als erster Schwarzer an der Spitze eines franz\u00f6sischen Luxushauses, als er 2011 zum Kreativdirektor von Balmain ernannt wurde. Und nach einem Jahrzehnt an der Spitze hat er Balmain zu einer der begehrtesten und coolsten Marken dieser Generation gemacht. So ist es nicht verwunderlich, dass Aspekte der Y2K-Bewegung ihren Weg in seine <a href=\"https:\/\/luxiders.com\/balmain-spring-summer-2022-2\/\" target=\"_blank\" rel=\"noopener\">SS22 collection<\/a> fanden, wie zum Beispiel tief sitzende Cargohosen, Mini-Oberteile und R\u00f6cke sowie metallisch schimmernde Kleidung auf dem Laufsteg.<\/p>\n                                    <\/div>\n            <\/div>\n            <div class=\"row g-0\">\n                <div class=\"col-lg-6 \">\n                                                                                                                                                <figure class=\"mb-4 pt-lg-5 mb-lg-7 ps-lg-0 pe-lg-3\" data-aos=\"fade-up\" data-aos-duration=\"1000\"><div class=\"img-container\"><img loading=\"lazy\" decoding=\"async\" width=\"639\" height=\"960\" src=\"https:\/\/luxiders.com\/content\/uploads\/balmain_ss22_041-1.jpg\" class=\"img-fluid w-100\" alt=\"\" srcset=\"https:\/\/luxiders.com\/content\/uploads\/balmain_ss22_041-1.jpg 639w, https:\/\/luxiders.com\/content\/uploads\/balmain_ss22_041-1-200x300.jpg 200w\" sizes=\"(max-width: 639px) 100vw, 639px\" \/><\/div><figcaption>\u00a9 Balmain<\/figcaption><\/figure>                                                                                            <\/div>\n                                    <div class=\"col-lg-6\">\n                                                                                                                                                        <figure class=\"mb-4 pt-lg-5 mb-lg-7 ps-lg-3 pe-lg-0\" data-aos=\"fade-up\" data-aos-duration=\"1000\"><div class=\"img-container\"><img loading=\"lazy\" decoding=\"async\" width=\"639\" height=\"960\" src=\"https:\/\/luxiders.com\/content\/uploads\/balmain_ss22_126.jpg\" class=\"img-fluid w-100\" alt=\"\" srcset=\"https:\/\/luxiders.com\/content\/uploads\/balmain_ss22_126.jpg 639w, https:\/\/luxiders.com\/content\/uploads\/balmain_ss22_126-200x300.jpg 200w\" sizes=\"(max-width: 639px) 100vw, 639px\" \/><\/div><figcaption>\u00a9 Balmain<\/figcaption><\/figure>                                                                                                        <\/div>\n                                            <\/div>\n        <\/div>\n    <\/section>\n    ","protected":false},"excerpt":{"rendered":"","protected":false},"author":2,"featured_media":3543,"comment_status":"closed","ping_status":"closed","sticky":false,"template":"","format":"standard","meta":{"_acf_changed":false,"footnotes":""},"categories":[1194],"tags":[943,944,941,940],"class_list":{"0":"post-3516","1":"post","2":"type-post","3":"status-publish","4":"format-standard","5":"has-post-thumbnail","7":"category-nachhaltig-luxus-mode","8":"tag-crop-tops","9":"tag-low-rise-jeans-2","10":"tag-tik-tok-2","11":"tag-y2k-2"},"acf":[],"yoast_head":"<title>Fr\u00fchjahr\/Sommer 2022 Laufsteg-Trend | Der Y2K-Stil<\/title>\n<meta name=\"description\" content=\"Wirf einen Blick auf die Marken, die den Y2K-Stil in ihren Kollektionen auf dem Fr\u00fchjahr\/Sommer-Laufsteg 2022 aufgegriffen haben.\" \/>\n<meta name=\"robots\" content=\"index, follow, max-snippet:-1, max-image-preview:large, max-video-preview:-1\" \/>\n<link rel=\"canonical\" href=\"https:\/\/luxiders.com\/de\/fruehjahr-sommer-2022-laufsteg-trend-der-y2k-stil\/\" \/>\n<meta property=\"og:locale\" content=\"de_DE\" \/>\n<meta property=\"og:type\" content=\"article\" \/>\n<meta property=\"og:title\" content=\"Fr\u00fchjahr\/Sommer 2022 Laufsteg-Trend | Der Y2K-Stil\" \/>\n<meta property=\"og:description\" content=\"Wirf einen Blick auf die Marken, die den Y2K-Stil in ihren Kollektionen auf dem Fr\u00fchjahr\/Sommer-Laufsteg 2022 aufgegriffen haben.\" \/>\n<meta property=\"og:url\" content=\"https:\/\/luxiders.com\/de\/fruehjahr-sommer-2022-laufsteg-trend-der-y2k-stil\/\" \/>\n<meta property=\"og:site_name\" content=\"Sustainable Fashion - Eco Design - Healthy Lifestyle - Luxiders Magazine\" \/>\n<meta property=\"article:published_time\" content=\"2022-04-05T09:33:00+00:00\" \/>\n<meta property=\"article:modified_time\" content=\"2023-01-16T11:31:21+00:00\" \/>\n<meta property=\"og:image\" content=\"https:\/\/luxiders.com\/content\/uploads\/jasmin-chew-KNu2oQ69bMw-unsplash-2.jpg\" \/>\n\t<meta property=\"og:image:width\" content=\"1990\" \/>\n\t<meta property=\"og:image:height\" content=\"1326\" \/>\n\t<meta property=\"og:image:type\" content=\"image\/jpeg\" \/>\n<meta name=\"author\" content=\"luxiders\" \/>\n<meta name=\"twitter:card\" content=\"summary_large_image\" \/>\n<meta name=\"twitter:label1\" content=\"Verfasst von\" \/>\n\t<meta name=\"twitter:data1\" content=\"luxiders\" \/>\n<script type=\"application\/ld+json\" class=\"yoast-schema-graph\">{\"@context\":\"https:\/\/schema.org\",\"@graph\":[{\"@type\":\"Article\",\"@id\":\"https:\/\/luxiders.com\/de\/fruehjahr-sommer-2022-laufsteg-trend-der-y2k-stil\/#article\",\"isPartOf\":{\"@id\":\"https:\/\/luxiders.com\/de\/fruehjahr-sommer-2022-laufsteg-trend-der-y2k-stil\/\"},\"author\":{\"name\":\"luxiders\",\"@id\":\"https:\/\/luxiders.com\/de\/#\/schema\/person\/8632fa702ae2ce98f66c396254633de8\"},\"headline\":\"Fr\u00fchjahr\/Sommer 2022 Laufsteg-Trend | Der Y2K-Stil\",\"datePublished\":\"2022-04-05T09:33:00+00:00\",\"dateModified\":\"2023-01-16T11:31:21+00:00\",\"mainEntityOfPage\":{\"@id\":\"https:\/\/luxiders.com\/de\/fruehjahr-sommer-2022-laufsteg-trend-der-y2k-stil\/\"},\"wordCount\":7,\"publisher\":{\"@id\":\"https:\/\/luxiders.com\/de\/#organization\"},\"image\":{\"@id\":\"https:\/\/luxiders.com\/de\/fruehjahr-sommer-2022-laufsteg-trend-der-y2k-stil\/#primaryimage\"},\"thumbnailUrl\":\"https:\/\/luxiders.com\/content\/uploads\/jasmin-chew-KNu2oQ69bMw-unsplash-2.jpg\",\"keywords\":[\"crop tops\",\"low-rise jeans\",\"tik tok\",\"Y2K\"],\"articleSection\":[\"Mode\"],\"inLanguage\":\"de\"},{\"@type\":\"WebPage\",\"@id\":\"https:\/\/luxiders.com\/de\/fruehjahr-sommer-2022-laufsteg-trend-der-y2k-stil\/\",\"url\":\"https:\/\/luxiders.com\/de\/fruehjahr-sommer-2022-laufsteg-trend-der-y2k-stil\/\",\"name\":\"Fr\u00fchjahr\/Sommer 2022 Laufsteg-Trend | Der Y2K-Stil\",\"isPartOf\":{\"@id\":\"https:\/\/luxiders.com\/de\/#website\"},\"primaryImageOfPage\":{\"@id\":\"https:\/\/luxiders.com\/de\/fruehjahr-sommer-2022-laufsteg-trend-der-y2k-stil\/#primaryimage\"},\"image\":{\"@id\":\"https:\/\/luxiders.com\/de\/fruehjahr-sommer-2022-laufsteg-trend-der-y2k-stil\/#primaryimage\"},\"thumbnailUrl\":\"https:\/\/luxiders.com\/content\/uploads\/jasmin-chew-KNu2oQ69bMw-unsplash-2.jpg\",\"datePublished\":\"2022-04-05T09:33:00+00:00\",\"dateModified\":\"2023-01-16T11:31:21+00:00\",\"description\":\"Wirf einen Blick auf die Marken, die den Y2K-Stil in ihren Kollektionen auf dem Fr\u00fchjahr\/Sommer-Laufsteg 2022 aufgegriffen haben.\",\"breadcrumb\":{\"@id\":\"https:\/\/luxiders.com\/de\/fruehjahr-sommer-2022-laufsteg-trend-der-y2k-stil\/#breadcrumb\"},\"inLanguage\":\"de\",\"potentialAction\":[{\"@type\":\"ReadAction\",\"target\":[\"https:\/\/luxiders.com\/de\/fruehjahr-sommer-2022-laufsteg-trend-der-y2k-stil\/\"]}]},{\"@type\":\"ImageObject\",\"inLanguage\":\"de\",\"@id\":\"https:\/\/luxiders.com\/de\/fruehjahr-sommer-2022-laufsteg-trend-der-y2k-stil\/#primaryimage\",\"url\":\"https:\/\/luxiders.com\/content\/uploads\/jasmin-chew-KNu2oQ69bMw-unsplash-2.jpg\",\"contentUrl\":\"https:\/\/luxiders.com\/content\/uploads\/jasmin-chew-KNu2oQ69bMw-unsplash-2.jpg\",\"width\":1990,\"height\":1326},{\"@type\":\"BreadcrumbList\",\"@id\":\"https:\/\/luxiders.com\/de\/fruehjahr-sommer-2022-laufsteg-trend-der-y2k-stil\/#breadcrumb\",\"itemListElement\":[{\"@type\":\"ListItem\",\"position\":1,\"name\":\"Startseite\",\"item\":\"https:\/\/luxiders.com\/de\/\"},{\"@type\":\"ListItem\",\"position\":2,\"name\":\"Mode\",\"item\":\"https:\/\/luxiders.com\/de\/Katregorie\/nachhaltig-luxus-mode\/\"},{\"@type\":\"ListItem\",\"position\":3,\"name\":\"Fr\u00fchjahr\/Sommer 2022 Laufsteg-Trend | Der Y2K-Stil\"}]},{\"@type\":\"WebSite\",\"@id\":\"https:\/\/luxiders.com\/de\/#website\",\"url\":\"https:\/\/luxiders.com\/de\/\",\"name\":\"Sustainable Fashion - Eco Design - Healthy Lifestyle - Luxiders Magazine\",\"description\":\"Luxiders is a sustainable luxury magazine highlighting the best stories about sustainable fashion, ethical fashion, eco-friendly design, green design, sustainable travel, natural beauty, organic beauty and healthy lifestyle. Know the best high-end, progressive and luxury sustainable brands and designers worldwide.\",\"publisher\":{\"@id\":\"https:\/\/luxiders.com\/de\/#organization\"},\"potentialAction\":[{\"@type\":\"SearchAction\",\"target\":{\"@type\":\"EntryPoint\",\"urlTemplate\":\"https:\/\/luxiders.com\/de\/?s={search_term_string}\"},\"query-input\":{\"@type\":\"PropertyValueSpecification\",\"valueRequired\":true,\"valueName\":\"search_term_string\"}}],\"inLanguage\":\"de\"},{\"@type\":\"Organization\",\"@id\":\"https:\/\/luxiders.com\/de\/#organization\",\"name\":\"Sustainable Fashion - Eco Design - Healthy Lifestyle - Luxiders Magazine\",\"url\":\"https:\/\/luxiders.com\/de\/\",\"logo\":{\"@type\":\"ImageObject\",\"inLanguage\":\"de\",\"@id\":\"https:\/\/luxiders.com\/de\/#\/schema\/logo\/image\/\",\"url\":\"https:\/\/luxiders.com\/content\/uploads\/lux-logo.svg\",\"contentUrl\":\"https:\/\/luxiders.com\/content\/uploads\/lux-logo.svg\",\"caption\":\"Sustainable Fashion - Eco Design - Healthy Lifestyle - Luxiders Magazine\"},\"image\":{\"@id\":\"https:\/\/luxiders.com\/de\/#\/schema\/logo\/image\/\"}},{\"@type\":\"Person\",\"@id\":\"https:\/\/luxiders.com\/de\/#\/schema\/person\/8632fa702ae2ce98f66c396254633de8\",\"name\":\"luxiders\",\"url\":\"https:\/\/luxiders.com\/de\/author\/luxiders\/\"}]}<\/script>","yoast_head_json":{"title":"Fr\u00fchjahr\/Sommer 2022 Laufsteg-Trend | Der Y2K-Stil","description":"Wirf einen Blick auf die Marken, die den Y2K-Stil in ihren Kollektionen auf dem Fr\u00fchjahr\/Sommer-Laufsteg 2022 aufgegriffen haben.","robots":{"index":"index","follow":"follow","max-snippet":"max-snippet:-1","max-image-preview":"max-image-preview:large","max-video-preview":"max-video-preview:-1"},"canonical":"https:\/\/luxiders.com\/de\/fruehjahr-sommer-2022-laufsteg-trend-der-y2k-stil\/","og_locale":"de_DE","og_type":"article","og_title":"Fr\u00fchjahr\/Sommer 2022 Laufsteg-Trend | Der Y2K-Stil","og_description":"Wirf einen Blick auf die Marken, die den Y2K-Stil in ihren Kollektionen auf dem Fr\u00fchjahr\/Sommer-Laufsteg 2022 aufgegriffen haben.","og_url":"https:\/\/luxiders.com\/de\/fruehjahr-sommer-2022-laufsteg-trend-der-y2k-stil\/","og_site_name":"Sustainable Fashion - Eco Design - Healthy Lifestyle - Luxiders Magazine","article_published_time":"2022-04-05T09:33:00+00:00","article_modified_time":"2023-01-16T11:31:21+00:00","og_image":[{"width":1990,"height":1326,"url":"https:\/\/luxiders.com\/content\/uploads\/jasmin-chew-KNu2oQ69bMw-unsplash-2.jpg","type":"image\/jpeg"}],"author":"luxiders","twitter_card":"summary_large_image","twitter_misc":{"Verfasst von":"luxiders"},"schema":{"@context":"https:\/\/schema.org","@graph":[{"@type":"Article","@id":"https:\/\/luxiders.com\/de\/fruehjahr-sommer-2022-laufsteg-trend-der-y2k-stil\/#article","isPartOf":{"@id":"https:\/\/luxiders.com\/de\/fruehjahr-sommer-2022-laufsteg-trend-der-y2k-stil\/"},"author":{"name":"luxiders","@id":"https:\/\/luxiders.com\/de\/#\/schema\/person\/8632fa702ae2ce98f66c396254633de8"},"headline":"Fr\u00fchjahr\/Sommer 2022 Laufsteg-Trend | Der Y2K-Stil","datePublished":"2022-04-05T09:33:00+00:00","dateModified":"2023-01-16T11:31:21+00:00","mainEntityOfPage":{"@id":"https:\/\/luxiders.com\/de\/fruehjahr-sommer-2022-laufsteg-trend-der-y2k-stil\/"},"wordCount":7,"publisher":{"@id":"https:\/\/luxiders.com\/de\/#organization"},"image":{"@id":"https:\/\/luxiders.com\/de\/fruehjahr-sommer-2022-laufsteg-trend-der-y2k-stil\/#primaryimage"},"thumbnailUrl":"https:\/\/luxiders.com\/content\/uploads\/jasmin-chew-KNu2oQ69bMw-unsplash-2.jpg","keywords":["crop tops","low-rise jeans","tik tok","Y2K"],"articleSection":["Mode"],"inLanguage":"de"},{"@type":"WebPage","@id":"https:\/\/luxiders.com\/de\/fruehjahr-sommer-2022-laufsteg-trend-der-y2k-stil\/","url":"https:\/\/luxiders.com\/de\/fruehjahr-sommer-2022-laufsteg-trend-der-y2k-stil\/","name":"Fr\u00fchjahr\/Sommer 2022 Laufsteg-Trend | Der Y2K-Stil","isPartOf":{"@id":"https:\/\/luxiders.com\/de\/#website"},"primaryImageOfPage":{"@id":"https:\/\/luxiders.com\/de\/fruehjahr-sommer-2022-laufsteg-trend-der-y2k-stil\/#primaryimage"},"image":{"@id":"https:\/\/luxiders.com\/de\/fruehjahr-sommer-2022-laufsteg-trend-der-y2k-stil\/#primaryimage"},"thumbnailUrl":"https:\/\/luxiders.com\/content\/uploads\/jasmin-chew-KNu2oQ69bMw-unsplash-2.jpg","datePublished":"2022-04-05T09:33:00+00:00","dateModified":"2023-01-16T11:31:21+00:00","description":"Wirf einen Blick auf die Marken, die den Y2K-Stil in ihren Kollektionen auf dem Fr\u00fchjahr\/Sommer-Laufsteg 2022 aufgegriffen haben.","breadcrumb":{"@id":"https:\/\/luxiders.com\/de\/fruehjahr-sommer-2022-laufsteg-trend-der-y2k-stil\/#breadcrumb"},"inLanguage":"de","potentialAction":[{"@type":"ReadAction","target":["https:\/\/luxiders.com\/de\/fruehjahr-sommer-2022-laufsteg-trend-der-y2k-stil\/"]}]},{"@type":"ImageObject","inLanguage":"de","@id":"https:\/\/luxiders.com\/de\/fruehjahr-sommer-2022-laufsteg-trend-der-y2k-stil\/#primaryimage","url":"https:\/\/luxiders.com\/content\/uploads\/jasmin-chew-KNu2oQ69bMw-unsplash-2.jpg","contentUrl":"https:\/\/luxiders.com\/content\/uploads\/jasmin-chew-KNu2oQ69bMw-unsplash-2.jpg","width":1990,"height":1326},{"@type":"BreadcrumbList","@id":"https:\/\/luxiders.com\/de\/fruehjahr-sommer-2022-laufsteg-trend-der-y2k-stil\/#breadcrumb","itemListElement":[{"@type":"ListItem","position":1,"name":"Startseite","item":"https:\/\/luxiders.com\/de\/"},{"@type":"ListItem","position":2,"name":"Mode","item":"https:\/\/luxiders.com\/de\/Katregorie\/nachhaltig-luxus-mode\/"},{"@type":"ListItem","position":3,"name":"Fr\u00fchjahr\/Sommer 2022 Laufsteg-Trend | Der Y2K-Stil"}]},{"@type":"WebSite","@id":"https:\/\/luxiders.com\/de\/#website","url":"https:\/\/luxiders.com\/de\/","name":"Sustainable Fashion - Eco Design - Healthy Lifestyle - Luxiders Magazine","description":"Luxiders is a sustainable luxury magazine highlighting the best stories about sustainable fashion, ethical fashion, eco-friendly design, green design, sustainable travel, natural beauty, organic beauty and healthy lifestyle. Know the best high-end, progressive and luxury sustainable brands and designers worldwide.","publisher":{"@id":"https:\/\/luxiders.com\/de\/#organization"},"potentialAction":[{"@type":"SearchAction","target":{"@type":"EntryPoint","urlTemplate":"https:\/\/luxiders.com\/de\/?s={search_term_string}"},"query-input":{"@type":"PropertyValueSpecification","valueRequired":true,"valueName":"search_term_string"}}],"inLanguage":"de"},{"@type":"Organization","@id":"https:\/\/luxiders.com\/de\/#organization","name":"Sustainable Fashion - Eco Design - Healthy Lifestyle - Luxiders Magazine","url":"https:\/\/luxiders.com\/de\/","logo":{"@type":"ImageObject","inLanguage":"de","@id":"https:\/\/luxiders.com\/de\/#\/schema\/logo\/image\/","url":"https:\/\/luxiders.com\/content\/uploads\/lux-logo.svg","contentUrl":"https:\/\/luxiders.com\/content\/uploads\/lux-logo.svg","caption":"Sustainable Fashion - Eco Design - Healthy Lifestyle - Luxiders Magazine"},"image":{"@id":"https:\/\/luxiders.com\/de\/#\/schema\/logo\/image\/"}},{"@type":"Person","@id":"https:\/\/luxiders.com\/de\/#\/schema\/person\/8632fa702ae2ce98f66c396254633de8","name":"luxiders","url":"https:\/\/luxiders.com\/de\/author\/luxiders\/"}]}},"_links":{"self":[{"href":"https:\/\/luxiders.com\/de\/wp-json\/wp\/v2\/posts\/3516","targetHints":{"allow":["GET"]}}],"collection":[{"href":"https:\/\/luxiders.com\/de\/wp-json\/wp\/v2\/posts"}],"about":[{"href":"https:\/\/luxiders.com\/de\/wp-json\/wp\/v2\/types\/post"}],"author":[{"embeddable":true,"href":"https:\/\/luxiders.com\/de\/wp-json\/wp\/v2\/users\/2"}],"replies":[{"embeddable":true,"href":"https:\/\/luxiders.com\/de\/wp-json\/wp\/v2\/comments?post=3516"}],"version-history":[{"count":3,"href":"https:\/\/luxiders.com\/de\/wp-json\/wp\/v2\/posts\/3516\/revisions"}],"predecessor-version":[{"id":9823,"href":"https:\/\/luxiders.com\/de\/wp-json\/wp\/v2\/posts\/3516\/revisions\/9823"}],"wp:featuredmedia":[{"embeddable":true,"href":"https:\/\/luxiders.com\/de\/wp-json\/wp\/v2\/media\/3543"}],"wp:attachment":[{"href":"https:\/\/luxiders.com\/de\/wp-json\/wp\/v2\/media?parent=3516"}],"wp:term":[{"taxonomy":"category","embeddable":true,"href":"https:\/\/luxiders.com\/de\/wp-json\/wp\/v2\/categories?post=3516"},{"taxonomy":"post_tag","embeddable":true,"href":"https:\/\/luxiders.com\/de\/wp-json\/wp\/v2\/tags?post=3516"}],"curies":[{"name":"wp","href":"https:\/\/api.w.org\/{rel}","templated":true}]}}