{"id":3704,"date":"2021-02-10T11:37:00","date_gmt":"2021-02-10T10:37:00","guid":{"rendered":"http:\/\/luxiders.com.w01cc729.kasserver.com\/?p=3704"},"modified":"2023-01-16T12:19:40","modified_gmt":"2023-01-16T11:19:40","slug":"amanda-gorman-die-stimme-des-wandels","status":"publish","type":"post","link":"https:\/\/luxiders.com\/de\/amanda-gorman-die-stimme-des-wandels\/","title":{"rendered":"Amanda Gorman | Die Stimme des Wandels"},"content":{"rendered":"    <section id=\"textblock-block_d0f292822608134d286051dfaa636ab6\" class=\"section position-relative gp-block gp-textblock text-center pt-0 pb-5\">\n        <div class=\"container\">\n            <div class=\"row g-0\">\n                <div class=\"col-lg-12 content\" data-aos=\"fade-in\" data-aos-duration=\"1000\">\n                                                                                    <div class=\"intro px-lg-8\">\n                            <p class=\"p1\" style=\"text-align: center;\">Amanda Gorman ist eine amerikanischer Dichterin und Aktivistin aus Los Angeles, Kalifornien und seit Jahren Teil einer nationalen Diskussion. Sie schreibt \u00fcber Themen zur sozialen Gerechtigkeit wie Unterdr\u00fcckung, Feminismus, Rasse, Marginalisierung und Klimabewusstsein. Als K\u00fcnstlerin und Anw\u00e4ltin unterstreicht sie das Erbe unserer Vorfahren und setzt sich f\u00fcr die St\u00e4rkung zuk\u00fcnftiger Generationen ein. IHRE Artikel sind ein Mix aus Autobiografie, sozialem Kommentar und historischen Motiven.<\/p>\n                        <\/div>\n                                                                                                <\/div>\n            <\/div>\n        <\/div>\n    <\/section>\n    \n\n    <section id=\"newsletter-block_ba7f25936b3efc0d3c37236938f2ef06\" class=\"section position-relative gp-block gp-newsletter pt-0 pb-0 my-5\">\n        <div class=\"container\">\n            <div class=\"row g-0 pt-4 pb-3\">\n                <div class=\"col-lg-12 content text-center border pt-3\" data-aos=\"fade-in\" data-aos-duration=\"1000\">\n                                            <p><em>Um den Luxiders Newsletter zu erhalten,\u00a0<a href=\"https:\/\/landing.mailerlite.com\/webforms\/landing\/g1u8s7\">melde dich hier an<\/a>.<\/em><\/p>\n                                    <\/div>\n            <\/div>\n        <\/div>\n    <\/section>\n    \n\n    <section id=\"textblock-block_854f86acde18480130494cc141090f70\" class=\"section position-relative gp-block gp-textblock pt-0 pb-0\">\n        <div class=\"container\">\n            <div class=\"row g-0\">\n                <div class=\"col-lg-12 content\" data-aos=\"fade-in\" data-aos-duration=\"1000\">\n                                                                                <p class=\"p1\" style=\"text-align: left;\">Amanda Gormans einzigartige Geschichte des sozialen und politischen Einflusses beginnt im Alter von 16 Jahren, als sie Jugenddelegierte bei den Vereinten Nationen und Gr\u00fcnderin und Exekutivdirektorin von One Pen One Page wurde, einer gemeinn\u00fctzigen Organisation, die die Alphabetisierung durch ein kostenloses kreatives Schreibprogramm f\u00fcr Jugendliche f\u00f6rdert. Ein Jahr zuvor hatte sie bereits begonnen, an der Schule ihrer Mutter einige Workshops f\u00fcr kreatives Schreiben zu unterrichten, und erhielt Mittel aus dem HERlead-Programm, um ihre NGO zu erweitern. Ihr erster Aufruf zum Aktivismus kam, nachdem sie sich von der St\u00e4rke und dem Mut des pakistanischen Nobelpreistr\u00e4gers Malala Yousafzai inspirieren lie\u00df.<\/p>\n<p>&nbsp;<\/p>\n<h2 style=\"text-align: left;\"><span class=\"\">NOTABLE ACHIEVEMENTS<\/span><\/h2>\n<p class=\"p1\" style=\"text-align: left;\">2014 wurde sie zur ersten Los Angeles Youth Poet Laureate ernannt und ver\u00f6ffentlichte im folgenden Jahr ihre erste Gedichtsammlung. Mit neunzehn Jahren erweiterte sie ihre Einflussnahme und wurde die erste Person, die in den USA zum Youth Poet Laureate ernannt wurde. In dieser Rolle konnte sie demnach in der Library of Congress, auf dem Mashable Social Good Summit der Vereinten Nationen, am WE Day und an anderen Orten im ganzen Land ihre Botschaft platzieren. Gorman sieht ihre anhaltende Position als Youth Poet Laureate als eine Ehre, die es ihr erm\u00f6glicht, ihre Leidenschaft f\u00fcr Poesie, Menschen und soziale Gerechtigkeit zu verbinden.<\/p>\n<p class=\"p1\" style=\"text-align: left;\">Aufgrund ihrer Meditationen \u00fcber Heimat und Land, die auf so vielen Menschen zutreffen, wurde ihre ergreifende Arbeit von der New York Times bis zum Glamour Magazine fast \u00fcberall anerkannt. Sie setzte sich f\u00fcr Jugendf\u00fchrung und Kunsterziehung ein, trat neben Pers\u00f6nlichkeiten von Morgan Freeman bis Lin-Manuel Miranda auf und sprach mit Al Gore und Hillary Clinton \u00fcber Umweltschutz und Frauenrechte. Sie erhielt den Making a Difference Award von Black Girls Rock und BET, erhielt ein Genius Grant von OZY Media und einen College Women of the Year Award vom Glamour Magazine. Amanda Gorman macht ihrem Namen als &#8222;die n\u00e4chste gro\u00dfe Figur der Poesie in den USA&#8220; alle Ehre.<\/p>\n<p class=\"p1\" style=\"text-align: left;\">In ihrer Position als Youth Poet Laureate bleibt Gorman im Gespr\u00e4ch mit Vertretern der Vereinten Nationen, des MIT und Pradas Shaping a Future-Konferenz \u00fcber Unternehmensnachhaltigkeit. In ihrer Arbeit als Model war sie das Gesicht zweier nationaler Kampagnen f\u00fcr Eileen Fisher und Helmut Lang. Sie ist derzeit eine Juniorin an der Harvard University mit Schwerpunkt Soziologie und Spanisch. Gorman sagt, wir k\u00f6nnen damit rechnen, dass sie 2036 als Pr\u00e4sidentin kandidiert.<\/p>\n                                            <div class=\"highlighted mt-5 mt-lg-6 px-lg-5\">\n                            <p class=\"p1\" style=\"text-align: right;\">\u201cIch m\u00f6chte Gedichte schaffen, die den Test der Zeit bestehen und der fragw\u00fcrdigen Nachrichtenkultur von heute entgegenwirken&#8220; \u2013 Amanda Gorman.<\/p>\n                        <\/div>\n                                                        <\/div>\n            <\/div>\n        <\/div>\n    <\/section>\n    \n\n    <section id=\"media-block_0529d2b54e52db40112adec6ce9e8a92\" class=\"section position-relative gp-block gp-media pt-0 pb-0\">\n        <div class=\"container\">\n            <div class=\"row g-0\">\n                <div class=\"col-lg-12 content\" data-aos=\"fade-in\" data-aos-duration=\"1000\">\n                                                                            <\/div>\n            <\/div>\n            <div class=\"row g-0\">\n                <div class=\"col-lg-12 img-scaled\">\n                                                                                                                                                <figure class=\"mb-4 pt-lg-5 mb-lg-5 ps-lg-0 pe-lg-0\" data-aos=\"fade-up\" data-aos-duration=\"1000\"><div class=\"img-container\"><img loading=\"lazy\" decoding=\"async\" width=\"1707\" height=\"2560\" src=\"https:\/\/luxiders.com\/content\/uploads\/Amanda-gorman-luxiders-magazine-Credit-Stephanie-Mitchell-edit_white_2-scaled-1.jpg\" class=\"img-fluid w-100\" alt=\"\" srcset=\"https:\/\/luxiders.com\/content\/uploads\/Amanda-gorman-luxiders-magazine-Credit-Stephanie-Mitchell-edit_white_2-scaled-1.jpg 1707w, https:\/\/luxiders.com\/content\/uploads\/Amanda-gorman-luxiders-magazine-Credit-Stephanie-Mitchell-edit_white_2-scaled-1-200x300.jpg 200w, https:\/\/luxiders.com\/content\/uploads\/Amanda-gorman-luxiders-magazine-Credit-Stephanie-Mitchell-edit_white_2-scaled-1-683x1024.jpg 683w, https:\/\/luxiders.com\/content\/uploads\/Amanda-gorman-luxiders-magazine-Credit-Stephanie-Mitchell-edit_white_2-scaled-1-768x1152.jpg 768w, https:\/\/luxiders.com\/content\/uploads\/Amanda-gorman-luxiders-magazine-Credit-Stephanie-Mitchell-edit_white_2-scaled-1-1024x1536.jpg 1024w, https:\/\/luxiders.com\/content\/uploads\/Amanda-gorman-luxiders-magazine-Credit-Stephanie-Mitchell-edit_white_2-scaled-1-1366x2048.jpg 1366w\" sizes=\"(max-width: 1707px) 100vw, 1707px\" \/><\/div><figcaption>\u00a9 Stephanie Mitchell<\/figcaption><\/figure>                                                                                            <\/div>\n                                            <\/div>\n        <\/div>\n    <\/section>\n    \n\n    <section id=\"textblock-block_6d04a0b19d90aa78c6afd8c23eb9b336\" class=\"section position-relative gp-block gp-textblock pt-0 pb-0\">\n        <div class=\"container\">\n            <div class=\"row g-0\">\n                <div class=\"col-lg-12 content\" data-aos=\"fade-in\" data-aos-duration=\"1000\">\n                                                                                <h3 class=\"p1\">ZUK\u00dcNFTIGE ASPIRATIONEN<\/h3>\n<p class=\"p1\">Obwohl sie es gewohnt ist, ihre Gedichte in einer traditionellen Arena aufzuf\u00fchren, arbeitet Gorman jetzt daran, Musik, Tanz und gesprochenes Wort in ihre St\u00fccke zu integrieren. Die K\u00fcnstlerin hofft, dass ihre zuk\u00fcnftige Arbeit weiterhin die Kluft zwischen diesen Medien \u00fcberbr\u00fccken wird, was zeigt, dass sie nicht an eine einzige Ausdruckslinie gebunden ist und gleichzeitig die gestellten Erwartungen in Frage stellt.<\/p>\n                                            <div class=\"highlighted mt-5 mt-lg-6 px-lg-5\">\n                            <p class=\"p1\" style=\"text-align: center;\">\u201eIch versuche immer, die Leute daran zu erinnern, dass ich so viel mehr als nur eine Dichterin bin&#8220;, sagt Amanda Gorman. &#8222;Ich war in diesem kurzen Leben, das ich gelebt habe, noch nicht einmal lange eine Dichterin.\u201c<\/p>\n                        <\/div>\n                                                        <\/div>\n            <\/div>\n        <\/div>\n    <\/section>\n    \n\n    <section id=\"textblock-block_ca1ad34dcf629674410a18bb612593bc\" class=\"section position-relative gp-block gp-textblock pt-0 pb-0\">\n        <div class=\"container\">\n            <div class=\"row g-0\">\n                <div class=\"col-lg-12 content\" data-aos=\"fade-in\" data-aos-duration=\"1000\">\n                                                                                <p>&nbsp;<\/p>\n<p class=\"p1\">\u201eDurch Poesie kann ich sowohl mit den Problemen der Welt und ihren L\u00f6sungen als auch mit den Mikrokosmen von Konflikten in mir selbst sprechen\u201c, sagt Gorman. W\u00e4hrend Gorman diesen interdisziplin\u00e4reren Ansatz verfolgt, versucht sie derzeit, durch ihre Arbeit tiefere pers\u00f6nliche Erfahrungen zu sammeln. &#8222;Wenn ich dar\u00fcber nachdenke, wor\u00fcber ich am meisten Angst habe zu schreiben, geht es um mich und mein Leben&#8220;, sagt sie. &#8222;Ich habe lange Zeit eine Mauer darum gebaut, also versuche ich, mich darin zu vertiefen.&#8220; Jetzt, nach einigen Jahren im Rampenlicht, erforscht sie nun ihre Poesie, um die sogenannten \u201eunvollkommenen\u201c St\u00fccke ihrer selbst. &#8222;Es gibt eine Menge Dinge, die die Form von uns ausmachen, und anstatt zu versuchen, diese Teile zu \u00e4ndern, versuche ich nur, sie einzuladen und aufzuschreiben.&#8220;<\/p>\n<p class=\"p1\">\u201cZwischen den Kursen in Soziologie und ihren Preistr\u00e4gern leitet sie weiterhin One Pen One Page, eine gemeinn\u00fctzige Organisation, die sie 2016 gegr\u00fcndet hat. Sie gibt auch She the People den letzten Schliff, einem experimentellen 360-Reality-Projekt, das Jugendliche bef\u00e4higen soll M\u00e4dchen und Teenager zu lehren, wie man sich in die Kulturen und Gemeinschaften des anderen einf\u00fchlt. Mit ihrem OZY Genius Grant hofft sie, eine nationale Geschichte \u00fcber Geschlecht, Rasse, Identit\u00e4t und sozialem Wandel zu erz\u00e4hlen. \u201eIch habe gesehen, wie selten junge Frauen und M\u00e4dchen im Mittelpunkt solcher Heldentaten stehen. Da Frauen und insbesondere Frauen mit Hautfarbe in der Technologiebranche mit Hindernissen konfrontiert sind, sehen wir nicht die Repr\u00e4sentation, die wir im technologischen Bereich von Virtual Reality Storytelling ben\u00f6tigen\u201c, sagt sie. Mit ihrer Zwillingsschwester Gabrielle startete sie ebenfalls einen YouTube-Kanal namens The Gorman Girls.<\/p>\n<p>&nbsp;<\/p>\n<p> <div class=\"brlbs-cmpnt-container brlbs-cmpnt-content-blocker brlbs-cmpnt-with-individual-styles\" data-borlabs-cookie-content-blocker-id=\"default\" data-borlabs-cookie-content=\"PGlmcmFtZSB0aXRsZT0iQW1hbmRhIEdvcm1hbiByZWNpdGVzIHN0dW5uaW5nIHBvZW0gYXQgQmlkZW4gaW5hdWd1cmF0aW9uIiBzcmM9Imh0dHBzOi8vd3d3LnlvdXR1YmUuY29tL2VtYmVkL3doWnFBMHo2MWpZIiB3aWR0aD0iNjA4IiBoZWlnaHQ9IjQwMCIgZnJhbWVib3JkZXI9IjAiIGFsbG93ZnVsbHNjcmVlbj0iYWxsb3dmdWxsc2NyZWVuIj48L2lmcmFtZT4=\"><div class=\"brlbs-cmpnt-cb-preset-a\"> <p class=\"brlbs-cmpnt-cb-description\">Sie sehen gerade einen Platzhalterinhalt von <strong>Standard<\/strong>. Um auf den eigentlichen Inhalt zuzugreifen, klicken Sie auf den Button unten. Bitte beachten Sie, dass dabei Daten an Drittanbieter weitergegeben werden.<\/p> <div class=\"brlbs-cmpnt-cb-buttons\"> <a class=\"brlbs-cmpnt-cb-btn\" href=\"#\" data-borlabs-cookie-unblock role=\"button\">Inhalt entsperren<\/a> <a class=\"brlbs-cmpnt-cb-btn\" href=\"#\" data-borlabs-cookie-accept-service role=\"button\" style=\"display: none\">Erforderlichen Service akzeptieren und Inhalte entsperren<\/a> <\/div> <a class=\"brlbs-cmpnt-cb-provider-toggle\" href=\"#\" data-borlabs-cookie-show-provider-information role=\"button\">Weitere Informationen<\/a> <\/div><\/div><br \/>\n&nbsp;<\/p>\n<p class=\"p1\">Amanda Gorman ist nicht nur durch ihr Schreiben ausdrucksstark. Sie merkt an, dass ihre Beziehung zu ihren Kleidern und die Art und Weise, wie sie ihre Haare stylt, ihr eine stille Art gibt, ihrem schwarzen Erbe, ihren gesellschaftspolitischen \u00dcberzeugungen sowie ihrem eigenen Charakter zu huldigen.<\/p>\n<p class=\"p1\">\u201eMein K\u00f6rper ist eine Leinwand und Mode ist die Farbe\u201c, erkl\u00e4rt sie. \u201eIch denke, besonders f\u00fcr Frauen, wenn unsere \u00e4u\u00dferen Erscheinungen so genau unter die Lupe genommen werden, ist es immer wieder verj\u00fcngend zu sehen, wie Frauen Kleidung tragen k\u00f6nnen, denn hier spricht das Innere.&#8220; Gorman fleht uns an, Frauen und M\u00e4dchen nicht mehr durch eine soziale Projektion von Sch\u00f6nheit zu sehen, sondern durch die Entscheidungen die sie treffen, wie, wann und warum sie sich selbst pr\u00e4sentieren wollen.<\/p>\n<p class=\"p1\">Zuletzt hat sie mit <a href=\"https:\/\/luxiders.com\/prada-shaping-creative-future-2\/\" target=\"_blank\" rel=\"noopener\">Prada<\/a>\u00a0als Reporterin an ihrem <a href=\"https:\/\/luxiders.com\/sustainable-luxury-prada\/\" target=\"_blank\" rel=\"noopener\">Re-Nylon Project<\/a>\u00a0gearbeitet, bei dem regeneriertes Nylon aus dem Recycling von Kunststoffmaterialien aus Ozeanen, Fischernetzen und Textilfaserabf\u00e4llen verwendet wird. \u201eIch habe gelernt, dass Kunst, Design und Kreativit\u00e4t im Zentrum der Nachhaltigkeit stehen und was es bedeutet, sich eine bessere, umweltfreundliche Zukunft vorzustellen\u201c, sagt Gorman. Amanda Gormans Geschichte zeigt uns, wie eine junge Frau ihre Stimme findet und sie nutzt, um andere zu st\u00e4rken. Sie setzt Empathie als Waffe gegen Ungerechtigkeit ein. Sie zeigt uns, dass K\u00fcnstler Politiker sein k\u00f6nnen, F\u00fchrungskr\u00e4fte zuh\u00f6ren sollten und Bildung im Zentrum des Wandels steht. Sie sieht keine Grenzen zwischen den Disziplinen der Gesellschaft und verpflichtet sie alle, auf L\u00f6sungen hinzuarbeiten. \u201eEs reicht mir nicht, zu schreiben\u201c, sagt Gorman. \u201eIch muss es auch richtig machen.\u201c Ihre Stimme, ihr Talent, ihr Leben dient nicht dem Profit, sondern der Verbesserung. Interdisziplin\u00e4rer Aktivismus &#8211; verwende deine Stimme f\u00fcr etwas Gr\u00f6\u00dferes als du selbst bist.<\/p>\n<p>&nbsp;<\/p>\n<p> <div class=\"brlbs-cmpnt-container brlbs-cmpnt-content-blocker brlbs-cmpnt-with-individual-styles\" data-borlabs-cookie-content-blocker-id=\"default\" data-borlabs-cookie-content=\"PGlmcmFtZSB3aWR0aD0iNjA4IiBoZWlnaHQ9IjQwMCIgc3JjPSJodHRwczovL3d3dy55b3V0dWJlLmNvbS9lbWJlZC9FZWdqZlBsejVSayIgdGl0bGU9IkFtYW5kYSBHb3JtYW4gQmVjb21lcyBGaXJzdCBQb2V0IFRvIFBlcmZvcm0gQXQgU3VwZXIgQm93bCIgZnJhbWVib3JkZXI9IjAiIGFsbG93PSJhY2NlbGVyb21ldGVyOyBhdXRvcGxheTsgY2xpcGJvYXJkLXdyaXRlOyBlbmNyeXB0ZWQtbWVkaWE7IGd5cm9zY29wZTsgcGljdHVyZS1pbi1waWN0dXJlIiBhbGxvd2Z1bGxzY3JlZW4+PC9pZnJhbWU+\"><div class=\"brlbs-cmpnt-cb-preset-a\"> <p class=\"brlbs-cmpnt-cb-description\">Sie sehen gerade einen Platzhalterinhalt von <strong>Standard<\/strong>. Um auf den eigentlichen Inhalt zuzugreifen, klicken Sie auf den Button unten. Bitte beachten Sie, dass dabei Daten an Drittanbieter weitergegeben werden.<\/p> <div class=\"brlbs-cmpnt-cb-buttons\"> <a class=\"brlbs-cmpnt-cb-btn\" href=\"#\" data-borlabs-cookie-unblock role=\"button\">Inhalt entsperren<\/a> <a class=\"brlbs-cmpnt-cb-btn\" href=\"#\" data-borlabs-cookie-accept-service role=\"button\" style=\"display: none\">Erforderlichen Service akzeptieren und Inhalte entsperren<\/a> <\/div> <a class=\"brlbs-cmpnt-cb-provider-toggle\" href=\"#\" data-borlabs-cookie-show-provider-information role=\"button\">Weitere Informationen<\/a> <\/div><\/div><br \/>\n&nbsp;<br \/>\n&nbsp;<\/p>\n                                                        <\/div>\n            <\/div>\n        <\/div>\n    <\/section>\n    ","protected":false},"excerpt":{"rendered":"","protected":false},"author":2,"featured_media":3712,"comment_status":"closed","ping_status":"closed","sticky":false,"template":"","format":"standard","meta":{"_acf_changed":false,"footnotes":""},"categories":[1221],"tags":[995,994,993,996],"class_list":{"0":"post-3704","1":"post","2":"type-post","3":"status-publish","4":"format-standard","5":"has-post-thumbnail","7":"category-kunst-kultur","8":"tag-activist-2","9":"tag-amanda-gorman-die-stimme-des-wandels","10":"tag-die-stimme-des-wandels","11":"tag-writers-for-activism-2"},"acf":[],"yoast_head":"<title>Amanda Gorman | Die Stimme des Wandels | Luxiders Magazine<\/title>\n<meta name=\"description\" content=\"Wer ist Amanda Gorman? Amanda Gorman ist eine amerikanischer Dichterin und Aktivistin aus Los Angeles, Kalifornien und seit Jahren Teil einer\" \/>\n<meta name=\"robots\" content=\"index, follow, max-snippet:-1, max-image-preview:large, max-video-preview:-1\" \/>\n<link rel=\"canonical\" href=\"https:\/\/luxiders.com\/de\/amanda-gorman-die-stimme-des-wandels\/\" \/>\n<meta property=\"og:locale\" content=\"de_DE\" \/>\n<meta property=\"og:type\" content=\"article\" \/>\n<meta property=\"og:title\" content=\"Amanda Gorman | Die Stimme des Wandels | Luxiders Magazine\" \/>\n<meta property=\"og:description\" content=\"Wer ist Amanda Gorman? Amanda Gorman ist eine amerikanischer Dichterin und Aktivistin aus Los Angeles, Kalifornien und seit Jahren Teil einer\" \/>\n<meta property=\"og:url\" content=\"https:\/\/luxiders.com\/de\/amanda-gorman-die-stimme-des-wandels\/\" \/>\n<meta property=\"og:site_name\" content=\"Sustainable Fashion - Eco Design - Healthy Lifestyle - Luxiders Magazine\" \/>\n<meta property=\"article:published_time\" content=\"2021-02-10T10:37:00+00:00\" \/>\n<meta property=\"article:modified_time\" content=\"2023-01-16T11:19:40+00:00\" \/>\n<meta property=\"og:image\" content=\"https:\/\/luxiders.com\/content\/uploads\/Amanda-gorman-luxiders-magazine-intro-Credit-Stephanie-Mitchell-edit_white_2.jpg\" \/>\n\t<meta property=\"og:image:width\" content=\"1990\" \/>\n\t<meta property=\"og:image:height\" content=\"1493\" \/>\n\t<meta property=\"og:image:type\" content=\"image\/jpeg\" \/>\n<meta name=\"author\" content=\"luxiders\" \/>\n<meta name=\"twitter:card\" content=\"summary_large_image\" \/>\n<meta name=\"twitter:label1\" content=\"Verfasst von\" \/>\n\t<meta name=\"twitter:data1\" content=\"luxiders\" \/>\n<script type=\"application\/ld+json\" class=\"yoast-schema-graph\">{\"@context\":\"https:\/\/schema.org\",\"@graph\":[{\"@type\":\"Article\",\"@id\":\"https:\/\/luxiders.com\/de\/amanda-gorman-die-stimme-des-wandels\/#article\",\"isPartOf\":{\"@id\":\"https:\/\/luxiders.com\/de\/amanda-gorman-die-stimme-des-wandels\/\"},\"author\":{\"name\":\"luxiders\",\"@id\":\"https:\/\/luxiders.com\/de\/#\/schema\/person\/8632fa702ae2ce98f66c396254633de8\"},\"headline\":\"Amanda Gorman | Die Stimme des Wandels\",\"datePublished\":\"2021-02-10T10:37:00+00:00\",\"dateModified\":\"2023-01-16T11:19:40+00:00\",\"mainEntityOfPage\":{\"@id\":\"https:\/\/luxiders.com\/de\/amanda-gorman-die-stimme-des-wandels\/\"},\"wordCount\":6,\"publisher\":{\"@id\":\"https:\/\/luxiders.com\/de\/#organization\"},\"image\":{\"@id\":\"https:\/\/luxiders.com\/de\/amanda-gorman-die-stimme-des-wandels\/#primaryimage\"},\"thumbnailUrl\":\"https:\/\/luxiders.com\/content\/uploads\/Amanda-gorman-luxiders-magazine-intro-Credit-Stephanie-Mitchell-edit_white_2.jpg\",\"keywords\":[\"activist\",\"Amanda Gorman | Die Stimme des Wandels\",\"Die Stimme des Wandels\",\"writers for activism\"],\"articleSection\":[\"Kunst\/Kultur\"],\"inLanguage\":\"de\"},{\"@type\":\"WebPage\",\"@id\":\"https:\/\/luxiders.com\/de\/amanda-gorman-die-stimme-des-wandels\/\",\"url\":\"https:\/\/luxiders.com\/de\/amanda-gorman-die-stimme-des-wandels\/\",\"name\":\"Amanda Gorman | Die Stimme des Wandels | Luxiders Magazine\",\"isPartOf\":{\"@id\":\"https:\/\/luxiders.com\/de\/#website\"},\"primaryImageOfPage\":{\"@id\":\"https:\/\/luxiders.com\/de\/amanda-gorman-die-stimme-des-wandels\/#primaryimage\"},\"image\":{\"@id\":\"https:\/\/luxiders.com\/de\/amanda-gorman-die-stimme-des-wandels\/#primaryimage\"},\"thumbnailUrl\":\"https:\/\/luxiders.com\/content\/uploads\/Amanda-gorman-luxiders-magazine-intro-Credit-Stephanie-Mitchell-edit_white_2.jpg\",\"datePublished\":\"2021-02-10T10:37:00+00:00\",\"dateModified\":\"2023-01-16T11:19:40+00:00\",\"description\":\"Wer ist Amanda Gorman? Amanda Gorman ist eine amerikanischer Dichterin und Aktivistin aus Los Angeles, Kalifornien und seit Jahren Teil einer\",\"breadcrumb\":{\"@id\":\"https:\/\/luxiders.com\/de\/amanda-gorman-die-stimme-des-wandels\/#breadcrumb\"},\"inLanguage\":\"de\",\"potentialAction\":[{\"@type\":\"ReadAction\",\"target\":[\"https:\/\/luxiders.com\/de\/amanda-gorman-die-stimme-des-wandels\/\"]}]},{\"@type\":\"ImageObject\",\"inLanguage\":\"de\",\"@id\":\"https:\/\/luxiders.com\/de\/amanda-gorman-die-stimme-des-wandels\/#primaryimage\",\"url\":\"https:\/\/luxiders.com\/content\/uploads\/Amanda-gorman-luxiders-magazine-intro-Credit-Stephanie-Mitchell-edit_white_2.jpg\",\"contentUrl\":\"https:\/\/luxiders.com\/content\/uploads\/Amanda-gorman-luxiders-magazine-intro-Credit-Stephanie-Mitchell-edit_white_2.jpg\",\"width\":1990,\"height\":1493},{\"@type\":\"BreadcrumbList\",\"@id\":\"https:\/\/luxiders.com\/de\/amanda-gorman-die-stimme-des-wandels\/#breadcrumb\",\"itemListElement\":[{\"@type\":\"ListItem\",\"position\":1,\"name\":\"Startseite\",\"item\":\"https:\/\/luxiders.com\/de\/\"},{\"@type\":\"ListItem\",\"position\":2,\"name\":\"Kunst\/Kultur\",\"item\":\"https:\/\/luxiders.com\/de\/Katregorie\/kunst-kultur\/\"},{\"@type\":\"ListItem\",\"position\":3,\"name\":\"Amanda Gorman | Die Stimme des Wandels\"}]},{\"@type\":\"WebSite\",\"@id\":\"https:\/\/luxiders.com\/de\/#website\",\"url\":\"https:\/\/luxiders.com\/de\/\",\"name\":\"Sustainable Fashion - Eco Design - Healthy Lifestyle - Luxiders Magazine\",\"description\":\"Luxiders is a sustainable luxury magazine highlighting the best stories about sustainable fashion, ethical fashion, eco-friendly design, green design, sustainable travel, natural beauty, organic beauty and healthy lifestyle. Know the best high-end, progressive and luxury sustainable brands and designers worldwide.\",\"publisher\":{\"@id\":\"https:\/\/luxiders.com\/de\/#organization\"},\"potentialAction\":[{\"@type\":\"SearchAction\",\"target\":{\"@type\":\"EntryPoint\",\"urlTemplate\":\"https:\/\/luxiders.com\/de\/?s={search_term_string}\"},\"query-input\":{\"@type\":\"PropertyValueSpecification\",\"valueRequired\":true,\"valueName\":\"search_term_string\"}}],\"inLanguage\":\"de\"},{\"@type\":\"Organization\",\"@id\":\"https:\/\/luxiders.com\/de\/#organization\",\"name\":\"Sustainable Fashion - Eco Design - Healthy Lifestyle - Luxiders Magazine\",\"url\":\"https:\/\/luxiders.com\/de\/\",\"logo\":{\"@type\":\"ImageObject\",\"inLanguage\":\"de\",\"@id\":\"https:\/\/luxiders.com\/de\/#\/schema\/logo\/image\/\",\"url\":\"https:\/\/luxiders.com\/content\/uploads\/lux-logo.svg\",\"contentUrl\":\"https:\/\/luxiders.com\/content\/uploads\/lux-logo.svg\",\"caption\":\"Sustainable Fashion - Eco Design - Healthy Lifestyle - Luxiders Magazine\"},\"image\":{\"@id\":\"https:\/\/luxiders.com\/de\/#\/schema\/logo\/image\/\"}},{\"@type\":\"Person\",\"@id\":\"https:\/\/luxiders.com\/de\/#\/schema\/person\/8632fa702ae2ce98f66c396254633de8\",\"name\":\"luxiders\",\"url\":\"https:\/\/luxiders.com\/de\/author\/luxiders\/\"}]}<\/script>","yoast_head_json":{"title":"Amanda Gorman | Die Stimme des Wandels | Luxiders Magazine","description":"Wer ist Amanda Gorman? Amanda Gorman ist eine amerikanischer Dichterin und Aktivistin aus Los Angeles, Kalifornien und seit Jahren Teil einer","robots":{"index":"index","follow":"follow","max-snippet":"max-snippet:-1","max-image-preview":"max-image-preview:large","max-video-preview":"max-video-preview:-1"},"canonical":"https:\/\/luxiders.com\/de\/amanda-gorman-die-stimme-des-wandels\/","og_locale":"de_DE","og_type":"article","og_title":"Amanda Gorman | Die Stimme des Wandels | Luxiders Magazine","og_description":"Wer ist Amanda Gorman? Amanda Gorman ist eine amerikanischer Dichterin und Aktivistin aus Los Angeles, Kalifornien und seit Jahren Teil einer","og_url":"https:\/\/luxiders.com\/de\/amanda-gorman-die-stimme-des-wandels\/","og_site_name":"Sustainable Fashion - Eco Design - Healthy Lifestyle - Luxiders Magazine","article_published_time":"2021-02-10T10:37:00+00:00","article_modified_time":"2023-01-16T11:19:40+00:00","og_image":[{"width":1990,"height":1493,"url":"https:\/\/luxiders.com\/content\/uploads\/Amanda-gorman-luxiders-magazine-intro-Credit-Stephanie-Mitchell-edit_white_2.jpg","type":"image\/jpeg"}],"author":"luxiders","twitter_card":"summary_large_image","twitter_misc":{"Verfasst von":"luxiders"},"schema":{"@context":"https:\/\/schema.org","@graph":[{"@type":"Article","@id":"https:\/\/luxiders.com\/de\/amanda-gorman-die-stimme-des-wandels\/#article","isPartOf":{"@id":"https:\/\/luxiders.com\/de\/amanda-gorman-die-stimme-des-wandels\/"},"author":{"name":"luxiders","@id":"https:\/\/luxiders.com\/de\/#\/schema\/person\/8632fa702ae2ce98f66c396254633de8"},"headline":"Amanda Gorman | Die Stimme des Wandels","datePublished":"2021-02-10T10:37:00+00:00","dateModified":"2023-01-16T11:19:40+00:00","mainEntityOfPage":{"@id":"https:\/\/luxiders.com\/de\/amanda-gorman-die-stimme-des-wandels\/"},"wordCount":6,"publisher":{"@id":"https:\/\/luxiders.com\/de\/#organization"},"image":{"@id":"https:\/\/luxiders.com\/de\/amanda-gorman-die-stimme-des-wandels\/#primaryimage"},"thumbnailUrl":"https:\/\/luxiders.com\/content\/uploads\/Amanda-gorman-luxiders-magazine-intro-Credit-Stephanie-Mitchell-edit_white_2.jpg","keywords":["activist","Amanda Gorman | Die Stimme des Wandels","Die Stimme des Wandels","writers for activism"],"articleSection":["Kunst\/Kultur"],"inLanguage":"de"},{"@type":"WebPage","@id":"https:\/\/luxiders.com\/de\/amanda-gorman-die-stimme-des-wandels\/","url":"https:\/\/luxiders.com\/de\/amanda-gorman-die-stimme-des-wandels\/","name":"Amanda Gorman | Die Stimme des Wandels | Luxiders Magazine","isPartOf":{"@id":"https:\/\/luxiders.com\/de\/#website"},"primaryImageOfPage":{"@id":"https:\/\/luxiders.com\/de\/amanda-gorman-die-stimme-des-wandels\/#primaryimage"},"image":{"@id":"https:\/\/luxiders.com\/de\/amanda-gorman-die-stimme-des-wandels\/#primaryimage"},"thumbnailUrl":"https:\/\/luxiders.com\/content\/uploads\/Amanda-gorman-luxiders-magazine-intro-Credit-Stephanie-Mitchell-edit_white_2.jpg","datePublished":"2021-02-10T10:37:00+00:00","dateModified":"2023-01-16T11:19:40+00:00","description":"Wer ist Amanda Gorman? Amanda Gorman ist eine amerikanischer Dichterin und Aktivistin aus Los Angeles, Kalifornien und seit Jahren Teil einer","breadcrumb":{"@id":"https:\/\/luxiders.com\/de\/amanda-gorman-die-stimme-des-wandels\/#breadcrumb"},"inLanguage":"de","potentialAction":[{"@type":"ReadAction","target":["https:\/\/luxiders.com\/de\/amanda-gorman-die-stimme-des-wandels\/"]}]},{"@type":"ImageObject","inLanguage":"de","@id":"https:\/\/luxiders.com\/de\/amanda-gorman-die-stimme-des-wandels\/#primaryimage","url":"https:\/\/luxiders.com\/content\/uploads\/Amanda-gorman-luxiders-magazine-intro-Credit-Stephanie-Mitchell-edit_white_2.jpg","contentUrl":"https:\/\/luxiders.com\/content\/uploads\/Amanda-gorman-luxiders-magazine-intro-Credit-Stephanie-Mitchell-edit_white_2.jpg","width":1990,"height":1493},{"@type":"BreadcrumbList","@id":"https:\/\/luxiders.com\/de\/amanda-gorman-die-stimme-des-wandels\/#breadcrumb","itemListElement":[{"@type":"ListItem","position":1,"name":"Startseite","item":"https:\/\/luxiders.com\/de\/"},{"@type":"ListItem","position":2,"name":"Kunst\/Kultur","item":"https:\/\/luxiders.com\/de\/Katregorie\/kunst-kultur\/"},{"@type":"ListItem","position":3,"name":"Amanda Gorman | Die Stimme des Wandels"}]},{"@type":"WebSite","@id":"https:\/\/luxiders.com\/de\/#website","url":"https:\/\/luxiders.com\/de\/","name":"Sustainable Fashion - Eco Design - Healthy Lifestyle - Luxiders Magazine","description":"Luxiders is a sustainable luxury magazine highlighting the best stories about sustainable fashion, ethical fashion, eco-friendly design, green design, sustainable travel, natural beauty, organic beauty and healthy lifestyle. Know the best high-end, progressive and luxury sustainable brands and designers worldwide.","publisher":{"@id":"https:\/\/luxiders.com\/de\/#organization"},"potentialAction":[{"@type":"SearchAction","target":{"@type":"EntryPoint","urlTemplate":"https:\/\/luxiders.com\/de\/?s={search_term_string}"},"query-input":{"@type":"PropertyValueSpecification","valueRequired":true,"valueName":"search_term_string"}}],"inLanguage":"de"},{"@type":"Organization","@id":"https:\/\/luxiders.com\/de\/#organization","name":"Sustainable Fashion - Eco Design - Healthy Lifestyle - Luxiders Magazine","url":"https:\/\/luxiders.com\/de\/","logo":{"@type":"ImageObject","inLanguage":"de","@id":"https:\/\/luxiders.com\/de\/#\/schema\/logo\/image\/","url":"https:\/\/luxiders.com\/content\/uploads\/lux-logo.svg","contentUrl":"https:\/\/luxiders.com\/content\/uploads\/lux-logo.svg","caption":"Sustainable Fashion - Eco Design - Healthy Lifestyle - Luxiders Magazine"},"image":{"@id":"https:\/\/luxiders.com\/de\/#\/schema\/logo\/image\/"}},{"@type":"Person","@id":"https:\/\/luxiders.com\/de\/#\/schema\/person\/8632fa702ae2ce98f66c396254633de8","name":"luxiders","url":"https:\/\/luxiders.com\/de\/author\/luxiders\/"}]}},"_links":{"self":[{"href":"https:\/\/luxiders.com\/de\/wp-json\/wp\/v2\/posts\/3704","targetHints":{"allow":["GET"]}}],"collection":[{"href":"https:\/\/luxiders.com\/de\/wp-json\/wp\/v2\/posts"}],"about":[{"href":"https:\/\/luxiders.com\/de\/wp-json\/wp\/v2\/types\/post"}],"author":[{"embeddable":true,"href":"https:\/\/luxiders.com\/de\/wp-json\/wp\/v2\/users\/2"}],"replies":[{"embeddable":true,"href":"https:\/\/luxiders.com\/de\/wp-json\/wp\/v2\/comments?post=3704"}],"version-history":[{"count":3,"href":"https:\/\/luxiders.com\/de\/wp-json\/wp\/v2\/posts\/3704\/revisions"}],"predecessor-version":[{"id":9803,"href":"https:\/\/luxiders.com\/de\/wp-json\/wp\/v2\/posts\/3704\/revisions\/9803"}],"wp:featuredmedia":[{"embeddable":true,"href":"https:\/\/luxiders.com\/de\/wp-json\/wp\/v2\/media\/3712"}],"wp:attachment":[{"href":"https:\/\/luxiders.com\/de\/wp-json\/wp\/v2\/media?parent=3704"}],"wp:term":[{"taxonomy":"category","embeddable":true,"href":"https:\/\/luxiders.com\/de\/wp-json\/wp\/v2\/categories?post=3704"},{"taxonomy":"post_tag","embeddable":true,"href":"https:\/\/luxiders.com\/de\/wp-json\/wp\/v2\/tags?post=3704"}],"curies":[{"name":"wp","href":"https:\/\/api.w.org\/{rel}","templated":true}]}}