{"id":38353,"date":"2019-10-30T20:10:00","date_gmt":"2019-10-30T19:10:00","guid":{"rendered":"http:\/\/luxiders.com.w01cc729.kasserver.com\/?p=38353"},"modified":"2024-02-15T16:16:12","modified_gmt":"2024-02-15T15:16:12","slug":"nachhaltige-mode-porto","status":"publish","type":"post","link":"https:\/\/luxiders.com\/de\/nachhaltige-mode-porto\/","title":{"rendered":"Fashion Editorial | Dawn of a New Age | Porto"},"content":{"rendered":"    <section id=\"textblock-block_8071e08b18dc7a9a4fb9a100551a39be\" class=\"section position-relative gp-block gp-textblock pt-0 pb-0\">\n        <div class=\"container\">\n            <div class=\"row g-0\">\n                <div class=\"col-lg-12 content\" data-aos=\"fade-in\" data-aos-duration=\"1000\">\n                                                                                    <div class=\"intro \">\n                            <div class=\"section mcb-section \">\n<div class=\"section_wrapper mcb-section-inner\">\n<div class=\"wrap mcb-wrap one valign-top clearfix\">\n<div class=\"mcb-wrap-inner\">\n<div class=\"column mcb-column three-fifth column_visual \">\n<p>&nbsp;<\/p>\n<div class=\"section mcb-section \">\n<div class=\"section_wrapper mcb-section-inner\">\n<div class=\"wrap mcb-wrap one valign-top clearfix\">\n<div class=\"mcb-wrap-inner\">\n<div class=\"column mcb-column three-fifth column_visual \">\n<div class=\"column mcb-column one-second column_visual \">\n<div class=\"\">\n<div class=\"\">\n<div class=\"\">\n<div class=\"\">\n<div class=\"\">\n<div class=\"\">\n<div class=\"\">\n<div class=\"\">\n<p style=\"text-align: center;\">This ungrateful\u00a0somnambulism\u2026<\/p>\n<div class=\"\">\n<p style=\"text-align: center;\">It is over.<\/p>\n<p style=\"text-align: center;\">I do not want things get faster faster<\/p>\n<div class=\"\">\n<p style=\"text-align: center;\">I do not like things get cheaper faster<\/p>\n<h3><\/h3>\n<h3 style=\"text-align: center;\">Where lies the value of life?<\/h3>\n<p>&nbsp;<\/p>\n<div class=\"\">\n<p style=\"text-align: center;\">It is the time.<\/p>\n<p style=\"text-align: center;\">Now.<\/p>\n<p>&nbsp;<\/p>\n<\/div>\n<\/div>\n<\/div>\n<\/div>\n<\/div>\n<\/div>\n<\/div>\n<\/div>\n<\/div>\n<\/div>\n<\/div>\n<p style=\"text-align: center;\">The dawn of a new age<\/p>\n<p style=\"text-align: center;\">Learning by doing<\/p>\n<p style=\"text-align: center;\">intended consequences&#8230;<\/p>\n<p style=\"text-align: center;\">into the future.<\/p>\n<\/div>\n<\/div>\n<\/div>\n<\/div>\n<h3 class=\"placeholder\"><\/h3>\n<div class=\"wrap mcb-wrap one valign-top clearfix\">\n<div class=\"mcb-wrap-inner\">\n<div class=\"column mcb-column three-fifth column_visual \">\n<div class=\"column mcb-column one column_visual \">\n<div class=\"\">\n<div class=\"\">\n<div class=\"\">\n<div class=\"\">\n<div class=\"\">\n<div class=\"\">\n<div class=\"\">\n<div class=\"\">\n<p style=\"text-align: right;\"><strong><em>Dieses Projekt wurde von\u00a0<a href=\"https:\/\/www.portofashionweek.com\/?lang=en\" target=\"_blank\" rel=\"noopener\">PORTO FASHION WEEK<\/a>\u00a0unterst\u00fctzt.<\/em><\/strong><\/p>\n<\/div>\n<\/div>\n<\/div>\n<\/div>\n<\/div>\n<\/div>\n<\/div>\n<\/div>\n<\/div>\n<\/div>\n<\/div>\n<\/div>\n<\/div>\n<\/div>\n<\/div>\n<\/div>\n<\/div>\n<\/div>\n<\/div>\n                        <\/div>\n                                                                                                <\/div>\n            <\/div>\n        <\/div>\n    <\/section>\n    \n\n    <section id=\"newsletter-block_25fac4b7176ff9303493fe8a8b01aefe\" class=\"section position-relative gp-block gp-newsletter pt-0 pb-0 my-5\">\n        <div class=\"container\">\n            <div class=\"row g-0 pt-4 pb-3\">\n                <div class=\"col-lg-12 content text-center border pt-3\" data-aos=\"fade-in\" data-aos-duration=\"1000\">\n                                            <p><em>Um den Luxiders Newsletter zu erhalten,\u00a0<a href=\"https:\/\/landing.mailerlite.com\/webforms\/landing\/g1u8s7\">melde dich hier an<\/a>.<\/em><\/p>\n                                    <\/div>\n            <\/div>\n        <\/div>\n    <\/section>\n    \n\n    <section id=\"media-block_9fa9a6b680d090678515d684455ef707\" class=\"section position-relative gp-block gp-media pt-0 pb-0\">\n        <div class=\"container\">\n            <div class=\"row g-0\">\n                <div class=\"col-lg-12 content\" data-aos=\"fade-in\" data-aos-duration=\"1000\">\n                                                                            <\/div>\n            <\/div>\n            <div class=\"row g-0\">\n                <div class=\"col-lg-6 \">\n                                                                                                                                                <figure class=\"mb-4 pt-lg-5 mb-lg-5 ps-lg-7 pe-lg-0\" data-aos=\"fade-up\" data-aos-duration=\"1000\"><div class=\"img-container\"><img loading=\"lazy\" decoding=\"async\" width=\"512\" height=\"768\" src=\"https:\/\/luxiders.com\/content\/uploads\/Fashion-Story-Dawn-of-a-New-Age-Porto_1.jpg\" class=\"img-fluid w-100\" alt=\"Fashion-Story-Dawn-of-a-New-Age-Porto\" srcset=\"https:\/\/luxiders.com\/content\/uploads\/Fashion-Story-Dawn-of-a-New-Age-Porto_1.jpg 512w, https:\/\/luxiders.com\/content\/uploads\/Fashion-Story-Dawn-of-a-New-Age-Porto_1-200x300.jpg 200w\" sizes=\"(max-width: 512px) 100vw, 512px\" \/><\/div><\/figure>                                                                                            <\/div>\n                                    <div class=\"col-lg-6\">\n                                                                                                                                                        <figure class=\"mb-4 pt-lg-8 mb-lg-3 ps-lg-8 pe-lg-10\" data-aos=\"fade-up\" data-aos-duration=\"1000\"><div class=\"img-container\"><img loading=\"lazy\" decoding=\"async\" width=\"1330\" height=\"1995\" src=\"https:\/\/luxiders.com\/content\/uploads\/Fashion-Story-Dawn-of-a-New-Age-Porto_2.jpg\" class=\"img-fluid w-100\" alt=\"Fashion-Story-Dawn-of-a-New-Age-Porto\" srcset=\"https:\/\/luxiders.com\/content\/uploads\/Fashion-Story-Dawn-of-a-New-Age-Porto_2.jpg 1330w, https:\/\/luxiders.com\/content\/uploads\/Fashion-Story-Dawn-of-a-New-Age-Porto_2-200x300.jpg 200w, https:\/\/luxiders.com\/content\/uploads\/Fashion-Story-Dawn-of-a-New-Age-Porto_2-683x1024.jpg 683w, https:\/\/luxiders.com\/content\/uploads\/Fashion-Story-Dawn-of-a-New-Age-Porto_2-768x1152.jpg 768w, https:\/\/luxiders.com\/content\/uploads\/Fashion-Story-Dawn-of-a-New-Age-Porto_2-1024x1536.jpg 1024w\" sizes=\"(max-width: 1330px) 100vw, 1330px\" \/><\/div><\/figure>                                                                                                                                                                                                        <div class=\"text pt-lg-3 mb-lg-5 ps-lg-8 pe-lg-10\" data-aos=\"fade-in\" data-aos-duration=\"1000\">\n                                            <p style=\"text-align: center;\">Kleidungsst\u00fcck von\u00a0<a href=\"http:\/\/www.miguelvieira.pt\/\" target=\"_blank\" rel=\"noopener\">MIGUEL VIEIRA,<\/a>\u00a0 aus Stoff von\u00a0<a href=\"https:\/\/www.somelos.pt\/\" target=\"_blank\" rel=\"noopener\">SOMELOS<\/a>, der Polyester Seaqual mit einer Langfaser-Baumwolle kombiniert. Seaqual wird hergestellt, indem der auf dem Meeresboden gesammelte Kunststoff recycelt wird. Die Lieferkette findet in einem begrenzten geografischen Gebiet statt, wodurch die Umweltbelastung verringert wird.<\/p>\n                                        <\/div>\n                                                                                                                                            <\/div>\n                                            <\/div>\n        <\/div>\n    <\/section>\n    \n\n    <section id=\"media-block_c15df72f5d958c383a41275d175d39a6\" class=\"section position-relative gp-block gp-media pt-0 pb-0\">\n        <div class=\"container\">\n            <div class=\"row g-0\">\n                <div class=\"col-lg-12 content\" data-aos=\"fade-in\" data-aos-duration=\"1000\">\n                                                                            <\/div>\n            <\/div>\n            <div class=\"row g-0\">\n                <div class=\"col-lg-6 \">\n                                                                                                                                                <figure class=\"mb-4 pt-lg-5 mb-lg-10 ps-lg-0 pe-lg-5\" data-aos=\"fade-up\" data-aos-duration=\"1000\"><div class=\"img-container\"><img loading=\"lazy\" decoding=\"async\" width=\"1920\" height=\"1425\" src=\"https:\/\/luxiders.com\/content\/uploads\/Fashion-Story-Dawn-of-a-New-Age-Porto_3.jpg\" class=\"img-fluid w-100\" alt=\"Fashion-Story-Dawn-of-a-New-Age-Porto\" srcset=\"https:\/\/luxiders.com\/content\/uploads\/Fashion-Story-Dawn-of-a-New-Age-Porto_3.jpg 1920w, https:\/\/luxiders.com\/content\/uploads\/Fashion-Story-Dawn-of-a-New-Age-Porto_3-300x223.jpg 300w, https:\/\/luxiders.com\/content\/uploads\/Fashion-Story-Dawn-of-a-New-Age-Porto_3-1024x760.jpg 1024w, https:\/\/luxiders.com\/content\/uploads\/Fashion-Story-Dawn-of-a-New-Age-Porto_3-768x570.jpg 768w, https:\/\/luxiders.com\/content\/uploads\/Fashion-Story-Dawn-of-a-New-Age-Porto_3-1536x1140.jpg 1536w\" sizes=\"(max-width: 1920px) 100vw, 1920px\" \/><\/div><\/figure>                                                                                                                                                            <figure class=\"mb-4 pt-lg-5 mb-lg-5 ps-lg-6 pe-lg-8\" data-aos=\"fade-up\" data-aos-duration=\"1000\"><div class=\"img-container\"><img loading=\"lazy\" decoding=\"async\" width=\"1330\" height=\"1995\" src=\"https:\/\/luxiders.com\/content\/uploads\/Fashion-Story-Dawn-of-a-New-Age-Porto_5.jpg\" class=\"img-fluid w-100\" alt=\"Fashion-Story-Dawn-of-a-New-Age-Porto\" srcset=\"https:\/\/luxiders.com\/content\/uploads\/Fashion-Story-Dawn-of-a-New-Age-Porto_5.jpg 1330w, https:\/\/luxiders.com\/content\/uploads\/Fashion-Story-Dawn-of-a-New-Age-Porto_5-200x300.jpg 200w, https:\/\/luxiders.com\/content\/uploads\/Fashion-Story-Dawn-of-a-New-Age-Porto_5-683x1024.jpg 683w, https:\/\/luxiders.com\/content\/uploads\/Fashion-Story-Dawn-of-a-New-Age-Porto_5-768x1152.jpg 768w, https:\/\/luxiders.com\/content\/uploads\/Fashion-Story-Dawn-of-a-New-Age-Porto_5-1024x1536.jpg 1024w\" sizes=\"(max-width: 1330px) 100vw, 1330px\" \/><\/div><\/figure>                                                                                            <\/div>\n                                    <div class=\"col-lg-6\">\n                                                                                                                                                        <figure class=\"mb-4 pt-lg-7 mb-lg-5 ps-lg-5 pe-lg-8\" data-aos=\"fade-up\" data-aos-duration=\"1000\"><div class=\"img-container\"><img loading=\"lazy\" decoding=\"async\" width=\"1330\" height=\"1995\" src=\"https:\/\/luxiders.com\/content\/uploads\/Fashion-Story-Dawn-of-a-New-Age-Porto_4.jpg\" class=\"img-fluid w-100\" alt=\"Fashion-Story-Dawn-of-a-New-Age-Porto\" srcset=\"https:\/\/luxiders.com\/content\/uploads\/Fashion-Story-Dawn-of-a-New-Age-Porto_4.jpg 1330w, https:\/\/luxiders.com\/content\/uploads\/Fashion-Story-Dawn-of-a-New-Age-Porto_4-200x300.jpg 200w, https:\/\/luxiders.com\/content\/uploads\/Fashion-Story-Dawn-of-a-New-Age-Porto_4-683x1024.jpg 683w, https:\/\/luxiders.com\/content\/uploads\/Fashion-Story-Dawn-of-a-New-Age-Porto_4-768x1152.jpg 768w, https:\/\/luxiders.com\/content\/uploads\/Fashion-Story-Dawn-of-a-New-Age-Porto_4-1024x1536.jpg 1024w\" sizes=\"(max-width: 1330px) 100vw, 1330px\" \/><\/div><\/figure>                                                                                                                                                                <figure class=\"mb-4 pt-lg-5 mb-lg-3 ps-lg-3 pe-lg-5\" data-aos=\"fade-up\" data-aos-duration=\"1000\"><div class=\"img-container\"><img loading=\"lazy\" decoding=\"async\" width=\"1330\" height=\"1995\" src=\"https:\/\/luxiders.com\/content\/uploads\/Fashion-Story-Dawn-of-a-New-Age-Porto_6.jpg\" class=\"img-fluid w-100\" alt=\"Fashion-Story-Dawn-of-a-New-Age-Porto\" srcset=\"https:\/\/luxiders.com\/content\/uploads\/Fashion-Story-Dawn-of-a-New-Age-Porto_6.jpg 1330w, https:\/\/luxiders.com\/content\/uploads\/Fashion-Story-Dawn-of-a-New-Age-Porto_6-200x300.jpg 200w, https:\/\/luxiders.com\/content\/uploads\/Fashion-Story-Dawn-of-a-New-Age-Porto_6-683x1024.jpg 683w, https:\/\/luxiders.com\/content\/uploads\/Fashion-Story-Dawn-of-a-New-Age-Porto_6-768x1152.jpg 768w, https:\/\/luxiders.com\/content\/uploads\/Fashion-Story-Dawn-of-a-New-Age-Porto_6-1024x1536.jpg 1024w\" sizes=\"(max-width: 1330px) 100vw, 1330px\" \/><\/div><\/figure>                                                                                                                                                                                                        <div class=\"text pt-lg-3 mb-lg-5 ps-lg-3 pe-lg-5\" data-aos=\"fade-in\" data-aos-duration=\"1000\">\n                                            <p>Von DAVII hergestelltes Kleidungsst\u00fcck aus einem doppelfl\u00e4chigen Strickstoff, der von\u00a0<a class=\"\" href=\"http:\/\/joaps.pt\/\" target=\"_blank\" rel=\"noopener\">JOAPS<\/a>\u00a0aus einer Mischung von \u00d6ko-Fasern hergestellt wurde. Die Maschenware wurde aus Naturfasern hergestellt und unter Ausnutzung ihrer nat\u00fcrlichen Eigenschaften entwickelt.<\/p>\n                                        <\/div>\n                                                                                                                                            <\/div>\n                                            <\/div>\n        <\/div>\n    <\/section>\n    \n\n    <section id=\"media-block_fc010b7e61d09e6e0f3129f40a43d7e0\" class=\"section position-relative gp-block gp-media pt-0 pb-0\">\n        <div class=\"container\">\n            <div class=\"row g-0\">\n                <div class=\"col-lg-12 content\" data-aos=\"fade-in\" data-aos-duration=\"1000\">\n                                                                            <\/div>\n            <\/div>\n            <div class=\"row g-0\">\n                <div class=\"col-lg-6 \">\n                                                                                                                                                <figure class=\"mb-4 pt-lg-10 mb-lg-5 ps-lg-0 pe-lg-5\" data-aos=\"fade-up\" data-aos-duration=\"1000\"><div class=\"img-container\"><img loading=\"lazy\" decoding=\"async\" width=\"1330\" height=\"1995\" src=\"https:\/\/luxiders.com\/content\/uploads\/Fashion-Story-Dawn-of-a-New-Age-Porto_7.jpg\" class=\"img-fluid w-100\" alt=\"Fashion-Story-Dawn-of-a-New-Age-Porto\" srcset=\"https:\/\/luxiders.com\/content\/uploads\/Fashion-Story-Dawn-of-a-New-Age-Porto_7.jpg 1330w, https:\/\/luxiders.com\/content\/uploads\/Fashion-Story-Dawn-of-a-New-Age-Porto_7-200x300.jpg 200w, https:\/\/luxiders.com\/content\/uploads\/Fashion-Story-Dawn-of-a-New-Age-Porto_7-683x1024.jpg 683w, https:\/\/luxiders.com\/content\/uploads\/Fashion-Story-Dawn-of-a-New-Age-Porto_7-768x1152.jpg 768w, https:\/\/luxiders.com\/content\/uploads\/Fashion-Story-Dawn-of-a-New-Age-Porto_7-1024x1536.jpg 1024w\" sizes=\"(max-width: 1330px) 100vw, 1330px\" \/><\/div><\/figure>                                                                                            <\/div>\n                                    <div class=\"col-lg-6\">\n                                                                                                                                                        <figure class=\"mb-4 pt-lg-5 mb-lg-5 ps-lg-9 pe-lg-8\" data-aos=\"fade-up\" data-aos-duration=\"1000\"><div class=\"img-container\"><img loading=\"lazy\" decoding=\"async\" width=\"1330\" height=\"1995\" src=\"https:\/\/luxiders.com\/content\/uploads\/Fashion-Story-Dawn-of-a-New-Age-Porto_8.jpg\" class=\"img-fluid w-100\" alt=\"Fashion-Story-Dawn-of-a-New-Age-Porto\" srcset=\"https:\/\/luxiders.com\/content\/uploads\/Fashion-Story-Dawn-of-a-New-Age-Porto_8.jpg 1330w, https:\/\/luxiders.com\/content\/uploads\/Fashion-Story-Dawn-of-a-New-Age-Porto_8-200x300.jpg 200w, https:\/\/luxiders.com\/content\/uploads\/Fashion-Story-Dawn-of-a-New-Age-Porto_8-683x1024.jpg 683w, https:\/\/luxiders.com\/content\/uploads\/Fashion-Story-Dawn-of-a-New-Age-Porto_8-768x1152.jpg 768w, https:\/\/luxiders.com\/content\/uploads\/Fashion-Story-Dawn-of-a-New-Age-Porto_8-1024x1536.jpg 1024w\" sizes=\"(max-width: 1330px) 100vw, 1330px\" \/><\/div><\/figure>                                                                                                                                                                <figure class=\"mb-4 pt-lg-5 mb-lg-3 ps-lg-7 pe-lg-10\" data-aos=\"fade-up\" data-aos-duration=\"1000\"><div class=\"img-container\"><img loading=\"lazy\" decoding=\"async\" width=\"1330\" height=\"1995\" src=\"https:\/\/luxiders.com\/content\/uploads\/Fashion-Story-Dawn-of-a-New-Age-Porto_9.jpg\" class=\"img-fluid w-100\" alt=\"Fashion-Story-Dawn-of-a-New-Age-Porto\" srcset=\"https:\/\/luxiders.com\/content\/uploads\/Fashion-Story-Dawn-of-a-New-Age-Porto_9.jpg 1330w, https:\/\/luxiders.com\/content\/uploads\/Fashion-Story-Dawn-of-a-New-Age-Porto_9-200x300.jpg 200w, https:\/\/luxiders.com\/content\/uploads\/Fashion-Story-Dawn-of-a-New-Age-Porto_9-683x1024.jpg 683w, https:\/\/luxiders.com\/content\/uploads\/Fashion-Story-Dawn-of-a-New-Age-Porto_9-768x1152.jpg 768w, https:\/\/luxiders.com\/content\/uploads\/Fashion-Story-Dawn-of-a-New-Age-Porto_9-1024x1536.jpg 1024w\" sizes=\"(max-width: 1330px) 100vw, 1330px\" \/><\/div><\/figure>                                                                                                                                                                                                        <div class=\"text pt-lg-3 mb-lg-5 ps-lg-7 pe-lg-10\" data-aos=\"fade-in\" data-aos-duration=\"1000\">\n                                            <p style=\"text-align: center;\">Von<span class=\"\">\u00a0<\/span><a class=\"\" href=\"https:\/\/goncalopeixoto.com\/\" target=\"_blank\" rel=\"noopener\">GON\u00c7ALO PEIXOTO<\/a>\u00a0hergestelltes Kleidungsst\u00fcck aus einem Gewirke aus 100% Bio-Leinen von<span class=\"\">\u00a0<\/span><a class=\"\" href=\"http:\/\/joaps.pt\/\" target=\"_blank\" rel=\"noopener\">JOAPS<\/a>\u00a0einer Naturfaser, die aus biologischem Anbau gewonnen wird.<\/p>\n                                        <\/div>\n                                                                                                                                            <\/div>\n                                            <\/div>\n        <\/div>\n    <\/section>\n    \n\n    <section id=\"media-block_1a09896daa6b6ad6a7086f860fde0824\" class=\"section position-relative gp-block gp-media pt-0 pb-0\">\n        <div class=\"container\">\n            <div class=\"row g-0\">\n                <div class=\"col-lg-12 content\" data-aos=\"fade-in\" data-aos-duration=\"1000\">\n                                                                            <\/div>\n            <\/div>\n            <div class=\"row g-0\">\n                <div class=\"col-lg-6 \">\n                                                                                                                                                <figure class=\"mb-4 pt-lg-0 mb-lg-3 ps-lg-10 pe-lg-0\" data-aos=\"fade-up\" data-aos-duration=\"1000\"><div class=\"img-container\"><img loading=\"lazy\" decoding=\"async\" width=\"1330\" height=\"1995\" src=\"https:\/\/luxiders.com\/content\/uploads\/Fashion-Story-Dawn-of-a-New-Age-Porto_10.jpg\" class=\"img-fluid w-100\" alt=\"Fashion-Story-Dawn-of-a-New-Age-Porto\" srcset=\"https:\/\/luxiders.com\/content\/uploads\/Fashion-Story-Dawn-of-a-New-Age-Porto_10.jpg 1330w, https:\/\/luxiders.com\/content\/uploads\/Fashion-Story-Dawn-of-a-New-Age-Porto_10-200x300.jpg 200w, https:\/\/luxiders.com\/content\/uploads\/Fashion-Story-Dawn-of-a-New-Age-Porto_10-683x1024.jpg 683w, https:\/\/luxiders.com\/content\/uploads\/Fashion-Story-Dawn-of-a-New-Age-Porto_10-768x1152.jpg 768w, https:\/\/luxiders.com\/content\/uploads\/Fashion-Story-Dawn-of-a-New-Age-Porto_10-1024x1536.jpg 1024w\" sizes=\"(max-width: 1330px) 100vw, 1330px\" \/><\/div><\/figure>                                                                                                                                                                                                    <div class=\"text pt-lg-3 mb-lg-5 ps-lg-10 pe-lg-0\" data-aos=\"fade-in\" data-aos-duration=\"1000\">\n                                            <p>Kleidungsst\u00fccke, die mit Abf\u00e4llen aus der Bekleidungsherstellung nach einzigartigen handgefertigten Verfahren von<span class=\"\">\u00a0<\/span><a class=\"\" href=\"https:\/\/www.pedechumbo.pt\/\" target=\"_blank\" rel=\"noopener\">P\u00c9 DE CHUMBO<\/a>\u00a0hergestellt wurden, aus Industrieabf\u00e4llen z.B. Abf\u00e4llen aus dem Schneidprozess, Garnen und Stoffresten und anderen Ressourcen, die im industriellen Textilprozess nicht verwendet werden.<\/p>\n                                        <\/div>\n                                                                                                                                <\/div>\n                                    <div class=\"col-lg-6\">\n                                                                                                                                                                                                                                                                <\/div>\n                                            <\/div>\n        <\/div>\n    <\/section>\n    \n\n    <section id=\"media-block_e03e4e4c145e8a2f2a6dc7ebffdcffc9\" class=\"section position-relative gp-block gp-media pt-0 pb-0\">\n        <div class=\"container\">\n            <div class=\"row g-0\">\n                <div class=\"col-lg-12 content\" data-aos=\"fade-in\" data-aos-duration=\"1000\">\n                                                                            <\/div>\n            <\/div>\n            <div class=\"row g-0\">\n                <div class=\"col-lg-6 \">\n                                                                                                                                                <figure class=\"mb-4 pt-lg-8 mb-lg-3 ps-lg-8 pe-lg-5\" data-aos=\"fade-up\" data-aos-duration=\"1000\"><div class=\"img-container\"><img loading=\"lazy\" decoding=\"async\" width=\"1330\" height=\"1995\" src=\"https:\/\/luxiders.com\/content\/uploads\/Fashion-Story-Dawn-of-a-New-Age-Porto_11.jpg\" class=\"img-fluid w-100\" alt=\"Fashion-Story-Dawn-of-a-New-Age-Porto\" srcset=\"https:\/\/luxiders.com\/content\/uploads\/Fashion-Story-Dawn-of-a-New-Age-Porto_11.jpg 1330w, https:\/\/luxiders.com\/content\/uploads\/Fashion-Story-Dawn-of-a-New-Age-Porto_11-200x300.jpg 200w, https:\/\/luxiders.com\/content\/uploads\/Fashion-Story-Dawn-of-a-New-Age-Porto_11-683x1024.jpg 683w, https:\/\/luxiders.com\/content\/uploads\/Fashion-Story-Dawn-of-a-New-Age-Porto_11-768x1152.jpg 768w, https:\/\/luxiders.com\/content\/uploads\/Fashion-Story-Dawn-of-a-New-Age-Porto_11-1024x1536.jpg 1024w\" sizes=\"(max-width: 1330px) 100vw, 1330px\" \/><\/div><\/figure>                                                                                                                                                                                                    <div class=\"text pt-lg-3 mb-lg-5 ps-lg-8 pe-lg-5\" data-aos=\"fade-in\" data-aos-duration=\"1000\">\n                                            <p>Kleidungsst\u00fcck von\u00a0<a class=\"\" href=\"https:\/\/www.nunobaltazar.com\/\" target=\"_blank\" rel=\"noopener\">NUNO BALTAZAR<\/a><span class=\"\">\u00a0<\/span>\u00a0f\u00fcr\u00a0<a class=\"\" href=\"https:\/\/www.riopele.pt\/\" target=\"_blank\" rel=\"noopener\">RIOPELE<\/a>\u00a0aus Stoffen der zweiten Generation von Tenowa &#8211; Die Wiedergeburt der Textilien. Dieses St\u00fcck basiert auf dem Konzept der Kreislaufwirtschaft und verwendet ein Endlosfilament aus Zellulosefasern, um einen fl\u00fcssigen und luxuri\u00f6sen Satin herzustellen, der aus einem rustikalen, recycelten Rohstoff (Abf\u00e4lle aus der Textilindustrie und Stoffreste) hergestellt und in einem nachhaltigen Verfahren mit geringen Farbwerten gef\u00e4rbt wird und einen geringen Wasserverbrauch aufweist.<\/p>\n                                        <\/div>\n                                                                                                                                <\/div>\n                                    <div class=\"col-lg-6\">\n                                                                                                                                                        <figure class=\"mb-4 pt-lg-5 mb-lg-3 ps-lg-5 pe-lg-0\" data-aos=\"fade-up\" data-aos-duration=\"1000\"><div class=\"img-container\"><img loading=\"lazy\" decoding=\"async\" width=\"1200\" height=\"1800\" src=\"https:\/\/luxiders.com\/content\/uploads\/Fashion-Story-Dawn-of-a-New-Age-Porto_12.jpg\" class=\"img-fluid w-100\" alt=\"Fashion-Story-Dawn-of-a-New-Age-Porto\" srcset=\"https:\/\/luxiders.com\/content\/uploads\/Fashion-Story-Dawn-of-a-New-Age-Porto_12.jpg 1200w, https:\/\/luxiders.com\/content\/uploads\/Fashion-Story-Dawn-of-a-New-Age-Porto_12-200x300.jpg 200w, https:\/\/luxiders.com\/content\/uploads\/Fashion-Story-Dawn-of-a-New-Age-Porto_12-683x1024.jpg 683w, https:\/\/luxiders.com\/content\/uploads\/Fashion-Story-Dawn-of-a-New-Age-Porto_12-768x1152.jpg 768w, https:\/\/luxiders.com\/content\/uploads\/Fashion-Story-Dawn-of-a-New-Age-Porto_12-1024x1536.jpg 1024w\" sizes=\"(max-width: 1200px) 100vw, 1200px\" \/><\/div><\/figure>                                                                                                                                                                                                        <div class=\"text pt-lg-3 mb-lg-5 ps-lg-5 pe-lg-0\" data-aos=\"fade-in\" data-aos-duration=\"1000\">\n                                            <p>Das von\u00a0<a class=\"\" href=\"https:\/\/www.scoop.pt\/\" target=\"_blank\" rel=\"noopener\">SCORECODE<\/a>\u00a0entwickelte Kleidungsst\u00fcck der Gaya-Kollektion verwendet Materialien, die jahrelang im Unternehmen aufbewahrt wurden (dead stock). Mit Kleidungsst\u00fccken aus der Gaya-Kollektion wird die Nutzungsdauer vorhandener Textilressourcen verl\u00e4ngert und damit der Verbrauch von Neuware reduziert.<\/p>\n                                        <\/div>\n                                                                                                                                            <\/div>\n                                            <\/div>\n        <\/div>\n    <\/section>\n    \n\n    <section id=\"media-block_f6d104a506e7f6ef4902002b656bff87\" class=\"section position-relative gp-block gp-media pt-0 pb-0\">\n        <div class=\"container\">\n            <div class=\"row g-0\">\n                <div class=\"col-lg-12 content\" data-aos=\"fade-in\" data-aos-duration=\"1000\">\n                                                                            <\/div>\n            <\/div>\n            <div class=\"row g-0\">\n                <div class=\"col-lg-6 \">\n                                                                                                                                                <figure class=\"mb-4 pt-lg-8 mb-lg-3 ps-lg-8 pe-lg-0\" data-aos=\"fade-up\" data-aos-duration=\"1000\"><div class=\"img-container\"><img loading=\"lazy\" decoding=\"async\" width=\"512\" height=\"768\" src=\"https:\/\/luxiders.com\/content\/uploads\/Fashion-Story-Dawn-of-a-New-Age-Porto_13.jpg\" class=\"img-fluid w-100\" alt=\"Fashion-Story-Dawn-of-a-New-Age-Porto\" srcset=\"https:\/\/luxiders.com\/content\/uploads\/Fashion-Story-Dawn-of-a-New-Age-Porto_13.jpg 512w, https:\/\/luxiders.com\/content\/uploads\/Fashion-Story-Dawn-of-a-New-Age-Porto_13-200x300.jpg 200w\" sizes=\"(max-width: 512px) 100vw, 512px\" \/><\/div><\/figure>                                                                                                                                                                                                    <div class=\"text pt-lg-3 mb-lg-5 ps-lg-8 pe-lg-0\" data-aos=\"fade-in\" data-aos-duration=\"1000\">\n                                            <p>Kleid von\u00a0<a class=\"\" href=\"https:\/\/www.pedechumbo.pt\/\" target=\"_blank\" rel=\"noopener\">P\u00c9 DE CHUMBO<\/a>\u00a0it Garn aus Polyester Repreve gemischt mit Bio-Baumwolle und nat\u00fcrlich biologisch abbaubarer Kapok-Faser, hergestellt von der Firma\u00a0<a class=\"\" href=\"http:\/\/inovafil.pt\/\" target=\"_blank\" rel=\"noopener\">INOVAFIL<\/a>.Das Repreve-Polyester wird aus recycelten Plastikflaschen gewonnen und verf\u00fcgt \u00fcber ein Markierungssystem &#8211; die FiberPrint-Technologie, die die R\u00fcckverfolgbarkeit der Fasern vom Rohmaterial bis zum fertigen Produkt erm\u00f6glicht. Mit dem Markersystem kann festgestellt werden, wie viele Kunststoffflaschen bei der Garnherstellung von der Rohstoffphase bis zum Endprodukt recycelt wurden.<\/p>\n                                        <\/div>\n                                                                                                                                <\/div>\n                                    <div class=\"col-lg-6\">\n                                                                                                                                                        <figure class=\"mb-4 pt-lg-5 mb-lg-5 ps-lg-6 pe-lg-10\" data-aos=\"fade-up\" data-aos-duration=\"1000\"><div class=\"img-container\"><img loading=\"lazy\" decoding=\"async\" width=\"1330\" height=\"1995\" src=\"https:\/\/luxiders.com\/content\/uploads\/Fashion-Story-Dawn-of-a-New-Age-Porto_14.jpg\" class=\"img-fluid w-100\" alt=\"Fashion-Story-Dawn-of-a-New-Age-Porto\" srcset=\"https:\/\/luxiders.com\/content\/uploads\/Fashion-Story-Dawn-of-a-New-Age-Porto_14.jpg 1330w, https:\/\/luxiders.com\/content\/uploads\/Fashion-Story-Dawn-of-a-New-Age-Porto_14-200x300.jpg 200w, https:\/\/luxiders.com\/content\/uploads\/Fashion-Story-Dawn-of-a-New-Age-Porto_14-683x1024.jpg 683w, https:\/\/luxiders.com\/content\/uploads\/Fashion-Story-Dawn-of-a-New-Age-Porto_14-768x1152.jpg 768w, https:\/\/luxiders.com\/content\/uploads\/Fashion-Story-Dawn-of-a-New-Age-Porto_14-1024x1536.jpg 1024w\" sizes=\"(max-width: 1330px) 100vw, 1330px\" \/><\/div><\/figure>                                                                                                        <\/div>\n                                            <\/div>\n        <\/div>\n    <\/section>\n    \n\n    <section id=\"media-block_5d3b3d4867176222acf0181efcf7ea08\" class=\"section position-relative gp-block gp-media pt-0 pb-0\">\n        <div class=\"container\">\n            <div class=\"row g-0\">\n                <div class=\"col-lg-12 content\" data-aos=\"fade-in\" data-aos-duration=\"1000\">\n                                                                            <\/div>\n            <\/div>\n            <div class=\"row g-0\">\n                <div class=\"col-lg-12 img-scaled\">\n                                                                                                                                                <figure class=\"mb-4 pt-lg-5 mb-lg-5 ps-lg-0 pe-lg-0\" data-aos=\"fade-up\" data-aos-duration=\"1000\"><div class=\"img-container\"><img loading=\"lazy\" decoding=\"async\" width=\"1920\" height=\"1280\" src=\"https:\/\/luxiders.com\/content\/uploads\/Fashion-Story-Dawn-of-a-New-Age-Porto_15.jpg\" class=\"img-fluid w-100\" alt=\"Fashion-Story-Dawn-of-a-New-Age-Porto\" srcset=\"https:\/\/luxiders.com\/content\/uploads\/Fashion-Story-Dawn-of-a-New-Age-Porto_15.jpg 1920w, https:\/\/luxiders.com\/content\/uploads\/Fashion-Story-Dawn-of-a-New-Age-Porto_15-300x200.jpg 300w, https:\/\/luxiders.com\/content\/uploads\/Fashion-Story-Dawn-of-a-New-Age-Porto_15-1024x683.jpg 1024w, https:\/\/luxiders.com\/content\/uploads\/Fashion-Story-Dawn-of-a-New-Age-Porto_15-768x512.jpg 768w, https:\/\/luxiders.com\/content\/uploads\/Fashion-Story-Dawn-of-a-New-Age-Porto_15-1536x1024.jpg 1536w\" sizes=\"(max-width: 1920px) 100vw, 1920px\" \/><\/div><\/figure>                                                                                            <\/div>\n                                            <\/div>\n        <\/div>\n    <\/section>\n    \n\n    <section id=\"media-block_f01d6827149d4a2117c7ebaa5e02fe78\" class=\"section position-relative gp-block gp-media pt-0 pb-0\">\n        <div class=\"container\">\n            <div class=\"row g-0\">\n                <div class=\"col-lg-12 content\" data-aos=\"fade-in\" data-aos-duration=\"1000\">\n                                                                            <\/div>\n            <\/div>\n            <div class=\"row g-0\">\n                <div class=\"col-lg-12 img-scaled\">\n                                                                                                                                                <figure class=\"mb-4 pt-lg-5 mb-lg-3 ps-lg-0 pe-lg-0\" data-aos=\"fade-up\" data-aos-duration=\"1000\"><div class=\"img-container\"><img loading=\"lazy\" decoding=\"async\" width=\"1200\" height=\"1800\" src=\"https:\/\/luxiders.com\/content\/uploads\/Fashion-Story-Dawn-of-a-New-Age-Porto_16.jpg\" class=\"img-fluid w-100\" alt=\"Fashion-Story-Dawn-of-a-New-Age-Porto\" srcset=\"https:\/\/luxiders.com\/content\/uploads\/Fashion-Story-Dawn-of-a-New-Age-Porto_16.jpg 1200w, https:\/\/luxiders.com\/content\/uploads\/Fashion-Story-Dawn-of-a-New-Age-Porto_16-200x300.jpg 200w, https:\/\/luxiders.com\/content\/uploads\/Fashion-Story-Dawn-of-a-New-Age-Porto_16-683x1024.jpg 683w, https:\/\/luxiders.com\/content\/uploads\/Fashion-Story-Dawn-of-a-New-Age-Porto_16-768x1152.jpg 768w, https:\/\/luxiders.com\/content\/uploads\/Fashion-Story-Dawn-of-a-New-Age-Porto_16-1024x1536.jpg 1024w\" sizes=\"(max-width: 1200px) 100vw, 1200px\" \/><\/div><\/figure>                                                                                                                                                                                                    <div class=\"text pt-lg-3 mb-lg-5 ps-lg-5 pe-lg-5\" data-aos=\"fade-in\" data-aos-duration=\"1000\">\n                                            <p style=\"text-align: center;\">Von<span class=\"\">\u00a0<\/span><a class=\"\" href=\"https:\/\/joaorolo.pt\/\" target=\"_blank\" rel=\"noopener\">JOAO R\u00d4LO<\/a>\u00a0entworfenes Kleid aus Strick von\u00a0<a class=\"\" href=\"http:\/\/www.asampaio.com\/\" target=\"_blank\" rel=\"noopener\">A. SAMPAIO &amp; FILHOS<\/a>,\u00a0das ein Garn aus Polyester Seaqual auf der Innenseite mit einer organischen Merinowolle zur Optimierung des Feuchtigkeitsmanagements kombiniert. Der Polyester Seaqual wird durch Recycling des auf dem Meeresboden gesammelten Kunststoffs hergestellt. Die Lieferkette findet in einem begrenzten geografischen Gebiet statt, wodurch die Umweltbelastung durch das Recycling des auf dem Meeresboden gesammelten Kunststoffs verringert wird.<\/p>\n                                        <\/div>\n                                                                                                                                <\/div>\n                                            <\/div>\n        <\/div>\n    <\/section>\n    \n\n    <section id=\"textblock-block_9b4f75b3a61d5b627cb4b0aff70bf539\" class=\"section position-relative gp-block gp-textblock pt-0 pb-0\">\n        <div class=\"container\">\n            <div class=\"row g-0\">\n                <div class=\"col-lg-12 content\" data-aos=\"fade-in\" data-aos-duration=\"1000\">\n                                                                                <div class=\"page\" title=\"Page 1\">\n<div class=\"layoutArea\">\n<div class=\"column\">\n<div class=\"page\" title=\"Page 1\">\n<div class=\"layoutArea\">\n<div class=\"page\" title=\"Page 1\">\n<div class=\"layoutArea\">\n<div class=\"column\"><\/div>\n<\/div>\n<\/div>\n<\/div>\n<\/div>\n<\/div>\n<\/div>\n<\/div>\n<p>&nbsp;<\/p>\n<p>&nbsp;<\/p>\n<h3 style=\"text-align: center;\">CREDITS<\/h3>\n<p style=\"text-align: center;\">Creative Direction &amp; Production\u00a0<a href=\"https:\/\/www.instagram.com\/luxiders_magazine\/\" target=\"_blank\" rel=\"noopener noreferrer\">LUXIDERS<\/a><br \/>\nPhotography\u00a0<a href=\"https:\/\/www.instagram.com\/jens_wittwer\/\" target=\"_blank\" rel=\"noopener\">JENS WITTWER<\/a><a href=\"http:\/\/www.andrewgrauman.com\/\" target=\"_blank\" rel=\"noopener noreferrer\"><br \/>\n<\/a>Stylist\u00a0<a href=\"https:\/\/www.instagram.com\/belvis_soler\/\" target=\"_blank\" rel=\"noopener\">BELVIS SOLER<\/a><br \/>\nModels\u00a0<a href=\"https:\/\/www.instagram.com\/joana_ccastro\/\" target=\"_blank\" rel=\"noopener\">JOANA CASTRO<\/a>\u00a0@\u00a0<a href=\"https:\/\/www.instagram.com\/elite_lisbon\/\" target=\"_blank\" rel=\"noopener\">ELITE LISBON<\/a>\u00a0|\u00a0\u00a0<a href=\"https:\/\/www.instagram.com\/carlancamodel\/?hl=pt\">CARLA NCA MARCOS<\/a>\u00a0@\u00a0<a href=\"http:\/\/www.karacteragency.pt\/\" target=\"_blank\" rel=\"noopener\">KARACTER AGENCY<\/a><a href=\"http:\/\/www.musenyc.com\/\" target=\"_blank\" rel=\"noopener noreferrer\"><br \/>\n<\/a>Make Up Artist\u00a0\u00a0<a href=\"https:\/\/www.instagram.com\/ana_raquel_ribeiro\/?hl=pt\" target=\"_blank\" rel=\"noopener\">RAQUEL RIBEIRO<\/a><br \/>\nHair Stylist\u00a0<a href=\"http:\/\/www.zetaipa.com\/\" target=\"_blank\" rel=\"noopener\">Z\u00c9 CARLOS TAIPA<\/a><\/p>\n<p>&nbsp;<\/p>\n                                                        <\/div>\n            <\/div>\n        <\/div>\n    <\/section>\n    ","protected":false},"excerpt":{"rendered":"","protected":false},"author":2,"featured_media":38467,"comment_status":"closed","ping_status":"closed","sticky":false,"template":"","format":"standard","meta":{"_acf_changed":false,"footnotes":""},"categories":[6774,1194],"tags":[7274,7279,6775,7277,6777,6947,397,7272,7278,7265,7273,7244,7236,2018],"class_list":{"0":"post-38353","1":"post","2":"type-post","3":"status-publish","4":"format-standard","5":"has-post-thumbnail","7":"category-editorials-de","8":"category-nachhaltig-luxus-mode","9":"tag-bio-leinen","10":"tag-deadstock-collection-2","11":"tag-fashion-editorial-de","12":"tag-gestrick","13":"tag-luxiders-magazine-2-de","14":"tag-nachhaltige-marken","15":"tag-nachhaltige-mode-2","16":"tag-nachhaltige-mode-porto","17":"tag-naturfaser","18":"tag-natuerliche-stoffe","19":"tag-oeko-fasern","20":"tag-oeko-modemarken","21":"tag-organische-materialien","22":"tag-sustainable-fashion-de"},"acf":[],"yoast_head":"<title>Fashion Editorial | Dawn of a New Age | Porto - Nachhaltige Mode Luxiders<\/title>\n<meta name=\"description\" content=\"Die wichtigsten Modedesigner von Portugal gaben sich die Hand, um einen Traum zu verwirklichen, der den \u00dcbergang hin zur nachhaltigen Mode vorantreibt. Pe de Chumbo, Gon\u00e7alo Peixoto, Joao Rolo, Miguel Vieira, ...\" \/>\n<meta name=\"robots\" content=\"index, follow, max-snippet:-1, max-image-preview:large, max-video-preview:-1\" \/>\n<link rel=\"canonical\" href=\"https:\/\/luxiders.com\/de\/nachhaltige-mode-porto\/\" \/>\n<meta property=\"og:locale\" content=\"de_DE\" \/>\n<meta property=\"og:type\" content=\"article\" \/>\n<meta property=\"og:title\" content=\"Fashion Editorial | Dawn of a New Age | Porto - Nachhaltige Mode Luxiders\" \/>\n<meta property=\"og:description\" content=\"Die wichtigsten Modedesigner von Portugal gaben sich die Hand, um einen Traum zu verwirklichen, der den \u00dcbergang hin zur nachhaltigen Mode vorantreibt. Pe de Chumbo, Gon\u00e7alo Peixoto, Joao Rolo, Miguel Vieira, ...\" \/>\n<meta property=\"og:url\" content=\"https:\/\/luxiders.com\/de\/nachhaltige-mode-porto\/\" \/>\n<meta property=\"og:site_name\" content=\"Sustainable Fashion - Eco Design - Healthy Lifestyle - Luxiders Magazine\" \/>\n<meta property=\"article:published_time\" content=\"2019-10-30T19:10:00+00:00\" \/>\n<meta property=\"article:modified_time\" content=\"2024-02-15T15:16:12+00:00\" \/>\n<meta property=\"og:image\" content=\"https:\/\/luxiders.com\/content\/uploads\/Fashion-Story-Dawn-of-a-New-Age-Porto_17-e1708008806454.jpg\" \/>\n\t<meta property=\"og:image:width\" content=\"1330\" \/>\n\t<meta property=\"og:image:height\" content=\"998\" \/>\n\t<meta property=\"og:image:type\" content=\"image\/jpeg\" \/>\n<meta name=\"author\" content=\"luxiders\" \/>\n<meta name=\"twitter:card\" content=\"summary_large_image\" \/>\n<meta name=\"twitter:label1\" content=\"Verfasst von\" \/>\n\t<meta name=\"twitter:data1\" content=\"luxiders\" \/>\n\t<meta name=\"twitter:label2\" content=\"Gesch\u00e4tzte Lesezeit\" \/>\n\t<meta name=\"twitter:data2\" content=\"6\u00a0Minuten\" \/>\n<script type=\"application\/ld+json\" class=\"yoast-schema-graph\">{\"@context\":\"https:\/\/schema.org\",\"@graph\":[{\"@type\":\"Article\",\"@id\":\"https:\/\/luxiders.com\/de\/nachhaltige-mode-porto\/#article\",\"isPartOf\":{\"@id\":\"https:\/\/luxiders.com\/de\/nachhaltige-mode-porto\/\"},\"author\":{\"name\":\"luxiders\",\"@id\":\"https:\/\/luxiders.com\/de\/#\/schema\/person\/8632fa702ae2ce98f66c396254633de8\"},\"headline\":\"Fashion Editorial | Dawn of a New Age | Porto\",\"datePublished\":\"2019-10-30T19:10:00+00:00\",\"dateModified\":\"2024-02-15T15:16:12+00:00\",\"mainEntityOfPage\":{\"@id\":\"https:\/\/luxiders.com\/de\/nachhaltige-mode-porto\/\"},\"wordCount\":8,\"publisher\":{\"@id\":\"https:\/\/luxiders.com\/de\/#organization\"},\"image\":{\"@id\":\"https:\/\/luxiders.com\/de\/nachhaltige-mode-porto\/#primaryimage\"},\"thumbnailUrl\":\"https:\/\/luxiders.com\/content\/uploads\/Fashion-Story-Dawn-of-a-New-Age-Porto_17-e1708008806454.jpg\",\"keywords\":[\"Bio-Leinen\",\"deadstock collection\",\"fashion editorial\",\"Gestrick\",\"luxiders magazine\",\"nachhaltige Marken\",\"nachhaltige Mode\",\"nachhaltige Mode Porto\",\"Naturfaser\",\"nat\u00fcrliche Stoffe\",\"\u00d6ko-Fasern\",\"\u00f6ko-Modemarken\",\"organische Materialien\",\"sustainable fashion\"],\"articleSection\":[\"Editorials\",\"Mode\"],\"inLanguage\":\"de\"},{\"@type\":\"WebPage\",\"@id\":\"https:\/\/luxiders.com\/de\/nachhaltige-mode-porto\/\",\"url\":\"https:\/\/luxiders.com\/de\/nachhaltige-mode-porto\/\",\"name\":\"Fashion Editorial | Dawn of a New Age | Porto - Nachhaltige Mode Luxiders\",\"isPartOf\":{\"@id\":\"https:\/\/luxiders.com\/de\/#website\"},\"primaryImageOfPage\":{\"@id\":\"https:\/\/luxiders.com\/de\/nachhaltige-mode-porto\/#primaryimage\"},\"image\":{\"@id\":\"https:\/\/luxiders.com\/de\/nachhaltige-mode-porto\/#primaryimage\"},\"thumbnailUrl\":\"https:\/\/luxiders.com\/content\/uploads\/Fashion-Story-Dawn-of-a-New-Age-Porto_17-e1708008806454.jpg\",\"datePublished\":\"2019-10-30T19:10:00+00:00\",\"dateModified\":\"2024-02-15T15:16:12+00:00\",\"description\":\"Die wichtigsten Modedesigner von Portugal gaben sich die Hand, um einen Traum zu verwirklichen, der den \u00dcbergang hin zur nachhaltigen Mode vorantreibt. Pe de Chumbo, Gon\u00e7alo Peixoto, Joao Rolo, Miguel Vieira, ...\",\"breadcrumb\":{\"@id\":\"https:\/\/luxiders.com\/de\/nachhaltige-mode-porto\/#breadcrumb\"},\"inLanguage\":\"de\",\"potentialAction\":[{\"@type\":\"ReadAction\",\"target\":[\"https:\/\/luxiders.com\/de\/nachhaltige-mode-porto\/\"]}]},{\"@type\":\"ImageObject\",\"inLanguage\":\"de\",\"@id\":\"https:\/\/luxiders.com\/de\/nachhaltige-mode-porto\/#primaryimage\",\"url\":\"https:\/\/luxiders.com\/content\/uploads\/Fashion-Story-Dawn-of-a-New-Age-Porto_17-e1708008806454.jpg\",\"contentUrl\":\"https:\/\/luxiders.com\/content\/uploads\/Fashion-Story-Dawn-of-a-New-Age-Porto_17-e1708008806454.jpg\",\"width\":1330,\"height\":998,\"caption\":\"Fashion-Story-Dawn-of-a-New-Age-Porto\"},{\"@type\":\"BreadcrumbList\",\"@id\":\"https:\/\/luxiders.com\/de\/nachhaltige-mode-porto\/#breadcrumb\",\"itemListElement\":[{\"@type\":\"ListItem\",\"position\":1,\"name\":\"Startseite\",\"item\":\"https:\/\/luxiders.com\/de\/\"},{\"@type\":\"ListItem\",\"position\":2,\"name\":\"Mode\",\"item\":\"https:\/\/luxiders.com\/de\/Katregorie\/nachhaltig-luxus-mode\/\"},{\"@type\":\"ListItem\",\"position\":3,\"name\":\"Fashion Editorial | Dawn of a New Age | Porto\"}]},{\"@type\":\"WebSite\",\"@id\":\"https:\/\/luxiders.com\/de\/#website\",\"url\":\"https:\/\/luxiders.com\/de\/\",\"name\":\"Sustainable Fashion - Eco Design - Healthy Lifestyle - Luxiders Magazine\",\"description\":\"Luxiders is a sustainable luxury magazine highlighting the best stories about sustainable fashion, ethical fashion, eco-friendly design, green design, sustainable travel, natural beauty, organic beauty and healthy lifestyle. Know the best high-end, progressive and luxury sustainable brands and designers worldwide.\",\"publisher\":{\"@id\":\"https:\/\/luxiders.com\/de\/#organization\"},\"potentialAction\":[{\"@type\":\"SearchAction\",\"target\":{\"@type\":\"EntryPoint\",\"urlTemplate\":\"https:\/\/luxiders.com\/de\/?s={search_term_string}\"},\"query-input\":{\"@type\":\"PropertyValueSpecification\",\"valueRequired\":true,\"valueName\":\"search_term_string\"}}],\"inLanguage\":\"de\"},{\"@type\":\"Organization\",\"@id\":\"https:\/\/luxiders.com\/de\/#organization\",\"name\":\"Sustainable Fashion - Eco Design - Healthy Lifestyle - Luxiders Magazine\",\"url\":\"https:\/\/luxiders.com\/de\/\",\"logo\":{\"@type\":\"ImageObject\",\"inLanguage\":\"de\",\"@id\":\"https:\/\/luxiders.com\/de\/#\/schema\/logo\/image\/\",\"url\":\"https:\/\/luxiders.com\/content\/uploads\/lux-logo.svg\",\"contentUrl\":\"https:\/\/luxiders.com\/content\/uploads\/lux-logo.svg\",\"caption\":\"Sustainable Fashion - Eco Design - Healthy Lifestyle - Luxiders Magazine\"},\"image\":{\"@id\":\"https:\/\/luxiders.com\/de\/#\/schema\/logo\/image\/\"}},{\"@type\":\"Person\",\"@id\":\"https:\/\/luxiders.com\/de\/#\/schema\/person\/8632fa702ae2ce98f66c396254633de8\",\"name\":\"luxiders\",\"url\":\"https:\/\/luxiders.com\/de\/author\/luxiders\/\"}]}<\/script>","yoast_head_json":{"title":"Fashion Editorial | Dawn of a New Age | Porto - Nachhaltige Mode Luxiders","description":"Die wichtigsten Modedesigner von Portugal gaben sich die Hand, um einen Traum zu verwirklichen, der den \u00dcbergang hin zur nachhaltigen Mode vorantreibt. Pe de Chumbo, Gon\u00e7alo Peixoto, Joao Rolo, Miguel Vieira, ...","robots":{"index":"index","follow":"follow","max-snippet":"max-snippet:-1","max-image-preview":"max-image-preview:large","max-video-preview":"max-video-preview:-1"},"canonical":"https:\/\/luxiders.com\/de\/nachhaltige-mode-porto\/","og_locale":"de_DE","og_type":"article","og_title":"Fashion Editorial | Dawn of a New Age | Porto - Nachhaltige Mode Luxiders","og_description":"Die wichtigsten Modedesigner von Portugal gaben sich die Hand, um einen Traum zu verwirklichen, der den \u00dcbergang hin zur nachhaltigen Mode vorantreibt. Pe de Chumbo, Gon\u00e7alo Peixoto, Joao Rolo, Miguel Vieira, ...","og_url":"https:\/\/luxiders.com\/de\/nachhaltige-mode-porto\/","og_site_name":"Sustainable Fashion - Eco Design - Healthy Lifestyle - Luxiders Magazine","article_published_time":"2019-10-30T19:10:00+00:00","article_modified_time":"2024-02-15T15:16:12+00:00","og_image":[{"width":1330,"height":998,"url":"https:\/\/luxiders.com\/content\/uploads\/Fashion-Story-Dawn-of-a-New-Age-Porto_17-e1708008806454.jpg","type":"image\/jpeg"}],"author":"luxiders","twitter_card":"summary_large_image","twitter_misc":{"Verfasst von":"luxiders","Gesch\u00e4tzte Lesezeit":"6\u00a0Minuten"},"schema":{"@context":"https:\/\/schema.org","@graph":[{"@type":"Article","@id":"https:\/\/luxiders.com\/de\/nachhaltige-mode-porto\/#article","isPartOf":{"@id":"https:\/\/luxiders.com\/de\/nachhaltige-mode-porto\/"},"author":{"name":"luxiders","@id":"https:\/\/luxiders.com\/de\/#\/schema\/person\/8632fa702ae2ce98f66c396254633de8"},"headline":"Fashion Editorial | Dawn of a New Age | Porto","datePublished":"2019-10-30T19:10:00+00:00","dateModified":"2024-02-15T15:16:12+00:00","mainEntityOfPage":{"@id":"https:\/\/luxiders.com\/de\/nachhaltige-mode-porto\/"},"wordCount":8,"publisher":{"@id":"https:\/\/luxiders.com\/de\/#organization"},"image":{"@id":"https:\/\/luxiders.com\/de\/nachhaltige-mode-porto\/#primaryimage"},"thumbnailUrl":"https:\/\/luxiders.com\/content\/uploads\/Fashion-Story-Dawn-of-a-New-Age-Porto_17-e1708008806454.jpg","keywords":["Bio-Leinen","deadstock collection","fashion editorial","Gestrick","luxiders magazine","nachhaltige Marken","nachhaltige Mode","nachhaltige Mode Porto","Naturfaser","nat\u00fcrliche Stoffe","\u00d6ko-Fasern","\u00f6ko-Modemarken","organische Materialien","sustainable fashion"],"articleSection":["Editorials","Mode"],"inLanguage":"de"},{"@type":"WebPage","@id":"https:\/\/luxiders.com\/de\/nachhaltige-mode-porto\/","url":"https:\/\/luxiders.com\/de\/nachhaltige-mode-porto\/","name":"Fashion Editorial | Dawn of a New Age | Porto - Nachhaltige Mode Luxiders","isPartOf":{"@id":"https:\/\/luxiders.com\/de\/#website"},"primaryImageOfPage":{"@id":"https:\/\/luxiders.com\/de\/nachhaltige-mode-porto\/#primaryimage"},"image":{"@id":"https:\/\/luxiders.com\/de\/nachhaltige-mode-porto\/#primaryimage"},"thumbnailUrl":"https:\/\/luxiders.com\/content\/uploads\/Fashion-Story-Dawn-of-a-New-Age-Porto_17-e1708008806454.jpg","datePublished":"2019-10-30T19:10:00+00:00","dateModified":"2024-02-15T15:16:12+00:00","description":"Die wichtigsten Modedesigner von Portugal gaben sich die Hand, um einen Traum zu verwirklichen, der den \u00dcbergang hin zur nachhaltigen Mode vorantreibt. Pe de Chumbo, Gon\u00e7alo Peixoto, Joao Rolo, Miguel Vieira, ...","breadcrumb":{"@id":"https:\/\/luxiders.com\/de\/nachhaltige-mode-porto\/#breadcrumb"},"inLanguage":"de","potentialAction":[{"@type":"ReadAction","target":["https:\/\/luxiders.com\/de\/nachhaltige-mode-porto\/"]}]},{"@type":"ImageObject","inLanguage":"de","@id":"https:\/\/luxiders.com\/de\/nachhaltige-mode-porto\/#primaryimage","url":"https:\/\/luxiders.com\/content\/uploads\/Fashion-Story-Dawn-of-a-New-Age-Porto_17-e1708008806454.jpg","contentUrl":"https:\/\/luxiders.com\/content\/uploads\/Fashion-Story-Dawn-of-a-New-Age-Porto_17-e1708008806454.jpg","width":1330,"height":998,"caption":"Fashion-Story-Dawn-of-a-New-Age-Porto"},{"@type":"BreadcrumbList","@id":"https:\/\/luxiders.com\/de\/nachhaltige-mode-porto\/#breadcrumb","itemListElement":[{"@type":"ListItem","position":1,"name":"Startseite","item":"https:\/\/luxiders.com\/de\/"},{"@type":"ListItem","position":2,"name":"Mode","item":"https:\/\/luxiders.com\/de\/Katregorie\/nachhaltig-luxus-mode\/"},{"@type":"ListItem","position":3,"name":"Fashion Editorial | Dawn of a New Age | Porto"}]},{"@type":"WebSite","@id":"https:\/\/luxiders.com\/de\/#website","url":"https:\/\/luxiders.com\/de\/","name":"Sustainable Fashion - Eco Design - Healthy Lifestyle - Luxiders Magazine","description":"Luxiders is a sustainable luxury magazine highlighting the best stories about sustainable fashion, ethical fashion, eco-friendly design, green design, sustainable travel, natural beauty, organic beauty and healthy lifestyle. Know the best high-end, progressive and luxury sustainable brands and designers worldwide.","publisher":{"@id":"https:\/\/luxiders.com\/de\/#organization"},"potentialAction":[{"@type":"SearchAction","target":{"@type":"EntryPoint","urlTemplate":"https:\/\/luxiders.com\/de\/?s={search_term_string}"},"query-input":{"@type":"PropertyValueSpecification","valueRequired":true,"valueName":"search_term_string"}}],"inLanguage":"de"},{"@type":"Organization","@id":"https:\/\/luxiders.com\/de\/#organization","name":"Sustainable Fashion - Eco Design - Healthy Lifestyle - Luxiders Magazine","url":"https:\/\/luxiders.com\/de\/","logo":{"@type":"ImageObject","inLanguage":"de","@id":"https:\/\/luxiders.com\/de\/#\/schema\/logo\/image\/","url":"https:\/\/luxiders.com\/content\/uploads\/lux-logo.svg","contentUrl":"https:\/\/luxiders.com\/content\/uploads\/lux-logo.svg","caption":"Sustainable Fashion - Eco Design - Healthy Lifestyle - Luxiders Magazine"},"image":{"@id":"https:\/\/luxiders.com\/de\/#\/schema\/logo\/image\/"}},{"@type":"Person","@id":"https:\/\/luxiders.com\/de\/#\/schema\/person\/8632fa702ae2ce98f66c396254633de8","name":"luxiders","url":"https:\/\/luxiders.com\/de\/author\/luxiders\/"}]}},"_links":{"self":[{"href":"https:\/\/luxiders.com\/de\/wp-json\/wp\/v2\/posts\/38353","targetHints":{"allow":["GET"]}}],"collection":[{"href":"https:\/\/luxiders.com\/de\/wp-json\/wp\/v2\/posts"}],"about":[{"href":"https:\/\/luxiders.com\/de\/wp-json\/wp\/v2\/types\/post"}],"author":[{"embeddable":true,"href":"https:\/\/luxiders.com\/de\/wp-json\/wp\/v2\/users\/2"}],"replies":[{"embeddable":true,"href":"https:\/\/luxiders.com\/de\/wp-json\/wp\/v2\/comments?post=38353"}],"version-history":[{"count":3,"href":"https:\/\/luxiders.com\/de\/wp-json\/wp\/v2\/posts\/38353\/revisions"}],"predecessor-version":[{"id":38487,"href":"https:\/\/luxiders.com\/de\/wp-json\/wp\/v2\/posts\/38353\/revisions\/38487"}],"wp:featuredmedia":[{"embeddable":true,"href":"https:\/\/luxiders.com\/de\/wp-json\/wp\/v2\/media\/38467"}],"wp:attachment":[{"href":"https:\/\/luxiders.com\/de\/wp-json\/wp\/v2\/media?parent=38353"}],"wp:term":[{"taxonomy":"category","embeddable":true,"href":"https:\/\/luxiders.com\/de\/wp-json\/wp\/v2\/categories?post=38353"},{"taxonomy":"post_tag","embeddable":true,"href":"https:\/\/luxiders.com\/de\/wp-json\/wp\/v2\/tags?post=38353"}],"curies":[{"name":"wp","href":"https:\/\/api.w.org\/{rel}","templated":true}]}}