{"id":40771,"date":"2018-10-25T17:28:00","date_gmt":"2018-10-25T15:28:00","guid":{"rendered":"http:\/\/luxiders.com.w01cc729.kasserver.com\/?p=40771"},"modified":"2024-02-26T11:09:13","modified_gmt":"2024-02-26T10:09:13","slug":"nachhaltige-mode-story-porto","status":"publish","type":"post","link":"https:\/\/luxiders.com\/de\/nachhaltige-mode-story-porto\/","title":{"rendered":"Sustainable Fashion Stories * Gedichte aus Porto"},"content":{"rendered":"    <section id=\"textblock-block_6543f9305e5b1d10006b459603e2a7e3\" class=\"section position-relative gp-block gp-textblock pt-0 pb-0\">\n        <div class=\"container\">\n            <div class=\"row g-0\">\n                <div class=\"col-lg-12 content\" data-aos=\"fade-in\" data-aos-duration=\"1000\">\n                                                                                    <div class=\"intro \">\n                            <p>&nbsp;<\/p>\n<div class=\"\" style=\"text-align: center;\">\n<div class=\"wrap mcb-wrap one valign-top clearfix\">\n<div class=\"mcb-wrap-inner\">\n<div class=\"column mcb-column three-fifth column_visual \">\n<div class=\"\">\n<p>O trapezista salta, voa<\/p>\n<p>sem\u00a0medo, o bra\u00e7o cede, dispara uma dor sem igual,<\/p>\n<p>o cora\u00e7\u00e3o<\/p>\n<p>bate forte, medo.<\/p>\n<p>&nbsp;<\/p>\n<p>O trapezista agarra-se a vida<\/p>\n<p>com meio bra\u00e7o, a vida fica<\/p>\n<p>suspensa na decis\u00e3o de saltar&#8230;<\/p>\n<p>8\/25 FB\/nsat81<\/p>\n<\/div>\n<\/div>\n<\/div>\n<\/div>\n<\/div>\n<p>&nbsp;<\/p>\n<p>&nbsp;<\/p>\n<div class=\"\" style=\"text-align: center;\">\n<div class=\"wrap mcb-wrap one valign-top clearfix\">\n<div class=\"mcb-wrap-inner\">\n<div class=\"column mcb-column three-fifth column_visual \">\n<div class=\"\">\n<p style=\"text-align: right;\"><em>Gedicht gefunden in den Stra\u00dfen von Porto\u00a0<\/em><\/p>\n<\/div>\n<\/div>\n<\/div>\n<\/div>\n<\/div>\n                        <\/div>\n                                                                                                <\/div>\n            <\/div>\n        <\/div>\n    <\/section>\n    \n\n    <section id=\"newsletter-block_b8a13874f96a9c94d71b0f196cb66327\" class=\"section position-relative gp-block gp-newsletter pt-0 pb-0 my-5\">\n        <div class=\"container\">\n            <div class=\"row g-0 pt-4 pb-3\">\n                <div class=\"col-lg-12 content text-center border pt-3\" data-aos=\"fade-in\" data-aos-duration=\"1000\">\n                                            <p><em>Um den Luxiders Newsletter zu erhalten,\u00a0<a href=\"https:\/\/landing.mailerlite.com\/webforms\/landing\/g1u8s7\">melde dich hier an<\/a>.<\/em><\/p>\n                                    <\/div>\n            <\/div>\n        <\/div>\n    <\/section>\n    \n\n    <section id=\"media-block_1eac51d34309194d1a5b428e32419629\" class=\"section position-relative gp-block gp-media pt-0 pb-0\">\n        <div class=\"container\">\n            <div class=\"row g-0\">\n                <div class=\"col-lg-12 content\" data-aos=\"fade-in\" data-aos-duration=\"1000\">\n                                                                            <\/div>\n            <\/div>\n            <div class=\"row g-0\">\n                <div class=\"col-lg-12 img-scaled\">\n                                                                                                                                                <figure class=\"mb-4 pt-lg-5 mb-lg-2 ps-lg-0 pe-lg-0\" data-aos=\"fade-up\" data-aos-duration=\"1000\"><div class=\"img-container\"><img loading=\"lazy\" decoding=\"async\" width=\"1200\" height=\"1800\" src=\"https:\/\/luxiders.com\/content\/uploads\/Sustainable-Fashion-Story-Poems-from-Porto_1.jpg\" class=\"img-fluid w-100\" alt=\"Sustainable-Fashion-Story-Poems-from-Porto\" srcset=\"https:\/\/luxiders.com\/content\/uploads\/Sustainable-Fashion-Story-Poems-from-Porto_1.jpg 1200w, https:\/\/luxiders.com\/content\/uploads\/Sustainable-Fashion-Story-Poems-from-Porto_1-200x300.jpg 200w, https:\/\/luxiders.com\/content\/uploads\/Sustainable-Fashion-Story-Poems-from-Porto_1-683x1024.jpg 683w, https:\/\/luxiders.com\/content\/uploads\/Sustainable-Fashion-Story-Poems-from-Porto_1-768x1152.jpg 768w, https:\/\/luxiders.com\/content\/uploads\/Sustainable-Fashion-Story-Poems-from-Porto_1-1024x1536.jpg 1024w\" sizes=\"(max-width: 1200px) 100vw, 1200px\" \/><\/div><\/figure>                                                                                                                                                                                                    <div class=\"text pt-lg-2 mb-lg-5 ps-lg-10 pe-lg-10\" data-aos=\"fade-in\" data-aos-duration=\"1000\">\n                                            <p style=\"text-align: center;\">Vitoria tr\u00e4gt ein Total Look des portugiesischen Designers\u00a0<a href=\"https:\/\/www.instagram.com\/ivanalmeida.oficial\/\" target=\"_blank\" rel=\"noopener\"><strong>IVAN ALMEIDA<\/strong><\/a>. Es ist ethisch hergestellt\u00a0 und Slow Fashion mit Stoffen aus Portugal. Schuhe sind von\u00a0<a href=\"https:\/\/www.maritamoreno.com\/\" target=\"_blank\" rel=\"noopener\"><strong>MARITA MORENO<\/strong><\/a>. Die Plattform\/Sohle ist handgefertigt und aus Naturholz. Francisca tr\u00e4gt einen asymmetrischen Overall von IVAN ALMEIDA und einen Quilt jumper von\u00a0<a href=\"http:\/\/bukiakomolafe.com\/\" target=\"_blank\" rel=\"noopener\"><strong>BUKI AKOMOLAFE<\/strong><\/a>. 100% Bio-Baumwolle. Er ist reversibel und variabel dank der integrierten Druckkn\u00f6pfe.<\/p>\n                                        <\/div>\n                                                                                                                                <\/div>\n                                            <\/div>\n        <\/div>\n    <\/section>\n    \n\n    <section id=\"media-block_88f42f6d0f84f0584581d30b1f2e2ecc\" class=\"section position-relative gp-block gp-media pt-0 pb-0\">\n        <div class=\"container\">\n            <div class=\"row g-0\">\n                <div class=\"col-lg-12 content\" data-aos=\"fade-in\" data-aos-duration=\"1000\">\n                                                                            <\/div>\n            <\/div>\n            <div class=\"row g-0\">\n                <div class=\"col-lg-6 \">\n                                                                                                                                                <figure class=\"mb-4 pt-lg-5 mb-lg-2 ps-lg-7 pe-lg-0\" data-aos=\"fade-up\" data-aos-duration=\"1000\"><div class=\"img-container\"><img loading=\"lazy\" decoding=\"async\" width=\"1200\" height=\"1799\" src=\"https:\/\/luxiders.com\/content\/uploads\/Sustainable-Fashion-Story-Poems-from-Porto_2.jpg\" class=\"img-fluid w-100\" alt=\"Sustainable-Fashion-Story-Poems-from-Porto\" srcset=\"https:\/\/luxiders.com\/content\/uploads\/Sustainable-Fashion-Story-Poems-from-Porto_2.jpg 1200w, https:\/\/luxiders.com\/content\/uploads\/Sustainable-Fashion-Story-Poems-from-Porto_2-200x300.jpg 200w, https:\/\/luxiders.com\/content\/uploads\/Sustainable-Fashion-Story-Poems-from-Porto_2-683x1024.jpg 683w, https:\/\/luxiders.com\/content\/uploads\/Sustainable-Fashion-Story-Poems-from-Porto_2-768x1151.jpg 768w, https:\/\/luxiders.com\/content\/uploads\/Sustainable-Fashion-Story-Poems-from-Porto_2-1025x1536.jpg 1025w\" sizes=\"(max-width: 1200px) 100vw, 1200px\" \/><\/div><\/figure>                                                                                                                                                                                                    <div class=\"text pt-lg-2 mb-lg-5 ps-lg-7 pe-lg-0\" data-aos=\"fade-in\" data-aos-duration=\"1000\">\n                                            <p>Jumpsuit von\u00a0<a href=\"http:\/\/www.coracaoalecrim.com\/product\/jumpsuit\" target=\"_blank\" rel=\"noopener\"><strong>CORA\u00c7AO ALECRIM<\/strong><\/a>, hergestellt aus Cupro und viel Liebe in Portugal. Der Eco Kimono Blue Tokio aus dunkler Wolle ist eine limitierte Edition der nachhaltigen Marke\u00a0<a href=\"https:\/\/avasan.es\/\" target=\"_blank\" rel=\"noopener\"><strong>AVASAN<\/strong><\/a>. Schuhe sind von\u00a0<a href=\"https:\/\/www.maritamoreno.com\/\" target=\"_blank\" rel=\"noopener\"><strong>MARITA MORENO<\/strong><\/a>.<\/p>\n                                        <\/div>\n                                                                                                                                <\/div>\n                                    <div class=\"col-lg-6\">\n                                                                                                                                                        <figure class=\"mb-4 pt-lg-8 mb-lg-5 ps-lg-8 pe-lg-10\" data-aos=\"fade-up\" data-aos-duration=\"1000\"><div class=\"img-container\"><img loading=\"lazy\" decoding=\"async\" width=\"1200\" height=\"800\" src=\"https:\/\/luxiders.com\/content\/uploads\/Sustainable-Fashion-Story-Poems-from-Porto_3.jpg\" class=\"img-fluid w-100\" alt=\"Sustainable-Fashion-Story-Poems-from-Porto\" srcset=\"https:\/\/luxiders.com\/content\/uploads\/Sustainable-Fashion-Story-Poems-from-Porto_3.jpg 1200w, https:\/\/luxiders.com\/content\/uploads\/Sustainable-Fashion-Story-Poems-from-Porto_3-300x200.jpg 300w, https:\/\/luxiders.com\/content\/uploads\/Sustainable-Fashion-Story-Poems-from-Porto_3-1024x683.jpg 1024w, https:\/\/luxiders.com\/content\/uploads\/Sustainable-Fashion-Story-Poems-from-Porto_3-768x512.jpg 768w\" sizes=\"(max-width: 1200px) 100vw, 1200px\" \/><\/div><\/figure>                                                                                                                                                                <figure class=\"mb-4 pt-lg-5 mb-lg-5 ps-lg-8 pe-lg-10\" data-aos=\"fade-up\" data-aos-duration=\"1000\"><div class=\"img-container\"><img loading=\"lazy\" decoding=\"async\" width=\"1200\" height=\"1800\" src=\"https:\/\/luxiders.com\/content\/uploads\/Sustainable-Fashion-Story-Poems-from-Porto_4.jpg\" class=\"img-fluid w-100\" alt=\"Sustainable-Fashion-Story-Poems-from-Porto\" srcset=\"https:\/\/luxiders.com\/content\/uploads\/Sustainable-Fashion-Story-Poems-from-Porto_4.jpg 1200w, https:\/\/luxiders.com\/content\/uploads\/Sustainable-Fashion-Story-Poems-from-Porto_4-200x300.jpg 200w, https:\/\/luxiders.com\/content\/uploads\/Sustainable-Fashion-Story-Poems-from-Porto_4-683x1024.jpg 683w, https:\/\/luxiders.com\/content\/uploads\/Sustainable-Fashion-Story-Poems-from-Porto_4-768x1152.jpg 768w, https:\/\/luxiders.com\/content\/uploads\/Sustainable-Fashion-Story-Poems-from-Porto_4-1024x1536.jpg 1024w\" sizes=\"(max-width: 1200px) 100vw, 1200px\" \/><\/div><\/figure>                                                                                                        <\/div>\n                                            <\/div>\n        <\/div>\n    <\/section>\n    \n\n    <section id=\"media-block_e145f656d5c32f2a77e73b8c5dda218e\" class=\"section position-relative gp-block gp-media pt-0 pb-0\">\n        <div class=\"container\">\n            <div class=\"row g-0\">\n                <div class=\"col-lg-12 content\" data-aos=\"fade-in\" data-aos-duration=\"1000\">\n                                                                            <\/div>\n            <\/div>\n            <div class=\"row g-0\">\n                <div class=\"col-lg-12 img-scaled\">\n                                                                                                                                                <figure class=\"mb-4 pt-lg-5 mb-lg-2 ps-lg-0 pe-lg-0\" data-aos=\"fade-up\" data-aos-duration=\"1000\"><div class=\"img-container\"><img loading=\"lazy\" decoding=\"async\" width=\"1200\" height=\"1800\" src=\"https:\/\/luxiders.com\/content\/uploads\/Sustainable-Fashion-Story-Poems-from-Porto_5.jpg\" class=\"img-fluid w-100\" alt=\"Sustainable-Fashion-Story-Poems-from-Porto\" srcset=\"https:\/\/luxiders.com\/content\/uploads\/Sustainable-Fashion-Story-Poems-from-Porto_5.jpg 1200w, https:\/\/luxiders.com\/content\/uploads\/Sustainable-Fashion-Story-Poems-from-Porto_5-200x300.jpg 200w, https:\/\/luxiders.com\/content\/uploads\/Sustainable-Fashion-Story-Poems-from-Porto_5-683x1024.jpg 683w, https:\/\/luxiders.com\/content\/uploads\/Sustainable-Fashion-Story-Poems-from-Porto_5-768x1152.jpg 768w, https:\/\/luxiders.com\/content\/uploads\/Sustainable-Fashion-Story-Poems-from-Porto_5-1024x1536.jpg 1024w\" sizes=\"(max-width: 1200px) 100vw, 1200px\" \/><\/div><\/figure>                                                                                                                                                                                                    <div class=\"text pt-lg-2 mb-lg-5 ps-lg-10 pe-lg-10\" data-aos=\"fade-in\" data-aos-duration=\"1000\">\n                                            <p style=\"text-align: center;\">Das orangefarbene Kleid und das mehrlagige Drapekleid des unabh\u00e4ngigen Designers\u00a0<strong><a href=\"http:\/\/nsgaia.com\/\" target=\"_blank\" rel=\"noopener\">NS GAIA<\/a>\u00a0<\/strong>stammen aus der Hybrid Collection. Das Konzept der Kollektion widmet sich der Natur und ihrer Entwicklung in eine neue Welt, in der Techniken sich vermischen: Mediendruck, Handstickereien aus Upcycling-Material und dekonstruierte Formen aus Naturfasern wie Rayon und Baumwolle.<\/p>\n                                        <\/div>\n                                                                                                                                <\/div>\n                                            <\/div>\n        <\/div>\n    <\/section>\n    \n\n    <section id=\"media-block_5339eae5f04589682b2be88166308a9b\" class=\"section position-relative gp-block gp-media pt-0 pb-0\">\n        <div class=\"container\">\n            <div class=\"row g-0\">\n                <div class=\"col-lg-12 content\" data-aos=\"fade-in\" data-aos-duration=\"1000\">\n                                                                            <\/div>\n            <\/div>\n            <div class=\"row g-0\">\n                <div class=\"col-lg-6 \">\n                                                                                                                                                <figure class=\"mb-4 pt-lg-5 mb-lg-5 ps-lg-7 pe-lg-0\" data-aos=\"fade-up\" data-aos-duration=\"1000\"><div class=\"img-container\"><img loading=\"lazy\" decoding=\"async\" width=\"1200\" height=\"1799\" src=\"https:\/\/luxiders.com\/content\/uploads\/Sustainable-Fashion-Story-Poems-from-Porto_6.jpg\" class=\"img-fluid w-100\" alt=\"Sustainable-Fashion-Story-Poems-from-Porto\" srcset=\"https:\/\/luxiders.com\/content\/uploads\/Sustainable-Fashion-Story-Poems-from-Porto_6.jpg 1200w, https:\/\/luxiders.com\/content\/uploads\/Sustainable-Fashion-Story-Poems-from-Porto_6-200x300.jpg 200w, https:\/\/luxiders.com\/content\/uploads\/Sustainable-Fashion-Story-Poems-from-Porto_6-683x1024.jpg 683w, https:\/\/luxiders.com\/content\/uploads\/Sustainable-Fashion-Story-Poems-from-Porto_6-768x1151.jpg 768w, https:\/\/luxiders.com\/content\/uploads\/Sustainable-Fashion-Story-Poems-from-Porto_6-1025x1536.jpg 1025w\" sizes=\"(max-width: 1200px) 100vw, 1200px\" \/><\/div><\/figure>                                                                                                                                                                                                    <div class=\"text pt-lg-5 mb-lg-5 ps-lg-7 pe-lg-0\" data-aos=\"fade-in\" data-aos-duration=\"1000\">\n                                            <p>Bonaparte Kleid von\u00a0<span class=\"\"><a href=\"https:\/\/www.misci.pt\/\" target=\"_blank\" rel=\"noopener\"><strong>MISCI<\/strong><\/a><\/span>\u00a0mit handgefertigten Details aus traditionellen portugiesischen Techniken gefertigt. Clutch in Pau Ferroholz wurde von\u00a0<a href=\"https:\/\/www.maritamoreno.com\/\" target=\"_blank\" rel=\"noopener\"><strong>MARITA MORENO<\/strong><\/a>\u00a0in einer kleinen Familienfabrik in Nordportugal handgefertigt. Damenschuhe in Kork werden von einem zertifizierten Handwerker aus Terceira Island, Azoren handgefertigt.\u00a0 Auch von MARITA MORENO.<\/p>\n                                        <\/div>\n                                                                                                                                <\/div>\n                                    <div class=\"col-lg-6\">\n                                                                                                                                                        <figure class=\"mb-4 pt-lg-8 mb-lg-10 ps-lg-8 pe-lg-10\" data-aos=\"fade-up\" data-aos-duration=\"1000\"><div class=\"img-container\"><img loading=\"lazy\" decoding=\"async\" width=\"1200\" height=\"1800\" src=\"https:\/\/luxiders.com\/content\/uploads\/Sustainable-Fashion-Story-Poems-from-Porto_7.jpg\" class=\"img-fluid w-100\" alt=\"Sustainable-Fashion-Story-Poems-from-Porto\" srcset=\"https:\/\/luxiders.com\/content\/uploads\/Sustainable-Fashion-Story-Poems-from-Porto_7.jpg 1200w, https:\/\/luxiders.com\/content\/uploads\/Sustainable-Fashion-Story-Poems-from-Porto_7-200x300.jpg 200w, https:\/\/luxiders.com\/content\/uploads\/Sustainable-Fashion-Story-Poems-from-Porto_7-683x1024.jpg 683w, https:\/\/luxiders.com\/content\/uploads\/Sustainable-Fashion-Story-Poems-from-Porto_7-768x1152.jpg 768w, https:\/\/luxiders.com\/content\/uploads\/Sustainable-Fashion-Story-Poems-from-Porto_7-1024x1536.jpg 1024w\" sizes=\"(max-width: 1200px) 100vw, 1200px\" \/><\/div><\/figure>                                                                                                                                                                <figure class=\"mb-4 pt-lg-3 mb-lg-5 ps-lg-7 pe-lg-10\" data-aos=\"fade-up\" data-aos-duration=\"1000\"><div class=\"img-container\"><img loading=\"lazy\" decoding=\"async\" width=\"1200\" height=\"1800\" src=\"https:\/\/luxiders.com\/content\/uploads\/Sustainable-Fashion-Story-Poems-from-Porto_8.jpg\" class=\"img-fluid w-100\" alt=\"Sustainable-Fashion-Story-Poems-from-Porto\" srcset=\"https:\/\/luxiders.com\/content\/uploads\/Sustainable-Fashion-Story-Poems-from-Porto_8.jpg 1200w, https:\/\/luxiders.com\/content\/uploads\/Sustainable-Fashion-Story-Poems-from-Porto_8-200x300.jpg 200w, https:\/\/luxiders.com\/content\/uploads\/Sustainable-Fashion-Story-Poems-from-Porto_8-683x1024.jpg 683w, https:\/\/luxiders.com\/content\/uploads\/Sustainable-Fashion-Story-Poems-from-Porto_8-768x1152.jpg 768w, https:\/\/luxiders.com\/content\/uploads\/Sustainable-Fashion-Story-Poems-from-Porto_8-1024x1536.jpg 1024w\" sizes=\"(max-width: 1200px) 100vw, 1200px\" \/><\/div><\/figure>                                                                                                        <\/div>\n                                            <\/div>\n        <\/div>\n    <\/section>\n    \n\n    <section id=\"media-block_afa34e46a9961cf54cb0648795e96d81\" class=\"section position-relative gp-block gp-media pt-0 pb-0\">\n        <div class=\"container\">\n            <div class=\"row g-0\">\n                <div class=\"col-lg-12 content\" data-aos=\"fade-in\" data-aos-duration=\"1000\">\n                                                                            <\/div>\n            <\/div>\n            <div class=\"row g-0\">\n                <div class=\"col-lg-12 img-scaled\">\n                                                                                                                                                <figure class=\"mb-4 pt-lg-5 mb-lg-2 ps-lg-0 pe-lg-0\" data-aos=\"fade-up\" data-aos-duration=\"1000\"><div class=\"img-container\"><img loading=\"lazy\" decoding=\"async\" width=\"1200\" height=\"1800\" src=\"https:\/\/luxiders.com\/content\/uploads\/Sustainable-Fashion-Story-Poems-from-Porto_9.jpg\" class=\"img-fluid w-100\" alt=\"Sustainable-Fashion-Story-Poems-from-Porto\" srcset=\"https:\/\/luxiders.com\/content\/uploads\/Sustainable-Fashion-Story-Poems-from-Porto_9.jpg 1200w, https:\/\/luxiders.com\/content\/uploads\/Sustainable-Fashion-Story-Poems-from-Porto_9-200x300.jpg 200w, https:\/\/luxiders.com\/content\/uploads\/Sustainable-Fashion-Story-Poems-from-Porto_9-683x1024.jpg 683w, https:\/\/luxiders.com\/content\/uploads\/Sustainable-Fashion-Story-Poems-from-Porto_9-768x1152.jpg 768w, https:\/\/luxiders.com\/content\/uploads\/Sustainable-Fashion-Story-Poems-from-Porto_9-1024x1536.jpg 1024w\" sizes=\"(max-width: 1200px) 100vw, 1200px\" \/><\/div><\/figure>                                                                                                                                                                                                    <div class=\"text pt-lg-2 mb-lg-5 ps-lg-10 pe-lg-10\" data-aos=\"fade-in\" data-aos-duration=\"1000\">\n                                            <p style=\"text-align: center;\">Der gesteppte Wrapsrock von\u00a0<a href=\"http:\/\/bukiakomolafe.com\/\" target=\"_blank\" rel=\"noopener\"><strong>BUKI AKOMOLAFE<\/strong><\/a>\u00a0ist reversibel und variabel mittels seiner Druckkn\u00f6pfe. 100% Bio-Baumwolle IVN BEST, 100% Baumwolle Wachsdruck, 100% Baumwolle GOTS zertifiziert (Polsterung) und made in Berlin.<\/p>\n                                        <\/div>\n                                                                                                                                <\/div>\n                                            <\/div>\n        <\/div>\n    <\/section>\n    \n\n    <section id=\"media-block_341bc50e3b2b537af9494aec58189bf2\" class=\"section position-relative gp-block gp-media pt-0 pb-0\">\n        <div class=\"container\">\n            <div class=\"row g-0\">\n                <div class=\"col-lg-12 content\" data-aos=\"fade-in\" data-aos-duration=\"1000\">\n                                                                            <\/div>\n            <\/div>\n            <div class=\"row g-0\">\n                <div class=\"col-lg-12 img-scaled\">\n                                                                                                                                                <figure class=\"mb-4 pt-lg-5 mb-lg-2 ps-lg-0 pe-lg-0\" data-aos=\"fade-up\" data-aos-duration=\"1000\"><div class=\"img-container\"><img loading=\"lazy\" decoding=\"async\" width=\"1200\" height=\"1800\" src=\"https:\/\/luxiders.com\/content\/uploads\/Sustainable-Fashion-Story-Poems-from-Porto_10.jpg\" class=\"img-fluid w-100\" alt=\"Sustainable-Fashion-Story-Poems-from-Porto\" srcset=\"https:\/\/luxiders.com\/content\/uploads\/Sustainable-Fashion-Story-Poems-from-Porto_10.jpg 1200w, https:\/\/luxiders.com\/content\/uploads\/Sustainable-Fashion-Story-Poems-from-Porto_10-200x300.jpg 200w, https:\/\/luxiders.com\/content\/uploads\/Sustainable-Fashion-Story-Poems-from-Porto_10-683x1024.jpg 683w, https:\/\/luxiders.com\/content\/uploads\/Sustainable-Fashion-Story-Poems-from-Porto_10-768x1152.jpg 768w, https:\/\/luxiders.com\/content\/uploads\/Sustainable-Fashion-Story-Poems-from-Porto_10-1024x1536.jpg 1024w\" sizes=\"(max-width: 1200px) 100vw, 1200px\" \/><\/div><\/figure>                                                                                                                                                                                                    <div class=\"text pt-lg-2 mb-lg-5 ps-lg-10 pe-lg-10\" data-aos=\"fade-in\" data-aos-duration=\"1000\">\n                                            <p style=\"text-align: center;\">Bluse mit manueller H\u00e4kelarbeit und Muster Buttes-Chaumon Rock, von der portugiesischen nachhaltigen Marke\u00a0<a href=\"https:\/\/www.misci.pt\/\" target=\"_blank\" rel=\"noopener\"><strong>MISCI<\/strong><\/a>. Misci verwendet Produktionsreste, um den Textilien ein neues Leben zu geben, die sonst als Industrieabf\u00e4lle in den M\u00fcll gelangen w\u00fcrden.<\/p>\n                                        <\/div>\n                                                                                                                                <\/div>\n                                            <\/div>\n        <\/div>\n    <\/section>\n    \n\n    <section id=\"media-block_d81f218d12952e1dd364e36fc1191c38\" class=\"section position-relative gp-block gp-media pt-0 pb-0\">\n        <div class=\"container\">\n            <div class=\"row g-0\">\n                <div class=\"col-lg-12 content\" data-aos=\"fade-in\" data-aos-duration=\"1000\">\n                                                                            <\/div>\n            <\/div>\n            <div class=\"row g-0\">\n                <div class=\"col-lg-6 \">\n                                                                                                                                                <figure class=\"mb-4 pt-lg-5 mb-lg-5 ps-lg-8 pe-lg-5\" data-aos=\"fade-up\" data-aos-duration=\"1000\"><div class=\"img-container\"><img loading=\"lazy\" decoding=\"async\" width=\"1200\" height=\"1800\" src=\"https:\/\/luxiders.com\/content\/uploads\/Sustainable-Fashion-Story-Poems-from-Porto_11.jpg\" class=\"img-fluid w-100\" alt=\"Sustainable-Fashion-Story-Poems-from-Porto\" srcset=\"https:\/\/luxiders.com\/content\/uploads\/Sustainable-Fashion-Story-Poems-from-Porto_11.jpg 1200w, https:\/\/luxiders.com\/content\/uploads\/Sustainable-Fashion-Story-Poems-from-Porto_11-200x300.jpg 200w, https:\/\/luxiders.com\/content\/uploads\/Sustainable-Fashion-Story-Poems-from-Porto_11-683x1024.jpg 683w, https:\/\/luxiders.com\/content\/uploads\/Sustainable-Fashion-Story-Poems-from-Porto_11-768x1152.jpg 768w, https:\/\/luxiders.com\/content\/uploads\/Sustainable-Fashion-Story-Poems-from-Porto_11-1024x1536.jpg 1024w\" sizes=\"(max-width: 1200px) 100vw, 1200px\" \/><\/div><\/figure>                                                                                            <\/div>\n                                    <div class=\"col-lg-6\">\n                                                                                                                                                        <figure class=\"mb-4 pt-lg-5 mb-lg-2 ps-lg-5 pe-lg-10\" data-aos=\"fade-up\" data-aos-duration=\"1000\"><div class=\"img-container\"><img loading=\"lazy\" decoding=\"async\" width=\"1200\" height=\"1800\" src=\"https:\/\/luxiders.com\/content\/uploads\/Sustainable-Fashion-Story-Poems-from-Porto_12.jpg\" class=\"img-fluid w-100\" alt=\"Sustainable-Fashion-Story-Poems-from-Porto\" srcset=\"https:\/\/luxiders.com\/content\/uploads\/Sustainable-Fashion-Story-Poems-from-Porto_12.jpg 1200w, https:\/\/luxiders.com\/content\/uploads\/Sustainable-Fashion-Story-Poems-from-Porto_12-200x300.jpg 200w, https:\/\/luxiders.com\/content\/uploads\/Sustainable-Fashion-Story-Poems-from-Porto_12-683x1024.jpg 683w, https:\/\/luxiders.com\/content\/uploads\/Sustainable-Fashion-Story-Poems-from-Porto_12-768x1152.jpg 768w, https:\/\/luxiders.com\/content\/uploads\/Sustainable-Fashion-Story-Poems-from-Porto_12-1024x1536.jpg 1024w\" sizes=\"(max-width: 1200px) 100vw, 1200px\" \/><\/div><\/figure>                                                                                                        <\/div>\n                                            <\/div>\n        <\/div>\n    <\/section>\n    \n\n    <section id=\"media-block_3b3f9440a4edbae0d178be62af41314e\" class=\"section position-relative gp-block gp-media pt-0 pb-0\">\n        <div class=\"container\">\n            <div class=\"row g-0\">\n                <div class=\"col-lg-12 content\" data-aos=\"fade-in\" data-aos-duration=\"1000\">\n                                                                            <\/div>\n            <\/div>\n            <div class=\"row g-0\">\n                <div class=\"col-lg-6 \">\n                                                                                                                                                <figure class=\"mb-4 pt-lg-5 mb-lg-5 ps-lg-7 pe-lg-4\" data-aos=\"fade-up\" data-aos-duration=\"1000\"><div class=\"img-container\"><img loading=\"lazy\" decoding=\"async\" width=\"1200\" height=\"1800\" src=\"https:\/\/luxiders.com\/content\/uploads\/Sustainable-Fashion-Story-Poems-from-Porto_13.jpg\" class=\"img-fluid w-100\" alt=\"Sustainable-Fashion-Story-Poems-from-Porto\" srcset=\"https:\/\/luxiders.com\/content\/uploads\/Sustainable-Fashion-Story-Poems-from-Porto_13.jpg 1200w, https:\/\/luxiders.com\/content\/uploads\/Sustainable-Fashion-Story-Poems-from-Porto_13-200x300.jpg 200w, https:\/\/luxiders.com\/content\/uploads\/Sustainable-Fashion-Story-Poems-from-Porto_13-683x1024.jpg 683w, https:\/\/luxiders.com\/content\/uploads\/Sustainable-Fashion-Story-Poems-from-Porto_13-768x1152.jpg 768w, https:\/\/luxiders.com\/content\/uploads\/Sustainable-Fashion-Story-Poems-from-Porto_13-1024x1536.jpg 1024w\" sizes=\"(max-width: 1200px) 100vw, 1200px\" \/><\/div><\/figure>                                                                                            <\/div>\n                                    <div class=\"col-lg-6\">\n                                                                                                                                                        <figure class=\"mb-4 pt-lg-5 mb-lg-5 ps-lg-7 pe-lg-7\" data-aos=\"fade-up\" data-aos-duration=\"1000\"><div class=\"img-container\"><img loading=\"lazy\" decoding=\"async\" width=\"1200\" height=\"1800\" src=\"https:\/\/luxiders.com\/content\/uploads\/Sustainable-Fashion-Story-Poems-from-Porto_14.jpg\" class=\"img-fluid w-100\" alt=\"Sustainable-Fashion-Story-Poems-from-Porto\" srcset=\"https:\/\/luxiders.com\/content\/uploads\/Sustainable-Fashion-Story-Poems-from-Porto_14.jpg 1200w, https:\/\/luxiders.com\/content\/uploads\/Sustainable-Fashion-Story-Poems-from-Porto_14-200x300.jpg 200w, https:\/\/luxiders.com\/content\/uploads\/Sustainable-Fashion-Story-Poems-from-Porto_14-683x1024.jpg 683w, https:\/\/luxiders.com\/content\/uploads\/Sustainable-Fashion-Story-Poems-from-Porto_14-768x1152.jpg 768w, https:\/\/luxiders.com\/content\/uploads\/Sustainable-Fashion-Story-Poems-from-Porto_14-1024x1536.jpg 1024w\" sizes=\"(max-width: 1200px) 100vw, 1200px\" \/><\/div><\/figure>                                                                                                        <\/div>\n                                            <\/div>\n        <\/div>\n    <\/section>\n    \n\n    <section id=\"media-block_4d79f8dad57c3a948012f437270c57ff\" class=\"section position-relative gp-block gp-media pt-0 pb-0\">\n        <div class=\"container\">\n            <div class=\"row g-0\">\n                <div class=\"col-lg-12 content\" data-aos=\"fade-in\" data-aos-duration=\"1000\">\n                                                                            <\/div>\n            <\/div>\n            <div class=\"row g-0\">\n                <div class=\"col-lg-12 img-scaled\">\n                                                                                                                                                <figure class=\"mb-4 pt-lg-5 mb-lg-5 ps-lg-0 pe-lg-0\" data-aos=\"fade-up\" data-aos-duration=\"1000\"><div class=\"img-container\"><img loading=\"lazy\" decoding=\"async\" width=\"1200\" height=\"1800\" src=\"https:\/\/luxiders.com\/content\/uploads\/Sustainable-Fashion-Story-Poems-from-Porto_15.jpg\" class=\"img-fluid w-100\" alt=\"Sustainable-Fashion-Story-Poems-from-Porto\" srcset=\"https:\/\/luxiders.com\/content\/uploads\/Sustainable-Fashion-Story-Poems-from-Porto_15.jpg 1200w, https:\/\/luxiders.com\/content\/uploads\/Sustainable-Fashion-Story-Poems-from-Porto_15-200x300.jpg 200w, https:\/\/luxiders.com\/content\/uploads\/Sustainable-Fashion-Story-Poems-from-Porto_15-683x1024.jpg 683w, https:\/\/luxiders.com\/content\/uploads\/Sustainable-Fashion-Story-Poems-from-Porto_15-768x1152.jpg 768w, https:\/\/luxiders.com\/content\/uploads\/Sustainable-Fashion-Story-Poems-from-Porto_15-1024x1536.jpg 1024w\" sizes=\"(max-width: 1200px) 100vw, 1200px\" \/><\/div><\/figure>                                                                                            <\/div>\n                                            <\/div>\n        <\/div>\n    <\/section>\n    \n\n    <section id=\"media-block_2d4b018d5b62b8baaf654f8c4b7c3c20\" class=\"section position-relative gp-block gp-media pt-0 pb-0\">\n        <div class=\"container\">\n            <div class=\"row g-0\">\n                <div class=\"col-lg-12 content\" data-aos=\"fade-in\" data-aos-duration=\"1000\">\n                                                                            <\/div>\n            <\/div>\n            <div class=\"row g-0\">\n                <div class=\"col-lg-6 \">\n                                                                                                                                                <figure class=\"mb-4 pt-lg-8 mb-lg-2 ps-lg-10 pe-lg-8\" data-aos=\"fade-up\" data-aos-duration=\"1000\"><div class=\"img-container\"><img loading=\"lazy\" decoding=\"async\" width=\"1200\" height=\"1800\" src=\"https:\/\/luxiders.com\/content\/uploads\/Sustainable-Fashion-Story-Poems-from-Porto_16.jpg\" class=\"img-fluid w-100\" alt=\"Sustainable-Fashion-Story-Poems-from-Porto\" srcset=\"https:\/\/luxiders.com\/content\/uploads\/Sustainable-Fashion-Story-Poems-from-Porto_16.jpg 1200w, https:\/\/luxiders.com\/content\/uploads\/Sustainable-Fashion-Story-Poems-from-Porto_16-200x300.jpg 200w, https:\/\/luxiders.com\/content\/uploads\/Sustainable-Fashion-Story-Poems-from-Porto_16-683x1024.jpg 683w, https:\/\/luxiders.com\/content\/uploads\/Sustainable-Fashion-Story-Poems-from-Porto_16-768x1152.jpg 768w, https:\/\/luxiders.com\/content\/uploads\/Sustainable-Fashion-Story-Poems-from-Porto_16-1024x1536.jpg 1024w\" sizes=\"(max-width: 1200px) 100vw, 1200px\" \/><\/div><\/figure>                                                                                            <\/div>\n                                    <div class=\"col-lg-6\">\n                                                                                                                                                        <figure class=\"mb-4 pt-lg-5 mb-lg-5 ps-lg-0 pe-lg-7\" data-aos=\"fade-up\" data-aos-duration=\"1000\"><div class=\"img-container\"><img loading=\"lazy\" decoding=\"async\" width=\"1200\" height=\"1800\" src=\"https:\/\/luxiders.com\/content\/uploads\/Sustainable-Fashion-Story-Poems-from-Porto_17.jpg\" class=\"img-fluid w-100\" alt=\"Sustainable-Fashion-Story-Poems-from-Porto\" srcset=\"https:\/\/luxiders.com\/content\/uploads\/Sustainable-Fashion-Story-Poems-from-Porto_17.jpg 1200w, https:\/\/luxiders.com\/content\/uploads\/Sustainable-Fashion-Story-Poems-from-Porto_17-200x300.jpg 200w, https:\/\/luxiders.com\/content\/uploads\/Sustainable-Fashion-Story-Poems-from-Porto_17-683x1024.jpg 683w, https:\/\/luxiders.com\/content\/uploads\/Sustainable-Fashion-Story-Poems-from-Porto_17-768x1152.jpg 768w, https:\/\/luxiders.com\/content\/uploads\/Sustainable-Fashion-Story-Poems-from-Porto_17-1024x1536.jpg 1024w\" sizes=\"(max-width: 1200px) 100vw, 1200px\" \/><\/div><\/figure>                                                                                                        <\/div>\n                                            <\/div>\n        <\/div>\n    <\/section>\n    \n\n    <section id=\"media-block_23fcf0c282fe13c30c5294d4d196df96\" class=\"section position-relative gp-block gp-media pt-0 pb-0\">\n        <div class=\"container\">\n            <div class=\"row g-0\">\n                <div class=\"col-lg-12 content\" data-aos=\"fade-in\" data-aos-duration=\"1000\">\n                                                                            <\/div>\n            <\/div>\n            <div class=\"row g-0\">\n                <div class=\"col-lg-12 img-scaled\">\n                                                                                                                                                <figure class=\"mb-4 pt-lg-5 mb-lg-2 ps-lg-0 pe-lg-0\" data-aos=\"fade-up\" data-aos-duration=\"1000\"><div class=\"img-container\"><img loading=\"lazy\" decoding=\"async\" width=\"1200\" height=\"800\" src=\"https:\/\/luxiders.com\/content\/uploads\/Sustainable-Fashion-Story-Poems-from-Porto_18.jpg\" class=\"img-fluid w-100\" alt=\"Sustainable-Fashion-Story-Poems-from-Porto\" srcset=\"https:\/\/luxiders.com\/content\/uploads\/Sustainable-Fashion-Story-Poems-from-Porto_18.jpg 1200w, https:\/\/luxiders.com\/content\/uploads\/Sustainable-Fashion-Story-Poems-from-Porto_18-300x200.jpg 300w, https:\/\/luxiders.com\/content\/uploads\/Sustainable-Fashion-Story-Poems-from-Porto_18-1024x683.jpg 1024w, https:\/\/luxiders.com\/content\/uploads\/Sustainable-Fashion-Story-Poems-from-Porto_18-768x512.jpg 768w\" sizes=\"(max-width: 1200px) 100vw, 1200px\" \/><\/div><\/figure>                                                                                                                                                                                                    <div class=\"text pt-lg-2 mb-lg-5 ps-lg-10 pe-lg-10\" data-aos=\"fade-in\" data-aos-duration=\"1000\">\n                                            <p style=\"text-align: center;\">Bluse und Luxemburg Hose von\u00a0<a href=\"https:\/\/www.misci.pt\/\" target=\"_blank\" rel=\"noopener\"><strong>MISCI.<\/strong><\/a>\u00a0Misci verwendet Produktionsreste,um den Textilien ein neues Leben zu geben, die sonst als Industrieabf\u00e4lle in den M\u00fcll gelangen w\u00fcrden.<\/p>\n                                        <\/div>\n                                                                                                                                <\/div>\n                                            <\/div>\n        <\/div>\n    <\/section>\n    \n\n    <section id=\"textblock-block_de79cbdf3d5526d8dfccbd9c713377ca\" class=\"section position-relative gp-block gp-textblock pt-0 pb-0\">\n        <div class=\"container\">\n            <div class=\"row g-0\">\n                <div class=\"col-lg-12 content\" data-aos=\"fade-in\" data-aos-duration=\"1000\">\n                                                                                <p>&nbsp;<\/p>\n<p style=\"text-align: center;\">Alle Labels, die in diesem Fashion Editorial vertreten sind, haben sich der\u00a0Nachhaltigkeit\u00a0und einem gemeinsamen Wunsch verschrieben:\u00a0Ethik und \u00c4sthetik\u00a0sollen in der modernen Modewelt nebeneinander bestehen.<\/p>\n<p>&nbsp;<\/p>\n<p>&nbsp;<\/p>\n<h3 style=\"text-align: center;\">CREDITS<\/h3>\n<p style=\"text-align: center;\">Creative Direction &amp; Production\u00a0<a href=\"https:\/\/www.instagram.com\/luxiders_magazine\/\" target=\"_blank\" rel=\"noopener noreferrer\">LUXIDERS<\/a><br \/>\nPhotography\u00a0<a href=\"https:\/\/www.opedroafonso.com\/\" target=\"_blank\" rel=\"noopener\">PEDRO AFONSO<\/a><br \/>\nStylist\u00a0<a href=\"https:\/\/www.instagram.com\/luxiders_magazine\/\" target=\"_blank\" rel=\"noopener noreferrer\">LUXIDERS<\/a><br \/>\nModels\u00a0<a href=\"https:\/\/www.instagram.com\/franciscavhperez\/\" target=\"_blank\" rel=\"noopener\">FRANCISCA PEREZ<\/a>\u00a0<a href=\"http:\/\/www.lagence.pt\/home.php?home=pt\" target=\"_blank\" rel=\"noopener\"><span class=\"\">@lagence<\/span><\/a><span class=\"\">\u00a0\/ \u00a0<a href=\"https:\/\/www.instagram.com\/vit_gangsta\/\" target=\"_blank\" rel=\"noopener\">VITORIA RAQUEL<\/a>\u00a0<a href=\"http:\/\/centralmodels.net\/\" target=\"_blank\" rel=\"noopener\">@centralmodels<\/a><\/span><br \/>\nHair Stylist\u00a0<a href=\"https:\/\/www.instagram.com\/annasantos.cabeleireiros\/\" target=\"_blank\" rel=\"noopener\">ANNA SANTOS<\/a><br \/>\nMake-Up Artist\u00a0<a href=\"https:\/\/www.instagram.com\/bennyamaral\/\" target=\"_blank\" rel=\"noopener\">BENNY AMARAL<br \/>\n<\/a>Special Thanks to\u00a0<a href=\"https:\/\/www.instagram.com\/portofashionweek\/\" target=\"_blank\" rel=\"noopener\">PORTO FASHION WEEK<\/a><\/p>\n<p>&nbsp;<\/p>\n                                                        <\/div>\n            <\/div>\n        <\/div>\n    <\/section>\n    ","protected":false},"excerpt":{"rendered":"","protected":false},"author":2,"featured_media":40837,"comment_status":"closed","ping_status":"closed","sticky":false,"template":"","format":"standard","meta":{"_acf_changed":false,"footnotes":""},"categories":[6774,1194],"tags":[5857,6976,7857,7855,2032,394,7856,6777,7743,7426,7858,7854,7272,1401,7866,7780],"class_list":{"0":"post-40771","1":"post","2":"type-post","3":"status-publish","4":"format-standard","5":"has-post-thumbnail","7":"category-editorials-de","8":"category-nachhaltig-luxus-mode","9":"tag-avasan-2","10":"tag-buki-akomolafe-2","11":"tag-coracao-alecrim-2","12":"tag-des-portugiesischen-designers","13":"tag-ethical-fashion-de","14":"tag-ethische-mode-2","15":"tag-ivan-almeida-2","16":"tag-luxiders-magazine-2-de","17":"tag-magazin-fuer-nachhaltige-mode","18":"tag-marita-moreno-2","19":"tag-misci-2","20":"tag-nachhaltige-mode-in-portugal","21":"tag-nachhaltige-mode-porto","22":"tag-nachhaltige-modemarken-2","23":"tag-ns-gaia-2","24":"tag-sustainable-fashion-brands-de"},"acf":[],"yoast_head":"<title>Nachhatige Mode Story * Gedichte aus Porto - Luxiders Magazine<\/title>\n<meta name=\"description\" content=\"Vitoria tr\u00e4gt ein Total Look des portugiesischen Designers IVAN ALMEIDA. Schuhe sind von MARITA MORENO. Die Plattform\/Sohle ist handgefertigt und aus Naturholz. Francisca tr\u00e4gt einen asymmetrischen Overall von IVAN ALMEIDA und Quilt jumper von BUKI AKOMOLAFE.\" \/>\n<meta name=\"robots\" content=\"index, follow, max-snippet:-1, max-image-preview:large, max-video-preview:-1\" \/>\n<link rel=\"canonical\" href=\"https:\/\/luxiders.com\/de\/nachhaltige-mode-story-porto\/\" \/>\n<meta property=\"og:locale\" content=\"de_DE\" \/>\n<meta property=\"og:type\" content=\"article\" \/>\n<meta property=\"og:title\" content=\"Nachhatige Mode Story * Gedichte aus Porto - Luxiders Magazine\" \/>\n<meta property=\"og:description\" content=\"Vitoria tr\u00e4gt ein Total Look des portugiesischen Designers IVAN ALMEIDA. Schuhe sind von MARITA MORENO. Die Plattform\/Sohle ist handgefertigt und aus Naturholz. Francisca tr\u00e4gt einen asymmetrischen Overall von IVAN ALMEIDA und Quilt jumper von BUKI AKOMOLAFE.\" \/>\n<meta property=\"og:url\" content=\"https:\/\/luxiders.com\/de\/nachhaltige-mode-story-porto\/\" \/>\n<meta property=\"og:site_name\" content=\"Sustainable Fashion - Eco Design - Healthy Lifestyle - Luxiders Magazine\" \/>\n<meta property=\"article:published_time\" content=\"2018-10-25T15:28:00+00:00\" \/>\n<meta property=\"article:modified_time\" content=\"2024-02-26T10:09:13+00:00\" \/>\n<meta property=\"og:image\" content=\"https:\/\/luxiders.com\/content\/uploads\/Sustainable-Fashion-Story-Poems-from-Porto_19-e1708938084249.jpg\" \/>\n\t<meta property=\"og:image:width\" content=\"1330\" \/>\n\t<meta property=\"og:image:height\" content=\"887\" \/>\n\t<meta property=\"og:image:type\" content=\"image\/jpeg\" \/>\n<meta name=\"author\" content=\"luxiders\" \/>\n<meta name=\"twitter:card\" content=\"summary_large_image\" \/>\n<meta name=\"twitter:label1\" content=\"Verfasst von\" \/>\n\t<meta name=\"twitter:data1\" content=\"luxiders\" \/>\n\t<meta name=\"twitter:label2\" content=\"Gesch\u00e4tzte Lesezeit\" \/>\n\t<meta name=\"twitter:data2\" content=\"6\u00a0Minuten\" \/>\n<script type=\"application\/ld+json\" class=\"yoast-schema-graph\">{\"@context\":\"https:\/\/schema.org\",\"@graph\":[{\"@type\":\"Article\",\"@id\":\"https:\/\/luxiders.com\/de\/nachhaltige-mode-story-porto\/#article\",\"isPartOf\":{\"@id\":\"https:\/\/luxiders.com\/de\/nachhaltige-mode-story-porto\/\"},\"author\":{\"name\":\"luxiders\",\"@id\":\"https:\/\/luxiders.com\/de\/#\/schema\/person\/8632fa702ae2ce98f66c396254633de8\"},\"headline\":\"Sustainable Fashion Stories * Gedichte aus Porto\",\"datePublished\":\"2018-10-25T15:28:00+00:00\",\"dateModified\":\"2024-02-26T10:09:13+00:00\",\"mainEntityOfPage\":{\"@id\":\"https:\/\/luxiders.com\/de\/nachhaltige-mode-story-porto\/\"},\"wordCount\":6,\"publisher\":{\"@id\":\"https:\/\/luxiders.com\/de\/#organization\"},\"image\":{\"@id\":\"https:\/\/luxiders.com\/de\/nachhaltige-mode-story-porto\/#primaryimage\"},\"thumbnailUrl\":\"https:\/\/luxiders.com\/content\/uploads\/Sustainable-Fashion-Story-Poems-from-Porto_19-e1708938084249.jpg\",\"keywords\":[\"Avasan\",\"Buki Akomolafe\",\"Cora\u00e7\u00e3o Alecrim\",\"des portugiesischen Designers\",\"ethical fashion\",\"ethische Mode\",\"Ivan Almeida\",\"luxiders magazine\",\"magazin f\u00fcr nachhaltige Mode\",\"Marita Moreno\",\"Misci\",\"nachhaltige Mode in Portugal\",\"nachhaltige Mode Porto\",\"nachhaltige Modemarken\",\"NS Gaia\",\"sustainable fashion brands\"],\"articleSection\":[\"Editorials\",\"Mode\"],\"inLanguage\":\"de\"},{\"@type\":\"WebPage\",\"@id\":\"https:\/\/luxiders.com\/de\/nachhaltige-mode-story-porto\/\",\"url\":\"https:\/\/luxiders.com\/de\/nachhaltige-mode-story-porto\/\",\"name\":\"Nachhatige Mode Story * Gedichte aus Porto - Luxiders Magazine\",\"isPartOf\":{\"@id\":\"https:\/\/luxiders.com\/de\/#website\"},\"primaryImageOfPage\":{\"@id\":\"https:\/\/luxiders.com\/de\/nachhaltige-mode-story-porto\/#primaryimage\"},\"image\":{\"@id\":\"https:\/\/luxiders.com\/de\/nachhaltige-mode-story-porto\/#primaryimage\"},\"thumbnailUrl\":\"https:\/\/luxiders.com\/content\/uploads\/Sustainable-Fashion-Story-Poems-from-Porto_19-e1708938084249.jpg\",\"datePublished\":\"2018-10-25T15:28:00+00:00\",\"dateModified\":\"2024-02-26T10:09:13+00:00\",\"description\":\"Vitoria tr\u00e4gt ein Total Look des portugiesischen Designers IVAN ALMEIDA. Schuhe sind von MARITA MORENO. Die Plattform\/Sohle ist handgefertigt und aus Naturholz. Francisca tr\u00e4gt einen asymmetrischen Overall von IVAN ALMEIDA und Quilt jumper von BUKI AKOMOLAFE.\",\"breadcrumb\":{\"@id\":\"https:\/\/luxiders.com\/de\/nachhaltige-mode-story-porto\/#breadcrumb\"},\"inLanguage\":\"de\",\"potentialAction\":[{\"@type\":\"ReadAction\",\"target\":[\"https:\/\/luxiders.com\/de\/nachhaltige-mode-story-porto\/\"]}]},{\"@type\":\"ImageObject\",\"inLanguage\":\"de\",\"@id\":\"https:\/\/luxiders.com\/de\/nachhaltige-mode-story-porto\/#primaryimage\",\"url\":\"https:\/\/luxiders.com\/content\/uploads\/Sustainable-Fashion-Story-Poems-from-Porto_19-e1708938084249.jpg\",\"contentUrl\":\"https:\/\/luxiders.com\/content\/uploads\/Sustainable-Fashion-Story-Poems-from-Porto_19-e1708938084249.jpg\",\"width\":1330,\"height\":887,\"caption\":\"Sustainable-Fashion-Story-Poems-from-Porto\"},{\"@type\":\"BreadcrumbList\",\"@id\":\"https:\/\/luxiders.com\/de\/nachhaltige-mode-story-porto\/#breadcrumb\",\"itemListElement\":[{\"@type\":\"ListItem\",\"position\":1,\"name\":\"Startseite\",\"item\":\"https:\/\/luxiders.com\/de\/\"},{\"@type\":\"ListItem\",\"position\":2,\"name\":\"Mode\",\"item\":\"https:\/\/luxiders.com\/de\/Katregorie\/nachhaltig-luxus-mode\/\"},{\"@type\":\"ListItem\",\"position\":3,\"name\":\"Sustainable Fashion Stories * Gedichte aus Porto\"}]},{\"@type\":\"WebSite\",\"@id\":\"https:\/\/luxiders.com\/de\/#website\",\"url\":\"https:\/\/luxiders.com\/de\/\",\"name\":\"Sustainable Fashion - Eco Design - Healthy Lifestyle - Luxiders Magazine\",\"description\":\"Luxiders is a sustainable luxury magazine highlighting the best stories about sustainable fashion, ethical fashion, eco-friendly design, green design, sustainable travel, natural beauty, organic beauty and healthy lifestyle. Know the best high-end, progressive and luxury sustainable brands and designers worldwide.\",\"publisher\":{\"@id\":\"https:\/\/luxiders.com\/de\/#organization\"},\"potentialAction\":[{\"@type\":\"SearchAction\",\"target\":{\"@type\":\"EntryPoint\",\"urlTemplate\":\"https:\/\/luxiders.com\/de\/?s={search_term_string}\"},\"query-input\":{\"@type\":\"PropertyValueSpecification\",\"valueRequired\":true,\"valueName\":\"search_term_string\"}}],\"inLanguage\":\"de\"},{\"@type\":\"Organization\",\"@id\":\"https:\/\/luxiders.com\/de\/#organization\",\"name\":\"Sustainable Fashion - Eco Design - Healthy Lifestyle - Luxiders Magazine\",\"url\":\"https:\/\/luxiders.com\/de\/\",\"logo\":{\"@type\":\"ImageObject\",\"inLanguage\":\"de\",\"@id\":\"https:\/\/luxiders.com\/de\/#\/schema\/logo\/image\/\",\"url\":\"https:\/\/luxiders.com\/content\/uploads\/lux-logo.svg\",\"contentUrl\":\"https:\/\/luxiders.com\/content\/uploads\/lux-logo.svg\",\"caption\":\"Sustainable Fashion - Eco Design - Healthy Lifestyle - Luxiders Magazine\"},\"image\":{\"@id\":\"https:\/\/luxiders.com\/de\/#\/schema\/logo\/image\/\"}},{\"@type\":\"Person\",\"@id\":\"https:\/\/luxiders.com\/de\/#\/schema\/person\/8632fa702ae2ce98f66c396254633de8\",\"name\":\"luxiders\",\"url\":\"https:\/\/luxiders.com\/de\/author\/luxiders\/\"}]}<\/script>","yoast_head_json":{"title":"Nachhatige Mode Story * Gedichte aus Porto - Luxiders Magazine","description":"Vitoria tr\u00e4gt ein Total Look des portugiesischen Designers IVAN ALMEIDA. Schuhe sind von MARITA MORENO. Die Plattform\/Sohle ist handgefertigt und aus Naturholz. Francisca tr\u00e4gt einen asymmetrischen Overall von IVAN ALMEIDA und Quilt jumper von BUKI AKOMOLAFE.","robots":{"index":"index","follow":"follow","max-snippet":"max-snippet:-1","max-image-preview":"max-image-preview:large","max-video-preview":"max-video-preview:-1"},"canonical":"https:\/\/luxiders.com\/de\/nachhaltige-mode-story-porto\/","og_locale":"de_DE","og_type":"article","og_title":"Nachhatige Mode Story * Gedichte aus Porto - Luxiders Magazine","og_description":"Vitoria tr\u00e4gt ein Total Look des portugiesischen Designers IVAN ALMEIDA. Schuhe sind von MARITA MORENO. Die Plattform\/Sohle ist handgefertigt und aus Naturholz. Francisca tr\u00e4gt einen asymmetrischen Overall von IVAN ALMEIDA und Quilt jumper von BUKI AKOMOLAFE.","og_url":"https:\/\/luxiders.com\/de\/nachhaltige-mode-story-porto\/","og_site_name":"Sustainable Fashion - Eco Design - Healthy Lifestyle - Luxiders Magazine","article_published_time":"2018-10-25T15:28:00+00:00","article_modified_time":"2024-02-26T10:09:13+00:00","og_image":[{"width":1330,"height":887,"url":"https:\/\/luxiders.com\/content\/uploads\/Sustainable-Fashion-Story-Poems-from-Porto_19-e1708938084249.jpg","type":"image\/jpeg"}],"author":"luxiders","twitter_card":"summary_large_image","twitter_misc":{"Verfasst von":"luxiders","Gesch\u00e4tzte Lesezeit":"6\u00a0Minuten"},"schema":{"@context":"https:\/\/schema.org","@graph":[{"@type":"Article","@id":"https:\/\/luxiders.com\/de\/nachhaltige-mode-story-porto\/#article","isPartOf":{"@id":"https:\/\/luxiders.com\/de\/nachhaltige-mode-story-porto\/"},"author":{"name":"luxiders","@id":"https:\/\/luxiders.com\/de\/#\/schema\/person\/8632fa702ae2ce98f66c396254633de8"},"headline":"Sustainable Fashion Stories * Gedichte aus Porto","datePublished":"2018-10-25T15:28:00+00:00","dateModified":"2024-02-26T10:09:13+00:00","mainEntityOfPage":{"@id":"https:\/\/luxiders.com\/de\/nachhaltige-mode-story-porto\/"},"wordCount":6,"publisher":{"@id":"https:\/\/luxiders.com\/de\/#organization"},"image":{"@id":"https:\/\/luxiders.com\/de\/nachhaltige-mode-story-porto\/#primaryimage"},"thumbnailUrl":"https:\/\/luxiders.com\/content\/uploads\/Sustainable-Fashion-Story-Poems-from-Porto_19-e1708938084249.jpg","keywords":["Avasan","Buki Akomolafe","Cora\u00e7\u00e3o Alecrim","des portugiesischen Designers","ethical fashion","ethische Mode","Ivan Almeida","luxiders magazine","magazin f\u00fcr nachhaltige Mode","Marita Moreno","Misci","nachhaltige Mode in Portugal","nachhaltige Mode Porto","nachhaltige Modemarken","NS Gaia","sustainable fashion brands"],"articleSection":["Editorials","Mode"],"inLanguage":"de"},{"@type":"WebPage","@id":"https:\/\/luxiders.com\/de\/nachhaltige-mode-story-porto\/","url":"https:\/\/luxiders.com\/de\/nachhaltige-mode-story-porto\/","name":"Nachhatige Mode Story * Gedichte aus Porto - Luxiders Magazine","isPartOf":{"@id":"https:\/\/luxiders.com\/de\/#website"},"primaryImageOfPage":{"@id":"https:\/\/luxiders.com\/de\/nachhaltige-mode-story-porto\/#primaryimage"},"image":{"@id":"https:\/\/luxiders.com\/de\/nachhaltige-mode-story-porto\/#primaryimage"},"thumbnailUrl":"https:\/\/luxiders.com\/content\/uploads\/Sustainable-Fashion-Story-Poems-from-Porto_19-e1708938084249.jpg","datePublished":"2018-10-25T15:28:00+00:00","dateModified":"2024-02-26T10:09:13+00:00","description":"Vitoria tr\u00e4gt ein Total Look des portugiesischen Designers IVAN ALMEIDA. Schuhe sind von MARITA MORENO. Die Plattform\/Sohle ist handgefertigt und aus Naturholz. Francisca tr\u00e4gt einen asymmetrischen Overall von IVAN ALMEIDA und Quilt jumper von BUKI AKOMOLAFE.","breadcrumb":{"@id":"https:\/\/luxiders.com\/de\/nachhaltige-mode-story-porto\/#breadcrumb"},"inLanguage":"de","potentialAction":[{"@type":"ReadAction","target":["https:\/\/luxiders.com\/de\/nachhaltige-mode-story-porto\/"]}]},{"@type":"ImageObject","inLanguage":"de","@id":"https:\/\/luxiders.com\/de\/nachhaltige-mode-story-porto\/#primaryimage","url":"https:\/\/luxiders.com\/content\/uploads\/Sustainable-Fashion-Story-Poems-from-Porto_19-e1708938084249.jpg","contentUrl":"https:\/\/luxiders.com\/content\/uploads\/Sustainable-Fashion-Story-Poems-from-Porto_19-e1708938084249.jpg","width":1330,"height":887,"caption":"Sustainable-Fashion-Story-Poems-from-Porto"},{"@type":"BreadcrumbList","@id":"https:\/\/luxiders.com\/de\/nachhaltige-mode-story-porto\/#breadcrumb","itemListElement":[{"@type":"ListItem","position":1,"name":"Startseite","item":"https:\/\/luxiders.com\/de\/"},{"@type":"ListItem","position":2,"name":"Mode","item":"https:\/\/luxiders.com\/de\/Katregorie\/nachhaltig-luxus-mode\/"},{"@type":"ListItem","position":3,"name":"Sustainable Fashion Stories * Gedichte aus Porto"}]},{"@type":"WebSite","@id":"https:\/\/luxiders.com\/de\/#website","url":"https:\/\/luxiders.com\/de\/","name":"Sustainable Fashion - Eco Design - Healthy Lifestyle - Luxiders Magazine","description":"Luxiders is a sustainable luxury magazine highlighting the best stories about sustainable fashion, ethical fashion, eco-friendly design, green design, sustainable travel, natural beauty, organic beauty and healthy lifestyle. Know the best high-end, progressive and luxury sustainable brands and designers worldwide.","publisher":{"@id":"https:\/\/luxiders.com\/de\/#organization"},"potentialAction":[{"@type":"SearchAction","target":{"@type":"EntryPoint","urlTemplate":"https:\/\/luxiders.com\/de\/?s={search_term_string}"},"query-input":{"@type":"PropertyValueSpecification","valueRequired":true,"valueName":"search_term_string"}}],"inLanguage":"de"},{"@type":"Organization","@id":"https:\/\/luxiders.com\/de\/#organization","name":"Sustainable Fashion - Eco Design - Healthy Lifestyle - Luxiders Magazine","url":"https:\/\/luxiders.com\/de\/","logo":{"@type":"ImageObject","inLanguage":"de","@id":"https:\/\/luxiders.com\/de\/#\/schema\/logo\/image\/","url":"https:\/\/luxiders.com\/content\/uploads\/lux-logo.svg","contentUrl":"https:\/\/luxiders.com\/content\/uploads\/lux-logo.svg","caption":"Sustainable Fashion - Eco Design - Healthy Lifestyle - Luxiders Magazine"},"image":{"@id":"https:\/\/luxiders.com\/de\/#\/schema\/logo\/image\/"}},{"@type":"Person","@id":"https:\/\/luxiders.com\/de\/#\/schema\/person\/8632fa702ae2ce98f66c396254633de8","name":"luxiders","url":"https:\/\/luxiders.com\/de\/author\/luxiders\/"}]}},"_links":{"self":[{"href":"https:\/\/luxiders.com\/de\/wp-json\/wp\/v2\/posts\/40771","targetHints":{"allow":["GET"]}}],"collection":[{"href":"https:\/\/luxiders.com\/de\/wp-json\/wp\/v2\/posts"}],"about":[{"href":"https:\/\/luxiders.com\/de\/wp-json\/wp\/v2\/types\/post"}],"author":[{"embeddable":true,"href":"https:\/\/luxiders.com\/de\/wp-json\/wp\/v2\/users\/2"}],"replies":[{"embeddable":true,"href":"https:\/\/luxiders.com\/de\/wp-json\/wp\/v2\/comments?post=40771"}],"version-history":[{"count":3,"href":"https:\/\/luxiders.com\/de\/wp-json\/wp\/v2\/posts\/40771\/revisions"}],"predecessor-version":[{"id":40866,"href":"https:\/\/luxiders.com\/de\/wp-json\/wp\/v2\/posts\/40771\/revisions\/40866"}],"wp:featuredmedia":[{"embeddable":true,"href":"https:\/\/luxiders.com\/de\/wp-json\/wp\/v2\/media\/40837"}],"wp:attachment":[{"href":"https:\/\/luxiders.com\/de\/wp-json\/wp\/v2\/media?parent=40771"}],"wp:term":[{"taxonomy":"category","embeddable":true,"href":"https:\/\/luxiders.com\/de\/wp-json\/wp\/v2\/categories?post=40771"},{"taxonomy":"post_tag","embeddable":true,"href":"https:\/\/luxiders.com\/de\/wp-json\/wp\/v2\/tags?post=40771"}],"curies":[{"name":"wp","href":"https:\/\/api.w.org\/{rel}","templated":true}]}}