{"id":4419,"date":"2021-06-07T14:28:00","date_gmt":"2021-06-07T12:28:00","guid":{"rendered":"http:\/\/luxiders.com.w01cc729.kasserver.com\/?p=4419"},"modified":"2023-06-16T14:46:13","modified_gmt":"2023-06-16T12:46:13","slug":"kulturelle-aneignung-in-der-mode","status":"publish","type":"post","link":"https:\/\/luxiders.com\/de\/kulturelle-aneignung-in-der-mode\/","title":{"rendered":"Kulturelle Aneignung, der vergiftete Apfel der Mode"},"content":{"rendered":"    <section id=\"textblock-block_f81d4dc9fdbc0b0c544ef9eea14360da\" class=\"section position-relative gp-block gp-textblock text-center pt-0 pb-5\">\n        <div class=\"container\">\n            <div class=\"row g-0\">\n                <div class=\"col-lg-12 content\" data-aos=\"fade-in\" data-aos-duration=\"1000\">\n                                                                                    <div class=\"intro px-lg-8\">\n                            <p class=\"p2\" style=\"text-align: center;\">Die Modeindustrie sah sich in den letzten Jahren mit mehreren Vorw\u00fcrfen der kulturellen Aneignung konfrontiert. Die &#8222;Grauzone&#8220; bez\u00fcglich Wertsch\u00e4tzung oder Aneignung scheint immer deutlicher zu werden, denn die Menschen h\u00f6ren nicht auf, diese Verhaltensweisen anzuprangern.<\/p>\n                        <\/div>\n                                                                                                <\/div>\n            <\/div>\n        <\/div>\n    <\/section>\n    \n\n    <section id=\"newsletter-block_95beb7d546d9a4b2f64e3cb4e311362f\" class=\"section position-relative gp-block gp-newsletter pt-0 pb-0 my-5\">\n        <div class=\"container\">\n            <div class=\"row g-0 pt-4 pb-3\">\n                <div class=\"col-lg-12 content text-center border pt-3\" data-aos=\"fade-in\" data-aos-duration=\"1000\">\n                                            <p><em>Um den Luxiders Newsletter zu erhalten,\u00a0<a href=\"https:\/\/landing.mailerlite.com\/webforms\/landing\/g1u8s7\">melde dich hier an<\/a>.<\/em><\/p>\n                                    <\/div>\n            <\/div>\n        <\/div>\n    <\/section>\n    \n\n    <section id=\"media-block_0b857a19ca88c76541ed49e64bf6a9e9\" class=\"section position-relative gp-block gp-media pt-0 pb-0\">\n        <div class=\"container\">\n            <div class=\"row g-0\">\n                <div class=\"col-lg-12 content\" data-aos=\"fade-in\" data-aos-duration=\"1000\">\n                                        <p>Die Diskussion um kulturelle Aneignung in der Modeindustrie ist wieder in die Schlagzeilen geraten. Die neueste Nachricht ist, dass <a href=\"https:\/\/luxiders.com\/mexico-accuses-major-fashion-brands-of-cultural-appropriation\/\" target=\"_blank\" rel=\"noopener\">Mexiko gro\u00dfe Modemarken wie Zara, Anthropologie und Patowl beschuldigt hat<\/a>, Muster indigener Gemeinschaften in ihren Kleidern zu verwenden, und sie auffordert, &#8222;die kreativen Gemeinschaften&#8220; f\u00fcr die Verwendung von Mustern und Stickereien aus Oaxaca in einem ihrer Kleider zu entsch\u00e4digen.<\/p>\n<p>Es ist nicht das erste Mal, dass Mexiko eine Kontroverse \u00fcber die Verwendung von Designs indigener V\u00f6lker in Modekollektionen erlebt. Alles begann im Jahr 2015, als die franz\u00f6sische Modedesignerin Isabel Marant ein Kleid entwarf, das bemerkenswerte \u00c4hnlichkeit mit dem Huipil hatte, einer traditionellen Tracht der Indigenen aus Santa Mar\u00eda Tlahuitoltepec, Oaxaca, im S\u00fcdwesten Mexikos.<\/p>\n                                    <\/div>\n            <\/div>\n            <div class=\"row g-0\">\n                <div class=\"col-lg-12 img-scaled\">\n                                                                                                                                                <figure class=\"mb-4 pt-lg-5 mb-lg-6 ps-lg-0 pe-lg-0\" data-aos=\"fade-up\" data-aos-duration=\"1000\"><div class=\"img-container\"><img loading=\"lazy\" decoding=\"async\" width=\"1200\" height=\"816\" src=\"https:\/\/luxiders.com\/content\/uploads\/sydney-rae-XIgj8Mk94ts-unsplash.jpg\" class=\"img-fluid w-100\" alt=\"\" srcset=\"https:\/\/luxiders.com\/content\/uploads\/sydney-rae-XIgj8Mk94ts-unsplash.jpg 1200w, https:\/\/luxiders.com\/content\/uploads\/sydney-rae-XIgj8Mk94ts-unsplash-300x204.jpg 300w, https:\/\/luxiders.com\/content\/uploads\/sydney-rae-XIgj8Mk94ts-unsplash-1024x696.jpg 1024w, https:\/\/luxiders.com\/content\/uploads\/sydney-rae-XIgj8Mk94ts-unsplash-768x522.jpg 768w\" sizes=\"(max-width: 1200px) 100vw, 1200px\" \/><\/div><\/figure>                                                                                            <\/div>\n                                            <\/div>\n        <\/div>\n    <\/section>\n    \n\n    <section id=\"media-block_fd72aa86a82026c6ec0bc830186822b3\" class=\"section position-relative gp-block gp-media pt-0 pb-0\">\n        <div class=\"container\">\n            <div class=\"row g-0\">\n                <div class=\"col-lg-12 content\" data-aos=\"fade-in\" data-aos-duration=\"1000\">\n                                        <p>Sie baten <a href=\"https:\/\/luxiders.com\/sustainable-brands-isabel-marant\/\" target=\"_blank\" rel=\"noopener\">Marant<\/a> um Anerkennung des Erbes der Gemeinschaft und darum, dass sie das Kleid aus ihrer Kollektion nimmt. Urspr\u00fcnglich kostet das Kleidungsst\u00fcck rund 300 mexikanische Pesos. Das franz\u00f6sische Haus verkaufte es jedoch online f\u00fcr 365 US-Dollar, was umgerechnet 4.500 Pesos entspricht. Auch wenn sie sp\u00e4ter im Jahr 2015 das Kleid aus dem Verkauf nehmen musste, hat sie der Mixe-Gemeinschaft ihre Anerkennung nicht gegeben.<\/p>\n<p>Doch ein Jahr sp\u00e4ter wurde Gerechtigkeit ausge\u00fcbt. Laut Brigitte V\u00e9zinas Aufsatz &#8222;<a href=\"https:\/\/www.cigionline.org\/static\/documents\/documents\/paper%20no.213.pdf\" target=\"_blank\" rel=\"noopener\">Curbing Cultural Appropriation in the Fashion industry<\/a>&#8220; (Eind\u00e4mmung der kulturellen Aneignung in der Modeindustrie) erkl\u00e4rte der Kongress von Oaxaca zusammen mit der Organisation der Vereinten Nationen f\u00fcr Erziehung, Wissenschaft und Kultur (UNESCO) die traditionellen Designs, Stickereien und die Sprache des Volkes von Mixe zum <a href=\"http:\/\/www.unesco.org\/new\/es\/media-services\/single-view\/news\/para_la_proteccion_de_sus_trajes_regionales_oaxaca_toma_co\/\" target=\"_blank\" rel=\"noopener\">immateriellen Kulturerbe<\/a>.<\/p>\n                                    <\/div>\n            <\/div>\n            <div class=\"row g-0\">\n                <div class=\"col-lg-6 \">\n                                                                                                                                                <figure class=\"mb-4 pt-lg-5 mb-lg-6 ps-lg-0 pe-lg-3\" data-aos=\"fade-up\" data-aos-duration=\"1000\"><div class=\"img-container\"><img loading=\"lazy\" decoding=\"async\" width=\"1200\" height=\"1800\" src=\"https:\/\/luxiders.com\/content\/uploads\/marisol-benitez-Gyr6rbkocjE-unsplash.jpg\" class=\"img-fluid w-100\" alt=\"\" srcset=\"https:\/\/luxiders.com\/content\/uploads\/marisol-benitez-Gyr6rbkocjE-unsplash.jpg 1200w, https:\/\/luxiders.com\/content\/uploads\/marisol-benitez-Gyr6rbkocjE-unsplash-200x300.jpg 200w, https:\/\/luxiders.com\/content\/uploads\/marisol-benitez-Gyr6rbkocjE-unsplash-683x1024.jpg 683w, https:\/\/luxiders.com\/content\/uploads\/marisol-benitez-Gyr6rbkocjE-unsplash-768x1152.jpg 768w, https:\/\/luxiders.com\/content\/uploads\/marisol-benitez-Gyr6rbkocjE-unsplash-1024x1536.jpg 1024w\" sizes=\"(max-width: 1200px) 100vw, 1200px\" \/><\/div><\/figure>                                                                                            <\/div>\n                                    <div class=\"col-lg-6\">\n                                                                                                                                                        <figure class=\"mb-4 pt-lg-5 mb-lg-6 ps-lg-3 pe-lg-0\" data-aos=\"fade-up\" data-aos-duration=\"1000\"><div class=\"img-container\"><img loading=\"lazy\" decoding=\"async\" width=\"1365\" height=\"2048\" src=\"https:\/\/luxiders.com\/content\/uploads\/annie-spratt-5GsbwkrCfuM-unsplash-Updated.jpg\" class=\"img-fluid w-100\" alt=\"\" srcset=\"https:\/\/luxiders.com\/content\/uploads\/annie-spratt-5GsbwkrCfuM-unsplash-Updated.jpg 1365w, https:\/\/luxiders.com\/content\/uploads\/annie-spratt-5GsbwkrCfuM-unsplash-Updated-200x300.jpg 200w, https:\/\/luxiders.com\/content\/uploads\/annie-spratt-5GsbwkrCfuM-unsplash-Updated-683x1024.jpg 683w, https:\/\/luxiders.com\/content\/uploads\/annie-spratt-5GsbwkrCfuM-unsplash-Updated-768x1152.jpg 768w, https:\/\/luxiders.com\/content\/uploads\/annie-spratt-5GsbwkrCfuM-unsplash-Updated-1024x1536.jpg 1024w\" sizes=\"(max-width: 1365px) 100vw, 1365px\" \/><\/div><\/figure>                                                                                                        <\/div>\n                                            <\/div>\n        <\/div>\n    <\/section>\n    \n\n    <section id=\"textblock-block_317744a9ea660e8a594bdc0382755275\" class=\"section position-relative gp-block gp-textblock pt-0 pb-0\">\n        <div class=\"container\">\n            <div class=\"row g-0\">\n                <div class=\"col-lg-12 content\" data-aos=\"fade-in\" data-aos-duration=\"1000\">\n                                                                                <h2>DEN URSPRUNG VERSTEHEN<\/h2>\n<p><a href=\"https:\/\/www.oxfordlearnersdictionaries.com\/definition\/english\/cultural-appropriation?q=cultural+appropriation\" target=\"_blank\" rel=\"noopener\">Oxford Dictionaries<\/a> hat den Begriff kulturelle Aneignung erst vor vier Jahren, im Jahr 2017, aufgenommen. Er wird definiert als &#8222;die uneingestandene oder unangemessene \u00dcbernahme von Sitten, Gebr\u00e4uchen, Ideen usw. eines Volkes oder einer Gesellschaft durch Mitglieder eines anderen und typischerweise dominanteren Volkes oder einer Gesellschaft&#8220;. Kurz gesagt, wenn jemand etwas aus einer anderen Kultur \u00fcbernimmt. Edward Taylor, Kulturanthropologe, pr\u00e4gte bereits im 19. Jahrhundert den Begriff der <a href=\"https:\/\/www.encyclopedia.com\/social-sciences\/encyclopedias-almanacs-transcripts-and-maps\/diffusion-theories\" target=\"_blank\" rel=\"noopener\">kulturellen Diffusion<\/a>. Er beschreibt es als Transfer von Elementen zwischen Kulturen und Gesellschaften.<\/p>\n<p>Der fr\u00fcheste Hinweis auf kulturelle Aneignung wurde 1979 in dem Buch; <a href=\"http:\/\/www.erikclabaugh.com\/wp-content\/uploads\/2014\/08\/181899847-Subculture.pdf\" target=\"_blank\" rel=\"noopener\">Subculture: The meaning of Style<\/a>, geschrieben von dem Soziologen Dick Hebdige. Er untersucht, wie wir uns f\u00fcr Subkulturen interessieren, insbesondere &#8222;f\u00fcr die Ausdrucksformen und Rituale dieser untergeordneten Gruppen&#8220;, und wie wir uns diese ausleihen, um sie zu einem Teil unseres eigenen Stils zu machen. Er verwendet das Beispiel der wei\u00dfen Subkulturen in Gro\u00dfbritannien; der Punk-Stil nimmt Anleihen bei der Rastafari-Kultur und der Kleidung der Arbeiterklasse.<\/p>\n<p>Kulturelle Aneignung basiert im Wesentlichen auf der Spektakularisierung der indigenen kulturellen Identit\u00e4t, die in der Regel nicht die verdiente Anerkennung des kulturellen Elements oder seines Wertes durch Dritte erf\u00e4hrt. Diese Unterbrechung des Identifikationsprozesses zwingt Mitglieder rassifizierter Gruppen zur Anwendung von Akkulturationsstrategien, die oft zum Verschwinden dieser kulturellen Gruppen f\u00fchren.<\/p>\n<p>Allerdings sind nicht alle Formen der kulturellen &#8222;Ausleihung&#8220; und Inspiration sch\u00e4dlich. V\u00e9zina stellt fest, dass die Neuinterpretation von Elementen aus anderen Kulturen sowohl f\u00fcr die Quell- als auch f\u00fcr die Zielkultur bereichernd sein kann. Kulturelle Aneignung einzud\u00e4mmen bedeutet nicht, alle Formen kultureller Einfl\u00fcsse pauschal auszul\u00f6schen.<\/p>\n                                            <div class=\"highlighted mt-5 mt-lg-6 px-lg-5\">\n                            <p style=\"text-align: right;\">\u201eSchlie\u00dflich sind Kulturen flie\u00dfend, und ihren freien Fluss einzuschr\u00e4nken hie\u00dfe, ihr Wesen zu negieren\u201d, so Brigitte V\u00e9zina.<\/p>\n                        <\/div>\n                                                        <\/div>\n            <\/div>\n        <\/div>\n    <\/section>\n    \n\n    <section id=\"media-block_4e602f25a016deafc10bbd80eebe8e80\" class=\"section position-relative gp-block gp-media pt-0 pb-0\">\n        <div class=\"container\">\n            <div class=\"row g-0\">\n                <div class=\"col-lg-12 content\" data-aos=\"fade-in\" data-aos-duration=\"1000\">\n                                                                            <\/div>\n            <\/div>\n            <div class=\"row g-0\">\n                <div class=\"col-lg-12 img-scaled\">\n                                                                                                                                                <figure class=\"mb-4 pt-lg-5 mb-lg-6 ps-lg-0 pe-lg-0\" data-aos=\"fade-up\" data-aos-duration=\"1000\"><div class=\"img-container\"><img loading=\"lazy\" decoding=\"async\" width=\"1200\" height=\"800\" src=\"https:\/\/luxiders.com\/content\/uploads\/jose-pablo-dominguez-RxMVTBu4QGM-unsplash.jpg\" class=\"img-fluid w-100\" alt=\"\" srcset=\"https:\/\/luxiders.com\/content\/uploads\/jose-pablo-dominguez-RxMVTBu4QGM-unsplash.jpg 1200w, https:\/\/luxiders.com\/content\/uploads\/jose-pablo-dominguez-RxMVTBu4QGM-unsplash-300x200.jpg 300w, https:\/\/luxiders.com\/content\/uploads\/jose-pablo-dominguez-RxMVTBu4QGM-unsplash-1024x683.jpg 1024w, https:\/\/luxiders.com\/content\/uploads\/jose-pablo-dominguez-RxMVTBu4QGM-unsplash-768x512.jpg 768w\" sizes=\"(max-width: 1200px) 100vw, 1200px\" \/><\/div><\/figure>                                                                                            <\/div>\n                                            <\/div>\n        <\/div>\n    <\/section>\n    \n\n    <section id=\"media-block_6f1db13d8e501a698e37cc1123ea9182\" class=\"section position-relative gp-block gp-media pt-0 pb-0\">\n        <div class=\"container\">\n            <div class=\"row g-0\">\n                <div class=\"col-lg-12 content\" data-aos=\"fade-in\" data-aos-duration=\"1000\">\n                                        <h3>MODE-POWERHOUSE<\/h3>\n<p>Wir wissen, dass Mode ein wichtiges Ausdrucksmittel ist. Die Branche ist bekannt f\u00fcr ihre Kreativit\u00e4t und die F\u00e4higkeit, au\u00dfergew\u00f6hnliche Kleidung herzustellen. Dennoch hat sie eine hohe Komponente des Kopierens und Nachahmens. Nehme Fast-Fashion als Beispiel: Luxusmarkenartikel werden unverhohlen und hastig kopiert, um so schnell wie m\u00f6glich an die Verbraucher verkauft zu werden. Wenn man dies ber\u00fccksichtigt, ist die kulturelle Aneignung eine weitere Manifestation der Tendenz zum Kopieren und Imitieren.<\/p>\n<p>Im Laufe der Geschichte haben viele Designer die Kulturen der Welt f\u00fcr ihre Kollektionen genutzt. In den Worten von V\u00e9zina: &#8222;Die Beispiele reichen von den Haremshosen und Tuniken des franz\u00f6sischen Designers Paul Poiret in den 1910er Jahren, die von den Kulturen des Nahen Ostens und der T\u00fcrkei inspiriert waren, bis zu <a href=\"https:\/\/luxiders.com\/sustainable-brands-saint-laurent\/\" target=\"_blank\" rel=\"noopener\">Yves Saint Laurents<\/a> perlen- und federbesetzter afrikanischer Kollektion von 1967, die unter anderem von afrikanischem Kunsthandwerk inspiriert war. Selbst Coco <a href=\"https:\/\/luxiders.com\/sustainable-brands-chanel\/\" target=\"_blank\" rel=\"noopener\">Chanel<\/a> verwendete in ihren fr\u00fchen Kollektionen in den 1920er Jahren traditionelle russische Stickereien auf Tuniken.&#8220;<\/p>\n                                    <\/div>\n            <\/div>\n            <div class=\"row g-0\">\n                <div class=\"col-lg-12 img-scaled\">\n                                                                                                                                                <figure class=\"mb-4 pt-lg-5 mb-lg-6 ps-lg-0 pe-lg-0\" data-aos=\"fade-up\" data-aos-duration=\"1000\"><div class=\"img-container\"><img loading=\"lazy\" decoding=\"async\" width=\"1200\" height=\"800\" src=\"https:\/\/luxiders.com\/content\/uploads\/john-mcarthur-Ue5kuMVmIhU-unsplash.jpg\" class=\"img-fluid w-100\" alt=\"\" srcset=\"https:\/\/luxiders.com\/content\/uploads\/john-mcarthur-Ue5kuMVmIhU-unsplash.jpg 1200w, https:\/\/luxiders.com\/content\/uploads\/john-mcarthur-Ue5kuMVmIhU-unsplash-300x200.jpg 300w, https:\/\/luxiders.com\/content\/uploads\/john-mcarthur-Ue5kuMVmIhU-unsplash-1024x683.jpg 1024w, https:\/\/luxiders.com\/content\/uploads\/john-mcarthur-Ue5kuMVmIhU-unsplash-768x512.jpg 768w\" sizes=\"(max-width: 1200px) 100vw, 1200px\" \/><\/div><\/figure>                                                                                            <\/div>\n                                            <\/div>\n        <\/div>\n    <\/section>\n    \n\n    <section id=\"textblock-block_0a74f1bd30f9e092770fd420bcda50d8\" class=\"section position-relative gp-block gp-textblock pt-0 pb-0\">\n        <div class=\"container\">\n            <div class=\"row g-0\">\n                <div class=\"col-lg-12 content\" data-aos=\"fade-in\" data-aos-duration=\"1000\">\n                                                                                <p>Der Schl\u00fcssel ist, zu erkennen, wann jemand von einer anderen Kultur inspiriert ist und wann er sich diese Kultur aneignet. Die Wahrheit ist, dass es wirklich eine &#8222;Grauzone&#8220; ist. Der Hauptunterschied ist, dass man man die Kultur sch\u00e4tzt, um Erlaubnis bittet und ein Interesse f\u00fcr die Kultur zeigt. Man kauft direkt von den Sch\u00f6pfern und nimmt sich die Zeit, etwas \u00fcber die Urspr\u00fcnge des Kleidungsst\u00fccks zu erfahren. Wenn du dir eine Kultur aneignest, tust du es ohne Zustimmung, aus einer privilegierten Gruppe kommend und mit wenig bis gar keinem Interesse f\u00fcr die Kultur.<\/p>\n<p>Die Folgen von kultureller Aneignung sind verheerend f\u00fcr die Kultur, von der man sich etwas ausleiht. Sie werden der inh\u00e4renten Eigenschaften ihrer Gemeinschaft beraubt: Identit\u00e4t, W\u00fcrde, Autonomie und Selbstbestimmtheit. Auf wirtschaftlicher Ebene werden sie der Anerkennung und Entsch\u00e4digung f\u00fcr die Verwendung ihrer Designs beraubt.<\/p>\n<p>Alles in allem muss die Basis Respekt sein. Wir leben in einer Welt voller Kulturen, von denen eine spezieller und vielf\u00e4ltiger ist als die andere. Es ist logisch, dass wir uns inspiriert f\u00fchlen und Kleidung aus diesen Kulturen m\u00f6gen, aber wir d\u00fcrfen nicht vergessen, dass ihre Herkunft respektiert werden muss. Informieren wir uns \u00fcber die Geschichte oder die Eigenschaften des Kleidungsst\u00fccks, um es in Anerkennung und W\u00fcrdigung seiner erstaunlichen Kultur zu tragen.<br \/>\n&nbsp;<br \/>\n&nbsp;<\/p>\n                                                        <\/div>\n            <\/div>\n        <\/div>\n    <\/section>\n    ","protected":false},"excerpt":{"rendered":"","protected":false},"author":2,"featured_media":4444,"comment_status":"closed","ping_status":"closed","sticky":false,"template":"","format":"standard","meta":{"_acf_changed":false,"footnotes":""},"categories":[1194],"tags":[1156,1155,1154,1157],"class_list":{"0":"post-4419","1":"post","2":"type-post","3":"status-publish","4":"format-standard","5":"has-post-thumbnail","7":"category-nachhaltig-luxus-mode","8":"tag-gesellschaft","9":"tag-kulturelle-anignung","10":"tag-kulturelle-vielfalt","11":"tag-nachhaltige-kultur"},"acf":[],"yoast_head":"<title>Kulturelle Aneignung, der vergiftete Apfel der Mode | Luxiders<\/title>\n<meta name=\"description\" content=\"Der Modeindustrie wurde in den letzten Jahren mehrfach kulturelle Aneignung vorgeworfen. Der j\u00fcngste Vorwurf kam aus Mexiko.\" \/>\n<meta name=\"robots\" content=\"index, follow, max-snippet:-1, max-image-preview:large, max-video-preview:-1\" \/>\n<link rel=\"canonical\" href=\"https:\/\/luxiders.com\/de\/kulturelle-aneignung-in-der-mode\/\" \/>\n<meta property=\"og:locale\" content=\"de_DE\" \/>\n<meta property=\"og:type\" content=\"article\" \/>\n<meta property=\"og:title\" content=\"Kulturelle Aneignung, der vergiftete Apfel der Mode | Luxiders\" \/>\n<meta property=\"og:description\" content=\"Der Modeindustrie wurde in den letzten Jahren mehrfach kulturelle Aneignung vorgeworfen. Der j\u00fcngste Vorwurf kam aus Mexiko.\" \/>\n<meta property=\"og:url\" content=\"https:\/\/luxiders.com\/de\/kulturelle-aneignung-in-der-mode\/\" \/>\n<meta property=\"og:site_name\" content=\"Sustainable Fashion - Eco Design - Healthy Lifestyle - Luxiders Magazine\" \/>\n<meta property=\"article:published_time\" content=\"2021-06-07T12:28:00+00:00\" \/>\n<meta property=\"article:modified_time\" content=\"2023-06-16T12:46:13+00:00\" \/>\n<meta property=\"og:image\" content=\"https:\/\/luxiders.com\/content\/uploads\/pablo-rebolledo-5ZhM2-ldd5M-unsplash.jpg\" \/>\n\t<meta property=\"og:image:width\" content=\"1900\" \/>\n\t<meta property=\"og:image:height\" content=\"1370\" \/>\n\t<meta property=\"og:image:type\" content=\"image\/jpeg\" \/>\n<meta name=\"author\" content=\"luxiders\" \/>\n<meta name=\"twitter:card\" content=\"summary_large_image\" \/>\n<meta name=\"twitter:label1\" content=\"Verfasst von\" \/>\n\t<meta name=\"twitter:data1\" content=\"luxiders\" \/>\n<script type=\"application\/ld+json\" class=\"yoast-schema-graph\">{\"@context\":\"https:\/\/schema.org\",\"@graph\":[{\"@type\":\"Article\",\"@id\":\"https:\/\/luxiders.com\/de\/kulturelle-aneignung-in-der-mode\/#article\",\"isPartOf\":{\"@id\":\"https:\/\/luxiders.com\/de\/kulturelle-aneignung-in-der-mode\/\"},\"author\":{\"name\":\"luxiders\",\"@id\":\"https:\/\/luxiders.com\/de\/#\/schema\/person\/8632fa702ae2ce98f66c396254633de8\"},\"headline\":\"Kulturelle Aneignung, der vergiftete Apfel der Mode\",\"datePublished\":\"2021-06-07T12:28:00+00:00\",\"dateModified\":\"2023-06-16T12:46:13+00:00\",\"mainEntityOfPage\":{\"@id\":\"https:\/\/luxiders.com\/de\/kulturelle-aneignung-in-der-mode\/\"},\"wordCount\":7,\"publisher\":{\"@id\":\"https:\/\/luxiders.com\/de\/#organization\"},\"image\":{\"@id\":\"https:\/\/luxiders.com\/de\/kulturelle-aneignung-in-der-mode\/#primaryimage\"},\"thumbnailUrl\":\"https:\/\/luxiders.com\/content\/uploads\/pablo-rebolledo-5ZhM2-ldd5M-unsplash.jpg\",\"keywords\":[\"gesellschaft\",\"kulturelle anignung\",\"kulturelle vielfalt\",\"nachhaltige kultur\"],\"articleSection\":[\"Mode\"],\"inLanguage\":\"de\"},{\"@type\":\"WebPage\",\"@id\":\"https:\/\/luxiders.com\/de\/kulturelle-aneignung-in-der-mode\/\",\"url\":\"https:\/\/luxiders.com\/de\/kulturelle-aneignung-in-der-mode\/\",\"name\":\"Kulturelle Aneignung, der vergiftete Apfel der Mode | Luxiders\",\"isPartOf\":{\"@id\":\"https:\/\/luxiders.com\/de\/#website\"},\"primaryImageOfPage\":{\"@id\":\"https:\/\/luxiders.com\/de\/kulturelle-aneignung-in-der-mode\/#primaryimage\"},\"image\":{\"@id\":\"https:\/\/luxiders.com\/de\/kulturelle-aneignung-in-der-mode\/#primaryimage\"},\"thumbnailUrl\":\"https:\/\/luxiders.com\/content\/uploads\/pablo-rebolledo-5ZhM2-ldd5M-unsplash.jpg\",\"datePublished\":\"2021-06-07T12:28:00+00:00\",\"dateModified\":\"2023-06-16T12:46:13+00:00\",\"description\":\"Der Modeindustrie wurde in den letzten Jahren mehrfach kulturelle Aneignung vorgeworfen. Der j\u00fcngste Vorwurf kam aus Mexiko.\",\"breadcrumb\":{\"@id\":\"https:\/\/luxiders.com\/de\/kulturelle-aneignung-in-der-mode\/#breadcrumb\"},\"inLanguage\":\"de\",\"potentialAction\":[{\"@type\":\"ReadAction\",\"target\":[\"https:\/\/luxiders.com\/de\/kulturelle-aneignung-in-der-mode\/\"]}]},{\"@type\":\"ImageObject\",\"inLanguage\":\"de\",\"@id\":\"https:\/\/luxiders.com\/de\/kulturelle-aneignung-in-der-mode\/#primaryimage\",\"url\":\"https:\/\/luxiders.com\/content\/uploads\/pablo-rebolledo-5ZhM2-ldd5M-unsplash.jpg\",\"contentUrl\":\"https:\/\/luxiders.com\/content\/uploads\/pablo-rebolledo-5ZhM2-ldd5M-unsplash.jpg\",\"width\":1900,\"height\":1370},{\"@type\":\"BreadcrumbList\",\"@id\":\"https:\/\/luxiders.com\/de\/kulturelle-aneignung-in-der-mode\/#breadcrumb\",\"itemListElement\":[{\"@type\":\"ListItem\",\"position\":1,\"name\":\"Startseite\",\"item\":\"https:\/\/luxiders.com\/de\/\"},{\"@type\":\"ListItem\",\"position\":2,\"name\":\"Mode\",\"item\":\"https:\/\/luxiders.com\/de\/Katregorie\/nachhaltig-luxus-mode\/\"},{\"@type\":\"ListItem\",\"position\":3,\"name\":\"Kulturelle Aneignung, der vergiftete Apfel der Mode\"}]},{\"@type\":\"WebSite\",\"@id\":\"https:\/\/luxiders.com\/de\/#website\",\"url\":\"https:\/\/luxiders.com\/de\/\",\"name\":\"Sustainable Fashion - Eco Design - Healthy Lifestyle - Luxiders Magazine\",\"description\":\"Luxiders is a sustainable luxury magazine highlighting the best stories about sustainable fashion, ethical fashion, eco-friendly design, green design, sustainable travel, natural beauty, organic beauty and healthy lifestyle. Know the best high-end, progressive and luxury sustainable brands and designers worldwide.\",\"publisher\":{\"@id\":\"https:\/\/luxiders.com\/de\/#organization\"},\"potentialAction\":[{\"@type\":\"SearchAction\",\"target\":{\"@type\":\"EntryPoint\",\"urlTemplate\":\"https:\/\/luxiders.com\/de\/?s={search_term_string}\"},\"query-input\":{\"@type\":\"PropertyValueSpecification\",\"valueRequired\":true,\"valueName\":\"search_term_string\"}}],\"inLanguage\":\"de\"},{\"@type\":\"Organization\",\"@id\":\"https:\/\/luxiders.com\/de\/#organization\",\"name\":\"Sustainable Fashion - Eco Design - Healthy Lifestyle - Luxiders Magazine\",\"url\":\"https:\/\/luxiders.com\/de\/\",\"logo\":{\"@type\":\"ImageObject\",\"inLanguage\":\"de\",\"@id\":\"https:\/\/luxiders.com\/de\/#\/schema\/logo\/image\/\",\"url\":\"https:\/\/luxiders.com\/content\/uploads\/lux-logo.svg\",\"contentUrl\":\"https:\/\/luxiders.com\/content\/uploads\/lux-logo.svg\",\"caption\":\"Sustainable Fashion - Eco Design - Healthy Lifestyle - Luxiders Magazine\"},\"image\":{\"@id\":\"https:\/\/luxiders.com\/de\/#\/schema\/logo\/image\/\"}},{\"@type\":\"Person\",\"@id\":\"https:\/\/luxiders.com\/de\/#\/schema\/person\/8632fa702ae2ce98f66c396254633de8\",\"name\":\"luxiders\",\"url\":\"https:\/\/luxiders.com\/de\/author\/luxiders\/\"}]}<\/script>","yoast_head_json":{"title":"Kulturelle Aneignung, der vergiftete Apfel der Mode | Luxiders","description":"Der Modeindustrie wurde in den letzten Jahren mehrfach kulturelle Aneignung vorgeworfen. Der j\u00fcngste Vorwurf kam aus Mexiko.","robots":{"index":"index","follow":"follow","max-snippet":"max-snippet:-1","max-image-preview":"max-image-preview:large","max-video-preview":"max-video-preview:-1"},"canonical":"https:\/\/luxiders.com\/de\/kulturelle-aneignung-in-der-mode\/","og_locale":"de_DE","og_type":"article","og_title":"Kulturelle Aneignung, der vergiftete Apfel der Mode | Luxiders","og_description":"Der Modeindustrie wurde in den letzten Jahren mehrfach kulturelle Aneignung vorgeworfen. Der j\u00fcngste Vorwurf kam aus Mexiko.","og_url":"https:\/\/luxiders.com\/de\/kulturelle-aneignung-in-der-mode\/","og_site_name":"Sustainable Fashion - Eco Design - Healthy Lifestyle - Luxiders Magazine","article_published_time":"2021-06-07T12:28:00+00:00","article_modified_time":"2023-06-16T12:46:13+00:00","og_image":[{"width":1900,"height":1370,"url":"https:\/\/luxiders.com\/content\/uploads\/pablo-rebolledo-5ZhM2-ldd5M-unsplash.jpg","type":"image\/jpeg"}],"author":"luxiders","twitter_card":"summary_large_image","twitter_misc":{"Verfasst von":"luxiders"},"schema":{"@context":"https:\/\/schema.org","@graph":[{"@type":"Article","@id":"https:\/\/luxiders.com\/de\/kulturelle-aneignung-in-der-mode\/#article","isPartOf":{"@id":"https:\/\/luxiders.com\/de\/kulturelle-aneignung-in-der-mode\/"},"author":{"name":"luxiders","@id":"https:\/\/luxiders.com\/de\/#\/schema\/person\/8632fa702ae2ce98f66c396254633de8"},"headline":"Kulturelle Aneignung, der vergiftete Apfel der Mode","datePublished":"2021-06-07T12:28:00+00:00","dateModified":"2023-06-16T12:46:13+00:00","mainEntityOfPage":{"@id":"https:\/\/luxiders.com\/de\/kulturelle-aneignung-in-der-mode\/"},"wordCount":7,"publisher":{"@id":"https:\/\/luxiders.com\/de\/#organization"},"image":{"@id":"https:\/\/luxiders.com\/de\/kulturelle-aneignung-in-der-mode\/#primaryimage"},"thumbnailUrl":"https:\/\/luxiders.com\/content\/uploads\/pablo-rebolledo-5ZhM2-ldd5M-unsplash.jpg","keywords":["gesellschaft","kulturelle anignung","kulturelle vielfalt","nachhaltige kultur"],"articleSection":["Mode"],"inLanguage":"de"},{"@type":"WebPage","@id":"https:\/\/luxiders.com\/de\/kulturelle-aneignung-in-der-mode\/","url":"https:\/\/luxiders.com\/de\/kulturelle-aneignung-in-der-mode\/","name":"Kulturelle Aneignung, der vergiftete Apfel der Mode | Luxiders","isPartOf":{"@id":"https:\/\/luxiders.com\/de\/#website"},"primaryImageOfPage":{"@id":"https:\/\/luxiders.com\/de\/kulturelle-aneignung-in-der-mode\/#primaryimage"},"image":{"@id":"https:\/\/luxiders.com\/de\/kulturelle-aneignung-in-der-mode\/#primaryimage"},"thumbnailUrl":"https:\/\/luxiders.com\/content\/uploads\/pablo-rebolledo-5ZhM2-ldd5M-unsplash.jpg","datePublished":"2021-06-07T12:28:00+00:00","dateModified":"2023-06-16T12:46:13+00:00","description":"Der Modeindustrie wurde in den letzten Jahren mehrfach kulturelle Aneignung vorgeworfen. Der j\u00fcngste Vorwurf kam aus Mexiko.","breadcrumb":{"@id":"https:\/\/luxiders.com\/de\/kulturelle-aneignung-in-der-mode\/#breadcrumb"},"inLanguage":"de","potentialAction":[{"@type":"ReadAction","target":["https:\/\/luxiders.com\/de\/kulturelle-aneignung-in-der-mode\/"]}]},{"@type":"ImageObject","inLanguage":"de","@id":"https:\/\/luxiders.com\/de\/kulturelle-aneignung-in-der-mode\/#primaryimage","url":"https:\/\/luxiders.com\/content\/uploads\/pablo-rebolledo-5ZhM2-ldd5M-unsplash.jpg","contentUrl":"https:\/\/luxiders.com\/content\/uploads\/pablo-rebolledo-5ZhM2-ldd5M-unsplash.jpg","width":1900,"height":1370},{"@type":"BreadcrumbList","@id":"https:\/\/luxiders.com\/de\/kulturelle-aneignung-in-der-mode\/#breadcrumb","itemListElement":[{"@type":"ListItem","position":1,"name":"Startseite","item":"https:\/\/luxiders.com\/de\/"},{"@type":"ListItem","position":2,"name":"Mode","item":"https:\/\/luxiders.com\/de\/Katregorie\/nachhaltig-luxus-mode\/"},{"@type":"ListItem","position":3,"name":"Kulturelle Aneignung, der vergiftete Apfel der Mode"}]},{"@type":"WebSite","@id":"https:\/\/luxiders.com\/de\/#website","url":"https:\/\/luxiders.com\/de\/","name":"Sustainable Fashion - Eco Design - Healthy Lifestyle - Luxiders Magazine","description":"Luxiders is a sustainable luxury magazine highlighting the best stories about sustainable fashion, ethical fashion, eco-friendly design, green design, sustainable travel, natural beauty, organic beauty and healthy lifestyle. Know the best high-end, progressive and luxury sustainable brands and designers worldwide.","publisher":{"@id":"https:\/\/luxiders.com\/de\/#organization"},"potentialAction":[{"@type":"SearchAction","target":{"@type":"EntryPoint","urlTemplate":"https:\/\/luxiders.com\/de\/?s={search_term_string}"},"query-input":{"@type":"PropertyValueSpecification","valueRequired":true,"valueName":"search_term_string"}}],"inLanguage":"de"},{"@type":"Organization","@id":"https:\/\/luxiders.com\/de\/#organization","name":"Sustainable Fashion - Eco Design - Healthy Lifestyle - Luxiders Magazine","url":"https:\/\/luxiders.com\/de\/","logo":{"@type":"ImageObject","inLanguage":"de","@id":"https:\/\/luxiders.com\/de\/#\/schema\/logo\/image\/","url":"https:\/\/luxiders.com\/content\/uploads\/lux-logo.svg","contentUrl":"https:\/\/luxiders.com\/content\/uploads\/lux-logo.svg","caption":"Sustainable Fashion - Eco Design - Healthy Lifestyle - Luxiders Magazine"},"image":{"@id":"https:\/\/luxiders.com\/de\/#\/schema\/logo\/image\/"}},{"@type":"Person","@id":"https:\/\/luxiders.com\/de\/#\/schema\/person\/8632fa702ae2ce98f66c396254633de8","name":"luxiders","url":"https:\/\/luxiders.com\/de\/author\/luxiders\/"}]}},"_links":{"self":[{"href":"https:\/\/luxiders.com\/de\/wp-json\/wp\/v2\/posts\/4419","targetHints":{"allow":["GET"]}}],"collection":[{"href":"https:\/\/luxiders.com\/de\/wp-json\/wp\/v2\/posts"}],"about":[{"href":"https:\/\/luxiders.com\/de\/wp-json\/wp\/v2\/types\/post"}],"author":[{"embeddable":true,"href":"https:\/\/luxiders.com\/de\/wp-json\/wp\/v2\/users\/2"}],"replies":[{"embeddable":true,"href":"https:\/\/luxiders.com\/de\/wp-json\/wp\/v2\/comments?post=4419"}],"version-history":[{"count":2,"href":"https:\/\/luxiders.com\/de\/wp-json\/wp\/v2\/posts\/4419\/revisions"}],"predecessor-version":[{"id":24004,"href":"https:\/\/luxiders.com\/de\/wp-json\/wp\/v2\/posts\/4419\/revisions\/24004"}],"wp:featuredmedia":[{"embeddable":true,"href":"https:\/\/luxiders.com\/de\/wp-json\/wp\/v2\/media\/4444"}],"wp:attachment":[{"href":"https:\/\/luxiders.com\/de\/wp-json\/wp\/v2\/media?parent=4419"}],"wp:term":[{"taxonomy":"category","embeddable":true,"href":"https:\/\/luxiders.com\/de\/wp-json\/wp\/v2\/categories?post=4419"},{"taxonomy":"post_tag","embeddable":true,"href":"https:\/\/luxiders.com\/de\/wp-json\/wp\/v2\/tags?post=4419"}],"curies":[{"name":"wp","href":"https:\/\/api.w.org\/{rel}","templated":true}]}}