{"id":46213,"date":"2024-05-24T19:38:50","date_gmt":"2024-05-24T17:38:50","guid":{"rendered":"https:\/\/luxiders.com\/?p=46213"},"modified":"2024-07-11T18:33:06","modified_gmt":"2024-07-11T16:33:06","slug":"ueber-krieg-kunst-rasse-und-vieles-mehr-interview-mit-thibeau-scarceriaux","status":"publish","type":"post","link":"https:\/\/luxiders.com\/de\/ueber-krieg-kunst-rasse-und-vieles-mehr-interview-mit-thibeau-scarceriaux\/","title":{"rendered":"\u00dcber Krieg, Kunst, Rasse und vieles mehr | Interview mit Thibeau Scarc\u00e9riaux"},"content":{"rendered":"    <section id=\"textblock-block_97874deb81e041780f96087181bd90fb\" class=\"section position-relative gp-block gp-textblock pt-5 pb-5\">\n        <div class=\"container\">\n            <div class=\"row g-0\">\n                <div class=\"col-lg-12 content\" data-aos=\"fade-in\" data-aos-duration=\"1000\">\n                                                                                    <div class=\"intro \">\n                            <p style=\"text-align: center;\">Der preisgekr\u00f6nte K\u00fcnstler und Designer Thibeau Scarc\u00e9riaux ist bekannt f\u00fcr seine einzigartigen Arbeiten rund um die Nation der gesellschaftlichen Tabus. Wir hatten die Gelegenheit, mit Scarc\u00e9riaux \u00fcber seine Inspiration und Arbeit zu sprechen. Lies hier weiter, um mehr zu erfahren.<\/p>\n                        <\/div>\n                                                                                                <\/div>\n            <\/div>\n        <\/div>\n    <\/section>\n    \n\n    <section id=\"textblock-block_ffe278ec31bd247c254bcfb9d523f70b\" class=\"section position-relative gp-block gp-textblock pt-0 pb-0\">\n        <div class=\"container\">\n            <div class=\"row g-0\">\n                <div class=\"col-lg-12 content\" data-aos=\"fade-in\" data-aos-duration=\"1000\">\n                                                                                <p>Die Arbeit des in Belgien lebenden K\u00fcnstlers Thibeau Scarc\u00e9riaux bewegt sich irgendwo zwischen funktionalem Design und k\u00fcnstlerischem Streben. Durch die Transformation scheinbar allt\u00e4glicher Gegenst\u00e4nde schafft Scarc\u00e9riaux einzigartige Skulpturen, die gleichzeitig monumental und dennoch praktisch sind. Die Auseinandersetzung mit Tabus \u2013 kontroversen Themen \u2013 ist vielen von Scarc\u00e9riaux\u2018 Werken eigen, da er hofft, dabei zu helfen, Raum f\u00fcr wichtige Dialoge seiner Betrachter zu schaffen.<\/p>\n<p>Hier sprachen wir mit Thibeau Scarc\u00e9riaux \u00fcber seinen Aufstieg zum Design, den Katalysator f\u00fcr Tabus in seiner Arbeit und bevorstehende Installationen.<\/p>\n                                                        <\/div>\n            <\/div>\n        <\/div>\n    <\/section>\n    \n\n    <section id=\"media-block_0b6985b58b0bfa19a34017d48b27385c\" class=\"section position-relative gp-block gp-media pt-0 pb-0\">\n        <div class=\"container\">\n            <div class=\"row g-0\">\n                <div class=\"col-lg-12 content\" data-aos=\"fade-in\" data-aos-duration=\"1000\">\n                                                                            <\/div>\n            <\/div>\n            <div class=\"row g-0\">\n                <div class=\"col-lg-6 \">\n                                                                                                                                                <figure class=\"mb-4 pt-lg-4 mb-lg-6 ps-lg-0 pe-lg-5\" data-aos=\"fade-up\" data-aos-duration=\"1000\"><div class=\"img-container\"><img loading=\"lazy\" decoding=\"async\" width=\"1707\" height=\"2560\" src=\"https:\/\/luxiders.com\/content\/uploads\/G6A0542-tijsvervecken--scaled.jpeg\" class=\"img-fluid w-100\" alt=\"Thibeau Scarc\u00e9riaux, Luxiders Magazine\" srcset=\"https:\/\/luxiders.com\/content\/uploads\/G6A0542-tijsvervecken--scaled.jpeg 1707w, https:\/\/luxiders.com\/content\/uploads\/G6A0542-tijsvervecken--200x300.jpeg 200w, https:\/\/luxiders.com\/content\/uploads\/G6A0542-tijsvervecken--683x1024.jpeg 683w, https:\/\/luxiders.com\/content\/uploads\/G6A0542-tijsvervecken--768x1152.jpeg 768w, https:\/\/luxiders.com\/content\/uploads\/G6A0542-tijsvervecken--1024x1536.jpeg 1024w, https:\/\/luxiders.com\/content\/uploads\/G6A0542-tijsvervecken--1366x2048.jpeg 1366w\" sizes=\"(max-width: 1707px) 100vw, 1707px\" \/><\/div><\/figure>                                                                                            <\/div>\n                                    <div class=\"col-lg-6\">\n                                                                                                                                                        <figure class=\"mb-4 pt-lg-7 mb-lg-8 ps-lg-5 pe-lg-0\" data-aos=\"fade-up\" data-aos-duration=\"1000\"><div class=\"img-container\"><img loading=\"lazy\" decoding=\"async\" width=\"1920\" height=\"2560\" src=\"https:\/\/luxiders.com\/content\/uploads\/IMG_5296-scaled.jpeg\" class=\"img-fluid w-100\" alt=\"Thibeau Scarc\u00e9riaux, Luxiders Magazine\" srcset=\"https:\/\/luxiders.com\/content\/uploads\/IMG_5296-scaled.jpeg 1920w, https:\/\/luxiders.com\/content\/uploads\/IMG_5296-225x300.jpeg 225w, https:\/\/luxiders.com\/content\/uploads\/IMG_5296-768x1024.jpeg 768w, https:\/\/luxiders.com\/content\/uploads\/IMG_5296-1152x1536.jpeg 1152w, https:\/\/luxiders.com\/content\/uploads\/IMG_5296-1536x2048.jpeg 1536w\" sizes=\"(max-width: 1920px) 100vw, 1920px\" \/><\/div><\/figure>                                                                                                        <\/div>\n                                            <\/div>\n        <\/div>\n    <\/section>\n    \n\n    <section id=\"textblock-block_c41e17d9d08ca9e4a58930469f400b77\" class=\"section position-relative gp-block gp-textblock pt-0 pb-0\">\n        <div class=\"container\">\n            <div class=\"row g-0\">\n                <div class=\"col-lg-12 content\" data-aos=\"fade-in\" data-aos-duration=\"1000\">\n                                                                                <p><strong>Wie sind Sie urspr\u00fcnglich zum Design gekommen?<\/strong><\/p>\n<p>Ich habe mich schon in jungen Jahren zu Kreativit\u00e4t und Handwerkskunst hingezogen gef\u00fchlt. Meine Reise ins Design begann mit der Faszination, Ideen in greifbare, funktionale Objekte zu verwandeln. Diese Leidenschaft veranlasste mich, ein Studium des M\u00f6beldesigns bei Thomas More zu absolvieren, wo ich die Gelegenheit hatte, meine F\u00e4higkeiten zu verfeinern und meine einzigartige \u00c4sthetik zu entwickeln. Neben meiner formalen Ausbildung hat mein Hintergrund im Industriedesign meine Erkundung der Welt des Designs weiter vorangetrieben und letztendlich meine vielf\u00e4ltige und innovative Praxis gepr\u00e4gt.<\/p>\n<p>&nbsp;<\/p>\n<p><strong>K\u00f6nnen Sie uns durch Ihren kreativen Prozess f\u00fchren \u2013 Materialbeschaffung, \u00c4sthetik? Was inspiriert Sie als Designer?<\/strong><\/p>\n<p>Mein kreativer Prozess ist tief im Experimentieren und Erkunden verwurzelt. Ich bin st\u00e4ndig auf der Suche nach neuen Materialien und Techniken und finde Inspiration oft an den unwahrscheinlichsten Orten. Ob es um die Wiederverwendung von Industrieresten oder die Einbeziehung nat\u00fcrlicher Elemente geht, ich bin von den inh\u00e4renten Qualit\u00e4ten von Materialien fasziniert und davon, wie sie manipuliert werden k\u00f6nnen, um Emotionen hervorzurufen und zum Nachdenken anzuregen.<\/p>\n<p>\u00c4sthetisch bem\u00fche ich mich um ein Gleichgewicht zwischen Form und Funktion und \u00fcberschreite dabei oft die Grenzen des konventionellen Designs, um St\u00fccke zu schaffen, die Wahrnehmungen herausfordern und Neugier wecken. Meine Arbeit spiegelt meine Faszination f\u00fcr das Zusammenspiel von Licht und Schatten, Textur und Form wider und f\u00fchrt zu skulpturalen Objekten, die die Sinne fesseln und ansprechen.<\/p>\n                                                        <\/div>\n            <\/div>\n        <\/div>\n    <\/section>\n    \n\n    <section id=\"media-block_c14922048bfe0d3cde83239accd29e34\" class=\"section position-relative gp-block gp-media pt-0 pb-0\">\n        <div class=\"container\">\n            <div class=\"row g-0\">\n                <div class=\"col-lg-12 content\" data-aos=\"fade-in\" data-aos-duration=\"1000\">\n                                                                            <\/div>\n            <\/div>\n            <div class=\"row g-0\">\n                <div class=\"col-lg-6 \">\n                                                                                                                                                <figure class=\"mb-4 pt-lg-6 mb-lg-8 ps-lg-0 pe-lg-5\" data-aos=\"fade-up\" data-aos-duration=\"1000\"><div class=\"img-container\"><img loading=\"lazy\" decoding=\"async\" width=\"1707\" height=\"2560\" src=\"https:\/\/luxiders.com\/content\/uploads\/DSCF1756-bewerkt-scaled.jpeg\" class=\"img-fluid w-100\" alt=\"Thibeau Scarc\u00e9riaux, Luxiders Magazine\" srcset=\"https:\/\/luxiders.com\/content\/uploads\/DSCF1756-bewerkt-scaled.jpeg 1707w, https:\/\/luxiders.com\/content\/uploads\/DSCF1756-bewerkt-200x300.jpeg 200w, https:\/\/luxiders.com\/content\/uploads\/DSCF1756-bewerkt-683x1024.jpeg 683w, https:\/\/luxiders.com\/content\/uploads\/DSCF1756-bewerkt-768x1152.jpeg 768w, https:\/\/luxiders.com\/content\/uploads\/DSCF1756-bewerkt-1024x1536.jpeg 1024w, https:\/\/luxiders.com\/content\/uploads\/DSCF1756-bewerkt-1365x2048.jpeg 1365w\" sizes=\"(max-width: 1707px) 100vw, 1707px\" \/><\/div><\/figure>                                                                                            <\/div>\n                                    <div class=\"col-lg-6\">\n                                                                                                                                                        <figure class=\"mb-4 pt-lg-3 mb-lg-4 ps-lg-5 pe-lg-0\" data-aos=\"fade-up\" data-aos-duration=\"1000\"><div class=\"img-container\"><img loading=\"lazy\" decoding=\"async\" width=\"1707\" height=\"2560\" src=\"https:\/\/luxiders.com\/content\/uploads\/DSCF2093-scaled.jpeg\" class=\"img-fluid w-100\" alt=\"Thibeau Scarc\u00e9riaux, Luxiders Magazine\" srcset=\"https:\/\/luxiders.com\/content\/uploads\/DSCF2093-scaled.jpeg 1707w, https:\/\/luxiders.com\/content\/uploads\/DSCF2093-200x300.jpeg 200w, https:\/\/luxiders.com\/content\/uploads\/DSCF2093-683x1024.jpeg 683w, https:\/\/luxiders.com\/content\/uploads\/DSCF2093-768x1152.jpeg 768w, https:\/\/luxiders.com\/content\/uploads\/DSCF2093-1024x1536.jpeg 1024w, https:\/\/luxiders.com\/content\/uploads\/DSCF2093-1365x2048.jpeg 1365w\" sizes=\"(max-width: 1707px) 100vw, 1707px\" \/><\/div><\/figure>                                                                                                        <\/div>\n                                            <\/div>\n        <\/div>\n    <\/section>\n    \n\n    <section id=\"media-block_1490e92f3c525f6379badf9dacefb7c0\" class=\"section position-relative gp-block gp-media pt-0 pb-0\">\n        <div class=\"container\">\n            <div class=\"row g-0\">\n                <div class=\"col-lg-12 content\" data-aos=\"fade-in\" data-aos-duration=\"1000\">\n                                                                            <\/div>\n            <\/div>\n            <div class=\"row g-0\">\n                <div class=\"col-lg-12 img-scaled\">\n                                                                                                                                                <figure class=\"mb-4 pt-lg-4 mb-lg-5 ps-lg-9 pe-lg-9\" data-aos=\"fade-up\" data-aos-duration=\"1000\"><div class=\"img-container\"><img loading=\"lazy\" decoding=\"async\" width=\"1707\" height=\"2560\" src=\"https:\/\/luxiders.com\/content\/uploads\/DSCF2090-1-scaled.jpeg\" class=\"img-fluid w-100\" alt=\"\" srcset=\"https:\/\/luxiders.com\/content\/uploads\/DSCF2090-1-scaled.jpeg 1707w, https:\/\/luxiders.com\/content\/uploads\/DSCF2090-1-200x300.jpeg 200w, https:\/\/luxiders.com\/content\/uploads\/DSCF2090-1-683x1024.jpeg 683w, https:\/\/luxiders.com\/content\/uploads\/DSCF2090-1-768x1152.jpeg 768w, https:\/\/luxiders.com\/content\/uploads\/DSCF2090-1-1024x1536.jpeg 1024w, https:\/\/luxiders.com\/content\/uploads\/DSCF2090-1-1365x2048.jpeg 1365w\" sizes=\"(max-width: 1707px) 100vw, 1707px\" \/><\/div><\/figure>                                                                                            <\/div>\n                                            <\/div>\n        <\/div>\n    <\/section>\n    \n\n    <section id=\"textblock-block_fed6d645b412f20933a273e0d9ea2299\" class=\"section position-relative gp-block gp-textblock pt-0 pb-0\">\n        <div class=\"container\">\n            <div class=\"row g-0\">\n                <div class=\"col-lg-12 content\" data-aos=\"fade-in\" data-aos-duration=\"1000\">\n                                                                                <p><strong>Viele Ihrer St\u00fccke basieren auf dem Konzept des \u201eTabus\u201c, wie Sie es nennen. K\u00f6nnen Sie mehr dazu sagen? Wie wird das Thema Tabu in Ihren Werken thematisiert und zu welchen Dialogen hoffen Sie, dass Ihre Arbeit inspirieren wird?<\/strong><\/p>\n<p>Die Auseinandersetzung mit Tabuthemen steht im Mittelpunkt meiner Praxis und dient als Katalysator f\u00fcr sinnvollen Dialog und Selbstbeobachtung. Mit meinen Arbeiten versuche ich, gesellschaftliche Normen zu konfrontieren und vorgefasste Meinungen in Frage zu stellen, indem ich den Betrachter dazu einlade, sich unbequemen Wahrheiten zu stellen und ehrliche Gespr\u00e4che \u00fcber schwierige Themen zu f\u00fchren.<\/p>\n<p>Ganz gleich, ob es um Fragen der Sexualit\u00e4t, der psychischen Gesundheit oder kultureller Stigmatisierung geht, mein Ziel ist es, zum Nachdenken anregende Diskussionen anzusto\u00dfen, die \u00fcber oberfl\u00e4chliche Wahrnehmungen hinausgehen. Durch die Schaffung von Objekten, die die Komplexit\u00e4t des Tabus verk\u00f6rpern, hoffe ich, Empathie, Verst\u00e4ndnis und letztendlich positive Ver\u00e4nderungen zu f\u00f6rdern.<\/p>\n<p>&nbsp;<\/p>\n<p><strong>K\u00f6nnen Sie in \u00e4hnlicher Weise Kriegsthemen in Ihrer Arbeit diskutieren?<\/strong><\/p>\n<p>Das Thema Krieg ist ein wiederkehrendes Motiv in meiner Arbeit und entspringt dem tief verwurzelten Wunsch, sich mit den menschlichen Kosten von Konflikten und Gewalt auseinanderzusetzen. Mit meinen St\u00fccken m\u00f6chte ich die Dichotomie von Zerst\u00f6rung und Widerstandsf\u00e4higkeit einfangen und die emotionalen und psychologischen Auswirkungen des Krieges auf Einzelpersonen und Gemeinschaften untersuchen.<\/p>\n<p>Ob durch symbolische Bilder, eindrucksvolle Materialien oder immersive Installationen, ich versuche, eine viszerale Reaktion hervorzurufen, die den Betrachter dazu veranlasst, sich mit der harten Realit\u00e4t des Krieges und seinen dauerhaften Auswirkungen auseinanderzusetzen. Indem ich Licht auf diese oft \u00fcbersehenen Narrative werfe, hoffe ich, die Erinnerungen der von Konflikten Betroffenen zu w\u00fcrdigen und zum Nachdenken \u00fcber die wahren Kosten der Gewalt anzuregen.<\/p>\n<p>&nbsp;<\/p>\n<p><strong>Wie provozieren Sie mit Ihren St\u00fccken Dialoge \u00fcber Rassismus?<\/strong><\/p>\n<p>Als K\u00fcnstlerin und Designerin halte ich es f\u00fcr entscheidend, meine Plattform zu nutzen, um Probleme des systemischen Rassismus und der Ungleichheit anzugehen. Mit meiner Arbeit versuche ich, mich mit der allgegenw\u00e4rtigen Natur des Rassismus und seinen Auswirkungen auf Einzelpersonen und Gemeinschaften auseinanderzusetzen.<\/p>\n<p>Rasse ist eine Kategorisierung von Menschen auf der Grundlage gemeinsamer k\u00f6rperlicher oder sozialer Eigenschaften, die im Allgemeinen innerhalb einer bestimmten Gesellschaft als unterschiedlich angesehen werden.<\/p>\n<p>\u201eX-race\u201c ist eine Objektserie, die zum Nachdenken \u00fcber das Thema Rassismus einl\u00e4dt. Ich verwende R\u00f6ntgenstrahlen, um die wahre Form des menschlichen K\u00f6rpers zu zeigen und zu zeigen, was die Menschen wirklich sind, um zu zeigen, dass es untereinander keine anatomischen Unterschiede gibt. Die in R\u00f6ntgenstrahlen verwendeten monotonen Farben erzeugen eine metaphorische Sicht auf das Thema.<\/p>\n<p>Mit der \u201eX-race\u201c-Reihe m\u00f6chte ich die konstruierten Vorstellungen von Rasse in Frage stellen und die falschen Dichotomien abbauen, die den Rassismus aufrechterhalten. Durch die Entfernung oberfl\u00e4chlicher Identit\u00e4tsmerkmale wie Hautfarbe oder Gesichtsz\u00fcge offenbaren die R\u00f6ntgenaufnahmen die grunds\u00e4tzliche Gleichheit aller Menschen. Diese klare visuelle Darstellung dient als starke Erinnerung an unsere gemeinsame Menschlichkeit und unterstreicht die Absurdit\u00e4t der Rassenhierarchien.<\/p>\n<p>Indem ich die Zuschauer mit der ungeschminkten Wahrheit unseres physischen K\u00f6rpers konfrontiere, hoffe ich, eine Selbstbeobachtung und einen Dialog \u00fcber die Willk\u00fcr der Rasse und das bleibende Erbe des Rassismus anzuregen. Ich glaube, dass wir durch diese Gespr\u00e4che damit beginnen k\u00f6nnen, systemische Ungerechtigkeiten abzubauen und uns auf eine gerechtere und integrativere Gesellschaft zuzubewegen.<\/p>\n                                                        <\/div>\n            <\/div>\n        <\/div>\n    <\/section>\n    \n\n    <section id=\"media-block_667824486b2df76e33945186c8ec5a74\" class=\"section position-relative gp-block gp-media pt-0 pb-0\">\n        <div class=\"container\">\n            <div class=\"row g-0\">\n                <div class=\"col-lg-12 content\" data-aos=\"fade-in\" data-aos-duration=\"1000\">\n                                                                            <\/div>\n            <\/div>\n            <div class=\"row g-0\">\n                <div class=\"col-lg-6 \">\n                                                                                                                                                <figure class=\"mb-4 pt-lg-5 mb-lg-6 ps-lg-0 pe-lg-5\" data-aos=\"fade-up\" data-aos-duration=\"1000\"><div class=\"img-container\"><img loading=\"lazy\" decoding=\"async\" width=\"1906\" height=\"2387\" src=\"https:\/\/luxiders.com\/content\/uploads\/141185900005_.jpeg\" class=\"img-fluid w-100\" alt=\"Thibeau Scarc\u00e9riaux, Luxiders Magazine\" srcset=\"https:\/\/luxiders.com\/content\/uploads\/141185900005_.jpeg 1906w, https:\/\/luxiders.com\/content\/uploads\/141185900005_-240x300.jpeg 240w, https:\/\/luxiders.com\/content\/uploads\/141185900005_-818x1024.jpeg 818w, https:\/\/luxiders.com\/content\/uploads\/141185900005_-768x962.jpeg 768w, https:\/\/luxiders.com\/content\/uploads\/141185900005_-1226x1536.jpeg 1226w, https:\/\/luxiders.com\/content\/uploads\/141185900005_-1635x2048.jpeg 1635w\" sizes=\"(max-width: 1906px) 100vw, 1906px\" \/><\/div><\/figure>                                                                                            <\/div>\n                                    <div class=\"col-lg-6\">\n                                                                                                                                                        <figure class=\"mb-4 pt-lg-5 mb-lg-7 ps-lg-5 pe-lg-0\" data-aos=\"fade-up\" data-aos-duration=\"1000\"><div class=\"img-container\"><img loading=\"lazy\" decoding=\"async\" width=\"2053\" height=\"2560\" src=\"https:\/\/luxiders.com\/content\/uploads\/000007-scaled.jpeg\" class=\"img-fluid w-100\" alt=\"Thibeau Scarc\u00e9riaux, Luxiders Magazine\" srcset=\"https:\/\/luxiders.com\/content\/uploads\/000007-scaled.jpeg 2053w, https:\/\/luxiders.com\/content\/uploads\/000007-241x300.jpeg 241w, https:\/\/luxiders.com\/content\/uploads\/000007-821x1024.jpeg 821w, https:\/\/luxiders.com\/content\/uploads\/000007-768x958.jpeg 768w, https:\/\/luxiders.com\/content\/uploads\/000007-1232x1536.jpeg 1232w, https:\/\/luxiders.com\/content\/uploads\/000007-1642x2048.jpeg 1642w\" sizes=\"(max-width: 2053px) 100vw, 2053px\" \/><\/div><\/figure>                                                                                                        <\/div>\n                                            <\/div>\n        <\/div>\n    <\/section>\n    \n\n    <section id=\"media-block_dac33783a37e3e77e125652687bd9630\" class=\"section position-relative gp-block gp-media pt-0 pb-0\">\n        <div class=\"container\">\n            <div class=\"row g-0\">\n                <div class=\"col-lg-12 content\" data-aos=\"fade-in\" data-aos-duration=\"1000\">\n                                                                            <\/div>\n            <\/div>\n            <div class=\"row g-0\">\n                <div class=\"col-lg-12 img-scaled\">\n                                                                                                                                                <figure class=\"mb-4 pt-lg-6 mb-lg-6 ps-lg-8 pe-lg-8\" data-aos=\"fade-up\" data-aos-duration=\"1000\"><div class=\"img-container\"><img loading=\"lazy\" decoding=\"async\" width=\"1707\" height=\"2560\" src=\"https:\/\/luxiders.com\/content\/uploads\/DSCF0709-scaled.jpeg\" class=\"img-fluid w-100\" alt=\"Thibeau Scarc\u00e9riaux, Luxiders Magazine\" srcset=\"https:\/\/luxiders.com\/content\/uploads\/DSCF0709-scaled.jpeg 1707w, https:\/\/luxiders.com\/content\/uploads\/DSCF0709-200x300.jpeg 200w, https:\/\/luxiders.com\/content\/uploads\/DSCF0709-683x1024.jpeg 683w, https:\/\/luxiders.com\/content\/uploads\/DSCF0709-768x1152.jpeg 768w, https:\/\/luxiders.com\/content\/uploads\/DSCF0709-1024x1536.jpeg 1024w, https:\/\/luxiders.com\/content\/uploads\/DSCF0709-1366x2048.jpeg 1366w\" sizes=\"(max-width: 1707px) 100vw, 1707px\" \/><\/div><\/figure>                                                                                            <\/div>\n                                            <\/div>\n        <\/div>\n    <\/section>\n    \n\n    <section id=\"textblock-block_8ada4600b65f851e4c254fd6e87440ae\" class=\"section position-relative gp-block gp-textblock pt-0 pb-0\">\n        <div class=\"container\">\n            <div class=\"row g-0\">\n                <div class=\"col-lg-12 content\" data-aos=\"fade-in\" data-aos-duration=\"1000\">\n                                                                                <p><strong>Was unterscheidet Ihre Arbeit Ihrer Meinung nach von anderen Designern?<\/strong><\/p>\n<p>Ich glaube, was meine Arbeit auszeichnet, ist ihre F\u00e4higkeit, Kunstfertigkeit und Funktionalit\u00e4t nahtlos zu verbinden und gleichzeitig komplexe soziale und kulturelle Probleme anzusprechen. Mein Engagement, die Grenzen des Designs zu erweitern, gepaart mit einem unerm\u00fcdlichen Streben nach Innovation, f\u00fchrt zu St\u00fccken, die beim Betrachter tiefe Resonanz finden und noch lange nach der ersten Begegnung zum Nachdenken anregen.<\/p>\n<p>Dar\u00fcber hinaus erm\u00f6glicht mir mein interdisziplin\u00e4rer Designansatz, der sich auf Elemente des Industriedesigns, der Bildhauerei und der Konzeptkunst st\u00fctzt, wirklich einzigartige und mehrdimensionale Werke zu schaffen, die sich jeder Kategorisierung entziehen. Indem ich Konventionen in Frage stelle und das Unkonventionelle annehme, strebe ich danach, ein Werk zu schaffen, das sowohl visuell fesselnd als auch intellektuell anregend ist.<\/p>\n<p>&nbsp;<\/p>\n<p><strong>Gibt es neue Projekte oder Kooperationen, an denen Sie derzeit arbeiten?<\/strong><\/p>\n<p>Ja, ich freue mich, Ihnen mitteilen zu k\u00f6nnen, dass ich mehrere spannende Projekte und Kooperationen in der Pipeline habe, die sich mit neuen Tabuthemen befassen. Aufbauend auf den in meinen fr\u00fcheren Arbeiten untersuchten Themen werden sich diese kommenden Projekte mit dr\u00e4ngenden Problemen wie Trunkenheit am Steuer, Uranverschwendung und anderen gesellschaftlichen Tabus befassen.<\/p>\n<p>Von immersiven Installationen bis hin zu interaktiven Erlebnissen zielt jedes Projekt darauf ab, zum Nachdenken anzuregen und den Dialog \u00fcber diese oft \u00fcbersehenen Themen zu f\u00f6rdern. Ich freue mich besonders \u00fcber die M\u00f6glichkeit, mit Experten, Aktivisten und von diesen Problemen betroffenen Gemeinschaften zusammenzuarbeiten und sicherzustellen, dass die resultierenden Kunstwerke sowohl wirkungsvoll als auch sozial relevant sind.<\/p>\n<p>Wie immer bin ich bestrebt, die Grenzen meiner Praxis zu erweitern und Kunst als Katalysator f\u00fcr sinnvolle Ver\u00e4nderungen zu nutzen. Ich freue mich darauf, in naher Zukunft weitere Details zu diesen Projekten zu teilen und mich weiterhin mit dem Publikum \u00fcber wichtige Themen auszutauschen, die uns alle besch\u00e4ftigen.<\/p>\n                                                        <\/div>\n            <\/div>\n        <\/div>\n    <\/section>\n    ","protected":false},"excerpt":{"rendered":"","protected":false},"author":11,"featured_media":44043,"comment_status":"closed","ping_status":"closed","sticky":false,"template":"","format":"standard","meta":{"_acf_changed":false,"footnotes":""},"categories":[1216],"tags":[2899,3373],"class_list":{"0":"post-46213","1":"post","2":"type-post","3":"status-publish","4":"format-standard","5":"has-post-thumbnail","7":"category-nachhaltiges-luxus-design","8":"tag-design-de","9":"tag-sustainable-design-de"},"acf":[],"yoast_head":"<title>\u00dcber Krieg, Kunst, Rasse | Interview mit Thibeau Scarc\u00e9riaux<\/title>\n<meta name=\"description\" content=\"Der preisgekr\u00f6nte K\u00fcnstler und Designer Thibeau Scarc\u00e9riaux ist bekannt f\u00fcr seine einzigartigen Arbeiten rund um die...\" \/>\n<meta name=\"robots\" content=\"index, follow, max-snippet:-1, max-image-preview:large, max-video-preview:-1\" \/>\n<link rel=\"canonical\" href=\"https:\/\/luxiders.com\/de\/ueber-krieg-kunst-rasse-und-vieles-mehr-interview-mit-thibeau-scarceriaux\/\" \/>\n<meta property=\"og:locale\" content=\"de_DE\" \/>\n<meta property=\"og:type\" content=\"article\" \/>\n<meta property=\"og:title\" content=\"\u00dcber Krieg, Kunst, Rasse | Interview mit Thibeau Scarc\u00e9riaux\" \/>\n<meta property=\"og:description\" content=\"Der preisgekr\u00f6nte K\u00fcnstler und Designer Thibeau Scarc\u00e9riaux ist bekannt f\u00fcr seine einzigartigen Arbeiten rund um die...\" \/>\n<meta property=\"og:url\" content=\"https:\/\/luxiders.com\/de\/ueber-krieg-kunst-rasse-und-vieles-mehr-interview-mit-thibeau-scarceriaux\/\" \/>\n<meta property=\"og:site_name\" content=\"Sustainable Fashion - Eco Design - Healthy Lifestyle - Luxiders Magazine\" \/>\n<meta property=\"article:published_time\" content=\"2024-05-24T17:38:50+00:00\" \/>\n<meta property=\"article:modified_time\" content=\"2024-07-11T16:33:06+00:00\" \/>\n<meta property=\"og:image\" content=\"https:\/\/luxiders.com\/content\/uploads\/20231020_090530000_iOS-2-scaled.jpeg\" \/>\n\t<meta property=\"og:image:width\" content=\"2560\" \/>\n\t<meta property=\"og:image:height\" content=\"1958\" \/>\n\t<meta property=\"og:image:type\" content=\"image\/jpeg\" \/>\n<meta name=\"author\" content=\"Liza Silva\" \/>\n<meta name=\"twitter:card\" content=\"summary_large_image\" \/>\n<meta name=\"twitter:label1\" content=\"Verfasst von\" \/>\n\t<meta name=\"twitter:data1\" content=\"Liza Silva\" \/>\n\t<meta name=\"twitter:label2\" content=\"Gesch\u00e4tzte Lesezeit\" \/>\n\t<meta name=\"twitter:data2\" content=\"7\u00a0Minuten\" \/>\n<script type=\"application\/ld+json\" class=\"yoast-schema-graph\">{\"@context\":\"https:\/\/schema.org\",\"@graph\":[{\"@type\":\"Article\",\"@id\":\"https:\/\/luxiders.com\/de\/ueber-krieg-kunst-rasse-und-vieles-mehr-interview-mit-thibeau-scarceriaux\/#article\",\"isPartOf\":{\"@id\":\"https:\/\/luxiders.com\/de\/ueber-krieg-kunst-rasse-und-vieles-mehr-interview-mit-thibeau-scarceriaux\/\"},\"author\":{\"name\":\"Liza Silva\",\"@id\":\"https:\/\/luxiders.com\/de\/#\/schema\/person\/05cf4949ad2f6dd51ad9747ec79b9b48\"},\"headline\":\"\u00dcber Krieg, Kunst, Rasse und vieles mehr | Interview mit Thibeau Scarc\u00e9riaux\",\"datePublished\":\"2024-05-24T17:38:50+00:00\",\"dateModified\":\"2024-07-11T16:33:06+00:00\",\"mainEntityOfPage\":{\"@id\":\"https:\/\/luxiders.com\/de\/ueber-krieg-kunst-rasse-und-vieles-mehr-interview-mit-thibeau-scarceriaux\/\"},\"wordCount\":12,\"publisher\":{\"@id\":\"https:\/\/luxiders.com\/de\/#organization\"},\"image\":{\"@id\":\"https:\/\/luxiders.com\/de\/ueber-krieg-kunst-rasse-und-vieles-mehr-interview-mit-thibeau-scarceriaux\/#primaryimage\"},\"thumbnailUrl\":\"https:\/\/luxiders.com\/content\/uploads\/20231020_090530000_iOS-2-scaled.jpeg\",\"keywords\":[\"design\",\"sustainable design\"],\"articleSection\":[\"Design\"],\"inLanguage\":\"de\"},{\"@type\":\"WebPage\",\"@id\":\"https:\/\/luxiders.com\/de\/ueber-krieg-kunst-rasse-und-vieles-mehr-interview-mit-thibeau-scarceriaux\/\",\"url\":\"https:\/\/luxiders.com\/de\/ueber-krieg-kunst-rasse-und-vieles-mehr-interview-mit-thibeau-scarceriaux\/\",\"name\":\"\u00dcber Krieg, Kunst, Rasse | Interview mit Thibeau Scarc\u00e9riaux\",\"isPartOf\":{\"@id\":\"https:\/\/luxiders.com\/de\/#website\"},\"primaryImageOfPage\":{\"@id\":\"https:\/\/luxiders.com\/de\/ueber-krieg-kunst-rasse-und-vieles-mehr-interview-mit-thibeau-scarceriaux\/#primaryimage\"},\"image\":{\"@id\":\"https:\/\/luxiders.com\/de\/ueber-krieg-kunst-rasse-und-vieles-mehr-interview-mit-thibeau-scarceriaux\/#primaryimage\"},\"thumbnailUrl\":\"https:\/\/luxiders.com\/content\/uploads\/20231020_090530000_iOS-2-scaled.jpeg\",\"datePublished\":\"2024-05-24T17:38:50+00:00\",\"dateModified\":\"2024-07-11T16:33:06+00:00\",\"description\":\"Der preisgekr\u00f6nte K\u00fcnstler und Designer Thibeau Scarc\u00e9riaux ist bekannt f\u00fcr seine einzigartigen Arbeiten rund um die...\",\"breadcrumb\":{\"@id\":\"https:\/\/luxiders.com\/de\/ueber-krieg-kunst-rasse-und-vieles-mehr-interview-mit-thibeau-scarceriaux\/#breadcrumb\"},\"inLanguage\":\"de\",\"potentialAction\":[{\"@type\":\"ReadAction\",\"target\":[\"https:\/\/luxiders.com\/de\/ueber-krieg-kunst-rasse-und-vieles-mehr-interview-mit-thibeau-scarceriaux\/\"]}]},{\"@type\":\"ImageObject\",\"inLanguage\":\"de\",\"@id\":\"https:\/\/luxiders.com\/de\/ueber-krieg-kunst-rasse-und-vieles-mehr-interview-mit-thibeau-scarceriaux\/#primaryimage\",\"url\":\"https:\/\/luxiders.com\/content\/uploads\/20231020_090530000_iOS-2-scaled.jpeg\",\"contentUrl\":\"https:\/\/luxiders.com\/content\/uploads\/20231020_090530000_iOS-2-scaled.jpeg\",\"width\":2560,\"height\":1958,\"caption\":\"Thibeau Scarc\u00e9riaux, Luxiders Magazine\"},{\"@type\":\"BreadcrumbList\",\"@id\":\"https:\/\/luxiders.com\/de\/ueber-krieg-kunst-rasse-und-vieles-mehr-interview-mit-thibeau-scarceriaux\/#breadcrumb\",\"itemListElement\":[{\"@type\":\"ListItem\",\"position\":1,\"name\":\"Startseite\",\"item\":\"https:\/\/luxiders.com\/de\/\"},{\"@type\":\"ListItem\",\"position\":2,\"name\":\"Design\",\"item\":\"https:\/\/luxiders.com\/de\/Katregorie\/nachhaltiges-luxus-design\/\"},{\"@type\":\"ListItem\",\"position\":3,\"name\":\"\u00dcber Krieg, Kunst, Rasse und vieles mehr | Interview mit Thibeau Scarc\u00e9riaux\"}]},{\"@type\":\"WebSite\",\"@id\":\"https:\/\/luxiders.com\/de\/#website\",\"url\":\"https:\/\/luxiders.com\/de\/\",\"name\":\"Sustainable Fashion - Eco Design - Healthy Lifestyle - Luxiders Magazine\",\"description\":\"Luxiders is a sustainable luxury magazine highlighting the best stories about sustainable fashion, ethical fashion, eco-friendly design, green design, sustainable travel, natural beauty, organic beauty and healthy lifestyle. Know the best high-end, progressive and luxury sustainable brands and designers worldwide.\",\"publisher\":{\"@id\":\"https:\/\/luxiders.com\/de\/#organization\"},\"potentialAction\":[{\"@type\":\"SearchAction\",\"target\":{\"@type\":\"EntryPoint\",\"urlTemplate\":\"https:\/\/luxiders.com\/de\/?s={search_term_string}\"},\"query-input\":{\"@type\":\"PropertyValueSpecification\",\"valueRequired\":true,\"valueName\":\"search_term_string\"}}],\"inLanguage\":\"de\"},{\"@type\":\"Organization\",\"@id\":\"https:\/\/luxiders.com\/de\/#organization\",\"name\":\"Sustainable Fashion - Eco Design - Healthy Lifestyle - Luxiders Magazine\",\"url\":\"https:\/\/luxiders.com\/de\/\",\"logo\":{\"@type\":\"ImageObject\",\"inLanguage\":\"de\",\"@id\":\"https:\/\/luxiders.com\/de\/#\/schema\/logo\/image\/\",\"url\":\"https:\/\/luxiders.com\/content\/uploads\/lux-logo.svg\",\"contentUrl\":\"https:\/\/luxiders.com\/content\/uploads\/lux-logo.svg\",\"caption\":\"Sustainable Fashion - Eco Design - Healthy Lifestyle - Luxiders Magazine\"},\"image\":{\"@id\":\"https:\/\/luxiders.com\/de\/#\/schema\/logo\/image\/\"}},{\"@type\":\"Person\",\"@id\":\"https:\/\/luxiders.com\/de\/#\/schema\/person\/05cf4949ad2f6dd51ad9747ec79b9b48\",\"name\":\"Liza Silva\",\"url\":\"https:\/\/luxiders.com\/de\/author\/liza\/\"}]}<\/script>","yoast_head_json":{"title":"\u00dcber Krieg, Kunst, Rasse | Interview mit Thibeau Scarc\u00e9riaux","description":"Der preisgekr\u00f6nte K\u00fcnstler und Designer Thibeau Scarc\u00e9riaux ist bekannt f\u00fcr seine einzigartigen Arbeiten rund um die...","robots":{"index":"index","follow":"follow","max-snippet":"max-snippet:-1","max-image-preview":"max-image-preview:large","max-video-preview":"max-video-preview:-1"},"canonical":"https:\/\/luxiders.com\/de\/ueber-krieg-kunst-rasse-und-vieles-mehr-interview-mit-thibeau-scarceriaux\/","og_locale":"de_DE","og_type":"article","og_title":"\u00dcber Krieg, Kunst, Rasse | Interview mit Thibeau Scarc\u00e9riaux","og_description":"Der preisgekr\u00f6nte K\u00fcnstler und Designer Thibeau Scarc\u00e9riaux ist bekannt f\u00fcr seine einzigartigen Arbeiten rund um die...","og_url":"https:\/\/luxiders.com\/de\/ueber-krieg-kunst-rasse-und-vieles-mehr-interview-mit-thibeau-scarceriaux\/","og_site_name":"Sustainable Fashion - Eco Design - Healthy Lifestyle - Luxiders Magazine","article_published_time":"2024-05-24T17:38:50+00:00","article_modified_time":"2024-07-11T16:33:06+00:00","og_image":[{"width":2560,"height":1958,"url":"https:\/\/luxiders.com\/content\/uploads\/20231020_090530000_iOS-2-scaled.jpeg","type":"image\/jpeg"}],"author":"Liza Silva","twitter_card":"summary_large_image","twitter_misc":{"Verfasst von":"Liza Silva","Gesch\u00e4tzte Lesezeit":"7\u00a0Minuten"},"schema":{"@context":"https:\/\/schema.org","@graph":[{"@type":"Article","@id":"https:\/\/luxiders.com\/de\/ueber-krieg-kunst-rasse-und-vieles-mehr-interview-mit-thibeau-scarceriaux\/#article","isPartOf":{"@id":"https:\/\/luxiders.com\/de\/ueber-krieg-kunst-rasse-und-vieles-mehr-interview-mit-thibeau-scarceriaux\/"},"author":{"name":"Liza Silva","@id":"https:\/\/luxiders.com\/de\/#\/schema\/person\/05cf4949ad2f6dd51ad9747ec79b9b48"},"headline":"\u00dcber Krieg, Kunst, Rasse und vieles mehr | Interview mit Thibeau Scarc\u00e9riaux","datePublished":"2024-05-24T17:38:50+00:00","dateModified":"2024-07-11T16:33:06+00:00","mainEntityOfPage":{"@id":"https:\/\/luxiders.com\/de\/ueber-krieg-kunst-rasse-und-vieles-mehr-interview-mit-thibeau-scarceriaux\/"},"wordCount":12,"publisher":{"@id":"https:\/\/luxiders.com\/de\/#organization"},"image":{"@id":"https:\/\/luxiders.com\/de\/ueber-krieg-kunst-rasse-und-vieles-mehr-interview-mit-thibeau-scarceriaux\/#primaryimage"},"thumbnailUrl":"https:\/\/luxiders.com\/content\/uploads\/20231020_090530000_iOS-2-scaled.jpeg","keywords":["design","sustainable design"],"articleSection":["Design"],"inLanguage":"de"},{"@type":"WebPage","@id":"https:\/\/luxiders.com\/de\/ueber-krieg-kunst-rasse-und-vieles-mehr-interview-mit-thibeau-scarceriaux\/","url":"https:\/\/luxiders.com\/de\/ueber-krieg-kunst-rasse-und-vieles-mehr-interview-mit-thibeau-scarceriaux\/","name":"\u00dcber Krieg, Kunst, Rasse | Interview mit Thibeau Scarc\u00e9riaux","isPartOf":{"@id":"https:\/\/luxiders.com\/de\/#website"},"primaryImageOfPage":{"@id":"https:\/\/luxiders.com\/de\/ueber-krieg-kunst-rasse-und-vieles-mehr-interview-mit-thibeau-scarceriaux\/#primaryimage"},"image":{"@id":"https:\/\/luxiders.com\/de\/ueber-krieg-kunst-rasse-und-vieles-mehr-interview-mit-thibeau-scarceriaux\/#primaryimage"},"thumbnailUrl":"https:\/\/luxiders.com\/content\/uploads\/20231020_090530000_iOS-2-scaled.jpeg","datePublished":"2024-05-24T17:38:50+00:00","dateModified":"2024-07-11T16:33:06+00:00","description":"Der preisgekr\u00f6nte K\u00fcnstler und Designer Thibeau Scarc\u00e9riaux ist bekannt f\u00fcr seine einzigartigen Arbeiten rund um die...","breadcrumb":{"@id":"https:\/\/luxiders.com\/de\/ueber-krieg-kunst-rasse-und-vieles-mehr-interview-mit-thibeau-scarceriaux\/#breadcrumb"},"inLanguage":"de","potentialAction":[{"@type":"ReadAction","target":["https:\/\/luxiders.com\/de\/ueber-krieg-kunst-rasse-und-vieles-mehr-interview-mit-thibeau-scarceriaux\/"]}]},{"@type":"ImageObject","inLanguage":"de","@id":"https:\/\/luxiders.com\/de\/ueber-krieg-kunst-rasse-und-vieles-mehr-interview-mit-thibeau-scarceriaux\/#primaryimage","url":"https:\/\/luxiders.com\/content\/uploads\/20231020_090530000_iOS-2-scaled.jpeg","contentUrl":"https:\/\/luxiders.com\/content\/uploads\/20231020_090530000_iOS-2-scaled.jpeg","width":2560,"height":1958,"caption":"Thibeau Scarc\u00e9riaux, Luxiders Magazine"},{"@type":"BreadcrumbList","@id":"https:\/\/luxiders.com\/de\/ueber-krieg-kunst-rasse-und-vieles-mehr-interview-mit-thibeau-scarceriaux\/#breadcrumb","itemListElement":[{"@type":"ListItem","position":1,"name":"Startseite","item":"https:\/\/luxiders.com\/de\/"},{"@type":"ListItem","position":2,"name":"Design","item":"https:\/\/luxiders.com\/de\/Katregorie\/nachhaltiges-luxus-design\/"},{"@type":"ListItem","position":3,"name":"\u00dcber Krieg, Kunst, Rasse und vieles mehr | Interview mit Thibeau Scarc\u00e9riaux"}]},{"@type":"WebSite","@id":"https:\/\/luxiders.com\/de\/#website","url":"https:\/\/luxiders.com\/de\/","name":"Sustainable Fashion - Eco Design - Healthy Lifestyle - Luxiders Magazine","description":"Luxiders is a sustainable luxury magazine highlighting the best stories about sustainable fashion, ethical fashion, eco-friendly design, green design, sustainable travel, natural beauty, organic beauty and healthy lifestyle. Know the best high-end, progressive and luxury sustainable brands and designers worldwide.","publisher":{"@id":"https:\/\/luxiders.com\/de\/#organization"},"potentialAction":[{"@type":"SearchAction","target":{"@type":"EntryPoint","urlTemplate":"https:\/\/luxiders.com\/de\/?s={search_term_string}"},"query-input":{"@type":"PropertyValueSpecification","valueRequired":true,"valueName":"search_term_string"}}],"inLanguage":"de"},{"@type":"Organization","@id":"https:\/\/luxiders.com\/de\/#organization","name":"Sustainable Fashion - Eco Design - Healthy Lifestyle - Luxiders Magazine","url":"https:\/\/luxiders.com\/de\/","logo":{"@type":"ImageObject","inLanguage":"de","@id":"https:\/\/luxiders.com\/de\/#\/schema\/logo\/image\/","url":"https:\/\/luxiders.com\/content\/uploads\/lux-logo.svg","contentUrl":"https:\/\/luxiders.com\/content\/uploads\/lux-logo.svg","caption":"Sustainable Fashion - Eco Design - Healthy Lifestyle - Luxiders Magazine"},"image":{"@id":"https:\/\/luxiders.com\/de\/#\/schema\/logo\/image\/"}},{"@type":"Person","@id":"https:\/\/luxiders.com\/de\/#\/schema\/person\/05cf4949ad2f6dd51ad9747ec79b9b48","name":"Liza Silva","url":"https:\/\/luxiders.com\/de\/author\/liza\/"}]}},"_links":{"self":[{"href":"https:\/\/luxiders.com\/de\/wp-json\/wp\/v2\/posts\/46213","targetHints":{"allow":["GET"]}}],"collection":[{"href":"https:\/\/luxiders.com\/de\/wp-json\/wp\/v2\/posts"}],"about":[{"href":"https:\/\/luxiders.com\/de\/wp-json\/wp\/v2\/types\/post"}],"author":[{"embeddable":true,"href":"https:\/\/luxiders.com\/de\/wp-json\/wp\/v2\/users\/11"}],"replies":[{"embeddable":true,"href":"https:\/\/luxiders.com\/de\/wp-json\/wp\/v2\/comments?post=46213"}],"version-history":[{"count":2,"href":"https:\/\/luxiders.com\/de\/wp-json\/wp\/v2\/posts\/46213\/revisions"}],"predecessor-version":[{"id":46914,"href":"https:\/\/luxiders.com\/de\/wp-json\/wp\/v2\/posts\/46213\/revisions\/46914"}],"wp:featuredmedia":[{"embeddable":true,"href":"https:\/\/luxiders.com\/de\/wp-json\/wp\/v2\/media\/44043"}],"wp:attachment":[{"href":"https:\/\/luxiders.com\/de\/wp-json\/wp\/v2\/media?parent=46213"}],"wp:term":[{"taxonomy":"category","embeddable":true,"href":"https:\/\/luxiders.com\/de\/wp-json\/wp\/v2\/categories?post=46213"},{"taxonomy":"post_tag","embeddable":true,"href":"https:\/\/luxiders.com\/de\/wp-json\/wp\/v2\/tags?post=46213"}],"curies":[{"name":"wp","href":"https:\/\/api.w.org\/{rel}","templated":true}]}}