{"id":4631,"date":"2021-12-10T13:18:00","date_gmt":"2021-12-10T12:18:00","guid":{"rendered":"http:\/\/luxiders.com.w01cc729.kasserver.com\/?p=4631"},"modified":"2023-01-16T10:44:42","modified_gmt":"2023-01-16T09:44:42","slug":"ist-die-gen-z-wirklich-die-umweltbewussteste-generation","status":"publish","type":"post","link":"https:\/\/luxiders.com\/de\/ist-die-gen-z-wirklich-die-umweltbewussteste-generation\/","title":{"rendered":"Ist die Gen Z wirklich die umweltbewussteste Generation?"},"content":{"rendered":"    <section id=\"textblock-block_4a8b25f4be8a1d9008bc76a769c06d5c\" class=\"section position-relative gp-block gp-textblock text-center pt-0 pb-5\">\n        <div class=\"container\">\n            <div class=\"row g-0\">\n                <div class=\"col-lg-12 content\" data-aos=\"fade-in\" data-aos-duration=\"1000\">\n                                                                                    <div class=\"intro px-lg-8\">\n                            <p style=\"text-align: center;\">Die Generation Z wird oft als die umweltbewussteste Generation gepriesen, was vielleicht darauf zur\u00fcckzuf\u00fchren ist, dass sie mit dem Wissen um die Auswirkungen des Klimawandels aufgewachsen ist. Da sie die Ersch\u00f6pfung der Ressourcen unseres Planeten miterlebt haben, scheint es nur nat\u00fcrlich, dass eine solche Generation zu einem nachhaltigen Lebensstil und Umweltbewusstsein gedr\u00e4ngt wird. In diesem Artikel gehen wir den Einkaufsgewohnheiten der Generation Z auf den Grund und fragen uns, inwieweit sich diese nachhaltige Denkweise auf ihre Kaufgewohnheiten auswirkt.<\/p>\n                        <\/div>\n                                                                                                <\/div>\n            <\/div>\n        <\/div>\n    <\/section>\n    \n\n    <section id=\"newsletter-block_53c2a4f1caf07c350fc88916b2c2515c\" class=\"section position-relative gp-block gp-newsletter pt-0 pb-0 my-5\">\n        <div class=\"container\">\n            <div class=\"row g-0 pt-4 pb-3\">\n                <div class=\"col-lg-12 content text-center border pt-3\" data-aos=\"fade-in\" data-aos-duration=\"1000\">\n                                            <p><em>Um den Luxiders Newsletter zu erhalten,\u00a0<a href=\"https:\/\/landing.mailerlite.com\/webforms\/landing\/g1u8s7\">melde dich hier an<\/a>.<\/em><\/p>\n                                    <\/div>\n            <\/div>\n        <\/div>\n    <\/section>\n    \n\n    <section id=\"media-block_13ad4b7653088fd279fba985cd692f0c\" class=\"section position-relative gp-block gp-media pt-0 pb-0\">\n        <div class=\"container\">\n            <div class=\"row g-0\">\n                <div class=\"col-lg-12 content\" data-aos=\"fade-in\" data-aos-duration=\"1000\">\n                                        <p>Was sagen die Einkaufsgewohnheiten der Generation Z \u00fcber ihr angebliches Umweltbewusstsein aus? Wir werden uns mit der Art und Weise befassen, wie die Generation Z Mode erlebt, und uns fragen, inwieweit sie f\u00fcr den Schaden verantwortlich ist, den die Modeindustrie verursacht. Wir denken dar\u00fcber nach, ob es sich um eine Generationenfrage oder um eine Verbraucherfrage handelt. Sollten nicht die gro\u00dfen Unternehmen, die den gr\u00f6\u00dften Schaden anrichten, zur Verantwortung gezogen werden? Immerhin kann das Marketing Generationen dazu bringen, in bestimmten Gesch\u00e4ften einzukaufen &#8211; ebenso wie gesellschaftlicher Druck, finanzielle Umst\u00e4nde, Zug\u00e4nglichkeit und sogar Greenwashing. Wir untersuchen den Schaden von Fast Fashion und fragen uns, inwieweit sich die Sorge der Generation Z um die Umwelt, ihre guten Absichten und ihre Pl\u00e4ne f\u00fcr pers\u00f6nliches Wachstum auf ihre Einkaufsgewohnheiten erstrecken.<\/p>\n<p>Die Gen Z ist nicht durch ein bestimmtes Geburtsdatum definiert, sondern wird im Jahr 2021 ungef\u00e4hr zwischen 9 und 24 Jahre alt sein.<\/p>\n                                    <\/div>\n            <\/div>\n            <div class=\"row g-0\">\n                <div class=\"col-lg-6 \">\n                                                                                                                                                <figure class=\"mb-4 pt-lg-5 mb-lg-5 ps-lg-2 pe-lg-3\" data-aos=\"fade-up\" data-aos-duration=\"1000\"><div class=\"img-container\"><img loading=\"lazy\" decoding=\"async\" width=\"900\" height=\"1350\" src=\"https:\/\/luxiders.com\/content\/uploads\/6-gen-z-online-shopping-luxiders-magazine.jpg\" class=\"img-fluid w-100\" alt=\"\" srcset=\"https:\/\/luxiders.com\/content\/uploads\/6-gen-z-online-shopping-luxiders-magazine.jpg 900w, https:\/\/luxiders.com\/content\/uploads\/6-gen-z-online-shopping-luxiders-magazine-200x300.jpg 200w, https:\/\/luxiders.com\/content\/uploads\/6-gen-z-online-shopping-luxiders-magazine-683x1024.jpg 683w, https:\/\/luxiders.com\/content\/uploads\/6-gen-z-online-shopping-luxiders-magazine-768x1152.jpg 768w\" sizes=\"(max-width: 900px) 100vw, 900px\" \/><\/div><\/figure>                                                                                            <\/div>\n                                    <div class=\"col-lg-6\">\n                                                                                                                                                        <figure class=\"mb-4 pt-lg-5 mb-lg-6 ps-lg-3 pe-lg-0\" data-aos=\"fade-up\" data-aos-duration=\"1000\"><div class=\"img-container\"><img loading=\"lazy\" decoding=\"async\" width=\"1000\" height=\"1500\" src=\"https:\/\/luxiders.com\/content\/uploads\/3-no-fast-fashion-protest-luxiders-magazine.jpg\" class=\"img-fluid w-100\" alt=\"\" srcset=\"https:\/\/luxiders.com\/content\/uploads\/3-no-fast-fashion-protest-luxiders-magazine.jpg 1000w, https:\/\/luxiders.com\/content\/uploads\/3-no-fast-fashion-protest-luxiders-magazine-200x300.jpg 200w, https:\/\/luxiders.com\/content\/uploads\/3-no-fast-fashion-protest-luxiders-magazine-683x1024.jpg 683w, https:\/\/luxiders.com\/content\/uploads\/3-no-fast-fashion-protest-luxiders-magazine-768x1152.jpg 768w\" sizes=\"(max-width: 1000px) 100vw, 1000px\" \/><\/div><\/figure>                                                                                                        <\/div>\n                                            <\/div>\n        <\/div>\n    <\/section>\n    \n\n    <section id=\"media-block_1bd57ee019f507c12ffee3528a1b0f46\" class=\"section position-relative gp-block gp-media pt-0 pb-0\">\n        <div class=\"container\">\n            <div class=\"row g-0\">\n                <div class=\"col-lg-12 content\" data-aos=\"fade-in\" data-aos-duration=\"1000\">\n                                        <h2>UNETHISCHE MARKEN<\/h2>\n<p>Notorisch unethische Fast-Fashion-Marken wie Shein, Pretty Little Thing, BooHoo, Missguided und Fashion Nova haben in den letzten Jahren stark an Popularit\u00e4t gewonnen. Nat\u00fcrlich besteht die Gen Z nicht nur aus Fast-Fashion-Marken-Konsumenten, und sie tragen auch keine Schuld an den sch\u00e4dlichen Praktiken dieser Unternehmen. Sie schaffen jedoch eine Nachfrage nach einer gr\u00f6\u00dferen Menge an Kleidung zu einem niedrigeren Preis.<\/p>\n<p>Es gibt auch das Problem des Greenwashing. Marken machen sich das wachsende Umweltbewusstsein der Generation Z zunutze und werben damit, dass ihre Kleidung nachhaltig und gr\u00fcn ist. Oft gibt es wenig bis gar keine Belege f\u00fcr die nachhaltigen Abl\u00e4ufe und Praktiken, die das Unternehmen anwendet. Das bedeutet, dass die Verbraucher Kleidungsst\u00fccke unter Vorspiegelung falscher Tatsachen kaufen und entgegen ihren Absichten zum allgemeinen Problem der Fast Fashion beitragen. Diese T\u00e4uschung kann durch die Verwendung gr\u00fcner Farben in der Werbung, suggestive umweltfreundliche Etiketten, allgemeine Behauptungen und einen Mangel an echter Transparenz erfolgen.<\/p>\n<p>Lese <a href=\"https:\/\/luxiders.com\/circular-textiles-making-fashion-sustainable\/\" target=\"_blank\" rel=\"noopener\">hier<\/a> mehr dar\u00fcber, warum zirkul\u00e4re Mode notwendig ist und welche Auswirkungen die Fast-Fashion-Industrie hat.<\/p>\n<p>&nbsp;<\/p>\n<h3><strong>ULTRA-FAST-FASHION<\/strong><\/h3>\n<p>Shein, das aufgrund seiner beunruhigend niedrigen Preise als &#8222;Ultra&#8220;-Fast-Fashion-Marke bezeichnet wird, verkauft viele Kleidungsst\u00fccke, deren Preis unter der 10-Dollar-Marke liegt. In einer <a href=\"https:\/\/baijiahao.baidu.com\/s?id=1692267100622778650&amp;wfr=spider&amp;for=pc\" target=\"_blank\" rel=\"noopener\">Umfrage<\/a> unter amerikanischen Teenagern mit einem Durchschnittsalter von 15,8 Jahren war Shein im Jahr 2020 der beliebteste Online-Kleiderladen. Das Unternehmen nutzt h\u00e4ufig die Social-Media-Plattform TikTok, um seine Produkte zu bewerben. Ihre Marketingstrategien stellen sicher, dass junge Menschen angesprochen werden, denn <a href=\"https:\/\/blog.gwi.com\/trends\/tiktok-music-social-media\/\" target=\"_blank\" rel=\"noopener\">41% of TikTok Nutzer<\/a> sind zwischen 16 und 24 Jahre alt.<\/p>\n<p>Der Einfluss von Shein ist auf TikTok gewachsen, da beliebte Influencer f\u00fcr ihre Produkte werben. Die Influencer pr\u00e4sentieren massenhaft Kleidung aus ihrer Einkaufsbeute. Dies wiederum ermutigt ihre Follower, eine gro\u00dfe Sammlung von Teilen von Billigmode-Websites wie Shein zu kaufen, anstatt nur ein paar Grundnahrungsmittel von ethischen Marken. In vielen F\u00e4llen werden Hunderte von Dollar f\u00fcr Kleidung ausgegeben. Die finanzielle Situation spielt dabei nicht immer eine Rolle &#8211; das Geld, das\u00a0 ausgegeben wird, k\u00f6nnte an anderer Stelle f\u00fcr weniger nachhaltige Kleidungsst\u00fccke ausgegeben werden.<\/p>\n<p>Bedenke jedoch, dass der Kauf billiger Kleidung von diesen Unternehmen manchmal alles ist, was die Menschen sich leisten k\u00f6nnen. Au\u00dferdem besteht ein gesellschaftlicher Druck, mit den schnell wechselnden Trends Schritt zu halten. Es ist wichtig, diese Tatsachen im Hinterkopf zu behalten, wenn man junge Menschen f\u00fcr die Verwendung dieser Marken kritisiert.<\/p>\n                                    <\/div>\n            <\/div>\n            <div class=\"row g-0\">\n                <div class=\"col-lg-12 img-scaled\">\n                                                                                                                                                <figure class=\"mb-4 pt-lg-5 mb-lg-5 ps-lg-0 pe-lg-0\" data-aos=\"fade-up\" data-aos-duration=\"1000\"><div class=\"img-container\"><img loading=\"lazy\" decoding=\"async\" width=\"1400\" height=\"900\" src=\"https:\/\/luxiders.com\/content\/uploads\/4-thrift-shop-caravan-luxiders-magazine.jpg\" class=\"img-fluid w-100\" alt=\"\" srcset=\"https:\/\/luxiders.com\/content\/uploads\/4-thrift-shop-caravan-luxiders-magazine.jpg 1400w, https:\/\/luxiders.com\/content\/uploads\/4-thrift-shop-caravan-luxiders-magazine-300x193.jpg 300w, https:\/\/luxiders.com\/content\/uploads\/4-thrift-shop-caravan-luxiders-magazine-1024x658.jpg 1024w, https:\/\/luxiders.com\/content\/uploads\/4-thrift-shop-caravan-luxiders-magazine-768x494.jpg 768w\" sizes=\"(max-width: 1400px) 100vw, 1400px\" \/><\/div><\/figure>                                                                                            <\/div>\n                                            <\/div>\n        <\/div>\n    <\/section>\n    \n\n    <section id=\"media-block_9617f4d901d5e738af961b4c5c27ee95\" class=\"section position-relative gp-block gp-media pt-0 pb-0\">\n        <div class=\"container\">\n            <div class=\"row g-0\">\n                <div class=\"col-lg-12 content\" data-aos=\"fade-in\" data-aos-duration=\"1000\">\n                                        <h3>SECOND-HAND SHOPPING<\/h3>\n<p>Obwohl &#8222;ultra&#8220;-Fast-Fashion-Marken bei der Generation Z immer beliebter werden, sind auch Wiederverkaufs- und Secondhand-Sites und -L\u00e4den sehr beliebt. Depop, Vinted, Vintage-, Thrift- und Charity-Shops sind bei der jungen Generation sehr beliebt. Aber k\u00f6nnen solche L\u00e4den mit Fast Fashion koexistieren? Sie k\u00f6nnen nicht im luftleeren Raum existieren und k\u00f6nnen K\u00e4ufer*innen dazu verleiten, in Massen billige Artikel zu kaufen, um sie dann weiterzuverkaufen oder zu spenden, wenn sie aus der Mode gekommen sind.<\/p>\n<p>Depop wird von der Generation Z dominiert, wobei satte <a href=\"https:\/\/www.fastcompany.com\/90686730\/how-depop-became-both-a-style-and-social-hub-for-gen-z\" target=\"_blank\" rel=\"noopener\">90%<\/a> der Nutzer*innen unter 26 Jahre alt sind. Diese Websites k\u00f6nnen auf ethische und verantwortungsvolle Weise genutzt werden und sind eine bessere L\u00f6sung als Kleidung, die auf M\u00fclldeponien landet oder verbrannt wird. Allerdings sind sie weit davon entfernt, perfekt genutzt zu werden. Kleidung, die in Wohlt\u00e4tigkeitsl\u00e4den nicht verkauft werden kann, landet auf der M\u00fclldeponie, und der schnelle Wechsel von Trends ermutigt die K\u00e4ufer*innen, ihre Garderobe regelm\u00e4\u00dfig zu erneuern. Vielleicht k\u00f6nnen nur Ver\u00e4nderungen an der Spitze diese Art des Einkaufens wirklich rund machen. Trotzdem werden durch den karitativen Einzelhandel jedes Jahr mehr als <a href=\"https:\/\/www.huffingtonpost.co.uk\/entry\/charity-shops-forced-to-spend-thousands-sending-broken-donations-to-landfill_uk_5d825329e4b0957256afcd86?guccounter=1&amp;guce_referrer=aHR0cHM6Ly93d3cuZ29vZ2xlLmNvbS8&amp;guce_referrer_sig=AQAAAEHc5QhB84GKIbwhx5SRRurd4JmdgoH6DXb40fMnNzv0gU1_xglWD0sDOhQ2EH9UYlUwoF9pHvoLMib5WmRPI8lor1xvBmXhwLsKObZ1yQT_tdz-nCg_VD08ocT9KvwBVXOUTXIgEiKzfJ-agx7XdBmd31IBjdPbvjmSiP71McQh\">327 000 Tonnen<\/a> Textilien von der M\u00fclldeponie ferngehalten.<\/p>\n<p>&nbsp;<\/p>\n<h3>DER EINFLUSS DER GEN Z<\/h3>\n<p>L\u00f6sungen aus zweiter Hand m\u00f6gen unvollkommen sein, aber es gibt Anzeichen daf\u00fcr, dass die Generation Z nach \u00f6kologischen Ma\u00dfnahmen strebt. Dieser Generation ist es wichtig, Mode nachhaltig zu gestalten. Der Second-Hand-Markt w\u00e4chst nicht nur 11 Mal schneller als der allgemeine Einzelhandel, sondern die Gen Z sind auch daf\u00fcr verantwortlich. In einer <a href=\"https:\/\/www.thredup.com\/resale\/?mkt_tok=MjExLU5KWS0xNjUAAAF_tt2t-Cbo-INnOrNXAn2Jey4Br0SIk3vt9K8FMXRe9PBJJin37PN7DTR8wkJ7HioM2WuQyEV5KYlWur2eoDAPB508kogG4AMrmZEE_AIc-aKvH6o#size-and-impact\" target=\"_blank\" rel=\"noopener\">Studie<\/a>des Einzelhandelsanalyseunternehmens GlobalData und des Online-Kleiderladens ThredUp wurde nachgewiesen, dass die Generation Z mit 33 % h\u00f6herer Wahrscheinlichkeit Kleidung weiterverkauft als die Boomer. Eine Umfrage von First Insight aus dem Jahr 2019 hat au\u00dferdem ergeben, dass 73 % der befragten Gen Z bereit sind, mehr f\u00fcr nachhaltige Produkte zu bezahlen, mehr als jede andere Generation.<\/p>\n<p>Die Generation Z wird immer umweltbewusster. Dies wird nicht nur durch die oben genannten Statistiken belegt, sondern auch durch Gen Z-Klimaaktivisten wie Greta Thunberg, die sich f\u00fcr einen \u00f6kologischen Wandel einsetzen. <a href=\"https:\/\/www.finder.com\/uk\/uk-diet-trends\">Laut einer Studie<\/a> \u00fcber Ern\u00e4hrungstrends im Vereinigten K\u00f6nigreich ist die Generation Z im Jahr 2021 auch die fleischloseste Generation. Dies ist ein weiterer Beweis daf\u00fcr, dass es sich um eine besondere Generation handelt, die sich f\u00fcr einen systemischen Wandel zum Wohle der Umwelt einsetzt. Viele junge Menschen stellen ihre Ern\u00e4hrung um, \u00e4ndern ihre Einkaufsgewohnheiten und setzen sich f\u00fcr positive Umweltver\u00e4nderungen ein. Dies alles in der Hoffnung, die Probleme, die verschiedene Industrien unserem Planeten zugef\u00fcgt haben, r\u00fcckg\u00e4ngig zu machen. Die Generation Z ist mit den erschreckenden Statistiken \u00fcber den Klimawandel aufgewachsen und will nun, dass sich etwas \u00e4ndert.<\/p>\n                                    <\/div>\n            <\/div>\n            <div class=\"row g-0\">\n                <div class=\"col-lg-6 \">\n                                                                                                                                                <figure class=\"mb-4 pt-lg-5 mb-lg-5 ps-lg-1 pe-lg-3\" data-aos=\"fade-up\" data-aos-duration=\"1000\"><div class=\"img-container\"><img loading=\"lazy\" decoding=\"async\" width=\"750\" height=\"1125\" src=\"https:\/\/luxiders.com\/content\/uploads\/2-greta-thunberg-mural-luxiders-magazine.jpg\" class=\"img-fluid w-100\" alt=\"\" srcset=\"https:\/\/luxiders.com\/content\/uploads\/2-greta-thunberg-mural-luxiders-magazine.jpg 750w, https:\/\/luxiders.com\/content\/uploads\/2-greta-thunberg-mural-luxiders-magazine-200x300.jpg 200w, https:\/\/luxiders.com\/content\/uploads\/2-greta-thunberg-mural-luxiders-magazine-683x1024.jpg 683w\" sizes=\"(max-width: 750px) 100vw, 750px\" \/><\/div><\/figure>                                                                                            <\/div>\n                                    <div class=\"col-lg-6\">\n                                                                                                                                                        <figure class=\"mb-4 pt-lg-8 mb-lg-6 ps-lg-3 pe-lg-0\" data-aos=\"fade-up\" data-aos-duration=\"1000\"><div class=\"img-container\"><img loading=\"lazy\" decoding=\"async\" width=\"1000\" height=\"668\" src=\"https:\/\/luxiders.com\/content\/uploads\/5-climate-justice-protest-luxiders-magazine.jpg\" class=\"img-fluid w-100\" alt=\"\" srcset=\"https:\/\/luxiders.com\/content\/uploads\/5-climate-justice-protest-luxiders-magazine.jpg 1000w, https:\/\/luxiders.com\/content\/uploads\/5-climate-justice-protest-luxiders-magazine-300x200.jpg 300w, https:\/\/luxiders.com\/content\/uploads\/5-climate-justice-protest-luxiders-magazine-768x513.jpg 768w\" sizes=\"(max-width: 1000px) 100vw, 1000px\" \/><\/div><\/figure>                                                                                                        <\/div>\n                                            <\/div>\n        <\/div>\n    <\/section>\n    \n\n    <section id=\"textblock-block_f733b0f925f8c5b403439eafed77eb1b\" class=\"section position-relative gp-block gp-textblock pt-0 pb-0\">\n        <div class=\"container\">\n            <div class=\"row g-0\">\n                <div class=\"col-lg-12 content\" data-aos=\"fade-in\" data-aos-duration=\"1000\">\n                                                                                <p>Es ist wichtig, daran zu denken, dass diese gro\u00dfen Unternehmen ohne die Nachfrage nach Fast Fashion nicht \u00fcberlebensf\u00e4hig w\u00e4ren. Die Sorge der Generation Z f\u00fcr die Umwelt, ihre guten Absichten und ihre Pl\u00e4ne f\u00fcr pers\u00f6nliches Wachstum sind unbestreitbar. Etwas, an dem jedoch alle Generationen teilhaben sollten, ist die Investition in nachhaltige und ethisch vertretbare Kleidungsst\u00fccke, wenn sie gebraucht werden. Dies kann den Kauf von Massenware von Fast-Fashion-Unternehmen ersetzen. Wir alle sollten achtsam einkaufen, auch wenn wir Secondhand kaufen, und von den Unternehmen stets Transparenz verlangen.<br \/>\n&nbsp;<br \/>\n&nbsp;<\/p>\n                                                        <\/div>\n            <\/div>\n        <\/div>\n    <\/section>\n    ","protected":false},"excerpt":{"rendered":"","protected":false},"author":2,"featured_media":4651,"comment_status":"closed","ping_status":"closed","sticky":false,"template":"","format":"standard","meta":{"_acf_changed":false,"footnotes":""},"categories":[1194],"tags":[1192,1193,307,397],"class_list":{"0":"post-4631","1":"post","2":"type-post","3":"status-publish","4":"format-standard","5":"has-post-thumbnail","7":"category-nachhaltig-luxus-mode","8":"tag-eco-consciousness-2","9":"tag-eco-fashion-2","10":"tag-gen-z-3","11":"tag-nachhaltige-mode-2"},"acf":[],"yoast_head":"<title>Ist die Gen Z wirklich die umweltbewussteste Generation?<\/title>\n<meta name=\"description\" content=\"Die Gen Z wird oft als die umweltbewussteste Generation gepriesen, aber was sagen ihre Einkaufsgewohnheiten \u00fcber ihre angebliche...\" \/>\n<meta name=\"robots\" content=\"index, follow, max-snippet:-1, max-image-preview:large, max-video-preview:-1\" \/>\n<link rel=\"canonical\" href=\"https:\/\/luxiders.com\/de\/ist-die-gen-z-wirklich-die-umweltbewussteste-generation\/\" \/>\n<meta property=\"og:locale\" content=\"de_DE\" \/>\n<meta property=\"og:type\" content=\"article\" \/>\n<meta property=\"og:title\" content=\"Ist die Gen Z wirklich die umweltbewussteste Generation?\" \/>\n<meta property=\"og:description\" content=\"Die Gen Z wird oft als die umweltbewussteste Generation gepriesen, aber was sagen ihre Einkaufsgewohnheiten \u00fcber ihre angebliche...\" \/>\n<meta property=\"og:url\" content=\"https:\/\/luxiders.com\/de\/ist-die-gen-z-wirklich-die-umweltbewussteste-generation\/\" \/>\n<meta property=\"og:site_name\" content=\"Sustainable Fashion - Eco Design - Healthy Lifestyle - Luxiders Magazine\" \/>\n<meta property=\"article:published_time\" content=\"2021-12-10T12:18:00+00:00\" \/>\n<meta property=\"article:modified_time\" content=\"2023-01-16T09:44:42+00:00\" \/>\n<meta property=\"og:image\" content=\"https:\/\/luxiders.com\/content\/uploads\/feature-gen-z-eco-conscious.jpg\" \/>\n\t<meta property=\"og:image:width\" content=\"1200\" \/>\n\t<meta property=\"og:image:height\" content=\"960\" \/>\n\t<meta property=\"og:image:type\" content=\"image\/jpeg\" \/>\n<meta name=\"author\" content=\"luxiders\" \/>\n<meta name=\"twitter:card\" content=\"summary_large_image\" \/>\n<meta name=\"twitter:label1\" content=\"Verfasst von\" \/>\n\t<meta name=\"twitter:data1\" content=\"luxiders\" \/>\n<script type=\"application\/ld+json\" class=\"yoast-schema-graph\">{\"@context\":\"https:\/\/schema.org\",\"@graph\":[{\"@type\":\"Article\",\"@id\":\"https:\/\/luxiders.com\/de\/ist-die-gen-z-wirklich-die-umweltbewussteste-generation\/#article\",\"isPartOf\":{\"@id\":\"https:\/\/luxiders.com\/de\/ist-die-gen-z-wirklich-die-umweltbewussteste-generation\/\"},\"author\":{\"name\":\"luxiders\",\"@id\":\"https:\/\/luxiders.com\/de\/#\/schema\/person\/8632fa702ae2ce98f66c396254633de8\"},\"headline\":\"Ist die Gen Z wirklich die umweltbewussteste Generation?\",\"datePublished\":\"2021-12-10T12:18:00+00:00\",\"dateModified\":\"2023-01-16T09:44:42+00:00\",\"mainEntityOfPage\":{\"@id\":\"https:\/\/luxiders.com\/de\/ist-die-gen-z-wirklich-die-umweltbewussteste-generation\/\"},\"wordCount\":8,\"publisher\":{\"@id\":\"https:\/\/luxiders.com\/de\/#organization\"},\"image\":{\"@id\":\"https:\/\/luxiders.com\/de\/ist-die-gen-z-wirklich-die-umweltbewussteste-generation\/#primaryimage\"},\"thumbnailUrl\":\"https:\/\/luxiders.com\/content\/uploads\/feature-gen-z-eco-conscious.jpg\",\"keywords\":[\"eco consciousness\",\"eco fashion\",\"gen z\",\"nachhaltige Mode\"],\"articleSection\":[\"Mode\"],\"inLanguage\":\"de\"},{\"@type\":\"WebPage\",\"@id\":\"https:\/\/luxiders.com\/de\/ist-die-gen-z-wirklich-die-umweltbewussteste-generation\/\",\"url\":\"https:\/\/luxiders.com\/de\/ist-die-gen-z-wirklich-die-umweltbewussteste-generation\/\",\"name\":\"Ist die Gen Z wirklich die umweltbewussteste Generation?\",\"isPartOf\":{\"@id\":\"https:\/\/luxiders.com\/de\/#website\"},\"primaryImageOfPage\":{\"@id\":\"https:\/\/luxiders.com\/de\/ist-die-gen-z-wirklich-die-umweltbewussteste-generation\/#primaryimage\"},\"image\":{\"@id\":\"https:\/\/luxiders.com\/de\/ist-die-gen-z-wirklich-die-umweltbewussteste-generation\/#primaryimage\"},\"thumbnailUrl\":\"https:\/\/luxiders.com\/content\/uploads\/feature-gen-z-eco-conscious.jpg\",\"datePublished\":\"2021-12-10T12:18:00+00:00\",\"dateModified\":\"2023-01-16T09:44:42+00:00\",\"description\":\"Die Gen Z wird oft als die umweltbewussteste Generation gepriesen, aber was sagen ihre Einkaufsgewohnheiten \u00fcber ihre angebliche...\",\"breadcrumb\":{\"@id\":\"https:\/\/luxiders.com\/de\/ist-die-gen-z-wirklich-die-umweltbewussteste-generation\/#breadcrumb\"},\"inLanguage\":\"de\",\"potentialAction\":[{\"@type\":\"ReadAction\",\"target\":[\"https:\/\/luxiders.com\/de\/ist-die-gen-z-wirklich-die-umweltbewussteste-generation\/\"]}]},{\"@type\":\"ImageObject\",\"inLanguage\":\"de\",\"@id\":\"https:\/\/luxiders.com\/de\/ist-die-gen-z-wirklich-die-umweltbewussteste-generation\/#primaryimage\",\"url\":\"https:\/\/luxiders.com\/content\/uploads\/feature-gen-z-eco-conscious.jpg\",\"contentUrl\":\"https:\/\/luxiders.com\/content\/uploads\/feature-gen-z-eco-conscious.jpg\",\"width\":1200,\"height\":960},{\"@type\":\"BreadcrumbList\",\"@id\":\"https:\/\/luxiders.com\/de\/ist-die-gen-z-wirklich-die-umweltbewussteste-generation\/#breadcrumb\",\"itemListElement\":[{\"@type\":\"ListItem\",\"position\":1,\"name\":\"Startseite\",\"item\":\"https:\/\/luxiders.com\/de\/\"},{\"@type\":\"ListItem\",\"position\":2,\"name\":\"Mode\",\"item\":\"https:\/\/luxiders.com\/de\/Katregorie\/nachhaltig-luxus-mode\/\"},{\"@type\":\"ListItem\",\"position\":3,\"name\":\"Ist die Gen Z wirklich die umweltbewussteste Generation?\"}]},{\"@type\":\"WebSite\",\"@id\":\"https:\/\/luxiders.com\/de\/#website\",\"url\":\"https:\/\/luxiders.com\/de\/\",\"name\":\"Sustainable Fashion - Eco Design - Healthy Lifestyle - Luxiders Magazine\",\"description\":\"Luxiders is a sustainable luxury magazine highlighting the best stories about sustainable fashion, ethical fashion, eco-friendly design, green design, sustainable travel, natural beauty, organic beauty and healthy lifestyle. Know the best high-end, progressive and luxury sustainable brands and designers worldwide.\",\"publisher\":{\"@id\":\"https:\/\/luxiders.com\/de\/#organization\"},\"potentialAction\":[{\"@type\":\"SearchAction\",\"target\":{\"@type\":\"EntryPoint\",\"urlTemplate\":\"https:\/\/luxiders.com\/de\/?s={search_term_string}\"},\"query-input\":{\"@type\":\"PropertyValueSpecification\",\"valueRequired\":true,\"valueName\":\"search_term_string\"}}],\"inLanguage\":\"de\"},{\"@type\":\"Organization\",\"@id\":\"https:\/\/luxiders.com\/de\/#organization\",\"name\":\"Sustainable Fashion - Eco Design - Healthy Lifestyle - Luxiders Magazine\",\"url\":\"https:\/\/luxiders.com\/de\/\",\"logo\":{\"@type\":\"ImageObject\",\"inLanguage\":\"de\",\"@id\":\"https:\/\/luxiders.com\/de\/#\/schema\/logo\/image\/\",\"url\":\"https:\/\/luxiders.com\/content\/uploads\/lux-logo.svg\",\"contentUrl\":\"https:\/\/luxiders.com\/content\/uploads\/lux-logo.svg\",\"caption\":\"Sustainable Fashion - Eco Design - Healthy Lifestyle - Luxiders Magazine\"},\"image\":{\"@id\":\"https:\/\/luxiders.com\/de\/#\/schema\/logo\/image\/\"}},{\"@type\":\"Person\",\"@id\":\"https:\/\/luxiders.com\/de\/#\/schema\/person\/8632fa702ae2ce98f66c396254633de8\",\"name\":\"luxiders\",\"url\":\"https:\/\/luxiders.com\/de\/author\/luxiders\/\"}]}<\/script>","yoast_head_json":{"title":"Ist die Gen Z wirklich die umweltbewussteste Generation?","description":"Die Gen Z wird oft als die umweltbewussteste Generation gepriesen, aber was sagen ihre Einkaufsgewohnheiten \u00fcber ihre angebliche...","robots":{"index":"index","follow":"follow","max-snippet":"max-snippet:-1","max-image-preview":"max-image-preview:large","max-video-preview":"max-video-preview:-1"},"canonical":"https:\/\/luxiders.com\/de\/ist-die-gen-z-wirklich-die-umweltbewussteste-generation\/","og_locale":"de_DE","og_type":"article","og_title":"Ist die Gen Z wirklich die umweltbewussteste Generation?","og_description":"Die Gen Z wird oft als die umweltbewussteste Generation gepriesen, aber was sagen ihre Einkaufsgewohnheiten \u00fcber ihre angebliche...","og_url":"https:\/\/luxiders.com\/de\/ist-die-gen-z-wirklich-die-umweltbewussteste-generation\/","og_site_name":"Sustainable Fashion - Eco Design - Healthy Lifestyle - Luxiders Magazine","article_published_time":"2021-12-10T12:18:00+00:00","article_modified_time":"2023-01-16T09:44:42+00:00","og_image":[{"width":1200,"height":960,"url":"https:\/\/luxiders.com\/content\/uploads\/feature-gen-z-eco-conscious.jpg","type":"image\/jpeg"}],"author":"luxiders","twitter_card":"summary_large_image","twitter_misc":{"Verfasst von":"luxiders"},"schema":{"@context":"https:\/\/schema.org","@graph":[{"@type":"Article","@id":"https:\/\/luxiders.com\/de\/ist-die-gen-z-wirklich-die-umweltbewussteste-generation\/#article","isPartOf":{"@id":"https:\/\/luxiders.com\/de\/ist-die-gen-z-wirklich-die-umweltbewussteste-generation\/"},"author":{"name":"luxiders","@id":"https:\/\/luxiders.com\/de\/#\/schema\/person\/8632fa702ae2ce98f66c396254633de8"},"headline":"Ist die Gen Z wirklich die umweltbewussteste Generation?","datePublished":"2021-12-10T12:18:00+00:00","dateModified":"2023-01-16T09:44:42+00:00","mainEntityOfPage":{"@id":"https:\/\/luxiders.com\/de\/ist-die-gen-z-wirklich-die-umweltbewussteste-generation\/"},"wordCount":8,"publisher":{"@id":"https:\/\/luxiders.com\/de\/#organization"},"image":{"@id":"https:\/\/luxiders.com\/de\/ist-die-gen-z-wirklich-die-umweltbewussteste-generation\/#primaryimage"},"thumbnailUrl":"https:\/\/luxiders.com\/content\/uploads\/feature-gen-z-eco-conscious.jpg","keywords":["eco consciousness","eco fashion","gen z","nachhaltige Mode"],"articleSection":["Mode"],"inLanguage":"de"},{"@type":"WebPage","@id":"https:\/\/luxiders.com\/de\/ist-die-gen-z-wirklich-die-umweltbewussteste-generation\/","url":"https:\/\/luxiders.com\/de\/ist-die-gen-z-wirklich-die-umweltbewussteste-generation\/","name":"Ist die Gen Z wirklich die umweltbewussteste Generation?","isPartOf":{"@id":"https:\/\/luxiders.com\/de\/#website"},"primaryImageOfPage":{"@id":"https:\/\/luxiders.com\/de\/ist-die-gen-z-wirklich-die-umweltbewussteste-generation\/#primaryimage"},"image":{"@id":"https:\/\/luxiders.com\/de\/ist-die-gen-z-wirklich-die-umweltbewussteste-generation\/#primaryimage"},"thumbnailUrl":"https:\/\/luxiders.com\/content\/uploads\/feature-gen-z-eco-conscious.jpg","datePublished":"2021-12-10T12:18:00+00:00","dateModified":"2023-01-16T09:44:42+00:00","description":"Die Gen Z wird oft als die umweltbewussteste Generation gepriesen, aber was sagen ihre Einkaufsgewohnheiten \u00fcber ihre angebliche...","breadcrumb":{"@id":"https:\/\/luxiders.com\/de\/ist-die-gen-z-wirklich-die-umweltbewussteste-generation\/#breadcrumb"},"inLanguage":"de","potentialAction":[{"@type":"ReadAction","target":["https:\/\/luxiders.com\/de\/ist-die-gen-z-wirklich-die-umweltbewussteste-generation\/"]}]},{"@type":"ImageObject","inLanguage":"de","@id":"https:\/\/luxiders.com\/de\/ist-die-gen-z-wirklich-die-umweltbewussteste-generation\/#primaryimage","url":"https:\/\/luxiders.com\/content\/uploads\/feature-gen-z-eco-conscious.jpg","contentUrl":"https:\/\/luxiders.com\/content\/uploads\/feature-gen-z-eco-conscious.jpg","width":1200,"height":960},{"@type":"BreadcrumbList","@id":"https:\/\/luxiders.com\/de\/ist-die-gen-z-wirklich-die-umweltbewussteste-generation\/#breadcrumb","itemListElement":[{"@type":"ListItem","position":1,"name":"Startseite","item":"https:\/\/luxiders.com\/de\/"},{"@type":"ListItem","position":2,"name":"Mode","item":"https:\/\/luxiders.com\/de\/Katregorie\/nachhaltig-luxus-mode\/"},{"@type":"ListItem","position":3,"name":"Ist die Gen Z wirklich die umweltbewussteste Generation?"}]},{"@type":"WebSite","@id":"https:\/\/luxiders.com\/de\/#website","url":"https:\/\/luxiders.com\/de\/","name":"Sustainable Fashion - Eco Design - Healthy Lifestyle - Luxiders Magazine","description":"Luxiders is a sustainable luxury magazine highlighting the best stories about sustainable fashion, ethical fashion, eco-friendly design, green design, sustainable travel, natural beauty, organic beauty and healthy lifestyle. Know the best high-end, progressive and luxury sustainable brands and designers worldwide.","publisher":{"@id":"https:\/\/luxiders.com\/de\/#organization"},"potentialAction":[{"@type":"SearchAction","target":{"@type":"EntryPoint","urlTemplate":"https:\/\/luxiders.com\/de\/?s={search_term_string}"},"query-input":{"@type":"PropertyValueSpecification","valueRequired":true,"valueName":"search_term_string"}}],"inLanguage":"de"},{"@type":"Organization","@id":"https:\/\/luxiders.com\/de\/#organization","name":"Sustainable Fashion - Eco Design - Healthy Lifestyle - Luxiders Magazine","url":"https:\/\/luxiders.com\/de\/","logo":{"@type":"ImageObject","inLanguage":"de","@id":"https:\/\/luxiders.com\/de\/#\/schema\/logo\/image\/","url":"https:\/\/luxiders.com\/content\/uploads\/lux-logo.svg","contentUrl":"https:\/\/luxiders.com\/content\/uploads\/lux-logo.svg","caption":"Sustainable Fashion - Eco Design - Healthy Lifestyle - Luxiders Magazine"},"image":{"@id":"https:\/\/luxiders.com\/de\/#\/schema\/logo\/image\/"}},{"@type":"Person","@id":"https:\/\/luxiders.com\/de\/#\/schema\/person\/8632fa702ae2ce98f66c396254633de8","name":"luxiders","url":"https:\/\/luxiders.com\/de\/author\/luxiders\/"}]}},"_links":{"self":[{"href":"https:\/\/luxiders.com\/de\/wp-json\/wp\/v2\/posts\/4631","targetHints":{"allow":["GET"]}}],"collection":[{"href":"https:\/\/luxiders.com\/de\/wp-json\/wp\/v2\/posts"}],"about":[{"href":"https:\/\/luxiders.com\/de\/wp-json\/wp\/v2\/types\/post"}],"author":[{"embeddable":true,"href":"https:\/\/luxiders.com\/de\/wp-json\/wp\/v2\/users\/2"}],"replies":[{"embeddable":true,"href":"https:\/\/luxiders.com\/de\/wp-json\/wp\/v2\/comments?post=4631"}],"version-history":[{"count":3,"href":"https:\/\/luxiders.com\/de\/wp-json\/wp\/v2\/posts\/4631\/revisions"}],"predecessor-version":[{"id":9700,"href":"https:\/\/luxiders.com\/de\/wp-json\/wp\/v2\/posts\/4631\/revisions\/9700"}],"wp:featuredmedia":[{"embeddable":true,"href":"https:\/\/luxiders.com\/de\/wp-json\/wp\/v2\/media\/4651"}],"wp:attachment":[{"href":"https:\/\/luxiders.com\/de\/wp-json\/wp\/v2\/media?parent=4631"}],"wp:term":[{"taxonomy":"category","embeddable":true,"href":"https:\/\/luxiders.com\/de\/wp-json\/wp\/v2\/categories?post=4631"},{"taxonomy":"post_tag","embeddable":true,"href":"https:\/\/luxiders.com\/de\/wp-json\/wp\/v2\/tags?post=4631"}],"curies":[{"name":"wp","href":"https:\/\/api.w.org\/{rel}","templated":true}]}}