{"id":47704,"date":"2024-07-29T00:43:39","date_gmt":"2024-07-28T22:43:39","guid":{"rendered":"https:\/\/luxiders.com\/?p=47704"},"modified":"2024-11-25T12:33:54","modified_gmt":"2024-11-25T11:33:54","slug":"imagine-coral-reef-regenerative-design-interview-mit-harald-grundl","status":"publish","type":"post","link":"https:\/\/luxiders.com\/de\/imagine-coral-reef-regenerative-design-interview-mit-harald-grundl\/","title":{"rendered":"Imagine: Coral Reef Regenerative Design | Interview mit Harald Gr\u00fcndl"},"content":{"rendered":"\n\n    <section id=\"newsletter-block_7f5bca3eb990d122563b414bfd73e2e2\" class=\"section position-relative gp-block gp-newsletter pt-0 pb-0 my-5\">\n        <div class=\"container\">\n            <div class=\"row g-0 pt-4 pb-3\">\n                <div class=\"col-lg-12 content text-center border pt-3\" data-aos=\"fade-in\" data-aos-duration=\"1000\">\n                                            <p><em>Um den Luxiders Newsletter zu erhalten,\u00a0<a href=\"https:\/\/landing.mailerlite.com\/webforms\/landing\/g1u8s7\">melde dich hier an<\/a>.<\/em><\/p>\n                                    <\/div>\n            <\/div>\n        <\/div>\n    <\/section>\n    \n\n    <section id=\"media-block_5aca4bd8f2b9308f199991cc331580a5\" class=\"section position-relative gp-block gp-media pt-0 pb-0\">\n        <div class=\"container\">\n            <div class=\"row g-0\">\n                <div class=\"col-lg-12 content\" data-aos=\"fade-in\" data-aos-duration=\"1000\">\n                                                                            <\/div>\n            <\/div>\n            <div class=\"row g-0\">\n                <div class=\"col-lg-6 \">\n                                                                                                                                                                                        <div class=\"text pt-lg-0 mb-lg-0 ps-lg-0 pe-lg-3\" data-aos=\"fade-in\" data-aos-duration=\"1000\">\n                                            <p><span style=\"font-weight: 400;\">In diesem Interview tauchen wir ein in die vision\u00e4re Welt von Harald Gr\u00fcndl, einem renommierten Designtheoretiker und Kurator. Gr\u00fcndl f\u00fchrt uns durch die konzeptionelle und praktische Reise der Ausstellung \u201eImagine: Coral Reef Regenerative Design\u201c. Wir sprechen au\u00dferdem \u00fcber die Wanderausstellung, die ihre Reise um die Welt fortsetzt.<\/span><\/p>\n<p><span style=\"font-weight: 400;\">Die Ausstellung wird vom 7. Februar bis zum 9. M\u00e4rz 2025 im Museum f\u00fcr Angewandte Kunst in Belgrad gezeigt, in Zusammenarbeit mit der Universit\u00e4t der K\u00fcnste Belgrad und der New Design University. Harald Gr\u00fcndl teilt seine tiefgr\u00fcndigen Einblicke in die Inspiration hinter dem Projekt, die Herausforderungen sowie die Prinzipien des regenerativen Designs, die diese wegweisende Initiative leiten.<\/span><\/p>\n<p>&nbsp;<\/p>\n                                        <\/div>\n                                                                                                                                <\/div>\n                                    <div class=\"col-lg-6\">\n                                                                                                                                                        <figure class=\"mb-4 pt-lg-0 mb-lg-0 ps-lg-3 pe-lg-0\" data-aos=\"fade-up\" data-aos-duration=\"1000\"><div class=\"img-container\"><img loading=\"lazy\" decoding=\"async\" width=\"1200\" height=\"1800\" src=\"https:\/\/luxiders.com\/content\/uploads\/Harald-Gruendl-c-Udo-Titz.jpg\" class=\"img-fluid w-100\" alt=\"Harold Gruendl\" srcset=\"https:\/\/luxiders.com\/content\/uploads\/Harald-Gruendl-c-Udo-Titz.jpg 1200w, https:\/\/luxiders.com\/content\/uploads\/Harald-Gruendl-c-Udo-Titz-200x300.jpg 200w, https:\/\/luxiders.com\/content\/uploads\/Harald-Gruendl-c-Udo-Titz-683x1024.jpg 683w, https:\/\/luxiders.com\/content\/uploads\/Harald-Gruendl-c-Udo-Titz-768x1152.jpg 768w, https:\/\/luxiders.com\/content\/uploads\/Harald-Gruendl-c-Udo-Titz-1024x1536.jpg 1024w\" sizes=\"(max-width: 1200px) 100vw, 1200px\" \/><\/div><figcaption>Harold Gruendl \u00a9Udo Titz<\/figcaption><\/figure>                                                                                                        <\/div>\n                                            <\/div>\n        <\/div>\n    <\/section>\n    \n\n    <section id=\"textblock-block_f3915ab248591e8113db4bf4b8726c09\" class=\"section position-relative gp-block gp-textblock pt-0 pb-0\">\n        <div class=\"container\">\n            <div class=\"row g-0\">\n                <div class=\"col-lg-12 content\" data-aos=\"fade-in\" data-aos-duration=\"1000\">\n                                                                        <h2 class=\"\"><h2>IMAGINE: CORAL REEF REGENERATIVE DESIGN\u2019<\/span><\/h2>\n<\/h2>\n                                                                                                        <p>Vom 3. Mai bis zum 23. Juni 2024 fand die Ausstellung \u201eImagine: Coral Reef Regenerative Design\u201c im Kunstgewerbemuseum Berlin statt. Diese experimentelle Designausstellung zeigte Korallenriffe in einer Welt, die mit zahlreichen Krisen konfrontiert ist. Das komplexe \u00d6kosystem eines Korallenriffs stirbt aufgrund des vom Menschen verursachten Klimawandels. \u201eImagine: Coral Reef Regenerative Design\u201c veranschaulichte dies, indem wei\u00dfe Papiere geh\u00e4kelt und unter UV-Licht pr\u00e4sentiert wurden, um die Korallenbleiche zu simulieren. Die Ausstellung wandte anschlie\u00dfend Designprozesse an, um den Besuchern m\u00f6gliche Wege zur Rettung der Riffe aufzuzeigen.<\/p>\n<p>Die Ausstellung schuf einen immersiven Raum, in dem Makro-Korallen, basierend auf den offenen Designanweisungen des Projekts \u201eCrochet Coral Reef\u201c von Christine und Margaret Wertheim (Institute for Figuring), Ereignisse der Korallenbleiche hervorhoben. Das Korallenriff wurde mit Objekten bev\u00f6lkert, die zentrale Themen der Prinzipien des regenerativen Designs repr\u00e4sentierten, inspiriert von Andreas Webers Text \u201eEnlivenment\u201c. Diese Exponate dienten als Gespr\u00e4chsanregungen und ermutigten die Besucher, \u00fcber die m\u00f6glichen Rollen nachzudenken, die Design bei der Schaffung regenerativer Zuk\u00fcnfte spielen kann.<\/p>\n                                                        <\/div>\n            <\/div>\n        <\/div>\n    <\/section>\n    \n\n    <section id=\"media-block_d3ec259055f8a991a72e734b77e901eb\" class=\"section position-relative gp-block gp-media pt-0 pb-0\">\n        <div class=\"container\">\n            <div class=\"row g-0\">\n                <div class=\"col-lg-12 content\" data-aos=\"fade-in\" data-aos-duration=\"1000\">\n                                                                            <\/div>\n            <\/div>\n            <div class=\"row g-0\">\n                <div class=\"col-lg-12 img-scaled\">\n                                                                                                                                                <figure class=\"mb-4 pt-lg-3 mb-lg-3 ps-lg-0 pe-lg-0\" data-aos=\"fade-up\" data-aos-duration=\"1000\"><div class=\"img-container\"><img loading=\"lazy\" decoding=\"async\" width=\"1200\" height=\"904\" src=\"https:\/\/luxiders.com\/content\/uploads\/Coral-Reef-62.jpeg\" class=\"img-fluid w-100\" alt=\"Coral Reef Poster\" srcset=\"https:\/\/luxiders.com\/content\/uploads\/Coral-Reef-62.jpeg 1200w, https:\/\/luxiders.com\/content\/uploads\/Coral-Reef-62-300x226.jpeg 300w, https:\/\/luxiders.com\/content\/uploads\/Coral-Reef-62-1024x771.jpeg 1024w, https:\/\/luxiders.com\/content\/uploads\/Coral-Reef-62-768x579.jpeg 768w\" sizes=\"(max-width: 1200px) 100vw, 1200px\" \/><\/div><figcaption>\u00a9Vanja \u010cerimagi\u0107<\/figcaption><\/figure>                                                                                            <\/div>\n                                            <\/div>\n        <\/div>\n    <\/section>\n    \n\n    <section id=\"textblock-block_859f5640897e75a7f8f15e6680caa67e\" class=\"section position-relative gp-block gp-textblock pt-0 pb-0\">\n        <div class=\"container\">\n            <div class=\"row g-0\">\n                <div class=\"col-lg-12 content\" data-aos=\"fade-in\" data-aos-duration=\"1000\">\n                                                                                <p><b>Was hat Sie an den Korallenriffen inspiriert?<\/b><\/p>\n<p>Das k\u00f6nnte das erste biologische System sein, das vollst\u00e4ndig verschwindet. Korallen sind ein sehr intuitives, farbenfrohes und lebendiges Bild. Wenn ich \u201eKorallenriff\u201c sage, hat jeder sofort dieses Bild von Fischen und all den Farben vor Augen. Der zweite Gedanke ist oft die Korallenbleiche, mit der diese \u00d6kosysteme zunehmend konfrontiert sind. Wir fanden diese doppelte Bildsprache eine interessante Ausgangsbasis, um \u00fcber ein Thema nachzudenken, das beim Thema regeneratives Design noch recht abstrakt ist.<\/p>\n<p>Ich bin kein Biologe, aber was mich als Designer und in Designserien fasziniert, ist: Wie kann sich ein so lebendiges und reichhaltiges \u00d6kosystem in Gebieten entwickeln, in denen es absolut nichts gibt? Es ist allein die Infrastruktur der Korallen, die dieses unglaubliche \u00d6kosystem hervorbringt. Ich denke, das dient als Metapher daf\u00fcr, wie wir eine Art florierendes \u00d6kosystem in unserem kulturellen Kontext erm\u00f6glichen k\u00f6nnten.<\/p>\n<p>&nbsp;<\/p>\n<p><b>Gab es einen bestimmten Moment, in dem Ihnen pl\u00f6tzlich klar wurde, dass du genau das tun m\u00f6chten?<\/b><\/p>\n<p>In der Vorrecherche zur Ausstellung sind wir auf ein intelligentes Tool des Weltwirtschaftsforums gesto\u00dfen. Es ist eine Art Netzwerk-Tool, bei dem jede Eingabe zahlreiche Verbindungen erzeugt. Wir haben uns mit Kreislaufdesign besch\u00e4ftigt und wohin es f\u00fchrt \u2013 und eines der Themen war der Ozean. Das brachte uns auf die verr\u00fcckte Idee, \u00fcber das Meer nachzudenken.<\/p>\n<p>&nbsp;<\/p>\n<p><b>Wie hoffen Sie, dass die Menschen auf die Ausstellung reagieren? M\u00f6chten Sie eine neue Erkenntnis \u00fcber regenerative Handlungsm\u00f6glichkeiten ansto\u00dfen?<\/b><\/p>\n<p>Die Ausstellung hat verschiedene Aspekte. Ein Aspekt ist, was wir den \u201eKorallenriff-Raum\u201c nennen, denn in anderen Ausstellungen war normalerweise alles in einem Raum. Um uns an die Bedingungen des Kunstgewerbemuseums anzupassen, mussten wir die Dinge trennen, was uns dazu brachte, diese immersive Installation in einem Raum mit einer ziemlich schockierenden Projektion von Artenvielfalt im Gegensatz zu vom Menschen geschaffenen Materialien zu gestalten. Der andere Raum ist das, was wir das \u201eLabor f\u00fcr regeneratives Design\u201c nennen. Dieses Format ist nicht nur eine Ausstellung, sondern umfasst auch die Workshops, die wir mit Universit\u00e4ten durchf\u00fchren, wenn die Ausstellung von einem Ort zum anderen zieht.<\/p>\n<p>Man sieht sieben Objekte, die die sieben Prinzipien darstellen, und nat\u00fcrlich ist dies eine laufende Forschung, sodass es sehr schwierig ist, ganz klare Beispiele zu finden, aber wir geben uns gro\u00dfe M\u00fche. Es geht nicht immer darum, zu sagen: \u201eSo wird das gemacht\u201c, sondern zum Beispiel ist der Grashandschuh etwas, das die Gemeing\u00fcter repr\u00e4sentiert. \u00c4ltere Frauen gehen in den Wald, finden geheime Orte, ernten dort das Gras, bringen es zur\u00fcck und trocknen es. Nat\u00fcrlich ist dies nicht als Blaupause oder Rezept f\u00fcr Adidas oder Nike gedacht, um ihre Schuhe zu produzieren. Aber ich denke, es sollte eine Inspiration sein, den gesamten Prozess zu betrachten: Welche Materialien werden verwendet und wem geh\u00f6ren sie?<\/p>\n<p>Ich denke, Design muss zu besser informierten Entscheidungen f\u00fchren. Es muss die gesamte Wertsch\u00f6pfungskette mitgestalten. Ich glaube, manchmal wollen Designer einfach eine einfache L\u00f6sung, also w\u00e4hlen sie Bioplastik, aber ich glaube nicht, dass es so einfach ist.<\/p>\n                                                        <\/div>\n            <\/div>\n        <\/div>\n    <\/section>\n    \n\n    <section id=\"media-block_bb1dd5dce3323c61285affb546d9d0ee\" class=\"section position-relative gp-block gp-media pt-0 pb-0\">\n        <div class=\"container\">\n            <div class=\"row g-0\">\n                <div class=\"col-lg-12 content\" data-aos=\"fade-in\" data-aos-duration=\"1000\">\n                                                                            <\/div>\n            <\/div>\n            <div class=\"row g-0\">\n                <div class=\"col-lg-6 \">\n                                                                                                                                                <figure class=\"mb-4 pt-lg-3 mb-lg-4 ps-lg-0 pe-lg-4\" data-aos=\"fade-up\" data-aos-duration=\"1000\"><div class=\"img-container\"><img loading=\"lazy\" decoding=\"async\" width=\"1200\" height=\"1800\" src=\"https:\/\/luxiders.com\/content\/uploads\/DSC02423.jpeg\" class=\"img-fluid w-100\" alt=\"Coral Reef Crochet\" srcset=\"https:\/\/luxiders.com\/content\/uploads\/DSC02423.jpeg 1200w, https:\/\/luxiders.com\/content\/uploads\/DSC02423-200x300.jpeg 200w, https:\/\/luxiders.com\/content\/uploads\/DSC02423-683x1024.jpeg 683w, https:\/\/luxiders.com\/content\/uploads\/DSC02423-768x1152.jpeg 768w, https:\/\/luxiders.com\/content\/uploads\/DSC02423-1024x1536.jpeg 1024w\" sizes=\"(max-width: 1200px) 100vw, 1200px\" \/><\/div><figcaption>\u00a9EOOS<\/figcaption><\/figure>                                                                                                                                                            <figure class=\"mb-4 pt-lg-3 mb-lg-4 ps-lg-0 pe-lg-8\" data-aos=\"fade-up\" data-aos-duration=\"1000\"><div class=\"img-container\"><img loading=\"lazy\" decoding=\"async\" width=\"1200\" height=\"904\" src=\"https:\/\/luxiders.com\/content\/uploads\/Coral-Reef-49.jpg\" class=\"img-fluid w-100\" alt=\"Coral Reef Viewers\" srcset=\"https:\/\/luxiders.com\/content\/uploads\/Coral-Reef-49.jpg 1200w, https:\/\/luxiders.com\/content\/uploads\/Coral-Reef-49-300x226.jpg 300w, https:\/\/luxiders.com\/content\/uploads\/Coral-Reef-49-1024x771.jpg 1024w, https:\/\/luxiders.com\/content\/uploads\/Coral-Reef-49-768x579.jpg 768w\" sizes=\"(max-width: 1200px) 100vw, 1200px\" \/><\/div><figcaption>\u00a9Vanja \u010cerimagi\u0107<\/figcaption><\/figure>                                                                                            <\/div>\n                                    <div class=\"col-lg-6\">\n                                                                                                                                                        <figure class=\"mb-4 pt-lg-10 mb-lg-3 ps-lg-3 pe-lg-0\" data-aos=\"fade-up\" data-aos-duration=\"1000\"><div class=\"img-container\"><img loading=\"lazy\" decoding=\"async\" width=\"1200\" height=\"2133\" src=\"https:\/\/luxiders.com\/content\/uploads\/DSC02848.jpg\" class=\"img-fluid w-100\" alt=\"Coral Reef Crochet Statistics\" srcset=\"https:\/\/luxiders.com\/content\/uploads\/DSC02848.jpg 1200w, https:\/\/luxiders.com\/content\/uploads\/DSC02848-169x300.jpg 169w, https:\/\/luxiders.com\/content\/uploads\/DSC02848-576x1024.jpg 576w, https:\/\/luxiders.com\/content\/uploads\/DSC02848-768x1365.jpg 768w, https:\/\/luxiders.com\/content\/uploads\/DSC02848-864x1536.jpg 864w, https:\/\/luxiders.com\/content\/uploads\/DSC02848-1152x2048.jpg 1152w\" sizes=\"(max-width: 1200px) 100vw, 1200px\" \/><\/div><figcaption>\u00a9EOOS\n<\/figcaption><\/figure>                                                                                                        <\/div>\n                                            <\/div>\n        <\/div>\n    <\/section>\n    \n\n    <section id=\"textblock-block_e69213562d633c7340da0bcbff88cab0\" class=\"section position-relative gp-block gp-textblock pt-0 pb-0\">\n        <div class=\"container\">\n            <div class=\"row g-0\">\n                <div class=\"col-lg-12 content\" data-aos=\"fade-in\" data-aos-duration=\"1000\">\n                                                                                <p><b>Es gab viel unterschiedliche Forschung und technische Informationen in der Ausstellung. Wie war die Zusammenarbeit zwischen allen Beteiligten?<\/b><\/p>\n<p>Als wir letztes Jahr mit den Ausstellungen begannen, war es diese immersive Installation. Wir haben gesagt, dass wir eine experimentelle Ausstellung wollten, und ich denke, das ist uns besonders durch die Architektur der Ausstellung gelungen. Au\u00dferdem sagten wir, dass wir m\u00f6chten, dass sie selbstlernend ist. Das ist eines der nat\u00fcrlichen Prinzipien. Wir wollten eine Art Offenheit und Ungeplantheit erm\u00f6glichen. Einer dieser Aspekte war die Zusammenarbeit mit Studierenden. In Berlin hatten wir das nicht, aber ich bin wirklich dankbar f\u00fcr die Zusammenarbeit mit anderen Abteilungen des Kunstgewerbemuseums. Die Kuratorin des Museums hat eine moderne Plattform geschaffen, die sehr gut passt. Sie hat wirklich wunderbare Objekte aus der Renaissance gefunden. Diese stellen moderne Design-Theorien in Frage, da wir einst glaubten, die Natur durch das Hinzuf\u00fcgen von Gold und das Erz\u00e4hlen mythologischer Geschichten noch sch\u00f6ner machen zu k\u00f6nnen. Es ist erstaunlich, dass ein Handwerker die \u00e4u\u00dfere Schale entfernen konnte und nur die Perlenoberfl\u00e4che \u00fcbrig lie\u00df. Dies verdeutlicht die Notwendigkeit interdisziplin\u00e4rer Forschung. Museen hinterfragen manchmal nicht, wie wir die Natur heute versch\u00f6nern w\u00fcrden. Es ist entscheidend, vergangene Praktiken zu \u00fcberdenken und zu verstehen, wie wir sie in unsere heutige Gesellschaft reintegrieren k\u00f6nnen. Wir m\u00fcssen sehr schnell bessere L\u00f6sungen finden.<\/p>\n<p>&nbsp;<\/p>\n<p><b>K\u00f6nnten Sie mir etwas \u00fcber Ihre Entscheidung erz\u00e4hlen, die Ausstellung zu einer Wanderausstellung zu machen?<\/b><\/p>\n<p>Die Wanderausstellung war eine M\u00f6glichkeit, die uns von unseren Auftraggebern gegeben wurde. Wenn \u00d6sterreich Ausstellungen finanziert, geschieht dies manchmal in einem fast kolonialen Stil, um zu zeigen, wie gut wir sind \u2013 mit unseren Produkten, unserer Kunst und unserer Architektur. Diese Ausstellung arbeitet bewusst gegen diesen Ansatz, indem sie an Orte geht, ohne \u201ebesser\u201c als der Ort selbst zu sein. F\u00fcr Belgrad arbeiten wir an einem der Exponate mit einer Organisation namens <a href=\"https:\/\/www.instagram.com\/corizom\/\">Co\/Rizom<\/a> zusammen. Es ist ein Netzwerk, das sehr talentierte individuelle Handwerksk\u00fcnste abdeckt, haupts\u00e4chlich in der Balkanregion und in Tirana. In Belgrad werden wir eines dieser Exponate aktivieren, um dort einen Einfluss zu schaffen.<\/p>\n<p>Die n\u00e4chsten Stationen sind Delhi und Bangalore, eine Hightech-Stadt. Es ist inspirierend, lokale Partner zu finden und den richtigen Ort f\u00fcr die Pr\u00e4sentation der Ausstellung zu w\u00e4hlen.<\/p>\n<p>&nbsp;<\/p>\n<p><b>Was ist Ihre Vision f\u00fcr zuk\u00fcnftige Projekte?<\/b><\/p>\n<p>Wir haben die sieben Prinzipien, die aus einem Buch eines deutschen Philosophen und Biologen \u00fcbersetzt wurden, der die Natur beschreibt. Wir versuchen, die Frage zu stellen: \u201eWas ist regeneratives Design?\u201c Die einfachste Antwort, die wir gefunden haben, ist, diese Prinzipien der Natur und des Designs anzuwenden. Das ist eine sehr kurze Antwort, die jedoch viel Komplexit\u00e4t mit sich bringt.<\/p>\n<p>In den Workshops mit den Studierenden bekommt jede Gruppe nur eines der Prinzipien. Nat\u00fcrlich besteht die n\u00e4chste Stufe darin, mehr Prinzipien zu integrieren.<\/p>\n<p>Ich unterrichte Designtheorie an der Universit\u00e4t f\u00fcr angewandte Kunst und habe ein Projekt vorgeschlagen, bei dem ich Studierende betreue, die bereit sind, sich selbst herauszufordern, indem sie mehr als ein Projekt \u00fcbernehmen. Dies entwickelt sich zu einem Bildungsprojekt.<\/p>\n<p>Es ist schwierig, es ist herausfordernd, aber ich denke, es ist auch inspirierend.<\/p>\n                                                        <\/div>\n            <\/div>\n        <\/div>\n    <\/section>\n    \n\n    <section id=\"media-block_2cfc44d550e75e2c4e5050f02841cf95\" class=\"section position-relative gp-block gp-media pt-0 pb-0\">\n        <div class=\"container\">\n            <div class=\"row g-0\">\n                <div class=\"col-lg-12 content\" data-aos=\"fade-in\" data-aos-duration=\"1000\">\n                                                                            <\/div>\n            <\/div>\n            <div class=\"row g-0\">\n                <div class=\"col-lg-4 \">\n                                                                                                                                                <figure class=\"mb-4 pt-lg-3 mb-lg-2 ps-lg-3 pe-lg-5\" data-aos=\"fade-up\" data-aos-duration=\"1000\"><div class=\"img-container\"><img loading=\"lazy\" decoding=\"async\" width=\"1200\" height=\"1599\" src=\"https:\/\/luxiders.com\/content\/uploads\/Screenshot-2024-07-26-at-14.14.43.jpg\" class=\"img-fluid w-100\" alt=\"Coral Sculpture\" srcset=\"https:\/\/luxiders.com\/content\/uploads\/Screenshot-2024-07-26-at-14.14.43.jpg 1200w, https:\/\/luxiders.com\/content\/uploads\/Screenshot-2024-07-26-at-14.14.43-225x300.jpg 225w, https:\/\/luxiders.com\/content\/uploads\/Screenshot-2024-07-26-at-14.14.43-768x1023.jpg 768w, https:\/\/luxiders.com\/content\/uploads\/Screenshot-2024-07-26-at-14.14.43-1153x1536.jpg 1153w\" sizes=\"(max-width: 1200px) 100vw, 1200px\" \/><\/div><\/figure>                                                                                            <\/div>\n                                    <div class=\"col-lg-4\">\n                                                                                                                                                        <figure class=\"mb-4 pt-lg-5 mb-lg-5 ps-lg-2 pe-lg-2\" data-aos=\"fade-up\" data-aos-duration=\"1000\"><div class=\"img-container\"><img loading=\"lazy\" decoding=\"async\" width=\"1200\" height=\"1200\" src=\"https:\/\/luxiders.com\/content\/uploads\/IMG_1064.jpg\" class=\"img-fluid w-100\" alt=\"Pearl Chalace\" srcset=\"https:\/\/luxiders.com\/content\/uploads\/IMG_1064.jpg 1200w, https:\/\/luxiders.com\/content\/uploads\/IMG_1064-300x300.jpg 300w, https:\/\/luxiders.com\/content\/uploads\/IMG_1064-1024x1024.jpg 1024w, https:\/\/luxiders.com\/content\/uploads\/IMG_1064-150x150.jpg 150w, https:\/\/luxiders.com\/content\/uploads\/IMG_1064-768x768.jpg 768w\" sizes=\"(max-width: 1200px) 100vw, 1200px\" \/><\/div><\/figure>                                                                                                        <\/div>\n                                                    <div class=\"col-lg-4\">\n                                                                                                                                                        <figure class=\"mb-4 pt-lg-3 mb-lg-2 ps-lg-5 pe-lg-3\" data-aos=\"fade-up\" data-aos-duration=\"1000\"><div class=\"img-container\"><img loading=\"lazy\" decoding=\"async\" width=\"1200\" height=\"1598\" src=\"https:\/\/luxiders.com\/content\/uploads\/Screenshot-2024-07-26-at-14.16.22.jpg\" class=\"img-fluid w-100\" alt=\"Coarl Reef Objects\" srcset=\"https:\/\/luxiders.com\/content\/uploads\/Screenshot-2024-07-26-at-14.16.22.jpg 1200w, https:\/\/luxiders.com\/content\/uploads\/Screenshot-2024-07-26-at-14.16.22-225x300.jpg 225w, https:\/\/luxiders.com\/content\/uploads\/Screenshot-2024-07-26-at-14.16.22-769x1024.jpg 769w, https:\/\/luxiders.com\/content\/uploads\/Screenshot-2024-07-26-at-14.16.22-768x1023.jpg 768w, https:\/\/luxiders.com\/content\/uploads\/Screenshot-2024-07-26-at-14.16.22-1153x1536.jpg 1153w\" sizes=\"(max-width: 1200px) 100vw, 1200px\" \/><\/div><\/figure>                                                                                                        <\/div>\n                            <\/div>\n        <\/div>\n    <\/section>\n    \n\n    <section id=\"textblock-block_c007db1edeab69b153a36e48208d2562\" class=\"section position-relative gp-block gp-textblock pt-0 pb-0\">\n        <div class=\"container\">\n            <div class=\"row g-0\">\n                <div class=\"col-lg-12 content\" data-aos=\"fade-in\" data-aos-duration=\"1000\">\n                                                                                <p><b>Gab es einen bestimmten Grund, warum Sie sich f\u00fcr das H\u00e4keln entschieden haben?<\/b><\/p>\n<p>Bei der Gestaltung der Ausstellung wussten wir, dass wir unserem eigenen Titel folgen wollten. Das H\u00e4keln der Korallenstrukturen faszinierte uns, weil es \u00fcber die typische Designarbeit am Computer hinausgeht. Es gibt nur zwei M\u00f6glichkeiten, wie diese H\u00e4kelmuster wachsen und hyperbolische Formen erzeugen. Wir experimentierten mit diesen Formen und versuchten zu verstehen, welche Art von neuen, formgebenden \u00dcbungen daraus entstehen k\u00f6nnten. Wir fanden es interessant, wie sie sich je nach Raumaufteilung unterschieden. Wir w\u00e4hlten biologisch abbaubares Material, das aus einem nat\u00fcrlichen Kreislauf stammt. Es wurde anspruchsvoller, als wir begannen, diese Todesphase der Korallen nachzubilden, die eintritt, wenn die Korallenbleiche beginnt. Sie sto\u00dfen die Algen aus und werden wei\u00df. In \u201eChasing Coral\u201c gibt es eine unglaubliche Sequenz, in der die Korallen im UV-Licht in diesen Blau-, Wei\u00df- und Violett-T\u00f6nen leuchten, und wir wollten dies nachbilden. Wir fanden unterschiedliche Papierqualit\u00e4ten, die verschiedene Arten von Wei\u00df aufwiesen. Es war ein experimenteller Prozess, es gab viel Ausprobieren und Lernen, und nat\u00fcrlich dauerte diese Art der Produktion \u2013 das H\u00e4keln \u2013 mehrere Wochen.<\/p>\n                                                        <\/div>\n            <\/div>\n        <\/div>\n    <\/section>\n    \n\n    <section id=\"media-block_dff74bfbea803f5d27ee2ef97e7a7d5a\" class=\"section position-relative gp-block gp-media pt-0 pb-0\">\n        <div class=\"container\">\n            <div class=\"row g-0\">\n                <div class=\"col-lg-12 content\" data-aos=\"fade-in\" data-aos-duration=\"1000\">\n                                                                            <\/div>\n            <\/div>\n            <div class=\"row g-0\">\n                <div class=\"col-lg-12 img-scaled\">\n                                                                                                                                                <figure class=\"mb-4 pt-lg-3 mb-lg-3 ps-lg-0 pe-lg-0\" data-aos=\"fade-up\" data-aos-duration=\"1000\"><div class=\"img-container\"><img loading=\"lazy\" decoding=\"async\" width=\"1200\" height=\"1800\" src=\"https:\/\/luxiders.com\/content\/uploads\/D3.jpeg\" class=\"img-fluid w-100\" alt=\"Crochet Hands\" srcset=\"https:\/\/luxiders.com\/content\/uploads\/D3.jpeg 1200w, https:\/\/luxiders.com\/content\/uploads\/D3-200x300.jpeg 200w, https:\/\/luxiders.com\/content\/uploads\/D3-683x1024.jpeg 683w, https:\/\/luxiders.com\/content\/uploads\/D3-768x1152.jpeg 768w, https:\/\/luxiders.com\/content\/uploads\/D3-1024x1536.jpeg 1024w\" sizes=\"(max-width: 1200px) 100vw, 1200px\" \/><\/div><figcaption>\u00a9EOOS<\/figcaption><\/figure>                                                                                            <\/div>\n                                            <\/div>\n        <\/div>\n    <\/section>\n    \n\n    <section id=\"textblock-block_7800c55e74ddf8de2328eedf60ab7351\" class=\"section position-relative gp-block gp-textblock pt-0 pb-0\">\n        <div class=\"container\">\n            <div class=\"row g-0\">\n                <div class=\"col-lg-12 content\" data-aos=\"fade-in\" data-aos-duration=\"1000\">\n                                                                                <p><b>Gab es weitere gro\u00dfe Herausforderungen, mit denen Sie zu k\u00e4mpfen hatten?<\/b><\/p>\n<p>Bei einer Wanderausstellung ist es ziemlich schwierig, an jedem Ort einen \u00e4hnlichen Ausdruck zu erzielen, und so entschieden wir uns f\u00fcr die Idee, einfach schwarze R\u00e4ume zu verwenden, was sehr gut funktioniert. Man muss die W\u00e4nde nicht schwarz streichen. Hier verschwenden Ausstellungen oft viele Materialien und Ressourcen. UV-Licht setzt alles in die gleiche Atmosph\u00e4re, und man verbraucht sehr wenig Energie, viel weniger als mit einem normalen Scheinwerfer.<\/p>\n<p>&nbsp;<\/p>\n<p><b>Die Ausstellung wurde von vielen technischen Informationen begleitet. Wie haben Sie das Gleichgewicht zwischen Informationen und visuellen Eindr\u00fccken gefunden?<\/b><\/p>\n<p>Dieses Gleichgewicht zu finden, ist eine Herausforderung. Der Schl\u00fcssel liegt im \u00dcbergang von degenerativen zu regenerativen Praktiken. Viele sehen Nachhaltigkeit als das Ziel, aber es ist nur ein Schritt auf dem Weg zu dem, was wir erreichen m\u00fcssen. Die Menschen denken oft, dass \u201egr\u00fcn\u201c ausreicht, aber Nachhaltigkeit, selbst mit den Zielen der Vereinten Nationen, ist lediglich ein \u00dcbergang und nicht das endg\u00fcltige Ziel.<\/p>\n                                                        <\/div>\n            <\/div>\n        <\/div>\n    <\/section>\n    \n\n    <section id=\"media-block_2e23736e719f9575113bd3fb7c39a9ba\" class=\"section position-relative gp-block gp-media pt-0 pb-0\">\n        <div class=\"container\">\n            <div class=\"row g-0\">\n                <div class=\"col-lg-12 content\" data-aos=\"fade-in\" data-aos-duration=\"1000\">\n                                                                            <\/div>\n            <\/div>\n            <div class=\"row g-0\">\n                <div class=\"col-lg-12 img-scaled\">\n                                                                                                                                                <figure class=\"mb-4 pt-lg-3 mb-lg-3 ps-lg-0 pe-lg-0\" data-aos=\"fade-up\" data-aos-duration=\"1000\"><div class=\"img-container\"><img loading=\"lazy\" decoding=\"async\" width=\"1200\" height=\"675\" src=\"https:\/\/luxiders.com\/content\/uploads\/DSC02919.jpeg\" class=\"img-fluid w-100\" alt=\"Coral Reef Vistors\" srcset=\"https:\/\/luxiders.com\/content\/uploads\/DSC02919.jpeg 1200w, https:\/\/luxiders.com\/content\/uploads\/DSC02919-300x169.jpeg 300w, https:\/\/luxiders.com\/content\/uploads\/DSC02919-1024x576.jpeg 1024w, https:\/\/luxiders.com\/content\/uploads\/DSC02919-768x432.jpeg 768w\" sizes=\"(max-width: 1200px) 100vw, 1200px\" \/><\/div><figcaption>\u00a9EOOS<\/figcaption><\/figure>                                                                                            <\/div>\n                                            <\/div>\n        <\/div>\n    <\/section>\n    \n\n    <section id=\"textblock-block_5dd9dde3b59966f569b29b8c3192a6e5\" class=\"section position-relative gp-block gp-textblock pt-0 pb-0\">\n        <div class=\"container\">\n            <div class=\"row g-0\">\n                <div class=\"col-lg-12 content\" data-aos=\"fade-in\" data-aos-duration=\"1000\">\n                                                                                <p><b>Was war Ihr Lieblingsaspekt der Ausstellung? Worauf sind Sie am meisten stolz?<\/b><\/p>\n<p>Ich bin ziemlich stolz darauf, dass die Ausstellung die Menschen auf unterhaltsame und inspirierende Weise zu verschiedenen ernsten Fragen \u00fcber die Zukunft anregt. Wir hatten gro\u00dfe Bedenken, da es nur sieben Exponate gab. Aber dann bekamen wir Feedback von Besuchern, dass es gut war, dass es nur sieben waren, weil sie anfingen, dar\u00fcber nachzudenken, welche Exponate fehlen k\u00f6nnten. Ich denke, das hat ziemlich gut funktioniert, und wir werden sehen, wie wir es in Zukunft weiterentwickeln.<\/p>\n<p>&nbsp;<\/p>\n<p><b>Haben Sie eine positive Erwartung in Bezug auf die Korallenriffe und die F\u00e4higkeit der Menschheit zur Regeneration?<\/b><\/p>\n<p>Ich denke, die Bereitschaft, so wundersch\u00f6ne \u00d6kosysteme zu retten, ist gro\u00df. Ich sehe es als eine Metapher daf\u00fcr, was Design leisten kann. Es schafft diese sch\u00f6ne Zukunft, in die wir investieren k\u00f6nnen und die uns gef\u00e4llt.<\/p>\n<p>&nbsp;<\/p>\n<p><b>Haben Sie Reaktionen erhalten, die Ihnen besonders aufgefallen sind?<\/b><\/p>\n<p>F\u00fcr mich ist das sch\u00f6nste Erlebnis dieser Austausch mit lokalen Akteuren. Es gab eine Geschichte in Sarajevo. Die Kunstuniversit\u00e4t hat einen Designkurs, den sie nachhaltiges Design nannten. Nach der Ausstellung sagte der Professor zu mir, vielleicht sollten wir es in regeneratives Design umbenennen.<\/p>\n<p>&nbsp;<\/p>\n<p><b>Wo sehen Sie die Korallenriffe in 10 Jahren?<\/b><\/p>\n<p>Die entscheidenden Fragen sind, welche Praktiken wir abschaffen wollen und welche Ver\u00e4nderungen wir anstreben. Wenn Menschen aus ihren gewohnten Rollen heraustreten, erkennen sie die Notwendigkeit, sch\u00e4dliche Praktiken aufzugeben. Wir stecken in veralteten Gesch\u00e4ftskonzepten fest, nicht weil wir es nicht besser wissen, sondern weil uns das Vertrauen in Alternativen fehlt. Das ist eine typische \u00dcbergangsphase. Ich hoffe, dass diese Initiative einige dazu ermutigt, diese Alternativen auszuprobieren.<\/p>\n                                                        <\/div>\n            <\/div>\n        <\/div>\n    <\/section>\n    \n\n    <section id=\"media-block_bbad56938aae5676a6d107ad6cfcc4d4\" class=\"section position-relative gp-block gp-media pt-0 pb-0\">\n        <div class=\"container\">\n            <div class=\"row g-0\">\n                <div class=\"col-lg-12 content\" data-aos=\"fade-in\" data-aos-duration=\"1000\">\n                                                                            <\/div>\n            <\/div>\n            <div class=\"row g-0\">\n                <div class=\"col-lg-12 img-scaled\">\n                                                                                                                                                <figure class=\"mb-4 pt-lg-3 mb-lg-3 ps-lg-0 pe-lg-0\" data-aos=\"fade-up\" data-aos-duration=\"1000\"><div class=\"img-container\"><img loading=\"lazy\" decoding=\"async\" width=\"1200\" height=\"675\" src=\"https:\/\/luxiders.com\/content\/uploads\/DSC02471.jpeg\" class=\"img-fluid w-100\" alt=\"Coral Reef Info\" srcset=\"https:\/\/luxiders.com\/content\/uploads\/DSC02471.jpeg 1200w, https:\/\/luxiders.com\/content\/uploads\/DSC02471-300x169.jpeg 300w, https:\/\/luxiders.com\/content\/uploads\/DSC02471-1024x576.jpeg 1024w, https:\/\/luxiders.com\/content\/uploads\/DSC02471-768x432.jpeg 768w\" sizes=\"(max-width: 1200px) 100vw, 1200px\" \/><\/div><figcaption>\u00a9EOOS<\/figcaption><\/figure>                                                                                            <\/div>\n                                            <\/div>\n        <\/div>\n    <\/section>\n    \n\n    <section id=\"textblock-block_cb909e66fc3d2747b4f6ebcbf82cf905\" class=\"section position-relative gp-block gp-textblock pt-0 pb-0\">\n        <div class=\"container\">\n            <div class=\"row g-0\">\n                <div class=\"col-lg-12 content\" data-aos=\"fade-in\" data-aos-duration=\"1000\">\n                                                                                <p style=\"text-align: center;\">+ Highlight Image: \u00a9EOOS<\/p>\n                                                        <\/div>\n            <\/div>\n        <\/div>\n    <\/section>\n    ","protected":false},"excerpt":{"rendered":"","protected":false},"author":12,"featured_media":47730,"comment_status":"closed","ping_status":"closed","sticky":false,"template":"","format":"standard","meta":{"_acf_changed":false,"footnotes":""},"categories":[1221,2727],"tags":[3035,9501,9502,9503,9504,2899,6777,9505,2075,9506,9507],"class_list":{"0":"post-47704","1":"post","2":"type-post","3":"status-publish","4":"format-standard","5":"has-post-thumbnail","7":"category-kunst-kultur","8":"category-lifestyle","9":"tag-berlin-2-de","10":"tag-bleaching-de","11":"tag-coral-de","12":"tag-coral-reefs-de","13":"tag-crochet-de","14":"tag-design-de","15":"tag-luxiders-magazine-2-de","16":"tag-regenerative-design-2-de","17":"tag-sustainability-de","18":"tag-travelling-de","19":"tag-uv-de"},"acf":[],"yoast_head":"<title>Coral Reef Regenerative Design | Interview mit Harald Gr\u00fcndl<\/title>\n<meta name=\"description\" content=\"Entdecke, wie regeneratives Design f\u00fcr Korallenriffe innovative L\u00f6sungen in der Ausstellung \u201aImagine: Coral Reef Regenerative Design\u2018 bietet.\" \/>\n<meta name=\"robots\" content=\"index, follow, max-snippet:-1, max-image-preview:large, max-video-preview:-1\" \/>\n<link rel=\"canonical\" href=\"https:\/\/luxiders.com\/de\/imagine-coral-reef-regenerative-design-interview-mit-harald-grundl\/\" \/>\n<meta property=\"og:locale\" content=\"de_DE\" \/>\n<meta property=\"og:type\" content=\"article\" \/>\n<meta property=\"og:title\" content=\"Coral Reef Regenerative Design | Interview mit Harald Gr\u00fcndl\" \/>\n<meta property=\"og:description\" content=\"Entdecke, wie regeneratives Design f\u00fcr Korallenriffe innovative L\u00f6sungen in der Ausstellung \u201aImagine: Coral Reef Regenerative Design\u2018 bietet.\" \/>\n<meta property=\"og:url\" content=\"https:\/\/luxiders.com\/de\/imagine-coral-reef-regenerative-design-interview-mit-harald-grundl\/\" \/>\n<meta property=\"og:site_name\" content=\"Sustainable Fashion - Eco Design - Healthy Lifestyle - Luxiders Magazine\" \/>\n<meta property=\"article:published_time\" content=\"2024-07-28T22:43:39+00:00\" \/>\n<meta property=\"article:modified_time\" content=\"2024-11-25T11:33:54+00:00\" \/>\n<meta property=\"og:image\" content=\"https:\/\/luxiders.com\/content\/uploads\/DSC02465.jpeg\" \/>\n\t<meta property=\"og:image:width\" content=\"1200\" \/>\n\t<meta property=\"og:image:height\" content=\"675\" \/>\n\t<meta property=\"og:image:type\" content=\"image\/jpeg\" \/>\n<meta name=\"author\" content=\"Saskia Fry\" \/>\n<meta name=\"twitter:card\" content=\"summary_large_image\" \/>\n<meta name=\"twitter:label1\" content=\"Verfasst von\" \/>\n\t<meta name=\"twitter:data1\" content=\"Saskia Fry\" \/>\n\t<meta name=\"twitter:label2\" content=\"Gesch\u00e4tzte Lesezeit\" \/>\n\t<meta name=\"twitter:data2\" content=\"10\u00a0Minuten\" \/>\n<script type=\"application\/ld+json\" class=\"yoast-schema-graph\">{\"@context\":\"https:\/\/schema.org\",\"@graph\":[{\"@type\":\"Article\",\"@id\":\"https:\/\/luxiders.com\/de\/imagine-coral-reef-regenerative-design-interview-mit-harald-grundl\/#article\",\"isPartOf\":{\"@id\":\"https:\/\/luxiders.com\/de\/imagine-coral-reef-regenerative-design-interview-mit-harald-grundl\/\"},\"author\":{\"name\":\"Saskia Fry\",\"@id\":\"https:\/\/luxiders.com\/de\/#\/schema\/person\/6622476763b6623b4df2dce058ca586b\"},\"headline\":\"Imagine: Coral Reef Regenerative Design | Interview mit Harald Gr\u00fcndl\",\"datePublished\":\"2024-07-28T22:43:39+00:00\",\"dateModified\":\"2024-11-25T11:33:54+00:00\",\"mainEntityOfPage\":{\"@id\":\"https:\/\/luxiders.com\/de\/imagine-coral-reef-regenerative-design-interview-mit-harald-grundl\/\"},\"wordCount\":10,\"publisher\":{\"@id\":\"https:\/\/luxiders.com\/de\/#organization\"},\"image\":{\"@id\":\"https:\/\/luxiders.com\/de\/imagine-coral-reef-regenerative-design-interview-mit-harald-grundl\/#primaryimage\"},\"thumbnailUrl\":\"https:\/\/luxiders.com\/content\/uploads\/DSC02465.jpeg\",\"keywords\":[\"berlin\",\"Bleaching\",\"coral\",\"Coral reefs\",\"crochet\",\"design\",\"luxiders magazine\",\"Regenerative Design\",\"sustainability\",\"Travelling\",\"UV\"],\"articleSection\":[\"Kunst\/Kultur\",\"lifestyle\"],\"inLanguage\":\"de\"},{\"@type\":\"WebPage\",\"@id\":\"https:\/\/luxiders.com\/de\/imagine-coral-reef-regenerative-design-interview-mit-harald-grundl\/\",\"url\":\"https:\/\/luxiders.com\/de\/imagine-coral-reef-regenerative-design-interview-mit-harald-grundl\/\",\"name\":\"Coral Reef Regenerative Design | Interview mit Harald Gr\u00fcndl\",\"isPartOf\":{\"@id\":\"https:\/\/luxiders.com\/de\/#website\"},\"primaryImageOfPage\":{\"@id\":\"https:\/\/luxiders.com\/de\/imagine-coral-reef-regenerative-design-interview-mit-harald-grundl\/#primaryimage\"},\"image\":{\"@id\":\"https:\/\/luxiders.com\/de\/imagine-coral-reef-regenerative-design-interview-mit-harald-grundl\/#primaryimage\"},\"thumbnailUrl\":\"https:\/\/luxiders.com\/content\/uploads\/DSC02465.jpeg\",\"datePublished\":\"2024-07-28T22:43:39+00:00\",\"dateModified\":\"2024-11-25T11:33:54+00:00\",\"description\":\"Entdecke, wie regeneratives Design f\u00fcr Korallenriffe innovative L\u00f6sungen in der Ausstellung \u201aImagine: Coral Reef Regenerative Design\u2018 bietet.\",\"breadcrumb\":{\"@id\":\"https:\/\/luxiders.com\/de\/imagine-coral-reef-regenerative-design-interview-mit-harald-grundl\/#breadcrumb\"},\"inLanguage\":\"de\",\"potentialAction\":[{\"@type\":\"ReadAction\",\"target\":[\"https:\/\/luxiders.com\/de\/imagine-coral-reef-regenerative-design-interview-mit-harald-grundl\/\"]}]},{\"@type\":\"ImageObject\",\"inLanguage\":\"de\",\"@id\":\"https:\/\/luxiders.com\/de\/imagine-coral-reef-regenerative-design-interview-mit-harald-grundl\/#primaryimage\",\"url\":\"https:\/\/luxiders.com\/content\/uploads\/DSC02465.jpeg\",\"contentUrl\":\"https:\/\/luxiders.com\/content\/uploads\/DSC02465.jpeg\",\"width\":1200,\"height\":675,\"caption\":\"\u00a9\"},{\"@type\":\"BreadcrumbList\",\"@id\":\"https:\/\/luxiders.com\/de\/imagine-coral-reef-regenerative-design-interview-mit-harald-grundl\/#breadcrumb\",\"itemListElement\":[{\"@type\":\"ListItem\",\"position\":1,\"name\":\"Startseite\",\"item\":\"https:\/\/luxiders.com\/de\/\"},{\"@type\":\"ListItem\",\"position\":2,\"name\":\"Kunst\/Kultur\",\"item\":\"https:\/\/luxiders.com\/de\/Katregorie\/kunst-kultur\/\"},{\"@type\":\"ListItem\",\"position\":3,\"name\":\"Imagine: Coral Reef Regenerative Design | Interview mit Harald Gr\u00fcndl\"}]},{\"@type\":\"WebSite\",\"@id\":\"https:\/\/luxiders.com\/de\/#website\",\"url\":\"https:\/\/luxiders.com\/de\/\",\"name\":\"Sustainable Fashion - Eco Design - Healthy Lifestyle - Luxiders Magazine\",\"description\":\"Luxiders is a sustainable luxury magazine highlighting the best stories about sustainable fashion, ethical fashion, eco-friendly design, green design, sustainable travel, natural beauty, organic beauty and healthy lifestyle. Know the best high-end, progressive and luxury sustainable brands and designers worldwide.\",\"publisher\":{\"@id\":\"https:\/\/luxiders.com\/de\/#organization\"},\"potentialAction\":[{\"@type\":\"SearchAction\",\"target\":{\"@type\":\"EntryPoint\",\"urlTemplate\":\"https:\/\/luxiders.com\/de\/?s={search_term_string}\"},\"query-input\":{\"@type\":\"PropertyValueSpecification\",\"valueRequired\":true,\"valueName\":\"search_term_string\"}}],\"inLanguage\":\"de\"},{\"@type\":\"Organization\",\"@id\":\"https:\/\/luxiders.com\/de\/#organization\",\"name\":\"Sustainable Fashion - Eco Design - Healthy Lifestyle - Luxiders Magazine\",\"url\":\"https:\/\/luxiders.com\/de\/\",\"logo\":{\"@type\":\"ImageObject\",\"inLanguage\":\"de\",\"@id\":\"https:\/\/luxiders.com\/de\/#\/schema\/logo\/image\/\",\"url\":\"https:\/\/luxiders.com\/content\/uploads\/lux-logo.svg\",\"contentUrl\":\"https:\/\/luxiders.com\/content\/uploads\/lux-logo.svg\",\"caption\":\"Sustainable Fashion - Eco Design - Healthy Lifestyle - Luxiders Magazine\"},\"image\":{\"@id\":\"https:\/\/luxiders.com\/de\/#\/schema\/logo\/image\/\"}},{\"@type\":\"Person\",\"@id\":\"https:\/\/luxiders.com\/de\/#\/schema\/person\/6622476763b6623b4df2dce058ca586b\",\"name\":\"Saskia Fry\",\"url\":\"https:\/\/luxiders.com\/de\/author\/saskia\/\"}]}<\/script>","yoast_head_json":{"title":"Coral Reef Regenerative Design | Interview mit Harald Gr\u00fcndl","description":"Entdecke, wie regeneratives Design f\u00fcr Korallenriffe innovative L\u00f6sungen in der Ausstellung \u201aImagine: Coral Reef Regenerative Design\u2018 bietet.","robots":{"index":"index","follow":"follow","max-snippet":"max-snippet:-1","max-image-preview":"max-image-preview:large","max-video-preview":"max-video-preview:-1"},"canonical":"https:\/\/luxiders.com\/de\/imagine-coral-reef-regenerative-design-interview-mit-harald-grundl\/","og_locale":"de_DE","og_type":"article","og_title":"Coral Reef Regenerative Design | Interview mit Harald Gr\u00fcndl","og_description":"Entdecke, wie regeneratives Design f\u00fcr Korallenriffe innovative L\u00f6sungen in der Ausstellung \u201aImagine: Coral Reef Regenerative Design\u2018 bietet.","og_url":"https:\/\/luxiders.com\/de\/imagine-coral-reef-regenerative-design-interview-mit-harald-grundl\/","og_site_name":"Sustainable Fashion - Eco Design - Healthy Lifestyle - Luxiders Magazine","article_published_time":"2024-07-28T22:43:39+00:00","article_modified_time":"2024-11-25T11:33:54+00:00","og_image":[{"width":1200,"height":675,"url":"https:\/\/luxiders.com\/content\/uploads\/DSC02465.jpeg","type":"image\/jpeg"}],"author":"Saskia Fry","twitter_card":"summary_large_image","twitter_misc":{"Verfasst von":"Saskia Fry","Gesch\u00e4tzte Lesezeit":"10\u00a0Minuten"},"schema":{"@context":"https:\/\/schema.org","@graph":[{"@type":"Article","@id":"https:\/\/luxiders.com\/de\/imagine-coral-reef-regenerative-design-interview-mit-harald-grundl\/#article","isPartOf":{"@id":"https:\/\/luxiders.com\/de\/imagine-coral-reef-regenerative-design-interview-mit-harald-grundl\/"},"author":{"name":"Saskia Fry","@id":"https:\/\/luxiders.com\/de\/#\/schema\/person\/6622476763b6623b4df2dce058ca586b"},"headline":"Imagine: Coral Reef Regenerative Design | Interview mit Harald Gr\u00fcndl","datePublished":"2024-07-28T22:43:39+00:00","dateModified":"2024-11-25T11:33:54+00:00","mainEntityOfPage":{"@id":"https:\/\/luxiders.com\/de\/imagine-coral-reef-regenerative-design-interview-mit-harald-grundl\/"},"wordCount":10,"publisher":{"@id":"https:\/\/luxiders.com\/de\/#organization"},"image":{"@id":"https:\/\/luxiders.com\/de\/imagine-coral-reef-regenerative-design-interview-mit-harald-grundl\/#primaryimage"},"thumbnailUrl":"https:\/\/luxiders.com\/content\/uploads\/DSC02465.jpeg","keywords":["berlin","Bleaching","coral","Coral reefs","crochet","design","luxiders magazine","Regenerative Design","sustainability","Travelling","UV"],"articleSection":["Kunst\/Kultur","lifestyle"],"inLanguage":"de"},{"@type":"WebPage","@id":"https:\/\/luxiders.com\/de\/imagine-coral-reef-regenerative-design-interview-mit-harald-grundl\/","url":"https:\/\/luxiders.com\/de\/imagine-coral-reef-regenerative-design-interview-mit-harald-grundl\/","name":"Coral Reef Regenerative Design | Interview mit Harald Gr\u00fcndl","isPartOf":{"@id":"https:\/\/luxiders.com\/de\/#website"},"primaryImageOfPage":{"@id":"https:\/\/luxiders.com\/de\/imagine-coral-reef-regenerative-design-interview-mit-harald-grundl\/#primaryimage"},"image":{"@id":"https:\/\/luxiders.com\/de\/imagine-coral-reef-regenerative-design-interview-mit-harald-grundl\/#primaryimage"},"thumbnailUrl":"https:\/\/luxiders.com\/content\/uploads\/DSC02465.jpeg","datePublished":"2024-07-28T22:43:39+00:00","dateModified":"2024-11-25T11:33:54+00:00","description":"Entdecke, wie regeneratives Design f\u00fcr Korallenriffe innovative L\u00f6sungen in der Ausstellung \u201aImagine: Coral Reef Regenerative Design\u2018 bietet.","breadcrumb":{"@id":"https:\/\/luxiders.com\/de\/imagine-coral-reef-regenerative-design-interview-mit-harald-grundl\/#breadcrumb"},"inLanguage":"de","potentialAction":[{"@type":"ReadAction","target":["https:\/\/luxiders.com\/de\/imagine-coral-reef-regenerative-design-interview-mit-harald-grundl\/"]}]},{"@type":"ImageObject","inLanguage":"de","@id":"https:\/\/luxiders.com\/de\/imagine-coral-reef-regenerative-design-interview-mit-harald-grundl\/#primaryimage","url":"https:\/\/luxiders.com\/content\/uploads\/DSC02465.jpeg","contentUrl":"https:\/\/luxiders.com\/content\/uploads\/DSC02465.jpeg","width":1200,"height":675,"caption":"\u00a9"},{"@type":"BreadcrumbList","@id":"https:\/\/luxiders.com\/de\/imagine-coral-reef-regenerative-design-interview-mit-harald-grundl\/#breadcrumb","itemListElement":[{"@type":"ListItem","position":1,"name":"Startseite","item":"https:\/\/luxiders.com\/de\/"},{"@type":"ListItem","position":2,"name":"Kunst\/Kultur","item":"https:\/\/luxiders.com\/de\/Katregorie\/kunst-kultur\/"},{"@type":"ListItem","position":3,"name":"Imagine: Coral Reef Regenerative Design | Interview mit Harald Gr\u00fcndl"}]},{"@type":"WebSite","@id":"https:\/\/luxiders.com\/de\/#website","url":"https:\/\/luxiders.com\/de\/","name":"Sustainable Fashion - Eco Design - Healthy Lifestyle - Luxiders Magazine","description":"Luxiders is a sustainable luxury magazine highlighting the best stories about sustainable fashion, ethical fashion, eco-friendly design, green design, sustainable travel, natural beauty, organic beauty and healthy lifestyle. Know the best high-end, progressive and luxury sustainable brands and designers worldwide.","publisher":{"@id":"https:\/\/luxiders.com\/de\/#organization"},"potentialAction":[{"@type":"SearchAction","target":{"@type":"EntryPoint","urlTemplate":"https:\/\/luxiders.com\/de\/?s={search_term_string}"},"query-input":{"@type":"PropertyValueSpecification","valueRequired":true,"valueName":"search_term_string"}}],"inLanguage":"de"},{"@type":"Organization","@id":"https:\/\/luxiders.com\/de\/#organization","name":"Sustainable Fashion - Eco Design - Healthy Lifestyle - Luxiders Magazine","url":"https:\/\/luxiders.com\/de\/","logo":{"@type":"ImageObject","inLanguage":"de","@id":"https:\/\/luxiders.com\/de\/#\/schema\/logo\/image\/","url":"https:\/\/luxiders.com\/content\/uploads\/lux-logo.svg","contentUrl":"https:\/\/luxiders.com\/content\/uploads\/lux-logo.svg","caption":"Sustainable Fashion - Eco Design - Healthy Lifestyle - Luxiders Magazine"},"image":{"@id":"https:\/\/luxiders.com\/de\/#\/schema\/logo\/image\/"}},{"@type":"Person","@id":"https:\/\/luxiders.com\/de\/#\/schema\/person\/6622476763b6623b4df2dce058ca586b","name":"Saskia Fry","url":"https:\/\/luxiders.com\/de\/author\/saskia\/"}]}},"_links":{"self":[{"href":"https:\/\/luxiders.com\/de\/wp-json\/wp\/v2\/posts\/47704","targetHints":{"allow":["GET"]}}],"collection":[{"href":"https:\/\/luxiders.com\/de\/wp-json\/wp\/v2\/posts"}],"about":[{"href":"https:\/\/luxiders.com\/de\/wp-json\/wp\/v2\/types\/post"}],"author":[{"embeddable":true,"href":"https:\/\/luxiders.com\/de\/wp-json\/wp\/v2\/users\/12"}],"replies":[{"embeddable":true,"href":"https:\/\/luxiders.com\/de\/wp-json\/wp\/v2\/comments?post=47704"}],"version-history":[{"count":2,"href":"https:\/\/luxiders.com\/de\/wp-json\/wp\/v2\/posts\/47704\/revisions"}],"predecessor-version":[{"id":50915,"href":"https:\/\/luxiders.com\/de\/wp-json\/wp\/v2\/posts\/47704\/revisions\/50915"}],"wp:featuredmedia":[{"embeddable":true,"href":"https:\/\/luxiders.com\/de\/wp-json\/wp\/v2\/media\/47730"}],"wp:attachment":[{"href":"https:\/\/luxiders.com\/de\/wp-json\/wp\/v2\/media?parent=47704"}],"wp:term":[{"taxonomy":"category","embeddable":true,"href":"https:\/\/luxiders.com\/de\/wp-json\/wp\/v2\/categories?post=47704"},{"taxonomy":"post_tag","embeddable":true,"href":"https:\/\/luxiders.com\/de\/wp-json\/wp\/v2\/tags?post=47704"}],"curies":[{"name":"wp","href":"https:\/\/api.w.org\/{rel}","templated":true}]}}