{"id":49755,"date":"2024-10-30T14:29:24","date_gmt":"2024-10-30T13:29:24","guid":{"rendered":"https:\/\/luxiders.com\/?p=49755"},"modified":"2024-11-13T10:43:03","modified_gmt":"2024-11-13T09:43:03","slug":"koki-nakano-ueber-musik-mode-und-seine-unzerbrechliche-verbindung-zu-issey-miyakes-satoshi-kondo","status":"publish","type":"post","link":"https:\/\/luxiders.com\/de\/koki-nakano-ueber-musik-mode-und-seine-unzerbrechliche-verbindung-zu-issey-miyakes-satoshi-kondo\/","title":{"rendered":"Koki Nakano | \u00dcber Musik, Mode und seine unzerbrechliche Verbindung zu Issey Miyakes Satoshi Kondo"},"content":{"rendered":"    <section id=\"textblock-block_41ec237189e36bf0ae3a47abd02e5ac6\" class=\"section position-relative gp-block gp-textblock pt-0 pb-0\">\n        <div class=\"container\">\n            <div class=\"row g-0\">\n                <div class=\"col-lg-12 content\" data-aos=\"fade-in\" data-aos-duration=\"1000\">\n                                                                                    <div class=\"intro \">\n                            <p>&nbsp;<\/p>\n<p class=\"p1\" style=\"text-align: center;\">Der japanische Komponist und Pianist Koki Nakano fasziniert seit langem das Publikum mit seinen gef\u00fchlvollen Kompositionen, aber sein Schaffen geht weit \u00fcber den Konzertsaal hinaus. Seit Jahren ist Nakano eine integrale kreative Kraft hinter dem ikonischen Modehaus Issey Miyake, gestaltet seine musikalische Landschaft und verleiht den avantgardistischen Designs einen einzigartigen Klang. In einem exklusiven Interview offenbart Nakano die tiefe Synergie zwischen seiner Musik und der kreativen Vision des Chefdesigners von Issey Miyake, Satoshi Kondo.<\/p>\n                        <\/div>\n                                                                                                <\/div>\n            <\/div>\n        <\/div>\n    <\/section>\n    \n\n    <section id=\"newsletter-block_520cf1239f6f9723965a3e0a8aa30769\" class=\"section position-relative gp-block gp-newsletter pt-0 pb-0 my-5\">\n        <div class=\"container\">\n            <div class=\"row g-0 pt-4 pb-3\">\n                <div class=\"col-lg-12 content text-center border pt-3\" data-aos=\"fade-in\" data-aos-duration=\"1000\">\n                                            <p><em>Um den Luxiders Newsletter zu erhalten,\u00a0<a href=\"https:\/\/landing.mailerlite.com\/webforms\/landing\/g1u8s7\">melde dich hier an<\/a>.<\/em><\/p>\n                                    <\/div>\n            <\/div>\n        <\/div>\n    <\/section>\n    \n\n    <section id=\"textblock-block_22c30b39d8e4eb63d90f1cde8a6496e3\" class=\"section position-relative gp-block gp-textblock pt-0 pb-0\">\n        <div class=\"container\">\n            <div class=\"row g-0\">\n                <div class=\"col-lg-12 content\" data-aos=\"fade-in\" data-aos-duration=\"1000\">\n                                                                        <h2 class=\"\">Interview mit dem japanischen Komponisten und Pianisten Koki Nakano\n<\/h2>\n                                                                                                        <p><strong>Wie kam Ihre Zusammenarbeit mit Issey Miyake urspr\u00fcnglich zustande?<\/strong><\/p>\n<p>Ich wurde gebeten, Musik f\u00fcr ihre Paris-Kollektion Fr\u00fchling\/Sommer 2023 zu komponieren. Ich war begeistert, als ich h\u00f6rte, dass der Chefdesigner, Herr Satoshi Kondo, alle meine Alben besitzt und sie beim Entwerfen h\u00f6rt. Er teilte dies bei unserem ersten Treffen mit mir, was einen gro\u00dfartigen Start f\u00fcr unsere Zusammenarbeit bedeutete.<\/p>\n<p>&nbsp;<\/p>\n<p><strong>Welche Aspekte der Designphilosophie von Issey Miyake entsprechen am meisten Ihrer eigenen Herangehensweise an das Komponieren von Musik?<\/strong><\/p>\n<p>Ich bewundere ihr Konzept der Kontinuit\u00e4t und Fluidit\u00e4t, indem sie neue Formen erkunden und den Stoff dabei so wenig wie m\u00f6glich schneiden. Herr Kondo scheut sich nicht, einfache Prinzipien wie \u201eFreude\u201c oder \u201eHoffnung\u201c in den Vordergrund ihres innovativen und subtilen Kunsthandwerks zu stellen. Ich bin fasziniert von ihrem Ansatz, der immer die Menschlichkeit feiert und gleichzeitig die Grenzen des zeitgen\u00f6ssischen Designs aus einzigartigen Perspektiven erforscht. Oft denke ich \u00fcber die Idee eines ber\u00fchmten Komponisten nach, dass ein musikalischer Satz alle Informationen enth\u00e4lt, die f\u00fcr seine Entwicklung notwendig sind. Ich nehme mir Zeit, um die authentischste Entwicklung jedes Materials mit Potenzial zu entdecken, was mit dem Issey Miyake-Prinzip \u201eEin St\u00fcck Stoff\u201c \u00fcbereinstimmt.<\/p>\n<p>&nbsp;<\/p>\n<p><strong>K\u00f6nnten Sie den Prozess der Musikkreation f\u00fcr die Modenschauen von Issey Miyake beschreiben? Wie \u00fcbersetzen Sie die visuellen und taktilen Aspekte der Mode in Kl\u00e4nge?<\/strong><\/p>\n<p>Ich habe an zwei Kollektionen mit ihnen gearbeitet. F\u00fcr beide hatten wir umfangreiche Besprechungen, bevor ich mit der Komposition begann. Herr Kondo und sein Team teilten die Konzepte, Prototypen und Moodboards der Kollektionen mit mir. Von dort aus erforsche ich Materialien, die das Thema widerspiegeln, und versuche, eine emotionale Erz\u00e4hlung zu schaffen, die die 15-18 Minuten der Show umfasst. Mein Ziel ist es immer, eine Erfahrung zu kreieren, in der sich Modelle und Publikum im Universum von Issey Miyake verlieren. Im Einklang mit ihrem Prinzip \u201eEin St\u00fcck Stoff\u201c versuche ich, die Musik wie einen \u201elangen Atemzug\u201c \u00fcber die gesamte Show hinweg flie\u00dfen zu lassen.<\/p>\n<p>&nbsp;<\/p>\n<p><strong>Issey Miyake ist bekannt daf\u00fcr, traditionelles Handwerk mit modernster Technologie zu verbinden. Wie beeinflusst diese Mischung aus Tradition und Innovation Ihren kreativen Prozess in dieser Zusammenarbeit?<\/strong><\/p>\n<p>Meine klassische Ausbildung, meine Vorliebe f\u00fcr akustische und nat\u00fcrliche Kl\u00e4nge und meine Neugier f\u00fcr neue Materialien \u2013 insbesondere in der elektronischen Musik \u2013 passen gut zu ihrem Ansatz. Diese Mischung aus Tradition und Innovation ist f\u00fcr mein eigenes Werk von Natur aus relevant.<\/p>\n<p>&nbsp;<\/p>\n<p><strong>Mode und Musik haben beide die Kraft, Emotionen hervorzurufen und Geschichten zu erz\u00e4hlen. Wie empfinden Sie, dass Ihre Musik die Kleidung in den Kollektionen von Issey Miyake erg\u00e4nzt oder kontrastiert?<\/strong><\/p>\n<p>Ich betrachte mich als eine emotionale Person und Darsteller. Ich habe f\u00fcr meine fr\u00fcheren Kooperationen mit ihnen live gespielt, und mein Ziel ist es, eine emotionale Reise in die Kollektion einzubringen.<\/p>\n                                                        <\/div>\n            <\/div>\n        <\/div>\n    <\/section>\n    \n\n    <section id=\"media-block_8e8f72aa14021ed958bec59337c5695b\" class=\"section position-relative gp-block gp-media pt-5 pb-0\">\n        <div class=\"container\">\n            <div class=\"row g-0\">\n                <div class=\"col-lg-12 content\" data-aos=\"fade-in\" data-aos-duration=\"1000\">\n                                                                            <\/div>\n            <\/div>\n            <div class=\"row g-0\">\n                <div class=\"col-lg-12 img-scaled\">\n                                                                                                                                                <figure class=\"mb-4 pt-lg-2 mb-lg-3 ps-lg-0 pe-lg-4\" data-aos=\"fade-up\" data-aos-duration=\"1000\"><div class=\"img-container\"><img loading=\"lazy\" decoding=\"async\" width=\"1200\" height=\"800\" src=\"https:\/\/luxiders.com\/content\/uploads\/Luxiders-magazine-ISSEY-MIYAKE_AW24_SHOW-IMAGES_07_High.jpeg\" class=\"img-fluid w-100\" alt=\"\" srcset=\"https:\/\/luxiders.com\/content\/uploads\/Luxiders-magazine-ISSEY-MIYAKE_AW24_SHOW-IMAGES_07_High.jpeg 1200w, https:\/\/luxiders.com\/content\/uploads\/Luxiders-magazine-ISSEY-MIYAKE_AW24_SHOW-IMAGES_07_High-300x200.jpeg 300w, https:\/\/luxiders.com\/content\/uploads\/Luxiders-magazine-ISSEY-MIYAKE_AW24_SHOW-IMAGES_07_High-1024x683.jpeg 1024w, https:\/\/luxiders.com\/content\/uploads\/Luxiders-magazine-ISSEY-MIYAKE_AW24_SHOW-IMAGES_07_High-768x512.jpeg 768w\" sizes=\"(max-width: 1200px) 100vw, 1200px\" \/><\/div><figcaption>\u00a9\ufe0e ISSEY MIYAKE INC.<\/figcaption><\/figure>                                                                                            <\/div>\n                                            <\/div>\n        <\/div>\n    <\/section>\n    \n\n    <section id=\"textblock-block_20f457d800a28f91a38de4ffd46fdf1f\" class=\"section position-relative gp-block gp-textblock pt-0 pb-0\">\n        <div class=\"container\">\n            <div class=\"row g-0\">\n                <div class=\"col-lg-12 content\" data-aos=\"fade-in\" data-aos-duration=\"1000\">\n                                                                                                                            <div class=\"highlighted mt-5 mt-lg-6 px-lg-5\">\n                            <p style=\"text-align: center;\">\u201eAls Satoshi mir mitteilte, dass er beim Entwerfen meine Alben h\u00f6rt, war ich tief ber\u00fchrt\u201c, verr\u00e4t Nakano. Diese Zusammenarbeit ist mehr als ein Aufeinandertreffen zweier Kunstformen; es ist ein fortlaufendes Gespr\u00e4ch in Texturen, Emotionen und Inspirationen, das Mode und Musik zu einem immersiven Erlebnis verschmelzen l\u00e4sst.<\/p>\n                        <\/div>\n                                                        <\/div>\n            <\/div>\n        <\/div>\n    <\/section>\n    \n\n    <section id=\"media-block_ed5c14dc0bf76968039582ab7d959873\" class=\"section position-relative gp-block gp-media pt-0 pb-0\">\n        <div class=\"container\">\n            <div class=\"row g-0\">\n                <div class=\"col-lg-12 content\" data-aos=\"fade-in\" data-aos-duration=\"1000\">\n                                                                            <\/div>\n            <\/div>\n            <div class=\"row g-0\">\n                <div class=\"col-lg-6 \">\n                                                                                                                                                <figure class=\"mb-4 pt-lg-7 mb-lg-4 ps-lg-4 pe-lg-4\" data-aos=\"fade-up\" data-aos-duration=\"1000\"><div class=\"img-container\"><img loading=\"lazy\" decoding=\"async\" width=\"800\" height=\"664\" src=\"https:\/\/luxiders.com\/content\/uploads\/KOKI_HD_V2_01_LOW.jpeg\" class=\"img-fluid w-100\" alt=\"Koki Nakano at ISSEY MIYAKE AW24 SHOW\" srcset=\"https:\/\/luxiders.com\/content\/uploads\/KOKI_HD_V2_01_LOW.jpeg 800w, https:\/\/luxiders.com\/content\/uploads\/KOKI_HD_V2_01_LOW-300x249.jpeg 300w, https:\/\/luxiders.com\/content\/uploads\/KOKI_HD_V2_01_LOW-768x637.jpeg 768w\" sizes=\"(max-width: 800px) 100vw, 800px\" \/><\/div><figcaption>Koki Nakano at ISSEY MIYAKE AW24 SHOW<\/figcaption><\/figure>                                                                                            <\/div>\n                                    <div class=\"col-lg-6\">\n                                                                                                                                                        <figure class=\"mb-4 pt-lg-10 mb-lg-4 ps-lg-3 pe-lg-3\" data-aos=\"fade-up\" data-aos-duration=\"1000\"><div class=\"img-container\"><img loading=\"lazy\" decoding=\"async\" width=\"800\" height=\"964\" src=\"https:\/\/luxiders.com\/content\/uploads\/KOKI_HD_V2_02_LOW.jpeg\" class=\"img-fluid w-100\" alt=\"Koki Nakano at ISSEY MIYAKE AW24 SHOW\" srcset=\"https:\/\/luxiders.com\/content\/uploads\/KOKI_HD_V2_02_LOW.jpeg 800w, https:\/\/luxiders.com\/content\/uploads\/KOKI_HD_V2_02_LOW-249x300.jpeg 249w, https:\/\/luxiders.com\/content\/uploads\/KOKI_HD_V2_02_LOW-768x925.jpeg 768w, https:\/\/luxiders.com\/content\/uploads\/KOKI_HD_V2_02_LOW-80x95.jpeg 80w\" sizes=\"(max-width: 800px) 100vw, 800px\" \/><\/div><figcaption>Koki Nakano at ISSEY MIYAKE AW24 SHOW<\/figcaption><\/figure>                                                                                                        <\/div>\n                                            <\/div>\n        <\/div>\n    <\/section>\n    \n\n    <section id=\"textblock-block_04dfbbb5d3cf1f473951e6a3bfcbc67d\" class=\"section position-relative gp-block gp-textblock pt-0 pb-0\">\n        <div class=\"container\">\n            <div class=\"row g-0\">\n                <div class=\"col-lg-12 content\" data-aos=\"fade-in\" data-aos-duration=\"1000\">\n                                                                        <h2 class=\"\"><strong>Nachhaltigkeit in Musik und Mode<\/strong>\n<\/h2>\n                                                                                                        <p><strong>Nachhaltigkeit wird sowohl in der Mode- als auch in der Musikbranche zu einem wichtigen Thema. Inwiefern sehen Sie Ihre Musik im Zusammenhang mit Nachhaltigkeitsideen? Wie hat Ihre Zusammenarbeit mit ISSEY MIYAKE Ihre Ansichten \u00fcber Umweltbewusstsein in der Kunst beeinflusst?<\/strong><\/p>\n<p>Ich mag es, unsere K\u00f6rper eher als Erweiterungen der Umwelt zu betrachten, als sie in Opposition zu sehen. Issey Miyake verwendet oft Ausdr\u00fccke wie \u201ein der Natur gekleidet\u201c, und ihre Kleidungsst\u00fccke agieren manchmal als einzigartige Modelle der Verbindung zwischen der Umwelt und unseren K\u00f6rpern. Dieses Konzept ist f\u00fcr mich inspirierend.<\/p>\n<p>&nbsp;<\/p>\n<p><strong>Glauben Sie, dass Musik wie Mode zu Diskussionen \u00fcber Nachhaltigkeit beitragen kann? Wie?<\/strong><\/p>\n<p>Ja, ich glaube, dass Sch\u00f6pfer unterschiedliche Formen der Freude und Verspieltheit einf\u00fchren k\u00f6nnen, die unsere Denkweise \u00fcber Entwicklung und Konsum ver\u00e4ndern k\u00f6nnen. Durch die F\u00f6rderung eines nicht-linearen Fortschritts k\u00f6nnen wir ein nachhaltigeres Bewusstsein f\u00f6rdern. Ich sehe dies als eine der wichtigsten Rollen der Sch\u00f6pfung heute.<\/p>\n<p>&nbsp;<\/p>\n<p><strong>Denken Sie bewusst daran, k\u00fcnstlerisch \u201enachhaltig\u201c zu schaffen, vielleicht durch Langlebigkeit oder emotionale Resonanz, anstatt trendgetriebene Werke zu schaffen? K\u00f6nnen Sie ein Beispiel f\u00fcr ein Werk oder Projekt geben, in dem Sie Nachhaltigkeitsprinzipien konzeptionell oder praktisch integriert haben?<\/strong><\/p>\n<p>Mein erstes Album <em>Pre-choreographed<\/em> erkundete die Untrennbarkeit von Bewegung und Klang. Mein vorheriges Album <em>Oceanic Feeling<\/em> wurde von dem franz\u00f6sischen Dichter Romain Rolland inspiriert und dessen Konzept von \u201eeinem Gef\u00fchl der Ewigkeit\u201c und \u201edem Einssein mit der Au\u00dfenwelt\u201c. Mein neuestes Album <em>Ulul\u014d<\/em> konzentriert sich auf die Herausforderungen des Daseins in einer Welt, die durch Grenzen definiert ist, mit einem Hauch von Romantik.<\/p>\n<p>Mein Interesse liegt darin, Musik zu schaffen, die die Rahmenbedingungen und Begrenzungen, die uns umgeben, so flie\u00dfend und weich wie m\u00f6glich macht. Jedes Mal, wenn ich den zweiten Satz von M. Ravels <em>Klavierkonzert in G-Dur<\/em> h\u00f6re, werde ich davon ber\u00fchrt, wie seine Melodien mich erf\u00fcllen und begleiten. Ich habe gro\u00dfen Respekt vor den Methoden der westlichen Musik, die dieses Gef\u00fchl durch Harmonien und Orchestrierungen erzeugen. Als nicht-westlicher K\u00fcnstler strebe ich danach, dieser W\u00e4rme etwas Neues hinzuzuf\u00fcgen und sowohl traditionelle Instrumente als auch moderne Technologie zu nutzen.<\/p>\n                                                        <\/div>\n            <\/div>\n        <\/div>\n    <\/section>\n    \n\n    <section id=\"media-block_2572c49da7b08ceb4f12798d17cdf2e9\" class=\"section position-relative gp-block gp-media pt-0 pb-0\">\n        <div class=\"container\">\n            <div class=\"row g-0\">\n                <div class=\"col-lg-12 content\" data-aos=\"fade-in\" data-aos-duration=\"1000\">\n                                                                            <\/div>\n            <\/div>\n            <div class=\"row g-0\">\n                <div class=\"col-lg-6 \">\n                                                                                                                                                <figure class=\"mb-4 pt-lg-7 mb-lg-4 ps-lg-1 pe-lg-4\" data-aos=\"fade-up\" data-aos-duration=\"1000\"><div class=\"img-container\"><img loading=\"lazy\" decoding=\"async\" width=\"1200\" height=\"800\" src=\"https:\/\/luxiders.com\/content\/uploads\/Luxiders-magazine-imi_SS23_HD_25.jpeg\" class=\"img-fluid w-100\" alt=\"Koki Nakano at ISSEY MIYAKE AW24 SHOW\" srcset=\"https:\/\/luxiders.com\/content\/uploads\/Luxiders-magazine-imi_SS23_HD_25.jpeg 1200w, https:\/\/luxiders.com\/content\/uploads\/Luxiders-magazine-imi_SS23_HD_25-300x200.jpeg 300w, https:\/\/luxiders.com\/content\/uploads\/Luxiders-magazine-imi_SS23_HD_25-1024x683.jpeg 1024w, https:\/\/luxiders.com\/content\/uploads\/Luxiders-magazine-imi_SS23_HD_25-768x512.jpeg 768w\" sizes=\"(max-width: 1200px) 100vw, 1200px\" \/><\/div><figcaption>Koki Nakano at ISSEY MIYAKE AW24 SHOW<\/figcaption><\/figure>                                                                                            <\/div>\n                                    <div class=\"col-lg-6\">\n                                                                                                                                                        <figure class=\"mb-4 pt-lg-10 mb-lg-6 ps-lg-4 pe-lg-1\" data-aos=\"fade-up\" data-aos-duration=\"1000\"><div class=\"img-container\"><img loading=\"lazy\" decoding=\"async\" width=\"1200\" height=\"800\" src=\"https:\/\/luxiders.com\/content\/uploads\/ILuxiders-magazine-SSEY-MIYAKE_SS23_3.jpeg\" class=\"img-fluid w-100\" alt=\"Koki Nakano at ISSEY MIYAKE AW24 SHOW\" srcset=\"https:\/\/luxiders.com\/content\/uploads\/ILuxiders-magazine-SSEY-MIYAKE_SS23_3.jpeg 1200w, https:\/\/luxiders.com\/content\/uploads\/ILuxiders-magazine-SSEY-MIYAKE_SS23_3-300x200.jpeg 300w, https:\/\/luxiders.com\/content\/uploads\/ILuxiders-magazine-SSEY-MIYAKE_SS23_3-1024x683.jpeg 1024w, https:\/\/luxiders.com\/content\/uploads\/ILuxiders-magazine-SSEY-MIYAKE_SS23_3-768x512.jpeg 768w\" sizes=\"(max-width: 1200px) 100vw, 1200px\" \/><\/div><figcaption>Koki Nakano at ISSEY MIYAKE AW24 SHOW<\/figcaption><\/figure>                                                                                                        <\/div>\n                                            <\/div>\n        <\/div>\n    <\/section>\n    \n\n    <section id=\"media-block_1ba7b4393f2e2d568e53c39c6fc65746\" class=\"section position-relative gp-block gp-media pt-0 pb-0\">\n        <div class=\"container\">\n            <div class=\"row g-0\">\n                <div class=\"col-lg-12 content\" data-aos=\"fade-in\" data-aos-duration=\"1000\">\n                                        <div style=\"text-align: center;\">\u00a0 \u00a0  <div class=\"brlbs-cmpnt-container brlbs-cmpnt-content-blocker brlbs-cmpnt-with-individual-styles\" data-borlabs-cookie-content-blocker-id=\"default\" data-borlabs-cookie-content=\"PGlmcmFtZSBzcmM9Imh0dHBzOi8vd3d3LnlvdXR1YmUuY29tL2VtYmVkL0hfVGszWXhHNHhvP3NpPTdzOHpkTlZ0a1JJZmFQNlYiIHdpZHRoPSI1NjAiIGhlaWdodD0iMzE1IiBmcmFtZWJvcmRlcj0iMCIgYWxsb3dmdWxsc2NyZWVuPSJhbGxvd2Z1bGxzY3JlZW4iPjwvaWZyYW1lPg==\"><div class=\"brlbs-cmpnt-cb-preset-a\"> <p class=\"brlbs-cmpnt-cb-description\">Sie sehen gerade einen Platzhalterinhalt von <strong>Standard<\/strong>. Um auf den eigentlichen Inhalt zuzugreifen, klicken Sie auf den Button unten. Bitte beachten Sie, dass dabei Daten an Drittanbieter weitergegeben werden.<\/p> <div class=\"brlbs-cmpnt-cb-buttons\"> <a class=\"brlbs-cmpnt-cb-btn\" href=\"#\" data-borlabs-cookie-unblock role=\"button\">Inhalt entsperren<\/a> <a class=\"brlbs-cmpnt-cb-btn\" href=\"#\" data-borlabs-cookie-accept-service role=\"button\" style=\"display: none\">Erforderlichen Service akzeptieren und Inhalte entsperren<\/a> <\/div> <a class=\"brlbs-cmpnt-cb-provider-toggle\" href=\"#\" data-borlabs-cookie-show-provider-information role=\"button\">Weitere Informationen<\/a> <\/div><\/div><\/div>\n                                    <\/div>\n            <\/div>\n            <div class=\"row g-0\">\n                <div class=\"col-lg-12 img-scaled\">\n                                                                                                                                                                                                                                            <\/div>\n                                            <\/div>\n        <\/div>\n    <\/section>\n    \n\n    <section id=\"textblock-block_09f1df27d4398d01d893ee3e0b2cfc5f\" class=\"section position-relative gp-block gp-textblock pt-5 pb-0\">\n        <div class=\"container\">\n            <div class=\"row g-0\">\n                <div class=\"col-lg-12 content\" data-aos=\"fade-in\" data-aos-duration=\"1000\">\n                                                                        <h2 class=\"\">Kreative Philosophie und zuk\u00fcnftige Richtungen\n<\/h2>\n                                                                                                        <article class=\"w-full text-token-text-primary focus-visible:outline-2 focus-visible:outline-offset-[-4px]\" dir=\"auto\" data-testid=\"conversation-turn-23\" data-scroll-anchor=\"false\">\n<div class=\"m-auto text-base py-[18px] px-3 md:px-4 w-full md:px-5 lg:px-4 xl:px-5\">\n<div class=\"mx-auto flex flex-1 gap-4 text-base md:gap-5 lg:gap-6 md:max-w-3xl lg:max-w-[40rem] xl:max-w-[48rem]\">\n<div class=\"group\/conversation-turn relative flex w-full min-w-0 flex-col agent-turn\">\n<div class=\"flex-col gap-1 md:gap-3\">\n<div class=\"flex max-w-full flex-col flex-grow\">\n<div class=\"min-h-8 text-message flex w-full flex-col items-end gap-2 whitespace-normal break-words [.text-message+&amp;]:mt-5\" dir=\"auto\" data-message-author-role=\"assistant\" data-message-id=\"150307a7-1a8c-4ff5-a20c-98768eeb4988\" data-message-model-slug=\"gpt-4o\">\n<div class=\"flex w-full flex-col gap-1 empty:hidden first:pt-[3px]\">\n<div class=\"markdown prose w-full break-words dark:prose-invert light\">\n<p><strong>Viele Ihrer Kompositionen scheinen tief mit der Natur und dem organischen Fluss des Lebens verbunden zu sein. Wie sehen Sie diese nat\u00fcrlichen Elemente im Zusammenhang mit der Nachhaltigkeitsbotschaft Ihrer Musik?<\/strong><\/p>\n<p>Oft betrachte ich die Kl\u00e4nge des Klaviers als meine Stimme oder meinen K\u00f6rper und andere Elemente als deren Umgebung oder eine Landschaft in meinen Kompositionen. Ich erkunde oft verschiedene Gleichgewichte und Beziehungen zwischen diesen beiden Aspekten; es ist eine Art Forschung f\u00fcr eine alternative, bessere Beziehung zur Umwelt f\u00fcr mich selbst.<\/p>\n<p>&nbsp;<\/p>\n<p><strong>Wie balancieren Sie als Komponist Innovation mit Respekt f\u00fcr Tradition, besonders im Kontext der Nachhaltigkeit?<\/strong><\/p>\n<p>Mein Fokus auf K\u00f6rperbewegung und das Gef\u00fchl der Schwerkraft bringt mich immer wieder zu der Frage: \u201eWas ist die Menschlichkeit heute?\u201c Wir leben in einer \u00c4ra, in der wir unz\u00e4hlige Entscheidungen treffen m\u00fcssen, wie wir Technologie einsetzen, und diese Frage bleibt im Mittelpunkt meiner Arbeit.<\/p>\n<p>&nbsp;<\/p>\n<\/div>\n<\/div>\n<\/div>\n<\/div>\n<\/div>\n<\/div>\n<\/div>\n<\/div>\n<\/article>\n                                                        <\/div>\n            <\/div>\n        <\/div>\n    <\/section>\n    \n\n    <section id=\"media-block_15f549ad8f48a63bd9ab59c69cd57a60\" class=\"section position-relative gp-block gp-media pt-0 pb-0\">\n        <div class=\"container\">\n            <div class=\"row g-0\">\n                <div class=\"col-lg-12 content\" data-aos=\"fade-in\" data-aos-duration=\"1000\">\n                                                                            <\/div>\n            <\/div>\n            <div class=\"row g-0\">\n                <div class=\"col-lg-12 img-scaled\">\n                                                                                                                                                <figure class=\"mb-4 pt-lg-3 mb-lg-0 ps-lg-1 pe-lg-1\" data-aos=\"fade-up\" data-aos-duration=\"1000\"><div class=\"img-container\"><img loading=\"lazy\" decoding=\"async\" width=\"1200\" height=\"800\" src=\"https:\/\/luxiders.com\/content\/uploads\/Luxiders-magazine-ISSEY-MIYAKE_AW24_SHOW-IMAGES_06_High.jpeg\" class=\"img-fluid w-100\" alt=\"\" srcset=\"https:\/\/luxiders.com\/content\/uploads\/Luxiders-magazine-ISSEY-MIYAKE_AW24_SHOW-IMAGES_06_High.jpeg 1200w, https:\/\/luxiders.com\/content\/uploads\/Luxiders-magazine-ISSEY-MIYAKE_AW24_SHOW-IMAGES_06_High-300x200.jpeg 300w, https:\/\/luxiders.com\/content\/uploads\/Luxiders-magazine-ISSEY-MIYAKE_AW24_SHOW-IMAGES_06_High-1024x683.jpeg 1024w, https:\/\/luxiders.com\/content\/uploads\/Luxiders-magazine-ISSEY-MIYAKE_AW24_SHOW-IMAGES_06_High-768x512.jpeg 768w\" sizes=\"(max-width: 1200px) 100vw, 1200px\" \/><\/div><figcaption>\u00a9\ufe0e ISSEY MIYAKE INC.<\/figcaption><\/figure>                                                                                            <\/div>\n                                            <\/div>\n        <\/div>\n    <\/section>\n    \n\n    <section id=\"media-block_e402a2219a4e9bc8774fb9e3f4ac8105\" class=\"section position-relative gp-block gp-media pt-0 pb-0\">\n        <div class=\"container\">\n            <div class=\"row g-0\">\n                <div class=\"col-lg-12 content\" data-aos=\"fade-in\" data-aos-duration=\"1000\">\n                                        <p style=\"text-align: center;\"><strong>+ All images: \u00a9\ufe0e ISSEY MIYAKE INC.<\/strong><\/p>\n                                    <\/div>\n            <\/div>\n            <div class=\"row g-0\">\n                <div class=\"col-lg-12 img-scaled\">\n                                                                                                                                                                                                                                            <\/div>\n                                            <\/div>\n        <\/div>\n    <\/section>\n    ","protected":false},"excerpt":{"rendered":"","protected":false},"author":13,"featured_media":49785,"comment_status":"closed","ping_status":"closed","sticky":false,"template":"","format":"standard","meta":{"_acf_changed":false,"footnotes":""},"categories":[1221,1194],"tags":[],"class_list":{"0":"post-49755","1":"post","2":"type-post","3":"status-publish","4":"format-standard","5":"has-post-thumbnail","7":"category-kunst-kultur","8":"category-nachhaltig-luxus-mode"},"acf":[],"yoast_head":"<title>Koki Nakano | \u00dcber Musik, Mode und Issey Miyake | Luxiders<\/title>\n<meta name=\"description\" content=\"Der Komponist Koki Nakano hat das Publikum mit seinen gef\u00fchlvollen Kompositionen verzaubert. Seit Jahren arbeitet er mit Issey Miyake\" \/>\n<meta name=\"robots\" content=\"index, follow, max-snippet:-1, max-image-preview:large, max-video-preview:-1\" \/>\n<link rel=\"canonical\" href=\"https:\/\/luxiders.com\/de\/koki-nakano-ueber-musik-mode-und-seine-unzerbrechliche-verbindung-zu-issey-miyakes-satoshi-kondo\/\" \/>\n<meta property=\"og:locale\" content=\"de_DE\" \/>\n<meta property=\"og:type\" content=\"article\" \/>\n<meta property=\"og:title\" content=\"Koki Nakano | \u00dcber Musik, Mode und Issey Miyake | Luxiders\" \/>\n<meta property=\"og:description\" content=\"Der Komponist Koki Nakano hat das Publikum mit seinen gef\u00fchlvollen Kompositionen verzaubert. Seit Jahren arbeitet er mit Issey Miyake\" \/>\n<meta property=\"og:url\" content=\"https:\/\/luxiders.com\/de\/koki-nakano-ueber-musik-mode-und-seine-unzerbrechliche-verbindung-zu-issey-miyakes-satoshi-kondo\/\" \/>\n<meta property=\"og:site_name\" content=\"Sustainable Fashion - Eco Design - Healthy Lifestyle - Luxiders Magazine\" \/>\n<meta property=\"article:published_time\" content=\"2024-10-30T13:29:24+00:00\" \/>\n<meta property=\"article:modified_time\" content=\"2024-11-13T09:43:03+00:00\" \/>\n<meta property=\"og:image\" content=\"https:\/\/luxiders.com\/content\/uploads\/Luxiders-magazine-imi_SS23_HD_25.jpeg\" \/>\n\t<meta property=\"og:image:width\" content=\"1200\" \/>\n\t<meta property=\"og:image:height\" content=\"800\" \/>\n\t<meta property=\"og:image:type\" content=\"image\/jpeg\" \/>\n<meta name=\"author\" content=\"Belvis Soler\" \/>\n<meta name=\"twitter:card\" content=\"summary_large_image\" \/>\n<meta name=\"twitter:label1\" content=\"Verfasst von\" \/>\n\t<meta name=\"twitter:data1\" content=\"Belvis Soler\" \/>\n\t<meta name=\"twitter:label2\" content=\"Gesch\u00e4tzte Lesezeit\" \/>\n\t<meta name=\"twitter:data2\" content=\"5\u00a0Minuten\" \/>\n<script type=\"application\/ld+json\" class=\"yoast-schema-graph\">{\"@context\":\"https:\/\/schema.org\",\"@graph\":[{\"@type\":\"Article\",\"@id\":\"https:\/\/luxiders.com\/de\/koki-nakano-ueber-musik-mode-und-seine-unzerbrechliche-verbindung-zu-issey-miyakes-satoshi-kondo\/#article\",\"isPartOf\":{\"@id\":\"https:\/\/luxiders.com\/de\/koki-nakano-ueber-musik-mode-und-seine-unzerbrechliche-verbindung-zu-issey-miyakes-satoshi-kondo\/\"},\"author\":{\"name\":\"Belvis Soler\",\"@id\":\"https:\/\/luxiders.com\/de\/#\/schema\/person\/217f552b70818614c3ca79c0fa2140dc\"},\"headline\":\"Koki Nakano | \u00dcber Musik, Mode und seine unzerbrechliche Verbindung zu Issey Miyakes Satoshi Kondo\",\"datePublished\":\"2024-10-30T13:29:24+00:00\",\"dateModified\":\"2024-11-13T09:43:03+00:00\",\"mainEntityOfPage\":{\"@id\":\"https:\/\/luxiders.com\/de\/koki-nakano-ueber-musik-mode-und-seine-unzerbrechliche-verbindung-zu-issey-miyakes-satoshi-kondo\/\"},\"wordCount\":14,\"publisher\":{\"@id\":\"https:\/\/luxiders.com\/de\/#organization\"},\"image\":{\"@id\":\"https:\/\/luxiders.com\/de\/koki-nakano-ueber-musik-mode-und-seine-unzerbrechliche-verbindung-zu-issey-miyakes-satoshi-kondo\/#primaryimage\"},\"thumbnailUrl\":\"https:\/\/luxiders.com\/content\/uploads\/Luxiders-magazine-imi_SS23_HD_25.jpeg\",\"articleSection\":[\"Kunst\/Kultur\",\"Mode\"],\"inLanguage\":\"de\"},{\"@type\":\"WebPage\",\"@id\":\"https:\/\/luxiders.com\/de\/koki-nakano-ueber-musik-mode-und-seine-unzerbrechliche-verbindung-zu-issey-miyakes-satoshi-kondo\/\",\"url\":\"https:\/\/luxiders.com\/de\/koki-nakano-ueber-musik-mode-und-seine-unzerbrechliche-verbindung-zu-issey-miyakes-satoshi-kondo\/\",\"name\":\"Koki Nakano | \u00dcber Musik, Mode und Issey Miyake | Luxiders\",\"isPartOf\":{\"@id\":\"https:\/\/luxiders.com\/de\/#website\"},\"primaryImageOfPage\":{\"@id\":\"https:\/\/luxiders.com\/de\/koki-nakano-ueber-musik-mode-und-seine-unzerbrechliche-verbindung-zu-issey-miyakes-satoshi-kondo\/#primaryimage\"},\"image\":{\"@id\":\"https:\/\/luxiders.com\/de\/koki-nakano-ueber-musik-mode-und-seine-unzerbrechliche-verbindung-zu-issey-miyakes-satoshi-kondo\/#primaryimage\"},\"thumbnailUrl\":\"https:\/\/luxiders.com\/content\/uploads\/Luxiders-magazine-imi_SS23_HD_25.jpeg\",\"datePublished\":\"2024-10-30T13:29:24+00:00\",\"dateModified\":\"2024-11-13T09:43:03+00:00\",\"description\":\"Der Komponist Koki Nakano hat das Publikum mit seinen gef\u00fchlvollen Kompositionen verzaubert. Seit Jahren arbeitet er mit Issey Miyake\",\"breadcrumb\":{\"@id\":\"https:\/\/luxiders.com\/de\/koki-nakano-ueber-musik-mode-und-seine-unzerbrechliche-verbindung-zu-issey-miyakes-satoshi-kondo\/#breadcrumb\"},\"inLanguage\":\"de\",\"potentialAction\":[{\"@type\":\"ReadAction\",\"target\":[\"https:\/\/luxiders.com\/de\/koki-nakano-ueber-musik-mode-und-seine-unzerbrechliche-verbindung-zu-issey-miyakes-satoshi-kondo\/\"]}]},{\"@type\":\"ImageObject\",\"inLanguage\":\"de\",\"@id\":\"https:\/\/luxiders.com\/de\/koki-nakano-ueber-musik-mode-und-seine-unzerbrechliche-verbindung-zu-issey-miyakes-satoshi-kondo\/#primaryimage\",\"url\":\"https:\/\/luxiders.com\/content\/uploads\/Luxiders-magazine-imi_SS23_HD_25.jpeg\",\"contentUrl\":\"https:\/\/luxiders.com\/content\/uploads\/Luxiders-magazine-imi_SS23_HD_25.jpeg\",\"width\":1200,\"height\":800,\"caption\":\"Koki Nakano at ISSEY MIYAKE AW24 SHOW\"},{\"@type\":\"BreadcrumbList\",\"@id\":\"https:\/\/luxiders.com\/de\/koki-nakano-ueber-musik-mode-und-seine-unzerbrechliche-verbindung-zu-issey-miyakes-satoshi-kondo\/#breadcrumb\",\"itemListElement\":[{\"@type\":\"ListItem\",\"position\":1,\"name\":\"Startseite\",\"item\":\"https:\/\/luxiders.com\/de\/\"},{\"@type\":\"ListItem\",\"position\":2,\"name\":\"Kunst\/Kultur\",\"item\":\"https:\/\/luxiders.com\/de\/Katregorie\/kunst-kultur\/\"},{\"@type\":\"ListItem\",\"position\":3,\"name\":\"Koki Nakano | \u00dcber Musik, Mode und seine unzerbrechliche Verbindung zu Issey Miyakes Satoshi Kondo\"}]},{\"@type\":\"WebSite\",\"@id\":\"https:\/\/luxiders.com\/de\/#website\",\"url\":\"https:\/\/luxiders.com\/de\/\",\"name\":\"Sustainable Fashion - Eco Design - Healthy Lifestyle - Luxiders Magazine\",\"description\":\"Luxiders is a sustainable luxury magazine highlighting the best stories about sustainable fashion, ethical fashion, eco-friendly design, green design, sustainable travel, natural beauty, organic beauty and healthy lifestyle. Know the best high-end, progressive and luxury sustainable brands and designers worldwide.\",\"publisher\":{\"@id\":\"https:\/\/luxiders.com\/de\/#organization\"},\"potentialAction\":[{\"@type\":\"SearchAction\",\"target\":{\"@type\":\"EntryPoint\",\"urlTemplate\":\"https:\/\/luxiders.com\/de\/?s={search_term_string}\"},\"query-input\":{\"@type\":\"PropertyValueSpecification\",\"valueRequired\":true,\"valueName\":\"search_term_string\"}}],\"inLanguage\":\"de\"},{\"@type\":\"Organization\",\"@id\":\"https:\/\/luxiders.com\/de\/#organization\",\"name\":\"Sustainable Fashion - Eco Design - Healthy Lifestyle - Luxiders Magazine\",\"url\":\"https:\/\/luxiders.com\/de\/\",\"logo\":{\"@type\":\"ImageObject\",\"inLanguage\":\"de\",\"@id\":\"https:\/\/luxiders.com\/de\/#\/schema\/logo\/image\/\",\"url\":\"https:\/\/luxiders.com\/content\/uploads\/lux-logo.svg\",\"contentUrl\":\"https:\/\/luxiders.com\/content\/uploads\/lux-logo.svg\",\"caption\":\"Sustainable Fashion - Eco Design - Healthy Lifestyle - Luxiders Magazine\"},\"image\":{\"@id\":\"https:\/\/luxiders.com\/de\/#\/schema\/logo\/image\/\"}},{\"@type\":\"Person\",\"@id\":\"https:\/\/luxiders.com\/de\/#\/schema\/person\/217f552b70818614c3ca79c0fa2140dc\",\"name\":\"Belvis Soler\",\"url\":\"https:\/\/luxiders.com\/de\/author\/belvis-soler\/\"}]}<\/script>","yoast_head_json":{"title":"Koki Nakano | \u00dcber Musik, Mode und Issey Miyake | Luxiders","description":"Der Komponist Koki Nakano hat das Publikum mit seinen gef\u00fchlvollen Kompositionen verzaubert. Seit Jahren arbeitet er mit Issey Miyake","robots":{"index":"index","follow":"follow","max-snippet":"max-snippet:-1","max-image-preview":"max-image-preview:large","max-video-preview":"max-video-preview:-1"},"canonical":"https:\/\/luxiders.com\/de\/koki-nakano-ueber-musik-mode-und-seine-unzerbrechliche-verbindung-zu-issey-miyakes-satoshi-kondo\/","og_locale":"de_DE","og_type":"article","og_title":"Koki Nakano | \u00dcber Musik, Mode und Issey Miyake | Luxiders","og_description":"Der Komponist Koki Nakano hat das Publikum mit seinen gef\u00fchlvollen Kompositionen verzaubert. Seit Jahren arbeitet er mit Issey Miyake","og_url":"https:\/\/luxiders.com\/de\/koki-nakano-ueber-musik-mode-und-seine-unzerbrechliche-verbindung-zu-issey-miyakes-satoshi-kondo\/","og_site_name":"Sustainable Fashion - Eco Design - Healthy Lifestyle - Luxiders Magazine","article_published_time":"2024-10-30T13:29:24+00:00","article_modified_time":"2024-11-13T09:43:03+00:00","og_image":[{"width":1200,"height":800,"url":"https:\/\/luxiders.com\/content\/uploads\/Luxiders-magazine-imi_SS23_HD_25.jpeg","type":"image\/jpeg"}],"author":"Belvis Soler","twitter_card":"summary_large_image","twitter_misc":{"Verfasst von":"Belvis Soler","Gesch\u00e4tzte Lesezeit":"5\u00a0Minuten"},"schema":{"@context":"https:\/\/schema.org","@graph":[{"@type":"Article","@id":"https:\/\/luxiders.com\/de\/koki-nakano-ueber-musik-mode-und-seine-unzerbrechliche-verbindung-zu-issey-miyakes-satoshi-kondo\/#article","isPartOf":{"@id":"https:\/\/luxiders.com\/de\/koki-nakano-ueber-musik-mode-und-seine-unzerbrechliche-verbindung-zu-issey-miyakes-satoshi-kondo\/"},"author":{"name":"Belvis Soler","@id":"https:\/\/luxiders.com\/de\/#\/schema\/person\/217f552b70818614c3ca79c0fa2140dc"},"headline":"Koki Nakano | \u00dcber Musik, Mode und seine unzerbrechliche Verbindung zu Issey Miyakes Satoshi Kondo","datePublished":"2024-10-30T13:29:24+00:00","dateModified":"2024-11-13T09:43:03+00:00","mainEntityOfPage":{"@id":"https:\/\/luxiders.com\/de\/koki-nakano-ueber-musik-mode-und-seine-unzerbrechliche-verbindung-zu-issey-miyakes-satoshi-kondo\/"},"wordCount":14,"publisher":{"@id":"https:\/\/luxiders.com\/de\/#organization"},"image":{"@id":"https:\/\/luxiders.com\/de\/koki-nakano-ueber-musik-mode-und-seine-unzerbrechliche-verbindung-zu-issey-miyakes-satoshi-kondo\/#primaryimage"},"thumbnailUrl":"https:\/\/luxiders.com\/content\/uploads\/Luxiders-magazine-imi_SS23_HD_25.jpeg","articleSection":["Kunst\/Kultur","Mode"],"inLanguage":"de"},{"@type":"WebPage","@id":"https:\/\/luxiders.com\/de\/koki-nakano-ueber-musik-mode-und-seine-unzerbrechliche-verbindung-zu-issey-miyakes-satoshi-kondo\/","url":"https:\/\/luxiders.com\/de\/koki-nakano-ueber-musik-mode-und-seine-unzerbrechliche-verbindung-zu-issey-miyakes-satoshi-kondo\/","name":"Koki Nakano | \u00dcber Musik, Mode und Issey Miyake | Luxiders","isPartOf":{"@id":"https:\/\/luxiders.com\/de\/#website"},"primaryImageOfPage":{"@id":"https:\/\/luxiders.com\/de\/koki-nakano-ueber-musik-mode-und-seine-unzerbrechliche-verbindung-zu-issey-miyakes-satoshi-kondo\/#primaryimage"},"image":{"@id":"https:\/\/luxiders.com\/de\/koki-nakano-ueber-musik-mode-und-seine-unzerbrechliche-verbindung-zu-issey-miyakes-satoshi-kondo\/#primaryimage"},"thumbnailUrl":"https:\/\/luxiders.com\/content\/uploads\/Luxiders-magazine-imi_SS23_HD_25.jpeg","datePublished":"2024-10-30T13:29:24+00:00","dateModified":"2024-11-13T09:43:03+00:00","description":"Der Komponist Koki Nakano hat das Publikum mit seinen gef\u00fchlvollen Kompositionen verzaubert. Seit Jahren arbeitet er mit Issey Miyake","breadcrumb":{"@id":"https:\/\/luxiders.com\/de\/koki-nakano-ueber-musik-mode-und-seine-unzerbrechliche-verbindung-zu-issey-miyakes-satoshi-kondo\/#breadcrumb"},"inLanguage":"de","potentialAction":[{"@type":"ReadAction","target":["https:\/\/luxiders.com\/de\/koki-nakano-ueber-musik-mode-und-seine-unzerbrechliche-verbindung-zu-issey-miyakes-satoshi-kondo\/"]}]},{"@type":"ImageObject","inLanguage":"de","@id":"https:\/\/luxiders.com\/de\/koki-nakano-ueber-musik-mode-und-seine-unzerbrechliche-verbindung-zu-issey-miyakes-satoshi-kondo\/#primaryimage","url":"https:\/\/luxiders.com\/content\/uploads\/Luxiders-magazine-imi_SS23_HD_25.jpeg","contentUrl":"https:\/\/luxiders.com\/content\/uploads\/Luxiders-magazine-imi_SS23_HD_25.jpeg","width":1200,"height":800,"caption":"Koki Nakano at ISSEY MIYAKE AW24 SHOW"},{"@type":"BreadcrumbList","@id":"https:\/\/luxiders.com\/de\/koki-nakano-ueber-musik-mode-und-seine-unzerbrechliche-verbindung-zu-issey-miyakes-satoshi-kondo\/#breadcrumb","itemListElement":[{"@type":"ListItem","position":1,"name":"Startseite","item":"https:\/\/luxiders.com\/de\/"},{"@type":"ListItem","position":2,"name":"Kunst\/Kultur","item":"https:\/\/luxiders.com\/de\/Katregorie\/kunst-kultur\/"},{"@type":"ListItem","position":3,"name":"Koki Nakano | \u00dcber Musik, Mode und seine unzerbrechliche Verbindung zu Issey Miyakes Satoshi Kondo"}]},{"@type":"WebSite","@id":"https:\/\/luxiders.com\/de\/#website","url":"https:\/\/luxiders.com\/de\/","name":"Sustainable Fashion - Eco Design - Healthy Lifestyle - Luxiders Magazine","description":"Luxiders is a sustainable luxury magazine highlighting the best stories about sustainable fashion, ethical fashion, eco-friendly design, green design, sustainable travel, natural beauty, organic beauty and healthy lifestyle. Know the best high-end, progressive and luxury sustainable brands and designers worldwide.","publisher":{"@id":"https:\/\/luxiders.com\/de\/#organization"},"potentialAction":[{"@type":"SearchAction","target":{"@type":"EntryPoint","urlTemplate":"https:\/\/luxiders.com\/de\/?s={search_term_string}"},"query-input":{"@type":"PropertyValueSpecification","valueRequired":true,"valueName":"search_term_string"}}],"inLanguage":"de"},{"@type":"Organization","@id":"https:\/\/luxiders.com\/de\/#organization","name":"Sustainable Fashion - Eco Design - Healthy Lifestyle - Luxiders Magazine","url":"https:\/\/luxiders.com\/de\/","logo":{"@type":"ImageObject","inLanguage":"de","@id":"https:\/\/luxiders.com\/de\/#\/schema\/logo\/image\/","url":"https:\/\/luxiders.com\/content\/uploads\/lux-logo.svg","contentUrl":"https:\/\/luxiders.com\/content\/uploads\/lux-logo.svg","caption":"Sustainable Fashion - Eco Design - Healthy Lifestyle - Luxiders Magazine"},"image":{"@id":"https:\/\/luxiders.com\/de\/#\/schema\/logo\/image\/"}},{"@type":"Person","@id":"https:\/\/luxiders.com\/de\/#\/schema\/person\/217f552b70818614c3ca79c0fa2140dc","name":"Belvis Soler","url":"https:\/\/luxiders.com\/de\/author\/belvis-soler\/"}]}},"_links":{"self":[{"href":"https:\/\/luxiders.com\/de\/wp-json\/wp\/v2\/posts\/49755","targetHints":{"allow":["GET"]}}],"collection":[{"href":"https:\/\/luxiders.com\/de\/wp-json\/wp\/v2\/posts"}],"about":[{"href":"https:\/\/luxiders.com\/de\/wp-json\/wp\/v2\/types\/post"}],"author":[{"embeddable":true,"href":"https:\/\/luxiders.com\/de\/wp-json\/wp\/v2\/users\/13"}],"replies":[{"embeddable":true,"href":"https:\/\/luxiders.com\/de\/wp-json\/wp\/v2\/comments?post=49755"}],"version-history":[{"count":2,"href":"https:\/\/luxiders.com\/de\/wp-json\/wp\/v2\/posts\/49755\/revisions"}],"predecessor-version":[{"id":50392,"href":"https:\/\/luxiders.com\/de\/wp-json\/wp\/v2\/posts\/49755\/revisions\/50392"}],"wp:featuredmedia":[{"embeddable":true,"href":"https:\/\/luxiders.com\/de\/wp-json\/wp\/v2\/media\/49785"}],"wp:attachment":[{"href":"https:\/\/luxiders.com\/de\/wp-json\/wp\/v2\/media?parent=49755"}],"wp:term":[{"taxonomy":"category","embeddable":true,"href":"https:\/\/luxiders.com\/de\/wp-json\/wp\/v2\/categories?post=49755"},{"taxonomy":"post_tag","embeddable":true,"href":"https:\/\/luxiders.com\/de\/wp-json\/wp\/v2\/tags?post=49755"}],"curies":[{"name":"wp","href":"https:\/\/api.w.org\/{rel}","templated":true}]}}