{"id":51654,"date":"2025-01-03T01:08:29","date_gmt":"2025-01-03T00:08:29","guid":{"rendered":"https:\/\/luxiders.com\/?p=51654"},"modified":"2025-01-06T09:08:23","modified_gmt":"2025-01-06T08:08:23","slug":"neocene-die-visionaere-fruehjahr-sommer-2026-reise-von-texworld-apparel-sourcing-paris","status":"publish","type":"post","link":"https:\/\/luxiders.com\/de\/neocene-die-visionaere-fruehjahr-sommer-2026-reise-von-texworld-apparel-sourcing-paris\/","title":{"rendered":"N\u00e9oc\u00e8ne: Die vision\u00e4re Fr\u00fchjahr-Sommer 2026 Reise von Texworld Apparel Sourcing Paris"},"content":{"rendered":"    <section id=\"textblock-block_dd673ba13d4d9813a33f1fc4a05d3d41\" class=\"section position-relative gp-block gp-textblock pt-0 pb-0\">\n        <div class=\"container\">\n            <div class=\"row g-0\">\n                <div class=\"col-lg-12 content\" data-aos=\"fade-in\" data-aos-duration=\"1000\">\n                                                                                    <div class=\"intro \">\n                            <p class=\"p1\" style=\"text-align: center;\">Fest etabliert als eines der einflussreichsten Beschaffungszentren der globalen Modeindustrie, kehrt die Texworld Apparel Sourcing Paris in die Hallen 2, 3 und 4 des Paris-Le-Bourget Messezentrums zur\u00fcck \u2013 begleitet von einer aufregenden neuen Raumaufteilung, die das Einkaufserlebnis noch effizienter und inspirierender gestalten soll. Doch das ist nicht alles. Es gibt weitere Neuerungen, die es zu entdecken gilt.<\/p>\n                        <\/div>\n                                                                                                <\/div>\n            <\/div>\n        <\/div>\n    <\/section>\n    \n\n    <section id=\"newsletter-block_76a65ceadf3d1dd687e4965bc387278e\" class=\"section position-relative gp-block gp-newsletter pt-0 pb-0 my-5\">\n        <div class=\"container\">\n            <div class=\"row g-0 pt-4 pb-3\">\n                <div class=\"col-lg-12 content text-center border pt-3\" data-aos=\"fade-in\" data-aos-duration=\"1000\">\n                                            <p><em>Um den Luxiders Newsletter zu erhalten,\u00a0<a href=\"https:\/\/landing.mailerlite.com\/webforms\/landing\/g1u8s7\">melde dich hier an<\/a>.<\/em><\/p>\n                                    <\/div>\n            <\/div>\n        <\/div>\n    <\/section>\n    \n\n    <section id=\"textblock-block_3989521e2eee2af2021b5b6072fc99b3\" class=\"section position-relative gp-block gp-textblock pt-0 pb-0\">\n        <div class=\"container\">\n            <div class=\"row g-0\">\n                <div class=\"col-lg-12 content\" data-aos=\"fade-in\" data-aos-duration=\"1000\">\n                                                                                <p>Wie wir bereits in unserer <a href=\"https:\/\/luxiders.com\/de\/texworld-findet-im-februar-2025-in-le-bourget-mit-grossen-veraenderungen-statt\/\" target=\"_blank\" rel=\"noopener\">vorherigen Chronik \u00fcber die Texworld Apparel Sourcing Paris<\/a> angek\u00fcndigt haben, haben sich die Organisatoren entschieden, die R\u00e4ume neu zu gestalten, um mehr Synergien zu schaffen. Im Herzen der Halle 2 wird das Trends Forum die Besucher mit seinen vier dynamischen Themen begeistern und zugleich alle wichtigen Dienstleistungen beherbergen, darunter die Agora f\u00fcr spannende Konferenzen und lebhafte Podiumsdiskussionen sowie einladende Restaurants.<\/p>\n<p>In Bezug auf Produkte und Dienstleistungen wurden einige Sektoren der Texworld und Apparel Sourcing zusammengelegt, um Synergien zu f\u00f6rdern. So gibt es nun zusammenh\u00e4ngende Bereiche f\u00fcr Damenbekleidung (Halle 4) und Outdoor-, Sport- und Freizeitkleidung (Halle 3). Diese Aufteilung erleichtert nicht nur die Orientierung im Apparel-Sourcing-Angebot, sondern optimiert auch den gesamten Beschaffungsprozess und sorgt f\u00fcr ein effizienteres und produktiveres Erlebnis.<\/p>\n                                                        <\/div>\n            <\/div>\n        <\/div>\n    <\/section>\n    \n\n    <section id=\"textblock-block_8cecc5d564ca9e89d95c2ee7fedeb787\" class=\"section position-relative gp-block gp-textblock pt-5 pb-5\">\n        <div class=\"container\">\n            <div class=\"row g-0\">\n                <div class=\"col-lg-12 content\" data-aos=\"fade-in\" data-aos-duration=\"1000\">\n                                                                        <h2 class=\"\"><p class=\"p1\">N\u00e9oc\u00e8ne: Eine vision\u00e4re Fr\u00fchjahr-Sommer 2026 Reise\n<\/h2>\n                                                                                                        <p>Das Fr\u00fchjahr-Sommer 2026 Trendbuch mit dem Titel N\u00e9oc\u00e8ne wird auf der <a href=\"https:\/\/texworld-paris.fr.messefrankfurt.com\/paris\/en.html\" target=\"_blank\" rel=\"noopener\">Texworld Apparel Sourcing Paris<\/a> Messe f\u00fcr Aufsehen sorgen, die vom 10. bis 12. Februar im Paris-Le-Bourget Messezentrum stattfindet. Kuratiert von den stets inspirierenden k\u00fcnstlerischen Leitern Louis G\u00e9rin und Gr\u00e9gory Lamaud, definiert diese faszinierende Erkundung zuk\u00fcnftiger Stilwelten unser Verst\u00e4ndnis von Kreativit\u00e4t neu \u2013 inmitten sozialer, wirtschaftlicher und \u00f6kologischer Umbr\u00fcche.<\/p>\n<p>In einer Zeit globaler Spannungen und tiefgreifender Ver\u00e4nderungen l\u00e4dt diese Vision von N\u00e9oc\u00e8ne f\u00fcr Fr\u00fchjahr-Sommer 2026 Designer dazu ein, sich mit der rohen Essenz der Sch\u00f6pfung zu verbinden. Ob Sie sich von den flie\u00dfenden Sph\u00e4ren von Quantum oder dem zarten Optimismus von Magnetism angezogen f\u00fchlen \u2013 jedes Thema bietet eine Plattform f\u00fcr einzigartiges Storytelling und kommerziellen Erfolg.<\/p>\n<p>N\u00e9oc\u00e8ne, ein Begriff, der eine \u201e\u00c4ra ohne Menschen\u201c heraufbeschw\u00f6rt, lenkt den Blick auf einen unvorhersehbaren Horizont, in dem die Physik regiert. In diesem neu imaginierten Universum formen vier zentrale Themen \u2013 Quantum, Gravity, Relativity und Magnetism \u2013 einen inspirierenden Rahmen f\u00fcr Designer und K\u00e4ufer. Jedes Thema bietet eine eigene Farbpalette mit drei \u201eStar\u201c-Farbt\u00f6nen und sechs beeindruckenden Zwischenfarben, die neue Stimmungen f\u00fcr Fr\u00fchjahr-Sommer 2026 enth\u00fcllen. Erwarte flie\u00dfende Texturen, taktile Muster und \u00fcberraschende Farbt\u00f6ne, die kreative Brillanz entfachen.<\/p>\n<h3><\/h3>\n<h3>Quantum<\/h3>\n<p>In diesem ersten Universum herrschen Energie und Zufall und treiben die Grenzen der Form voran. Denke an geschmolzene Silhouetten, flie\u00dfende Linien und sonnengek\u00fcsste Paletten, die das Spiel von Festem und Fl\u00fcssigem andeuten. Die Welt von Quantum erinnert an w\u00fcrzige Aromen und Karamellt\u00f6ne und bringt W\u00e4rme, Leichtigkeit und ein verf\u00fchrerisches Gef\u00fchl von Glut mit sich.<\/p>\n<p>&nbsp;<\/p>\n<h3>Gravity<\/h3>\n<p>Gravity steht in jeder Hinsicht im Mittelpunkt \u2013 mit sanddurchsetzten Materialien und wiederkehrenden geometrischen Mustern, die emotionale Tiefe und physisches Gewicht ausstrahlen. Stellen Sie sich weiche, mineral\u00e4hnliche Texturen, subtile Neutralt\u00f6ne und ernsthafte, aber nat\u00fcrliche Farben vor. Dieses Thema strahlt eine anspruchsvolle Ruhe aus und ist perfekt f\u00fcr raffinierte, introspektive Kollektionen geeignet.<\/p>\n<p>&nbsp;<\/p>\n<h3>Relativity<\/h3>\n<p><strong>Relativity<\/strong> spielt mit Kontrasten und Oxymorons und vertieft die Spannung vorheriger Erz\u00e4hlungen. \u201eH\u00e4sslich wird sch\u00f6n\u201c, w\u00e4hrend Stille beschleunigt. Motive, die von mumifizierter Vegetation inspiriert sind, zarte Stickereien, die an eine verlorene Vergangenheit erinnern, und aschige Farbt\u00f6ne mit d\u00fcsteren Blau- und Lilat\u00f6nen pr\u00e4gen dieses Thema. Das Ergebnis ist eindringlich sch\u00f6n \u2013 ein melancholisches Gedicht in Textilform.<\/p>\n<p>&nbsp;<\/p>\n<h3>Magnetism<\/h3>\n<p>Zum kr\u00f6nenden Abschluss bringt Magnetism eine \u00c4ra der Erneuerung und Ordnung. Florale Motive, weite Linien und \u00e4therische Transparenzen regen die Kreativit\u00e4t an. Hier schweben sanfte Pastellt\u00f6ne \u2013 Pfirsich, Rosa und Marshmallow-Nuancen \u2013 m\u00fchelos und bringen Hoffnung und subtile Romantik in die Fr\u00fchjahr-Sommer 2026 Palette.<\/p>\n                                                        <\/div>\n            <\/div>\n        <\/div>\n    <\/section>\n    \n\n    <section id=\"media-block_1910bb4cb414a69b70b750fddcff2a6a\" class=\"section position-relative gp-block gp-media pt-5 pb-5\">\n        <div class=\"container\">\n            <div class=\"row g-0\">\n                <div class=\"col-lg-12 content\" data-aos=\"fade-in\" data-aos-duration=\"1000\">\n                                                                            <\/div>\n            <\/div>\n            <div class=\"row g-0\">\n                <div class=\"col-lg-12 img-scaled\">\n                                                                                                                                                <figure class=\"mb-4 pt-lg-5 mb-lg-0 ps-lg-8 pe-lg-8\" data-aos=\"fade-up\" data-aos-duration=\"1000\"><div class=\"img-container\"><img loading=\"lazy\" decoding=\"async\" width=\"960\" height=\"1200\" src=\"https:\/\/luxiders.com\/content\/uploads\/Texworld_Theme-2-_-GRAVITE-GRAVITY-_-Photo-credit-_-Shail-Patel-@shael.jpeg\" class=\"img-fluid w-100\" alt=\"\" srcset=\"https:\/\/luxiders.com\/content\/uploads\/Texworld_Theme-2-_-GRAVITE-GRAVITY-_-Photo-credit-_-Shail-Patel-@shael.jpeg 960w, https:\/\/luxiders.com\/content\/uploads\/Texworld_Theme-2-_-GRAVITE-GRAVITY-_-Photo-credit-_-Shail-Patel-@shael-240x300.jpeg 240w, https:\/\/luxiders.com\/content\/uploads\/Texworld_Theme-2-_-GRAVITE-GRAVITY-_-Photo-credit-_-Shail-Patel-@shael-819x1024.jpeg 819w, https:\/\/luxiders.com\/content\/uploads\/Texworld_Theme-2-_-GRAVITE-GRAVITY-_-Photo-credit-_-Shail-Patel-@shael-768x960.jpeg 768w\" sizes=\"(max-width: 960px) 100vw, 960px\" \/><\/div><figcaption>Theme 2 : GRAVIT\u00c9 &#8211; GRAVITY\nPhoto credit : \u00a9 Shail Patel @shael.ai<\/figcaption><\/figure>                                                                                            <\/div>\n                                            <\/div>\n        <\/div>\n    <\/section>\n    \n\n    <section id=\"media-block_fc0c0a55906534f46f51b0b3ae526ebe\" class=\"section position-relative gp-block gp-media pt-5 pb-5\">\n        <div class=\"container\">\n            <div class=\"row g-0\">\n                <div class=\"col-lg-12 content\" data-aos=\"fade-in\" data-aos-duration=\"1000\">\n                                                                            <\/div>\n            <\/div>\n            <div class=\"row g-0\">\n                <div class=\"col-lg-6 \">\n                                                                                                                                                <figure class=\"mb-4 pt-lg-0 mb-lg-0 ps-lg-0 pe-lg-4\" data-aos=\"fade-up\" data-aos-duration=\"1000\"><div class=\"img-container\"><img loading=\"lazy\" decoding=\"async\" width=\"827\" height=\"827\" src=\"https:\/\/luxiders.com\/content\/uploads\/Texworld_Theme-3-_-RELATIVITE-RELATIVITY-_-Photo-credit-_-Nicolas-Bartenieff-@nicolas_bartenieff-laligne29.jpeg\" class=\"img-fluid w-100\" alt=\"\" srcset=\"https:\/\/luxiders.com\/content\/uploads\/Texworld_Theme-3-_-RELATIVITE-RELATIVITY-_-Photo-credit-_-Nicolas-Bartenieff-@nicolas_bartenieff-laligne29.jpeg 827w, https:\/\/luxiders.com\/content\/uploads\/Texworld_Theme-3-_-RELATIVITE-RELATIVITY-_-Photo-credit-_-Nicolas-Bartenieff-@nicolas_bartenieff-laligne29-300x300.jpeg 300w, https:\/\/luxiders.com\/content\/uploads\/Texworld_Theme-3-_-RELATIVITE-RELATIVITY-_-Photo-credit-_-Nicolas-Bartenieff-@nicolas_bartenieff-laligne29-150x150.jpeg 150w, https:\/\/luxiders.com\/content\/uploads\/Texworld_Theme-3-_-RELATIVITE-RELATIVITY-_-Photo-credit-_-Nicolas-Bartenieff-@nicolas_bartenieff-laligne29-768x768.jpeg 768w\" sizes=\"(max-width: 827px) 100vw, 827px\" \/><\/div><figcaption>Theme 3 : RELATIVIT\u00c9 &#8211; RELATIVITY\nPhoto credit : \u00a9 Nicolas Bartenieff | @nicolas_bartenieff | laligne29.com<\/figcaption><\/figure>                                                                                            <\/div>\n                                    <div class=\"col-lg-6\">\n                                                                                                                                                        <figure class=\"mb-4 pt-lg-0 mb-lg-0 ps-lg-3 pe-lg-0\" data-aos=\"fade-up\" data-aos-duration=\"1000\"><div class=\"img-container\"><img loading=\"lazy\" decoding=\"async\" width=\"1200\" height=\"1200\" src=\"https:\/\/luxiders.com\/content\/uploads\/Texworld_Theme-4-_-MAGNETISME-MAGNETISM-_-Photo-credit-_-Jason-Freeny-Brain-Cube-jasonfreeny.com-@gummifetus.jpeg\" class=\"img-fluid w-100\" alt=\"\" srcset=\"https:\/\/luxiders.com\/content\/uploads\/Texworld_Theme-4-_-MAGNETISME-MAGNETISM-_-Photo-credit-_-Jason-Freeny-Brain-Cube-jasonfreeny.com-@gummifetus.jpeg 1200w, https:\/\/luxiders.com\/content\/uploads\/Texworld_Theme-4-_-MAGNETISME-MAGNETISM-_-Photo-credit-_-Jason-Freeny-Brain-Cube-jasonfreeny.com-@gummifetus-300x300.jpeg 300w, https:\/\/luxiders.com\/content\/uploads\/Texworld_Theme-4-_-MAGNETISME-MAGNETISM-_-Photo-credit-_-Jason-Freeny-Brain-Cube-jasonfreeny.com-@gummifetus-1024x1024.jpeg 1024w, https:\/\/luxiders.com\/content\/uploads\/Texworld_Theme-4-_-MAGNETISME-MAGNETISM-_-Photo-credit-_-Jason-Freeny-Brain-Cube-jasonfreeny.com-@gummifetus-150x150.jpeg 150w, https:\/\/luxiders.com\/content\/uploads\/Texworld_Theme-4-_-MAGNETISME-MAGNETISM-_-Photo-credit-_-Jason-Freeny-Brain-Cube-jasonfreeny.com-@gummifetus-768x768.jpeg 768w\" sizes=\"(max-width: 1200px) 100vw, 1200px\" \/><\/div><figcaption>Theme 4 : MAGN\u00c9TISME &#8211; MAGNETISM\nPhoto credit : \u00a9 Jason Freeny \u00abBrain Cube\u00bb,\njasonfreeny.com, @gummifetus<\/figcaption><\/figure>                                                                                                        <\/div>\n                                            <\/div>\n        <\/div>\n    <\/section>\n    \n\n    <section id=\"media-block_154d7c66647403803d0d2706773ed289\" class=\"section position-relative gp-block gp-media pt-5 pb-5\">\n        <div class=\"container\">\n            <div class=\"row g-0\">\n                <div class=\"col-lg-12 content\" data-aos=\"fade-in\" data-aos-duration=\"1000\">\n                                                                            <\/div>\n            <\/div>\n            <div class=\"row g-0\">\n                <div class=\"col-lg-12 img-scaled\">\n                                                                                                                                                <figure class=\"mb-4 pt-lg-3 mb-lg-0 ps-lg-0 pe-lg-0\" data-aos=\"fade-up\" data-aos-duration=\"1000\"><div class=\"img-container\"><img loading=\"lazy\" decoding=\"async\" width=\"1200\" height=\"800\" src=\"https:\/\/luxiders.com\/content\/uploads\/Texworld_Theme-1-_-QUANTIQUE-QUANTUM-_-Photo-credit-_-Courtesy-Kim-Farkas-et-Tara-Downs-Gallery-photo-par-Aurelien-Mole.-www.kimfarkas.com-@Kim_Farkas.jpeg\" class=\"img-fluid w-100\" alt=\"QUANTIQUE - QUANTUM\" srcset=\"https:\/\/luxiders.com\/content\/uploads\/Texworld_Theme-1-_-QUANTIQUE-QUANTUM-_-Photo-credit-_-Courtesy-Kim-Farkas-et-Tara-Downs-Gallery-photo-par-Aurelien-Mole.-www.kimfarkas.com-@Kim_Farkas.jpeg 1200w, https:\/\/luxiders.com\/content\/uploads\/Texworld_Theme-1-_-QUANTIQUE-QUANTUM-_-Photo-credit-_-Courtesy-Kim-Farkas-et-Tara-Downs-Gallery-photo-par-Aurelien-Mole.-www.kimfarkas.com-@Kim_Farkas-300x200.jpeg 300w, https:\/\/luxiders.com\/content\/uploads\/Texworld_Theme-1-_-QUANTIQUE-QUANTUM-_-Photo-credit-_-Courtesy-Kim-Farkas-et-Tara-Downs-Gallery-photo-par-Aurelien-Mole.-www.kimfarkas.com-@Kim_Farkas-1024x683.jpeg 1024w, https:\/\/luxiders.com\/content\/uploads\/Texworld_Theme-1-_-QUANTIQUE-QUANTUM-_-Photo-credit-_-Courtesy-Kim-Farkas-et-Tara-Downs-Gallery-photo-par-Aurelien-Mole.-www.kimfarkas.com-@Kim_Farkas-768x512.jpeg 768w\" sizes=\"(max-width: 1200px) 100vw, 1200px\" \/><\/div><figcaption>Theme 1 : QUANTIQUE &#8211; QUANTUM\nPhoto: \u00a9 Courtesy Kim Farkas et Tara Downs Gallery, photo par Aur\u00e9lien Mole.\nwww.kimfarkas.com, @Kim_Farkas<\/figcaption><\/figure>                                                                                            <\/div>\n                                            <\/div>\n        <\/div>\n    <\/section>\n    \n\n    <section id=\"textblock-block_6e03265379eef5bacf5a06a18eb51a8c\" class=\"section position-relative gp-block gp-textblock pt-0 pb-5 pb-lg-8\">\n        <div class=\"container\">\n            <div class=\"row g-0\">\n                <div class=\"col-lg-12 content\" data-aos=\"fade-in\" data-aos-duration=\"1000\">\n                                                                                <p>&nbsp;<\/p>\n<p style=\"text-align: center;\"><strong><i>Highlight Image:<\/i><i><br \/>\n<\/i><i>\u00a9 Photo credit : \u00a9 Shail Patel | <a href=\"https:\/\/www.instagram.com\/shael.ai\/\" target=\"_blank\" rel=\"noopener\">@shael.ai<\/a><\/i><\/strong><\/p>\n                                                        <\/div>\n            <\/div>\n        <\/div>\n    <\/section>\n    ","protected":false},"excerpt":{"rendered":"","protected":false},"author":2,"featured_media":51660,"comment_status":"closed","ping_status":"closed","sticky":false,"template":"","format":"standard","meta":{"_acf_changed":false,"footnotes":""},"categories":[1194],"tags":[8991,9733],"class_list":{"0":"post-51654","1":"post","2":"type-post","3":"status-publish","4":"format-standard","5":"has-post-thumbnail","7":"category-nachhaltig-luxus-mode","8":"tag-apparel-sourcing-de","9":"tag-texworld-apparel-sourcing-paris-de"},"acf":[],"yoast_head":"<title>N\u00e9oc\u00e8ne: Die Reise von Texworld Apparel Sourcing Paris<\/title>\n<meta name=\"description\" content=\"Fest etabliert als eines der einflussreichsten Beschaffungszentren der globalen Modeindustrie, ist die Texworld Apparel Sourcing Paris\u2026\" \/>\n<meta name=\"robots\" content=\"index, follow, max-snippet:-1, max-image-preview:large, max-video-preview:-1\" \/>\n<link rel=\"canonical\" href=\"https:\/\/luxiders.com\/de\/neocene-die-visionaere-fruehjahr-sommer-2026-reise-von-texworld-apparel-sourcing-paris\/\" \/>\n<meta property=\"og:locale\" content=\"de_DE\" \/>\n<meta property=\"og:type\" content=\"article\" \/>\n<meta property=\"og:title\" content=\"N\u00e9oc\u00e8ne: Die Reise von Texworld Apparel Sourcing Paris\" \/>\n<meta property=\"og:description\" content=\"Fest etabliert als eines der einflussreichsten Beschaffungszentren der globalen Modeindustrie, ist die Texworld Apparel Sourcing Paris\u2026\" \/>\n<meta property=\"og:url\" content=\"https:\/\/luxiders.com\/de\/neocene-die-visionaere-fruehjahr-sommer-2026-reise-von-texworld-apparel-sourcing-paris\/\" \/>\n<meta property=\"og:site_name\" content=\"Sustainable Fashion - Eco Design - Healthy Lifestyle - Luxiders Magazine\" \/>\n<meta property=\"article:published_time\" content=\"2025-01-03T00:08:29+00:00\" \/>\n<meta property=\"article:modified_time\" content=\"2025-01-06T08:08:23+00:00\" \/>\n<meta property=\"og:image\" content=\"https:\/\/luxiders.com\/content\/uploads\/Texworld_Theme-2-_-GRAVITE-GRAVITY-_-Photo-credit-_-Shail-Patel-@shael.jpeg\" \/>\n\t<meta property=\"og:image:width\" content=\"960\" \/>\n\t<meta property=\"og:image:height\" content=\"1200\" \/>\n\t<meta property=\"og:image:type\" content=\"image\/jpeg\" \/>\n<meta name=\"author\" content=\"luxiders\" \/>\n<meta name=\"twitter:card\" content=\"summary_large_image\" \/>\n<meta name=\"twitter:label1\" content=\"Verfasst von\" \/>\n\t<meta name=\"twitter:data1\" content=\"luxiders\" \/>\n\t<meta name=\"twitter:label2\" content=\"Gesch\u00e4tzte Lesezeit\" \/>\n\t<meta name=\"twitter:data2\" content=\"3\u00a0Minuten\" \/>\n<script type=\"application\/ld+json\" class=\"yoast-schema-graph\">{\"@context\":\"https:\/\/schema.org\",\"@graph\":[{\"@type\":\"Article\",\"@id\":\"https:\/\/luxiders.com\/de\/neocene-die-visionaere-fruehjahr-sommer-2026-reise-von-texworld-apparel-sourcing-paris\/#article\",\"isPartOf\":{\"@id\":\"https:\/\/luxiders.com\/de\/neocene-die-visionaere-fruehjahr-sommer-2026-reise-von-texworld-apparel-sourcing-paris\/\"},\"author\":{\"name\":\"luxiders\",\"@id\":\"https:\/\/luxiders.com\/de\/#\/schema\/person\/8632fa702ae2ce98f66c396254633de8\"},\"headline\":\"N\u00e9oc\u00e8ne: Die vision\u00e4re Fr\u00fchjahr-Sommer 2026 Reise von Texworld Apparel Sourcing Paris\",\"datePublished\":\"2025-01-03T00:08:29+00:00\",\"dateModified\":\"2025-01-06T08:08:23+00:00\",\"mainEntityOfPage\":{\"@id\":\"https:\/\/luxiders.com\/de\/neocene-die-visionaere-fruehjahr-sommer-2026-reise-von-texworld-apparel-sourcing-paris\/\"},\"wordCount\":14,\"publisher\":{\"@id\":\"https:\/\/luxiders.com\/de\/#organization\"},\"image\":{\"@id\":\"https:\/\/luxiders.com\/de\/neocene-die-visionaere-fruehjahr-sommer-2026-reise-von-texworld-apparel-sourcing-paris\/#primaryimage\"},\"thumbnailUrl\":\"https:\/\/luxiders.com\/content\/uploads\/Texworld_Theme-2-_-GRAVITE-GRAVITY-_-Photo-credit-_-Shail-Patel-@shael.jpeg\",\"keywords\":[\"Apparel Sourcing\",\"Texworld Apparel Sourcing Paris\"],\"articleSection\":[\"Mode\"],\"inLanguage\":\"de\"},{\"@type\":\"WebPage\",\"@id\":\"https:\/\/luxiders.com\/de\/neocene-die-visionaere-fruehjahr-sommer-2026-reise-von-texworld-apparel-sourcing-paris\/\",\"url\":\"https:\/\/luxiders.com\/de\/neocene-die-visionaere-fruehjahr-sommer-2026-reise-von-texworld-apparel-sourcing-paris\/\",\"name\":\"N\u00e9oc\u00e8ne: Die Reise von Texworld Apparel Sourcing Paris\",\"isPartOf\":{\"@id\":\"https:\/\/luxiders.com\/de\/#website\"},\"primaryImageOfPage\":{\"@id\":\"https:\/\/luxiders.com\/de\/neocene-die-visionaere-fruehjahr-sommer-2026-reise-von-texworld-apparel-sourcing-paris\/#primaryimage\"},\"image\":{\"@id\":\"https:\/\/luxiders.com\/de\/neocene-die-visionaere-fruehjahr-sommer-2026-reise-von-texworld-apparel-sourcing-paris\/#primaryimage\"},\"thumbnailUrl\":\"https:\/\/luxiders.com\/content\/uploads\/Texworld_Theme-2-_-GRAVITE-GRAVITY-_-Photo-credit-_-Shail-Patel-@shael.jpeg\",\"datePublished\":\"2025-01-03T00:08:29+00:00\",\"dateModified\":\"2025-01-06T08:08:23+00:00\",\"description\":\"Fest etabliert als eines der einflussreichsten Beschaffungszentren der globalen Modeindustrie, ist die Texworld Apparel Sourcing Paris\u2026\",\"breadcrumb\":{\"@id\":\"https:\/\/luxiders.com\/de\/neocene-die-visionaere-fruehjahr-sommer-2026-reise-von-texworld-apparel-sourcing-paris\/#breadcrumb\"},\"inLanguage\":\"de\",\"potentialAction\":[{\"@type\":\"ReadAction\",\"target\":[\"https:\/\/luxiders.com\/de\/neocene-die-visionaere-fruehjahr-sommer-2026-reise-von-texworld-apparel-sourcing-paris\/\"]}]},{\"@type\":\"ImageObject\",\"inLanguage\":\"de\",\"@id\":\"https:\/\/luxiders.com\/de\/neocene-die-visionaere-fruehjahr-sommer-2026-reise-von-texworld-apparel-sourcing-paris\/#primaryimage\",\"url\":\"https:\/\/luxiders.com\/content\/uploads\/Texworld_Theme-2-_-GRAVITE-GRAVITY-_-Photo-credit-_-Shail-Patel-@shael.jpeg\",\"contentUrl\":\"https:\/\/luxiders.com\/content\/uploads\/Texworld_Theme-2-_-GRAVITE-GRAVITY-_-Photo-credit-_-Shail-Patel-@shael.jpeg\",\"width\":960,\"height\":1200,\"caption\":\"Theme 2 : GRAVIT\u00c9 - GRAVITY Photo credit : \u00a9 Shail Patel @shael.ai\"},{\"@type\":\"BreadcrumbList\",\"@id\":\"https:\/\/luxiders.com\/de\/neocene-die-visionaere-fruehjahr-sommer-2026-reise-von-texworld-apparel-sourcing-paris\/#breadcrumb\",\"itemListElement\":[{\"@type\":\"ListItem\",\"position\":1,\"name\":\"Startseite\",\"item\":\"https:\/\/luxiders.com\/de\/\"},{\"@type\":\"ListItem\",\"position\":2,\"name\":\"Mode\",\"item\":\"https:\/\/luxiders.com\/de\/Katregorie\/nachhaltig-luxus-mode\/\"},{\"@type\":\"ListItem\",\"position\":3,\"name\":\"N\u00e9oc\u00e8ne: Die vision\u00e4re Fr\u00fchjahr-Sommer 2026 Reise von Texworld Apparel Sourcing Paris\"}]},{\"@type\":\"WebSite\",\"@id\":\"https:\/\/luxiders.com\/de\/#website\",\"url\":\"https:\/\/luxiders.com\/de\/\",\"name\":\"Sustainable Fashion - Eco Design - Healthy Lifestyle - Luxiders Magazine\",\"description\":\"Luxiders is a sustainable luxury magazine highlighting the best stories about sustainable fashion, ethical fashion, eco-friendly design, green design, sustainable travel, natural beauty, organic beauty and healthy lifestyle. Know the best high-end, progressive and luxury sustainable brands and designers worldwide.\",\"publisher\":{\"@id\":\"https:\/\/luxiders.com\/de\/#organization\"},\"potentialAction\":[{\"@type\":\"SearchAction\",\"target\":{\"@type\":\"EntryPoint\",\"urlTemplate\":\"https:\/\/luxiders.com\/de\/?s={search_term_string}\"},\"query-input\":{\"@type\":\"PropertyValueSpecification\",\"valueRequired\":true,\"valueName\":\"search_term_string\"}}],\"inLanguage\":\"de\"},{\"@type\":\"Organization\",\"@id\":\"https:\/\/luxiders.com\/de\/#organization\",\"name\":\"Sustainable Fashion - Eco Design - Healthy Lifestyle - Luxiders Magazine\",\"url\":\"https:\/\/luxiders.com\/de\/\",\"logo\":{\"@type\":\"ImageObject\",\"inLanguage\":\"de\",\"@id\":\"https:\/\/luxiders.com\/de\/#\/schema\/logo\/image\/\",\"url\":\"https:\/\/luxiders.com\/content\/uploads\/lux-logo.svg\",\"contentUrl\":\"https:\/\/luxiders.com\/content\/uploads\/lux-logo.svg\",\"caption\":\"Sustainable Fashion - Eco Design - Healthy Lifestyle - Luxiders Magazine\"},\"image\":{\"@id\":\"https:\/\/luxiders.com\/de\/#\/schema\/logo\/image\/\"}},{\"@type\":\"Person\",\"@id\":\"https:\/\/luxiders.com\/de\/#\/schema\/person\/8632fa702ae2ce98f66c396254633de8\",\"name\":\"luxiders\",\"url\":\"https:\/\/luxiders.com\/de\/author\/luxiders\/\"}]}<\/script>","yoast_head_json":{"title":"N\u00e9oc\u00e8ne: Die Reise von Texworld Apparel Sourcing Paris","description":"Fest etabliert als eines der einflussreichsten Beschaffungszentren der globalen Modeindustrie, ist die Texworld Apparel Sourcing Paris\u2026","robots":{"index":"index","follow":"follow","max-snippet":"max-snippet:-1","max-image-preview":"max-image-preview:large","max-video-preview":"max-video-preview:-1"},"canonical":"https:\/\/luxiders.com\/de\/neocene-die-visionaere-fruehjahr-sommer-2026-reise-von-texworld-apparel-sourcing-paris\/","og_locale":"de_DE","og_type":"article","og_title":"N\u00e9oc\u00e8ne: Die Reise von Texworld Apparel Sourcing Paris","og_description":"Fest etabliert als eines der einflussreichsten Beschaffungszentren der globalen Modeindustrie, ist die Texworld Apparel Sourcing Paris\u2026","og_url":"https:\/\/luxiders.com\/de\/neocene-die-visionaere-fruehjahr-sommer-2026-reise-von-texworld-apparel-sourcing-paris\/","og_site_name":"Sustainable Fashion - Eco Design - Healthy Lifestyle - Luxiders Magazine","article_published_time":"2025-01-03T00:08:29+00:00","article_modified_time":"2025-01-06T08:08:23+00:00","og_image":[{"width":960,"height":1200,"url":"https:\/\/luxiders.com\/content\/uploads\/Texworld_Theme-2-_-GRAVITE-GRAVITY-_-Photo-credit-_-Shail-Patel-@shael.jpeg","type":"image\/jpeg"}],"author":"luxiders","twitter_card":"summary_large_image","twitter_misc":{"Verfasst von":"luxiders","Gesch\u00e4tzte Lesezeit":"3\u00a0Minuten"},"schema":{"@context":"https:\/\/schema.org","@graph":[{"@type":"Article","@id":"https:\/\/luxiders.com\/de\/neocene-die-visionaere-fruehjahr-sommer-2026-reise-von-texworld-apparel-sourcing-paris\/#article","isPartOf":{"@id":"https:\/\/luxiders.com\/de\/neocene-die-visionaere-fruehjahr-sommer-2026-reise-von-texworld-apparel-sourcing-paris\/"},"author":{"name":"luxiders","@id":"https:\/\/luxiders.com\/de\/#\/schema\/person\/8632fa702ae2ce98f66c396254633de8"},"headline":"N\u00e9oc\u00e8ne: Die vision\u00e4re Fr\u00fchjahr-Sommer 2026 Reise von Texworld Apparel Sourcing Paris","datePublished":"2025-01-03T00:08:29+00:00","dateModified":"2025-01-06T08:08:23+00:00","mainEntityOfPage":{"@id":"https:\/\/luxiders.com\/de\/neocene-die-visionaere-fruehjahr-sommer-2026-reise-von-texworld-apparel-sourcing-paris\/"},"wordCount":14,"publisher":{"@id":"https:\/\/luxiders.com\/de\/#organization"},"image":{"@id":"https:\/\/luxiders.com\/de\/neocene-die-visionaere-fruehjahr-sommer-2026-reise-von-texworld-apparel-sourcing-paris\/#primaryimage"},"thumbnailUrl":"https:\/\/luxiders.com\/content\/uploads\/Texworld_Theme-2-_-GRAVITE-GRAVITY-_-Photo-credit-_-Shail-Patel-@shael.jpeg","keywords":["Apparel Sourcing","Texworld Apparel Sourcing Paris"],"articleSection":["Mode"],"inLanguage":"de"},{"@type":"WebPage","@id":"https:\/\/luxiders.com\/de\/neocene-die-visionaere-fruehjahr-sommer-2026-reise-von-texworld-apparel-sourcing-paris\/","url":"https:\/\/luxiders.com\/de\/neocene-die-visionaere-fruehjahr-sommer-2026-reise-von-texworld-apparel-sourcing-paris\/","name":"N\u00e9oc\u00e8ne: Die Reise von Texworld Apparel Sourcing Paris","isPartOf":{"@id":"https:\/\/luxiders.com\/de\/#website"},"primaryImageOfPage":{"@id":"https:\/\/luxiders.com\/de\/neocene-die-visionaere-fruehjahr-sommer-2026-reise-von-texworld-apparel-sourcing-paris\/#primaryimage"},"image":{"@id":"https:\/\/luxiders.com\/de\/neocene-die-visionaere-fruehjahr-sommer-2026-reise-von-texworld-apparel-sourcing-paris\/#primaryimage"},"thumbnailUrl":"https:\/\/luxiders.com\/content\/uploads\/Texworld_Theme-2-_-GRAVITE-GRAVITY-_-Photo-credit-_-Shail-Patel-@shael.jpeg","datePublished":"2025-01-03T00:08:29+00:00","dateModified":"2025-01-06T08:08:23+00:00","description":"Fest etabliert als eines der einflussreichsten Beschaffungszentren der globalen Modeindustrie, ist die Texworld Apparel Sourcing Paris\u2026","breadcrumb":{"@id":"https:\/\/luxiders.com\/de\/neocene-die-visionaere-fruehjahr-sommer-2026-reise-von-texworld-apparel-sourcing-paris\/#breadcrumb"},"inLanguage":"de","potentialAction":[{"@type":"ReadAction","target":["https:\/\/luxiders.com\/de\/neocene-die-visionaere-fruehjahr-sommer-2026-reise-von-texworld-apparel-sourcing-paris\/"]}]},{"@type":"ImageObject","inLanguage":"de","@id":"https:\/\/luxiders.com\/de\/neocene-die-visionaere-fruehjahr-sommer-2026-reise-von-texworld-apparel-sourcing-paris\/#primaryimage","url":"https:\/\/luxiders.com\/content\/uploads\/Texworld_Theme-2-_-GRAVITE-GRAVITY-_-Photo-credit-_-Shail-Patel-@shael.jpeg","contentUrl":"https:\/\/luxiders.com\/content\/uploads\/Texworld_Theme-2-_-GRAVITE-GRAVITY-_-Photo-credit-_-Shail-Patel-@shael.jpeg","width":960,"height":1200,"caption":"Theme 2 : GRAVIT\u00c9 - GRAVITY Photo credit : \u00a9 Shail Patel @shael.ai"},{"@type":"BreadcrumbList","@id":"https:\/\/luxiders.com\/de\/neocene-die-visionaere-fruehjahr-sommer-2026-reise-von-texworld-apparel-sourcing-paris\/#breadcrumb","itemListElement":[{"@type":"ListItem","position":1,"name":"Startseite","item":"https:\/\/luxiders.com\/de\/"},{"@type":"ListItem","position":2,"name":"Mode","item":"https:\/\/luxiders.com\/de\/Katregorie\/nachhaltig-luxus-mode\/"},{"@type":"ListItem","position":3,"name":"N\u00e9oc\u00e8ne: Die vision\u00e4re Fr\u00fchjahr-Sommer 2026 Reise von Texworld Apparel Sourcing Paris"}]},{"@type":"WebSite","@id":"https:\/\/luxiders.com\/de\/#website","url":"https:\/\/luxiders.com\/de\/","name":"Sustainable Fashion - Eco Design - Healthy Lifestyle - Luxiders Magazine","description":"Luxiders is a sustainable luxury magazine highlighting the best stories about sustainable fashion, ethical fashion, eco-friendly design, green design, sustainable travel, natural beauty, organic beauty and healthy lifestyle. Know the best high-end, progressive and luxury sustainable brands and designers worldwide.","publisher":{"@id":"https:\/\/luxiders.com\/de\/#organization"},"potentialAction":[{"@type":"SearchAction","target":{"@type":"EntryPoint","urlTemplate":"https:\/\/luxiders.com\/de\/?s={search_term_string}"},"query-input":{"@type":"PropertyValueSpecification","valueRequired":true,"valueName":"search_term_string"}}],"inLanguage":"de"},{"@type":"Organization","@id":"https:\/\/luxiders.com\/de\/#organization","name":"Sustainable Fashion - Eco Design - Healthy Lifestyle - Luxiders Magazine","url":"https:\/\/luxiders.com\/de\/","logo":{"@type":"ImageObject","inLanguage":"de","@id":"https:\/\/luxiders.com\/de\/#\/schema\/logo\/image\/","url":"https:\/\/luxiders.com\/content\/uploads\/lux-logo.svg","contentUrl":"https:\/\/luxiders.com\/content\/uploads\/lux-logo.svg","caption":"Sustainable Fashion - Eco Design - Healthy Lifestyle - Luxiders Magazine"},"image":{"@id":"https:\/\/luxiders.com\/de\/#\/schema\/logo\/image\/"}},{"@type":"Person","@id":"https:\/\/luxiders.com\/de\/#\/schema\/person\/8632fa702ae2ce98f66c396254633de8","name":"luxiders","url":"https:\/\/luxiders.com\/de\/author\/luxiders\/"}]}},"_links":{"self":[{"href":"https:\/\/luxiders.com\/de\/wp-json\/wp\/v2\/posts\/51654","targetHints":{"allow":["GET"]}}],"collection":[{"href":"https:\/\/luxiders.com\/de\/wp-json\/wp\/v2\/posts"}],"about":[{"href":"https:\/\/luxiders.com\/de\/wp-json\/wp\/v2\/types\/post"}],"author":[{"embeddable":true,"href":"https:\/\/luxiders.com\/de\/wp-json\/wp\/v2\/users\/2"}],"replies":[{"embeddable":true,"href":"https:\/\/luxiders.com\/de\/wp-json\/wp\/v2\/comments?post=51654"}],"version-history":[{"count":2,"href":"https:\/\/luxiders.com\/de\/wp-json\/wp\/v2\/posts\/51654\/revisions"}],"predecessor-version":[{"id":51834,"href":"https:\/\/luxiders.com\/de\/wp-json\/wp\/v2\/posts\/51654\/revisions\/51834"}],"wp:featuredmedia":[{"embeddable":true,"href":"https:\/\/luxiders.com\/de\/wp-json\/wp\/v2\/media\/51660"}],"wp:attachment":[{"href":"https:\/\/luxiders.com\/de\/wp-json\/wp\/v2\/media?parent=51654"}],"wp:term":[{"taxonomy":"category","embeddable":true,"href":"https:\/\/luxiders.com\/de\/wp-json\/wp\/v2\/categories?post=51654"},{"taxonomy":"post_tag","embeddable":true,"href":"https:\/\/luxiders.com\/de\/wp-json\/wp\/v2\/tags?post=51654"}],"curies":[{"name":"wp","href":"https:\/\/api.w.org\/{rel}","templated":true}]}}