{"id":52061,"date":"2025-01-13T19:14:30","date_gmt":"2025-01-13T18:14:30","guid":{"rendered":"https:\/\/luxiders.com\/?p=52061"},"modified":"2025-01-14T09:17:00","modified_gmt":"2025-01-14T08:17:00","slug":"die-mode-braucht-einen-neustart-know-how-ist-der-weg-laut-premiere-vision-paris","status":"publish","type":"post","link":"https:\/\/luxiders.com\/de\/die-mode-braucht-einen-neustart-know-how-ist-der-weg-laut-premiere-vision-paris\/","title":{"rendered":"Die Mode braucht einen Neustart: \u201eKnow-how\u201c ist der Weg laut Premi\u00e8re Vision Paris"},"content":{"rendered":"    <section id=\"textblock-block_d58f07e2f358a16286a0c46df1dfdad5\" class=\"section position-relative gp-block gp-textblock pt-5 pb-5\">\n        <div class=\"container\">\n            <div class=\"row g-0\">\n                <div class=\"col-lg-12 content\" data-aos=\"fade-in\" data-aos-duration=\"1000\">\n                                                                                    <div class=\"intro \">\n                            <p class=\"p1\" style=\"text-align: center;\">Die Modeindustrie steht an einem Scheideweg. Wirtschaftliche, \u00f6kologische und kulturelle Umbr\u00fcche ver\u00e4ndern unsere Welt, und eines ist klar: Die Mode braucht einen Neustart. Vom 11. bis 13. Februar 2025 wird Premi\u00e8re Vision Paris im Mittelpunkt stehen und Know-how als L\u00f6sung hervorheben. Neu interpretiert und von leidenschaftlichen Menschen vorangetrieben, wird Know-how nicht nur die Art und Weise, wie Kleidung hergestellt wird, neu definieren, sondern auch, wof\u00fcr sie steht.<\/p>\n                        <\/div>\n                                                                                                <\/div>\n            <\/div>\n        <\/div>\n    <\/section>\n    \n\n    <section id=\"newsletter-block_ad6e613250d5b15e39a1713002131ecd\" class=\"section position-relative gp-block gp-newsletter pt-0 pb-0 my-5\">\n        <div class=\"container\">\n            <div class=\"row g-0 pt-4 pb-3\">\n                <div class=\"col-lg-12 content text-center border pt-3\" data-aos=\"fade-in\" data-aos-duration=\"1000\">\n                                            <p><em>Um den Luxiders Newsletter zu erhalten,\u00a0<a href=\"https:\/\/landing.mailerlite.com\/webforms\/landing\/g1u8s7\">melde dich hier an<\/a>.<\/em><\/p>\n                                    <\/div>\n            <\/div>\n        <\/div>\n    <\/section>\n    \n\n    <section id=\"textblock-block_cc6ff722ce1730ef6a55dfee9362b465\" class=\"section position-relative gp-block gp-textblock pt-5 pb-5\">\n        <div class=\"container\">\n            <div class=\"row g-0\">\n                <div class=\"col-lg-12 content\" data-aos=\"fade-in\" data-aos-duration=\"1000\">\n                                                                        <h2 class=\"\"><p class=\"p1\">Handwerkskunst als Katalysator f\u00fcr Erneuerung\n<\/h2>\n                                                                                                        <p>Die gl\u00e4nzende Fassade der Mode hat lange eine Realit\u00e4t von \u00dcberproduktion, Verschwendung und Umweltzerst\u00f6rung verborgen. In Kombination mit der zunehmenden Verbrauchernachfrage nach Transparenz steht die Branche vor einer unbestreitbaren Krise.<\/p>\n<p>In diesem herausfordernden Kontext taucht das <strong>Know-how<\/strong>, also die fachkundige Handwerkskunst, als Hoffnungsschimmer auf. Von Italiens familiengef\u00fchrten Ateliers bis hin zu Japans jahrhundertealten F\u00e4rbetechniken feiert die Handwerkskunst K\u00f6nnen, Tradition und Nachhaltigkeit. Sie bietet eine Gegenperspektive zur Wegwerfkultur der Fast Fashion, indem sie Langlebigkeit, Qualit\u00e4t und Respekt f\u00fcr Materialien f\u00f6rdert.<\/p>\n<p>Im Februar wird die <a href=\"https:\/\/paris.premierevision.com\/en\/?utm_source=luxiders&amp;utm_medium=socialmedia&amp;utm_campaign=rpa20251\" target=\"_blank\" rel=\"noopener\">Premi\u00e8re Vision Paris<\/a> im Mittelpunkt stehen und die Handwerkskunst als L\u00f6sung f\u00fcr die existenziellen Herausforderungen der Mode hervorheben. Die Veranstaltung, die vom 11. bis 13. Februar 2025 stattfindet, wird Kunsthandwerker, Designer und Hersteller aus \u00fcber 40 L\u00e4ndern zusammenbringen und das Beste aus Textilien, Leder und Accessoires pr\u00e4sentieren. Das Know-how wird w\u00e4hrend der Februar-Ausgabe 2025 und aller zuk\u00fcnftigen Februarausgaben im Mittelpunkt stehen und die Fr\u00fchjahrs-\/Sommerkollektionen pr\u00e4sentieren.<\/p>\n<p>Die Veranstaltung l\u00e4dt Besucher ein, einzigartige Handwerkskunst zu entdecken \u2013 sei es modern oder traditionell \u2013 und die neuesten Innovationen in den Bereichen Textilien, Leder, Accessoires und Design zu erkunden. Spinner, Weber, Gerber, Designer, Accessoire-Hersteller und Bekleidungshersteller aus rund 40 L\u00e4ndern, darunter Italien, Frankreich, Spanien, Portugal, Japan, das Vereinigte K\u00f6nigreich, Belgien, S\u00fcdkorea, die T\u00fcrkei und China, werden drei Tage lang diesem Thema gewidmet sein.<\/p>\n                                            <div class=\"highlighted mt-5 mt-lg-6 px-lg-5\">\n                            <p style=\"text-align: center;\"><a href=\"https:\/\/luxiders.com\/de\/die-zukunft-der-textilmessen-interview-mit-florence-rousson-neue-vorstandsvorsitzende-von-premiere-vision\/\" target=\"_blank\" rel=\"noopener\">Florence Rousson, CEO von Premi\u00e8re Vision<\/a>, erkl\u00e4rt: \u201eDie Schl\u00fcsselakteure unserer Branche f\u00fchren Kreislaufwirtschaft und Regeneration wieder ein, setzen auf alternative Prozesse, kleinere Ma\u00dfst\u00e4be, Nachhaltigkeit und langfristiges Denken (&#8230;) Als Tr\u00e4ger von Kultur, Energie und Inspiration verk\u00f6rpern sie sowohl historische als auch zukunftsorientierte Werte, wirtschaftliche und immaterielle Bedeutung, Innovation und Bewahrung.\u201c<\/p>\n                        <\/div>\n                                                        <\/div>\n            <\/div>\n        <\/div>\n    <\/section>\n    \n\n    <section id=\"media-block_c63ef97794946eeece9f65cd380711bf\" class=\"section position-relative gp-block gp-media pt-5 pb-5\">\n        <div class=\"container\">\n            <div class=\"row g-0\">\n                <div class=\"col-lg-12 content\" data-aos=\"fade-in\" data-aos-duration=\"1000\">\n                                                                            <\/div>\n            <\/div>\n            <div class=\"row g-0\">\n                <div class=\"col-lg-12 img-scaled\">\n                                                                                                                                                <figure class=\"mb-4 pt-lg-0 mb-lg-0 ps-lg-8 pe-lg-8\" data-aos=\"fade-up\" data-aos-duration=\"1000\"><div class=\"img-container\"><img loading=\"lazy\" decoding=\"async\" width=\"1200\" height=\"800\" src=\"https:\/\/luxiders.com\/content\/uploads\/pv-juillet-2024alexgallosi-gal9251.jpeg\" class=\"img-fluid w-100\" alt=\"\" srcset=\"https:\/\/luxiders.com\/content\/uploads\/pv-juillet-2024alexgallosi-gal9251.jpeg 1200w, https:\/\/luxiders.com\/content\/uploads\/pv-juillet-2024alexgallosi-gal9251-300x200.jpeg 300w, https:\/\/luxiders.com\/content\/uploads\/pv-juillet-2024alexgallosi-gal9251-1024x683.jpeg 1024w, https:\/\/luxiders.com\/content\/uploads\/pv-juillet-2024alexgallosi-gal9251-768x512.jpeg 768w\" sizes=\"(max-width: 1200px) 100vw, 1200px\" \/><\/div><\/figure>                                                                                            <\/div>\n                                            <\/div>\n        <\/div>\n    <\/section>\n    \n\n    <section id=\"textblock-block_d0439db15eb85ef227351fcee2254dc1\" class=\"section position-relative gp-block gp-textblock pt-5 pb-5\">\n        <div class=\"container\">\n            <div class=\"row g-0\">\n                <div class=\"col-lg-12 content\" data-aos=\"fade-in\" data-aos-duration=\"1000\">\n                                                                        <h2 class=\"\"><p class=\"p1\"><b>Tradition als Hoffnungstr\u00e4ger<\/b>\n<\/h2>\n                                                                                                        <p>W\u00e4hrend Branchenf\u00fchrer nachhaltige Praktiken umsetzen, spielen Verbraucher eine entscheidende Rolle, um die Nachfrage nach bedeutenden Ver\u00e4nderungen voranzutreiben. Indem sie Qualit\u00e4t statt Quantit\u00e4t w\u00e4hlen, lokale Handwerker unterst\u00fctzen und kritische Fragen zu Lieferketten stellen, k\u00f6nnen K\u00e4ufer dazu beitragen, eine <a href=\"https:\/\/luxiders.com\/fashions-future-revealed-trends-challenges-and-opportunities-to-watch\/\" target=\"_blank\" rel=\"noopener\">bessere Zukunft f\u00fcr die Mode<\/a> zu gestalten.<\/p>\n<p>Angesichts des Klimawandels und sich wandelnder Werte bietet <a href=\"https:\/\/luxiders.com\/the-revival-of-mending-how-traditional-craftsmanship-can-support-sustainable-fashion\/\" target=\"_blank\" rel=\"noopener\">nachhaltige Handwerkskunst<\/a> den dringend ben\u00f6tigten Neustart. Sie ist mehr als eine R\u00fcckkehr zur Tradition \u2013 sie ist eine Neuerfindung dessen, was Mode sein kann und sollte: ethisch, langlebig und inspirierend.<\/p>\n<p>F\u00fcr alle, die an der Premi\u00e8re Vision Paris teilnehmen oder sie aus der Ferne verfolgen, steht eines fest: Die Zukunft der Mode ist tief in ihrer Vergangenheit verwurzelt, schreitet jedoch mutig in die Zukunft.<\/p>\n<p>F\u00fcr diese erste Ausgabe, die dem Know-how gewidmet ist, finden alle Besucher Inspiration an folgenden Orten:<\/p>\n<ul>\n<li><strong>Inspiration Forum (Halle 5):<\/strong> Hier werden Geschichten \u00fcber ineinandergreifende Handwerkskunst der Saison pr\u00e4sentiert und eine Auswahl an Ledern aus franz\u00f6sischen Gerbereien gezeigt, gef\u00e4rbt in den Farben der Premi\u00e8re Vision-Palette.<\/li>\n<li><strong>16 Konferenzen und 25 Pitches:<\/strong><\/li>\n<li><strong>Fashion Tech (zweiter Tag):<\/strong>\n<ul>\n<li>11:00 Uhr \u2013 Keynote von Paul Mouginot (Wissenschaftlicher Berater f\u00fcr FHCM);<\/li>\n<li>12:00 Uhr \u2013 Gef\u00fchrte Tour durch den Tech-Bereich;<\/li>\n<li>14:00 Uhr \u2013 Eine Reihe von 12 Pitches, jeweils 15 Minuten lang, pr\u00e4sentiert von Tech-Ausstellern.<\/li>\n<\/ul>\n<\/li>\n<li><strong>Maison d\u2019Exceptions:<\/strong> Ein Bereich, der au\u00dfergew\u00f6hnlichen handwerklichen Techniken gewidmet ist.<\/li>\n<li><strong>Stickerei-Demonstration:<\/strong> Live vorgef\u00fchrt.<\/li>\n<li><strong>NEU!!! Textil-Lexikon:<\/strong> Ein Leitfaden zu innovativen und traditionellen Fasern, mit Fokus auf synthetische, k\u00fcnstliche, tierische und andere Fasern. Dieses Format katalogisiert und entschl\u00fcsselt textile Materialien und identifiziert die Eigenschaften jeder Faser, von den traditionellsten bis zu den innovativsten.<\/li>\n<li><strong>Inspirationsforum:<\/strong> Pr\u00e4sentation neuer Trends wie Upcycling und bio-basierte Materialien, inspiriert von Themen wie &#8222;Re-fresh&#8220; und &#8222;Re-store&#8220;.<\/li>\n<\/ul>\n                                            <div class=\"highlighted mt-5 mt-lg-6 px-lg-5\">\n                            <p class=\"p1\" style=\"text-align: center;\">Wie bereits vor mehreren Monaten angek\u00fcndigt, h\u00e4lt Premi\u00e8re Vision Paris an ihrem Zeitplan mit zwei j\u00e4hrlichen, eigenst\u00e4ndigen und sich erg\u00e4nzenden Veranstaltungen fest.<\/p>\n                        <\/div>\n                                                        <\/div>\n            <\/div>\n        <\/div>\n    <\/section>\n    \n\n    <section id=\"media-block_78597774bb54fc67d7c0ed777e5b26e5\" class=\"section position-relative gp-block gp-media pt-5 pb-5\">\n        <div class=\"container\">\n            <div class=\"row g-0\">\n                <div class=\"col-lg-12 content\" data-aos=\"fade-in\" data-aos-duration=\"1000\">\n                                                                            <\/div>\n            <\/div>\n            <div class=\"row g-0\">\n                <div class=\"col-lg-12 img-scaled\">\n                                                                                                                                                <figure class=\"mb-4 pt-lg-0 mb-lg-0 ps-lg-0 pe-lg-0\" data-aos=\"fade-up\" data-aos-duration=\"1000\"><div class=\"img-container\"><img loading=\"lazy\" decoding=\"async\" width=\"1200\" height=\"800\" src=\"https:\/\/luxiders.com\/content\/uploads\/PV-PARIS_FEB2024_\u00a9AlexGallosi-I1.jpg\" class=\"img-fluid w-100\" alt=\"Premi\u00e8re Vision Paris At Smart Creation Universe\" srcset=\"https:\/\/luxiders.com\/content\/uploads\/PV-PARIS_FEB2024_\u00a9AlexGallosi-I1.jpg 1200w, https:\/\/luxiders.com\/content\/uploads\/PV-PARIS_FEB2024_\u00a9AlexGallosi-I1-300x200.jpg 300w, https:\/\/luxiders.com\/content\/uploads\/PV-PARIS_FEB2024_\u00a9AlexGallosi-I1-1024x683.jpg 1024w, https:\/\/luxiders.com\/content\/uploads\/PV-PARIS_FEB2024_\u00a9AlexGallosi-I1-768x512.jpg 768w\" sizes=\"(max-width: 1200px) 100vw, 1200px\" \/><\/div><figcaption>\u00a9Alex Gallosi for Premi\u00e8re Vision Paris February 2024<\/figcaption><\/figure>                                                                                            <\/div>\n                                            <\/div>\n        <\/div>\n    <\/section>\n    \n\n    <section id=\"textblock-block_6ddcea13b181603eb23b0833a0d33af6\" class=\"section position-relative gp-block gp-textblock pt-5 pb-5\">\n        <div class=\"container\">\n            <div class=\"row g-0\">\n                <div class=\"col-lg-12 content\" data-aos=\"fade-in\" data-aos-duration=\"1000\">\n                                                                        <h2 class=\"\"><h2>RE-FRESH, RE-SET &amp; RE-STORE<\/h2>\n<\/h2>\n                                                                                                        <p class=\"p1\">Drei Themen k\u00f6nnen im Inspirationsforum entdeckt werden:<\/p>\n<p class=\"p1\">RE-FRESH: Die Saison erforscht luftige Strukturen und textile Handwerkskunst, indem industrielle Techniken mit nat\u00fcrlichen L\u00f6sungen kombiniert werden, um den aktuellen Klimaherausforderungen zu begegnen.<\/p>\n<p class=\"p1\">RE-SET: Die Saison r\u00fcckt Satins mit virtuosen Verzierungen in den Fokus und zeigt die Exzellenz sowohl industriellen als auch handwerklichen Know-hows.<\/p>\n<p class=\"p1\">RE-STORE: Die Saison konzentriert sich auf Indigo sowie auf Recycling- und Upcycling-Praktiken und f\u00f6rdert ein verantwortungsbewusstes industrielles Handwerk f\u00fcr eine nachhaltige Mode.<\/p>\n<p class=\"p1\">Mathilde Hiron, Finalistin im Accessoire-Wettbewerb des 38. Hy\u00e8res International Festival of Fashion, Photography, and Accessories, wird Kreationen pr\u00e4sentieren, die speziell f\u00fcr diesen Anlass in Zusammenarbeit mit franz\u00f6sischen Gerbereien entstanden sind.<\/p>\n<p class=\"p1\">Weitere Informationen zur Fr\u00fchling-Sommer 2026 Saison gibt es bei der Premi\u00e8re Vision Paris, die zwei Modeforen feiern wird: das Inspiration Forum (Halle 5) und das Sourcing Solutions Forum (Halle 6). Zudem wird der neue Accessories Index vorgestellt, der die Beschaffung von Accessoires vereinfachen soll.<\/p>\n                                            <div class=\"highlighted mt-5 mt-lg-6 px-lg-5\">\n                            <p class=\"p1\" style=\"text-align: center;\">\u201eIn dieser Saison stehen aufkommende Trends im Zeichen von Handwerkskunst, Vielseitigkeit, Innovation und Nachhaltigkeit. Es gibt eine gro\u00dfe Begeisterung f\u00fcr leichte, luftige Materialien, die von Outdoor-Sportarten inspiriert sind. Komfort wird neu definiert, mit konfortablen, flexiblen Textilien, die von Sport- bis hin zu Streetwear reichen. Nachhaltigkeit r\u00fcckt in den Mittelpunkt, mit recycelten und biobasierten Verbundmaterialien.\u201c \u2014 Desolina Suter, Fashion Director, Premi\u00e8re Vision.<\/p>\n                        <\/div>\n                                                        <\/div>\n            <\/div>\n        <\/div>\n    <\/section>\n    \n\n    <section id=\"media-block_4509717b557d139ace4952dac96a0647\" class=\"section position-relative gp-block gp-media pt-5 pb-5\">\n        <div class=\"container\">\n            <div class=\"row g-0\">\n                <div class=\"col-lg-12 content\" data-aos=\"fade-in\" data-aos-duration=\"1000\">\n                                                                            <\/div>\n            <\/div>\n            <div class=\"row g-0\">\n                <div class=\"col-lg-12 img-scaled\">\n                                                                                                                                                <figure class=\"mb-4 pt-lg-0 mb-lg-0 ps-lg-0 pe-lg-0\" data-aos=\"fade-up\" data-aos-duration=\"1000\"><div class=\"img-container\"><img loading=\"lazy\" decoding=\"async\" width=\"1200\" height=\"800\" src=\"https:\/\/luxiders.com\/content\/uploads\/035-pv-juillet-2024alexgallosi-alg0472.jpeg\" class=\"img-fluid w-100\" alt=\"\" srcset=\"https:\/\/luxiders.com\/content\/uploads\/035-pv-juillet-2024alexgallosi-alg0472.jpeg 1200w, https:\/\/luxiders.com\/content\/uploads\/035-pv-juillet-2024alexgallosi-alg0472-300x200.jpeg 300w, https:\/\/luxiders.com\/content\/uploads\/035-pv-juillet-2024alexgallosi-alg0472-1024x683.jpeg 1024w, https:\/\/luxiders.com\/content\/uploads\/035-pv-juillet-2024alexgallosi-alg0472-768x512.jpeg 768w\" sizes=\"(max-width: 1200px) 100vw, 1200px\" \/><\/div><\/figure>                                                                                            <\/div>\n                                            <\/div>\n        <\/div>\n    <\/section>\n    \n\n    <section id=\"media-block_31411ef6b3ad61feecf0fb4a8092c271\" class=\"section position-relative gp-block gp-media pt-5 pb-5\">\n        <div class=\"container\">\n            <div class=\"row g-0\">\n                <div class=\"col-lg-12 content\" data-aos=\"fade-in\" data-aos-duration=\"1000\">\n                                                                            <\/div>\n            <\/div>\n            <div class=\"row g-0\">\n                <div class=\"col-lg-6 \">\n                                                                                                                                                <figure class=\"mb-4 pt-lg-4 mb-lg-0 ps-lg-2 pe-lg-4\" data-aos=\"fade-up\" data-aos-duration=\"1000\"><div class=\"img-container\"><img loading=\"lazy\" decoding=\"async\" width=\"1200\" height=\"800\" src=\"https:\/\/luxiders.com\/content\/uploads\/pv-juillet-2024alexgallosi-alg0666.jpeg\" class=\"img-fluid w-100\" alt=\"\" srcset=\"https:\/\/luxiders.com\/content\/uploads\/pv-juillet-2024alexgallosi-alg0666.jpeg 1200w, https:\/\/luxiders.com\/content\/uploads\/pv-juillet-2024alexgallosi-alg0666-300x200.jpeg 300w, https:\/\/luxiders.com\/content\/uploads\/pv-juillet-2024alexgallosi-alg0666-1024x683.jpeg 1024w, https:\/\/luxiders.com\/content\/uploads\/pv-juillet-2024alexgallosi-alg0666-768x512.jpeg 768w\" sizes=\"(max-width: 1200px) 100vw, 1200px\" \/><\/div><\/figure>                                                                                            <\/div>\n                                    <div class=\"col-lg-6\">\n                                                                                                                                                        <figure class=\"mb-4 pt-lg-0 mb-lg-8 ps-lg-3 pe-lg-0\" data-aos=\"fade-up\" data-aos-duration=\"1000\"><div class=\"img-container\"><img loading=\"lazy\" decoding=\"async\" width=\"1200\" height=\"800\" src=\"https:\/\/luxiders.com\/content\/uploads\/pv-juillet-2024alexgallosi-alg0901.jpeg\" class=\"img-fluid w-100\" alt=\"\" srcset=\"https:\/\/luxiders.com\/content\/uploads\/pv-juillet-2024alexgallosi-alg0901.jpeg 1200w, https:\/\/luxiders.com\/content\/uploads\/pv-juillet-2024alexgallosi-alg0901-300x200.jpeg 300w, https:\/\/luxiders.com\/content\/uploads\/pv-juillet-2024alexgallosi-alg0901-1024x683.jpeg 1024w, https:\/\/luxiders.com\/content\/uploads\/pv-juillet-2024alexgallosi-alg0901-768x512.jpeg 768w\" sizes=\"(max-width: 1200px) 100vw, 1200px\" \/><\/div><\/figure>                                                                                                        <\/div>\n                                            <\/div>\n        <\/div>\n    <\/section>\n    \n\n    <section id=\"media-block_08be8290c7d6dc007d4d2b0ce4a445f2\" class=\"section position-relative gp-block gp-media pt-5 pb-5\">\n        <div class=\"container\">\n            <div class=\"row g-0\">\n                <div class=\"col-lg-12 content\" data-aos=\"fade-in\" data-aos-duration=\"1000\">\n                                                                            <\/div>\n            <\/div>\n            <div class=\"row g-0\">\n                <div class=\"col-lg-12 img-scaled\">\n                                                                                                                                                <figure class=\"mb-4 pt-lg-0 mb-lg-0 ps-lg-0 pe-lg-0\" data-aos=\"fade-up\" data-aos-duration=\"1000\"><div class=\"img-container\"><img loading=\"lazy\" decoding=\"async\" width=\"1200\" height=\"800\" src=\"https:\/\/luxiders.com\/content\/uploads\/pv_fd19606.jpeg\" class=\"img-fluid w-100\" alt=\"\" srcset=\"https:\/\/luxiders.com\/content\/uploads\/pv_fd19606.jpeg 1200w, https:\/\/luxiders.com\/content\/uploads\/pv_fd19606-300x200.jpeg 300w, https:\/\/luxiders.com\/content\/uploads\/pv_fd19606-1024x683.jpeg 1024w, https:\/\/luxiders.com\/content\/uploads\/pv_fd19606-768x512.jpeg 768w\" sizes=\"(max-width: 1200px) 100vw, 1200px\" \/><\/div><\/figure>                                                                                            <\/div>\n                                            <\/div>\n        <\/div>\n    <\/section>\n    \n\n    <section id=\"media-block_1707cc43812665556e9c5961f3b8dba1\" class=\"section position-relative gp-block gp-media text-center pt-5 pb-5 pb-lg-8\">\n        <div class=\"container\">\n            <div class=\"row g-0\">\n                <div class=\"col-lg-12 content\" data-aos=\"fade-in\" data-aos-duration=\"1000\">\n                                        <p style=\"text-align: center;\"><em><strong>+ All Images:<br \/>\n\u00a9 Premiere Vision Paris<\/strong><\/em><\/p>\n                                            <div class=\"mt-4 mt-lg-5\"><\/div>\n                                                                \n                    <p class=\"mb-0\"><a class=\"btn btn-secondary extern text-white\" href=\"https:\/\/paris.premierevision.com\/en\/?utm_source=luxiders&#038;utm_medium=display&#038;utm_campaign=rpa20251\" title=\"Visit Premiere Vision Paris\" target=\"_blank\"><span>Visit Premiere Vision Paris<\/span><\/a><\/p>\n                                                <\/div>\n            <\/div>\n            <div class=\"row g-0\">\n                <div class=\"col-lg-6 \">\n                                    <\/div>\n                                    <div class=\"col-lg-6\">\n                                            <\/div>\n                                            <\/div>\n        <\/div>\n    <\/section>\n    ","protected":false},"excerpt":{"rendered":"","protected":false},"author":2,"featured_media":52064,"comment_status":"closed","ping_status":"closed","sticky":false,"template":"","format":"standard","meta":{"_acf_changed":false,"footnotes":""},"categories":[1194],"tags":[9738,5154],"class_list":{"0":"post-52061","1":"post","2":"type-post","3":"status-publish","4":"format-standard","5":"has-post-thumbnail","7":"category-nachhaltig-luxus-mode","8":"tag-know-how-de","9":"tag-premiere-vision-3-de"},"acf":[],"yoast_head":"<title>\u201eKnow-how\u201c weist den Weg sagt Premi\u00e8re Vision Paris<\/title>\n<meta name=\"description\" content=\"Die Modeindustrie steht an einem Wendepunkt. Die Mode braucht einen Neustart. Vom 11. bis 13. Februar 2025 wird die Premi\u00e8re Vision Paris\u2026\" \/>\n<meta name=\"robots\" content=\"index, follow, max-snippet:-1, max-image-preview:large, max-video-preview:-1\" \/>\n<link rel=\"canonical\" href=\"https:\/\/luxiders.com\/de\/die-mode-braucht-einen-neustart-know-how-ist-der-weg-laut-premiere-vision-paris\/\" \/>\n<meta property=\"og:locale\" content=\"de_DE\" \/>\n<meta property=\"og:type\" content=\"article\" \/>\n<meta property=\"og:title\" content=\"\u201eKnow-how\u201c weist den Weg sagt Premi\u00e8re Vision Paris\" \/>\n<meta property=\"og:description\" content=\"Die Modeindustrie steht an einem Wendepunkt. Die Mode braucht einen Neustart. Vom 11. bis 13. Februar 2025 wird die Premi\u00e8re Vision Paris\u2026\" \/>\n<meta property=\"og:url\" content=\"https:\/\/luxiders.com\/de\/die-mode-braucht-einen-neustart-know-how-ist-der-weg-laut-premiere-vision-paris\/\" \/>\n<meta property=\"og:site_name\" content=\"Sustainable Fashion - Eco Design - Healthy Lifestyle - Luxiders Magazine\" \/>\n<meta property=\"article:published_time\" content=\"2025-01-13T18:14:30+00:00\" \/>\n<meta property=\"article:modified_time\" content=\"2025-01-14T08:17:00+00:00\" \/>\n<meta property=\"og:image\" content=\"https:\/\/luxiders.com\/content\/uploads\/PV-know-how-1-scaled.jpg\" \/>\n\t<meta property=\"og:image:width\" content=\"2560\" \/>\n\t<meta property=\"og:image:height\" content=\"1707\" \/>\n\t<meta property=\"og:image:type\" content=\"image\/jpeg\" \/>\n<meta name=\"author\" content=\"luxiders\" \/>\n<meta name=\"twitter:card\" content=\"summary_large_image\" \/>\n<meta name=\"twitter:label1\" content=\"Verfasst von\" \/>\n\t<meta name=\"twitter:data1\" content=\"luxiders\" \/>\n\t<meta name=\"twitter:label2\" content=\"Gesch\u00e4tzte Lesezeit\" \/>\n\t<meta name=\"twitter:data2\" content=\"4\u00a0Minuten\" \/>\n<script type=\"application\/ld+json\" class=\"yoast-schema-graph\">{\"@context\":\"https:\/\/schema.org\",\"@graph\":[{\"@type\":\"Article\",\"@id\":\"https:\/\/luxiders.com\/de\/die-mode-braucht-einen-neustart-know-how-ist-der-weg-laut-premiere-vision-paris\/#article\",\"isPartOf\":{\"@id\":\"https:\/\/luxiders.com\/de\/die-mode-braucht-einen-neustart-know-how-ist-der-weg-laut-premiere-vision-paris\/\"},\"author\":{\"name\":\"luxiders\",\"@id\":\"https:\/\/luxiders.com\/de\/#\/schema\/person\/8632fa702ae2ce98f66c396254633de8\"},\"headline\":\"Die Mode braucht einen Neustart: \u201eKnow-how\u201c ist der Weg laut Premi\u00e8re Vision Paris\",\"datePublished\":\"2025-01-13T18:14:30+00:00\",\"dateModified\":\"2025-01-14T08:17:00+00:00\",\"mainEntityOfPage\":{\"@id\":\"https:\/\/luxiders.com\/de\/die-mode-braucht-einen-neustart-know-how-ist-der-weg-laut-premiere-vision-paris\/\"},\"wordCount\":14,\"publisher\":{\"@id\":\"https:\/\/luxiders.com\/de\/#organization\"},\"image\":{\"@id\":\"https:\/\/luxiders.com\/de\/die-mode-braucht-einen-neustart-know-how-ist-der-weg-laut-premiere-vision-paris\/#primaryimage\"},\"thumbnailUrl\":\"https:\/\/luxiders.com\/content\/uploads\/PV-know-how-1-scaled.jpg\",\"keywords\":[\"know-how\",\"premiere vision\"],\"articleSection\":[\"Mode\"],\"inLanguage\":\"de\"},{\"@type\":\"WebPage\",\"@id\":\"https:\/\/luxiders.com\/de\/die-mode-braucht-einen-neustart-know-how-ist-der-weg-laut-premiere-vision-paris\/\",\"url\":\"https:\/\/luxiders.com\/de\/die-mode-braucht-einen-neustart-know-how-ist-der-weg-laut-premiere-vision-paris\/\",\"name\":\"\u201eKnow-how\u201c weist den Weg sagt Premi\u00e8re Vision Paris\",\"isPartOf\":{\"@id\":\"https:\/\/luxiders.com\/de\/#website\"},\"primaryImageOfPage\":{\"@id\":\"https:\/\/luxiders.com\/de\/die-mode-braucht-einen-neustart-know-how-ist-der-weg-laut-premiere-vision-paris\/#primaryimage\"},\"image\":{\"@id\":\"https:\/\/luxiders.com\/de\/die-mode-braucht-einen-neustart-know-how-ist-der-weg-laut-premiere-vision-paris\/#primaryimage\"},\"thumbnailUrl\":\"https:\/\/luxiders.com\/content\/uploads\/PV-know-how-1-scaled.jpg\",\"datePublished\":\"2025-01-13T18:14:30+00:00\",\"dateModified\":\"2025-01-14T08:17:00+00:00\",\"description\":\"Die Modeindustrie steht an einem Wendepunkt. Die Mode braucht einen Neustart. Vom 11. bis 13. Februar 2025 wird die Premi\u00e8re Vision Paris\u2026\",\"breadcrumb\":{\"@id\":\"https:\/\/luxiders.com\/de\/die-mode-braucht-einen-neustart-know-how-ist-der-weg-laut-premiere-vision-paris\/#breadcrumb\"},\"inLanguage\":\"de\",\"potentialAction\":[{\"@type\":\"ReadAction\",\"target\":[\"https:\/\/luxiders.com\/de\/die-mode-braucht-einen-neustart-know-how-ist-der-weg-laut-premiere-vision-paris\/\"]}]},{\"@type\":\"ImageObject\",\"inLanguage\":\"de\",\"@id\":\"https:\/\/luxiders.com\/de\/die-mode-braucht-einen-neustart-know-how-ist-der-weg-laut-premiere-vision-paris\/#primaryimage\",\"url\":\"https:\/\/luxiders.com\/content\/uploads\/PV-know-how-1-scaled.jpg\",\"contentUrl\":\"https:\/\/luxiders.com\/content\/uploads\/PV-know-how-1-scaled.jpg\",\"width\":2560,\"height\":1707,\"caption\":\"pv\"},{\"@type\":\"BreadcrumbList\",\"@id\":\"https:\/\/luxiders.com\/de\/die-mode-braucht-einen-neustart-know-how-ist-der-weg-laut-premiere-vision-paris\/#breadcrumb\",\"itemListElement\":[{\"@type\":\"ListItem\",\"position\":1,\"name\":\"Startseite\",\"item\":\"https:\/\/luxiders.com\/de\/\"},{\"@type\":\"ListItem\",\"position\":2,\"name\":\"Mode\",\"item\":\"https:\/\/luxiders.com\/de\/Katregorie\/nachhaltig-luxus-mode\/\"},{\"@type\":\"ListItem\",\"position\":3,\"name\":\"Die Mode braucht einen Neustart: \u201eKnow-how\u201c ist der Weg laut Premi\u00e8re Vision Paris\"}]},{\"@type\":\"WebSite\",\"@id\":\"https:\/\/luxiders.com\/de\/#website\",\"url\":\"https:\/\/luxiders.com\/de\/\",\"name\":\"Sustainable Fashion - Eco Design - Healthy Lifestyle - Luxiders Magazine\",\"description\":\"Luxiders is a sustainable luxury magazine highlighting the best stories about sustainable fashion, ethical fashion, eco-friendly design, green design, sustainable travel, natural beauty, organic beauty and healthy lifestyle. Know the best high-end, progressive and luxury sustainable brands and designers worldwide.\",\"publisher\":{\"@id\":\"https:\/\/luxiders.com\/de\/#organization\"},\"potentialAction\":[{\"@type\":\"SearchAction\",\"target\":{\"@type\":\"EntryPoint\",\"urlTemplate\":\"https:\/\/luxiders.com\/de\/?s={search_term_string}\"},\"query-input\":{\"@type\":\"PropertyValueSpecification\",\"valueRequired\":true,\"valueName\":\"search_term_string\"}}],\"inLanguage\":\"de\"},{\"@type\":\"Organization\",\"@id\":\"https:\/\/luxiders.com\/de\/#organization\",\"name\":\"Sustainable Fashion - Eco Design - Healthy Lifestyle - Luxiders Magazine\",\"url\":\"https:\/\/luxiders.com\/de\/\",\"logo\":{\"@type\":\"ImageObject\",\"inLanguage\":\"de\",\"@id\":\"https:\/\/luxiders.com\/de\/#\/schema\/logo\/image\/\",\"url\":\"https:\/\/luxiders.com\/content\/uploads\/lux-logo.svg\",\"contentUrl\":\"https:\/\/luxiders.com\/content\/uploads\/lux-logo.svg\",\"caption\":\"Sustainable Fashion - Eco Design - Healthy Lifestyle - Luxiders Magazine\"},\"image\":{\"@id\":\"https:\/\/luxiders.com\/de\/#\/schema\/logo\/image\/\"}},{\"@type\":\"Person\",\"@id\":\"https:\/\/luxiders.com\/de\/#\/schema\/person\/8632fa702ae2ce98f66c396254633de8\",\"name\":\"luxiders\",\"url\":\"https:\/\/luxiders.com\/de\/author\/luxiders\/\"}]}<\/script>","yoast_head_json":{"title":"\u201eKnow-how\u201c weist den Weg sagt Premi\u00e8re Vision Paris","description":"Die Modeindustrie steht an einem Wendepunkt. Die Mode braucht einen Neustart. Vom 11. bis 13. Februar 2025 wird die Premi\u00e8re Vision Paris\u2026","robots":{"index":"index","follow":"follow","max-snippet":"max-snippet:-1","max-image-preview":"max-image-preview:large","max-video-preview":"max-video-preview:-1"},"canonical":"https:\/\/luxiders.com\/de\/die-mode-braucht-einen-neustart-know-how-ist-der-weg-laut-premiere-vision-paris\/","og_locale":"de_DE","og_type":"article","og_title":"\u201eKnow-how\u201c weist den Weg sagt Premi\u00e8re Vision Paris","og_description":"Die Modeindustrie steht an einem Wendepunkt. Die Mode braucht einen Neustart. Vom 11. bis 13. Februar 2025 wird die Premi\u00e8re Vision Paris\u2026","og_url":"https:\/\/luxiders.com\/de\/die-mode-braucht-einen-neustart-know-how-ist-der-weg-laut-premiere-vision-paris\/","og_site_name":"Sustainable Fashion - Eco Design - Healthy Lifestyle - Luxiders Magazine","article_published_time":"2025-01-13T18:14:30+00:00","article_modified_time":"2025-01-14T08:17:00+00:00","og_image":[{"width":2560,"height":1707,"url":"https:\/\/luxiders.com\/content\/uploads\/PV-know-how-1-scaled.jpg","type":"image\/jpeg"}],"author":"luxiders","twitter_card":"summary_large_image","twitter_misc":{"Verfasst von":"luxiders","Gesch\u00e4tzte Lesezeit":"4\u00a0Minuten"},"schema":{"@context":"https:\/\/schema.org","@graph":[{"@type":"Article","@id":"https:\/\/luxiders.com\/de\/die-mode-braucht-einen-neustart-know-how-ist-der-weg-laut-premiere-vision-paris\/#article","isPartOf":{"@id":"https:\/\/luxiders.com\/de\/die-mode-braucht-einen-neustart-know-how-ist-der-weg-laut-premiere-vision-paris\/"},"author":{"name":"luxiders","@id":"https:\/\/luxiders.com\/de\/#\/schema\/person\/8632fa702ae2ce98f66c396254633de8"},"headline":"Die Mode braucht einen Neustart: \u201eKnow-how\u201c ist der Weg laut Premi\u00e8re Vision Paris","datePublished":"2025-01-13T18:14:30+00:00","dateModified":"2025-01-14T08:17:00+00:00","mainEntityOfPage":{"@id":"https:\/\/luxiders.com\/de\/die-mode-braucht-einen-neustart-know-how-ist-der-weg-laut-premiere-vision-paris\/"},"wordCount":14,"publisher":{"@id":"https:\/\/luxiders.com\/de\/#organization"},"image":{"@id":"https:\/\/luxiders.com\/de\/die-mode-braucht-einen-neustart-know-how-ist-der-weg-laut-premiere-vision-paris\/#primaryimage"},"thumbnailUrl":"https:\/\/luxiders.com\/content\/uploads\/PV-know-how-1-scaled.jpg","keywords":["know-how","premiere vision"],"articleSection":["Mode"],"inLanguage":"de"},{"@type":"WebPage","@id":"https:\/\/luxiders.com\/de\/die-mode-braucht-einen-neustart-know-how-ist-der-weg-laut-premiere-vision-paris\/","url":"https:\/\/luxiders.com\/de\/die-mode-braucht-einen-neustart-know-how-ist-der-weg-laut-premiere-vision-paris\/","name":"\u201eKnow-how\u201c weist den Weg sagt Premi\u00e8re Vision Paris","isPartOf":{"@id":"https:\/\/luxiders.com\/de\/#website"},"primaryImageOfPage":{"@id":"https:\/\/luxiders.com\/de\/die-mode-braucht-einen-neustart-know-how-ist-der-weg-laut-premiere-vision-paris\/#primaryimage"},"image":{"@id":"https:\/\/luxiders.com\/de\/die-mode-braucht-einen-neustart-know-how-ist-der-weg-laut-premiere-vision-paris\/#primaryimage"},"thumbnailUrl":"https:\/\/luxiders.com\/content\/uploads\/PV-know-how-1-scaled.jpg","datePublished":"2025-01-13T18:14:30+00:00","dateModified":"2025-01-14T08:17:00+00:00","description":"Die Modeindustrie steht an einem Wendepunkt. Die Mode braucht einen Neustart. Vom 11. bis 13. Februar 2025 wird die Premi\u00e8re Vision Paris\u2026","breadcrumb":{"@id":"https:\/\/luxiders.com\/de\/die-mode-braucht-einen-neustart-know-how-ist-der-weg-laut-premiere-vision-paris\/#breadcrumb"},"inLanguage":"de","potentialAction":[{"@type":"ReadAction","target":["https:\/\/luxiders.com\/de\/die-mode-braucht-einen-neustart-know-how-ist-der-weg-laut-premiere-vision-paris\/"]}]},{"@type":"ImageObject","inLanguage":"de","@id":"https:\/\/luxiders.com\/de\/die-mode-braucht-einen-neustart-know-how-ist-der-weg-laut-premiere-vision-paris\/#primaryimage","url":"https:\/\/luxiders.com\/content\/uploads\/PV-know-how-1-scaled.jpg","contentUrl":"https:\/\/luxiders.com\/content\/uploads\/PV-know-how-1-scaled.jpg","width":2560,"height":1707,"caption":"pv"},{"@type":"BreadcrumbList","@id":"https:\/\/luxiders.com\/de\/die-mode-braucht-einen-neustart-know-how-ist-der-weg-laut-premiere-vision-paris\/#breadcrumb","itemListElement":[{"@type":"ListItem","position":1,"name":"Startseite","item":"https:\/\/luxiders.com\/de\/"},{"@type":"ListItem","position":2,"name":"Mode","item":"https:\/\/luxiders.com\/de\/Katregorie\/nachhaltig-luxus-mode\/"},{"@type":"ListItem","position":3,"name":"Die Mode braucht einen Neustart: \u201eKnow-how\u201c ist der Weg laut Premi\u00e8re Vision Paris"}]},{"@type":"WebSite","@id":"https:\/\/luxiders.com\/de\/#website","url":"https:\/\/luxiders.com\/de\/","name":"Sustainable Fashion - Eco Design - Healthy Lifestyle - Luxiders Magazine","description":"Luxiders is a sustainable luxury magazine highlighting the best stories about sustainable fashion, ethical fashion, eco-friendly design, green design, sustainable travel, natural beauty, organic beauty and healthy lifestyle. Know the best high-end, progressive and luxury sustainable brands and designers worldwide.","publisher":{"@id":"https:\/\/luxiders.com\/de\/#organization"},"potentialAction":[{"@type":"SearchAction","target":{"@type":"EntryPoint","urlTemplate":"https:\/\/luxiders.com\/de\/?s={search_term_string}"},"query-input":{"@type":"PropertyValueSpecification","valueRequired":true,"valueName":"search_term_string"}}],"inLanguage":"de"},{"@type":"Organization","@id":"https:\/\/luxiders.com\/de\/#organization","name":"Sustainable Fashion - Eco Design - Healthy Lifestyle - Luxiders Magazine","url":"https:\/\/luxiders.com\/de\/","logo":{"@type":"ImageObject","inLanguage":"de","@id":"https:\/\/luxiders.com\/de\/#\/schema\/logo\/image\/","url":"https:\/\/luxiders.com\/content\/uploads\/lux-logo.svg","contentUrl":"https:\/\/luxiders.com\/content\/uploads\/lux-logo.svg","caption":"Sustainable Fashion - Eco Design - Healthy Lifestyle - Luxiders Magazine"},"image":{"@id":"https:\/\/luxiders.com\/de\/#\/schema\/logo\/image\/"}},{"@type":"Person","@id":"https:\/\/luxiders.com\/de\/#\/schema\/person\/8632fa702ae2ce98f66c396254633de8","name":"luxiders","url":"https:\/\/luxiders.com\/de\/author\/luxiders\/"}]}},"_links":{"self":[{"href":"https:\/\/luxiders.com\/de\/wp-json\/wp\/v2\/posts\/52061","targetHints":{"allow":["GET"]}}],"collection":[{"href":"https:\/\/luxiders.com\/de\/wp-json\/wp\/v2\/posts"}],"about":[{"href":"https:\/\/luxiders.com\/de\/wp-json\/wp\/v2\/types\/post"}],"author":[{"embeddable":true,"href":"https:\/\/luxiders.com\/de\/wp-json\/wp\/v2\/users\/2"}],"replies":[{"embeddable":true,"href":"https:\/\/luxiders.com\/de\/wp-json\/wp\/v2\/comments?post=52061"}],"version-history":[{"count":2,"href":"https:\/\/luxiders.com\/de\/wp-json\/wp\/v2\/posts\/52061\/revisions"}],"predecessor-version":[{"id":52122,"href":"https:\/\/luxiders.com\/de\/wp-json\/wp\/v2\/posts\/52061\/revisions\/52122"}],"wp:featuredmedia":[{"embeddable":true,"href":"https:\/\/luxiders.com\/de\/wp-json\/wp\/v2\/media\/52064"}],"wp:attachment":[{"href":"https:\/\/luxiders.com\/de\/wp-json\/wp\/v2\/media?parent=52061"}],"wp:term":[{"taxonomy":"category","embeddable":true,"href":"https:\/\/luxiders.com\/de\/wp-json\/wp\/v2\/categories?post=52061"},{"taxonomy":"post_tag","embeddable":true,"href":"https:\/\/luxiders.com\/de\/wp-json\/wp\/v2\/tags?post=52061"}],"curies":[{"name":"wp","href":"https:\/\/api.w.org\/{rel}","templated":true}]}}