{"id":52818,"date":"2025-02-10T15:22:56","date_gmt":"2025-02-10T14:22:56","guid":{"rendered":"https:\/\/luxiders.com\/?p=52818"},"modified":"2025-02-11T09:20:55","modified_gmt":"2025-02-11T08:20:55","slug":"rebekka-ruetz-nachhaltigkeit-trifft-auf-avantgardistische-eleganz","status":"publish","type":"post","link":"https:\/\/luxiders.com\/de\/rebekka-ruetz-nachhaltigkeit-trifft-auf-avantgardistische-eleganz\/","title":{"rendered":"Rebekka Ru\u00e9tz | Nachhaltigkeit trifft auf avantgardistische Eleganz"},"content":{"rendered":"    <section id=\"textblock-block_d093de69a7c08e24cf2031260038807e\" class=\"section position-relative gp-block gp-textblock pt-0 pb-0\">\n        <div class=\"container\">\n            <div class=\"row g-0\">\n                <div class=\"col-lg-12 content\" data-aos=\"fade-in\" data-aos-duration=\"1000\">\n                                                                                    <div class=\"intro \">\n                            <p class=\"p1\" style=\"text-align: center;\">Rebekka Ruetz ist seit Langem ein Name, der f\u00fcr k\u00fchne Kreativit\u00e4t und ein unersch\u00fctterliches Engagement f\u00fcr Nachhaltigkeit steht. Auf der Berlin Fashion Week 2025 pr\u00e4sentierte Ruetz eine Kollektion, die das Publikum nicht nur mit ihrer \u00e4therischen \u00c4sthetik fesselte, sondern auch die Grenzen nachhaltiger Mode neu definierte. In diesem exklusiven Interview mit dem Luxiders Magazine spricht Ruetz \u00fcber die Inspiration hinter ihrer neuesten Kollektion, ihre Entwicklung als unabh\u00e4ngige Designerin und ihre Vision f\u00fcr die Zukunft bewusster Mode.<\/p>\n                        <\/div>\n                                                                                                <\/div>\n            <\/div>\n        <\/div>\n    <\/section>\n    \n\n    <section id=\"newsletter-block_ed3754265ce5a222c12821e52c4fe3af\" class=\"section position-relative gp-block gp-newsletter pt-0 pb-0 my-5\">\n        <div class=\"container\">\n            <div class=\"row g-0 pt-4 pb-3\">\n                <div class=\"col-lg-12 content text-center border pt-3\" data-aos=\"fade-in\" data-aos-duration=\"1000\">\n                                            <p><em>Um den Luxiders Newsletter zu erhalten,\u00a0<a href=\"https:\/\/landing.mailerlite.com\/webforms\/landing\/g1u8s7\">melde dich hier an<\/a>.<\/em><\/p>\n                                    <\/div>\n            <\/div>\n        <\/div>\n    <\/section>\n    \n\n    <section id=\"textblock-block_542f824f58afd522de84c4f333295e16\" class=\"section position-relative gp-block gp-textblock pt-5 pb-5\">\n        <div class=\"container\">\n            <div class=\"row g-0\">\n                <div class=\"col-lg-12 content\" data-aos=\"fade-in\" data-aos-duration=\"1000\">\n                                                                                <p class=\"p1\">Rebekka Ruetz\u2019 Kollektion vereint luxuri\u00f6se Materialien mit einer Vision von Nachhaltigkeit. Feinste Bio-Baumwolle und Denim treffen auf veganes Leder, w\u00e4hrend handverlesene Spitze und exklusive Drucke Details enth\u00fcllen, die wie poetische Botschaften wirken: Schmetterlingsfl\u00fcgel symbolisieren Metamorphose, gefrorene Orchideen stehen f\u00fcr zeitlose Sch\u00f6nheit, und eine majest\u00e4tische Bergkette dient als Metapher f\u00fcr Freiheit.<\/p>\n<p>&nbsp;<\/p>\n<p class=\"p1\"><strong>Ihre neueste Kollektion auf der Berlin Fashion Week 2025 war ein echtes Statement. Was war die zentrale Inspiration dahinter?<\/strong><\/p>\n<p class=\"p1\">Meine neue Kollektion ist eine Ode an die Transformation \u2013 ein zarter, aber kraftvoller Tanz zwischen Licht und Dunkelheit, zwischen Alt und Neu. Inspiriert von der Metamorphose, offenbart sie ein \u00e4therisches, galaktisches und unaufhaltsames Wesen, das aus den Schatten tritt, seine alte Haut abstreift und einer neugierigen, furchtlosen Existenz Leben einhaucht.<\/p>\n<p>&nbsp;<\/p>\n<p class=\"p1\"><strong>Berlin ist bekannt f\u00fcr seine avantgardistische und progressive Modeszene. Wie beeinflusst die Pr\u00e4sentation auf der Berlin Fashion Week Ihren kreativen Prozess?<\/strong><\/p>\n<p class=\"p1\">Die avantgardistische Energie Berlins ist unbestreitbar, doch mein kreativer Prozess gedeiht in stiller Abgeschiedenheit und der Umarmung der Natur. W\u00e4hrend viele ihre Inspiration aus dem Puls der Stadt ziehen, finde ich Klarheit in der Stille weiter Landschaften und Gipfelblicke, wo die Samen der Transformation wirklich ges\u00e4t werden.<\/p>\n<p>&nbsp;<\/p>\n<p class=\"p1\"><strong>Zum ersten Mal waren Sie nicht Teil des Collective Four. Warum haben Sie sich entschieden, unabh\u00e4ngig auszustellen?<\/strong><\/p>\n<p class=\"p1\">Nach Jahren der Zusammenarbeit mit etablierten Plattformen \u2013 von meinem Deb\u00fct 2011 mit Mercedes-Benz bis hin zu meiner Zeit mit Collective Four \u2013 schien der Moment perfekt, meinen eigenen Weg zu gehen. Die Unabh\u00e4ngigkeit hat mir eine befreiende kreative Freiheit er\u00f6ffnet, die ich mit dieser Kollektion begeistert erkunde.<\/p>\n<p>&nbsp;<\/p>\n<p class=\"p1\"><strong>Nachhaltigkeit war schon immer ein zentraler Pfeiler Ihrer Marke. Wie geht diese Kollektion \u00fcber die bisherigen Grenzen nachhaltiger Mode hinaus?<\/strong><\/p>\n<p class=\"p1\">Nachhaltigkeit steht im Mittelpunkt meiner Arbeit, und diese Kollektion hebt sie auf ein neues Niveau. Durch die Integration innovativer, umweltfreundlicher Materialien, Upcycling-Techniken und bewusster Produktionsmethoden wird jedes St\u00fcck zu einem lebendigen Zeugnis ethischen Designs. Es ist eine Feier des Wandels, bei der Sch\u00f6nheit und Verantwortung in jeder Naht zusammenflie\u00dfen.<\/p>\n                                            <div class=\"highlighted mt-5 mt-lg-6 px-lg-5\">\n                            <p>&nbsp;<\/p>\n<p class=\"p1\" style=\"text-align: center;\">Nachhaltigkeit steht im Mittelpunkt meiner Arbeit, und diese Kollektion hebt sie auf ein neues Niveau. Durch die Integration innovativer, umweltfreundlicher Materialien, Upcycling-Techniken und bewusster Produktionsmethoden wird jedes St\u00fcck zu einem lebendigen Zeugnis ethischen Designs. Es ist eine Feier des Wandels, bei der sich Sch\u00f6nheit und Verantwortung in jeder Naht vereinen.<\/p>\n                        <\/div>\n                                                        <\/div>\n            <\/div>\n        <\/div>\n    <\/section>\n    \n\n    <section id=\"media-block_2ddd311ce3afbb000a23453fd770084c\" class=\"section position-relative gp-block gp-media pt-5 pb-5\">\n        <div class=\"container\">\n            <div class=\"row g-0\">\n                <div class=\"col-lg-12 content\" data-aos=\"fade-in\" data-aos-duration=\"1000\">\n                                                                            <\/div>\n            <\/div>\n            <div class=\"row g-0\">\n                <div class=\"col-lg-6 \">\n                                                                                                                                                <figure class=\"mb-4 pt-lg-3 mb-lg-0 ps-lg-6 pe-lg-4\" data-aos=\"fade-up\" data-aos-duration=\"1000\"><div class=\"img-container\"><img loading=\"lazy\" decoding=\"async\" width=\"800\" height=\"1200\" src=\"https:\/\/luxiders.com\/content\/uploads\/01_rebekka_ruetz_AW25_Backstage_by_Milena_Zara.jpeg\" class=\"img-fluid w-100\" alt=\"\" srcset=\"https:\/\/luxiders.com\/content\/uploads\/01_rebekka_ruetz_AW25_Backstage_by_Milena_Zara.jpeg 800w, https:\/\/luxiders.com\/content\/uploads\/01_rebekka_ruetz_AW25_Backstage_by_Milena_Zara-200x300.jpeg 200w, https:\/\/luxiders.com\/content\/uploads\/01_rebekka_ruetz_AW25_Backstage_by_Milena_Zara-683x1024.jpeg 683w, https:\/\/luxiders.com\/content\/uploads\/01_rebekka_ruetz_AW25_Backstage_by_Milena_Zara-768x1152.jpeg 768w\" sizes=\"(max-width: 800px) 100vw, 800px\" \/><\/div><figcaption>\u00a9 Milena Zara<\/figcaption><\/figure>                                                                                            <\/div>\n                                    <div class=\"col-lg-6\">\n                                                                                                                                                        <figure class=\"mb-4 pt-lg-10 mb-lg-0 ps-lg-4 pe-lg-0\" data-aos=\"fade-up\" data-aos-duration=\"1000\"><div class=\"img-container\"><img loading=\"lazy\" decoding=\"async\" width=\"1200\" height=\"1800\" src=\"https:\/\/luxiders.com\/content\/uploads\/21_rebekka_ruetz_AW25_Backstage_by_Milena_Zara.jpeg\" class=\"img-fluid w-100\" alt=\"\" srcset=\"https:\/\/luxiders.com\/content\/uploads\/21_rebekka_ruetz_AW25_Backstage_by_Milena_Zara.jpeg 1200w, https:\/\/luxiders.com\/content\/uploads\/21_rebekka_ruetz_AW25_Backstage_by_Milena_Zara-200x300.jpeg 200w, https:\/\/luxiders.com\/content\/uploads\/21_rebekka_ruetz_AW25_Backstage_by_Milena_Zara-683x1024.jpeg 683w, https:\/\/luxiders.com\/content\/uploads\/21_rebekka_ruetz_AW25_Backstage_by_Milena_Zara-768x1152.jpeg 768w, https:\/\/luxiders.com\/content\/uploads\/21_rebekka_ruetz_AW25_Backstage_by_Milena_Zara-1024x1536.jpeg 1024w\" sizes=\"(max-width: 1200px) 100vw, 1200px\" \/><\/div><figcaption>\u00a9 Milena Zara<\/figcaption><\/figure>                                                                                                        <\/div>\n                                            <\/div>\n        <\/div>\n    <\/section>\n    \n\n    <section id=\"media-block_a551fba394fc2e5168fe6f5620f005dc\" class=\"section position-relative gp-block gp-media pt-5 pb-5\">\n        <div class=\"container\">\n            <div class=\"row g-0\">\n                <div class=\"col-lg-12 content\" data-aos=\"fade-in\" data-aos-duration=\"1000\">\n                                                                            <\/div>\n            <\/div>\n            <div class=\"row g-0\">\n                <div class=\"col-lg-12 img-scaled\">\n                                                                                                                                                <figure class=\"mb-4 pt-lg-6 mb-lg-5 ps-lg-0 pe-lg-0\" data-aos=\"fade-up\" data-aos-duration=\"1000\"><div class=\"img-container\"><img loading=\"lazy\" decoding=\"async\" width=\"800\" height=\"1200\" src=\"https:\/\/luxiders.com\/content\/uploads\/6_rebekka_ruetz_AW25_Backstage_by_Milena_Zara.jpeg\" class=\"img-fluid w-100\" alt=\"\" srcset=\"https:\/\/luxiders.com\/content\/uploads\/6_rebekka_ruetz_AW25_Backstage_by_Milena_Zara.jpeg 800w, https:\/\/luxiders.com\/content\/uploads\/6_rebekka_ruetz_AW25_Backstage_by_Milena_Zara-200x300.jpeg 200w, https:\/\/luxiders.com\/content\/uploads\/6_rebekka_ruetz_AW25_Backstage_by_Milena_Zara-683x1024.jpeg 683w, https:\/\/luxiders.com\/content\/uploads\/6_rebekka_ruetz_AW25_Backstage_by_Milena_Zara-768x1152.jpeg 768w\" sizes=\"(max-width: 800px) 100vw, 800px\" \/><\/div><\/figure>                                                                                            <\/div>\n                                            <\/div>\n        <\/div>\n    <\/section>\n    \n\n    <section id=\"media-block_e1a720055ab1c0827636535437ddf555\" class=\"section position-relative gp-block gp-media pt-5 pb-5\">\n        <div class=\"container\">\n            <div class=\"row g-0\">\n                <div class=\"col-lg-12 content\" data-aos=\"fade-in\" data-aos-duration=\"1000\">\n                                                                            <\/div>\n            <\/div>\n            <div class=\"row g-0\">\n                <div class=\"col-lg-6 \">\n                                                                                                                                                <figure class=\"mb-4 pt-lg-3 mb-lg-8 ps-lg-6 pe-lg-4\" data-aos=\"fade-up\" data-aos-duration=\"1000\"><div class=\"img-container\"><img loading=\"lazy\" decoding=\"async\" width=\"800\" height=\"1200\" src=\"https:\/\/luxiders.com\/content\/uploads\/15_rebekka_ruetz_AW25_Backstage_by_Milena_Zara.jpeg\" class=\"img-fluid w-100\" alt=\"\" srcset=\"https:\/\/luxiders.com\/content\/uploads\/15_rebekka_ruetz_AW25_Backstage_by_Milena_Zara.jpeg 800w, https:\/\/luxiders.com\/content\/uploads\/15_rebekka_ruetz_AW25_Backstage_by_Milena_Zara-200x300.jpeg 200w, https:\/\/luxiders.com\/content\/uploads\/15_rebekka_ruetz_AW25_Backstage_by_Milena_Zara-683x1024.jpeg 683w, https:\/\/luxiders.com\/content\/uploads\/15_rebekka_ruetz_AW25_Backstage_by_Milena_Zara-768x1152.jpeg 768w\" sizes=\"(max-width: 800px) 100vw, 800px\" \/><\/div><figcaption>\u00a9 Milena Zara<\/figcaption><\/figure>                                                                                                                                                            <figure class=\"mb-4 pt-lg-0 mb-lg-0 ps-lg-0 pe-lg-0\" data-aos=\"fade-up\" data-aos-duration=\"1000\"><div class=\"img-container\"><img loading=\"lazy\" decoding=\"async\" width=\"800\" height=\"1200\" src=\"https:\/\/luxiders.com\/content\/uploads\/16_rebekka_ruetz_AW25_Backstage_by_Milena_Zara.jpeg\" class=\"img-fluid w-100\" alt=\"\" srcset=\"https:\/\/luxiders.com\/content\/uploads\/16_rebekka_ruetz_AW25_Backstage_by_Milena_Zara.jpeg 800w, https:\/\/luxiders.com\/content\/uploads\/16_rebekka_ruetz_AW25_Backstage_by_Milena_Zara-200x300.jpeg 200w, https:\/\/luxiders.com\/content\/uploads\/16_rebekka_ruetz_AW25_Backstage_by_Milena_Zara-683x1024.jpeg 683w, https:\/\/luxiders.com\/content\/uploads\/16_rebekka_ruetz_AW25_Backstage_by_Milena_Zara-768x1152.jpeg 768w\" sizes=\"(max-width: 800px) 100vw, 800px\" \/><\/div><figcaption>\u00a9 Milena Zara<\/figcaption><\/figure>                                                                                                                                                            <figure class=\"mb-4 pt-lg-0 mb-lg-0 ps-lg-0 pe-lg-0\" data-aos=\"fade-up\" data-aos-duration=\"1000\"><div class=\"img-container\"><img loading=\"lazy\" decoding=\"async\" width=\"800\" height=\"1200\" src=\"https:\/\/luxiders.com\/content\/uploads\/17_rebekka_ruetz_AW25_Backstage_by_Milena_Zara.jpeg\" class=\"img-fluid w-100\" alt=\"\" srcset=\"https:\/\/luxiders.com\/content\/uploads\/17_rebekka_ruetz_AW25_Backstage_by_Milena_Zara.jpeg 800w, https:\/\/luxiders.com\/content\/uploads\/17_rebekka_ruetz_AW25_Backstage_by_Milena_Zara-200x300.jpeg 200w, https:\/\/luxiders.com\/content\/uploads\/17_rebekka_ruetz_AW25_Backstage_by_Milena_Zara-683x1024.jpeg 683w, https:\/\/luxiders.com\/content\/uploads\/17_rebekka_ruetz_AW25_Backstage_by_Milena_Zara-768x1152.jpeg 768w\" sizes=\"(max-width: 800px) 100vw, 800px\" \/><\/div><figcaption>\u00a9 Milena Zara<\/figcaption><\/figure>                                                                                                                                                            <figure class=\"mb-4 pt-lg-0 mb-lg-0 ps-lg-0 pe-lg-0\" data-aos=\"fade-up\" data-aos-duration=\"1000\"><div class=\"img-container\"><img loading=\"lazy\" decoding=\"async\" width=\"800\" height=\"1200\" src=\"https:\/\/luxiders.com\/content\/uploads\/19_rebekka_ruetz_AW25_Backstage_by_Milena_Zara.jpeg\" class=\"img-fluid w-100\" alt=\"\" srcset=\"https:\/\/luxiders.com\/content\/uploads\/19_rebekka_ruetz_AW25_Backstage_by_Milena_Zara.jpeg 800w, https:\/\/luxiders.com\/content\/uploads\/19_rebekka_ruetz_AW25_Backstage_by_Milena_Zara-200x300.jpeg 200w, https:\/\/luxiders.com\/content\/uploads\/19_rebekka_ruetz_AW25_Backstage_by_Milena_Zara-683x1024.jpeg 683w, https:\/\/luxiders.com\/content\/uploads\/19_rebekka_ruetz_AW25_Backstage_by_Milena_Zara-768x1152.jpeg 768w\" sizes=\"(max-width: 800px) 100vw, 800px\" \/><\/div><figcaption>\u00a9 Milena Zara<\/figcaption><\/figure>                                                                                                                                                            <figure class=\"mb-4 pt-lg-0 mb-lg-0 ps-lg-0 pe-lg-0\" data-aos=\"fade-up\" data-aos-duration=\"1000\"><div class=\"img-container\"><img loading=\"lazy\" decoding=\"async\" width=\"1200\" height=\"800\" src=\"https:\/\/luxiders.com\/content\/uploads\/22_rebekka_ruetz_AW25_Backstage_by_Milena_Zara.jpeg\" class=\"img-fluid w-100\" alt=\"\" srcset=\"https:\/\/luxiders.com\/content\/uploads\/22_rebekka_ruetz_AW25_Backstage_by_Milena_Zara.jpeg 1200w, https:\/\/luxiders.com\/content\/uploads\/22_rebekka_ruetz_AW25_Backstage_by_Milena_Zara-300x200.jpeg 300w, https:\/\/luxiders.com\/content\/uploads\/22_rebekka_ruetz_AW25_Backstage_by_Milena_Zara-1024x683.jpeg 1024w, https:\/\/luxiders.com\/content\/uploads\/22_rebekka_ruetz_AW25_Backstage_by_Milena_Zara-768x512.jpeg 768w\" sizes=\"(max-width: 1200px) 100vw, 1200px\" \/><\/div><figcaption>\u00a9 Milena Zara<\/figcaption><\/figure>                                                                                            <\/div>\n                                    <div class=\"col-lg-6\">\n                                                                                                                                                        <figure class=\"mb-4 pt-lg-10 mb-lg-10 ps-lg-4 pe-lg-0\" data-aos=\"fade-up\" data-aos-duration=\"1000\"><div class=\"img-container\"><img loading=\"lazy\" decoding=\"async\" width=\"800\" height=\"1200\" src=\"https:\/\/luxiders.com\/content\/uploads\/23_rebekka_ruetz_AW25_Backstage_by_Milena_Zara.jpeg\" class=\"img-fluid w-100\" alt=\"\" srcset=\"https:\/\/luxiders.com\/content\/uploads\/23_rebekka_ruetz_AW25_Backstage_by_Milena_Zara.jpeg 800w, https:\/\/luxiders.com\/content\/uploads\/23_rebekka_ruetz_AW25_Backstage_by_Milena_Zara-200x300.jpeg 200w, https:\/\/luxiders.com\/content\/uploads\/23_rebekka_ruetz_AW25_Backstage_by_Milena_Zara-683x1024.jpeg 683w, https:\/\/luxiders.com\/content\/uploads\/23_rebekka_ruetz_AW25_Backstage_by_Milena_Zara-768x1152.jpeg 768w\" sizes=\"(max-width: 800px) 100vw, 800px\" \/><\/div><figcaption>\u00a9 Milena Zara<\/figcaption><\/figure>                                                                                                                                                                <figure class=\"mb-4 pt-lg-0 mb-lg-0 ps-lg-4 pe-lg-4\" data-aos=\"fade-up\" data-aos-duration=\"1000\"><div class=\"img-container\"><img loading=\"lazy\" decoding=\"async\" width=\"800\" height=\"1200\" src=\"https:\/\/luxiders.com\/content\/uploads\/26_rebekka_ruetz_AW25_Backstage_by_Milena_Zara.jpeg\" class=\"img-fluid w-100\" alt=\"\" srcset=\"https:\/\/luxiders.com\/content\/uploads\/26_rebekka_ruetz_AW25_Backstage_by_Milena_Zara.jpeg 800w, https:\/\/luxiders.com\/content\/uploads\/26_rebekka_ruetz_AW25_Backstage_by_Milena_Zara-200x300.jpeg 200w, https:\/\/luxiders.com\/content\/uploads\/26_rebekka_ruetz_AW25_Backstage_by_Milena_Zara-683x1024.jpeg 683w, https:\/\/luxiders.com\/content\/uploads\/26_rebekka_ruetz_AW25_Backstage_by_Milena_Zara-768x1152.jpeg 768w\" sizes=\"(max-width: 800px) 100vw, 800px\" \/><\/div><figcaption>\u00a9 Milena Zara<\/figcaption><\/figure>                                                                                                                                                                <figure class=\"mb-4 pt-lg-0 mb-lg-0 ps-lg-5 pe-lg-4\" data-aos=\"fade-up\" data-aos-duration=\"1000\"><div class=\"img-container\"><img loading=\"lazy\" decoding=\"async\" width=\"800\" height=\"1200\" src=\"https:\/\/luxiders.com\/content\/uploads\/30_rebekka_ruetz_AW25_Backstage_by_Milena_Zara.jpeg\" class=\"img-fluid w-100\" alt=\"\" srcset=\"https:\/\/luxiders.com\/content\/uploads\/30_rebekka_ruetz_AW25_Backstage_by_Milena_Zara.jpeg 800w, https:\/\/luxiders.com\/content\/uploads\/30_rebekka_ruetz_AW25_Backstage_by_Milena_Zara-200x300.jpeg 200w, https:\/\/luxiders.com\/content\/uploads\/30_rebekka_ruetz_AW25_Backstage_by_Milena_Zara-683x1024.jpeg 683w, https:\/\/luxiders.com\/content\/uploads\/30_rebekka_ruetz_AW25_Backstage_by_Milena_Zara-768x1152.jpeg 768w\" sizes=\"(max-width: 800px) 100vw, 800px\" \/><\/div><figcaption>\u00a9 Milena Zara<\/figcaption><\/figure>                                                                                                                                                                <figure class=\"mb-4 pt-lg-0 mb-lg-5 ps-lg-2 pe-lg-0\" data-aos=\"fade-up\" data-aos-duration=\"1000\"><div class=\"img-container\"><img loading=\"lazy\" decoding=\"async\" width=\"800\" height=\"1200\" src=\"https:\/\/luxiders.com\/content\/uploads\/31_rebekka_ruetz_AW25_Backstage_by_Milena_Zara.jpeg\" class=\"img-fluid w-100\" alt=\"\" srcset=\"https:\/\/luxiders.com\/content\/uploads\/31_rebekka_ruetz_AW25_Backstage_by_Milena_Zara.jpeg 800w, https:\/\/luxiders.com\/content\/uploads\/31_rebekka_ruetz_AW25_Backstage_by_Milena_Zara-200x300.jpeg 200w, https:\/\/luxiders.com\/content\/uploads\/31_rebekka_ruetz_AW25_Backstage_by_Milena_Zara-683x1024.jpeg 683w, https:\/\/luxiders.com\/content\/uploads\/31_rebekka_ruetz_AW25_Backstage_by_Milena_Zara-768x1152.jpeg 768w\" sizes=\"(max-width: 800px) 100vw, 800px\" \/><\/div><figcaption>\u00a9 Milena Zara<\/figcaption><\/figure>                                                                                                        <\/div>\n                                            <\/div>\n        <\/div>\n    <\/section>\n    \n\n    <section id=\"textblock-block_9328a084f7ae6eb3dc16dfb611209acd\" class=\"section position-relative gp-block gp-textblock pt-5 pb-5\">\n        <div class=\"container\">\n            <div class=\"row g-0\">\n                <div class=\"col-lg-12 content\" data-aos=\"fade-in\" data-aos-duration=\"1000\">\n                                                                                <p><strong>Sie haben umfangreich mit innovativen Materialien gearbeitet. K\u00f6nnen Sie uns Einblicke in die Stoffe und Techniken geben, die Sie in dieser Saison verwendet haben?<\/strong><\/p>\n<p>In dieser Saison habe ich erneut mit Cotonea zusammengearbeitet, um nachhaltige Bio-Stoffe zu nutzen, die genauso sanft zur Haut wie zum Planeten sind. Diese nat\u00fcrlichen Fasern, die ohne sch\u00e4dliche Chemikalien verarbeitet werden, garantieren sowohl Langlebigkeit als auch Eleganz. Au\u00dferdem habe ich upgecycelte Elemente integriert \u2013 abnehmbare vegane Haarteile, die auch als Haar-Accessoires dienen, sowie Sneaker-Taschen, die aus aufbereiteten Musterschuhen gefertigt wurden \u2013 was mein Engagement f\u00fcr Innovation und Umweltbewusstsein unterstreicht.<\/p>\n<p>&nbsp;<\/p>\n<p><strong>Vielfalt wird in der Modebranche immer wichtiger. Wie sind Sie das Thema Inklusivit\u00e4t in Ihrer Kollektion angegangen, sowohl im Design als auch beim Casting?<\/strong><\/p>\n<p>Inklusivit\u00e4t ist in jede Phase meines kreativen Prozesses eingebunden. Von der ersten Entwurfs- und Schnittentwicklung bis hin zur finalen Pr\u00e4sentation auf dem Laufsteg strebe ich eine Kollektion an, die Vielfalt feiert. Die Zusammenarbeit mit einer wunderbar unterschiedlichen Gruppe von Models stellt sicher, dass jedes Kleidungsst\u00fcck eine breite Palette von Identit\u00e4ten anspricht und die Sch\u00f6nheit unserer Unterschiede w\u00fcrdigt.<\/p>\n<p>&nbsp;<\/p>\n<p><strong>Da sich die Branche in Richtung bewussterem Konsum bewegt, welche Botschaft m\u00f6chten Sie mit Ihrer Kollektion \u00fcber achtsame Mode vermitteln?<\/strong><\/p>\n<p>Im Kern ist meine Botschaft einfach: \u201eWeniger ist mehr.\u201c Ich m\u00f6chte mit dieser Kollektion dazu inspirieren, eine tiefere Verbindung zur eigenen Garderobe aufzubauen \u2013 Menschen dazu zu ermutigen, sich in ihre Kleidung zu verlieben und sie zu tragen, bis sie sich auf nat\u00fcrliche Weise weiterentwickelt. Echte Mode sollte gesch\u00e4tzt und gelebt werden, nicht einfach ersetzt.<\/p>\n<p>&nbsp;<\/p>\n<p><strong>Nachhaltigkeit bedeutet oft Langlebigkeit. Wie entwerfen Sie St\u00fccke, die sowohl trendbewusst als auch zeitlos sind?<\/strong><\/p>\n<p>Ich glaube daran, Designs zu schaffen, die \u00fcber kurzlebige Trends hinausgehen. Durch die Kombination innovativer \u00c4sthetik mit zeitlosen Silhouetten und nachhaltigen Praktiken wird jedes St\u00fcck so gestaltet, dass es sowohl aktuell als auch best\u00e4ndig bleibt. Dieses Gleichgewicht stellt sicher, dass meine Kleidungsst\u00fccke im Stil und Geist w\u00fcrdevoll altern \u2013 ein echtes Zeugnis f\u00fcr die Langlebigkeit bewusster Mode.<\/p>\n<p>&nbsp;<\/p>\n<p><strong>Viele Marken behaupten, nachhaltig zu sein, aber nur wenige verk\u00f6rpern dies wirklich. Mit welchen Herausforderungen sind Sie konfrontiert, wenn Sie Ihren ethischen und \u00f6kologischen Werten treu bleiben?<\/strong><\/p>\n<p>Der authentische Umgang mit ethischen und \u00f6kologischen Werten ist eine kontinuierliche Reise voller Herausforderungen. Von der Beschaffung wirklich nachhaltiger Materialien bis hin zur Gew\u00e4hrleistung vollst\u00e4ndiger Transparenz in der Produktion erfordert jeder Schritt st\u00e4ndige Sorgfalt. Doch genau diese Herausforderungen best\u00e4rken mein Engagement f\u00fcr echte Nachhaltigkeit und treiben mich an, weiter zu innovieren \u2013 zum Wohle des Planeten und seiner Menschen.<\/p>\n<p>&nbsp;<\/p>\n<p><strong>Mit Blick auf die Zukunft \u2013 wie sehen Sie die Entwicklung der Modebranche, und welche Rolle m\u00f6chten Sie mit Ihrer Marke in diesem Wandel spielen?<\/strong><\/p>\n<p>Ich sehe die Zukunft der Mode als eine harmonische Verbindung von Kreativit\u00e4t und Bewusstsein \u2013 eine Welt, in der Inklusivit\u00e4t, Nachhaltigkeit und Innovation den Weg weisen. Meine Marke strebt danach, an der Spitze dieses Wandels zu stehen, Normen herauszufordern, achtsamen Konsum zu f\u00f6rdern und St\u00fccke zu kreieren, die fesselnde Geschichten von Ver\u00e4nderung, Resilienz und der sich st\u00e4ndig weiterentwickelnden Sch\u00f6nheit unserer Welt erz\u00e4hlen.<\/p>\n<p>&nbsp;<\/p>\n                                                        <\/div>\n            <\/div>\n        <\/div>\n    <\/section>\n    \n\n    <section id=\"media-block_0d7800ab3d85f74da8880372d24e3816\" class=\"section position-relative gp-block gp-media pt-5 pb-5\">\n        <div class=\"container\">\n            <div class=\"row g-0\">\n                <div class=\"col-lg-12 content\" data-aos=\"fade-in\" data-aos-duration=\"1000\">\n                                                                            <\/div>\n            <\/div>\n            <div class=\"row g-0\">\n                <div class=\"col-lg-6 \">\n                                                                                                                                                <figure class=\"mb-4 pt-lg-10 mb-lg-5 ps-lg-0 pe-lg-5\" data-aos=\"fade-up\" data-aos-duration=\"1000\"><div class=\"img-container\"><img loading=\"lazy\" decoding=\"async\" width=\"800\" height=\"1200\" src=\"https:\/\/luxiders.com\/content\/uploads\/B25_rebekkaruetz_AW25_Runway_PR\u02d0Sebastian_Reuter\u02d0GettyImagesForRebekkaRuetz.jpeg\" class=\"img-fluid w-100\" alt=\"\" srcset=\"https:\/\/luxiders.com\/content\/uploads\/B25_rebekkaruetz_AW25_Runway_PR\u02d0Sebastian_Reuter\u02d0GettyImagesForRebekkaRuetz.jpeg 800w, https:\/\/luxiders.com\/content\/uploads\/B25_rebekkaruetz_AW25_Runway_PR\u02d0Sebastian_Reuter\u02d0GettyImagesForRebekkaRuetz-200x300.jpeg 200w, https:\/\/luxiders.com\/content\/uploads\/B25_rebekkaruetz_AW25_Runway_PR\u02d0Sebastian_Reuter\u02d0GettyImagesForRebekkaRuetz-683x1024.jpeg 683w, https:\/\/luxiders.com\/content\/uploads\/B25_rebekkaruetz_AW25_Runway_PR\u02d0Sebastian_Reuter\u02d0GettyImagesForRebekkaRuetz-768x1152.jpeg 768w\" sizes=\"(max-width: 800px) 100vw, 800px\" \/><\/div><figcaption>BERLIN, GERMANY &#8211; FEBRUARY 02:  A model walks the runway at the Rebekka Ruetz fashion show as part of the Berlin Fashion Week Autumn\/Winter 2025 at Alte M\u00fcnze on February 02, 2025 in Berlin, Germany. (Photo by Sebastian Reuter\/Getty Images for Rebekka Ruetz)<\/figcaption><\/figure>                                                                                                                                                            <figure class=\"mb-4 pt-lg-10 mb-lg-0 ps-lg-0 pe-lg-4\" data-aos=\"fade-up\" data-aos-duration=\"1000\"><div class=\"img-container\"><img loading=\"lazy\" decoding=\"async\" width=\"800\" height=\"1200\" src=\"https:\/\/luxiders.com\/content\/uploads\/B18_rebekkaruetz_AW25_Runway_PR\u02d0Sebastian_Reuter\u02d0GettyImagesForRebekkaRuetz.jpeg\" class=\"img-fluid w-100\" alt=\"\" srcset=\"https:\/\/luxiders.com\/content\/uploads\/B18_rebekkaruetz_AW25_Runway_PR\u02d0Sebastian_Reuter\u02d0GettyImagesForRebekkaRuetz.jpeg 800w, https:\/\/luxiders.com\/content\/uploads\/B18_rebekkaruetz_AW25_Runway_PR\u02d0Sebastian_Reuter\u02d0GettyImagesForRebekkaRuetz-200x300.jpeg 200w, https:\/\/luxiders.com\/content\/uploads\/B18_rebekkaruetz_AW25_Runway_PR\u02d0Sebastian_Reuter\u02d0GettyImagesForRebekkaRuetz-683x1024.jpeg 683w, https:\/\/luxiders.com\/content\/uploads\/B18_rebekkaruetz_AW25_Runway_PR\u02d0Sebastian_Reuter\u02d0GettyImagesForRebekkaRuetz-768x1152.jpeg 768w\" sizes=\"(max-width: 800px) 100vw, 800px\" \/><\/div><figcaption>BERLIN, GERMANY &#8211; FEBRUARY 02:  A model walks the runway at the Rebekka Ruetz fashion show as part of the Berlin Fashion Week Autumn\/Winter 2025 at Alte M\u00fcnze on February 02, 2025 in Berlin, Germany. (Photo by Sebastian Reuter\/Getty Images for Rebekka Ruetz)<\/figcaption><\/figure>                                                                                            <\/div>\n                                    <div class=\"col-lg-6\">\n                                                                                                                                                        <figure class=\"mb-4 pt-lg-0 mb-lg-10 ps-lg-4 pe-lg-0\" data-aos=\"fade-up\" data-aos-duration=\"1000\"><div class=\"img-container\"><img loading=\"lazy\" decoding=\"async\" width=\"800\" height=\"1199\" src=\"https:\/\/luxiders.com\/content\/uploads\/B03_rebekkaruetz_AW25_Runway_PR\u02d0Sebastian_Reuter\u02d0GettyImagesForRebekkaRuetz.jpeg\" class=\"img-fluid w-100\" alt=\"\" srcset=\"https:\/\/luxiders.com\/content\/uploads\/B03_rebekkaruetz_AW25_Runway_PR\u02d0Sebastian_Reuter\u02d0GettyImagesForRebekkaRuetz.jpeg 800w, https:\/\/luxiders.com\/content\/uploads\/B03_rebekkaruetz_AW25_Runway_PR\u02d0Sebastian_Reuter\u02d0GettyImagesForRebekkaRuetz-200x300.jpeg 200w, https:\/\/luxiders.com\/content\/uploads\/B03_rebekkaruetz_AW25_Runway_PR\u02d0Sebastian_Reuter\u02d0GettyImagesForRebekkaRuetz-683x1024.jpeg 683w, https:\/\/luxiders.com\/content\/uploads\/B03_rebekkaruetz_AW25_Runway_PR\u02d0Sebastian_Reuter\u02d0GettyImagesForRebekkaRuetz-768x1151.jpeg 768w\" sizes=\"(max-width: 800px) 100vw, 800px\" \/><\/div><figcaption>BERLIN, GERMANY &#8211; FEBRUARY 02:  A model walks the runway at the Rebekka Ruetz fashion show as part of the Berlin Fashion Week Autumn\/Winter 2025 at Alte M\u00fcnze on February 02, 2025 in Berlin, Germany. (Photo by Sebastian Reuter\/Getty Images for Rebekka Ruetz)<\/figcaption><\/figure>                                                                                                                                                                <figure class=\"mb-4 pt-lg-0 mb-lg-0 ps-lg-0 pe-lg-0\" data-aos=\"fade-up\" data-aos-duration=\"1000\"><div class=\"img-container\"><img loading=\"lazy\" decoding=\"async\" width=\"800\" height=\"1200\" src=\"https:\/\/luxiders.com\/content\/uploads\/B13_rebekkaruetz_AW25_Runway_PR\u02d0Sebastian_Reuter\u02d0GettyImagesForRebekkaRuetz.jpeg\" class=\"img-fluid w-100\" alt=\"\" srcset=\"https:\/\/luxiders.com\/content\/uploads\/B13_rebekkaruetz_AW25_Runway_PR\u02d0Sebastian_Reuter\u02d0GettyImagesForRebekkaRuetz.jpeg 800w, https:\/\/luxiders.com\/content\/uploads\/B13_rebekkaruetz_AW25_Runway_PR\u02d0Sebastian_Reuter\u02d0GettyImagesForRebekkaRuetz-200x300.jpeg 200w, https:\/\/luxiders.com\/content\/uploads\/B13_rebekkaruetz_AW25_Runway_PR\u02d0Sebastian_Reuter\u02d0GettyImagesForRebekkaRuetz-683x1024.jpeg 683w, https:\/\/luxiders.com\/content\/uploads\/B13_rebekkaruetz_AW25_Runway_PR\u02d0Sebastian_Reuter\u02d0GettyImagesForRebekkaRuetz-768x1152.jpeg 768w\" sizes=\"(max-width: 800px) 100vw, 800px\" \/><\/div><figcaption>BERLIN, GERMANY &#8211; FEBRUARY 02:  A model walks the runway at the Rebekka Ruetz fashion show as part of the Berlin Fashion Week Autumn\/Winter 2025 at Alte M\u00fcnze on February 02, 2025 in Berlin, Germany. (Photo by Sebastian Reuter\/Getty Images for Rebekka Ruetz)<\/figcaption><\/figure>                                                                                                        <\/div>\n                                            <\/div>\n        <\/div>\n    <\/section>\n    \n\n    <section id=\"textblock-block_afc845ad3a8a570e3453c4d983341b6c\" class=\"section position-relative gp-block gp-textblock text-center pt-5 pb-5 pb-lg-8\">\n        <div class=\"container\">\n            <div class=\"row g-0\">\n                <div class=\"col-lg-12 content\" data-aos=\"fade-in\" data-aos-duration=\"1000\">\n                                                                                                                                                <div class=\"mt-4\"><\/div>\n                                                                \n                    <p class=\"mb-0\"><a class=\"btn btn-secondary extern text-white\" href=\"https:\/\/www.rebekkaruetz.com\/\" title=\"ENTDECKE REBEKKA RU\u00c9TZ\" target=\"_blank\"><span>ENTDECKE REBEKKA RU\u00c9TZ<\/span><\/a><\/p>\n                                                <\/div>\n            <\/div>\n        <\/div>\n    <\/section>\n    ","protected":false},"excerpt":{"rendered":"","protected":false},"author":2,"featured_media":52865,"comment_status":"closed","ping_status":"closed","sticky":false,"template":"","format":"standard","meta":{"_acf_changed":false,"footnotes":""},"categories":[1194],"tags":[9775],"class_list":{"0":"post-52818","1":"post","2":"type-post","3":"status-publish","4":"format-standard","5":"has-post-thumbnail","7":"category-nachhaltig-luxus-mode","8":"tag-rebekka-ruetz-de"},"acf":[],"yoast_head":"<title>Rebekka Ru\u00e9tz: Nachhaltigkeit trifft auf avantgardistische Eleganz<\/title>\n<meta name=\"description\" content=\"Rebekka Ruetz ist seit Langem ein Name, der f\u00fcr ein unersch\u00fctterliches Engagement f\u00fcr Nachhaltigkeit steht. Auf der Berlin Fashion Week...\" \/>\n<meta name=\"robots\" content=\"index, follow, max-snippet:-1, max-image-preview:large, max-video-preview:-1\" \/>\n<link rel=\"canonical\" href=\"https:\/\/luxiders.com\/de\/rebekka-ruetz-nachhaltigkeit-trifft-auf-avantgardistische-eleganz\/\" \/>\n<meta property=\"og:locale\" content=\"de_DE\" \/>\n<meta property=\"og:type\" content=\"article\" \/>\n<meta property=\"og:title\" content=\"Rebekka Ru\u00e9tz: Nachhaltigkeit trifft auf avantgardistische Eleganz\" \/>\n<meta property=\"og:description\" content=\"Rebekka Ruetz ist seit Langem ein Name, der f\u00fcr ein unersch\u00fctterliches Engagement f\u00fcr Nachhaltigkeit steht. Auf der Berlin Fashion Week...\" \/>\n<meta property=\"og:url\" content=\"https:\/\/luxiders.com\/de\/rebekka-ruetz-nachhaltigkeit-trifft-auf-avantgardistische-eleganz\/\" \/>\n<meta property=\"og:site_name\" content=\"Sustainable Fashion - Eco Design - Healthy Lifestyle - Luxiders Magazine\" \/>\n<meta property=\"article:published_time\" content=\"2025-02-10T14:22:56+00:00\" \/>\n<meta property=\"article:modified_time\" content=\"2025-02-11T08:20:55+00:00\" \/>\n<meta property=\"og:image\" content=\"https:\/\/luxiders.com\/content\/uploads\/32_rebekka_ruetz_AW25_Backstage_by_Milena_Zara.jpeg\" \/>\n\t<meta property=\"og:image:width\" content=\"1200\" \/>\n\t<meta property=\"og:image:height\" content=\"800\" \/>\n\t<meta property=\"og:image:type\" content=\"image\/jpeg\" \/>\n<meta name=\"author\" content=\"luxiders\" \/>\n<meta name=\"twitter:card\" content=\"summary_large_image\" \/>\n<meta name=\"twitter:label1\" content=\"Verfasst von\" \/>\n\t<meta name=\"twitter:data1\" content=\"luxiders\" \/>\n\t<meta name=\"twitter:label2\" content=\"Gesch\u00e4tzte Lesezeit\" \/>\n\t<meta name=\"twitter:data2\" content=\"5\u00a0Minuten\" \/>\n<script type=\"application\/ld+json\" class=\"yoast-schema-graph\">{\"@context\":\"https:\/\/schema.org\",\"@graph\":[{\"@type\":\"Article\",\"@id\":\"https:\/\/luxiders.com\/de\/rebekka-ruetz-nachhaltigkeit-trifft-auf-avantgardistische-eleganz\/#article\",\"isPartOf\":{\"@id\":\"https:\/\/luxiders.com\/de\/rebekka-ruetz-nachhaltigkeit-trifft-auf-avantgardistische-eleganz\/\"},\"author\":{\"name\":\"luxiders\",\"@id\":\"https:\/\/luxiders.com\/de\/#\/schema\/person\/8632fa702ae2ce98f66c396254633de8\"},\"headline\":\"Rebekka Ru\u00e9tz | Nachhaltigkeit trifft auf avantgardistische Eleganz\",\"datePublished\":\"2025-02-10T14:22:56+00:00\",\"dateModified\":\"2025-02-11T08:20:55+00:00\",\"mainEntityOfPage\":{\"@id\":\"https:\/\/luxiders.com\/de\/rebekka-ruetz-nachhaltigkeit-trifft-auf-avantgardistische-eleganz\/\"},\"wordCount\":8,\"publisher\":{\"@id\":\"https:\/\/luxiders.com\/de\/#organization\"},\"image\":{\"@id\":\"https:\/\/luxiders.com\/de\/rebekka-ruetz-nachhaltigkeit-trifft-auf-avantgardistische-eleganz\/#primaryimage\"},\"thumbnailUrl\":\"https:\/\/luxiders.com\/content\/uploads\/32_rebekka_ruetz_AW25_Backstage_by_Milena_Zara.jpeg\",\"keywords\":[\"Rebekka Ru\u00e9tz\"],\"articleSection\":[\"Mode\"],\"inLanguage\":\"de\"},{\"@type\":\"WebPage\",\"@id\":\"https:\/\/luxiders.com\/de\/rebekka-ruetz-nachhaltigkeit-trifft-auf-avantgardistische-eleganz\/\",\"url\":\"https:\/\/luxiders.com\/de\/rebekka-ruetz-nachhaltigkeit-trifft-auf-avantgardistische-eleganz\/\",\"name\":\"Rebekka Ru\u00e9tz: Nachhaltigkeit trifft auf avantgardistische Eleganz\",\"isPartOf\":{\"@id\":\"https:\/\/luxiders.com\/de\/#website\"},\"primaryImageOfPage\":{\"@id\":\"https:\/\/luxiders.com\/de\/rebekka-ruetz-nachhaltigkeit-trifft-auf-avantgardistische-eleganz\/#primaryimage\"},\"image\":{\"@id\":\"https:\/\/luxiders.com\/de\/rebekka-ruetz-nachhaltigkeit-trifft-auf-avantgardistische-eleganz\/#primaryimage\"},\"thumbnailUrl\":\"https:\/\/luxiders.com\/content\/uploads\/32_rebekka_ruetz_AW25_Backstage_by_Milena_Zara.jpeg\",\"datePublished\":\"2025-02-10T14:22:56+00:00\",\"dateModified\":\"2025-02-11T08:20:55+00:00\",\"description\":\"Rebekka Ruetz ist seit Langem ein Name, der f\u00fcr ein unersch\u00fctterliches Engagement f\u00fcr Nachhaltigkeit steht. Auf der Berlin Fashion Week...\",\"breadcrumb\":{\"@id\":\"https:\/\/luxiders.com\/de\/rebekka-ruetz-nachhaltigkeit-trifft-auf-avantgardistische-eleganz\/#breadcrumb\"},\"inLanguage\":\"de\",\"potentialAction\":[{\"@type\":\"ReadAction\",\"target\":[\"https:\/\/luxiders.com\/de\/rebekka-ruetz-nachhaltigkeit-trifft-auf-avantgardistische-eleganz\/\"]}]},{\"@type\":\"ImageObject\",\"inLanguage\":\"de\",\"@id\":\"https:\/\/luxiders.com\/de\/rebekka-ruetz-nachhaltigkeit-trifft-auf-avantgardistische-eleganz\/#primaryimage\",\"url\":\"https:\/\/luxiders.com\/content\/uploads\/32_rebekka_ruetz_AW25_Backstage_by_Milena_Zara.jpeg\",\"contentUrl\":\"https:\/\/luxiders.com\/content\/uploads\/32_rebekka_ruetz_AW25_Backstage_by_Milena_Zara.jpeg\",\"width\":1200,\"height\":800,\"caption\":\"\u00a9 Milena Zara\"},{\"@type\":\"BreadcrumbList\",\"@id\":\"https:\/\/luxiders.com\/de\/rebekka-ruetz-nachhaltigkeit-trifft-auf-avantgardistische-eleganz\/#breadcrumb\",\"itemListElement\":[{\"@type\":\"ListItem\",\"position\":1,\"name\":\"Startseite\",\"item\":\"https:\/\/luxiders.com\/de\/\"},{\"@type\":\"ListItem\",\"position\":2,\"name\":\"Mode\",\"item\":\"https:\/\/luxiders.com\/de\/Katregorie\/nachhaltig-luxus-mode\/\"},{\"@type\":\"ListItem\",\"position\":3,\"name\":\"Rebekka Ru\u00e9tz | Nachhaltigkeit trifft auf avantgardistische Eleganz\"}]},{\"@type\":\"WebSite\",\"@id\":\"https:\/\/luxiders.com\/de\/#website\",\"url\":\"https:\/\/luxiders.com\/de\/\",\"name\":\"Sustainable Fashion - Eco Design - Healthy Lifestyle - Luxiders Magazine\",\"description\":\"Luxiders is a sustainable luxury magazine highlighting the best stories about sustainable fashion, ethical fashion, eco-friendly design, green design, sustainable travel, natural beauty, organic beauty and healthy lifestyle. Know the best high-end, progressive and luxury sustainable brands and designers worldwide.\",\"publisher\":{\"@id\":\"https:\/\/luxiders.com\/de\/#organization\"},\"potentialAction\":[{\"@type\":\"SearchAction\",\"target\":{\"@type\":\"EntryPoint\",\"urlTemplate\":\"https:\/\/luxiders.com\/de\/?s={search_term_string}\"},\"query-input\":{\"@type\":\"PropertyValueSpecification\",\"valueRequired\":true,\"valueName\":\"search_term_string\"}}],\"inLanguage\":\"de\"},{\"@type\":\"Organization\",\"@id\":\"https:\/\/luxiders.com\/de\/#organization\",\"name\":\"Sustainable Fashion - Eco Design - Healthy Lifestyle - Luxiders Magazine\",\"url\":\"https:\/\/luxiders.com\/de\/\",\"logo\":{\"@type\":\"ImageObject\",\"inLanguage\":\"de\",\"@id\":\"https:\/\/luxiders.com\/de\/#\/schema\/logo\/image\/\",\"url\":\"https:\/\/luxiders.com\/content\/uploads\/lux-logo.svg\",\"contentUrl\":\"https:\/\/luxiders.com\/content\/uploads\/lux-logo.svg\",\"caption\":\"Sustainable Fashion - Eco Design - Healthy Lifestyle - Luxiders Magazine\"},\"image\":{\"@id\":\"https:\/\/luxiders.com\/de\/#\/schema\/logo\/image\/\"}},{\"@type\":\"Person\",\"@id\":\"https:\/\/luxiders.com\/de\/#\/schema\/person\/8632fa702ae2ce98f66c396254633de8\",\"name\":\"luxiders\",\"url\":\"https:\/\/luxiders.com\/de\/author\/luxiders\/\"}]}<\/script>","yoast_head_json":{"title":"Rebekka Ru\u00e9tz: Nachhaltigkeit trifft auf avantgardistische Eleganz","description":"Rebekka Ruetz ist seit Langem ein Name, der f\u00fcr ein unersch\u00fctterliches Engagement f\u00fcr Nachhaltigkeit steht. Auf der Berlin Fashion Week...","robots":{"index":"index","follow":"follow","max-snippet":"max-snippet:-1","max-image-preview":"max-image-preview:large","max-video-preview":"max-video-preview:-1"},"canonical":"https:\/\/luxiders.com\/de\/rebekka-ruetz-nachhaltigkeit-trifft-auf-avantgardistische-eleganz\/","og_locale":"de_DE","og_type":"article","og_title":"Rebekka Ru\u00e9tz: Nachhaltigkeit trifft auf avantgardistische Eleganz","og_description":"Rebekka Ruetz ist seit Langem ein Name, der f\u00fcr ein unersch\u00fctterliches Engagement f\u00fcr Nachhaltigkeit steht. Auf der Berlin Fashion Week...","og_url":"https:\/\/luxiders.com\/de\/rebekka-ruetz-nachhaltigkeit-trifft-auf-avantgardistische-eleganz\/","og_site_name":"Sustainable Fashion - Eco Design - Healthy Lifestyle - Luxiders Magazine","article_published_time":"2025-02-10T14:22:56+00:00","article_modified_time":"2025-02-11T08:20:55+00:00","og_image":[{"width":1200,"height":800,"url":"https:\/\/luxiders.com\/content\/uploads\/32_rebekka_ruetz_AW25_Backstage_by_Milena_Zara.jpeg","type":"image\/jpeg"}],"author":"luxiders","twitter_card":"summary_large_image","twitter_misc":{"Verfasst von":"luxiders","Gesch\u00e4tzte Lesezeit":"5\u00a0Minuten"},"schema":{"@context":"https:\/\/schema.org","@graph":[{"@type":"Article","@id":"https:\/\/luxiders.com\/de\/rebekka-ruetz-nachhaltigkeit-trifft-auf-avantgardistische-eleganz\/#article","isPartOf":{"@id":"https:\/\/luxiders.com\/de\/rebekka-ruetz-nachhaltigkeit-trifft-auf-avantgardistische-eleganz\/"},"author":{"name":"luxiders","@id":"https:\/\/luxiders.com\/de\/#\/schema\/person\/8632fa702ae2ce98f66c396254633de8"},"headline":"Rebekka Ru\u00e9tz | Nachhaltigkeit trifft auf avantgardistische Eleganz","datePublished":"2025-02-10T14:22:56+00:00","dateModified":"2025-02-11T08:20:55+00:00","mainEntityOfPage":{"@id":"https:\/\/luxiders.com\/de\/rebekka-ruetz-nachhaltigkeit-trifft-auf-avantgardistische-eleganz\/"},"wordCount":8,"publisher":{"@id":"https:\/\/luxiders.com\/de\/#organization"},"image":{"@id":"https:\/\/luxiders.com\/de\/rebekka-ruetz-nachhaltigkeit-trifft-auf-avantgardistische-eleganz\/#primaryimage"},"thumbnailUrl":"https:\/\/luxiders.com\/content\/uploads\/32_rebekka_ruetz_AW25_Backstage_by_Milena_Zara.jpeg","keywords":["Rebekka Ru\u00e9tz"],"articleSection":["Mode"],"inLanguage":"de"},{"@type":"WebPage","@id":"https:\/\/luxiders.com\/de\/rebekka-ruetz-nachhaltigkeit-trifft-auf-avantgardistische-eleganz\/","url":"https:\/\/luxiders.com\/de\/rebekka-ruetz-nachhaltigkeit-trifft-auf-avantgardistische-eleganz\/","name":"Rebekka Ru\u00e9tz: Nachhaltigkeit trifft auf avantgardistische Eleganz","isPartOf":{"@id":"https:\/\/luxiders.com\/de\/#website"},"primaryImageOfPage":{"@id":"https:\/\/luxiders.com\/de\/rebekka-ruetz-nachhaltigkeit-trifft-auf-avantgardistische-eleganz\/#primaryimage"},"image":{"@id":"https:\/\/luxiders.com\/de\/rebekka-ruetz-nachhaltigkeit-trifft-auf-avantgardistische-eleganz\/#primaryimage"},"thumbnailUrl":"https:\/\/luxiders.com\/content\/uploads\/32_rebekka_ruetz_AW25_Backstage_by_Milena_Zara.jpeg","datePublished":"2025-02-10T14:22:56+00:00","dateModified":"2025-02-11T08:20:55+00:00","description":"Rebekka Ruetz ist seit Langem ein Name, der f\u00fcr ein unersch\u00fctterliches Engagement f\u00fcr Nachhaltigkeit steht. Auf der Berlin Fashion Week...","breadcrumb":{"@id":"https:\/\/luxiders.com\/de\/rebekka-ruetz-nachhaltigkeit-trifft-auf-avantgardistische-eleganz\/#breadcrumb"},"inLanguage":"de","potentialAction":[{"@type":"ReadAction","target":["https:\/\/luxiders.com\/de\/rebekka-ruetz-nachhaltigkeit-trifft-auf-avantgardistische-eleganz\/"]}]},{"@type":"ImageObject","inLanguage":"de","@id":"https:\/\/luxiders.com\/de\/rebekka-ruetz-nachhaltigkeit-trifft-auf-avantgardistische-eleganz\/#primaryimage","url":"https:\/\/luxiders.com\/content\/uploads\/32_rebekka_ruetz_AW25_Backstage_by_Milena_Zara.jpeg","contentUrl":"https:\/\/luxiders.com\/content\/uploads\/32_rebekka_ruetz_AW25_Backstage_by_Milena_Zara.jpeg","width":1200,"height":800,"caption":"\u00a9 Milena Zara"},{"@type":"BreadcrumbList","@id":"https:\/\/luxiders.com\/de\/rebekka-ruetz-nachhaltigkeit-trifft-auf-avantgardistische-eleganz\/#breadcrumb","itemListElement":[{"@type":"ListItem","position":1,"name":"Startseite","item":"https:\/\/luxiders.com\/de\/"},{"@type":"ListItem","position":2,"name":"Mode","item":"https:\/\/luxiders.com\/de\/Katregorie\/nachhaltig-luxus-mode\/"},{"@type":"ListItem","position":3,"name":"Rebekka Ru\u00e9tz | Nachhaltigkeit trifft auf avantgardistische Eleganz"}]},{"@type":"WebSite","@id":"https:\/\/luxiders.com\/de\/#website","url":"https:\/\/luxiders.com\/de\/","name":"Sustainable Fashion - Eco Design - Healthy Lifestyle - Luxiders Magazine","description":"Luxiders is a sustainable luxury magazine highlighting the best stories about sustainable fashion, ethical fashion, eco-friendly design, green design, sustainable travel, natural beauty, organic beauty and healthy lifestyle. Know the best high-end, progressive and luxury sustainable brands and designers worldwide.","publisher":{"@id":"https:\/\/luxiders.com\/de\/#organization"},"potentialAction":[{"@type":"SearchAction","target":{"@type":"EntryPoint","urlTemplate":"https:\/\/luxiders.com\/de\/?s={search_term_string}"},"query-input":{"@type":"PropertyValueSpecification","valueRequired":true,"valueName":"search_term_string"}}],"inLanguage":"de"},{"@type":"Organization","@id":"https:\/\/luxiders.com\/de\/#organization","name":"Sustainable Fashion - Eco Design - Healthy Lifestyle - Luxiders Magazine","url":"https:\/\/luxiders.com\/de\/","logo":{"@type":"ImageObject","inLanguage":"de","@id":"https:\/\/luxiders.com\/de\/#\/schema\/logo\/image\/","url":"https:\/\/luxiders.com\/content\/uploads\/lux-logo.svg","contentUrl":"https:\/\/luxiders.com\/content\/uploads\/lux-logo.svg","caption":"Sustainable Fashion - Eco Design - Healthy Lifestyle - Luxiders Magazine"},"image":{"@id":"https:\/\/luxiders.com\/de\/#\/schema\/logo\/image\/"}},{"@type":"Person","@id":"https:\/\/luxiders.com\/de\/#\/schema\/person\/8632fa702ae2ce98f66c396254633de8","name":"luxiders","url":"https:\/\/luxiders.com\/de\/author\/luxiders\/"}]}},"_links":{"self":[{"href":"https:\/\/luxiders.com\/de\/wp-json\/wp\/v2\/posts\/52818","targetHints":{"allow":["GET"]}}],"collection":[{"href":"https:\/\/luxiders.com\/de\/wp-json\/wp\/v2\/posts"}],"about":[{"href":"https:\/\/luxiders.com\/de\/wp-json\/wp\/v2\/types\/post"}],"author":[{"embeddable":true,"href":"https:\/\/luxiders.com\/de\/wp-json\/wp\/v2\/users\/2"}],"replies":[{"embeddable":true,"href":"https:\/\/luxiders.com\/de\/wp-json\/wp\/v2\/comments?post=52818"}],"version-history":[{"count":3,"href":"https:\/\/luxiders.com\/de\/wp-json\/wp\/v2\/posts\/52818\/revisions"}],"predecessor-version":[{"id":52987,"href":"https:\/\/luxiders.com\/de\/wp-json\/wp\/v2\/posts\/52818\/revisions\/52987"}],"wp:featuredmedia":[{"embeddable":true,"href":"https:\/\/luxiders.com\/de\/wp-json\/wp\/v2\/media\/52865"}],"wp:attachment":[{"href":"https:\/\/luxiders.com\/de\/wp-json\/wp\/v2\/media?parent=52818"}],"wp:term":[{"taxonomy":"category","embeddable":true,"href":"https:\/\/luxiders.com\/de\/wp-json\/wp\/v2\/categories?post=52818"},{"taxonomy":"post_tag","embeddable":true,"href":"https:\/\/luxiders.com\/de\/wp-json\/wp\/v2\/tags?post=52818"}],"curies":[{"name":"wp","href":"https:\/\/api.w.org\/{rel}","templated":true}]}}