{"id":53890,"date":"2025-04-09T08:00:00","date_gmt":"2025-04-09T06:00:00","guid":{"rendered":"https:\/\/luxiders.com\/?p=53890"},"modified":"2025-04-09T13:29:23","modified_gmt":"2025-04-09T11:29:23","slug":"10-fragen-an-david-rockwell-ueber-nachhaltigkeit-innovation-und-die-zukunft-des-designs","status":"publish","type":"post","link":"https:\/\/luxiders.com\/de\/10-fragen-an-david-rockwell-ueber-nachhaltigkeit-innovation-und-die-zukunft-des-designs\/","title":{"rendered":"10 Fragen an David Rockwell: \u00dcber Nachhaltigkeit, Innovation und die Zukunft des Designs"},"content":{"rendered":"    <section id=\"textblock-block_987dac9008ff1a10816c901d3ac8d7bb\" class=\"section position-relative gp-block gp-textblock pt-5 pb-5\">\n        <div class=\"container\">\n            <div class=\"row g-0\">\n                <div class=\"col-lg-12 content\" data-aos=\"fade-in\" data-aos-duration=\"1000\">\n                                                                                    <div class=\"intro \">\n                            <p class=\"p1\" style=\"text-align: center;\">In diesem exklusiven Interview spricht David Rockwell \u00fcber die Rolle von Materialien wie Kork, die dringende Notwendigkeit anpassungsf\u00e4higer R\u00e4ume und dar\u00fcber, wie sich Design weiterentwickeln kann, um den \u00f6kologischen Herausforderungen unserer Zeit zu begegnen. Er erz\u00e4hlt von der Inspiration hinter Casa Cork, gibt Einblicke in die nachhaltigen Praktiken der Rockwell Group und wirft einen Blick auf die m\u00f6gliche Zukunft verantwortungsvoller Architektur. Dieses Gespr\u00e4ch ist mehr als ein Austausch \u00fcber Design \u2013 es ist eine Reflexion dar\u00fcber, wie Kreativit\u00e4t, Ethik und Innovation eine bessere gebaute Welt formen k\u00f6nnen.<\/p>\n                        <\/div>\n                                                                                                <\/div>\n            <\/div>\n        <\/div>\n    <\/section>\n    \n\n    <section id=\"newsletter-block_f3508134dc8c2d4c109944f7aab15731\" class=\"section position-relative gp-block gp-newsletter pt-0 pb-0 my-5\">\n        <div class=\"container\">\n            <div class=\"row g-0 pt-4 pb-3\">\n                <div class=\"col-lg-12 content text-center border pt-3\" data-aos=\"fade-in\" data-aos-duration=\"1000\">\n                                            <p><em>Um den Luxiders Newsletter zu erhalten,\u00a0<a href=\"https:\/\/landing.mailerlite.com\/webforms\/landing\/g1u8s7\">melde dich hier an<\/a>.<\/em><\/p>\n                                    <\/div>\n            <\/div>\n        <\/div>\n    <\/section>\n    \n\n    <section id=\"textblock-block_e6cef55eb3b89972eb0962eaf1932855\" class=\"section position-relative gp-block gp-textblock pt-5 pb-5\">\n        <div class=\"container\">\n            <div class=\"row g-0\">\n                <div class=\"col-lg-12 content\" data-aos=\"fade-in\" data-aos-duration=\"1000\">\n                                                                                <p>Von den Broadway-B\u00fchnen bis hin zu luxuri\u00f6sen Hospitality-R\u00e4umen ist David Rockwell seit Langem daf\u00fcr bekannt, Umgebungen in Geschichten zu verwandeln. Mit <em>Casa Cork<\/em>, seinem neuesten Projekt, das w\u00e4hrend der Milano Design Week vorgestellt wird, geht Rockwell noch einen Schritt weiter \u2013 hinein in die Welt der Nachhaltigkeit, Anpassungsf\u00e4higkeit und des zirkul\u00e4ren Designs.<\/p>\n<p>&nbsp;<\/p>\n<p><strong>Ihre Arbeit bewegt sich seit jeher an der Schnittstelle von Architektur, Design und Storytelling. Wie definieren Sie nachhaltiges Design in der heutigen Welt?<\/strong><\/p>\n<p>Nachhaltiges Design umfasst nat\u00fcrlich viele Komponenten \u2013 von gesunden, nachhaltigen Materialien, die gut f\u00fcr Umwelt und Menschen sind, bis hin zu Bau- und Designprozessen, die Abfall reduzieren. Kork ist dabei ein perfektes Naturprodukt: Korkeichen werden bei der Ernte nicht gef\u00e4llt oder besch\u00e4digt. Die Rinde \u2013 die sogenannte Korkplatte \u2013 wird vorsichtig entfernt. Alle neun Jahre regeneriert sie sich, wobei sie gro\u00dfe Mengen CO\u2082 speichert, und kann erneut geerntet werden. Nach ihrer Erstverwendung, beispielsweise als Weinflaschenkorken \u2013 der h\u00e4ufigsten Anwendung \u2013 kann das schwimmf\u00e4hige, undurchl\u00e4ssige Material recycelt werden, wobei seine CO\u2082-bindende Wirkung erhalten bleibt.<\/p>\n<p>Aber noch umfassender gedacht: Wenn wir bei Rockwell Group \u00fcber Nachhaltigkeit sprechen, denken wir auch an Langlebigkeit und Zielgruppen. Wird ein Projekt von vielen Menschen \u00fcber lange Zeit genutzt und gesch\u00e4tzt? Ist es in der Lage, sich zu wandeln und neu interpretiert zu werden? Kann es angepasst werden? Anpassungsf\u00e4higkeit ist ein wesentlicher Aspekt von Nachhaltigkeit. Es begeistert uns immer wieder, wenn wir in historischen Geb\u00e4uden oder Wahrzeichen arbeiten d\u00fcrfen \u2013 oder auch in einfachen, ehemals anders genutzten R\u00e4umen. Dabei nutzen wir nicht nur wertvolle Ressourcen wieder, sondern profitieren auch von der Patina der Zeit.<\/p>\n<p>&nbsp;<\/p>\n<p><strong>Ihr aktuelles Projekt, Casa Cork, wird w\u00e4hrend der Milano Design Week pr\u00e4sentiert. Was hat Sie dazu inspiriert, mit Kork zu arbeiten, und welche Geschichte erz\u00e4hlt dieses Projekt?<\/strong><\/p>\n<p>Wir interessieren uns schon seit Langem f\u00fcr Kork. Bereits vor einigen Jahren haben wir gemeinsam mit Maya Romanoff eine Kollektion von Kork-Wandverkleidungen mit dem Namen <em>Porto<\/em> entwickelt \u2013 lange bevor es die Idee zum <em>Cork Collective<\/em> \u00fcberhaupt gab. Diese entstand aus unserer damaligen Faszination f\u00fcr Kork und seiner unglaublichen \u00e4sthetischen Vielfalt und Einsatzm\u00f6glichkeiten in der gebauten Umgebung. Wir sahen darin ein nachhaltiges, flexibles Produkt \u2013 ein spannendes und vielseitiges Material f\u00fcr unterschiedlichste Hospitality-Projekte.<\/p>\n<p>In den letzten Jahren \u2013 mit dem Anspruch, nachhaltiger zu handeln \u2013 waren wir schockiert zu erfahren, dass j\u00e4hrlich weltweit rund 13 Milliarden Korken im M\u00fcll landen. Mit unseren tiefen Wurzeln in der Hospitality-Branche f\u00fchlten wir uns dazu berufen, unsere Community mit einer Bildungs- und Recyclinginitiative zu mobilisieren, um auf das enorme Potenzial von Kork hinzuweisen \u2013 denn er l\u00e4sst sich immer wieder recyceln.<\/p>\n<p>Das <em>Cork Collective<\/em> startete sein \u201eNYC Collection Program\u201c im Sommer 2024 in Zusammenarbeit mit \u00fcber 70 lokalen Restaurants, Gastrobetrieben und Weinl\u00e4den. Der recycelte Kork wird f\u00fcr Spielplatzb\u00f6den und \u00f6ffentliche R\u00e4ume in der Nachbarschaft verwendet.<\/p>\n<p>Unser Ziel war auch, das Projekt international auszubauen. Und wenn es um Wein und Design geht, war f\u00fcr uns klar: Wir brauchen eine Pr\u00e4senz in Mailand und Italien. <em>Casa Cork<\/em> ist als Hospitality-Erlebnis gedacht, das Innovation im Korkdesign zeigt. Wir m\u00f6chten die Neugier und Entdeckerfreude der Besucher f\u00fcr dieses Material wecken. Eine immersive, interaktive Reise \u2013 gemeinsam mit herausragenden Designer:innen und Handwerker:innen \u2013 schien uns der richtige Weg. Die Innenr\u00e4ume, M\u00f6bel und Beleuchtung bestehen nahezu vollst\u00e4ndig aus Kork. Wir haben gezielt Objekte und Materialien gew\u00e4hlt, die die Vielseitigkeit und Sch\u00f6nheit von Kork zeigen \u2013 aber auch den F&amp;E-Prozess sichtbar machen. Wir hoffen, dass Designer:innen dazu inspiriert werden, Kork und andere nachhaltige Materialien neu zu denken.<\/p>\n                                                        <\/div>\n            <\/div>\n        <\/div>\n    <\/section>\n    \n\n    <section id=\"media-block_aa3e87675a085c5b7cf4c5ded027d42a\" class=\"section position-relative gp-block gp-media pt-5 pb-5\">\n        <div class=\"container\">\n            <div class=\"row g-0\">\n                <div class=\"col-lg-12 content\" data-aos=\"fade-in\" data-aos-duration=\"1000\">\n                                                                            <\/div>\n            <\/div>\n            <div class=\"row g-0\">\n                <div class=\"col-lg-12 img-scaled\">\n                                                                                                                                                <figure class=\"mb-4 pt-lg-0 mb-lg-0 ps-lg-0 pe-lg-0\" data-aos=\"fade-up\" data-aos-duration=\"1000\"><div class=\"img-container\"><img loading=\"lazy\" decoding=\"async\" width=\"1200\" height=\"800\" src=\"https:\/\/luxiders.com\/content\/uploads\/Luxiders-Magazine_David-Rockwell_Casa-Cork-Portraits_Photography-by-Emily-Andrews_2.jpeg\" class=\"img-fluid w-100\" alt=\"\" srcset=\"https:\/\/luxiders.com\/content\/uploads\/Luxiders-Magazine_David-Rockwell_Casa-Cork-Portraits_Photography-by-Emily-Andrews_2.jpeg 1200w, https:\/\/luxiders.com\/content\/uploads\/Luxiders-Magazine_David-Rockwell_Casa-Cork-Portraits_Photography-by-Emily-Andrews_2-300x200.jpeg 300w, https:\/\/luxiders.com\/content\/uploads\/Luxiders-Magazine_David-Rockwell_Casa-Cork-Portraits_Photography-by-Emily-Andrews_2-1024x683.jpeg 1024w, https:\/\/luxiders.com\/content\/uploads\/Luxiders-Magazine_David-Rockwell_Casa-Cork-Portraits_Photography-by-Emily-Andrews_2-768x512.jpeg 768w\" sizes=\"(max-width: 1200px) 100vw, 1200px\" \/><\/div><figcaption>David Rockwell. \u00a9 Photography by Emily Andrews.<\/figcaption><\/figure>                                                                                            <\/div>\n                                            <\/div>\n        <\/div>\n    <\/section>\n    \n\n    <section id=\"media-block_c78266a2a25dc4dfc41f27bdd133a708\" class=\"section position-relative gp-block gp-media pt-5 pb-5\">\n        <div class=\"container\">\n            <div class=\"row g-0\">\n                <div class=\"col-lg-12 content\" data-aos=\"fade-in\" data-aos-duration=\"1000\">\n                                                                            <\/div>\n            <\/div>\n            <div class=\"row g-0\">\n                <div class=\"col-lg-6 \">\n                                                                                                                                                <figure class=\"mb-4 pt-lg-0 mb-lg-0 ps-lg-0 pe-lg-0\" data-aos=\"fade-up\" data-aos-duration=\"1000\"><div class=\"img-container\"><img loading=\"lazy\" decoding=\"async\" width=\"1200\" height=\"1800\" src=\"https:\/\/luxiders.com\/content\/uploads\/Luxiders-Magazine_David-Rockwell_Casa-Cork-Portraits_Photography-by-Emily-Andrews_1.jpeg\" class=\"img-fluid w-100\" alt=\"\" srcset=\"https:\/\/luxiders.com\/content\/uploads\/Luxiders-Magazine_David-Rockwell_Casa-Cork-Portraits_Photography-by-Emily-Andrews_1.jpeg 1200w, https:\/\/luxiders.com\/content\/uploads\/Luxiders-Magazine_David-Rockwell_Casa-Cork-Portraits_Photography-by-Emily-Andrews_1-200x300.jpeg 200w, https:\/\/luxiders.com\/content\/uploads\/Luxiders-Magazine_David-Rockwell_Casa-Cork-Portraits_Photography-by-Emily-Andrews_1-683x1024.jpeg 683w, https:\/\/luxiders.com\/content\/uploads\/Luxiders-Magazine_David-Rockwell_Casa-Cork-Portraits_Photography-by-Emily-Andrews_1-768x1152.jpeg 768w, https:\/\/luxiders.com\/content\/uploads\/Luxiders-Magazine_David-Rockwell_Casa-Cork-Portraits_Photography-by-Emily-Andrews_1-1024x1536.jpeg 1024w\" sizes=\"(max-width: 1200px) 100vw, 1200px\" \/><\/div><figcaption>David Rockwell. \u00a9 Photography by Emily Andrews.<\/figcaption><\/figure>                                                                                            <\/div>\n                                    <div class=\"col-lg-6\">\n                                                                                                                                                        <figure class=\"mb-4 pt-lg-7 mb-lg-4 ps-lg-0 pe-lg-5\" data-aos=\"fade-up\" data-aos-duration=\"1000\"><div class=\"img-container\"><img loading=\"lazy\" decoding=\"async\" width=\"1200\" height=\"1800\" src=\"https:\/\/luxiders.com\/content\/uploads\/Luxiders-Magazine_David-Rockwell_Casa-Cork-Portraits_Photography-by-Emily-Andrews_3.jpeg\" class=\"img-fluid w-100\" alt=\"\" srcset=\"https:\/\/luxiders.com\/content\/uploads\/Luxiders-Magazine_David-Rockwell_Casa-Cork-Portraits_Photography-by-Emily-Andrews_3.jpeg 1200w, https:\/\/luxiders.com\/content\/uploads\/Luxiders-Magazine_David-Rockwell_Casa-Cork-Portraits_Photography-by-Emily-Andrews_3-200x300.jpeg 200w, https:\/\/luxiders.com\/content\/uploads\/Luxiders-Magazine_David-Rockwell_Casa-Cork-Portraits_Photography-by-Emily-Andrews_3-683x1024.jpeg 683w, https:\/\/luxiders.com\/content\/uploads\/Luxiders-Magazine_David-Rockwell_Casa-Cork-Portraits_Photography-by-Emily-Andrews_3-768x1152.jpeg 768w, https:\/\/luxiders.com\/content\/uploads\/Luxiders-Magazine_David-Rockwell_Casa-Cork-Portraits_Photography-by-Emily-Andrews_3-1024x1536.jpeg 1024w\" sizes=\"(max-width: 1200px) 100vw, 1200px\" \/><\/div><figcaption>David Rockwell. \u00a9 Photography by Emily Andrews.<\/figcaption><\/figure>                                                                                                        <\/div>\n                                            <\/div>\n        <\/div>\n    <\/section>\n    \n\n    <section id=\"media-block_d7a73bb05b3daddd7d8b3ed93c25f9ed\" class=\"section position-relative gp-block gp-media pt-5 pb-5\">\n        <div class=\"container\">\n            <div class=\"row g-0\">\n                <div class=\"col-lg-12 content\" data-aos=\"fade-in\" data-aos-duration=\"1000\">\n                                                                            <\/div>\n            <\/div>\n            <div class=\"row g-0\">\n                <div class=\"col-lg-6 \">\n                                                                                                                                                <figure class=\"mb-4 pt-lg-5 mb-lg-0 ps-lg-0 pe-lg-0\" data-aos=\"fade-up\" data-aos-duration=\"1000\"><div class=\"img-container\"><img loading=\"lazy\" decoding=\"async\" width=\"800\" height=\"1199\" src=\"https:\/\/luxiders.com\/content\/uploads\/Luxiders-Magazine_Rockwell-Group_Casa-Cork_Photography-by-Ed-Reeve_03.jpeg\" class=\"img-fluid w-100\" alt=\"Casa Cork. \u00a9 Photography by Ed Reeve.\" srcset=\"https:\/\/luxiders.com\/content\/uploads\/Luxiders-Magazine_Rockwell-Group_Casa-Cork_Photography-by-Ed-Reeve_03.jpeg 800w, https:\/\/luxiders.com\/content\/uploads\/Luxiders-Magazine_Rockwell-Group_Casa-Cork_Photography-by-Ed-Reeve_03-200x300.jpeg 200w, https:\/\/luxiders.com\/content\/uploads\/Luxiders-Magazine_Rockwell-Group_Casa-Cork_Photography-by-Ed-Reeve_03-683x1024.jpeg 683w, https:\/\/luxiders.com\/content\/uploads\/Luxiders-Magazine_Rockwell-Group_Casa-Cork_Photography-by-Ed-Reeve_03-768x1151.jpeg 768w\" sizes=\"(max-width: 800px) 100vw, 800px\" \/><\/div><figcaption>Casa Cork. \u00a9 Photography by Ed Reeve.<\/figcaption><\/figure>                                                                                            <\/div>\n                                    <div class=\"col-lg-6\">\n                                                                                                                                                        <figure class=\"mb-4 pt-lg-0 mb-lg-3 ps-lg-0 pe-lg-0\" data-aos=\"fade-up\" data-aos-duration=\"1000\"><div class=\"img-container\"><img loading=\"lazy\" decoding=\"async\" width=\"1200\" height=\"800\" src=\"https:\/\/luxiders.com\/content\/uploads\/Luxiders-Magazine_David-Rockwell_Casa-Cork-Portraits_Photography-by-Emily-Andrews_4.jpeg\" class=\"img-fluid w-100\" alt=\"\" srcset=\"https:\/\/luxiders.com\/content\/uploads\/Luxiders-Magazine_David-Rockwell_Casa-Cork-Portraits_Photography-by-Emily-Andrews_4.jpeg 1200w, https:\/\/luxiders.com\/content\/uploads\/Luxiders-Magazine_David-Rockwell_Casa-Cork-Portraits_Photography-by-Emily-Andrews_4-300x200.jpeg 300w, https:\/\/luxiders.com\/content\/uploads\/Luxiders-Magazine_David-Rockwell_Casa-Cork-Portraits_Photography-by-Emily-Andrews_4-1024x683.jpeg 1024w, https:\/\/luxiders.com\/content\/uploads\/Luxiders-Magazine_David-Rockwell_Casa-Cork-Portraits_Photography-by-Emily-Andrews_4-768x512.jpeg 768w\" sizes=\"(max-width: 1200px) 100vw, 1200px\" \/><\/div><figcaption>David Rockwell. \u00a9 Photography by Emily Andrews.<\/figcaption><\/figure>                                                                                                        <\/div>\n                                            <\/div>\n        <\/div>\n    <\/section>\n    \n\n    <section id=\"media-block_b9cb69b2d0b369c5643cf81026e12830\" class=\"section position-relative gp-block gp-media pt-5 pb-5\">\n        <div class=\"container\">\n            <div class=\"row g-0\">\n                <div class=\"col-lg-12 content\" data-aos=\"fade-in\" data-aos-duration=\"1000\">\n                                                                            <\/div>\n            <\/div>\n            <div class=\"row g-0\">\n                <div class=\"col-lg-6 \">\n                                                                                                                                                <figure class=\"mb-4 pt-lg-0 mb-lg-0 ps-lg-4 pe-lg-0\" data-aos=\"fade-up\" data-aos-duration=\"1000\"><div class=\"img-container\"><img loading=\"lazy\" decoding=\"async\" width=\"1200\" height=\"800\" src=\"https:\/\/luxiders.com\/content\/uploads\/Luxiders-Magazine_David-Rockwell_Casa-Cork-Portraits_Photography-by-Emily-Andrews_6.jpeg\" class=\"img-fluid w-100\" alt=\"\" srcset=\"https:\/\/luxiders.com\/content\/uploads\/Luxiders-Magazine_David-Rockwell_Casa-Cork-Portraits_Photography-by-Emily-Andrews_6.jpeg 1200w, https:\/\/luxiders.com\/content\/uploads\/Luxiders-Magazine_David-Rockwell_Casa-Cork-Portraits_Photography-by-Emily-Andrews_6-300x200.jpeg 300w, https:\/\/luxiders.com\/content\/uploads\/Luxiders-Magazine_David-Rockwell_Casa-Cork-Portraits_Photography-by-Emily-Andrews_6-1024x683.jpeg 1024w, https:\/\/luxiders.com\/content\/uploads\/Luxiders-Magazine_David-Rockwell_Casa-Cork-Portraits_Photography-by-Emily-Andrews_6-768x512.jpeg 768w\" sizes=\"(max-width: 1200px) 100vw, 1200px\" \/><\/div><figcaption>David Rockwell. \u00a9 Photography by Emily Andrews.<\/figcaption><\/figure>                                                                                            <\/div>\n                                    <div class=\"col-lg-6\">\n                                                                                                                                                        <figure class=\"mb-4 pt-lg-7 mb-lg-4 ps-lg-0 pe-lg-5\" data-aos=\"fade-up\" data-aos-duration=\"1000\"><div class=\"img-container\"><img loading=\"lazy\" decoding=\"async\" width=\"1200\" height=\"800\" src=\"https:\/\/luxiders.com\/content\/uploads\/Luxiders-Magazine_David-Rockwell_Casa-Cork-Portraits_Photography-by-Emily-Andrews_5.jpeg\" class=\"img-fluid w-100\" alt=\"\" srcset=\"https:\/\/luxiders.com\/content\/uploads\/Luxiders-Magazine_David-Rockwell_Casa-Cork-Portraits_Photography-by-Emily-Andrews_5.jpeg 1200w, https:\/\/luxiders.com\/content\/uploads\/Luxiders-Magazine_David-Rockwell_Casa-Cork-Portraits_Photography-by-Emily-Andrews_5-300x200.jpeg 300w, https:\/\/luxiders.com\/content\/uploads\/Luxiders-Magazine_David-Rockwell_Casa-Cork-Portraits_Photography-by-Emily-Andrews_5-1024x683.jpeg 1024w, https:\/\/luxiders.com\/content\/uploads\/Luxiders-Magazine_David-Rockwell_Casa-Cork-Portraits_Photography-by-Emily-Andrews_5-768x512.jpeg 768w\" sizes=\"(max-width: 1200px) 100vw, 1200px\" \/><\/div><figcaption>David Rockwell. \u00a9 Photography by Emily Andrews.<\/figcaption><\/figure>                                                                                                        <\/div>\n                                            <\/div>\n        <\/div>\n    <\/section>\n    \n\n    <section id=\"media-block_5c03515b0fac965e0c792af1a4abe617\" class=\"section position-relative gp-block gp-media pt-5 pb-5\">\n        <div class=\"container\">\n            <div class=\"row g-0\">\n                <div class=\"col-lg-12 content\" data-aos=\"fade-in\" data-aos-duration=\"1000\">\n                                                                            <\/div>\n            <\/div>\n            <div class=\"row g-0\">\n                <div class=\"col-lg-12 img-scaled\">\n                                                                                                                                                <figure class=\"mb-4 pt-lg-0 mb-lg-0 ps-lg-0 pe-lg-0\" data-aos=\"fade-up\" data-aos-duration=\"1000\"><div class=\"img-container\"><img loading=\"lazy\" decoding=\"async\" width=\"1200\" height=\"800\" src=\"https:\/\/luxiders.com\/content\/uploads\/Luxiders-Magazine_Rockwell-Group_Casa-Cork_Photography-by-Ed-Reeve_019.jpeg\" class=\"img-fluid w-100\" alt=\"\" srcset=\"https:\/\/luxiders.com\/content\/uploads\/Luxiders-Magazine_Rockwell-Group_Casa-Cork_Photography-by-Ed-Reeve_019.jpeg 1200w, https:\/\/luxiders.com\/content\/uploads\/Luxiders-Magazine_Rockwell-Group_Casa-Cork_Photography-by-Ed-Reeve_019-300x200.jpeg 300w, https:\/\/luxiders.com\/content\/uploads\/Luxiders-Magazine_Rockwell-Group_Casa-Cork_Photography-by-Ed-Reeve_019-1024x683.jpeg 1024w, https:\/\/luxiders.com\/content\/uploads\/Luxiders-Magazine_Rockwell-Group_Casa-Cork_Photography-by-Ed-Reeve_019-768x512.jpeg 768w\" sizes=\"(max-width: 1200px) 100vw, 1200px\" \/><\/div><figcaption>Casa Cork. \u00a9 Photography by Ed Reeve.<\/figcaption><\/figure>                                                                                            <\/div>\n                                            <\/div>\n        <\/div>\n    <\/section>\n    \n\n    <section id=\"textblock-block_23ab0ae99447ff4f61e7ed6c76c7fe3d\" class=\"section position-relative gp-block gp-textblock pt-0 pb-0\">\n        <div class=\"container\">\n            <div class=\"row g-0\">\n                <div class=\"col-lg-12 content\" data-aos=\"fade-in\" data-aos-duration=\"1000\">\n                                                                        <h2 class=\"\"><p class=\"p1\" style=\"text-align: left;\">DIE KRAFT DES STORYTELLINGS IN DER ARCHITEKTUR\n<\/h2>\n                                                                                                        <p><strong>Wir haben gelesen, dass Casa Cork eine Auseinandersetzung mit Nachhaltigkeit und Anpassungsf\u00e4higkeit ist. Denken Sie, dass dieses Projekt einen grundlegenden Wandel in der zuk\u00fcnftigen Gestaltung von Wohnr\u00e4umen darstellt?<\/strong><\/p>\n<p>Viele Menschen denken schon seit Langem dar\u00fcber nach, wie man nachhaltiger gestalten kann \u2013 zum Beispiel gibt es inzwischen Designer, die mit \u201eHemplime\u201c experimentieren, einem CO\u2082-negativen Biokomposit aus Kalk und den holzigen Resten von Industriehanf, das sich f\u00fcr CO\u2082-neutrale D\u00e4mmung eignet. Ich hoffe, dass wir mit Casa Cork und dem Cork Collective einen weiteren Impuls setzen \u2013 eine weitere Stimme, die fragt, ob sich Dinge vielleicht ein wenig anders machen lassen \u2013 im Sinne der Gesundheit unseres Planeten und unserer selbst.<\/p>\n<p>&nbsp;<\/p>\n<p><strong>Wie lassen sich die Prinzipien hinter Casa Cork auf gr\u00f6\u00dfere Ma\u00dfst\u00e4be anwenden \u2013 zum Beispiel im st\u00e4dtischen Raum oder in kommerziellen Projekten?<\/strong><\/p>\n<p>Mit Casa Cork schaffen wir ein Element der \u00dcberraschung und Freude \u2013 wir verwandeln ein vermeintlich allt\u00e4gliches Material in sch\u00f6ne, funktionale Objekte und Oberfl\u00e4chen, die langlebig und recycelbar sind. Was bei Casa Cork realisiert wurde, l\u00e4sst sich definitiv auch auf Wohn- oder Gesch\u00e4ftsr\u00e4ume \u00fcbertragen. Wir hoffen zudem, dass es Designer:innen, Bauherr:innen und Projektentwickler:innen dazu inspiriert, auch andere nachhaltige Materialien in Erw\u00e4gung zu ziehen und sie auf neue, kreative Weise einzusetzen.<\/p>\n<p>&nbsp;<\/p>\n<p><strong>Nachhaltiges Design bringt oft Herausforderungen mit sich. Gab es w\u00e4hrend der Entwicklung unerwartete H\u00fcrden oder Durchbr\u00fcche?<\/strong><\/p>\n<p>Eine der gr\u00f6\u00dften Herausforderungen war das Design eines wiederverwendbaren Konzepts. Bei jedem Projekt, das f\u00fcr den Transport vorgesehen ist, ist die Detaillierung in jeder Phase entscheidend \u2013 alle Komponenten m\u00fcssen sich leicht demontieren und transportieren lassen.<\/p>\n<p>Forschung und Entwicklung sind immer anspruchsvoll, wenn mit neuen Materialien gearbeitet wird \u2013 besonders bei so kurzer Produktionszeit. Unser lokaler Hersteller hatte zuvor kaum Erfahrung mit Kork, sodass wir in diesem Projekt bewusst Risiken eingegangen sind.<\/p>\n<p>&nbsp;<\/p>\n<p><strong>K\u00f6nnen Sie uns einige Details zu den verwendeten Materialien und Techniken nennen, mit denen die Umweltbelastung m\u00f6glichst gering gehalten wurde?<\/strong><\/p>\n<p>Ein Gro\u00dfteil des Korks stammt von Amorim, das entweder recycelte Korken oder wiederverwertete Reste aus der eigenen Produktion verwendet. Die Studierenden der Parsons School arbeiten mit recycelten Weinkorken von Amorim, die auch deren Prototypen fertigen. Suber Design und Amorim Cork Italia stellen recyceltes Korkmaterial f\u00fcr das Politecnico zur Verf\u00fcgung und werden die Prototypen der Finalist:innen herstellen.<\/p>\n<p>Casa Cork zeigt eine gro\u00dfe Nachbildung eines Korkbaums, verkleidet mit Naturkork, der von B\u00e4umen stammt, die durch Krankheiten oder Blitzeinschl\u00e4ge gefallen sind. Die Installation ist modular aufgebaut, damit sie leicht abgebaut und in andere St\u00e4dte transportiert werden kann. Wir pr\u00fcfen derzeit zuk\u00fcnftige Einsatzorte.<\/p>\n<p><strong>Verwendeter Kork f\u00fcr die Installation:<\/strong><br \/>\n\u2022 Ca. 200 Korkbl\u00f6cke in unterschiedlichen Dichten<br \/>\n\u2022 Ca. 200\u202fm gerollte Korkwaren in unterschiedlichen Dichten<br \/>\n\u2022 Ca. 270\u202fm\u00b2 Korkbodenbelag<\/p>\n                                                        <\/div>\n            <\/div>\n        <\/div>\n    <\/section>\n    \n\n    <section id=\"media-block_59e174b3df1c6b976b4fbb2efbb27d1a\" class=\"section position-relative gp-block gp-media pt-5 pb-5\">\n        <div class=\"container\">\n            <div class=\"row g-0\">\n                <div class=\"col-lg-12 content\" data-aos=\"fade-in\" data-aos-duration=\"1000\">\n                                                                            <\/div>\n            <\/div>\n            <div class=\"row g-0\">\n                <div class=\"col-lg-12 img-scaled\">\n                                                                                                                                                <figure class=\"mb-4 pt-lg-5 mb-lg-5 ps-lg-0 pe-lg-0\" data-aos=\"fade-up\" data-aos-duration=\"1000\"><div class=\"img-container\"><img loading=\"lazy\" decoding=\"async\" width=\"1200\" height=\"887\" src=\"https:\/\/luxiders.com\/content\/uploads\/Luxiders-Magazine_Rockwell-Group_Casa-Cork_Photography-by-Ed-Reeve_08.jpeg\" class=\"img-fluid w-100\" alt=\"Casa Cork. \u00a9 Photography by Ed Reeve.\" srcset=\"https:\/\/luxiders.com\/content\/uploads\/Luxiders-Magazine_Rockwell-Group_Casa-Cork_Photography-by-Ed-Reeve_08.jpeg 1200w, https:\/\/luxiders.com\/content\/uploads\/Luxiders-Magazine_Rockwell-Group_Casa-Cork_Photography-by-Ed-Reeve_08-300x222.jpeg 300w, https:\/\/luxiders.com\/content\/uploads\/Luxiders-Magazine_Rockwell-Group_Casa-Cork_Photography-by-Ed-Reeve_08-1024x757.jpeg 1024w, https:\/\/luxiders.com\/content\/uploads\/Luxiders-Magazine_Rockwell-Group_Casa-Cork_Photography-by-Ed-Reeve_08-768x568.jpeg 768w\" sizes=\"(max-width: 1200px) 100vw, 1200px\" \/><\/div><figcaption>Casa Cork. \u00a9 Photography by Ed Reeve.<\/figcaption><\/figure>                                                                                            <\/div>\n                                            <\/div>\n        <\/div>\n    <\/section>\n    \n\n    <section id=\"media-block_9c9ab5d7ce8bcad501701ff92145bae5\" class=\"section position-relative gp-block gp-media pt-5 pb-5\">\n        <div class=\"container\">\n            <div class=\"row g-0\">\n                <div class=\"col-lg-12 content\" data-aos=\"fade-in\" data-aos-duration=\"1000\">\n                                                                            <\/div>\n            <\/div>\n            <div class=\"row g-0\">\n                <div class=\"col-lg-6 \">\n                                                                                                                                                <figure class=\"mb-4 pt-lg-0 mb-lg-4 ps-lg-5 pe-lg-0\" data-aos=\"fade-up\" data-aos-duration=\"1000\"><div class=\"img-container\"><img loading=\"lazy\" decoding=\"async\" width=\"800\" height=\"1199\" src=\"https:\/\/luxiders.com\/content\/uploads\/Luxiders-Magazine_Rockwell-Group_Casa-Cork_Photography-by-Ed-Reeve_011.jpeg\" class=\"img-fluid w-100\" alt=\"Casa Cork. \u00a9 Photography by Ed Reeve.\" srcset=\"https:\/\/luxiders.com\/content\/uploads\/Luxiders-Magazine_Rockwell-Group_Casa-Cork_Photography-by-Ed-Reeve_011.jpeg 800w, https:\/\/luxiders.com\/content\/uploads\/Luxiders-Magazine_Rockwell-Group_Casa-Cork_Photography-by-Ed-Reeve_011-200x300.jpeg 200w, https:\/\/luxiders.com\/content\/uploads\/Luxiders-Magazine_Rockwell-Group_Casa-Cork_Photography-by-Ed-Reeve_011-683x1024.jpeg 683w, https:\/\/luxiders.com\/content\/uploads\/Luxiders-Magazine_Rockwell-Group_Casa-Cork_Photography-by-Ed-Reeve_011-768x1151.jpeg 768w\" sizes=\"(max-width: 800px) 100vw, 800px\" \/><\/div><figcaption>Casa Cork. \u00a9 Photography by Ed Reeve.<\/figcaption><\/figure>                                                                                            <\/div>\n                                    <div class=\"col-lg-6\">\n                                                                                                                                                        <figure class=\"mb-4 pt-lg-0 mb-lg-4 ps-lg-4 pe-lg-0\" data-aos=\"fade-up\" data-aos-duration=\"1000\"><div class=\"img-container\"><img loading=\"lazy\" decoding=\"async\" width=\"800\" height=\"1193\" src=\"https:\/\/luxiders.com\/content\/uploads\/Luxiders-Magazine_Rockwell-Group_Casa-Cork_Photography-by-Ed-Reeve_017.jpeg\" class=\"img-fluid w-100\" alt=\"Casa Cork. \u00a9 Photography by Ed Reeve.\" srcset=\"https:\/\/luxiders.com\/content\/uploads\/Luxiders-Magazine_Rockwell-Group_Casa-Cork_Photography-by-Ed-Reeve_017.jpeg 800w, https:\/\/luxiders.com\/content\/uploads\/Luxiders-Magazine_Rockwell-Group_Casa-Cork_Photography-by-Ed-Reeve_017-201x300.jpeg 201w, https:\/\/luxiders.com\/content\/uploads\/Luxiders-Magazine_Rockwell-Group_Casa-Cork_Photography-by-Ed-Reeve_017-687x1024.jpeg 687w, https:\/\/luxiders.com\/content\/uploads\/Luxiders-Magazine_Rockwell-Group_Casa-Cork_Photography-by-Ed-Reeve_017-768x1145.jpeg 768w\" sizes=\"(max-width: 800px) 100vw, 800px\" \/><\/div><figcaption>Casa Cork. \u00a9 Photography by Ed Reeve.<\/figcaption><\/figure>                                                                                                        <\/div>\n                                            <\/div>\n        <\/div>\n    <\/section>\n    \n\n    <section id=\"media-block_ec1d2fa569641f5dd6e27de5c0be2353\" class=\"section position-relative gp-block gp-media pt-5 pb-5\">\n        <div class=\"container\">\n            <div class=\"row g-0\">\n                <div class=\"col-lg-12 content\" data-aos=\"fade-in\" data-aos-duration=\"1000\">\n                                                                            <\/div>\n            <\/div>\n            <div class=\"row g-0\">\n                <div class=\"col-lg-12 img-scaled\">\n                                                                                                                                                <figure class=\"mb-4 pt-lg-0 mb-lg-0 ps-lg-0 pe-lg-0\" data-aos=\"fade-up\" data-aos-duration=\"1000\"><div class=\"img-container\"><img loading=\"lazy\" decoding=\"async\" width=\"1200\" height=\"800\" src=\"https:\/\/luxiders.com\/content\/uploads\/Luxiders-Magazine_Rockwell-Group_Casa-Cork_Photography-by-Ed-Reeve_02.jpeg\" class=\"img-fluid w-100\" alt=\"Casa Cork. \u00a9 Photography by Ed Reeve.\" srcset=\"https:\/\/luxiders.com\/content\/uploads\/Luxiders-Magazine_Rockwell-Group_Casa-Cork_Photography-by-Ed-Reeve_02.jpeg 1200w, https:\/\/luxiders.com\/content\/uploads\/Luxiders-Magazine_Rockwell-Group_Casa-Cork_Photography-by-Ed-Reeve_02-300x200.jpeg 300w, https:\/\/luxiders.com\/content\/uploads\/Luxiders-Magazine_Rockwell-Group_Casa-Cork_Photography-by-Ed-Reeve_02-1024x683.jpeg 1024w, https:\/\/luxiders.com\/content\/uploads\/Luxiders-Magazine_Rockwell-Group_Casa-Cork_Photography-by-Ed-Reeve_02-768x512.jpeg 768w\" sizes=\"(max-width: 1200px) 100vw, 1200px\" \/><\/div><figcaption>Casa Cork. \u00a9 Photography by Ed Reeve.<\/figcaption><\/figure>                                                                                            <\/div>\n                                            <\/div>\n        <\/div>\n    <\/section>\n    \n\n    <section id=\"media-block_aee7e8547aec4b9bd0b13dcfd91f8549\" class=\"section position-relative gp-block gp-media pt-5 pb-5\">\n        <div class=\"container\">\n            <div class=\"row g-0\">\n                <div class=\"col-lg-12 content\" data-aos=\"fade-in\" data-aos-duration=\"1000\">\n                                                                            <\/div>\n            <\/div>\n            <div class=\"row g-0\">\n                <div class=\"col-lg-6 \">\n                                                                                                                                                <figure class=\"mb-4 pt-lg-0 mb-lg-0 ps-lg-0 pe-lg-0\" data-aos=\"fade-up\" data-aos-duration=\"1000\"><div class=\"img-container\"><img loading=\"lazy\" decoding=\"async\" width=\"800\" height=\"1207\" src=\"https:\/\/luxiders.com\/content\/uploads\/Luxiders-Magazine_Rockwell-Group_Casa-Cork_Photography-by-Ed-Reeve_022.jpeg\" class=\"img-fluid w-100\" alt=\"Casa Cork. \u00a9 Photography by Ed Reeve.\" srcset=\"https:\/\/luxiders.com\/content\/uploads\/Luxiders-Magazine_Rockwell-Group_Casa-Cork_Photography-by-Ed-Reeve_022.jpeg 800w, https:\/\/luxiders.com\/content\/uploads\/Luxiders-Magazine_Rockwell-Group_Casa-Cork_Photography-by-Ed-Reeve_022-199x300.jpeg 199w, https:\/\/luxiders.com\/content\/uploads\/Luxiders-Magazine_Rockwell-Group_Casa-Cork_Photography-by-Ed-Reeve_022-679x1024.jpeg 679w, https:\/\/luxiders.com\/content\/uploads\/Luxiders-Magazine_Rockwell-Group_Casa-Cork_Photography-by-Ed-Reeve_022-768x1159.jpeg 768w\" sizes=\"(max-width: 800px) 100vw, 800px\" \/><\/div><figcaption>Casa Cork. \u00a9 Photography by Ed Reeve.<\/figcaption><\/figure>                                                                                            <\/div>\n                                    <div class=\"col-lg-6\">\n                                                                                                                                                        <figure class=\"mb-4 pt-lg-4 mb-lg-4 ps-lg-4 pe-lg-0\" data-aos=\"fade-up\" data-aos-duration=\"1000\"><div class=\"img-container\"><img loading=\"lazy\" decoding=\"async\" width=\"800\" height=\"1199\" src=\"https:\/\/luxiders.com\/content\/uploads\/Luxiders-Magazine_Rockwell-Group_Casa-Cork_Photography-by-Ed-Reeve_025.jpeg\" class=\"img-fluid w-100\" alt=\"Casa Cork. \u00a9 Photography by Ed Reeve.\" srcset=\"https:\/\/luxiders.com\/content\/uploads\/Luxiders-Magazine_Rockwell-Group_Casa-Cork_Photography-by-Ed-Reeve_025.jpeg 800w, https:\/\/luxiders.com\/content\/uploads\/Luxiders-Magazine_Rockwell-Group_Casa-Cork_Photography-by-Ed-Reeve_025-200x300.jpeg 200w, https:\/\/luxiders.com\/content\/uploads\/Luxiders-Magazine_Rockwell-Group_Casa-Cork_Photography-by-Ed-Reeve_025-683x1024.jpeg 683w, https:\/\/luxiders.com\/content\/uploads\/Luxiders-Magazine_Rockwell-Group_Casa-Cork_Photography-by-Ed-Reeve_025-768x1151.jpeg 768w\" sizes=\"(max-width: 800px) 100vw, 800px\" \/><\/div><figcaption>Casa Cork. \u00a9 Photography by Ed Reeve.<\/figcaption><\/figure>                                                                                                        <\/div>\n                                            <\/div>\n        <\/div>\n    <\/section>\n    \n\n    <section id=\"media-block_cba9a1e43ac02359f50705a2f94b1a62\" class=\"section position-relative gp-block gp-media pt-0 pb-0\">\n        <div class=\"container\">\n            <div class=\"row g-0\">\n                <div class=\"col-lg-12 content\" data-aos=\"fade-in\" data-aos-duration=\"1000\">\n                                                                            <\/div>\n            <\/div>\n            <div class=\"row g-0\">\n                <div class=\"col-lg-12 img-scaled\">\n                                                                                                                                                <figure class=\"mb-4 pt-lg-0 mb-lg-0 ps-lg-0 pe-lg-0\" data-aos=\"fade-up\" data-aos-duration=\"1000\"><div class=\"img-container\"><img loading=\"lazy\" decoding=\"async\" width=\"1200\" height=\"800\" src=\"https:\/\/luxiders.com\/content\/uploads\/Luxiders-Magazine_Rockwell-Group_Casa-Cork_Photography-by-Ed-Reeve_018.jpeg\" class=\"img-fluid w-100\" alt=\"Casa Cork. \u00a9 Photography by Ed Reeve.\" srcset=\"https:\/\/luxiders.com\/content\/uploads\/Luxiders-Magazine_Rockwell-Group_Casa-Cork_Photography-by-Ed-Reeve_018.jpeg 1200w, https:\/\/luxiders.com\/content\/uploads\/Luxiders-Magazine_Rockwell-Group_Casa-Cork_Photography-by-Ed-Reeve_018-300x200.jpeg 300w, https:\/\/luxiders.com\/content\/uploads\/Luxiders-Magazine_Rockwell-Group_Casa-Cork_Photography-by-Ed-Reeve_018-1024x683.jpeg 1024w, https:\/\/luxiders.com\/content\/uploads\/Luxiders-Magazine_Rockwell-Group_Casa-Cork_Photography-by-Ed-Reeve_018-768x512.jpeg 768w\" sizes=\"(max-width: 1200px) 100vw, 1200px\" \/><\/div><figcaption>Casa Cork. \u00a9 Photography by Ed Reeve.<\/figcaption><\/figure>                                                                                            <\/div>\n                                            <\/div>\n        <\/div>\n    <\/section>\n    \n\n    <section id=\"textblock-block_a93071ee019c19a2b840836b6f2fcb29\" class=\"section position-relative gp-block gp-textblock pt-0 pb-0\">\n        <div class=\"container\">\n            <div class=\"row g-0\">\n                <div class=\"col-lg-12 content\" data-aos=\"fade-in\" data-aos-duration=\"1000\">\n                                                                        <h2 class=\"\">INSPIRATIONEN UND VISIONEN\n<\/h2>\n                                                                                                        <p><strong>Wer inspiriert Sie derzeit im Bereich des nachhaltigen Designs? Gibt es Architekt:innen, Designer:innen oder Bewegungen, die Sie besonders bewundern?<\/strong><\/p>\n<p>Es gibt immer mehr Designer:innen und Architekt:innen, die bemerkenswerte Fortschritte im nachhaltigen Design machen. Einige, die mir spontan einfallen, sind Matthew Barnett Howland, Dido Milne und Oliver Wilton, deren Projekt <em>Cork House<\/em> von 2019 fast vollst\u00e4ndig aus tragf\u00e4higem Massivkork besteht; Jonsara Ruth, Design Director des Healthy Materials Lab (HML) an der Parsons School of Design und Gr\u00fcnderin von Salty Labs \u2013 einem kollaborativen Studio, das Design einsetzt, um die menschliche und \u00f6kologische Gesundheit zu verbessern; sowie die Architektin Lesley Lokko, die das <em>African Futures Institute<\/em> gegr\u00fcndet hat, um die n\u00e4chste Generation von Umweltf\u00fchrer:innen durch Bildung und Forschung zu f\u00f6rdern. Wir lassen uns auch regelm\u00e4\u00dfig von innovativen Anwendungen nachhaltiger Baumaterialien inspirieren, etwa Hanfkalk (Hempcrete), Myzelium, Bambus oder recyceltem Holz.<\/p>\n<p>&nbsp;<\/p>\n<p><strong>Was hoffen Sie, dass Besucher:innen der Milano Design Week von Casa Cork mitnehmen?<\/strong><\/p>\n<p>Wir hoffen, dass sie etwas Neues \u00fcber die Vielseitigkeit von Kork erfahren und seinen Wert f\u00fcr eine funktionierende Kreislaufwirtschaft erkennen. F\u00fcr Casa Cork haben wir bewusst Objekte und Materialien ausgew\u00e4hlt, die genau das symbolisieren \u2013 gefertigt von f\u00fchrenden Pers\u00f6nlichkeiten der Designbranche aus aller Welt. Es war uns auch wichtig, den Forschungs- und Entwicklungsprozess sichtbar zu machen, um Besucher:innen einen realistischen Weg aufzuzeigen, selbst etwas \u00c4hnliches umzusetzen.<\/p>\n<p>&nbsp;<\/p>\n<p><strong>Was steht f\u00fcr Sie als N\u00e4chstes im Bereich des nachhaltigen Designs an? Gibt es kommende Projekte, auf die wir gespannt sein d\u00fcrfen?<\/strong><\/p>\n<p>Im Rahmen von Casa Cork pr\u00e4sentieren wir auch unsere neue Leuchtenkollektion f\u00fcr <em>Stackabl<\/em>, ein Designunternehmen mit Sitz in Toronto. Dessen Ziel ist es, bis 2029 rund 500 Tonnen Textilabf\u00e4lle von der M\u00fclldeponie fernzuhalten. Die Kollektion besteht aus Restrollen und Verschnittteilen von Filz und umfasst eine Serie von Boden- und Tischlampen mit kr\u00e4ftigen, geometrischen Zylinderformen. Die Sockel bestehen aus massivem Kork, hergestellt von Amorim \u2013 aus 100\u202f% postindustriellem Kork, der aus Abfallmaterialien der Weinkorkenproduktion gewonnen wird.<\/p>\n                                                        <\/div>\n            <\/div>\n        <\/div>\n    <\/section>\n    \n\n    <section id=\"media-block_e1e85a95a3e7713168f1c58bdb6be88e\" class=\"section position-relative gp-block gp-media text-center pt-5 pb-5\">\n        <div class=\"container\">\n            <div class=\"row g-0\">\n                <div class=\"col-lg-12 content\" data-aos=\"fade-in\" data-aos-duration=\"1000\">\n                                                                                    <div class=\"mt-4 mt-lg-5\"><\/div>\n                                                                \n                    <p class=\"mb-0\"><a class=\"btn btn-secondary extern text-white\" href=\"https:\/\/www.instagram.com\/RockwellGroup\" title=\"DISCOVER MORE FROM ROCKWELL GROUP\" target=\"_blank\"><span>DISCOVER MORE FROM ROCKWELL GROUP<\/span><\/a><\/p>\n                                                <\/div>\n            <\/div>\n            <div class=\"row g-0\">\n                <div class=\"col-lg-12 img-scaled\">\n                                    <\/div>\n                                            <\/div>\n        <\/div>\n    <\/section>\n    ","protected":false},"excerpt":{"rendered":"","protected":false},"author":2,"featured_media":53915,"comment_status":"closed","ping_status":"closed","sticky":false,"template":"","format":"standard","meta":{"_acf_changed":false,"footnotes":""},"categories":[1216],"tags":[9904],"class_list":{"0":"post-53890","1":"post","2":"type-post","3":"status-publish","4":"format-standard","5":"has-post-thumbnail","7":"category-nachhaltiges-luxus-design","8":"tag-david-rockwell-de"},"acf":[],"yoast_head":"<title>10 Fragen an David Rockwell: \u00dcber Nachhaltigkeit und Design<\/title>\n<meta name=\"description\" content=\"David Rockwell wird seit Langem daf\u00fcr gefeiert, R\u00e4ume in Geschichten zu verwandeln. Doch mit Casa Cork treibt er Nachhaltigkeit und Design...\" \/>\n<meta name=\"robots\" content=\"index, follow, max-snippet:-1, max-image-preview:large, max-video-preview:-1\" \/>\n<link rel=\"canonical\" href=\"https:\/\/luxiders.com\/de\/10-fragen-an-david-rockwell-ueber-nachhaltigkeit-innovation-und-die-zukunft-des-designs\/\" \/>\n<meta property=\"og:locale\" content=\"de_DE\" \/>\n<meta property=\"og:type\" content=\"article\" \/>\n<meta property=\"og:title\" content=\"10 Fragen an David Rockwell: \u00dcber Nachhaltigkeit und Design\" \/>\n<meta property=\"og:description\" content=\"David Rockwell wird seit Langem daf\u00fcr gefeiert, R\u00e4ume in Geschichten zu verwandeln. Doch mit Casa Cork treibt er Nachhaltigkeit und Design...\" \/>\n<meta property=\"og:url\" content=\"https:\/\/luxiders.com\/de\/10-fragen-an-david-rockwell-ueber-nachhaltigkeit-innovation-und-die-zukunft-des-designs\/\" \/>\n<meta property=\"og:site_name\" content=\"Sustainable Fashion - Eco Design - Healthy Lifestyle - Luxiders Magazine\" \/>\n<meta property=\"article:published_time\" content=\"2025-04-09T06:00:00+00:00\" \/>\n<meta property=\"article:modified_time\" content=\"2025-04-09T11:29:23+00:00\" \/>\n<meta property=\"og:image\" content=\"https:\/\/luxiders.com\/content\/uploads\/Luxiders-Magazine_David-Rockwell_Casa-Cork-Portraits_Photography-by-Emily-Andrews_5.jpeg\" \/>\n\t<meta property=\"og:image:width\" content=\"1200\" \/>\n\t<meta property=\"og:image:height\" content=\"800\" \/>\n\t<meta property=\"og:image:type\" content=\"image\/jpeg\" \/>\n<meta name=\"author\" content=\"luxiders\" \/>\n<meta name=\"twitter:card\" content=\"summary_large_image\" \/>\n<meta name=\"twitter:label1\" content=\"Verfasst von\" \/>\n\t<meta name=\"twitter:data1\" content=\"luxiders\" \/>\n\t<meta name=\"twitter:label2\" content=\"Gesch\u00e4tzte Lesezeit\" \/>\n\t<meta name=\"twitter:data2\" content=\"7\u00a0Minuten\" \/>\n<script type=\"application\/ld+json\" class=\"yoast-schema-graph\">{\"@context\":\"https:\/\/schema.org\",\"@graph\":[{\"@type\":\"Article\",\"@id\":\"https:\/\/luxiders.com\/de\/10-fragen-an-david-rockwell-ueber-nachhaltigkeit-innovation-und-die-zukunft-des-designs\/#article\",\"isPartOf\":{\"@id\":\"https:\/\/luxiders.com\/de\/10-fragen-an-david-rockwell-ueber-nachhaltigkeit-innovation-und-die-zukunft-des-designs\/\"},\"author\":{\"name\":\"luxiders\",\"@id\":\"https:\/\/luxiders.com\/de\/#\/schema\/person\/8632fa702ae2ce98f66c396254633de8\"},\"headline\":\"10 Fragen an David Rockwell: \u00dcber Nachhaltigkeit, Innovation und die Zukunft des Designs\",\"datePublished\":\"2025-04-09T06:00:00+00:00\",\"dateModified\":\"2025-04-09T11:29:23+00:00\",\"mainEntityOfPage\":{\"@id\":\"https:\/\/luxiders.com\/de\/10-fragen-an-david-rockwell-ueber-nachhaltigkeit-innovation-und-die-zukunft-des-designs\/\"},\"wordCount\":12,\"publisher\":{\"@id\":\"https:\/\/luxiders.com\/de\/#organization\"},\"image\":{\"@id\":\"https:\/\/luxiders.com\/de\/10-fragen-an-david-rockwell-ueber-nachhaltigkeit-innovation-und-die-zukunft-des-designs\/#primaryimage\"},\"thumbnailUrl\":\"https:\/\/luxiders.com\/content\/uploads\/Luxiders-Magazine_David-Rockwell_Casa-Cork-Portraits_Photography-by-Emily-Andrews_5.jpeg\",\"keywords\":[\"David Rockwell\"],\"articleSection\":[\"Design\"],\"inLanguage\":\"de\"},{\"@type\":\"WebPage\",\"@id\":\"https:\/\/luxiders.com\/de\/10-fragen-an-david-rockwell-ueber-nachhaltigkeit-innovation-und-die-zukunft-des-designs\/\",\"url\":\"https:\/\/luxiders.com\/de\/10-fragen-an-david-rockwell-ueber-nachhaltigkeit-innovation-und-die-zukunft-des-designs\/\",\"name\":\"10 Fragen an David Rockwell: \u00dcber Nachhaltigkeit und Design\",\"isPartOf\":{\"@id\":\"https:\/\/luxiders.com\/de\/#website\"},\"primaryImageOfPage\":{\"@id\":\"https:\/\/luxiders.com\/de\/10-fragen-an-david-rockwell-ueber-nachhaltigkeit-innovation-und-die-zukunft-des-designs\/#primaryimage\"},\"image\":{\"@id\":\"https:\/\/luxiders.com\/de\/10-fragen-an-david-rockwell-ueber-nachhaltigkeit-innovation-und-die-zukunft-des-designs\/#primaryimage\"},\"thumbnailUrl\":\"https:\/\/luxiders.com\/content\/uploads\/Luxiders-Magazine_David-Rockwell_Casa-Cork-Portraits_Photography-by-Emily-Andrews_5.jpeg\",\"datePublished\":\"2025-04-09T06:00:00+00:00\",\"dateModified\":\"2025-04-09T11:29:23+00:00\",\"description\":\"David Rockwell wird seit Langem daf\u00fcr gefeiert, R\u00e4ume in Geschichten zu verwandeln. Doch mit Casa Cork treibt er Nachhaltigkeit und Design...\",\"breadcrumb\":{\"@id\":\"https:\/\/luxiders.com\/de\/10-fragen-an-david-rockwell-ueber-nachhaltigkeit-innovation-und-die-zukunft-des-designs\/#breadcrumb\"},\"inLanguage\":\"de\",\"potentialAction\":[{\"@type\":\"ReadAction\",\"target\":[\"https:\/\/luxiders.com\/de\/10-fragen-an-david-rockwell-ueber-nachhaltigkeit-innovation-und-die-zukunft-des-designs\/\"]}]},{\"@type\":\"ImageObject\",\"inLanguage\":\"de\",\"@id\":\"https:\/\/luxiders.com\/de\/10-fragen-an-david-rockwell-ueber-nachhaltigkeit-innovation-und-die-zukunft-des-designs\/#primaryimage\",\"url\":\"https:\/\/luxiders.com\/content\/uploads\/Luxiders-Magazine_David-Rockwell_Casa-Cork-Portraits_Photography-by-Emily-Andrews_5.jpeg\",\"contentUrl\":\"https:\/\/luxiders.com\/content\/uploads\/Luxiders-Magazine_David-Rockwell_Casa-Cork-Portraits_Photography-by-Emily-Andrews_5.jpeg\",\"width\":1200,\"height\":800,\"caption\":\"David Rockwell. \u00a9 Photography by Emily Andrews.\"},{\"@type\":\"BreadcrumbList\",\"@id\":\"https:\/\/luxiders.com\/de\/10-fragen-an-david-rockwell-ueber-nachhaltigkeit-innovation-und-die-zukunft-des-designs\/#breadcrumb\",\"itemListElement\":[{\"@type\":\"ListItem\",\"position\":1,\"name\":\"Startseite\",\"item\":\"https:\/\/luxiders.com\/de\/\"},{\"@type\":\"ListItem\",\"position\":2,\"name\":\"Design\",\"item\":\"https:\/\/luxiders.com\/de\/Katregorie\/nachhaltiges-luxus-design\/\"},{\"@type\":\"ListItem\",\"position\":3,\"name\":\"10 Fragen an David Rockwell: \u00dcber Nachhaltigkeit, Innovation und die Zukunft des Designs\"}]},{\"@type\":\"WebSite\",\"@id\":\"https:\/\/luxiders.com\/de\/#website\",\"url\":\"https:\/\/luxiders.com\/de\/\",\"name\":\"Sustainable Fashion - Eco Design - Healthy Lifestyle - Luxiders Magazine\",\"description\":\"Luxiders is a sustainable luxury magazine highlighting the best stories about sustainable fashion, ethical fashion, eco-friendly design, green design, sustainable travel, natural beauty, organic beauty and healthy lifestyle. Know the best high-end, progressive and luxury sustainable brands and designers worldwide.\",\"publisher\":{\"@id\":\"https:\/\/luxiders.com\/de\/#organization\"},\"potentialAction\":[{\"@type\":\"SearchAction\",\"target\":{\"@type\":\"EntryPoint\",\"urlTemplate\":\"https:\/\/luxiders.com\/de\/?s={search_term_string}\"},\"query-input\":{\"@type\":\"PropertyValueSpecification\",\"valueRequired\":true,\"valueName\":\"search_term_string\"}}],\"inLanguage\":\"de\"},{\"@type\":\"Organization\",\"@id\":\"https:\/\/luxiders.com\/de\/#organization\",\"name\":\"Sustainable Fashion - Eco Design - Healthy Lifestyle - Luxiders Magazine\",\"url\":\"https:\/\/luxiders.com\/de\/\",\"logo\":{\"@type\":\"ImageObject\",\"inLanguage\":\"de\",\"@id\":\"https:\/\/luxiders.com\/de\/#\/schema\/logo\/image\/\",\"url\":\"https:\/\/luxiders.com\/content\/uploads\/lux-logo.svg\",\"contentUrl\":\"https:\/\/luxiders.com\/content\/uploads\/lux-logo.svg\",\"caption\":\"Sustainable Fashion - Eco Design - Healthy Lifestyle - Luxiders Magazine\"},\"image\":{\"@id\":\"https:\/\/luxiders.com\/de\/#\/schema\/logo\/image\/\"}},{\"@type\":\"Person\",\"@id\":\"https:\/\/luxiders.com\/de\/#\/schema\/person\/8632fa702ae2ce98f66c396254633de8\",\"name\":\"luxiders\",\"url\":\"https:\/\/luxiders.com\/de\/author\/luxiders\/\"}]}<\/script>","yoast_head_json":{"title":"10 Fragen an David Rockwell: \u00dcber Nachhaltigkeit und Design","description":"David Rockwell wird seit Langem daf\u00fcr gefeiert, R\u00e4ume in Geschichten zu verwandeln. Doch mit Casa Cork treibt er Nachhaltigkeit und Design...","robots":{"index":"index","follow":"follow","max-snippet":"max-snippet:-1","max-image-preview":"max-image-preview:large","max-video-preview":"max-video-preview:-1"},"canonical":"https:\/\/luxiders.com\/de\/10-fragen-an-david-rockwell-ueber-nachhaltigkeit-innovation-und-die-zukunft-des-designs\/","og_locale":"de_DE","og_type":"article","og_title":"10 Fragen an David Rockwell: \u00dcber Nachhaltigkeit und Design","og_description":"David Rockwell wird seit Langem daf\u00fcr gefeiert, R\u00e4ume in Geschichten zu verwandeln. Doch mit Casa Cork treibt er Nachhaltigkeit und Design...","og_url":"https:\/\/luxiders.com\/de\/10-fragen-an-david-rockwell-ueber-nachhaltigkeit-innovation-und-die-zukunft-des-designs\/","og_site_name":"Sustainable Fashion - Eco Design - Healthy Lifestyle - Luxiders Magazine","article_published_time":"2025-04-09T06:00:00+00:00","article_modified_time":"2025-04-09T11:29:23+00:00","og_image":[{"width":1200,"height":800,"url":"https:\/\/luxiders.com\/content\/uploads\/Luxiders-Magazine_David-Rockwell_Casa-Cork-Portraits_Photography-by-Emily-Andrews_5.jpeg","type":"image\/jpeg"}],"author":"luxiders","twitter_card":"summary_large_image","twitter_misc":{"Verfasst von":"luxiders","Gesch\u00e4tzte Lesezeit":"7\u00a0Minuten"},"schema":{"@context":"https:\/\/schema.org","@graph":[{"@type":"Article","@id":"https:\/\/luxiders.com\/de\/10-fragen-an-david-rockwell-ueber-nachhaltigkeit-innovation-und-die-zukunft-des-designs\/#article","isPartOf":{"@id":"https:\/\/luxiders.com\/de\/10-fragen-an-david-rockwell-ueber-nachhaltigkeit-innovation-und-die-zukunft-des-designs\/"},"author":{"name":"luxiders","@id":"https:\/\/luxiders.com\/de\/#\/schema\/person\/8632fa702ae2ce98f66c396254633de8"},"headline":"10 Fragen an David Rockwell: \u00dcber Nachhaltigkeit, Innovation und die Zukunft des Designs","datePublished":"2025-04-09T06:00:00+00:00","dateModified":"2025-04-09T11:29:23+00:00","mainEntityOfPage":{"@id":"https:\/\/luxiders.com\/de\/10-fragen-an-david-rockwell-ueber-nachhaltigkeit-innovation-und-die-zukunft-des-designs\/"},"wordCount":12,"publisher":{"@id":"https:\/\/luxiders.com\/de\/#organization"},"image":{"@id":"https:\/\/luxiders.com\/de\/10-fragen-an-david-rockwell-ueber-nachhaltigkeit-innovation-und-die-zukunft-des-designs\/#primaryimage"},"thumbnailUrl":"https:\/\/luxiders.com\/content\/uploads\/Luxiders-Magazine_David-Rockwell_Casa-Cork-Portraits_Photography-by-Emily-Andrews_5.jpeg","keywords":["David Rockwell"],"articleSection":["Design"],"inLanguage":"de"},{"@type":"WebPage","@id":"https:\/\/luxiders.com\/de\/10-fragen-an-david-rockwell-ueber-nachhaltigkeit-innovation-und-die-zukunft-des-designs\/","url":"https:\/\/luxiders.com\/de\/10-fragen-an-david-rockwell-ueber-nachhaltigkeit-innovation-und-die-zukunft-des-designs\/","name":"10 Fragen an David Rockwell: \u00dcber Nachhaltigkeit und Design","isPartOf":{"@id":"https:\/\/luxiders.com\/de\/#website"},"primaryImageOfPage":{"@id":"https:\/\/luxiders.com\/de\/10-fragen-an-david-rockwell-ueber-nachhaltigkeit-innovation-und-die-zukunft-des-designs\/#primaryimage"},"image":{"@id":"https:\/\/luxiders.com\/de\/10-fragen-an-david-rockwell-ueber-nachhaltigkeit-innovation-und-die-zukunft-des-designs\/#primaryimage"},"thumbnailUrl":"https:\/\/luxiders.com\/content\/uploads\/Luxiders-Magazine_David-Rockwell_Casa-Cork-Portraits_Photography-by-Emily-Andrews_5.jpeg","datePublished":"2025-04-09T06:00:00+00:00","dateModified":"2025-04-09T11:29:23+00:00","description":"David Rockwell wird seit Langem daf\u00fcr gefeiert, R\u00e4ume in Geschichten zu verwandeln. Doch mit Casa Cork treibt er Nachhaltigkeit und Design...","breadcrumb":{"@id":"https:\/\/luxiders.com\/de\/10-fragen-an-david-rockwell-ueber-nachhaltigkeit-innovation-und-die-zukunft-des-designs\/#breadcrumb"},"inLanguage":"de","potentialAction":[{"@type":"ReadAction","target":["https:\/\/luxiders.com\/de\/10-fragen-an-david-rockwell-ueber-nachhaltigkeit-innovation-und-die-zukunft-des-designs\/"]}]},{"@type":"ImageObject","inLanguage":"de","@id":"https:\/\/luxiders.com\/de\/10-fragen-an-david-rockwell-ueber-nachhaltigkeit-innovation-und-die-zukunft-des-designs\/#primaryimage","url":"https:\/\/luxiders.com\/content\/uploads\/Luxiders-Magazine_David-Rockwell_Casa-Cork-Portraits_Photography-by-Emily-Andrews_5.jpeg","contentUrl":"https:\/\/luxiders.com\/content\/uploads\/Luxiders-Magazine_David-Rockwell_Casa-Cork-Portraits_Photography-by-Emily-Andrews_5.jpeg","width":1200,"height":800,"caption":"David Rockwell. \u00a9 Photography by Emily Andrews."},{"@type":"BreadcrumbList","@id":"https:\/\/luxiders.com\/de\/10-fragen-an-david-rockwell-ueber-nachhaltigkeit-innovation-und-die-zukunft-des-designs\/#breadcrumb","itemListElement":[{"@type":"ListItem","position":1,"name":"Startseite","item":"https:\/\/luxiders.com\/de\/"},{"@type":"ListItem","position":2,"name":"Design","item":"https:\/\/luxiders.com\/de\/Katregorie\/nachhaltiges-luxus-design\/"},{"@type":"ListItem","position":3,"name":"10 Fragen an David Rockwell: \u00dcber Nachhaltigkeit, Innovation und die Zukunft des Designs"}]},{"@type":"WebSite","@id":"https:\/\/luxiders.com\/de\/#website","url":"https:\/\/luxiders.com\/de\/","name":"Sustainable Fashion - Eco Design - Healthy Lifestyle - Luxiders Magazine","description":"Luxiders is a sustainable luxury magazine highlighting the best stories about sustainable fashion, ethical fashion, eco-friendly design, green design, sustainable travel, natural beauty, organic beauty and healthy lifestyle. Know the best high-end, progressive and luxury sustainable brands and designers worldwide.","publisher":{"@id":"https:\/\/luxiders.com\/de\/#organization"},"potentialAction":[{"@type":"SearchAction","target":{"@type":"EntryPoint","urlTemplate":"https:\/\/luxiders.com\/de\/?s={search_term_string}"},"query-input":{"@type":"PropertyValueSpecification","valueRequired":true,"valueName":"search_term_string"}}],"inLanguage":"de"},{"@type":"Organization","@id":"https:\/\/luxiders.com\/de\/#organization","name":"Sustainable Fashion - Eco Design - Healthy Lifestyle - Luxiders Magazine","url":"https:\/\/luxiders.com\/de\/","logo":{"@type":"ImageObject","inLanguage":"de","@id":"https:\/\/luxiders.com\/de\/#\/schema\/logo\/image\/","url":"https:\/\/luxiders.com\/content\/uploads\/lux-logo.svg","contentUrl":"https:\/\/luxiders.com\/content\/uploads\/lux-logo.svg","caption":"Sustainable Fashion - Eco Design - Healthy Lifestyle - Luxiders Magazine"},"image":{"@id":"https:\/\/luxiders.com\/de\/#\/schema\/logo\/image\/"}},{"@type":"Person","@id":"https:\/\/luxiders.com\/de\/#\/schema\/person\/8632fa702ae2ce98f66c396254633de8","name":"luxiders","url":"https:\/\/luxiders.com\/de\/author\/luxiders\/"}]}},"_links":{"self":[{"href":"https:\/\/luxiders.com\/de\/wp-json\/wp\/v2\/posts\/53890","targetHints":{"allow":["GET"]}}],"collection":[{"href":"https:\/\/luxiders.com\/de\/wp-json\/wp\/v2\/posts"}],"about":[{"href":"https:\/\/luxiders.com\/de\/wp-json\/wp\/v2\/types\/post"}],"author":[{"embeddable":true,"href":"https:\/\/luxiders.com\/de\/wp-json\/wp\/v2\/users\/2"}],"replies":[{"embeddable":true,"href":"https:\/\/luxiders.com\/de\/wp-json\/wp\/v2\/comments?post=53890"}],"version-history":[{"count":3,"href":"https:\/\/luxiders.com\/de\/wp-json\/wp\/v2\/posts\/53890\/revisions"}],"predecessor-version":[{"id":54039,"href":"https:\/\/luxiders.com\/de\/wp-json\/wp\/v2\/posts\/53890\/revisions\/54039"}],"wp:featuredmedia":[{"embeddable":true,"href":"https:\/\/luxiders.com\/de\/wp-json\/wp\/v2\/media\/53915"}],"wp:attachment":[{"href":"https:\/\/luxiders.com\/de\/wp-json\/wp\/v2\/media?parent=53890"}],"wp:term":[{"taxonomy":"category","embeddable":true,"href":"https:\/\/luxiders.com\/de\/wp-json\/wp\/v2\/categories?post=53890"},{"taxonomy":"post_tag","embeddable":true,"href":"https:\/\/luxiders.com\/de\/wp-json\/wp\/v2\/tags?post=53890"}],"curies":[{"name":"wp","href":"https:\/\/api.w.org\/{rel}","templated":true}]}}