{"id":55910,"date":"2025-06-24T11:23:46","date_gmt":"2025-06-24T09:23:46","guid":{"rendered":"https:\/\/luxiders.com\/?p=55910"},"modified":"2025-06-24T11:57:52","modified_gmt":"2025-06-24T09:57:52","slug":"der-beste-nachhaltige-menorca-reisefuehrer-lokale-und-umweltbewusste-orte-kuenstler-die-man-auf-der-insel-besuchen-sollte","status":"publish","type":"post","link":"https:\/\/luxiders.com\/de\/der-beste-nachhaltige-menorca-reisefuehrer-lokale-und-umweltbewusste-orte-kuenstler-die-man-auf-der-insel-besuchen-sollte\/","title":{"rendered":"Der beste nachhaltige Menorca-Reisef\u00fchrer | Lokale und umweltbewusste Orte &amp; K\u00fcnstler, die man auf der Insel besuchen sollte"},"content":{"rendered":"    <section id=\"textblock-block_7396b3213ad91a9d7410deb06b447efa\" class=\"section position-relative gp-block gp-textblock pt-5 pb-5\">\n        <div class=\"container\">\n            <div class=\"row g-0\">\n                <div class=\"col-lg-12 content\" data-aos=\"fade-in\" data-aos-duration=\"1000\">\n                                                                                    <div class=\"intro \">\n                            <p class=\"p1\" style=\"text-align: center;\">Es gibt eine Insel, aufgeh\u00e4ngt zwischen dem Fl\u00fcstern des Windes und dem stillen Blick des Meeres, auf der die Zeit dem Atem der Erde folgt. Umarmt vom Mittelmeer, tr\u00e4gt Menorca mehr als nur das Gewicht uralter Steine und azurblauer Wellen \u2013 sie birgt ein Versprechen, ein zartes Gel\u00fcbde, den Boden achtsam zu betreten. Dies ist ein Ort f\u00fcr jene, die lernen, regenerieren und sch\u00f6pfen m\u00f6chten.<\/p>\n                        <\/div>\n                                                                                                <\/div>\n            <\/div>\n        <\/div>\n    <\/section>\n    \n\n    <section id=\"newsletter-block_4736608d4c48aa67f2267c6020d910fa\" class=\"section position-relative gp-block gp-newsletter pt-0 pb-0 my-5\">\n        <div class=\"container\">\n            <div class=\"row g-0 pt-4 pb-3\">\n                <div class=\"col-lg-12 content text-center border pt-3\" data-aos=\"fade-in\" data-aos-duration=\"1000\">\n                                            <p><em>Um den Luxiders Newsletter zu erhalten,\u00a0<a href=\"https:\/\/landing.mailerlite.com\/webforms\/landing\/g1u8s7\">melde dich hier an<\/a>.<\/em><\/p>\n                                    <\/div>\n            <\/div>\n        <\/div>\n    <\/section>\n    \n\n    <section id=\"textblock-block_328dc90cf4e269812f38a621457f1749\" class=\"section position-relative gp-block gp-textblock pt-0 pb-0\">\n        <div class=\"container\">\n            <div class=\"row g-0\">\n                <div class=\"col-lg-12 content\" data-aos=\"fade-in\" data-aos-duration=\"1000\">\n                                                                                <p class=\"p1\">Unter dem wachsamen Blick jahrhundertealter Olivenb\u00e4ume regt sich meine Seele mit leisen, bewussten Schritten. Die Insel, einst nur durch ihre schroffen Klippen und wilden Landschaften gesch\u00fctzt, \u00f6ffnet sich nun jenen, die sie verstehen wollen. Hier, in diesem Biosph\u00e4renreservat, muss ein zartes Gleichgewicht gewahrt werden \u2014 ein Gleichgewicht zwischen Bewahrung und Erfahrung, zwischen dem Alten und dem Jetzt.<\/p>\n<p class=\"p3\">Alles scheint mich einzuladen, langsamer zu werden und den Rhythmus der Natur neu zu entdecken. Im Austausch mit lokalen Kunsthandwerker*innen tauche ich tief in das Erbe der Insel ein. Ich h\u00f6re den Klang eines Lebens in Einklang mit einem Ort, der zugleich zeitlos und im Wandel ist. Diese schlichte Sch\u00f6nheit beruhigt mich, f\u00fchrt mich zur Einkehr.<\/p>\n<p class=\"p3\">Der Cam\u00ed de Cavalls, ein uralter Pfad, der die Insel umrundet, zieht mich in die Kontemplation. Die Klippen, gek\u00fcsst von der Sonne und beschattet von den Wolken, werden zur Leinwand meines Geistes. Das Wasser, sich stetig wandelnd und doch ewig, ist wie Tinte in der Hand eines Dichters. An diesem Ort ist Kreativit\u00e4t keine Wahl \u2014 sie ist der Pulsschlag der Insel, so konstant wie die Wellen, die an ihre Ufer schlagen. Ich sp\u00fcre das Erwachen der Erde. Sauerstoffreich.<\/p>\n<p class=\"p3\">Dann ist es so weit: Ich entscheide mich, selbst zur Handwerkerin zu werden \u2014 zu lernen von den M\u00e4nnern und Frauen, die dieses Land mit H\u00e4nden und Herzen geformt haben. Jedes St\u00fcck Keramik, jeder geflochtene Korb, jede von Hand geschaffene Form, jeder Bissen wird nicht zum Souvenir, sondern zum Takt eines tieferen Zusammenhangs \u2014 eine Verbindung zu einem Ort und einer Zeit, die \u00fcber sich hinausweisen. Es ist kein Zufall; die ewige Poesie der talayotischen Kultur Menorcas hallt immer wieder in mir wider und atmet in Zyklen von Leben, Tod und Zugeh\u00f6rigkeit.<\/p>\n<p class=\"p3\">Ich blicke in den Himmel. Als ausgewiesenes Starlight-Reservat und -Zielgebiet, das unter geringer Lichtverschmutzung leidet, l\u00e4dt diese Erfahrung zur Reflexion \u00fcber den eigenen Platz im Universum ein. Das Gef\u00fchl der Ewigkeit liegt in der Erkenntnis, dass wir alle durch eine kosmische Dimension miteinander verbunden sind.<\/p>\n<p class=\"p3\">Isolation und Einsamkeit \u2014 Themen, die der menorquinische Dramatiker und Dichter Joan Ramis i Ramis im 18. Jahrhundert oft aufgriff \u2014 steigen tief aus meiner Seele auf und rei\u00dfen alle meine Schutzschichten nieder.<\/p>\n<p class=\"p3\">Ich will nicht gehen. Geheimnis und Sch\u00f6nheit fl\u00fcstern noch immer \u2014 es geht nicht nur darum, keine Spuren zu hinterlassen; es geht darum, das Land besser zur\u00fcckzulassen, als ich es vorgefunden habe.<\/p>\n                                                        <\/div>\n            <\/div>\n        <\/div>\n    <\/section>\n    \n\n    <section id=\"media-block_ec18bb3c236799bc1b8a96efed01b021\" class=\"section position-relative gp-block gp-media pt-5 pb-5\">\n        <div class=\"container\">\n            <div class=\"row g-0\">\n                <div class=\"col-lg-12 content\" data-aos=\"fade-in\" data-aos-duration=\"1000\">\n                                                                            <\/div>\n            <\/div>\n            <div class=\"row g-0\">\n                <div class=\"col-lg-6 \">\n                                                                                                                                                <figure class=\"mb-4 pt-lg-0 mb-lg-0 ps-lg-4 pe-lg-4\" data-aos=\"fade-up\" data-aos-duration=\"1000\"><div class=\"img-container\"><img loading=\"lazy\" decoding=\"async\" width=\"1200\" height=\"1800\" src=\"https:\/\/luxiders.com\/content\/uploads\/M_menorca-sept-20149.jpeg\" class=\"img-fluid w-100\" alt=\"\" srcset=\"https:\/\/luxiders.com\/content\/uploads\/M_menorca-sept-20149.jpeg 1200w, https:\/\/luxiders.com\/content\/uploads\/M_menorca-sept-20149-200x300.jpeg 200w, https:\/\/luxiders.com\/content\/uploads\/M_menorca-sept-20149-683x1024.jpeg 683w, https:\/\/luxiders.com\/content\/uploads\/M_menorca-sept-20149-768x1152.jpeg 768w, https:\/\/luxiders.com\/content\/uploads\/M_menorca-sept-20149-1024x1536.jpeg 1024w\" sizes=\"(max-width: 1200px) 100vw, 1200px\" \/><\/div><\/figure>                                                                                            <\/div>\n                                    <div class=\"col-lg-6\">\n                                                                                                                                                        <figure class=\"mb-4 pt-lg-0 mb-lg-7 ps-lg-5 pe-lg-4\" data-aos=\"fade-up\" data-aos-duration=\"1000\"><div class=\"img-container\"><img loading=\"lazy\" decoding=\"async\" width=\"1200\" height=\"1800\" src=\"https:\/\/luxiders.com\/content\/uploads\/M_IMGL0494.jpeg\" class=\"img-fluid w-100\" alt=\"\" srcset=\"https:\/\/luxiders.com\/content\/uploads\/M_IMGL0494.jpeg 1200w, https:\/\/luxiders.com\/content\/uploads\/M_IMGL0494-200x300.jpeg 200w, https:\/\/luxiders.com\/content\/uploads\/M_IMGL0494-683x1024.jpeg 683w, https:\/\/luxiders.com\/content\/uploads\/M_IMGL0494-768x1152.jpeg 768w, https:\/\/luxiders.com\/content\/uploads\/M_IMGL0494-1024x1536.jpeg 1024w\" sizes=\"(max-width: 1200px) 100vw, 1200px\" \/><\/div><\/figure>                                                                                                        <\/div>\n                                            <\/div>\n        <\/div>\n    <\/section>\n    \n\n    <section id=\"media-block_d066da8ca10ae2f4683cb91d44a87740\" class=\"section position-relative gp-block gp-media pt-5 pb-5\">\n        <div class=\"container\">\n            <div class=\"row g-0\">\n                <div class=\"col-lg-12 content\" data-aos=\"fade-in\" data-aos-duration=\"1000\">\n                                                                            <\/div>\n            <\/div>\n            <div class=\"row g-0\">\n                <div class=\"col-lg-12 img-scaled\">\n                                                                                                                                                <figure class=\"mb-4 pt-lg-0 mb-lg-0 ps-lg-0 pe-lg-0\" data-aos=\"fade-up\" data-aos-duration=\"1000\"><div class=\"img-container\"><img loading=\"lazy\" decoding=\"async\" width=\"1200\" height=\"800\" src=\"https:\/\/luxiders.com\/content\/uploads\/M_nov-dic-2104.jpeg\" class=\"img-fluid w-100\" alt=\"\" srcset=\"https:\/\/luxiders.com\/content\/uploads\/M_nov-dic-2104.jpeg 1200w, https:\/\/luxiders.com\/content\/uploads\/M_nov-dic-2104-300x200.jpeg 300w, https:\/\/luxiders.com\/content\/uploads\/M_nov-dic-2104-1024x683.jpeg 1024w, https:\/\/luxiders.com\/content\/uploads\/M_nov-dic-2104-768x512.jpeg 768w\" sizes=\"(max-width: 1200px) 100vw, 1200px\" \/><\/div><\/figure>                                                                                            <\/div>\n                                            <\/div>\n        <\/div>\n    <\/section>\n    \n\n    <section id=\"textblock-block_0b94d77d74712835a1304c86b9b3a69c\" class=\"section position-relative gp-block gp-textblock pt-5 pb-5\">\n        <div class=\"container\">\n            <div class=\"row g-0\">\n                <div class=\"col-lg-12 content\" data-aos=\"fade-in\" data-aos-duration=\"1000\">\n                                                                                                                            <div class=\"highlighted mt-5 mt-lg-6 px-lg-5\">\n                            <p class=\"p1\" style=\"text-align: center;\">\u201eDieses Meer \u2013 in seiner ruhigen, kristallklaren Version, in seiner Wut w\u00e4hrend der St\u00fcrme und des Windes. Dieses Meer, das im Winter meine Tr\u00e4ume aufw\u00fchlt. Menorca zu ber\u00fchren, bedeutet, einem ewigen Echo zu begegnen, einem fortw\u00e4hrenden Dialog mit meinem Innersten und der Natur, die mich umgibt.\u201c<\/p>\n                        <\/div>\n                                                        <\/div>\n            <\/div>\n        <\/div>\n    <\/section>\n    \n\n    <section id=\"media-block_ea358b9fe69ef4e88e838f656139422e\" class=\"section position-relative gp-block gp-media pt-5 pb-5\">\n        <div class=\"container\">\n            <div class=\"row g-0\">\n                <div class=\"col-lg-12 content\" data-aos=\"fade-in\" data-aos-duration=\"1000\">\n                                                                            <\/div>\n            <\/div>\n            <div class=\"row g-0\">\n                <div class=\"col-lg-12 img-scaled\">\n                                                                                                                                                <figure class=\"mb-4 pt-lg-4 mb-lg-0 ps-lg-4 pe-lg-2\" data-aos=\"fade-up\" data-aos-duration=\"1000\"><div class=\"img-container\"><img loading=\"lazy\" decoding=\"async\" width=\"1200\" height=\"800\" src=\"https:\/\/luxiders.com\/content\/uploads\/M_LUXIDERS-S1-7.jpeg\" class=\"img-fluid w-100\" alt=\"Sal de Menorca\" srcset=\"https:\/\/luxiders.com\/content\/uploads\/M_LUXIDERS-S1-7.jpeg 1200w, https:\/\/luxiders.com\/content\/uploads\/M_LUXIDERS-S1-7-300x200.jpeg 300w, https:\/\/luxiders.com\/content\/uploads\/M_LUXIDERS-S1-7-1024x683.jpeg 1024w, https:\/\/luxiders.com\/content\/uploads\/M_LUXIDERS-S1-7-768x512.jpeg 768w\" sizes=\"(max-width: 1200px) 100vw, 1200px\" \/><\/div><figcaption>Sal de Menorca<\/figcaption><\/figure>                                                                                            <\/div>\n                                            <\/div>\n        <\/div>\n    <\/section>\n    \n\n    <section id=\"media-block_f0eb0a12b37a82d49e4570a063989498\" class=\"section position-relative gp-block gp-media pt-5 pb-5\">\n        <div class=\"container\">\n            <div class=\"row g-0\">\n                <div class=\"col-lg-12 content\" data-aos=\"fade-in\" data-aos-duration=\"1000\">\n                                        <p>&nbsp;<\/p>\n<p>&nbsp;<\/p>\n                                    <\/div>\n            <\/div>\n            <div class=\"row g-0\">\n                <div class=\"col-lg-6 \">\n                                                                                                                                                <figure class=\"mb-4 pt-lg-4 mb-lg-0 ps-lg-4 pe-lg-2\" data-aos=\"fade-up\" data-aos-duration=\"1000\"><div class=\"img-container\"><img loading=\"lazy\" decoding=\"async\" width=\"1200\" height=\"1799\" src=\"https:\/\/luxiders.com\/content\/uploads\/M_LUXIDERS-S1-86.jpeg\" class=\"img-fluid w-100\" alt=\"Sal de Menorca\" srcset=\"https:\/\/luxiders.com\/content\/uploads\/M_LUXIDERS-S1-86.jpeg 1200w, https:\/\/luxiders.com\/content\/uploads\/M_LUXIDERS-S1-86-200x300.jpeg 200w, https:\/\/luxiders.com\/content\/uploads\/M_LUXIDERS-S1-86-683x1024.jpeg 683w, https:\/\/luxiders.com\/content\/uploads\/M_LUXIDERS-S1-86-768x1151.jpeg 768w, https:\/\/luxiders.com\/content\/uploads\/M_LUXIDERS-S1-86-1025x1536.jpeg 1025w\" sizes=\"(max-width: 1200px) 100vw, 1200px\" \/><\/div><figcaption>Sal de Menorca<\/figcaption><\/figure>                                                                                            <\/div>\n                                    <div class=\"col-lg-6\">\n                                                                                                                                                        <figure class=\"mb-4 pt-lg-0 mb-lg-7 ps-lg-5 pe-lg-2\" data-aos=\"fade-up\" data-aos-duration=\"1000\"><div class=\"img-container\"><img loading=\"lazy\" decoding=\"async\" width=\"1200\" height=\"1799\" src=\"https:\/\/luxiders.com\/content\/uploads\/M_IMGL0323.jpeg\" class=\"img-fluid w-100\" alt=\"Sal de Menorca\" srcset=\"https:\/\/luxiders.com\/content\/uploads\/M_IMGL0323.jpeg 1200w, https:\/\/luxiders.com\/content\/uploads\/M_IMGL0323-200x300.jpeg 200w, https:\/\/luxiders.com\/content\/uploads\/M_IMGL0323-683x1024.jpeg 683w, https:\/\/luxiders.com\/content\/uploads\/M_IMGL0323-768x1151.jpeg 768w, https:\/\/luxiders.com\/content\/uploads\/M_IMGL0323-1025x1536.jpeg 1025w\" sizes=\"(max-width: 1200px) 100vw, 1200px\" \/><\/div><figcaption>Sal de Menorca<\/figcaption><\/figure>                                                                                                        <\/div>\n                                            <\/div>\n        <\/div>\n    <\/section>\n    \n\n    <section id=\"textblock-block_7648644cb89d0c3540177aa4f560f11c\" class=\"section position-relative gp-block gp-textblock pt-5 pb-5\">\n        <div class=\"container\">\n            <div class=\"row g-0\">\n                <div class=\"col-lg-12 content\" data-aos=\"fade-in\" data-aos-duration=\"1000\">\n                                                                                <p class=\"p1\">Bei <a href=\"https:\/\/saldemenorca.com\/en\/\" target=\"_blank\" rel=\"noopener\">SAL DE MENORCA<\/a> fl\u00fcstert das Salz vom Frieden und tr\u00e4gt die Seele Menorcas in sich \u2014 den Klang davon, Dinge richtig und mit Sorgfalt zu tun. Hier, im zerbrechlichen Gleichgewicht der Natur, finden V\u00f6gel Zuflucht und Pflanzen klammern sich an den salzhaltigen Boden, bl\u00fchend in einer Welt, die die Eile vergessen hat. Sal de Menorca belebt das uralte Handwerk der <i>salinero<\/i> neu und stellt damit nicht nur einen Beruf wieder her, sondern auch ein kulturelles Erbe. Sal de Menorca ist nicht nur ein Mineral \u2013 es ist eine Geschichte von Geduld, Widerstandskraft und der stillen Kraft, die das Leben n\u00e4hrt&#8230; <i>A poc a poc<\/i>. saldemenorca.com<\/p>\n                                                        <\/div>\n            <\/div>\n        <\/div>\n    <\/section>\n    \n\n    <section id=\"media-block_e1ad151614b2c1edae80c98d6d37ecc3\" class=\"section position-relative gp-block gp-media pt-5 pb-5\">\n        <div class=\"container\">\n            <div class=\"row g-0\">\n                <div class=\"col-lg-12 content\" data-aos=\"fade-in\" data-aos-duration=\"1000\">\n                                                                            <\/div>\n            <\/div>\n            <div class=\"row g-0\">\n                <div class=\"col-lg-12 img-scaled\">\n                                                                                                                                                <figure class=\"mb-4 pt-lg-2 mb-lg-4 ps-lg-0 pe-lg-0\" data-aos=\"fade-up\" data-aos-duration=\"1000\"><div class=\"img-container\"><img loading=\"lazy\" decoding=\"async\" width=\"1200\" height=\"800\" src=\"https:\/\/luxiders.com\/content\/uploads\/M_SAN-IGNASI076.jpeg\" class=\"img-fluid w-100\" alt=\"\" srcset=\"https:\/\/luxiders.com\/content\/uploads\/M_SAN-IGNASI076.jpeg 1200w, https:\/\/luxiders.com\/content\/uploads\/M_SAN-IGNASI076-300x200.jpeg 300w, https:\/\/luxiders.com\/content\/uploads\/M_SAN-IGNASI076-1024x683.jpeg 1024w, https:\/\/luxiders.com\/content\/uploads\/M_SAN-IGNASI076-768x512.jpeg 768w\" sizes=\"(max-width: 1200px) 100vw, 1200px\" \/><\/div><\/figure>                                                                                            <\/div>\n                                            <\/div>\n        <\/div>\n    <\/section>\n    \n\n    <section id=\"media-block_f8f997bd4133f492b00d06a41608a396\" class=\"section position-relative gp-block gp-media pt-5 pb-5\">\n        <div class=\"container\">\n            <div class=\"row g-0\">\n                <div class=\"col-lg-12 content\" data-aos=\"fade-in\" data-aos-duration=\"1000\">\n                                                                            <\/div>\n            <\/div>\n            <div class=\"row g-0\">\n                <div class=\"col-lg-6 \">\n                                                                                                                                                <figure class=\"mb-4 pt-lg-2 mb-lg-2 ps-lg-2 pe-lg-2\" data-aos=\"fade-up\" data-aos-duration=\"1000\"><div class=\"img-container\"><img loading=\"lazy\" decoding=\"async\" width=\"1200\" height=\"1799\" src=\"https:\/\/luxiders.com\/content\/uploads\/M_SAN-IGNASI052.jpeg\" class=\"img-fluid w-100\" alt=\"\" srcset=\"https:\/\/luxiders.com\/content\/uploads\/M_SAN-IGNASI052.jpeg 1200w, https:\/\/luxiders.com\/content\/uploads\/M_SAN-IGNASI052-200x300.jpeg 200w, https:\/\/luxiders.com\/content\/uploads\/M_SAN-IGNASI052-683x1024.jpeg 683w, https:\/\/luxiders.com\/content\/uploads\/M_SAN-IGNASI052-768x1151.jpeg 768w, https:\/\/luxiders.com\/content\/uploads\/M_SAN-IGNASI052-1025x1536.jpeg 1025w\" sizes=\"(max-width: 1200px) 100vw, 1200px\" \/><\/div><\/figure>                                                                                            <\/div>\n                                    <div class=\"col-lg-6\">\n                                                                                                                                                        <figure class=\"mb-4 pt-lg-2 mb-lg-2 ps-lg-2 pe-lg-2\" data-aos=\"fade-up\" data-aos-duration=\"1000\"><div class=\"img-container\"><img loading=\"lazy\" decoding=\"async\" width=\"1200\" height=\"1799\" src=\"https:\/\/luxiders.com\/content\/uploads\/M_SAN-IGNASI024.jpeg\" class=\"img-fluid w-100\" alt=\"\" srcset=\"https:\/\/luxiders.com\/content\/uploads\/M_SAN-IGNASI024.jpeg 1200w, https:\/\/luxiders.com\/content\/uploads\/M_SAN-IGNASI024-200x300.jpeg 200w, https:\/\/luxiders.com\/content\/uploads\/M_SAN-IGNASI024-683x1024.jpeg 683w, https:\/\/luxiders.com\/content\/uploads\/M_SAN-IGNASI024-768x1151.jpeg 768w, https:\/\/luxiders.com\/content\/uploads\/M_SAN-IGNASI024-1025x1536.jpeg 1025w\" sizes=\"(max-width: 1200px) 100vw, 1200px\" \/><\/div><\/figure>                                                                                                        <\/div>\n                                            <\/div>\n        <\/div>\n    <\/section>\n    \n\n    <section id=\"textblock-block_1f6959316f5cdd0035024b77af362353\" class=\"section position-relative gp-block gp-textblock pt-5 pb-5\">\n        <div class=\"container\">\n            <div class=\"row g-0\">\n                <div class=\"col-lg-12 content\" data-aos=\"fade-in\" data-aos-duration=\"1000\">\n                                                                                <p class=\"p1\">An einer stillen, verborgenen Stra\u00dfe liegt <a href=\"https:\/\/www.instagram.com\/santignasihotelrural\/?hl=en\" target=\"_blank\" rel=\"noopener\">SANT IGNASI<\/a>, ein luxuri\u00f6ser R\u00fcckzugsort, an dem sich die Zeit wie Nebel \u00fcber den Feldern aufl\u00f6st. Zwischen uralten Eichen und steinverkleideten Hallen vergeht die Zeit langsam, und die Erde atmet leise. Einst war dies das Sommerhaus einer alten menorquinischen Adelsfamilie. Luxus wird hier nicht ausgesprochen, sondern gesp\u00fcrt \u2014 im Griff nat\u00fcrlicher Leinenstoffe, im Geschmack lokaler K\u00f6stlichkeiten und im sanften Puls der Landschaft. Ein R\u00fcckzugsort f\u00fcr jene, die nicht nach Prunk, sondern nach Frieden suchen, wo jeder Moment mit Sorgfalt gestaltet ist und jedes Detail an die Umarmung der Erde erinnert.<\/p>\n                                                        <\/div>\n            <\/div>\n        <\/div>\n    <\/section>\n    \n\n    <section id=\"media-block_dcb53b469a2f16fe0d0ba67107e14075\" class=\"section position-relative gp-block gp-media pt-5 pb-5\">\n        <div class=\"container\">\n            <div class=\"row g-0\">\n                <div class=\"col-lg-12 content\" data-aos=\"fade-in\" data-aos-duration=\"1000\">\n                                                                            <\/div>\n            <\/div>\n            <div class=\"row g-0\">\n                <div class=\"col-lg-6 \">\n                                                                                                                                                <figure class=\"mb-4 pt-lg-0 mb-lg-0 ps-lg-6 pe-lg-4\" data-aos=\"fade-up\" data-aos-duration=\"1000\"><div class=\"img-container\"><img loading=\"lazy\" decoding=\"async\" width=\"1200\" height=\"1800\" src=\"https:\/\/luxiders.com\/content\/uploads\/M_carmen-castell0240.jpeg\" class=\"img-fluid w-100\" alt=\"\" srcset=\"https:\/\/luxiders.com\/content\/uploads\/M_carmen-castell0240.jpeg 1200w, https:\/\/luxiders.com\/content\/uploads\/M_carmen-castell0240-200x300.jpeg 200w, https:\/\/luxiders.com\/content\/uploads\/M_carmen-castell0240-683x1024.jpeg 683w, https:\/\/luxiders.com\/content\/uploads\/M_carmen-castell0240-768x1152.jpeg 768w, https:\/\/luxiders.com\/content\/uploads\/M_carmen-castell0240-1024x1536.jpeg 1024w\" sizes=\"(max-width: 1200px) 100vw, 1200px\" \/><\/div><\/figure>                                                                                            <\/div>\n                                    <div class=\"col-lg-6\">\n                                                                                                                                                        <figure class=\"mb-4 pt-lg-5 mb-lg-0 ps-lg-5 pe-lg-2\" data-aos=\"fade-up\" data-aos-duration=\"1000\"><div class=\"img-container\"><img loading=\"lazy\" decoding=\"async\" width=\"1200\" height=\"1800\" src=\"https:\/\/luxiders.com\/content\/uploads\/M_carmen-castell0080.jpeg\" class=\"img-fluid w-100\" alt=\"\" srcset=\"https:\/\/luxiders.com\/content\/uploads\/M_carmen-castell0080.jpeg 1200w, https:\/\/luxiders.com\/content\/uploads\/M_carmen-castell0080-200x300.jpeg 200w, https:\/\/luxiders.com\/content\/uploads\/M_carmen-castell0080-683x1024.jpeg 683w, https:\/\/luxiders.com\/content\/uploads\/M_carmen-castell0080-768x1152.jpeg 768w, https:\/\/luxiders.com\/content\/uploads\/M_carmen-castell0080-1024x1536.jpeg 1024w\" sizes=\"(max-width: 1200px) 100vw, 1200px\" \/><\/div><\/figure>                                                                                                        <\/div>\n                                            <\/div>\n        <\/div>\n    <\/section>\n    \n\n    <section id=\"media-block_ec670a7803aadad7f9727b791fff7d08\" class=\"section position-relative gp-block gp-media pt-5 pb-5\">\n        <div class=\"container\">\n            <div class=\"row g-0\">\n                <div class=\"col-lg-12 content\" data-aos=\"fade-in\" data-aos-duration=\"1000\">\n                                                                            <\/div>\n            <\/div>\n            <div class=\"row g-0\">\n                <div class=\"col-lg-6 \">\n                                                                                                                                                <figure class=\"mb-4 pt-lg-6 mb-lg-0 ps-lg-5 pe-lg-5\" data-aos=\"fade-up\" data-aos-duration=\"1000\"><div class=\"img-container\"><img loading=\"lazy\" decoding=\"async\" width=\"1200\" height=\"1800\" src=\"https:\/\/luxiders.com\/content\/uploads\/M_carmen-castell0189.jpeg\" class=\"img-fluid w-100\" alt=\"\" srcset=\"https:\/\/luxiders.com\/content\/uploads\/M_carmen-castell0189.jpeg 1200w, https:\/\/luxiders.com\/content\/uploads\/M_carmen-castell0189-200x300.jpeg 200w, https:\/\/luxiders.com\/content\/uploads\/M_carmen-castell0189-683x1024.jpeg 683w, https:\/\/luxiders.com\/content\/uploads\/M_carmen-castell0189-768x1152.jpeg 768w, https:\/\/luxiders.com\/content\/uploads\/M_carmen-castell0189-1024x1536.jpeg 1024w\" sizes=\"(max-width: 1200px) 100vw, 1200px\" \/><\/div><\/figure>                                                                                            <\/div>\n                                    <div class=\"col-lg-6\">\n                                                                                                                                                        <figure class=\"mb-4 pt-lg-2 mb-lg-2 ps-lg-2 pe-lg-2\" data-aos=\"fade-up\" data-aos-duration=\"1000\"><div class=\"img-container\"><img loading=\"lazy\" decoding=\"async\" width=\"1200\" height=\"1800\" src=\"https:\/\/luxiders.com\/content\/uploads\/M_carmen-castell0191.jpeg\" class=\"img-fluid w-100\" alt=\"\" srcset=\"https:\/\/luxiders.com\/content\/uploads\/M_carmen-castell0191.jpeg 1200w, https:\/\/luxiders.com\/content\/uploads\/M_carmen-castell0191-200x300.jpeg 200w, https:\/\/luxiders.com\/content\/uploads\/M_carmen-castell0191-683x1024.jpeg 683w, https:\/\/luxiders.com\/content\/uploads\/M_carmen-castell0191-768x1152.jpeg 768w, https:\/\/luxiders.com\/content\/uploads\/M_carmen-castell0191-1024x1536.jpeg 1024w\" sizes=\"(max-width: 1200px) 100vw, 1200px\" \/><\/div><\/figure>                                                                                                        <\/div>\n                                            <\/div>\n        <\/div>\n    <\/section>\n    \n\n    <section id=\"media-block_bf1a98a231c0ad76ebced9be4edd0e12\" class=\"section position-relative gp-block gp-media pt-5 pb-5\">\n        <div class=\"container\">\n            <div class=\"row g-0\">\n                <div class=\"col-lg-12 content\" data-aos=\"fade-in\" data-aos-duration=\"1000\">\n                                                                            <\/div>\n            <\/div>\n            <div class=\"row g-0\">\n                <div class=\"col-lg-6 \">\n                                                                                                                                                <figure class=\"mb-4 pt-lg-4 mb-lg-4 ps-lg-4 pe-lg-4\" data-aos=\"fade-up\" data-aos-duration=\"1000\"><div class=\"img-container\"><img loading=\"lazy\" decoding=\"async\" width=\"1200\" height=\"1800\" src=\"https:\/\/luxiders.com\/content\/uploads\/M_carmen-castell0020.jpeg\" class=\"img-fluid w-100\" alt=\"\" srcset=\"https:\/\/luxiders.com\/content\/uploads\/M_carmen-castell0020.jpeg 1200w, https:\/\/luxiders.com\/content\/uploads\/M_carmen-castell0020-200x300.jpeg 200w, https:\/\/luxiders.com\/content\/uploads\/M_carmen-castell0020-683x1024.jpeg 683w, https:\/\/luxiders.com\/content\/uploads\/M_carmen-castell0020-768x1152.jpeg 768w, https:\/\/luxiders.com\/content\/uploads\/M_carmen-castell0020-1024x1536.jpeg 1024w\" sizes=\"(max-width: 1200px) 100vw, 1200px\" \/><\/div><\/figure>                                                                                            <\/div>\n                                    <div class=\"col-lg-6\">\n                                                                                                                                                        <figure class=\"mb-4 pt-lg-0 mb-lg-0 ps-lg-5 pe-lg-5\" data-aos=\"fade-up\" data-aos-duration=\"1000\"><div class=\"img-container\"><img loading=\"lazy\" decoding=\"async\" width=\"1200\" height=\"1800\" src=\"https:\/\/luxiders.com\/content\/uploads\/M_carmen-castell0164.jpeg\" class=\"img-fluid w-100\" alt=\"\" srcset=\"https:\/\/luxiders.com\/content\/uploads\/M_carmen-castell0164.jpeg 1200w, https:\/\/luxiders.com\/content\/uploads\/M_carmen-castell0164-200x300.jpeg 200w, https:\/\/luxiders.com\/content\/uploads\/M_carmen-castell0164-683x1024.jpeg 683w, https:\/\/luxiders.com\/content\/uploads\/M_carmen-castell0164-768x1152.jpeg 768w, https:\/\/luxiders.com\/content\/uploads\/M_carmen-castell0164-1024x1536.jpeg 1024w\" sizes=\"(max-width: 1200px) 100vw, 1200px\" \/><\/div><\/figure>                                                                                                        <\/div>\n                                            <\/div>\n        <\/div>\n    <\/section>\n    \n\n    <section id=\"textblock-block_2c7cc32dab17be25d932c7f988a20045\" class=\"section position-relative gp-block gp-textblock pt-0 pb-0\">\n        <div class=\"container\">\n            <div class=\"row g-0\">\n                <div class=\"col-lg-12 content\" data-aos=\"fade-in\" data-aos-duration=\"1000\">\n                                                                                <p>Bei <a href=\"http:\/\/www.kailasharquitectura.com\" target=\"_blank\" rel=\"noopener\">KAILASH ARQUITECTURA<\/a> verweben die Architektin Mercedes Carretero und ihre Schwester, die Innenarchitektin Carmen Carretero, die Seele Menorcas in jeden Raum, den sie gestalten. Mit wildem Olivenholz, Kalkstein und handgebrannter Keramik spiegelt ihre Arbeit die zeitlose Harmonie der Insel mit der Natur wider. Jedes Material erz\u00e4hlt eine Geschichte \u2014 von alten Balken, die einst Musik in einem alten Theater trugen, bis hin zu Regenwasser, das in stillen Aljibes gesammelt wird. Ihre R\u00e4ume sind Zufluchtsorte, in denen die Sch\u00f6nheit der Unvollkommenheit und der Rhythmus der Natur Frieden und Kontemplation inspirieren.<\/p>\n                                                        <\/div>\n            <\/div>\n        <\/div>\n    <\/section>\n    \n\n    <section id=\"media-block_a0b1b8b8ec0e458f973f8a754dce3f89\" class=\"section position-relative gp-block gp-media pt-0 pb-0\">\n        <div class=\"container\">\n            <div class=\"row g-0\">\n                <div class=\"col-lg-12 content\" data-aos=\"fade-in\" data-aos-duration=\"1000\">\n                                                                            <\/div>\n            <\/div>\n            <div class=\"row g-0\">\n                <div class=\"col-lg-12 img-scaled\">\n                                                                                                                                                <figure class=\"mb-4 pt-lg-0 mb-lg-0 ps-lg-0 pe-lg-0\" data-aos=\"fade-up\" data-aos-duration=\"1000\"><div class=\"img-container\"><img loading=\"lazy\" decoding=\"async\" width=\"1200\" height=\"1799\" src=\"https:\/\/luxiders.com\/content\/uploads\/M_letspauseI010.jpeg\" class=\"img-fluid w-100\" alt=\"\" srcset=\"https:\/\/luxiders.com\/content\/uploads\/M_letspauseI010.jpeg 1200w, https:\/\/luxiders.com\/content\/uploads\/M_letspauseI010-200x300.jpeg 200w, https:\/\/luxiders.com\/content\/uploads\/M_letspauseI010-683x1024.jpeg 683w, https:\/\/luxiders.com\/content\/uploads\/M_letspauseI010-768x1151.jpeg 768w, https:\/\/luxiders.com\/content\/uploads\/M_letspauseI010-1025x1536.jpeg 1025w\" sizes=\"(max-width: 1200px) 100vw, 1200px\" \/><\/div><\/figure>                                                                                            <\/div>\n                                            <\/div>\n        <\/div>\n    <\/section>\n    \n\n    <section id=\"textblock-block_b4400d5b0e630ef3cc7bc35fd90ed988\" class=\"section position-relative gp-block gp-textblock pt-5 pb-5\">\n        <div class=\"container\">\n            <div class=\"row g-0\">\n                <div class=\"col-lg-12 content\" data-aos=\"fade-in\" data-aos-duration=\"1000\">\n                                                                                <p class=\"p1\"><a href=\"https:\/\/www.instagram.com\/letspause\/\" target=\"_blank\" rel=\"noopener\">LET\u2019S PAUSE<\/a> verk\u00f6rpert wilde Eleganz, geschaffen von weisen Handwerker*innen. Gewoben aus uralten H\u00e4nden und der wilden Essenz, ehrt Let\u2019s Pause Materialien, die die Natur nicht mehr ben\u00f6tigt. Espartogras, Agave, Olivenwurzeln \u2013 das sind nicht nur Fasern, sondern die Stimme der Erde, geformt mit Sorgfalt von jenen, die zuh\u00f6ren. Die H\u00e4nde der Handwerkskunst erz\u00e4hlen ihre Geschichten \u2013 ohne Zwischenh\u00e4ndler. Jedes St\u00fcck ist ein Zeugnis f\u00fcr die Widerstandskraft der Natur und unseren Auftrag, sie zu bewahren.<\/p>\n                                                        <\/div>\n            <\/div>\n        <\/div>\n    <\/section>\n    \n\n    <section id=\"media-block_b9e0348cf50137ca540ab41a7ecad550\" class=\"section position-relative gp-block gp-media pt-5 pb-5\">\n        <div class=\"container\">\n            <div class=\"row g-0\">\n                <div class=\"col-lg-12 content\" data-aos=\"fade-in\" data-aos-duration=\"1000\">\n                                                                            <\/div>\n            <\/div>\n            <div class=\"row g-0\">\n                <div class=\"col-lg-12 img-scaled\">\n                                                                                                                                                <figure class=\"mb-4 pt-lg-0 mb-lg-0 ps-lg-0 pe-lg-0\" data-aos=\"fade-up\" data-aos-duration=\"1000\"><div class=\"img-container\"><img loading=\"lazy\" decoding=\"async\" width=\"1200\" height=\"1800\" src=\"https:\/\/luxiders.com\/content\/uploads\/M_LUXIDERS-S1-61.jpeg\" class=\"img-fluid w-100\" alt=\"\" srcset=\"https:\/\/luxiders.com\/content\/uploads\/M_LUXIDERS-S1-61.jpeg 1200w, https:\/\/luxiders.com\/content\/uploads\/M_LUXIDERS-S1-61-200x300.jpeg 200w, https:\/\/luxiders.com\/content\/uploads\/M_LUXIDERS-S1-61-683x1024.jpeg 683w, https:\/\/luxiders.com\/content\/uploads\/M_LUXIDERS-S1-61-768x1152.jpeg 768w, https:\/\/luxiders.com\/content\/uploads\/M_LUXIDERS-S1-61-1024x1536.jpeg 1024w\" sizes=\"(max-width: 1200px) 100vw, 1200px\" \/><\/div><\/figure>                                                                                            <\/div>\n                                            <\/div>\n        <\/div>\n    <\/section>\n    \n\n    <section id=\"media-block_7acfa8dca6ff6489e56a684430677c51\" class=\"section position-relative gp-block gp-media pt-5 pb-5\">\n        <div class=\"container\">\n            <div class=\"row g-0\">\n                <div class=\"col-lg-12 content\" data-aos=\"fade-in\" data-aos-duration=\"1000\">\n                                                                            <\/div>\n            <\/div>\n            <div class=\"row g-0\">\n                <div class=\"col-lg-6 \">\n                                                                                                                                                <figure class=\"mb-4 pt-lg-0 mb-lg-0 ps-lg-0 pe-lg-0\" data-aos=\"fade-up\" data-aos-duration=\"1000\"><div class=\"img-container\"><img loading=\"lazy\" decoding=\"async\" width=\"1200\" height=\"1800\" src=\"https:\/\/luxiders.com\/content\/uploads\/M_sa-punta006.jpeg\" class=\"img-fluid w-100\" alt=\"\" srcset=\"https:\/\/luxiders.com\/content\/uploads\/M_sa-punta006.jpeg 1200w, https:\/\/luxiders.com\/content\/uploads\/M_sa-punta006-200x300.jpeg 200w, https:\/\/luxiders.com\/content\/uploads\/M_sa-punta006-683x1024.jpeg 683w, https:\/\/luxiders.com\/content\/uploads\/M_sa-punta006-768x1152.jpeg 768w, https:\/\/luxiders.com\/content\/uploads\/M_sa-punta006-1024x1536.jpeg 1024w\" sizes=\"(max-width: 1200px) 100vw, 1200px\" \/><\/div><figcaption>Dinning at Sa Punta<\/figcaption><\/figure>                                                                                            <\/div>\n                                    <div class=\"col-lg-6\">\n                                                                                                                                                        <figure class=\"mb-4 pt-lg-0 mb-lg-0 ps-lg-0 pe-lg-0\" data-aos=\"fade-up\" data-aos-duration=\"1000\"><div class=\"img-container\"><img loading=\"lazy\" decoding=\"async\" width=\"1200\" height=\"1800\" src=\"https:\/\/luxiders.com\/content\/uploads\/M_AmapolaLUXIDERS-S1-52.jpeg\" class=\"img-fluid w-100\" alt=\"\" srcset=\"https:\/\/luxiders.com\/content\/uploads\/M_AmapolaLUXIDERS-S1-52.jpeg 1200w, https:\/\/luxiders.com\/content\/uploads\/M_AmapolaLUXIDERS-S1-52-200x300.jpeg 200w, https:\/\/luxiders.com\/content\/uploads\/M_AmapolaLUXIDERS-S1-52-683x1024.jpeg 683w, https:\/\/luxiders.com\/content\/uploads\/M_AmapolaLUXIDERS-S1-52-768x1152.jpeg 768w, https:\/\/luxiders.com\/content\/uploads\/M_AmapolaLUXIDERS-S1-52-1024x1536.jpeg 1024w\" sizes=\"(max-width: 1200px) 100vw, 1200px\" \/><\/div><figcaption>Amapola<\/figcaption><\/figure>                                                                                                        <\/div>\n                                            <\/div>\n        <\/div>\n    <\/section>\n    \n\n    <section id=\"media-block_5efb585e32fd4b8e82c16b4e06fa13fb\" class=\"section position-relative gp-block gp-media pt-5 pb-5\">\n        <div class=\"container\">\n            <div class=\"row g-0\">\n                <div class=\"col-lg-12 content\" data-aos=\"fade-in\" data-aos-duration=\"1000\">\n                                                                            <\/div>\n            <\/div>\n            <div class=\"row g-0\">\n                <div class=\"col-lg-6 \">\n                                                                                                                                                <figure class=\"mb-4 pt-lg-0 mb-lg-0 ps-lg-4 pe-lg-4\" data-aos=\"fade-up\" data-aos-duration=\"1000\"><div class=\"img-container\"><img loading=\"lazy\" decoding=\"async\" width=\"1200\" height=\"1800\" src=\"https:\/\/luxiders.com\/content\/uploads\/M_LUXIDERS-S1-58.jpeg\" class=\"img-fluid w-100\" alt=\"\" srcset=\"https:\/\/luxiders.com\/content\/uploads\/M_LUXIDERS-S1-58.jpeg 1200w, https:\/\/luxiders.com\/content\/uploads\/M_LUXIDERS-S1-58-200x300.jpeg 200w, https:\/\/luxiders.com\/content\/uploads\/M_LUXIDERS-S1-58-683x1024.jpeg 683w, https:\/\/luxiders.com\/content\/uploads\/M_LUXIDERS-S1-58-768x1152.jpeg 768w, https:\/\/luxiders.com\/content\/uploads\/M_LUXIDERS-S1-58-1024x1536.jpeg 1024w\" sizes=\"(max-width: 1200px) 100vw, 1200px\" \/><\/div><\/figure>                                                                                            <\/div>\n                                    <div class=\"col-lg-6\">\n                                                                                                                                                        <figure class=\"mb-4 pt-lg-0 mb-lg-0 ps-lg-0 pe-lg-0\" data-aos=\"fade-up\" data-aos-duration=\"1000\"><div class=\"img-container\"><img loading=\"lazy\" decoding=\"async\" width=\"1200\" height=\"1799\" src=\"https:\/\/luxiders.com\/content\/uploads\/M_LUXIDERS-S1-55.jpeg\" class=\"img-fluid w-100\" alt=\"\" srcset=\"https:\/\/luxiders.com\/content\/uploads\/M_LUXIDERS-S1-55.jpeg 1200w, https:\/\/luxiders.com\/content\/uploads\/M_LUXIDERS-S1-55-200x300.jpeg 200w, https:\/\/luxiders.com\/content\/uploads\/M_LUXIDERS-S1-55-683x1024.jpeg 683w, https:\/\/luxiders.com\/content\/uploads\/M_LUXIDERS-S1-55-768x1151.jpeg 768w, https:\/\/luxiders.com\/content\/uploads\/M_LUXIDERS-S1-55-1025x1536.jpeg 1025w\" sizes=\"(max-width: 1200px) 100vw, 1200px\" \/><\/div><figcaption>Biniarbolla Herbes<\/figcaption><\/figure>                                                                                                        <\/div>\n                                            <\/div>\n        <\/div>\n    <\/section>\n    \n\n    <section id=\"textblock-block_4ef712fd06d0089b9690d7b6c8c28bbe\" class=\"section position-relative gp-block gp-textblock pt-5 pb-5\">\n        <div class=\"container\">\n            <div class=\"row g-0\">\n                <div class=\"col-lg-12 content\" data-aos=\"fade-in\" data-aos-duration=\"1000\">\n                                                                                <p class=\"p1\">Dort, wo das erste Licht des Tages Menorcas K\u00fcsten k\u00fcsst, erweckt <a href=\"https:\/\/www.instagram.com\/sapuntamenorca\/\" target=\"_blank\" rel=\"noopener\">SA PUNTA<\/a> mit jedem Gericht die Seele der Insel zum Leben. Fische, im Morgengrauen gefangen, finden ihren Weg auf den Teller \u2013 begleitet von frischen, saisonalen Zutaten direkt von der Insel. Die Vision von Matthew Meacham ist eine der Bewahrung: alte Handwerke wie Brotbacken und die Herstellung von Kr\u00e4uterlik\u00f6ren erhalten hier neues Leben. Jede Mahlzeit ist nicht nur ein Geschmack Menorcas, sondern eine Hommage an seine Geschichte, Kultur und die Handwerker*innen, die seine Traditionen am Leben halten.<\/p>\n<p class=\"p1\">Jeder Bissen bei <a href=\"https:\/\/www.instagram.com\/amapolamenorca\/\" target=\"_blank\" rel=\"noopener\">AMAPOLA<\/a> tr\u00e4gt die F\u00fclle der Erde in sich, wo der tiefe, nussige Geschmack lokaler Getreidek\u00f6rner von Sonne und Meer der Insel gek\u00fcsst wird. Jeder Toast ist eine Sinfonie aus W\u00e4rme und rustikaler Einfachheit \u2013 ein Geschmack, der wie eine vergessene Erinnerung nachhallt. Dieses Brot, einst vom Verschwinden bedroht, lebt nun weiter \u2013 ein Zeugnis f\u00fcr Tradition und Geschmack, dank <i>Josefina<\/i>, einem Sauerteig aus langsamer Fermentation.<\/p>\n<p class=\"p1\">In jedem Glas <a href=\"https:\/\/www.instagram.com\/innat_menorca\/\" target=\"_blank\" rel=\"noopener\">Gin iNNat<\/a> erwachen die uralten Kr\u00e4uter der Insel \u2013 eine Fusion aus Wacholder, Kiefer, Rosmarin und Zitrone, deren Essenz in jedem Tropfen eingefangen ist. Auch die Kr\u00e4uterlik\u00f6re von <a href=\"https:\/\/www.instagram.com\/biniarbolla_herbes\/\" target=\"_blank\" rel=\"noopener\">BINIARBOLLA<\/a> sind ein Muss. Mit jedem Schluck tanzen die Kr\u00e4uternoten auf dem Gaumen \u2013 kr\u00e4ftig und klar, zugleich jedoch weich durch die W\u00e4rme der Insel. Alle Lik\u00f6re hier gewinnen ihr Aroma durch Mazeration, nicht durch Destillation. Der Herstellungsprozess ist dadurch l\u00e4nger, aber sanfter und respektvoller gegen\u00fcber den botanischen Sch\u00e4tzen Menorcas.<\/p>\n                                                        <\/div>\n            <\/div>\n        <\/div>\n    <\/section>\n    \n\n    <section id=\"media-block_7e2902fa3a2d459a192f298f3e397ff1\" class=\"section position-relative gp-block gp-media pt-5 pb-5\">\n        <div class=\"container\">\n            <div class=\"row g-0\">\n                <div class=\"col-lg-12 content\" data-aos=\"fade-in\" data-aos-duration=\"1000\">\n                                                                            <\/div>\n            <\/div>\n            <div class=\"row g-0\">\n                <div class=\"col-lg-6 \">\n                                                                                                                                                <figure class=\"mb-4 pt-lg-0 mb-lg-0 ps-lg-4 pe-lg-2\" data-aos=\"fade-up\" data-aos-duration=\"1000\"><div class=\"img-container\"><img loading=\"lazy\" decoding=\"async\" width=\"1200\" height=\"1800\" src=\"https:\/\/luxiders.com\/content\/uploads\/M_ensor0014.jpeg\" class=\"img-fluid w-100\" alt=\"\" srcset=\"https:\/\/luxiders.com\/content\/uploads\/M_ensor0014.jpeg 1200w, https:\/\/luxiders.com\/content\/uploads\/M_ensor0014-200x300.jpeg 200w, https:\/\/luxiders.com\/content\/uploads\/M_ensor0014-683x1024.jpeg 683w, https:\/\/luxiders.com\/content\/uploads\/M_ensor0014-768x1152.jpeg 768w, https:\/\/luxiders.com\/content\/uploads\/M_ensor0014-1024x1536.jpeg 1024w\" sizes=\"(max-width: 1200px) 100vw, 1200px\" \/><\/div><\/figure>                                                                                            <\/div>\n                                    <div class=\"col-lg-6\">\n                                                                                                                                                        <figure class=\"mb-4 pt-lg-6 mb-lg-10 ps-lg-4 pe-lg-7\" data-aos=\"fade-up\" data-aos-duration=\"1000\"><div class=\"img-container\"><img loading=\"lazy\" decoding=\"async\" width=\"1200\" height=\"1800\" src=\"https:\/\/luxiders.com\/content\/uploads\/M_ensor0004.jpeg\" class=\"img-fluid w-100\" alt=\"\" srcset=\"https:\/\/luxiders.com\/content\/uploads\/M_ensor0004.jpeg 1200w, https:\/\/luxiders.com\/content\/uploads\/M_ensor0004-200x300.jpeg 200w, https:\/\/luxiders.com\/content\/uploads\/M_ensor0004-683x1024.jpeg 683w, https:\/\/luxiders.com\/content\/uploads\/M_ensor0004-768x1152.jpeg 768w, https:\/\/luxiders.com\/content\/uploads\/M_ensor0004-1024x1536.jpeg 1024w\" sizes=\"(max-width: 1200px) 100vw, 1200px\" \/><\/div><\/figure>                                                                                                        <\/div>\n                                            <\/div>\n        <\/div>\n    <\/section>\n    \n\n    <section id=\"textblock-block_f3b1a9e0e2c3b38db8ded2a7b47c75a3\" class=\"section position-relative gp-block gp-textblock pt-5 pb-5\">\n        <div class=\"container\">\n            <div class=\"row g-0\">\n                <div class=\"col-lg-12 content\" data-aos=\"fade-in\" data-aos-duration=\"1000\">\n                                                                                <p class=\"p1\"><a href=\"https:\/\/www.instagram.com\/ensomenorca\" target=\"_blank\" rel=\"noopener\">ENSo\u0304 ART GALLERY<\/a> pulsiert mit der tiefen Leidenschaft von Lidia Piqu\u00e9 \u2013 einem Ort, an dem Kunst nicht blo\u00df Sch\u00f6pfung ist, sondern ein Gleichgewicht von K\u00f6rper, Geist und Seele. Innerhalb ihrer W\u00e4nde entfaltet sich ein <i>Mosaik aus mediterranem Licht und orientalischem Schatten<\/i>, wenn die Gem\u00e4lde der K\u00fcnstlerin Almudena Angoso \u00c1lvarez mit anderen Werken verschmelzen, die tief in der \u00f6stlichen Kultur verwurzelt sind. Gemeinsam verwandeln sie die Galerie in einen Raum, in dem Kreativit\u00e4t das Materielle \u00fcbersteigt \u2013 eine Br\u00fccke zwischen der inneren Welt der K\u00fcnstler*innen und den Emotionen der Betrachtenden, ein Spiegel stiller Kraft, von Ausgewogenheit und Sch\u00f6nheit.<\/p>\n                                                        <\/div>\n            <\/div>\n        <\/div>\n    <\/section>\n    \n\n    <section id=\"media-block_f447a966104582dfa26caa636360f657\" class=\"section position-relative gp-block gp-media pt-5 pb-5\">\n        <div class=\"container\">\n            <div class=\"row g-0\">\n                <div class=\"col-lg-12 content\" data-aos=\"fade-in\" data-aos-duration=\"1000\">\n                                                                            <\/div>\n            <\/div>\n            <div class=\"row g-0\">\n                <div class=\"col-lg-6 \">\n                                                                                                                                                <figure class=\"mb-4 pt-lg-2 mb-lg-2 ps-lg-2 pe-lg-4\" data-aos=\"fade-up\" data-aos-duration=\"1000\"><div class=\"img-container\"><img loading=\"lazy\" decoding=\"async\" width=\"1200\" height=\"1801\" src=\"https:\/\/luxiders.com\/content\/uploads\/M_isa-marti-2079-Editar.jpeg\" class=\"img-fluid w-100\" alt=\"\" srcset=\"https:\/\/luxiders.com\/content\/uploads\/M_isa-marti-2079-Editar.jpeg 1200w, https:\/\/luxiders.com\/content\/uploads\/M_isa-marti-2079-Editar-200x300.jpeg 200w, https:\/\/luxiders.com\/content\/uploads\/M_isa-marti-2079-Editar-682x1024.jpeg 682w, https:\/\/luxiders.com\/content\/uploads\/M_isa-marti-2079-Editar-768x1153.jpeg 768w, https:\/\/luxiders.com\/content\/uploads\/M_isa-marti-2079-Editar-1023x1536.jpeg 1023w\" sizes=\"(max-width: 1200px) 100vw, 1200px\" \/><\/div><\/figure>                                                                                            <\/div>\n                                    <div class=\"col-lg-6\">\n                                                                                                                                                        <figure class=\"mb-4 pt-lg-6 mb-lg-10 ps-lg-6 pe-lg-6\" data-aos=\"fade-up\" data-aos-duration=\"1000\"><div class=\"img-container\"><img loading=\"lazy\" decoding=\"async\" width=\"1200\" height=\"1799\" src=\"https:\/\/luxiders.com\/content\/uploads\/M_isa-marti-2028.jpeg\" class=\"img-fluid w-100\" alt=\"\" srcset=\"https:\/\/luxiders.com\/content\/uploads\/M_isa-marti-2028.jpeg 1200w, https:\/\/luxiders.com\/content\/uploads\/M_isa-marti-2028-200x300.jpeg 200w, https:\/\/luxiders.com\/content\/uploads\/M_isa-marti-2028-683x1024.jpeg 683w, https:\/\/luxiders.com\/content\/uploads\/M_isa-marti-2028-768x1151.jpeg 768w, https:\/\/luxiders.com\/content\/uploads\/M_isa-marti-2028-1025x1536.jpeg 1025w\" sizes=\"(max-width: 1200px) 100vw, 1200px\" \/><\/div><\/figure>                                                                                                        <\/div>\n                                            <\/div>\n        <\/div>\n    <\/section>\n    \n\n    <section id=\"textblock-block_60674df75e3588a22af42ee67d82ce95\" class=\"section position-relative gp-block gp-textblock pt-5 pb-5\">\n        <div class=\"container\">\n            <div class=\"row g-0\">\n                <div class=\"col-lg-12 content\" data-aos=\"fade-in\" data-aos-duration=\"1000\">\n                                                                                <p class=\"p1\">Mit \u00fcber 20 Jahren Erfahrung ist <a href=\"http:\/\/marcamenorcabiosfera.org\/en\/isabel-martin-sintes-tours\/\" target=\"_blank\" rel=\"noopener\">ISABEL MART\u00cdN SINTES<\/a> eine leidenschaftliche Verfechterin eines regenerativen und kreativen Tourismus auf Menorca. Ihre Touren sind nicht nur darauf ausgelegt, die Sch\u00f6nheit der Insel zu zeigen, sondern m\u00f6chten eine tiefere Verbindung zu den Werten des Biosph\u00e4renreservats schaffen. Durch ihre Arbeit f\u00f6rdert sie einen nachhaltigen Ansatz, der Besucher*innen dazu ermutigt, sich aktiv mit der lokalen Kultur, der Biodiversit\u00e4t und den Naturschutzbem\u00fchungen auseinanderzusetzen.<\/p>\n                                                        <\/div>\n            <\/div>\n        <\/div>\n    <\/section>\n    \n\n    <section id=\"media-block_a56d29e1aee3df853a3c38faeb53c9bb\" class=\"section position-relative gp-block gp-media pt-5 pb-5\">\n        <div class=\"container\">\n            <div class=\"row g-0\">\n                <div class=\"col-lg-12 content\" data-aos=\"fade-in\" data-aos-duration=\"1000\">\n                                                                            <\/div>\n            <\/div>\n            <div class=\"row g-0\">\n                <div class=\"col-lg-6 \">\n                                                                                                                                                <figure class=\"mb-4 pt-lg-0 mb-lg-0 ps-lg-0 pe-lg-0\" data-aos=\"fade-up\" data-aos-duration=\"1000\"><div class=\"img-container\"><img loading=\"lazy\" decoding=\"async\" width=\"1200\" height=\"1799\" src=\"https:\/\/luxiders.com\/content\/uploads\/M_aglaya-2017.jpeg\" class=\"img-fluid w-100\" alt=\"\" srcset=\"https:\/\/luxiders.com\/content\/uploads\/M_aglaya-2017.jpeg 1200w, https:\/\/luxiders.com\/content\/uploads\/M_aglaya-2017-200x300.jpeg 200w, https:\/\/luxiders.com\/content\/uploads\/M_aglaya-2017-683x1024.jpeg 683w, https:\/\/luxiders.com\/content\/uploads\/M_aglaya-2017-768x1151.jpeg 768w, https:\/\/luxiders.com\/content\/uploads\/M_aglaya-2017-1025x1536.jpeg 1025w\" sizes=\"(max-width: 1200px) 100vw, 1200px\" \/><\/div><\/figure>                                                                                            <\/div>\n                                    <div class=\"col-lg-6\">\n                                                                                                                                                        <figure class=\"mb-4 pt-lg-0 mb-lg-0 ps-lg-0 pe-lg-0\" data-aos=\"fade-up\" data-aos-duration=\"1000\"><div class=\"img-container\"><img loading=\"lazy\" decoding=\"async\" width=\"1200\" height=\"1800\" src=\"https:\/\/luxiders.com\/content\/uploads\/M_aglaya-2003.jpeg\" class=\"img-fluid w-100\" alt=\"\" srcset=\"https:\/\/luxiders.com\/content\/uploads\/M_aglaya-2003.jpeg 1200w, https:\/\/luxiders.com\/content\/uploads\/M_aglaya-2003-200x300.jpeg 200w, https:\/\/luxiders.com\/content\/uploads\/M_aglaya-2003-683x1024.jpeg 683w, https:\/\/luxiders.com\/content\/uploads\/M_aglaya-2003-768x1152.jpeg 768w, https:\/\/luxiders.com\/content\/uploads\/M_aglaya-2003-1024x1536.jpeg 1024w\" sizes=\"(max-width: 1200px) 100vw, 1200px\" \/><\/div><\/figure>                                                                                                        <\/div>\n                                            <\/div>\n        <\/div>\n    <\/section>\n    \n\n    <section id=\"media-block_518aeed5c2013bc81012f7b2f01aa35f\" class=\"section position-relative gp-block gp-media pt-5 pb-5\">\n        <div class=\"container\">\n            <div class=\"row g-0\">\n                <div class=\"col-lg-12 content\" data-aos=\"fade-in\" data-aos-duration=\"1000\">\n                                                                            <\/div>\n            <\/div>\n            <div class=\"row g-0\">\n                <div class=\"col-lg-12 img-scaled\">\n                                                                                                                                                <figure class=\"mb-4 pt-lg-0 mb-lg-0 ps-lg-0 pe-lg-0\" data-aos=\"fade-up\" data-aos-duration=\"1000\"><div class=\"img-container\"><img loading=\"lazy\" decoding=\"async\" width=\"1200\" height=\"1800\" src=\"https:\/\/luxiders.com\/content\/uploads\/M_aglaya-1-008.jpeg\" class=\"img-fluid w-100\" alt=\"\" srcset=\"https:\/\/luxiders.com\/content\/uploads\/M_aglaya-1-008.jpeg 1200w, https:\/\/luxiders.com\/content\/uploads\/M_aglaya-1-008-200x300.jpeg 200w, https:\/\/luxiders.com\/content\/uploads\/M_aglaya-1-008-683x1024.jpeg 683w, https:\/\/luxiders.com\/content\/uploads\/M_aglaya-1-008-768x1152.jpeg 768w, https:\/\/luxiders.com\/content\/uploads\/M_aglaya-1-008-1024x1536.jpeg 1024w\" sizes=\"(max-width: 1200px) 100vw, 1200px\" \/><\/div><\/figure>                                                                                            <\/div>\n                                            <\/div>\n        <\/div>\n    <\/section>\n    \n\n    <section id=\"textblock-block_ba4eda48e03462f68e96fa4558c57e96\" class=\"section position-relative gp-block gp-textblock pt-5 pb-5\">\n        <div class=\"container\">\n            <div class=\"row g-0\">\n                <div class=\"col-lg-12 content\" data-aos=\"fade-in\" data-aos-duration=\"1000\">\n                                                                                <p class=\"p1\"><a href=\"https:\/\/www.instagram.com\/aglayamenorca\/\" target=\"_blank\" rel=\"noopener\">AGLAYA<\/a> ist ein lebendiges Zeugnis f\u00fcr Schmuckst\u00fccke, die die Geschichten Menorcas erz\u00e4hlen. Jedes St\u00fcck wird mit gr\u00f6\u00dfter Sorgfalt gefertigt \u2013 nicht nur als Zierde, sondern als Erz\u00e4hlung, verwoben mit Metall, Holz und den edelsten Materialien der Natur. In diesem Raum verschwimmen die Grenzen zwischen Kunst und Schmuck, und jedes handgefertigte St\u00fcck wird zum Spiegel des ungez\u00e4hmten Geistes der Insel. AGLAYA ist nicht nur ein Laden \u2013 hier werden auch Workshops angeboten, in denen man erleben kann, wie Handwerkskunst dem zeitlosen Puls der Erde begegnet.<\/p>\n                                                        <\/div>\n            <\/div>\n        <\/div>\n    <\/section>\n    \n\n    <section id=\"media-block_f4028882df8766322302db5eff0d407b\" class=\"section position-relative gp-block gp-media pt-5 pb-5\">\n        <div class=\"container\">\n            <div class=\"row g-0\">\n                <div class=\"col-lg-12 content\" data-aos=\"fade-in\" data-aos-duration=\"1000\">\n                                                                            <\/div>\n            <\/div>\n            <div class=\"row g-0\">\n                <div class=\"col-lg-6 \">\n                                                                                                                                                <figure class=\"mb-4 pt-lg-0 mb-lg-0 ps-lg-0 pe-lg-0\" data-aos=\"fade-up\" data-aos-duration=\"1000\"><div class=\"img-container\"><img loading=\"lazy\" decoding=\"async\" width=\"1200\" height=\"1800\" src=\"https:\/\/luxiders.com\/content\/uploads\/M_KINIRIA012.jpeg\" class=\"img-fluid w-100\" alt=\"\" srcset=\"https:\/\/luxiders.com\/content\/uploads\/M_KINIRIA012.jpeg 1200w, https:\/\/luxiders.com\/content\/uploads\/M_KINIRIA012-200x300.jpeg 200w, https:\/\/luxiders.com\/content\/uploads\/M_KINIRIA012-683x1024.jpeg 683w, https:\/\/luxiders.com\/content\/uploads\/M_KINIRIA012-768x1152.jpeg 768w, https:\/\/luxiders.com\/content\/uploads\/M_KINIRIA012-1024x1536.jpeg 1024w\" sizes=\"(max-width: 1200px) 100vw, 1200px\" \/><\/div><\/figure>                                                                                            <\/div>\n                                    <div class=\"col-lg-6\">\n                                                                                                                                                        <figure class=\"mb-4 pt-lg-0 mb-lg-0 ps-lg-0 pe-lg-0\" data-aos=\"fade-up\" data-aos-duration=\"1000\"><div class=\"img-container\"><img loading=\"lazy\" decoding=\"async\" width=\"1200\" height=\"800\" src=\"https:\/\/luxiders.com\/content\/uploads\/M_KINIRIA006.jpeg\" class=\"img-fluid w-100\" alt=\"\" srcset=\"https:\/\/luxiders.com\/content\/uploads\/M_KINIRIA006.jpeg 1200w, https:\/\/luxiders.com\/content\/uploads\/M_KINIRIA006-300x200.jpeg 300w, https:\/\/luxiders.com\/content\/uploads\/M_KINIRIA006-1024x683.jpeg 1024w, https:\/\/luxiders.com\/content\/uploads\/M_KINIRIA006-768x512.jpeg 768w\" sizes=\"(max-width: 1200px) 100vw, 1200px\" \/><\/div><\/figure>                                                                                                        <\/div>\n                                            <\/div>\n        <\/div>\n    <\/section>\n    \n\n    <section id=\"textblock-block_2dcd45c37267144f5d7c3d444a51721f\" class=\"section position-relative gp-block gp-textblock pt-5 pb-5\">\n        <div class=\"container\">\n            <div class=\"row g-0\">\n                <div class=\"col-lg-12 content\" data-aos=\"fade-in\" data-aos-duration=\"1000\">\n                                                                                <p class=\"p2\"><a href=\"https:\/\/www.instagram.com\/kiniriabags\/\" target=\"_blank\" rel=\"noopener\">KINIRIA<\/a> haucht vergessenem Leder neues Leben ein, indem \u00fcbersch\u00fcssige Materialien aus Luxusproduktionen in zeitlose, handgefertigte Taschen verwandelt werden. Jedes St\u00fcck erz\u00e4hlt eine Geschichte von Einfachheit, Nachhaltigkeit und der Sch\u00f6nheit, die darin liegt, dem Alten einen neuen Sinn zu geben \u2014 und so nicht nur Mode zu schaffen, sondern eine bleibende Verbindung zwischen Vergangenheit und Gegenwart.<\/p>\n                                                        <\/div>\n            <\/div>\n        <\/div>\n    <\/section>\n    \n\n    <section id=\"media-block_9a78eaab50df62993a18a5b22fb7db74\" class=\"section position-relative gp-block gp-media pt-5 pb-5\">\n        <div class=\"container\">\n            <div class=\"row g-0\">\n                <div class=\"col-lg-12 content\" data-aos=\"fade-in\" data-aos-duration=\"1000\">\n                                                                            <\/div>\n            <\/div>\n            <div class=\"row g-0\">\n                <div class=\"col-lg-6 \">\n                                                                                                                                                <figure class=\"mb-4 pt-lg-4 mb-lg-8 ps-lg-6 pe-lg-7\" data-aos=\"fade-up\" data-aos-duration=\"1000\"><div class=\"img-container\"><img loading=\"lazy\" decoding=\"async\" width=\"1200\" height=\"800\" src=\"https:\/\/luxiders.com\/content\/uploads\/M_BOSCO-BARBER003.jpeg\" class=\"img-fluid w-100\" alt=\"\" srcset=\"https:\/\/luxiders.com\/content\/uploads\/M_BOSCO-BARBER003.jpeg 1200w, https:\/\/luxiders.com\/content\/uploads\/M_BOSCO-BARBER003-300x200.jpeg 300w, https:\/\/luxiders.com\/content\/uploads\/M_BOSCO-BARBER003-1024x683.jpeg 1024w, https:\/\/luxiders.com\/content\/uploads\/M_BOSCO-BARBER003-768x512.jpeg 768w\" sizes=\"(max-width: 1200px) 100vw, 1200px\" \/><\/div><\/figure>                                                                                            <\/div>\n                                    <div class=\"col-lg-6\">\n                                                                                                                                                        <figure class=\"mb-4 pt-lg-5 mb-lg-2 ps-lg-2 pe-lg-2\" data-aos=\"fade-up\" data-aos-duration=\"1000\"><div class=\"img-container\"><img loading=\"lazy\" decoding=\"async\" width=\"1200\" height=\"1800\" src=\"https:\/\/luxiders.com\/content\/uploads\/M_BOSCO-BARBER028.jpeg\" class=\"img-fluid w-100\" alt=\"\" srcset=\"https:\/\/luxiders.com\/content\/uploads\/M_BOSCO-BARBER028.jpeg 1200w, https:\/\/luxiders.com\/content\/uploads\/M_BOSCO-BARBER028-200x300.jpeg 200w, https:\/\/luxiders.com\/content\/uploads\/M_BOSCO-BARBER028-683x1024.jpeg 683w, https:\/\/luxiders.com\/content\/uploads\/M_BOSCO-BARBER028-768x1152.jpeg 768w, https:\/\/luxiders.com\/content\/uploads\/M_BOSCO-BARBER028-1024x1536.jpeg 1024w\" sizes=\"(max-width: 1200px) 100vw, 1200px\" \/><\/div><\/figure>                                                                                                        <\/div>\n                                            <\/div>\n        <\/div>\n    <\/section>\n    \n\n    <section id=\"textblock-block_460345961228c5aa9b028b0656eeb01d\" class=\"section position-relative gp-block gp-textblock pt-5 pb-5\">\n        <div class=\"container\">\n            <div class=\"row g-0\">\n                <div class=\"col-lg-12 content\" data-aos=\"fade-in\" data-aos-duration=\"1000\">\n                                                                                <p class=\"p1\">Mit dem Know-how von drei Generationen in der Holzverarbeitung bietet <a href=\"https:\/\/www.instagram.com\/mueblesboscobarber\/\" target=\"_blank\" rel=\"noopener\">MUEBLES BOSCO BARBER<\/a> mehr als nur M\u00f6bel \u2013 hier werden Geschichten zum Leben erweckt. Aus 100\u202f% massivem, recyceltem Holz, vorwiegend Teak, gefertigt, vereint jedes St\u00fcck nordische Einfl\u00fcsse mit mediterranem Flair. Die zeitlose Handwerkskunst verk\u00f6rpert die Essenz der menorquinischen Lebensqualit\u00e4t.<\/p>\n                                                        <\/div>\n            <\/div>\n        <\/div>\n    <\/section>\n    \n\n    <section id=\"media-block_31e789b5534a2a7a36b6520432700522\" class=\"section position-relative gp-block gp-media pt-5 pb-5\">\n        <div class=\"container\">\n            <div class=\"row g-0\">\n                <div class=\"col-lg-12 content\" data-aos=\"fade-in\" data-aos-duration=\"1000\">\n                                                                            <\/div>\n            <\/div>\n            <div class=\"row g-0\">\n                <div class=\"col-lg-6 \">\n                                                                                                                                                <figure class=\"mb-4 pt-lg-5 mb-lg-0 ps-lg-4 pe-lg-4\" data-aos=\"fade-up\" data-aos-duration=\"1000\"><div class=\"img-container\"><img loading=\"lazy\" decoding=\"async\" width=\"1200\" height=\"800\" src=\"https:\/\/luxiders.com\/content\/uploads\/M_Alba-2-\u00a9-Benjamin-Deroche.jpeg\" class=\"img-fluid w-100\" alt=\"\" srcset=\"https:\/\/luxiders.com\/content\/uploads\/M_Alba-2-\u00a9-Benjamin-Deroche.jpeg 1200w, https:\/\/luxiders.com\/content\/uploads\/M_Alba-2-\u00a9-Benjamin-Deroche-300x200.jpeg 300w, https:\/\/luxiders.com\/content\/uploads\/M_Alba-2-\u00a9-Benjamin-Deroche-1024x683.jpeg 1024w, https:\/\/luxiders.com\/content\/uploads\/M_Alba-2-\u00a9-Benjamin-Deroche-768x512.jpeg 768w\" sizes=\"(max-width: 1200px) 100vw, 1200px\" \/><\/div><figcaption>Alba Menorca Wines \u00a9 Benjamin Deroche.<\/figcaption><\/figure>                                                                                            <\/div>\n                                    <div class=\"col-lg-6\">\n                                                                                                                                                        <figure class=\"mb-4 pt-lg-0 mb-lg-0 ps-lg-0 pe-lg-0\" data-aos=\"fade-up\" data-aos-duration=\"1000\"><div class=\"img-container\"><img loading=\"lazy\" decoding=\"async\" width=\"1200\" height=\"900\" src=\"https:\/\/luxiders.com\/content\/uploads\/M_Alba-1-\u00a9-Benjamin-Deroche.jpeg\" class=\"img-fluid w-100\" alt=\"\" srcset=\"https:\/\/luxiders.com\/content\/uploads\/M_Alba-1-\u00a9-Benjamin-Deroche.jpeg 1200w, https:\/\/luxiders.com\/content\/uploads\/M_Alba-1-\u00a9-Benjamin-Deroche-300x225.jpeg 300w, https:\/\/luxiders.com\/content\/uploads\/M_Alba-1-\u00a9-Benjamin-Deroche-1024x768.jpeg 1024w, https:\/\/luxiders.com\/content\/uploads\/M_Alba-1-\u00a9-Benjamin-Deroche-768x576.jpeg 768w\" sizes=\"(max-width: 1200px) 100vw, 1200px\" \/><\/div><figcaption>\u00a9 Benjamin Deroche<\/figcaption><\/figure>                                                                                                        <\/div>\n                                            <\/div>\n        <\/div>\n    <\/section>\n    \n\n    <section id=\"textblock-block_748ca5620b45df349c47fd5437fb3659\" class=\"section position-relative gp-block gp-textblock pt-0 pb-0\">\n        <div class=\"container\">\n            <div class=\"row g-0\">\n                <div class=\"col-lg-12 content\" data-aos=\"fade-in\" data-aos-duration=\"1000\">\n                                                                                <p class=\"p1\">Auf den sonnenverw\u00f6hnten H\u00fcgeln Menorcas atmet ein einst verlassener Weinberg wieder auf. Bei <a href=\"https:\/\/www.bodegatorralba.es\/\" target=\"_blank\" rel=\"noopener\">ALBA MENORCA WINES<\/a> wurde die Erde liebevoll von Hand bearbeitet und drei Jahre lang behutsam bel\u00fcftet \u2013 eine wahre Liebesarbeit. Regenerative Landwirtschaft n\u00e4hrt das Land: Schafe weiden, Bienen best\u00e4uben. Heute ist dieses Weinbaugebiet das einzige nachhaltige Weingut, das weltweit zwei Goldmedaillen gewonnen hat \u2013 ein Triumph von nat\u00fcrlicher Erneuerung und meisterhaftem Handwerk. Alba Menorca Wines sind Wind, Sonne, Licht und Stein. Ruhe, Stille, Gleichgewicht, Leidenschaft. Sie flie\u00dfen wie das Meer, das uns umgibt.<\/p>\n                                                        <\/div>\n            <\/div>\n        <\/div>\n    <\/section>\n    \n\n    <section id=\"media-block_5e0fada40de0dec52c5c1ea552b64554\" class=\"section position-relative gp-block gp-media pt-5 pb-5\">\n        <div class=\"container\">\n            <div class=\"row g-0\">\n                <div class=\"col-lg-12 content\" data-aos=\"fade-in\" data-aos-duration=\"1000\">\n                                                                            <\/div>\n            <\/div>\n            <div class=\"row g-0\">\n                <div class=\"col-lg-12 img-scaled\">\n                                                                                                                                                <figure class=\"mb-4 pt-lg-0 mb-lg-0 ps-lg-0 pe-lg-0\" data-aos=\"fade-up\" data-aos-duration=\"1000\"><div class=\"img-container\"><img loading=\"lazy\" decoding=\"async\" width=\"1200\" height=\"899\" src=\"https:\/\/luxiders.com\/content\/uploads\/M_sonfinestra-pepmonjo007.jpeg\" class=\"img-fluid w-100\" alt=\"\" srcset=\"https:\/\/luxiders.com\/content\/uploads\/M_sonfinestra-pepmonjo007.jpeg 1200w, https:\/\/luxiders.com\/content\/uploads\/M_sonfinestra-pepmonjo007-300x225.jpeg 300w, https:\/\/luxiders.com\/content\/uploads\/M_sonfinestra-pepmonjo007-1024x767.jpeg 1024w, https:\/\/luxiders.com\/content\/uploads\/M_sonfinestra-pepmonjo007-768x575.jpeg 768w\" sizes=\"(max-width: 1200px) 100vw, 1200px\" \/><\/div><\/figure>                                                                                            <\/div>\n                                            <\/div>\n        <\/div>\n    <\/section>\n    \n\n    <section id=\"media-block_132658853806b5c16484ed1db1650b90\" class=\"section position-relative gp-block gp-media pt-5 pb-5\">\n        <div class=\"container\">\n            <div class=\"row g-0\">\n                <div class=\"col-lg-12 content\" data-aos=\"fade-in\" data-aos-duration=\"1000\">\n                                                                            <\/div>\n            <\/div>\n            <div class=\"row g-0\">\n                <div class=\"col-lg-6 \">\n                                                                                                                                                <figure class=\"mb-4 pt-lg-0 mb-lg-0 ps-lg-5 pe-lg-5\" data-aos=\"fade-up\" data-aos-duration=\"1000\"><div class=\"img-container\"><img loading=\"lazy\" decoding=\"async\" width=\"1200\" height=\"1800\" src=\"https:\/\/luxiders.com\/content\/uploads\/M_sonfinestra-pepmonjo024.jpeg\" class=\"img-fluid w-100\" alt=\"\" srcset=\"https:\/\/luxiders.com\/content\/uploads\/M_sonfinestra-pepmonjo024.jpeg 1200w, https:\/\/luxiders.com\/content\/uploads\/M_sonfinestra-pepmonjo024-200x300.jpeg 200w, https:\/\/luxiders.com\/content\/uploads\/M_sonfinestra-pepmonjo024-683x1024.jpeg 683w, https:\/\/luxiders.com\/content\/uploads\/M_sonfinestra-pepmonjo024-768x1152.jpeg 768w, https:\/\/luxiders.com\/content\/uploads\/M_sonfinestra-pepmonjo024-1024x1536.jpeg 1024w\" sizes=\"(max-width: 1200px) 100vw, 1200px\" \/><\/div><figcaption>Son Finestra Suit<\/figcaption><\/figure>                                                                                            <\/div>\n                                    <div class=\"col-lg-6\">\n                                                                                                                                                        <figure class=\"mb-4 pt-lg-0 mb-lg-0 ps-lg-3 pe-lg-3\" data-aos=\"fade-up\" data-aos-duration=\"1000\"><div class=\"img-container\"><img loading=\"lazy\" decoding=\"async\" width=\"1200\" height=\"1799\" src=\"https:\/\/luxiders.com\/content\/uploads\/M_sonfinestra-pepmonjo010.jpeg\" class=\"img-fluid w-100\" alt=\"\" srcset=\"https:\/\/luxiders.com\/content\/uploads\/M_sonfinestra-pepmonjo010.jpeg 1200w, https:\/\/luxiders.com\/content\/uploads\/M_sonfinestra-pepmonjo010-200x300.jpeg 200w, https:\/\/luxiders.com\/content\/uploads\/M_sonfinestra-pepmonjo010-683x1024.jpeg 683w, https:\/\/luxiders.com\/content\/uploads\/M_sonfinestra-pepmonjo010-768x1151.jpeg 768w, https:\/\/luxiders.com\/content\/uploads\/M_sonfinestra-pepmonjo010-1025x1536.jpeg 1025w\" sizes=\"(max-width: 1200px) 100vw, 1200px\" \/><\/div><figcaption>Pep Monjo Shoes<\/figcaption><\/figure>                                                                                                        <\/div>\n                                            <\/div>\n        <\/div>\n    <\/section>\n    \n\n    <section id=\"textblock-block_f185a6204eb4efe57eb23cdac43bf825\" class=\"section position-relative gp-block gp-textblock pt-5 pb-5\">\n        <div class=\"container\">\n            <div class=\"row g-0\">\n                <div class=\"col-lg-12 content\" data-aos=\"fade-in\" data-aos-duration=\"1000\">\n                                                                                <p class=\"p1\">Im stillen Herzen des Hafens von Ciutadella erweckt <a href=\"https:\/\/www.instagram.com\/sonfinestra\/\" target=\"_blank\" rel=\"noopener\">SON FINESTRA<\/a> die Sch\u00f6nheit der Natur durch Mode zum Leben. Von Hand gefertigt aus reinstem Leinen, ist jedes St\u00fcck mit Sorgfalt gewebt, von erfahrenen H\u00e4nden ber\u00fchrt und tief in der Tradition der Insel verwurzelt. Der Stoff \u2013 leicht und zugleich best\u00e4ndig \u2013 f\u00e4ngt die Essenz von Schlichtheit und Eleganz ein.<\/p>\n<p class=\"p1\">In den H\u00e4nden meisterlicher Handwerker*innen entstehen die Schuhe von <a href=\"https:\/\/www.instagram.com\/pepmonjo\/\" target=\"_blank\" rel=\"noopener\">PEP MONJO<\/a> \u2013 aus feinstem, echtem Leder gefertigt, ist jedes Paar ein Zeugnis zeitloser Tradition und handwerklichen K\u00f6nnens. Jede Naht, jede Form zeugt von Hingabe, wenn durch den menschlichen Griff Leder zum Gang der Zukunft wird. pepmonjo.com<\/p>\n                                                        <\/div>\n            <\/div>\n        <\/div>\n    <\/section>\n    \n\n    <section id=\"media-block_b2156d56eaaeab08ffb9fefcb99e38ab\" class=\"section position-relative gp-block gp-media pt-5 pb-5\">\n        <div class=\"container\">\n            <div class=\"row g-0\">\n                <div class=\"col-lg-12 content\" data-aos=\"fade-in\" data-aos-duration=\"1000\">\n                                                                            <\/div>\n            <\/div>\n            <div class=\"row g-0\">\n                <div class=\"col-lg-6 \">\n                                                                                                                                                <figure class=\"mb-4 pt-lg-0 mb-lg-0 ps-lg-0 pe-lg-0\" data-aos=\"fade-up\" data-aos-duration=\"1000\"><div class=\"img-container\"><img loading=\"lazy\" decoding=\"async\" width=\"1200\" height=\"1800\" src=\"https:\/\/luxiders.com\/content\/uploads\/M_CRISTINA-VILA044.jpeg\" class=\"img-fluid w-100\" alt=\"\" srcset=\"https:\/\/luxiders.com\/content\/uploads\/M_CRISTINA-VILA044.jpeg 1200w, https:\/\/luxiders.com\/content\/uploads\/M_CRISTINA-VILA044-200x300.jpeg 200w, https:\/\/luxiders.com\/content\/uploads\/M_CRISTINA-VILA044-683x1024.jpeg 683w, https:\/\/luxiders.com\/content\/uploads\/M_CRISTINA-VILA044-768x1152.jpeg 768w, https:\/\/luxiders.com\/content\/uploads\/M_CRISTINA-VILA044-1024x1536.jpeg 1024w\" sizes=\"(max-width: 1200px) 100vw, 1200px\" \/><\/div><\/figure>                                                                                            <\/div>\n                                    <div class=\"col-lg-6\">\n                                                                                                                                                        <figure class=\"mb-4 pt-lg-0 mb-lg-0 ps-lg-6 pe-lg-6\" data-aos=\"fade-up\" data-aos-duration=\"1000\"><div class=\"img-container\"><img loading=\"lazy\" decoding=\"async\" width=\"2560\" height=\"1707\" src=\"https:\/\/luxiders.com\/content\/uploads\/CRISTINA-VILA059-1-scaled.jpeg\" class=\"img-fluid w-100\" alt=\"\" srcset=\"https:\/\/luxiders.com\/content\/uploads\/CRISTINA-VILA059-1-scaled.jpeg 2560w, https:\/\/luxiders.com\/content\/uploads\/CRISTINA-VILA059-1-300x200.jpeg 300w, https:\/\/luxiders.com\/content\/uploads\/CRISTINA-VILA059-1-1024x683.jpeg 1024w, https:\/\/luxiders.com\/content\/uploads\/CRISTINA-VILA059-1-768x512.jpeg 768w, https:\/\/luxiders.com\/content\/uploads\/CRISTINA-VILA059-1-1536x1024.jpeg 1536w, https:\/\/luxiders.com\/content\/uploads\/CRISTINA-VILA059-1-2048x1365.jpeg 2048w\" sizes=\"(max-width: 2560px) 100vw, 2560px\" \/><\/div><figcaption>Photo by Cristina Vila-Homs<\/figcaption><\/figure>                                                                                                        <\/div>\n                                            <\/div>\n        <\/div>\n    <\/section>\n    \n\n    <section id=\"textblock-block_de6ead12bcf2289f9a6c8e7ad0d08201\" class=\"section position-relative gp-block gp-textblock pt-5 pb-5\">\n        <div class=\"container\">\n            <div class=\"row g-0\">\n                <div class=\"col-lg-12 content\" data-aos=\"fade-in\" data-aos-duration=\"1000\">\n                                                                                <p class=\"p1\">Inspiriert von der Ruhe Menorcas erschafft die K\u00fcnstlerin <a href=\"https:\/\/luxiders.com\/de\/cvh-ceramica-wo-die-erde-die-seele-beruehrt-auf-einer-insel-des-lichts\/\" target=\"_blank\" rel=\"noopener\">CRISTINA VILA-HOMS<\/a> Keramiken als meditative Praxis, wobei sie jedes St\u00fcck von Hand formt. Ihre Arbeit bei <a href=\"https:\/\/www.instagram.com\/cvh____ceramica\/\" target=\"_blank\" rel=\"noopener\">CVH Cer\u00e0mica<\/a> spiegelt eine tiefe Verbundenheit mit den nat\u00fcrlichen Materialien wider \u2013 wie Steinzeug \u2013 und l\u00e4sst die Energie des Tons den Prozess leiten. Jedes Gef\u00e4\u00df verk\u00f6rpert Schlichtheit und Best\u00e4ndigkeit.<\/p>\n                                                        <\/div>\n            <\/div>\n        <\/div>\n    <\/section>\n    \n\n    <section id=\"media-block_0aa94c230222de082f60e70c362adffd\" class=\"section position-relative gp-block gp-media pt-5 pb-5\">\n        <div class=\"container\">\n            <div class=\"row g-0\">\n                <div class=\"col-lg-12 content\" data-aos=\"fade-in\" data-aos-duration=\"1000\">\n                                                                            <\/div>\n            <\/div>\n            <div class=\"row g-0\">\n                <div class=\"col-lg-6 \">\n                                                                                                                                                <figure class=\"mb-4 pt-lg-0 mb-lg-0 ps-lg-0 pe-lg-0\" data-aos=\"fade-up\" data-aos-duration=\"1000\"><div class=\"img-container\"><img loading=\"lazy\" decoding=\"async\" width=\"1200\" height=\"1800\" src=\"https:\/\/luxiders.com\/content\/uploads\/M_ARTEMISAl002.jpeg\" class=\"img-fluid w-100\" alt=\"\" srcset=\"https:\/\/luxiders.com\/content\/uploads\/M_ARTEMISAl002.jpeg 1200w, https:\/\/luxiders.com\/content\/uploads\/M_ARTEMISAl002-200x300.jpeg 200w, https:\/\/luxiders.com\/content\/uploads\/M_ARTEMISAl002-683x1024.jpeg 683w, https:\/\/luxiders.com\/content\/uploads\/M_ARTEMISAl002-768x1152.jpeg 768w, https:\/\/luxiders.com\/content\/uploads\/M_ARTEMISAl002-1024x1536.jpeg 1024w\" sizes=\"(max-width: 1200px) 100vw, 1200px\" \/><\/div><\/figure>                                                                                            <\/div>\n                                    <div class=\"col-lg-6\">\n                                                                                                                                                        <figure class=\"mb-4 pt-lg-7 mb-lg-0 ps-lg-6 pe-lg-6\" data-aos=\"fade-up\" data-aos-duration=\"1000\"><div class=\"img-container\"><img loading=\"lazy\" decoding=\"async\" width=\"1200\" height=\"1800\" src=\"https:\/\/luxiders.com\/content\/uploads\/M_ARTEMISAl019.jpeg\" class=\"img-fluid w-100\" alt=\"\" srcset=\"https:\/\/luxiders.com\/content\/uploads\/M_ARTEMISAl019.jpeg 1200w, https:\/\/luxiders.com\/content\/uploads\/M_ARTEMISAl019-200x300.jpeg 200w, https:\/\/luxiders.com\/content\/uploads\/M_ARTEMISAl019-683x1024.jpeg 683w, https:\/\/luxiders.com\/content\/uploads\/M_ARTEMISAl019-768x1152.jpeg 768w, https:\/\/luxiders.com\/content\/uploads\/M_ARTEMISAl019-1024x1536.jpeg 1024w\" sizes=\"(max-width: 1200px) 100vw, 1200px\" \/><\/div><\/figure>                                                                                                        <\/div>\n                                            <\/div>\n        <\/div>\n    <\/section>\n    \n\n    <section id=\"textblock-block_6b27601cca8f2ffb98fbbfd60691c92f\" class=\"section position-relative gp-block gp-textblock pt-5 pb-5\">\n        <div class=\"container\">\n            <div class=\"row g-0\">\n                <div class=\"col-lg-12 content\" data-aos=\"fade-in\" data-aos-duration=\"1000\">\n                                                                                <p class=\"p1\"><a href=\"https:\/\/www.instagram.com\/arte_misacoffee\/\" target=\"_blank\" rel=\"noopener\">ARTEMISA<\/a> lockt mit dem Fl\u00fcstern vergessener Handwerkskunst und der Langsamkeit. Ein Ort, an dem die wilde Sch\u00f6nheit der Insel auf die H\u00e4nde von Kunsthandwerker*innen trifft, wo jeder Geschmack eine Geschichte vom Land erz\u00e4hlt. In diesem Refugium gleiten die G\u00e4ste in eine zeitlose Welt, in der die Verbindung zu Natur, Kunst und Kultur wie der <span class=\"s1\">Wind flie\u00dft \u2014 frei und grenzenlos.<\/span><\/p>\n                                                        <\/div>\n            <\/div>\n        <\/div>\n    <\/section>\n    \n\n    <section id=\"textblock-block_728843f76f24aa481600c7ad8f7e5806\" class=\"section position-relative gp-block gp-textblock pt-5 pb-5 pb-lg-8\">\n        <div class=\"container\">\n            <div class=\"row g-0\">\n                <div class=\"col-lg-12 content\" data-aos=\"fade-in\" data-aos-duration=\"1000\">\n                                                                                <p>&nbsp;<\/p>\n<p style=\"text-align: center;\"><strong><em>+ All Images:<br \/>\n\u00a9 Adriana Salazar &amp; Guillaume Icart for <a href=\"https:\/\/www.instagram.com\/geometry_love\/\" target=\"_blank\" rel=\"noopener\">Geometry Love<\/a><\/em><\/strong><\/p>\n<p style=\"text-align: center;\"><strong><em>+ Words:<br \/>\n<\/em><\/strong><em><strong>Belvis Soler<\/strong><\/em><\/p>\n<p>&nbsp;<\/p>\n<p>&nbsp;<\/p>\n<p>&nbsp;<\/p>\n                                                        <\/div>\n            <\/div>\n        <\/div>\n    <\/section>\n    ","protected":false},"excerpt":{"rendered":"","protected":false},"author":2,"featured_media":56015,"comment_status":"closed","ping_status":"closed","sticky":false,"template":"","format":"standard","meta":{"_acf_changed":false,"footnotes":""},"categories":[1219],"tags":[2072,10115,10116],"class_list":{"0":"post-55910","1":"post","2":"type-post","3":"status-publish","4":"format-standard","5":"has-post-thumbnail","7":"category-nachhaltiger-luxus-reisen","8":"tag-conscious-travel-de","9":"tag-menorca-de","10":"tag-menorca-sustaianble-de"},"acf":[],"yoast_head":"<title>Der ultimative nachhaltige Reisef\u00fchrer f\u00fcr Menorca<\/title>\n<meta name=\"description\" content=\"Dies ist ein Reisef\u00fchrer f\u00fcr Menorca f\u00fcr alle, die lernen, regenerieren und kreativ sein m\u00f6chten. Entdecke lokale Orte und K\u00fcnstler*innen\u2026\" \/>\n<meta name=\"robots\" content=\"index, follow, max-snippet:-1, max-image-preview:large, max-video-preview:-1\" \/>\n<link rel=\"canonical\" href=\"https:\/\/luxiders.com\/de\/der-beste-nachhaltige-menorca-reisefuehrer-lokale-und-umweltbewusste-orte-kuenstler-die-man-auf-der-insel-besuchen-sollte\/\" \/>\n<meta property=\"og:locale\" content=\"de_DE\" \/>\n<meta property=\"og:type\" content=\"article\" \/>\n<meta property=\"og:title\" content=\"Der ultimative nachhaltige Reisef\u00fchrer f\u00fcr Menorca\" \/>\n<meta property=\"og:description\" content=\"Dies ist ein Reisef\u00fchrer f\u00fcr Menorca f\u00fcr alle, die lernen, regenerieren und kreativ sein m\u00f6chten. Entdecke lokale Orte und K\u00fcnstler*innen\u2026\" \/>\n<meta property=\"og:url\" content=\"https:\/\/luxiders.com\/de\/der-beste-nachhaltige-menorca-reisefuehrer-lokale-und-umweltbewusste-orte-kuenstler-die-man-auf-der-insel-besuchen-sollte\/\" \/>\n<meta property=\"og:site_name\" content=\"Sustainable Fashion - Eco Design - Healthy Lifestyle - Luxiders Magazine\" \/>\n<meta property=\"article:published_time\" content=\"2025-06-24T09:23:46+00:00\" \/>\n<meta property=\"article:modified_time\" content=\"2025-06-24T09:57:52+00:00\" \/>\n<meta property=\"og:image\" content=\"https:\/\/luxiders.com\/content\/uploads\/M_nov-dic-2104.jpeg\" \/>\n\t<meta property=\"og:image:width\" content=\"1200\" \/>\n\t<meta property=\"og:image:height\" content=\"800\" \/>\n\t<meta property=\"og:image:type\" content=\"image\/jpeg\" \/>\n<meta name=\"author\" content=\"luxiders\" \/>\n<meta name=\"twitter:card\" content=\"summary_large_image\" \/>\n<meta name=\"twitter:label1\" content=\"Verfasst von\" \/>\n\t<meta name=\"twitter:data1\" content=\"luxiders\" \/>\n\t<meta name=\"twitter:label2\" content=\"Gesch\u00e4tzte Lesezeit\" \/>\n\t<meta name=\"twitter:data2\" content=\"8\u00a0Minuten\" \/>\n<script type=\"application\/ld+json\" class=\"yoast-schema-graph\">{\"@context\":\"https:\/\/schema.org\",\"@graph\":[{\"@type\":\"Article\",\"@id\":\"https:\/\/luxiders.com\/de\/der-beste-nachhaltige-menorca-reisefuehrer-lokale-und-umweltbewusste-orte-kuenstler-die-man-auf-der-insel-besuchen-sollte\/#article\",\"isPartOf\":{\"@id\":\"https:\/\/luxiders.com\/de\/der-beste-nachhaltige-menorca-reisefuehrer-lokale-und-umweltbewusste-orte-kuenstler-die-man-auf-der-insel-besuchen-sollte\/\"},\"author\":{\"name\":\"luxiders\",\"@id\":\"https:\/\/luxiders.com\/de\/#\/schema\/person\/8632fa702ae2ce98f66c396254633de8\"},\"headline\":\"Der beste nachhaltige Menorca-Reisef\u00fchrer | Lokale und umweltbewusste Orte &amp; K\u00fcnstler, die man auf der Insel besuchen sollte\",\"datePublished\":\"2025-06-24T09:23:46+00:00\",\"dateModified\":\"2025-06-24T09:57:52+00:00\",\"mainEntityOfPage\":{\"@id\":\"https:\/\/luxiders.com\/de\/der-beste-nachhaltige-menorca-reisefuehrer-lokale-und-umweltbewusste-orte-kuenstler-die-man-auf-der-insel-besuchen-sollte\/\"},\"wordCount\":19,\"publisher\":{\"@id\":\"https:\/\/luxiders.com\/de\/#organization\"},\"image\":{\"@id\":\"https:\/\/luxiders.com\/de\/der-beste-nachhaltige-menorca-reisefuehrer-lokale-und-umweltbewusste-orte-kuenstler-die-man-auf-der-insel-besuchen-sollte\/#primaryimage\"},\"thumbnailUrl\":\"https:\/\/luxiders.com\/content\/uploads\/M_nov-dic-2104.jpeg\",\"keywords\":[\"conscious travel\",\"Menorca\",\"Menorca Sustaianble\"],\"articleSection\":[\"Reisen\"],\"inLanguage\":\"de\"},{\"@type\":\"WebPage\",\"@id\":\"https:\/\/luxiders.com\/de\/der-beste-nachhaltige-menorca-reisefuehrer-lokale-und-umweltbewusste-orte-kuenstler-die-man-auf-der-insel-besuchen-sollte\/\",\"url\":\"https:\/\/luxiders.com\/de\/der-beste-nachhaltige-menorca-reisefuehrer-lokale-und-umweltbewusste-orte-kuenstler-die-man-auf-der-insel-besuchen-sollte\/\",\"name\":\"Der ultimative nachhaltige Reisef\u00fchrer f\u00fcr Menorca\",\"isPartOf\":{\"@id\":\"https:\/\/luxiders.com\/de\/#website\"},\"primaryImageOfPage\":{\"@id\":\"https:\/\/luxiders.com\/de\/der-beste-nachhaltige-menorca-reisefuehrer-lokale-und-umweltbewusste-orte-kuenstler-die-man-auf-der-insel-besuchen-sollte\/#primaryimage\"},\"image\":{\"@id\":\"https:\/\/luxiders.com\/de\/der-beste-nachhaltige-menorca-reisefuehrer-lokale-und-umweltbewusste-orte-kuenstler-die-man-auf-der-insel-besuchen-sollte\/#primaryimage\"},\"thumbnailUrl\":\"https:\/\/luxiders.com\/content\/uploads\/M_nov-dic-2104.jpeg\",\"datePublished\":\"2025-06-24T09:23:46+00:00\",\"dateModified\":\"2025-06-24T09:57:52+00:00\",\"description\":\"Dies ist ein Reisef\u00fchrer f\u00fcr Menorca f\u00fcr alle, die lernen, regenerieren und kreativ sein m\u00f6chten. Entdecke lokale Orte und K\u00fcnstler*innen\u2026\",\"breadcrumb\":{\"@id\":\"https:\/\/luxiders.com\/de\/der-beste-nachhaltige-menorca-reisefuehrer-lokale-und-umweltbewusste-orte-kuenstler-die-man-auf-der-insel-besuchen-sollte\/#breadcrumb\"},\"inLanguage\":\"de\",\"potentialAction\":[{\"@type\":\"ReadAction\",\"target\":[\"https:\/\/luxiders.com\/de\/der-beste-nachhaltige-menorca-reisefuehrer-lokale-und-umweltbewusste-orte-kuenstler-die-man-auf-der-insel-besuchen-sollte\/\"]}]},{\"@type\":\"ImageObject\",\"inLanguage\":\"de\",\"@id\":\"https:\/\/luxiders.com\/de\/der-beste-nachhaltige-menorca-reisefuehrer-lokale-und-umweltbewusste-orte-kuenstler-die-man-auf-der-insel-besuchen-sollte\/#primaryimage\",\"url\":\"https:\/\/luxiders.com\/content\/uploads\/M_nov-dic-2104.jpeg\",\"contentUrl\":\"https:\/\/luxiders.com\/content\/uploads\/M_nov-dic-2104.jpeg\",\"width\":1200,\"height\":800},{\"@type\":\"BreadcrumbList\",\"@id\":\"https:\/\/luxiders.com\/de\/der-beste-nachhaltige-menorca-reisefuehrer-lokale-und-umweltbewusste-orte-kuenstler-die-man-auf-der-insel-besuchen-sollte\/#breadcrumb\",\"itemListElement\":[{\"@type\":\"ListItem\",\"position\":1,\"name\":\"Startseite\",\"item\":\"https:\/\/luxiders.com\/de\/\"},{\"@type\":\"ListItem\",\"position\":2,\"name\":\"Reisen\",\"item\":\"https:\/\/luxiders.com\/de\/Katregorie\/nachhaltiger-luxus-reisen\/\"},{\"@type\":\"ListItem\",\"position\":3,\"name\":\"Der beste nachhaltige Menorca-Reisef\u00fchrer | Lokale und umweltbewusste Orte &amp; K\u00fcnstler, die man auf der Insel besuchen sollte\"}]},{\"@type\":\"WebSite\",\"@id\":\"https:\/\/luxiders.com\/de\/#website\",\"url\":\"https:\/\/luxiders.com\/de\/\",\"name\":\"Sustainable Fashion - Eco Design - Healthy Lifestyle - Luxiders Magazine\",\"description\":\"Luxiders is a sustainable luxury magazine highlighting the best stories about sustainable fashion, ethical fashion, eco-friendly design, green design, sustainable travel, natural beauty, organic beauty and healthy lifestyle. Know the best high-end, progressive and luxury sustainable brands and designers worldwide.\",\"publisher\":{\"@id\":\"https:\/\/luxiders.com\/de\/#organization\"},\"potentialAction\":[{\"@type\":\"SearchAction\",\"target\":{\"@type\":\"EntryPoint\",\"urlTemplate\":\"https:\/\/luxiders.com\/de\/?s={search_term_string}\"},\"query-input\":{\"@type\":\"PropertyValueSpecification\",\"valueRequired\":true,\"valueName\":\"search_term_string\"}}],\"inLanguage\":\"de\"},{\"@type\":\"Organization\",\"@id\":\"https:\/\/luxiders.com\/de\/#organization\",\"name\":\"Sustainable Fashion - Eco Design - Healthy Lifestyle - Luxiders Magazine\",\"url\":\"https:\/\/luxiders.com\/de\/\",\"logo\":{\"@type\":\"ImageObject\",\"inLanguage\":\"de\",\"@id\":\"https:\/\/luxiders.com\/de\/#\/schema\/logo\/image\/\",\"url\":\"https:\/\/luxiders.com\/content\/uploads\/lux-logo.svg\",\"contentUrl\":\"https:\/\/luxiders.com\/content\/uploads\/lux-logo.svg\",\"caption\":\"Sustainable Fashion - Eco Design - Healthy Lifestyle - Luxiders Magazine\"},\"image\":{\"@id\":\"https:\/\/luxiders.com\/de\/#\/schema\/logo\/image\/\"}},{\"@type\":\"Person\",\"@id\":\"https:\/\/luxiders.com\/de\/#\/schema\/person\/8632fa702ae2ce98f66c396254633de8\",\"name\":\"luxiders\",\"url\":\"https:\/\/luxiders.com\/de\/author\/luxiders\/\"}]}<\/script>","yoast_head_json":{"title":"Der ultimative nachhaltige Reisef\u00fchrer f\u00fcr Menorca","description":"Dies ist ein Reisef\u00fchrer f\u00fcr Menorca f\u00fcr alle, die lernen, regenerieren und kreativ sein m\u00f6chten. Entdecke lokale Orte und K\u00fcnstler*innen\u2026","robots":{"index":"index","follow":"follow","max-snippet":"max-snippet:-1","max-image-preview":"max-image-preview:large","max-video-preview":"max-video-preview:-1"},"canonical":"https:\/\/luxiders.com\/de\/der-beste-nachhaltige-menorca-reisefuehrer-lokale-und-umweltbewusste-orte-kuenstler-die-man-auf-der-insel-besuchen-sollte\/","og_locale":"de_DE","og_type":"article","og_title":"Der ultimative nachhaltige Reisef\u00fchrer f\u00fcr Menorca","og_description":"Dies ist ein Reisef\u00fchrer f\u00fcr Menorca f\u00fcr alle, die lernen, regenerieren und kreativ sein m\u00f6chten. Entdecke lokale Orte und K\u00fcnstler*innen\u2026","og_url":"https:\/\/luxiders.com\/de\/der-beste-nachhaltige-menorca-reisefuehrer-lokale-und-umweltbewusste-orte-kuenstler-die-man-auf-der-insel-besuchen-sollte\/","og_site_name":"Sustainable Fashion - Eco Design - Healthy Lifestyle - Luxiders Magazine","article_published_time":"2025-06-24T09:23:46+00:00","article_modified_time":"2025-06-24T09:57:52+00:00","og_image":[{"width":1200,"height":800,"url":"https:\/\/luxiders.com\/content\/uploads\/M_nov-dic-2104.jpeg","type":"image\/jpeg"}],"author":"luxiders","twitter_card":"summary_large_image","twitter_misc":{"Verfasst von":"luxiders","Gesch\u00e4tzte Lesezeit":"8\u00a0Minuten"},"schema":{"@context":"https:\/\/schema.org","@graph":[{"@type":"Article","@id":"https:\/\/luxiders.com\/de\/der-beste-nachhaltige-menorca-reisefuehrer-lokale-und-umweltbewusste-orte-kuenstler-die-man-auf-der-insel-besuchen-sollte\/#article","isPartOf":{"@id":"https:\/\/luxiders.com\/de\/der-beste-nachhaltige-menorca-reisefuehrer-lokale-und-umweltbewusste-orte-kuenstler-die-man-auf-der-insel-besuchen-sollte\/"},"author":{"name":"luxiders","@id":"https:\/\/luxiders.com\/de\/#\/schema\/person\/8632fa702ae2ce98f66c396254633de8"},"headline":"Der beste nachhaltige Menorca-Reisef\u00fchrer | Lokale und umweltbewusste Orte &amp; K\u00fcnstler, die man auf der Insel besuchen sollte","datePublished":"2025-06-24T09:23:46+00:00","dateModified":"2025-06-24T09:57:52+00:00","mainEntityOfPage":{"@id":"https:\/\/luxiders.com\/de\/der-beste-nachhaltige-menorca-reisefuehrer-lokale-und-umweltbewusste-orte-kuenstler-die-man-auf-der-insel-besuchen-sollte\/"},"wordCount":19,"publisher":{"@id":"https:\/\/luxiders.com\/de\/#organization"},"image":{"@id":"https:\/\/luxiders.com\/de\/der-beste-nachhaltige-menorca-reisefuehrer-lokale-und-umweltbewusste-orte-kuenstler-die-man-auf-der-insel-besuchen-sollte\/#primaryimage"},"thumbnailUrl":"https:\/\/luxiders.com\/content\/uploads\/M_nov-dic-2104.jpeg","keywords":["conscious travel","Menorca","Menorca Sustaianble"],"articleSection":["Reisen"],"inLanguage":"de"},{"@type":"WebPage","@id":"https:\/\/luxiders.com\/de\/der-beste-nachhaltige-menorca-reisefuehrer-lokale-und-umweltbewusste-orte-kuenstler-die-man-auf-der-insel-besuchen-sollte\/","url":"https:\/\/luxiders.com\/de\/der-beste-nachhaltige-menorca-reisefuehrer-lokale-und-umweltbewusste-orte-kuenstler-die-man-auf-der-insel-besuchen-sollte\/","name":"Der ultimative nachhaltige Reisef\u00fchrer f\u00fcr Menorca","isPartOf":{"@id":"https:\/\/luxiders.com\/de\/#website"},"primaryImageOfPage":{"@id":"https:\/\/luxiders.com\/de\/der-beste-nachhaltige-menorca-reisefuehrer-lokale-und-umweltbewusste-orte-kuenstler-die-man-auf-der-insel-besuchen-sollte\/#primaryimage"},"image":{"@id":"https:\/\/luxiders.com\/de\/der-beste-nachhaltige-menorca-reisefuehrer-lokale-und-umweltbewusste-orte-kuenstler-die-man-auf-der-insel-besuchen-sollte\/#primaryimage"},"thumbnailUrl":"https:\/\/luxiders.com\/content\/uploads\/M_nov-dic-2104.jpeg","datePublished":"2025-06-24T09:23:46+00:00","dateModified":"2025-06-24T09:57:52+00:00","description":"Dies ist ein Reisef\u00fchrer f\u00fcr Menorca f\u00fcr alle, die lernen, regenerieren und kreativ sein m\u00f6chten. Entdecke lokale Orte und K\u00fcnstler*innen\u2026","breadcrumb":{"@id":"https:\/\/luxiders.com\/de\/der-beste-nachhaltige-menorca-reisefuehrer-lokale-und-umweltbewusste-orte-kuenstler-die-man-auf-der-insel-besuchen-sollte\/#breadcrumb"},"inLanguage":"de","potentialAction":[{"@type":"ReadAction","target":["https:\/\/luxiders.com\/de\/der-beste-nachhaltige-menorca-reisefuehrer-lokale-und-umweltbewusste-orte-kuenstler-die-man-auf-der-insel-besuchen-sollte\/"]}]},{"@type":"ImageObject","inLanguage":"de","@id":"https:\/\/luxiders.com\/de\/der-beste-nachhaltige-menorca-reisefuehrer-lokale-und-umweltbewusste-orte-kuenstler-die-man-auf-der-insel-besuchen-sollte\/#primaryimage","url":"https:\/\/luxiders.com\/content\/uploads\/M_nov-dic-2104.jpeg","contentUrl":"https:\/\/luxiders.com\/content\/uploads\/M_nov-dic-2104.jpeg","width":1200,"height":800},{"@type":"BreadcrumbList","@id":"https:\/\/luxiders.com\/de\/der-beste-nachhaltige-menorca-reisefuehrer-lokale-und-umweltbewusste-orte-kuenstler-die-man-auf-der-insel-besuchen-sollte\/#breadcrumb","itemListElement":[{"@type":"ListItem","position":1,"name":"Startseite","item":"https:\/\/luxiders.com\/de\/"},{"@type":"ListItem","position":2,"name":"Reisen","item":"https:\/\/luxiders.com\/de\/Katregorie\/nachhaltiger-luxus-reisen\/"},{"@type":"ListItem","position":3,"name":"Der beste nachhaltige Menorca-Reisef\u00fchrer | Lokale und umweltbewusste Orte &amp; K\u00fcnstler, die man auf der Insel besuchen sollte"}]},{"@type":"WebSite","@id":"https:\/\/luxiders.com\/de\/#website","url":"https:\/\/luxiders.com\/de\/","name":"Sustainable Fashion - Eco Design - Healthy Lifestyle - Luxiders Magazine","description":"Luxiders is a sustainable luxury magazine highlighting the best stories about sustainable fashion, ethical fashion, eco-friendly design, green design, sustainable travel, natural beauty, organic beauty and healthy lifestyle. Know the best high-end, progressive and luxury sustainable brands and designers worldwide.","publisher":{"@id":"https:\/\/luxiders.com\/de\/#organization"},"potentialAction":[{"@type":"SearchAction","target":{"@type":"EntryPoint","urlTemplate":"https:\/\/luxiders.com\/de\/?s={search_term_string}"},"query-input":{"@type":"PropertyValueSpecification","valueRequired":true,"valueName":"search_term_string"}}],"inLanguage":"de"},{"@type":"Organization","@id":"https:\/\/luxiders.com\/de\/#organization","name":"Sustainable Fashion - Eco Design - Healthy Lifestyle - Luxiders Magazine","url":"https:\/\/luxiders.com\/de\/","logo":{"@type":"ImageObject","inLanguage":"de","@id":"https:\/\/luxiders.com\/de\/#\/schema\/logo\/image\/","url":"https:\/\/luxiders.com\/content\/uploads\/lux-logo.svg","contentUrl":"https:\/\/luxiders.com\/content\/uploads\/lux-logo.svg","caption":"Sustainable Fashion - Eco Design - Healthy Lifestyle - Luxiders Magazine"},"image":{"@id":"https:\/\/luxiders.com\/de\/#\/schema\/logo\/image\/"}},{"@type":"Person","@id":"https:\/\/luxiders.com\/de\/#\/schema\/person\/8632fa702ae2ce98f66c396254633de8","name":"luxiders","url":"https:\/\/luxiders.com\/de\/author\/luxiders\/"}]}},"_links":{"self":[{"href":"https:\/\/luxiders.com\/de\/wp-json\/wp\/v2\/posts\/55910","targetHints":{"allow":["GET"]}}],"collection":[{"href":"https:\/\/luxiders.com\/de\/wp-json\/wp\/v2\/posts"}],"about":[{"href":"https:\/\/luxiders.com\/de\/wp-json\/wp\/v2\/types\/post"}],"author":[{"embeddable":true,"href":"https:\/\/luxiders.com\/de\/wp-json\/wp\/v2\/users\/2"}],"replies":[{"embeddable":true,"href":"https:\/\/luxiders.com\/de\/wp-json\/wp\/v2\/comments?post=55910"}],"version-history":[{"count":3,"href":"https:\/\/luxiders.com\/de\/wp-json\/wp\/v2\/posts\/55910\/revisions"}],"predecessor-version":[{"id":56398,"href":"https:\/\/luxiders.com\/de\/wp-json\/wp\/v2\/posts\/55910\/revisions\/56398"}],"wp:featuredmedia":[{"embeddable":true,"href":"https:\/\/luxiders.com\/de\/wp-json\/wp\/v2\/media\/56015"}],"wp:attachment":[{"href":"https:\/\/luxiders.com\/de\/wp-json\/wp\/v2\/media?parent=55910"}],"wp:term":[{"taxonomy":"category","embeddable":true,"href":"https:\/\/luxiders.com\/de\/wp-json\/wp\/v2\/categories?post=55910"},{"taxonomy":"post_tag","embeddable":true,"href":"https:\/\/luxiders.com\/de\/wp-json\/wp\/v2\/tags?post=55910"}],"curies":[{"name":"wp","href":"https:\/\/api.w.org\/{rel}","templated":true}]}}