{"id":56755,"date":"2025-07-28T09:01:34","date_gmt":"2025-07-28T07:01:34","guid":{"rendered":"https:\/\/luxiders.com\/?p=56755"},"modified":"2025-07-28T13:53:47","modified_gmt":"2025-07-28T11:53:47","slug":"die-besten-ausstellungen-zum-thema-soziale-wirkung-in-europa","status":"publish","type":"post","link":"https:\/\/luxiders.com\/de\/die-besten-ausstellungen-zum-thema-soziale-wirkung-in-europa\/","title":{"rendered":"Die besten Ausstellungen zum Thema soziale Wirkung in Europa"},"content":{"rendered":"    <section id=\"textblock-block_2bd311390ec7640afa9c3776bd03bdad\" class=\"section position-relative gp-block gp-textblock pt-0 pb-0\">\n        <div class=\"container\">\n            <div class=\"row g-0\">\n                <div class=\"col-lg-12 content\" data-aos=\"fade-in\" data-aos-duration=\"1000\">\n                                                                                    <div class=\"intro \">\n                            <p style=\"text-align: center;\">Diesen Sommer gibt es Ausstellungen zum Thema <a href=\"https:\/\/luxiders.com\/best-films-positive-social-impact-2022\/\" target=\"_blank\" rel=\"noopener\">soziale Wirkung<\/a>, die du auf keinen Fall verpassen solltest. Von einer Ausstellung, die die Freiheit der Stimmen st\u00e4rkt, \u00fcber eine, die die sich st\u00e4ndig wandelnden, fragmentierten Realit\u00e4ten der Welt eindrucksvoll darstellt, bis hin zu einer, die ein Licht auf die Realit\u00e4t der Demokratie wirft \u2013 diese Ausstellungen in Europa sind absolut sehenswert. Wenn du im Sommer in \u00d6sterreich, Polen oder der Schweiz bist, schau sie dir unbedingt an!<\/p>\n                        <\/div>\n                                                                                                <\/div>\n            <\/div>\n        <\/div>\n    <\/section>\n    \n\n    <section id=\"newsletter-block_57653897b342e385eca423905b21f54a\" class=\"section position-relative gp-block gp-newsletter pt-0 pb-0 my-5\">\n        <div class=\"container\">\n            <div class=\"row g-0 pt-4 pb-3\">\n                <div class=\"col-lg-12 content text-center border pt-3\" data-aos=\"fade-in\" data-aos-duration=\"1000\">\n                                            <p><em>Um den Luxiders Newsletter zu erhalten,\u00a0<a href=\"https:\/\/landing.mailerlite.com\/webforms\/landing\/g1u8s7\">melde dich hier an<\/a>.<\/em><\/p>\n                                    <\/div>\n            <\/div>\n        <\/div>\n    <\/section>\n    \n\n    <section id=\"textblock-block_36586bec224e76b133442a12d6945ec6\" class=\"section position-relative gp-block gp-textblock pt-0 pb-0\">\n        <div class=\"container\">\n            <div class=\"row g-0\">\n                <div class=\"col-lg-12 content\" data-aos=\"fade-in\" data-aos-duration=\"1000\">\n                                                                                <h3>FREEING THE VOICES<\/h3>\n<p><a href=\"https:\/\/www.instagram.com\/kunsthausgraz\/?hl=en\" target=\"_blank\" rel=\"noopener\"><em>Kunsthaus Graz<\/em><\/a><br \/>\n<em>Graz, \u00d6sterreich<\/em><br \/>\n28. Februar 2025 \u2013 24. August 2025<\/p>\n<p>\u201eFreeing the Voices\u201c ist eine vielschichtige, transformative und kraftvolle Ausstellung, die sich mit dem Konzept der Stimme und ihrer Bedeutung auseinandersetzt. Beginnend mit der Stimme der K\u00fcnstlerin Marina Abramovi\u0107, die sich mit anderen Stimmen vermischt, und endend mit dem Werk des K\u00fcnstlers Tao G. Vrhovec Sambolec, fordert diese Ausstellung die Besucher*innen auf, wirklich zuzuh\u00f6ren.<\/p>\n<p>In einer Welt voller Instabilit\u00e4t, Krisen, v\u00f6lkerm\u00f6rderischer Kriege, Gef\u00fchle der Erstickung und Panik, einem Verlust der Meinungsfreiheit und zahlloser Herausforderungen, die sich \u00fcberlagern, vermischen und gegenseitig verst\u00e4rken, ruft \u201eFreeing the Voices\u201c zum Handeln auf \u2013 \u201eauch wenn es nur ein Schrei oder Murmeln ist\u201c.<\/p>\n<p>Die in der Ausstellung gezeigten Werke stehen f\u00fcr die Befreiung der individuellen und kollektiven Stimme. Sie <a href=\"https:\/\/www.museum-joanneum.at\/en\/kunsthaus-graz\/our-programme\/exhibitions\/event\/freeing-the-voices-1#\" target=\"_blank\" rel=\"noopener\">\u201eversuchen, die verschiedenen Stimmen bestimmter Traditionen, Nationen sowie ihrer Gemeinschaften und Landschaften zu dekolonisieren \u2013 die Stimmen von Frauen, People of Color, Menschen am Rand Europas und die Stimmen unserer eigenen K\u00f6rper\u201c<\/a>. Dar\u00fcber hinaus thematisieren sie die Krise der Moderne und deren rationale Konstrukte.<\/p>\n<p>Durch die emotionale Kraft der Kunst fordern diese Werke den menschlichen K\u00f6rper dazu auf, endlich wieder zu atmen und zu sprechen \u2013 sich nicht l\u00e4nger von der Stille entmachten zu lassen.<\/p>\n<p>\u201eFreeing the Voices\u201c ist ein absolutes Meisterwerk. Wenn du im Sommer in \u00d6sterreich bist \u2013 verpasse diese Ausstellung nicht!<\/p>\n                                                        <\/div>\n            <\/div>\n        <\/div>\n    <\/section>\n    \n\n    <section id=\"textblock-block_acf866a055b776b8a5e8ea135451f2e7\" class=\"section position-relative gp-block gp-textblock pt-0 pb-0\">\n        <div class=\"container\">\n            <div class=\"row g-0\">\n                <div class=\"col-lg-12 content\" data-aos=\"fade-in\" data-aos-duration=\"1000\">\n                                                                                <h3>FRAGMENTS OF REALITY. BERLIN \u2013 TRICITY<\/h3>\n<p><a href=\"https:\/\/www.instagram.com\/pgs_w_sopocie\/\" target=\"_blank\" rel=\"noopener\"><em>The State Gallery of Art<\/em><\/a><br \/>\n<em>Sopot, Polen<\/em><br \/>\n7. Juni 2025 \u2013 24. August 2025<\/p>\n<p>\u201eFragments of Reality\u201c ist eine Gruppenausstellung, die derzeit in der State Gallery of Art in Sopot, Polen, zu sehen ist. Sie zeigt kraftvolle Werke von K\u00fcnstlerinnen, die mit Berlin und der Tricity-Region verbunden sind. Viele der K\u00fcnstlerinnen haben einen Migrationshintergrund \u2013 etwa t\u00fcrkischer, kurdischer, iranischer, afghanischer, rum\u00e4nischer, polnischer oder mexikanischer Herkunft \u2013 und pr\u00e4sentieren Werke, <a href=\"https:\/\/pgs.pl\/odlamki-rzeczywistosci-berlin-trojmiasto\/\" target=\"_blank\" rel=\"noopener\">\u201edie die Unruhe der heutigen Welt, unterschiedliche Krisen und die fragmentarische Natur unserer Wahrnehmung\u201c<\/a> widerspiegeln.<\/p>\n<p>Diese Ausstellung l\u00e4dt zum Innehalten, Zur\u00fcckblicken und Beobachten ein. Was ist aus unserer Welt geworden \u2013 und was k\u00f6nnen wir tun? Gezeigt werden politische Konflikte, sich wandelnde Identit\u00e4ten, Hoffnungen, Tr\u00e4ume, Instabilit\u00e4t, Themen rund um Gewalt, Unterdr\u00fcckung von Frauen sowie der globale und lokale Zustand der Welt. Die K\u00fcnstlerinnen \u201eeint ihr scharfer Blick f\u00fcr die \u00c4ngste unserer Zeit\u201c. Daher wird die Berliner Ausgabe der Ausstellung den Titel <em>\u201eUnruhe \/ Disquiet\u201c<\/em> tragen.<\/p>\n<p>Der Ausstellungstitel verweist auf eine Passage aus dem Roman <em>\u201ePaw Kr\u00f3lowej\u201c (Der Pfau der K\u00f6nigin)<\/em> von Dorota Mas\u0142owska \u2013 ein Werk, das nach dem Jahr 2000 eine kraftvolle, klarsichtige und tiefgr\u00fcndige Diagnose des menschlichen Zustands liefert.<\/p>\n<p>Die Arbeiten der K\u00fcnstlerinnen greifen diesen Roman nicht nur auf \u2013 sie treten mit ihm in einen Dialog. Durch die starke Bildkraft literarischer und k\u00fcnstlerischer Metaphern machen sie das menschliche Dasein und seine Prozesse sp\u00fcrbar. Deshalb ist \u201eFragments of Reality\u201c ein absolutes Highlight. Wenn du im Sommer in Polen bist, solltest du dir diese Ausstellung unbedingt bis zum 24. August ansehen!<\/p>\n                                                        <\/div>\n            <\/div>\n        <\/div>\n    <\/section>\n    \n\n    <section id=\"media-block_cbf10c250c6455b225043d6a9be38457\" class=\"section position-relative gp-block gp-media pt-0 pb-0\">\n        <div class=\"container\">\n            <div class=\"row g-0\">\n                <div class=\"col-lg-12 content\" data-aos=\"fade-in\" data-aos-duration=\"1000\">\n                                                                            <\/div>\n            <\/div>\n            <div class=\"row g-0\">\n                <div class=\"col-lg-12 img-scaled\">\n                                                                                                                                                <figure class=\"mb-4 pt-lg-5 mb-lg-5 ps-lg-5 pe-lg-5\" data-aos=\"fade-up\" data-aos-duration=\"1000\"><div class=\"img-container\"><img loading=\"lazy\" decoding=\"async\" width=\"1500\" height=\"1019\" src=\"https:\/\/luxiders.com\/content\/uploads\/1131036-2-luxiders-magazine2.jpg\" class=\"img-fluid w-100\" alt=\"\" srcset=\"https:\/\/luxiders.com\/content\/uploads\/1131036-2-luxiders-magazine2.jpg 1500w, https:\/\/luxiders.com\/content\/uploads\/1131036-2-luxiders-magazine2-300x204.jpg 300w, https:\/\/luxiders.com\/content\/uploads\/1131036-2-luxiders-magazine2-1024x696.jpg 1024w, https:\/\/luxiders.com\/content\/uploads\/1131036-2-luxiders-magazine2-768x522.jpg 768w\" sizes=\"(max-width: 1500px) 100vw, 1500px\" \/><\/div><figcaption>\u00a9 Tamara Wyrzykowska for The State Gallery of Art in Sopot.<\/figcaption><\/figure>                                                                                                                                                            <figure class=\"mb-4 pt-lg-5 mb-lg-5 ps-lg-5 pe-lg-5\" data-aos=\"fade-up\" data-aos-duration=\"1000\"><div class=\"img-container\"><img loading=\"lazy\" decoding=\"async\" width=\"1067\" height=\"1500\" src=\"https:\/\/luxiders.com\/content\/uploads\/1131204-luxiders-magazine3.jpg\" class=\"img-fluid w-100\" alt=\"\" srcset=\"https:\/\/luxiders.com\/content\/uploads\/1131204-luxiders-magazine3.jpg 1067w, https:\/\/luxiders.com\/content\/uploads\/1131204-luxiders-magazine3-213x300.jpg 213w, https:\/\/luxiders.com\/content\/uploads\/1131204-luxiders-magazine3-728x1024.jpg 728w, https:\/\/luxiders.com\/content\/uploads\/1131204-luxiders-magazine3-768x1080.jpg 768w\" sizes=\"(max-width: 1067px) 100vw, 1067px\" \/><\/div><figcaption>\u00a9 Tamara Wyrzykowska for The State Gallery of Art in Sopot.<\/figcaption><\/figure>                                                                                            <\/div>\n                                            <\/div>\n        <\/div>\n    <\/section>\n    \n\n    <section id=\"textblock-block_738b083f3812d7aa3f6b294d5dd72e48\" class=\"section position-relative gp-block gp-textblock pt-0 pb-0\">\n        <div class=\"container\">\n            <div class=\"row g-0\">\n                <div class=\"col-lg-12 content\" data-aos=\"fade-in\" data-aos-duration=\"1000\">\n                                                                                <h3><b>\u201eDEMOCRACY? WHAT DEMOCRACY?!\u201c<\/b><\/h3>\n<p><a href=\"https:\/\/www.instagram.com\/caux_iofc\/\" target=\"_blank\" rel=\"noopener\"><em>Caux Palace<\/em><\/a><br \/>\n<em>Caux, Schweiz<\/em><br \/>\n8. Juli 2025 \u2013 14. September 2025<\/p>\n<p>Die zentrale, sehenswerte Ausstellung \u201eDemocracy? What democracy?!\u201c ist Teil der <a href=\"https:\/\/www.iofc.ch\/caux-expos-summer-2025\" target=\"_blank\" rel=\"noopener\">\u201eCaux Palace Expos \u2013 Sommer 2025\u201c<\/a> und wird von der Caux Initiatives of Change Foundation pr\u00e4sentiert. Sie zeigt Karikaturen der K\u00fcnstler Gado (Godfrey MWAMPEMBWA) und Willis from Tunis (Nadia KHIARI).<\/p>\n<p>In Zusammenarbeit mit Freedom Cartoonists \u2013 Dessins pour la libert\u00e9 organisiert, besch\u00e4ftigt sich die Ausstellung mit der Tatsache, dass die grundlegenden Werte der Demokratie in der heutigen Welt \u201eradikal infrage gestellt\u201c werden \u2013 ein Thema, das durch knapp 40 Zeichnungen eindr\u00fccklich visualisiert wird.<\/p>\n<p>Die Werke spiegeln wider, wie die Bedeutung des Begriffs \u201eDemokratie\u201c entleert wurde \u2013 wie das Wort selbst seine urspr\u00fcngliche Definition verloren hat. Es wurde \u201ezweckentfremdet, verh\u00f6hnt, neu interpretiert oder ausgenutzt\u201c, so die Caux Initiatives of Change Foundation. Eine Ausstellung, die bewusst fragt: \u201eWelche Demokratie?\u201c \u2013 und dazu aufruft, zu reflektieren, hinzuschauen und nachzudenken.<\/p>\n<p>Was ist aus der Demokratie geworden \u2013 und warum wird sie so missbraucht? Durch die Kraft der Kunst zeigt diese Ausstellung die Realit\u00e4t. Wenn du diesen Sommer in der Schweiz bist, solltest du dir diese eindringliche und hochaktuelle Ausstellung auf keinen Fall entgehen lassen!<\/p>\n                                            <div class=\"highlighted mt-5 mt-lg-6 px-lg-5\">\n                            <p class=\"p1\" style=\"text-align: center;\">\u201eDurch die scharfen, ironischen und teils zynischen Augen dieser beiden K\u00fcnstler*innen vom afrikanischen Kontinent zeigt die Ausstellung Momentaufnahmen europ\u00e4ischer und weltweiter politischer Ereignisse der letzten Jahre.\u201c \u2013 Die Caux Initiatives of Change Foundation.<\/p>\n                        <\/div>\n                                                        <\/div>\n            <\/div>\n        <\/div>\n    <\/section>\n    \n\n    <section id=\"textblock-block_18cea3f4619f5316d3d677e4921ff1fb\" class=\"section position-relative gp-block gp-textblock pt-0 pb-0\">\n        <div class=\"container\">\n            <div class=\"row g-0\">\n                <div class=\"col-lg-12 content\" data-aos=\"fade-in\" data-aos-duration=\"1000\">\n                                                                                <p>&nbsp;<\/p>\n<p>&nbsp;<\/p>\n<p style=\"text-align: center;\"><strong><i>Highlight Image:<br \/>\n\u00a9 Tamara Wyrzykowska for The State Gallery of Art in Sopot.<\/i><\/strong><\/p>\n<div><\/div>\n<div><\/div>\n<p style=\"text-align: center;\"><strong><i><\/i><br \/>\n<\/strong><\/p>\n<p style=\"text-align: center;\">\n                                                        <\/div>\n            <\/div>\n        <\/div>\n    <\/section>\n    ","protected":false},"excerpt":{"rendered":"","protected":false},"author":14,"featured_media":56860,"comment_status":"closed","ping_status":"closed","sticky":false,"template":"","format":"standard","meta":{"_acf_changed":false,"footnotes":""},"categories":[1221,2727],"tags":[5107,10182,2911,10183,3035,10184,10185,10186,2913,10187,10188,9071,2075,10189,10190],"class_list":{"0":"post-56755","1":"post","2":"type-post","3":"status-publish","4":"format-standard","5":"has-post-thumbnail","7":"category-kunst-kultur","8":"category-lifestyle","9":"tag-art-de","10":"tag-art-exhibitions-de","11":"tag-artists","12":"tag-austria-2-de","13":"tag-berlin-2-de","14":"tag-best-exhibitions-about-social-impact-de","15":"tag-democracy-de","16":"tag-europe-de","17":"tag-exhibitions","18":"tag-poland-de","19":"tag-social-impact-de","20":"tag-summer-de","21":"tag-sustainability-de","22":"tag-switzerland-de","23":"tag-tricity-de"},"acf":[],"yoast_head":"<title>Die besten Ausstellungen zum Thema soziale Wirkung in Europa<\/title>\n<meta name=\"description\" content=\"Entdecke diesen Sommer die wichtigsten Kunstausstellungen zum Thema soziale Wirkung in Europa \u2014 von \u00d6sterreich \u00fcber Polen bis in die Schweiz. Diese kraftvollen Ausstellungen solltest du nicht verpassen!\" \/>\n<meta name=\"robots\" content=\"index, follow, max-snippet:-1, max-image-preview:large, max-video-preview:-1\" \/>\n<link rel=\"canonical\" href=\"https:\/\/luxiders.com\/de\/die-besten-ausstellungen-zum-thema-soziale-wirkung-in-europa\/\" \/>\n<meta property=\"og:locale\" content=\"de_DE\" \/>\n<meta property=\"og:type\" content=\"article\" \/>\n<meta property=\"og:title\" content=\"Die besten Ausstellungen zum Thema soziale Wirkung in Europa\" \/>\n<meta property=\"og:description\" content=\"Entdecke diesen Sommer die wichtigsten Kunstausstellungen zum Thema soziale Wirkung in Europa \u2014 von \u00d6sterreich \u00fcber Polen bis in die Schweiz. Diese kraftvollen Ausstellungen solltest du nicht verpassen!\" \/>\n<meta property=\"og:url\" content=\"https:\/\/luxiders.com\/de\/die-besten-ausstellungen-zum-thema-soziale-wirkung-in-europa\/\" \/>\n<meta property=\"og:site_name\" content=\"Sustainable Fashion - Eco Design - Healthy Lifestyle - Luxiders Magazine\" \/>\n<meta property=\"article:published_time\" content=\"2025-07-28T07:01:34+00:00\" \/>\n<meta property=\"article:modified_time\" content=\"2025-07-28T11:53:47+00:00\" \/>\n<meta property=\"og:image\" content=\"https:\/\/luxiders.com\/content\/uploads\/1131730-Edit-2a-luxiders-magazine1.jpg\" \/>\n\t<meta property=\"og:image:width\" content=\"1200\" \/>\n\t<meta property=\"og:image:height\" content=\"800\" \/>\n\t<meta property=\"og:image:type\" content=\"image\/jpeg\" \/>\n<meta name=\"author\" content=\"May Zaben\" \/>\n<meta name=\"twitter:card\" content=\"summary_large_image\" \/>\n<meta name=\"twitter:label1\" content=\"Verfasst von\" \/>\n\t<meta name=\"twitter:data1\" content=\"May Zaben\" \/>\n\t<meta name=\"twitter:label2\" content=\"Gesch\u00e4tzte Lesezeit\" \/>\n\t<meta name=\"twitter:data2\" content=\"4\u00a0Minuten\" \/>\n<script type=\"application\/ld+json\" class=\"yoast-schema-graph\">{\"@context\":\"https:\/\/schema.org\",\"@graph\":[{\"@type\":\"Article\",\"@id\":\"https:\/\/luxiders.com\/de\/die-besten-ausstellungen-zum-thema-soziale-wirkung-in-europa\/#article\",\"isPartOf\":{\"@id\":\"https:\/\/luxiders.com\/de\/die-besten-ausstellungen-zum-thema-soziale-wirkung-in-europa\/\"},\"author\":{\"name\":\"May Zaben\",\"@id\":\"https:\/\/luxiders.com\/de\/#\/schema\/person\/4361f353f4d17bbb50434c29908d1eef\"},\"headline\":\"Die besten Ausstellungen zum Thema soziale Wirkung in Europa\",\"datePublished\":\"2025-07-28T07:01:34+00:00\",\"dateModified\":\"2025-07-28T11:53:47+00:00\",\"mainEntityOfPage\":{\"@id\":\"https:\/\/luxiders.com\/de\/die-besten-ausstellungen-zum-thema-soziale-wirkung-in-europa\/\"},\"wordCount\":9,\"publisher\":{\"@id\":\"https:\/\/luxiders.com\/de\/#organization\"},\"image\":{\"@id\":\"https:\/\/luxiders.com\/de\/die-besten-ausstellungen-zum-thema-soziale-wirkung-in-europa\/#primaryimage\"},\"thumbnailUrl\":\"https:\/\/luxiders.com\/content\/uploads\/1131730-Edit-2a-luxiders-magazine1.jpg\",\"keywords\":[\"art\",\"art exhibitions\",\"Artists\",\"Austria\",\"berlin\",\"best exhibitions about social impact\",\"Democracy\",\"Europe\",\"exhibitions\",\"Poland\",\"Social Impact\",\"Summer\",\"sustainability\",\"switzerland\",\"Tricity\"],\"articleSection\":[\"Kunst\/Kultur\",\"lifestyle\"],\"inLanguage\":\"de\"},{\"@type\":\"WebPage\",\"@id\":\"https:\/\/luxiders.com\/de\/die-besten-ausstellungen-zum-thema-soziale-wirkung-in-europa\/\",\"url\":\"https:\/\/luxiders.com\/de\/die-besten-ausstellungen-zum-thema-soziale-wirkung-in-europa\/\",\"name\":\"Die besten Ausstellungen zum Thema soziale Wirkung in Europa\",\"isPartOf\":{\"@id\":\"https:\/\/luxiders.com\/de\/#website\"},\"primaryImageOfPage\":{\"@id\":\"https:\/\/luxiders.com\/de\/die-besten-ausstellungen-zum-thema-soziale-wirkung-in-europa\/#primaryimage\"},\"image\":{\"@id\":\"https:\/\/luxiders.com\/de\/die-besten-ausstellungen-zum-thema-soziale-wirkung-in-europa\/#primaryimage\"},\"thumbnailUrl\":\"https:\/\/luxiders.com\/content\/uploads\/1131730-Edit-2a-luxiders-magazine1.jpg\",\"datePublished\":\"2025-07-28T07:01:34+00:00\",\"dateModified\":\"2025-07-28T11:53:47+00:00\",\"description\":\"Entdecke diesen Sommer die wichtigsten Kunstausstellungen zum Thema soziale Wirkung in Europa \u2014 von \u00d6sterreich \u00fcber Polen bis in die Schweiz. Diese kraftvollen Ausstellungen solltest du nicht verpassen!\",\"breadcrumb\":{\"@id\":\"https:\/\/luxiders.com\/de\/die-besten-ausstellungen-zum-thema-soziale-wirkung-in-europa\/#breadcrumb\"},\"inLanguage\":\"de\",\"potentialAction\":[{\"@type\":\"ReadAction\",\"target\":[\"https:\/\/luxiders.com\/de\/die-besten-ausstellungen-zum-thema-soziale-wirkung-in-europa\/\"]}]},{\"@type\":\"ImageObject\",\"inLanguage\":\"de\",\"@id\":\"https:\/\/luxiders.com\/de\/die-besten-ausstellungen-zum-thema-soziale-wirkung-in-europa\/#primaryimage\",\"url\":\"https:\/\/luxiders.com\/content\/uploads\/1131730-Edit-2a-luxiders-magazine1.jpg\",\"contentUrl\":\"https:\/\/luxiders.com\/content\/uploads\/1131730-Edit-2a-luxiders-magazine1.jpg\",\"width\":1200,\"height\":800,\"caption\":\"\u00a9 Tamara Wyrzykowska for The State Gallery of Art in Sopot\"},{\"@type\":\"BreadcrumbList\",\"@id\":\"https:\/\/luxiders.com\/de\/die-besten-ausstellungen-zum-thema-soziale-wirkung-in-europa\/#breadcrumb\",\"itemListElement\":[{\"@type\":\"ListItem\",\"position\":1,\"name\":\"Startseite\",\"item\":\"https:\/\/luxiders.com\/de\/\"},{\"@type\":\"ListItem\",\"position\":2,\"name\":\"Kunst\/Kultur\",\"item\":\"https:\/\/luxiders.com\/de\/Katregorie\/kunst-kultur\/\"},{\"@type\":\"ListItem\",\"position\":3,\"name\":\"Die besten Ausstellungen zum Thema soziale Wirkung in Europa\"}]},{\"@type\":\"WebSite\",\"@id\":\"https:\/\/luxiders.com\/de\/#website\",\"url\":\"https:\/\/luxiders.com\/de\/\",\"name\":\"Sustainable Fashion - Eco Design - Healthy Lifestyle - Luxiders Magazine\",\"description\":\"Luxiders is a sustainable luxury magazine highlighting the best stories about sustainable fashion, ethical fashion, eco-friendly design, green design, sustainable travel, natural beauty, organic beauty and healthy lifestyle. Know the best high-end, progressive and luxury sustainable brands and designers worldwide.\",\"publisher\":{\"@id\":\"https:\/\/luxiders.com\/de\/#organization\"},\"potentialAction\":[{\"@type\":\"SearchAction\",\"target\":{\"@type\":\"EntryPoint\",\"urlTemplate\":\"https:\/\/luxiders.com\/de\/?s={search_term_string}\"},\"query-input\":{\"@type\":\"PropertyValueSpecification\",\"valueRequired\":true,\"valueName\":\"search_term_string\"}}],\"inLanguage\":\"de\"},{\"@type\":\"Organization\",\"@id\":\"https:\/\/luxiders.com\/de\/#organization\",\"name\":\"Sustainable Fashion - Eco Design - Healthy Lifestyle - Luxiders Magazine\",\"url\":\"https:\/\/luxiders.com\/de\/\",\"logo\":{\"@type\":\"ImageObject\",\"inLanguage\":\"de\",\"@id\":\"https:\/\/luxiders.com\/de\/#\/schema\/logo\/image\/\",\"url\":\"https:\/\/luxiders.com\/content\/uploads\/lux-logo.svg\",\"contentUrl\":\"https:\/\/luxiders.com\/content\/uploads\/lux-logo.svg\",\"caption\":\"Sustainable Fashion - Eco Design - Healthy Lifestyle - Luxiders Magazine\"},\"image\":{\"@id\":\"https:\/\/luxiders.com\/de\/#\/schema\/logo\/image\/\"}},{\"@type\":\"Person\",\"@id\":\"https:\/\/luxiders.com\/de\/#\/schema\/person\/4361f353f4d17bbb50434c29908d1eef\",\"name\":\"May Zaben\",\"url\":\"https:\/\/luxiders.com\/de\/author\/may\/\"}]}<\/script>","yoast_head_json":{"title":"Die besten Ausstellungen zum Thema soziale Wirkung in Europa","description":"Entdecke diesen Sommer die wichtigsten Kunstausstellungen zum Thema soziale Wirkung in Europa \u2014 von \u00d6sterreich \u00fcber Polen bis in die Schweiz. Diese kraftvollen Ausstellungen solltest du nicht verpassen!","robots":{"index":"index","follow":"follow","max-snippet":"max-snippet:-1","max-image-preview":"max-image-preview:large","max-video-preview":"max-video-preview:-1"},"canonical":"https:\/\/luxiders.com\/de\/die-besten-ausstellungen-zum-thema-soziale-wirkung-in-europa\/","og_locale":"de_DE","og_type":"article","og_title":"Die besten Ausstellungen zum Thema soziale Wirkung in Europa","og_description":"Entdecke diesen Sommer die wichtigsten Kunstausstellungen zum Thema soziale Wirkung in Europa \u2014 von \u00d6sterreich \u00fcber Polen bis in die Schweiz. Diese kraftvollen Ausstellungen solltest du nicht verpassen!","og_url":"https:\/\/luxiders.com\/de\/die-besten-ausstellungen-zum-thema-soziale-wirkung-in-europa\/","og_site_name":"Sustainable Fashion - Eco Design - Healthy Lifestyle - Luxiders Magazine","article_published_time":"2025-07-28T07:01:34+00:00","article_modified_time":"2025-07-28T11:53:47+00:00","og_image":[{"width":1200,"height":800,"url":"https:\/\/luxiders.com\/content\/uploads\/1131730-Edit-2a-luxiders-magazine1.jpg","type":"image\/jpeg"}],"author":"May Zaben","twitter_card":"summary_large_image","twitter_misc":{"Verfasst von":"May Zaben","Gesch\u00e4tzte Lesezeit":"4\u00a0Minuten"},"schema":{"@context":"https:\/\/schema.org","@graph":[{"@type":"Article","@id":"https:\/\/luxiders.com\/de\/die-besten-ausstellungen-zum-thema-soziale-wirkung-in-europa\/#article","isPartOf":{"@id":"https:\/\/luxiders.com\/de\/die-besten-ausstellungen-zum-thema-soziale-wirkung-in-europa\/"},"author":{"name":"May Zaben","@id":"https:\/\/luxiders.com\/de\/#\/schema\/person\/4361f353f4d17bbb50434c29908d1eef"},"headline":"Die besten Ausstellungen zum Thema soziale Wirkung in Europa","datePublished":"2025-07-28T07:01:34+00:00","dateModified":"2025-07-28T11:53:47+00:00","mainEntityOfPage":{"@id":"https:\/\/luxiders.com\/de\/die-besten-ausstellungen-zum-thema-soziale-wirkung-in-europa\/"},"wordCount":9,"publisher":{"@id":"https:\/\/luxiders.com\/de\/#organization"},"image":{"@id":"https:\/\/luxiders.com\/de\/die-besten-ausstellungen-zum-thema-soziale-wirkung-in-europa\/#primaryimage"},"thumbnailUrl":"https:\/\/luxiders.com\/content\/uploads\/1131730-Edit-2a-luxiders-magazine1.jpg","keywords":["art","art exhibitions","Artists","Austria","berlin","best exhibitions about social impact","Democracy","Europe","exhibitions","Poland","Social Impact","Summer","sustainability","switzerland","Tricity"],"articleSection":["Kunst\/Kultur","lifestyle"],"inLanguage":"de"},{"@type":"WebPage","@id":"https:\/\/luxiders.com\/de\/die-besten-ausstellungen-zum-thema-soziale-wirkung-in-europa\/","url":"https:\/\/luxiders.com\/de\/die-besten-ausstellungen-zum-thema-soziale-wirkung-in-europa\/","name":"Die besten Ausstellungen zum Thema soziale Wirkung in Europa","isPartOf":{"@id":"https:\/\/luxiders.com\/de\/#website"},"primaryImageOfPage":{"@id":"https:\/\/luxiders.com\/de\/die-besten-ausstellungen-zum-thema-soziale-wirkung-in-europa\/#primaryimage"},"image":{"@id":"https:\/\/luxiders.com\/de\/die-besten-ausstellungen-zum-thema-soziale-wirkung-in-europa\/#primaryimage"},"thumbnailUrl":"https:\/\/luxiders.com\/content\/uploads\/1131730-Edit-2a-luxiders-magazine1.jpg","datePublished":"2025-07-28T07:01:34+00:00","dateModified":"2025-07-28T11:53:47+00:00","description":"Entdecke diesen Sommer die wichtigsten Kunstausstellungen zum Thema soziale Wirkung in Europa \u2014 von \u00d6sterreich \u00fcber Polen bis in die Schweiz. Diese kraftvollen Ausstellungen solltest du nicht verpassen!","breadcrumb":{"@id":"https:\/\/luxiders.com\/de\/die-besten-ausstellungen-zum-thema-soziale-wirkung-in-europa\/#breadcrumb"},"inLanguage":"de","potentialAction":[{"@type":"ReadAction","target":["https:\/\/luxiders.com\/de\/die-besten-ausstellungen-zum-thema-soziale-wirkung-in-europa\/"]}]},{"@type":"ImageObject","inLanguage":"de","@id":"https:\/\/luxiders.com\/de\/die-besten-ausstellungen-zum-thema-soziale-wirkung-in-europa\/#primaryimage","url":"https:\/\/luxiders.com\/content\/uploads\/1131730-Edit-2a-luxiders-magazine1.jpg","contentUrl":"https:\/\/luxiders.com\/content\/uploads\/1131730-Edit-2a-luxiders-magazine1.jpg","width":1200,"height":800,"caption":"\u00a9 Tamara Wyrzykowska for The State Gallery of Art in Sopot"},{"@type":"BreadcrumbList","@id":"https:\/\/luxiders.com\/de\/die-besten-ausstellungen-zum-thema-soziale-wirkung-in-europa\/#breadcrumb","itemListElement":[{"@type":"ListItem","position":1,"name":"Startseite","item":"https:\/\/luxiders.com\/de\/"},{"@type":"ListItem","position":2,"name":"Kunst\/Kultur","item":"https:\/\/luxiders.com\/de\/Katregorie\/kunst-kultur\/"},{"@type":"ListItem","position":3,"name":"Die besten Ausstellungen zum Thema soziale Wirkung in Europa"}]},{"@type":"WebSite","@id":"https:\/\/luxiders.com\/de\/#website","url":"https:\/\/luxiders.com\/de\/","name":"Sustainable Fashion - Eco Design - Healthy Lifestyle - Luxiders Magazine","description":"Luxiders is a sustainable luxury magazine highlighting the best stories about sustainable fashion, ethical fashion, eco-friendly design, green design, sustainable travel, natural beauty, organic beauty and healthy lifestyle. Know the best high-end, progressive and luxury sustainable brands and designers worldwide.","publisher":{"@id":"https:\/\/luxiders.com\/de\/#organization"},"potentialAction":[{"@type":"SearchAction","target":{"@type":"EntryPoint","urlTemplate":"https:\/\/luxiders.com\/de\/?s={search_term_string}"},"query-input":{"@type":"PropertyValueSpecification","valueRequired":true,"valueName":"search_term_string"}}],"inLanguage":"de"},{"@type":"Organization","@id":"https:\/\/luxiders.com\/de\/#organization","name":"Sustainable Fashion - Eco Design - Healthy Lifestyle - Luxiders Magazine","url":"https:\/\/luxiders.com\/de\/","logo":{"@type":"ImageObject","inLanguage":"de","@id":"https:\/\/luxiders.com\/de\/#\/schema\/logo\/image\/","url":"https:\/\/luxiders.com\/content\/uploads\/lux-logo.svg","contentUrl":"https:\/\/luxiders.com\/content\/uploads\/lux-logo.svg","caption":"Sustainable Fashion - Eco Design - Healthy Lifestyle - Luxiders Magazine"},"image":{"@id":"https:\/\/luxiders.com\/de\/#\/schema\/logo\/image\/"}},{"@type":"Person","@id":"https:\/\/luxiders.com\/de\/#\/schema\/person\/4361f353f4d17bbb50434c29908d1eef","name":"May Zaben","url":"https:\/\/luxiders.com\/de\/author\/may\/"}]}},"_links":{"self":[{"href":"https:\/\/luxiders.com\/de\/wp-json\/wp\/v2\/posts\/56755","targetHints":{"allow":["GET"]}}],"collection":[{"href":"https:\/\/luxiders.com\/de\/wp-json\/wp\/v2\/posts"}],"about":[{"href":"https:\/\/luxiders.com\/de\/wp-json\/wp\/v2\/types\/post"}],"author":[{"embeddable":true,"href":"https:\/\/luxiders.com\/de\/wp-json\/wp\/v2\/users\/14"}],"replies":[{"embeddable":true,"href":"https:\/\/luxiders.com\/de\/wp-json\/wp\/v2\/comments?post=56755"}],"version-history":[{"count":3,"href":"https:\/\/luxiders.com\/de\/wp-json\/wp\/v2\/posts\/56755\/revisions"}],"predecessor-version":[{"id":57064,"href":"https:\/\/luxiders.com\/de\/wp-json\/wp\/v2\/posts\/56755\/revisions\/57064"}],"wp:featuredmedia":[{"embeddable":true,"href":"https:\/\/luxiders.com\/de\/wp-json\/wp\/v2\/media\/56860"}],"wp:attachment":[{"href":"https:\/\/luxiders.com\/de\/wp-json\/wp\/v2\/media?parent=56755"}],"wp:term":[{"taxonomy":"category","embeddable":true,"href":"https:\/\/luxiders.com\/de\/wp-json\/wp\/v2\/categories?post=56755"},{"taxonomy":"post_tag","embeddable":true,"href":"https:\/\/luxiders.com\/de\/wp-json\/wp\/v2\/tags?post=56755"}],"curies":[{"name":"wp","href":"https:\/\/api.w.org\/{rel}","templated":true}]}}