{"id":58394,"date":"2025-10-16T14:24:03","date_gmt":"2025-10-16T12:24:03","guid":{"rendered":"https:\/\/luxiders.com\/?p=58394"},"modified":"2025-10-19T18:40:43","modified_gmt":"2025-10-19T16:40:43","slug":"efimera-der-neue-zeitgenoessische-kunstraum-der-nachhaltigkeit-und-zeit-in-murcia-neu-definiert","status":"publish","type":"post","link":"https:\/\/luxiders.com\/de\/efimera-der-neue-zeitgenoessische-kunstraum-der-nachhaltigkeit-und-zeit-in-murcia-neu-definiert\/","title":{"rendered":"Ef\u00edmera: Der neue zeitgen\u00f6ssische Kunstraum, der Nachhaltigkeit und Zeit in Murcia neu definiert"},"content":{"rendered":"    <section id=\"textblock-block_e9c22dd3d629c0dc7825d331cef6d05c\" class=\"section position-relative gp-block gp-textblock pt-0 pb-0\">\n        <div class=\"container\">\n            <div class=\"row g-0\">\n                <div class=\"col-lg-12 content\" data-aos=\"fade-in\" data-aos-duration=\"1000\">\n                                                                                    <div class=\"intro \">\n                            <p class=\"p1\" style=\"text-align: center;\">Murcia hat einen neuen Puls im kulturellen Herzen. Am 3. Oktober \u00f6ffnete Ef\u00edmera seine T\u00fcren \u2013 mehr als nur eine Kunstgalerie, entstand ein lebendiger Organismus, in dem sich Schaffen, Denken und Experimentieren verweben. Gegr\u00fcndet und geleitet von Bel\u00e9n Vera, m\u00f6chte dieser zeitgen\u00f6ssische Kunstraum das Tempo k\u00fcnstlerischer Produktion verlangsamen und nachhaltige Beziehungen zwischen K\u00fcnstler:innen, Publikum und lokalem Kontext f\u00f6rdern.<\/p>\n                        <\/div>\n                                                                                                <\/div>\n            <\/div>\n        <\/div>\n    <\/section>\n    \n\n    <section id=\"newsletter-block_ad50ef974311fdb61a7731da8752f4e8\" class=\"section position-relative gp-block gp-newsletter pt-0 pb-0 my-5\">\n        <div class=\"container\">\n            <div class=\"row g-0 pt-4 pb-3\">\n                <div class=\"col-lg-12 content text-center border pt-3\" data-aos=\"fade-in\" data-aos-duration=\"1000\">\n                                            <p><em>Um den Luxiders Newsletter zu erhalten,\u00a0<a href=\"https:\/\/landing.mailerlite.com\/webforms\/landing\/g1u8s7\">melde dich hier an<\/a>.<\/em><\/p>\n                                    <\/div>\n            <\/div>\n        <\/div>\n    <\/section>\n    \n\n    <section id=\"textblock-block_8955bf5c1ba3849433b41484ca397177\" class=\"section position-relative gp-block gp-textblock pt-5 pb-5\">\n        <div class=\"container\">\n            <div class=\"row g-0\">\n                <div class=\"col-lg-12 content\" data-aos=\"fade-in\" data-aos-duration=\"1000\">\n                                                                        <h2 class=\"\"><p class=\"p1\">Ein Labor des Verg\u00e4nglichen\n<\/h2>\n                                                                                                        <p class=\"p1\">Ef\u00edmeras Er\u00f6ffnungsprogramm \u2014 zu sehen bis zum 19. Dezember \u2014 pr\u00e4sentiert zwei Ausstellungen, die \u00fcber Materie, Erinnerung und Transformation miteinander in Dialog treten. <i>El arte de lo ef\u00edmero. Gotas de eternidad<\/i> vereint die lokalen K\u00fcnstler:innen Pilar Acosta, Iv\u00e1n Arana, Mario Rubio und Paco Vivo in einer Meditation \u00fcber Materialit\u00e4t als Form von Widerstand und Erinnerung. Jede:r von ihnen erforscht den Dialog zwischen Sch\u00f6pfung und Verfall in einer eigenen k\u00fcnstlerischen Sprache: Acostas hybride Werke verbinden Malerei und Skulptur unter Verwendung maritimer R\u00fcckst\u00e4nde; Arana untersucht K\u00f6rper und Begehren durch Druckgrafik und Installation; Rubios \u201eSpielzeuge des Anthropoz\u00e4ns\u201c erwecken das poetische Potenzial verworfener Materie zu neuem Leben; und Vivo vereint das Nat\u00fcrliche und das K\u00fcnstliche in abstrakten Gesten, die ins Spirituelle \u00fcbergehen.<\/p>\n<p class=\"p1\">Die Ausstellung wird von einem kuratorischen Text des Schriftstellers Alejandro Hermosilla begleitet, dessen literarische Reflexion die Werke mit philosophischer Pr\u00e4zision kontextualisiert. Ausz\u00fcge seines Essays erscheinen in der ersten Ausgabe von <i>XYZ<\/i>, die hier gelesen werden kann.<\/p>\n<p class=\"p1\">Parallel dazu pr\u00e4sentiert der Designer Diego Liz\u00e1n <i>Mirar atr\u00e1s. Seguir adelante<\/i> \u2014 eine Ausstellung, die den kreativen Prozess hinter Ef\u00edmeras visueller Identit\u00e4t offenlegt: ein offenes, wandelbares System, inspiriert von den typografischen Experimenten Herb Lubalins und der Avantgarde-\u00c4sthetik der 1960er Jahre. Liz\u00e1ns Design ist zugleich grafisch und symbolisch und verk\u00f6rpert Ef\u00edmeras Ethos st\u00e4ndiger Transformation.<\/p>\n                                            <div class=\"highlighted mt-5 mt-lg-6 px-lg-5\">\n                            <p class=\"p1\" style=\"text-align: center;\">F\u00fcr Bel\u00e9n Vera, Gr\u00fcnderin von Ef\u00edmera, beginnt Nachhaltigkeit mit Rhythmus und Achtsamkeit: \u201eBei Ef\u00edmera arbeiten wir aus einer Haltung des Zuh\u00f6rens heraus, aber auch mit einem Bewusstsein f\u00fcr unsere Verantwortung gegen\u00fcber dem Kontext. Jedes Projekt entsteht mit Bedacht \u2013 mit Aufmerksamkeit f\u00fcr Zeit, Menschen und Ressourcen. Es geht nicht nur darum, \u00fcber Umwelt zu sprechen oder recycelte Materialien zu verwenden, sondern dieses Bewusstsein in unsere Arbeitsweise zu integrieren: wie wir K\u00fcnstler:innen ausw\u00e4hlen, wie wir produzieren und wie wir den Raum bewohnen.\u201c<\/p>\n                        <\/div>\n                                                        <\/div>\n            <\/div>\n        <\/div>\n    <\/section>\n    \n\n    <section id=\"media-block_f3c0efbfae153261b4161d2202df1713\" class=\"section position-relative gp-block gp-media pt-5 pb-5\">\n        <div class=\"container\">\n            <div class=\"row g-0\">\n                <div class=\"col-lg-12 content\" data-aos=\"fade-in\" data-aos-duration=\"1000\">\n                                                                            <\/div>\n            <\/div>\n            <div class=\"row g-0\">\n                <div class=\"col-lg-6 \">\n                                                                                                                                                <figure class=\"mb-4 pt-lg-0 mb-lg-0 ps-lg-3 pe-lg-8\" data-aos=\"fade-up\" data-aos-duration=\"1000\"><div class=\"img-container\"><img loading=\"lazy\" decoding=\"async\" width=\"1200\" height=\"800\" src=\"https:\/\/luxiders.com\/content\/uploads\/Efimera.-Vista-exposicion.-Pilar-Acosta-Paco-Vivo\u00a9PilarMorales34.jpeg\" class=\"img-fluid w-100\" alt=\"\" srcset=\"https:\/\/luxiders.com\/content\/uploads\/Efimera.-Vista-exposicion.-Pilar-Acosta-Paco-Vivo\u00a9PilarMorales34.jpeg 1200w, https:\/\/luxiders.com\/content\/uploads\/Efimera.-Vista-exposicion.-Pilar-Acosta-Paco-Vivo\u00a9PilarMorales34-300x200.jpeg 300w, https:\/\/luxiders.com\/content\/uploads\/Efimera.-Vista-exposicion.-Pilar-Acosta-Paco-Vivo\u00a9PilarMorales34-1024x683.jpeg 1024w, https:\/\/luxiders.com\/content\/uploads\/Efimera.-Vista-exposicion.-Pilar-Acosta-Paco-Vivo\u00a9PilarMorales34-768x512.jpeg 768w\" sizes=\"(max-width: 1200px) 100vw, 1200px\" \/><\/div><\/figure>                                                                                            <\/div>\n                                    <div class=\"col-lg-6\">\n                                                                                                                                                        <figure class=\"mb-4 pt-lg-4 mb-lg-5 ps-lg-0 pe-lg-0\" data-aos=\"fade-up\" data-aos-duration=\"1000\"><div class=\"img-container\"><img loading=\"lazy\" decoding=\"async\" width=\"1200\" height=\"800\" src=\"https:\/\/luxiders.com\/content\/uploads\/Efimera.-Vista-exposicion.-Mario-Rubio\u00a9PilarMorales19.jpeg\" class=\"img-fluid w-100\" alt=\"\" srcset=\"https:\/\/luxiders.com\/content\/uploads\/Efimera.-Vista-exposicion.-Mario-Rubio\u00a9PilarMorales19.jpeg 1200w, https:\/\/luxiders.com\/content\/uploads\/Efimera.-Vista-exposicion.-Mario-Rubio\u00a9PilarMorales19-300x200.jpeg 300w, https:\/\/luxiders.com\/content\/uploads\/Efimera.-Vista-exposicion.-Mario-Rubio\u00a9PilarMorales19-1024x683.jpeg 1024w, https:\/\/luxiders.com\/content\/uploads\/Efimera.-Vista-exposicion.-Mario-Rubio\u00a9PilarMorales19-768x512.jpeg 768w\" sizes=\"(max-width: 1200px) 100vw, 1200px\" \/><\/div><\/figure>                                                                                                        <\/div>\n                                            <\/div>\n        <\/div>\n    <\/section>\n    \n\n    <section id=\"media-block_9e757e72c565f93dae3c830b51998f78\" class=\"section position-relative gp-block gp-media pt-5 pb-5\">\n        <div class=\"container\">\n            <div class=\"row g-0\">\n                <div class=\"col-lg-12 content\" data-aos=\"fade-in\" data-aos-duration=\"1000\">\n                                                                            <\/div>\n            <\/div>\n            <div class=\"row g-0\">\n                <div class=\"col-lg-12 img-scaled\">\n                                                                                                                                                <figure class=\"mb-4 pt-lg-0 mb-lg-0 ps-lg-0 pe-lg-0\" data-aos=\"fade-up\" data-aos-duration=\"1000\"><div class=\"img-container\"><img loading=\"lazy\" decoding=\"async\" width=\"1200\" height=\"800\" src=\"https:\/\/luxiders.com\/content\/uploads\/Efimera.-Diego-Lizan\u00a9PilarMorales3.jpeg\" class=\"img-fluid w-100\" alt=\"\" srcset=\"https:\/\/luxiders.com\/content\/uploads\/Efimera.-Diego-Lizan\u00a9PilarMorales3.jpeg 1200w, https:\/\/luxiders.com\/content\/uploads\/Efimera.-Diego-Lizan\u00a9PilarMorales3-300x200.jpeg 300w, https:\/\/luxiders.com\/content\/uploads\/Efimera.-Diego-Lizan\u00a9PilarMorales3-1024x683.jpeg 1024w, https:\/\/luxiders.com\/content\/uploads\/Efimera.-Diego-Lizan\u00a9PilarMorales3-768x512.jpeg 768w\" sizes=\"(max-width: 1200px) 100vw, 1200px\" \/><\/div><\/figure>                                                                                            <\/div>\n                                            <\/div>\n        <\/div>\n    <\/section>\n    \n\n    <section id=\"media-block_41b186299358082864e8cc359aee9407\" class=\"section position-relative gp-block gp-media pt-5 pb-5\">\n        <div class=\"container\">\n            <div class=\"row g-0\">\n                <div class=\"col-lg-12 content\" data-aos=\"fade-in\" data-aos-duration=\"1000\">\n                                                                            <\/div>\n            <\/div>\n            <div class=\"row g-0\">\n                <div class=\"col-lg-6 \">\n                                                                                                                                                <figure class=\"mb-4 pt-lg-0 mb-lg-3 ps-lg-0 pe-lg-4\" data-aos=\"fade-up\" data-aos-duration=\"1000\"><div class=\"img-container\"><img loading=\"lazy\" decoding=\"async\" width=\"1200\" height=\"800\" src=\"https:\/\/luxiders.com\/content\/uploads\/Efimera.-Ivan-Arana-\u00a9PilarMorales14.jpeg\" class=\"img-fluid w-100\" alt=\"\" srcset=\"https:\/\/luxiders.com\/content\/uploads\/Efimera.-Ivan-Arana-\u00a9PilarMorales14.jpeg 1200w, https:\/\/luxiders.com\/content\/uploads\/Efimera.-Ivan-Arana-\u00a9PilarMorales14-300x200.jpeg 300w, https:\/\/luxiders.com\/content\/uploads\/Efimera.-Ivan-Arana-\u00a9PilarMorales14-1024x683.jpeg 1024w, https:\/\/luxiders.com\/content\/uploads\/Efimera.-Ivan-Arana-\u00a9PilarMorales14-768x512.jpeg 768w\" sizes=\"(max-width: 1200px) 100vw, 1200px\" \/><\/div><\/figure>                                                                                            <\/div>\n                                    <div class=\"col-lg-6\">\n                                                                                                                                                        <figure class=\"mb-4 pt-lg-5 mb-lg-5 ps-lg-5 pe-lg-5\" data-aos=\"fade-up\" data-aos-duration=\"1000\"><div class=\"img-container\"><img loading=\"lazy\" decoding=\"async\" width=\"1200\" height=\"800\" src=\"https:\/\/luxiders.com\/content\/uploads\/Efimera.-Ivan-Arana\u00a9PilarMorales3.jpeg\" class=\"img-fluid w-100\" alt=\"\" srcset=\"https:\/\/luxiders.com\/content\/uploads\/Efimera.-Ivan-Arana\u00a9PilarMorales3.jpeg 1200w, https:\/\/luxiders.com\/content\/uploads\/Efimera.-Ivan-Arana\u00a9PilarMorales3-300x200.jpeg 300w, https:\/\/luxiders.com\/content\/uploads\/Efimera.-Ivan-Arana\u00a9PilarMorales3-1024x683.jpeg 1024w, https:\/\/luxiders.com\/content\/uploads\/Efimera.-Ivan-Arana\u00a9PilarMorales3-768x512.jpeg 768w\" sizes=\"(max-width: 1200px) 100vw, 1200px\" \/><\/div><\/figure>                                                                                                        <\/div>\n                                            <\/div>\n        <\/div>\n    <\/section>\n    \n\n    <section id=\"media-block_d57d5a2a30b924d538574d86300075ae\" class=\"section position-relative gp-block gp-media pt-5 pb-5\">\n        <div class=\"container\">\n            <div class=\"row g-0\">\n                <div class=\"col-lg-12 content\" data-aos=\"fade-in\" data-aos-duration=\"1000\">\n                                                                            <\/div>\n            <\/div>\n            <div class=\"row g-0\">\n                <div class=\"col-lg-6 \">\n                                                                                                                                                <figure class=\"mb-4 pt-lg-0 mb-lg-5 ps-lg-0 pe-lg-0\" data-aos=\"fade-up\" data-aos-duration=\"1000\"><div class=\"img-container\"><img loading=\"lazy\" decoding=\"async\" width=\"1200\" height=\"800\" src=\"https:\/\/luxiders.com\/content\/uploads\/Efimera.-Vista-exposicion-\u00a9PilarMorales16.jpeg\" class=\"img-fluid w-100\" alt=\"\" srcset=\"https:\/\/luxiders.com\/content\/uploads\/Efimera.-Vista-exposicion-\u00a9PilarMorales16.jpeg 1200w, https:\/\/luxiders.com\/content\/uploads\/Efimera.-Vista-exposicion-\u00a9PilarMorales16-300x200.jpeg 300w, https:\/\/luxiders.com\/content\/uploads\/Efimera.-Vista-exposicion-\u00a9PilarMorales16-1024x683.jpeg 1024w, https:\/\/luxiders.com\/content\/uploads\/Efimera.-Vista-exposicion-\u00a9PilarMorales16-768x512.jpeg 768w\" sizes=\"(max-width: 1200px) 100vw, 1200px\" \/><\/div><\/figure>                                                                                            <\/div>\n                                    <div class=\"col-lg-6\">\n                                                                                                                                                        <figure class=\"mb-4 pt-lg-8 mb-lg-5 ps-lg-0 pe-lg-0\" data-aos=\"fade-up\" data-aos-duration=\"1000\"><div class=\"img-container\"><img loading=\"lazy\" decoding=\"async\" width=\"1200\" height=\"800\" src=\"https:\/\/luxiders.com\/content\/uploads\/Efimera.-Vista-exposicion-\u00a9PilarMorales22.jpeg\" class=\"img-fluid w-100\" alt=\"\" srcset=\"https:\/\/luxiders.com\/content\/uploads\/Efimera.-Vista-exposicion-\u00a9PilarMorales22.jpeg 1200w, https:\/\/luxiders.com\/content\/uploads\/Efimera.-Vista-exposicion-\u00a9PilarMorales22-300x200.jpeg 300w, https:\/\/luxiders.com\/content\/uploads\/Efimera.-Vista-exposicion-\u00a9PilarMorales22-1024x683.jpeg 1024w, https:\/\/luxiders.com\/content\/uploads\/Efimera.-Vista-exposicion-\u00a9PilarMorales22-768x512.jpeg 768w\" sizes=\"(max-width: 1200px) 100vw, 1200px\" \/><\/div><\/figure>                                                                                                        <\/div>\n                                            <\/div>\n        <\/div>\n    <\/section>\n    \n\n    <section id=\"textblock-block_ffe15ec761ec97e50f3c48aa102d54e3\" class=\"section position-relative gp-block gp-textblock pt-0 pb-0\">\n        <div class=\"container\">\n            <div class=\"row g-0\">\n                <div class=\"col-lg-12 content\" data-aos=\"fade-in\" data-aos-duration=\"1000\">\n                                                                        <h2 class=\"\"><p class=\"p1\">Der Raum als Erfahrung\n<\/h2>\n                                                                                                        <p class=\"p1\">Ef\u00edmera ist als Zufluchtsort f\u00fcr zeitgen\u00f6ssisches Schaffen gedacht \u2013 ein Ort, an dem Kunst nicht nur gezeigt, sondern gelebt wird. Die Architektin Mar\u00eda Jos\u00e9 Climent wirkte an der Gestaltung eines flexiblen, lebendigen Raums mit, der sich den k\u00fcnstlerischen Prozessen anpasst, anstatt sie einzuengen. Auch die Musik spielt eine zentrale Rolle: Jedes Trimester kuratiert der Soundk\u00fcnstler Javi Botella eine Klanglandschaft, die mit den Ausstellungen in Dialog tritt. In dieser ersten Saison wird der Raum von einem Soundst\u00fcck der K\u00fcnstlerin Susana L\u00f3pez erf\u00fcllt sein, das w\u00e4hrend des gesamten Programms live aufgef\u00fchrt wird.<\/p>\n<p class=\"p1\">Ef\u00edmeras Ansatz versteht Kunst als R\u00fcckgewinnung von Langsamkeit und Pr\u00e4senz \u2013 als politische Geste. Seine kuratorische Linie wurzelt in \u00f6kologischem Bewusstsein, k\u00fcnstlerischer Integrit\u00e4t und dem poetischen Wert der Zeit \u2013 und schl\u00e4gt ein Nachhaltigkeitsmodell vor, das nicht bei Materialien beginnt, sondern bei Beziehungen.<\/p>\n                                            <div class=\"highlighted mt-5 mt-lg-6 px-lg-5\">\n                            <p class=\"p1\" style=\"text-align: center;\">\u201eMich interessiert Kunst als ein Ort der Begegnung, an dem echte Gespr\u00e4che stattfinden und Beziehungen entstehen k\u00f6nnen, die uns helfen, die Welt anders zu bewohnen. Jedes Projekt, so klein es auch ist, kann unsere Beziehung zur Umgebung und zu anderen verwandeln. In dieser Geste, in dieser Art des Daseins \u2026\u201c \u2013 Bel\u00e9n Vera, Gr\u00fcnderin von Ef\u00edmera.<\/p>\n                        <\/div>\n                                                        <\/div>\n            <\/div>\n        <\/div>\n    <\/section>\n    \n\n    <section id=\"media-block_66e0a9d60b33787018cae70893ea491b\" class=\"section position-relative gp-block gp-media pt-5 pb-5\">\n        <div class=\"container\">\n            <div class=\"row g-0\">\n                <div class=\"col-lg-12 content\" data-aos=\"fade-in\" data-aos-duration=\"1000\">\n                                                                            <\/div>\n            <\/div>\n            <div class=\"row g-0\">\n                <div class=\"col-lg-6 \">\n                                                                                                                                                <figure class=\"mb-4 pt-lg-0 mb-lg-0 ps-lg-0 pe-lg-0\" data-aos=\"fade-up\" data-aos-duration=\"1000\"><div class=\"img-container\"><img loading=\"lazy\" decoding=\"async\" width=\"1200\" height=\"1534\" src=\"https:\/\/luxiders.com\/content\/uploads\/Efimera-luxiders-magazine-Ivan-Arana2.jpeg\" class=\"img-fluid w-100\" alt=\"Iv\u00e1n Arana Artwork\" srcset=\"https:\/\/luxiders.com\/content\/uploads\/Efimera-luxiders-magazine-Ivan-Arana2.jpeg 1200w, https:\/\/luxiders.com\/content\/uploads\/Efimera-luxiders-magazine-Ivan-Arana2-235x300.jpeg 235w, https:\/\/luxiders.com\/content\/uploads\/Efimera-luxiders-magazine-Ivan-Arana2-801x1024.jpeg 801w, https:\/\/luxiders.com\/content\/uploads\/Efimera-luxiders-magazine-Ivan-Arana2-768x982.jpeg 768w\" sizes=\"(max-width: 1200px) 100vw, 1200px\" \/><\/div><figcaption>\u00a9 Iv\u00e1n Arana<\/figcaption><\/figure>                                                                                            <\/div>\n                                    <div class=\"col-lg-6\">\n                                                                                                                                                        <figure class=\"mb-4 pt-lg-0 mb-lg-0 ps-lg-5 pe-lg-4\" data-aos=\"fade-up\" data-aos-duration=\"1000\"><div class=\"img-container\"><img loading=\"lazy\" decoding=\"async\" width=\"1200\" height=\"1507\" src=\"https:\/\/luxiders.com\/content\/uploads\/Efimera-luxiders-magazine-Ivan-Arana3-.jpeg\" class=\"img-fluid w-100\" alt=\"\" srcset=\"https:\/\/luxiders.com\/content\/uploads\/Efimera-luxiders-magazine-Ivan-Arana3-.jpeg 1200w, https:\/\/luxiders.com\/content\/uploads\/Efimera-luxiders-magazine-Ivan-Arana3--239x300.jpeg 239w, https:\/\/luxiders.com\/content\/uploads\/Efimera-luxiders-magazine-Ivan-Arana3--815x1024.jpeg 815w, https:\/\/luxiders.com\/content\/uploads\/Efimera-luxiders-magazine-Ivan-Arana3--768x964.jpeg 768w\" sizes=\"(max-width: 1200px) 100vw, 1200px\" \/><\/div><\/figure>                                                                                                        <\/div>\n                                            <\/div>\n        <\/div>\n    <\/section>\n    \n\n    <section id=\"media-block_00cb0669402b7808f8ecb9ed2d707903\" class=\"section position-relative gp-block gp-media pt-5 pb-5\">\n        <div class=\"container\">\n            <div class=\"row g-0\">\n                <div class=\"col-lg-12 content\" data-aos=\"fade-in\" data-aos-duration=\"1000\">\n                                                                            <\/div>\n            <\/div>\n            <div class=\"row g-0\">\n                <div class=\"col-lg-6 \">\n                                                                                                                                                <figure class=\"mb-4 pt-lg-4 mb-lg-4 ps-lg-3 pe-lg-3\" data-aos=\"fade-up\" data-aos-duration=\"1000\"><div class=\"img-container\"><img loading=\"lazy\" decoding=\"async\" width=\"1200\" height=\"900\" src=\"https:\/\/luxiders.com\/content\/uploads\/Efimera-luxiders-magazine-Mario-Rubio.jpeg\" class=\"img-fluid w-100\" alt=\"Mario Rubio Artwork\" srcset=\"https:\/\/luxiders.com\/content\/uploads\/Efimera-luxiders-magazine-Mario-Rubio.jpeg 1200w, https:\/\/luxiders.com\/content\/uploads\/Efimera-luxiders-magazine-Mario-Rubio-300x225.jpeg 300w, https:\/\/luxiders.com\/content\/uploads\/Efimera-luxiders-magazine-Mario-Rubio-1024x768.jpeg 1024w, https:\/\/luxiders.com\/content\/uploads\/Efimera-luxiders-magazine-Mario-Rubio-768x576.jpeg 768w\" sizes=\"(max-width: 1200px) 100vw, 1200px\" \/><\/div><figcaption>\u00a9 Mario Rubio Artwork<\/figcaption><\/figure>                                                                                            <\/div>\n                                    <div class=\"col-lg-6\">\n                                                                                                                                                        <figure class=\"mb-4 pt-lg-0 mb-lg-0 ps-lg-0 pe-lg-0\" data-aos=\"fade-up\" data-aos-duration=\"1000\"><div class=\"img-container\"><img loading=\"lazy\" decoding=\"async\" width=\"1200\" height=\"1600\" src=\"https:\/\/luxiders.com\/content\/uploads\/Efimera-luxiders-magazine-Mario-Rubio2.jpeg\" class=\"img-fluid w-100\" alt=\"Mario Rubio Artwork\" srcset=\"https:\/\/luxiders.com\/content\/uploads\/Efimera-luxiders-magazine-Mario-Rubio2.jpeg 1200w, https:\/\/luxiders.com\/content\/uploads\/Efimera-luxiders-magazine-Mario-Rubio2-225x300.jpeg 225w, https:\/\/luxiders.com\/content\/uploads\/Efimera-luxiders-magazine-Mario-Rubio2-768x1024.jpeg 768w, https:\/\/luxiders.com\/content\/uploads\/Efimera-luxiders-magazine-Mario-Rubio2-1152x1536.jpeg 1152w\" sizes=\"(max-width: 1200px) 100vw, 1200px\" \/><\/div><figcaption>\u00a9 Mario Rubio Artwork<\/figcaption><\/figure>                                                                                                        <\/div>\n                                            <\/div>\n        <\/div>\n    <\/section>\n    \n\n    <section id=\"textblock-block_143ececcd3dd2efd75c455bdc1fc4fb7\" class=\"section position-relative gp-block gp-textblock pt-5 pb-5\">\n        <div class=\"container\">\n            <div class=\"row g-0\">\n                <div class=\"col-lg-12 content\" data-aos=\"fade-in\" data-aos-duration=\"1000\">\n                                                                        <h2 class=\"\"><p class=\"p1\">Exklusives Interview mit Bel\u00e9n Vera, Gr\u00fcnderin von Ef\u00edmera\n<\/h2>\n                                                                                                        <p><strong>Ef\u00edmera ist mit einer klaren Sensibilit\u00e4t f\u00fcr die Gegenwart entstanden. Wie \u00fcbersetzt sich dieses Bewusstsein f\u00fcr das \u201eJetzt\u201c in nachhaltige Kriterien bei der Auswahl der von euch gezeigten K\u00fcnstler:innen und Projekte?<\/strong><\/p>\n<p>F\u00fcr mich beginnt Nachhaltigkeit mit Rhythmus und Sorgfalt. Bei Ef\u00edmera arbeiten wir aus einer Haltung des Zuh\u00f6rens heraus und zugleich mit Verantwortungsbewusstsein f\u00fcr unseren Kontext. Jedes Projekt entsteht bewusst, mit Aufmerksamkeit f\u00fcr Zeit, Menschen und Ressourcen. Es geht nicht nur darum, \u00fcber Umwelt zu sprechen oder recycelte Materialien zu nutzen, sondern dieses Bewusstsein in unsere Arbeitsweise zu integrieren: wie wir K\u00fcnstler:innen ausw\u00e4hlen, wie wir produzieren und wie wir den Raum bewohnen.<\/p>\n<p>Mich interessiert die Zusammenarbeit mit Menschen, die lokal arbeiten und ihre Umgebung sensibel beobachten, ohne das globale Geschehen aus dem Blick zu verlieren. Diese Aufmerksamkeit f\u00fcr das Nahe, f\u00fcr das, was um uns herum geschieht, ist auch eine Form, der Geschwindigkeit der Kunstwelt zu widerstehen. In diesem Sinn unterst\u00fctzt Ef\u00edmera Praktiken, die Prozess, Koh\u00e4renz und pers\u00f6nliche Beteiligung wertsch\u00e4tzen. Au\u00dferdem hat Nachhaltigkeit viel mit Beziehungen zu tun \u2014 der F\u00fcrsorge f\u00fcr K\u00fcnstler:innen, das Team und das Publikum, und dem Aufbau von Bindungen, die \u00fcber eine Ausstellung hinaus Bestand haben. Wenn Kunst ein transformativer Raum sein soll, m\u00fcssen wir damit beginnen, die Art und Weise zu ver\u00e4ndern, wie wir sie produzieren und teilen.<\/p>\n<p>&nbsp;<\/p>\n<p><strong>In einem historischen Moment, in dem alles zu erzittern scheint \u2014 Klima, Politik, Gewissheiten \u2014 welche Rolle kann Kunst bei der Wiedergewinnung von Sinn spielen? Welche Erz\u00e4hlung \u2014 welches Storytelling \u2014 schl\u00e4gt Ef\u00edmera als Antwort auf die Angst und Fragmentierung der Gegenwart vor?<\/strong><\/p>\n<p>Die Umgebung, in der wir uns bewegen, ist f\u00fcr Ef\u00edmera essenziell. Deshalb betonen wir, dass dies keine konventionelle Galerie ist, sondern ein Raum, der Vorschl\u00e4ge anziehen m\u00f6chte, die Bewusstsein wecken und die Zeit reflektieren, in der wir leben. Die Illustration von Diego Liz\u00e1n f\u00fcr die Brosch\u00fcre und das Magazin XYZ ist ein gutes Beispiel f\u00fcr diese Perspektive. Sie ist nicht nur ein formales Bild, sondern eine Komposition voller Zeitschichten und Bedeutungen \u2014 ein Blick in die Vergangenheit \u00fcber Picasso, zugleich eine Lekt\u00fcre der Gegenwart, durchzogen von Konflikten wie in der Ukraine oder in Gaza. Von Anfang an war uns klar, dass dieses Projekt seinem Kontext nicht den R\u00fccken kehren kann. Kunst muss nicht zwingend anprangern, aber sie kann \u2014 und vielleicht sollte sie \u2014 als Lautsprecher dienen, als M\u00f6glichkeit, direkt hinzusehen. In diesem Gleichgewicht zwischen Sch\u00f6nheit, Kritik und Bewusstsein findet Ef\u00edmera seine Stimme.<\/p>\n<p>&nbsp;<\/p>\n<p><strong>Nachhaltigkeit in der Kunst geht \u00fcber Materialien hinaus \u2014 sie betrifft Prozesse, Kollaborationen und die Beziehung zur Umwelt. Wie f\u00f6rdert Ef\u00edmera diese erweiterte Vision von Nachhaltigkeit?<\/strong><\/p>\n<p>Bei Ef\u00edmera verstehen wir Nachhaltigkeit als etwas, das das gesamte \u00d6kosystem der Kunst durchzieht, nicht nur ihre Materialien. Deshalb f\u00f6rdern wir Kooperationen zwischen K\u00fcnstler:innen, Wissenschaftler:innen und Kulturakteur:innen und schaffen Netzwerke, die \u00fcber die Zeit tragen. Der Open Call zu Kunst, Wissenschaft und \u00f6kologischem Bewusstsein ist genau aus diesem Anliegen entstanden \u2014 Verbindungen zwischen Disziplinen zu kn\u00fcpfen und gemeinsames Wissen zu erzeugen. Jenseits der Ergebnisse interessiert uns die Begleitung von Prozessen, das Erm\u00f6glichen von Begegnungen und der Aufbau von Beziehungen, die auf Vertrauen basieren. F\u00fcr mich ist das der ehrlichste Weg, die Bedeutung von Nachhaltigkeit in der zeitgen\u00f6ssischen Kunst zu erweitern.<\/p>\n<p>&nbsp;<\/p>\n<p><strong>Murcia verf\u00fcgt \u00fcber ein lokales k\u00fcnstlerisches Gef\u00fcge in voller Aufbruchsstimmung. Ist die Unterst\u00fctzung von Produktion in der N\u00e4he und lokaler K\u00fcnstler:innen f\u00fcr dich auch eine Form kultureller Nachhaltigkeit?<\/strong><\/p>\n<p>Unbedingt. F\u00fcr mich ist es wesentlich, nach innen zu schauen und den Wert des k\u00fcnstlerischen Gef\u00fcges Murcias anzuerkennen, das vielf\u00e4ltig und stark ist und eine eigene Identit\u00e4t besitzt. Ef\u00edmera ist mit dem Ziel entstanden, diejenigen zu unterst\u00fctzen, die ihre Praxis hier entwickeln wollen \u2014 indem wir eine Plattform bieten, die Sichtbarkeit schafft und zugleich Verbindungen zu anderen Szenen und Kontexten aufbaut.<\/p>\n<p>Die Unterst\u00fctzung lokaler Produktion ist ebenfalls eine Form kultureller Nachhaltigkeit \u2014 sie bedeutet, f\u00fcr das Sorge zu tragen, was wir in unserer N\u00e4he haben, und reale M\u00f6glichkeiten zu schaffen, ohne gehen zu m\u00fcssen. Uns interessiert das Lokale, aber immer im Gespr\u00e4ch mit dem Globalen; wir glauben, dass der Reichtum genau in diesem Austausch von Perspektiven liegt.<\/p>\n<p>&nbsp;<\/p>\n<p><strong>Als unabh\u00e4ngiger Raum f\u00f6rdert Ef\u00edmera den Dialog zwischen Emerging und Etabliert. Wie bringt ihr die wirtschaftliche Tragf\u00e4higkeit des Projekts mit k\u00fcnstlerischer und \u00f6kologischer Integrit\u00e4t in Einklang?<\/strong><\/p>\n<p>Es ist mir sehr wichtig, K\u00fcnstler:innen mit langen Laufbahnen zu w\u00fcrdigen \u2014 insbesondere jene, die jenseits von Marktdynamiken eine koh\u00e4rente, solide Praxis aufrechterhalten haben. Manchmal frage ich mich, warum die Kunstwelt in mancher Hinsicht so inklusiv gegen\u00fcber bestimmten Minderheiten-Diskursen ist \u2014 was notwendig und positiv ist \u2014 und zugleich diejenigen ausschlie\u00dft, die seit Jahrzehnten mit Strenge und Sensibilit\u00e4t arbeiten.<\/p>\n<p>In dieser Er\u00f6ffnungsausstellung wollten wir genau diese Vielfalt sichtbar machen. Mario Rubio und Paco Vivo sind zwei reife K\u00fcnstler, deren Arbeit neben einer exquisiten Technik einen vollkommen zeitgen\u00f6ssischen Blick zeigt, offen f\u00fcr die Sprachen der Gegenwart. Demgegen\u00fcber bringen Iv\u00e1n Arana und Pilar Acosta Frische, neue Narrative und einen experimentelleren Ansatz ein, der den Dialog zwischen den Generationen erweitert. Dieses Nebeneinander interessiert uns bei Ef\u00edmera am meisten: ein Raum, in dem Emerging und Etabliert ohne Hierarchien zusammenkommen \u2014 mit Respekt und gegenseitiger Neugier.<\/p>\n<p>&nbsp;<\/p>\n<p><strong>In einer Welt, in der alles beschleunigt und fl\u00fcchtig scheint, kann die zeitgen\u00f6ssische Kunst ein nachhaltigeres Modell des Umgangs mit Zeit, Schaffen und Gemeinschaft anbieten?<\/strong><\/p>\n<p>Ich glaube ja \u2014 und das ist ein zentraler Teil der <em>raison d\u2019\u00eatre<\/em> von Ef\u00edmera. Kunst hat die F\u00e4higkeit, uns in die Gegenwart zur\u00fcckzubringen, uns aufmerksamer schauen zu lassen und Gemeinschaft \u00fcber geteilte Emotion und Imagination zu stiften.<\/p>\n<p>Mich interessiert Kunst als Ort der Begegnung, an dem echte Gespr\u00e4che stattfinden und Beziehungen entstehen k\u00f6nnen, die uns helfen, die Welt anders zu bewohnen. Jedes Projekt, so klein es auch ist, kann unsere Beziehung zur Umgebung und zu anderen verwandeln. In dieser Geste, in dieser Art des Daseins, finde ich die wahre Nachhaltigkeit der Kunst.<\/p>\n                                            <div class=\"highlighted mt-5 mt-lg-6 px-lg-5\">\n                            <p class=\"p1\" style=\"text-align: center;\">\u201eKunst hat die Kraft, uns in die Gegenwart zur\u00fcckzubringen, uns aufmerksam hinsehen zu lassen und Gemeinschaft durch geteilte Emotion und Vorstellungskraft zu schaffen.\u201c \u2013 Bel\u00e9n Vera<\/p>\n                        <\/div>\n                                                        <\/div>\n            <\/div>\n        <\/div>\n    <\/section>\n    \n\n    <section id=\"media-block_239b2d4df6d40cb75da11dab3221d050\" class=\"section position-relative gp-block gp-media pt-5 pb-5\">\n        <div class=\"container\">\n            <div class=\"row g-0\">\n                <div class=\"col-lg-12 content\" data-aos=\"fade-in\" data-aos-duration=\"1000\">\n                                                                            <\/div>\n            <\/div>\n            <div class=\"row g-0\">\n                <div class=\"col-lg-6 \">\n                                                                                                                                                <figure class=\"mb-4 pt-lg-4 mb-lg-4 ps-lg-4 pe-lg-4\" data-aos=\"fade-up\" data-aos-duration=\"1000\"><div class=\"img-container\"><img loading=\"lazy\" decoding=\"async\" width=\"1200\" height=\"1600\" src=\"https:\/\/luxiders.com\/content\/uploads\/Efimera-luxiders-magazine-Paco-Vivo-Detalle1-.jpeg\" class=\"img-fluid w-100\" alt=\"Paco Vivo Artwork\" srcset=\"https:\/\/luxiders.com\/content\/uploads\/Efimera-luxiders-magazine-Paco-Vivo-Detalle1-.jpeg 1200w, https:\/\/luxiders.com\/content\/uploads\/Efimera-luxiders-magazine-Paco-Vivo-Detalle1--225x300.jpeg 225w, https:\/\/luxiders.com\/content\/uploads\/Efimera-luxiders-magazine-Paco-Vivo-Detalle1--768x1024.jpeg 768w, https:\/\/luxiders.com\/content\/uploads\/Efimera-luxiders-magazine-Paco-Vivo-Detalle1--1152x1536.jpeg 1152w\" sizes=\"(max-width: 1200px) 100vw, 1200px\" \/><\/div><figcaption>\u00a9 Paco Vivo Artwork<\/figcaption><\/figure>                                                                                                                                                            <figure class=\"mb-4 pt-lg-4 mb-lg-4 ps-lg-0 pe-lg-0\" data-aos=\"fade-up\" data-aos-duration=\"1000\"><div class=\"img-container\"><img loading=\"lazy\" decoding=\"async\" width=\"1200\" height=\"869\" src=\"https:\/\/luxiders.com\/content\/uploads\/Efimera-luxiders-magazine-Paco-Vivo-dibujo.jpeg\" class=\"img-fluid w-100\" alt=\"\" srcset=\"https:\/\/luxiders.com\/content\/uploads\/Efimera-luxiders-magazine-Paco-Vivo-dibujo.jpeg 1200w, https:\/\/luxiders.com\/content\/uploads\/Efimera-luxiders-magazine-Paco-Vivo-dibujo-300x217.jpeg 300w, https:\/\/luxiders.com\/content\/uploads\/Efimera-luxiders-magazine-Paco-Vivo-dibujo-1024x742.jpeg 1024w, https:\/\/luxiders.com\/content\/uploads\/Efimera-luxiders-magazine-Paco-Vivo-dibujo-768x556.jpeg 768w\" sizes=\"(max-width: 1200px) 100vw, 1200px\" \/><\/div><\/figure>                                                                                            <\/div>\n                                    <div class=\"col-lg-6\">\n                                                                                                                                                        <figure class=\"mb-4 pt-lg-4 mb-lg-4 ps-lg-0 pe-lg-0\" data-aos=\"fade-up\" data-aos-duration=\"1000\"><div class=\"img-container\"><img loading=\"lazy\" decoding=\"async\" width=\"1200\" height=\"1600\" src=\"https:\/\/luxiders.com\/content\/uploads\/Efimera-luxiders-magazine-Paco-Vivo-Detalle2.jpeg\" class=\"img-fluid w-100\" alt=\"\" srcset=\"https:\/\/luxiders.com\/content\/uploads\/Efimera-luxiders-magazine-Paco-Vivo-Detalle2.jpeg 1200w, https:\/\/luxiders.com\/content\/uploads\/Efimera-luxiders-magazine-Paco-Vivo-Detalle2-225x300.jpeg 225w, https:\/\/luxiders.com\/content\/uploads\/Efimera-luxiders-magazine-Paco-Vivo-Detalle2-768x1024.jpeg 768w, https:\/\/luxiders.com\/content\/uploads\/Efimera-luxiders-magazine-Paco-Vivo-Detalle2-1152x1536.jpeg 1152w\" sizes=\"(max-width: 1200px) 100vw, 1200px\" \/><\/div><\/figure>                                                                                                                                                                <figure class=\"mb-4 pt-lg-4 mb-lg-4 ps-lg-4 pe-lg-4\" data-aos=\"fade-up\" data-aos-duration=\"1000\"><div class=\"img-container\"><img loading=\"lazy\" decoding=\"async\" width=\"1200\" height=\"1197\" src=\"https:\/\/luxiders.com\/content\/uploads\/Efimera-luxiders-magazine-Pilar-Acosta.jpeg\" class=\"img-fluid w-100\" alt=\"Pilar Acosta Artwork\" srcset=\"https:\/\/luxiders.com\/content\/uploads\/Efimera-luxiders-magazine-Pilar-Acosta.jpeg 1200w, https:\/\/luxiders.com\/content\/uploads\/Efimera-luxiders-magazine-Pilar-Acosta-300x300.jpeg 300w, https:\/\/luxiders.com\/content\/uploads\/Efimera-luxiders-magazine-Pilar-Acosta-1024x1021.jpeg 1024w, https:\/\/luxiders.com\/content\/uploads\/Efimera-luxiders-magazine-Pilar-Acosta-150x150.jpeg 150w, https:\/\/luxiders.com\/content\/uploads\/Efimera-luxiders-magazine-Pilar-Acosta-768x766.jpeg 768w\" sizes=\"(max-width: 1200px) 100vw, 1200px\" \/><\/div><figcaption>\u00a9 Pilar Acosta Artwork<\/figcaption><\/figure>                                                                                                        <\/div>\n                                            <\/div>\n        <\/div>\n    <\/section>\n    \n\n    <section id=\"media-block_1e0cb31bc84333ab5852c94a89c5bf9d\" class=\"section position-relative gp-block gp-media pt-5 pb-5\">\n        <div class=\"container\">\n            <div class=\"row g-0\">\n                <div class=\"col-lg-12 content\" data-aos=\"fade-in\" data-aos-duration=\"1000\">\n                                                                            <\/div>\n            <\/div>\n            <div class=\"row g-0\">\n                <div class=\"col-lg-12 img-scaled\">\n                                                                                                                                                <figure class=\"mb-4 pt-lg-0 mb-lg-0 ps-lg-0 pe-lg-0\" data-aos=\"fade-up\" data-aos-duration=\"1000\"><div class=\"img-container\"><img loading=\"lazy\" decoding=\"async\" width=\"1200\" height=\"1195\" src=\"https:\/\/luxiders.com\/content\/uploads\/Efimera-luxiders-magazine-Pilar-Acosta-2.jpeg\" class=\"img-fluid w-100\" alt=\"Pilar Acosta Artwork\" srcset=\"https:\/\/luxiders.com\/content\/uploads\/Efimera-luxiders-magazine-Pilar-Acosta-2.jpeg 1200w, https:\/\/luxiders.com\/content\/uploads\/Efimera-luxiders-magazine-Pilar-Acosta-2-300x300.jpeg 300w, https:\/\/luxiders.com\/content\/uploads\/Efimera-luxiders-magazine-Pilar-Acosta-2-1024x1020.jpeg 1024w, https:\/\/luxiders.com\/content\/uploads\/Efimera-luxiders-magazine-Pilar-Acosta-2-150x150.jpeg 150w, https:\/\/luxiders.com\/content\/uploads\/Efimera-luxiders-magazine-Pilar-Acosta-2-768x765.jpeg 768w\" sizes=\"(max-width: 1200px) 100vw, 1200px\" \/><\/div><figcaption>\u00a9 Pilar Acosta Artwork<\/figcaption><\/figure>                                                                                            <\/div>\n                                            <\/div>\n        <\/div>\n    <\/section>\n    \n\n    <section id=\"textblock-block_a2e2a0bf0c3c10e208bd8c0d0246c83d\" class=\"section position-relative gp-block gp-textblock pt-5 pb-5 pb-lg-8\">\n        <div class=\"container\">\n            <div class=\"row g-0\">\n                <div class=\"col-lg-12 content\" data-aos=\"fade-in\" data-aos-duration=\"1000\">\n                                                                                <p style=\"text-align: center;\"><strong><i>All Images:<\/i><i><br \/>\n<\/i><i>\u00a9 Courtesy by Ef\u00edmera<\/i><\/strong><\/p>\n                                                        <\/div>\n            <\/div>\n        <\/div>\n    <\/section>\n    ","protected":false},"excerpt":{"rendered":"","protected":false},"author":2,"featured_media":58406,"comment_status":"closed","ping_status":"closed","sticky":false,"template":"","format":"standard","meta":{"_acf_changed":false,"footnotes":""},"categories":[1221,2727],"tags":[10270,10271],"class_list":{"0":"post-58394","1":"post","2":"type-post","3":"status-publish","4":"format-standard","5":"has-post-thumbnail","7":"category-kunst-kultur","8":"category-lifestyle","9":"tag-efimera-de","10":"tag-murcia-art-de"},"acf":[],"yoast_head":"<title>Ef\u00edmera: Der neue zeitgen\u00f6ssische Kunstraum in Murcia<\/title>\n<meta name=\"description\" content=\"Ef\u00edmera \u00f6ffnete seine T\u00fcren als mehr als nur eine Kunstgalerie \u2014 es entstand ein lebendiger Organismus, in dem sich Schaffen, Denken und Experimentieren miteinander verweben.\" \/>\n<meta name=\"robots\" content=\"index, follow, max-snippet:-1, max-image-preview:large, max-video-preview:-1\" \/>\n<link rel=\"canonical\" href=\"https:\/\/luxiders.com\/de\/efimera-der-neue-zeitgenoessische-kunstraum-der-nachhaltigkeit-und-zeit-in-murcia-neu-definiert\/\" \/>\n<meta property=\"og:locale\" content=\"de_DE\" \/>\n<meta property=\"og:type\" content=\"article\" \/>\n<meta property=\"og:title\" content=\"Ef\u00edmera: Der neue zeitgen\u00f6ssische Kunstraum in Murcia\" \/>\n<meta property=\"og:description\" content=\"Ef\u00edmera \u00f6ffnete seine T\u00fcren als mehr als nur eine Kunstgalerie \u2014 es entstand ein lebendiger Organismus, in dem sich Schaffen, Denken und Experimentieren miteinander verweben.\" \/>\n<meta property=\"og:url\" content=\"https:\/\/luxiders.com\/de\/efimera-der-neue-zeitgenoessische-kunstraum-der-nachhaltigkeit-und-zeit-in-murcia-neu-definiert\/\" \/>\n<meta property=\"og:site_name\" content=\"Sustainable Fashion - Eco Design - Healthy Lifestyle - Luxiders Magazine\" \/>\n<meta property=\"article:published_time\" content=\"2025-10-16T12:24:03+00:00\" \/>\n<meta property=\"article:modified_time\" content=\"2025-10-19T16:40:43+00:00\" \/>\n<meta property=\"og:image\" content=\"https:\/\/luxiders.com\/content\/uploads\/Efimera-luxiders-magazine-Mario-Rubio2.jpeg\" \/>\n\t<meta property=\"og:image:width\" content=\"1200\" \/>\n\t<meta property=\"og:image:height\" content=\"1600\" \/>\n\t<meta property=\"og:image:type\" content=\"image\/jpeg\" \/>\n<meta name=\"author\" content=\"luxiders\" \/>\n<meta name=\"twitter:card\" content=\"summary_large_image\" \/>\n<meta name=\"twitter:label1\" content=\"Verfasst von\" \/>\n\t<meta name=\"twitter:data1\" content=\"luxiders\" \/>\n\t<meta name=\"twitter:label2\" content=\"Gesch\u00e4tzte Lesezeit\" \/>\n\t<meta name=\"twitter:data2\" content=\"7\u00a0Minuten\" \/>\n<script type=\"application\/ld+json\" class=\"yoast-schema-graph\">{\"@context\":\"https:\/\/schema.org\",\"@graph\":[{\"@type\":\"Article\",\"@id\":\"https:\/\/luxiders.com\/de\/efimera-der-neue-zeitgenoessische-kunstraum-der-nachhaltigkeit-und-zeit-in-murcia-neu-definiert\/#article\",\"isPartOf\":{\"@id\":\"https:\/\/luxiders.com\/de\/efimera-der-neue-zeitgenoessische-kunstraum-der-nachhaltigkeit-und-zeit-in-murcia-neu-definiert\/\"},\"author\":{\"name\":\"luxiders\",\"@id\":\"https:\/\/luxiders.com\/de\/#\/schema\/person\/8632fa702ae2ce98f66c396254633de8\"},\"headline\":\"Ef\u00edmera: Der neue zeitgen\u00f6ssische Kunstraum, der Nachhaltigkeit und Zeit in Murcia neu definiert\",\"datePublished\":\"2025-10-16T12:24:03+00:00\",\"dateModified\":\"2025-10-19T16:40:43+00:00\",\"mainEntityOfPage\":{\"@id\":\"https:\/\/luxiders.com\/de\/efimera-der-neue-zeitgenoessische-kunstraum-der-nachhaltigkeit-und-zeit-in-murcia-neu-definiert\/\"},\"wordCount\":15,\"publisher\":{\"@id\":\"https:\/\/luxiders.com\/de\/#organization\"},\"image\":{\"@id\":\"https:\/\/luxiders.com\/de\/efimera-der-neue-zeitgenoessische-kunstraum-der-nachhaltigkeit-und-zeit-in-murcia-neu-definiert\/#primaryimage\"},\"thumbnailUrl\":\"https:\/\/luxiders.com\/content\/uploads\/Efimera-luxiders-magazine-Mario-Rubio2.jpeg\",\"keywords\":[\"Ef\u00edmera\",\"Murcia Art\"],\"articleSection\":[\"Kunst\/Kultur\",\"lifestyle\"],\"inLanguage\":\"de\"},{\"@type\":\"WebPage\",\"@id\":\"https:\/\/luxiders.com\/de\/efimera-der-neue-zeitgenoessische-kunstraum-der-nachhaltigkeit-und-zeit-in-murcia-neu-definiert\/\",\"url\":\"https:\/\/luxiders.com\/de\/efimera-der-neue-zeitgenoessische-kunstraum-der-nachhaltigkeit-und-zeit-in-murcia-neu-definiert\/\",\"name\":\"Ef\u00edmera: Der neue zeitgen\u00f6ssische Kunstraum in Murcia\",\"isPartOf\":{\"@id\":\"https:\/\/luxiders.com\/de\/#website\"},\"primaryImageOfPage\":{\"@id\":\"https:\/\/luxiders.com\/de\/efimera-der-neue-zeitgenoessische-kunstraum-der-nachhaltigkeit-und-zeit-in-murcia-neu-definiert\/#primaryimage\"},\"image\":{\"@id\":\"https:\/\/luxiders.com\/de\/efimera-der-neue-zeitgenoessische-kunstraum-der-nachhaltigkeit-und-zeit-in-murcia-neu-definiert\/#primaryimage\"},\"thumbnailUrl\":\"https:\/\/luxiders.com\/content\/uploads\/Efimera-luxiders-magazine-Mario-Rubio2.jpeg\",\"datePublished\":\"2025-10-16T12:24:03+00:00\",\"dateModified\":\"2025-10-19T16:40:43+00:00\",\"description\":\"Ef\u00edmera \u00f6ffnete seine T\u00fcren als mehr als nur eine Kunstgalerie \u2014 es entstand ein lebendiger Organismus, in dem sich Schaffen, Denken und Experimentieren miteinander verweben.\",\"breadcrumb\":{\"@id\":\"https:\/\/luxiders.com\/de\/efimera-der-neue-zeitgenoessische-kunstraum-der-nachhaltigkeit-und-zeit-in-murcia-neu-definiert\/#breadcrumb\"},\"inLanguage\":\"de\",\"potentialAction\":[{\"@type\":\"ReadAction\",\"target\":[\"https:\/\/luxiders.com\/de\/efimera-der-neue-zeitgenoessische-kunstraum-der-nachhaltigkeit-und-zeit-in-murcia-neu-definiert\/\"]}]},{\"@type\":\"ImageObject\",\"inLanguage\":\"de\",\"@id\":\"https:\/\/luxiders.com\/de\/efimera-der-neue-zeitgenoessische-kunstraum-der-nachhaltigkeit-und-zeit-in-murcia-neu-definiert\/#primaryimage\",\"url\":\"https:\/\/luxiders.com\/content\/uploads\/Efimera-luxiders-magazine-Mario-Rubio2.jpeg\",\"contentUrl\":\"https:\/\/luxiders.com\/content\/uploads\/Efimera-luxiders-magazine-Mario-Rubio2.jpeg\",\"width\":1200,\"height\":1600,\"caption\":\"\u00a9 Mario Rubio Artwork\"},{\"@type\":\"BreadcrumbList\",\"@id\":\"https:\/\/luxiders.com\/de\/efimera-der-neue-zeitgenoessische-kunstraum-der-nachhaltigkeit-und-zeit-in-murcia-neu-definiert\/#breadcrumb\",\"itemListElement\":[{\"@type\":\"ListItem\",\"position\":1,\"name\":\"Startseite\",\"item\":\"https:\/\/luxiders.com\/de\/\"},{\"@type\":\"ListItem\",\"position\":2,\"name\":\"Kunst\/Kultur\",\"item\":\"https:\/\/luxiders.com\/de\/Katregorie\/kunst-kultur\/\"},{\"@type\":\"ListItem\",\"position\":3,\"name\":\"Ef\u00edmera: Der neue zeitgen\u00f6ssische Kunstraum, der Nachhaltigkeit und Zeit in Murcia neu definiert\"}]},{\"@type\":\"WebSite\",\"@id\":\"https:\/\/luxiders.com\/de\/#website\",\"url\":\"https:\/\/luxiders.com\/de\/\",\"name\":\"Sustainable Fashion - Eco Design - Healthy Lifestyle - Luxiders Magazine\",\"description\":\"Luxiders is a sustainable luxury magazine highlighting the best stories about sustainable fashion, ethical fashion, eco-friendly design, green design, sustainable travel, natural beauty, organic beauty and healthy lifestyle. Know the best high-end, progressive and luxury sustainable brands and designers worldwide.\",\"publisher\":{\"@id\":\"https:\/\/luxiders.com\/de\/#organization\"},\"potentialAction\":[{\"@type\":\"SearchAction\",\"target\":{\"@type\":\"EntryPoint\",\"urlTemplate\":\"https:\/\/luxiders.com\/de\/?s={search_term_string}\"},\"query-input\":{\"@type\":\"PropertyValueSpecification\",\"valueRequired\":true,\"valueName\":\"search_term_string\"}}],\"inLanguage\":\"de\"},{\"@type\":\"Organization\",\"@id\":\"https:\/\/luxiders.com\/de\/#organization\",\"name\":\"Sustainable Fashion - Eco Design - Healthy Lifestyle - Luxiders Magazine\",\"url\":\"https:\/\/luxiders.com\/de\/\",\"logo\":{\"@type\":\"ImageObject\",\"inLanguage\":\"de\",\"@id\":\"https:\/\/luxiders.com\/de\/#\/schema\/logo\/image\/\",\"url\":\"https:\/\/luxiders.com\/content\/uploads\/lux-logo.svg\",\"contentUrl\":\"https:\/\/luxiders.com\/content\/uploads\/lux-logo.svg\",\"caption\":\"Sustainable Fashion - Eco Design - Healthy Lifestyle - Luxiders Magazine\"},\"image\":{\"@id\":\"https:\/\/luxiders.com\/de\/#\/schema\/logo\/image\/\"}},{\"@type\":\"Person\",\"@id\":\"https:\/\/luxiders.com\/de\/#\/schema\/person\/8632fa702ae2ce98f66c396254633de8\",\"name\":\"luxiders\",\"url\":\"https:\/\/luxiders.com\/de\/author\/luxiders\/\"}]}<\/script>","yoast_head_json":{"title":"Ef\u00edmera: Der neue zeitgen\u00f6ssische Kunstraum in Murcia","description":"Ef\u00edmera \u00f6ffnete seine T\u00fcren als mehr als nur eine Kunstgalerie \u2014 es entstand ein lebendiger Organismus, in dem sich Schaffen, Denken und Experimentieren miteinander verweben.","robots":{"index":"index","follow":"follow","max-snippet":"max-snippet:-1","max-image-preview":"max-image-preview:large","max-video-preview":"max-video-preview:-1"},"canonical":"https:\/\/luxiders.com\/de\/efimera-der-neue-zeitgenoessische-kunstraum-der-nachhaltigkeit-und-zeit-in-murcia-neu-definiert\/","og_locale":"de_DE","og_type":"article","og_title":"Ef\u00edmera: Der neue zeitgen\u00f6ssische Kunstraum in Murcia","og_description":"Ef\u00edmera \u00f6ffnete seine T\u00fcren als mehr als nur eine Kunstgalerie \u2014 es entstand ein lebendiger Organismus, in dem sich Schaffen, Denken und Experimentieren miteinander verweben.","og_url":"https:\/\/luxiders.com\/de\/efimera-der-neue-zeitgenoessische-kunstraum-der-nachhaltigkeit-und-zeit-in-murcia-neu-definiert\/","og_site_name":"Sustainable Fashion - Eco Design - Healthy Lifestyle - Luxiders Magazine","article_published_time":"2025-10-16T12:24:03+00:00","article_modified_time":"2025-10-19T16:40:43+00:00","og_image":[{"width":1200,"height":1600,"url":"https:\/\/luxiders.com\/content\/uploads\/Efimera-luxiders-magazine-Mario-Rubio2.jpeg","type":"image\/jpeg"}],"author":"luxiders","twitter_card":"summary_large_image","twitter_misc":{"Verfasst von":"luxiders","Gesch\u00e4tzte Lesezeit":"7\u00a0Minuten"},"schema":{"@context":"https:\/\/schema.org","@graph":[{"@type":"Article","@id":"https:\/\/luxiders.com\/de\/efimera-der-neue-zeitgenoessische-kunstraum-der-nachhaltigkeit-und-zeit-in-murcia-neu-definiert\/#article","isPartOf":{"@id":"https:\/\/luxiders.com\/de\/efimera-der-neue-zeitgenoessische-kunstraum-der-nachhaltigkeit-und-zeit-in-murcia-neu-definiert\/"},"author":{"name":"luxiders","@id":"https:\/\/luxiders.com\/de\/#\/schema\/person\/8632fa702ae2ce98f66c396254633de8"},"headline":"Ef\u00edmera: Der neue zeitgen\u00f6ssische Kunstraum, der Nachhaltigkeit und Zeit in Murcia neu definiert","datePublished":"2025-10-16T12:24:03+00:00","dateModified":"2025-10-19T16:40:43+00:00","mainEntityOfPage":{"@id":"https:\/\/luxiders.com\/de\/efimera-der-neue-zeitgenoessische-kunstraum-der-nachhaltigkeit-und-zeit-in-murcia-neu-definiert\/"},"wordCount":15,"publisher":{"@id":"https:\/\/luxiders.com\/de\/#organization"},"image":{"@id":"https:\/\/luxiders.com\/de\/efimera-der-neue-zeitgenoessische-kunstraum-der-nachhaltigkeit-und-zeit-in-murcia-neu-definiert\/#primaryimage"},"thumbnailUrl":"https:\/\/luxiders.com\/content\/uploads\/Efimera-luxiders-magazine-Mario-Rubio2.jpeg","keywords":["Ef\u00edmera","Murcia Art"],"articleSection":["Kunst\/Kultur","lifestyle"],"inLanguage":"de"},{"@type":"WebPage","@id":"https:\/\/luxiders.com\/de\/efimera-der-neue-zeitgenoessische-kunstraum-der-nachhaltigkeit-und-zeit-in-murcia-neu-definiert\/","url":"https:\/\/luxiders.com\/de\/efimera-der-neue-zeitgenoessische-kunstraum-der-nachhaltigkeit-und-zeit-in-murcia-neu-definiert\/","name":"Ef\u00edmera: Der neue zeitgen\u00f6ssische Kunstraum in Murcia","isPartOf":{"@id":"https:\/\/luxiders.com\/de\/#website"},"primaryImageOfPage":{"@id":"https:\/\/luxiders.com\/de\/efimera-der-neue-zeitgenoessische-kunstraum-der-nachhaltigkeit-und-zeit-in-murcia-neu-definiert\/#primaryimage"},"image":{"@id":"https:\/\/luxiders.com\/de\/efimera-der-neue-zeitgenoessische-kunstraum-der-nachhaltigkeit-und-zeit-in-murcia-neu-definiert\/#primaryimage"},"thumbnailUrl":"https:\/\/luxiders.com\/content\/uploads\/Efimera-luxiders-magazine-Mario-Rubio2.jpeg","datePublished":"2025-10-16T12:24:03+00:00","dateModified":"2025-10-19T16:40:43+00:00","description":"Ef\u00edmera \u00f6ffnete seine T\u00fcren als mehr als nur eine Kunstgalerie \u2014 es entstand ein lebendiger Organismus, in dem sich Schaffen, Denken und Experimentieren miteinander verweben.","breadcrumb":{"@id":"https:\/\/luxiders.com\/de\/efimera-der-neue-zeitgenoessische-kunstraum-der-nachhaltigkeit-und-zeit-in-murcia-neu-definiert\/#breadcrumb"},"inLanguage":"de","potentialAction":[{"@type":"ReadAction","target":["https:\/\/luxiders.com\/de\/efimera-der-neue-zeitgenoessische-kunstraum-der-nachhaltigkeit-und-zeit-in-murcia-neu-definiert\/"]}]},{"@type":"ImageObject","inLanguage":"de","@id":"https:\/\/luxiders.com\/de\/efimera-der-neue-zeitgenoessische-kunstraum-der-nachhaltigkeit-und-zeit-in-murcia-neu-definiert\/#primaryimage","url":"https:\/\/luxiders.com\/content\/uploads\/Efimera-luxiders-magazine-Mario-Rubio2.jpeg","contentUrl":"https:\/\/luxiders.com\/content\/uploads\/Efimera-luxiders-magazine-Mario-Rubio2.jpeg","width":1200,"height":1600,"caption":"\u00a9 Mario Rubio Artwork"},{"@type":"BreadcrumbList","@id":"https:\/\/luxiders.com\/de\/efimera-der-neue-zeitgenoessische-kunstraum-der-nachhaltigkeit-und-zeit-in-murcia-neu-definiert\/#breadcrumb","itemListElement":[{"@type":"ListItem","position":1,"name":"Startseite","item":"https:\/\/luxiders.com\/de\/"},{"@type":"ListItem","position":2,"name":"Kunst\/Kultur","item":"https:\/\/luxiders.com\/de\/Katregorie\/kunst-kultur\/"},{"@type":"ListItem","position":3,"name":"Ef\u00edmera: Der neue zeitgen\u00f6ssische Kunstraum, der Nachhaltigkeit und Zeit in Murcia neu definiert"}]},{"@type":"WebSite","@id":"https:\/\/luxiders.com\/de\/#website","url":"https:\/\/luxiders.com\/de\/","name":"Sustainable Fashion - Eco Design - Healthy Lifestyle - Luxiders Magazine","description":"Luxiders is a sustainable luxury magazine highlighting the best stories about sustainable fashion, ethical fashion, eco-friendly design, green design, sustainable travel, natural beauty, organic beauty and healthy lifestyle. Know the best high-end, progressive and luxury sustainable brands and designers worldwide.","publisher":{"@id":"https:\/\/luxiders.com\/de\/#organization"},"potentialAction":[{"@type":"SearchAction","target":{"@type":"EntryPoint","urlTemplate":"https:\/\/luxiders.com\/de\/?s={search_term_string}"},"query-input":{"@type":"PropertyValueSpecification","valueRequired":true,"valueName":"search_term_string"}}],"inLanguage":"de"},{"@type":"Organization","@id":"https:\/\/luxiders.com\/de\/#organization","name":"Sustainable Fashion - Eco Design - Healthy Lifestyle - Luxiders Magazine","url":"https:\/\/luxiders.com\/de\/","logo":{"@type":"ImageObject","inLanguage":"de","@id":"https:\/\/luxiders.com\/de\/#\/schema\/logo\/image\/","url":"https:\/\/luxiders.com\/content\/uploads\/lux-logo.svg","contentUrl":"https:\/\/luxiders.com\/content\/uploads\/lux-logo.svg","caption":"Sustainable Fashion - Eco Design - Healthy Lifestyle - Luxiders Magazine"},"image":{"@id":"https:\/\/luxiders.com\/de\/#\/schema\/logo\/image\/"}},{"@type":"Person","@id":"https:\/\/luxiders.com\/de\/#\/schema\/person\/8632fa702ae2ce98f66c396254633de8","name":"luxiders","url":"https:\/\/luxiders.com\/de\/author\/luxiders\/"}]}},"_links":{"self":[{"href":"https:\/\/luxiders.com\/de\/wp-json\/wp\/v2\/posts\/58394","targetHints":{"allow":["GET"]}}],"collection":[{"href":"https:\/\/luxiders.com\/de\/wp-json\/wp\/v2\/posts"}],"about":[{"href":"https:\/\/luxiders.com\/de\/wp-json\/wp\/v2\/types\/post"}],"author":[{"embeddable":true,"href":"https:\/\/luxiders.com\/de\/wp-json\/wp\/v2\/users\/2"}],"replies":[{"embeddable":true,"href":"https:\/\/luxiders.com\/de\/wp-json\/wp\/v2\/comments?post=58394"}],"version-history":[{"count":2,"href":"https:\/\/luxiders.com\/de\/wp-json\/wp\/v2\/posts\/58394\/revisions"}],"predecessor-version":[{"id":58491,"href":"https:\/\/luxiders.com\/de\/wp-json\/wp\/v2\/posts\/58394\/revisions\/58491"}],"wp:featuredmedia":[{"embeddable":true,"href":"https:\/\/luxiders.com\/de\/wp-json\/wp\/v2\/media\/58406"}],"wp:attachment":[{"href":"https:\/\/luxiders.com\/de\/wp-json\/wp\/v2\/media?parent=58394"}],"wp:term":[{"taxonomy":"category","embeddable":true,"href":"https:\/\/luxiders.com\/de\/wp-json\/wp\/v2\/categories?post=58394"},{"taxonomy":"post_tag","embeddable":true,"href":"https:\/\/luxiders.com\/de\/wp-json\/wp\/v2\/tags?post=58394"}],"curies":[{"name":"wp","href":"https:\/\/api.w.org\/{rel}","templated":true}]}}