{"id":60017,"date":"2026-01-06T01:22:14","date_gmt":"2026-01-06T00:22:14","guid":{"rendered":"https:\/\/luxiders.com\/?p=60017"},"modified":"2026-01-06T11:37:46","modified_gmt":"2026-01-06T10:37:46","slug":"momad-2026-hebt-umweltbewusste-mode-als-kreative-und-kommerzielle-kraft-hervor","status":"publish","type":"post","link":"https:\/\/luxiders.com\/de\/momad-2026-hebt-umweltbewusste-mode-als-kreative-und-kommerzielle-kraft-hervor\/","title":{"rendered":"MOMAD 2026 hebt umweltbewusste Mode als kreative und kommerzielle Kraft hervor"},"content":{"rendered":"    <section id=\"textblock-block_4cc160c7b3243793df8cb9e6852d0d41\" class=\"section position-relative gp-block gp-textblock pt-0 pb-0\">\n        <div class=\"container\">\n            <div class=\"row g-0\">\n                <div class=\"col-lg-12 content\" data-aos=\"fade-in\" data-aos-duration=\"1000\">\n                                                                                    <div class=\"intro \">\n                            <p style=\"text-align: center;\">Die Internationale Fachmesse f\u00fcr Mode, Schuhe und Accessoires MOMAD kehrt vom 5. bis 7. Februar zur IFEMA MADRID zur\u00fcck und stellt umweltbewusste Mode als kreative und kommerzielle Kraft in den Mittelpunkt \u2013 mit spanischem Design, Nachhaltigkeit und globalem Gesch\u00e4ft im Fokus.<\/p>\n                        <\/div>\n                                                                                                <\/div>\n            <\/div>\n        <\/div>\n    <\/section>\n    \n\n    <section id=\"newsletter-block_005dd5102629bb80b5f8c9e8d7016bc3\" class=\"section position-relative gp-block gp-newsletter pt-0 pb-0 my-5\">\n        <div class=\"container\">\n            <div class=\"row g-0 pt-4 pb-3\">\n                <div class=\"col-lg-12 content text-center border pt-3\" data-aos=\"fade-in\" data-aos-duration=\"1000\">\n                                            <p><em>Um den Luxiders Newsletter zu erhalten,\u00a0<a href=\"https:\/\/landing.mailerlite.com\/webforms\/landing\/g1u8s7\">melde dich hier an<\/a>.<\/em><\/p>\n                                    <\/div>\n            <\/div>\n        <\/div>\n    <\/section>\n    \n\n    <section id=\"textblock-block_a58ee5830f45569aa8f8f590aad6c3f6\" class=\"section position-relative gp-block gp-textblock pt-0 pb-5\">\n        <div class=\"container\">\n            <div class=\"row g-0\">\n                <div class=\"col-lg-12 content\" data-aos=\"fade-in\" data-aos-duration=\"1000\">\n                                                                                <p>Vom 5. bis 7. Februar 2026 wird MOMAD erneut die IFEMA MADRID bespielen und damit ihre Rolle als eine der einflussreichsten Fachmessen f\u00fcr Mode in S\u00fcdeuropa best\u00e4tigen. In Halle 10 bringt die Veranstaltung nationale und internationale Marken, Eink\u00e4uferinnen und Eink\u00e4ufer sowie Branchenexpertinnen und -experten rund um eine gemeinsame Vision zusammen, in der umweltbewusste Mode keine Einschr\u00e4nkung darstellt, sondern eine Quelle f\u00fcr Innovation und kommerziellen Mehrwert ist.<\/p>\n<p><a href=\"https:\/\/www.ifema.es\/momad?utm_source?luxiders&amp;utm_medium=display&amp;utm_campaign=luxiders_display_momad_diciembre_febrero_en&amp;utm_content=\" target=\"_blank\" rel=\"noopener\">MOMAD 2026<\/a> pr\u00e4sentiert die neuesten Kollektionen aus den Bereichen Textil, Schuhe und Accessoires in einem Umfeld, das darauf ausgerichtet ist, Gesch\u00e4ftsm\u00f6glichkeiten zu f\u00f6rdern, den Dialog anzuregen und zuk\u00fcnftige Trends vorwegzunehmen. Die kommende Ausgabe spiegelt die aktuelle Dynamik der Modebranche wider, in der verantwortungsbewusste Praktiken, gestalterische Exzellenz und wirtschaftliche Tragf\u00e4higkeit zunehmend in die gleiche Richtung gehen.<\/p>\n                                            <div class=\"highlighted mt-5 mt-lg-6 px-lg-5\">\n                            <p style=\"text-align: center;\">La Boutique Consciente positioniert Zirkularit\u00e4t und Transparenz als zentrale Werte im heutigen wettbewerbsintensiven Markt. Spanische Mode spielt in diesem Bereich eine Schl\u00fcsselrolle und unterstreicht ihren Ruf f\u00fcr Qualit\u00e4t, Kreativit\u00e4t und internationale Strahlkraft.<\/p>\n                        <\/div>\n                                                        <\/div>\n            <\/div>\n        <\/div>\n    <\/section>\n    \n\n    <section id=\"media-block_f4841281d8b4456bff615f9ab4204719\" class=\"section position-relative gp-block gp-media pt-5 pb-5\">\n        <div class=\"container\">\n            <div class=\"row g-0\">\n                <div class=\"col-lg-12 content\" data-aos=\"fade-in\" data-aos-duration=\"1000\">\n                                                                            <\/div>\n            <\/div>\n            <div class=\"row g-0\">\n                <div class=\"col-lg-12 img-scaled\">\n                                                                                                                                                <figure class=\"mb-4 pt-lg-0 mb-lg-0 ps-lg-0 pe-lg-0\" data-aos=\"fade-up\" data-aos-duration=\"1000\"><div class=\"img-container\"><img loading=\"lazy\" decoding=\"async\" width=\"1200\" height=\"1600\" src=\"https:\/\/luxiders.com\/content\/uploads\/Momad-6.jpeg\" class=\"img-fluid w-100\" alt=\"La boutique consciente at Momad September 2025\" srcset=\"https:\/\/luxiders.com\/content\/uploads\/Momad-6.jpeg 1200w, https:\/\/luxiders.com\/content\/uploads\/Momad-6-225x300.jpeg 225w, https:\/\/luxiders.com\/content\/uploads\/Momad-6-768x1024.jpeg 768w, https:\/\/luxiders.com\/content\/uploads\/Momad-6-1152x1536.jpeg 1152w\" sizes=\"(max-width: 1200px) 100vw, 1200px\" \/><\/div><figcaption>\u00a9 Luxiders Magazine<\/figcaption><\/figure>                                                                                            <\/div>\n                                            <\/div>\n        <\/div>\n    <\/section>\n    \n\n    <section id=\"textblock-block_91c56a49fdee54cef5bb3ad811906685\" class=\"section position-relative gp-block gp-textblock pt-5 pb-0\">\n        <div class=\"container\">\n            <div class=\"row g-0\">\n                <div class=\"col-lg-12 content\" data-aos=\"fade-in\" data-aos-duration=\"1000\">\n                                                                        <h2 class=\"\"><h2>La Boutique Consciente und der Aufstieg der verantwortungsbewussten Mode<\/h2>\n<\/h2>\n                                                                                                        <p>Als zentraler professioneller Treffpunkt anerkannt, entwickelt sich MOMAD kontinuierlich weiter als Raum, in dem sich Kreativit\u00e4t und Handel gegenseitig st\u00e4rken. Etablierte und aufstrebende Marken pr\u00e4sentieren ihre Konzepte einem internationalen Publikum aus Eink\u00e4uferinnen und Eink\u00e4ufern sowie Entscheidungstr\u00e4gerinnen und -tr\u00e4gern und f\u00f6rdern so wertvolle Verbindungen entlang der gesamten Wertsch\u00f6pfungskette. Um diese Marktperspektive weiter zu erweitern, findet MOMAD erneut parallel zu Bisutex statt, der f\u00fchrenden Fachmesse f\u00fcr Schmuck und Accessoires.<\/p>\n<p><a href=\"https:\/\/luxiders.com\/la-boutique-consciente-the-conscious-boutique-will-show-again-the-most-eco-responsible-garments-in-momad-madrid\/\" target=\"_blank\" rel=\"noopener\">La Boutique Consciente<\/a> wird erneut als einer der pr\u00e4gnantesten Bereiche der Messe hervorstechen und das Engagement von MOMAD f\u00fcr umweltbewusste Mode unterstreichen. Dieser von der nachhaltigen Kommunikationsagentur <a href=\"https:\/\/001.agency\/\" target=\"_blank\" rel=\"noopener\">001.Agency<\/a> kuratierte Bereich bringt Marken zusammen, die mit recycelten Materialien, R\u00fcckverfolgbarkeitssystemen und Produktionsmethoden mit geringer Umweltbelastung arbeiten. Damit wird gezeigt, dass Nachhaltigkeit Attraktivit\u00e4t, Markenidentit\u00e4t und langfristigen Wert st\u00e4rken kann. Durch die Pr\u00e4sentation verantwortungsvoller Mode in einem hochwertigen und zeitgem\u00e4\u00dfen Rahmen positioniert La Boutique Consciente Zirkularit\u00e4t und Transparenz als zentrale Wettbewerbsvorteile im heutigen Markt. Die spanische Mode spielt in diesem Bereich eine zentrale Rolle und unterstreicht ihren Ruf f\u00fcr Qualit\u00e4t, Kreativit\u00e4t und internationale Reichweite. Laut dem Wirtschaftbericht zur Mode in Spanien 2025 tr\u00e4gt der Sektor 2,9 % zum nationalen Bruttoinlandsprodukt bei und \u00fcberschritt ein Exportvolumen von 23 Milliarden Euro, was seine strategische Bedeutung und starke globale Perspektive verdeutlicht.<\/p>\n<p>Laut Angaben der Veranstalter brachte die letzte Ausgabe von MOMAD mehr als 300 Marken aus 23 L\u00e4ndern zusammen und verzeichnete einen Anstieg der Fachbesucherinnen und -besucher um 11 %, mit Teilnehmenden aus \u00fcber 70 L\u00e4ndern. Diese Zahlen best\u00e4tigen die wachsende Bedeutung von MOMAD als internationaler Hub, in dem umweltbewusste Mode und Gesch\u00e4ftsentwicklung Hand in Hand gehen.<\/p>\n                                                        <\/div>\n            <\/div>\n        <\/div>\n    <\/section>\n    \n\n    <section id=\"textblock-block_8b8645123d71815cd978c51940ae19d2\" class=\"section position-relative gp-block gp-textblock pt-5 pb-5 pb-lg-8\">\n        <div class=\"container\">\n            <div class=\"row g-0\">\n                <div class=\"col-lg-12 content\" data-aos=\"fade-in\" data-aos-duration=\"1000\">\n                                                                                <p>&nbsp;<\/p>\n<p style=\"text-align: center;\"><strong><i>Highlight Image:<\/i><i><br \/>\n<\/i><i>\u00a9 Courtesy by Momad<\/i><\/strong><\/p>\n                                                        <\/div>\n            <\/div>\n        <\/div>\n    <\/section>\n    ","protected":false},"excerpt":{"rendered":"","protected":false},"author":2,"featured_media":60020,"comment_status":"closed","ping_status":"closed","sticky":false,"template":"","format":"standard","meta":{"_acf_changed":false,"footnotes":""},"categories":[1194],"tags":[10475,10476],"class_list":{"0":"post-60017","1":"post","2":"type-post","3":"status-publish","4":"format-standard","5":"has-post-thumbnail","7":"category-nachhaltig-luxus-mode","8":"tag-la-boutique-consciente-de","9":"tag-momad-2026-de"},"acf":[],"yoast_head":"<title>MOMAD 2026 | Mode als kommerzielle Kraft hervor<\/title>\n<meta name=\"description\" content=\"MOMAD 2026 kehrt vom 5. bis 7. Februar zur\u00fcck und r\u00fcckt umweltbewusste Mode als kreative und kommerzielle Kraft in den Fokus, mit spanischem\" \/>\n<meta name=\"robots\" content=\"index, follow, max-snippet:-1, max-image-preview:large, max-video-preview:-1\" \/>\n<link rel=\"canonical\" href=\"https:\/\/luxiders.com\/de\/momad-2026-hebt-umweltbewusste-mode-als-kreative-und-kommerzielle-kraft-hervor\/\" \/>\n<meta property=\"og:locale\" content=\"de_DE\" \/>\n<meta property=\"og:type\" content=\"article\" \/>\n<meta property=\"og:title\" content=\"MOMAD 2026 | Mode als kommerzielle Kraft hervor\" \/>\n<meta property=\"og:description\" content=\"MOMAD 2026 kehrt vom 5. bis 7. Februar zur\u00fcck und r\u00fcckt umweltbewusste Mode als kreative und kommerzielle Kraft in den Fokus, mit spanischem\" \/>\n<meta property=\"og:url\" content=\"https:\/\/luxiders.com\/de\/momad-2026-hebt-umweltbewusste-mode-als-kreative-und-kommerzielle-kraft-hervor\/\" \/>\n<meta property=\"og:site_name\" content=\"Sustainable Fashion - Eco Design - Healthy Lifestyle - Luxiders Magazine\" \/>\n<meta property=\"article:published_time\" content=\"2026-01-06T00:22:14+00:00\" \/>\n<meta property=\"article:modified_time\" content=\"2026-01-06T10:37:46+00:00\" \/>\n<meta property=\"og:image\" content=\"https:\/\/luxiders.com\/content\/uploads\/MOMAD_Pasarela_luxiders-magazine.jpeg\" \/>\n\t<meta property=\"og:image:width\" content=\"1200\" \/>\n\t<meta property=\"og:image:height\" content=\"800\" \/>\n\t<meta property=\"og:image:type\" content=\"image\/jpeg\" \/>\n<meta name=\"author\" content=\"luxiders\" \/>\n<meta name=\"twitter:card\" content=\"summary_large_image\" \/>\n<meta name=\"twitter:label1\" content=\"Verfasst von\" \/>\n\t<meta name=\"twitter:data1\" content=\"luxiders\" \/>\n\t<meta name=\"twitter:label2\" content=\"Gesch\u00e4tzte Lesezeit\" \/>\n\t<meta name=\"twitter:data2\" content=\"3\u00a0Minuten\" \/>\n<script type=\"application\/ld+json\" class=\"yoast-schema-graph\">{\"@context\":\"https:\/\/schema.org\",\"@graph\":[{\"@type\":\"Article\",\"@id\":\"https:\/\/luxiders.com\/de\/momad-2026-hebt-umweltbewusste-mode-als-kreative-und-kommerzielle-kraft-hervor\/#article\",\"isPartOf\":{\"@id\":\"https:\/\/luxiders.com\/de\/momad-2026-hebt-umweltbewusste-mode-als-kreative-und-kommerzielle-kraft-hervor\/\"},\"author\":{\"name\":\"luxiders\",\"@id\":\"https:\/\/luxiders.com\/de\/#\/schema\/person\/8632fa702ae2ce98f66c396254633de8\"},\"headline\":\"MOMAD 2026 hebt umweltbewusste Mode als kreative und kommerzielle Kraft hervor\",\"datePublished\":\"2026-01-06T00:22:14+00:00\",\"dateModified\":\"2026-01-06T10:37:46+00:00\",\"mainEntityOfPage\":{\"@id\":\"https:\/\/luxiders.com\/de\/momad-2026-hebt-umweltbewusste-mode-als-kreative-und-kommerzielle-kraft-hervor\/\"},\"wordCount\":10,\"publisher\":{\"@id\":\"https:\/\/luxiders.com\/de\/#organization\"},\"image\":{\"@id\":\"https:\/\/luxiders.com\/de\/momad-2026-hebt-umweltbewusste-mode-als-kreative-und-kommerzielle-kraft-hervor\/#primaryimage\"},\"thumbnailUrl\":\"https:\/\/luxiders.com\/content\/uploads\/MOMAD_Pasarela_luxiders-magazine.jpeg\",\"keywords\":[\"la boutique consciente\",\"momad 2026\"],\"articleSection\":[\"Mode\"],\"inLanguage\":\"de\"},{\"@type\":\"WebPage\",\"@id\":\"https:\/\/luxiders.com\/de\/momad-2026-hebt-umweltbewusste-mode-als-kreative-und-kommerzielle-kraft-hervor\/\",\"url\":\"https:\/\/luxiders.com\/de\/momad-2026-hebt-umweltbewusste-mode-als-kreative-und-kommerzielle-kraft-hervor\/\",\"name\":\"MOMAD 2026 | Mode als kommerzielle Kraft hervor\",\"isPartOf\":{\"@id\":\"https:\/\/luxiders.com\/de\/#website\"},\"primaryImageOfPage\":{\"@id\":\"https:\/\/luxiders.com\/de\/momad-2026-hebt-umweltbewusste-mode-als-kreative-und-kommerzielle-kraft-hervor\/#primaryimage\"},\"image\":{\"@id\":\"https:\/\/luxiders.com\/de\/momad-2026-hebt-umweltbewusste-mode-als-kreative-und-kommerzielle-kraft-hervor\/#primaryimage\"},\"thumbnailUrl\":\"https:\/\/luxiders.com\/content\/uploads\/MOMAD_Pasarela_luxiders-magazine.jpeg\",\"datePublished\":\"2026-01-06T00:22:14+00:00\",\"dateModified\":\"2026-01-06T10:37:46+00:00\",\"description\":\"MOMAD 2026 kehrt vom 5. bis 7. Februar zur\u00fcck und r\u00fcckt umweltbewusste Mode als kreative und kommerzielle Kraft in den Fokus, mit spanischem\",\"breadcrumb\":{\"@id\":\"https:\/\/luxiders.com\/de\/momad-2026-hebt-umweltbewusste-mode-als-kreative-und-kommerzielle-kraft-hervor\/#breadcrumb\"},\"inLanguage\":\"de\",\"potentialAction\":[{\"@type\":\"ReadAction\",\"target\":[\"https:\/\/luxiders.com\/de\/momad-2026-hebt-umweltbewusste-mode-als-kreative-und-kommerzielle-kraft-hervor\/\"]}]},{\"@type\":\"ImageObject\",\"inLanguage\":\"de\",\"@id\":\"https:\/\/luxiders.com\/de\/momad-2026-hebt-umweltbewusste-mode-als-kreative-und-kommerzielle-kraft-hervor\/#primaryimage\",\"url\":\"https:\/\/luxiders.com\/content\/uploads\/MOMAD_Pasarela_luxiders-magazine.jpeg\",\"contentUrl\":\"https:\/\/luxiders.com\/content\/uploads\/MOMAD_Pasarela_luxiders-magazine.jpeg\",\"width\":1200,\"height\":800},{\"@type\":\"BreadcrumbList\",\"@id\":\"https:\/\/luxiders.com\/de\/momad-2026-hebt-umweltbewusste-mode-als-kreative-und-kommerzielle-kraft-hervor\/#breadcrumb\",\"itemListElement\":[{\"@type\":\"ListItem\",\"position\":1,\"name\":\"Startseite\",\"item\":\"https:\/\/luxiders.com\/de\/\"},{\"@type\":\"ListItem\",\"position\":2,\"name\":\"Mode\",\"item\":\"https:\/\/luxiders.com\/de\/Katregorie\/nachhaltig-luxus-mode\/\"},{\"@type\":\"ListItem\",\"position\":3,\"name\":\"MOMAD 2026 hebt umweltbewusste Mode als kreative und kommerzielle Kraft hervor\"}]},{\"@type\":\"WebSite\",\"@id\":\"https:\/\/luxiders.com\/de\/#website\",\"url\":\"https:\/\/luxiders.com\/de\/\",\"name\":\"Sustainable Fashion - Eco Design - Healthy Lifestyle - Luxiders Magazine\",\"description\":\"Luxiders is a sustainable luxury magazine highlighting the best stories about sustainable fashion, ethical fashion, eco-friendly design, green design, sustainable travel, natural beauty, organic beauty and healthy lifestyle. Know the best high-end, progressive and luxury sustainable brands and designers worldwide.\",\"publisher\":{\"@id\":\"https:\/\/luxiders.com\/de\/#organization\"},\"potentialAction\":[{\"@type\":\"SearchAction\",\"target\":{\"@type\":\"EntryPoint\",\"urlTemplate\":\"https:\/\/luxiders.com\/de\/?s={search_term_string}\"},\"query-input\":{\"@type\":\"PropertyValueSpecification\",\"valueRequired\":true,\"valueName\":\"search_term_string\"}}],\"inLanguage\":\"de\"},{\"@type\":\"Organization\",\"@id\":\"https:\/\/luxiders.com\/de\/#organization\",\"name\":\"Sustainable Fashion - Eco Design - Healthy Lifestyle - Luxiders Magazine\",\"url\":\"https:\/\/luxiders.com\/de\/\",\"logo\":{\"@type\":\"ImageObject\",\"inLanguage\":\"de\",\"@id\":\"https:\/\/luxiders.com\/de\/#\/schema\/logo\/image\/\",\"url\":\"https:\/\/luxiders.com\/content\/uploads\/lux-logo.svg\",\"contentUrl\":\"https:\/\/luxiders.com\/content\/uploads\/lux-logo.svg\",\"caption\":\"Sustainable Fashion - Eco Design - Healthy Lifestyle - Luxiders Magazine\"},\"image\":{\"@id\":\"https:\/\/luxiders.com\/de\/#\/schema\/logo\/image\/\"}},{\"@type\":\"Person\",\"@id\":\"https:\/\/luxiders.com\/de\/#\/schema\/person\/8632fa702ae2ce98f66c396254633de8\",\"name\":\"luxiders\",\"url\":\"https:\/\/luxiders.com\/de\/author\/luxiders\/\"}]}<\/script>","yoast_head_json":{"title":"MOMAD 2026 | Mode als kommerzielle Kraft hervor","description":"MOMAD 2026 kehrt vom 5. bis 7. Februar zur\u00fcck und r\u00fcckt umweltbewusste Mode als kreative und kommerzielle Kraft in den Fokus, mit spanischem","robots":{"index":"index","follow":"follow","max-snippet":"max-snippet:-1","max-image-preview":"max-image-preview:large","max-video-preview":"max-video-preview:-1"},"canonical":"https:\/\/luxiders.com\/de\/momad-2026-hebt-umweltbewusste-mode-als-kreative-und-kommerzielle-kraft-hervor\/","og_locale":"de_DE","og_type":"article","og_title":"MOMAD 2026 | Mode als kommerzielle Kraft hervor","og_description":"MOMAD 2026 kehrt vom 5. bis 7. Februar zur\u00fcck und r\u00fcckt umweltbewusste Mode als kreative und kommerzielle Kraft in den Fokus, mit spanischem","og_url":"https:\/\/luxiders.com\/de\/momad-2026-hebt-umweltbewusste-mode-als-kreative-und-kommerzielle-kraft-hervor\/","og_site_name":"Sustainable Fashion - Eco Design - Healthy Lifestyle - Luxiders Magazine","article_published_time":"2026-01-06T00:22:14+00:00","article_modified_time":"2026-01-06T10:37:46+00:00","og_image":[{"width":1200,"height":800,"url":"https:\/\/luxiders.com\/content\/uploads\/MOMAD_Pasarela_luxiders-magazine.jpeg","type":"image\/jpeg"}],"author":"luxiders","twitter_card":"summary_large_image","twitter_misc":{"Verfasst von":"luxiders","Gesch\u00e4tzte Lesezeit":"3\u00a0Minuten"},"schema":{"@context":"https:\/\/schema.org","@graph":[{"@type":"Article","@id":"https:\/\/luxiders.com\/de\/momad-2026-hebt-umweltbewusste-mode-als-kreative-und-kommerzielle-kraft-hervor\/#article","isPartOf":{"@id":"https:\/\/luxiders.com\/de\/momad-2026-hebt-umweltbewusste-mode-als-kreative-und-kommerzielle-kraft-hervor\/"},"author":{"name":"luxiders","@id":"https:\/\/luxiders.com\/de\/#\/schema\/person\/8632fa702ae2ce98f66c396254633de8"},"headline":"MOMAD 2026 hebt umweltbewusste Mode als kreative und kommerzielle Kraft hervor","datePublished":"2026-01-06T00:22:14+00:00","dateModified":"2026-01-06T10:37:46+00:00","mainEntityOfPage":{"@id":"https:\/\/luxiders.com\/de\/momad-2026-hebt-umweltbewusste-mode-als-kreative-und-kommerzielle-kraft-hervor\/"},"wordCount":10,"publisher":{"@id":"https:\/\/luxiders.com\/de\/#organization"},"image":{"@id":"https:\/\/luxiders.com\/de\/momad-2026-hebt-umweltbewusste-mode-als-kreative-und-kommerzielle-kraft-hervor\/#primaryimage"},"thumbnailUrl":"https:\/\/luxiders.com\/content\/uploads\/MOMAD_Pasarela_luxiders-magazine.jpeg","keywords":["la boutique consciente","momad 2026"],"articleSection":["Mode"],"inLanguage":"de"},{"@type":"WebPage","@id":"https:\/\/luxiders.com\/de\/momad-2026-hebt-umweltbewusste-mode-als-kreative-und-kommerzielle-kraft-hervor\/","url":"https:\/\/luxiders.com\/de\/momad-2026-hebt-umweltbewusste-mode-als-kreative-und-kommerzielle-kraft-hervor\/","name":"MOMAD 2026 | Mode als kommerzielle Kraft hervor","isPartOf":{"@id":"https:\/\/luxiders.com\/de\/#website"},"primaryImageOfPage":{"@id":"https:\/\/luxiders.com\/de\/momad-2026-hebt-umweltbewusste-mode-als-kreative-und-kommerzielle-kraft-hervor\/#primaryimage"},"image":{"@id":"https:\/\/luxiders.com\/de\/momad-2026-hebt-umweltbewusste-mode-als-kreative-und-kommerzielle-kraft-hervor\/#primaryimage"},"thumbnailUrl":"https:\/\/luxiders.com\/content\/uploads\/MOMAD_Pasarela_luxiders-magazine.jpeg","datePublished":"2026-01-06T00:22:14+00:00","dateModified":"2026-01-06T10:37:46+00:00","description":"MOMAD 2026 kehrt vom 5. bis 7. Februar zur\u00fcck und r\u00fcckt umweltbewusste Mode als kreative und kommerzielle Kraft in den Fokus, mit spanischem","breadcrumb":{"@id":"https:\/\/luxiders.com\/de\/momad-2026-hebt-umweltbewusste-mode-als-kreative-und-kommerzielle-kraft-hervor\/#breadcrumb"},"inLanguage":"de","potentialAction":[{"@type":"ReadAction","target":["https:\/\/luxiders.com\/de\/momad-2026-hebt-umweltbewusste-mode-als-kreative-und-kommerzielle-kraft-hervor\/"]}]},{"@type":"ImageObject","inLanguage":"de","@id":"https:\/\/luxiders.com\/de\/momad-2026-hebt-umweltbewusste-mode-als-kreative-und-kommerzielle-kraft-hervor\/#primaryimage","url":"https:\/\/luxiders.com\/content\/uploads\/MOMAD_Pasarela_luxiders-magazine.jpeg","contentUrl":"https:\/\/luxiders.com\/content\/uploads\/MOMAD_Pasarela_luxiders-magazine.jpeg","width":1200,"height":800},{"@type":"BreadcrumbList","@id":"https:\/\/luxiders.com\/de\/momad-2026-hebt-umweltbewusste-mode-als-kreative-und-kommerzielle-kraft-hervor\/#breadcrumb","itemListElement":[{"@type":"ListItem","position":1,"name":"Startseite","item":"https:\/\/luxiders.com\/de\/"},{"@type":"ListItem","position":2,"name":"Mode","item":"https:\/\/luxiders.com\/de\/Katregorie\/nachhaltig-luxus-mode\/"},{"@type":"ListItem","position":3,"name":"MOMAD 2026 hebt umweltbewusste Mode als kreative und kommerzielle Kraft hervor"}]},{"@type":"WebSite","@id":"https:\/\/luxiders.com\/de\/#website","url":"https:\/\/luxiders.com\/de\/","name":"Sustainable Fashion - Eco Design - Healthy Lifestyle - Luxiders Magazine","description":"Luxiders is a sustainable luxury magazine highlighting the best stories about sustainable fashion, ethical fashion, eco-friendly design, green design, sustainable travel, natural beauty, organic beauty and healthy lifestyle. Know the best high-end, progressive and luxury sustainable brands and designers worldwide.","publisher":{"@id":"https:\/\/luxiders.com\/de\/#organization"},"potentialAction":[{"@type":"SearchAction","target":{"@type":"EntryPoint","urlTemplate":"https:\/\/luxiders.com\/de\/?s={search_term_string}"},"query-input":{"@type":"PropertyValueSpecification","valueRequired":true,"valueName":"search_term_string"}}],"inLanguage":"de"},{"@type":"Organization","@id":"https:\/\/luxiders.com\/de\/#organization","name":"Sustainable Fashion - Eco Design - Healthy Lifestyle - Luxiders Magazine","url":"https:\/\/luxiders.com\/de\/","logo":{"@type":"ImageObject","inLanguage":"de","@id":"https:\/\/luxiders.com\/de\/#\/schema\/logo\/image\/","url":"https:\/\/luxiders.com\/content\/uploads\/lux-logo.svg","contentUrl":"https:\/\/luxiders.com\/content\/uploads\/lux-logo.svg","caption":"Sustainable Fashion - Eco Design - Healthy Lifestyle - Luxiders Magazine"},"image":{"@id":"https:\/\/luxiders.com\/de\/#\/schema\/logo\/image\/"}},{"@type":"Person","@id":"https:\/\/luxiders.com\/de\/#\/schema\/person\/8632fa702ae2ce98f66c396254633de8","name":"luxiders","url":"https:\/\/luxiders.com\/de\/author\/luxiders\/"}]}},"_links":{"self":[{"href":"https:\/\/luxiders.com\/de\/wp-json\/wp\/v2\/posts\/60017","targetHints":{"allow":["GET"]}}],"collection":[{"href":"https:\/\/luxiders.com\/de\/wp-json\/wp\/v2\/posts"}],"about":[{"href":"https:\/\/luxiders.com\/de\/wp-json\/wp\/v2\/types\/post"}],"author":[{"embeddable":true,"href":"https:\/\/luxiders.com\/de\/wp-json\/wp\/v2\/users\/2"}],"replies":[{"embeddable":true,"href":"https:\/\/luxiders.com\/de\/wp-json\/wp\/v2\/comments?post=60017"}],"version-history":[{"count":2,"href":"https:\/\/luxiders.com\/de\/wp-json\/wp\/v2\/posts\/60017\/revisions"}],"predecessor-version":[{"id":60063,"href":"https:\/\/luxiders.com\/de\/wp-json\/wp\/v2\/posts\/60017\/revisions\/60063"}],"wp:featuredmedia":[{"embeddable":true,"href":"https:\/\/luxiders.com\/de\/wp-json\/wp\/v2\/media\/60020"}],"wp:attachment":[{"href":"https:\/\/luxiders.com\/de\/wp-json\/wp\/v2\/media?parent=60017"}],"wp:term":[{"taxonomy":"category","embeddable":true,"href":"https:\/\/luxiders.com\/de\/wp-json\/wp\/v2\/categories?post=60017"},{"taxonomy":"post_tag","embeddable":true,"href":"https:\/\/luxiders.com\/de\/wp-json\/wp\/v2\/tags?post=60017"}],"curies":[{"name":"wp","href":"https:\/\/api.w.org\/{rel}","templated":true}]}}