{"id":62758,"date":"2026-07-22T09:00:00","date_gmt":"2026-07-22T07:00:00","guid":{"rendered":"https:\/\/luxiders.com\/?p=62758"},"modified":"2026-09-04T14:23:47","modified_gmt":"2026-09-04T12:23:47","slug":"micro-gardening-wie-kleine-urbane-raeume-nachhaltiges-leben-veraendern","status":"publish","type":"post","link":"https:\/\/luxiders.com\/de\/micro-gardening-wie-kleine-urbane-raeume-nachhaltiges-leben-veraendern\/","title":{"rendered":"Micro Gardening: Wie kleine urbane R\u00e4ume nachhaltiges Leben ver\u00e4ndern"},"content":{"rendered":"    <section id=\"textblock-block_d1fbe1fa50a0860b9ab2c9d6ae37171a\" class=\"section position-relative gp-block gp-textblock pt-0 pb-0\">\n        <div class=\"container\">\n            <div class=\"row g-0\">\n                <div class=\"col-lg-12 content\" data-aos=\"fade-in\" data-aos-duration=\"1000\">\n                                                                                    <div class=\"intro \">\n                            <p style=\"text-align: center;\">Von Balkonen und Dachterrassen bis hin zu winzigen Innenh\u00f6fen: Micro Gardening verwandelt ungenutzte st\u00e4dtische Fl\u00e4chen in produktive gr\u00fcne Oasen. Diese kleinen G\u00e4rten liefern nicht nur frische Lebensmittel, sondern f\u00f6rdern auch die Artenvielfalt, verbessern die Ern\u00e4hrungssicherheit, reduzieren Abf\u00e4lle und bieten eine einfache, aber wirkungsvolle M\u00f6glichkeit, St\u00e4dte nachhaltiger zu gestalten.<\/p>\n                        <\/div>\n                                                                                                <\/div>\n            <\/div>\n        <\/div>\n    <\/section>\n    \n\n    <section id=\"newsletter-block_e71434a4fce6b200c54281adca0a99f0\" class=\"section position-relative gp-block gp-newsletter pt-0 pb-0 my-5\">\n        <div class=\"container\">\n            <div class=\"row g-0 pt-4 pb-3\">\n                <div class=\"col-lg-12 content text-center border pt-3\" data-aos=\"fade-in\" data-aos-duration=\"1000\">\n                                            <p><em>Um den Luxiders Newsletter zu erhalten,\u00a0<a href=\"https:\/\/landing.mailerlite.com\/webforms\/landing\/g1u8s7\">melde dich hier an<\/a>.<\/em><\/p>\n                                    <\/div>\n            <\/div>\n        <\/div>\n    <\/section>\n    \n\n    <section id=\"textblock-block_2f0f7ff35cc5316085b9969f5f60bf1c\" class=\"section position-relative gp-block gp-textblock pt-5 pb-5\">\n        <div class=\"container\">\n            <div class=\"row g-0\">\n                <div class=\"col-lg-12 content\" data-aos=\"fade-in\" data-aos-duration=\"1000\">\n                                                                        <h2 class=\"\">Was ist Micro Gardening?\n<\/h2>\n                                                                                                        <p>Die Ern\u00e4hrungs- und Landwirtschaftsorganisation der Vereinten Nationen (FAO) beschreibt Micro Gardening als eine Anbaumethode, bei der auf begrenzten st\u00e4dtischen Fl\u00e4chen \u2013 darunter Balkone, Innenh\u00f6fe und Dachterrassen \u2013 eine beeindruckende Vielfalt an Gem\u00fcse, Wurzel- und Knollenpflanzen sowie Kr\u00e4utern kultiviert wird.<\/p>\n<p>Obwohl Stadtbewohner traditionell bereits Pflanzen in kleinen Hinterhofg\u00e4rten angebaut haben, kommen beim modernen Micro Gardening innovative Beh\u00e4lter zum Einsatz. Dazu geh\u00f6ren mit Kunststoff ausgekleidete Holzkisten, speziell angefertigte Pflanztische und sogar wiederverwendete Gegenst\u00e4nde wie alte Autoreifen. Dieser Ansatz verbindet fortschrittliche Gartenbaumethoden mit nachhaltigen Praktiken, die f\u00fcr St\u00e4dte besonders relevant sind \u2013 darunter das Sammeln von Regenwasser und die Wiederverwertung von Haushaltsabf\u00e4llen zur Verringerung der Umweltbelastung.<\/p>\n<p>Nach Angaben der FAO sind Mikrog\u00e4rten bemerkenswert ertragreich und f\u00fcr Menschen jeden Alters und mit unterschiedlichen F\u00e4higkeiten zug\u00e4nglich. Selbst ohne verf\u00fcgbare Bodenfl\u00e4che l\u00e4sst sich Gem\u00fcse in Beh\u00e4ltern anbauen, die mit Gartenerde oder einem Kultursubstrat aus lokal verf\u00fcgbaren Materialien wie Erdnussschalen, Kokosfasern, Reisspelzen, grobem Sand oder Laterit gef\u00fcllt sind. Stehen diese alternativen Kultursubstrate nicht zur Verf\u00fcgung, kann Gem\u00fcse auch in Wasser angebaut werden, das mit einem l\u00f6slichen D\u00fcnger angereichert ist.<\/p>\n                                                        <\/div>\n            <\/div>\n        <\/div>\n    <\/section>\n    \n\n    <section id=\"textblock-block_94bc2e0ac65e785d58e8781105c97c01\" class=\"section position-relative gp-block gp-textblock pt-5 pb-5\">\n        <div class=\"container\">\n            <div class=\"row g-0\">\n                <div class=\"col-lg-12 content\" data-aos=\"fade-in\" data-aos-duration=\"1000\">\n                                                                        <h2 class=\"\">Micro Gardening f\u00fcr einen ges\u00fcnderen Planeten\n<\/h2>\n                                                                                                        <p>Mikrog\u00e4rten k\u00f6nnen bereits auf einer Fl\u00e4che von nur einem Quadratmeter gedeihen und ben\u00f6tigen vergleichsweise wenig Wasser. Dies ist besonders in wachsenden st\u00e4dtischen Gebieten von Bedeutung, in denen der Zugang zu sauberem und bezahlbarem Wasser eingeschr\u00e4nkt sein kann. Nach Angaben der FAO ben\u00f6tigt ein nur einen Quadratmeter gro\u00dfer Mikrogarten im Laufe eines Jahres \u00fcblicherweise etwa 1.000&nbsp;Liter Wasser \u2013 das entspricht durchschnittlich weniger als drei Litern pro Tag. Als Alternative zu herk\u00f6mmlichen Bew\u00e4sserungsmethoden kann Regenwasser mithilfe von Dachrinnen und Rohren aufgefangen und in Sammelbeh\u00e4lter geleitet werden. Sobald die erforderliche Anlage zur Regenwassernutzung installiert ist, wird diese Ressource zu einer kosteng\u00fcnstigen und umweltfreundlichen L\u00f6sung f\u00fcr die Bew\u00e4sserung von Pflanzen.<\/p>\n<p>Das Leben in einer Stadt bedeutet zudem h\u00e4ufig, Luft zu atmen, die alles andere als <a href=\"https:\/\/luxiders.com\/de\/luftreinigende-architektur-eine-gruenere-zukunft-gestalten\/\" target=\"_blank\" rel=\"noopener\">sauber<\/a> ist. Eine 2025 in der Fachzeitschrift \u201eFarming System\u201c ver\u00f6ffentlichte Studie erkl\u00e4rt, dass der st\u00e4ndige Fahrzeugverkehr und der unaufh\u00f6rliche Betrieb von Fabriken die Luft mit Schadstoffen belasten und es Stadtbewohnern erschweren, frische Luft zu genie\u00dfen. Das Pflanzen von B\u00e4umen gilt zwar seit Langem als eine L\u00f6sung f\u00fcr diese Probleme, doch in vielen St\u00e4dten fehlt schlichtweg der Platz f\u00fcr gro\u00dfe Gr\u00fcnfl\u00e4chen.<\/p>\n<p><a href=\"https:\/\/luxiders.com\/green-roofs-creating-aesthetic-and-sustainable-buildings\/\" target=\"_blank\" rel=\"noopener\">Dachg\u00e4rten<\/a> und begr\u00fcnte D\u00e4cher bieten kreative M\u00f6glichkeiten zur Verbesserung der Luftqualit\u00e4t, sind jedoch kostspielig und erfordern stabile, statisch geeignete Geb\u00e4ude. Wohlhabendere St\u00e4dte beginnen, mehr Gr\u00fcnfl\u00e4chen einzuplanen, doch f\u00fcr St\u00e4dte mit geringeren finanziellen Ressourcen ist dies wesentlich schwieriger. Anstatt sich ausschlie\u00dflich auf teure Dachg\u00e4rten zu verlassen, sollten Stadtverwaltungen in finanzschw\u00e4cheren Regionen nach Ansicht von Fachleuten die urbane Landwirtschaft von Anfang an in ihre Planung einbeziehen.<\/p>\n                                                        <\/div>\n            <\/div>\n        <\/div>\n    <\/section>\n    \n\n    <section id=\"media-block_4a190ef51ba9a3264a32d88a0e474b9c\" class=\"section position-relative gp-block gp-media pt-5 pb-5\">\n        <div class=\"container\">\n            <div class=\"row g-0\">\n                <div class=\"col-lg-12 content\" data-aos=\"fade-in\" data-aos-duration=\"1000\">\n                                                                            <\/div>\n            <\/div>\n            <div class=\"row g-0\">\n                <div class=\"col-lg-12 img-scaled\">\n                                                                                                                                                <figure class=\"mb-4 pt-lg-1 mb-lg-0 ps-lg-2 pe-lg-2\" data-aos=\"fade-up\" data-aos-duration=\"1000\"><div class=\"img-container\"><img loading=\"lazy\" decoding=\"async\" width=\"1920\" height=\"1080\" src=\"https:\/\/luxiders.com\/content\/uploads\/galen-crout-urban-farming-luxiders-magazine.jpg\" class=\"img-fluid w-100\" alt=\"Urban farming\" srcset=\"https:\/\/luxiders.com\/content\/uploads\/galen-crout-urban-farming-luxiders-magazine.jpg 1920w, https:\/\/luxiders.com\/content\/uploads\/galen-crout-urban-farming-luxiders-magazine-300x169.jpg 300w, https:\/\/luxiders.com\/content\/uploads\/galen-crout-urban-farming-luxiders-magazine-1024x576.jpg 1024w, https:\/\/luxiders.com\/content\/uploads\/galen-crout-urban-farming-luxiders-magazine-768x432.jpg 768w, https:\/\/luxiders.com\/content\/uploads\/galen-crout-urban-farming-luxiders-magazine-1536x864.jpg 1536w\" sizes=\"(max-width: 1920px) 100vw, 1920px\" \/><\/div><figcaption>@Galen Crout via Unsplash<\/figcaption><\/figure>                                                                                            <\/div>\n                                            <\/div>\n        <\/div>\n    <\/section>\n    \n\n    <section id=\"textblock-block_bb13a8fcab0cc0d9f5dfcbfe63af6042\" class=\"section position-relative gp-block gp-textblock pt-5 pb-5\">\n        <div class=\"container\">\n            <div class=\"row g-0\">\n                <div class=\"col-lg-12 content\" data-aos=\"fade-in\" data-aos-duration=\"1000\">\n                                                                                <p>Dar\u00fcber hinaus zeigen Forschungsergebnisse, dass Micro Gardening zu einer besseren Abfallwirtschaft beitragen kann. Urbane Landwirtschaft bietet St\u00e4dten die M\u00f6glichkeit, allt\u00e4gliche Abf\u00e4lle in wertvolle Ressourcen zu verwandeln. Anstatt K\u00fcchen- und Gartenabf\u00e4lle auf Deponien zu entsorgen, nutzen viele Gemeinschaften diese zur Herstellung von Kompost f\u00fcr den Lebensmittelanbau.<\/p>\n<p>In L\u00e4ndern und St\u00e4dten wie Deutschland und New York f\u00f6rdern lokale G\u00e4rten und kommunale Programme die Beteiligung der Bev\u00f6lkerung und erleichtern es ganzen Nachbarschaften, sich einzubringen. Weltweit \u2013 von Brasilien \u00fcber S\u00fcdafrika bis Ghana \u2013 entwickeln Stadtverwaltungen und Einwohner kreative L\u00f6sungen, um Abf\u00e4lle zu verwerten, die hygienischen Bedingungen zu verbessern und frische Lebensmittel direkt dort anzubauen, wo die Menschen leben. Diese Ma\u00dfnahmen tragen nicht nur zu saubereren St\u00e4dten bei, sondern bringen auch Menschen zusammen. Damit zeigen sie, wie urbane Landwirtschaft Gemeinschaften verbinden und zugleich die Umwelt sch\u00fctzen kann. Trotz der weiterhin bestehenden Herausforderungen durch Umweltverschmutzung beweist sie, dass bereits kleine Schritte eine gro\u00dfe Wirkung erzielen k\u00f6nnen.<\/p>\n                                                        <\/div>\n            <\/div>\n        <\/div>\n    <\/section>\n    \n\n    <section id=\"media-block_3e6e8f4071feff5ee70e3831b4585f85\" class=\"section position-relative gp-block gp-media pt-5 pb-5\">\n        <div class=\"container\">\n            <div class=\"row g-0\">\n                <div class=\"col-lg-12 content\" data-aos=\"fade-in\" data-aos-duration=\"1000\">\n                                                                            <\/div>\n            <\/div>\n            <div class=\"row g-0\">\n                <div class=\"col-lg-12 img-scaled\">\n                                                                                                                                                <figure class=\"mb-4 pt-lg-1 mb-lg-0 ps-lg-2 pe-lg-2\" data-aos=\"fade-up\" data-aos-duration=\"1000\"><div class=\"img-container\"><img loading=\"lazy\" decoding=\"async\" width=\"1920\" height=\"1080\" src=\"https:\/\/luxiders.com\/content\/uploads\/priscilla-du-preez-urban-farming-luxiders-magazine.jpg\" class=\"img-fluid w-100\" alt=\"Urban farming\" srcset=\"https:\/\/luxiders.com\/content\/uploads\/priscilla-du-preez-urban-farming-luxiders-magazine.jpg 1920w, https:\/\/luxiders.com\/content\/uploads\/priscilla-du-preez-urban-farming-luxiders-magazine-300x169.jpg 300w, https:\/\/luxiders.com\/content\/uploads\/priscilla-du-preez-urban-farming-luxiders-magazine-1024x576.jpg 1024w, https:\/\/luxiders.com\/content\/uploads\/priscilla-du-preez-urban-farming-luxiders-magazine-768x432.jpg 768w, https:\/\/luxiders.com\/content\/uploads\/priscilla-du-preez-urban-farming-luxiders-magazine-1536x864.jpg 1536w\" sizes=\"(max-width: 1920px) 100vw, 1920px\" \/><\/div><figcaption>@Priscilla du Preez via Unsplash<\/figcaption><\/figure>                                                                                            <\/div>\n                                            <\/div>\n        <\/div>\n    <\/section>\n    \n\n    <section id=\"textblock-block_5da03c4b9c55b9d136c3893b8455b533\" class=\"section position-relative gp-block gp-textblock pt-5 pb-5\">\n        <div class=\"container\">\n            <div class=\"row g-0\">\n                <div class=\"col-lg-12 content\" data-aos=\"fade-in\" data-aos-duration=\"1000\">\n                                                                        <h2 class=\"\">Urbane Landwirtschaft: Nachhaltige St\u00e4dte\n<\/h2>\n                                                                                                        <p>Da immer mehr Menschen in die St\u00e4dte ziehen, ver\u00e4ndert sich unsere Welt rasant. Forschungen zufolge wird bis zur Mitte dieses Jahrhunderts der Gro\u00dfteil der Weltbev\u00f6lkerung in gesch\u00e4ftigen urbanen Zentren leben. Dieses schnelle Wachstum f\u00fchrt dazu, dass sich St\u00e4dte kontinuierlich ausdehnen und Gr\u00fcnfl\u00e4chen zunehmend neuen Geb\u00e4uden und Stra\u00dfen weichen. Diese Ver\u00e4nderungen k\u00f6nnen das Leben in der Stadt mitunter \u00fcberfordernd und sogar ungesund machen. Je mehr Menschen auf engem Raum zusammenleben, desto dringender wird der Bedarf an frischen und gesunden Lebensmitteln. St\u00e4dte m\u00fcssen daher neue Wege finden, ihre Bev\u00f6lkerung zu versorgen und gleichzeitig lebendige und lebenswerte Gemeinschaften zu erhalten.<\/p>\n<p>Eine praktikable L\u00f6sung, um diesen Bedarf zu decken, ohne zus\u00e4tzliche landwirtschaftliche Fl\u00e4chen zu erschlie\u00dfen, ist intelligentes Vertical Farming in St\u00e4dten. Jede Nutzpflanze stellt bestimmte Anforderungen an ihr Wachstum, darunter eine optimale Temperatur, Luftfeuchtigkeit und Bodenfeuchte. Mithilfe innovativer Technologien kann Vertical Farming ideale Bedingungen f\u00fcr unterschiedliche Pflanzen schaffen, dadurch die Ern\u00e4hrungssicherheit in st\u00e4dtischen Gebieten verbessern und zu einem nachhaltigen urbanen Leben beitragen. Dieser Ansatz deckt nicht nur den unmittelbaren Lebensmittelbedarf der Stadtbev\u00f6lkerung, sondern f\u00f6rdert angesichts der Herausforderungen der Urbanisierung auch ein widerstandsf\u00e4higeres Ern\u00e4hrungssystem.<\/p>\n                                                        <\/div>\n            <\/div>\n        <\/div>\n    <\/section>\n    \n\n    <section id=\"media-block_53d843a030e045b645e4c4c672f19180\" class=\"section position-relative gp-block gp-media pt-5 pb-5\">\n        <div class=\"container\">\n            <div class=\"row g-0\">\n                <div class=\"col-lg-12 content\" data-aos=\"fade-in\" data-aos-duration=\"1000\">\n                                                                            <\/div>\n            <\/div>\n            <div class=\"row g-0\">\n                <div class=\"col-lg-12 img-scaled\">\n                                                                                                                                                <figure class=\"mb-4 pt-lg-1 mb-lg-0 ps-lg-2 pe-lg-2\" data-aos=\"fade-up\" data-aos-duration=\"1000\"><div class=\"img-container\"><img loading=\"lazy\" decoding=\"async\" width=\"1920\" height=\"1080\" src=\"https:\/\/luxiders.com\/content\/uploads\/markus-spiske-gardening-luxiders-magazine-.jpg\" class=\"img-fluid w-100\" alt=\"Gardening and urban farming\" srcset=\"https:\/\/luxiders.com\/content\/uploads\/markus-spiske-gardening-luxiders-magazine-.jpg 1920w, https:\/\/luxiders.com\/content\/uploads\/markus-spiske-gardening-luxiders-magazine--300x169.jpg 300w, https:\/\/luxiders.com\/content\/uploads\/markus-spiske-gardening-luxiders-magazine--1024x576.jpg 1024w, https:\/\/luxiders.com\/content\/uploads\/markus-spiske-gardening-luxiders-magazine--768x432.jpg 768w, https:\/\/luxiders.com\/content\/uploads\/markus-spiske-gardening-luxiders-magazine--1536x864.jpg 1536w\" sizes=\"(max-width: 1920px) 100vw, 1920px\" \/><\/div><figcaption>@Markus Spiske via Unsplash<\/figcaption><\/figure>                                                                                            <\/div>\n                                            <\/div>\n        <\/div>\n    <\/section>\n    \n\n    <section id=\"textblock-block_ee2c9d75923564cef1d45ece6843851f\" class=\"section position-relative gp-block gp-textblock pt-5 pb-5\">\n        <div class=\"container\">\n            <div class=\"row g-0\">\n                <div class=\"col-lg-12 content\" data-aos=\"fade-in\" data-aos-duration=\"1000\">\n                                                                        <h2 class=\"\">Urbane Landwirtschaft in der EU\n<\/h2>\n                                                                                                        <p>Die Europ\u00e4ische Stadtinitiative stellt Beispiele f\u00fcr EU-St\u00e4dte vor, die zunehmend auf urbane Landwirtschaft setzen.<\/p>\n<p><strong>Mailand (Italien)<\/strong><\/p>\n<p><a href=\"https:\/\/urbact.eu\/good-practices\/openagri\" target=\"_blank\" rel=\"noopener\">OpenAgri<\/a> verwandelte ein gro\u00dfes Gebiet am Stadtrand von Mailand in ein Zentrum, in dem neue Ideen f\u00fcr die urbane Landwirtschaft entstehen und wachsen k\u00f6nnen. Der von der Stadt verwaltete und damit langfristig gesicherte Standort bringt Menschen mit unterschiedlichen Hintergr\u00fcnden zusammen, um kreative Projekte zu erproben. Diese reichen von sozialen und technologischen Innovationen bis hin zu originellen Initiativen, bei denen die Bev\u00f6lkerung beispielsweise ein einzigartiges Bier aus direkt in der Stadt angebauten Pflanzen braut.<\/p>\n<p><strong>Pozzuoli (Italien)<\/strong><\/p>\n<p><a href=\"https:\/\/urbact.eu\/good-practices\/agro-city-mac\" target=\"_blank\" rel=\"noopener\">Pozzuoli<\/a> erweckte vergessene \u00f6ffentliche Fl\u00e4chen zu neuem Leben, indem brachliegende Felder in florierende Permakulturh\u00f6fe umgewandelt wurden. Dabei ging es um weit mehr als den Anbau von Lebensmitteln: Das Projekt ermutigte Menschen zur Gr\u00fcndung eigener landwirtschaftlicher Betriebe, schuf neue Arbeitspl\u00e4tze und Weiterbildungsm\u00f6glichkeiten und verwandelte ungenutzte Geb\u00e4ude in wertvolle Gemeinschaftsr\u00e4ume.<\/p>\n<p><strong>Heraklion (Griechenland)<\/strong><\/p>\n<p>In <a href=\"https:\/\/portico.urban-initiative.eu\/uia\/a2ufood-avoidable-and-unavoidable-food-wastes-holistic-managing-approach-urban-environments\" target=\"_blank\" rel=\"noopener\">Heraklion<\/a> brachte ein kreatives Projekt Restaurants, Hotels, Einwohner und sogar Besucher zusammen, um Lebensmittelabf\u00e4lle auf neue Weise zu bek\u00e4mpfen. Aus dieser Zusammenarbeit entstanden praktische L\u00f6sungen, mit denen die gesamte Stadt Abf\u00e4lle reduzieren und Lebensmittelreste besser verwerten kann.<\/p>\n<p><strong>Lille (Frankreich)<\/strong><\/p>\n<p>In <a href=\"https:\/\/portico.urban-initiative.eu\/uia\/tastin-fives-transforming-areas-social-talents-feed-include-value-educate-share-closed\" target=\"_blank\" rel=\"noopener\">Lille<\/a> wurde ein einst vernachl\u00e4ssigtes Stadtviertel durch das Projekt TAST\u2019inFIVES wiederbelebt. Die Stadtverwaltung, Organisationen und Forschende arbeiteten gemeinsam daran, die Bewohner zur Mitgestaltung und zum Betrieb einer Gemeinschaftsk\u00fcche einzuladen. Dieses neue Zentrum bietet Menschen einen Ort, an dem sie gemeinsam kochen, Rezepte austauschen und das Gemeinschaftsgef\u00fchl st\u00e4rken k\u00f6nnen. So f\u00fchlen sich alle in ihrer Nachbarschaft st\u00e4rker zu Hause.<\/p>\n                                                        <\/div>\n            <\/div>\n        <\/div>\n    <\/section>\n    \n\n    <section id=\"textblock-block_15593affd7f7d64495d852eeafbc28ee\" class=\"section position-relative gp-block gp-textblock pt-5 pb-5\">\n        <div class=\"container\">\n            <div class=\"row g-0\">\n                <div class=\"col-lg-12 content\" data-aos=\"fade-in\" data-aos-duration=\"1000\">\n                                                                        <h2 class=\"\">Urbane Landwirtschaft und Ern\u00e4hrungssicherheit\n<\/h2>\n                                                                                                        <p>Mit Unterst\u00fctzung der Ern\u00e4hrungs- und Landwirtschaftsorganisation der Vereinten Nationen (FAO) haben zahlreiche Stadtverwaltungen Familien dabei geholfen, eigene Mikrog\u00e4rten anzulegen. In Caracas beispielsweise bewirken diese kleinen G\u00e4rten einen sp\u00fcrbaren Unterschied f\u00fcr rund 10.000 Familien in \u00e4rmeren Stadtvierteln: Sie erhalten dadurch die M\u00f6glichkeit, Blattgem\u00fcse, K\u00fcrbisse, Tomaten und Auberginen in unmittelbarer N\u00e4he ihres Zuhauses anzubauen.<\/p>\n<p>Micro Gardening findet in mehreren afrikanischen L\u00e4ndern zunehmend Verbreitung, darunter Gabun, Namibia, Niger, Senegal und Ruanda. Bemerkenswert ist, wie schnell Familien \u2013 insbesondere solche mit geringem Einkommen \u2013 diese einfachen Anbaumethoden erlernen und erste Erfolge erzielen k\u00f6nnen. H\u00e4ufig \u00fcbernehmen Frauen dabei eine f\u00fchrende Rolle. Die zus\u00e4tzlichen Einnahmen aus dem Verkauf \u00fcbersch\u00fcssigen Gem\u00fcses erm\u00f6glichen es ihnen, wichtige Ausgaben zu decken und die Lebensbedingungen ihrer Familien zu verbessern. Studien aus L\u00e4ndern wie Senegal zeigen, dass etwa ein Drittel des in Mikrog\u00e4rten angebauten Gem\u00fcses zu Hause verzehrt wird, w\u00e4hrend der Rest auf lokalen M\u00e4rkten verkauft wird. F\u00fcr viele Familien liefern diese G\u00e4rten somit nicht nur Lebensmittel, sondern k\u00f6nnen auch das monatliche Einkommen sp\u00fcrbar erh\u00f6hen.<\/p>\n                                                        <\/div>\n            <\/div>\n        <\/div>\n    <\/section>\n    \n\n    <section id=\"textblock-block_8122b154cf6ef3ac1bcd19bc34d3d71e\" class=\"section position-relative gp-block gp-textblock pt-5 pb-5 pb-lg-8\">\n        <div class=\"container\">\n            <div class=\"row g-0\">\n                <div class=\"col-lg-12 content\" data-aos=\"fade-in\" data-aos-duration=\"1000\">\n                                                                        <h2 class=\"\">Mikrog\u00e4rten: Gemeinschaft und psychische Gesundheit\n<\/h2>\n                                                                                                        <p>Die Vorteile von <a href=\"https:\/\/luxiders.com\/best-apps-to-care-your-urban-garden-in-your-terrace\/\" target=\"_blank\" rel=\"noopener\">urbaner Landwirtschaft<\/a> und Micro Gardening sind insgesamt nicht nur praktischer, sondern auch psychologischer Natur. Eine von Forschenden der Kabale University in Uganda geleitete Studie legt nahe, dass Gartenarbeit unsere psychische Gesundheit deutlich st\u00e4rken kann.<\/p>\n<p>Gartenarbeit versch\u00f6nert nicht nur unsere Umgebung, sondern bringt Menschen auch k\u00f6rperlich in Bewegung, was nachweislich Stress lindern und das allgemeine Wohlbefinden verbessern kann. Zahlreiche Studien zeigen, dass die Zeit im Garten \u2013 beim Graben, Pflanzen und Pflegen \u2013 Gef\u00fchle von Angst und Depression verringern kann. Manchen Menschen hilft Gartenarbeit sogar dabei, schwierige Emotionen zu verarbeiten und traumabedingte Symptome zu lindern. Aufgrund dieser Vorteile empfehlen immer mehr Gesundheitsexperten die Gartenarbeit als nat\u00fcrliche und leicht zug\u00e4ngliche M\u00f6glichkeit zur F\u00f6rderung der psychischen Gesundheit. Sie kann Menschen aus allen Lebensbereichen Trost und innere Ruhe schenken.<\/p>\n<p>W\u00e4hrend die St\u00e4dte weiter wachsen, zeigt Micro Gardening, dass Nachhaltigkeit h\u00e4ufig im kleinsten Ma\u00dfstab beginnt. Ob zur Verbesserung der Ern\u00e4hrungssicherheit, zur F\u00f6rderung der Biodiversit\u00e4t oder zur Schaffung ges\u00fcnderer Gemeinschaften: Diese kompakten G\u00e4rten beweisen, dass bereits ein einziger Quadratmeter zu einer widerstandsf\u00e4higeren urbanen Zukunft beitragen kann.<\/p>\n<p style=\"text-align: center;\"><strong><em>Highlight Image:<\/em><\/strong><br \/>\n<strong><em>\u00a9 Markus Spiske via Unsplash<\/em><\/strong><\/p>\n                                                        <\/div>\n            <\/div>\n        <\/div>\n    <\/section>\n    ","protected":false},"excerpt":{"rendered":"","protected":false},"author":16,"featured_media":62761,"comment_status":"closed","ping_status":"closed","sticky":false,"template":"","format":"standard","meta":{"_acf_changed":false,"footnotes":""},"categories":[1216,2727],"tags":[10771],"class_list":["post-62758","post","type-post","status-publish","format-standard","has-post-thumbnail","category-nachhaltiges-luxus-design","category-lifestyle","tag-micro-gardening-de"],"acf":[],"yoast_head":"<title>Micro Gardening: Wie kleine urbane R\u00e4ume den Wandel vorantreiben<\/title>\n<meta name=\"description\" content=\"Von Balkonen und Dachterrassen bis hin zu winzigen Innenh\u00f6fen: Micro Gardening verwandelt ungenutzte st\u00e4dtische Fl\u00e4chen in produktive gr\u00fcne Oasen.\" \/>\n<meta name=\"robots\" content=\"index, follow, max-snippet:-1, max-image-preview:large, max-video-preview:-1\" \/>\n<link rel=\"canonical\" href=\"https:\/\/luxiders.com\/de\/micro-gardening-wie-kleine-urbane-raeume-nachhaltiges-leben-veraendern\/\" \/>\n<meta property=\"og:locale\" content=\"de_DE\" \/>\n<meta property=\"og:type\" content=\"article\" \/>\n<meta property=\"og:title\" content=\"Micro Gardening: Wie kleine urbane R\u00e4ume den Wandel vorantreiben\" \/>\n<meta property=\"og:description\" content=\"Von Balkonen und Dachterrassen bis hin zu winzigen Innenh\u00f6fen: Micro Gardening verwandelt ungenutzte st\u00e4dtische Fl\u00e4chen in produktive gr\u00fcne Oasen.\" \/>\n<meta property=\"og:url\" content=\"https:\/\/luxiders.com\/de\/micro-gardening-wie-kleine-urbane-raeume-nachhaltiges-leben-veraendern\/\" \/>\n<meta property=\"og:site_name\" content=\"Sustainable Fashion - Eco Design - Healthy Lifestyle - Luxiders Magazine\" \/>\n<meta property=\"article:published_time\" content=\"2026-07-22T07:00:00+00:00\" \/>\n<meta property=\"article:modified_time\" content=\"2026-09-04T12:23:47+00:00\" \/>\n<meta property=\"og:image\" content=\"https:\/\/luxiders.com\/content\/uploads\/markus-spiske-micro-gardening-luxiders-magazine.jpg\" \/>\n\t<meta property=\"og:image:width\" content=\"1920\" \/>\n\t<meta property=\"og:image:height\" content=\"1080\" \/>\n\t<meta property=\"og:image:type\" content=\"image\/jpeg\" \/>\n<meta name=\"author\" content=\"Francesca Contino\" \/>\n<meta name=\"twitter:card\" content=\"summary_large_image\" \/>\n<meta name=\"twitter:label1\" content=\"Verfasst von\" \/>\n\t<meta name=\"twitter:data1\" content=\"Francesca Contino\" \/>\n\t<meta name=\"twitter:label2\" content=\"Gesch\u00e4tzte Lesezeit\" \/>\n\t<meta name=\"twitter:data2\" content=\"1\u00a0Minute\" \/>\n<script type=\"application\/ld+json\" class=\"yoast-schema-graph\">{\"@context\":\"https:\/\/schema.org\",\"@graph\":[{\"@type\":\"Article\",\"@id\":\"https:\/\/luxiders.com\/de\/micro-gardening-wie-kleine-urbane-raeume-nachhaltiges-leben-veraendern\/#article\",\"isPartOf\":{\"@id\":\"https:\/\/luxiders.com\/de\/micro-gardening-wie-kleine-urbane-raeume-nachhaltiges-leben-veraendern\/\"},\"author\":{\"name\":\"Francesca Contino\",\"@id\":\"https:\/\/luxiders.com\/de\/#\/schema\/person\/da4417670ee05bf1034e88d63ab0f2cd\"},\"headline\":\"Micro Gardening: Wie kleine urbane R\u00e4ume nachhaltiges Leben ver\u00e4ndern\",\"datePublished\":\"2026-07-22T07:00:00+00:00\",\"dateModified\":\"2026-09-04T12:23:47+00:00\",\"mainEntityOfPage\":{\"@id\":\"https:\/\/luxiders.com\/de\/micro-gardening-wie-kleine-urbane-raeume-nachhaltiges-leben-veraendern\/\"},\"wordCount\":11,\"publisher\":{\"@id\":\"https:\/\/luxiders.com\/de\/#organization\"},\"image\":{\"@id\":\"https:\/\/luxiders.com\/de\/micro-gardening-wie-kleine-urbane-raeume-nachhaltiges-leben-veraendern\/#primaryimage\"},\"thumbnailUrl\":\"https:\/\/luxiders.com\/content\/uploads\/markus-spiske-micro-gardening-luxiders-magazine.jpg\",\"keywords\":[\"Micro Gardening\"],\"articleSection\":[\"Design\",\"lifestyle\"],\"inLanguage\":\"de\"},{\"@type\":\"WebPage\",\"@id\":\"https:\/\/luxiders.com\/de\/micro-gardening-wie-kleine-urbane-raeume-nachhaltiges-leben-veraendern\/\",\"url\":\"https:\/\/luxiders.com\/de\/micro-gardening-wie-kleine-urbane-raeume-nachhaltiges-leben-veraendern\/\",\"name\":\"Micro Gardening: Wie kleine urbane R\u00e4ume den Wandel vorantreiben\",\"isPartOf\":{\"@id\":\"https:\/\/luxiders.com\/de\/#website\"},\"primaryImageOfPage\":{\"@id\":\"https:\/\/luxiders.com\/de\/micro-gardening-wie-kleine-urbane-raeume-nachhaltiges-leben-veraendern\/#primaryimage\"},\"image\":{\"@id\":\"https:\/\/luxiders.com\/de\/micro-gardening-wie-kleine-urbane-raeume-nachhaltiges-leben-veraendern\/#primaryimage\"},\"thumbnailUrl\":\"https:\/\/luxiders.com\/content\/uploads\/markus-spiske-micro-gardening-luxiders-magazine.jpg\",\"datePublished\":\"2026-07-22T07:00:00+00:00\",\"dateModified\":\"2026-09-04T12:23:47+00:00\",\"description\":\"Von Balkonen und Dachterrassen bis hin zu winzigen Innenh\u00f6fen: Micro Gardening verwandelt ungenutzte st\u00e4dtische Fl\u00e4chen in produktive gr\u00fcne Oasen.\",\"breadcrumb\":{\"@id\":\"https:\/\/luxiders.com\/de\/micro-gardening-wie-kleine-urbane-raeume-nachhaltiges-leben-veraendern\/#breadcrumb\"},\"inLanguage\":\"de\",\"potentialAction\":[{\"@type\":\"ReadAction\",\"target\":[\"https:\/\/luxiders.com\/de\/micro-gardening-wie-kleine-urbane-raeume-nachhaltiges-leben-veraendern\/\"]}]},{\"@type\":\"ImageObject\",\"inLanguage\":\"de\",\"@id\":\"https:\/\/luxiders.com\/de\/micro-gardening-wie-kleine-urbane-raeume-nachhaltiges-leben-veraendern\/#primaryimage\",\"url\":\"https:\/\/luxiders.com\/content\/uploads\/markus-spiske-micro-gardening-luxiders-magazine.jpg\",\"contentUrl\":\"https:\/\/luxiders.com\/content\/uploads\/markus-spiske-micro-gardening-luxiders-magazine.jpg\",\"width\":1920,\"height\":1080,\"caption\":\"@Markus Spiske via Unsplash\"},{\"@type\":\"BreadcrumbList\",\"@id\":\"https:\/\/luxiders.com\/de\/micro-gardening-wie-kleine-urbane-raeume-nachhaltiges-leben-veraendern\/#breadcrumb\",\"itemListElement\":[{\"@type\":\"ListItem\",\"position\":1,\"name\":\"Startseite\",\"item\":\"https:\/\/luxiders.com\/de\/\"},{\"@type\":\"ListItem\",\"position\":2,\"name\":\"Design\",\"item\":\"https:\/\/luxiders.com\/de\/Katregorie\/nachhaltiges-luxus-design\/\"},{\"@type\":\"ListItem\",\"position\":3,\"name\":\"Micro Gardening: Wie kleine urbane R\u00e4ume nachhaltiges Leben ver\u00e4ndern\"}]},{\"@type\":\"WebSite\",\"@id\":\"https:\/\/luxiders.com\/de\/#website\",\"url\":\"https:\/\/luxiders.com\/de\/\",\"name\":\"Sustainable Fashion - Eco Design - Healthy Lifestyle - Luxiders Magazine\",\"description\":\"Luxiders is a sustainable luxury magazine highlighting the best stories about sustainable fashion, ethical fashion, eco-friendly design, green design, sustainable travel, natural beauty, organic beauty and healthy lifestyle. Know the best high-end, progressive and luxury sustainable brands and designers worldwide.\",\"publisher\":{\"@id\":\"https:\/\/luxiders.com\/de\/#organization\"},\"potentialAction\":[{\"@type\":\"SearchAction\",\"target\":{\"@type\":\"EntryPoint\",\"urlTemplate\":\"https:\/\/luxiders.com\/de\/?s={search_term_string}\"},\"query-input\":{\"@type\":\"PropertyValueSpecification\",\"valueRequired\":true,\"valueName\":\"search_term_string\"}}],\"inLanguage\":\"de\"},{\"@type\":\"Organization\",\"@id\":\"https:\/\/luxiders.com\/de\/#organization\",\"name\":\"Sustainable Fashion - Eco Design - Healthy Lifestyle - Luxiders Magazine\",\"url\":\"https:\/\/luxiders.com\/de\/\",\"logo\":{\"@type\":\"ImageObject\",\"inLanguage\":\"de\",\"@id\":\"https:\/\/luxiders.com\/de\/#\/schema\/logo\/image\/\",\"url\":\"https:\/\/luxiders.com\/content\/uploads\/lux-logo.svg\",\"contentUrl\":\"https:\/\/luxiders.com\/content\/uploads\/lux-logo.svg\",\"caption\":\"Sustainable Fashion - Eco Design - Healthy Lifestyle - Luxiders Magazine\"},\"image\":{\"@id\":\"https:\/\/luxiders.com\/de\/#\/schema\/logo\/image\/\"}},{\"@type\":\"Person\",\"@id\":\"https:\/\/luxiders.com\/de\/#\/schema\/person\/da4417670ee05bf1034e88d63ab0f2cd\",\"name\":\"Francesca Contino\",\"url\":\"https:\/\/luxiders.com\/de\/author\/francesca\/\"}]}<\/script>","yoast_head_json":{"title":"Micro Gardening: Wie kleine urbane R\u00e4ume den Wandel vorantreiben","description":"Von Balkonen und Dachterrassen bis hin zu winzigen Innenh\u00f6fen: Micro Gardening verwandelt ungenutzte st\u00e4dtische Fl\u00e4chen in produktive gr\u00fcne Oasen.","robots":{"index":"index","follow":"follow","max-snippet":"max-snippet:-1","max-image-preview":"max-image-preview:large","max-video-preview":"max-video-preview:-1"},"canonical":"https:\/\/luxiders.com\/de\/micro-gardening-wie-kleine-urbane-raeume-nachhaltiges-leben-veraendern\/","og_locale":"de_DE","og_type":"article","og_title":"Micro Gardening: Wie kleine urbane R\u00e4ume den Wandel vorantreiben","og_description":"Von Balkonen und Dachterrassen bis hin zu winzigen Innenh\u00f6fen: Micro Gardening verwandelt ungenutzte st\u00e4dtische Fl\u00e4chen in produktive gr\u00fcne Oasen.","og_url":"https:\/\/luxiders.com\/de\/micro-gardening-wie-kleine-urbane-raeume-nachhaltiges-leben-veraendern\/","og_site_name":"Sustainable Fashion - Eco Design - Healthy Lifestyle - Luxiders Magazine","article_published_time":"2026-07-22T07:00:00+00:00","article_modified_time":"2026-09-04T12:23:47+00:00","og_image":[{"width":1920,"height":1080,"url":"https:\/\/luxiders.com\/content\/uploads\/markus-spiske-micro-gardening-luxiders-magazine.jpg","type":"image\/jpeg"}],"author":"Francesca Contino","twitter_card":"summary_large_image","twitter_misc":{"Verfasst von":"Francesca Contino","Gesch\u00e4tzte Lesezeit":"1\u00a0Minute"},"schema":{"@context":"https:\/\/schema.org","@graph":[{"@type":"Article","@id":"https:\/\/luxiders.com\/de\/micro-gardening-wie-kleine-urbane-raeume-nachhaltiges-leben-veraendern\/#article","isPartOf":{"@id":"https:\/\/luxiders.com\/de\/micro-gardening-wie-kleine-urbane-raeume-nachhaltiges-leben-veraendern\/"},"author":{"name":"Francesca Contino","@id":"https:\/\/luxiders.com\/de\/#\/schema\/person\/da4417670ee05bf1034e88d63ab0f2cd"},"headline":"Micro Gardening: Wie kleine urbane R\u00e4ume nachhaltiges Leben ver\u00e4ndern","datePublished":"2026-07-22T07:00:00+00:00","dateModified":"2026-09-04T12:23:47+00:00","mainEntityOfPage":{"@id":"https:\/\/luxiders.com\/de\/micro-gardening-wie-kleine-urbane-raeume-nachhaltiges-leben-veraendern\/"},"wordCount":11,"publisher":{"@id":"https:\/\/luxiders.com\/de\/#organization"},"image":{"@id":"https:\/\/luxiders.com\/de\/micro-gardening-wie-kleine-urbane-raeume-nachhaltiges-leben-veraendern\/#primaryimage"},"thumbnailUrl":"https:\/\/luxiders.com\/content\/uploads\/markus-spiske-micro-gardening-luxiders-magazine.jpg","keywords":["Micro Gardening"],"articleSection":["Design","lifestyle"],"inLanguage":"de"},{"@type":"WebPage","@id":"https:\/\/luxiders.com\/de\/micro-gardening-wie-kleine-urbane-raeume-nachhaltiges-leben-veraendern\/","url":"https:\/\/luxiders.com\/de\/micro-gardening-wie-kleine-urbane-raeume-nachhaltiges-leben-veraendern\/","name":"Micro Gardening: Wie kleine urbane R\u00e4ume den Wandel vorantreiben","isPartOf":{"@id":"https:\/\/luxiders.com\/de\/#website"},"primaryImageOfPage":{"@id":"https:\/\/luxiders.com\/de\/micro-gardening-wie-kleine-urbane-raeume-nachhaltiges-leben-veraendern\/#primaryimage"},"image":{"@id":"https:\/\/luxiders.com\/de\/micro-gardening-wie-kleine-urbane-raeume-nachhaltiges-leben-veraendern\/#primaryimage"},"thumbnailUrl":"https:\/\/luxiders.com\/content\/uploads\/markus-spiske-micro-gardening-luxiders-magazine.jpg","datePublished":"2026-07-22T07:00:00+00:00","dateModified":"2026-09-04T12:23:47+00:00","description":"Von Balkonen und Dachterrassen bis hin zu winzigen Innenh\u00f6fen: Micro Gardening verwandelt ungenutzte st\u00e4dtische Fl\u00e4chen in produktive gr\u00fcne Oasen.","breadcrumb":{"@id":"https:\/\/luxiders.com\/de\/micro-gardening-wie-kleine-urbane-raeume-nachhaltiges-leben-veraendern\/#breadcrumb"},"inLanguage":"de","potentialAction":[{"@type":"ReadAction","target":["https:\/\/luxiders.com\/de\/micro-gardening-wie-kleine-urbane-raeume-nachhaltiges-leben-veraendern\/"]}]},{"@type":"ImageObject","inLanguage":"de","@id":"https:\/\/luxiders.com\/de\/micro-gardening-wie-kleine-urbane-raeume-nachhaltiges-leben-veraendern\/#primaryimage","url":"https:\/\/luxiders.com\/content\/uploads\/markus-spiske-micro-gardening-luxiders-magazine.jpg","contentUrl":"https:\/\/luxiders.com\/content\/uploads\/markus-spiske-micro-gardening-luxiders-magazine.jpg","width":1920,"height":1080,"caption":"@Markus Spiske via Unsplash"},{"@type":"BreadcrumbList","@id":"https:\/\/luxiders.com\/de\/micro-gardening-wie-kleine-urbane-raeume-nachhaltiges-leben-veraendern\/#breadcrumb","itemListElement":[{"@type":"ListItem","position":1,"name":"Startseite","item":"https:\/\/luxiders.com\/de\/"},{"@type":"ListItem","position":2,"name":"Design","item":"https:\/\/luxiders.com\/de\/Katregorie\/nachhaltiges-luxus-design\/"},{"@type":"ListItem","position":3,"name":"Micro Gardening: Wie kleine urbane R\u00e4ume nachhaltiges Leben ver\u00e4ndern"}]},{"@type":"WebSite","@id":"https:\/\/luxiders.com\/de\/#website","url":"https:\/\/luxiders.com\/de\/","name":"Sustainable Fashion - Eco Design - Healthy Lifestyle - Luxiders Magazine","description":"Luxiders is a sustainable luxury magazine highlighting the best stories about sustainable fashion, ethical fashion, eco-friendly design, green design, sustainable travel, natural beauty, organic beauty and healthy lifestyle. Know the best high-end, progressive and luxury sustainable brands and designers worldwide.","publisher":{"@id":"https:\/\/luxiders.com\/de\/#organization"},"potentialAction":[{"@type":"SearchAction","target":{"@type":"EntryPoint","urlTemplate":"https:\/\/luxiders.com\/de\/?s={search_term_string}"},"query-input":{"@type":"PropertyValueSpecification","valueRequired":true,"valueName":"search_term_string"}}],"inLanguage":"de"},{"@type":"Organization","@id":"https:\/\/luxiders.com\/de\/#organization","name":"Sustainable Fashion - Eco Design - Healthy Lifestyle - Luxiders Magazine","url":"https:\/\/luxiders.com\/de\/","logo":{"@type":"ImageObject","inLanguage":"de","@id":"https:\/\/luxiders.com\/de\/#\/schema\/logo\/image\/","url":"https:\/\/luxiders.com\/content\/uploads\/lux-logo.svg","contentUrl":"https:\/\/luxiders.com\/content\/uploads\/lux-logo.svg","caption":"Sustainable Fashion - Eco Design - Healthy Lifestyle - Luxiders Magazine"},"image":{"@id":"https:\/\/luxiders.com\/de\/#\/schema\/logo\/image\/"}},{"@type":"Person","@id":"https:\/\/luxiders.com\/de\/#\/schema\/person\/da4417670ee05bf1034e88d63ab0f2cd","name":"Francesca Contino","url":"https:\/\/luxiders.com\/de\/author\/francesca\/"}]}},"_links":{"self":[{"href":"https:\/\/luxiders.com\/de\/wp-json\/wp\/v2\/posts\/62758","targetHints":{"allow":["GET"]}}],"collection":[{"href":"https:\/\/luxiders.com\/de\/wp-json\/wp\/v2\/posts"}],"about":[{"href":"https:\/\/luxiders.com\/de\/wp-json\/wp\/v2\/types\/post"}],"author":[{"embeddable":true,"href":"https:\/\/luxiders.com\/de\/wp-json\/wp\/v2\/users\/16"}],"replies":[{"embeddable":true,"href":"https:\/\/luxiders.com\/de\/wp-json\/wp\/v2\/comments?post=62758"}],"version-history":[{"count":2,"href":"https:\/\/luxiders.com\/de\/wp-json\/wp\/v2\/posts\/62758\/revisions"}],"predecessor-version":[{"id":64086,"href":"https:\/\/luxiders.com\/de\/wp-json\/wp\/v2\/posts\/62758\/revisions\/64086"}],"wp:featuredmedia":[{"embeddable":true,"href":"https:\/\/luxiders.com\/de\/wp-json\/wp\/v2\/media\/62761"}],"wp:attachment":[{"href":"https:\/\/luxiders.com\/de\/wp-json\/wp\/v2\/media?parent=62758"}],"wp:term":[{"taxonomy":"category","embeddable":true,"href":"https:\/\/luxiders.com\/de\/wp-json\/wp\/v2\/categories?post=62758"},{"taxonomy":"post_tag","embeddable":true,"href":"https:\/\/luxiders.com\/de\/wp-json\/wp\/v2\/tags?post=62758"}],"curies":[{"name":"wp","href":"https:\/\/api.w.org\/{rel}","templated":true}]}}