{"id":62924,"date":"2026-07-19T16:05:51","date_gmt":"2026-07-19T14:05:51","guid":{"rendered":"https:\/\/luxiders.com\/?p=62924"},"modified":"2026-07-20T17:45:08","modified_gmt":"2026-07-20T15:45:08","slug":"texworld-paris-2026-vereint-1-000-aussteller-waehrend-avantex-die-zukunft-nachhaltiger-mode-vorantreibt","status":"publish","type":"post","link":"https:\/\/luxiders.com\/de\/texworld-paris-2026-vereint-1-000-aussteller-waehrend-avantex-die-zukunft-nachhaltiger-mode-vorantreibt\/","title":{"rendered":"Texworld Paris 2026 vereint 1.000 Aussteller, w\u00e4hrend Avantex die Zukunft nachhaltiger Mode vorantreibt"},"content":{"rendered":"    <section id=\"textblock-block_578d7c237a36b97ec0c3a0b8ee286619\" class=\"section position-relative gp-block gp-textblock pt-0 pb-0\">\n        <div class=\"container\">\n            <div class=\"row g-0\">\n                <div class=\"col-lg-12 content\" data-aos=\"fade-in\" data-aos-duration=\"1000\">\n                                                                                    <div class=\"intro \">\n                            <p style=\"text-align: center;\">Von Biomaterialien und k\u00fcnstlicher Intelligenz bis hin zu zirkul\u00e4rer Fertigung und r\u00fcckverfolgbarer Beschaffung: Die Texworld Apparel Sourcing Paris findet vom 31. August bis zum 2. September erneut statt und zeigt, wie die globale Textilindustrie die Zukunft der Mode derzeit grundlegend neu definiert.<\/p>\n                        <\/div>\n                                                                                                <\/div>\n            <\/div>\n        <\/div>\n    <\/section>\n    \n\n    <section id=\"newsletter-block_ff77082532a177d67335155162a8e276\" class=\"section position-relative gp-block gp-newsletter pt-0 pb-0 my-5\">\n        <div class=\"container\">\n            <div class=\"row g-0 pt-4 pb-3\">\n                <div class=\"col-lg-12 content text-center border pt-3\" data-aos=\"fade-in\" data-aos-duration=\"1000\">\n                                            <p><em>Um den Luxiders Newsletter zu erhalten,\u00a0<a href=\"https:\/\/landing.mailerlite.com\/webforms\/landing\/g1u8s7\">melde dich hier an<\/a>.<\/em><\/p>\n                                    <\/div>\n            <\/div>\n        <\/div>\n    <\/section>\n    \n\n    <section id=\"textblock-block_8f052d5b0ccf0ecc0596e3a7929bdcac\" class=\"section position-relative gp-block gp-textblock pt-5 pb-5\">\n        <div class=\"container\">\n            <div class=\"row g-0\">\n                <div class=\"col-lg-12 content\" data-aos=\"fade-in\" data-aos-duration=\"1000\">\n                                                                                <p>Mehr als 1.000 Aussteller aus aller Welt werden auf dem Messegel\u00e4nde Paris\u2013Le Bourget zusammenkommen, wo die <a href=\"https:\/\/texworld0926.fo.klipso.events\/en\/visitor.htm?Deconnect=1&amp;Code=LUXIDERS\" target=\"_blank\" rel=\"noopener\">Texworld Apparel Sourcing Paris<\/a> und die Avantex gemeinsam jene Technologien, Materialien und Fertigungsl\u00f6sungen pr\u00e4sentieren, die die n\u00e4chste Generation der Modeindustrie pr\u00e4gen.<\/p>\n<p>W\u00e4hrend sich die globale Modebranche weiterhin mit geopolitischer Unsicherheit, ver\u00e4nderten Lieferketten und zunehmenden Umweltauflagen auseinandersetzt, kehrt die <a href=\"https:\/\/luxiders.com\/de\/texworld-2026-nachhaltigkeit-rueckverfolgbarkeit-und-ki-als-treiber-fuer-fashion-sourcing\/\" target=\"_blank\" rel=\"noopener\">Texworld Apparel Sourcing Paris 2026<\/a> mit einem st\u00e4rker fokussierten Konzept zur\u00fcck. Statt Eink\u00e4ufern eine \u00fcberw\u00e4ltigende Anzahl von Lieferanten zu pr\u00e4sentieren, legt diese Ausgabe den Schwerpunkt auf sorgf\u00e4ltig ausgew\u00e4hlte Hersteller, die in der gesamten textilen Wertsch\u00f6pfungskette Qualit\u00e4t, Flexibilit\u00e4t, Innovation und wettbewerbsf\u00e4hige Produktionsbedingungen bieten k\u00f6nnen.<\/p>\n<p>Die Veranstaltung wird mehr als 1.000 internationale Aussteller begr\u00fc\u00dfen und Textilhersteller, Bekleidungsproduzenten, Technologieunternehmen und Materialinnovatoren aus f\u00fchrenden Beschaffungsl\u00e4ndern zusammenbringen, darunter China, die T\u00fcrkei, Indien, Korea, Bangladesch, Pakistan, Armenien und Usbekistan sowie viele weitere L\u00e4nder.<\/p>\n                                            <div class=\"highlighted mt-5 mt-lg-6 px-lg-5\">\n                            <p style=\"text-align: center;\">\u201eVor dem Hintergrund einer zunehmenden Konsolidierung der Industrie und immer st\u00e4rker optimierter Lieferketten suchen Eink\u00e4ufer nicht mehr nach dem gr\u00f6\u00dftm\u00f6glichen Angebot. Stattdessen w\u00fcnschen sie sich sorgf\u00e4ltig ausgew\u00e4hlte, zuverl\u00e4ssige Partner, die Qualit\u00e4t, Flexibilit\u00e4t und wettbewerbsf\u00e4hige Preise bieten k\u00f6nnen\u201c, erkl\u00e4rt Julien Schmoll, Marketing- und Kommunikationsdirektor bei Messe Frankfurt France.<\/p>\n                        <\/div>\n                                                        <\/div>\n            <\/div>\n        <\/div>\n    <\/section>\n    \n\n    <section id=\"media-block_7dcdb261c209161be9fa0d702b320fca\" class=\"section position-relative gp-block gp-media pt-5 pb-5\">\n        <div class=\"container\">\n            <div class=\"row g-0\">\n                <div class=\"col-lg-12 content\" data-aos=\"fade-in\" data-aos-duration=\"1000\">\n                                                                            <\/div>\n            <\/div>\n            <div class=\"row g-0\">\n                <div class=\"col-lg-12 img-scaled\">\n                                                                                                                                                <figure class=\"mb-4 pt-lg-0 mb-lg-0 ps-lg-0 pe-lg-0\" data-aos=\"fade-up\" data-aos-duration=\"1000\"><div class=\"img-container\"><img loading=\"lazy\" decoding=\"async\" width=\"1200\" height=\"800\" src=\"https:\/\/luxiders.com\/content\/uploads\/MesseFrankfurt0226Day3SelectionPresse-004.webp.jpg\" class=\"img-fluid w-100\" alt=\"\" srcset=\"https:\/\/luxiders.com\/content\/uploads\/MesseFrankfurt0226Day3SelectionPresse-004.webp.jpg 1200w, https:\/\/luxiders.com\/content\/uploads\/MesseFrankfurt0226Day3SelectionPresse-004.webp-300x200.jpg 300w, https:\/\/luxiders.com\/content\/uploads\/MesseFrankfurt0226Day3SelectionPresse-004.webp-1024x683.jpg 1024w, https:\/\/luxiders.com\/content\/uploads\/MesseFrankfurt0226Day3SelectionPresse-004.webp-768x512.jpg 768w\" sizes=\"(max-width: 1200px) 100vw, 1200px\" \/><\/div><\/figure>                                                                                            <\/div>\n                                            <\/div>\n        <\/div>\n    <\/section>\n    \n\n    <section id=\"media-block_e71da4bc09ac500e60407e229babf70f\" class=\"section position-relative gp-block gp-media pt-5 pb-5\">\n        <div class=\"container\">\n            <div class=\"row g-0\">\n                <div class=\"col-lg-12 content\" data-aos=\"fade-in\" data-aos-duration=\"1000\">\n                                                                            <\/div>\n            <\/div>\n            <div class=\"row g-0\">\n                <div class=\"col-lg-6 \">\n                                                                                                                                                <figure class=\"mb-4 pt-lg-0 mb-lg-0 ps-lg-4 pe-lg-0\" data-aos=\"fade-up\" data-aos-duration=\"1000\"><div class=\"img-container\"><img loading=\"lazy\" decoding=\"async\" width=\"800\" height=\"1200\" src=\"https:\/\/luxiders.com\/content\/uploads\/MesseFrankfurt0226Day2SelectionPresse-004.webp.jpg\" class=\"img-fluid w-100\" alt=\"\" srcset=\"https:\/\/luxiders.com\/content\/uploads\/MesseFrankfurt0226Day2SelectionPresse-004.webp.jpg 800w, https:\/\/luxiders.com\/content\/uploads\/MesseFrankfurt0226Day2SelectionPresse-004.webp-200x300.jpg 200w, https:\/\/luxiders.com\/content\/uploads\/MesseFrankfurt0226Day2SelectionPresse-004.webp-683x1024.jpg 683w, https:\/\/luxiders.com\/content\/uploads\/MesseFrankfurt0226Day2SelectionPresse-004.webp-768x1152.jpg 768w\" sizes=\"(max-width: 800px) 100vw, 800px\" \/><\/div><\/figure>                                                                                            <\/div>\n                                    <div class=\"col-lg-6\">\n                                                                                                                                                        <figure class=\"mb-4 pt-lg-0 mb-lg-0 ps-lg-4 pe-lg-0\" data-aos=\"fade-up\" data-aos-duration=\"1000\"><div class=\"img-container\"><img loading=\"lazy\" decoding=\"async\" width=\"1200\" height=\"800\" src=\"https:\/\/luxiders.com\/content\/uploads\/MesseFrankfurt0226Day2SelectionPresse-012.webp.jpg\" class=\"img-fluid w-100\" alt=\"\" srcset=\"https:\/\/luxiders.com\/content\/uploads\/MesseFrankfurt0226Day2SelectionPresse-012.webp.jpg 1200w, https:\/\/luxiders.com\/content\/uploads\/MesseFrankfurt0226Day2SelectionPresse-012.webp-300x200.jpg 300w, https:\/\/luxiders.com\/content\/uploads\/MesseFrankfurt0226Day2SelectionPresse-012.webp-1024x683.jpg 1024w, https:\/\/luxiders.com\/content\/uploads\/MesseFrankfurt0226Day2SelectionPresse-012.webp-768x512.jpg 768w\" sizes=\"(max-width: 1200px) 100vw, 1200px\" \/><\/div><\/figure>                                                                                                        <\/div>\n                                            <\/div>\n        <\/div>\n    <\/section>\n    \n\n    <section id=\"media-block_89b94f793bdf55f086dda1b0156cc4e7\" class=\"section position-relative gp-block gp-media pt-5 pb-5\">\n        <div class=\"container\">\n            <div class=\"row g-0\">\n                <div class=\"col-lg-12 content\" data-aos=\"fade-in\" data-aos-duration=\"1000\">\n                                                                            <\/div>\n            <\/div>\n            <div class=\"row g-0\">\n                <div class=\"col-lg-12 img-scaled\">\n                                                                                                                                                <figure class=\"mb-4 pt-lg-5 mb-lg-0 ps-lg-4 pe-lg-3\" data-aos=\"fade-up\" data-aos-duration=\"1000\"><div class=\"img-container\"><img loading=\"lazy\" decoding=\"async\" width=\"1200\" height=\"800\" src=\"https:\/\/luxiders.com\/content\/uploads\/luxiders-MesseFrankfurt0226Day3SelectionPresse-014.webp.jpg\" class=\"img-fluid w-100\" alt=\"\" srcset=\"https:\/\/luxiders.com\/content\/uploads\/luxiders-MesseFrankfurt0226Day3SelectionPresse-014.webp.jpg 1200w, https:\/\/luxiders.com\/content\/uploads\/luxiders-MesseFrankfurt0226Day3SelectionPresse-014.webp-300x200.jpg 300w, https:\/\/luxiders.com\/content\/uploads\/luxiders-MesseFrankfurt0226Day3SelectionPresse-014.webp-1024x683.jpg 1024w, https:\/\/luxiders.com\/content\/uploads\/luxiders-MesseFrankfurt0226Day3SelectionPresse-014.webp-768x512.jpg 768w\" sizes=\"(max-width: 1200px) 100vw, 1200px\" \/><\/div><\/figure>                                                                                            <\/div>\n                                            <\/div>\n        <\/div>\n    <\/section>\n    \n\n    <section id=\"textblock-block_ef83fe45f5b3d6fd3617659ed8242b31\" class=\"section position-relative gp-block gp-textblock pt-0 pb-0\">\n        <div class=\"container\">\n            <div class=\"row g-0\">\n                <div class=\"col-lg-12 content\" data-aos=\"fade-in\" data-aos-duration=\"1000\">\n                                                                        <h2 class=\"\">Eine globale Textilindustrie im Wandel\n<\/h2>\n                                                                                                        <p>Die Texworld st\u00e4rkt ihre Position als eine der f\u00fchrenden europ\u00e4ischen Beschaffungsplattformen f\u00fcr Stoffe und Rohmaterialien weiter, w\u00e4hrend die Apparel Sourcing Paris ihr Angebot an fertigen Kleidungsst\u00fccken und Modeaccessoires ausbaut. Neue Initiativen zu regionaler Beschaffung, technischen Textilien, leistungsf\u00e4higen Outdoor-Materialien und hochwertiger Handwerkskunst verdeutlichen, wie Beschaffungsstrategien zunehmend vielf\u00e4ltiger und widerstandsf\u00e4higer werden.<\/p>\n<p>Zu den H\u00f6hepunkten dieses Jahres z\u00e4hlen neue Aussteller, die sich auf die Herstellung von Premiumleinen, fortschrittliche Textiltechnik und zertifizierte verantwortungsvolle Produktion spezialisiert haben. Erg\u00e4nzt wird das Programm durch Vorf\u00fchrungen, die sowohl industrielle Innovationen als auch traditionelle textile Fachkompetenz w\u00fcrdigen.<\/p>\n                                            <div class=\"highlighted mt-5 mt-lg-6 px-lg-5\">\n                            <p style=\"text-align: center;\">Die Zukunft der Beschaffung wird nicht mehr allein durch die Kosten bestimmt. Eink\u00e4ufer achten zunehmend auf Innovation, Transparenz, die Leistungsf\u00e4higkeit von Materialien und messbare \u00f6kologische Verantwortung.<\/p>\n                        <\/div>\n                                                        <\/div>\n            <\/div>\n        <\/div>\n    <\/section>\n    \n\n    <section id=\"media-block_69a51fa2d6b6426b83699c69f2a4cf6e\" class=\"section position-relative gp-block gp-media pt-5 pb-5\">\n        <div class=\"container\">\n            <div class=\"row g-0\">\n                <div class=\"col-lg-12 content\" data-aos=\"fade-in\" data-aos-duration=\"1000\">\n                                                                            <\/div>\n            <\/div>\n            <div class=\"row g-0\">\n                <div class=\"col-lg-6 \">\n                                                                                                                                                <figure class=\"mb-4 pt-lg-3 mb-lg-0 ps-lg-0 pe-lg-0\" data-aos=\"fade-up\" data-aos-duration=\"1000\"><div class=\"img-container\"><img loading=\"lazy\" decoding=\"async\" width=\"1200\" height=\"800\" src=\"https:\/\/luxiders.com\/content\/uploads\/MesseFrankfurt0226Day3SelectionPresse-027.webp.jpg\" class=\"img-fluid w-100\" alt=\"\" srcset=\"https:\/\/luxiders.com\/content\/uploads\/MesseFrankfurt0226Day3SelectionPresse-027.webp.jpg 1200w, https:\/\/luxiders.com\/content\/uploads\/MesseFrankfurt0226Day3SelectionPresse-027.webp-300x200.jpg 300w, https:\/\/luxiders.com\/content\/uploads\/MesseFrankfurt0226Day3SelectionPresse-027.webp-1024x683.jpg 1024w, https:\/\/luxiders.com\/content\/uploads\/MesseFrankfurt0226Day3SelectionPresse-027.webp-768x512.jpg 768w\" sizes=\"(max-width: 1200px) 100vw, 1200px\" \/><\/div><\/figure>                                                                                            <\/div>\n                                    <div class=\"col-lg-6\">\n                                                                                                                                                        <figure class=\"mb-4 pt-lg-5 mb-lg-5 ps-lg-4 pe-lg-4\" data-aos=\"fade-up\" data-aos-duration=\"1000\"><div class=\"img-container\"><img loading=\"lazy\" decoding=\"async\" width=\"1200\" height=\"800\" src=\"https:\/\/luxiders.com\/content\/uploads\/luxiders-MesseFrankfurt0226Day1-054.webp.jpg\" class=\"img-fluid w-100\" alt=\"\" srcset=\"https:\/\/luxiders.com\/content\/uploads\/luxiders-MesseFrankfurt0226Day1-054.webp.jpg 1200w, https:\/\/luxiders.com\/content\/uploads\/luxiders-MesseFrankfurt0226Day1-054.webp-300x200.jpg 300w, https:\/\/luxiders.com\/content\/uploads\/luxiders-MesseFrankfurt0226Day1-054.webp-1024x683.jpg 1024w, https:\/\/luxiders.com\/content\/uploads\/luxiders-MesseFrankfurt0226Day1-054.webp-768x512.jpg 768w\" sizes=\"(max-width: 1200px) 100vw, 1200px\" \/><\/div><\/figure>                                                                                                        <\/div>\n                                            <\/div>\n        <\/div>\n    <\/section>\n    \n\n    <section id=\"textblock-block_6de8555fdd1d1a3d09ed97821dba91cf\" class=\"section position-relative gp-block gp-textblock pt-5 pb-5\">\n        <div class=\"container\">\n            <div class=\"row g-0\">\n                <div class=\"col-lg-12 content\" data-aos=\"fade-in\" data-aos-duration=\"1000\">\n                                                                        <h2 class=\"\">Avantex stellt Innovation in den Mittelpunkt des n\u00e4chsten Kapitels der Modebranche\n<\/h2>\n                                                                                                        <p>Im Zentrum der Messe positioniert, wird Avantex erneut zum Innovationszentrum der Texworld Apparel Sourcing Paris. Rund 30 Aussteller pr\u00e4sentieren L\u00f6sungen aus den Bereichen k\u00fcnstliche Intelligenz, R\u00fcckverfolgbarkeit, zirkul\u00e4re Fertigung, verantwortungsvoll produzierte Materialien, industrielle Optimierung und neue Gesch\u00e4ftsmodelle, die auf den sich beschleunigenden Wandel der Branche reagieren. Zum Programm geh\u00f6rt au\u00dferdem Texpertise Focus AI x SPOTT, eine Bildungsplattform, die untersucht, wie k\u00fcnstliche Intelligenz bereits heute die Textilpr\u00fcfung, die Produktionseffizienz, die Transparenz von Lieferketten und nachhaltige Entscheidungsprozesse in der Modeproduktion verbessert.<\/p>\n<p>W\u00e4hrend der dreit\u00e4gigen Veranstaltung widmen sich Konferenzen, Workshops und Networking-Sessions Themen wie regenerativen Textilwirtschaften, Langlebigkeit, zirkul\u00e4rem Design, KI-Anwendungen, textilem Fachwissen und k\u00fcnftigen regulatorischen Herausforderungen f\u00fcr die globale Branche.<\/p>\n<p>&nbsp;<\/p>\n<h3>Biomaterialien r\u00fccken in den Mittelpunkt<\/h3>\n<p>Eines der deutlichsten Signale dieser Ausgabe ist die wachsende Pr\u00e4senz von Biomaterialien, die sich zunehmend von der experimentellen Forschung zu kommerziell relevanten L\u00f6sungen f\u00fcr die Modebranche entwickeln. Im Rahmen von Avantex hat <a href=\"https:\/\/001.agency\/\" target=\"_blank\" rel=\"noopener\">001.AGENCY<\/a> zwei wegweisende Aussteller ausgew\u00e4hlt, deren Arbeiten die Vielfalt und den Reifegrad der heutigen Biomateriallandschaft veranschaulichen.<\/p>\n<p>Die K\u00fcnstlerin und Designerin <a href=\"https:\/\/www.instagram.com\/alicenapotts\/\" target=\"_blank\" rel=\"noopener\">Alice Potts<\/a> pr\u00e4sentiert ihre Erforschung von Biomaterialien, die aus lebenden Systemen entwickelt werden, und hinterfragt dabei konventionelle Beziehungen zwischen Biologie, Design und Materialinnovation. <a href=\"https:\/\/www.instagram.com\/citationneeded.co\/\" target=\"_blank\" rel=\"noopener\">Citation Needed<\/a> erforscht neue Ans\u00e4tze f\u00fcr die Entwicklung von Biomaterialien und zeigt, wie experimentelle Materialforschung zu k\u00fcnftigen Anwendungen in der Mode beitragen kann. Gemeinsam verdeutlichen diese beiden Aussteller, wie Biomaterialien \u00fcber konzeptionelle Experimente hinauswachsen und sich zu praktischen L\u00f6sungen entwickeln, die das Potenzial haben, die materielle Zukunft der Mode neu zu gestalten.<\/p>\n<p>Dar\u00fcber hinaus pr\u00e4sentiert 001.AGENCY auch <a href=\"https:\/\/www.instagram.com\/anewkindof_blue\/\" target=\"_blank\" rel=\"noopener\">Tim van der Loo<\/a>, einen niederl\u00e4ndischen Designer, der zirkul\u00e4re Materialinnovationen aus ausrangiertem Denim vorstellt. Dabei verwandelt er Textilabf\u00e4lle in neue Ressourcen und demonstriert zugleich das kommerzielle Potenzial der Kreislauffertigung.<\/p>\n                                            <div class=\"highlighted mt-5 mt-lg-6 px-lg-5\">\n                            <p style=\"text-align: center;\">Diese drei von 001.AGENCY ausgew\u00e4hlten Aussteller zeigen, wie Biomaterialien und zirkul\u00e4re Materialinnovationen zunehmend Teil der industriellen Realit\u00e4t der Modebranche werden, anstatt lediglich eine Vision f\u00fcr die ferne Zukunft zu bleiben.<\/p>\n                        <\/div>\n                                                        <\/div>\n            <\/div>\n        <\/div>\n    <\/section>\n    \n\n    <section id=\"media-block_a61a55ba1c0cb9a7813e204f5ed14212\" class=\"section position-relative gp-block gp-media pt-5 pb-5\">\n        <div class=\"container\">\n            <div class=\"row g-0\">\n                <div class=\"col-lg-12 content\" data-aos=\"fade-in\" data-aos-duration=\"1000\">\n                                                                            <\/div>\n            <\/div>\n            <div class=\"row g-0\">\n                <div class=\"col-lg-12 img-scaled\">\n                                                                                                                                                <figure class=\"mb-4 pt-lg-0 mb-lg-0 ps-lg-0 pe-lg-0\" data-aos=\"fade-up\" data-aos-duration=\"1000\"><div class=\"img-container\"><img loading=\"lazy\" decoding=\"async\" width=\"1200\" height=\"800\" src=\"https:\/\/luxiders.com\/content\/uploads\/luxiders-MesseFrankfurt0226Day2SelectionPresse-024.webp.jpg\" class=\"img-fluid w-100\" alt=\"\" srcset=\"https:\/\/luxiders.com\/content\/uploads\/luxiders-MesseFrankfurt0226Day2SelectionPresse-024.webp.jpg 1200w, https:\/\/luxiders.com\/content\/uploads\/luxiders-MesseFrankfurt0226Day2SelectionPresse-024.webp-300x200.jpg 300w, https:\/\/luxiders.com\/content\/uploads\/luxiders-MesseFrankfurt0226Day2SelectionPresse-024.webp-1024x683.jpg 1024w, https:\/\/luxiders.com\/content\/uploads\/luxiders-MesseFrankfurt0226Day2SelectionPresse-024.webp-768x512.jpg 768w\" sizes=\"(max-width: 1200px) 100vw, 1200px\" \/><\/div><\/figure>                                                                                            <\/div>\n                                            <\/div>\n        <\/div>\n    <\/section>\n    \n\n    <section id=\"textblock-block_402848c2091b1f5faf8caf9b50d264fe\" class=\"section position-relative gp-block gp-textblock pt-5 pb-5\">\n        <div class=\"container\">\n            <div class=\"row g-0\">\n                <div class=\"col-lg-12 content\" data-aos=\"fade-in\" data-aos-duration=\"1000\">\n                                                                        <h2 class=\"\">F\u00f6rderung der n\u00e4chsten Generation von Modeinnovationen\n<\/h2>\n                                                                                                        <p>Innovation steht auch beim <a href=\"https:\/\/luxiders.com\/de\/avantex-fashion-pitch-2026-sucht-die-grossen-modeinnovatoren-von-morgen\/\" target=\"_blank\" rel=\"noopener\">Avantex Fashion Pitch<\/a> im Mittelpunkt. Dort pr\u00e4sentieren internationale Start-ups ihre bahnbrechenden Technologien vor einer Fachjury, der Investoren, Modespezialisten, Innovationsf\u00fchrer sowie Belvis Soler, Mitgr\u00fcnderin und Art Director des Luxiders Magazine, angeh\u00f6ren. Das Gewinnerunternehmen erh\u00e4lt Unterst\u00fctzung aus der Branche, darunter einen eigenen Stand auf der Avantex, Zugang zu einem internationalen Mode-Inkubator und redaktionelle Pr\u00e4senz im Luxiders Magazine.<\/p>\n<h3>Der Blick \u00fcber das Produkt hinaus<\/h3>\n<p>Da sich die Anforderungen an Nachhaltigkeit kontinuierlich weiterentwickeln, zeigt die Texworld Apparel Sourcing Paris, dass sich die Diskussion l\u00e4ngst nicht mehr auf die Beschaffung von Produkten beschr\u00e4nkt. Der Fokus der Branche verlagert sich zunehmend auf die Beschaffung von Wissen, Technologien, materialwissenschaftlicher Expertise und messbaren Innovationen.<\/p>\n<p>Von k\u00fcnstlicher Intelligenz und Biomaterialien \u00fcber zirkul\u00e4re Fertigung bis hin zu regenerativen Denkans\u00e4tzen wird Paris erneut zum Treffpunkt, an dem die Zukunft der Textilien nicht nur diskutiert, sondern aktiv entwickelt wird.<\/p>\n                                                        <\/div>\n            <\/div>\n        <\/div>\n    <\/section>\n    \n\n    <section id=\"media-block_dea01367870a46fcb4af77c9129ef021\" class=\"section position-relative gp-block gp-media pt-5 pb-5\">\n        <div class=\"container\">\n            <div class=\"row g-0\">\n                <div class=\"col-lg-12 content\" data-aos=\"fade-in\" data-aos-duration=\"1000\">\n                                                                            <\/div>\n            <\/div>\n            <div class=\"row g-0\">\n                <div class=\"col-lg-12 img-scaled\">\n                                                                                                                                                <figure class=\"mb-4 pt-lg-0 mb-lg-0 ps-lg-0 pe-lg-0\" data-aos=\"fade-up\" data-aos-duration=\"1000\"><div class=\"img-container\"><img loading=\"lazy\" decoding=\"async\" width=\"1200\" height=\"900\" src=\"https:\/\/luxiders.com\/content\/uploads\/Texworld_2491d415-ed40-4a9d-9a77-af926a763784.jpeg\" class=\"img-fluid w-100\" alt=\"Sylvia Calvo Barcelona at Avantex\" srcset=\"https:\/\/luxiders.com\/content\/uploads\/Texworld_2491d415-ed40-4a9d-9a77-af926a763784.jpeg 1200w, https:\/\/luxiders.com\/content\/uploads\/Texworld_2491d415-ed40-4a9d-9a77-af926a763784-300x225.jpeg 300w, https:\/\/luxiders.com\/content\/uploads\/Texworld_2491d415-ed40-4a9d-9a77-af926a763784-1024x768.jpeg 1024w, https:\/\/luxiders.com\/content\/uploads\/Texworld_2491d415-ed40-4a9d-9a77-af926a763784-768x576.jpeg 768w\" sizes=\"(max-width: 1200px) 100vw, 1200px\" \/><\/div><figcaption>\u00a9 Sylvia Calvo Barcelona at Avantex<\/figcaption><\/figure>                                                                                            <\/div>\n                                            <\/div>\n        <\/div>\n    <\/section>\n    \n\n    <section id=\"textblock-block_0cc034ff4dce3e57034f3b10692a6ca6\" class=\"section position-relative gp-block gp-textblock text-center pt-5 pb-0\">\n        <div class=\"container\">\n            <div class=\"row g-0\">\n                <div class=\"col-lg-12 content\" data-aos=\"fade-in\" data-aos-duration=\"1000\">\n                                                                                                                                                <div class=\"mt-4\"><\/div>\n                                                                \n                    <p class=\"mb-0\"><a class=\"btn btn-secondary extern text-white\" href=\"https:\/\/texworld0926.fo.klipso.events\/en\/visitor.htm?Deconnect=1&#038;Code=LUXIDERS\" title=\"BESUCHE TEXWORLD APPAREL SOURCING PARIS 2026\" target=\"_blank\"><span>BESUCHE TEXWORLD APPAREL SOURCING PARIS 2026<\/span><\/a><\/p>\n                                                <\/div>\n            <\/div>\n        <\/div>\n    <\/section>\n    \n\n    <section id=\"textblock-block_eb019179a0def24e8227713d65260477\" class=\"section position-relative gp-block gp-textblock pt-0 pb-5 pb-lg-8\">\n        <div class=\"container\">\n            <div class=\"row g-0\">\n                <div class=\"col-lg-12 content\" data-aos=\"fade-in\" data-aos-duration=\"1000\">\n                                                                                <p>&nbsp;<\/p>\n<p style=\"text-align: center;\"><strong><i>All Images:<\/i><i><br \/>\n<\/i><i>@ <em>Courtesy by <span style=\"color: #d6a16b;\"><a style=\"color: #d6a16b;\" href=\"https:\/\/texworld-paris.fr.messefrankfurt.com\/paris\/en.html\" target=\"_blank\" rel=\"noopener\"><b>Texworld Apparel Sourcing Paris<\/b><\/a><\/span><\/em><\/i><\/strong><\/p>\n                                                        <\/div>\n            <\/div>\n        <\/div>\n    <\/section>\n    ","protected":false},"excerpt":{"rendered":"","protected":false},"author":2,"featured_media":62933,"comment_status":"closed","ping_status":"closed","sticky":false,"template":"","format":"standard","meta":{"_acf_changed":false,"footnotes":""},"categories":[1194],"tags":[10723],"class_list":["post-62924","post","type-post","status-publish","format-standard","has-post-thumbnail","category-nachhaltig-luxus-mode","tag-texworld-paris-2026-de"],"acf":[],"yoast_head":"<title>Texworld Paris 2026 vereint 1.000 Aussteller<\/title>\n<meta name=\"description\" content=\"Von Biomaterialien und k\u00fcnstlicher Intelligenz bis hin zu zirkul\u00e4rer Fertigung und r\u00fcckverfolgbarer Beschaffung: Die Texworld Apparel Sourcing Paris kehrt zur\u00fcck \u2026\" \/>\n<meta name=\"robots\" content=\"index, follow, max-snippet:-1, max-image-preview:large, max-video-preview:-1\" \/>\n<link rel=\"canonical\" href=\"https:\/\/luxiders.com\/de\/texworld-paris-2026-vereint-1-000-aussteller-waehrend-avantex-die-zukunft-nachhaltiger-mode-vorantreibt\/\" \/>\n<meta property=\"og:locale\" content=\"de_DE\" \/>\n<meta property=\"og:type\" content=\"article\" \/>\n<meta property=\"og:title\" content=\"Texworld Paris 2026 vereint 1.000 Aussteller\" \/>\n<meta property=\"og:description\" content=\"Von Biomaterialien und k\u00fcnstlicher Intelligenz bis hin zu zirkul\u00e4rer Fertigung und r\u00fcckverfolgbarer Beschaffung: Die Texworld Apparel Sourcing Paris kehrt zur\u00fcck \u2026\" \/>\n<meta property=\"og:url\" content=\"https:\/\/luxiders.com\/de\/texworld-paris-2026-vereint-1-000-aussteller-waehrend-avantex-die-zukunft-nachhaltiger-mode-vorantreibt\/\" \/>\n<meta property=\"og:site_name\" content=\"Sustainable Fashion - Eco Design - Healthy Lifestyle - Luxiders Magazine\" \/>\n<meta property=\"article:published_time\" content=\"2026-07-19T14:05:51+00:00\" \/>\n<meta property=\"article:modified_time\" content=\"2026-07-20T15:45:08+00:00\" \/>\n<meta property=\"og:image\" content=\"https:\/\/luxiders.com\/content\/uploads\/luxiders-MesseFrankfurt0226Day2SelectionPresse-024.webp.jpg\" \/>\n\t<meta property=\"og:image:width\" content=\"1200\" \/>\n\t<meta property=\"og:image:height\" content=\"800\" \/>\n\t<meta property=\"og:image:type\" content=\"image\/jpeg\" \/>\n<meta name=\"author\" content=\"luxiders\" \/>\n<meta name=\"twitter:card\" content=\"summary_large_image\" \/>\n<meta name=\"twitter:label1\" content=\"Verfasst von\" \/>\n\t<meta name=\"twitter:data1\" content=\"luxiders\" \/>\n\t<meta name=\"twitter:label2\" content=\"Gesch\u00e4tzte Lesezeit\" \/>\n\t<meta name=\"twitter:data2\" content=\"4\u00a0Minuten\" \/>\n<script type=\"application\/ld+json\" class=\"yoast-schema-graph\">{\"@context\":\"https:\/\/schema.org\",\"@graph\":[{\"@type\":\"Article\",\"@id\":\"https:\/\/luxiders.com\/de\/texworld-paris-2026-vereint-1-000-aussteller-waehrend-avantex-die-zukunft-nachhaltiger-mode-vorantreibt\/#article\",\"isPartOf\":{\"@id\":\"https:\/\/luxiders.com\/de\/texworld-paris-2026-vereint-1-000-aussteller-waehrend-avantex-die-zukunft-nachhaltiger-mode-vorantreibt\/\"},\"author\":{\"name\":\"luxiders\",\"@id\":\"https:\/\/luxiders.com\/de\/#\/schema\/person\/8632fa702ae2ce98f66c396254633de8\"},\"headline\":\"Texworld Paris 2026 vereint 1.000 Aussteller, w\u00e4hrend Avantex die Zukunft nachhaltiger Mode vorantreibt\",\"datePublished\":\"2026-07-19T14:05:51+00:00\",\"dateModified\":\"2026-07-20T15:45:08+00:00\",\"mainEntityOfPage\":{\"@id\":\"https:\/\/luxiders.com\/de\/texworld-paris-2026-vereint-1-000-aussteller-waehrend-avantex-die-zukunft-nachhaltiger-mode-vorantreibt\/\"},\"wordCount\":12,\"publisher\":{\"@id\":\"https:\/\/luxiders.com\/de\/#organization\"},\"image\":{\"@id\":\"https:\/\/luxiders.com\/de\/texworld-paris-2026-vereint-1-000-aussteller-waehrend-avantex-die-zukunft-nachhaltiger-mode-vorantreibt\/#primaryimage\"},\"thumbnailUrl\":\"https:\/\/luxiders.com\/content\/uploads\/luxiders-MesseFrankfurt0226Day2SelectionPresse-024.webp.jpg\",\"keywords\":[\"Texworld Paris 2026\"],\"articleSection\":[\"Mode\"],\"inLanguage\":\"de\"},{\"@type\":\"WebPage\",\"@id\":\"https:\/\/luxiders.com\/de\/texworld-paris-2026-vereint-1-000-aussteller-waehrend-avantex-die-zukunft-nachhaltiger-mode-vorantreibt\/\",\"url\":\"https:\/\/luxiders.com\/de\/texworld-paris-2026-vereint-1-000-aussteller-waehrend-avantex-die-zukunft-nachhaltiger-mode-vorantreibt\/\",\"name\":\"Texworld Paris 2026 vereint 1.000 Aussteller\",\"isPartOf\":{\"@id\":\"https:\/\/luxiders.com\/de\/#website\"},\"primaryImageOfPage\":{\"@id\":\"https:\/\/luxiders.com\/de\/texworld-paris-2026-vereint-1-000-aussteller-waehrend-avantex-die-zukunft-nachhaltiger-mode-vorantreibt\/#primaryimage\"},\"image\":{\"@id\":\"https:\/\/luxiders.com\/de\/texworld-paris-2026-vereint-1-000-aussteller-waehrend-avantex-die-zukunft-nachhaltiger-mode-vorantreibt\/#primaryimage\"},\"thumbnailUrl\":\"https:\/\/luxiders.com\/content\/uploads\/luxiders-MesseFrankfurt0226Day2SelectionPresse-024.webp.jpg\",\"datePublished\":\"2026-07-19T14:05:51+00:00\",\"dateModified\":\"2026-07-20T15:45:08+00:00\",\"description\":\"Von Biomaterialien und k\u00fcnstlicher Intelligenz bis hin zu zirkul\u00e4rer Fertigung und r\u00fcckverfolgbarer Beschaffung: Die Texworld Apparel Sourcing Paris kehrt zur\u00fcck \u2026\",\"breadcrumb\":{\"@id\":\"https:\/\/luxiders.com\/de\/texworld-paris-2026-vereint-1-000-aussteller-waehrend-avantex-die-zukunft-nachhaltiger-mode-vorantreibt\/#breadcrumb\"},\"inLanguage\":\"de\",\"potentialAction\":[{\"@type\":\"ReadAction\",\"target\":[\"https:\/\/luxiders.com\/de\/texworld-paris-2026-vereint-1-000-aussteller-waehrend-avantex-die-zukunft-nachhaltiger-mode-vorantreibt\/\"]}]},{\"@type\":\"ImageObject\",\"inLanguage\":\"de\",\"@id\":\"https:\/\/luxiders.com\/de\/texworld-paris-2026-vereint-1-000-aussteller-waehrend-avantex-die-zukunft-nachhaltiger-mode-vorantreibt\/#primaryimage\",\"url\":\"https:\/\/luxiders.com\/content\/uploads\/luxiders-MesseFrankfurt0226Day2SelectionPresse-024.webp.jpg\",\"contentUrl\":\"https:\/\/luxiders.com\/content\/uploads\/luxiders-MesseFrankfurt0226Day2SelectionPresse-024.webp.jpg\",\"width\":1200,\"height\":800},{\"@type\":\"BreadcrumbList\",\"@id\":\"https:\/\/luxiders.com\/de\/texworld-paris-2026-vereint-1-000-aussteller-waehrend-avantex-die-zukunft-nachhaltiger-mode-vorantreibt\/#breadcrumb\",\"itemListElement\":[{\"@type\":\"ListItem\",\"position\":1,\"name\":\"Startseite\",\"item\":\"https:\/\/luxiders.com\/de\/\"},{\"@type\":\"ListItem\",\"position\":2,\"name\":\"Mode\",\"item\":\"https:\/\/luxiders.com\/de\/Katregorie\/nachhaltig-luxus-mode\/\"},{\"@type\":\"ListItem\",\"position\":3,\"name\":\"Texworld Paris 2026 vereint 1.000 Aussteller, w\u00e4hrend Avantex die Zukunft nachhaltiger Mode vorantreibt\"}]},{\"@type\":\"WebSite\",\"@id\":\"https:\/\/luxiders.com\/de\/#website\",\"url\":\"https:\/\/luxiders.com\/de\/\",\"name\":\"Sustainable Fashion - Eco Design - Healthy Lifestyle - Luxiders Magazine\",\"description\":\"Luxiders is a sustainable luxury magazine highlighting the best stories about sustainable fashion, ethical fashion, eco-friendly design, green design, sustainable travel, natural beauty, organic beauty and healthy lifestyle. Know the best high-end, progressive and luxury sustainable brands and designers worldwide.\",\"publisher\":{\"@id\":\"https:\/\/luxiders.com\/de\/#organization\"},\"potentialAction\":[{\"@type\":\"SearchAction\",\"target\":{\"@type\":\"EntryPoint\",\"urlTemplate\":\"https:\/\/luxiders.com\/de\/?s={search_term_string}\"},\"query-input\":{\"@type\":\"PropertyValueSpecification\",\"valueRequired\":true,\"valueName\":\"search_term_string\"}}],\"inLanguage\":\"de\"},{\"@type\":\"Organization\",\"@id\":\"https:\/\/luxiders.com\/de\/#organization\",\"name\":\"Sustainable Fashion - Eco Design - Healthy Lifestyle - Luxiders Magazine\",\"url\":\"https:\/\/luxiders.com\/de\/\",\"logo\":{\"@type\":\"ImageObject\",\"inLanguage\":\"de\",\"@id\":\"https:\/\/luxiders.com\/de\/#\/schema\/logo\/image\/\",\"url\":\"https:\/\/luxiders.com\/content\/uploads\/lux-logo.svg\",\"contentUrl\":\"https:\/\/luxiders.com\/content\/uploads\/lux-logo.svg\",\"caption\":\"Sustainable Fashion - Eco Design - Healthy Lifestyle - Luxiders Magazine\"},\"image\":{\"@id\":\"https:\/\/luxiders.com\/de\/#\/schema\/logo\/image\/\"}},{\"@type\":\"Person\",\"@id\":\"https:\/\/luxiders.com\/de\/#\/schema\/person\/8632fa702ae2ce98f66c396254633de8\",\"name\":\"luxiders\",\"url\":\"https:\/\/luxiders.com\/de\/author\/luxiders\/\"}]}<\/script>","yoast_head_json":{"title":"Texworld Paris 2026 vereint 1.000 Aussteller","description":"Von Biomaterialien und k\u00fcnstlicher Intelligenz bis hin zu zirkul\u00e4rer Fertigung und r\u00fcckverfolgbarer Beschaffung: Die Texworld Apparel Sourcing Paris kehrt zur\u00fcck \u2026","robots":{"index":"index","follow":"follow","max-snippet":"max-snippet:-1","max-image-preview":"max-image-preview:large","max-video-preview":"max-video-preview:-1"},"canonical":"https:\/\/luxiders.com\/de\/texworld-paris-2026-vereint-1-000-aussteller-waehrend-avantex-die-zukunft-nachhaltiger-mode-vorantreibt\/","og_locale":"de_DE","og_type":"article","og_title":"Texworld Paris 2026 vereint 1.000 Aussteller","og_description":"Von Biomaterialien und k\u00fcnstlicher Intelligenz bis hin zu zirkul\u00e4rer Fertigung und r\u00fcckverfolgbarer Beschaffung: Die Texworld Apparel Sourcing Paris kehrt zur\u00fcck \u2026","og_url":"https:\/\/luxiders.com\/de\/texworld-paris-2026-vereint-1-000-aussteller-waehrend-avantex-die-zukunft-nachhaltiger-mode-vorantreibt\/","og_site_name":"Sustainable Fashion - Eco Design - Healthy Lifestyle - Luxiders Magazine","article_published_time":"2026-07-19T14:05:51+00:00","article_modified_time":"2026-07-20T15:45:08+00:00","og_image":[{"width":1200,"height":800,"url":"https:\/\/luxiders.com\/content\/uploads\/luxiders-MesseFrankfurt0226Day2SelectionPresse-024.webp.jpg","type":"image\/jpeg"}],"author":"luxiders","twitter_card":"summary_large_image","twitter_misc":{"Verfasst von":"luxiders","Gesch\u00e4tzte Lesezeit":"4\u00a0Minuten"},"schema":{"@context":"https:\/\/schema.org","@graph":[{"@type":"Article","@id":"https:\/\/luxiders.com\/de\/texworld-paris-2026-vereint-1-000-aussteller-waehrend-avantex-die-zukunft-nachhaltiger-mode-vorantreibt\/#article","isPartOf":{"@id":"https:\/\/luxiders.com\/de\/texworld-paris-2026-vereint-1-000-aussteller-waehrend-avantex-die-zukunft-nachhaltiger-mode-vorantreibt\/"},"author":{"name":"luxiders","@id":"https:\/\/luxiders.com\/de\/#\/schema\/person\/8632fa702ae2ce98f66c396254633de8"},"headline":"Texworld Paris 2026 vereint 1.000 Aussteller, w\u00e4hrend Avantex die Zukunft nachhaltiger Mode vorantreibt","datePublished":"2026-07-19T14:05:51+00:00","dateModified":"2026-07-20T15:45:08+00:00","mainEntityOfPage":{"@id":"https:\/\/luxiders.com\/de\/texworld-paris-2026-vereint-1-000-aussteller-waehrend-avantex-die-zukunft-nachhaltiger-mode-vorantreibt\/"},"wordCount":12,"publisher":{"@id":"https:\/\/luxiders.com\/de\/#organization"},"image":{"@id":"https:\/\/luxiders.com\/de\/texworld-paris-2026-vereint-1-000-aussteller-waehrend-avantex-die-zukunft-nachhaltiger-mode-vorantreibt\/#primaryimage"},"thumbnailUrl":"https:\/\/luxiders.com\/content\/uploads\/luxiders-MesseFrankfurt0226Day2SelectionPresse-024.webp.jpg","keywords":["Texworld Paris 2026"],"articleSection":["Mode"],"inLanguage":"de"},{"@type":"WebPage","@id":"https:\/\/luxiders.com\/de\/texworld-paris-2026-vereint-1-000-aussteller-waehrend-avantex-die-zukunft-nachhaltiger-mode-vorantreibt\/","url":"https:\/\/luxiders.com\/de\/texworld-paris-2026-vereint-1-000-aussteller-waehrend-avantex-die-zukunft-nachhaltiger-mode-vorantreibt\/","name":"Texworld Paris 2026 vereint 1.000 Aussteller","isPartOf":{"@id":"https:\/\/luxiders.com\/de\/#website"},"primaryImageOfPage":{"@id":"https:\/\/luxiders.com\/de\/texworld-paris-2026-vereint-1-000-aussteller-waehrend-avantex-die-zukunft-nachhaltiger-mode-vorantreibt\/#primaryimage"},"image":{"@id":"https:\/\/luxiders.com\/de\/texworld-paris-2026-vereint-1-000-aussteller-waehrend-avantex-die-zukunft-nachhaltiger-mode-vorantreibt\/#primaryimage"},"thumbnailUrl":"https:\/\/luxiders.com\/content\/uploads\/luxiders-MesseFrankfurt0226Day2SelectionPresse-024.webp.jpg","datePublished":"2026-07-19T14:05:51+00:00","dateModified":"2026-07-20T15:45:08+00:00","description":"Von Biomaterialien und k\u00fcnstlicher Intelligenz bis hin zu zirkul\u00e4rer Fertigung und r\u00fcckverfolgbarer Beschaffung: Die Texworld Apparel Sourcing Paris kehrt zur\u00fcck \u2026","breadcrumb":{"@id":"https:\/\/luxiders.com\/de\/texworld-paris-2026-vereint-1-000-aussteller-waehrend-avantex-die-zukunft-nachhaltiger-mode-vorantreibt\/#breadcrumb"},"inLanguage":"de","potentialAction":[{"@type":"ReadAction","target":["https:\/\/luxiders.com\/de\/texworld-paris-2026-vereint-1-000-aussteller-waehrend-avantex-die-zukunft-nachhaltiger-mode-vorantreibt\/"]}]},{"@type":"ImageObject","inLanguage":"de","@id":"https:\/\/luxiders.com\/de\/texworld-paris-2026-vereint-1-000-aussteller-waehrend-avantex-die-zukunft-nachhaltiger-mode-vorantreibt\/#primaryimage","url":"https:\/\/luxiders.com\/content\/uploads\/luxiders-MesseFrankfurt0226Day2SelectionPresse-024.webp.jpg","contentUrl":"https:\/\/luxiders.com\/content\/uploads\/luxiders-MesseFrankfurt0226Day2SelectionPresse-024.webp.jpg","width":1200,"height":800},{"@type":"BreadcrumbList","@id":"https:\/\/luxiders.com\/de\/texworld-paris-2026-vereint-1-000-aussteller-waehrend-avantex-die-zukunft-nachhaltiger-mode-vorantreibt\/#breadcrumb","itemListElement":[{"@type":"ListItem","position":1,"name":"Startseite","item":"https:\/\/luxiders.com\/de\/"},{"@type":"ListItem","position":2,"name":"Mode","item":"https:\/\/luxiders.com\/de\/Katregorie\/nachhaltig-luxus-mode\/"},{"@type":"ListItem","position":3,"name":"Texworld Paris 2026 vereint 1.000 Aussteller, w\u00e4hrend Avantex die Zukunft nachhaltiger Mode vorantreibt"}]},{"@type":"WebSite","@id":"https:\/\/luxiders.com\/de\/#website","url":"https:\/\/luxiders.com\/de\/","name":"Sustainable Fashion - Eco Design - Healthy Lifestyle - Luxiders Magazine","description":"Luxiders is a sustainable luxury magazine highlighting the best stories about sustainable fashion, ethical fashion, eco-friendly design, green design, sustainable travel, natural beauty, organic beauty and healthy lifestyle. Know the best high-end, progressive and luxury sustainable brands and designers worldwide.","publisher":{"@id":"https:\/\/luxiders.com\/de\/#organization"},"potentialAction":[{"@type":"SearchAction","target":{"@type":"EntryPoint","urlTemplate":"https:\/\/luxiders.com\/de\/?s={search_term_string}"},"query-input":{"@type":"PropertyValueSpecification","valueRequired":true,"valueName":"search_term_string"}}],"inLanguage":"de"},{"@type":"Organization","@id":"https:\/\/luxiders.com\/de\/#organization","name":"Sustainable Fashion - Eco Design - Healthy Lifestyle - Luxiders Magazine","url":"https:\/\/luxiders.com\/de\/","logo":{"@type":"ImageObject","inLanguage":"de","@id":"https:\/\/luxiders.com\/de\/#\/schema\/logo\/image\/","url":"https:\/\/luxiders.com\/content\/uploads\/lux-logo.svg","contentUrl":"https:\/\/luxiders.com\/content\/uploads\/lux-logo.svg","caption":"Sustainable Fashion - Eco Design - Healthy Lifestyle - Luxiders Magazine"},"image":{"@id":"https:\/\/luxiders.com\/de\/#\/schema\/logo\/image\/"}},{"@type":"Person","@id":"https:\/\/luxiders.com\/de\/#\/schema\/person\/8632fa702ae2ce98f66c396254633de8","name":"luxiders","url":"https:\/\/luxiders.com\/de\/author\/luxiders\/"}]}},"_links":{"self":[{"href":"https:\/\/luxiders.com\/de\/wp-json\/wp\/v2\/posts\/62924","targetHints":{"allow":["GET"]}}],"collection":[{"href":"https:\/\/luxiders.com\/de\/wp-json\/wp\/v2\/posts"}],"about":[{"href":"https:\/\/luxiders.com\/de\/wp-json\/wp\/v2\/types\/post"}],"author":[{"embeddable":true,"href":"https:\/\/luxiders.com\/de\/wp-json\/wp\/v2\/users\/2"}],"replies":[{"embeddable":true,"href":"https:\/\/luxiders.com\/de\/wp-json\/wp\/v2\/comments?post=62924"}],"version-history":[{"count":2,"href":"https:\/\/luxiders.com\/de\/wp-json\/wp\/v2\/posts\/62924\/revisions"}],"predecessor-version":[{"id":63019,"href":"https:\/\/luxiders.com\/de\/wp-json\/wp\/v2\/posts\/62924\/revisions\/63019"}],"wp:featuredmedia":[{"embeddable":true,"href":"https:\/\/luxiders.com\/de\/wp-json\/wp\/v2\/media\/62933"}],"wp:attachment":[{"href":"https:\/\/luxiders.com\/de\/wp-json\/wp\/v2\/media?parent=62924"}],"wp:term":[{"taxonomy":"category","embeddable":true,"href":"https:\/\/luxiders.com\/de\/wp-json\/wp\/v2\/categories?post=62924"},{"taxonomy":"post_tag","embeddable":true,"href":"https:\/\/luxiders.com\/de\/wp-json\/wp\/v2\/tags?post=62924"}],"curies":[{"name":"wp","href":"https:\/\/api.w.org\/{rel}","templated":true}]}}