{"id":63988,"date":"2026-09-04T15:00:57","date_gmt":"2026-09-04T13:00:57","guid":{"rendered":"https:\/\/luxiders.com\/?p=63988"},"modified":"2026-09-04T11:16:01","modified_gmt":"2026-09-04T09:16:01","slug":"texworld-paris-2026-wie-innovation-kreislaufwirtschaft-und-neue-beschaffungsmaerkte-die-modebranche-veraendern","status":"publish","type":"post","link":"https:\/\/luxiders.com\/de\/texworld-paris-2026-wie-innovation-kreislaufwirtschaft-und-neue-beschaffungsmaerkte-die-modebranche-veraendern\/","title":{"rendered":"Texworld Paris 2026 | Wie Innovation, Kreislaufwirtschaft und neue Beschaffungsm\u00e4rkte die Modebranche ver\u00e4ndern"},"content":{"rendered":"    <section id=\"textblock-block_d0de055dcb772a7a3b76ee2ffe989858\" class=\"section position-relative gp-block gp-textblock pt-0 pb-0\">\n        <div class=\"container\">\n            <div class=\"row g-0\">\n                <div class=\"col-lg-12 content\" data-aos=\"fade-in\" data-aos-duration=\"1000\">\n                                                                                    <div class=\"intro \">\n                            <p style=\"text-align: center;\">Dynamic aisles and an increasingly diversified sourcing landscape, garments grown with bacterial cellulose, crystals made from human sweat, technologies designed to prevent textile waste before it exists&#8230; Texworld Apparel Sourcing Paris 2026 offered a revealing snapshot of an industry in transition. For Luxiders, the most compelling message from Paris was clear: the future of fashion sourcing is no longer simply about where we manufacture, the future of fashion sourcing is no longer simply about where and how we manufacture, but about taking responsibility for production volumes, product quality, recyclability and carbon footprint.<\/p>\n                        <\/div>\n                                                                                                <\/div>\n            <\/div>\n        <\/div>\n    <\/section>\n    \n\n    <section id=\"newsletter-block_94ea9bcf48b31a7b015e8181cae3b012\" class=\"section position-relative gp-block gp-newsletter pt-0 pb-0 my-5\">\n        <div class=\"container\">\n            <div class=\"row g-0 pt-4 pb-3\">\n                <div class=\"col-lg-12 content text-center border pt-3\" data-aos=\"fade-in\" data-aos-duration=\"1000\">\n                                            <p><em>Um den Luxiders Newsletter zu erhalten,\u00a0<a href=\"https:\/\/landing.mailerlite.com\/webforms\/landing\/g1u8s7\">melde dich hier an<\/a>.<\/em><\/p>\n                                    <\/div>\n            <\/div>\n        <\/div>\n    <\/section>\n    \n\n    <section id=\"textblock-block_8c5e272f36951ae9fd697dec6611bf99\" class=\"section position-relative gp-block gp-textblock pt-5 pb-5\">\n        <div class=\"container\">\n            <div class=\"row g-0\">\n                <div class=\"col-lg-12 content\" data-aos=\"fade-in\" data-aos-duration=\"1000\">\n                                                                        <h2 class=\"\">WENN SICH DIE REGELN DER MODE VER\u00c4NDERN\n<\/h2>\n                                                                                                        <p>Der Zeitpunkt war kaum zu \u00fcbersehen. Als die Texworld Apparel Sourcing Paris am 31. August auf dem Messegel\u00e4nde Paris-Le Bourget ihre Tore \u00f6ffnete, startete die europ\u00e4ische Modebranche in einen September, in dem gesetzliche Vorgaben zunehmend von einer Zukunftsdiskussion zur gesch\u00e4ftlichen Realit\u00e4t wurden.<\/p>\n<p>Jahrelang konnte sich die Nachhaltigkeitsdebatte auf Textilmessen weitgehend auf freiwillige Verpflichtungen, Zertifizierungen, bessere Fasern und individuelle Unternehmensziele beschr\u00e4nken. Diese Zeit geht zu Ende.<\/p>\n<p>In ganz Europa ver\u00e4ndern neue Anforderungen an Produktnachhaltigkeit, Kreislaufwirtschaft, Abfallvermeidung, Herstellerverantwortung und R\u00fcckverfolgbarkeit allm\u00e4hlich, was Modeunternehmen \u00fcber die von ihnen auf den Markt gebrachten Produkte wissen m\u00fcssen. Gleichzeitig hat Frankreichs Kampf gegen Ultra-Fast-Fashion eine weitere grundlegende Frage in den Mittelpunkt der politischen Debatte ger\u00fcckt: Sollte ein Gesch\u00e4ftsmodell, das auf enormen Mengen extrem g\u00fcnstiger Kleidung basiert, weiterhin denselben Regeln unterliegen wie der Rest der Branche?<\/p>\n<p>Vor diesem Hintergrund wird die Texworld pl\u00f6tzlich zu mehr als nur einem Ort, an dem man nach Stoffen oder Herstellern sucht. Denn Beschaffungsentscheidungen, bei denen es fr\u00fcher vor allem um Preis, Qualit\u00e4t, Lieferzeiten und Mindestbestellmengen ging, sind zunehmend mit einem neuen Vokabular verkn\u00fcpft: R\u00fcckverfolgbarkeit, Umweltauswirkungen, Langlebigkeit, Kreislauff\u00e4higkeit, Compliance und geopolitische Resilienz.<\/p>\n<p>Und dieser Wandel war vor Ort deutlich zu sp\u00fcren.<\/p>\n                                            <div class=\"highlighted mt-5 mt-lg-6 px-lg-5\">\n                            <p style=\"text-align: center;\">Jahrelang konnte sich die Nachhaltigkeitsdebatte auf Textilmessen weitgehend auf freiwillige Verpflichtungen, Zertifizierungen, bessere Fasern und individuelle Unternehmensziele beschr\u00e4nken. Diese Zeit geht zu Ende.<\/p>\n                        <\/div>\n                                                        <\/div>\n            <\/div>\n        <\/div>\n    <\/section>\n    \n\n    <section id=\"media-block_bd8f300bbfd946842f702ef8c3228e08\" class=\"section position-relative gp-block gp-media pt-5 pb-5\">\n        <div class=\"container\">\n            <div class=\"row g-0\">\n                <div class=\"col-lg-12 content\" data-aos=\"fade-in\" data-aos-duration=\"1000\">\n                                                                            <\/div>\n            <\/div>\n            <div class=\"row g-0\">\n                <div class=\"col-lg-12 img-scaled\">\n                                                                                                                                                <figure class=\"mb-4 pt-lg-0 mb-lg-0 ps-lg-0 pe-lg-0\" data-aos=\"fade-up\" data-aos-duration=\"1000\"><div class=\"img-container\"><img loading=\"lazy\" decoding=\"async\" width=\"2560\" height=\"1707\" src=\"https:\/\/luxiders.com\/content\/uploads\/MesseFrankfurt0926SelectionDay1-043.webp.2560.webp\" class=\"img-fluid w-100\" alt=\"\" srcset=\"https:\/\/luxiders.com\/content\/uploads\/MesseFrankfurt0926SelectionDay1-043.webp.2560.webp 2560w, https:\/\/luxiders.com\/content\/uploads\/MesseFrankfurt0926SelectionDay1-043.webp.2560-300x200.webp 300w, https:\/\/luxiders.com\/content\/uploads\/MesseFrankfurt0926SelectionDay1-043.webp.2560-1024x683.webp 1024w, https:\/\/luxiders.com\/content\/uploads\/MesseFrankfurt0926SelectionDay1-043.webp.2560-768x512.webp 768w, https:\/\/luxiders.com\/content\/uploads\/MesseFrankfurt0926SelectionDay1-043.webp.2560-1536x1024.webp 1536w, https:\/\/luxiders.com\/content\/uploads\/MesseFrankfurt0926SelectionDay1-043.webp.2560-2048x1366.webp 2048w\" sizes=\"(max-width: 2560px) 100vw, 2560px\" \/><\/div><\/figure>                                                                                            <\/div>\n                                            <\/div>\n        <\/div>\n    <\/section>\n    \n\n    <section id=\"media-block_dd6a04c0c18e92dd68369ca5b886e5c2\" class=\"section position-relative gp-block gp-media pt-5 pb-5\">\n        <div class=\"container\">\n            <div class=\"row g-0\">\n                <div class=\"col-lg-12 content\" data-aos=\"fade-in\" data-aos-duration=\"1000\">\n                                                                            <\/div>\n            <\/div>\n            <div class=\"row g-0\">\n                <div class=\"col-lg-6 \">\n                                                                                                                                                <figure class=\"mb-4 pt-lg-0 mb-lg-0 ps-lg-4 pe-lg-0\" data-aos=\"fade-up\" data-aos-duration=\"1000\"><div class=\"img-container\"><img loading=\"lazy\" decoding=\"async\" width=\"2560\" height=\"1707\" src=\"https:\/\/luxiders.com\/content\/uploads\/MesseFrankfurt0926SelectionDay1-009.webp.2560.webp\" class=\"img-fluid w-100\" alt=\"\" srcset=\"https:\/\/luxiders.com\/content\/uploads\/MesseFrankfurt0926SelectionDay1-009.webp.2560.webp 2560w, https:\/\/luxiders.com\/content\/uploads\/MesseFrankfurt0926SelectionDay1-009.webp.2560-300x200.webp 300w, https:\/\/luxiders.com\/content\/uploads\/MesseFrankfurt0926SelectionDay1-009.webp.2560-1024x683.webp 1024w, https:\/\/luxiders.com\/content\/uploads\/MesseFrankfurt0926SelectionDay1-009.webp.2560-768x512.webp 768w, https:\/\/luxiders.com\/content\/uploads\/MesseFrankfurt0926SelectionDay1-009.webp.2560-1536x1024.webp 1536w, https:\/\/luxiders.com\/content\/uploads\/MesseFrankfurt0926SelectionDay1-009.webp.2560-2048x1366.webp 2048w\" sizes=\"(max-width: 2560px) 100vw, 2560px\" \/><\/div><\/figure>                                                                                            <\/div>\n                                    <div class=\"col-lg-6\">\n                                                                                                                                                        <figure class=\"mb-4 pt-lg-0 mb-lg-0 ps-lg-4 pe-lg-0\" data-aos=\"fade-up\" data-aos-duration=\"1000\"><div class=\"img-container\"><img loading=\"lazy\" decoding=\"async\" width=\"2560\" height=\"1707\" src=\"https:\/\/luxiders.com\/content\/uploads\/MesseFrankfurt0926SelectionDay1-049.webp.2560.webp\" class=\"img-fluid w-100\" alt=\"\" srcset=\"https:\/\/luxiders.com\/content\/uploads\/MesseFrankfurt0926SelectionDay1-049.webp.2560.webp 2560w, https:\/\/luxiders.com\/content\/uploads\/MesseFrankfurt0926SelectionDay1-049.webp.2560-300x200.webp 300w, https:\/\/luxiders.com\/content\/uploads\/MesseFrankfurt0926SelectionDay1-049.webp.2560-1024x683.webp 1024w, https:\/\/luxiders.com\/content\/uploads\/MesseFrankfurt0926SelectionDay1-049.webp.2560-768x512.webp 768w, https:\/\/luxiders.com\/content\/uploads\/MesseFrankfurt0926SelectionDay1-049.webp.2560-1536x1024.webp 1536w, https:\/\/luxiders.com\/content\/uploads\/MesseFrankfurt0926SelectionDay1-049.webp.2560-2048x1366.webp 2048w\" sizes=\"(max-width: 2560px) 100vw, 2560px\" \/><\/div><\/figure>                                                                                                        <\/div>\n                                            <\/div>\n        <\/div>\n    <\/section>\n    \n\n    <section id=\"media-block_12b5a85f2565d5b00293f18ce02cffba\" class=\"section position-relative gp-block gp-media pt-5 pb-5\">\n        <div class=\"container\">\n            <div class=\"row g-0\">\n                <div class=\"col-lg-12 content\" data-aos=\"fade-in\" data-aos-duration=\"1000\">\n                                                                            <\/div>\n            <\/div>\n            <div class=\"row g-0\">\n                <div class=\"col-lg-12 img-scaled\">\n                                                                                                                                                <figure class=\"mb-4 pt-lg-5 mb-lg-0 ps-lg-4 pe-lg-3\" data-aos=\"fade-up\" data-aos-duration=\"1000\"><div class=\"img-container\"><img loading=\"lazy\" decoding=\"async\" width=\"2560\" height=\"1707\" src=\"https:\/\/luxiders.com\/content\/uploads\/MesseFrankfurt0926Day2Selection-018.webp.2560.webp\" class=\"img-fluid w-100\" alt=\"\" srcset=\"https:\/\/luxiders.com\/content\/uploads\/MesseFrankfurt0926Day2Selection-018.webp.2560.webp 2560w, https:\/\/luxiders.com\/content\/uploads\/MesseFrankfurt0926Day2Selection-018.webp.2560-300x200.webp 300w, https:\/\/luxiders.com\/content\/uploads\/MesseFrankfurt0926Day2Selection-018.webp.2560-1024x683.webp 1024w, https:\/\/luxiders.com\/content\/uploads\/MesseFrankfurt0926Day2Selection-018.webp.2560-768x512.webp 768w, https:\/\/luxiders.com\/content\/uploads\/MesseFrankfurt0926Day2Selection-018.webp.2560-1536x1024.webp 1536w, https:\/\/luxiders.com\/content\/uploads\/MesseFrankfurt0926Day2Selection-018.webp.2560-2048x1366.webp 2048w\" sizes=\"(max-width: 2560px) 100vw, 2560px\" \/><\/div><\/figure>                                                                                            <\/div>\n                                            <\/div>\n        <\/div>\n    <\/section>\n    \n\n    <section id=\"textblock-block_f1c3293c859c1dd2ebaf279093362413\" class=\"section position-relative gp-block gp-textblock pt-0 pb-0\">\n        <div class=\"container\">\n            <div class=\"row g-0\">\n                <div class=\"col-lg-12 content\" data-aos=\"fade-in\" data-aos-duration=\"1000\">\n                                                                        <h2 class=\"\">WAS WIR AUF DER TEXWORLD GESEHEN HABEN\n<\/h2>\n                                                                                                        <p>Unser erster Eindruck stellte sich \u00fcberraschend schnell ein: Die Texworld wirkte dynamisch. Bereits in den ersten Morgenstunden des Er\u00f6ffnungstages herrschte reges Treiben in den G\u00e4ngen. Eink\u00e4ufer wechselten unabl\u00e4ssig zwischen den Messest\u00e4nden, die Gespr\u00e4che rissen nicht ab und die hohe Aktivit\u00e4t hielt bis weit in den Nachmittag hinein an.<\/p>\n<p>Nach zahlreichen Gespr\u00e4chen mit Ausstellern und Besuchern w\u00e4hrend der gesamten Messe entstand das Bild einer Branche, die trotz erheblicher Unsicherheiten aktiv nach neuen Chancen sucht.<\/p>\n<p>Doch beim Gang durch die Sourcing-Hallen fiel uns noch etwas anderes auf. Die Texworld wird seit jeher stark mit der asiatischen Textilproduktion in Verbindung gebracht, und asiatische Hersteller bilden zweifellos weiterhin das Herzst\u00fcck der Messe. Dennoch wirkte diese Ausgabe geografisch vielf\u00e4ltiger. Neben den etablierten asiatischen Herstellern pr\u00e4sentierten sich europ\u00e4ische Anbieter und Lieferanten aus nahe gelegenen Beschaffungsm\u00e4rkten, w\u00e4hrend zugleich neue Sourcing-Standorte in den Fokus r\u00fcckten. Diese Beobachtung spiegelt eine bewusste Weiterentwicklung der Messe selbst wider.<\/p>\n<p>Die Texworld Apparel Sourcing Paris f\u00fchrte neue Beschaffungsm\u00f6glichkeiten aus L\u00e4ndern wie Armenien, Kirgisistan, Usbekistan und Bulgarien ein beziehungsweise baute diese weiter aus. Gleichzeitig pr\u00e4sentierte der Near Sourcing Hub Alternativen in gr\u00f6\u00dferer N\u00e4he zu europ\u00e4ischen Marken, unter anderem aus Portugal, Griechenland, Marokko, Tunesien, Bulgarien und Rum\u00e4nien. Auch Indien trat als ein weiterer wichtiger Akteur hervor, da sich die ver\u00e4ndernden Handelsbeziehungen mit der Europ\u00e4ischen Union erheblich auf die Wettbewerbsf\u00e4higkeit des Landes auf dem europ\u00e4ischen Textilmarkt auswirken k\u00f6nnten.<\/p>\n<p>Was uns zun\u00e4chst lediglich wie eine ver\u00e4nderte Zusammensetzung der Aussteller erschien, offenbarte somit eine weitaus gr\u00f6\u00dfere Entwicklung: Die Modebranche \u00fcberdenkt ihre globale Beschaffungslandkarte. Nicht unbedingt, weil die Globalisierung verschwindet, sondern weil Abh\u00e4ngigkeit zu einem Risiko geworden ist.<\/p>\n<p>Geopolitische Instabilit\u00e4t, Handelspolitik, Regulierung und St\u00f6rungen der Lieferketten f\u00fchren dazu, dass die Beschaffung aus einer einzigen dominierenden Region l\u00e4ngst nicht mehr nur eine wirtschaftliche Entscheidung ist. Diversifizierung selbst wird zu einer Form der Widerstandsf\u00e4higkeit. Und genau hier zeichnet sich die zentrale Frage der Texworld Paris 2026 ab.<\/p>\n<p>Beim Sourcing geht es nicht mehr nur darum, wer ein Kleidungsst\u00fcck herstellen kann. Es geht darum, wo und woraus es gefertigt werden sollte, unter welchen Bedingungen und mit welcher Transparenz \u2013 und darum, was mit seinen Materialien geschieht, wenn das Kleidungsst\u00fcck nicht mehr gewollt ist.<\/p>\n<p>Auf dem Weg von der Texworld zur Avantex wurden diese Fragen noch grundlegender.<\/p>\n<p>Denn dort fragten einige Designer nicht mehr, woher die Materialien von morgen kommen sollten. Sie stellten die Frage, was ein Material \u00fcberhaupt sein kann.<\/p>\n                                            <div class=\"highlighted mt-5 mt-lg-6 px-lg-5\">\n                            <p style=\"text-align: center;\">Die Modebranche \u00fcberdenkt ihre globale Beschaffungslandkarte. Nicht unbedingt, weil die Globalisierung verschwindet, sondern weil Abh\u00e4ngigkeit zu einem Risiko geworden ist.<\/p>\n                        <\/div>\n                                                        <\/div>\n            <\/div>\n        <\/div>\n    <\/section>\n    \n\n    <section id=\"media-block_d60449b32f76ffb9fdaa6c3e48145f51\" class=\"section position-relative gp-block gp-media pt-5 pb-5\">\n        <div class=\"container\">\n            <div class=\"row g-0\">\n                <div class=\"col-lg-12 content\" data-aos=\"fade-in\" data-aos-duration=\"1000\">\n                                                                            <\/div>\n            <\/div>\n            <div class=\"row g-0\">\n                <div class=\"col-lg-6 \">\n                                                                                                                                                <figure class=\"mb-4 pt-lg-3 mb-lg-0 ps-lg-0 pe-lg-0\" data-aos=\"fade-up\" data-aos-duration=\"1000\"><div class=\"img-container\"><img loading=\"lazy\" decoding=\"async\" width=\"2560\" height=\"1707\" src=\"https:\/\/luxiders.com\/content\/uploads\/MesseFrankfurt0926SelectionDay1-025.webp.2560.webp\" class=\"img-fluid w-100\" alt=\"\" srcset=\"https:\/\/luxiders.com\/content\/uploads\/MesseFrankfurt0926SelectionDay1-025.webp.2560.webp 2560w, https:\/\/luxiders.com\/content\/uploads\/MesseFrankfurt0926SelectionDay1-025.webp.2560-300x200.webp 300w, https:\/\/luxiders.com\/content\/uploads\/MesseFrankfurt0926SelectionDay1-025.webp.2560-1024x683.webp 1024w, https:\/\/luxiders.com\/content\/uploads\/MesseFrankfurt0926SelectionDay1-025.webp.2560-768x512.webp 768w, https:\/\/luxiders.com\/content\/uploads\/MesseFrankfurt0926SelectionDay1-025.webp.2560-1536x1024.webp 1536w, https:\/\/luxiders.com\/content\/uploads\/MesseFrankfurt0926SelectionDay1-025.webp.2560-2048x1366.webp 2048w\" sizes=\"(max-width: 2560px) 100vw, 2560px\" \/><\/div><\/figure>                                                                                            <\/div>\n                                    <div class=\"col-lg-6\">\n                                                                                                                                                        <figure class=\"mb-4 pt-lg-5 mb-lg-5 ps-lg-4 pe-lg-4\" data-aos=\"fade-up\" data-aos-duration=\"1000\"><div class=\"img-container\"><img loading=\"lazy\" decoding=\"async\" width=\"2560\" height=\"1707\" src=\"https:\/\/luxiders.com\/content\/uploads\/MesseFrankfurt0926SelectionDay1-012.webp.2560.webp\" class=\"img-fluid w-100\" alt=\"\" srcset=\"https:\/\/luxiders.com\/content\/uploads\/MesseFrankfurt0926SelectionDay1-012.webp.2560.webp 2560w, https:\/\/luxiders.com\/content\/uploads\/MesseFrankfurt0926SelectionDay1-012.webp.2560-300x200.webp 300w, https:\/\/luxiders.com\/content\/uploads\/MesseFrankfurt0926SelectionDay1-012.webp.2560-1024x683.webp 1024w, https:\/\/luxiders.com\/content\/uploads\/MesseFrankfurt0926SelectionDay1-012.webp.2560-768x512.webp 768w, https:\/\/luxiders.com\/content\/uploads\/MesseFrankfurt0926SelectionDay1-012.webp.2560-1536x1024.webp 1536w, https:\/\/luxiders.com\/content\/uploads\/MesseFrankfurt0926SelectionDay1-012.webp.2560-2048x1366.webp 2048w\" sizes=\"(max-width: 2560px) 100vw, 2560px\" \/><\/div><\/figure>                                                                                                        <\/div>\n                                            <\/div>\n        <\/div>\n    <\/section>\n    \n\n    <section id=\"media-block_449ad2e9b25b36c3e7d743d564fdad46\" class=\"section position-relative gp-block gp-media pt-5 pb-5\">\n        <div class=\"container\">\n            <div class=\"row g-0\">\n                <div class=\"col-lg-12 content\" data-aos=\"fade-in\" data-aos-duration=\"1000\">\n                                                                            <\/div>\n            <\/div>\n            <div class=\"row g-0\">\n                <div class=\"col-lg-6 \">\n                                                                                                                                                <figure class=\"mb-4 pt-lg-3 mb-lg-0 ps-lg-0 pe-lg-0\" data-aos=\"fade-up\" data-aos-duration=\"1000\"><div class=\"img-container\"><img loading=\"lazy\" decoding=\"async\" width=\"2560\" height=\"1707\" src=\"https:\/\/luxiders.com\/content\/uploads\/MesseFrankfurt0926SelectionDay1-018.webp.2560.webp\" class=\"img-fluid w-100\" alt=\"\" srcset=\"https:\/\/luxiders.com\/content\/uploads\/MesseFrankfurt0926SelectionDay1-018.webp.2560.webp 2560w, https:\/\/luxiders.com\/content\/uploads\/MesseFrankfurt0926SelectionDay1-018.webp.2560-300x200.webp 300w, https:\/\/luxiders.com\/content\/uploads\/MesseFrankfurt0926SelectionDay1-018.webp.2560-1024x683.webp 1024w, https:\/\/luxiders.com\/content\/uploads\/MesseFrankfurt0926SelectionDay1-018.webp.2560-768x512.webp 768w, https:\/\/luxiders.com\/content\/uploads\/MesseFrankfurt0926SelectionDay1-018.webp.2560-1536x1024.webp 1536w, https:\/\/luxiders.com\/content\/uploads\/MesseFrankfurt0926SelectionDay1-018.webp.2560-2048x1366.webp 2048w\" sizes=\"(max-width: 2560px) 100vw, 2560px\" \/><\/div><\/figure>                                                                                            <\/div>\n                                    <div class=\"col-lg-6\">\n                                                                                                                                                        <figure class=\"mb-4 pt-lg-5 mb-lg-5 ps-lg-4 pe-lg-4\" data-aos=\"fade-up\" data-aos-duration=\"1000\"><div class=\"img-container\"><img loading=\"lazy\" decoding=\"async\" width=\"2560\" height=\"1707\" src=\"https:\/\/luxiders.com\/content\/uploads\/MesseFrankfurt0926SelectionDay1-050.webp.2560.webp\" class=\"img-fluid w-100\" alt=\"\" srcset=\"https:\/\/luxiders.com\/content\/uploads\/MesseFrankfurt0926SelectionDay1-050.webp.2560.webp 2560w, https:\/\/luxiders.com\/content\/uploads\/MesseFrankfurt0926SelectionDay1-050.webp.2560-300x200.webp 300w, https:\/\/luxiders.com\/content\/uploads\/MesseFrankfurt0926SelectionDay1-050.webp.2560-1024x683.webp 1024w, https:\/\/luxiders.com\/content\/uploads\/MesseFrankfurt0926SelectionDay1-050.webp.2560-768x512.webp 768w, https:\/\/luxiders.com\/content\/uploads\/MesseFrankfurt0926SelectionDay1-050.webp.2560-1536x1024.webp 1536w, https:\/\/luxiders.com\/content\/uploads\/MesseFrankfurt0926SelectionDay1-050.webp.2560-2048x1366.webp 2048w\" sizes=\"(max-width: 2560px) 100vw, 2560px\" \/><\/div><\/figure>                                                                                                        <\/div>\n                                            <\/div>\n        <\/div>\n    <\/section>\n    \n\n    <section id=\"textblock-block_6170e6dfa5cced6c82cff5d555805a01\" class=\"section position-relative gp-block gp-textblock pt-5 pb-5\">\n        <div class=\"container\">\n            <div class=\"row g-0\">\n                <div class=\"col-lg-12 content\" data-aos=\"fade-in\" data-aos-duration=\"1000\">\n                                                                        <h2 class=\"\">AVANTEX: NEU DENKEN, WORAUS MODE ENTSTEHEN KANN\n<\/h2>\n                                                                                                        <p>Einige der provokantesten Ideen, denen wir auf der Texworld begegneten, drehten sich nicht um die Frage, wo Mode produziert werden sollte, sondern darum, womit sie produziert werden sollte. Die Avantex brachte Kreislaufwirtschaft, Biotechnologie und Materialexperimente zusammen und warf damit eine grundlegende Frage auf: Was ist heute eigentlich ein Modematerial?<\/p>\n<p>Drei Projekte erregten dabei besonders unsere Aufmerksamkeit.<\/p>\n<p><strong><a href=\"https:\/\/www.instagram.com\/anewkindof_blue\/\" target=\"_blank\">A NEW KIND OF BLUE<\/a>: DENIMABF\u00c4LLE NEU GEDACHT.<\/strong> Tim van der Loos Projekt \u201eA New Kind of Blue\u201c, das mit Unterst\u00fctzung der <a href=\"https:\/\/001.agency\/\" target=\"_blank\">001 Agency<\/a> pr\u00e4sentiert wurde, verwandelt ausrangierten Denim in neue Stoffe und Kleidungsst\u00fccke, indem recycelte Denimfasern mithilfe von Sticktechniken neu zusammengesetzt werden. Das Projekt vereint Kreislaufwirtschaft und Handwerkskunst rund um eine einfache Idee: Vielleicht m\u00fcssen die Materialien der Zukunft nicht immer mit etwas Neuem beginnen.<\/p>\n<p><strong><a href=\"https:\/\/www.instagram.com\/alicenapotts\/\" target=\"_blank\">ALICE POTTS<\/a>: AUS MENSCHLICHEM SCHWEISS GEZ\u00dcCHTETE KRISTALLE.<\/strong> Mit \u201eSweat Crystals: The Biological Archive\u201c verwandelt Alice Potts menschlichen Schwei\u00df in eine Form biologischer Verzierung. Bei ihrem Verfahren wachsen organische Kristallstrukturen direkt in die Textilfasern hinein und bieten damit eine Alternative zu Pailletten auf Erd\u00f6lbasis, Kunstharzen und chemischen Klebstoffen. Bei ihren kristallisierten Ballettschuhen beeinflusst sogar das individuelle biologische Profil der T\u00e4nzerin oder des T\u00e4nzers die endg\u00fcltige Auspr\u00e4gung des Materials \u2013 so wird Kleidung zu einer intimen Aufzeichnung des K\u00f6rpers.<\/p>\n<p><strong><a href=\"https:\/\/www.instagram.com\/citationneeded.co\/\" target=\"_blank\">CITATION NEEDED<\/a>: KLEIDUNGSST\u00dcCKE IN FORM WACHSEN LASSEN.<\/strong> Carol De Laras Projekt \u201eCitation Needed\u201c untersucht eine v\u00f6llig andere Beziehung zur Natur. F\u00fcr ihre Kollektion \u201eKh\u014dra\u201c verwendet sie bakterielle Zellulose \u2013 ein durch Fermentation gez\u00fcchtetes Biomaterial \u2013 sowie gestrickte Ger\u00fcststrukturen, die der Zellulose w\u00e4hrend des Wachstums ihre dreidimensionale Form geben. Statt lediglich ein weiteres Textil herzustellen, wirft das Projekt eine radikalere Frage auf: Was w\u00e4re, wenn die Kleidungsst\u00fccke der Zukunft direkt in ihre Form wachsen k\u00f6nnten?<\/p>\n<p>Zusammengenommen zeigen diese Projekte die vielleicht spannendste Seite der Avantex: Innovation geht inzwischen \u00fcber den blo\u00dfen Austausch eines konventionellen Materials gegen ein anderes hinaus. Sie beginnt neu zu definieren, was wir als Ressource betrachten, wie Materialien entstehen und wie viel wir \u00fcberhaupt produzieren m\u00fcssen.<\/p>\n                                                        <\/div>\n            <\/div>\n        <\/div>\n    <\/section>\n    \n\n    <section id=\"media-block_b5a79160f9c558daa8c481e4896583bc\" class=\"section position-relative gp-block gp-media pt-5 pb-5\">\n        <div class=\"container\">\n            <div class=\"row g-0\">\n                <div class=\"col-lg-12 content\" data-aos=\"fade-in\" data-aos-duration=\"1000\">\n                                                                            <\/div>\n            <\/div>\n            <div class=\"row g-0\">\n                <div class=\"col-lg-12 img-scaled\">\n                                                                                                                                                <figure class=\"mb-4 pt-lg-0 mb-lg-0 ps-lg-0 pe-lg-0\" data-aos=\"fade-up\" data-aos-duration=\"1000\"><div class=\"img-container\"><img loading=\"lazy\" decoding=\"async\" width=\"1200\" height=\"1167\" src=\"https:\/\/luxiders.com\/content\/uploads\/B_MesseFrankfurt.jpg\" class=\"img-fluid w-100\" alt=\"Designer Tim Van Der Loo explained A New Kind of Blue, a project challenging the current fashion system with creating up\/recycled textiles and fashion.\" srcset=\"https:\/\/luxiders.com\/content\/uploads\/B_MesseFrankfurt.jpg 1200w, https:\/\/luxiders.com\/content\/uploads\/B_MesseFrankfurt-300x292.jpg 300w, https:\/\/luxiders.com\/content\/uploads\/B_MesseFrankfurt-1024x996.jpg 1024w, https:\/\/luxiders.com\/content\/uploads\/B_MesseFrankfurt-768x747.jpg 768w\" sizes=\"(max-width: 1200px) 100vw, 1200px\" \/><\/div><figcaption>Designer Tim Van Der Loo explained A New Kind of Blue, a project challenging the current fashion system with creating up\/recycled textiles and fashion.<\/figcaption><\/figure>                                                                                            <\/div>\n                                            <\/div>\n        <\/div>\n    <\/section>\n    \n\n    <section id=\"media-block_73f934d84eb002a063fcffc4d79dbff9\" class=\"section position-relative gp-block gp-media pt-5 pb-5\">\n        <div class=\"container\">\n            <div class=\"row g-0\">\n                <div class=\"col-lg-12 content\" data-aos=\"fade-in\" data-aos-duration=\"1000\">\n                                                                            <\/div>\n            <\/div>\n            <div class=\"row g-0\">\n                <div class=\"col-lg-6 \">\n                                                                                                                                                <figure class=\"mb-4 pt-lg-0 mb-lg-0 ps-lg-0 pe-lg-0\" data-aos=\"fade-up\" data-aos-duration=\"1000\"><div class=\"img-container\"><img loading=\"lazy\" decoding=\"async\" width=\"2560\" height=\"1707\" src=\"https:\/\/luxiders.com\/content\/uploads\/MesseFrankfurt0926SelectionDay1-015.webp.2560.webp\" class=\"img-fluid w-100\" alt=\"Human Sweet cap by Alice Potts\" srcset=\"https:\/\/luxiders.com\/content\/uploads\/MesseFrankfurt0926SelectionDay1-015.webp.2560.webp 2560w, https:\/\/luxiders.com\/content\/uploads\/MesseFrankfurt0926SelectionDay1-015.webp.2560-300x200.webp 300w, https:\/\/luxiders.com\/content\/uploads\/MesseFrankfurt0926SelectionDay1-015.webp.2560-1024x683.webp 1024w, https:\/\/luxiders.com\/content\/uploads\/MesseFrankfurt0926SelectionDay1-015.webp.2560-768x512.webp 768w, https:\/\/luxiders.com\/content\/uploads\/MesseFrankfurt0926SelectionDay1-015.webp.2560-1536x1024.webp 1536w, https:\/\/luxiders.com\/content\/uploads\/MesseFrankfurt0926SelectionDay1-015.webp.2560-2048x1366.webp 2048w\" sizes=\"(max-width: 2560px) 100vw, 2560px\" \/><\/div><figcaption>Human Sweet cap by Alice Potts<\/figcaption><\/figure>                                                                                            <\/div>\n                                    <div class=\"col-lg-6\">\n                                                                                                                                                        <figure class=\"mb-4 pt-lg-0 mb-lg-0 ps-lg-0 pe-lg-0\" data-aos=\"fade-up\" data-aos-duration=\"1000\"><div class=\"img-container\"><img loading=\"lazy\" decoding=\"async\" width=\"2560\" height=\"1707\" src=\"https:\/\/luxiders.com\/content\/uploads\/MesseFrankfurt0926SelectionDay1-017.webp.2560.webp\" class=\"img-fluid w-100\" alt=\"Living Materials, Biodesign, by Citation Needed\" srcset=\"https:\/\/luxiders.com\/content\/uploads\/MesseFrankfurt0926SelectionDay1-017.webp.2560.webp 2560w, https:\/\/luxiders.com\/content\/uploads\/MesseFrankfurt0926SelectionDay1-017.webp.2560-300x200.webp 300w, https:\/\/luxiders.com\/content\/uploads\/MesseFrankfurt0926SelectionDay1-017.webp.2560-1024x683.webp 1024w, https:\/\/luxiders.com\/content\/uploads\/MesseFrankfurt0926SelectionDay1-017.webp.2560-768x512.webp 768w, https:\/\/luxiders.com\/content\/uploads\/MesseFrankfurt0926SelectionDay1-017.webp.2560-1536x1024.webp 1536w, https:\/\/luxiders.com\/content\/uploads\/MesseFrankfurt0926SelectionDay1-017.webp.2560-2048x1366.webp 2048w\" sizes=\"(max-width: 2560px) 100vw, 2560px\" \/><\/div><figcaption>Living Materials, Biodesign, by Citation Needed<\/figcaption><\/figure>                                                                                                        <\/div>\n                                            <\/div>\n        <\/div>\n    <\/section>\n    \n\n    <section id=\"textblock-block_9905ba595333882bc38beddd79a1df77\" class=\"section position-relative gp-block gp-textblock pt-5 pb-5\">\n        <div class=\"container\">\n            <div class=\"row g-0\">\n                <div class=\"col-lg-12 content\" data-aos=\"fade-in\" data-aos-duration=\"1000\">\n                                                                        <h2 class=\"\">AVANTEX FASHION PITCH: VON DER ABFALLBEWIRTSCHAFTUNG ZUR ABFALLVERMEIDUNG\n<\/h2>\n                                                                                                        <p>W\u00e4hrend die experimentellen Installationen der Avantex die Frage aufwarfen, was aus Materialien werden kann, widmete sich die neunte Ausgabe des Avantex Fashion Pitch einer weiteren Herausforderung: Wie l\u00e4sst sich eine vielversprechende Innovation von der Idee zur industriellen Anwendung bringen?<\/p>\n<p>Zehn Finalisten pr\u00e4sentierten ihre L\u00f6sungen. Der Gewinner des Jahres 2026, PigmentOCO unter der Leitung von Amal Chebbi, befasst sich mit einem der ressourcenintensivsten Prozesse der Textilproduktion: dem F\u00e4rben. Die Technologie nutzt \u00fcberkritisches CO\u2082, um Naturfasern wie Baumwolle zu f\u00e4rben. Ziel ist es, vollst\u00e4ndig auf Wasser zu verzichten und umweltsch\u00e4dliche Chemikalien zu vermeiden.<\/p>\n<p>IROONY, das mit dem \u201eCoup de C\u0153ur\u201c der Jury ausgezeichnet wurde, verfolgt einen anderen Ansatz. Das Unternehmen erforscht europ\u00e4ische landwirtschaftliche Biomasse \u2013 darunter Nutzpflanzen wie Hanf und Flachs \u2013 als Rohstoff f\u00fcr eine neue Generation von Zellulosefasern.<\/p>\n<p>Auch die \u00fcbrigen Finalisten verdeutlichten, wie vielf\u00e4ltig Innovationen in der Modebranche mittlerweile sind.<\/p>\n<p>AltMat erforscht die Nutzung bislang wenig verwerteter landwirtschaftlicher Reststoffe als Textilrohstoff. Ceylook setzt KI ein, um Kleiderschr\u00e4nke zu digitalisieren. LeLabPlus kombiniert KI, 3D-Technologie und automatisierte Zuschnittverfahren, um ungenutzte Lagerbest\u00e4nde und ausgediente Kleidungsst\u00fccke zu verarbeiten. Seconde Mati\u00e8re schafft ein B2B-\u00d6kosystem f\u00fcr ungenutzte Textil- und Modematerialien, w\u00e4hrend Yawya auf K\u00f6rperscans sowie Technologien f\u00fcr Passformoptimierung und Ma\u00dfanfertigung setzt.<\/p>\n<p>Ein Konzept brachte jedoch eine Frage besonders klar auf den Punkt, die sich die Branche unserer Ansicht nach h\u00e4ufiger stellen sollte: Was w\u00e4re, wenn der beste Abfall derjenige ist, der gar nicht erst entsteht? UseUp setzt bereits vor Produktionsbeginn an und optimiert Schnittmuster, um den Materialverbrauch und die beim Zuschnitt entstehenden Abf\u00e4lle zu reduzieren. Dieser Unterschied ist entscheidend.<\/p>\n<p>Ein Gro\u00dfteil der Kreislaufmode konzentriert sich darauf, die Folgen der Produktion zu bew\u00e4ltigen. Die n\u00e4chste Innovationsgrenze k\u00f6nnte darin liegen, diese Folgen von vornherein zu verhindern.<\/p>\n                                                        <\/div>\n            <\/div>\n        <\/div>\n    <\/section>\n    \n\n    <section id=\"media-block_240c7bf754f1047aa26d4920581d77ea\" class=\"section position-relative gp-block gp-media pt-5 pb-5\">\n        <div class=\"container\">\n            <div class=\"row g-0\">\n                <div class=\"col-lg-12 content\" data-aos=\"fade-in\" data-aos-duration=\"1000\">\n                                                                            <\/div>\n            <\/div>\n            <div class=\"row g-0\">\n                <div class=\"col-lg-12 img-scaled\">\n                                                                                                                                                <figure class=\"mb-4 pt-lg-0 mb-lg-0 ps-lg-0 pe-lg-0\" data-aos=\"fade-up\" data-aos-duration=\"1000\"><div class=\"img-container\"><img loading=\"lazy\" decoding=\"async\" width=\"1200\" height=\"799\" src=\"https:\/\/luxiders.com\/content\/uploads\/B_TEX-PRIX-013.jpeg\" class=\"img-fluid w-100\" alt=\"The jury from Avantex Fashion Pitch 2026, with Fr\u00e9d\u00e9ric Bougeard, CEO and President at Messe Frankfurt France\" srcset=\"https:\/\/luxiders.com\/content\/uploads\/B_TEX-PRIX-013.jpeg 1200w, https:\/\/luxiders.com\/content\/uploads\/B_TEX-PRIX-013-300x200.jpeg 300w, https:\/\/luxiders.com\/content\/uploads\/B_TEX-PRIX-013-1024x682.jpeg 1024w, https:\/\/luxiders.com\/content\/uploads\/B_TEX-PRIX-013-768x511.jpeg 768w\" sizes=\"(max-width: 1200px) 100vw, 1200px\" \/><\/div><figcaption>The jury from Avantex Fashion Pitch 2026, with Fr\u00e9d\u00e9ric Bougeard, CEO and President at Messe Frankfurt France<\/figcaption><\/figure>                                                                                            <\/div>\n                                            <\/div>\n        <\/div>\n    <\/section>\n    \n\n    <section id=\"media-block_f3c79b104df237c375a90bdc8ebaac18\" class=\"section position-relative gp-block gp-media pt-0 pb-0\">\n        <div class=\"container\">\n            <div class=\"row g-0\">\n                <div class=\"col-lg-12 content\" data-aos=\"fade-in\" data-aos-duration=\"1000\">\n                                                                            <\/div>\n            <\/div>\n            <div class=\"row g-0\">\n                <div class=\"col-lg-6 \">\n                                                                                                                                                <figure class=\"mb-4 pt-lg-0 mb-lg-0 ps-lg-0 pe-lg-0\" data-aos=\"fade-up\" data-aos-duration=\"1000\"><div class=\"img-container\"><img loading=\"lazy\" decoding=\"async\" width=\"1200\" height=\"799\" src=\"https:\/\/luxiders.com\/content\/uploads\/B_TEX-PRIX-015.jpeg\" class=\"img-fluid w-100\" alt=\"\" srcset=\"https:\/\/luxiders.com\/content\/uploads\/B_TEX-PRIX-015.jpeg 1200w, https:\/\/luxiders.com\/content\/uploads\/B_TEX-PRIX-015-300x200.jpeg 300w, https:\/\/luxiders.com\/content\/uploads\/B_TEX-PRIX-015-1024x682.jpeg 1024w, https:\/\/luxiders.com\/content\/uploads\/B_TEX-PRIX-015-768x511.jpeg 768w\" sizes=\"(max-width: 1200px) 100vw, 1200px\" \/><\/div><\/figure>                                                                                            <\/div>\n                                    <div class=\"col-lg-6\">\n                                                                                                                                                        <figure class=\"mb-4 pt-lg-0 mb-lg-0 ps-lg-0 pe-lg-0\" data-aos=\"fade-up\" data-aos-duration=\"1000\"><div class=\"img-container\"><img loading=\"lazy\" decoding=\"async\" width=\"1200\" height=\"1800\" src=\"https:\/\/luxiders.com\/content\/uploads\/B_TEX-PRIX-018.jpeg\" class=\"img-fluid w-100\" alt=\"Amal Chebbi, CEO &amp; Founder of PigmentOCO and winner of the Avantex Fashion Pitch Awards 2026, alongside the jury, Fr\u00e9d\u00e9ric Bougeard, President of Messe Frankfurt France, and Alice Gras, host of the Awards Ceremony.\" srcset=\"https:\/\/luxiders.com\/content\/uploads\/B_TEX-PRIX-018.jpeg 1200w, https:\/\/luxiders.com\/content\/uploads\/B_TEX-PRIX-018-200x300.jpeg 200w, https:\/\/luxiders.com\/content\/uploads\/B_TEX-PRIX-018-683x1024.jpeg 683w, https:\/\/luxiders.com\/content\/uploads\/B_TEX-PRIX-018-768x1152.jpeg 768w, https:\/\/luxiders.com\/content\/uploads\/B_TEX-PRIX-018-1024x1536.jpeg 1024w\" sizes=\"(max-width: 1200px) 100vw, 1200px\" \/><\/div><figcaption>Amal Chebbi, CEO &#038; Founder of PigmentOCO and winner of the Avantex Fashion Pitch Awards 2026, alongside the jury, Fr\u00e9d\u00e9ric Bougeard, President of Messe Frankfurt France, and Alice Gras, host of the Awards Ceremony.<\/figcaption><\/figure>                                                                                                        <\/div>\n                                            <\/div>\n        <\/div>\n    <\/section>\n    \n\n    <section id=\"textblock-block_d196c31265583e9d00de8f077692a50c\" class=\"section position-relative gp-block gp-textblock pt-5 pb-5 pb-lg-8\">\n        <div class=\"container\">\n            <div class=\"row g-0\">\n                <div class=\"col-lg-12 content\" data-aos=\"fade-in\" data-aos-duration=\"1000\">\n                                                                        <h2 class=\"\">VON BIOMATERIALIEN BIS HIN ZU KI\n<\/h2>\n                                                                                                        <p>\u00dcber die Messest\u00e4nde hinaus verdeutlichte auch das Konferenzprogramm der Texworld, wie schnell sich das Vokabular der Beschaffung erweitert.<\/p>\n<p>Materialinnovation l\u00e4sst sich nicht mehr von Regulierung trennen. Kreislaufwirtschaft kann nicht ohne Design diskutiert werden. K\u00fcnstliche Intelligenz beeinflusst zunehmend Trendprognosen, Schnittentwicklung, Bestandsmanagement und Fertigung. R\u00fcckverfolgbarkeit wirkt sich sowohl auf die Einhaltung gesetzlicher Vorgaben als auch auf das Vertrauen der Verbraucher aus. Und geopolitische Instabilit\u00e4t macht widerstandsf\u00e4hige Lieferketten zu einer strategischen Notwendigkeit statt zu einem abstrakten Risiko.<\/p>\n<p>Genau deshalb bleiben Fachmessen wie die Texworld auch in einer Branche relevant, in der sich scheinbar fast alles online recherchieren l\u00e4sst.<\/p>\n<p>Als wir Paris-Le Bourget verlie\u00dfen, war es schwierig, eine einzelne Innovation zu benennen, die diese Ausgabe gepr\u00e4gt hatte.<\/p>\n<p>Vielleicht war genau das der entscheidende Punkt. Die auf der Texworld Paris 2026 pr\u00e4sentierte Zukunft war fragmentiert, vielf\u00e4ltig und bisweilen widerspr\u00fcchlich. Die asiatische Produktion bleibt von grundlegender Bedeutung, w\u00e4hrend neue Beschaffungsregionen entstehen. Near Sourcing gewinnt an Relevanz, w\u00e4hrend internationale Handelsabkommen die Wettbewerbsvorteile neu verteilen. K\u00fcnstliche Intelligenz verspricht mehr Effizienz, w\u00e4hrend Designer zu biologischen Prozessen zur\u00fcckkehren, die Geduld erfordern.<\/p>\n<p>Das n\u00e4chste Kapitel der Modebranche wird daher m\u00f6glicherweise nicht von einem einzigen revolution\u00e4ren Material oder einer bestimmten Technologie gepr\u00e4gt sein. Vielleicht h\u00e4ngt es vielmehr davon ab, bessere Fragen zu stellen: M\u00fcssen wir eine weitere Ressource erschlie\u00dfen? K\u00f6nnen wir Abfall vermeiden, anstatt ihn zu recyceln? Kann die Biologie zu einer Partnerin werden, statt lediglich als Ressource zu dienen?<\/p>\n<p>&nbsp;<\/p>\n<p style=\"text-align: center;\"><strong><i>Alle Bilder:<\/i><i><br \/>\n<\/i><i>@ <em>Mit freundlicher Genehmigung von<br \/>\n<span style=\"color: #d6a16b;\"><a style=\"color: #d6a16b;\" href=\"https:\/\/texworld0926.fo.klipso.events\/en\/visitor.htm?Deconnect=1&amp;Code=LUXIDERS\" target=\"_blank\" rel=\"noopener\"><b>Texworld Apparel Sourcing Paris<\/b><\/a><\/span><\/em><\/i><\/strong><\/p>\n                                                        <\/div>\n            <\/div>\n        <\/div>\n    <\/section>\n    ","protected":false},"excerpt":{"rendered":"","protected":false},"author":2,"featured_media":63998,"comment_status":"closed","ping_status":"closed","sticky":false,"template":"","format":"standard","meta":{"_acf_changed":false,"footnotes":""},"categories":[1194],"tags":[9733,10723],"class_list":["post-63988","post","type-post","status-publish","format-standard","has-post-thumbnail","category-nachhaltig-luxus-mode","tag-texworld-apparel-sourcing-paris-de","tag-texworld-paris-2026-de"],"acf":[],"yoast_head":"<title>Texworld Paris 2026 | Innovation, Kreislaufwirtschaft und Modebeschaffung<\/title>\n<meta name=\"description\" content=\"Die Texworld Paris 2026 zeigt, wie zirkul\u00e4res Design, Biomaterialien, KI, neue Beschaffungsm\u00e4rkte und Innovationen der Avantex die Zukunft der Modebranche neu gestalten.\" \/>\n<meta name=\"robots\" content=\"index, follow, max-snippet:-1, max-image-preview:large, max-video-preview:-1\" \/>\n<link rel=\"canonical\" href=\"https:\/\/luxiders.com\/de\/texworld-paris-2026-wie-innovation-kreislaufwirtschaft-und-neue-beschaffungsmaerkte-die-modebranche-veraendern\/\" \/>\n<meta property=\"og:locale\" content=\"de_DE\" \/>\n<meta property=\"og:type\" content=\"article\" \/>\n<meta property=\"og:title\" content=\"Texworld Paris 2026 | Innovation, Kreislaufwirtschaft und Modebeschaffung\" \/>\n<meta property=\"og:description\" content=\"Die Texworld Paris 2026 zeigt, wie zirkul\u00e4res Design, Biomaterialien, KI, neue Beschaffungsm\u00e4rkte und Innovationen der Avantex die Zukunft der Modebranche neu gestalten.\" \/>\n<meta property=\"og:url\" content=\"https:\/\/luxiders.com\/de\/texworld-paris-2026-wie-innovation-kreislaufwirtschaft-und-neue-beschaffungsmaerkte-die-modebranche-veraendern\/\" \/>\n<meta property=\"og:site_name\" content=\"Sustainable Fashion - Eco Design - Healthy Lifestyle - Luxiders Magazine\" \/>\n<meta property=\"article:published_time\" content=\"2026-09-04T13:00:57+00:00\" \/>\n<meta property=\"og:image\" content=\"https:\/\/luxiders.com\/content\/uploads\/MesseFrankfurt0926Day2Selection-033.webp.2560.webp\" \/>\n\t<meta property=\"og:image:width\" content=\"2560\" \/>\n\t<meta property=\"og:image:height\" content=\"1707\" \/>\n\t<meta property=\"og:image:type\" content=\"image\/webp\" \/>\n<meta name=\"author\" content=\"luxiders\" \/>\n<meta name=\"twitter:card\" content=\"summary_large_image\" \/>\n<meta name=\"twitter:label1\" content=\"Verfasst von\" \/>\n\t<meta name=\"twitter:data1\" content=\"luxiders\" \/>\n\t<meta name=\"twitter:label2\" content=\"Gesch\u00e4tzte Lesezeit\" \/>\n\t<meta name=\"twitter:data2\" content=\"1\u00a0Minute\" \/>\n<script type=\"application\/ld+json\" class=\"yoast-schema-graph\">{\"@context\":\"https:\/\/schema.org\",\"@graph\":[{\"@type\":\"Article\",\"@id\":\"https:\/\/luxiders.com\/de\/texworld-paris-2026-wie-innovation-kreislaufwirtschaft-und-neue-beschaffungsmaerkte-die-modebranche-veraendern\/#article\",\"isPartOf\":{\"@id\":\"https:\/\/luxiders.com\/de\/texworld-paris-2026-wie-innovation-kreislaufwirtschaft-und-neue-beschaffungsmaerkte-die-modebranche-veraendern\/\"},\"author\":{\"name\":\"luxiders\",\"@id\":\"https:\/\/luxiders.com\/de\/#\/schema\/person\/8632fa702ae2ce98f66c396254633de8\"},\"headline\":\"Texworld Paris 2026 | Wie Innovation, Kreislaufwirtschaft und neue Beschaffungsm\u00e4rkte die Modebranche ver\u00e4ndern\",\"datePublished\":\"2026-09-04T13:00:57+00:00\",\"mainEntityOfPage\":{\"@id\":\"https:\/\/luxiders.com\/de\/texworld-paris-2026-wie-innovation-kreislaufwirtschaft-und-neue-beschaffungsmaerkte-die-modebranche-veraendern\/\"},\"wordCount\":13,\"publisher\":{\"@id\":\"https:\/\/luxiders.com\/de\/#organization\"},\"image\":{\"@id\":\"https:\/\/luxiders.com\/de\/texworld-paris-2026-wie-innovation-kreislaufwirtschaft-und-neue-beschaffungsmaerkte-die-modebranche-veraendern\/#primaryimage\"},\"thumbnailUrl\":\"https:\/\/luxiders.com\/content\/uploads\/MesseFrankfurt0926Day2Selection-033.webp.2560.webp\",\"keywords\":[\"Texworld Apparel Sourcing Paris\",\"Texworld Paris 2026\"],\"articleSection\":[\"Mode\"],\"inLanguage\":\"de\"},{\"@type\":\"WebPage\",\"@id\":\"https:\/\/luxiders.com\/de\/texworld-paris-2026-wie-innovation-kreislaufwirtschaft-und-neue-beschaffungsmaerkte-die-modebranche-veraendern\/\",\"url\":\"https:\/\/luxiders.com\/de\/texworld-paris-2026-wie-innovation-kreislaufwirtschaft-und-neue-beschaffungsmaerkte-die-modebranche-veraendern\/\",\"name\":\"Texworld Paris 2026 | Innovation, Kreislaufwirtschaft und Modebeschaffung\",\"isPartOf\":{\"@id\":\"https:\/\/luxiders.com\/de\/#website\"},\"primaryImageOfPage\":{\"@id\":\"https:\/\/luxiders.com\/de\/texworld-paris-2026-wie-innovation-kreislaufwirtschaft-und-neue-beschaffungsmaerkte-die-modebranche-veraendern\/#primaryimage\"},\"image\":{\"@id\":\"https:\/\/luxiders.com\/de\/texworld-paris-2026-wie-innovation-kreislaufwirtschaft-und-neue-beschaffungsmaerkte-die-modebranche-veraendern\/#primaryimage\"},\"thumbnailUrl\":\"https:\/\/luxiders.com\/content\/uploads\/MesseFrankfurt0926Day2Selection-033.webp.2560.webp\",\"datePublished\":\"2026-09-04T13:00:57+00:00\",\"description\":\"Die Texworld Paris 2026 zeigt, wie zirkul\u00e4res Design, Biomaterialien, KI, neue Beschaffungsm\u00e4rkte und Innovationen der Avantex die Zukunft der Modebranche neu gestalten.\",\"breadcrumb\":{\"@id\":\"https:\/\/luxiders.com\/de\/texworld-paris-2026-wie-innovation-kreislaufwirtschaft-und-neue-beschaffungsmaerkte-die-modebranche-veraendern\/#breadcrumb\"},\"inLanguage\":\"de\",\"potentialAction\":[{\"@type\":\"ReadAction\",\"target\":[\"https:\/\/luxiders.com\/de\/texworld-paris-2026-wie-innovation-kreislaufwirtschaft-und-neue-beschaffungsmaerkte-die-modebranche-veraendern\/\"]}]},{\"@type\":\"ImageObject\",\"inLanguage\":\"de\",\"@id\":\"https:\/\/luxiders.com\/de\/texworld-paris-2026-wie-innovation-kreislaufwirtschaft-und-neue-beschaffungsmaerkte-die-modebranche-veraendern\/#primaryimage\",\"url\":\"https:\/\/luxiders.com\/content\/uploads\/MesseFrankfurt0926Day2Selection-033.webp.2560.webp\",\"contentUrl\":\"https:\/\/luxiders.com\/content\/uploads\/MesseFrankfurt0926Day2Selection-033.webp.2560.webp\",\"width\":2560,\"height\":1707},{\"@type\":\"BreadcrumbList\",\"@id\":\"https:\/\/luxiders.com\/de\/texworld-paris-2026-wie-innovation-kreislaufwirtschaft-und-neue-beschaffungsmaerkte-die-modebranche-veraendern\/#breadcrumb\",\"itemListElement\":[{\"@type\":\"ListItem\",\"position\":1,\"name\":\"Startseite\",\"item\":\"https:\/\/luxiders.com\/de\/\"},{\"@type\":\"ListItem\",\"position\":2,\"name\":\"Mode\",\"item\":\"https:\/\/luxiders.com\/de\/Katregorie\/nachhaltig-luxus-mode\/\"},{\"@type\":\"ListItem\",\"position\":3,\"name\":\"Texworld Paris 2026 | Wie Innovation, Kreislaufwirtschaft und neue Beschaffungsm\u00e4rkte die Modebranche ver\u00e4ndern\"}]},{\"@type\":\"WebSite\",\"@id\":\"https:\/\/luxiders.com\/de\/#website\",\"url\":\"https:\/\/luxiders.com\/de\/\",\"name\":\"Sustainable Fashion - Eco Design - Healthy Lifestyle - Luxiders Magazine\",\"description\":\"Luxiders is a sustainable luxury magazine highlighting the best stories about sustainable fashion, ethical fashion, eco-friendly design, green design, sustainable travel, natural beauty, organic beauty and healthy lifestyle. Know the best high-end, progressive and luxury sustainable brands and designers worldwide.\",\"publisher\":{\"@id\":\"https:\/\/luxiders.com\/de\/#organization\"},\"potentialAction\":[{\"@type\":\"SearchAction\",\"target\":{\"@type\":\"EntryPoint\",\"urlTemplate\":\"https:\/\/luxiders.com\/de\/?s={search_term_string}\"},\"query-input\":{\"@type\":\"PropertyValueSpecification\",\"valueRequired\":true,\"valueName\":\"search_term_string\"}}],\"inLanguage\":\"de\"},{\"@type\":\"Organization\",\"@id\":\"https:\/\/luxiders.com\/de\/#organization\",\"name\":\"Sustainable Fashion - Eco Design - Healthy Lifestyle - Luxiders Magazine\",\"url\":\"https:\/\/luxiders.com\/de\/\",\"logo\":{\"@type\":\"ImageObject\",\"inLanguage\":\"de\",\"@id\":\"https:\/\/luxiders.com\/de\/#\/schema\/logo\/image\/\",\"url\":\"https:\/\/luxiders.com\/content\/uploads\/lux-logo.svg\",\"contentUrl\":\"https:\/\/luxiders.com\/content\/uploads\/lux-logo.svg\",\"caption\":\"Sustainable Fashion - Eco Design - Healthy Lifestyle - Luxiders Magazine\"},\"image\":{\"@id\":\"https:\/\/luxiders.com\/de\/#\/schema\/logo\/image\/\"}},{\"@type\":\"Person\",\"@id\":\"https:\/\/luxiders.com\/de\/#\/schema\/person\/8632fa702ae2ce98f66c396254633de8\",\"name\":\"luxiders\",\"url\":\"https:\/\/luxiders.com\/de\/author\/luxiders\/\"}]}<\/script>","yoast_head_json":{"title":"Texworld Paris 2026 | Innovation, Kreislaufwirtschaft und Modebeschaffung","description":"Die Texworld Paris 2026 zeigt, wie zirkul\u00e4res Design, Biomaterialien, KI, neue Beschaffungsm\u00e4rkte und Innovationen der Avantex die Zukunft der Modebranche neu gestalten.","robots":{"index":"index","follow":"follow","max-snippet":"max-snippet:-1","max-image-preview":"max-image-preview:large","max-video-preview":"max-video-preview:-1"},"canonical":"https:\/\/luxiders.com\/de\/texworld-paris-2026-wie-innovation-kreislaufwirtschaft-und-neue-beschaffungsmaerkte-die-modebranche-veraendern\/","og_locale":"de_DE","og_type":"article","og_title":"Texworld Paris 2026 | Innovation, Kreislaufwirtschaft und Modebeschaffung","og_description":"Die Texworld Paris 2026 zeigt, wie zirkul\u00e4res Design, Biomaterialien, KI, neue Beschaffungsm\u00e4rkte und Innovationen der Avantex die Zukunft der Modebranche neu gestalten.","og_url":"https:\/\/luxiders.com\/de\/texworld-paris-2026-wie-innovation-kreislaufwirtschaft-und-neue-beschaffungsmaerkte-die-modebranche-veraendern\/","og_site_name":"Sustainable Fashion - Eco Design - Healthy Lifestyle - Luxiders Magazine","article_published_time":"2026-09-04T13:00:57+00:00","og_image":[{"width":2560,"height":1707,"url":"https:\/\/luxiders.com\/content\/uploads\/MesseFrankfurt0926Day2Selection-033.webp.2560.webp","type":"image\/webp"}],"author":"luxiders","twitter_card":"summary_large_image","twitter_misc":{"Verfasst von":"luxiders","Gesch\u00e4tzte Lesezeit":"1\u00a0Minute"},"schema":{"@context":"https:\/\/schema.org","@graph":[{"@type":"Article","@id":"https:\/\/luxiders.com\/de\/texworld-paris-2026-wie-innovation-kreislaufwirtschaft-und-neue-beschaffungsmaerkte-die-modebranche-veraendern\/#article","isPartOf":{"@id":"https:\/\/luxiders.com\/de\/texworld-paris-2026-wie-innovation-kreislaufwirtschaft-und-neue-beschaffungsmaerkte-die-modebranche-veraendern\/"},"author":{"name":"luxiders","@id":"https:\/\/luxiders.com\/de\/#\/schema\/person\/8632fa702ae2ce98f66c396254633de8"},"headline":"Texworld Paris 2026 | Wie Innovation, Kreislaufwirtschaft und neue Beschaffungsm\u00e4rkte die Modebranche ver\u00e4ndern","datePublished":"2026-09-04T13:00:57+00:00","mainEntityOfPage":{"@id":"https:\/\/luxiders.com\/de\/texworld-paris-2026-wie-innovation-kreislaufwirtschaft-und-neue-beschaffungsmaerkte-die-modebranche-veraendern\/"},"wordCount":13,"publisher":{"@id":"https:\/\/luxiders.com\/de\/#organization"},"image":{"@id":"https:\/\/luxiders.com\/de\/texworld-paris-2026-wie-innovation-kreislaufwirtschaft-und-neue-beschaffungsmaerkte-die-modebranche-veraendern\/#primaryimage"},"thumbnailUrl":"https:\/\/luxiders.com\/content\/uploads\/MesseFrankfurt0926Day2Selection-033.webp.2560.webp","keywords":["Texworld Apparel Sourcing Paris","Texworld Paris 2026"],"articleSection":["Mode"],"inLanguage":"de"},{"@type":"WebPage","@id":"https:\/\/luxiders.com\/de\/texworld-paris-2026-wie-innovation-kreislaufwirtschaft-und-neue-beschaffungsmaerkte-die-modebranche-veraendern\/","url":"https:\/\/luxiders.com\/de\/texworld-paris-2026-wie-innovation-kreislaufwirtschaft-und-neue-beschaffungsmaerkte-die-modebranche-veraendern\/","name":"Texworld Paris 2026 | Innovation, Kreislaufwirtschaft und Modebeschaffung","isPartOf":{"@id":"https:\/\/luxiders.com\/de\/#website"},"primaryImageOfPage":{"@id":"https:\/\/luxiders.com\/de\/texworld-paris-2026-wie-innovation-kreislaufwirtschaft-und-neue-beschaffungsmaerkte-die-modebranche-veraendern\/#primaryimage"},"image":{"@id":"https:\/\/luxiders.com\/de\/texworld-paris-2026-wie-innovation-kreislaufwirtschaft-und-neue-beschaffungsmaerkte-die-modebranche-veraendern\/#primaryimage"},"thumbnailUrl":"https:\/\/luxiders.com\/content\/uploads\/MesseFrankfurt0926Day2Selection-033.webp.2560.webp","datePublished":"2026-09-04T13:00:57+00:00","description":"Die Texworld Paris 2026 zeigt, wie zirkul\u00e4res Design, Biomaterialien, KI, neue Beschaffungsm\u00e4rkte und Innovationen der Avantex die Zukunft der Modebranche neu gestalten.","breadcrumb":{"@id":"https:\/\/luxiders.com\/de\/texworld-paris-2026-wie-innovation-kreislaufwirtschaft-und-neue-beschaffungsmaerkte-die-modebranche-veraendern\/#breadcrumb"},"inLanguage":"de","potentialAction":[{"@type":"ReadAction","target":["https:\/\/luxiders.com\/de\/texworld-paris-2026-wie-innovation-kreislaufwirtschaft-und-neue-beschaffungsmaerkte-die-modebranche-veraendern\/"]}]},{"@type":"ImageObject","inLanguage":"de","@id":"https:\/\/luxiders.com\/de\/texworld-paris-2026-wie-innovation-kreislaufwirtschaft-und-neue-beschaffungsmaerkte-die-modebranche-veraendern\/#primaryimage","url":"https:\/\/luxiders.com\/content\/uploads\/MesseFrankfurt0926Day2Selection-033.webp.2560.webp","contentUrl":"https:\/\/luxiders.com\/content\/uploads\/MesseFrankfurt0926Day2Selection-033.webp.2560.webp","width":2560,"height":1707},{"@type":"BreadcrumbList","@id":"https:\/\/luxiders.com\/de\/texworld-paris-2026-wie-innovation-kreislaufwirtschaft-und-neue-beschaffungsmaerkte-die-modebranche-veraendern\/#breadcrumb","itemListElement":[{"@type":"ListItem","position":1,"name":"Startseite","item":"https:\/\/luxiders.com\/de\/"},{"@type":"ListItem","position":2,"name":"Mode","item":"https:\/\/luxiders.com\/de\/Katregorie\/nachhaltig-luxus-mode\/"},{"@type":"ListItem","position":3,"name":"Texworld Paris 2026 | Wie Innovation, Kreislaufwirtschaft und neue Beschaffungsm\u00e4rkte die Modebranche ver\u00e4ndern"}]},{"@type":"WebSite","@id":"https:\/\/luxiders.com\/de\/#website","url":"https:\/\/luxiders.com\/de\/","name":"Sustainable Fashion - Eco Design - Healthy Lifestyle - Luxiders Magazine","description":"Luxiders is a sustainable luxury magazine highlighting the best stories about sustainable fashion, ethical fashion, eco-friendly design, green design, sustainable travel, natural beauty, organic beauty and healthy lifestyle. Know the best high-end, progressive and luxury sustainable brands and designers worldwide.","publisher":{"@id":"https:\/\/luxiders.com\/de\/#organization"},"potentialAction":[{"@type":"SearchAction","target":{"@type":"EntryPoint","urlTemplate":"https:\/\/luxiders.com\/de\/?s={search_term_string}"},"query-input":{"@type":"PropertyValueSpecification","valueRequired":true,"valueName":"search_term_string"}}],"inLanguage":"de"},{"@type":"Organization","@id":"https:\/\/luxiders.com\/de\/#organization","name":"Sustainable Fashion - Eco Design - Healthy Lifestyle - Luxiders Magazine","url":"https:\/\/luxiders.com\/de\/","logo":{"@type":"ImageObject","inLanguage":"de","@id":"https:\/\/luxiders.com\/de\/#\/schema\/logo\/image\/","url":"https:\/\/luxiders.com\/content\/uploads\/lux-logo.svg","contentUrl":"https:\/\/luxiders.com\/content\/uploads\/lux-logo.svg","caption":"Sustainable Fashion - Eco Design - Healthy Lifestyle - Luxiders Magazine"},"image":{"@id":"https:\/\/luxiders.com\/de\/#\/schema\/logo\/image\/"}},{"@type":"Person","@id":"https:\/\/luxiders.com\/de\/#\/schema\/person\/8632fa702ae2ce98f66c396254633de8","name":"luxiders","url":"https:\/\/luxiders.com\/de\/author\/luxiders\/"}]}},"_links":{"self":[{"href":"https:\/\/luxiders.com\/de\/wp-json\/wp\/v2\/posts\/63988","targetHints":{"allow":["GET"]}}],"collection":[{"href":"https:\/\/luxiders.com\/de\/wp-json\/wp\/v2\/posts"}],"about":[{"href":"https:\/\/luxiders.com\/de\/wp-json\/wp\/v2\/types\/post"}],"author":[{"embeddable":true,"href":"https:\/\/luxiders.com\/de\/wp-json\/wp\/v2\/users\/2"}],"replies":[{"embeddable":true,"href":"https:\/\/luxiders.com\/de\/wp-json\/wp\/v2\/comments?post=63988"}],"version-history":[{"count":2,"href":"https:\/\/luxiders.com\/de\/wp-json\/wp\/v2\/posts\/63988\/revisions"}],"predecessor-version":[{"id":64071,"href":"https:\/\/luxiders.com\/de\/wp-json\/wp\/v2\/posts\/63988\/revisions\/64071"}],"wp:featuredmedia":[{"embeddable":true,"href":"https:\/\/luxiders.com\/de\/wp-json\/wp\/v2\/media\/63998"}],"wp:attachment":[{"href":"https:\/\/luxiders.com\/de\/wp-json\/wp\/v2\/media?parent=63988"}],"wp:term":[{"taxonomy":"category","embeddable":true,"href":"https:\/\/luxiders.com\/de\/wp-json\/wp\/v2\/categories?post=63988"},{"taxonomy":"post_tag","embeddable":true,"href":"https:\/\/luxiders.com\/de\/wp-json\/wp\/v2\/tags?post=63988"}],"curies":[{"name":"wp","href":"https:\/\/api.w.org\/{rel}","templated":true}]}}