{"id":64077,"date":"2026-09-04T09:01:59","date_gmt":"2026-09-04T07:01:59","guid":{"rendered":"https:\/\/luxiders.com\/?p=64077"},"modified":"2026-09-04T15:40:48","modified_gmt":"2026-09-04T13:40:48","slug":"premiere-vision-paris-2026-wenn-mode-politisch-wird","status":"publish","type":"post","link":"https:\/\/luxiders.com\/de\/premiere-vision-paris-2026-wenn-mode-politisch-wird\/","title":{"rendered":"Premi\u00e8re Vision Paris 2026 | Wenn Mode politisch wird"},"content":{"rendered":"    <section id=\"textblock-block_2542fa2600efd3c7f618f0e85365a5d7\" class=\"section position-relative gp-block gp-textblock pt-0 pb-0\">\n        <div class=\"container\">\n            <div class=\"row g-0\">\n                <div class=\"col-lg-12 content\" data-aos=\"fade-in\" data-aos-duration=\"1000\">\n                                                                                    <div class=\"intro \">\n                            <p style=\"text-align: center;\">Von der europ\u00e4ischen Regulierung und dem Kampf gegen Ultra-Fast-Fashion \u00fcber den Digitalen Produktpass und k\u00fcnstliche Intelligenz bis hin zu Wettbewerbsf\u00e4higkeit und den steigenden Kosten der nachhaltigen Transformation: Die Premi\u00e8re Vision Paris 2026 zeigte eine Modebranche, die in eine zunehmend politische \u00c4ra eintritt. Doch bei aller Regulierung und Technologie blieben Kreativit\u00e4t, Materialien und handwerkliches Savoir-faire das Herzst\u00fcck der Debatte.<\/p>\n                        <\/div>\n                                                                                                <\/div>\n            <\/div>\n        <\/div>\n    <\/section>\n    \n\n    <section id=\"newsletter-block_a088d98b9e21e1d96d186ee6b4e53541\" class=\"section position-relative gp-block gp-newsletter pt-0 pb-0 my-5\">\n        <div class=\"container\">\n            <div class=\"row g-0 pt-4 pb-3\">\n                <div class=\"col-lg-12 content text-center border pt-3\" data-aos=\"fade-in\" data-aos-duration=\"1000\">\n                                            <p><em>Um den Luxiders Newsletter zu erhalten,\u00a0<a href=\"https:\/\/landing.mailerlite.com\/webforms\/landing\/g1u8s7\">melde dich hier an<\/a>.<\/em><\/p>\n                                    <\/div>\n            <\/div>\n        <\/div>\n    <\/section>\n    \n\n    <section id=\"textblock-block_e7103afc6135946cdda884a136f0b1cc\" class=\"section position-relative gp-block gp-textblock pt-5 pb-5\">\n        <div class=\"container\">\n            <div class=\"row g-0\">\n                <div class=\"col-lg-12 content\" data-aos=\"fade-in\" data-aos-duration=\"1000\">\n                                                                                <p>Als ich auf der vom 1. bis 3. September 2026 im Messezentrum Paris Nord Villepinte veranstalteten <a href=\"https:\/\/paris.premierevision.com\/en\/registration\/registration?utm_source=newsletter&amp;utm_medium=display&amp;utm_campaign=rpa20262_banner\" target=\"_blank\" rel=\"noopener\">Premi\u00e8re Vision Paris<\/a> ankam, wusste ich, dass es viel zu berichten geben w\u00fcrde. Die Modebranche erlebt derzeit eine ihrer politisch brisantesten Phasen der vergangenen Jahre: Die europ\u00e4ische Regulierung schreitet voran, der Druck auf Ultra-Fast-Fashion w\u00e4chst, die Einf\u00fchrung des Digitalen Produktpasses r\u00fcckt n\u00e4her und Fragen zu Wettbewerbsf\u00e4higkeit, Beschaffung und den tats\u00e4chlichen Kosten der nachhaltigen Transformation werden immer dringlicher.<\/p>\n<p>Jahrelang wurde Nachhaltigkeit vor allem als eine Frage der \u00f6kologischen und sozialen Verantwortung diskutiert. Heute verlagern sich viele dieser Bestrebungen in ein anderes Feld: Regulierung, Compliance, Wettbewerbsf\u00e4higkeit und Zugang zum europ\u00e4ischen Markt. Auf der Premi\u00e8re Vision Paris war dieser Wandel un\u00fcbersehbar.<\/p>\n<p>Die Gespr\u00e4che \u00fcber Stoffe, Fasern und Produktion f\u00fchrten immer h\u00e4ufiger bis nach Br\u00fcssel. Wie wird die europ\u00e4ische Regulierung die Gestaltung und den Verkauf von Modeprodukten ver\u00e4ndern? Wie k\u00f6nnen europ\u00e4ische Unternehmen die Kosten der Regelkonformit\u00e4t tragen und gleichzeitig mit Ultra-Fast-Fashion-Plattformen konkurrieren, die nach v\u00f6llig anderen Wirtschaftsmodellen arbeiten? Wie wird der Digitale Produktpass in der Praxis funktionieren? Und wer wird letztlich f\u00fcr die nachhaltige Transformation der Modebranche bezahlen?<\/p>\n<p>Die <a href=\"https:\/\/luxiders.com\/de\/premiere-vision-paris-2026-rueckt-ki-innovation-und-nachhaltige-materialien-in-den-mittelpunkt-der-zukunft-der-mode\/\" target=\"_blank\" rel=\"noopener\">Premi\u00e8re Vision stellte die Messe unter das Leitmotiv \u201eInnovation &amp; Technology\u201c<\/a> und positionierte Innovation nicht nur als Motor des \u00f6kologischen Wandels, sondern auch als treibende Kraft f\u00fcr Leistungsf\u00e4higkeit und Wettbewerbsf\u00e4higkeit. Mehr als 900 internationale Aussteller pr\u00e4sentierten L\u00f6sungen entlang der gesamten Wertsch\u00f6pfungskette der Mode \u2013 von Materialien der n\u00e4chsten Generation und R\u00fcckverfolgbarkeit \u00fcber k\u00fcnstliche Intelligenz und digitales Design bis hin zu Fertigung und technischen Textilien. Einige der bedeutendsten Entwicklungen fanden jedoch abseits der Messest\u00e4nde statt.<\/p>\n                                            <div class=\"highlighted mt-5 mt-lg-6 px-lg-5\">\n                            <p style=\"text-align: center;\">Wie wird die europ\u00e4ische Regulierung die Gestaltung und den Verkauf von Modeprodukten ver\u00e4ndern? Wie k\u00f6nnen europ\u00e4ische Unternehmen die Kosten der Regelkonformit\u00e4t tragen und gleichzeitig mit Ultra-Fast-Fashion-Plattformen konkurrieren, die nach v\u00f6llig anderen Wirtschaftsmodellen arbeiten? Wie wird der Digitale Produktpass in der Praxis funktionieren? Und wer wird letztlich f\u00fcr die nachhaltige Transformation der Modebranche bezahlen?<\/p>\n                        <\/div>\n                                                        <\/div>\n            <\/div>\n        <\/div>\n    <\/section>\n    \n\n    <section id=\"media-block_15839d2f429212bb18cb3abe93acf4d8\" class=\"section position-relative gp-block gp-media pt-5 pb-5\">\n        <div class=\"container\">\n            <div class=\"row g-0\">\n                <div class=\"col-lg-12 content\" data-aos=\"fade-in\" data-aos-duration=\"1000\">\n                                                                            <\/div>\n            <\/div>\n            <div class=\"row g-0\">\n                <div class=\"col-lg-12 img-scaled\">\n                                                                                                                                                <figure class=\"mb-4 pt-lg-0 mb-lg-0 ps-lg-0 pe-lg-0\" data-aos=\"fade-up\" data-aos-duration=\"1000\"><div class=\"img-container\"><img loading=\"lazy\" decoding=\"async\" width=\"1200\" height=\"830\" src=\"https:\/\/luxiders.com\/content\/uploads\/pv-paris-sep-26-11-1.jpg\" class=\"img-fluid w-100\" alt=\"\" srcset=\"https:\/\/luxiders.com\/content\/uploads\/pv-paris-sep-26-11-1.jpg 1200w, https:\/\/luxiders.com\/content\/uploads\/pv-paris-sep-26-11-1-300x208.jpg 300w, https:\/\/luxiders.com\/content\/uploads\/pv-paris-sep-26-11-1-1024x708.jpg 1024w, https:\/\/luxiders.com\/content\/uploads\/pv-paris-sep-26-11-1-768x531.jpg 768w\" sizes=\"(max-width: 1200px) 100vw, 1200px\" \/><\/div><\/figure>                                                                                            <\/div>\n                                            <\/div>\n        <\/div>\n    <\/section>\n    \n\n    <section id=\"media-block_8735a1126755ec4e63e0f4b9ab2eb38d\" class=\"section position-relative gp-block gp-media pt-5 pb-5\">\n        <div class=\"container\">\n            <div class=\"row g-0\">\n                <div class=\"col-lg-12 content\" data-aos=\"fade-in\" data-aos-duration=\"1000\">\n                                                                            <\/div>\n            <\/div>\n            <div class=\"row g-0\">\n                <div class=\"col-lg-6 \">\n                                                                                                                                                <figure class=\"mb-4 pt-lg-0 mb-lg-0 ps-lg-4 pe-lg-0\" data-aos=\"fade-up\" data-aos-duration=\"1000\"><div class=\"img-container\"><img loading=\"lazy\" decoding=\"async\" width=\"1200\" height=\"830\" src=\"https:\/\/luxiders.com\/content\/uploads\/pv-paris-sep-26-9.jpg\" class=\"img-fluid w-100\" alt=\"\" srcset=\"https:\/\/luxiders.com\/content\/uploads\/pv-paris-sep-26-9.jpg 1200w, https:\/\/luxiders.com\/content\/uploads\/pv-paris-sep-26-9-300x208.jpg 300w, https:\/\/luxiders.com\/content\/uploads\/pv-paris-sep-26-9-1024x708.jpg 1024w, https:\/\/luxiders.com\/content\/uploads\/pv-paris-sep-26-9-768x531.jpg 768w\" sizes=\"(max-width: 1200px) 100vw, 1200px\" \/><\/div><\/figure>                                                                                            <\/div>\n                                    <div class=\"col-lg-6\">\n                                                                                                                                                        <figure class=\"mb-4 pt-lg-0 mb-lg-0 ps-lg-4 pe-lg-0\" data-aos=\"fade-up\" data-aos-duration=\"1000\"><div class=\"img-container\"><img loading=\"lazy\" decoding=\"async\" width=\"1200\" height=\"830\" src=\"https:\/\/luxiders.com\/content\/uploads\/pv-paris-sep-26-8.jpg\" class=\"img-fluid w-100\" alt=\"\" srcset=\"https:\/\/luxiders.com\/content\/uploads\/pv-paris-sep-26-8.jpg 1200w, https:\/\/luxiders.com\/content\/uploads\/pv-paris-sep-26-8-300x208.jpg 300w, https:\/\/luxiders.com\/content\/uploads\/pv-paris-sep-26-8-1024x708.jpg 1024w, https:\/\/luxiders.com\/content\/uploads\/pv-paris-sep-26-8-768x531.jpg 768w\" sizes=\"(max-width: 1200px) 100vw, 1200px\" \/><\/div><\/figure>                                                                                                        <\/div>\n                                            <\/div>\n        <\/div>\n    <\/section>\n    \n\n    <section id=\"textblock-block_3545291d334cfda9acfd9958ec0cc218\" class=\"section position-relative gp-block gp-textblock pt-0 pb-0\">\n        <div class=\"container\">\n            <div class=\"row g-0\">\n                <div class=\"col-lg-12 content\" data-aos=\"fade-in\" data-aos-duration=\"1000\">\n                                                                        <h2 class=\"\">VON DER PREMI\u00c8RE-VISION-ERKL\u00c4RUNG ZUM POLITISCHEN HANDELN\n<\/h2>\n                                                                                                        <p>Vor einem Jahr wurde die Premi\u00e8re Vision zum Schauplatz eines ungew\u00f6hnlich politischen Moments f\u00fcr die europ\u00e4ische Textilindustrie. Europ\u00e4ische Mode- und Textilverb\u00e4nde kamen in Villepinte zusammen, um das durch Ultra-Fast-Fashion entstandene Wettbewerbsungleichgewicht anzuprangern und entschlosseneres Handeln auf europ\u00e4ischer Ebene zu fordern.<\/p>\n<p>Im September dieses Jahres kehrten sie mit konkreten Entwicklungen zur\u00fcck, \u00fcber die es zu sprechen galt. Die europ\u00e4ische Textil- und Bekleidungsindustrie begr\u00fc\u00dfte die Abschaffung der Zollbefreiung f\u00fcr Warensendungen mit einem Wert von bis zu 150&nbsp;Euro sowie die Einf\u00fchrung einer vor\u00fcbergehenden Zollabgabe von drei Euro. F\u00fcr die Verb\u00e4nde stellen diese Ma\u00dfnahmen jedoch lediglich einen ersten Schritt dar.<\/p>\n<p>In ihrer neuen gemeinsamen Erkl\u00e4rung fordern sie die Europ\u00e4ische Kommission und die Mitgliedstaaten auf, eine wirkungsvolle EU-weite Bearbeitungsgeb\u00fchr einzuf\u00fchren, die den tats\u00e4chlichen Kosten Rechnung tr\u00e4gt, die durch Milliarden direkt an Verbraucher versandte Pakete bei ihrer Einfuhr nach Europa entstehen. Diskutiert wird eine Geb\u00fchr von etwa zwei bis vier Euro pro Paket. Die Verb\u00e4nde argumentieren jedoch, dass rund zehn Euro einen realistischeren Richtwert darstellen w\u00fcrden, um zu den Kosten f\u00fcr Zollabfertigung, Risikoanalyse, Logistik, Markt\u00fcberwachung und die Durchsetzung von Produktsicherheitsvorschriften beizutragen.<\/p>\n<p>Die europ\u00e4ischen Hersteller fordern nicht einfach nur Schutz vor g\u00fcnstigeren Wettbewerbern. Ihr Argument lautet vielmehr, dass Unternehmen, die auf demselben Markt verkaufen, auch unter vergleichbaren Regeln t\u00e4tig sein sollten.<\/p>\n<p>Mario Jorge Machado, Pr\u00e4sident von EURATEX, verdeutlichte die Tragweite: Die europ\u00e4ische Textilindustrie steht f\u00fcr 1,3&nbsp;Millionen Arbeitspl\u00e4tze und rund 200.000 Unternehmen, von denen die \u00fcberwiegende Mehrheit kleine und mittlere Unternehmen sind.<\/p>\n<p>Die Verb\u00e4nde fordern daher, dass Onlineplattformen mehr Verantwortung f\u00fcr die Einhaltung der Zollvorschriften \u00fcbernehmen, Schlupfl\u00f6cher zwischen B2C- und B2B-Importen geschlossen werden und \u2013 ganz entscheidend \u2013 neben strengeren Einfuhrkontrollen auch die regulatorische Belastung regelkonform arbeitender europ\u00e4ischer Unternehmen ber\u00fccksichtigt wird.<\/p>\n                                            <div class=\"highlighted mt-5 mt-lg-6 px-lg-5\">\n                            <p style=\"text-align: center;\">Die europ\u00e4ische Textilindustrie steht f\u00fcr 1,3&nbsp;Millionen Arbeitspl\u00e4tze und rund 200.000 Unternehmen, von denen die \u00fcberwiegende Mehrheit kleine und mittlere Unternehmen sind.<\/p>\n                        <\/div>\n                                                        <\/div>\n            <\/div>\n        <\/div>\n    <\/section>\n    \n\n    <section id=\"media-block_af49796c8e97bed55ec03f80498a733f\" class=\"section position-relative gp-block gp-media pt-5 pb-5\">\n        <div class=\"container\">\n            <div class=\"row g-0\">\n                <div class=\"col-lg-12 content\" data-aos=\"fade-in\" data-aos-duration=\"1000\">\n                                                                            <\/div>\n            <\/div>\n            <div class=\"row g-0\">\n                <div class=\"col-lg-6 \">\n                                                                                                                                                <figure class=\"mb-4 pt-lg-3 mb-lg-0 ps-lg-0 pe-lg-0\" data-aos=\"fade-up\" data-aos-duration=\"1000\"><div class=\"img-container\"><img loading=\"lazy\" decoding=\"async\" width=\"1200\" height=\"830\" src=\"https:\/\/luxiders.com\/content\/uploads\/pv-paris-sep-26-4.jpg\" class=\"img-fluid w-100\" alt=\"\" srcset=\"https:\/\/luxiders.com\/content\/uploads\/pv-paris-sep-26-4.jpg 1200w, https:\/\/luxiders.com\/content\/uploads\/pv-paris-sep-26-4-300x208.jpg 300w, https:\/\/luxiders.com\/content\/uploads\/pv-paris-sep-26-4-1024x708.jpg 1024w, https:\/\/luxiders.com\/content\/uploads\/pv-paris-sep-26-4-768x531.jpg 768w\" sizes=\"(max-width: 1200px) 100vw, 1200px\" \/><\/div><\/figure>                                                                                            <\/div>\n                                    <div class=\"col-lg-6\">\n                                                                                                                                                        <figure class=\"mb-4 pt-lg-5 mb-lg-5 ps-lg-4 pe-lg-4\" data-aos=\"fade-up\" data-aos-duration=\"1000\"><div class=\"img-container\"><img loading=\"lazy\" decoding=\"async\" width=\"1200\" height=\"830\" src=\"https:\/\/luxiders.com\/content\/uploads\/pv-paris-sep-26-7.jpg\" class=\"img-fluid w-100\" alt=\"\" srcset=\"https:\/\/luxiders.com\/content\/uploads\/pv-paris-sep-26-7.jpg 1200w, https:\/\/luxiders.com\/content\/uploads\/pv-paris-sep-26-7-300x208.jpg 300w, https:\/\/luxiders.com\/content\/uploads\/pv-paris-sep-26-7-1024x708.jpg 1024w, https:\/\/luxiders.com\/content\/uploads\/pv-paris-sep-26-7-768x531.jpg 768w\" sizes=\"(max-width: 1200px) 100vw, 1200px\" \/><\/div><\/figure>                                                                                                        <\/div>\n                                            <\/div>\n        <\/div>\n    <\/section>\n    \n\n    <section id=\"textblock-block_80f3d2f0a14d727ad9db5f58546d8823\" class=\"section position-relative gp-block gp-textblock pt-5 pb-5 pb-lg-8\">\n        <div class=\"container\">\n            <div class=\"row g-0\">\n                <div class=\"col-lg-12 content\" data-aos=\"fade-in\" data-aos-duration=\"1000\">\n                                                                        <h2 class=\"\">K\u00dcRZERE WEGE BEDEUTEN NICHT IMMER WENIGER H\u00dcRDEN\n<\/h2>\n                                                                                                        <p>Der Wunsch, einen gr\u00f6\u00dferen Teil der Produktion n\u00e4her an die europ\u00e4ischen M\u00e4rkte zu verlagern, war ein weiteres Thema der Veranstaltung. Die Logik dahinter ist \u00fcberzeugend: k\u00fcrzere Lieferketten, mehr Kontrolle, geografische N\u00e4he und potenziell gr\u00f6\u00dfere Widerstandsf\u00e4higkeit. Die Realit\u00e4t gestaltet sich jedoch deutlich schwieriger.<\/p>\n<p>Das erkl\u00e4rt auch, warum sich das Produktionsangebot der Premi\u00e8re Vision weiterentwickelt. Near Sourcing kann dort sinnvoll sein, wo die notwendige Infrastruktur vorhanden ist. Gleichzeitig kann die Beschaffung aus weiter entfernten Regionen wertvoll bleiben, wenn sie au\u00dfergew\u00f6hnliches Fachwissen bietet, das sich nicht ohne Weiteres an einem anderen Ort reproduzieren l\u00e4sst.<\/p>\n<p>Diese Frage f\u00fchrt unmittelbar zum n\u00e4chsten Kapitel der Premi\u00e8re Vision. W\u00e4hrend der Septemberausgabe k\u00fcndigte die Messe an, dass Indien als N\u00e4chstes in den Mittelpunkt ihres Programms \u201eTerritories of Savoir-Faire\u201c r\u00fccken wird \u2013 nach vorausgegangenen Schwerpunkten zu Frankreich, Japan und Portugal.<\/p>\n<p>Das Projekt entsteht in Zusammenarbeit mit der indischen Botschaft in Frankreich und dem indischen Textilministerium. Vom 26. bis 28. Januar 2027 wird es auf der Premi\u00e8re Vision Paris im Zentrum stehen.<\/p>\n<p>Der Zeitpunkt ist von besonderer Bedeutung. Die Initiative f\u00e4llt mit einer umfassenderen Ann\u00e4herung zwischen Indien und Europa zusammen und wird traditionelles Webhandwerk, textiles Fachwissen und kreatives Kunsthandwerk ins Zentrum der kommenden Ausgabe r\u00fccken.<\/p>\n<p>F\u00fcr Luxiders k\u00f6nnte dies eine der bedeutungsvollsten Entwicklungen der Premi\u00e8re Vision sein. Denn nachdem die Branche jahrelang danach gefragt hat, was Technologie f\u00fcr die Mode leisten kann, beginnt sie nun, eine andere Form der Innovation wiederzuentdecken: Wissen, das seit Generationen fortbesteht.<\/p>\n                                            <div class=\"highlighted mt-5 mt-lg-6 px-lg-5\">\n                            <p style=\"text-align: center;\">Mayouri Sengchanh, bei Premi\u00e8re Vision zust\u00e4ndig f\u00fcr Deutschland, \u00d6sterreich, die Schweiz, die Niederlande und Polen, erinnerte an ein ambitioniertes Denim-Produktionsprojekt in M\u00f6nchengladbach. Die R\u00fcckverlagerung der Bekleidungsproduktion allein schafft nicht automatisch das daf\u00fcr notwendige \u00d6kosystem neu. Fasern, Spinnerei, Weberei, F\u00e4rbung, Veredelung, Maschinen, Fachwissen und Preise m\u00fcssen gleicherma\u00dfen aufeinander abgestimmt sein.<\/p>\n                        <\/div>\n                                                        <\/div>\n            <\/div>\n        <\/div>\n    <\/section>\n    \n\n    <section id=\"media-block_251ef0a9397be5c8e27a4518ef6acdb0\" class=\"section position-relative gp-block gp-media pt-5 pb-5\">\n        <div class=\"container\">\n            <div class=\"row g-0\">\n                <div class=\"col-lg-12 content\" data-aos=\"fade-in\" data-aos-duration=\"1000\">\n                                                                            <\/div>\n            <\/div>\n            <div class=\"row g-0\">\n                <div class=\"col-lg-12 img-scaled\">\n                                                                                                                                                <figure class=\"mb-4 pt-lg-0 mb-lg-0 ps-lg-0 pe-lg-0\" data-aos=\"fade-up\" data-aos-duration=\"1000\"><div class=\"img-container\"><img loading=\"lazy\" decoding=\"async\" width=\"1200\" height=\"830\" src=\"https:\/\/luxiders.com\/content\/uploads\/pv-paris-sep-26-12.jpg\" class=\"img-fluid w-100\" alt=\"\" srcset=\"https:\/\/luxiders.com\/content\/uploads\/pv-paris-sep-26-12.jpg 1200w, https:\/\/luxiders.com\/content\/uploads\/pv-paris-sep-26-12-300x208.jpg 300w, https:\/\/luxiders.com\/content\/uploads\/pv-paris-sep-26-12-1024x708.jpg 1024w, https:\/\/luxiders.com\/content\/uploads\/pv-paris-sep-26-12-768x531.jpg 768w\" sizes=\"(max-width: 1200px) 100vw, 1200px\" \/><\/div><\/figure>                                                                                            <\/div>\n                                            <\/div>\n        <\/div>\n    <\/section>\n    \n\n    <section id=\"textblock-block_2133be440ca25237df1b43181a00a259\" class=\"section position-relative gp-block gp-textblock pt-5 pb-5\">\n        <div class=\"container\">\n            <div class=\"row g-0\">\n                <div class=\"col-lg-12 content\" data-aos=\"fade-in\" data-aos-duration=\"1000\">\n                                                                        <h2 class=\"\">DIE REALIT\u00c4T HINTER MATERIALINNOVATIONEN\n<\/h2>\n                                                                                                        <p>Premi\u00e8re Vision steht wie kaum eine andere Messe f\u00fcr Materialinnovation. Die Septemberausgabe warf jedoch eine grundlegendere Frage auf: Braucht die Modebranche tats\u00e4chlich immer mehr Materialien \u2013 oder muss sie die vorhandenen Materialien besser nutzen?<\/p>\n<p>Auf der Ebene von Fasern und Garnen bleibt die Transformation besonders komplex.<\/p>\n<p>Mayouri Sengchanh, die das Premi\u00e8re-Vision-B\u00fcro f\u00fcr Deutschland, \u00d6sterreich, die Schweiz, die Niederlande und Polen verantwortet, verweist auf ein Paradox. Ein gro\u00dfer Teil der Garnindustrie ist nach wie vor eng mit der Chemiebranche verbunden \u2013 insbesondere dort, wo Elastizit\u00e4t, technische Leistungsf\u00e4higkeit und gleichbleibende Qualit\u00e4t gefragt sind. Zwar entstehen zunehmend verantwortungsvollere Alternativen, doch viele befinden sich noch in der Entwicklung, sind deutlich teurer oder k\u00f6nnen im kommerziellen Ma\u00dfstab noch nicht mithalten.<\/p>\n<p>Wie sie erkl\u00e4rte, macht eine innovative L\u00f6sung m\u00f6glicherweise nur einen kleinen Anteil der f\u00fcr Luxusunternehmen bestimmten Verk\u00e4ufe aus, w\u00e4hrend die \u00fcberw\u00e4ltigende Mehrheit der Produktion weiterhin auf konventionellen Chemiefasern beruht. Das bedeutet nicht, dass Innovation bedeutungslos ist. Es macht jedoch deutlich, wie entscheidend ihre Skalierbarkeit ist.<\/p>\n<p>Auch Premi\u00e8re Vision selbst scheint sich dieses Wandels zunehmend bewusst zu sein. Bereits Anfang 2026 bezeichnete die Organisation verantwortungsvolle Innovation als unverzichtbare Voraussetzung, betonte jedoch zugleich, dass sie nun \u201ekonkret, skalierbar und unmittelbar umsetzbar\u201c sein m\u00fcsse.<\/p>\n<p>Darin k\u00f6nnte eine der bedeutendsten Ver\u00e4nderungen der Nachhaltigkeitsdebatte liegen: Die Branche fragt nicht mehr nur danach, was m\u00f6glich ist, sondern zunehmend danach, was sich tats\u00e4chlich umsetzen l\u00e4sst.<\/p>\n                                                        <\/div>\n            <\/div>\n        <\/div>\n    <\/section>\n    \n\n    <section id=\"media-block_9a375ad2165a1375ea8935b91fa64c71\" class=\"section position-relative gp-block gp-media pt-5 pb-5\">\n        <div class=\"container\">\n            <div class=\"row g-0\">\n                <div class=\"col-lg-12 content\" data-aos=\"fade-in\" data-aos-duration=\"1000\">\n                                                                            <\/div>\n            <\/div>\n            <div class=\"row g-0\">\n                <div class=\"col-lg-12 img-scaled\">\n                                                                                                                                                <figure class=\"mb-4 pt-lg-0 mb-lg-0 ps-lg-0 pe-lg-0\" data-aos=\"fade-up\" data-aos-duration=\"1000\"><div class=\"img-container\"><img loading=\"lazy\" decoding=\"async\" width=\"1200\" height=\"830\" src=\"https:\/\/luxiders.com\/content\/uploads\/pv-paris-sep-26-17.jpg\" class=\"img-fluid w-100\" alt=\"\" srcset=\"https:\/\/luxiders.com\/content\/uploads\/pv-paris-sep-26-17.jpg 1200w, https:\/\/luxiders.com\/content\/uploads\/pv-paris-sep-26-17-300x208.jpg 300w, https:\/\/luxiders.com\/content\/uploads\/pv-paris-sep-26-17-1024x708.jpg 1024w, https:\/\/luxiders.com\/content\/uploads\/pv-paris-sep-26-17-768x531.jpg 768w\" sizes=\"(max-width: 1200px) 100vw, 1200px\" \/><\/div><\/figure>                                                                                            <\/div>\n                                            <\/div>\n        <\/div>\n    <\/section>\n    \n\n    <section id=\"textblock-block_24061b3c18f861fb0211bdf2af209f36\" class=\"section position-relative gp-block gp-textblock pt-5 pb-5\">\n        <div class=\"container\">\n            <div class=\"row g-0\">\n                <div class=\"col-lg-12 content\" data-aos=\"fade-in\" data-aos-duration=\"1000\">\n                                                                        <h2 class=\"\">NACHHALTIGKEIT WIRD ZUR WIRTSCHAFTLICHEN FRAGE\n<\/h2>\n                                                                                                        <p>Wie k\u00f6nnen wir Mode also verantwortungsvoller gestalten, ohne eine verantwortungsvolle europ\u00e4ische Produktion wirtschaftlich unm\u00f6glich zu machen? Dieses Spannungsfeld trat auch in unserem Gespr\u00e4ch mit Mayouri Sengchanh deutlich zutage. \u201eNachhaltigkeit hat einen hohen Preis\u201c, sagte sie gegen\u00fcber Luxiders. Der Satz ist einfach, doch dahinter verbirgt sich eine der schwierigsten Realit\u00e4ten der Branche.<\/p>\n<p>Ein Modeunternehmen kann f\u00fcr einen Teil seiner Kollektion ein biobasiertes Polymer, ein Upcycling-Material oder eine neue zellulosebasierte L\u00f6sung einsetzen. Dies auf das gesamte Produktsortiment auszuweiten, ist wesentlich komplizierter. Und die Kalkulation endet nicht beim Hauptstoff. Garne, Kn\u00f6pfe, Rei\u00dfverschl\u00fcsse, Etiketten, Verpackungen, Fertigung und Logistik pr\u00e4gen gemeinsam den \u00f6kologischen Fu\u00dfabdruck eines Produkts \u2013 und unterliegen zunehmend auch regulatorischen Anforderungen.<\/p>\n<p>Premi\u00e8re Vision hat daher den Schwerpunkt auf Verpackungen und Komponenten verst\u00e4rkt. Denn gerade diese scheinbar nebens\u00e4chlichen Elemente werden zu einem immer wichtigeren Bestandteil der umfassenderen Debatte \u00fcber Compliance und Materialentscheidungen.<\/p>\n<p>Mayouri Sengchanh bringt es so auf den Punkt: \u201eWer wirklich kreislauff\u00e4hig sein will, muss den gesamten Lebenszyklus eines Produkts ber\u00fccksichtigen \u2013 von der Beschaffung und Herstellung \u00fcber die Verpackung bis hin zur Vermarktung. Und das ist sehr kostspielig.\u201c<\/p>\n<p>Diese Realit\u00e4t stellt eine der am h\u00e4ufigsten wiederholten Annahmen der Modebranche infrage: dass die nachhaltige Transformation lediglich eine Frage der richtigen Alternative sei. Manchmal ist eine solche Alternative bereits vorhanden. Schwieriger zu beantworten ist jedoch, ob sie skalierbar ist, ob Hersteller sie verarbeiten k\u00f6nnen, ob Marken sie sich leisten k\u00f6nnen und ob Verbraucher bereit sind, daf\u00fcr zu bezahlen.<\/p>\n                                                        <\/div>\n            <\/div>\n        <\/div>\n    <\/section>\n    \n\n    <section id=\"media-block_803266f0e60d182850dc39ef63a7d20f\" class=\"section position-relative gp-block gp-media pt-5 pb-5\">\n        <div class=\"container\">\n            <div class=\"row g-0\">\n                <div class=\"col-lg-12 content\" data-aos=\"fade-in\" data-aos-duration=\"1000\">\n                                                                            <\/div>\n            <\/div>\n            <div class=\"row g-0\">\n                <div class=\"col-lg-12 img-scaled\">\n                                                                                                                                                <figure class=\"mb-4 pt-lg-0 mb-lg-0 ps-lg-0 pe-lg-0\" data-aos=\"fade-up\" data-aos-duration=\"1000\"><div class=\"img-container\"><img loading=\"lazy\" decoding=\"async\" width=\"1200\" height=\"830\" src=\"https:\/\/luxiders.com\/content\/uploads\/pv-paris-sep-26-2.jpg\" class=\"img-fluid w-100\" alt=\"\" srcset=\"https:\/\/luxiders.com\/content\/uploads\/pv-paris-sep-26-2.jpg 1200w, https:\/\/luxiders.com\/content\/uploads\/pv-paris-sep-26-2-300x208.jpg 300w, https:\/\/luxiders.com\/content\/uploads\/pv-paris-sep-26-2-1024x708.jpg 1024w, https:\/\/luxiders.com\/content\/uploads\/pv-paris-sep-26-2-768x531.jpg 768w\" sizes=\"(max-width: 1200px) 100vw, 1200px\" \/><\/div><\/figure>                                                                                            <\/div>\n                                            <\/div>\n        <\/div>\n    <\/section>\n    \n\n    <section id=\"textblock-block_bdf609e33d0977f47e35a27f9b42d6fa\" class=\"section position-relative gp-block gp-textblock pt-5 pb-5\">\n        <div class=\"container\">\n            <div class=\"row g-0\">\n                <div class=\"col-lg-12 content\" data-aos=\"fade-in\" data-aos-duration=\"1000\">\n                                                                        <h2 class=\"\">KANN SICH DIE MODEBRANCHE REGULIEREN, OHNE DIE KREATIVIT\u00c4T EINZUSCHR\u00c4NKEN?\n<\/h2>\n                                                                                                        <p>Doch auch Regulierung schafft ein neues Paradox. Die Modebranche braucht neue Regeln \u2013 aber ebenso Vorstellungskraft. Laut Mayouri ger\u00e4t \u201edie Kreativit\u00e4t selbst zunehmend durch eine weitere Kraft unter Druck: Daten\u201c. Marken verf\u00fcgen heute \u00fcber au\u00dfergew\u00f6hnlich genaue Erkenntnisse dar\u00fcber, was sich verkauft und was nicht, welche Farben erfolgreich sind und welche Produkte dauerhaft auf Lager bleiben sollten. Das steigert die wirtschaftliche Effizienz, kann jedoch zugleich zu immer vorhersehbareren Kollektionen f\u00fchren.<\/p>\n<p>Mayouri beschrieb Marken, die innerhalb streng kontrollierter Strukturen arbeiten. Nur ein vergleichsweise kleiner Teil einer Kollektion darf dort neuen Farben, Materialien oder Innovationen gewidmet werden, w\u00e4hrend der Rest von dauerhaft gef\u00fchrten Produkten und bew\u00e4hrten Bestsellern bestimmt wird.<\/p>\n<p>Premi\u00e8re Vision versucht bewusst, diese Logik zu durchbrechen. Ein subtiles Beispiel daf\u00fcr zeigt sich im Umgang mit Farben. \u201eAnstatt mehrere festgelegte saisonale Farbwelten vorzugeben, bietet das Modeteam inzwischen \u00fcbergeordnete Richtungen an, aus denen Designer ihre eigenen Paletten entwickeln sollen\u201c, erkl\u00e4rte Mayouri. Der Grund daf\u00fcr ist bemerkenswert einleuchtend: \u201eWenn man sagt, in dieser Saison ist Rosa angesagt oder in dieser Saison ist Blau angesagt, sehen am Ende alle Schaufenster gleich aus.\u201c<\/p>\n<p>Das Ziel besteht laut Mayouri darin, \u201eder Kreativit\u00e4t neuen Schwung zu verleihen\u201c. In einer Zeit, in der Algorithmen mit au\u00dfergew\u00f6hnlicher Pr\u00e4zision erkennen k\u00f6nnen, was Verbraucher bereits wollen, k\u00f6nnte eine der gr\u00f6\u00dften Herausforderungen der Modebranche darin liegen, den Mut zu bewahren, ihnen etwas anzubieten, nach dem sie noch gar nicht gefragt haben.<\/p>\n                                                        <\/div>\n            <\/div>\n        <\/div>\n    <\/section>\n    \n\n    <section id=\"media-block_d7239d4259ced809fb486ff8599adafd\" class=\"section position-relative gp-block gp-media pt-0 pb-0\">\n        <div class=\"container\">\n            <div class=\"row g-0\">\n                <div class=\"col-lg-12 content\" data-aos=\"fade-in\" data-aos-duration=\"1000\">\n                                                                            <\/div>\n            <\/div>\n            <div class=\"row g-0\">\n                <div class=\"col-lg-12 img-scaled\">\n                                                                                                                                                <figure class=\"mb-4 pt-lg-0 mb-lg-0 ps-lg-0 pe-lg-0\" data-aos=\"fade-up\" data-aos-duration=\"1000\"><div class=\"img-container\"><img loading=\"lazy\" decoding=\"async\" width=\"1200\" height=\"830\" src=\"https:\/\/luxiders.com\/content\/uploads\/pv-paris-sep-26-18.jpg\" class=\"img-fluid w-100\" alt=\"\" srcset=\"https:\/\/luxiders.com\/content\/uploads\/pv-paris-sep-26-18.jpg 1200w, https:\/\/luxiders.com\/content\/uploads\/pv-paris-sep-26-18-300x208.jpg 300w, https:\/\/luxiders.com\/content\/uploads\/pv-paris-sep-26-18-1024x708.jpg 1024w, https:\/\/luxiders.com\/content\/uploads\/pv-paris-sep-26-18-768x531.jpg 768w\" sizes=\"(max-width: 1200px) 100vw, 1200px\" \/><\/div><\/figure>                                                                                            <\/div>\n                                            <\/div>\n        <\/div>\n    <\/section>\n    \n\n    <section id=\"textblock-block_c6340e49248154ec37bf57971a50fa61\" class=\"section position-relative gp-block gp-textblock pt-5 pb-5 pb-lg-8\">\n        <div class=\"container\">\n            <div class=\"row g-0\">\n                <div class=\"col-lg-12 content\" data-aos=\"fade-in\" data-aos-duration=\"1000\">\n                                                                        <h2 class=\"\">WOLLE, LEDER UND DIE FRAGE DER LANGLEBIGKEIT\n<\/h2>\n                                                                                                        <p>Diese R\u00fcckbesinnung auf die Materialit\u00e4t r\u00fcckte auch vertraute Naturmaterialien wieder in den Mittelpunkt. Besonders Wolle pr\u00e4gte das Angebot f\u00fcr die Wintersaison.<\/p>\n<p>Mayouri beschreibt sie geradezu als \u201eSuperheldin unter den Materialien\u201c: von Natur aus antibakteriell, isolierend und in der Lage, den Tragekomfort zu regulieren. Doch auch hier liegt ihre Schw\u00e4che auf dem heutigen Markt nicht unbedingt in ihrer Leistungsf\u00e4higkeit, sondern im Preis.<\/p>\n<p>Auch echtes Leder war stark vertreten, darunter schwerere Qualit\u00e4ten, die f\u00fcr besondere Langlebigkeit stehen. Die Debatte \u00fcber Echtpelz brachte zugleich eine der unbequemsten Fragen nachhaltiger Mode erneut auf den Tisch. Luxiders ist \u00fcberzeugt, dass sie sich nicht mit vereinfachenden Etiketten beantworten l\u00e4sst. Tierwohl ist wichtig. Das gilt ebenso f\u00fcr fossile Ressourcen, Chemikalien, Langlebigkeit, Energieverbrauch, Mikroplastik, Reparierbarkeit und das Lebensende eines Produkts.<\/p>\n<p>Ein erd\u00f6lbasiertes Material ist nicht automatisch umweltfreundlicher, nur weil es als \u201evegan\u201c bezeichnet wird. Ebenso wenig kann ein Naturmaterial automatisch als nachhaltig gelten, nur weil es aus der Natur stammt. Wenn die n\u00e4chste \u00c4ra der Mode st\u00e4rker reguliert sein wird, muss sie auch pr\u00e4ziser werden.<\/p>\n<p>Das erkl\u00e4rt m\u00f6glicherweise die sich wandelnde Rolle der Premi\u00e8re Vision. Im Kern bleibt die Messe ein Ort f\u00fcr die Beschaffung. Zunehmend dient sie der Branche jedoch auch dazu, die Entwicklungen rund um das Sourcing zu entschl\u00fcsseln.<\/p>\n<p>Das Konferenzprogramm der Septemberausgabe brachte mehr als 100 internationale Fachleute zusammen, die \u00fcber Innovation, Nachhaltigkeit, Technologie, Kreativit\u00e4t, M\u00e4rkte und das sich wandelnde Verbraucherverhalten diskutierten.<\/p>\n<p>Das Programm \u201eFacing Fashion Forward\u201c setzte sich mit Rentabilit\u00e4t, Margensicherung, k\u00fcnstlicher Intelligenz, chemischem Recycling, der Abh\u00e4ngigkeit von fossilen Rohstoffen und der praktischen Umsetzung des Digitalen Produktpasses auseinander. Diese Fragen sind l\u00e4ngst nicht mehr abstrakt. Sie entscheiden dar\u00fcber, welche Materialien Marken ausw\u00e4hlen, mit welchen Lieferanten sie zusammenarbeiten k\u00f6nnen, welche Informationen sie erfassen m\u00fcssen und letztlich welche Produkte auf den Markt gelangen.<\/p>\n<p>In diesem Sinne ist Premi\u00e8re Vision heute ebenso sehr ein Wissenszentrum f\u00fcr die Transformation der Modebranche wie ein Schaufenster ihrer Materialien.<\/p>\n<p>&nbsp;<\/p>\n<p style=\"text-align: center;\"><em><strong>Alle Bilder:<\/strong><\/em><br \/>\n<em><strong>Mit freundlicher Genehmigung von<\/strong><\/em><br \/>\n<a href=\"https:\/\/paris.premierevision.com\/en\/registration\/registration?utm_source=newsletter&amp;utm_medium=display&amp;utm_campaign=rpa20262_banner\" target=\"_blank\" rel=\"noopener\"><em><strong>Premi\u00e8re Vision<\/strong><\/em><\/a><\/p>\n                                                        <\/div>\n            <\/div>\n        <\/div>\n    <\/section>\n    \n\n    <section id=\"media-block_1e64a30e107c0ca45879f410119e6a42\" class=\"section position-relative gp-block gp-media pt-5 pb-5\">\n        <div class=\"container\">\n            <div class=\"row g-0\">\n                <div class=\"col-lg-12 content\" data-aos=\"fade-in\" data-aos-duration=\"1000\">\n                                                                            <\/div>\n            <\/div>\n            <div class=\"row g-0\">\n                <div class=\"col-lg-12 img-scaled\">\n                                    <\/div>\n                                            <\/div>\n        <\/div>\n    <\/section>\n    ","protected":false},"excerpt":{"rendered":"","protected":false},"author":2,"featured_media":64114,"comment_status":"closed","ping_status":"closed","sticky":false,"template":"","format":"standard","meta":{"_acf_changed":false,"footnotes":""},"categories":[1194],"tags":[10778,10779,6790,8980],"class_list":["post-64077","post","type-post","status-publish","format-standard","has-post-thumbnail","category-nachhaltig-luxus-mode","tag-mayouri-sengchanh-de","tag-premiere-vision-2026-de","tag-premiere-vision-paris","tag-premiere-vision-paris-4"],"acf":[],"yoast_head":"<title>Premi\u00e8re Vision Paris 2026 | Wenn Mode politisch wird<\/title>\n<meta name=\"description\" content=\"Die Premi\u00e8re Vision Paris 2026 zeigte eine Modebranche, die in eine zunehmend politische \u00c4ra eintritt. Doch bei aller Regulierung und Technologie bleiben Materialien im Mittelpunkt.\" \/>\n<meta name=\"robots\" content=\"index, follow, max-snippet:-1, max-image-preview:large, max-video-preview:-1\" \/>\n<link rel=\"canonical\" href=\"https:\/\/luxiders.com\/de\/premiere-vision-paris-2026-wenn-mode-politisch-wird\/\" \/>\n<meta property=\"og:locale\" content=\"de_DE\" \/>\n<meta property=\"og:type\" content=\"article\" \/>\n<meta property=\"og:title\" content=\"Premi\u00e8re Vision Paris 2026 | Wenn Mode politisch wird\" \/>\n<meta property=\"og:description\" content=\"Die Premi\u00e8re Vision Paris 2026 zeigte eine Modebranche, die in eine zunehmend politische \u00c4ra eintritt. Doch bei aller Regulierung und Technologie bleiben Materialien im Mittelpunkt.\" \/>\n<meta property=\"og:url\" content=\"https:\/\/luxiders.com\/de\/premiere-vision-paris-2026-wenn-mode-politisch-wird\/\" \/>\n<meta property=\"og:site_name\" content=\"Sustainable Fashion - Eco Design - Healthy Lifestyle - Luxiders Magazine\" \/>\n<meta property=\"article:published_time\" content=\"2026-09-04T07:01:59+00:00\" \/>\n<meta property=\"article:modified_time\" content=\"2026-09-04T13:40:48+00:00\" \/>\n<meta property=\"og:image\" content=\"https:\/\/luxiders.com\/content\/uploads\/pv-paris-sep-26-12.jpg\" \/>\n\t<meta property=\"og:image:width\" content=\"1200\" \/>\n\t<meta property=\"og:image:height\" content=\"830\" \/>\n\t<meta property=\"og:image:type\" content=\"image\/jpeg\" \/>\n<meta name=\"author\" content=\"luxiders\" \/>\n<meta name=\"twitter:card\" content=\"summary_large_image\" \/>\n<meta name=\"twitter:label1\" content=\"Verfasst von\" \/>\n\t<meta name=\"twitter:data1\" content=\"luxiders\" \/>\n\t<meta name=\"twitter:label2\" content=\"Gesch\u00e4tzte Lesezeit\" \/>\n\t<meta name=\"twitter:data2\" content=\"1\u00a0Minute\" \/>\n<script type=\"application\/ld+json\" class=\"yoast-schema-graph\">{\"@context\":\"https:\/\/schema.org\",\"@graph\":[{\"@type\":\"Article\",\"@id\":\"https:\/\/luxiders.com\/de\/premiere-vision-paris-2026-wenn-mode-politisch-wird\/#article\",\"isPartOf\":{\"@id\":\"https:\/\/luxiders.com\/de\/premiere-vision-paris-2026-wenn-mode-politisch-wird\/\"},\"author\":{\"name\":\"luxiders\",\"@id\":\"https:\/\/luxiders.com\/de\/#\/schema\/person\/8632fa702ae2ce98f66c396254633de8\"},\"headline\":\"Premi\u00e8re Vision Paris 2026 | Wenn Mode politisch wird\",\"datePublished\":\"2026-09-04T07:01:59+00:00\",\"dateModified\":\"2026-09-04T13:40:48+00:00\",\"mainEntityOfPage\":{\"@id\":\"https:\/\/luxiders.com\/de\/premiere-vision-paris-2026-wenn-mode-politisch-wird\/\"},\"wordCount\":8,\"publisher\":{\"@id\":\"https:\/\/luxiders.com\/de\/#organization\"},\"image\":{\"@id\":\"https:\/\/luxiders.com\/de\/premiere-vision-paris-2026-wenn-mode-politisch-wird\/#primaryimage\"},\"thumbnailUrl\":\"https:\/\/luxiders.com\/content\/uploads\/pv-paris-sep-26-12.jpg\",\"keywords\":[\"Mayouri Sengchanh\",\"Premi\u00e8re Vision 2026\",\"Premi\u00e8re Vision Paris\",\"premiere vision paris\"],\"articleSection\":[\"Mode\"],\"inLanguage\":\"de\"},{\"@type\":\"WebPage\",\"@id\":\"https:\/\/luxiders.com\/de\/premiere-vision-paris-2026-wenn-mode-politisch-wird\/\",\"url\":\"https:\/\/luxiders.com\/de\/premiere-vision-paris-2026-wenn-mode-politisch-wird\/\",\"name\":\"Premi\u00e8re Vision Paris 2026 | Wenn Mode politisch wird\",\"isPartOf\":{\"@id\":\"https:\/\/luxiders.com\/de\/#website\"},\"primaryImageOfPage\":{\"@id\":\"https:\/\/luxiders.com\/de\/premiere-vision-paris-2026-wenn-mode-politisch-wird\/#primaryimage\"},\"image\":{\"@id\":\"https:\/\/luxiders.com\/de\/premiere-vision-paris-2026-wenn-mode-politisch-wird\/#primaryimage\"},\"thumbnailUrl\":\"https:\/\/luxiders.com\/content\/uploads\/pv-paris-sep-26-12.jpg\",\"datePublished\":\"2026-09-04T07:01:59+00:00\",\"dateModified\":\"2026-09-04T13:40:48+00:00\",\"description\":\"Die Premi\u00e8re Vision Paris 2026 zeigte eine Modebranche, die in eine zunehmend politische \u00c4ra eintritt. Doch bei aller Regulierung und Technologie bleiben Materialien im Mittelpunkt.\",\"breadcrumb\":{\"@id\":\"https:\/\/luxiders.com\/de\/premiere-vision-paris-2026-wenn-mode-politisch-wird\/#breadcrumb\"},\"inLanguage\":\"de\",\"potentialAction\":[{\"@type\":\"ReadAction\",\"target\":[\"https:\/\/luxiders.com\/de\/premiere-vision-paris-2026-wenn-mode-politisch-wird\/\"]}]},{\"@type\":\"ImageObject\",\"inLanguage\":\"de\",\"@id\":\"https:\/\/luxiders.com\/de\/premiere-vision-paris-2026-wenn-mode-politisch-wird\/#primaryimage\",\"url\":\"https:\/\/luxiders.com\/content\/uploads\/pv-paris-sep-26-12.jpg\",\"contentUrl\":\"https:\/\/luxiders.com\/content\/uploads\/pv-paris-sep-26-12.jpg\",\"width\":1200,\"height\":830},{\"@type\":\"BreadcrumbList\",\"@id\":\"https:\/\/luxiders.com\/de\/premiere-vision-paris-2026-wenn-mode-politisch-wird\/#breadcrumb\",\"itemListElement\":[{\"@type\":\"ListItem\",\"position\":1,\"name\":\"Startseite\",\"item\":\"https:\/\/luxiders.com\/de\/\"},{\"@type\":\"ListItem\",\"position\":2,\"name\":\"Mode\",\"item\":\"https:\/\/luxiders.com\/de\/Katregorie\/nachhaltig-luxus-mode\/\"},{\"@type\":\"ListItem\",\"position\":3,\"name\":\"Premi\u00e8re Vision Paris 2026 | Wenn Mode politisch wird\"}]},{\"@type\":\"WebSite\",\"@id\":\"https:\/\/luxiders.com\/de\/#website\",\"url\":\"https:\/\/luxiders.com\/de\/\",\"name\":\"Sustainable Fashion - Eco Design - Healthy Lifestyle - Luxiders Magazine\",\"description\":\"Luxiders is a sustainable luxury magazine highlighting the best stories about sustainable fashion, ethical fashion, eco-friendly design, green design, sustainable travel, natural beauty, organic beauty and healthy lifestyle. Know the best high-end, progressive and luxury sustainable brands and designers worldwide.\",\"publisher\":{\"@id\":\"https:\/\/luxiders.com\/de\/#organization\"},\"potentialAction\":[{\"@type\":\"SearchAction\",\"target\":{\"@type\":\"EntryPoint\",\"urlTemplate\":\"https:\/\/luxiders.com\/de\/?s={search_term_string}\"},\"query-input\":{\"@type\":\"PropertyValueSpecification\",\"valueRequired\":true,\"valueName\":\"search_term_string\"}}],\"inLanguage\":\"de\"},{\"@type\":\"Organization\",\"@id\":\"https:\/\/luxiders.com\/de\/#organization\",\"name\":\"Sustainable Fashion - Eco Design - Healthy Lifestyle - Luxiders Magazine\",\"url\":\"https:\/\/luxiders.com\/de\/\",\"logo\":{\"@type\":\"ImageObject\",\"inLanguage\":\"de\",\"@id\":\"https:\/\/luxiders.com\/de\/#\/schema\/logo\/image\/\",\"url\":\"https:\/\/luxiders.com\/content\/uploads\/lux-logo.svg\",\"contentUrl\":\"https:\/\/luxiders.com\/content\/uploads\/lux-logo.svg\",\"caption\":\"Sustainable Fashion - Eco Design - Healthy Lifestyle - Luxiders Magazine\"},\"image\":{\"@id\":\"https:\/\/luxiders.com\/de\/#\/schema\/logo\/image\/\"}},{\"@type\":\"Person\",\"@id\":\"https:\/\/luxiders.com\/de\/#\/schema\/person\/8632fa702ae2ce98f66c396254633de8\",\"name\":\"luxiders\",\"url\":\"https:\/\/luxiders.com\/de\/author\/luxiders\/\"}]}<\/script>","yoast_head_json":{"title":"Premi\u00e8re Vision Paris 2026 | Wenn Mode politisch wird","description":"Die Premi\u00e8re Vision Paris 2026 zeigte eine Modebranche, die in eine zunehmend politische \u00c4ra eintritt. Doch bei aller Regulierung und Technologie bleiben Materialien im Mittelpunkt.","robots":{"index":"index","follow":"follow","max-snippet":"max-snippet:-1","max-image-preview":"max-image-preview:large","max-video-preview":"max-video-preview:-1"},"canonical":"https:\/\/luxiders.com\/de\/premiere-vision-paris-2026-wenn-mode-politisch-wird\/","og_locale":"de_DE","og_type":"article","og_title":"Premi\u00e8re Vision Paris 2026 | Wenn Mode politisch wird","og_description":"Die Premi\u00e8re Vision Paris 2026 zeigte eine Modebranche, die in eine zunehmend politische \u00c4ra eintritt. Doch bei aller Regulierung und Technologie bleiben Materialien im Mittelpunkt.","og_url":"https:\/\/luxiders.com\/de\/premiere-vision-paris-2026-wenn-mode-politisch-wird\/","og_site_name":"Sustainable Fashion - Eco Design - Healthy Lifestyle - Luxiders Magazine","article_published_time":"2026-09-04T07:01:59+00:00","article_modified_time":"2026-09-04T13:40:48+00:00","og_image":[{"width":1200,"height":830,"url":"https:\/\/luxiders.com\/content\/uploads\/pv-paris-sep-26-12.jpg","type":"image\/jpeg"}],"author":"luxiders","twitter_card":"summary_large_image","twitter_misc":{"Verfasst von":"luxiders","Gesch\u00e4tzte Lesezeit":"1\u00a0Minute"},"schema":{"@context":"https:\/\/schema.org","@graph":[{"@type":"Article","@id":"https:\/\/luxiders.com\/de\/premiere-vision-paris-2026-wenn-mode-politisch-wird\/#article","isPartOf":{"@id":"https:\/\/luxiders.com\/de\/premiere-vision-paris-2026-wenn-mode-politisch-wird\/"},"author":{"name":"luxiders","@id":"https:\/\/luxiders.com\/de\/#\/schema\/person\/8632fa702ae2ce98f66c396254633de8"},"headline":"Premi\u00e8re Vision Paris 2026 | Wenn Mode politisch wird","datePublished":"2026-09-04T07:01:59+00:00","dateModified":"2026-09-04T13:40:48+00:00","mainEntityOfPage":{"@id":"https:\/\/luxiders.com\/de\/premiere-vision-paris-2026-wenn-mode-politisch-wird\/"},"wordCount":8,"publisher":{"@id":"https:\/\/luxiders.com\/de\/#organization"},"image":{"@id":"https:\/\/luxiders.com\/de\/premiere-vision-paris-2026-wenn-mode-politisch-wird\/#primaryimage"},"thumbnailUrl":"https:\/\/luxiders.com\/content\/uploads\/pv-paris-sep-26-12.jpg","keywords":["Mayouri Sengchanh","Premi\u00e8re Vision 2026","Premi\u00e8re Vision Paris","premiere vision paris"],"articleSection":["Mode"],"inLanguage":"de"},{"@type":"WebPage","@id":"https:\/\/luxiders.com\/de\/premiere-vision-paris-2026-wenn-mode-politisch-wird\/","url":"https:\/\/luxiders.com\/de\/premiere-vision-paris-2026-wenn-mode-politisch-wird\/","name":"Premi\u00e8re Vision Paris 2026 | Wenn Mode politisch wird","isPartOf":{"@id":"https:\/\/luxiders.com\/de\/#website"},"primaryImageOfPage":{"@id":"https:\/\/luxiders.com\/de\/premiere-vision-paris-2026-wenn-mode-politisch-wird\/#primaryimage"},"image":{"@id":"https:\/\/luxiders.com\/de\/premiere-vision-paris-2026-wenn-mode-politisch-wird\/#primaryimage"},"thumbnailUrl":"https:\/\/luxiders.com\/content\/uploads\/pv-paris-sep-26-12.jpg","datePublished":"2026-09-04T07:01:59+00:00","dateModified":"2026-09-04T13:40:48+00:00","description":"Die Premi\u00e8re Vision Paris 2026 zeigte eine Modebranche, die in eine zunehmend politische \u00c4ra eintritt. Doch bei aller Regulierung und Technologie bleiben Materialien im Mittelpunkt.","breadcrumb":{"@id":"https:\/\/luxiders.com\/de\/premiere-vision-paris-2026-wenn-mode-politisch-wird\/#breadcrumb"},"inLanguage":"de","potentialAction":[{"@type":"ReadAction","target":["https:\/\/luxiders.com\/de\/premiere-vision-paris-2026-wenn-mode-politisch-wird\/"]}]},{"@type":"ImageObject","inLanguage":"de","@id":"https:\/\/luxiders.com\/de\/premiere-vision-paris-2026-wenn-mode-politisch-wird\/#primaryimage","url":"https:\/\/luxiders.com\/content\/uploads\/pv-paris-sep-26-12.jpg","contentUrl":"https:\/\/luxiders.com\/content\/uploads\/pv-paris-sep-26-12.jpg","width":1200,"height":830},{"@type":"BreadcrumbList","@id":"https:\/\/luxiders.com\/de\/premiere-vision-paris-2026-wenn-mode-politisch-wird\/#breadcrumb","itemListElement":[{"@type":"ListItem","position":1,"name":"Startseite","item":"https:\/\/luxiders.com\/de\/"},{"@type":"ListItem","position":2,"name":"Mode","item":"https:\/\/luxiders.com\/de\/Katregorie\/nachhaltig-luxus-mode\/"},{"@type":"ListItem","position":3,"name":"Premi\u00e8re Vision Paris 2026 | Wenn Mode politisch wird"}]},{"@type":"WebSite","@id":"https:\/\/luxiders.com\/de\/#website","url":"https:\/\/luxiders.com\/de\/","name":"Sustainable Fashion - Eco Design - Healthy Lifestyle - Luxiders Magazine","description":"Luxiders is a sustainable luxury magazine highlighting the best stories about sustainable fashion, ethical fashion, eco-friendly design, green design, sustainable travel, natural beauty, organic beauty and healthy lifestyle. Know the best high-end, progressive and luxury sustainable brands and designers worldwide.","publisher":{"@id":"https:\/\/luxiders.com\/de\/#organization"},"potentialAction":[{"@type":"SearchAction","target":{"@type":"EntryPoint","urlTemplate":"https:\/\/luxiders.com\/de\/?s={search_term_string}"},"query-input":{"@type":"PropertyValueSpecification","valueRequired":true,"valueName":"search_term_string"}}],"inLanguage":"de"},{"@type":"Organization","@id":"https:\/\/luxiders.com\/de\/#organization","name":"Sustainable Fashion - Eco Design - Healthy Lifestyle - Luxiders Magazine","url":"https:\/\/luxiders.com\/de\/","logo":{"@type":"ImageObject","inLanguage":"de","@id":"https:\/\/luxiders.com\/de\/#\/schema\/logo\/image\/","url":"https:\/\/luxiders.com\/content\/uploads\/lux-logo.svg","contentUrl":"https:\/\/luxiders.com\/content\/uploads\/lux-logo.svg","caption":"Sustainable Fashion - Eco Design - Healthy Lifestyle - Luxiders Magazine"},"image":{"@id":"https:\/\/luxiders.com\/de\/#\/schema\/logo\/image\/"}},{"@type":"Person","@id":"https:\/\/luxiders.com\/de\/#\/schema\/person\/8632fa702ae2ce98f66c396254633de8","name":"luxiders","url":"https:\/\/luxiders.com\/de\/author\/luxiders\/"}]}},"_links":{"self":[{"href":"https:\/\/luxiders.com\/de\/wp-json\/wp\/v2\/posts\/64077","targetHints":{"allow":["GET"]}}],"collection":[{"href":"https:\/\/luxiders.com\/de\/wp-json\/wp\/v2\/posts"}],"about":[{"href":"https:\/\/luxiders.com\/de\/wp-json\/wp\/v2\/types\/post"}],"author":[{"embeddable":true,"href":"https:\/\/luxiders.com\/de\/wp-json\/wp\/v2\/users\/2"}],"replies":[{"embeddable":true,"href":"https:\/\/luxiders.com\/de\/wp-json\/wp\/v2\/comments?post=64077"}],"version-history":[{"count":2,"href":"https:\/\/luxiders.com\/de\/wp-json\/wp\/v2\/posts\/64077\/revisions"}],"predecessor-version":[{"id":64134,"href":"https:\/\/luxiders.com\/de\/wp-json\/wp\/v2\/posts\/64077\/revisions\/64134"}],"wp:featuredmedia":[{"embeddable":true,"href":"https:\/\/luxiders.com\/de\/wp-json\/wp\/v2\/media\/64114"}],"wp:attachment":[{"href":"https:\/\/luxiders.com\/de\/wp-json\/wp\/v2\/media?parent=64077"}],"wp:term":[{"taxonomy":"category","embeddable":true,"href":"https:\/\/luxiders.com\/de\/wp-json\/wp\/v2\/categories?post=64077"},{"taxonomy":"post_tag","embeddable":true,"href":"https:\/\/luxiders.com\/de\/wp-json\/wp\/v2\/tags?post=64077"}],"curies":[{"name":"wp","href":"https:\/\/api.w.org\/{rel}","templated":true}]}}