{"id":1159,"date":"2022-12-07T13:19:11","date_gmt":"2022-12-07T12:19:11","guid":{"rendered":"http:\/\/luxiders.com.w01cc729.kasserver.com\/?p=1159"},"modified":"2023-01-16T15:16:27","modified_gmt":"2023-01-16T14:16:27","slug":"nuevas-leyes-y-pactos-en-2022-que-cambiaran-el-futuro-de-la-moda","status":"publish","type":"post","link":"https:\/\/luxiders.com\/es\/nuevas-leyes-y-pactos-en-2022-que-cambiaran-el-futuro-de-la-moda\/","title":{"rendered":"Nuevas leyes y pactos en 2022 que cambiar\u00e1n el futuro de la moda"},"content":{"rendered":"    <section id=\"textblock-block_d22ce9846b336e7750d336091f89b8b9\" class=\"section position-relative gp-block gp-textblock text-center pt-0 pb-5\">\n        <div class=\"container\">\n            <div class=\"row g-0\">\n                <div class=\"col-lg-12 content\" data-aos=\"fade-in\" data-aos-duration=\"1000\">\n                                                                                    <div class=\"intro px-lg-8\">\n                            <p style=\"text-align: center;\">La legislaci\u00f3n de la industria de la moda a\u00fan tiene un largo camino por recorrer. El control de las pr\u00e1cticas de la moda no es del todo suficiente a nivel nacional e internacional. Por eso, cada a\u00f1o, en distintas partes del mundo, el sistema pol\u00edtico trabaja para mejorar el sector de la moda. Con el fin de lograr normas sostenibles a nivel mundial.<\/p>\n                        <\/div>\n                                                                                                <\/div>\n            <\/div>\n        <\/div>\n    <\/section>\n    \n\n    <section id=\"newsletter-block_4f0c27da4543afd5c07db3bb80a56a07\" class=\"section position-relative gp-block gp-newsletter pt-0 pb-0 my-5\">\n        <div class=\"container\">\n            <div class=\"row g-0 pt-4 pb-3\">\n                <div class=\"col-lg-12 content text-center border pt-3\" data-aos=\"fade-in\" data-aos-duration=\"1000\">\n                                            <p><em>Para recibir el Newsletter de Luxiders Magazine,\u00a0<a href=\"https:\/\/landing.mailerlite.com\/webforms\/landing\/w2a1t0\" target=\"_blank\" rel=\"noopener\">suscr\u00edbete aqu\u00ed<\/a><\/em><\/p>\n                                    <\/div>\n            <\/div>\n        <\/div>\n    <\/section>\n    \n\n    <section id=\"textblock-block_4bc6325359deae5fed0a3043ee481f87\" class=\"section position-relative gp-block gp-textblock pt-0 pb-0\">\n        <div class=\"container\">\n            <div class=\"row g-0\">\n                <div class=\"col-lg-12 content\" data-aos=\"fade-in\" data-aos-duration=\"1000\">\n                                                                                <p style=\"text-align: left;\">Hasta ahora las iniciativas y esquemas legales que existen son voluntarias por parte de empresas, organizaciones o instituciones; que en realidad no tienen un gran alcance en la industria. Avanzar hacia la sostenibilidad requiere esfuerzos gubernamentales, as\u00ed como sanciones, para tener la capacidad de exigir objetivos colectivos en la moda. Se necesitan directrices comunes, dirigidas a todos por igual, para promover un equilibrio estructural. Esto permite una menor flexibilidad en la industria para cometer procedimientos inadecuados y conflictos.<\/p>\n<p>&nbsp;<\/p>\n<h2 style=\"text-align: left;\">PROPUESTA DE REGLAMENTO DE DISE\u00d1O ECOL\u00d3GICO PARA PRODUCTOS SOSTENIBLES<\/h2>\n<p style=\"text-align: left;\">El 30 de marzo de 2022, la Comisi\u00f3n Europea trabaj\u00f3 en una propuesta para regular las condiciones de los productos en el mercado europeo. El objetivo principal es reducir los impactos negativos del ciclo de vida de los productos. Para que sean totalmente sostenibles, sin generar consecuencias adversas innecesarias. Este reglamento tambi\u00e9n promueve, seg\u00fan su pol\u00edtica industrial, la oferta y la demanda de bienes sostenibles, junto con la creaci\u00f3n de una cultura sostenible en los consumidores para la mejora regional.<\/p>\n<p style=\"text-align: left;\">Para impulsar la sostenibilidad de los productos, la UE propuso una actualizaci\u00f3n de las normas de consumo que impulsar\u00e1 la transici\u00f3n verde en la regi\u00f3n. Con ello, los consumidores tendr\u00e1n ahora acceso a la informaci\u00f3n sobre los productos para evitar el &#8220;greenwashing&#8221; (lavado verde). Est\u00e1 en contra de las falsas afirmaciones medioambientales y la informaci\u00f3n poco fiable de las marcas que enga\u00f1an al p\u00fablico para obtener beneficios. La Comisi\u00f3n se centra en el compromiso de los productores de proporcionar datos precisos sobre la durabilidad y la reparabilidad. Hay una lucha importante contra la creaci\u00f3n de productos con una vida \u00fatil corta que se vuelven obsoletos y no tienen m\u00e1s utilidad.<\/p>\n<p style=\"text-align: left;\">Adem\u00e1s, la propuesta se centra en la mejora de los procesos de producci\u00f3n. Consiste en pasos armonizados para hacer eficiente el mercado. Desde los controles aduaneros hasta el an\u00e1lisis de riesgos, el enfoque de <a href=\"https:\/\/luxiders.com\/es\/diseno-ecologico-2019\/\" target=\"_blank\" rel=\"noopener\">dise\u00f1o ecol\u00f3gico<\/a> se basa en la creaci\u00f3n de productos teniendo en cuenta la circularidad y la sostenibilidad. Algunos de los aspectos m\u00e1s importantes que se deben promover son la durabilidad, la reutilizaci\u00f3n, la posibilidad de actualizaci\u00f3n y reparaci\u00f3n, la presencia de sustancias preocupantes, la eficiencia de los recursos y la energ\u00eda, el contenido reciclado, la re-manufacturaci\u00f3n de los productos y las huellas de carbono y medioambientales.<\/p>\n<p style=\"text-align: left;\">Gracias a este reglamento, la Uni\u00f3n Europea, con una perspectiva com\u00fan, est\u00e1 m\u00e1s cerca de alcanzar sus objetivos medioambientales, clim\u00e1ticos y energ\u00e9ticos. Esta propuesta funciona con otras normativas como el Green Deal europeo, el Plan de Acci\u00f3n de Econom\u00eda Circular, la estrategia industrial 2020 de la Comisi\u00f3n Europea para Europa, etc.<\/p>\n                                            <div class=\"highlighted mt-5 mt-lg-6 px-lg-5\">\n                            <p style=\"text-align: center;\">&#8220;Si no empezamos a consumir de forma m\u00e1s sostenible, no alcanzaremos nuestros objetivos europeos de Green Deal. Aunque la mayor\u00eda de los consumidores est\u00e1n dispuestos a contribuir, tambi\u00e9n hemos visto un aumento del &#8220;lavado verde&#8221; y de las pr\u00e1cticas de obsolescencia temprana. Para convertirse en los verdaderos protagonistas de la transici\u00f3n verde, los consumidores deben tener derecho a la informaci\u00f3n para tomar decisiones sostenibles. Tambi\u00e9n deben estar protegidos contra las pr\u00e1cticas comerciales desleales que abusan de su inter\u00e9s por comprar verde&#8221;. &#8211; afirma el Comisario de Justicia, Didier Reynders.<\/p>\n                        <\/div>\n                                                        <\/div>\n            <\/div>\n        <\/div>\n    <\/section>\n    \n\n    <section id=\"media-block_0723765c3375b830c281ce4440040527\" class=\"section position-relative gp-block gp-media pt-0 pb-0\">\n        <div class=\"container\">\n            <div class=\"row g-0\">\n                <div class=\"col-lg-12 content\" data-aos=\"fade-in\" data-aos-duration=\"1000\">\n                                        <p>&nbsp;<\/p>\n<h3>PROPUESTA PARA PROHIBIR EL &#8220;GREENWASHING<\/h3>\n<p>La Comisi\u00f3n tambi\u00e9n propone varias modificaciones de la Directiva sobre pr\u00e1cticas comerciales desleales (DPC). En primer lugar, se ampl\u00eda la lista de caracter\u00edsticas del producto sobre las que un comerciante no puede enga\u00f1ar a los consumidores para incluir el impacto medioambiental o social, as\u00ed como la durabilidad y la reparabilidad.<\/p>\n<p>A continuaci\u00f3n, a\u00f1ade nuevas pr\u00e1cticas que se consideran enga\u00f1osas tras una evaluaci\u00f3n caso por caso, como hacer una afirmaci\u00f3n medioambiental relacionada con el rendimiento medioambiental futuro sin compromisos y objetivos claros, objetivos y verificables, y sin un sistema de seguimiento independiente.<\/p>\n<p>Por \u00faltimo, modifica la Directiva sobre pr\u00e1cticas comerciales desleales a\u00f1adiendo nuevas pr\u00e1cticas a la lista existente de pr\u00e1cticas comerciales desleales prohibidas, la llamada &#8220;lista negra&#8221;. Las nuevas pr\u00e1cticas incluir\u00e1n, entre otras<\/p>\n<ul>\n<li>No informar sobre las caracter\u00edsticas introducidas para limitar la durabilidad, por ejemplo, un software que detiene o rebaja la funcionalidad del bien despu\u00e9s de un periodo de tiempo determinado;<\/li>\n<li>Hacer declaraciones medioambientales gen\u00e9ricas y vagas cuando no se pueda demostrar el excelente comportamiento medioambiental del producto o del comerciante. Ejemplos de estas declaraciones medioambientales gen\u00e9ricas son &#8220;respetuoso con el medio ambiente&#8221;, &#8220;ecol\u00f3gico&#8221; o &#8220;verde&#8221;, que sugieren o crean err\u00f3neamente la impresi\u00f3n de un excelente comportamiento medioambiental;<\/li>\n<li>Hacer una declaraci\u00f3n medioambiental sobre todo el producto, cuando en realidad s\u00f3lo se refiere a un determinado aspecto del mismo;<\/li>\n<li>Exhibir una etiqueta de sostenibilidad voluntaria que no se basa en un sistema de verificaci\u00f3n por parte de terceros o establecido por las autoridades p\u00fablicas;<\/li>\n<li>No informar de que un producto tiene una funcionalidad limitada cuando se utilizan consumibles, piezas de repuesto o accesorios no suministrados por el productor original.<\/li>\n<\/ul>\n<p>Estas modificaciones pretenden garantizar la seguridad jur\u00eddica de los comerciantes, pero tambi\u00e9n facilitar la aplicaci\u00f3n de los casos relacionados con el lavado verde y la obsolescencia prematura de los productos. Adem\u00e1s, al garantizar que las declaraciones medioambientales sean justas, los consumidores podr\u00e1n elegir productos que sean realmente mejores para el medio ambiente que sus competidores. Esto fomentar\u00e1 la competencia hacia productos m\u00e1s sostenibles desde el punto de vista medioambiental, reduciendo as\u00ed el impacto negativo sobre el medio ambiente.<\/p>\n                                    <\/div>\n            <\/div>\n            <div class=\"row g-0\">\n                <div class=\"col-lg-12 img-scaled\">\n                                                                                                                                                <figure class=\"mb-4 pt-lg-5 mb-lg-5 ps-lg-2 pe-lg-5\" data-aos=\"fade-up\" data-aos-duration=\"1000\"><div class=\"img-container\"><img loading=\"lazy\" decoding=\"async\" width=\"2310\" height=\"1815\" src=\"https:\/\/luxiders.com\/content\/uploads\/LAW-michael-dziedzic-t-min.jpg\" class=\"img-fluid w-100\" alt=\"\" srcset=\"https:\/\/luxiders.com\/content\/uploads\/LAW-michael-dziedzic-t-min.jpg 2310w, https:\/\/luxiders.com\/content\/uploads\/LAW-michael-dziedzic-t-min-300x236.jpg 300w, https:\/\/luxiders.com\/content\/uploads\/LAW-michael-dziedzic-t-min-1024x805.jpg 1024w, https:\/\/luxiders.com\/content\/uploads\/LAW-michael-dziedzic-t-min-768x603.jpg 768w, https:\/\/luxiders.com\/content\/uploads\/LAW-michael-dziedzic-t-min-1536x1207.jpg 1536w, https:\/\/luxiders.com\/content\/uploads\/LAW-michael-dziedzic-t-min-2048x1609.jpg 2048w\" sizes=\"(max-width: 2310px) 100vw, 2310px\" \/><\/div><figcaption>\u00a9 Michael Dziedzic via Unsplash<\/figcaption><\/figure>                                                                                            <\/div>\n                                            <\/div>\n        <\/div>\n    <\/section>\n    \n\n    <section id=\"textblock-block_229b77ef734155995120c856c8f9c351\" class=\"section position-relative gp-block gp-textblock pt-0 pb-0\">\n        <div class=\"container\">\n            <div class=\"row g-0\">\n                <div class=\"col-lg-12 content\" data-aos=\"fade-in\" data-aos-duration=\"1000\">\n                                                                                <h3>LEY DE LA MODA DE NUEVA YORK<\/h3>\n<p>A iniciativa de la Comisi\u00f3n de Protecci\u00f3n del Consumidor, est\u00e1 en proceso de aprobaci\u00f3n en Estados Unidos un proyecto de ley para exigir\u00a0 <a href=\"https:\/\/luxiders.com\/es\/consumidores-transparencia-marcas-moda\/\" target=\"_blank\" rel=\"noopener\">exigir responsabilidades de las marcas de moda<\/a>. Exige a los vendedores de moda que rindan cuentas a las pol\u00edticas medioambientales y sociales estandarizadas. Este ser\u00eda el primer estado en obtener una regulaci\u00f3n de las empresas globales de ropa y calzado con m\u00e1s de 100 millones de d\u00f3lares de ingresos.<\/p>\n<p>Tambi\u00e9n pretende implementar un fondo de remediaci\u00f3n para fomentar proyectos ambientales y laborales que beneficien directamente a los trabajadores y comunidades que forman parte de la industria. Lo que la ley exige espec\u00edficamente es<\/p>\n<ul>\n<li>Trazabilidad de al menos el 50% en la cadena de suministro. Un mapeo que permita regular desde las materias primas hasta los pasos de distribuci\u00f3n.<\/li>\n<li>Difusi\u00f3n anual de informaci\u00f3n sobre la sostenibilidad de las empresas.<\/li>\n<li>Publicaci\u00f3n de las cantidades de producci\u00f3n, as\u00ed como de los objetivos para su reducci\u00f3n.<\/li>\n<\/ul>\n<p>&nbsp;<\/p>\n<h3>LEY DE TRABAJADORES DE LA MODA DE NUEVA YORK<\/h3>\n<p>Junto con el proyecto de ley anterior, durante la Semana de la Moda de Nueva York, Sara Ziff, de la Alianza de Modelos, se uni\u00f3 al senador Brad Hoylman y a los modelos Karen Elson y Teddy Quinlivan para anunciar una ley que proteja a los trabajadores del sector. Se trata de regular la gesti\u00f3n e impulsar las protecciones laborales para modelos, estilistas, peluqueros y maquilladores, influencers, voluntarios y muchos m\u00e1s.<\/p>\n<\/div>\n                                            <div class=\"highlighted mt-5 mt-lg-6 px-lg-5\">\n                            <p style=\"text-align: center;\">&#8220;La mano de obra creativa que est\u00e1 detr\u00e1s del \u00e9xito de la moda est\u00e1 totalmente desprotegida&#8221; &#8211; Sara Ziff<\/p>\n                        <\/div>\n                                                        <\/div>\n            <\/div>\n        <\/div>\n    <\/section>\n    \n\n    <section id=\"media-block_4967b5c7a81969a4a05484cfde43c92c\" class=\"section position-relative gp-block gp-media pt-0 pb-0\">\n        <div class=\"container\">\n            <div class=\"row g-0\">\n                <div class=\"col-lg-12 content\" data-aos=\"fade-in\" data-aos-duration=\"1000\">\n                                        <p>Esta ley empuja a las empresas a acabar con las acciones injustas que surgen constantemente. Por ejemplo, eliminar los sueldos injustos de las modelos, acabar con los contratos injustos, dejar de cobrar tarifas abusivas, dejar de cobrar de m\u00e1s por los servicios e incluso evitar el tr\u00e1fico de personas en el modelaje. Como muchos saben, involucrarse en esta industria es complicado, por lo que esta propuesta trata de disminuir los posibles obst\u00e1culos y da\u00f1os en las personas.<\/p>\n                                    <\/div>\n            <\/div>\n            <div class=\"row g-0\">\n                <div class=\"col-lg-12 img-scaled\">\n                                                                                                                                                <figure class=\"mb-4 pt-lg-5 mb-lg-5 ps-lg-3 pe-lg-2\" data-aos=\"fade-up\" data-aos-duration=\"1000\"><div class=\"img-container\"><img loading=\"lazy\" decoding=\"async\" width=\"2508\" height=\"1672\" src=\"https:\/\/luxiders.com\/content\/uploads\/LAW-kris-atomic-min.jpg\" class=\"img-fluid w-100\" alt=\"\" srcset=\"https:\/\/luxiders.com\/content\/uploads\/LAW-kris-atomic-min.jpg 2508w, https:\/\/luxiders.com\/content\/uploads\/LAW-kris-atomic-min-300x200.jpg 300w, https:\/\/luxiders.com\/content\/uploads\/LAW-kris-atomic-min-1024x683.jpg 1024w, https:\/\/luxiders.com\/content\/uploads\/LAW-kris-atomic-min-768x512.jpg 768w, https:\/\/luxiders.com\/content\/uploads\/LAW-kris-atomic-min-1536x1024.jpg 1536w, https:\/\/luxiders.com\/content\/uploads\/LAW-kris-atomic-min-2048x1365.jpg 2048w\" sizes=\"(max-width: 2508px) 100vw, 2508px\" \/><\/div><figcaption>\u00a9 Kris Atomic via Unsplash<\/figcaption><\/figure>                                                                                            <\/div>\n                                            <\/div>\n        <\/div>\n    <\/section>\n    \n\n    <section id=\"media-block_6649be77834d7fca008649954dddd6d5\" class=\"section position-relative gp-block gp-media pt-0 pb-0\">\n        <div class=\"container\">\n            <div class=\"row g-0\">\n                <div class=\"col-lg-12 content\" data-aos=\"fade-in\" data-aos-duration=\"1000\">\n                                        <h3>COALICI\u00d3N DE ECONOM\u00cdA CIRCULAR<\/h3>\n<p>Am\u00e9rica Latina y el Caribe tambi\u00e9n son regiones que est\u00e1n respondiendo a la emergencia clim\u00e1tica. En el marco de la COP27, los pa\u00edses Colombia, Costa Rica, Rep\u00fablica Dominicana y Per\u00fa, como comit\u00e9 directivo de la organizaci\u00f3n, han establecido un nuevo plan de acci\u00f3n. En un per\u00edodo de tiempo hasta 2030, se propone cooperar en iniciativas circulares con un enfoque multisectorial. El objetivo principal es aumentar la concienciaci\u00f3n de la poblaci\u00f3n sobre la <a href=\"https:\/\/luxiders.com\/es\/economia-circular-paso-industria-moda\/\" target=\"_blank\" rel=\"noopener\">econom\u00eda circular.<\/a><\/p>\n<p>Aunque este reglamento en s\u00ed no se ocupa de la industria de la moda, dentro de su plan se centra en sectores clave que incluyen el pl\u00e1stico, el industrial y el textil. Algunas de las acciones previstas son: invertir en investigaci\u00f3n, proporcionar apoyo t\u00e9cnico, crear centros de innovaci\u00f3n, proporcionar asistencia y formaci\u00f3n, as\u00ed como desarrollar pol\u00edticas p\u00fablicas de consumo y producci\u00f3n sostenibles. En definitiva, se trata de una iniciativa que nace en paralelo a los Objetivos de Desarrollo Sostenible de Naciones Unidas. Sobre los pilares b\u00e1sicos de la econom\u00eda, la sociedad y el medio ambiente.<\/p>\n                                    <\/div>\n            <\/div>\n            <div class=\"row g-0\">\n                <div class=\"col-lg-12 img-scaled\">\n                                                                                                                                                <figure class=\"mb-4 pt-lg-4 mb-lg-5 ps-lg-4 pe-lg-7\" data-aos=\"fade-up\" data-aos-duration=\"1000\"><div class=\"img-container\"><img loading=\"lazy\" decoding=\"async\" width=\"1672\" height=\"1254\" src=\"https:\/\/luxiders.com\/content\/uploads\/LAW-thomas-bormans-min-min.jpg\" class=\"img-fluid w-100\" alt=\"\" srcset=\"https:\/\/luxiders.com\/content\/uploads\/LAW-thomas-bormans-min-min.jpg 1672w, https:\/\/luxiders.com\/content\/uploads\/LAW-thomas-bormans-min-min-300x225.jpg 300w, https:\/\/luxiders.com\/content\/uploads\/LAW-thomas-bormans-min-min-1024x768.jpg 1024w, https:\/\/luxiders.com\/content\/uploads\/LAW-thomas-bormans-min-min-768x576.jpg 768w, https:\/\/luxiders.com\/content\/uploads\/LAW-thomas-bormans-min-min-1536x1152.jpg 1536w\" sizes=\"(max-width: 1672px) 100vw, 1672px\" \/><\/div><figcaption>\u00a9 Thomas Bormans via Unsplash<\/figcaption><\/figure>                                                                                            <\/div>\n                                            <\/div>\n        <\/div>\n    <\/section>\n    \n\n    <section id=\"textblock-block_929ae1a82fb64279d586dbafaae905c8\" class=\"section position-relative gp-block gp-textblock pt-0 pb-0\">\n        <div class=\"container\">\n            <div class=\"row g-0\">\n                <div class=\"col-lg-12 content\" data-aos=\"fade-in\" data-aos-duration=\"1000\">\n                                                                                <h3>PROPUESTA DIRECTIVA SOBRE LA DILIGENCIA DEBIDA EN MATERIA DE SOSTENIBILIDAD EMPRESARIAL<\/h3>\n<p>En febrero de 2022, la Comisi\u00f3n Europea public\u00f3 una nueva normativa para reforzar el comportamiento sostenible y responsable de las empresas, as\u00ed como para proteger los derechos humanos y el medio ambiente en las operaciones de las compa\u00f1\u00edas. La propuesta se divide en diferentes requisitos para los ciudadanos, las empresas y los pa\u00edses desarrollados.<\/p>\n<p>La directiva establece que se debe detectar, poner fin, prevenir, mitigar y contabilizar los impactos negativos sobre los derechos humanos y el medio ambiente en las propias operaciones de la empresa. Teniendo en cuenta sus cadenas de valor, tambi\u00e9n deben trabajar en base al Acuerdo de Par\u00eds para mantener la temperatura global en 1,5\u00ba Celsius. Aqu\u00ed el papel de los directivos es clave porque deben encargarse de supervisar la aplicaci\u00f3n de los procesos de diligencia debida e integrarla en la estrategia corporativa.<\/p>\n<p>Esta propuesta cuenta con un sistema de cumplimiento en el que las normas ser\u00e1n supervisadas por dos medios. Primero, a trav\u00e9s de la administraci\u00f3n por parte de los estados miembros, se designar\u00e1 una autoridad para supervisar e imponer sanciones efectivas, proporcionadas y disuasorias, incluyendo \u00f3rdenes de cumplimiento (creando una Red Europea de Autoridades de Supervisi\u00f3n). Y en segundo lugar, a trav\u00e9s de la responsabilidad civil, los Estados miembros se asegurar\u00e1n de que las v\u00edctimas obtengan una indemnizaci\u00f3n por los da\u00f1os y perjuicios derivados del incumplimiento de las obligaciones de las nuevas propuestas.<\/p>\n<p style=\"text-align: center;\">\u00a9 Imagen Destacada: Tingey Injury Law Firm via Unsplash<\/p>\n                                                        <\/div>\n            <\/div>\n        <\/div>\n    <\/section>\n    ","protected":false},"excerpt":{"rendered":"","protected":false},"author":2,"featured_media":1173,"comment_status":"closed","ping_status":"closed","sticky":false,"template":"","format":"standard","meta":{"_acf_changed":false,"footnotes":""},"categories":[130],"tags":[456,457,458,343,459,460,461,462,463,464,465,466,386,467,468,469,470,471,472,473,474,475,476,477,478,479,481,482,483,484,242,485],"class_list":{"0":"post-1159","1":"post","2":"type-post","3":"status-publish","4":"format-standard","5":"has-post-thumbnail","7":"category-moda-sostenible-lujo","8":"tag-act","9":"tag-america-latina","10":"tag-cadena-de-suministro","11":"tag-circular-economy-es","12":"tag-coalicion","13":"tag-comision-europea","14":"tag-derechos-humanos","15":"tag-desperdicio-textiles","16":"tag-economia-circular","17":"tag-eu-ley","18":"tag-eu-mercado","19":"tag-explotacion-laboral","20":"tag-fashion-industry-es","21":"tag-fibras-sostenibles","22":"tag-gobierno","23":"tag-huella-ecologica","24":"tag-impacto-ambiental","25":"tag-industria-de-la-moda","26":"tag-inmigrantes","27":"tag-ny-2","28":"tag-parlamento-europeo","29":"tag-precion-consumidores","30":"tag-prendas","31":"tag-productores-de-ropa","32":"tag-reciclaje","33":"tag-reglas","34":"tag-regulacion","35":"tag-regulaciones","36":"tag-salarios","37":"tag-sostenibles","38":"tag-sustainability-es","39":"tag-ue"},"acf":[],"yoast_head":"<title>Nuevas leyes y pactos en 2022 que cambiar\u00e1n el futuro de la moda<\/title>\n<meta name=\"description\" content=\"Analizamos la nueva legislaci\u00f3n gubernamental promulgada en pa\u00edses de todo el mundo que cambiar\u00e1 el futuro de la moda.\" \/>\n<meta name=\"robots\" content=\"index, follow, max-snippet:-1, max-image-preview:large, max-video-preview:-1\" \/>\n<link rel=\"canonical\" href=\"https:\/\/luxiders.com\/es\/nuevas-leyes-y-pactos-en-2022-que-cambiaran-el-futuro-de-la-moda\/\" \/>\n<meta property=\"og:locale\" content=\"es_ES\" \/>\n<meta property=\"og:type\" content=\"article\" \/>\n<meta property=\"og:title\" content=\"Nuevas leyes y pactos en 2022 que cambiar\u00e1n el futuro de la moda\" \/>\n<meta property=\"og:description\" content=\"Analizamos la nueva legislaci\u00f3n gubernamental promulgada en pa\u00edses de todo el mundo que cambiar\u00e1 el futuro de la moda.\" \/>\n<meta property=\"og:url\" content=\"https:\/\/luxiders.com\/es\/nuevas-leyes-y-pactos-en-2022-que-cambiaran-el-futuro-de-la-moda\/\" \/>\n<meta property=\"og:site_name\" content=\"Sustainable Fashion - Eco Design - Healthy Lifestyle - Luxiders Magazine\" \/>\n<meta property=\"article:published_time\" content=\"2022-12-07T12:19:11+00:00\" \/>\n<meta property=\"article:modified_time\" content=\"2023-01-16T14:16:27+00:00\" \/>\n<meta property=\"og:image\" content=\"https:\/\/luxiders.com\/content\/uploads\/W_laws_sustainablity.jpeg\" \/>\n\t<meta property=\"og:image:width\" content=\"1920\" \/>\n\t<meta property=\"og:image:height\" content=\"1347\" \/>\n\t<meta property=\"og:image:type\" content=\"image\/jpeg\" \/>\n<meta name=\"author\" content=\"luxiders\" \/>\n<meta name=\"twitter:card\" content=\"summary_large_image\" \/>\n<meta name=\"twitter:label1\" content=\"Written by\" \/>\n\t<meta name=\"twitter:data1\" content=\"luxiders\" \/>\n<script type=\"application\/ld+json\" class=\"yoast-schema-graph\">{\"@context\":\"https:\/\/schema.org\",\"@graph\":[{\"@type\":\"Article\",\"@id\":\"https:\/\/luxiders.com\/es\/nuevas-leyes-y-pactos-en-2022-que-cambiaran-el-futuro-de-la-moda\/#article\",\"isPartOf\":{\"@id\":\"https:\/\/luxiders.com\/es\/nuevas-leyes-y-pactos-en-2022-que-cambiaran-el-futuro-de-la-moda\/\"},\"author\":{\"name\":\"luxiders\",\"@id\":\"https:\/\/luxiders.com\/es\/#\/schema\/person\/8632fa702ae2ce98f66c396254633de8\"},\"headline\":\"Nuevas leyes y pactos en 2022 que cambiar\u00e1n el futuro de la moda\",\"datePublished\":\"2022-12-07T12:19:11+00:00\",\"dateModified\":\"2023-01-16T14:16:27+00:00\",\"mainEntityOfPage\":{\"@id\":\"https:\/\/luxiders.com\/es\/nuevas-leyes-y-pactos-en-2022-que-cambiaran-el-futuro-de-la-moda\/\"},\"wordCount\":13,\"publisher\":{\"@id\":\"https:\/\/luxiders.com\/es\/#organization\"},\"image\":{\"@id\":\"https:\/\/luxiders.com\/es\/nuevas-leyes-y-pactos-en-2022-que-cambiaran-el-futuro-de-la-moda\/#primaryimage\"},\"thumbnailUrl\":\"https:\/\/luxiders.com\/content\/uploads\/W_laws_sustainablity.jpeg\",\"keywords\":[\"act\",\"America Latina\",\"cadena de suministro\",\"circular economy\",\"coalici\u00f3n\",\"Comision europea\",\"derechos humanos\",\"desperdicio textiles\",\"econom\u00eda circular\",\"EU ley\",\"EU mercado\",\"explotaci\u00f3n laboral\",\"fashion industry\",\"fibras sostenibles\",\"gobierno\",\"huella ecol\u00f3gica\",\"impacto ambiental\",\"industria de la moda\",\"inmigrantes\",\"NY\",\"parlamento europeo\",\"preci\u00f3n consumidores\",\"prendas\",\"productores de ropa\",\"reciclaje\",\"reglas\",\"regulaci\u00f3n\",\"regulaciones\",\"salarios\",\"sostenibles\",\"sustainability\",\"UE\"],\"articleSection\":[\"Moda\"],\"inLanguage\":\"es-ES\"},{\"@type\":\"WebPage\",\"@id\":\"https:\/\/luxiders.com\/es\/nuevas-leyes-y-pactos-en-2022-que-cambiaran-el-futuro-de-la-moda\/\",\"url\":\"https:\/\/luxiders.com\/es\/nuevas-leyes-y-pactos-en-2022-que-cambiaran-el-futuro-de-la-moda\/\",\"name\":\"Nuevas leyes y pactos en 2022 que cambiar\u00e1n el futuro de la moda\",\"isPartOf\":{\"@id\":\"https:\/\/luxiders.com\/es\/#website\"},\"primaryImageOfPage\":{\"@id\":\"https:\/\/luxiders.com\/es\/nuevas-leyes-y-pactos-en-2022-que-cambiaran-el-futuro-de-la-moda\/#primaryimage\"},\"image\":{\"@id\":\"https:\/\/luxiders.com\/es\/nuevas-leyes-y-pactos-en-2022-que-cambiaran-el-futuro-de-la-moda\/#primaryimage\"},\"thumbnailUrl\":\"https:\/\/luxiders.com\/content\/uploads\/W_laws_sustainablity.jpeg\",\"datePublished\":\"2022-12-07T12:19:11+00:00\",\"dateModified\":\"2023-01-16T14:16:27+00:00\",\"description\":\"Analizamos la nueva legislaci\u00f3n gubernamental promulgada en pa\u00edses de todo el mundo que cambiar\u00e1 el futuro de la moda.\",\"breadcrumb\":{\"@id\":\"https:\/\/luxiders.com\/es\/nuevas-leyes-y-pactos-en-2022-que-cambiaran-el-futuro-de-la-moda\/#breadcrumb\"},\"inLanguage\":\"es-ES\",\"potentialAction\":[{\"@type\":\"ReadAction\",\"target\":[\"https:\/\/luxiders.com\/es\/nuevas-leyes-y-pactos-en-2022-que-cambiaran-el-futuro-de-la-moda\/\"]}]},{\"@type\":\"ImageObject\",\"inLanguage\":\"es-ES\",\"@id\":\"https:\/\/luxiders.com\/es\/nuevas-leyes-y-pactos-en-2022-que-cambiaran-el-futuro-de-la-moda\/#primaryimage\",\"url\":\"https:\/\/luxiders.com\/content\/uploads\/W_laws_sustainablity.jpeg\",\"contentUrl\":\"https:\/\/luxiders.com\/content\/uploads\/W_laws_sustainablity.jpeg\",\"width\":1920,\"height\":1347},{\"@type\":\"BreadcrumbList\",\"@id\":\"https:\/\/luxiders.com\/es\/nuevas-leyes-y-pactos-en-2022-que-cambiaran-el-futuro-de-la-moda\/#breadcrumb\",\"itemListElement\":[{\"@type\":\"ListItem\",\"position\":1,\"name\":\"Startseite\",\"item\":\"https:\/\/luxiders.com\/es\/\"},{\"@type\":\"ListItem\",\"position\":2,\"name\":\"Moda\",\"item\":\"https:\/\/luxiders.com\/es\/category\/moda-sostenible-lujo\/\"},{\"@type\":\"ListItem\",\"position\":3,\"name\":\"Nuevas leyes y pactos en 2022 que cambiar\u00e1n el futuro de la moda\"}]},{\"@type\":\"WebSite\",\"@id\":\"https:\/\/luxiders.com\/es\/#website\",\"url\":\"https:\/\/luxiders.com\/es\/\",\"name\":\"Sustainable Fashion - Eco Design - Healthy Lifestyle - Luxiders Magazine\",\"description\":\"Luxiders is a sustainable luxury magazine highlighting the best stories about sustainable fashion, ethical fashion, eco-friendly design, green design, sustainable travel, natural beauty, organic beauty and healthy lifestyle. Know the best high-end, progressive and luxury sustainable brands and designers worldwide.\",\"publisher\":{\"@id\":\"https:\/\/luxiders.com\/es\/#organization\"},\"potentialAction\":[{\"@type\":\"SearchAction\",\"target\":{\"@type\":\"EntryPoint\",\"urlTemplate\":\"https:\/\/luxiders.com\/es\/?s={search_term_string}\"},\"query-input\":{\"@type\":\"PropertyValueSpecification\",\"valueRequired\":true,\"valueName\":\"search_term_string\"}}],\"inLanguage\":\"es-ES\"},{\"@type\":\"Organization\",\"@id\":\"https:\/\/luxiders.com\/es\/#organization\",\"name\":\"Sustainable Fashion - Eco Design - Healthy Lifestyle - Luxiders Magazine\",\"url\":\"https:\/\/luxiders.com\/es\/\",\"logo\":{\"@type\":\"ImageObject\",\"inLanguage\":\"es-ES\",\"@id\":\"https:\/\/luxiders.com\/es\/#\/schema\/logo\/image\/\",\"url\":\"https:\/\/luxiders.com\/content\/uploads\/lux-logo.svg\",\"contentUrl\":\"https:\/\/luxiders.com\/content\/uploads\/lux-logo.svg\",\"caption\":\"Sustainable Fashion - Eco Design - Healthy Lifestyle - Luxiders Magazine\"},\"image\":{\"@id\":\"https:\/\/luxiders.com\/es\/#\/schema\/logo\/image\/\"}},{\"@type\":\"Person\",\"@id\":\"https:\/\/luxiders.com\/es\/#\/schema\/person\/8632fa702ae2ce98f66c396254633de8\",\"name\":\"luxiders\",\"url\":\"https:\/\/luxiders.com\/es\/author\/luxiders\/\"}]}<\/script>","yoast_head_json":{"title":"Nuevas leyes y pactos en 2022 que cambiar\u00e1n el futuro de la moda","description":"Analizamos la nueva legislaci\u00f3n gubernamental promulgada en pa\u00edses de todo el mundo que cambiar\u00e1 el futuro de la moda.","robots":{"index":"index","follow":"follow","max-snippet":"max-snippet:-1","max-image-preview":"max-image-preview:large","max-video-preview":"max-video-preview:-1"},"canonical":"https:\/\/luxiders.com\/es\/nuevas-leyes-y-pactos-en-2022-que-cambiaran-el-futuro-de-la-moda\/","og_locale":"es_ES","og_type":"article","og_title":"Nuevas leyes y pactos en 2022 que cambiar\u00e1n el futuro de la moda","og_description":"Analizamos la nueva legislaci\u00f3n gubernamental promulgada en pa\u00edses de todo el mundo que cambiar\u00e1 el futuro de la moda.","og_url":"https:\/\/luxiders.com\/es\/nuevas-leyes-y-pactos-en-2022-que-cambiaran-el-futuro-de-la-moda\/","og_site_name":"Sustainable Fashion - Eco Design - Healthy Lifestyle - Luxiders Magazine","article_published_time":"2022-12-07T12:19:11+00:00","article_modified_time":"2023-01-16T14:16:27+00:00","og_image":[{"width":1920,"height":1347,"url":"https:\/\/luxiders.com\/content\/uploads\/W_laws_sustainablity.jpeg","type":"image\/jpeg"}],"author":"luxiders","twitter_card":"summary_large_image","twitter_misc":{"Written by":"luxiders"},"schema":{"@context":"https:\/\/schema.org","@graph":[{"@type":"Article","@id":"https:\/\/luxiders.com\/es\/nuevas-leyes-y-pactos-en-2022-que-cambiaran-el-futuro-de-la-moda\/#article","isPartOf":{"@id":"https:\/\/luxiders.com\/es\/nuevas-leyes-y-pactos-en-2022-que-cambiaran-el-futuro-de-la-moda\/"},"author":{"name":"luxiders","@id":"https:\/\/luxiders.com\/es\/#\/schema\/person\/8632fa702ae2ce98f66c396254633de8"},"headline":"Nuevas leyes y pactos en 2022 que cambiar\u00e1n el futuro de la moda","datePublished":"2022-12-07T12:19:11+00:00","dateModified":"2023-01-16T14:16:27+00:00","mainEntityOfPage":{"@id":"https:\/\/luxiders.com\/es\/nuevas-leyes-y-pactos-en-2022-que-cambiaran-el-futuro-de-la-moda\/"},"wordCount":13,"publisher":{"@id":"https:\/\/luxiders.com\/es\/#organization"},"image":{"@id":"https:\/\/luxiders.com\/es\/nuevas-leyes-y-pactos-en-2022-que-cambiaran-el-futuro-de-la-moda\/#primaryimage"},"thumbnailUrl":"https:\/\/luxiders.com\/content\/uploads\/W_laws_sustainablity.jpeg","keywords":["act","America Latina","cadena de suministro","circular economy","coalici\u00f3n","Comision europea","derechos humanos","desperdicio textiles","econom\u00eda circular","EU ley","EU mercado","explotaci\u00f3n laboral","fashion industry","fibras sostenibles","gobierno","huella ecol\u00f3gica","impacto ambiental","industria de la moda","inmigrantes","NY","parlamento europeo","preci\u00f3n consumidores","prendas","productores de ropa","reciclaje","reglas","regulaci\u00f3n","regulaciones","salarios","sostenibles","sustainability","UE"],"articleSection":["Moda"],"inLanguage":"es-ES"},{"@type":"WebPage","@id":"https:\/\/luxiders.com\/es\/nuevas-leyes-y-pactos-en-2022-que-cambiaran-el-futuro-de-la-moda\/","url":"https:\/\/luxiders.com\/es\/nuevas-leyes-y-pactos-en-2022-que-cambiaran-el-futuro-de-la-moda\/","name":"Nuevas leyes y pactos en 2022 que cambiar\u00e1n el futuro de la moda","isPartOf":{"@id":"https:\/\/luxiders.com\/es\/#website"},"primaryImageOfPage":{"@id":"https:\/\/luxiders.com\/es\/nuevas-leyes-y-pactos-en-2022-que-cambiaran-el-futuro-de-la-moda\/#primaryimage"},"image":{"@id":"https:\/\/luxiders.com\/es\/nuevas-leyes-y-pactos-en-2022-que-cambiaran-el-futuro-de-la-moda\/#primaryimage"},"thumbnailUrl":"https:\/\/luxiders.com\/content\/uploads\/W_laws_sustainablity.jpeg","datePublished":"2022-12-07T12:19:11+00:00","dateModified":"2023-01-16T14:16:27+00:00","description":"Analizamos la nueva legislaci\u00f3n gubernamental promulgada en pa\u00edses de todo el mundo que cambiar\u00e1 el futuro de la moda.","breadcrumb":{"@id":"https:\/\/luxiders.com\/es\/nuevas-leyes-y-pactos-en-2022-que-cambiaran-el-futuro-de-la-moda\/#breadcrumb"},"inLanguage":"es-ES","potentialAction":[{"@type":"ReadAction","target":["https:\/\/luxiders.com\/es\/nuevas-leyes-y-pactos-en-2022-que-cambiaran-el-futuro-de-la-moda\/"]}]},{"@type":"ImageObject","inLanguage":"es-ES","@id":"https:\/\/luxiders.com\/es\/nuevas-leyes-y-pactos-en-2022-que-cambiaran-el-futuro-de-la-moda\/#primaryimage","url":"https:\/\/luxiders.com\/content\/uploads\/W_laws_sustainablity.jpeg","contentUrl":"https:\/\/luxiders.com\/content\/uploads\/W_laws_sustainablity.jpeg","width":1920,"height":1347},{"@type":"BreadcrumbList","@id":"https:\/\/luxiders.com\/es\/nuevas-leyes-y-pactos-en-2022-que-cambiaran-el-futuro-de-la-moda\/#breadcrumb","itemListElement":[{"@type":"ListItem","position":1,"name":"Startseite","item":"https:\/\/luxiders.com\/es\/"},{"@type":"ListItem","position":2,"name":"Moda","item":"https:\/\/luxiders.com\/es\/category\/moda-sostenible-lujo\/"},{"@type":"ListItem","position":3,"name":"Nuevas leyes y pactos en 2022 que cambiar\u00e1n el futuro de la moda"}]},{"@type":"WebSite","@id":"https:\/\/luxiders.com\/es\/#website","url":"https:\/\/luxiders.com\/es\/","name":"Sustainable Fashion - Eco Design - Healthy Lifestyle - Luxiders Magazine","description":"Luxiders is a sustainable luxury magazine highlighting the best stories about sustainable fashion, ethical fashion, eco-friendly design, green design, sustainable travel, natural beauty, organic beauty and healthy lifestyle. Know the best high-end, progressive and luxury sustainable brands and designers worldwide.","publisher":{"@id":"https:\/\/luxiders.com\/es\/#organization"},"potentialAction":[{"@type":"SearchAction","target":{"@type":"EntryPoint","urlTemplate":"https:\/\/luxiders.com\/es\/?s={search_term_string}"},"query-input":{"@type":"PropertyValueSpecification","valueRequired":true,"valueName":"search_term_string"}}],"inLanguage":"es-ES"},{"@type":"Organization","@id":"https:\/\/luxiders.com\/es\/#organization","name":"Sustainable Fashion - Eco Design - Healthy Lifestyle - Luxiders Magazine","url":"https:\/\/luxiders.com\/es\/","logo":{"@type":"ImageObject","inLanguage":"es-ES","@id":"https:\/\/luxiders.com\/es\/#\/schema\/logo\/image\/","url":"https:\/\/luxiders.com\/content\/uploads\/lux-logo.svg","contentUrl":"https:\/\/luxiders.com\/content\/uploads\/lux-logo.svg","caption":"Sustainable Fashion - Eco Design - Healthy Lifestyle - Luxiders Magazine"},"image":{"@id":"https:\/\/luxiders.com\/es\/#\/schema\/logo\/image\/"}},{"@type":"Person","@id":"https:\/\/luxiders.com\/es\/#\/schema\/person\/8632fa702ae2ce98f66c396254633de8","name":"luxiders","url":"https:\/\/luxiders.com\/es\/author\/luxiders\/"}]}},"_links":{"self":[{"href":"https:\/\/luxiders.com\/es\/wp-json\/wp\/v2\/posts\/1159","targetHints":{"allow":["GET"]}}],"collection":[{"href":"https:\/\/luxiders.com\/es\/wp-json\/wp\/v2\/posts"}],"about":[{"href":"https:\/\/luxiders.com\/es\/wp-json\/wp\/v2\/types\/post"}],"author":[{"embeddable":true,"href":"https:\/\/luxiders.com\/es\/wp-json\/wp\/v2\/users\/2"}],"replies":[{"embeddable":true,"href":"https:\/\/luxiders.com\/es\/wp-json\/wp\/v2\/comments?post=1159"}],"version-history":[{"count":3,"href":"https:\/\/luxiders.com\/es\/wp-json\/wp\/v2\/posts\/1159\/revisions"}],"predecessor-version":[{"id":10019,"href":"https:\/\/luxiders.com\/es\/wp-json\/wp\/v2\/posts\/1159\/revisions\/10019"}],"wp:featuredmedia":[{"embeddable":true,"href":"https:\/\/luxiders.com\/es\/wp-json\/wp\/v2\/media\/1173"}],"wp:attachment":[{"href":"https:\/\/luxiders.com\/es\/wp-json\/wp\/v2\/media?parent=1159"}],"wp:term":[{"taxonomy":"category","embeddable":true,"href":"https:\/\/luxiders.com\/es\/wp-json\/wp\/v2\/categories?post=1159"},{"taxonomy":"post_tag","embeddable":true,"href":"https:\/\/luxiders.com\/es\/wp-json\/wp\/v2\/tags?post=1159"}],"curies":[{"name":"wp","href":"https:\/\/api.w.org\/{rel}","templated":true}]}}