{"id":13331,"date":"2020-04-03T15:42:00","date_gmt":"2020-04-03T13:42:00","guid":{"rendered":"http:\/\/luxiders.com.w01cc729.kasserver.com\/?p=13331"},"modified":"2023-02-03T16:05:11","modified_gmt":"2023-02-03T15:05:11","slug":"covid-19-tendencias-moda","status":"publish","type":"post","link":"https:\/\/luxiders.com\/es\/covid-19-tendencias-moda\/","title":{"rendered":"\u00bfC\u00f3mo afectar\u00e1 el Covid-19 a las tendencias de moda futuras?"},"content":{"rendered":"    <section id=\"textblock-block_4bdc0c2f1e41c133bd670ae33e373aa0\" class=\"section position-relative gp-block gp-textblock text-center pt-0 pb-5\">\n        <div class=\"container\">\n            <div class=\"row g-0\">\n                <div class=\"col-lg-12 content\" data-aos=\"fade-in\" data-aos-duration=\"1000\">\n                                                                                    <div class=\"intro px-lg-8\">\n                            <p class=\"\">Sin tener una pasarela en la que presumir de sus outfits m\u00e1s individualistas cuidadosamente seleccionados, los entusiastas de la moda ahora luchan desesperadamente por la m\u00e1s exclusiva ropa de estar por casa como una salida a la creatividad. Con p\u00e1ginas de Instagram dedicadas a la ropa para trabajar desde casa (ver: @wfhfits) y una creciente popularidad de hashtags como #goingnowherebutfuckitimgettingdressed, las redes sociales se est\u00e1n convirtiendo en un refugio curado de m\u00e1scaras modernas, ropa de casa a juego y zapatillas de colores. \u00bfC\u00f3mo se desarrollar\u00e1n estas tendencias tras el bloqueo #stayhome provocado por la expansi\u00f3n del Covid-19? \u00bfQu\u00e9 pasar\u00e1 con la moda cuando la pandemia quede atr\u00e1s?<\/p>\n                        <\/div>\n                                                                                                <\/div>\n            <\/div>\n        <\/div>\n    <\/section>\n    \n\n    <section id=\"newsletter-block_a8d7d04c36ac8a700215fb0515e7d4cd\" class=\"section position-relative gp-block gp-newsletter pt-0 pb-0 my-5\">\n        <div class=\"container\">\n            <div class=\"row g-0 pt-4 pb-3\">\n                <div class=\"col-lg-12 content text-center border pt-3\" data-aos=\"fade-in\" data-aos-duration=\"1000\">\n                                            <p><em>Para recibir el Newsletter de Luxiders Magazine,\u00a0<a href=\"https:\/\/landing.mailerlite.com\/webforms\/landing\/w2a1t0\" target=\"_blank\" rel=\"noopener\">suscr\u00edbete aqu\u00ed<\/a><\/em><\/p>\n                                    <\/div>\n            <\/div>\n        <\/div>\n    <\/section>\n    \n\n    <section id=\"textblock-block_931a042c08143fbf7a7732193ab61ca6\" class=\"section position-relative gp-block gp-textblock pt-0 pb-0\">\n        <div class=\"container\">\n            <div class=\"row g-0\">\n                <div class=\"col-lg-12 content\" data-aos=\"fade-in\" data-aos-duration=\"1000\">\n                                                                                <p class=\"\">Se necesita una crisis para formar una t\u00e1ctica y la moda no es una excepci\u00f3n. Algunos de los mejores dise\u00f1os nacieron de la lucha. Coco Chanel cre\u00f3 piezas de alta costura para mujeres a partir de telas forrajeadas cuando los materiales eran escasos durante el per\u00edodo de la Primera Guerra Mundial, como la ropa interior de jersey para hombres. Esto llev\u00f3 a un gran cambio en la forma de vestir de la mujer, que pas\u00f3 de llevar cors\u00e9s sobrios a lucir una vestimenta c\u00f3moda. Chanel se convirti\u00f3 en la marca innovadora para mujeres vencedoras.  <\/p>\n<p>Durante la pandemia de la gripe espa\u00f1ola de 1918, las mascarillas quir\u00fargicas se convirtieron en un elemento b\u00e1sico usado en todo momento tanto en interiores como en exteriores debido a su protecci\u00f3n esencial. La moda escapista de los a\u00f1os treinta y cuarenta se origin\u00f3 en una \u00e9poca de agitaci\u00f3n pol\u00edtica e incertidumbre futura. Restringido a la reparaci\u00f3n y la reutilizaci\u00f3n, los esfuerzos creativos de reconstrucci\u00f3n se convirtieron en formas de expresi\u00f3n durante estos tiempos de confinamiento.<\/p>\n<p>Los mapas de &#8220;Escape y Evasi\u00f3n&#8221; se imprimieron en seda duradera durante la d\u00e9cada de los 1940 para ocultarse f\u00e1cilmente debajo de la ropa de los soldados. Estos mapas fueron reutilizados para producir prendas de vestir despu\u00e9s de la Segunda Guerra Mundial, cuando las telas todav\u00eda estaban siendo racionadas. Del mismo modo, la crisis en la que nos encontramos ahora indudablemente iniciar\u00e1 un cambio en la forma en que interpretamos la moda. Al igual que el efecto de las guerras mundiales y las pandemias pasadas, nosotros tambi\u00e9n tendremos que centrarnos en la calidad sobre la cantidad, en la practicidad sobre la vanidad.<\/p>\n                                            <div class=\"highlighted mt-5 mt-lg-6 px-lg-5\">\n                            <p>El efecto que las guerras mundiales y las pandemias pasadas produjo en la moda, nos demuestra que nosotros tambi\u00e9n tendremos que centrarnos en la calidad sobre la cantidad, en la practicidad sobre la vanidad.<\/p>\n<p>&nbsp;<\/p>\n                        <\/div>\n                                                        <\/div>\n            <\/div>\n        <\/div>\n    <\/section>\n    \n\n    <section id=\"textblock-block_134f45e4f5582e30de6e3e67d6207207\" class=\"section position-relative gp-block gp-textblock pt-0 pb-0\">\n        <div class=\"container\">\n            <div class=\"row g-0\">\n                <div class=\"col-lg-12 content\" data-aos=\"fade-in\" data-aos-duration=\"1000\">\n                                                                                <p class=\"\">Esta es una llamada de atenci\u00f3n tanto a nosotros como consumidores, como para la industria en general. La amenaza que esta pandemia tiene sobre nuestras cabezas es una llamada a la acci\u00f3n para que la industria de la moda desacelere, se aleje de la producci\u00f3n en masa y cambie de direcci\u00f3n, antes de que se presente un problema a\u00fan mayor.<\/p>\n<p><a href=\"https:\/\/www.vogue.com\/article\/sara-maino-vogue-italia-coronavirus-impact-sustainability-fashion-shows\" rel=\"noopener\" target=\"_blank\">Sara Maino, deputy Editor in Chief of Vogue Italia y directora de Vogue Talents, ha declarado recientemente<\/a>: &#8220;No hemos respetado el planeta hasta ahora y de alguna manera esta [pandemia] es un mensaje y desafortunadamente es un mensaje muy, muy pesado. El cambio ten\u00eda que hacerse. Todos pensaron que el cambio suceder\u00eda gradualmente, pero ese no es el caso. El cambio tiene que hacerse ahora,  y r\u00e1pidamente \u201d(Vogue, 2020). Con tantas mentes unidas en un sentido de camarader\u00eda y, por una vez, el tiempo en nuestras manos, el bloqueo nos ha ofrecido la oportunidad de volver a nuestros tableros de dibujo.<\/p>\n                                                        <\/div>\n            <\/div>\n        <\/div>\n    <\/section>\n    \n\n    <section id=\"media-block_6ee999f518627d9ebae032f9a39ee826\" class=\"section position-relative gp-block gp-media pt-0 pb-0\">\n        <div class=\"container\">\n            <div class=\"row g-0\">\n                <div class=\"col-lg-12 content\" data-aos=\"fade-in\" data-aos-duration=\"1000\">\n                                                                            <\/div>\n            <\/div>\n            <div class=\"row g-0\">\n                <div class=\"col-lg-6 \">\n                                                                                                                                                <figure class=\"mb-4 pt-lg-6 mb-lg-5 ps-lg-0 pe-lg-3\" data-aos=\"fade-up\" data-aos-duration=\"1000\"><div class=\"img-container\"><img loading=\"lazy\" decoding=\"async\" width=\"800\" height=\"1200\" src=\"https:\/\/luxiders.com\/content\/uploads\/T_hbz-dior-1947-3438087.jpg\" class=\"img-fluid w-100\" alt=\"\" srcset=\"https:\/\/luxiders.com\/content\/uploads\/T_hbz-dior-1947-3438087.jpg 800w, https:\/\/luxiders.com\/content\/uploads\/T_hbz-dior-1947-3438087-200x300.jpg 200w, https:\/\/luxiders.com\/content\/uploads\/T_hbz-dior-1947-3438087-683x1024.jpg 683w, https:\/\/luxiders.com\/content\/uploads\/T_hbz-dior-1947-3438087-768x1152.jpg 768w\" sizes=\"(max-width: 800px) 100vw, 800px\" \/><\/div><figcaption>Dior&#8217;s &#8216;New Look&#8217;, 1940s<\/figcaption><\/figure>                                                                                            <\/div>\n                                    <div class=\"col-lg-6\">\n                                                                                                                                                        <figure class=\"mb-4 pt-lg-4 mb-lg-5 ps-lg-3 pe-lg-0\" data-aos=\"fade-up\" data-aos-duration=\"1000\"><div class=\"img-container\"><img loading=\"lazy\" decoding=\"async\" width=\"800\" height=\"1225\" src=\"https:\/\/luxiders.com\/content\/uploads\/T_1152.jpg\" class=\"img-fluid w-100\" alt=\"\" srcset=\"https:\/\/luxiders.com\/content\/uploads\/T_1152.jpg 800w, https:\/\/luxiders.com\/content\/uploads\/T_1152-196x300.jpg 196w, https:\/\/luxiders.com\/content\/uploads\/T_1152-669x1024.jpg 669w, https:\/\/luxiders.com\/content\/uploads\/T_1152-768x1176.jpg 768w\" sizes=\"(max-width: 800px) 100vw, 800px\" \/><\/div><figcaption>Couple wearing face masks, 1918.<\/figcaption><\/figure>                                                                                                        <\/div>\n                                            <\/div>\n        <\/div>\n    <\/section>\n    \n\n    <section id=\"media-block_df0e8850e8eccd8fae49e75406e6c5e6\" class=\"section position-relative gp-block gp-media pt-0 pb-0\">\n        <div class=\"container\">\n            <div class=\"row g-0\">\n                <div class=\"col-lg-12 content\" data-aos=\"fade-in\" data-aos-duration=\"1000\">\n                                                                            <\/div>\n            <\/div>\n            <div class=\"row g-0\">\n                <div class=\"col-lg-12 img-scaled\">\n                                                                                                                                                <figure class=\"mb-4 pt-lg-4 mb-lg-5 ps-lg-0 pe-lg-0\" data-aos=\"fade-up\" data-aos-duration=\"1000\"><div class=\"img-container\"><img loading=\"lazy\" decoding=\"async\" width=\"968\" height=\"646\" src=\"https:\/\/luxiders.com\/content\/uploads\/T_I.jpg\" class=\"img-fluid w-100\" alt=\"\" srcset=\"https:\/\/luxiders.com\/content\/uploads\/T_I.jpg 968w, https:\/\/luxiders.com\/content\/uploads\/T_I-300x200.jpg 300w, https:\/\/luxiders.com\/content\/uploads\/T_I-768x513.jpg 768w\" sizes=\"(max-width: 968px) 100vw, 968px\" \/><\/div><figcaption>@wfhfits<\/figcaption><\/figure>                                                                                            <\/div>\n                                            <\/div>\n        <\/div>\n    <\/section>\n    \n\n    <section id=\"textblock-block_2b0b28506d8e1f074c2e9ebcaa7f37f9\" class=\"section position-relative gp-block gp-textblock pt-0 pb-0\">\n        <div class=\"container\">\n            <div class=\"row g-0\">\n                <div class=\"col-lg-12 content\" data-aos=\"fade-in\" data-aos-duration=\"1000\">\n                                                                        <h2 class=\"\">DESPU\u00c9S DE LA CRISIS VIENE EL EMPODERAMIENTO\n<\/h2>\n                                                                                                        <p class=\"\">Tras la crisis llegan las celebraciones. Es posible que en este momento estemos sufriendo en nuestros problemas aislados, llorando por las tristes noticias, pero la alegr\u00eda borracha de recuperar nuestra libertad una vez que todo esto haya terminado tambi\u00e9n podr\u00eda ser paralela a la de las crisis pasadas. La vida ser\u00e1 un aturdimiento tecnicolor de calles bulliciosas, fiestas exultantes y c\u00f3cteles.<\/p>\n<p>Al igual que los dise\u00f1os liberadores del &#8216;New Look&#8217; de Christian Dior despu\u00e9s de la Segunda Guerra Mundial, la moda posterior al Coronavirus podr\u00eda seguir el ejemplo en forma de telas coloridas y amplias, formas maximalistas, patronajes audaces y siluetas irrestrictas. La diferencia con las tendencias recientes, sin embargo, radicar\u00e1 en nuestra mentalidad alterada. Probablemente nos sentiremos maltratados y aliviados. Puede producirse un sentido de urgencia para aprovechar al m\u00e1ximo nuestra salud, libertad, vitalidad y, con suerte, nuestro planeta, con una imagen inferior en nuestra lista de prioridades. Por lo tanto, es posible que deseemos art\u00edculos duraderos y f\u00e1ciles de usar que nos ayuden a atravesar una cadena c\u00edclica de eventos: no desperdiciaremos un tiempo precioso preocup\u00e1ndose por un vestido cruzado endeble.<\/p>\n<p>Somos criaturas de h\u00e1bitos con una mentalidad de manada, siempre seremos influenciados por las acciones de los dem\u00e1s. Pero quiz\u00e1s este encierro global tendr\u00e1 un beneficio: el estancamiento de la industria de la moda distendida podr\u00eda provocar una sensaci\u00f3n de realizaci\u00f3n en los compradores por la irrelevancia real de ser un \u00e1vido seguidor de tendencias. Es posible que hayamos aprendido, aunque no lo reconozcamos realmente, el hecho de que la vida y la sociedad como la conocemos son fr\u00e1giles, que somos afortunados de tener los fundamentos (salud, familia, hogares, comida) en lugar de el vestido Z*** o el Holmes Bradigan.<\/p>\n<p>Ahora, nos hemos visto obligados a reconocerlo. La crisis econ\u00f3mica que se nos ha impuesto ha superado a la de la Gran Depresi\u00f3n. Podr\u00edamos sentirnos atra\u00eddos por los atuendos de celebraci\u00f3n en nuestra victoria posterior al Covid-19, pero sin ingresos disponibles para acumular tendencias de moda r\u00e1pida, tendremos que invertir en productos m\u00e1s esenciales y ser m\u00e1s creativos con lo que ya tenemos. Esto significar\u00eda un posible retorno de las habilidades de costura, productos hechos para durar en lugar de hechos para usar por un minuto, conceptos creativos reinventados y el arte del intercambios de vestuario como no va m\u00e1s.<\/p>\n                                            <div class=\"highlighted mt-5 mt-lg-6 px-lg-5\">\n                            <p>Pensemos en un posible retorno de las habilidades de la costura, productos hechos para durar en lugar de hechos para usar por un minuto, conceptos creativos reinventados y el arte del intercambio de vestuario como lo m\u00e1s &#8220;cool&#8221; del momento.<\/p>\n<p>&nbsp;<\/p>\n                        <\/div>\n                                                        <\/div>\n            <\/div>\n        <\/div>\n    <\/section>\n    \n\n    <section id=\"textblock-block_18ca668088de6ea226e83348c541898d\" class=\"section position-relative gp-block gp-textblock pt-0 pb-0\">\n        <div class=\"container\">\n            <div class=\"row g-0\">\n                <div class=\"col-lg-12 content\" data-aos=\"fade-in\" data-aos-duration=\"1000\">\n                                                                                <p class=\"\">El reloj tendr\u00e1 que retrasarse en la producci\u00f3n en masa de art\u00edculos desechables (al menos hasta que nuestras billeteras se hayan recuperado) y estos tiempos dif\u00edciles desafortunadamente muchas marcas morir\u00e1n en el camino. Ya hemos visto numerosos cierres de tiendas globales, ca\u00eddas en los precios de las acciones, desfiles de moda cancelados y eventos pospuestos. Se producir\u00e1 una gran reorganizaci\u00f3n, reiniciando toda la industria. Para mantenerse a flote, las marcas deber\u00e1n ser inteligentes y sostenibles. Eso nos deja a nosotros y a nuestra propia creatividad, acunada por la denominada &#8220;cabin fever&#8221;. Cuando se desmantela el tablero de reglas, todo vale. La moda podr\u00eda volver a su belleza b\u00e1sica, una expresi\u00f3n de individualidad. Y en el proceso, podemos esperar a que nuestra Tierra sane un poco m\u00e1s.<\/p>\n<p>&nbsp;<\/p>\n<p class=\"\">+ Textos: Cressi Sowerbutts<\/p>\n<p>&nbsp;<\/p>\n<p>&nbsp;<\/p>\n                                                        <\/div>\n            <\/div>\n        <\/div>\n    <\/section>\n    ","protected":false},"excerpt":{"rendered":"","protected":false},"author":2,"featured_media":13349,"comment_status":"closed","ping_status":"closed","sticky":false,"template":"","format":"standard","meta":{"_acf_changed":false,"footnotes":""},"categories":[1770],"tags":[2251,2249,2250,193,1602],"class_list":{"0":"post-13331","1":"post","2":"type-post","3":"status-publish","4":"format-standard","5":"has-post-thumbnail","7":"category-sustainable-trends-es","8":"tag-como-afectara-el-covid-19-a-las-tendencias-de-moda","9":"tag-covid-19-fashion-trends-2","10":"tag-face-masks-3","11":"tag-sustainable-fashion-es","12":"tag-tendencias-de-moda"},"acf":[],"yoast_head":"<title>\u00bfC\u00f3mo afectar\u00e1 el Covid-19 a las tendencias de moda futuras? | Luxiders<\/title>\n<meta name=\"description\" content=\"\u00bfC\u00f3mo se desarrollar\u00e1n las tendencias de moda tras el bloqueo #stayhome provocado por la expansi\u00f3n del Covid-19? \u00bfQu\u00e9 pasar\u00e1 con la moda cuando la pandemia quede atr\u00e1s? Con p\u00e1ginas de Instagram dedicadas a la ropa para trabajar desde casa (ver: @wfhfits) y una creciente popularidad de hashtags como...\" \/>\n<meta name=\"robots\" content=\"index, follow, max-snippet:-1, max-image-preview:large, max-video-preview:-1\" \/>\n<link rel=\"canonical\" href=\"https:\/\/luxiders.com\/es\/covid-19-tendencias-moda\/\" \/>\n<meta property=\"og:locale\" content=\"es_ES\" \/>\n<meta property=\"og:type\" content=\"article\" \/>\n<meta property=\"og:title\" content=\"\u00bfC\u00f3mo afectar\u00e1 el Covid-19 a las tendencias de moda futuras? | Luxiders\" \/>\n<meta property=\"og:description\" content=\"\u00bfC\u00f3mo se desarrollar\u00e1n las tendencias de moda tras el bloqueo #stayhome provocado por la expansi\u00f3n del Covid-19? \u00bfQu\u00e9 pasar\u00e1 con la moda cuando la pandemia quede atr\u00e1s? Con p\u00e1ginas de Instagram dedicadas a la ropa para trabajar desde casa (ver: @wfhfits) y una creciente popularidad de hashtags como...\" \/>\n<meta property=\"og:url\" content=\"https:\/\/luxiders.com\/es\/covid-19-tendencias-moda\/\" \/>\n<meta property=\"og:site_name\" content=\"Sustainable Fashion - Eco Design - Healthy Lifestyle - Luxiders Magazine\" \/>\n<meta property=\"article:published_time\" content=\"2020-04-03T13:42:00+00:00\" \/>\n<meta property=\"article:modified_time\" content=\"2023-02-03T15:05:11+00:00\" \/>\n<meta property=\"og:image\" content=\"https:\/\/luxiders.com\/content\/uploads\/T_Intro.jpg\" \/>\n\t<meta property=\"og:image:width\" content=\"1330\" \/>\n\t<meta property=\"og:image:height\" content=\"748\" \/>\n\t<meta property=\"og:image:type\" content=\"image\/jpeg\" \/>\n<meta name=\"author\" content=\"luxiders\" \/>\n<meta name=\"twitter:card\" content=\"summary_large_image\" \/>\n<meta name=\"twitter:label1\" content=\"Written by\" \/>\n\t<meta name=\"twitter:data1\" content=\"luxiders\" \/>\n<script type=\"application\/ld+json\" class=\"yoast-schema-graph\">{\"@context\":\"https:\/\/schema.org\",\"@graph\":[{\"@type\":\"Article\",\"@id\":\"https:\/\/luxiders.com\/es\/covid-19-tendencias-moda\/#article\",\"isPartOf\":{\"@id\":\"https:\/\/luxiders.com\/es\/covid-19-tendencias-moda\/\"},\"author\":{\"name\":\"luxiders\",\"@id\":\"https:\/\/luxiders.com\/es\/#\/schema\/person\/8632fa702ae2ce98f66c396254633de8\"},\"headline\":\"\u00bfC\u00f3mo afectar\u00e1 el Covid-19 a las tendencias de moda futuras?\",\"datePublished\":\"2020-04-03T13:42:00+00:00\",\"dateModified\":\"2023-02-03T15:05:11+00:00\",\"mainEntityOfPage\":{\"@id\":\"https:\/\/luxiders.com\/es\/covid-19-tendencias-moda\/\"},\"wordCount\":11,\"publisher\":{\"@id\":\"https:\/\/luxiders.com\/es\/#organization\"},\"image\":{\"@id\":\"https:\/\/luxiders.com\/es\/covid-19-tendencias-moda\/#primaryimage\"},\"thumbnailUrl\":\"https:\/\/luxiders.com\/content\/uploads\/T_Intro.jpg\",\"keywords\":[\"c\u00f3mo afectar\u00e1 el Covid-19 a las tendencias de moda\",\"covid 19 fashion trends\",\"face masks\",\"sustainable fashion\",\"tendencias de moda\"],\"articleSection\":[\"Sustainable Trends\"],\"inLanguage\":\"es-ES\"},{\"@type\":\"WebPage\",\"@id\":\"https:\/\/luxiders.com\/es\/covid-19-tendencias-moda\/\",\"url\":\"https:\/\/luxiders.com\/es\/covid-19-tendencias-moda\/\",\"name\":\"\u00bfC\u00f3mo afectar\u00e1 el Covid-19 a las tendencias de moda futuras? | Luxiders\",\"isPartOf\":{\"@id\":\"https:\/\/luxiders.com\/es\/#website\"},\"primaryImageOfPage\":{\"@id\":\"https:\/\/luxiders.com\/es\/covid-19-tendencias-moda\/#primaryimage\"},\"image\":{\"@id\":\"https:\/\/luxiders.com\/es\/covid-19-tendencias-moda\/#primaryimage\"},\"thumbnailUrl\":\"https:\/\/luxiders.com\/content\/uploads\/T_Intro.jpg\",\"datePublished\":\"2020-04-03T13:42:00+00:00\",\"dateModified\":\"2023-02-03T15:05:11+00:00\",\"description\":\"\u00bfC\u00f3mo se desarrollar\u00e1n las tendencias de moda tras el bloqueo #stayhome provocado por la expansi\u00f3n del Covid-19? \u00bfQu\u00e9 pasar\u00e1 con la moda cuando la pandemia quede atr\u00e1s? Con p\u00e1ginas de Instagram dedicadas a la ropa para trabajar desde casa (ver: @wfhfits) y una creciente popularidad de hashtags como...\",\"breadcrumb\":{\"@id\":\"https:\/\/luxiders.com\/es\/covid-19-tendencias-moda\/#breadcrumb\"},\"inLanguage\":\"es-ES\",\"potentialAction\":[{\"@type\":\"ReadAction\",\"target\":[\"https:\/\/luxiders.com\/es\/covid-19-tendencias-moda\/\"]}]},{\"@type\":\"ImageObject\",\"inLanguage\":\"es-ES\",\"@id\":\"https:\/\/luxiders.com\/es\/covid-19-tendencias-moda\/#primaryimage\",\"url\":\"https:\/\/luxiders.com\/content\/uploads\/T_Intro.jpg\",\"contentUrl\":\"https:\/\/luxiders.com\/content\/uploads\/T_Intro.jpg\",\"width\":1330,\"height\":748},{\"@type\":\"BreadcrumbList\",\"@id\":\"https:\/\/luxiders.com\/es\/covid-19-tendencias-moda\/#breadcrumb\",\"itemListElement\":[{\"@type\":\"ListItem\",\"position\":1,\"name\":\"Startseite\",\"item\":\"https:\/\/luxiders.com\/es\/\"},{\"@type\":\"ListItem\",\"position\":2,\"name\":\"Sustainable Trends\",\"item\":\"https:\/\/luxiders.com\/es\/category\/sustainable-trends-es\/\"},{\"@type\":\"ListItem\",\"position\":3,\"name\":\"\u00bfC\u00f3mo afectar\u00e1 el Covid-19 a las tendencias de moda futuras?\"}]},{\"@type\":\"WebSite\",\"@id\":\"https:\/\/luxiders.com\/es\/#website\",\"url\":\"https:\/\/luxiders.com\/es\/\",\"name\":\"Sustainable Fashion - Eco Design - Healthy Lifestyle - Luxiders Magazine\",\"description\":\"Luxiders is a sustainable luxury magazine highlighting the best stories about sustainable fashion, ethical fashion, eco-friendly design, green design, sustainable travel, natural beauty, organic beauty and healthy lifestyle. Know the best high-end, progressive and luxury sustainable brands and designers worldwide.\",\"publisher\":{\"@id\":\"https:\/\/luxiders.com\/es\/#organization\"},\"potentialAction\":[{\"@type\":\"SearchAction\",\"target\":{\"@type\":\"EntryPoint\",\"urlTemplate\":\"https:\/\/luxiders.com\/es\/?s={search_term_string}\"},\"query-input\":{\"@type\":\"PropertyValueSpecification\",\"valueRequired\":true,\"valueName\":\"search_term_string\"}}],\"inLanguage\":\"es-ES\"},{\"@type\":\"Organization\",\"@id\":\"https:\/\/luxiders.com\/es\/#organization\",\"name\":\"Sustainable Fashion - Eco Design - Healthy Lifestyle - Luxiders Magazine\",\"url\":\"https:\/\/luxiders.com\/es\/\",\"logo\":{\"@type\":\"ImageObject\",\"inLanguage\":\"es-ES\",\"@id\":\"https:\/\/luxiders.com\/es\/#\/schema\/logo\/image\/\",\"url\":\"https:\/\/luxiders.com\/content\/uploads\/lux-logo.svg\",\"contentUrl\":\"https:\/\/luxiders.com\/content\/uploads\/lux-logo.svg\",\"caption\":\"Sustainable Fashion - Eco Design - Healthy Lifestyle - Luxiders Magazine\"},\"image\":{\"@id\":\"https:\/\/luxiders.com\/es\/#\/schema\/logo\/image\/\"}},{\"@type\":\"Person\",\"@id\":\"https:\/\/luxiders.com\/es\/#\/schema\/person\/8632fa702ae2ce98f66c396254633de8\",\"name\":\"luxiders\",\"url\":\"https:\/\/luxiders.com\/es\/author\/luxiders\/\"}]}<\/script>","yoast_head_json":{"title":"\u00bfC\u00f3mo afectar\u00e1 el Covid-19 a las tendencias de moda futuras? | Luxiders","description":"\u00bfC\u00f3mo se desarrollar\u00e1n las tendencias de moda tras el bloqueo #stayhome provocado por la expansi\u00f3n del Covid-19? \u00bfQu\u00e9 pasar\u00e1 con la moda cuando la pandemia quede atr\u00e1s? Con p\u00e1ginas de Instagram dedicadas a la ropa para trabajar desde casa (ver: @wfhfits) y una creciente popularidad de hashtags como...","robots":{"index":"index","follow":"follow","max-snippet":"max-snippet:-1","max-image-preview":"max-image-preview:large","max-video-preview":"max-video-preview:-1"},"canonical":"https:\/\/luxiders.com\/es\/covid-19-tendencias-moda\/","og_locale":"es_ES","og_type":"article","og_title":"\u00bfC\u00f3mo afectar\u00e1 el Covid-19 a las tendencias de moda futuras? | Luxiders","og_description":"\u00bfC\u00f3mo se desarrollar\u00e1n las tendencias de moda tras el bloqueo #stayhome provocado por la expansi\u00f3n del Covid-19? \u00bfQu\u00e9 pasar\u00e1 con la moda cuando la pandemia quede atr\u00e1s? Con p\u00e1ginas de Instagram dedicadas a la ropa para trabajar desde casa (ver: @wfhfits) y una creciente popularidad de hashtags como...","og_url":"https:\/\/luxiders.com\/es\/covid-19-tendencias-moda\/","og_site_name":"Sustainable Fashion - Eco Design - Healthy Lifestyle - Luxiders Magazine","article_published_time":"2020-04-03T13:42:00+00:00","article_modified_time":"2023-02-03T15:05:11+00:00","og_image":[{"width":1330,"height":748,"url":"https:\/\/luxiders.com\/content\/uploads\/T_Intro.jpg","type":"image\/jpeg"}],"author":"luxiders","twitter_card":"summary_large_image","twitter_misc":{"Written by":"luxiders"},"schema":{"@context":"https:\/\/schema.org","@graph":[{"@type":"Article","@id":"https:\/\/luxiders.com\/es\/covid-19-tendencias-moda\/#article","isPartOf":{"@id":"https:\/\/luxiders.com\/es\/covid-19-tendencias-moda\/"},"author":{"name":"luxiders","@id":"https:\/\/luxiders.com\/es\/#\/schema\/person\/8632fa702ae2ce98f66c396254633de8"},"headline":"\u00bfC\u00f3mo afectar\u00e1 el Covid-19 a las tendencias de moda futuras?","datePublished":"2020-04-03T13:42:00+00:00","dateModified":"2023-02-03T15:05:11+00:00","mainEntityOfPage":{"@id":"https:\/\/luxiders.com\/es\/covid-19-tendencias-moda\/"},"wordCount":11,"publisher":{"@id":"https:\/\/luxiders.com\/es\/#organization"},"image":{"@id":"https:\/\/luxiders.com\/es\/covid-19-tendencias-moda\/#primaryimage"},"thumbnailUrl":"https:\/\/luxiders.com\/content\/uploads\/T_Intro.jpg","keywords":["c\u00f3mo afectar\u00e1 el Covid-19 a las tendencias de moda","covid 19 fashion trends","face masks","sustainable fashion","tendencias de moda"],"articleSection":["Sustainable Trends"],"inLanguage":"es-ES"},{"@type":"WebPage","@id":"https:\/\/luxiders.com\/es\/covid-19-tendencias-moda\/","url":"https:\/\/luxiders.com\/es\/covid-19-tendencias-moda\/","name":"\u00bfC\u00f3mo afectar\u00e1 el Covid-19 a las tendencias de moda futuras? | Luxiders","isPartOf":{"@id":"https:\/\/luxiders.com\/es\/#website"},"primaryImageOfPage":{"@id":"https:\/\/luxiders.com\/es\/covid-19-tendencias-moda\/#primaryimage"},"image":{"@id":"https:\/\/luxiders.com\/es\/covid-19-tendencias-moda\/#primaryimage"},"thumbnailUrl":"https:\/\/luxiders.com\/content\/uploads\/T_Intro.jpg","datePublished":"2020-04-03T13:42:00+00:00","dateModified":"2023-02-03T15:05:11+00:00","description":"\u00bfC\u00f3mo se desarrollar\u00e1n las tendencias de moda tras el bloqueo #stayhome provocado por la expansi\u00f3n del Covid-19? \u00bfQu\u00e9 pasar\u00e1 con la moda cuando la pandemia quede atr\u00e1s? Con p\u00e1ginas de Instagram dedicadas a la ropa para trabajar desde casa (ver: @wfhfits) y una creciente popularidad de hashtags como...","breadcrumb":{"@id":"https:\/\/luxiders.com\/es\/covid-19-tendencias-moda\/#breadcrumb"},"inLanguage":"es-ES","potentialAction":[{"@type":"ReadAction","target":["https:\/\/luxiders.com\/es\/covid-19-tendencias-moda\/"]}]},{"@type":"ImageObject","inLanguage":"es-ES","@id":"https:\/\/luxiders.com\/es\/covid-19-tendencias-moda\/#primaryimage","url":"https:\/\/luxiders.com\/content\/uploads\/T_Intro.jpg","contentUrl":"https:\/\/luxiders.com\/content\/uploads\/T_Intro.jpg","width":1330,"height":748},{"@type":"BreadcrumbList","@id":"https:\/\/luxiders.com\/es\/covid-19-tendencias-moda\/#breadcrumb","itemListElement":[{"@type":"ListItem","position":1,"name":"Startseite","item":"https:\/\/luxiders.com\/es\/"},{"@type":"ListItem","position":2,"name":"Sustainable Trends","item":"https:\/\/luxiders.com\/es\/category\/sustainable-trends-es\/"},{"@type":"ListItem","position":3,"name":"\u00bfC\u00f3mo afectar\u00e1 el Covid-19 a las tendencias de moda futuras?"}]},{"@type":"WebSite","@id":"https:\/\/luxiders.com\/es\/#website","url":"https:\/\/luxiders.com\/es\/","name":"Sustainable Fashion - Eco Design - Healthy Lifestyle - Luxiders Magazine","description":"Luxiders is a sustainable luxury magazine highlighting the best stories about sustainable fashion, ethical fashion, eco-friendly design, green design, sustainable travel, natural beauty, organic beauty and healthy lifestyle. Know the best high-end, progressive and luxury sustainable brands and designers worldwide.","publisher":{"@id":"https:\/\/luxiders.com\/es\/#organization"},"potentialAction":[{"@type":"SearchAction","target":{"@type":"EntryPoint","urlTemplate":"https:\/\/luxiders.com\/es\/?s={search_term_string}"},"query-input":{"@type":"PropertyValueSpecification","valueRequired":true,"valueName":"search_term_string"}}],"inLanguage":"es-ES"},{"@type":"Organization","@id":"https:\/\/luxiders.com\/es\/#organization","name":"Sustainable Fashion - Eco Design - Healthy Lifestyle - Luxiders Magazine","url":"https:\/\/luxiders.com\/es\/","logo":{"@type":"ImageObject","inLanguage":"es-ES","@id":"https:\/\/luxiders.com\/es\/#\/schema\/logo\/image\/","url":"https:\/\/luxiders.com\/content\/uploads\/lux-logo.svg","contentUrl":"https:\/\/luxiders.com\/content\/uploads\/lux-logo.svg","caption":"Sustainable Fashion - Eco Design - Healthy Lifestyle - Luxiders Magazine"},"image":{"@id":"https:\/\/luxiders.com\/es\/#\/schema\/logo\/image\/"}},{"@type":"Person","@id":"https:\/\/luxiders.com\/es\/#\/schema\/person\/8632fa702ae2ce98f66c396254633de8","name":"luxiders","url":"https:\/\/luxiders.com\/es\/author\/luxiders\/"}]}},"_links":{"self":[{"href":"https:\/\/luxiders.com\/es\/wp-json\/wp\/v2\/posts\/13331","targetHints":{"allow":["GET"]}}],"collection":[{"href":"https:\/\/luxiders.com\/es\/wp-json\/wp\/v2\/posts"}],"about":[{"href":"https:\/\/luxiders.com\/es\/wp-json\/wp\/v2\/types\/post"}],"author":[{"embeddable":true,"href":"https:\/\/luxiders.com\/es\/wp-json\/wp\/v2\/users\/2"}],"replies":[{"embeddable":true,"href":"https:\/\/luxiders.com\/es\/wp-json\/wp\/v2\/comments?post=13331"}],"version-history":[{"count":3,"href":"https:\/\/luxiders.com\/es\/wp-json\/wp\/v2\/posts\/13331\/revisions"}],"predecessor-version":[{"id":13364,"href":"https:\/\/luxiders.com\/es\/wp-json\/wp\/v2\/posts\/13331\/revisions\/13364"}],"wp:featuredmedia":[{"embeddable":true,"href":"https:\/\/luxiders.com\/es\/wp-json\/wp\/v2\/media\/13349"}],"wp:attachment":[{"href":"https:\/\/luxiders.com\/es\/wp-json\/wp\/v2\/media?parent=13331"}],"wp:term":[{"taxonomy":"category","embeddable":true,"href":"https:\/\/luxiders.com\/es\/wp-json\/wp\/v2\/categories?post=13331"},{"taxonomy":"post_tag","embeddable":true,"href":"https:\/\/luxiders.com\/es\/wp-json\/wp\/v2\/tags?post=13331"}],"curies":[{"name":"wp","href":"https:\/\/api.w.org\/{rel}","templated":true}]}}