{"id":13614,"date":"2023-02-07T14:18:05","date_gmt":"2023-02-07T13:18:05","guid":{"rendered":"http:\/\/luxiders.com.w01cc729.kasserver.com\/?p=13614"},"modified":"2023-02-07T14:39:37","modified_gmt":"2023-02-07T13:39:37","slug":"isabel-marant-es-pionera-en-la-moda-circular-con-su-nueva-plataforma-de-segunda-mano","status":"publish","type":"post","link":"https:\/\/luxiders.com\/es\/isabel-marant-es-pionera-en-la-moda-circular-con-su-nueva-plataforma-de-segunda-mano\/","title":{"rendered":"Isabel Marant es pionera en la moda circular con su nueva plataforma de segunda mano"},"content":{"rendered":"    <section id=\"textblock-block_8a41426ab14680cd5dc36766619c0bd0\" class=\"section position-relative gp-block gp-textblock pt-0 pb-0\">\n        <div class=\"container\">\n            <div class=\"row g-0\">\n                <div class=\"col-lg-12 content\" data-aos=\"fade-in\" data-aos-duration=\"1000\">\n                                                                                    <div class=\"intro \">\n                            <p style=\"text-align: center;\"><em>La marca de lujo francesa ha revelado sus planes de lanzar un sitio web de reventa de art\u00edculos vintage, ofreciendo restaurar los art\u00edculos usados para que, en lugar de acumular polvo en el fondo del armario o, peor a\u00fan, llegar al vertedero, puedan ser amados de nuevo.<\/em><\/p>\n                        <\/div>\n                                                                                                <\/div>\n            <\/div>\n        <\/div>\n    <\/section>\n    \n\n    <section id=\"newsletter-block_85c917ea8e816b068b69a31f4d75284e\" class=\"section position-relative gp-block gp-newsletter pt-0 pb-0 my-5\">\n        <div class=\"container\">\n            <div class=\"row g-0 pt-4 pb-3\">\n                <div class=\"col-lg-12 content text-center border pt-3\" data-aos=\"fade-in\" data-aos-duration=\"1000\">\n                                            <p><em>Para recibir el Newsletter de Luxiders Magazine,\u00a0<a href=\"https:\/\/landing.mailerlite.com\/webforms\/landing\/w2a1t0\" target=\"_blank\" rel=\"noopener\">suscr\u00edbete aqu\u00ed<\/a><\/em><\/p>\n                                    <\/div>\n            <\/div>\n        <\/div>\n    <\/section>\n    \n\n    <section id=\"media-block_07107be0b88c5b4a6a0b81744b3a860e\" class=\"section position-relative gp-block gp-media pt-0 pb-0\">\n        <div class=\"container\">\n            <div class=\"row g-0\">\n                <div class=\"col-lg-12 content\" data-aos=\"fade-in\" data-aos-duration=\"1000\">\n                                        <p>&nbsp;<\/p>\n<p style=\"text-align: left;\">Al regenerar la vida \u00fatil de sus prendas despu\u00e9s de la venta y la temporada, <a href=\"https:\/\/luxiders.com\/category\/isabel-marant\/\" target=\"_blank\" rel=\"noopener noreferrer\">Isabel Marant<\/a> da un paso radical hacia la sostenibilidad. Junto con las colecciones de todo el a\u00f1o, la plataforma ofrecer\u00e1 a los consumidores la oportunidad de ahorrar algo de dinero, salvar el medio ambiente y descubrir piezas vintage \u00fanicas.<\/p>\n<p>&nbsp;<\/p>\n                                    <\/div>\n            <\/div>\n            <div class=\"row g-0\">\n                <div class=\"col-lg-12 img-scaled\">\n                                                                                                                                                <figure class=\"mb-4 pt-lg-2 mb-lg-2 ps-lg-2 pe-lg-2\" data-aos=\"fade-up\" data-aos-duration=\"1000\"><div class=\"img-container\"><img loading=\"lazy\" decoding=\"async\" width=\"640\" height=\"960\" src=\"https:\/\/luxiders.com\/content\/uploads\/isabel_fw21_048.jpg\" class=\"img-fluid w-100\" alt=\"\" srcset=\"https:\/\/luxiders.com\/content\/uploads\/isabel_fw21_048.jpg 640w, https:\/\/luxiders.com\/content\/uploads\/isabel_fw21_048-200x300.jpg 200w\" sizes=\"(max-width: 640px) 100vw, 640px\" \/><\/div><figcaption>Isabel Marant AW21<\/figcaption><\/figure>                                                                                            <\/div>\n                                            <\/div>\n        <\/div>\n    <\/section>\n    \n\n    <section id=\"textblock-block_342498e01e3eb9266653e6a6d3f13515\" class=\"section position-relative gp-block gp-textblock pt-0 pb-0\">\n        <div class=\"container\">\n            <div class=\"row g-0\">\n                <div class=\"col-lg-12 content\" data-aos=\"fade-in\" data-aos-duration=\"1000\">\n                                                                                <h2><\/h2>\n<h2>C\u00d3MO FUNCIONA<\/h2>\n<p>La plataforma ofrece a los clientes la oportunidad de donar art\u00edculos de Isabel Marant ya usados a cambio de cr\u00e9dito de la marca. Los art\u00edculos se evaluar\u00e1n por su valor, se reparar\u00e1n si es necesario y se revender\u00e1n en la plataforma. Adem\u00e1s, la plataforma acoger\u00e1 prendas y accesorios &#8220;fuera de temporada&#8221; o &#8220;stock no utilizado&#8221;.<\/p>\n<p>Este modelo circular va a contracorriente de la industria de la moda, amenazando con alterar la r\u00edgida estacionalidad de las tendencias y las prendas.<\/p>\n                                            <div class=\"highlighted mt-5 mt-lg-6 px-lg-5\">\n                            <p style=\"text-align: center;\"><em>&#8220;El mercado de segunda mano est\u00e1 en auge, y las marcas est\u00e1n entrando en \u00e9l&#8230; Con la reventa superando el crecimiento del sector de la moda en general, las marcas deben considerar sus opciones&#8221; Cathleen Chen, citada por ThredUp<\/em><\/p>\n                        <\/div>\n                                                        <\/div>\n            <\/div>\n        <\/div>\n    <\/section>\n    \n\n    <section id=\"textblock-block_af7db44319ced4d4f2c21da0d57d3e57\" class=\"section position-relative gp-block gp-textblock pt-0 pb-0\">\n        <div class=\"container\">\n            <div class=\"row g-0\">\n                <div class=\"col-lg-12 content\" data-aos=\"fade-in\" data-aos-duration=\"1000\">\n                                                                                <p>&nbsp;<\/p>\n<p>Luxe Digital revel\u00f3 que <a href=\"https:\/\/luxe.digital\/business\/digital-luxury-reports\/luxury-resale-transformation\/\" target=\"_blank\" rel=\"noopener noreferrer\">el mercado del lujo de segunda mano est\u00e1 creciendo cuatro veces m\u00e1s r\u00e1pido que el mercado del lujo primario<\/a>; y se ha predicho que <a href=\"https:\/\/luxiders.com\/secondhand-will-be-bigger-than-fast-fashion-by-2029\/\" target=\"_blank\" rel=\"noopener noreferrer\">la moda de segunda mano ser\u00e1 incluso m\u00e1s popular que la moda r\u00e1pida para 2029.\u00a0<\/a><\/p>\n<p>Por tanto, para marcas de moda de lujo como Marant, invertir en el potencial de segunda mano de sus prendas es de vital importancia tanto para obtener beneficios como para atraer a consumidores cada vez m\u00e1s conscientes de su huella en la ropa. Adem\u00e1s, Marant propuso que su nueva plataforma vintage donara una parte de los ingresos a apoyar la educaci\u00f3n y la artesan\u00eda de las mujeres ind\u00edgenas a trav\u00e9s del Isabel Marant Endowment Fund.<\/p>\n<p>Un paso as\u00ed es monumental para el sector del lujo: al crear una conversaci\u00f3n en torno a la reventa y la circularidad y dar ejemplo de c\u00f3mo pueden funcionar, Marant es pionera en un cambio progresivo que favorece el dise\u00f1o atemporal y la longevidad frente a la moda de usar y tirar. Parece que Marant podr\u00eda estar contribuyendo a sentar las bases de un sector de la moda de lujo radicalmente reimaginado&#8230; le recomendamos que est\u00e9 atento a m\u00e1s iniciativas de moda circular, en un futuro no muy lejano.<\/p>\n<p>&nbsp;<\/p>\n<p>&nbsp;<\/p>\n<p>&nbsp;<\/p>\n<p><img loading=\"lazy\" decoding=\"async\" class=\"alignleft\" src=\"https:\/\/luxiders.com\/wp-content\/uploads\/2021\/06\/niamh-profile.png\" alt=\"niamh-profile\" width=\"129\" height=\"129\" \/><\/p>\n<p><em><strong>\u00a0+\u00a0 Words: Niamh Heron, Luxiders Magazine\u00a0<\/strong><\/em><\/p>\n<p><em>BA Journalism and Media Graduate, based in Leeds, UK<\/em><\/p>\n<p><em>Connect with her through Instagram @niamh.heron or Linkedin<\/em><\/p>\n<p>&nbsp;<\/p>\n<p>&nbsp;<\/p>\n                                                        <\/div>\n            <\/div>\n        <\/div>\n    <\/section>\n    ","protected":false},"excerpt":{"rendered":"","protected":false},"author":2,"featured_media":13662,"comment_status":"closed","ping_status":"closed","sticky":false,"template":"","format":"standard","meta":{"_acf_changed":false,"footnotes":""},"categories":[3],"tags":[],"class_list":{"0":"post-13614","1":"post","2":"type-post","3":"status-publish","4":"format-standard","5":"has-post-thumbnail","7":"category-sin-categorizar"},"acf":[],"yoast_head":"<title>Isabel Marant pionera en moda circular con plataforma de segunda mano<\/title>\n<meta name=\"description\" content=\"Isabel Marant ha revelado sus planes de lanzar un sitio web de reventa de moda de lujo de segunda mano que ofrece la restauraci\u00f3n de art\u00edculos usados.\" \/>\n<meta name=\"robots\" content=\"index, follow, max-snippet:-1, max-image-preview:large, max-video-preview:-1\" \/>\n<link rel=\"canonical\" href=\"https:\/\/luxiders.com\/es\/isabel-marant-es-pionera-en-la-moda-circular-con-su-nueva-plataforma-de-segunda-mano\/\" \/>\n<meta property=\"og:locale\" content=\"es_ES\" \/>\n<meta property=\"og:type\" content=\"article\" \/>\n<meta property=\"og:title\" content=\"Isabel Marant pionera en moda circular con plataforma de segunda mano\" \/>\n<meta property=\"og:description\" content=\"Isabel Marant ha revelado sus planes de lanzar un sitio web de reventa de moda de lujo de segunda mano que ofrece la restauraci\u00f3n de art\u00edculos usados.\" \/>\n<meta property=\"og:url\" content=\"https:\/\/luxiders.com\/es\/isabel-marant-es-pionera-en-la-moda-circular-con-su-nueva-plataforma-de-segunda-mano\/\" \/>\n<meta property=\"og:site_name\" content=\"Sustainable Fashion - Eco Design - Healthy Lifestyle - Luxiders Magazine\" \/>\n<meta property=\"article:published_time\" content=\"2023-02-07T13:18:05+00:00\" \/>\n<meta property=\"article:modified_time\" content=\"2023-02-07T13:39:37+00:00\" \/>\n<meta property=\"og:image\" content=\"https:\/\/luxiders.com\/content\/uploads\/isabel_fw21_010-2.jpg\" \/>\n\t<meta property=\"og:image:width\" content=\"1900\" \/>\n\t<meta property=\"og:image:height\" content=\"1969\" \/>\n\t<meta property=\"og:image:type\" content=\"image\/jpeg\" \/>\n<meta name=\"author\" content=\"luxiders\" \/>\n<meta name=\"twitter:card\" content=\"summary_large_image\" \/>\n<meta name=\"twitter:label1\" content=\"Written by\" \/>\n\t<meta name=\"twitter:data1\" content=\"luxiders\" \/>\n<script type=\"application\/ld+json\" class=\"yoast-schema-graph\">{\"@context\":\"https:\/\/schema.org\",\"@graph\":[{\"@type\":\"Article\",\"@id\":\"https:\/\/luxiders.com\/es\/isabel-marant-es-pionera-en-la-moda-circular-con-su-nueva-plataforma-de-segunda-mano\/#article\",\"isPartOf\":{\"@id\":\"https:\/\/luxiders.com\/es\/isabel-marant-es-pionera-en-la-moda-circular-con-su-nueva-plataforma-de-segunda-mano\/\"},\"author\":{\"name\":\"luxiders\",\"@id\":\"https:\/\/luxiders.com\/es\/#\/schema\/person\/8632fa702ae2ce98f66c396254633de8\"},\"headline\":\"Isabel Marant es pionera en la moda circular con su nueva plataforma de segunda mano\",\"datePublished\":\"2023-02-07T13:18:05+00:00\",\"dateModified\":\"2023-02-07T13:39:37+00:00\",\"mainEntityOfPage\":{\"@id\":\"https:\/\/luxiders.com\/es\/isabel-marant-es-pionera-en-la-moda-circular-con-su-nueva-plataforma-de-segunda-mano\/\"},\"wordCount\":15,\"publisher\":{\"@id\":\"https:\/\/luxiders.com\/es\/#organization\"},\"image\":{\"@id\":\"https:\/\/luxiders.com\/es\/isabel-marant-es-pionera-en-la-moda-circular-con-su-nueva-plataforma-de-segunda-mano\/#primaryimage\"},\"thumbnailUrl\":\"https:\/\/luxiders.com\/content\/uploads\/isabel_fw21_010-2.jpg\",\"articleSection\":[\"Sin categorizar\"],\"inLanguage\":\"es-ES\"},{\"@type\":\"WebPage\",\"@id\":\"https:\/\/luxiders.com\/es\/isabel-marant-es-pionera-en-la-moda-circular-con-su-nueva-plataforma-de-segunda-mano\/\",\"url\":\"https:\/\/luxiders.com\/es\/isabel-marant-es-pionera-en-la-moda-circular-con-su-nueva-plataforma-de-segunda-mano\/\",\"name\":\"Isabel Marant pionera en moda circular con plataforma de segunda mano\",\"isPartOf\":{\"@id\":\"https:\/\/luxiders.com\/es\/#website\"},\"primaryImageOfPage\":{\"@id\":\"https:\/\/luxiders.com\/es\/isabel-marant-es-pionera-en-la-moda-circular-con-su-nueva-plataforma-de-segunda-mano\/#primaryimage\"},\"image\":{\"@id\":\"https:\/\/luxiders.com\/es\/isabel-marant-es-pionera-en-la-moda-circular-con-su-nueva-plataforma-de-segunda-mano\/#primaryimage\"},\"thumbnailUrl\":\"https:\/\/luxiders.com\/content\/uploads\/isabel_fw21_010-2.jpg\",\"datePublished\":\"2023-02-07T13:18:05+00:00\",\"dateModified\":\"2023-02-07T13:39:37+00:00\",\"description\":\"Isabel Marant ha revelado sus planes de lanzar un sitio web de reventa de moda de lujo de segunda mano que ofrece la restauraci\u00f3n de art\u00edculos usados.\",\"breadcrumb\":{\"@id\":\"https:\/\/luxiders.com\/es\/isabel-marant-es-pionera-en-la-moda-circular-con-su-nueva-plataforma-de-segunda-mano\/#breadcrumb\"},\"inLanguage\":\"es-ES\",\"potentialAction\":[{\"@type\":\"ReadAction\",\"target\":[\"https:\/\/luxiders.com\/es\/isabel-marant-es-pionera-en-la-moda-circular-con-su-nueva-plataforma-de-segunda-mano\/\"]}]},{\"@type\":\"ImageObject\",\"inLanguage\":\"es-ES\",\"@id\":\"https:\/\/luxiders.com\/es\/isabel-marant-es-pionera-en-la-moda-circular-con-su-nueva-plataforma-de-segunda-mano\/#primaryimage\",\"url\":\"https:\/\/luxiders.com\/content\/uploads\/isabel_fw21_010-2.jpg\",\"contentUrl\":\"https:\/\/luxiders.com\/content\/uploads\/isabel_fw21_010-2.jpg\",\"width\":1900,\"height\":1969},{\"@type\":\"BreadcrumbList\",\"@id\":\"https:\/\/luxiders.com\/es\/isabel-marant-es-pionera-en-la-moda-circular-con-su-nueva-plataforma-de-segunda-mano\/#breadcrumb\",\"itemListElement\":[{\"@type\":\"ListItem\",\"position\":1,\"name\":\"Startseite\",\"item\":\"https:\/\/luxiders.com\/es\/\"},{\"@type\":\"ListItem\",\"position\":2,\"name\":\"Sin categorizar\",\"item\":\"https:\/\/luxiders.com\/es\/category\/sin-categorizar\/\"},{\"@type\":\"ListItem\",\"position\":3,\"name\":\"Isabel Marant es pionera en la moda circular con su nueva plataforma de segunda mano\"}]},{\"@type\":\"WebSite\",\"@id\":\"https:\/\/luxiders.com\/es\/#website\",\"url\":\"https:\/\/luxiders.com\/es\/\",\"name\":\"Sustainable Fashion - Eco Design - Healthy Lifestyle - Luxiders Magazine\",\"description\":\"Luxiders is a sustainable luxury magazine highlighting the best stories about sustainable fashion, ethical fashion, eco-friendly design, green design, sustainable travel, natural beauty, organic beauty and healthy lifestyle. Know the best high-end, progressive and luxury sustainable brands and designers worldwide.\",\"publisher\":{\"@id\":\"https:\/\/luxiders.com\/es\/#organization\"},\"potentialAction\":[{\"@type\":\"SearchAction\",\"target\":{\"@type\":\"EntryPoint\",\"urlTemplate\":\"https:\/\/luxiders.com\/es\/?s={search_term_string}\"},\"query-input\":{\"@type\":\"PropertyValueSpecification\",\"valueRequired\":true,\"valueName\":\"search_term_string\"}}],\"inLanguage\":\"es-ES\"},{\"@type\":\"Organization\",\"@id\":\"https:\/\/luxiders.com\/es\/#organization\",\"name\":\"Sustainable Fashion - Eco Design - Healthy Lifestyle - Luxiders Magazine\",\"url\":\"https:\/\/luxiders.com\/es\/\",\"logo\":{\"@type\":\"ImageObject\",\"inLanguage\":\"es-ES\",\"@id\":\"https:\/\/luxiders.com\/es\/#\/schema\/logo\/image\/\",\"url\":\"https:\/\/luxiders.com\/content\/uploads\/lux-logo.svg\",\"contentUrl\":\"https:\/\/luxiders.com\/content\/uploads\/lux-logo.svg\",\"caption\":\"Sustainable Fashion - Eco Design - Healthy Lifestyle - Luxiders Magazine\"},\"image\":{\"@id\":\"https:\/\/luxiders.com\/es\/#\/schema\/logo\/image\/\"}},{\"@type\":\"Person\",\"@id\":\"https:\/\/luxiders.com\/es\/#\/schema\/person\/8632fa702ae2ce98f66c396254633de8\",\"name\":\"luxiders\",\"url\":\"https:\/\/luxiders.com\/es\/author\/luxiders\/\"}]}<\/script>","yoast_head_json":{"title":"Isabel Marant pionera en moda circular con plataforma de segunda mano","description":"Isabel Marant ha revelado sus planes de lanzar un sitio web de reventa de moda de lujo de segunda mano que ofrece la restauraci\u00f3n de art\u00edculos usados.","robots":{"index":"index","follow":"follow","max-snippet":"max-snippet:-1","max-image-preview":"max-image-preview:large","max-video-preview":"max-video-preview:-1"},"canonical":"https:\/\/luxiders.com\/es\/isabel-marant-es-pionera-en-la-moda-circular-con-su-nueva-plataforma-de-segunda-mano\/","og_locale":"es_ES","og_type":"article","og_title":"Isabel Marant pionera en moda circular con plataforma de segunda mano","og_description":"Isabel Marant ha revelado sus planes de lanzar un sitio web de reventa de moda de lujo de segunda mano que ofrece la restauraci\u00f3n de art\u00edculos usados.","og_url":"https:\/\/luxiders.com\/es\/isabel-marant-es-pionera-en-la-moda-circular-con-su-nueva-plataforma-de-segunda-mano\/","og_site_name":"Sustainable Fashion - Eco Design - Healthy Lifestyle - Luxiders Magazine","article_published_time":"2023-02-07T13:18:05+00:00","article_modified_time":"2023-02-07T13:39:37+00:00","og_image":[{"width":1900,"height":1969,"url":"https:\/\/luxiders.com\/content\/uploads\/isabel_fw21_010-2.jpg","type":"image\/jpeg"}],"author":"luxiders","twitter_card":"summary_large_image","twitter_misc":{"Written by":"luxiders"},"schema":{"@context":"https:\/\/schema.org","@graph":[{"@type":"Article","@id":"https:\/\/luxiders.com\/es\/isabel-marant-es-pionera-en-la-moda-circular-con-su-nueva-plataforma-de-segunda-mano\/#article","isPartOf":{"@id":"https:\/\/luxiders.com\/es\/isabel-marant-es-pionera-en-la-moda-circular-con-su-nueva-plataforma-de-segunda-mano\/"},"author":{"name":"luxiders","@id":"https:\/\/luxiders.com\/es\/#\/schema\/person\/8632fa702ae2ce98f66c396254633de8"},"headline":"Isabel Marant es pionera en la moda circular con su nueva plataforma de segunda mano","datePublished":"2023-02-07T13:18:05+00:00","dateModified":"2023-02-07T13:39:37+00:00","mainEntityOfPage":{"@id":"https:\/\/luxiders.com\/es\/isabel-marant-es-pionera-en-la-moda-circular-con-su-nueva-plataforma-de-segunda-mano\/"},"wordCount":15,"publisher":{"@id":"https:\/\/luxiders.com\/es\/#organization"},"image":{"@id":"https:\/\/luxiders.com\/es\/isabel-marant-es-pionera-en-la-moda-circular-con-su-nueva-plataforma-de-segunda-mano\/#primaryimage"},"thumbnailUrl":"https:\/\/luxiders.com\/content\/uploads\/isabel_fw21_010-2.jpg","articleSection":["Sin categorizar"],"inLanguage":"es-ES"},{"@type":"WebPage","@id":"https:\/\/luxiders.com\/es\/isabel-marant-es-pionera-en-la-moda-circular-con-su-nueva-plataforma-de-segunda-mano\/","url":"https:\/\/luxiders.com\/es\/isabel-marant-es-pionera-en-la-moda-circular-con-su-nueva-plataforma-de-segunda-mano\/","name":"Isabel Marant pionera en moda circular con plataforma de segunda mano","isPartOf":{"@id":"https:\/\/luxiders.com\/es\/#website"},"primaryImageOfPage":{"@id":"https:\/\/luxiders.com\/es\/isabel-marant-es-pionera-en-la-moda-circular-con-su-nueva-plataforma-de-segunda-mano\/#primaryimage"},"image":{"@id":"https:\/\/luxiders.com\/es\/isabel-marant-es-pionera-en-la-moda-circular-con-su-nueva-plataforma-de-segunda-mano\/#primaryimage"},"thumbnailUrl":"https:\/\/luxiders.com\/content\/uploads\/isabel_fw21_010-2.jpg","datePublished":"2023-02-07T13:18:05+00:00","dateModified":"2023-02-07T13:39:37+00:00","description":"Isabel Marant ha revelado sus planes de lanzar un sitio web de reventa de moda de lujo de segunda mano que ofrece la restauraci\u00f3n de art\u00edculos usados.","breadcrumb":{"@id":"https:\/\/luxiders.com\/es\/isabel-marant-es-pionera-en-la-moda-circular-con-su-nueva-plataforma-de-segunda-mano\/#breadcrumb"},"inLanguage":"es-ES","potentialAction":[{"@type":"ReadAction","target":["https:\/\/luxiders.com\/es\/isabel-marant-es-pionera-en-la-moda-circular-con-su-nueva-plataforma-de-segunda-mano\/"]}]},{"@type":"ImageObject","inLanguage":"es-ES","@id":"https:\/\/luxiders.com\/es\/isabel-marant-es-pionera-en-la-moda-circular-con-su-nueva-plataforma-de-segunda-mano\/#primaryimage","url":"https:\/\/luxiders.com\/content\/uploads\/isabel_fw21_010-2.jpg","contentUrl":"https:\/\/luxiders.com\/content\/uploads\/isabel_fw21_010-2.jpg","width":1900,"height":1969},{"@type":"BreadcrumbList","@id":"https:\/\/luxiders.com\/es\/isabel-marant-es-pionera-en-la-moda-circular-con-su-nueva-plataforma-de-segunda-mano\/#breadcrumb","itemListElement":[{"@type":"ListItem","position":1,"name":"Startseite","item":"https:\/\/luxiders.com\/es\/"},{"@type":"ListItem","position":2,"name":"Sin categorizar","item":"https:\/\/luxiders.com\/es\/category\/sin-categorizar\/"},{"@type":"ListItem","position":3,"name":"Isabel Marant es pionera en la moda circular con su nueva plataforma de segunda mano"}]},{"@type":"WebSite","@id":"https:\/\/luxiders.com\/es\/#website","url":"https:\/\/luxiders.com\/es\/","name":"Sustainable Fashion - Eco Design - Healthy Lifestyle - Luxiders Magazine","description":"Luxiders is a sustainable luxury magazine highlighting the best stories about sustainable fashion, ethical fashion, eco-friendly design, green design, sustainable travel, natural beauty, organic beauty and healthy lifestyle. Know the best high-end, progressive and luxury sustainable brands and designers worldwide.","publisher":{"@id":"https:\/\/luxiders.com\/es\/#organization"},"potentialAction":[{"@type":"SearchAction","target":{"@type":"EntryPoint","urlTemplate":"https:\/\/luxiders.com\/es\/?s={search_term_string}"},"query-input":{"@type":"PropertyValueSpecification","valueRequired":true,"valueName":"search_term_string"}}],"inLanguage":"es-ES"},{"@type":"Organization","@id":"https:\/\/luxiders.com\/es\/#organization","name":"Sustainable Fashion - Eco Design - Healthy Lifestyle - Luxiders Magazine","url":"https:\/\/luxiders.com\/es\/","logo":{"@type":"ImageObject","inLanguage":"es-ES","@id":"https:\/\/luxiders.com\/es\/#\/schema\/logo\/image\/","url":"https:\/\/luxiders.com\/content\/uploads\/lux-logo.svg","contentUrl":"https:\/\/luxiders.com\/content\/uploads\/lux-logo.svg","caption":"Sustainable Fashion - Eco Design - Healthy Lifestyle - Luxiders Magazine"},"image":{"@id":"https:\/\/luxiders.com\/es\/#\/schema\/logo\/image\/"}},{"@type":"Person","@id":"https:\/\/luxiders.com\/es\/#\/schema\/person\/8632fa702ae2ce98f66c396254633de8","name":"luxiders","url":"https:\/\/luxiders.com\/es\/author\/luxiders\/"}]}},"_links":{"self":[{"href":"https:\/\/luxiders.com\/es\/wp-json\/wp\/v2\/posts\/13614","targetHints":{"allow":["GET"]}}],"collection":[{"href":"https:\/\/luxiders.com\/es\/wp-json\/wp\/v2\/posts"}],"about":[{"href":"https:\/\/luxiders.com\/es\/wp-json\/wp\/v2\/types\/post"}],"author":[{"embeddable":true,"href":"https:\/\/luxiders.com\/es\/wp-json\/wp\/v2\/users\/2"}],"replies":[{"embeddable":true,"href":"https:\/\/luxiders.com\/es\/wp-json\/wp\/v2\/comments?post=13614"}],"version-history":[{"count":2,"href":"https:\/\/luxiders.com\/es\/wp-json\/wp\/v2\/posts\/13614\/revisions"}],"predecessor-version":[{"id":13674,"href":"https:\/\/luxiders.com\/es\/wp-json\/wp\/v2\/posts\/13614\/revisions\/13674"}],"wp:featuredmedia":[{"embeddable":true,"href":"https:\/\/luxiders.com\/es\/wp-json\/wp\/v2\/media\/13662"}],"wp:attachment":[{"href":"https:\/\/luxiders.com\/es\/wp-json\/wp\/v2\/media?parent=13614"}],"wp:term":[{"taxonomy":"category","embeddable":true,"href":"https:\/\/luxiders.com\/es\/wp-json\/wp\/v2\/categories?post=13614"},{"taxonomy":"post_tag","embeddable":true,"href":"https:\/\/luxiders.com\/es\/wp-json\/wp\/v2\/tags?post=13614"}],"curies":[{"name":"wp","href":"https:\/\/api.w.org\/{rel}","templated":true}]}}