{"id":14041,"date":"2018-10-19T19:32:00","date_gmt":"2018-10-19T17:32:00","guid":{"rendered":"http:\/\/luxiders.com.w01cc729.kasserver.com\/portugal-re-thinking-fashion\/"},"modified":"2023-02-09T17:57:03","modified_gmt":"2023-02-09T16:57:03","slug":"moda-sostenible-portugal","status":"publish","type":"post","link":"https:\/\/luxiders.com\/es\/moda-sostenible-portugal\/","title":{"rendered":"Portugal, repensando la moda"},"content":{"rendered":"    <section id=\"textblock-block_762ecfd4d82206e2c3f53efdbbe32718\" class=\"section position-relative gp-block gp-textblock pt-0 pb-0\">\n        <div class=\"container\">\n            <div class=\"row g-0\">\n                <div class=\"col-lg-12 content\" data-aos=\"fade-in\" data-aos-duration=\"1000\">\n                                                                                    <div class=\"intro \">\n                            <p style=\"text-align: center;\">Cada seis meses viajamos a la Semana de la Moda de Oporto para tomar el pulso a sus sue\u00f1os sostenibles. Nuestra cita es en Modtissimo, el evento textil y de la moda m\u00e1s importante de Portugal. Esta vez, nos sorprendi\u00f3 el compromiso sostenible mostrado en el espect\u00e1culo. \u00a1Bienvenidos a Green Circle!<\/p>\n                        <\/div>\n                                                                                                <\/div>\n            <\/div>\n        <\/div>\n    <\/section>\n    \n\n    <section id=\"newsletter-block_74d565130f63c5a772fd0681d44bf027\" class=\"section position-relative gp-block gp-newsletter pt-0 pb-0 my-5\">\n        <div class=\"container\">\n            <div class=\"row g-0 pt-4 pb-3\">\n                <div class=\"col-lg-12 content text-center border pt-3\" data-aos=\"fade-in\" data-aos-duration=\"1000\">\n                                            <p><em>Para recibir el Newsletter de Luxiders Magazine,\u00a0<a href=\"https:\/\/landing.mailerlite.com\/webforms\/landing\/w2a1t0\" target=\"_blank\" rel=\"noopener\">suscr\u00edbete aqu\u00ed<\/a><\/em><\/p>\n                                    <\/div>\n            <\/div>\n        <\/div>\n    <\/section>\n    \n\n    <section id=\"media-block_b9712a26800eeac46041c1ddd3c29607\" class=\"section position-relative gp-block gp-media pt-0 pb-0\">\n        <div class=\"container\">\n            <div class=\"row g-0\">\n                <div class=\"col-lg-12 content\" data-aos=\"fade-in\" data-aos-duration=\"1000\">\n                                        <p>&nbsp;<\/p>\n<p>Durante dos d\u00edas, la vitalidad y la energ\u00eda del sector de la moda portuguesa se expusieron en Modtissimo. El evento fue visitado por m\u00e1s de 500 compradores internacionales y profesionales de la moda. Cerca de la entrada, el espacio Green Circle se convirti\u00f3 en el centro de atenci\u00f3n, con muchas compa\u00f1\u00edas que mostraban lo bien que est\u00e1n preparadas para la econom\u00eda circular. Con una galer\u00eda de prendas dise\u00f1adas por dise\u00f1adores de moda portugueses, la exposici\u00f3n llam\u00f3 la atenci\u00f3n de todos con su exuberancia, en una clara demostraci\u00f3n de que la moda ecol\u00f3gica est\u00e1 sucediendo ya.<\/p>\n<p><strong>\u00a0<\/strong><\/p>\n<h1>Green Circle: un romance de moda<\/h1>\n<p>Por primera vez, Modtissimo expon\u00eda Green Circle, una instalaci\u00f3n de moda art\u00edstica impulsada por Selectiva Moda gracias a la asociaci\u00f3n establecida entre iTechstyle Showcase y Manifeso Moda. &#8220;Es un primer paso para expresar el nuevo orden de la sostenibilidad, el conocimiento local y la alta calidad de los fabricantes textiles portugueses&#8221; &#8211; dec\u00edan el texto introductorio.<\/p>\n<p>Green Circle quiere hacer eco no solo de las preocupaciones alarmantes sobre el actual status quo del sistema de moda sino tambi\u00e9n, y en oposici\u00f3n, de los esfuerzos que actualmente realizan algunos de los principales fabricantes textiles portugueses, poniendo la sostenibilidad en el centro de sus decisiones. Esa fue la parte textil de la exposici\u00f3n. La parte dedicada a la moda en s\u00ed, por su parte, se centr\u00f3 en una instalaci\u00f3n art\u00edstica: un grupo de reconocidos dise\u00f1adores portugueses fue invitado a interactuar con algunas empresas de textiles sostenibles y brindar una generosa visi\u00f3n de la moda sostenible.<\/p>\n<p>&#8220;Pedimos a algunos de los mejores jugadores de la moda portuguesa que pensaran bajo el paraguas de los procesos \u00a0y las soluciones de dise\u00f1o sostenibles, y nos sedujeran con un nuevo lujo (&#8230;) Lo que se ve aqu\u00ed es un ejemplo extraordinario de c\u00f3mo, juntos, podemos luchar por un futuro mejor sin perder el placer de ser creadores de sue\u00f1os \u201d, declar\u00f3 durante el evento Paulo Gomes, fundador de Manifesto Moda.<\/p>\n<p>&nbsp;<\/p>\n                                    <\/div>\n            <\/div>\n            <div class=\"row g-0\">\n                <div class=\"col-lg-12 img-scaled\">\n                                    <\/div>\n                                            <\/div>\n        <\/div>\n    <\/section>\n    \n\n    <section id=\"media-block_6fdc923966854e035e44b50b31bb6522\" class=\"section position-relative gp-block gp-media pt-0 pb-0\">\n        <div class=\"container\">\n            <div class=\"row g-0\">\n                <div class=\"col-lg-12 content\" data-aos=\"fade-in\" data-aos-duration=\"1000\">\n                                        <p>&nbsp;<\/p>\n<p>Dentro de Green Circle nos gustar\u00eda subrayar los dise\u00f1os de Story Tailors, Alexandra Moura, Nuno Baltazar y Alves \/ Gon\u00e7alves. Story Tailors dise\u00f1\u00f3 un abrigo rompecabezas (con piezas numeradas que puedes construir por ti mismo) hecho con una lana portuguesa \u00fanica, llamada Burel. Es lana de oveja bio 100%, Burel tiene extraordinarias funcionalidades inteligentes.<\/p>\n<p>Alexandra Moura hizo una gabardina especial con detalles hechos a mano llenos de sorpresas. El motivo es este hilado de algod\u00f3n \/ corcho fabricado por Texteis Penedo con desechos de corcho en polvo, aumenta la resistencia del tejido a los microorganismos, adem\u00e1s de ser decorativo, y recupera una materia prima natural (el corcho) que de otro modo no se valorar\u00eda.<\/p>\n<p>Nuno Baltazar dise\u00f1\u00f3 un vestido de alta costura hecho por Tenowa, de Riopele. Se trata de un tejido hecho de residuos generados a partir de la industria textil. En \u00e9l destacan las materias primas v\u00edrgenes, y el ahorro de agua y energ\u00eda. Tenowa apuesta por la econom\u00eda circular, reciclando y reutilizando sobrantes textiles.<\/p>\n<p>Alves \/ Gon\u00e7alves dise\u00f1\u00f3 una camisa de vestir rom\u00e1ntica de Demi, un tejido sostenible desarrollado por Somelos. Es una mezcla de algod\u00f3n de fibra larga realizada con la fibra de las rosas (una viscosa extra\u00edda de rosas) que se caracteriza por su lujoso tacto y drapeado, que le da un aspecto sedoso y brillante.<\/p>\n<h1>TAP&#8217;s Upcycling competition<\/h1>\n<p>Green Circle no fue el \u00fanico escenario sostenible de la feria. Al final del segundo d\u00eda, Modtissimo cerr\u00f3 sus puertas con la entrega de los premios de su concurso TAP&#8217;s Upcycling, en el que se desafi\u00f3 a los j\u00f3venes dise\u00f1adores a crear nuevas prendas utilizando los cinturones y las telas de los asientos de los antiguos aviones. Tatiana Ribeiro, una estudiante de ESAD, fue la ganadora, al presentar un chaleco multifuncional que se puede convertir en una mochila.<\/p>\n<p>\u00a1Qu\u00e9 creativo puede ser el lado sostenible de la moda! \u00a1Es realmente interesante, s\u00ed! Pero, la moda sostenible debe incluir un modelo de negocio y tiene que ser comercial. \u00a1Y eso ya est\u00e1 sucediendo en Portugal! Algunas marcas y dise\u00f1adores portugueses de moda sostenible ya est\u00e1n vendiendo sus colecciones en todo el mundo. Producen localmente y se nutren de las t\u00e9cnicas artesanales tradicionales y la artesan\u00eda de su pa\u00eds natal. La mayor\u00eda de ellos tambi\u00e9n est\u00e1n agregando telas ecol\u00f3gicas a sus colecciones. Misci, Hibu, Reality Studio, Cora\u00e7ao Alecrim, Marita Moreno, Toino Abel, P\u00e9 de Chumbo, Katty Xiomara, Roselyn Silva o Nazareth Collection son algunas de ellas. \u00a1Y lo est\u00e1n haciendo muy bien!<\/p>\n<p>&nbsp;<\/p>\n                                    <\/div>\n            <\/div>\n            <div class=\"row g-0\">\n                <div class=\"col-lg-12 img-scaled\">\n                                                                                                                                                <figure class=\"mb-4 pt-lg-2 mb-lg-2 ps-lg-2 pe-lg-2\" data-aos=\"fade-up\" data-aos-duration=\"1000\"><div class=\"img-container\"><img loading=\"lazy\" decoding=\"async\" width=\"1200\" height=\"1600\" src=\"https:\/\/luxiders.com\/content\/uploads\/Portugal_Green3.jpg\" class=\"img-fluid w-100\" alt=\"\" srcset=\"https:\/\/luxiders.com\/content\/uploads\/Portugal_Green3.jpg 1200w, https:\/\/luxiders.com\/content\/uploads\/Portugal_Green3-225x300.jpg 225w, https:\/\/luxiders.com\/content\/uploads\/Portugal_Green3-768x1024.jpg 768w, https:\/\/luxiders.com\/content\/uploads\/Portugal_Green3-1152x1536.jpg 1152w\" sizes=\"(max-width: 1200px) 100vw, 1200px\" \/><\/div><\/figure>                                                                                            <\/div>\n                                            <\/div>\n        <\/div>\n    <\/section>\n    \n\n    <section id=\"textblock-block_c0b68098462c59f5632e6934845bf1ba\" class=\"section position-relative gp-block gp-textblock pt-0 pb-0\">\n        <div class=\"container\">\n            <div class=\"row g-0\">\n                <div class=\"col-lg-12 content\" data-aos=\"fade-in\" data-aos-duration=\"1000\">\n                                                                                <h1><\/h1>\n<h1>Pensando en Moda Sostenible<\/h1>\n<p>Como Paulo Vaz, Director General de la ATP (Asociaci\u00f3n de Textiles y Confecciones de Portugal); y Manuel Serrao, Director de Modtissimo y Presidente de Selectiva Moda, nos aseguraron durante el evento, los eventos de moda de Portugal siempre tendr\u00e1n en mente la moda sostenible. \u201cLa innovaci\u00f3n tecnol\u00f3gica, el dise\u00f1o (creatividad) y la sostenibilidad son nuestro principal enfoque ahora\u201d, declar\u00f3 Paulo Vaz durante la conferencia de prensa que tuvo lugar durante Modtissimo. &#8220;No es solo un compromiso con el planeta y con las nuevas generaciones, tambi\u00e9n es una estrategia para diferenciarnos de la oferta de moda que proviene de otros pa\u00edses. \u00bfC\u00f3mo combinar tecnolog\u00eda con sostenibilidad? Es el tercer pilar de nuestro futuro y, en nuestro caso, se basa en la autenticidad\u201d.<\/p>\n<p>&#8220;Cambiamos de una competencia basada en precio a una competencia basada en el valor&#8221;, subray\u00f3, &#8220;Queremos obtener ganancias de este segmento, obtener una mejor margen y mejores mercados. Suecia, Finlandia, Noruega, EEUU &#8230;, incluso Brasil &#8230; incluso en los pa\u00edses emergentes&#8230;Tenemos que demostrar que somos realmente sostenibles. Porque es la verdad. Por eso, Green Circle tiene que crecer en el futuro. En cuatro o cinco a\u00f1os, la moda sostenible ser\u00e1 uno de nuestros grandes mercados&#8221;, declar\u00f3 Vaz a Luxiders Magazine.<\/p>\n<p>Manuel Serrao agreg\u00f3: \u201cLa mayor apuesta que hemos hecho en esta edici\u00f3n es Green Circle. No es secreto que se trata de una de las nuevas macro-tendencias. Hay muchas empresas que est\u00e1n invirtiendo en esta \u00e1rea. Aqu\u00ed, en Portugal, tenemos muchos productos de muchas compa\u00f1\u00edas, por ejemplo, muchas compa\u00f1\u00edas est\u00e1n ofreciendo productos reciclados. No es algo nuevo, es algo que no se sab\u00eda hasta ahora. Es muy importante demostrar que hay muchas empresas de moda en Portugal trabajando en esto\u201d.<\/p>\n<p>\u201cEl a\u00f1o que viene queremos presentar esta plataforma en algunas ferias en el extranjero, en Alemania y en Italia. Vamos a participar en Neonyt Berlin, por ejemplo. Es muy importante que los dise\u00f1adores portugueses posicionen su propia marca en el extranjero, por eso tenemos que apostar por las exposiciones colectivas &#8220;- declaraba Serrao.<\/p>\n<p>+ info: <a href=\"http:\/\/www.modtissimo.com\/\" target=\"_blank\" rel=\"noopener\"><strong>Modtissimo<\/strong><\/a><\/p>\n<h2><\/h2>\n                                                        <\/div>\n            <\/div>\n        <\/div>\n    <\/section>\n    ","protected":false},"excerpt":{"rendered":"","protected":false},"author":2,"featured_media":0,"comment_status":"closed","ping_status":"closed","sticky":false,"template":"","format":"standard","meta":{"_acf_changed":false,"footnotes":""},"categories":[130],"tags":[2411,144,2412,193],"class_list":{"0":"post-14041","1":"post","2":"type-post","3":"status-publish","4":"format-standard","6":"category-moda-sostenible-lujo","7":"tag-eco-fashion-portugal-es","8":"tag-ethical-fashion-es","9":"tag-green-circle-es","10":"tag-sustainable-fashion-es"},"acf":[],"yoast_head":"<title>Portugal, repensando la moda - Moda Sostenible - Luxiders Magazine<\/title>\n<meta name=\"description\" content=\"Cada seis meses viajamos a la Semana de la Moda de Oporto para tomar el pulso a sus sue\u00f1os sostenibles. Nuestra cita es en Modtissimo, el evento textil y de la moda m\u00e1s importante de Portugal. Esta vez, nos sorprendi\u00f3 el compromiso sostenible mostrado en el espect\u00e1culo. \u00a1Bienvenidos a Green Circle!\" \/>\n<meta name=\"robots\" content=\"index, follow, max-snippet:-1, max-image-preview:large, max-video-preview:-1\" \/>\n<link rel=\"canonical\" href=\"https:\/\/luxiders.com\/es\/moda-sostenible-portugal\/\" \/>\n<meta property=\"og:locale\" content=\"es_ES\" \/>\n<meta property=\"og:type\" content=\"article\" \/>\n<meta property=\"og:title\" content=\"Portugal, repensando la moda - Moda Sostenible - Luxiders Magazine\" \/>\n<meta property=\"og:description\" content=\"Cada seis meses viajamos a la Semana de la Moda de Oporto para tomar el pulso a sus sue\u00f1os sostenibles. Nuestra cita es en Modtissimo, el evento textil y de la moda m\u00e1s importante de Portugal. Esta vez, nos sorprendi\u00f3 el compromiso sostenible mostrado en el espect\u00e1culo. \u00a1Bienvenidos a Green Circle!\" \/>\n<meta property=\"og:url\" content=\"https:\/\/luxiders.com\/es\/moda-sostenible-portugal\/\" \/>\n<meta property=\"og:site_name\" content=\"Sustainable Fashion - Eco Design - Healthy Lifestyle - Luxiders Magazine\" \/>\n<meta property=\"article:published_time\" content=\"2018-10-19T17:32:00+00:00\" \/>\n<meta property=\"article:modified_time\" content=\"2023-02-09T16:57:03+00:00\" \/>\n<meta name=\"author\" content=\"luxiders\" \/>\n<meta name=\"twitter:card\" content=\"summary_large_image\" \/>\n<meta name=\"twitter:label1\" content=\"Written by\" \/>\n\t<meta name=\"twitter:data1\" content=\"luxiders\" \/>\n<script type=\"application\/ld+json\" class=\"yoast-schema-graph\">{\"@context\":\"https:\/\/schema.org\",\"@graph\":[{\"@type\":\"Article\",\"@id\":\"https:\/\/luxiders.com\/es\/moda-sostenible-portugal\/#article\",\"isPartOf\":{\"@id\":\"https:\/\/luxiders.com\/es\/moda-sostenible-portugal\/\"},\"author\":{\"name\":\"luxiders\",\"@id\":\"https:\/\/luxiders.com\/es\/#\/schema\/person\/8632fa702ae2ce98f66c396254633de8\"},\"headline\":\"Portugal, repensando la moda\",\"datePublished\":\"2018-10-19T17:32:00+00:00\",\"dateModified\":\"2023-02-09T16:57:03+00:00\",\"mainEntityOfPage\":{\"@id\":\"https:\/\/luxiders.com\/es\/moda-sostenible-portugal\/\"},\"wordCount\":4,\"publisher\":{\"@id\":\"https:\/\/luxiders.com\/es\/#organization\"},\"keywords\":[\"eco fashion portugal\",\"ethical fashion\",\"green circle\",\"sustainable fashion\"],\"articleSection\":[\"Moda\"],\"inLanguage\":\"es-ES\"},{\"@type\":\"WebPage\",\"@id\":\"https:\/\/luxiders.com\/es\/moda-sostenible-portugal\/\",\"url\":\"https:\/\/luxiders.com\/es\/moda-sostenible-portugal\/\",\"name\":\"Portugal, repensando la moda - Moda Sostenible - Luxiders Magazine\",\"isPartOf\":{\"@id\":\"https:\/\/luxiders.com\/es\/#website\"},\"datePublished\":\"2018-10-19T17:32:00+00:00\",\"dateModified\":\"2023-02-09T16:57:03+00:00\",\"description\":\"Cada seis meses viajamos a la Semana de la Moda de Oporto para tomar el pulso a sus sue\u00f1os sostenibles. Nuestra cita es en Modtissimo, el evento textil y de la moda m\u00e1s importante de Portugal. Esta vez, nos sorprendi\u00f3 el compromiso sostenible mostrado en el espect\u00e1culo. \u00a1Bienvenidos a Green Circle!\",\"breadcrumb\":{\"@id\":\"https:\/\/luxiders.com\/es\/moda-sostenible-portugal\/#breadcrumb\"},\"inLanguage\":\"es-ES\",\"potentialAction\":[{\"@type\":\"ReadAction\",\"target\":[\"https:\/\/luxiders.com\/es\/moda-sostenible-portugal\/\"]}]},{\"@type\":\"BreadcrumbList\",\"@id\":\"https:\/\/luxiders.com\/es\/moda-sostenible-portugal\/#breadcrumb\",\"itemListElement\":[{\"@type\":\"ListItem\",\"position\":1,\"name\":\"Startseite\",\"item\":\"https:\/\/luxiders.com\/es\/\"},{\"@type\":\"ListItem\",\"position\":2,\"name\":\"Moda\",\"item\":\"https:\/\/luxiders.com\/es\/category\/moda-sostenible-lujo\/\"},{\"@type\":\"ListItem\",\"position\":3,\"name\":\"Portugal, repensando la moda\"}]},{\"@type\":\"WebSite\",\"@id\":\"https:\/\/luxiders.com\/es\/#website\",\"url\":\"https:\/\/luxiders.com\/es\/\",\"name\":\"Sustainable Fashion - Eco Design - Healthy Lifestyle - Luxiders Magazine\",\"description\":\"Luxiders is a sustainable luxury magazine highlighting the best stories about sustainable fashion, ethical fashion, eco-friendly design, green design, sustainable travel, natural beauty, organic beauty and healthy lifestyle. Know the best high-end, progressive and luxury sustainable brands and designers worldwide.\",\"publisher\":{\"@id\":\"https:\/\/luxiders.com\/es\/#organization\"},\"potentialAction\":[{\"@type\":\"SearchAction\",\"target\":{\"@type\":\"EntryPoint\",\"urlTemplate\":\"https:\/\/luxiders.com\/es\/?s={search_term_string}\"},\"query-input\":{\"@type\":\"PropertyValueSpecification\",\"valueRequired\":true,\"valueName\":\"search_term_string\"}}],\"inLanguage\":\"es-ES\"},{\"@type\":\"Organization\",\"@id\":\"https:\/\/luxiders.com\/es\/#organization\",\"name\":\"Sustainable Fashion - Eco Design - Healthy Lifestyle - Luxiders Magazine\",\"url\":\"https:\/\/luxiders.com\/es\/\",\"logo\":{\"@type\":\"ImageObject\",\"inLanguage\":\"es-ES\",\"@id\":\"https:\/\/luxiders.com\/es\/#\/schema\/logo\/image\/\",\"url\":\"https:\/\/luxiders.com\/content\/uploads\/lux-logo.svg\",\"contentUrl\":\"https:\/\/luxiders.com\/content\/uploads\/lux-logo.svg\",\"caption\":\"Sustainable Fashion - Eco Design - Healthy Lifestyle - Luxiders Magazine\"},\"image\":{\"@id\":\"https:\/\/luxiders.com\/es\/#\/schema\/logo\/image\/\"}},{\"@type\":\"Person\",\"@id\":\"https:\/\/luxiders.com\/es\/#\/schema\/person\/8632fa702ae2ce98f66c396254633de8\",\"name\":\"luxiders\",\"url\":\"https:\/\/luxiders.com\/es\/author\/luxiders\/\"}]}<\/script>","yoast_head_json":{"title":"Portugal, repensando la moda - Moda Sostenible - Luxiders Magazine","description":"Cada seis meses viajamos a la Semana de la Moda de Oporto para tomar el pulso a sus sue\u00f1os sostenibles. Nuestra cita es en Modtissimo, el evento textil y de la moda m\u00e1s importante de Portugal. Esta vez, nos sorprendi\u00f3 el compromiso sostenible mostrado en el espect\u00e1culo. \u00a1Bienvenidos a Green Circle!","robots":{"index":"index","follow":"follow","max-snippet":"max-snippet:-1","max-image-preview":"max-image-preview:large","max-video-preview":"max-video-preview:-1"},"canonical":"https:\/\/luxiders.com\/es\/moda-sostenible-portugal\/","og_locale":"es_ES","og_type":"article","og_title":"Portugal, repensando la moda - Moda Sostenible - Luxiders Magazine","og_description":"Cada seis meses viajamos a la Semana de la Moda de Oporto para tomar el pulso a sus sue\u00f1os sostenibles. Nuestra cita es en Modtissimo, el evento textil y de la moda m\u00e1s importante de Portugal. Esta vez, nos sorprendi\u00f3 el compromiso sostenible mostrado en el espect\u00e1culo. \u00a1Bienvenidos a Green Circle!","og_url":"https:\/\/luxiders.com\/es\/moda-sostenible-portugal\/","og_site_name":"Sustainable Fashion - Eco Design - Healthy Lifestyle - Luxiders Magazine","article_published_time":"2018-10-19T17:32:00+00:00","article_modified_time":"2023-02-09T16:57:03+00:00","author":"luxiders","twitter_card":"summary_large_image","twitter_misc":{"Written by":"luxiders"},"schema":{"@context":"https:\/\/schema.org","@graph":[{"@type":"Article","@id":"https:\/\/luxiders.com\/es\/moda-sostenible-portugal\/#article","isPartOf":{"@id":"https:\/\/luxiders.com\/es\/moda-sostenible-portugal\/"},"author":{"name":"luxiders","@id":"https:\/\/luxiders.com\/es\/#\/schema\/person\/8632fa702ae2ce98f66c396254633de8"},"headline":"Portugal, repensando la moda","datePublished":"2018-10-19T17:32:00+00:00","dateModified":"2023-02-09T16:57:03+00:00","mainEntityOfPage":{"@id":"https:\/\/luxiders.com\/es\/moda-sostenible-portugal\/"},"wordCount":4,"publisher":{"@id":"https:\/\/luxiders.com\/es\/#organization"},"keywords":["eco fashion portugal","ethical fashion","green circle","sustainable fashion"],"articleSection":["Moda"],"inLanguage":"es-ES"},{"@type":"WebPage","@id":"https:\/\/luxiders.com\/es\/moda-sostenible-portugal\/","url":"https:\/\/luxiders.com\/es\/moda-sostenible-portugal\/","name":"Portugal, repensando la moda - Moda Sostenible - Luxiders Magazine","isPartOf":{"@id":"https:\/\/luxiders.com\/es\/#website"},"datePublished":"2018-10-19T17:32:00+00:00","dateModified":"2023-02-09T16:57:03+00:00","description":"Cada seis meses viajamos a la Semana de la Moda de Oporto para tomar el pulso a sus sue\u00f1os sostenibles. Nuestra cita es en Modtissimo, el evento textil y de la moda m\u00e1s importante de Portugal. Esta vez, nos sorprendi\u00f3 el compromiso sostenible mostrado en el espect\u00e1culo. \u00a1Bienvenidos a Green Circle!","breadcrumb":{"@id":"https:\/\/luxiders.com\/es\/moda-sostenible-portugal\/#breadcrumb"},"inLanguage":"es-ES","potentialAction":[{"@type":"ReadAction","target":["https:\/\/luxiders.com\/es\/moda-sostenible-portugal\/"]}]},{"@type":"BreadcrumbList","@id":"https:\/\/luxiders.com\/es\/moda-sostenible-portugal\/#breadcrumb","itemListElement":[{"@type":"ListItem","position":1,"name":"Startseite","item":"https:\/\/luxiders.com\/es\/"},{"@type":"ListItem","position":2,"name":"Moda","item":"https:\/\/luxiders.com\/es\/category\/moda-sostenible-lujo\/"},{"@type":"ListItem","position":3,"name":"Portugal, repensando la moda"}]},{"@type":"WebSite","@id":"https:\/\/luxiders.com\/es\/#website","url":"https:\/\/luxiders.com\/es\/","name":"Sustainable Fashion - Eco Design - Healthy Lifestyle - Luxiders Magazine","description":"Luxiders is a sustainable luxury magazine highlighting the best stories about sustainable fashion, ethical fashion, eco-friendly design, green design, sustainable travel, natural beauty, organic beauty and healthy lifestyle. Know the best high-end, progressive and luxury sustainable brands and designers worldwide.","publisher":{"@id":"https:\/\/luxiders.com\/es\/#organization"},"potentialAction":[{"@type":"SearchAction","target":{"@type":"EntryPoint","urlTemplate":"https:\/\/luxiders.com\/es\/?s={search_term_string}"},"query-input":{"@type":"PropertyValueSpecification","valueRequired":true,"valueName":"search_term_string"}}],"inLanguage":"es-ES"},{"@type":"Organization","@id":"https:\/\/luxiders.com\/es\/#organization","name":"Sustainable Fashion - Eco Design - Healthy Lifestyle - Luxiders Magazine","url":"https:\/\/luxiders.com\/es\/","logo":{"@type":"ImageObject","inLanguage":"es-ES","@id":"https:\/\/luxiders.com\/es\/#\/schema\/logo\/image\/","url":"https:\/\/luxiders.com\/content\/uploads\/lux-logo.svg","contentUrl":"https:\/\/luxiders.com\/content\/uploads\/lux-logo.svg","caption":"Sustainable Fashion - Eco Design - Healthy Lifestyle - Luxiders Magazine"},"image":{"@id":"https:\/\/luxiders.com\/es\/#\/schema\/logo\/image\/"}},{"@type":"Person","@id":"https:\/\/luxiders.com\/es\/#\/schema\/person\/8632fa702ae2ce98f66c396254633de8","name":"luxiders","url":"https:\/\/luxiders.com\/es\/author\/luxiders\/"}]}},"_links":{"self":[{"href":"https:\/\/luxiders.com\/es\/wp-json\/wp\/v2\/posts\/14041","targetHints":{"allow":["GET"]}}],"collection":[{"href":"https:\/\/luxiders.com\/es\/wp-json\/wp\/v2\/posts"}],"about":[{"href":"https:\/\/luxiders.com\/es\/wp-json\/wp\/v2\/types\/post"}],"author":[{"embeddable":true,"href":"https:\/\/luxiders.com\/es\/wp-json\/wp\/v2\/users\/2"}],"replies":[{"embeddable":true,"href":"https:\/\/luxiders.com\/es\/wp-json\/wp\/v2\/comments?post=14041"}],"version-history":[{"count":2,"href":"https:\/\/luxiders.com\/es\/wp-json\/wp\/v2\/posts\/14041\/revisions"}],"predecessor-version":[{"id":14047,"href":"https:\/\/luxiders.com\/es\/wp-json\/wp\/v2\/posts\/14041\/revisions\/14047"}],"wp:attachment":[{"href":"https:\/\/luxiders.com\/es\/wp-json\/wp\/v2\/media?parent=14041"}],"wp:term":[{"taxonomy":"category","embeddable":true,"href":"https:\/\/luxiders.com\/es\/wp-json\/wp\/v2\/categories?post=14041"},{"taxonomy":"post_tag","embeddable":true,"href":"https:\/\/luxiders.com\/es\/wp-json\/wp\/v2\/tags?post=14041"}],"curies":[{"name":"wp","href":"https:\/\/api.w.org\/{rel}","templated":true}]}}