{"id":14331,"date":"2021-04-02T00:28:00","date_gmt":"2021-04-01T22:28:00","guid":{"rendered":"http:\/\/luxiders.com.w01cc729.kasserver.com\/karl-x-amber-valletta-sustainable-bags-collection\/"},"modified":"2023-02-13T17:14:24","modified_gmt":"2023-02-13T16:14:24","slug":"karl-x-amber-valleta-bolsos-sostenibles","status":"publish","type":"post","link":"https:\/\/luxiders.com\/es\/karl-x-amber-valleta-bolsos-sostenibles\/","title":{"rendered":"Karl x Amber Valletta | La colecci\u00f3n de bolsos sostenibles m\u00e1s deseada para la primavera de 2021"},"content":{"rendered":"    <section id=\"textblock-block_9d0b9206c8bb84be23a4683e3d358c7a\" class=\"section position-relative gp-block gp-textblock pt-0 pb-0\">\n        <div class=\"container\">\n            <div class=\"row g-0\">\n                <div class=\"col-lg-12 content\" data-aos=\"fade-in\" data-aos-duration=\"1000\">\n                                                                                    <div class=\"intro \">\n                            <p style=\"text-align: center;\"><em>La casa de moda KARL LAGERFELD ha colaborado con la modelo, actriz, activista y musa Amber Valletta para producir una colecci\u00f3n de accesorios eco-friendly para la temporada Primavera 2021.\u00a0<\/em><\/p>\n                        <\/div>\n                                                                                                <\/div>\n            <\/div>\n        <\/div>\n    <\/section>\n    \n\n    <section id=\"newsletter-block_f667aa2c24ff783734607c52ec924715\" class=\"section position-relative gp-block gp-newsletter pt-0 pb-0 my-5\">\n        <div class=\"container\">\n            <div class=\"row g-0 pt-4 pb-3\">\n                <div class=\"col-lg-12 content text-center border pt-3\" data-aos=\"fade-in\" data-aos-duration=\"1000\">\n                                            <p><em>Para recibir el Newsletter de Luxiders Magazine,\u00a0<a href=\"https:\/\/landing.mailerlite.com\/webforms\/landing\/w2a1t0\" target=\"_blank\" rel=\"noopener\">suscr\u00edbete aqu\u00ed<\/a><\/em><\/p>\n                                    <\/div>\n            <\/div>\n        <\/div>\n    <\/section>\n    \n\n    <section id=\"media-block_ffba600775ad2a410ff7ebc606bdaabe\" class=\"section position-relative gp-block gp-media pt-0 pb-0\">\n        <div class=\"container\">\n            <div class=\"row g-0\">\n                <div class=\"col-lg-12 content\" data-aos=\"fade-in\" data-aos-duration=\"1000\">\n                                        <p>&nbsp;<\/p>\n<p><a href=\"https:\/\/www.karl.com\/gb?tp=142220&amp;utm_campaign=867159&amp;utm_medium=affiliate&amp;utm_source=awin_de&amp;awc=11192_1619534828_a1f8f7c3109cfe358b9e4afff3d682c0\" target=\"_blank\" rel=\"noopener noreferrer\">KARL X AMBER VALLETTA<\/a> es la \u00faltima colecci\u00f3n que se une a la creciente l\u00ednea de ofertas sostenibles de la marca, demostrando un compromiso continuo con el uso de materiales conscientes en la creaci\u00f3n de algunos de los dise\u00f1os m\u00e1s ic\u00f3nicos de Karl Lagerfeld. En particular, el bolso K\/Kushion es la pieza central de la colecci\u00f3n. &#8220;El bolso K\/Kushion es un estilo tan vers\u00e1til, y me encanta que el nuestro est\u00e9 fabricado con materiales innovadores y respetuosos con el medio ambiente&#8221;, dijo Amber Valletta.<\/p>\n<p>&nbsp;<\/p>\n                                    <\/div>\n            <\/div>\n            <div class=\"row g-0\">\n                <div class=\"col-lg-12 img-scaled\">\n                                                                                                                                                <figure class=\"mb-4 pt-lg-2 mb-lg-2 ps-lg-2 pe-lg-2\" data-aos=\"fade-up\" data-aos-duration=\"1000\"><div class=\"img-container\"><img loading=\"lazy\" decoding=\"async\" width=\"1100\" height=\"707\" src=\"https:\/\/luxiders.com\/content\/uploads\/Karl-Amber-3-e1619510789953.jpg\" class=\"img-fluid w-100\" alt=\"\" srcset=\"https:\/\/luxiders.com\/content\/uploads\/Karl-Amber-3-e1619510789953.jpg 1100w, https:\/\/luxiders.com\/content\/uploads\/Karl-Amber-3-e1619510789953-300x193.jpg 300w, https:\/\/luxiders.com\/content\/uploads\/Karl-Amber-3-e1619510789953-768x494.jpg 768w, https:\/\/luxiders.com\/content\/uploads\/Karl-Amber-3-e1619510789953-1024x658.jpg 1024w\" sizes=\"(max-width: 1100px) 100vw, 1100px\" \/><\/div><\/figure>                                                                                                                                                            <figure class=\"mb-4 pt-lg-4 mb-lg-2 ps-lg-2 pe-lg-8\" data-aos=\"fade-up\" data-aos-duration=\"1000\"><div class=\"img-container\"><img loading=\"lazy\" decoding=\"async\" width=\"1500\" height=\"964\" src=\"https:\/\/luxiders.com\/content\/uploads\/Karl-Amber-2.jpg\" class=\"img-fluid w-100\" alt=\"\" srcset=\"https:\/\/luxiders.com\/content\/uploads\/Karl-Amber-2.jpg 1500w, https:\/\/luxiders.com\/content\/uploads\/Karl-Amber-2-300x193.jpg 300w, https:\/\/luxiders.com\/content\/uploads\/Karl-Amber-2-768x494.jpg 768w, https:\/\/luxiders.com\/content\/uploads\/Karl-Amber-2-1024x658.jpg 1024w\" sizes=\"(max-width: 1500px) 100vw, 1500px\" \/><\/div><\/figure>                                                                                                                                                            <figure class=\"mb-4 pt-lg-4 mb-lg-3 ps-lg-8 pe-lg-2\" data-aos=\"fade-up\" data-aos-duration=\"1000\"><div class=\"img-container\"><img loading=\"lazy\" decoding=\"async\" width=\"1000\" height=\"800\" src=\"https:\/\/luxiders.com\/content\/uploads\/Karl-Amber-Valetta-6-e1619511503761.jpg\" class=\"img-fluid w-100\" alt=\"\" srcset=\"https:\/\/luxiders.com\/content\/uploads\/Karl-Amber-Valetta-6-e1619511503761.jpg 1000w, https:\/\/luxiders.com\/content\/uploads\/Karl-Amber-Valetta-6-e1619511503761-300x240.jpg 300w, https:\/\/luxiders.com\/content\/uploads\/Karl-Amber-Valetta-6-e1619511503761-768x614.jpg 768w\" sizes=\"(max-width: 1000px) 100vw, 1000px\" \/><\/div><\/figure>                                                                                            <\/div>\n                                            <\/div>\n        <\/div>\n    <\/section>\n    \n\n    <section id=\"media-block_b19d79f5c836eed2d3a47680d323f223\" class=\"section position-relative gp-block gp-media pt-0 pb-0\">\n        <div class=\"container\">\n            <div class=\"row g-0\">\n                <div class=\"col-lg-12 content\" data-aos=\"fade-in\" data-aos-duration=\"1000\">\n                                        <div><\/div>\n<div><\/div>\n<div class=\"\">\n<p>Los bolsos K\/Kushion de <a href=\"https:\/\/www.karl.com\/gb?tp=142220&amp;utm_campaign=867159&amp;utm_medium=affiliate&amp;utm_source=awin_de&amp;awc=11192_1619534957_c0046d1f58771c7fe1b4a3973999aa2f\" target=\"_blank\" rel=\"noopener noreferrer\">KARL X AMBER VALLETTA<\/a> est\u00e1n disponibles en dos opciones de materiales ecol\u00f3gicos. La primera est\u00e1 fabricada con piel de cactus vegana, que no s\u00f3lo es de origen vegetal, sino tambi\u00e9n reciclable. El material se fabrica con un enorme ahorro de agua, ya que no es necesario regar el cultivo de cactus, que se cultiva sin herbicidas, pesticidas ni otros productos qu\u00edmicos potencialmente da\u00f1inos. La piel est\u00e1 te\u00f1ida con pigmentos org\u00e1nicos y se ofrece en dos combinaciones de colores, con dos texturas diferentes: un rico verde terroso con hermosos y suaves pliegues y un cl\u00e1sico negro en un acabado liso y elegante. Tambi\u00e9n hay una selecci\u00f3n de tarjeteros de piel de cactus para un perfil m\u00e1s bajo, pero que sigue siendo una opci\u00f3n elegante, funcional y atemporal.<\/p>\n<p>La colecci\u00f3n tambi\u00e9n utiliza algod\u00f3n reciclado para otra versi\u00f3n de su dise\u00f1o de bolso plegado, esta vez con una acogedora textura acolchada que tambi\u00e9n est\u00e1 disponible como bolsa de lavado. El tejido es reciclado en un 90% y est\u00e1 certificado por la Global Recycle Standard, una organizaci\u00f3n que establece los requisitos para la acreditaci\u00f3n por terceros del contenido reciclado. Completan las colecciones una botella de agua de acero inoxidable reutilizable y una mascarilla de algod\u00f3n reciclado, ambos pilares de un estilo de vida sostenible en 2021.<\/p>\n<\/div>\n<div><\/div>\n<div><\/div>\n                                    <\/div>\n            <\/div>\n            <div class=\"row g-0\">\n                <div class=\"col-lg-12 img-scaled\">\n                                                                                                                                                <figure class=\"mb-4 pt-lg-2 mb-lg-2 ps-lg-2 pe-lg-2\" data-aos=\"fade-up\" data-aos-duration=\"1000\"><div class=\"img-container\"><img loading=\"lazy\" decoding=\"async\" width=\"1200\" height=\"960\" src=\"https:\/\/luxiders.com\/content\/uploads\/Karl-Amber-Valetta-e1619511978584.jpg\" class=\"img-fluid w-100\" alt=\"\" srcset=\"https:\/\/luxiders.com\/content\/uploads\/Karl-Amber-Valetta-e1619511978584.jpg 1200w, https:\/\/luxiders.com\/content\/uploads\/Karl-Amber-Valetta-e1619511978584-300x240.jpg 300w, https:\/\/luxiders.com\/content\/uploads\/Karl-Amber-Valetta-e1619511978584-768x614.jpg 768w, https:\/\/luxiders.com\/content\/uploads\/Karl-Amber-Valetta-e1619511978584-1024x819.jpg 1024w\" sizes=\"(max-width: 1200px) 100vw, 1200px\" \/><\/div><\/figure>                                                                                            <\/div>\n                                            <\/div>\n        <\/div>\n    <\/section>\n    \n\n    <section id=\"media-block_4e758ad964fedd6734580f8d11191f82\" class=\"section position-relative gp-block gp-media pt-0 pb-0\">\n        <div class=\"container\">\n            <div class=\"row g-0\">\n                <div class=\"col-lg-12 content\" data-aos=\"fade-in\" data-aos-duration=\"1000\">\n                                                                        <h2 class=\"\"><br data-mce-bogus=\"1\">\n<\/h2>\n                                                                <p><br data-mce-bogus=\"1\"><\/p>\n                                    <\/div>\n            <\/div>\n            <div class=\"row g-0\">\n                <div class=\"col-lg-6 \">\n                                                                                                                                                <figure class=\"mb-4 pt-lg-2 mb-lg-5 ps-lg-4 pe-lg-2\" data-aos=\"fade-up\" data-aos-duration=\"1000\"><div class=\"img-container\"><img loading=\"lazy\" decoding=\"async\" width=\"1500\" height=\"964\" src=\"https:\/\/luxiders.com\/content\/uploads\/Karl-amber-valetta-1.jpg\" class=\"img-fluid w-100\" alt=\"\" srcset=\"https:\/\/luxiders.com\/content\/uploads\/Karl-amber-valetta-1.jpg 1500w, https:\/\/luxiders.com\/content\/uploads\/Karl-amber-valetta-1-300x193.jpg 300w, https:\/\/luxiders.com\/content\/uploads\/Karl-amber-valetta-1-768x494.jpg 768w, https:\/\/luxiders.com\/content\/uploads\/Karl-amber-valetta-1-1024x658.jpg 1024w\" sizes=\"(max-width: 1500px) 100vw, 1500px\" \/><\/div><\/figure>                                                                                            <\/div>\n                                    <div class=\"col-lg-6\">\n                                                                                                                                                        <figure class=\"mb-4 pt-lg-2 mb-lg-2 ps-lg-2 pe-lg-2\" data-aos=\"fade-up\" data-aos-duration=\"1000\"><div class=\"img-container\"><img loading=\"lazy\" decoding=\"async\" width=\"1200\" height=\"960\" src=\"https:\/\/luxiders.com\/content\/uploads\/Karl-Amber-Valetta-5-e1619512132554.jpg\" class=\"img-fluid w-100\" alt=\"\" srcset=\"https:\/\/luxiders.com\/content\/uploads\/Karl-Amber-Valetta-5-e1619512132554.jpg 1200w, https:\/\/luxiders.com\/content\/uploads\/Karl-Amber-Valetta-5-e1619512132554-300x240.jpg 300w, https:\/\/luxiders.com\/content\/uploads\/Karl-Amber-Valetta-5-e1619512132554-768x614.jpg 768w, https:\/\/luxiders.com\/content\/uploads\/Karl-Amber-Valetta-5-e1619512132554-1024x819.jpg 1024w\" sizes=\"(max-width: 1200px) 100vw, 1200px\" \/><\/div><\/figure>                                                                                                        <\/div>\n                                            <\/div>\n        <\/div>\n    <\/section>\n    \n\n    <section id=\"textblock-block_0933a8dc310ae935e4114e12107c2ef3\" class=\"section position-relative gp-block gp-textblock pt-0 pb-0\">\n        <div class=\"container\">\n            <div class=\"row g-0\">\n                <div class=\"col-lg-12 content\" data-aos=\"fade-in\" data-aos-duration=\"1000\">\n                                                                                <p>&nbsp;<\/p>\n<p>Pier Paolo Righi, director general de KARL LAGERFELD, ha declarado que est\u00e1 &#8220;muy ilusionado con la incorporaci\u00f3n de Amber como colaboradora en materia de sostenibilidad, para trabajar en un proyecto de este tipo y poder beneficiarse de sus grandes conocimientos y de nuestra pasi\u00f3n compartida por la sostenibilidad medioambiental.&#8221;<\/p>\n                                            <div class=\"highlighted mt-5 mt-lg-6 px-lg-5\">\n                            <p style=\"text-align: right;\"><em>&#8220;Ver que todo cobra vida es un gran logro y un honor, estoy convencido de que a Karl le habr\u00eda encantado&#8221;.<\/em><\/p>\n<p>&nbsp;<\/p>\n                        <\/div>\n                                                        <\/div>\n            <\/div>\n        <\/div>\n    <\/section>\n    \n\n    <section id=\"media-block_f4524e04f707c5313caaea5d8b75c8ab\" class=\"section position-relative gp-block gp-media pt-0 pb-0\">\n        <div class=\"container\">\n            <div class=\"row g-0\">\n                <div class=\"col-lg-12 content\" data-aos=\"fade-in\" data-aos-duration=\"1000\">\n                                        <p>&nbsp;<\/p>\n<p>La colaboraci\u00f3n se compromete a donar los beneficios generados por la venta de los K\/Kushions de KARL X AMBER VALLETTA a una organizaci\u00f3n ben\u00e9fica que apoye los objetivos del Pacto de la Moda, que KARL LAGERFELD firm\u00f3 en 2019 como parte de sus continuos esfuerzos por reducir su impacto medioambiental. El Pacto funciona como un compromiso de m\u00e1s de 60 marcas de moda globales para construir un futuro m\u00e1s sostenible para la moda en las \u00e1reas de clima, oc\u00e9anos y biodiversidad.<\/p>\n<p>&nbsp;<\/p>\n                                    <\/div>\n            <\/div>\n            <div class=\"row g-0\">\n                <div class=\"col-lg-6 \">\n                                                                                                                                                <figure class=\"mb-4 pt-lg-2 mb-lg-2 ps-lg-2 pe-lg-2\" data-aos=\"fade-up\" data-aos-duration=\"1000\"><div class=\"img-container\"><img loading=\"lazy\" decoding=\"async\" width=\"1400\" height=\"1120\" src=\"https:\/\/luxiders.com\/content\/uploads\/Karl-Amber-9-e1619512348745.jpg\" class=\"img-fluid w-100\" alt=\"\" srcset=\"https:\/\/luxiders.com\/content\/uploads\/Karl-Amber-9-e1619512348745.jpg 1400w, https:\/\/luxiders.com\/content\/uploads\/Karl-Amber-9-e1619512348745-300x240.jpg 300w, https:\/\/luxiders.com\/content\/uploads\/Karl-Amber-9-e1619512348745-768x614.jpg 768w, https:\/\/luxiders.com\/content\/uploads\/Karl-Amber-9-e1619512348745-1024x819.jpg 1024w\" sizes=\"(max-width: 1400px) 100vw, 1400px\" \/><\/div><\/figure>                                                                                            <\/div>\n                                    <div class=\"col-lg-6\">\n                                                                                                                                                        <figure class=\"mb-4 pt-lg-2 mb-lg-5 ps-lg-4 pe-lg-2\" data-aos=\"fade-up\" data-aos-duration=\"1000\"><div class=\"img-container\"><img loading=\"lazy\" decoding=\"async\" width=\"1100\" height=\"880\" src=\"https:\/\/luxiders.com\/content\/uploads\/Karl-Amber-Valetta-7-e1619512456644-1.jpg\" class=\"img-fluid w-100\" alt=\"\" srcset=\"https:\/\/luxiders.com\/content\/uploads\/Karl-Amber-Valetta-7-e1619512456644-1.jpg 1100w, https:\/\/luxiders.com\/content\/uploads\/Karl-Amber-Valetta-7-e1619512456644-1-300x240.jpg 300w, https:\/\/luxiders.com\/content\/uploads\/Karl-Amber-Valetta-7-e1619512456644-1-768x614.jpg 768w, https:\/\/luxiders.com\/content\/uploads\/Karl-Amber-Valetta-7-e1619512456644-1-1024x819.jpg 1024w\" sizes=\"(max-width: 1100px) 100vw, 1100px\" \/><\/div><\/figure>                                                                                                        <\/div>\n                                            <\/div>\n        <\/div>\n    <\/section>\n    \n\n    <section id=\"textblock-block_b1fb4037f6abe840babefcb10611f2d5\" class=\"section position-relative gp-block gp-textblock pt-0 pb-0\">\n        <div class=\"container\">\n            <div class=\"row g-0\">\n                <div class=\"col-lg-12 content\" data-aos=\"fade-in\" data-aos-duration=\"1000\">\n                                                                                <p>&nbsp;<\/p>\n<p>Shop the collection <a href=\"https:\/\/www.karl.com\/gb\/women\/sustainable\" target=\"_blank\" rel=\"noopener noreferrer\">here<\/a><\/p>\n                                                        <\/div>\n            <\/div>\n        <\/div>\n    <\/section>\n    ","protected":false},"excerpt":{"rendered":"","protected":false},"author":2,"featured_media":14306,"comment_status":"closed","ping_status":"closed","sticky":false,"template":"","format":"standard","meta":{"_acf_changed":false,"footnotes":""},"categories":[130],"tags":[2459,2460,193,359],"class_list":{"0":"post-14331","1":"post","2":"type-post","3":"status-publish","4":"format-standard","5":"has-post-thumbnail","7":"category-moda-sostenible-lujo","8":"tag-amber-valletta-es","9":"tag-karl-lagerfeld-es","10":"tag-sustainable-fashion-es","11":"tag-sustainable-luxury-es"},"acf":[],"yoast_head":"<title>Karl x Amber Valletta | Bolsos de ensue\u00f1o para la primavera | Luxiders<\/title>\n<meta name=\"description\" content=\"Karl Lagerfeld colabora con la activista Amber Valletta para lanzar la colecci\u00f3n de bolsos sostenibles m\u00e1s deseada...\" \/>\n<meta name=\"robots\" content=\"index, follow, max-snippet:-1, max-image-preview:large, max-video-preview:-1\" \/>\n<link rel=\"canonical\" href=\"https:\/\/luxiders.com\/es\/karl-x-amber-valleta-bolsos-sostenibles\/\" \/>\n<meta property=\"og:locale\" content=\"es_ES\" \/>\n<meta property=\"og:type\" content=\"article\" \/>\n<meta property=\"og:title\" content=\"Karl x Amber Valletta | Bolsos de ensue\u00f1o para la primavera | Luxiders\" \/>\n<meta property=\"og:description\" content=\"Karl Lagerfeld colabora con la activista Amber Valletta para lanzar la colecci\u00f3n de bolsos sostenibles m\u00e1s deseada...\" \/>\n<meta property=\"og:url\" content=\"https:\/\/luxiders.com\/es\/karl-x-amber-valleta-bolsos-sostenibles\/\" \/>\n<meta property=\"og:site_name\" content=\"Sustainable Fashion - Eco Design - Healthy Lifestyle - Luxiders Magazine\" \/>\n<meta property=\"article:published_time\" content=\"2021-04-01T22:28:00+00:00\" \/>\n<meta property=\"article:modified_time\" content=\"2023-02-13T16:14:24+00:00\" \/>\n<meta property=\"og:image\" content=\"https:\/\/luxiders.com\/content\/uploads\/Karl-Amber-3-e1619510789953.jpg\" \/>\n\t<meta property=\"og:image:width\" content=\"1100\" \/>\n\t<meta property=\"og:image:height\" content=\"707\" \/>\n\t<meta property=\"og:image:type\" content=\"image\/jpeg\" \/>\n<meta name=\"author\" content=\"luxiders\" \/>\n<meta name=\"twitter:card\" content=\"summary_large_image\" \/>\n<meta name=\"twitter:label1\" content=\"Written by\" \/>\n\t<meta name=\"twitter:data1\" content=\"luxiders\" \/>\n<script type=\"application\/ld+json\" class=\"yoast-schema-graph\">{\"@context\":\"https:\/\/schema.org\",\"@graph\":[{\"@type\":\"Article\",\"@id\":\"https:\/\/luxiders.com\/es\/karl-x-amber-valleta-bolsos-sostenibles\/#article\",\"isPartOf\":{\"@id\":\"https:\/\/luxiders.com\/es\/karl-x-amber-valleta-bolsos-sostenibles\/\"},\"author\":{\"name\":\"luxiders\",\"@id\":\"https:\/\/luxiders.com\/es\/#\/schema\/person\/8632fa702ae2ce98f66c396254633de8\"},\"headline\":\"Karl x Amber Valletta | La colecci\u00f3n de bolsos sostenibles m\u00e1s deseada para la primavera de 2021\",\"datePublished\":\"2021-04-01T22:28:00+00:00\",\"dateModified\":\"2023-02-13T16:14:24+00:00\",\"mainEntityOfPage\":{\"@id\":\"https:\/\/luxiders.com\/es\/karl-x-amber-valleta-bolsos-sostenibles\/\"},\"wordCount\":17,\"publisher\":{\"@id\":\"https:\/\/luxiders.com\/es\/#organization\"},\"image\":{\"@id\":\"https:\/\/luxiders.com\/es\/karl-x-amber-valleta-bolsos-sostenibles\/#primaryimage\"},\"thumbnailUrl\":\"https:\/\/luxiders.com\/content\/uploads\/Karl-Amber-3-e1619510789953.jpg\",\"keywords\":[\"Amber Valletta\",\"Karl Lagerfeld\",\"sustainable fashion\",\"Sustainable luxury\"],\"articleSection\":[\"Moda\"],\"inLanguage\":\"es-ES\"},{\"@type\":\"WebPage\",\"@id\":\"https:\/\/luxiders.com\/es\/karl-x-amber-valleta-bolsos-sostenibles\/\",\"url\":\"https:\/\/luxiders.com\/es\/karl-x-amber-valleta-bolsos-sostenibles\/\",\"name\":\"Karl x Amber Valletta | Bolsos de ensue\u00f1o para la primavera | Luxiders\",\"isPartOf\":{\"@id\":\"https:\/\/luxiders.com\/es\/#website\"},\"primaryImageOfPage\":{\"@id\":\"https:\/\/luxiders.com\/es\/karl-x-amber-valleta-bolsos-sostenibles\/#primaryimage\"},\"image\":{\"@id\":\"https:\/\/luxiders.com\/es\/karl-x-amber-valleta-bolsos-sostenibles\/#primaryimage\"},\"thumbnailUrl\":\"https:\/\/luxiders.com\/content\/uploads\/Karl-Amber-3-e1619510789953.jpg\",\"datePublished\":\"2021-04-01T22:28:00+00:00\",\"dateModified\":\"2023-02-13T16:14:24+00:00\",\"description\":\"Karl Lagerfeld colabora con la activista Amber Valletta para lanzar la colecci\u00f3n de bolsos sostenibles m\u00e1s deseada...\",\"breadcrumb\":{\"@id\":\"https:\/\/luxiders.com\/es\/karl-x-amber-valleta-bolsos-sostenibles\/#breadcrumb\"},\"inLanguage\":\"es-ES\",\"potentialAction\":[{\"@type\":\"ReadAction\",\"target\":[\"https:\/\/luxiders.com\/es\/karl-x-amber-valleta-bolsos-sostenibles\/\"]}]},{\"@type\":\"ImageObject\",\"inLanguage\":\"es-ES\",\"@id\":\"https:\/\/luxiders.com\/es\/karl-x-amber-valleta-bolsos-sostenibles\/#primaryimage\",\"url\":\"https:\/\/luxiders.com\/content\/uploads\/Karl-Amber-3-e1619510789953.jpg\",\"contentUrl\":\"https:\/\/luxiders.com\/content\/uploads\/Karl-Amber-3-e1619510789953.jpg\",\"width\":1100,\"height\":707},{\"@type\":\"BreadcrumbList\",\"@id\":\"https:\/\/luxiders.com\/es\/karl-x-amber-valleta-bolsos-sostenibles\/#breadcrumb\",\"itemListElement\":[{\"@type\":\"ListItem\",\"position\":1,\"name\":\"Startseite\",\"item\":\"https:\/\/luxiders.com\/es\/\"},{\"@type\":\"ListItem\",\"position\":2,\"name\":\"Moda\",\"item\":\"https:\/\/luxiders.com\/es\/category\/moda-sostenible-lujo\/\"},{\"@type\":\"ListItem\",\"position\":3,\"name\":\"Karl x Amber Valletta | La colecci\u00f3n de bolsos sostenibles m\u00e1s deseada para la primavera de 2021\"}]},{\"@type\":\"WebSite\",\"@id\":\"https:\/\/luxiders.com\/es\/#website\",\"url\":\"https:\/\/luxiders.com\/es\/\",\"name\":\"Sustainable Fashion - Eco Design - Healthy Lifestyle - Luxiders Magazine\",\"description\":\"Luxiders is a sustainable luxury magazine highlighting the best stories about sustainable fashion, ethical fashion, eco-friendly design, green design, sustainable travel, natural beauty, organic beauty and healthy lifestyle. Know the best high-end, progressive and luxury sustainable brands and designers worldwide.\",\"publisher\":{\"@id\":\"https:\/\/luxiders.com\/es\/#organization\"},\"potentialAction\":[{\"@type\":\"SearchAction\",\"target\":{\"@type\":\"EntryPoint\",\"urlTemplate\":\"https:\/\/luxiders.com\/es\/?s={search_term_string}\"},\"query-input\":{\"@type\":\"PropertyValueSpecification\",\"valueRequired\":true,\"valueName\":\"search_term_string\"}}],\"inLanguage\":\"es-ES\"},{\"@type\":\"Organization\",\"@id\":\"https:\/\/luxiders.com\/es\/#organization\",\"name\":\"Sustainable Fashion - Eco Design - Healthy Lifestyle - Luxiders Magazine\",\"url\":\"https:\/\/luxiders.com\/es\/\",\"logo\":{\"@type\":\"ImageObject\",\"inLanguage\":\"es-ES\",\"@id\":\"https:\/\/luxiders.com\/es\/#\/schema\/logo\/image\/\",\"url\":\"https:\/\/luxiders.com\/content\/uploads\/lux-logo.svg\",\"contentUrl\":\"https:\/\/luxiders.com\/content\/uploads\/lux-logo.svg\",\"caption\":\"Sustainable Fashion - Eco Design - Healthy Lifestyle - Luxiders Magazine\"},\"image\":{\"@id\":\"https:\/\/luxiders.com\/es\/#\/schema\/logo\/image\/\"}},{\"@type\":\"Person\",\"@id\":\"https:\/\/luxiders.com\/es\/#\/schema\/person\/8632fa702ae2ce98f66c396254633de8\",\"name\":\"luxiders\",\"url\":\"https:\/\/luxiders.com\/es\/author\/luxiders\/\"}]}<\/script>","yoast_head_json":{"title":"Karl x Amber Valletta | Bolsos de ensue\u00f1o para la primavera | Luxiders","description":"Karl Lagerfeld colabora con la activista Amber Valletta para lanzar la colecci\u00f3n de bolsos sostenibles m\u00e1s deseada...","robots":{"index":"index","follow":"follow","max-snippet":"max-snippet:-1","max-image-preview":"max-image-preview:large","max-video-preview":"max-video-preview:-1"},"canonical":"https:\/\/luxiders.com\/es\/karl-x-amber-valleta-bolsos-sostenibles\/","og_locale":"es_ES","og_type":"article","og_title":"Karl x Amber Valletta | Bolsos de ensue\u00f1o para la primavera | Luxiders","og_description":"Karl Lagerfeld colabora con la activista Amber Valletta para lanzar la colecci\u00f3n de bolsos sostenibles m\u00e1s deseada...","og_url":"https:\/\/luxiders.com\/es\/karl-x-amber-valleta-bolsos-sostenibles\/","og_site_name":"Sustainable Fashion - Eco Design - Healthy Lifestyle - Luxiders Magazine","article_published_time":"2021-04-01T22:28:00+00:00","article_modified_time":"2023-02-13T16:14:24+00:00","og_image":[{"width":1100,"height":707,"url":"https:\/\/luxiders.com\/content\/uploads\/Karl-Amber-3-e1619510789953.jpg","type":"image\/jpeg"}],"author":"luxiders","twitter_card":"summary_large_image","twitter_misc":{"Written by":"luxiders"},"schema":{"@context":"https:\/\/schema.org","@graph":[{"@type":"Article","@id":"https:\/\/luxiders.com\/es\/karl-x-amber-valleta-bolsos-sostenibles\/#article","isPartOf":{"@id":"https:\/\/luxiders.com\/es\/karl-x-amber-valleta-bolsos-sostenibles\/"},"author":{"name":"luxiders","@id":"https:\/\/luxiders.com\/es\/#\/schema\/person\/8632fa702ae2ce98f66c396254633de8"},"headline":"Karl x Amber Valletta | La colecci\u00f3n de bolsos sostenibles m\u00e1s deseada para la primavera de 2021","datePublished":"2021-04-01T22:28:00+00:00","dateModified":"2023-02-13T16:14:24+00:00","mainEntityOfPage":{"@id":"https:\/\/luxiders.com\/es\/karl-x-amber-valleta-bolsos-sostenibles\/"},"wordCount":17,"publisher":{"@id":"https:\/\/luxiders.com\/es\/#organization"},"image":{"@id":"https:\/\/luxiders.com\/es\/karl-x-amber-valleta-bolsos-sostenibles\/#primaryimage"},"thumbnailUrl":"https:\/\/luxiders.com\/content\/uploads\/Karl-Amber-3-e1619510789953.jpg","keywords":["Amber Valletta","Karl Lagerfeld","sustainable fashion","Sustainable luxury"],"articleSection":["Moda"],"inLanguage":"es-ES"},{"@type":"WebPage","@id":"https:\/\/luxiders.com\/es\/karl-x-amber-valleta-bolsos-sostenibles\/","url":"https:\/\/luxiders.com\/es\/karl-x-amber-valleta-bolsos-sostenibles\/","name":"Karl x Amber Valletta | Bolsos de ensue\u00f1o para la primavera | Luxiders","isPartOf":{"@id":"https:\/\/luxiders.com\/es\/#website"},"primaryImageOfPage":{"@id":"https:\/\/luxiders.com\/es\/karl-x-amber-valleta-bolsos-sostenibles\/#primaryimage"},"image":{"@id":"https:\/\/luxiders.com\/es\/karl-x-amber-valleta-bolsos-sostenibles\/#primaryimage"},"thumbnailUrl":"https:\/\/luxiders.com\/content\/uploads\/Karl-Amber-3-e1619510789953.jpg","datePublished":"2021-04-01T22:28:00+00:00","dateModified":"2023-02-13T16:14:24+00:00","description":"Karl Lagerfeld colabora con la activista Amber Valletta para lanzar la colecci\u00f3n de bolsos sostenibles m\u00e1s deseada...","breadcrumb":{"@id":"https:\/\/luxiders.com\/es\/karl-x-amber-valleta-bolsos-sostenibles\/#breadcrumb"},"inLanguage":"es-ES","potentialAction":[{"@type":"ReadAction","target":["https:\/\/luxiders.com\/es\/karl-x-amber-valleta-bolsos-sostenibles\/"]}]},{"@type":"ImageObject","inLanguage":"es-ES","@id":"https:\/\/luxiders.com\/es\/karl-x-amber-valleta-bolsos-sostenibles\/#primaryimage","url":"https:\/\/luxiders.com\/content\/uploads\/Karl-Amber-3-e1619510789953.jpg","contentUrl":"https:\/\/luxiders.com\/content\/uploads\/Karl-Amber-3-e1619510789953.jpg","width":1100,"height":707},{"@type":"BreadcrumbList","@id":"https:\/\/luxiders.com\/es\/karl-x-amber-valleta-bolsos-sostenibles\/#breadcrumb","itemListElement":[{"@type":"ListItem","position":1,"name":"Startseite","item":"https:\/\/luxiders.com\/es\/"},{"@type":"ListItem","position":2,"name":"Moda","item":"https:\/\/luxiders.com\/es\/category\/moda-sostenible-lujo\/"},{"@type":"ListItem","position":3,"name":"Karl x Amber Valletta | La colecci\u00f3n de bolsos sostenibles m\u00e1s deseada para la primavera de 2021"}]},{"@type":"WebSite","@id":"https:\/\/luxiders.com\/es\/#website","url":"https:\/\/luxiders.com\/es\/","name":"Sustainable Fashion - Eco Design - Healthy Lifestyle - Luxiders Magazine","description":"Luxiders is a sustainable luxury magazine highlighting the best stories about sustainable fashion, ethical fashion, eco-friendly design, green design, sustainable travel, natural beauty, organic beauty and healthy lifestyle. Know the best high-end, progressive and luxury sustainable brands and designers worldwide.","publisher":{"@id":"https:\/\/luxiders.com\/es\/#organization"},"potentialAction":[{"@type":"SearchAction","target":{"@type":"EntryPoint","urlTemplate":"https:\/\/luxiders.com\/es\/?s={search_term_string}"},"query-input":{"@type":"PropertyValueSpecification","valueRequired":true,"valueName":"search_term_string"}}],"inLanguage":"es-ES"},{"@type":"Organization","@id":"https:\/\/luxiders.com\/es\/#organization","name":"Sustainable Fashion - Eco Design - Healthy Lifestyle - Luxiders Magazine","url":"https:\/\/luxiders.com\/es\/","logo":{"@type":"ImageObject","inLanguage":"es-ES","@id":"https:\/\/luxiders.com\/es\/#\/schema\/logo\/image\/","url":"https:\/\/luxiders.com\/content\/uploads\/lux-logo.svg","contentUrl":"https:\/\/luxiders.com\/content\/uploads\/lux-logo.svg","caption":"Sustainable Fashion - Eco Design - Healthy Lifestyle - Luxiders Magazine"},"image":{"@id":"https:\/\/luxiders.com\/es\/#\/schema\/logo\/image\/"}},{"@type":"Person","@id":"https:\/\/luxiders.com\/es\/#\/schema\/person\/8632fa702ae2ce98f66c396254633de8","name":"luxiders","url":"https:\/\/luxiders.com\/es\/author\/luxiders\/"}]}},"_links":{"self":[{"href":"https:\/\/luxiders.com\/es\/wp-json\/wp\/v2\/posts\/14331","targetHints":{"allow":["GET"]}}],"collection":[{"href":"https:\/\/luxiders.com\/es\/wp-json\/wp\/v2\/posts"}],"about":[{"href":"https:\/\/luxiders.com\/es\/wp-json\/wp\/v2\/types\/post"}],"author":[{"embeddable":true,"href":"https:\/\/luxiders.com\/es\/wp-json\/wp\/v2\/users\/2"}],"replies":[{"embeddable":true,"href":"https:\/\/luxiders.com\/es\/wp-json\/wp\/v2\/comments?post=14331"}],"version-history":[{"count":3,"href":"https:\/\/luxiders.com\/es\/wp-json\/wp\/v2\/posts\/14331\/revisions"}],"predecessor-version":[{"id":14357,"href":"https:\/\/luxiders.com\/es\/wp-json\/wp\/v2\/posts\/14331\/revisions\/14357"}],"wp:featuredmedia":[{"embeddable":true,"href":"https:\/\/luxiders.com\/es\/wp-json\/wp\/v2\/media\/14306"}],"wp:attachment":[{"href":"https:\/\/luxiders.com\/es\/wp-json\/wp\/v2\/media?parent=14331"}],"wp:term":[{"taxonomy":"category","embeddable":true,"href":"https:\/\/luxiders.com\/es\/wp-json\/wp\/v2\/categories?post=14331"},{"taxonomy":"post_tag","embeddable":true,"href":"https:\/\/luxiders.com\/es\/wp-json\/wp\/v2\/tags?post=14331"}],"curies":[{"name":"wp","href":"https:\/\/api.w.org\/{rel}","templated":true}]}}