{"id":14876,"date":"2020-07-23T08:47:00","date_gmt":"2020-07-23T06:47:00","guid":{"rendered":"http:\/\/luxiders.com.w01cc729.kasserver.com\/?p=14876"},"modified":"2023-02-17T09:02:40","modified_gmt":"2023-02-17T08:02:40","slug":"exposicion-como-noruega-integra-la-arquitectura-en-la-naturaleza","status":"publish","type":"post","link":"https:\/\/luxiders.com\/es\/exposicion-como-noruega-integra-la-arquitectura-en-la-naturaleza\/","title":{"rendered":"Exposici\u00f3n | C\u00f3mo Noruega integra la arquitectura en la naturaleza"},"content":{"rendered":"    <section id=\"textblock-block_63ac98a18d312f19f72e8a3a48bd227d\" class=\"section position-relative gp-block gp-textblock text-center pt-0 pb-5\">\n        <div class=\"container\">\n            <div class=\"row g-0\">\n                <div class=\"col-lg-12 content\" data-aos=\"fade-in\" data-aos-duration=\"1000\">\n                                                                                    <div class=\"intro px-lg-8\">\n                            <p class=\"\">Los efectos espaciales de la arquitectura incrustada en la naturaleza se examinan en el &#8216;\u00c1rtico n\u00f3rdico alpino: en di\u00e1logo con el paisaje&#8217;, una exposici\u00f3n actualmente abierta (y hasta el 20 de agosto) en el Architecture Forum Aedes, con sede en Berl\u00edn. La exposici\u00f3n, que presenta el trabajo del estudio de arquitectura Sn\u00f8hetta, ganadores del AW Architect 2020, es parte de una conversaci\u00f3n en curso sobre dise\u00f1o sostenible dirigida por Aedes.<\/p>\n                        <\/div>\n                                                                                                <\/div>\n            <\/div>\n        <\/div>\n    <\/section>\n    \n\n    <section id=\"newsletter-block_4694c301883d49f558fbb0558271ee8b\" class=\"section position-relative gp-block gp-newsletter pt-0 pb-0 my-5\">\n        <div class=\"container\">\n            <div class=\"row g-0 pt-4 pb-3\">\n                <div class=\"col-lg-12 content text-center border pt-3\" data-aos=\"fade-in\" data-aos-duration=\"1000\">\n                                            <p><em>Para recibir el Newsletter de Luxiders Magazine,\u00a0<a href=\"https:\/\/landing.mailerlite.com\/webforms\/landing\/w2a1t0\" target=\"_blank\" rel=\"noopener\">suscr\u00edbete aqu\u00ed<\/a><\/em><\/p>\n                                    <\/div>\n            <\/div>\n        <\/div>\n    <\/section>\n    \n\n    <section id=\"textblock-block_2ce55e66571616b1889e557b5eaf5620\" class=\"section position-relative gp-block gp-textblock pt-0 pb-0\">\n        <div class=\"container\">\n            <div class=\"row g-0\">\n                <div class=\"col-lg-12 content\" data-aos=\"fade-in\" data-aos-duration=\"1000\">\n                                                                                <p class=\"\"><a href=\"https:\/\/snohetta.com\/\" rel=\"noopener\" target=\"_blank\">Sn\u00f8hetta<\/a>, la firma noruega cuyo apogeo comenz\u00f3 a principios de siglo con la colosal Nueva Biblioteca de Alejandr\u00eda en Egipto, impregna sus proyectos con la naturaleza en la conciencia, el misticismo de las monta\u00f1as y el esplendor del mar. El nombre de la cordillera de monta\u00f1as m\u00e1s alta de Noruega, Sn\u00f8hetta, rinde homenaje a su herencia y paisajes locales al difuminar los l\u00edmites entre la naturaleza y los lugares que habitamos.<\/p>\n<p class=\"\">El lugar de acogida de la exposici\u00f3n, <a href=\"https:\/\/aedes-arc.de\/\" rel=\"noopener\" target=\"_blank\">Aedes<\/a>, contin\u00faa contribuyendo al di\u00e1logo sobre dise\u00f1o sostenible al presentar a arquitectos que se dedican a preservar el medio ambiente. A principios de este a\u00f1o, <a href=\"https:\/\/www.aedes-arc.de\/cms\/aedes\/de\/programm?id=19510783\" rel=\"noopener\" target=\"_blank\">Junya Ishigami &#038; Associates<\/a>, un colectivo cuyo Art Biotop Water Garden en Jap\u00f3n gan\u00f3 el Premio Obel, entr\u00f3 en la escena. El jard\u00edn acu\u00e1tico de Junya Ishigami &#038; Associates destac\u00f3 la coexistencia del ingenio humano y la exaltaci\u00f3n de la naturaleza en un bosque et\u00e9reo inundado por el hombre. Hoy en d\u00eda, Sn\u00f8hetta explora nuestra ubicaci\u00f3n f\u00edsica en la naturaleza y la forma en que interactuamos con nuestro entorno<\/p>\n                                                        <\/div>\n            <\/div>\n        <\/div>\n    <\/section>\n    \n\n    <section id=\"media-block_00b23f40b0f573d9b79722246edc1fdb\" class=\"section position-relative gp-block gp-media pt-0 pb-0\">\n        <div class=\"container\">\n            <div class=\"row g-0\">\n                <div class=\"col-lg-12 content\" data-aos=\"fade-in\" data-aos-duration=\"1000\">\n                                                                            <\/div>\n            <\/div>\n            <div class=\"row g-0\">\n                <div class=\"col-lg-12 img-scaled\">\n                                                                                                                                                <figure class=\"mb-4 pt-lg-4 mb-lg-5 ps-lg-0 pe-lg-0\" data-aos=\"fade-up\" data-aos-duration=\"1000\"><div class=\"img-container\"><img loading=\"lazy\" decoding=\"async\" width=\"1200\" height=\"801\" src=\"https:\/\/luxiders.com\/content\/uploads\/Arctic-Nordic-Alpine-\u2013-In-Dialogue-With-Landscape_Snohetta_Photo-by-Erik-Jan-Ouwerkerk_2-min.jpg\" class=\"img-fluid w-100\" alt=\"\" srcset=\"https:\/\/luxiders.com\/content\/uploads\/Arctic-Nordic-Alpine-\u2013-In-Dialogue-With-Landscape_Snohetta_Photo-by-Erik-Jan-Ouwerkerk_2-min.jpg 1200w, https:\/\/luxiders.com\/content\/uploads\/Arctic-Nordic-Alpine-\u2013-In-Dialogue-With-Landscape_Snohetta_Photo-by-Erik-Jan-Ouwerkerk_2-min-300x200.jpg 300w, https:\/\/luxiders.com\/content\/uploads\/Arctic-Nordic-Alpine-\u2013-In-Dialogue-With-Landscape_Snohetta_Photo-by-Erik-Jan-Ouwerkerk_2-min-1024x684.jpg 1024w, https:\/\/luxiders.com\/content\/uploads\/Arctic-Nordic-Alpine-\u2013-In-Dialogue-With-Landscape_Snohetta_Photo-by-Erik-Jan-Ouwerkerk_2-min-768x513.jpg 768w\" sizes=\"(max-width: 1200px) 100vw, 1200px\" \/><\/div><figcaption>\u00a9 Erik-Jan Ouwerkerk<\/figcaption><\/figure>                                                                                            <\/div>\n                                            <\/div>\n        <\/div>\n    <\/section>\n    \n\n    <section id=\"textblock-block_cd0c05673aefa03598e254c338207fae\" class=\"section position-relative gp-block gp-textblock pt-0 pb-0\">\n        <div class=\"container\">\n            <div class=\"row g-0\">\n                <div class=\"col-lg-12 content\" data-aos=\"fade-in\" data-aos-duration=\"1000\">\n                                                                        <h2 class=\"\">LA EXPOSICI\u00d3N\n<\/h2>\n                                                                                                        <p class=\"\">A medida que continuamos avanzando hacia la exploraci\u00f3n de la tierra y la mercantilizaci\u00f3n de los paisajes naturales, sin mencionar la creciente crisis ambiental, se ha convertido en imperativo proporcionar activamente estructuras pol\u00edticas, econ\u00f3micas, sociales y f\u00edsicas que puedan evitar una mayor destrucci\u00f3n. Con esto en mente, Kjetil Tr\u00e6dal Thorsen, cofundador de Sn\u00f8hetta, explica que la empresa se centra en desarrollar proyectos que mejoren nuestro sentido de la naturaleza:<\/p>\n                                            <div class=\"highlighted mt-5 mt-lg-6 px-lg-5\">\n                            <p>\u201cInvolucramos las historias contadas por la naturaleza, traduciendo estas historias de una forma arquitect\u00f3nica y del lenguaje.\u201d<\/p>\n<p>&nbsp;<\/p>\n                        <\/div>\n                                                        <\/div>\n            <\/div>\n        <\/div>\n    <\/section>\n    \n\n    <section id=\"textblock-block_8747db07cf35411d788ff4352d094ca8\" class=\"section position-relative gp-block gp-textblock pt-0 pb-0\">\n        <div class=\"container\">\n            <div class=\"row g-0\">\n                <div class=\"col-lg-12 content\" data-aos=\"fade-in\" data-aos-duration=\"1000\">\n                                                                                <p class=\"\">Una instancia es <a href=\"https:\/\/snohetta.com\/projects\/454-path-of-perspectives-perspektivenweg\" rel=\"noopener\" target=\"_blank\">Perspektivenweg<\/a> (2018), una obra que introduce diez elementos arquitect\u00f3nicos a lo largo del sendero alpino de la cordillera de Nordkette en Austria. Los elementos incluyen bancos y plataformas de observaci\u00f3n que se mezclan consistentemente con el paisaje. Ofrecen a los visitantes puntos de pie y de descanso, vistas asombrosas desde diferentes \u00e1ngulos. La intervenci\u00f3n arquitect\u00f3nica invita a los visitantes a unirse a un tiempo m\u00e1s lento: no te apresures, t\u00f3mate tu tiempo y aseg\u00farate de dedicar suficiente tiempo para mirar alrededor, deja que la inmensidad del paisaje resuene con algo dentro de ti.<\/p>\n                                                        <\/div>\n            <\/div>\n        <\/div>\n    <\/section>\n    \n\n    <section id=\"media-block_ca8057bbb9a292fc29189914b4bb9b0e\" class=\"section position-relative gp-block gp-media pt-0 pb-0\">\n        <div class=\"container\">\n            <div class=\"row g-0\">\n                <div class=\"col-lg-12 content\" data-aos=\"fade-in\" data-aos-duration=\"1000\">\n                                                                            <\/div>\n            <\/div>\n            <div class=\"row g-0\">\n                <div class=\"col-lg-12 img-scaled\">\n                                                                                                                                                <figure class=\"mb-4 pt-lg-4 mb-lg-5 ps-lg-0 pe-lg-0\" data-aos=\"fade-up\" data-aos-duration=\"1000\"><div class=\"img-container\"><img loading=\"lazy\" decoding=\"async\" width=\"1200\" height=\"800\" src=\"https:\/\/luxiders.com\/content\/uploads\/1-Path-of-Perspectives-Seegrube-\u00a9-Christian-Flatscher-min.jpg\" class=\"img-fluid w-100\" alt=\"\" srcset=\"https:\/\/luxiders.com\/content\/uploads\/1-Path-of-Perspectives-Seegrube-\u00a9-Christian-Flatscher-min.jpg 1200w, https:\/\/luxiders.com\/content\/uploads\/1-Path-of-Perspectives-Seegrube-\u00a9-Christian-Flatscher-min-300x200.jpg 300w, https:\/\/luxiders.com\/content\/uploads\/1-Path-of-Perspectives-Seegrube-\u00a9-Christian-Flatscher-min-1024x683.jpg 1024w, https:\/\/luxiders.com\/content\/uploads\/1-Path-of-Perspectives-Seegrube-\u00a9-Christian-Flatscher-min-768x512.jpg 768w\" sizes=\"(max-width: 1200px) 100vw, 1200px\" \/><\/div><figcaption>Perspektivenweg in Austria \u00a9 Christian Flatscher<\/figcaption><\/figure>                                                                                            <\/div>\n                                            <\/div>\n        <\/div>\n    <\/section>\n    \n\n    <section id=\"textblock-block_24bf8abc77d645fa4f0e18df64246ed2\" class=\"section position-relative gp-block gp-textblock pt-0 pb-0\">\n        <div class=\"container\">\n            <div class=\"row g-0\">\n                <div class=\"col-lg-12 content\" data-aos=\"fade-in\" data-aos-duration=\"1000\">\n                                                                                <p class=\"\">Otro proyecto que incorpora arquitectura en la naturaleza es <a href=\"https:\/\/snohetta.com\/projects\/428-under-europes-first-underwater-restaurant\" rel=\"noopener\" target=\"_blank\">Under<\/a> (2019), un sorprendente poema arquitect\u00f3nico que sale del mar y termina sobre la costa rocosa. Under est\u00e1 situado en la conjunci\u00f3n donde el mar se precipita contra el extremo sur de Noruega, lo que significa que puedes experimentar condiciones clim\u00e1ticas severas y n\u00f3rdicas. Los cinco metros debajo del nivel del mar funcionan tanto como un peque\u00f1o restaurante con una vista panor\u00e1mica debajo del mar y como un contribuyente a la vida marina, ya que est\u00e1 dise\u00f1ado para funcionar como un arrecife artificial con el tiempo. De esta manera, Sn\u00f8hetta logra un enfoque hol\u00edstico al combinar la arquitectura dentro de la naturaleza. &#8220;Under es una progresi\u00f3n natural de nuestra experimentaci\u00f3n con los l\u00edmites&#8221;, dice Tr\u00e6dal Thorsen.<\/p>\n                                                        <\/div>\n            <\/div>\n        <\/div>\n    <\/section>\n    \n\n    <section id=\"media-block_11c7c6e1b6e1e2beadfc190e05a2e1d0\" class=\"section position-relative gp-block gp-media pt-0 pb-0\">\n        <div class=\"container\">\n            <div class=\"row g-0\">\n                <div class=\"col-lg-12 content\" data-aos=\"fade-in\" data-aos-duration=\"1000\">\n                                                                            <\/div>\n            <\/div>\n            <div class=\"row g-0\">\n                <div class=\"col-lg-12 img-scaled\">\n                                                                                                                                                <figure class=\"mb-4 pt-lg-4 mb-lg-5 ps-lg-0 pe-lg-0\" data-aos=\"fade-up\" data-aos-duration=\"1000\"><div class=\"img-container\"><img loading=\"lazy\" decoding=\"async\" width=\"1200\" height=\"800\" src=\"https:\/\/luxiders.com\/content\/uploads\/9-Under-Underwater-Restaurant-\u00a9-Ivar-Kvaal-min.jpg\" class=\"img-fluid w-100\" alt=\"\" srcset=\"https:\/\/luxiders.com\/content\/uploads\/9-Under-Underwater-Restaurant-\u00a9-Ivar-Kvaal-min.jpg 1200w, https:\/\/luxiders.com\/content\/uploads\/9-Under-Underwater-Restaurant-\u00a9-Ivar-Kvaal-min-300x200.jpg 300w, https:\/\/luxiders.com\/content\/uploads\/9-Under-Underwater-Restaurant-\u00a9-Ivar-Kvaal-min-1024x683.jpg 1024w, https:\/\/luxiders.com\/content\/uploads\/9-Under-Underwater-Restaurant-\u00a9-Ivar-Kvaal-min-768x512.jpg 768w\" sizes=\"(max-width: 1200px) 100vw, 1200px\" \/><\/div><figcaption>Under in Norway \u00a9 Ivar Kvaal<\/figcaption><\/figure>                                                                                            <\/div>\n                                            <\/div>\n        <\/div>\n    <\/section>\n    \n\n    <section id=\"textblock-block_f60233439f643482effdede2f86e1a01\" class=\"section position-relative gp-block gp-textblock pt-0 pb-0\">\n        <div class=\"container\">\n            <div class=\"row g-0\">\n                <div class=\"col-lg-12 content\" data-aos=\"fade-in\" data-aos-duration=\"1000\">\n                                                                                <p class=\"\">Nuestro modo de vida colectivo predominante resiste los ritmos y los tiempos de la naturaleza en un esfuerzo por controlarla. Con sus proyectos m\u00e1s recientes, Sn\u00f8hetta nos invita a reflexionar sobre nuestra posici\u00f3n f\u00edsica y mental dentro del medio ambiente: para &#8220;comprender cu\u00e1ndo estamos en la naturaleza; cu\u00e1ndo estamos en la cima de la naturaleza &#8220;.<\/p>\n<p class=\"\">Suponemos que puede ser dif\u00edcil imaginar que algunas intervenciones arquitect\u00f3nicas, especialmente aquellas como las obras de Sn\u00f8hetta \u2013tan imponentes y aparentemente invasivas\u2013, se ajusten a las narrativas ambientales, pero es esencial que comencemos actualizando la forma en que nos percibimos a nosotros mismos en relaci\u00f3n con nuestro entorno. Artic Nordic Alpine es un gran comienzo para reflexionar sobre c\u00f3mo medir la arquitectura urbana a trav\u00e9s de la naturaleza. As\u00ed que, si est\u00e1s en Berl\u00edn, pasa por Aedes y comparte con nosotros tu opini\u00f3n.<\/p>\n<p>&nbsp;<\/p>\n<p class=\"\">D\u00f3nde: Aedes Architecture Forum \u2013 Christinenstra\u00dfe 18, D-10119 Berlin<\/p>\n<p>C\u00f3mo: Entrada Gratuita \u2013 Consulta los horarios de apertura<\/p>\n<p>Cu\u00e1ndo: 4 Julio &#8211; 20 Agosto<\/p>\n<p>&nbsp;<\/p>\n<p class=\"\">+  Words: Alejandra Espinosa, Luxiders Magazine Editor<\/p>\n<p>&nbsp;<br \/>\n&nbsp;<\/p>\n                                                        <\/div>\n            <\/div>\n        <\/div>\n    <\/section>\n    ","protected":false},"excerpt":{"rendered":"","protected":false},"author":2,"featured_media":14890,"comment_status":"closed","ping_status":"closed","sticky":false,"template":"","format":"standard","meta":{"_acf_changed":false,"footnotes":""},"categories":[378],"tags":[2591,2593,2592,2594,358],"class_list":{"0":"post-14876","1":"post","2":"type-post","3":"status-publish","4":"format-standard","5":"has-post-thumbnail","7":"category-arte-cultura","8":"tag-sfmoma","9":"tag-architecture-2","10":"tag-austria","11":"tag-summer-exhibition","12":"tag-sustainable-design-es"},"acf":[],"yoast_head":"<title>Entrevista con Maya Golyshkina | El cuerpo como herramienta art\u00edstica<\/title>\n<meta name=\"description\" content=\"Descubre qu\u00e9 es lo que inspira a Maya Golyshkina en nuestra entrevista con la joven artista. De la imagen corporal a los NFT, descubre...\" \/>\n<meta name=\"robots\" content=\"index, follow, max-snippet:-1, max-image-preview:large, max-video-preview:-1\" \/>\n<link rel=\"canonical\" href=\"https:\/\/luxiders.com\/es\/exposicion-como-noruega-integra-la-arquitectura-en-la-naturaleza\/\" \/>\n<meta property=\"og:locale\" content=\"es_ES\" \/>\n<meta property=\"og:type\" content=\"article\" \/>\n<meta property=\"og:title\" content=\"Entrevista con Maya Golyshkina | El cuerpo como herramienta art\u00edstica\" \/>\n<meta property=\"og:description\" content=\"Descubre qu\u00e9 es lo que inspira a Maya Golyshkina en nuestra entrevista con la joven artista. De la imagen corporal a los NFT, descubre...\" \/>\n<meta property=\"og:url\" content=\"https:\/\/luxiders.com\/es\/exposicion-como-noruega-integra-la-arquitectura-en-la-naturaleza\/\" \/>\n<meta property=\"og:site_name\" content=\"Sustainable Fashion - Eco Design - Healthy Lifestyle - Luxiders Magazine\" \/>\n<meta property=\"article:published_time\" content=\"2020-07-23T06:47:00+00:00\" \/>\n<meta property=\"article:modified_time\" content=\"2023-02-17T08:02:40+00:00\" \/>\n<meta property=\"og:image\" content=\"https:\/\/luxiders.com\/content\/uploads\/8-Under-Underwater-Restaurant-\u00a9-Ivar-Kvaal-min.jpg\" \/>\n\t<meta property=\"og:image:width\" content=\"1930\" \/>\n\t<meta property=\"og:image:height\" content=\"1287\" \/>\n\t<meta property=\"og:image:type\" content=\"image\/jpeg\" \/>\n<meta name=\"author\" content=\"luxiders\" \/>\n<meta name=\"twitter:card\" content=\"summary_large_image\" \/>\n<meta name=\"twitter:label1\" content=\"Written by\" \/>\n\t<meta name=\"twitter:data1\" content=\"luxiders\" \/>\n<script type=\"application\/ld+json\" class=\"yoast-schema-graph\">{\"@context\":\"https:\/\/schema.org\",\"@graph\":[{\"@type\":\"Article\",\"@id\":\"https:\/\/luxiders.com\/es\/exposicion-como-noruega-integra-la-arquitectura-en-la-naturaleza\/#article\",\"isPartOf\":{\"@id\":\"https:\/\/luxiders.com\/es\/exposicion-como-noruega-integra-la-arquitectura-en-la-naturaleza\/\"},\"author\":{\"name\":\"luxiders\",\"@id\":\"https:\/\/luxiders.com\/es\/#\/schema\/person\/8632fa702ae2ce98f66c396254633de8\"},\"headline\":\"Exposici\u00f3n | C\u00f3mo Noruega integra la arquitectura en la naturaleza\",\"datePublished\":\"2020-07-23T06:47:00+00:00\",\"dateModified\":\"2023-02-17T08:02:40+00:00\",\"mainEntityOfPage\":{\"@id\":\"https:\/\/luxiders.com\/es\/exposicion-como-noruega-integra-la-arquitectura-en-la-naturaleza\/\"},\"wordCount\":11,\"publisher\":{\"@id\":\"https:\/\/luxiders.com\/es\/#organization\"},\"image\":{\"@id\":\"https:\/\/luxiders.com\/es\/exposicion-como-noruega-integra-la-arquitectura-en-la-naturaleza\/#primaryimage\"},\"thumbnailUrl\":\"https:\/\/luxiders.com\/content\/uploads\/8-Under-Underwater-Restaurant-\u00a9-Ivar-Kvaal-min.jpg\",\"keywords\":[\"(SFMOMA)\",\"architecture\",\"Austria\",\"summer exhibition\",\"sustainable design\"],\"articleSection\":[\"Arte\/Cultura\"],\"inLanguage\":\"es-ES\"},{\"@type\":\"WebPage\",\"@id\":\"https:\/\/luxiders.com\/es\/exposicion-como-noruega-integra-la-arquitectura-en-la-naturaleza\/\",\"url\":\"https:\/\/luxiders.com\/es\/exposicion-como-noruega-integra-la-arquitectura-en-la-naturaleza\/\",\"name\":\"Entrevista con Maya Golyshkina | El cuerpo como herramienta art\u00edstica\",\"isPartOf\":{\"@id\":\"https:\/\/luxiders.com\/es\/#website\"},\"primaryImageOfPage\":{\"@id\":\"https:\/\/luxiders.com\/es\/exposicion-como-noruega-integra-la-arquitectura-en-la-naturaleza\/#primaryimage\"},\"image\":{\"@id\":\"https:\/\/luxiders.com\/es\/exposicion-como-noruega-integra-la-arquitectura-en-la-naturaleza\/#primaryimage\"},\"thumbnailUrl\":\"https:\/\/luxiders.com\/content\/uploads\/8-Under-Underwater-Restaurant-\u00a9-Ivar-Kvaal-min.jpg\",\"datePublished\":\"2020-07-23T06:47:00+00:00\",\"dateModified\":\"2023-02-17T08:02:40+00:00\",\"description\":\"Descubre qu\u00e9 es lo que inspira a Maya Golyshkina en nuestra entrevista con la joven artista. De la imagen corporal a los NFT, descubre...\",\"breadcrumb\":{\"@id\":\"https:\/\/luxiders.com\/es\/exposicion-como-noruega-integra-la-arquitectura-en-la-naturaleza\/#breadcrumb\"},\"inLanguage\":\"es-ES\",\"potentialAction\":[{\"@type\":\"ReadAction\",\"target\":[\"https:\/\/luxiders.com\/es\/exposicion-como-noruega-integra-la-arquitectura-en-la-naturaleza\/\"]}]},{\"@type\":\"ImageObject\",\"inLanguage\":\"es-ES\",\"@id\":\"https:\/\/luxiders.com\/es\/exposicion-como-noruega-integra-la-arquitectura-en-la-naturaleza\/#primaryimage\",\"url\":\"https:\/\/luxiders.com\/content\/uploads\/8-Under-Underwater-Restaurant-\u00a9-Ivar-Kvaal-min.jpg\",\"contentUrl\":\"https:\/\/luxiders.com\/content\/uploads\/8-Under-Underwater-Restaurant-\u00a9-Ivar-Kvaal-min.jpg\",\"width\":1930,\"height\":1287},{\"@type\":\"BreadcrumbList\",\"@id\":\"https:\/\/luxiders.com\/es\/exposicion-como-noruega-integra-la-arquitectura-en-la-naturaleza\/#breadcrumb\",\"itemListElement\":[{\"@type\":\"ListItem\",\"position\":1,\"name\":\"Startseite\",\"item\":\"https:\/\/luxiders.com\/es\/\"},{\"@type\":\"ListItem\",\"position\":2,\"name\":\"Arte\/Cultura\",\"item\":\"https:\/\/luxiders.com\/es\/category\/arte-cultura\/\"},{\"@type\":\"ListItem\",\"position\":3,\"name\":\"Exposici\u00f3n | C\u00f3mo Noruega integra la arquitectura en la naturaleza\"}]},{\"@type\":\"WebSite\",\"@id\":\"https:\/\/luxiders.com\/es\/#website\",\"url\":\"https:\/\/luxiders.com\/es\/\",\"name\":\"Sustainable Fashion - Eco Design - Healthy Lifestyle - Luxiders Magazine\",\"description\":\"Luxiders is a sustainable luxury magazine highlighting the best stories about sustainable fashion, ethical fashion, eco-friendly design, green design, sustainable travel, natural beauty, organic beauty and healthy lifestyle. Know the best high-end, progressive and luxury sustainable brands and designers worldwide.\",\"publisher\":{\"@id\":\"https:\/\/luxiders.com\/es\/#organization\"},\"potentialAction\":[{\"@type\":\"SearchAction\",\"target\":{\"@type\":\"EntryPoint\",\"urlTemplate\":\"https:\/\/luxiders.com\/es\/?s={search_term_string}\"},\"query-input\":{\"@type\":\"PropertyValueSpecification\",\"valueRequired\":true,\"valueName\":\"search_term_string\"}}],\"inLanguage\":\"es-ES\"},{\"@type\":\"Organization\",\"@id\":\"https:\/\/luxiders.com\/es\/#organization\",\"name\":\"Sustainable Fashion - Eco Design - Healthy Lifestyle - Luxiders Magazine\",\"url\":\"https:\/\/luxiders.com\/es\/\",\"logo\":{\"@type\":\"ImageObject\",\"inLanguage\":\"es-ES\",\"@id\":\"https:\/\/luxiders.com\/es\/#\/schema\/logo\/image\/\",\"url\":\"https:\/\/luxiders.com\/content\/uploads\/lux-logo.svg\",\"contentUrl\":\"https:\/\/luxiders.com\/content\/uploads\/lux-logo.svg\",\"caption\":\"Sustainable Fashion - Eco Design - Healthy Lifestyle - Luxiders Magazine\"},\"image\":{\"@id\":\"https:\/\/luxiders.com\/es\/#\/schema\/logo\/image\/\"}},{\"@type\":\"Person\",\"@id\":\"https:\/\/luxiders.com\/es\/#\/schema\/person\/8632fa702ae2ce98f66c396254633de8\",\"name\":\"luxiders\",\"url\":\"https:\/\/luxiders.com\/es\/author\/luxiders\/\"}]}<\/script>","yoast_head_json":{"title":"Entrevista con Maya Golyshkina | El cuerpo como herramienta art\u00edstica","description":"Descubre qu\u00e9 es lo que inspira a Maya Golyshkina en nuestra entrevista con la joven artista. De la imagen corporal a los NFT, descubre...","robots":{"index":"index","follow":"follow","max-snippet":"max-snippet:-1","max-image-preview":"max-image-preview:large","max-video-preview":"max-video-preview:-1"},"canonical":"https:\/\/luxiders.com\/es\/exposicion-como-noruega-integra-la-arquitectura-en-la-naturaleza\/","og_locale":"es_ES","og_type":"article","og_title":"Entrevista con Maya Golyshkina | El cuerpo como herramienta art\u00edstica","og_description":"Descubre qu\u00e9 es lo que inspira a Maya Golyshkina en nuestra entrevista con la joven artista. De la imagen corporal a los NFT, descubre...","og_url":"https:\/\/luxiders.com\/es\/exposicion-como-noruega-integra-la-arquitectura-en-la-naturaleza\/","og_site_name":"Sustainable Fashion - Eco Design - Healthy Lifestyle - Luxiders Magazine","article_published_time":"2020-07-23T06:47:00+00:00","article_modified_time":"2023-02-17T08:02:40+00:00","og_image":[{"width":1930,"height":1287,"url":"https:\/\/luxiders.com\/content\/uploads\/8-Under-Underwater-Restaurant-\u00a9-Ivar-Kvaal-min.jpg","type":"image\/jpeg"}],"author":"luxiders","twitter_card":"summary_large_image","twitter_misc":{"Written by":"luxiders"},"schema":{"@context":"https:\/\/schema.org","@graph":[{"@type":"Article","@id":"https:\/\/luxiders.com\/es\/exposicion-como-noruega-integra-la-arquitectura-en-la-naturaleza\/#article","isPartOf":{"@id":"https:\/\/luxiders.com\/es\/exposicion-como-noruega-integra-la-arquitectura-en-la-naturaleza\/"},"author":{"name":"luxiders","@id":"https:\/\/luxiders.com\/es\/#\/schema\/person\/8632fa702ae2ce98f66c396254633de8"},"headline":"Exposici\u00f3n | C\u00f3mo Noruega integra la arquitectura en la naturaleza","datePublished":"2020-07-23T06:47:00+00:00","dateModified":"2023-02-17T08:02:40+00:00","mainEntityOfPage":{"@id":"https:\/\/luxiders.com\/es\/exposicion-como-noruega-integra-la-arquitectura-en-la-naturaleza\/"},"wordCount":11,"publisher":{"@id":"https:\/\/luxiders.com\/es\/#organization"},"image":{"@id":"https:\/\/luxiders.com\/es\/exposicion-como-noruega-integra-la-arquitectura-en-la-naturaleza\/#primaryimage"},"thumbnailUrl":"https:\/\/luxiders.com\/content\/uploads\/8-Under-Underwater-Restaurant-\u00a9-Ivar-Kvaal-min.jpg","keywords":["(SFMOMA)","architecture","Austria","summer exhibition","sustainable design"],"articleSection":["Arte\/Cultura"],"inLanguage":"es-ES"},{"@type":"WebPage","@id":"https:\/\/luxiders.com\/es\/exposicion-como-noruega-integra-la-arquitectura-en-la-naturaleza\/","url":"https:\/\/luxiders.com\/es\/exposicion-como-noruega-integra-la-arquitectura-en-la-naturaleza\/","name":"Entrevista con Maya Golyshkina | El cuerpo como herramienta art\u00edstica","isPartOf":{"@id":"https:\/\/luxiders.com\/es\/#website"},"primaryImageOfPage":{"@id":"https:\/\/luxiders.com\/es\/exposicion-como-noruega-integra-la-arquitectura-en-la-naturaleza\/#primaryimage"},"image":{"@id":"https:\/\/luxiders.com\/es\/exposicion-como-noruega-integra-la-arquitectura-en-la-naturaleza\/#primaryimage"},"thumbnailUrl":"https:\/\/luxiders.com\/content\/uploads\/8-Under-Underwater-Restaurant-\u00a9-Ivar-Kvaal-min.jpg","datePublished":"2020-07-23T06:47:00+00:00","dateModified":"2023-02-17T08:02:40+00:00","description":"Descubre qu\u00e9 es lo que inspira a Maya Golyshkina en nuestra entrevista con la joven artista. De la imagen corporal a los NFT, descubre...","breadcrumb":{"@id":"https:\/\/luxiders.com\/es\/exposicion-como-noruega-integra-la-arquitectura-en-la-naturaleza\/#breadcrumb"},"inLanguage":"es-ES","potentialAction":[{"@type":"ReadAction","target":["https:\/\/luxiders.com\/es\/exposicion-como-noruega-integra-la-arquitectura-en-la-naturaleza\/"]}]},{"@type":"ImageObject","inLanguage":"es-ES","@id":"https:\/\/luxiders.com\/es\/exposicion-como-noruega-integra-la-arquitectura-en-la-naturaleza\/#primaryimage","url":"https:\/\/luxiders.com\/content\/uploads\/8-Under-Underwater-Restaurant-\u00a9-Ivar-Kvaal-min.jpg","contentUrl":"https:\/\/luxiders.com\/content\/uploads\/8-Under-Underwater-Restaurant-\u00a9-Ivar-Kvaal-min.jpg","width":1930,"height":1287},{"@type":"BreadcrumbList","@id":"https:\/\/luxiders.com\/es\/exposicion-como-noruega-integra-la-arquitectura-en-la-naturaleza\/#breadcrumb","itemListElement":[{"@type":"ListItem","position":1,"name":"Startseite","item":"https:\/\/luxiders.com\/es\/"},{"@type":"ListItem","position":2,"name":"Arte\/Cultura","item":"https:\/\/luxiders.com\/es\/category\/arte-cultura\/"},{"@type":"ListItem","position":3,"name":"Exposici\u00f3n | C\u00f3mo Noruega integra la arquitectura en la naturaleza"}]},{"@type":"WebSite","@id":"https:\/\/luxiders.com\/es\/#website","url":"https:\/\/luxiders.com\/es\/","name":"Sustainable Fashion - Eco Design - Healthy Lifestyle - Luxiders Magazine","description":"Luxiders is a sustainable luxury magazine highlighting the best stories about sustainable fashion, ethical fashion, eco-friendly design, green design, sustainable travel, natural beauty, organic beauty and healthy lifestyle. Know the best high-end, progressive and luxury sustainable brands and designers worldwide.","publisher":{"@id":"https:\/\/luxiders.com\/es\/#organization"},"potentialAction":[{"@type":"SearchAction","target":{"@type":"EntryPoint","urlTemplate":"https:\/\/luxiders.com\/es\/?s={search_term_string}"},"query-input":{"@type":"PropertyValueSpecification","valueRequired":true,"valueName":"search_term_string"}}],"inLanguage":"es-ES"},{"@type":"Organization","@id":"https:\/\/luxiders.com\/es\/#organization","name":"Sustainable Fashion - Eco Design - Healthy Lifestyle - Luxiders Magazine","url":"https:\/\/luxiders.com\/es\/","logo":{"@type":"ImageObject","inLanguage":"es-ES","@id":"https:\/\/luxiders.com\/es\/#\/schema\/logo\/image\/","url":"https:\/\/luxiders.com\/content\/uploads\/lux-logo.svg","contentUrl":"https:\/\/luxiders.com\/content\/uploads\/lux-logo.svg","caption":"Sustainable Fashion - Eco Design - Healthy Lifestyle - Luxiders Magazine"},"image":{"@id":"https:\/\/luxiders.com\/es\/#\/schema\/logo\/image\/"}},{"@type":"Person","@id":"https:\/\/luxiders.com\/es\/#\/schema\/person\/8632fa702ae2ce98f66c396254633de8","name":"luxiders","url":"https:\/\/luxiders.com\/es\/author\/luxiders\/"}]}},"_links":{"self":[{"href":"https:\/\/luxiders.com\/es\/wp-json\/wp\/v2\/posts\/14876","targetHints":{"allow":["GET"]}}],"collection":[{"href":"https:\/\/luxiders.com\/es\/wp-json\/wp\/v2\/posts"}],"about":[{"href":"https:\/\/luxiders.com\/es\/wp-json\/wp\/v2\/types\/post"}],"author":[{"embeddable":true,"href":"https:\/\/luxiders.com\/es\/wp-json\/wp\/v2\/users\/2"}],"replies":[{"embeddable":true,"href":"https:\/\/luxiders.com\/es\/wp-json\/wp\/v2\/comments?post=14876"}],"version-history":[{"count":3,"href":"https:\/\/luxiders.com\/es\/wp-json\/wp\/v2\/posts\/14876\/revisions"}],"predecessor-version":[{"id":14896,"href":"https:\/\/luxiders.com\/es\/wp-json\/wp\/v2\/posts\/14876\/revisions\/14896"}],"wp:featuredmedia":[{"embeddable":true,"href":"https:\/\/luxiders.com\/es\/wp-json\/wp\/v2\/media\/14890"}],"wp:attachment":[{"href":"https:\/\/luxiders.com\/es\/wp-json\/wp\/v2\/media?parent=14876"}],"wp:term":[{"taxonomy":"category","embeddable":true,"href":"https:\/\/luxiders.com\/es\/wp-json\/wp\/v2\/categories?post=14876"},{"taxonomy":"post_tag","embeddable":true,"href":"https:\/\/luxiders.com\/es\/wp-json\/wp\/v2\/tags?post=14876"}],"curies":[{"name":"wp","href":"https:\/\/api.w.org\/{rel}","templated":true}]}}