{"id":16338,"date":"2020-11-20T15:29:00","date_gmt":"2020-11-20T14:29:00","guid":{"rendered":"http:\/\/luxiders.com.w01cc729.kasserver.com\/?p=16338"},"modified":"2023-03-01T15:47:01","modified_gmt":"2023-03-01T14:47:01","slug":"black-friday-piensa-antes-comprar","status":"publish","type":"post","link":"https:\/\/luxiders.com\/es\/black-friday-piensa-antes-comprar\/","title":{"rendered":"\u00bfTe han lavado el cerebro en el Black Friday? | Piensa antes de Comprar"},"content":{"rendered":"    <section id=\"textblock-block_d08fa29de3b73c001ba4c4caa57fe28e\" class=\"section position-relative gp-block gp-textblock text-center pt-0 pb-5\">\n        <div class=\"container\">\n            <div class=\"row g-0\">\n                <div class=\"col-lg-12 content\" data-aos=\"fade-in\" data-aos-duration=\"1000\">\n                                                                                    <div class=\"intro px-lg-8\">\n                            <p class=\"\">Ha llegado noviembre y las grandes marcas de moda r\u00e1pida ya han comenzado sus rebajas del Black Friday. El Black Friday tiene fama de promover el consumo excesivo y el gasto innecesario, pero en el estado actual del clima, \u00bfc\u00f3mo podemos afrontar este fin de semana con una conciencia ecol\u00f3gica?<\/p>\n                        <\/div>\n                                                                                                <\/div>\n            <\/div>\n        <\/div>\n    <\/section>\n    \n\n    <section id=\"newsletter-block_dcc1c6013c438952d9b5af548906d3f6\" class=\"section position-relative gp-block gp-newsletter pt-0 pb-0 my-5\">\n        <div class=\"container\">\n            <div class=\"row g-0 pt-4 pb-3\">\n                <div class=\"col-lg-12 content text-center border pt-3\" data-aos=\"fade-in\" data-aos-duration=\"1000\">\n                                            <p><em>Para recibir el Newsletter de Luxiders Magazine,\u00a0<a href=\"https:\/\/landing.mailerlite.com\/webforms\/landing\/w2a1t0\" target=\"_blank\" rel=\"noopener\">suscr\u00edbete aqu\u00ed<\/a><\/em><\/p>\n                                    <\/div>\n            <\/div>\n        <\/div>\n    <\/section>\n    \n\n    <section id=\"textblock-block_a4207d59a9acddedf5d1e43e14048124\" class=\"section position-relative gp-block gp-textblock pt-0 pb-0\">\n        <div class=\"container\">\n            <div class=\"row g-0\">\n                <div class=\"col-lg-12 content\" data-aos=\"fade-in\" data-aos-duration=\"1000\">\n                                                                                <p class=\"\">Las estad\u00edsticas de los \u00faltimos Black Fridays son asombrosas. S\u00f3lo en Irlanda, en 2021, AIB public\u00f3 datos seg\u00fan los cuales los titulares de cuentas gastaron 25.000 euros por minuto, de los cuales 8.000 euros fueron en ropa. En el Reino Unido se gastaron 9.420 millones de libras durante el fin de semana del Black Friday y el Cyber Monday, y en Estados Unidos se gastaron 19.800 millones de d\u00f3lares durante el fin de semana. Ahora bien, la gente es libre de gastar su dinero como quiera, todos trabajamos duro y todos merecemos darnos un capricho a nosotros mismos o a los dem\u00e1s, o conseguir una buena oferta en los regalos de Navidad; sin embargo, \u00bflo hacemos con conciencia medioambiental?<\/p>\n<p class=\"\">Cada a\u00f1o se producen 100.000 millones de toneladas de ropa, de las cuales el 73% va a parar a los vertederos y s\u00f3lo el 1% se convierte en nuevas prendas. As\u00ed lo afirma <a href=\"http:\/\/greenisthenewblack.com\/\" rel=\"noopener\" target=\"_blank\">Greenisthenewblack.com<\/a>, un sitio web que promueve la sostenibilidad y arroja una luz interesante sobre los m\u00e9todos de lavado verde de los grandes conglomerados de la moda r\u00e1pida. As\u00ed, de los 8.000 euros por minuto que se gastan en ropa aqu\u00ed en Irlanda, s\u00f3lo el 1% se ha reciclado de forma sostenible a partir de prendas anteriores.<\/p>\n<p class=\"\">La pregunta sigue siendo: \u00bfnecesitamos esta ropa? El Black Friday y el Cyber Weekend  parecen ser utilizados como un mecanismo para que la gente consuma sin sentido art\u00edculos que no necesitamos o que probablemente ni siquiera querr\u00edamos a precio completo, puramente por ser m\u00e1s baratos. En 2020, Pretty Little Thing se apoder\u00f3 de sus redes sociales con su venta del 99% de descuento. Vi tweets y comentarios de gente diciendo que hab\u00edan conseguido 20 art\u00edculos por menos de 5 euros. Shein, otro monstruo implacable, anunciaba precios similares que hac\u00edan que las mujeres y las ni\u00f1as cogieran todo lo que pod\u00edan como si su vida dependiera de ello. Tomando estas dos marcas, que se han enfrentado a importantes reacciones p\u00fablicas debido a sus condiciones de trabajo y el tratamiento de sus trabajadores, todav\u00eda siguen siendo apoyadas por las masas por su ropa de mala calidad, poco \u00e9tica y no sostenible debido a sus precios rid\u00edculamente baratos durante este fin de semana. Hay que dar un paso atr\u00e1s y pensar a qui\u00e9n y qu\u00e9 estamos apoyando.<\/p>\n                                                        <\/div>\n            <\/div>\n        <\/div>\n    <\/section>\n    \n\n    <section id=\"media-block_c23f6dc2daa5c2f3670401b51bd177c9\" class=\"section position-relative gp-block gp-media pt-0 pb-0\">\n        <div class=\"container\">\n            <div class=\"row g-0\">\n                <div class=\"col-lg-12 content\" data-aos=\"fade-in\" data-aos-duration=\"1000\">\n                                                                            <\/div>\n            <\/div>\n            <div class=\"row g-0\">\n                <div class=\"col-lg-12 img-scaled\">\n                                                                                                                                                <figure class=\"mb-4 pt-lg-4 mb-lg-5 ps-lg-0 pe-lg-0\" data-aos=\"fade-up\" data-aos-duration=\"1000\"><div class=\"img-container\"><img loading=\"lazy\" decoding=\"async\" width=\"1672\" height=\"2508\" src=\"https:\/\/luxiders.com\/content\/uploads\/BLACK-F-charlesdeluvio-min.jpg\" class=\"img-fluid w-100\" alt=\"\" srcset=\"https:\/\/luxiders.com\/content\/uploads\/BLACK-F-charlesdeluvio-min.jpg 1672w, https:\/\/luxiders.com\/content\/uploads\/BLACK-F-charlesdeluvio-min-200x300.jpg 200w, https:\/\/luxiders.com\/content\/uploads\/BLACK-F-charlesdeluvio-min-683x1024.jpg 683w, https:\/\/luxiders.com\/content\/uploads\/BLACK-F-charlesdeluvio-min-768x1152.jpg 768w, https:\/\/luxiders.com\/content\/uploads\/BLACK-F-charlesdeluvio-min-1024x1536.jpg 1024w, https:\/\/luxiders.com\/content\/uploads\/BLACK-F-charlesdeluvio-min-1365x2048.jpg 1365w\" sizes=\"(max-width: 1672px) 100vw, 1672px\" \/><\/div><figcaption>\u00a9 Charles Deluvio via Unsplash<\/figcaption><\/figure>                                                                                            <\/div>\n                                            <\/div>\n        <\/div>\n    <\/section>\n    \n\n    <section id=\"textblock-block_6505e0faa206e6f1e71ad367214f6bb8\" class=\"section position-relative gp-block gp-textblock pt-0 pb-0\">\n        <div class=\"container\">\n            <div class=\"row g-0\">\n                <div class=\"col-lg-12 content\" data-aos=\"fade-in\" data-aos-duration=\"1000\">\n                                                                                <p class=\"\">Para dar un paso m\u00e1s, el Black Friday es tambi\u00e9n una gran oportunidad para que los &#8220;influencers&#8221; hagan caja con c\u00f3digos promocionales y anuncios. Es comprensible que todos necesitemos esforzarnos para ganar dinero hoy en d\u00eda, pero ruego a todos los influencers que piensen tambi\u00e9n en qui\u00e9n y qu\u00e9 est\u00e1n respaldando. \u00bfEst\u00e1n vendiendo sus almas al diablo o es que el medio ambiente y las condiciones morales de trabajo de las personas no est\u00e1n en su radar? Tal vez, abandone Shein, PLT, Boohoo y ASOS, todos los cuales han sido expuestos p\u00fablicamente por su contaminaci\u00f3n y su enga\u00f1oso lavado verde y apoye a las empresas m\u00e1s peque\u00f1as, locales o gestionadas de forma sostenible este fin de semana del Black Friday. Tenemos que promover la conciencia medioambiental y animar a los seguidores a pensar en verde.<\/p>\n<p class=\"\">Sin embargo, el Black Friday tambi\u00e9n tiene su lado bueno. Es una forma estupenda de ahorrar y de hacer todas las compras navide\u00f1as antes y de forma barata. Si le has echado el ojo a algo, es bueno conseguir una buena ganga. Yo mismo comprar\u00e9 regalos y quiz\u00e1s alguna cosa para m\u00ed, pero lo har\u00e9 con una mirada cr\u00edtica para ver a qui\u00e9n estoy apoyando y esto puede marcar la diferencia. El multimillonario \u00e1rabe due\u00f1o de estas empresas seguir\u00e1 siendo multimillonario aunque no reciba tus 50 euros. As\u00ed pues, afrontemos este fin de semana con una nueva perspectiva. Consigamos nuestras gangas pero de una forma m\u00e1s satisfactoria. No hay nada mejor que una buena ganga y la hace m\u00e1s dulce saber que es sostenible.<\/p>\n<p>&nbsp;<\/p>\n                                                        <\/div>\n            <\/div>\n        <\/div>\n    <\/section>\n    \n\n    <section id=\"textblock-block_05d780b04e1b2b33f4ee348a345574b6\" class=\"section position-relative gp-block gp-textblock text-center pt-0 pb-0\">\n        <div class=\"container\">\n            <div class=\"row g-0\">\n                <div class=\"col-lg-12 content\" data-aos=\"fade-in\" data-aos-duration=\"1000\">\n                                                                                <p class=\"\">*Imagen Destacada: \u00a9 Xiaolong Wong<\/p>\n<p>&nbsp;<\/p>\n<p class=\"\">+  Words: Tara Finn, Luxiders Magazine Collaborator<\/p>\n<p>&nbsp;<br \/>\n&nbsp;<\/p>\n                                                        <\/div>\n            <\/div>\n        <\/div>\n    <\/section>\n    ","protected":false},"excerpt":{"rendered":"","protected":false},"author":2,"featured_media":16344,"comment_status":"closed","ping_status":"closed","sticky":false,"template":"","format":"standard","meta":{"_acf_changed":false,"footnotes":""},"categories":[378,130],"tags":[2895,2889,2892,2893,2891,2894,230,2890,2896,242],"class_list":{"0":"post-16338","1":"post","2":"type-post","3":"status-publish","4":"format-standard","5":"has-post-thumbnail","7":"category-arte-cultura","8":"category-moda-sostenible-lujo","9":"tag-anti-etico","10":"tag-black-friday-2","11":"tag-condiciones-laborales","12":"tag-conglomerados","13":"tag-consumption-2","14":"tag-desperdicio","15":"tag-eco-friendly-es","16":"tag-over-consumption-2","17":"tag-sobreconsumo","18":"tag-sustainability-es"},"acf":[],"yoast_head":"<title>\u00bfTe han lavado el cerebro en el Black Friday? | Detente antes de Comprar<\/title>\n<meta name=\"description\" content=\"Ha llegado noviembre y las marcas han comenzado sus rebajas del Black Friday. \u00bfC\u00f3mo podemos afrontar este fin con una conciencia ecol\u00f3gica?\u00a0\" \/>\n<meta name=\"robots\" content=\"index, follow, max-snippet:-1, max-image-preview:large, max-video-preview:-1\" \/>\n<link rel=\"canonical\" href=\"https:\/\/luxiders.com\/es\/black-friday-piensa-antes-comprar\/\" \/>\n<meta property=\"og:locale\" content=\"es_ES\" \/>\n<meta property=\"og:type\" content=\"article\" \/>\n<meta property=\"og:title\" content=\"\u00bfTe han lavado el cerebro en el Black Friday? | Detente antes de Comprar\" \/>\n<meta property=\"og:description\" content=\"Ha llegado noviembre y las marcas han comenzado sus rebajas del Black Friday. \u00bfC\u00f3mo podemos afrontar este fin con una conciencia ecol\u00f3gica?\u00a0\" \/>\n<meta property=\"og:url\" content=\"https:\/\/luxiders.com\/es\/black-friday-piensa-antes-comprar\/\" \/>\n<meta property=\"og:site_name\" content=\"Sustainable Fashion - Eco Design - Healthy Lifestyle - Luxiders Magazine\" \/>\n<meta property=\"article:published_time\" content=\"2020-11-20T14:29:00+00:00\" \/>\n<meta property=\"article:modified_time\" content=\"2023-03-01T14:47:01+00:00\" \/>\n<meta property=\"og:image\" content=\"https:\/\/luxiders.com\/content\/uploads\/BLACK-F-xiaolong-wong-min.jpg\" \/>\n\t<meta property=\"og:image:width\" content=\"1773\" \/>\n\t<meta property=\"og:image:height\" content=\"1182\" \/>\n\t<meta property=\"og:image:type\" content=\"image\/jpeg\" \/>\n<meta name=\"author\" content=\"luxiders\" \/>\n<meta name=\"twitter:card\" content=\"summary_large_image\" \/>\n<meta name=\"twitter:label1\" content=\"Written by\" \/>\n\t<meta name=\"twitter:data1\" content=\"luxiders\" \/>\n<script type=\"application\/ld+json\" class=\"yoast-schema-graph\">{\"@context\":\"https:\/\/schema.org\",\"@graph\":[{\"@type\":\"Article\",\"@id\":\"https:\/\/luxiders.com\/es\/black-friday-piensa-antes-comprar\/#article\",\"isPartOf\":{\"@id\":\"https:\/\/luxiders.com\/es\/black-friday-piensa-antes-comprar\/\"},\"author\":{\"name\":\"luxiders\",\"@id\":\"https:\/\/luxiders.com\/es\/#\/schema\/person\/8632fa702ae2ce98f66c396254633de8\"},\"headline\":\"\u00bfTe han lavado el cerebro en el Black Friday? | Piensa antes de Comprar\",\"datePublished\":\"2020-11-20T14:29:00+00:00\",\"dateModified\":\"2023-03-01T14:47:01+00:00\",\"mainEntityOfPage\":{\"@id\":\"https:\/\/luxiders.com\/es\/black-friday-piensa-antes-comprar\/\"},\"wordCount\":13,\"publisher\":{\"@id\":\"https:\/\/luxiders.com\/es\/#organization\"},\"image\":{\"@id\":\"https:\/\/luxiders.com\/es\/black-friday-piensa-antes-comprar\/#primaryimage\"},\"thumbnailUrl\":\"https:\/\/luxiders.com\/content\/uploads\/BLACK-F-xiaolong-wong-min.jpg\",\"keywords\":[\"anti \u00e9tico\",\"black friday\",\"condiciones laborales\",\"conglomerados\",\"consumption\",\"desperdicio\",\"eco-friendly\",\"over consumption\",\"sobreconsumo\",\"sustainability\"],\"articleSection\":[\"Arte\/Cultura\",\"Moda\"],\"inLanguage\":\"es-ES\"},{\"@type\":\"WebPage\",\"@id\":\"https:\/\/luxiders.com\/es\/black-friday-piensa-antes-comprar\/\",\"url\":\"https:\/\/luxiders.com\/es\/black-friday-piensa-antes-comprar\/\",\"name\":\"\u00bfTe han lavado el cerebro en el Black Friday? | Detente antes de Comprar\",\"isPartOf\":{\"@id\":\"https:\/\/luxiders.com\/es\/#website\"},\"primaryImageOfPage\":{\"@id\":\"https:\/\/luxiders.com\/es\/black-friday-piensa-antes-comprar\/#primaryimage\"},\"image\":{\"@id\":\"https:\/\/luxiders.com\/es\/black-friday-piensa-antes-comprar\/#primaryimage\"},\"thumbnailUrl\":\"https:\/\/luxiders.com\/content\/uploads\/BLACK-F-xiaolong-wong-min.jpg\",\"datePublished\":\"2020-11-20T14:29:00+00:00\",\"dateModified\":\"2023-03-01T14:47:01+00:00\",\"description\":\"Ha llegado noviembre y las marcas han comenzado sus rebajas del Black Friday. \u00bfC\u00f3mo podemos afrontar este fin con una conciencia ecol\u00f3gica?\u00a0\",\"breadcrumb\":{\"@id\":\"https:\/\/luxiders.com\/es\/black-friday-piensa-antes-comprar\/#breadcrumb\"},\"inLanguage\":\"es-ES\",\"potentialAction\":[{\"@type\":\"ReadAction\",\"target\":[\"https:\/\/luxiders.com\/es\/black-friday-piensa-antes-comprar\/\"]}]},{\"@type\":\"ImageObject\",\"inLanguage\":\"es-ES\",\"@id\":\"https:\/\/luxiders.com\/es\/black-friday-piensa-antes-comprar\/#primaryimage\",\"url\":\"https:\/\/luxiders.com\/content\/uploads\/BLACK-F-xiaolong-wong-min.jpg\",\"contentUrl\":\"https:\/\/luxiders.com\/content\/uploads\/BLACK-F-xiaolong-wong-min.jpg\",\"width\":1773,\"height\":1182},{\"@type\":\"BreadcrumbList\",\"@id\":\"https:\/\/luxiders.com\/es\/black-friday-piensa-antes-comprar\/#breadcrumb\",\"itemListElement\":[{\"@type\":\"ListItem\",\"position\":1,\"name\":\"Startseite\",\"item\":\"https:\/\/luxiders.com\/es\/\"},{\"@type\":\"ListItem\",\"position\":2,\"name\":\"Moda\",\"item\":\"https:\/\/luxiders.com\/es\/category\/moda-sostenible-lujo\/\"},{\"@type\":\"ListItem\",\"position\":3,\"name\":\"\u00bfTe han lavado el cerebro en el Black Friday? | Piensa antes de Comprar\"}]},{\"@type\":\"WebSite\",\"@id\":\"https:\/\/luxiders.com\/es\/#website\",\"url\":\"https:\/\/luxiders.com\/es\/\",\"name\":\"Sustainable Fashion - Eco Design - Healthy Lifestyle - Luxiders Magazine\",\"description\":\"Luxiders is a sustainable luxury magazine highlighting the best stories about sustainable fashion, ethical fashion, eco-friendly design, green design, sustainable travel, natural beauty, organic beauty and healthy lifestyle. Know the best high-end, progressive and luxury sustainable brands and designers worldwide.\",\"publisher\":{\"@id\":\"https:\/\/luxiders.com\/es\/#organization\"},\"potentialAction\":[{\"@type\":\"SearchAction\",\"target\":{\"@type\":\"EntryPoint\",\"urlTemplate\":\"https:\/\/luxiders.com\/es\/?s={search_term_string}\"},\"query-input\":{\"@type\":\"PropertyValueSpecification\",\"valueRequired\":true,\"valueName\":\"search_term_string\"}}],\"inLanguage\":\"es-ES\"},{\"@type\":\"Organization\",\"@id\":\"https:\/\/luxiders.com\/es\/#organization\",\"name\":\"Sustainable Fashion - Eco Design - Healthy Lifestyle - Luxiders Magazine\",\"url\":\"https:\/\/luxiders.com\/es\/\",\"logo\":{\"@type\":\"ImageObject\",\"inLanguage\":\"es-ES\",\"@id\":\"https:\/\/luxiders.com\/es\/#\/schema\/logo\/image\/\",\"url\":\"https:\/\/luxiders.com\/content\/uploads\/lux-logo.svg\",\"contentUrl\":\"https:\/\/luxiders.com\/content\/uploads\/lux-logo.svg\",\"caption\":\"Sustainable Fashion - Eco Design - Healthy Lifestyle - Luxiders Magazine\"},\"image\":{\"@id\":\"https:\/\/luxiders.com\/es\/#\/schema\/logo\/image\/\"}},{\"@type\":\"Person\",\"@id\":\"https:\/\/luxiders.com\/es\/#\/schema\/person\/8632fa702ae2ce98f66c396254633de8\",\"name\":\"luxiders\",\"url\":\"https:\/\/luxiders.com\/es\/author\/luxiders\/\"}]}<\/script>","yoast_head_json":{"title":"\u00bfTe han lavado el cerebro en el Black Friday? | Detente antes de Comprar","description":"Ha llegado noviembre y las marcas han comenzado sus rebajas del Black Friday. \u00bfC\u00f3mo podemos afrontar este fin con una conciencia ecol\u00f3gica?\u00a0","robots":{"index":"index","follow":"follow","max-snippet":"max-snippet:-1","max-image-preview":"max-image-preview:large","max-video-preview":"max-video-preview:-1"},"canonical":"https:\/\/luxiders.com\/es\/black-friday-piensa-antes-comprar\/","og_locale":"es_ES","og_type":"article","og_title":"\u00bfTe han lavado el cerebro en el Black Friday? | Detente antes de Comprar","og_description":"Ha llegado noviembre y las marcas han comenzado sus rebajas del Black Friday. \u00bfC\u00f3mo podemos afrontar este fin con una conciencia ecol\u00f3gica?\u00a0","og_url":"https:\/\/luxiders.com\/es\/black-friday-piensa-antes-comprar\/","og_site_name":"Sustainable Fashion - Eco Design - Healthy Lifestyle - Luxiders Magazine","article_published_time":"2020-11-20T14:29:00+00:00","article_modified_time":"2023-03-01T14:47:01+00:00","og_image":[{"width":1773,"height":1182,"url":"https:\/\/luxiders.com\/content\/uploads\/BLACK-F-xiaolong-wong-min.jpg","type":"image\/jpeg"}],"author":"luxiders","twitter_card":"summary_large_image","twitter_misc":{"Written by":"luxiders"},"schema":{"@context":"https:\/\/schema.org","@graph":[{"@type":"Article","@id":"https:\/\/luxiders.com\/es\/black-friday-piensa-antes-comprar\/#article","isPartOf":{"@id":"https:\/\/luxiders.com\/es\/black-friday-piensa-antes-comprar\/"},"author":{"name":"luxiders","@id":"https:\/\/luxiders.com\/es\/#\/schema\/person\/8632fa702ae2ce98f66c396254633de8"},"headline":"\u00bfTe han lavado el cerebro en el Black Friday? | Piensa antes de Comprar","datePublished":"2020-11-20T14:29:00+00:00","dateModified":"2023-03-01T14:47:01+00:00","mainEntityOfPage":{"@id":"https:\/\/luxiders.com\/es\/black-friday-piensa-antes-comprar\/"},"wordCount":13,"publisher":{"@id":"https:\/\/luxiders.com\/es\/#organization"},"image":{"@id":"https:\/\/luxiders.com\/es\/black-friday-piensa-antes-comprar\/#primaryimage"},"thumbnailUrl":"https:\/\/luxiders.com\/content\/uploads\/BLACK-F-xiaolong-wong-min.jpg","keywords":["anti \u00e9tico","black friday","condiciones laborales","conglomerados","consumption","desperdicio","eco-friendly","over consumption","sobreconsumo","sustainability"],"articleSection":["Arte\/Cultura","Moda"],"inLanguage":"es-ES"},{"@type":"WebPage","@id":"https:\/\/luxiders.com\/es\/black-friday-piensa-antes-comprar\/","url":"https:\/\/luxiders.com\/es\/black-friday-piensa-antes-comprar\/","name":"\u00bfTe han lavado el cerebro en el Black Friday? | Detente antes de Comprar","isPartOf":{"@id":"https:\/\/luxiders.com\/es\/#website"},"primaryImageOfPage":{"@id":"https:\/\/luxiders.com\/es\/black-friday-piensa-antes-comprar\/#primaryimage"},"image":{"@id":"https:\/\/luxiders.com\/es\/black-friday-piensa-antes-comprar\/#primaryimage"},"thumbnailUrl":"https:\/\/luxiders.com\/content\/uploads\/BLACK-F-xiaolong-wong-min.jpg","datePublished":"2020-11-20T14:29:00+00:00","dateModified":"2023-03-01T14:47:01+00:00","description":"Ha llegado noviembre y las marcas han comenzado sus rebajas del Black Friday. \u00bfC\u00f3mo podemos afrontar este fin con una conciencia ecol\u00f3gica?\u00a0","breadcrumb":{"@id":"https:\/\/luxiders.com\/es\/black-friday-piensa-antes-comprar\/#breadcrumb"},"inLanguage":"es-ES","potentialAction":[{"@type":"ReadAction","target":["https:\/\/luxiders.com\/es\/black-friday-piensa-antes-comprar\/"]}]},{"@type":"ImageObject","inLanguage":"es-ES","@id":"https:\/\/luxiders.com\/es\/black-friday-piensa-antes-comprar\/#primaryimage","url":"https:\/\/luxiders.com\/content\/uploads\/BLACK-F-xiaolong-wong-min.jpg","contentUrl":"https:\/\/luxiders.com\/content\/uploads\/BLACK-F-xiaolong-wong-min.jpg","width":1773,"height":1182},{"@type":"BreadcrumbList","@id":"https:\/\/luxiders.com\/es\/black-friday-piensa-antes-comprar\/#breadcrumb","itemListElement":[{"@type":"ListItem","position":1,"name":"Startseite","item":"https:\/\/luxiders.com\/es\/"},{"@type":"ListItem","position":2,"name":"Moda","item":"https:\/\/luxiders.com\/es\/category\/moda-sostenible-lujo\/"},{"@type":"ListItem","position":3,"name":"\u00bfTe han lavado el cerebro en el Black Friday? | Piensa antes de Comprar"}]},{"@type":"WebSite","@id":"https:\/\/luxiders.com\/es\/#website","url":"https:\/\/luxiders.com\/es\/","name":"Sustainable Fashion - Eco Design - Healthy Lifestyle - Luxiders Magazine","description":"Luxiders is a sustainable luxury magazine highlighting the best stories about sustainable fashion, ethical fashion, eco-friendly design, green design, sustainable travel, natural beauty, organic beauty and healthy lifestyle. Know the best high-end, progressive and luxury sustainable brands and designers worldwide.","publisher":{"@id":"https:\/\/luxiders.com\/es\/#organization"},"potentialAction":[{"@type":"SearchAction","target":{"@type":"EntryPoint","urlTemplate":"https:\/\/luxiders.com\/es\/?s={search_term_string}"},"query-input":{"@type":"PropertyValueSpecification","valueRequired":true,"valueName":"search_term_string"}}],"inLanguage":"es-ES"},{"@type":"Organization","@id":"https:\/\/luxiders.com\/es\/#organization","name":"Sustainable Fashion - Eco Design - Healthy Lifestyle - Luxiders Magazine","url":"https:\/\/luxiders.com\/es\/","logo":{"@type":"ImageObject","inLanguage":"es-ES","@id":"https:\/\/luxiders.com\/es\/#\/schema\/logo\/image\/","url":"https:\/\/luxiders.com\/content\/uploads\/lux-logo.svg","contentUrl":"https:\/\/luxiders.com\/content\/uploads\/lux-logo.svg","caption":"Sustainable Fashion - Eco Design - Healthy Lifestyle - Luxiders Magazine"},"image":{"@id":"https:\/\/luxiders.com\/es\/#\/schema\/logo\/image\/"}},{"@type":"Person","@id":"https:\/\/luxiders.com\/es\/#\/schema\/person\/8632fa702ae2ce98f66c396254633de8","name":"luxiders","url":"https:\/\/luxiders.com\/es\/author\/luxiders\/"}]}},"_links":{"self":[{"href":"https:\/\/luxiders.com\/es\/wp-json\/wp\/v2\/posts\/16338","targetHints":{"allow":["GET"]}}],"collection":[{"href":"https:\/\/luxiders.com\/es\/wp-json\/wp\/v2\/posts"}],"about":[{"href":"https:\/\/luxiders.com\/es\/wp-json\/wp\/v2\/types\/post"}],"author":[{"embeddable":true,"href":"https:\/\/luxiders.com\/es\/wp-json\/wp\/v2\/users\/2"}],"replies":[{"embeddable":true,"href":"https:\/\/luxiders.com\/es\/wp-json\/wp\/v2\/comments?post=16338"}],"version-history":[{"count":3,"href":"https:\/\/luxiders.com\/es\/wp-json\/wp\/v2\/posts\/16338\/revisions"}],"predecessor-version":[{"id":16355,"href":"https:\/\/luxiders.com\/es\/wp-json\/wp\/v2\/posts\/16338\/revisions\/16355"}],"wp:featuredmedia":[{"embeddable":true,"href":"https:\/\/luxiders.com\/es\/wp-json\/wp\/v2\/media\/16344"}],"wp:attachment":[{"href":"https:\/\/luxiders.com\/es\/wp-json\/wp\/v2\/media?parent=16338"}],"wp:term":[{"taxonomy":"category","embeddable":true,"href":"https:\/\/luxiders.com\/es\/wp-json\/wp\/v2\/categories?post=16338"},{"taxonomy":"post_tag","embeddable":true,"href":"https:\/\/luxiders.com\/es\/wp-json\/wp\/v2\/tags?post=16338"}],"curies":[{"name":"wp","href":"https:\/\/api.w.org\/{rel}","templated":true}]}}