{"id":17627,"date":"2019-08-29T20:01:00","date_gmt":"2019-08-29T18:01:00","guid":{"rendered":"http:\/\/luxiders.com.w01cc729.kasserver.com\/sustainable-wishlist-september\/"},"modified":"2023-03-07T17:30:28","modified_gmt":"2023-03-07T16:30:28","slug":"marcas-sostenibles-wishlist-septiembre-2019-2","status":"publish","type":"post","link":"https:\/\/luxiders.com\/es\/marcas-sostenibles-wishlist-septiembre-2019-2\/","title":{"rendered":"Marcas sostenibles para entrar en septiembre con aires eco-conscientes"},"content":{"rendered":"    <section id=\"textblock-block_30631832cb0e1d8d769a9ccfd1d6b689\" class=\"section position-relative gp-block gp-textblock pt-0 pb-0\">\n        <div class=\"container\">\n            <div class=\"row g-0\">\n                <div class=\"col-lg-12 content\" data-aos=\"fade-in\" data-aos-duration=\"1000\">\n                                                                                    <div class=\"intro \">\n                            <p style=\"text-align: center;\">Los consumidores son cada vez m\u00e1s conscientes de d\u00f3nde provienen sus prendas, y es vital que, como colectivo, necesitemos actuar de manera inminente para revertir algunos efectos devastadores del sector del consumo en general. Conoce nuestros nuevos descubrimientos 100% sostenibles, prendas recicladas y trabajos \u00fanicos hechos a mano que te recomendamos este mes. Dise\u00f1o, sostenibilidad y conciencia de un vistazo.<\/p>\n<p>&nbsp;<\/p>\n<p style=\"text-align: center;\"><strong>Sponsored Post<\/strong><\/p>\n                        <\/div>\n                                                                                                <\/div>\n            <\/div>\n        <\/div>\n    <\/section>\n    \n\n    <section id=\"newsletter-block_5fa3438d9ca3cf9b333d5a34ad902605\" class=\"section position-relative gp-block gp-newsletter pt-0 pb-0 my-5\">\n        <div class=\"container\">\n            <div class=\"row g-0 pt-4 pb-3\">\n                <div class=\"col-lg-12 content text-center border pt-3\" data-aos=\"fade-in\" data-aos-duration=\"1000\">\n                                            <p><em>Para recibir el Newsletter de Luxiders Magazine,\u00a0<a href=\"https:\/\/landing.mailerlite.com\/webforms\/landing\/w2a1t0\" target=\"_blank\" rel=\"noopener\">suscr\u00edbete aqu\u00ed<\/a><\/em><\/p>\n                                    <\/div>\n            <\/div>\n        <\/div>\n    <\/section>\n    \n\n    <section id=\"media-block_bd91c9841b266c513ab9908f543932e0\" class=\"section position-relative gp-block gp-media pt-0 pb-0\">\n        <div class=\"container\">\n            <div class=\"row g-0\">\n                <div class=\"col-lg-12 content\" data-aos=\"fade-in\" data-aos-duration=\"1000\">\n                                        <h1><\/h1>\n<h1>Vestido Maia de Danielle File<\/h1>\n<p><strong>Por qu\u00e9 comprarlo:<\/strong>\u00a0Fresco y c\u00f3modo, el vestido blanco 100% lino de Maia es una opci\u00f3n \u00f3ptima para viajar y relajarse en verano. Con esta colecci\u00f3n de lujo para el viajero moderno, Danielle Fichera demuestra que viajar no tiene que ser a expensas de nuestro planeta. Creando ropa de resort de moda de algod\u00f3n org\u00e1nico italiano, esta l\u00ednea de colecciones peque\u00f1as es una opci\u00f3n m\u00e1s sostenible. Producida localmente, esta elegante l\u00ednea tambi\u00e9n ayuda a organizaciones ben\u00e9ficas para mujeres, por lo que son prendas con las que realmente podemos relajarnos cuando las usamos.<\/p>\n<p><strong>Lo que m\u00e1s nos gusta:<\/strong> Danielle Fichera est\u00e1 orgullosamente comprometida con el uso de materiales sostenibles y la fabricaci\u00f3n \u00e9tica. Ha investigado cuidadosamente las pr\u00e1cticas de fabricaci\u00f3n de telas y prendas de vestir, entendiendo los profundos impactos que tienen en el medio ambiente, las personas y las econom\u00edas involucradas. Cree que es nuestra responsabilidad participar en la moda de una manera que disminuya los efectos tradicionales en el medio ambiente y solo aumente nuestros efectos positivos en las personas involucradas. Con esto en mente, adopta un nuevo enfoque circular de la moda, limita sus patrones y reutiliza sus telas. En lugar de crear residuos innecesarios temporada tras temporada, crea estilos atemporales dise\u00f1ados deliberadamente para durar a\u00f1os en lugar de meses.<\/p>\n<p><strong>Precio:<\/strong> \u20ac 716 &#8211; \u00a3 795 | <strong>C\u00f3mpralo ahora:<\/strong> <a class=\"\" href=\"https:\/\/shop.daniellefichera.com\/collections\/resort-2020\" target=\"_blank\" rel=\"noopener\">Danielle Fichera<\/a><\/p>\n<p>&nbsp;<\/p>\n<p>&nbsp;<\/p>\n                                    <\/div>\n            <\/div>\n            <div class=\"row g-0\">\n                <div class=\"col-lg-12 img-scaled\">\n                                                                                                                                                <figure class=\"mb-4 pt-lg-2 mb-lg-2 ps-lg-2 pe-lg-2\" data-aos=\"fade-up\" data-aos-duration=\"1000\"><div class=\"img-container\"><img loading=\"lazy\" decoding=\"async\" width=\"800\" height=\"1200\" src=\"https:\/\/luxiders.com\/content\/uploads\/W_Danielle-Fichera-R2020_0023_SHOT_03-029-1.jpg\" class=\"img-fluid w-100\" alt=\"\" srcset=\"https:\/\/luxiders.com\/content\/uploads\/W_Danielle-Fichera-R2020_0023_SHOT_03-029-1.jpg 800w, https:\/\/luxiders.com\/content\/uploads\/W_Danielle-Fichera-R2020_0023_SHOT_03-029-1-200x300.jpg 200w, https:\/\/luxiders.com\/content\/uploads\/W_Danielle-Fichera-R2020_0023_SHOT_03-029-1-768x1152.jpg 768w, https:\/\/luxiders.com\/content\/uploads\/W_Danielle-Fichera-R2020_0023_SHOT_03-029-1-683x1024.jpg 683w\" sizes=\"(max-width: 800px) 100vw, 800px\" \/><\/div><\/figure>                                                                                            <\/div>\n                                            <\/div>\n        <\/div>\n    <\/section>\n    \n\n    <section id=\"media-block_79f7a843fb8df1db64afe585925dca0d\" class=\"section position-relative gp-block gp-media pt-0 pb-0\">\n        <div class=\"container\">\n            <div class=\"row g-0\">\n                <div class=\"col-lg-12 content\" data-aos=\"fade-in\" data-aos-duration=\"1000\">\n                                        <p>&nbsp;<\/p>\n<h1 class=\"result-shield-container tlid-copy-target\" tabindex=\"0\"><span class=\"tlid-translation translation\" lang=\"es\">T\u00fanicas T-Cloth de Worldpearlslove<\/span><\/h1>\n<p class=\"result-shield-container tlid-copy-target\" tabindex=\"0\"><span class=\"tlid-translation translation\" lang=\"es\"><strong>Por qu\u00e9 comprarlas:<\/strong>\u00a0Las t\u00fanicas T-Cloth est\u00e1n hechas a mano por Worldpearlslove en Alemania. Todas est\u00e1n hechas de manteles vintage y \u00fanicos que se encuentran en lugares especiales de todo el mundo. Cada t\u00fanica T-Cloth est\u00e1 realizada en una sola pieza. Una talla para todos, pero depende de tu estilo y de c\u00f3mo te gusta vestirte, m\u00e1s suelta o m\u00e1s ajustada. La ropa de mesa con la que est\u00e1n realizadas existe desde hace muchos a\u00f1os y puede tener peque\u00f1as inclusiones y leves imperfecciones en su material. Son estas peque\u00f1as particularidades las que hacen que las piezas individuales sean tan especiales y cuenten historias aut\u00e9nticas sobre personas, amor y amistad.<\/span><\/p>\n<p><strong>Lo que m\u00e1s nos gusta:<\/strong> Han pasado cuatro a\u00f1os desde que los dos berlineses Carsten y Carlotta Teubel emprendieran su viaje alrededor del mundo. La misi\u00f3n era descubrir las perlas del mundo: todos los pa\u00edses y su belleza \u00fanica, sus diversas culturas y pueblos. Inspirada en estas perlas, naci\u00f3 la marca de moda de alta gama Worldpearlslove. Deseando hacer una contribuci\u00f3n a un futuro sostenible, comenzaron a hacer piezas exclusivas y \u00fanicas de materiales vintage. La colecci\u00f3n impresiona no solo por los materiales especiales y la mano de obra de alta calidad, sino por las historias con las que uno puede so\u00f1ar: \u00bfqu\u00e9 festivales se celebraron sobre los manteles? \u00bfQui\u00e9n puso todo ese amor en la pasamaner\u00eda? En el proceso, el trabajo exclusivo de Worldpearlslove est\u00e1 vibra en la atenci\u00f3n a los detalles y el respeto al medio ambiente.<\/p>\n<p><strong>Precio:<\/strong> 420 &#8211; 460 \u20ac | $ 470 &#8211; 510 USD | <strong>C\u00f3mpralo ahora: <\/strong><strong class=\"\"><span class=\"\"><a class=\"\" href=\"https:\/\/www.worldpearlslove.com\/\" target=\"_blank\" rel=\"noopener\">Worldpearlslove<\/a><\/span><\/strong><\/p>\n<p>&nbsp;<\/p>\n                                    <\/div>\n            <\/div>\n            <div class=\"row g-0\">\n                <div class=\"col-lg-12 img-scaled\">\n                                                                                                                                                <figure class=\"mb-4 pt-lg-2 mb-lg-2 ps-lg-2 pe-lg-2\" data-aos=\"fade-up\" data-aos-duration=\"1000\"><div class=\"img-container\"><img loading=\"lazy\" decoding=\"async\" width=\"800\" height=\"1000\" src=\"https:\/\/luxiders.com\/content\/uploads\/W_1.jpg\" class=\"img-fluid w-100\" alt=\"\" srcset=\"https:\/\/luxiders.com\/content\/uploads\/W_1.jpg 800w, https:\/\/luxiders.com\/content\/uploads\/W_1-240x300.jpg 240w, https:\/\/luxiders.com\/content\/uploads\/W_1-768x960.jpg 768w\" sizes=\"(max-width: 800px) 100vw, 800px\" \/><\/div><\/figure>                                                                                            <\/div>\n                                            <\/div>\n        <\/div>\n    <\/section>\n    \n\n    <section id=\"media-block_015be70a9e93e68b0697c32e4db0e479\" class=\"section position-relative gp-block gp-media pt-0 pb-0\">\n        <div class=\"container\">\n            <div class=\"row g-0\">\n                <div class=\"col-lg-12 content\" data-aos=\"fade-in\" data-aos-duration=\"1000\">\n                                        <p>&nbsp;<\/p>\n<h1>Kaftan de The Circular Project<\/h1>\n<p><strong>Por qu\u00e9 comprarlo:<\/strong> Las delicadas prendas de la marca Mumtoz est\u00e1n hechas a mano con algod\u00f3n o seda de viejos telares hechos a mano de Uzbekist\u00e1n (el pa\u00eds natal de su creador) con una t\u00e9cnica antigua llamada &#8220;Ikat&#8221;. Este nombre proviene del verbo indonesio &#8220;menhikat&#8221;, que significa &#8220;atar&#8221;. Se hace exclusivamente a mano y consiste en atar los hilos en paquetes peque\u00f1os y te\u00f1irlos con colores. Al tejer, surge el patr\u00f3n &#8230; Las colecciones se crean lenta y \u00e9ticamente en Espa\u00f1a. Cada pieza es \u00fanica.<\/p>\n<p><strong>Lo que m\u00e1s nos gusta:<\/strong> Mumtoz significa &#8220;joya&#8221;. La marca nos propone disfrutar de prendas \u00fanicas, acerc\u00e1ndonos a las tradiciones centenarias de la Ruta de la Seda que llegan a nuestros d\u00edas en forma de textiles y piezas exquisitas. Su propuesta de valor: rescatar antiguas tradiciones textiles y actualizarlas en sus vers\u00e1tiles prendas artesanales, con tejidos naturales de alta calidad. Prendas que nos acompa\u00f1ar\u00e1n durante a\u00f1os &#8230;<\/p>\n<p><strong>Precio<\/strong>:\u00a0300 \u20ac \/ $ 332 USD | \u00a0<strong>C\u00f3mpralo ahora: <a class=\"\" href=\"https:\/\/thecircularproject.com\/\" target=\"_blank\" rel=\"noopener\">The Circular Project<\/a><\/strong><\/p>\n<p>&nbsp;<\/p>\n                                    <\/div>\n            <\/div>\n            <div class=\"row g-0\">\n                <div class=\"col-lg-12 img-scaled\">\n                                                                                                                                                <figure class=\"mb-4 pt-lg-2 mb-lg-2 ps-lg-2 pe-lg-2\" data-aos=\"fade-up\" data-aos-duration=\"1000\"><div class=\"img-container\"><img loading=\"lazy\" decoding=\"async\" width=\"800\" height=\"1200\" src=\"https:\/\/luxiders.com\/content\/uploads\/W_Carsten.jpg\" class=\"img-fluid w-100\" alt=\"\" srcset=\"https:\/\/luxiders.com\/content\/uploads\/W_Carsten.jpg 800w, https:\/\/luxiders.com\/content\/uploads\/W_Carsten-200x300.jpg 200w, https:\/\/luxiders.com\/content\/uploads\/W_Carsten-768x1152.jpg 768w, https:\/\/luxiders.com\/content\/uploads\/W_Carsten-683x1024.jpg 683w\" sizes=\"(max-width: 800px) 100vw, 800px\" \/><\/div><\/figure>                                                                                            <\/div>\n                                            <\/div>\n        <\/div>\n    <\/section>\n    \n\n    <section id=\"media-block_894e883982687869681d9dcc65a6aed6\" class=\"section position-relative gp-block gp-media pt-0 pb-0\">\n        <div class=\"container\">\n            <div class=\"row g-0\">\n                <div class=\"col-lg-12 content\" data-aos=\"fade-in\" data-aos-duration=\"1000\">\n                                        <p>&nbsp;<\/p>\n<h1 class=\"\">Ba\u00f1ador Bonnie de En.Widmer<\/h1>\n<p><strong>Por qu\u00e9 comprarlo:<\/strong> En.Widmer \u2013fon\u00e9ticamente \u2018Envie de Mer\u2019\u2013 estrena su primer Kollektion \u00d6 fusionando una calidad misteriosa y art\u00edstica con la facilidad y versatilidad de los trajes de ba\u00f1o. En.Widmer presenta una atractiva campa\u00f1a junto al lago t\u00edpico de Suiza y se esfuerza por ser completamente sostenible. La compa\u00f1\u00eda utiliza textiles 100% biol\u00f3gicos hechos de aceite de semilla de ricino. La tela y el traje de ba\u00f1o se crean en Italia, manteniendo una alta calidad de fabricaci\u00f3n y la \u00e9tica laboral en su m\u00e1xima expresi\u00f3n. Todos los materiales de embalaje son reutilizables o reciclados.<\/p>\n<p><strong>Lo que m\u00e1s nos gusta:<\/strong> Bonnie es su pieza \u00fanica con tiras delgadas y detalles de corte alrededor del abdomen y la parte media de la espalda. El tacto de todos los trajes de ba\u00f1o de la marca es suave y permite un estiramiento compacto, adapt\u00e1ndose a m\u00faltiples tipos de cuerpo. Recibes tu traje de ba\u00f1o en una bolsa \u00fanica, cosida a mano con textiles que la dise\u00f1adora Nathalie Widmer ha recogido y reciclado durante algunos a\u00f1os. Adem\u00e1s, En.Widmer se compromete a otorgar el 15% de las ganancias de la compa\u00f1\u00eda al instituto Chaikuni que se enfoca en preservar las culturas ind\u00edgenas peruanas en armon\u00eda con la selva amaz\u00f3nica. La marca es cautivadora con integridad: misteriosa pero transparente en la pr\u00e1ctica.<\/p>\n<p><strong>Precio:<\/strong> 180 \u20ac &#8211; $ 200 USD | C<strong>\u00f3mpralo ahora:<\/strong> <strong class=\"\"><a class=\"\" href=\"https:\/\/enwidmer.com\/\" target=\"_blank\" rel=\"noopener\">En.Widmer<\/a><\/strong><\/p>\n<p>&nbsp;<\/p>\n<p>&nbsp;<\/p>\n<p>&nbsp;<\/p>\n                                    <\/div>\n            <\/div>\n            <div class=\"row g-0\">\n                <div class=\"col-lg-12 img-scaled\">\n                                                                                                                                                <figure class=\"mb-4 pt-lg-2 mb-lg-2 ps-lg-2 pe-lg-2\" data-aos=\"fade-up\" data-aos-duration=\"1000\"><div class=\"img-container\"><img loading=\"lazy\" decoding=\"async\" width=\"800\" height=\"1018\" src=\"https:\/\/luxiders.com\/content\/uploads\/W_Swim.jpg\" class=\"img-fluid w-100\" alt=\"\" srcset=\"https:\/\/luxiders.com\/content\/uploads\/W_Swim.jpg 800w, https:\/\/luxiders.com\/content\/uploads\/W_Swim-236x300.jpg 236w, https:\/\/luxiders.com\/content\/uploads\/W_Swim-768x977.jpg 768w\" sizes=\"(max-width: 800px) 100vw, 800px\" \/><\/div><\/figure>                                                                                            <\/div>\n                                            <\/div>\n        <\/div>\n    <\/section>\n    \n\n    <section id=\"media-block_f89e203d95a524338da661d8bbcc54c3\" class=\"section position-relative gp-block gp-media pt-0 pb-0\">\n        <div class=\"container\">\n            <div class=\"row g-0\">\n                <div class=\"col-lg-12 content\" data-aos=\"fade-in\" data-aos-duration=\"1000\">\n                                        <p>&nbsp;<\/p>\n<h1>Zapatos de estilo ecol\u00f3gico de Ankleco<\/h1>\n<p><strong>Por qu\u00e9 comprarlos:<\/strong> Ankleco fabrica calzado elegante, \u00e9tico y sostenible que es c\u00f3modo y duradero. Desde el dise\u00f1o, la producci\u00f3n y la fabricaci\u00f3n, la sostenibilidad est\u00e1 en cada detalle de estos zapatos. Por ejemplo, se niegan a usar piezas de metal en la parte superior del zapato, porque quieren que todo el zapato se descomponga y se recicle en su totalidad. Dise\u00f1ados en Londres, producidos en Shanghai, los zapatos de Ankleco est\u00e1n realizados en un taller \u00e9tico alineado con los valores de su marca. Sus meticulosas habilidades artesanales y su esfuerzo es la diferencia entre los zapatos de Ankleco y otros zapatos.<\/p>\n<p><strong>Lo que m\u00e1s nos gusta:<\/strong>\u00a0Inspirada en la estrella de la ma\u00f1ana, su colecci\u00f3n Eosphorus es un &#8220;remake&#8221; cl\u00e1sico con una silueta actualizada. Es un zapato \u00fanico, atemporal y ecol\u00f3gico. La parte superior de los zapatos est\u00e1 hecha con botellas PET 100% recicladas. Su forro de tela de carb\u00f3n de bamb\u00fa, con propiedades naturales anti-olor, mantiene tus pies frescos. La plantilla de l\u00e1tex natural est\u00e1 cubierta con tela Coffee Grind, que proporciona una base transpirable y c\u00f3moda. La suela de goma natural crep\u00e9 proporciona una excelente tracci\u00f3n y amortiguaci\u00f3n para los pies. La colecci\u00f3n es 100% vegana.<\/p>\n<p><strong>Precio:<\/strong> 110-165 \u20ac \/ $ 120- 180 USD | <strong>C\u00f3mpralo ahora:<\/strong>\u00a0<strong class=\"\"><a class=\"\" href=\"https:\/\/ankleco.co.uk\/eosphorus\" target=\"_blank\" rel=\"noopener\">Ankleco<\/a><\/strong><\/p>\n<p>&nbsp;<\/p>\n                                    <\/div>\n            <\/div>\n            <div class=\"row g-0\">\n                <div class=\"col-lg-12 img-scaled\">\n                                                                                                                                                <figure class=\"mb-4 pt-lg-2 mb-lg-2 ps-lg-2 pe-lg-2\" data-aos=\"fade-up\" data-aos-duration=\"1000\"><div class=\"img-container\"><img loading=\"lazy\" decoding=\"async\" width=\"800\" height=\"1132\" src=\"https:\/\/luxiders.com\/content\/uploads\/W_Ankle2.jpg\" class=\"img-fluid w-100\" alt=\"\" srcset=\"https:\/\/luxiders.com\/content\/uploads\/W_Ankle2.jpg 800w, https:\/\/luxiders.com\/content\/uploads\/W_Ankle2-212x300.jpg 212w, https:\/\/luxiders.com\/content\/uploads\/W_Ankle2-768x1087.jpg 768w, https:\/\/luxiders.com\/content\/uploads\/W_Ankle2-724x1024.jpg 724w\" sizes=\"(max-width: 800px) 100vw, 800px\" \/><\/div><\/figure>                                                                                            <\/div>\n                                            <\/div>\n        <\/div>\n    <\/section>\n    \n\n    <section id=\"media-block_7f2a2baa0672990881abbf40c60e1268\" class=\"section position-relative gp-block gp-media pt-0 pb-0\">\n        <div class=\"container\">\n            <div class=\"row g-0\">\n                <div class=\"col-lg-12 content\" data-aos=\"fade-in\" data-aos-duration=\"1000\">\n                                        <p>&nbsp;<\/p>\n<h1>Seminyak One Piece de Santos Swim<\/h1>\n<p><strong>Por qu\u00e9 comprarlo:<\/strong> El Seminyak One Piece est\u00e1 hecho de nylon regenerado Econyl\u00ae al 78%, la fibra innovadora creada 100% a partir de desechos previos y posteriores al consumo, como alfombras, restos de tela, pl\u00e1stico industrial y redes de pesca abandonadas. Un porcentaje de cada compra se dona a la iniciativa ambiental Healthy Seas para ayudar a financiar la recuperaci\u00f3n de redes de pesca fantasma y transformarlas en nylon regenerado Econyl\u00ae. La obtenci\u00f3n de materiales sostenibles se extiende al embalaje; Santos Swim utiliza sobres publicitarios 100% reciclados + reciclables y revestimientos higi\u00e9nicos compostables.<\/p>\n<p><strong>Lo que m\u00e1s nos gusta:<\/strong> Santos Swim es una marca de trajes de ba\u00f1o con conciencia global que presenta piezas cl\u00e1sicas que encarnan la esencia de los destinos de todo el mundo. El Seminyak One Piece es parte de The Bali Collection, inspirada en la hermosa isla indonesia donde cada traje est\u00e1 cosido \u00e9ticamente. Dise\u00f1ada para ser multifuncional, esta elegante pieza \u00fanica tambi\u00e9n se puede usar como top y est\u00e1 disponible en tres colores. Nos encantan los sofisticados detalles de tiras y entrecruzados que acent\u00faan las curvas naturales del cuerpo femenino.<\/p>\n<p><strong>Precio:\u00a0<\/strong><span class=\"\">107 \u20ac\u00a0\u00a0&#8211;\u00a0$ 118 USD | <strong>C\u00f3mpralo ahora<\/strong><\/span><strong class=\"\">:\u00a0<a class=\"\" href=\"https:\/\/santosswim.com\/collections\/one-pieces\" target=\"_blank\" rel=\"noopener\">Santos Swim<\/a><\/strong><\/p>\n<p>&nbsp;<\/p>\n                                    <\/div>\n            <\/div>\n            <div class=\"row g-0\">\n                <div class=\"col-lg-12 img-scaled\">\n                                                                                                                                                <figure class=\"mb-4 pt-lg-2 mb-lg-2 ps-lg-2 pe-lg-2\" data-aos=\"fade-up\" data-aos-duration=\"1000\"><div class=\"img-container\"><img loading=\"lazy\" decoding=\"async\" width=\"800\" height=\"1200\" src=\"https:\/\/luxiders.com\/content\/uploads\/W_Santos.jpg\" class=\"img-fluid w-100\" alt=\"\" srcset=\"https:\/\/luxiders.com\/content\/uploads\/W_Santos.jpg 800w, https:\/\/luxiders.com\/content\/uploads\/W_Santos-200x300.jpg 200w, https:\/\/luxiders.com\/content\/uploads\/W_Santos-768x1152.jpg 768w, https:\/\/luxiders.com\/content\/uploads\/W_Santos-683x1024.jpg 683w\" sizes=\"(max-width: 800px) 100vw, 800px\" \/><\/div><\/figure>                                                                                            <\/div>\n                                            <\/div>\n        <\/div>\n    <\/section>\n    \n\n    <section id=\"media-block_6d376bd2390378906341ccdba262667a\" class=\"section position-relative gp-block gp-media pt-0 pb-0\">\n        <div class=\"container\">\n            <div class=\"row g-0\">\n                <div class=\"col-lg-12 content\" data-aos=\"fade-in\" data-aos-duration=\"1000\">\n                                        <p>&nbsp;<\/p>\n<h1>Luxiders Magazine Print #2<\/h1>\n<p><strong>Por qu\u00e9 comprarla<\/strong>: La primera revista de lujo sostenible hecha de residuos (papel reciclado) aspira a expandir el consumo responsable en todo el mundo, creando una cultura de respeto, con efectos positivos en la econom\u00eda, la sociedad y el medio ambiente al reducir la pobreza, el hambre, la contaminaci\u00f3n y el cambio clim\u00e1tico, as\u00ed como las desigualdades y aumento del bienestar, la justicia y la paz. El n\u00famero 2 te invita a sumergirte profundamente en el gran azul, nuestros oc\u00e9anos, y aprender a salvarlos haciendo peque\u00f1as cosas. Tambi\u00e9n le da el ant\u00eddoto contra el turismo de masas y explica por qu\u00e9 el veganismo est\u00e1 de moda, te presenta a los pioneros del movimiento &#8220;Zero Waste&#8221; y a innovadores en el dise\u00f1o del futuro, y mucho m\u00e1s &#8230;<\/p>\n<p><strong>Lo que m\u00e1s nos gusta<\/strong>:\u00a0 Todo! ;O) Luxiders Magazine N\u00famero 2 es un verdadero trabajo de amor. Cada palabra, cada imagen, cada prenda presentada ha sido cuidadosamente seleccionada para abrazar tu alma y llevarla a una mejor zona de confort, donde las imperfecciones sublimes interrumpen los c\u00f3digos establecidos. Se trata de la emancipaci\u00f3n del sentido com\u00fan, para el bien de nuestro futuro.<\/p>\n<p><strong><br \/>\nPrecio<\/strong>:\u00a0 12\u20ac- $13 USD | \u00a0<strong>C\u00f3mprala ahora<\/strong><strong>:<\/strong>\u00a0<a href=\"https:\/\/luxiders.com\/shop\/\" target=\"_blank\" rel=\"noopener\">Luxiders Shop<\/a><\/p>\n<p>&nbsp;<\/p>\n<p>&nbsp;<\/p>\n<p>&nbsp;<\/p>\n                                    <\/div>\n            <\/div>\n            <div class=\"row g-0\">\n                <div class=\"col-lg-12 img-scaled\">\n                                                                                                                                                <figure class=\"mb-4 pt-lg-2 mb-lg-2 ps-lg-2 pe-lg-2\" data-aos=\"fade-up\" data-aos-duration=\"1000\"><div class=\"img-container\"><img loading=\"lazy\" decoding=\"async\" width=\"700\" height=\"756\" src=\"https:\/\/luxiders.com\/content\/uploads\/cocorubio_photo-Luxiders-26-1.jpg\" class=\"img-fluid w-100\" alt=\"\" srcset=\"https:\/\/luxiders.com\/content\/uploads\/cocorubio_photo-Luxiders-26-1.jpg 700w, https:\/\/luxiders.com\/content\/uploads\/cocorubio_photo-Luxiders-26-1-278x300.jpg 278w\" sizes=\"(max-width: 700px) 100vw, 700px\" \/><\/div><\/figure>                                                                                            <\/div>\n                                            <\/div>\n        <\/div>\n    <\/section>\n    ","protected":false},"excerpt":{"rendered":"","protected":false},"author":2,"featured_media":17623,"comment_status":"closed","ping_status":"closed","sticky":false,"template":"","format":"standard","meta":{"_acf_changed":false,"footnotes":""},"categories":[130],"tags":[230,2036,193,359],"class_list":{"0":"post-17627","1":"post","2":"type-post","3":"status-publish","4":"format-standard","5":"has-post-thumbnail","7":"category-moda-sostenible-lujo","8":"tag-eco-friendly-es","9":"tag-sustainable-brands-es","10":"tag-sustainable-fashion-es","11":"tag-sustainable-luxury-es"},"acf":[],"yoast_head":"<title>Marcas Sostenibles | Lista de deseos para un septiembre eco-consciente<\/title>\n<meta name=\"description\" content=\"Una vez m\u00e1s, seleccionamos para ti las nuevas marcas de moda justa y productos sostenibles de todo el mundo para que puedas disfrutar de un estilo de vida sostenible y justo. Aqu\u00ed, nuestra lista de deseos de marcas sostenibles para este septiembre.\" \/>\n<meta name=\"robots\" content=\"index, follow, max-snippet:-1, max-image-preview:large, max-video-preview:-1\" \/>\n<link rel=\"canonical\" href=\"https:\/\/luxiders.com\/es\/marcas-sostenibles-wishlist-septiembre-2019-2\/\" \/>\n<meta property=\"og:locale\" content=\"es_ES\" \/>\n<meta property=\"og:type\" content=\"article\" \/>\n<meta property=\"og:title\" content=\"Marcas Sostenibles | Lista de deseos para un septiembre eco-consciente\" \/>\n<meta property=\"og:description\" content=\"Una vez m\u00e1s, seleccionamos para ti las nuevas marcas de moda justa y productos sostenibles de todo el mundo para que puedas disfrutar de un estilo de vida sostenible y justo. Aqu\u00ed, nuestra lista de deseos de marcas sostenibles para este septiembre.\" \/>\n<meta property=\"og:url\" content=\"https:\/\/luxiders.com\/es\/marcas-sostenibles-wishlist-septiembre-2019-2\/\" \/>\n<meta property=\"og:site_name\" content=\"Sustainable Fashion - Eco Design - Healthy Lifestyle - Luxiders Magazine\" \/>\n<meta property=\"article:published_time\" content=\"2019-08-29T18:01:00+00:00\" \/>\n<meta property=\"article:modified_time\" content=\"2023-03-07T16:30:28+00:00\" \/>\n<meta property=\"og:image\" content=\"https:\/\/luxiders.com\/content\/uploads\/W_intro.jpg\" \/>\n\t<meta property=\"og:image:width\" content=\"1330\" \/>\n\t<meta property=\"og:image:height\" content=\"886\" \/>\n\t<meta property=\"og:image:type\" content=\"image\/jpeg\" \/>\n<meta name=\"author\" content=\"luxiders\" \/>\n<meta name=\"twitter:card\" content=\"summary_large_image\" \/>\n<meta name=\"twitter:label1\" content=\"Written by\" \/>\n\t<meta name=\"twitter:data1\" content=\"luxiders\" \/>\n<script type=\"application\/ld+json\" class=\"yoast-schema-graph\">{\"@context\":\"https:\/\/schema.org\",\"@graph\":[{\"@type\":\"Article\",\"@id\":\"https:\/\/luxiders.com\/es\/marcas-sostenibles-wishlist-septiembre-2019-2\/#article\",\"isPartOf\":{\"@id\":\"https:\/\/luxiders.com\/es\/marcas-sostenibles-wishlist-septiembre-2019-2\/\"},\"author\":{\"name\":\"luxiders\",\"@id\":\"https:\/\/luxiders.com\/es\/#\/schema\/person\/8632fa702ae2ce98f66c396254633de8\"},\"headline\":\"Marcas sostenibles para entrar en septiembre con aires eco-conscientes\",\"datePublished\":\"2019-08-29T18:01:00+00:00\",\"dateModified\":\"2023-03-07T16:30:28+00:00\",\"mainEntityOfPage\":{\"@id\":\"https:\/\/luxiders.com\/es\/marcas-sostenibles-wishlist-septiembre-2019-2\/\"},\"wordCount\":9,\"publisher\":{\"@id\":\"https:\/\/luxiders.com\/es\/#organization\"},\"image\":{\"@id\":\"https:\/\/luxiders.com\/es\/marcas-sostenibles-wishlist-septiembre-2019-2\/#primaryimage\"},\"thumbnailUrl\":\"https:\/\/luxiders.com\/content\/uploads\/W_intro.jpg\",\"keywords\":[\"eco-friendly\",\"sustainable brands\",\"sustainable fashion\",\"Sustainable luxury\"],\"articleSection\":[\"Moda\"],\"inLanguage\":\"es-ES\"},{\"@type\":\"WebPage\",\"@id\":\"https:\/\/luxiders.com\/es\/marcas-sostenibles-wishlist-septiembre-2019-2\/\",\"url\":\"https:\/\/luxiders.com\/es\/marcas-sostenibles-wishlist-septiembre-2019-2\/\",\"name\":\"Marcas Sostenibles | Lista de deseos para un septiembre eco-consciente\",\"isPartOf\":{\"@id\":\"https:\/\/luxiders.com\/es\/#website\"},\"primaryImageOfPage\":{\"@id\":\"https:\/\/luxiders.com\/es\/marcas-sostenibles-wishlist-septiembre-2019-2\/#primaryimage\"},\"image\":{\"@id\":\"https:\/\/luxiders.com\/es\/marcas-sostenibles-wishlist-septiembre-2019-2\/#primaryimage\"},\"thumbnailUrl\":\"https:\/\/luxiders.com\/content\/uploads\/W_intro.jpg\",\"datePublished\":\"2019-08-29T18:01:00+00:00\",\"dateModified\":\"2023-03-07T16:30:28+00:00\",\"description\":\"Una vez m\u00e1s, seleccionamos para ti las nuevas marcas de moda justa y productos sostenibles de todo el mundo para que puedas disfrutar de un estilo de vida sostenible y justo. Aqu\u00ed, nuestra lista de deseos de marcas sostenibles para este septiembre.\",\"breadcrumb\":{\"@id\":\"https:\/\/luxiders.com\/es\/marcas-sostenibles-wishlist-septiembre-2019-2\/#breadcrumb\"},\"inLanguage\":\"es-ES\",\"potentialAction\":[{\"@type\":\"ReadAction\",\"target\":[\"https:\/\/luxiders.com\/es\/marcas-sostenibles-wishlist-septiembre-2019-2\/\"]}]},{\"@type\":\"ImageObject\",\"inLanguage\":\"es-ES\",\"@id\":\"https:\/\/luxiders.com\/es\/marcas-sostenibles-wishlist-septiembre-2019-2\/#primaryimage\",\"url\":\"https:\/\/luxiders.com\/content\/uploads\/W_intro.jpg\",\"contentUrl\":\"https:\/\/luxiders.com\/content\/uploads\/W_intro.jpg\",\"width\":1330,\"height\":886},{\"@type\":\"BreadcrumbList\",\"@id\":\"https:\/\/luxiders.com\/es\/marcas-sostenibles-wishlist-septiembre-2019-2\/#breadcrumb\",\"itemListElement\":[{\"@type\":\"ListItem\",\"position\":1,\"name\":\"Startseite\",\"item\":\"https:\/\/luxiders.com\/es\/\"},{\"@type\":\"ListItem\",\"position\":2,\"name\":\"Moda\",\"item\":\"https:\/\/luxiders.com\/es\/category\/moda-sostenible-lujo\/\"},{\"@type\":\"ListItem\",\"position\":3,\"name\":\"Marcas sostenibles para entrar en septiembre con aires eco-conscientes\"}]},{\"@type\":\"WebSite\",\"@id\":\"https:\/\/luxiders.com\/es\/#website\",\"url\":\"https:\/\/luxiders.com\/es\/\",\"name\":\"Sustainable Fashion - Eco Design - Healthy Lifestyle - Luxiders Magazine\",\"description\":\"Luxiders is a sustainable luxury magazine highlighting the best stories about sustainable fashion, ethical fashion, eco-friendly design, green design, sustainable travel, natural beauty, organic beauty and healthy lifestyle. Know the best high-end, progressive and luxury sustainable brands and designers worldwide.\",\"publisher\":{\"@id\":\"https:\/\/luxiders.com\/es\/#organization\"},\"potentialAction\":[{\"@type\":\"SearchAction\",\"target\":{\"@type\":\"EntryPoint\",\"urlTemplate\":\"https:\/\/luxiders.com\/es\/?s={search_term_string}\"},\"query-input\":{\"@type\":\"PropertyValueSpecification\",\"valueRequired\":true,\"valueName\":\"search_term_string\"}}],\"inLanguage\":\"es-ES\"},{\"@type\":\"Organization\",\"@id\":\"https:\/\/luxiders.com\/es\/#organization\",\"name\":\"Sustainable Fashion - Eco Design - Healthy Lifestyle - Luxiders Magazine\",\"url\":\"https:\/\/luxiders.com\/es\/\",\"logo\":{\"@type\":\"ImageObject\",\"inLanguage\":\"es-ES\",\"@id\":\"https:\/\/luxiders.com\/es\/#\/schema\/logo\/image\/\",\"url\":\"https:\/\/luxiders.com\/content\/uploads\/lux-logo.svg\",\"contentUrl\":\"https:\/\/luxiders.com\/content\/uploads\/lux-logo.svg\",\"caption\":\"Sustainable Fashion - Eco Design - Healthy Lifestyle - Luxiders Magazine\"},\"image\":{\"@id\":\"https:\/\/luxiders.com\/es\/#\/schema\/logo\/image\/\"}},{\"@type\":\"Person\",\"@id\":\"https:\/\/luxiders.com\/es\/#\/schema\/person\/8632fa702ae2ce98f66c396254633de8\",\"name\":\"luxiders\",\"url\":\"https:\/\/luxiders.com\/es\/author\/luxiders\/\"}]}<\/script>","yoast_head_json":{"title":"Marcas Sostenibles | Lista de deseos para un septiembre eco-consciente","description":"Una vez m\u00e1s, seleccionamos para ti las nuevas marcas de moda justa y productos sostenibles de todo el mundo para que puedas disfrutar de un estilo de vida sostenible y justo. Aqu\u00ed, nuestra lista de deseos de marcas sostenibles para este septiembre.","robots":{"index":"index","follow":"follow","max-snippet":"max-snippet:-1","max-image-preview":"max-image-preview:large","max-video-preview":"max-video-preview:-1"},"canonical":"https:\/\/luxiders.com\/es\/marcas-sostenibles-wishlist-septiembre-2019-2\/","og_locale":"es_ES","og_type":"article","og_title":"Marcas Sostenibles | Lista de deseos para un septiembre eco-consciente","og_description":"Una vez m\u00e1s, seleccionamos para ti las nuevas marcas de moda justa y productos sostenibles de todo el mundo para que puedas disfrutar de un estilo de vida sostenible y justo. Aqu\u00ed, nuestra lista de deseos de marcas sostenibles para este septiembre.","og_url":"https:\/\/luxiders.com\/es\/marcas-sostenibles-wishlist-septiembre-2019-2\/","og_site_name":"Sustainable Fashion - Eco Design - Healthy Lifestyle - Luxiders Magazine","article_published_time":"2019-08-29T18:01:00+00:00","article_modified_time":"2023-03-07T16:30:28+00:00","og_image":[{"width":1330,"height":886,"url":"https:\/\/luxiders.com\/content\/uploads\/W_intro.jpg","type":"image\/jpeg"}],"author":"luxiders","twitter_card":"summary_large_image","twitter_misc":{"Written by":"luxiders"},"schema":{"@context":"https:\/\/schema.org","@graph":[{"@type":"Article","@id":"https:\/\/luxiders.com\/es\/marcas-sostenibles-wishlist-septiembre-2019-2\/#article","isPartOf":{"@id":"https:\/\/luxiders.com\/es\/marcas-sostenibles-wishlist-septiembre-2019-2\/"},"author":{"name":"luxiders","@id":"https:\/\/luxiders.com\/es\/#\/schema\/person\/8632fa702ae2ce98f66c396254633de8"},"headline":"Marcas sostenibles para entrar en septiembre con aires eco-conscientes","datePublished":"2019-08-29T18:01:00+00:00","dateModified":"2023-03-07T16:30:28+00:00","mainEntityOfPage":{"@id":"https:\/\/luxiders.com\/es\/marcas-sostenibles-wishlist-septiembre-2019-2\/"},"wordCount":9,"publisher":{"@id":"https:\/\/luxiders.com\/es\/#organization"},"image":{"@id":"https:\/\/luxiders.com\/es\/marcas-sostenibles-wishlist-septiembre-2019-2\/#primaryimage"},"thumbnailUrl":"https:\/\/luxiders.com\/content\/uploads\/W_intro.jpg","keywords":["eco-friendly","sustainable brands","sustainable fashion","Sustainable luxury"],"articleSection":["Moda"],"inLanguage":"es-ES"},{"@type":"WebPage","@id":"https:\/\/luxiders.com\/es\/marcas-sostenibles-wishlist-septiembre-2019-2\/","url":"https:\/\/luxiders.com\/es\/marcas-sostenibles-wishlist-septiembre-2019-2\/","name":"Marcas Sostenibles | Lista de deseos para un septiembre eco-consciente","isPartOf":{"@id":"https:\/\/luxiders.com\/es\/#website"},"primaryImageOfPage":{"@id":"https:\/\/luxiders.com\/es\/marcas-sostenibles-wishlist-septiembre-2019-2\/#primaryimage"},"image":{"@id":"https:\/\/luxiders.com\/es\/marcas-sostenibles-wishlist-septiembre-2019-2\/#primaryimage"},"thumbnailUrl":"https:\/\/luxiders.com\/content\/uploads\/W_intro.jpg","datePublished":"2019-08-29T18:01:00+00:00","dateModified":"2023-03-07T16:30:28+00:00","description":"Una vez m\u00e1s, seleccionamos para ti las nuevas marcas de moda justa y productos sostenibles de todo el mundo para que puedas disfrutar de un estilo de vida sostenible y justo. Aqu\u00ed, nuestra lista de deseos de marcas sostenibles para este septiembre.","breadcrumb":{"@id":"https:\/\/luxiders.com\/es\/marcas-sostenibles-wishlist-septiembre-2019-2\/#breadcrumb"},"inLanguage":"es-ES","potentialAction":[{"@type":"ReadAction","target":["https:\/\/luxiders.com\/es\/marcas-sostenibles-wishlist-septiembre-2019-2\/"]}]},{"@type":"ImageObject","inLanguage":"es-ES","@id":"https:\/\/luxiders.com\/es\/marcas-sostenibles-wishlist-septiembre-2019-2\/#primaryimage","url":"https:\/\/luxiders.com\/content\/uploads\/W_intro.jpg","contentUrl":"https:\/\/luxiders.com\/content\/uploads\/W_intro.jpg","width":1330,"height":886},{"@type":"BreadcrumbList","@id":"https:\/\/luxiders.com\/es\/marcas-sostenibles-wishlist-septiembre-2019-2\/#breadcrumb","itemListElement":[{"@type":"ListItem","position":1,"name":"Startseite","item":"https:\/\/luxiders.com\/es\/"},{"@type":"ListItem","position":2,"name":"Moda","item":"https:\/\/luxiders.com\/es\/category\/moda-sostenible-lujo\/"},{"@type":"ListItem","position":3,"name":"Marcas sostenibles para entrar en septiembre con aires eco-conscientes"}]},{"@type":"WebSite","@id":"https:\/\/luxiders.com\/es\/#website","url":"https:\/\/luxiders.com\/es\/","name":"Sustainable Fashion - Eco Design - Healthy Lifestyle - Luxiders Magazine","description":"Luxiders is a sustainable luxury magazine highlighting the best stories about sustainable fashion, ethical fashion, eco-friendly design, green design, sustainable travel, natural beauty, organic beauty and healthy lifestyle. Know the best high-end, progressive and luxury sustainable brands and designers worldwide.","publisher":{"@id":"https:\/\/luxiders.com\/es\/#organization"},"potentialAction":[{"@type":"SearchAction","target":{"@type":"EntryPoint","urlTemplate":"https:\/\/luxiders.com\/es\/?s={search_term_string}"},"query-input":{"@type":"PropertyValueSpecification","valueRequired":true,"valueName":"search_term_string"}}],"inLanguage":"es-ES"},{"@type":"Organization","@id":"https:\/\/luxiders.com\/es\/#organization","name":"Sustainable Fashion - Eco Design - Healthy Lifestyle - Luxiders Magazine","url":"https:\/\/luxiders.com\/es\/","logo":{"@type":"ImageObject","inLanguage":"es-ES","@id":"https:\/\/luxiders.com\/es\/#\/schema\/logo\/image\/","url":"https:\/\/luxiders.com\/content\/uploads\/lux-logo.svg","contentUrl":"https:\/\/luxiders.com\/content\/uploads\/lux-logo.svg","caption":"Sustainable Fashion - Eco Design - Healthy Lifestyle - Luxiders Magazine"},"image":{"@id":"https:\/\/luxiders.com\/es\/#\/schema\/logo\/image\/"}},{"@type":"Person","@id":"https:\/\/luxiders.com\/es\/#\/schema\/person\/8632fa702ae2ce98f66c396254633de8","name":"luxiders","url":"https:\/\/luxiders.com\/es\/author\/luxiders\/"}]}},"_links":{"self":[{"href":"https:\/\/luxiders.com\/es\/wp-json\/wp\/v2\/posts\/17627","targetHints":{"allow":["GET"]}}],"collection":[{"href":"https:\/\/luxiders.com\/es\/wp-json\/wp\/v2\/posts"}],"about":[{"href":"https:\/\/luxiders.com\/es\/wp-json\/wp\/v2\/types\/post"}],"author":[{"embeddable":true,"href":"https:\/\/luxiders.com\/es\/wp-json\/wp\/v2\/users\/2"}],"replies":[{"embeddable":true,"href":"https:\/\/luxiders.com\/es\/wp-json\/wp\/v2\/comments?post=17627"}],"version-history":[{"count":2,"href":"https:\/\/luxiders.com\/es\/wp-json\/wp\/v2\/posts\/17627\/revisions"}],"predecessor-version":[{"id":17640,"href":"https:\/\/luxiders.com\/es\/wp-json\/wp\/v2\/posts\/17627\/revisions\/17640"}],"wp:featuredmedia":[{"embeddable":true,"href":"https:\/\/luxiders.com\/es\/wp-json\/wp\/v2\/media\/17623"}],"wp:attachment":[{"href":"https:\/\/luxiders.com\/es\/wp-json\/wp\/v2\/media?parent=17627"}],"wp:term":[{"taxonomy":"category","embeddable":true,"href":"https:\/\/luxiders.com\/es\/wp-json\/wp\/v2\/categories?post=17627"},{"taxonomy":"post_tag","embeddable":true,"href":"https:\/\/luxiders.com\/es\/wp-json\/wp\/v2\/tags?post=17627"}],"curies":[{"name":"wp","href":"https:\/\/api.w.org\/{rel}","templated":true}]}}