{"id":18890,"date":"2017-12-04T23:00:00","date_gmt":"2017-12-04T22:00:00","guid":{"rendered":"http:\/\/luxiders.com.w01cc729.kasserver.com\/?p=18890"},"modified":"2023-03-10T17:06:35","modified_gmt":"2023-03-10T16:06:35","slug":"premio-al-ecodiseno-para-natascha-von-hirschhausen","status":"publish","type":"post","link":"https:\/\/luxiders.com\/es\/premio-al-ecodiseno-para-natascha-von-hirschhausen\/","title":{"rendered":"Premio al Ecodise\u00f1o para Natascha von Hirschhausen"},"content":{"rendered":"    <section id=\"textblock-block_b11ee689d8d6dfe9c8a1aa4c353e82ab\" class=\"section position-relative gp-block gp-textblock pt-0 pb-0\">\n        <div class=\"container\">\n            <div class=\"row g-0\">\n                <div class=\"col-lg-12 content\" data-aos=\"fade-in\" data-aos-duration=\"1000\">\n                                                                                    <div class=\"intro \">\n                            <p style=\"text-align: center;\">Natascha von Hirschhausen recibi\u00f3 la semana pasada el Premio Federal Alem\u00e1n de Ecodise\u00f1o dentro de la Categor\u00eda Producto. Su colecci\u00f3n de moda &#8220;Natascha von Hirschhausen &#8211; Design.Mode.Ethik&#8221; tiene, seg\u00fan ha declarado \u00a0el\u00a0jurado, &#8220;cortes y patrones extremadamente bien concebidos. Natascha von Hirschhausen ha logrado crear moda contempor\u00e1nea con un desperdicio de solo un uno por ciento&#8221;. Hablamos con ella sobre el Premio, sus colecciones ecol\u00f3gicas y otras cosas interesantes del nuevo mundo de la moda.<\/p>\n                        <\/div>\n                                                                                                <\/div>\n            <\/div>\n        <\/div>\n    <\/section>\n    \n\n    <section id=\"newsletter-block_07fb33f0bee4ca01c6df8baf74c7a5dc\" class=\"section position-relative gp-block gp-newsletter pt-0 pb-0 my-5\">\n        <div class=\"container\">\n            <div class=\"row g-0 pt-4 pb-3\">\n                <div class=\"col-lg-12 content text-center border pt-3\" data-aos=\"fade-in\" data-aos-duration=\"1000\">\n                                            <p><em>Para recibir el Newsletter de Luxiders Magazine,\u00a0<a href=\"https:\/\/landing.mailerlite.com\/webforms\/landing\/w2a1t0\" target=\"_blank\" rel=\"noopener\">suscr\u00edbete aqu\u00ed<\/a><\/em><\/p>\n                                    <\/div>\n            <\/div>\n        <\/div>\n    <\/section>\n    \n\n    <section id=\"media-block_b1086b90ddeb92f928bf617b92c9a966\" class=\"section position-relative gp-block gp-media pt-0 pb-0\">\n        <div class=\"container\">\n            <div class=\"row g-0\">\n                <div class=\"col-lg-12 content\" data-aos=\"fade-in\" data-aos-duration=\"1000\">\n                                        <p>&nbsp;<\/p>\n<p>El <strong>Premio Federal Alem\u00e1n de Ecodise\u00f1o<\/strong> reconoce y honra a los pioneros en el campo del dise\u00f1o ecol\u00f3gico. <strong>Natascha von Hirschhausen<\/strong> fue una de las ganadoras dentro de la Categor\u00eda Producto. En su colecci\u00f3n de moda <strong>Natascha von Hirschhausen &#8211; Design.Mode.Ethik<\/strong>, la dise\u00f1adora ha utilizado solo materiales certificados por <strong>IVN BEST<\/strong> y <strong>GOTS<\/strong>, mientras que el pl\u00e1stico se ha evitado en todos los componentes. La ropa se fabrica localmente en Berl\u00edn y la producci\u00f3n se realiza bajo pedido, lo que minimiza las rutas de transporte y evita la sobreproducci\u00f3n. Las t\u00e9cnicas especiales de corte han reducido el desperdicio general a solo un uno por ciento. Los cortes innovadores, cada uno de los cuales abarca varios tama\u00f1os, se realizan al margen de la temporada, y las reparaciones est\u00e1n garantizadas sin coste alguno.<\/p>\n<p>En palabras de\u00a0<strong>Rita Schwarzel\u00fchr-Sutter,<\/strong> miembro del jurado: &#8220;Con cortes y patrones extremadamente bien concebidos, Natascha von Hirschhausen ha logrado crear moda contempor\u00e1nea con un desperdicio de solo un uno por ciento. De este modo, el corte de extensi\u00f3n se puede adaptar a cualquier circunstancia. La producci\u00f3n local a demanda\u00a0redondea el excelente concepto de <strong>sostenibilidad<\/strong>\u00a0de la marca&#8221;.<\/p>\n<p>&nbsp;<\/p>\n                                    <\/div>\n            <\/div>\n            <div class=\"row g-0\">\n                <div class=\"col-lg-12 img-scaled\">\n                                                                                                                                                <figure class=\"mb-4 pt-lg-2 mb-lg-2 ps-lg-0 pe-lg-0\" data-aos=\"fade-up\" data-aos-duration=\"1000\"><div class=\"img-container\"><img loading=\"lazy\" decoding=\"async\" width=\"1405\" height=\"2122\" src=\"https:\/\/luxiders.com\/content\/uploads\/N_final-45-von-63-1.jpg\" class=\"img-fluid w-100\" alt=\"\" srcset=\"https:\/\/luxiders.com\/content\/uploads\/N_final-45-von-63-1.jpg 1405w, https:\/\/luxiders.com\/content\/uploads\/N_final-45-von-63-1-199x300.jpg 199w, https:\/\/luxiders.com\/content\/uploads\/N_final-45-von-63-1-678x1024.jpg 678w, https:\/\/luxiders.com\/content\/uploads\/N_final-45-von-63-1-768x1160.jpg 768w, https:\/\/luxiders.com\/content\/uploads\/N_final-45-von-63-1-1017x1536.jpg 1017w, https:\/\/luxiders.com\/content\/uploads\/N_final-45-von-63-1-1356x2048.jpg 1356w\" sizes=\"(max-width: 1405px) 100vw, 1405px\" \/><\/div><\/figure>                                                                                            <\/div>\n                                            <\/div>\n        <\/div>\n    <\/section>\n    \n\n    <section id=\"textblock-block_a406cf59bf732f5deb2b3f8c5057ea57\" class=\"section position-relative gp-block gp-textblock pt-0 pb-0\">\n        <div class=\"container\">\n            <div class=\"row g-0\">\n                <div class=\"col-lg-12 content\" data-aos=\"fade-in\" data-aos-duration=\"1000\">\n                                                                                <p>&nbsp;<\/p>\n<h2>Conociendo\u00a0a Natascha von Hirschhausen<\/h2>\n<p>Natascha von Hirschhausen estudi\u00f3 dise\u00f1o de moda en <strong>Kunsthochschule Berlin Wei\u00dfensee<\/strong>. Durante su Licenciatura y Master en Arte, trabaj\u00f3 para\u00a0<a href=\"http:\/\/www.isabelldehillerin.com\/\" target=\"_blank\" rel=\"noopener noreferrer\"><strong>Isabell de Hillerin<\/strong><\/a> y<a href=\"https:\/\/annegorke.com\/\" target=\"_blank\" rel=\"noopener noreferrer\"><strong>Anne Gorke<\/strong><\/a>. En 2014, viaj\u00f3 a Bangladesh con el programa de intercambio &#8220;Local-Internacional&#8221; de <strong>Goethe Institut Bangladesh<\/strong>, <strong>KHB<\/strong> y <strong>UdK Berlin<\/strong>. M\u00e1s tarde, durante su Meistersch\u00fcler en KHB, fund\u00f3 su marca\u00a0Natascha von Hirschhausen, que ha ganado\u00a0el Premio Federal de Ecodise\u00f1o este a\u00f1o. La colecci\u00f3n c\u00e1psula realizada\u00a0con <strong>Living Blue Bangladesh<\/strong> y la l\u00ednea de joyer\u00eda tambi\u00e9n ha salido al mercado\u00a0este a\u00f1o.<\/p>\n<p>Le preguntamos sobre las marcas\u00a0ecol\u00f3gicas y \u00e9ticas que usa. Nos cuenta que est\u00e1 completamente enamorada de las creaciones de <strong>Martin Margiela<\/strong> y <strong>Yohji Yamamoto<\/strong>, pero se sincera: &#8220;Principalmente uso mi marca, porque siempre produzco las muestras con la tela original o sobrante para evitar el desperdicio. Estas piezas a menudo aparecen en mi armario, porque no se producen como la pieza original de la colecci\u00f3n, pero ya son muy ponibles&#8221;. Es una buena forma de empezar nuestra entrevista.<\/p>\n<p>&nbsp;<\/p>\n                                            <div class=\"highlighted mt-5 mt-lg-6 px-lg-5\">\n                            <p style=\"text-align: center;\">&#8220;Al ser un dise\u00f1ador de moda y no una\u00a0empresaria con experiencia, tuve que aprender a manejar un negocio muy r\u00e1pido. Eso fue y es bastante dif\u00edcil, pero tambi\u00e9n un desaf\u00edo interesante. Desde que fund\u00e9 mi empresa directamente despu\u00e9s de mis estudios, no tengo ning\u00fan inversor. Mi empresa era y es bastante peque\u00f1a, debido a un peque\u00f1o capital&#8221;.<\/p>\n                        <\/div>\n                                                        <\/div>\n            <\/div>\n        <\/div>\n    <\/section>\n    \n\n    <section id=\"media-block_4a0115ec3949a8bc19c439166387a7c5\" class=\"section position-relative gp-block gp-media pt-0 pb-0\">\n        <div class=\"container\">\n            <div class=\"row g-0\">\n                <div class=\"col-lg-12 content\" data-aos=\"fade-in\" data-aos-duration=\"1000\">\n                                        <p>&nbsp;<\/p>\n<p>&#8220;Espero\u00a0conseguir un crecimiento sostenible, que tambi\u00e9n me dar\u00e1 la oportunidad de convertirme en una buena gerente y CEO de la marca. Este crecimiento sostenible result\u00f3 ser realmente bueno hasta ahora, por lo que estoy muy contenta con el estado del negocio en este momento&#8221;, agrega.<\/p>\n<p>El estilo de vida \u00e9tico y ecol\u00f3gico de Natascha\u00a0es bastante minimalista. Nos cuenta que\u00a0trata de evitar el consumo donde no lo necesita realmente. &#8220;De esta manera, mi experiencia personal es que aprecio las piezas que tengo y puedo gastar un poco m\u00e1s de dinero en ellas. Si hablamos\u00a0de comida, soy vegetariana sin comer huevos, as\u00ed que podr\u00edamos decir que soy medio vegana&#8221;.<\/p>\n<p>Hablando de pel\u00edculas y libros, nos dice: &#8220;Hace aproximadamente un mes vi <strong>River Blue<\/strong>, \u00a0una pel\u00edcula \u00a0realmente buena y, por supuesto, <strong>The True Cost<\/strong>\u00a0es un documental que hay que ver s\u00ed o s\u00ed. Sin embargo, uno de mis favoritos de todos los tiempos es <strong>Notebook on city and clothes<\/strong>, de Wim Wenders sobre <strong>Yohjy Yamamoto<\/strong>. Si hablamos de libros, un libro que realmente disfrut\u00e9 leyendo fue <strong>Sustainable Fashion<\/strong>, porque realmente pone la sostenibilidad en su contexto&#8221;. Cierto, tiene raz\u00f3n, tambi\u00e9n lo hemos le\u00eddo y, s\u00ed, este libro es una descripci\u00f3n informativa extremadamente bien documentada de la historia de la moda sostenible, los conocimientos b\u00e1sicos y las estrategias, por lo que es absolutamente recomendable.<\/p>\n<p>&nbsp;<\/p>\n                                    <\/div>\n            <\/div>\n            <div class=\"row g-0\">\n                <div class=\"col-lg-12 img-scaled\">\n                                                                                                                                                <figure class=\"mb-4 pt-lg-2 mb-lg-2 ps-lg-0 pe-lg-0\" data-aos=\"fade-up\" data-aos-duration=\"1000\"><div class=\"img-container\"><img loading=\"lazy\" decoding=\"async\" width=\"1405\" height=\"2107\" src=\"https:\/\/luxiders.com\/content\/uploads\/NN_final-112-von-111.jpg\" class=\"img-fluid w-100\" alt=\"\" srcset=\"https:\/\/luxiders.com\/content\/uploads\/NN_final-112-von-111.jpg 1405w, https:\/\/luxiders.com\/content\/uploads\/NN_final-112-von-111-200x300.jpg 200w, https:\/\/luxiders.com\/content\/uploads\/NN_final-112-von-111-683x1024.jpg 683w, https:\/\/luxiders.com\/content\/uploads\/NN_final-112-von-111-768x1152.jpg 768w, https:\/\/luxiders.com\/content\/uploads\/NN_final-112-von-111-1024x1536.jpg 1024w, https:\/\/luxiders.com\/content\/uploads\/NN_final-112-von-111-1366x2048.jpg 1366w\" sizes=\"(max-width: 1405px) 100vw, 1405px\" \/><\/div><\/figure>                                                                                                                                                            <figure class=\"mb-4 pt-lg-2 mb-lg-2 ps-lg-0 pe-lg-0\" data-aos=\"fade-up\" data-aos-duration=\"1000\"><div class=\"img-container\"><img loading=\"lazy\" decoding=\"async\" width=\"1405\" height=\"2107\" src=\"https:\/\/luxiders.com\/content\/uploads\/NN_final-44-von-111.jpg\" class=\"img-fluid w-100\" alt=\"\" srcset=\"https:\/\/luxiders.com\/content\/uploads\/NN_final-44-von-111.jpg 1405w, https:\/\/luxiders.com\/content\/uploads\/NN_final-44-von-111-200x300.jpg 200w, https:\/\/luxiders.com\/content\/uploads\/NN_final-44-von-111-683x1024.jpg 683w, https:\/\/luxiders.com\/content\/uploads\/NN_final-44-von-111-768x1152.jpg 768w, https:\/\/luxiders.com\/content\/uploads\/NN_final-44-von-111-1024x1536.jpg 1024w, https:\/\/luxiders.com\/content\/uploads\/NN_final-44-von-111-1366x2048.jpg 1366w\" sizes=\"(max-width: 1405px) 100vw, 1405px\" \/><\/div><\/figure>                                                                                                                                                            <figure class=\"mb-4 pt-lg-2 mb-lg-2 ps-lg-0 pe-lg-0\" data-aos=\"fade-up\" data-aos-duration=\"1000\"><div class=\"img-container\"><img loading=\"lazy\" decoding=\"async\" width=\"1405\" height=\"2107\" src=\"https:\/\/luxiders.com\/content\/uploads\/NN_final-40-von-111-1.jpg\" class=\"img-fluid w-100\" alt=\"\" srcset=\"https:\/\/luxiders.com\/content\/uploads\/NN_final-40-von-111-1.jpg 1405w, https:\/\/luxiders.com\/content\/uploads\/NN_final-40-von-111-1-200x300.jpg 200w, https:\/\/luxiders.com\/content\/uploads\/NN_final-40-von-111-1-683x1024.jpg 683w, https:\/\/luxiders.com\/content\/uploads\/NN_final-40-von-111-1-768x1152.jpg 768w, https:\/\/luxiders.com\/content\/uploads\/NN_final-40-von-111-1-1024x1536.jpg 1024w, https:\/\/luxiders.com\/content\/uploads\/NN_final-40-von-111-1-1366x2048.jpg 1366w\" sizes=\"(max-width: 1405px) 100vw, 1405px\" \/><\/div><\/figure>                                                                                            <\/div>\n                                            <\/div>\n        <\/div>\n    <\/section>\n    \n\n    <section id=\"textblock-block_d595fc0932284a35d2efae37d4b93b46\" class=\"section position-relative gp-block gp-textblock pt-0 pb-0\">\n        <div class=\"container\">\n            <div class=\"row g-0\">\n                <div class=\"col-lg-12 content\" data-aos=\"fade-in\" data-aos-duration=\"1000\">\n                                                                                <p>&nbsp;<\/p>\n<h2>Sostenibilidad, la \u00fanica forma<\/h2>\n<p>Como nos dice Natascha, siempre estuvo pensando en la sostenibilidad y la \u00e9tica, pero no pod\u00eda imaginarse que\u00a0fundar\u00eda su propia marca\u00a0hasta que fue a Bangladesh en 2014. &#8220;Fue una experiencia incre\u00edble&#8221;, afirma. Cuando regres\u00f3, decidi\u00f3 que todo paso honesto hacia un enfoque m\u00e1s sostenible y \u00e9tico sobre la moda es bueno.<\/p>\n<p>&nbsp;<\/p>\n                                            <div class=\"highlighted mt-5 mt-lg-6 px-lg-5\">\n                            <p style=\"text-align: center;\">&#8220;Creo que lo m\u00e1s triste de la industria de la moda en este momento es la falta de respeto en todos los aspectos. No respeta ni al medio ambiente, ni a los empleados, ni los recursos. Si te fijas en las prendas, te das cuenta de que las empresas a menudo ni siquiera valoran el dise\u00f1o y la calidad y, por lo tanto, a sus clientes. Hoy simplemente se trata m\u00e1s de ganar dinero que de la emoci\u00f3n, la historia y el respeto en las colecciones, eso es lo que echo de menos &#8220;, dice Natascha.<\/p>\n                        <\/div>\n                                                        <\/div>\n            <\/div>\n        <\/div>\n    <\/section>\n    \n\n    <section id=\"media-block_dbe55b7e9a8d29c7f4145bb758ad43b1\" class=\"section position-relative gp-block gp-media pt-0 pb-0\">\n        <div class=\"container\">\n            <div class=\"row g-0\">\n                <div class=\"col-lg-12 content\" data-aos=\"fade-in\" data-aos-duration=\"1000\">\n                                        <p>&nbsp;<\/p>\n<p>En su opini\u00f3n personal, es simplemente m\u00e1s divertido tener prendas\u00a0hermosas, que realmente adoras, en lugar de tener muchas prendas, que no tienen un valor para ti. &#8220;Como creo firmemente que es muy importante no condenar a nadie por sus elecciones, nunca le dir\u00eda a nadie qu\u00e9 hacer o qu\u00e9 no hacer. Simplemente sugiero probar algunas marcas sostenibles y \u00e9ticas, que ofrecen buena calidad y una historia detr\u00e1s de las prendas de vestir y creo que uno descubrir\u00e1 por s\u00ed mismo que un consumo menor y mejor te hace sentir mejor de cualquier manera &#8220;.<\/p>\n<p>&nbsp;<\/p>\n                                    <\/div>\n            <\/div>\n            <div class=\"row g-0\">\n                <div class=\"col-lg-12 img-scaled\">\n                                                                                                                                                <figure class=\"mb-4 pt-lg-2 mb-lg-2 ps-lg-0 pe-lg-0\" data-aos=\"fade-up\" data-aos-duration=\"1000\"><div class=\"img-container\"><img loading=\"lazy\" decoding=\"async\" width=\"1405\" height=\"2107\" src=\"https:\/\/luxiders.com\/content\/uploads\/N_afinalfinal-27-von-18.jpg\" class=\"img-fluid w-100\" alt=\"\" srcset=\"https:\/\/luxiders.com\/content\/uploads\/N_afinalfinal-27-von-18.jpg 1405w, https:\/\/luxiders.com\/content\/uploads\/N_afinalfinal-27-von-18-200x300.jpg 200w, https:\/\/luxiders.com\/content\/uploads\/N_afinalfinal-27-von-18-683x1024.jpg 683w, https:\/\/luxiders.com\/content\/uploads\/N_afinalfinal-27-von-18-768x1152.jpg 768w, https:\/\/luxiders.com\/content\/uploads\/N_afinalfinal-27-von-18-1024x1536.jpg 1024w, https:\/\/luxiders.com\/content\/uploads\/N_afinalfinal-27-von-18-1366x2048.jpg 1366w\" sizes=\"(max-width: 1405px) 100vw, 1405px\" \/><\/div><\/figure>                                                                                                                                                            <figure class=\"mb-4 pt-lg-2 mb-lg-2 ps-lg-0 pe-lg-0\" data-aos=\"fade-up\" data-aos-duration=\"1000\"><div class=\"img-container\"><img loading=\"lazy\" decoding=\"async\" width=\"1405\" height=\"2107\" src=\"https:\/\/luxiders.com\/content\/uploads\/N_afinal-final-16-von-7-Kopie.jpg\" class=\"img-fluid w-100\" alt=\"\" srcset=\"https:\/\/luxiders.com\/content\/uploads\/N_afinal-final-16-von-7-Kopie.jpg 1405w, https:\/\/luxiders.com\/content\/uploads\/N_afinal-final-16-von-7-Kopie-200x300.jpg 200w, https:\/\/luxiders.com\/content\/uploads\/N_afinal-final-16-von-7-Kopie-683x1024.jpg 683w, https:\/\/luxiders.com\/content\/uploads\/N_afinal-final-16-von-7-Kopie-768x1152.jpg 768w, https:\/\/luxiders.com\/content\/uploads\/N_afinal-final-16-von-7-Kopie-1024x1536.jpg 1024w, https:\/\/luxiders.com\/content\/uploads\/N_afinal-final-16-von-7-Kopie-1366x2048.jpg 1366w\" sizes=\"(max-width: 1405px) 100vw, 1405px\" \/><\/div><\/figure>                                                                                                                                                            <figure class=\"mb-4 pt-lg-2 mb-lg-2 ps-lg-0 pe-lg-0\" data-aos=\"fade-up\" data-aos-duration=\"1000\"><div class=\"img-container\"><img loading=\"lazy\" decoding=\"async\" width=\"1405\" height=\"1350\" src=\"https:\/\/luxiders.com\/content\/uploads\/N_afinalfinal-15-von-18.jpg\" class=\"img-fluid w-100\" alt=\"\" srcset=\"https:\/\/luxiders.com\/content\/uploads\/N_afinalfinal-15-von-18.jpg 1405w, https:\/\/luxiders.com\/content\/uploads\/N_afinalfinal-15-von-18-300x288.jpg 300w, https:\/\/luxiders.com\/content\/uploads\/N_afinalfinal-15-von-18-1024x984.jpg 1024w, https:\/\/luxiders.com\/content\/uploads\/N_afinalfinal-15-von-18-768x738.jpg 768w\" sizes=\"(max-width: 1405px) 100vw, 1405px\" \/><\/div><\/figure>                                                                                                                                                            <figure class=\"mb-4 pt-lg-2 mb-lg-2 ps-lg-0 pe-lg-0\" data-aos=\"fade-up\" data-aos-duration=\"1000\"><div class=\"img-container\"><img loading=\"lazy\" decoding=\"async\" width=\"1405\" height=\"2107\" src=\"https:\/\/luxiders.com\/content\/uploads\/N_afinalfinal-18-von-7-Kopie.jpg\" class=\"img-fluid w-100\" alt=\"\" srcset=\"https:\/\/luxiders.com\/content\/uploads\/N_afinalfinal-18-von-7-Kopie.jpg 1405w, https:\/\/luxiders.com\/content\/uploads\/N_afinalfinal-18-von-7-Kopie-200x300.jpg 200w, https:\/\/luxiders.com\/content\/uploads\/N_afinalfinal-18-von-7-Kopie-683x1024.jpg 683w, https:\/\/luxiders.com\/content\/uploads\/N_afinalfinal-18-von-7-Kopie-768x1152.jpg 768w, https:\/\/luxiders.com\/content\/uploads\/N_afinalfinal-18-von-7-Kopie-1024x1536.jpg 1024w, https:\/\/luxiders.com\/content\/uploads\/N_afinalfinal-18-von-7-Kopie-1366x2048.jpg 1366w\" sizes=\"(max-width: 1405px) 100vw, 1405px\" \/><\/div><\/figure>                                                                                            <\/div>\n                                            <\/div>\n        <\/div>\n    <\/section>\n    \n\n    <section id=\"textblock-block_cb10e9df7b5e6484f126b618e8c7afae\" class=\"section position-relative gp-block gp-textblock pt-0 pb-0\">\n        <div class=\"container\">\n            <div class=\"row g-0\">\n                <div class=\"col-lg-12 content\" data-aos=\"fade-in\" data-aos-duration=\"1000\">\n                                                                                <p>&nbsp;<\/p>\n<h2>Minimal-Waste, el nuevo must<\/h2>\n<p>Natascha gan\u00f3 el Premio Federal con su colecci\u00f3n principal, que ha sido realizada con patrones de desperdicio cero y, a la vez, es justa, ecol\u00f3gica, compostable, transparente y hecha seg\u00fan demanda. En nuestra entrevista, Natascha tambi\u00e9n quiere subrayar la importancia de su\u00a0colecci\u00f3n c\u00e1psula &#8220;Essence&#8221;, la que desarroll\u00f3 con Living Blue Bangladesh. &#8220;Hacen la artesan\u00eda m\u00e1s incre\u00edble, \u00fanica en su g\u00e9nero y tintes naturales puros, todo justo en Bangladesh&#8221;- enfatiza.<\/p>\n<p>&#8220;Como quiero trabajar de la manera m\u00e1s sostenible posible, mi filosof\u00eda siempre influye en mi dise\u00f1o y hay innumerables desaf\u00edos que deben enfrentar los dise\u00f1adores sostenibles. Por ejemplo, los patrones de desechos m\u00ednimos son mucho m\u00e1s complicados de lograr que los patrones normales. El corte de la tela requiere m\u00e1s tiempo. La investigaci\u00f3n en materiales lleva mucho tiempo y las telas son, por supuesto, m\u00e1s caras que otras&#8221;.<\/p>\n<p>A todos esos adictos a lo sostenible que viven o visitan Berl\u00edn, ella termina nuestra entrevista con algunas recomendaciones gastron\u00f3micas y alg\u00fan consejo para ir de compras: &#8220;Me encantan las tiendas\u00a0<strong><a href=\"https:\/\/www.moeon.de\/\" target=\"_blank\" rel=\"noopener noreferrer\">Moeon<\/a><\/strong>\u00a0y\u00a0<strong><a href=\"https:\/\/www.homagestore.com\/\" target=\"_blank\" rel=\"noopener noreferrer\">Hommage<\/a><\/strong>\u00a0en Berl\u00edn.\u00a0<strong>Wertvoll<\/strong> es tambi\u00e9n un muy buen lugar para ir. En cuanto a comida, hay tantos buenos restaurantes vegetarianos y flea markt\u00a0en todo Berl\u00edn, que simplemente no puedo elegir mi favorito&#8221;.<\/p>\n<h5>+ info:\u00a0<a href=\"https:\/\/www.nataschavonhirschhausen.com\/\" target=\"_blank\" rel=\"noopener noreferrer\">Natascha Von Hirschhausen<\/a><\/h5>\n<p>&nbsp;<\/p>\n                                                        <\/div>\n            <\/div>\n        <\/div>\n    <\/section>\n    ","protected":false},"excerpt":{"rendered":"","protected":false},"author":2,"featured_media":18917,"comment_status":"closed","ping_status":"closed","sticky":false,"template":"","format":"standard","meta":{"_acf_changed":false,"footnotes":""},"categories":[130,3,1770],"tags":[230,144,170,193],"class_list":{"0":"post-18890","1":"post","2":"type-post","3":"status-publish","4":"format-standard","5":"has-post-thumbnail","7":"category-moda-sostenible-lujo","8":"category-sin-categorizar","9":"category-sustainable-trends-es","10":"tag-eco-friendly-es","11":"tag-ethical-fashion-es","12":"tag-moda-sostenible-es","13":"tag-sustainable-fashion-es"},"acf":[],"yoast_head":"<title>Premio al Ecodise\u00f1o para Natascha von Hirschhausen<\/title>\n<meta name=\"description\" content=\"Natascha von Hirschhausen recibi\u00f3 la semana pasada el Premio Federal Alem\u00e1n de Ecodise\u00f1o dentro de la Categor\u00eda Producto. Su colecci\u00f3n de moda...\" \/>\n<meta name=\"robots\" content=\"index, follow, max-snippet:-1, max-image-preview:large, max-video-preview:-1\" \/>\n<link rel=\"canonical\" href=\"https:\/\/luxiders.com\/es\/premio-al-ecodiseno-para-natascha-von-hirschhausen\/\" \/>\n<meta property=\"og:locale\" content=\"es_ES\" \/>\n<meta property=\"og:type\" content=\"article\" \/>\n<meta property=\"og:title\" content=\"Premio al Ecodise\u00f1o para Natascha von Hirschhausen\" \/>\n<meta property=\"og:description\" content=\"Natascha von Hirschhausen recibi\u00f3 la semana pasada el Premio Federal Alem\u00e1n de Ecodise\u00f1o dentro de la Categor\u00eda Producto. Su colecci\u00f3n de moda...\" \/>\n<meta property=\"og:url\" content=\"https:\/\/luxiders.com\/es\/premio-al-ecodiseno-para-natascha-von-hirschhausen\/\" \/>\n<meta property=\"og:site_name\" content=\"Sustainable Fashion - Eco Design - Healthy Lifestyle - Luxiders Magazine\" \/>\n<meta property=\"article:published_time\" content=\"2017-12-04T22:00:00+00:00\" \/>\n<meta property=\"article:modified_time\" content=\"2023-03-10T16:06:35+00:00\" \/>\n<meta property=\"og:image\" content=\"https:\/\/luxiders.com\/content\/uploads\/NN_final-45-von-111.jpg\" \/>\n\t<meta property=\"og:image:width\" content=\"1405\" \/>\n\t<meta property=\"og:image:height\" content=\"936\" \/>\n\t<meta property=\"og:image:type\" content=\"image\/jpeg\" \/>\n<meta name=\"author\" content=\"luxiders\" \/>\n<meta name=\"twitter:card\" content=\"summary_large_image\" \/>\n<meta name=\"twitter:label1\" content=\"Written by\" \/>\n\t<meta name=\"twitter:data1\" content=\"luxiders\" \/>\n<script type=\"application\/ld+json\" class=\"yoast-schema-graph\">{\"@context\":\"https:\/\/schema.org\",\"@graph\":[{\"@type\":\"Article\",\"@id\":\"https:\/\/luxiders.com\/es\/premio-al-ecodiseno-para-natascha-von-hirschhausen\/#article\",\"isPartOf\":{\"@id\":\"https:\/\/luxiders.com\/es\/premio-al-ecodiseno-para-natascha-von-hirschhausen\/\"},\"author\":{\"name\":\"luxiders\",\"@id\":\"https:\/\/luxiders.com\/es\/#\/schema\/person\/8632fa702ae2ce98f66c396254633de8\"},\"headline\":\"Premio al Ecodise\u00f1o para Natascha von Hirschhausen\",\"datePublished\":\"2017-12-04T22:00:00+00:00\",\"dateModified\":\"2023-03-10T16:06:35+00:00\",\"mainEntityOfPage\":{\"@id\":\"https:\/\/luxiders.com\/es\/premio-al-ecodiseno-para-natascha-von-hirschhausen\/\"},\"wordCount\":8,\"publisher\":{\"@id\":\"https:\/\/luxiders.com\/es\/#organization\"},\"image\":{\"@id\":\"https:\/\/luxiders.com\/es\/premio-al-ecodiseno-para-natascha-von-hirschhausen\/#primaryimage\"},\"thumbnailUrl\":\"https:\/\/luxiders.com\/content\/uploads\/NN_final-45-von-111.jpg\",\"keywords\":[\"eco-friendly\",\"ethical fashion\",\"moda sostenible\",\"sustainable fashion\"],\"articleSection\":[\"Moda\",\"Sin categorizar\",\"Sustainable Trends\"],\"inLanguage\":\"es-ES\"},{\"@type\":\"WebPage\",\"@id\":\"https:\/\/luxiders.com\/es\/premio-al-ecodiseno-para-natascha-von-hirschhausen\/\",\"url\":\"https:\/\/luxiders.com\/es\/premio-al-ecodiseno-para-natascha-von-hirschhausen\/\",\"name\":\"Premio al Ecodise\u00f1o para Natascha von Hirschhausen\",\"isPartOf\":{\"@id\":\"https:\/\/luxiders.com\/es\/#website\"},\"primaryImageOfPage\":{\"@id\":\"https:\/\/luxiders.com\/es\/premio-al-ecodiseno-para-natascha-von-hirschhausen\/#primaryimage\"},\"image\":{\"@id\":\"https:\/\/luxiders.com\/es\/premio-al-ecodiseno-para-natascha-von-hirschhausen\/#primaryimage\"},\"thumbnailUrl\":\"https:\/\/luxiders.com\/content\/uploads\/NN_final-45-von-111.jpg\",\"datePublished\":\"2017-12-04T22:00:00+00:00\",\"dateModified\":\"2023-03-10T16:06:35+00:00\",\"description\":\"Natascha von Hirschhausen recibi\u00f3 la semana pasada el Premio Federal Alem\u00e1n de Ecodise\u00f1o dentro de la Categor\u00eda Producto. Su colecci\u00f3n de moda...\",\"breadcrumb\":{\"@id\":\"https:\/\/luxiders.com\/es\/premio-al-ecodiseno-para-natascha-von-hirschhausen\/#breadcrumb\"},\"inLanguage\":\"es-ES\",\"potentialAction\":[{\"@type\":\"ReadAction\",\"target\":[\"https:\/\/luxiders.com\/es\/premio-al-ecodiseno-para-natascha-von-hirschhausen\/\"]}]},{\"@type\":\"ImageObject\",\"inLanguage\":\"es-ES\",\"@id\":\"https:\/\/luxiders.com\/es\/premio-al-ecodiseno-para-natascha-von-hirschhausen\/#primaryimage\",\"url\":\"https:\/\/luxiders.com\/content\/uploads\/NN_final-45-von-111.jpg\",\"contentUrl\":\"https:\/\/luxiders.com\/content\/uploads\/NN_final-45-von-111.jpg\",\"width\":1405,\"height\":936},{\"@type\":\"BreadcrumbList\",\"@id\":\"https:\/\/luxiders.com\/es\/premio-al-ecodiseno-para-natascha-von-hirschhausen\/#breadcrumb\",\"itemListElement\":[{\"@type\":\"ListItem\",\"position\":1,\"name\":\"Startseite\",\"item\":\"https:\/\/luxiders.com\/es\/\"},{\"@type\":\"ListItem\",\"position\":2,\"name\":\"Sin categorizar\",\"item\":\"https:\/\/luxiders.com\/es\/category\/sin-categorizar\/\"},{\"@type\":\"ListItem\",\"position\":3,\"name\":\"Premio al Ecodise\u00f1o para Natascha von Hirschhausen\"}]},{\"@type\":\"WebSite\",\"@id\":\"https:\/\/luxiders.com\/es\/#website\",\"url\":\"https:\/\/luxiders.com\/es\/\",\"name\":\"Sustainable Fashion - Eco Design - Healthy Lifestyle - Luxiders Magazine\",\"description\":\"Luxiders is a sustainable luxury magazine highlighting the best stories about sustainable fashion, ethical fashion, eco-friendly design, green design, sustainable travel, natural beauty, organic beauty and healthy lifestyle. Know the best high-end, progressive and luxury sustainable brands and designers worldwide.\",\"publisher\":{\"@id\":\"https:\/\/luxiders.com\/es\/#organization\"},\"potentialAction\":[{\"@type\":\"SearchAction\",\"target\":{\"@type\":\"EntryPoint\",\"urlTemplate\":\"https:\/\/luxiders.com\/es\/?s={search_term_string}\"},\"query-input\":{\"@type\":\"PropertyValueSpecification\",\"valueRequired\":true,\"valueName\":\"search_term_string\"}}],\"inLanguage\":\"es-ES\"},{\"@type\":\"Organization\",\"@id\":\"https:\/\/luxiders.com\/es\/#organization\",\"name\":\"Sustainable Fashion - Eco Design - Healthy Lifestyle - Luxiders Magazine\",\"url\":\"https:\/\/luxiders.com\/es\/\",\"logo\":{\"@type\":\"ImageObject\",\"inLanguage\":\"es-ES\",\"@id\":\"https:\/\/luxiders.com\/es\/#\/schema\/logo\/image\/\",\"url\":\"https:\/\/luxiders.com\/content\/uploads\/lux-logo.svg\",\"contentUrl\":\"https:\/\/luxiders.com\/content\/uploads\/lux-logo.svg\",\"caption\":\"Sustainable Fashion - Eco Design - Healthy Lifestyle - Luxiders Magazine\"},\"image\":{\"@id\":\"https:\/\/luxiders.com\/es\/#\/schema\/logo\/image\/\"}},{\"@type\":\"Person\",\"@id\":\"https:\/\/luxiders.com\/es\/#\/schema\/person\/8632fa702ae2ce98f66c396254633de8\",\"name\":\"luxiders\",\"url\":\"https:\/\/luxiders.com\/es\/author\/luxiders\/\"}]}<\/script>","yoast_head_json":{"title":"Premio al Ecodise\u00f1o para Natascha von Hirschhausen","description":"Natascha von Hirschhausen recibi\u00f3 la semana pasada el Premio Federal Alem\u00e1n de Ecodise\u00f1o dentro de la Categor\u00eda Producto. Su colecci\u00f3n de moda...","robots":{"index":"index","follow":"follow","max-snippet":"max-snippet:-1","max-image-preview":"max-image-preview:large","max-video-preview":"max-video-preview:-1"},"canonical":"https:\/\/luxiders.com\/es\/premio-al-ecodiseno-para-natascha-von-hirschhausen\/","og_locale":"es_ES","og_type":"article","og_title":"Premio al Ecodise\u00f1o para Natascha von Hirschhausen","og_description":"Natascha von Hirschhausen recibi\u00f3 la semana pasada el Premio Federal Alem\u00e1n de Ecodise\u00f1o dentro de la Categor\u00eda Producto. Su colecci\u00f3n de moda...","og_url":"https:\/\/luxiders.com\/es\/premio-al-ecodiseno-para-natascha-von-hirschhausen\/","og_site_name":"Sustainable Fashion - Eco Design - Healthy Lifestyle - Luxiders Magazine","article_published_time":"2017-12-04T22:00:00+00:00","article_modified_time":"2023-03-10T16:06:35+00:00","og_image":[{"width":1405,"height":936,"url":"https:\/\/luxiders.com\/content\/uploads\/NN_final-45-von-111.jpg","type":"image\/jpeg"}],"author":"luxiders","twitter_card":"summary_large_image","twitter_misc":{"Written by":"luxiders"},"schema":{"@context":"https:\/\/schema.org","@graph":[{"@type":"Article","@id":"https:\/\/luxiders.com\/es\/premio-al-ecodiseno-para-natascha-von-hirschhausen\/#article","isPartOf":{"@id":"https:\/\/luxiders.com\/es\/premio-al-ecodiseno-para-natascha-von-hirschhausen\/"},"author":{"name":"luxiders","@id":"https:\/\/luxiders.com\/es\/#\/schema\/person\/8632fa702ae2ce98f66c396254633de8"},"headline":"Premio al Ecodise\u00f1o para Natascha von Hirschhausen","datePublished":"2017-12-04T22:00:00+00:00","dateModified":"2023-03-10T16:06:35+00:00","mainEntityOfPage":{"@id":"https:\/\/luxiders.com\/es\/premio-al-ecodiseno-para-natascha-von-hirschhausen\/"},"wordCount":8,"publisher":{"@id":"https:\/\/luxiders.com\/es\/#organization"},"image":{"@id":"https:\/\/luxiders.com\/es\/premio-al-ecodiseno-para-natascha-von-hirschhausen\/#primaryimage"},"thumbnailUrl":"https:\/\/luxiders.com\/content\/uploads\/NN_final-45-von-111.jpg","keywords":["eco-friendly","ethical fashion","moda sostenible","sustainable fashion"],"articleSection":["Moda","Sin categorizar","Sustainable Trends"],"inLanguage":"es-ES"},{"@type":"WebPage","@id":"https:\/\/luxiders.com\/es\/premio-al-ecodiseno-para-natascha-von-hirschhausen\/","url":"https:\/\/luxiders.com\/es\/premio-al-ecodiseno-para-natascha-von-hirschhausen\/","name":"Premio al Ecodise\u00f1o para Natascha von Hirschhausen","isPartOf":{"@id":"https:\/\/luxiders.com\/es\/#website"},"primaryImageOfPage":{"@id":"https:\/\/luxiders.com\/es\/premio-al-ecodiseno-para-natascha-von-hirschhausen\/#primaryimage"},"image":{"@id":"https:\/\/luxiders.com\/es\/premio-al-ecodiseno-para-natascha-von-hirschhausen\/#primaryimage"},"thumbnailUrl":"https:\/\/luxiders.com\/content\/uploads\/NN_final-45-von-111.jpg","datePublished":"2017-12-04T22:00:00+00:00","dateModified":"2023-03-10T16:06:35+00:00","description":"Natascha von Hirschhausen recibi\u00f3 la semana pasada el Premio Federal Alem\u00e1n de Ecodise\u00f1o dentro de la Categor\u00eda Producto. Su colecci\u00f3n de moda...","breadcrumb":{"@id":"https:\/\/luxiders.com\/es\/premio-al-ecodiseno-para-natascha-von-hirschhausen\/#breadcrumb"},"inLanguage":"es-ES","potentialAction":[{"@type":"ReadAction","target":["https:\/\/luxiders.com\/es\/premio-al-ecodiseno-para-natascha-von-hirschhausen\/"]}]},{"@type":"ImageObject","inLanguage":"es-ES","@id":"https:\/\/luxiders.com\/es\/premio-al-ecodiseno-para-natascha-von-hirschhausen\/#primaryimage","url":"https:\/\/luxiders.com\/content\/uploads\/NN_final-45-von-111.jpg","contentUrl":"https:\/\/luxiders.com\/content\/uploads\/NN_final-45-von-111.jpg","width":1405,"height":936},{"@type":"BreadcrumbList","@id":"https:\/\/luxiders.com\/es\/premio-al-ecodiseno-para-natascha-von-hirschhausen\/#breadcrumb","itemListElement":[{"@type":"ListItem","position":1,"name":"Startseite","item":"https:\/\/luxiders.com\/es\/"},{"@type":"ListItem","position":2,"name":"Sin categorizar","item":"https:\/\/luxiders.com\/es\/category\/sin-categorizar\/"},{"@type":"ListItem","position":3,"name":"Premio al Ecodise\u00f1o para Natascha von Hirschhausen"}]},{"@type":"WebSite","@id":"https:\/\/luxiders.com\/es\/#website","url":"https:\/\/luxiders.com\/es\/","name":"Sustainable Fashion - Eco Design - Healthy Lifestyle - Luxiders Magazine","description":"Luxiders is a sustainable luxury magazine highlighting the best stories about sustainable fashion, ethical fashion, eco-friendly design, green design, sustainable travel, natural beauty, organic beauty and healthy lifestyle. Know the best high-end, progressive and luxury sustainable brands and designers worldwide.","publisher":{"@id":"https:\/\/luxiders.com\/es\/#organization"},"potentialAction":[{"@type":"SearchAction","target":{"@type":"EntryPoint","urlTemplate":"https:\/\/luxiders.com\/es\/?s={search_term_string}"},"query-input":{"@type":"PropertyValueSpecification","valueRequired":true,"valueName":"search_term_string"}}],"inLanguage":"es-ES"},{"@type":"Organization","@id":"https:\/\/luxiders.com\/es\/#organization","name":"Sustainable Fashion - Eco Design - Healthy Lifestyle - Luxiders Magazine","url":"https:\/\/luxiders.com\/es\/","logo":{"@type":"ImageObject","inLanguage":"es-ES","@id":"https:\/\/luxiders.com\/es\/#\/schema\/logo\/image\/","url":"https:\/\/luxiders.com\/content\/uploads\/lux-logo.svg","contentUrl":"https:\/\/luxiders.com\/content\/uploads\/lux-logo.svg","caption":"Sustainable Fashion - Eco Design - Healthy Lifestyle - Luxiders Magazine"},"image":{"@id":"https:\/\/luxiders.com\/es\/#\/schema\/logo\/image\/"}},{"@type":"Person","@id":"https:\/\/luxiders.com\/es\/#\/schema\/person\/8632fa702ae2ce98f66c396254633de8","name":"luxiders","url":"https:\/\/luxiders.com\/es\/author\/luxiders\/"}]}},"_links":{"self":[{"href":"https:\/\/luxiders.com\/es\/wp-json\/wp\/v2\/posts\/18890","targetHints":{"allow":["GET"]}}],"collection":[{"href":"https:\/\/luxiders.com\/es\/wp-json\/wp\/v2\/posts"}],"about":[{"href":"https:\/\/luxiders.com\/es\/wp-json\/wp\/v2\/types\/post"}],"author":[{"embeddable":true,"href":"https:\/\/luxiders.com\/es\/wp-json\/wp\/v2\/users\/2"}],"replies":[{"embeddable":true,"href":"https:\/\/luxiders.com\/es\/wp-json\/wp\/v2\/comments?post=18890"}],"version-history":[{"count":3,"href":"https:\/\/luxiders.com\/es\/wp-json\/wp\/v2\/posts\/18890\/revisions"}],"predecessor-version":[{"id":18920,"href":"https:\/\/luxiders.com\/es\/wp-json\/wp\/v2\/posts\/18890\/revisions\/18920"}],"wp:featuredmedia":[{"embeddable":true,"href":"https:\/\/luxiders.com\/es\/wp-json\/wp\/v2\/media\/18917"}],"wp:attachment":[{"href":"https:\/\/luxiders.com\/es\/wp-json\/wp\/v2\/media?parent=18890"}],"wp:term":[{"taxonomy":"category","embeddable":true,"href":"https:\/\/luxiders.com\/es\/wp-json\/wp\/v2\/categories?post=18890"},{"taxonomy":"post_tag","embeddable":true,"href":"https:\/\/luxiders.com\/es\/wp-json\/wp\/v2\/tags?post=18890"}],"curies":[{"name":"wp","href":"https:\/\/api.w.org\/{rel}","templated":true}]}}