{"id":19168,"date":"2022-04-19T00:29:00","date_gmt":"2022-04-18T22:29:00","guid":{"rendered":"http:\/\/luxiders.com.w01cc729.kasserver.com\/spring-summer-2022-runway-trend-miniskirt\/"},"modified":"2023-03-13T17:17:42","modified_gmt":"2023-03-13T16:17:42","slug":"minifalda-tendencias-pasarela-primavera-verano-2022","status":"publish","type":"post","link":"https:\/\/luxiders.com\/es\/minifalda-tendencias-pasarela-primavera-verano-2022\/","title":{"rendered":"Tendencia de pasarela primavera\/verano 2022 | La minifalda"},"content":{"rendered":"    <section id=\"textblock-block_5675d15662604b7031517846fd48adbf\" class=\"section position-relative gp-block gp-textblock pt-0 pb-0\">\n        <div class=\"container\">\n            <div class=\"row g-0\">\n                <div class=\"col-lg-12 content\" data-aos=\"fade-in\" data-aos-duration=\"1000\">\n                                                                                    <div class=\"intro \">\n                            <p class=\"p1\" style=\"text-align: center;\"><em><span class=\"s1\">La minifalda est\u00e1 de moda esta temporada. Para la primavera\/verano de 2022, marcas de lujo como Versace y Prada declararon que menos es m\u00e1s. Echa un vistazo a las marcas que adoptaron la minifalda en la pasarela primavera\/verano 2022.<\/span><\/em><\/p>\n<p>&nbsp;<\/p>\n                        <\/div>\n                                                                                                <\/div>\n            <\/div>\n        <\/div>\n    <\/section>\n    \n\n    <section id=\"newsletter-block_f3c25384593798a49cdb9d13d0e07178\" class=\"section position-relative gp-block gp-newsletter pt-0 pb-0 my-5\">\n        <div class=\"container\">\n            <div class=\"row g-0 pt-4 pb-3\">\n                <div class=\"col-lg-12 content text-center border pt-3\" data-aos=\"fade-in\" data-aos-duration=\"1000\">\n                                            <p><em>Para recibir el Newsletter de Luxiders Magazine,\u00a0<a href=\"https:\/\/landing.mailerlite.com\/webforms\/landing\/w2a1t0\" target=\"_blank\" rel=\"noopener\">suscr\u00edbete aqu\u00ed<\/a><\/em><\/p>\n                                    <\/div>\n            <\/div>\n        <\/div>\n    <\/section>\n    \n\n    <section id=\"media-block_881f463d7573780ba5e194167762fa99\" class=\"section position-relative gp-block gp-media pt-0 pb-0\">\n        <div class=\"container\">\n            <div class=\"row g-0\">\n                <div class=\"col-lg-12 content\" data-aos=\"fade-in\" data-aos-duration=\"1000\">\n                                        <p>&nbsp;<\/p>\n<p class=\"p1\"><span class=\"s1\">A pesar de nuestro tercer a\u00f1o de pandemia, la moda se est\u00e1 recuperando con las colecciones SS22 que est\u00e1n volviendo a sus expresiones de diversi\u00f3n despreocupadas habituales. Y cuando se trata del calor del verano, m\u00e1s definitivamente no es mejor con muchas marcas que adoptan la minifalda para animarnos en un esfuerzo por refrescarnos.<\/span><\/p>\n<h3 class=\"p1\"><span class=\"s1\">LA TENDENCIA DE LA MINIFALDA<\/span><\/h3>\n<p class=\"p1\"><span class=\"s1\">No importa los tiempos, la minifalda siempre ha sido la estrella de la pasarela. A la dise\u00f1adora inglesa Mary Quant se le atribuye la creaci\u00f3n de la minifalda en la d\u00e9cada de 1960 y desde entonces se ha mantenido como un elemento b\u00e1sico de la moda en casi todas las d\u00e9cadas. A lo largo de los a\u00f1os, la minifalda ha suscitado cierta controversia, ya que rehu\u00eda los est\u00e1ndares tradicionales de la sociedad, pero tambi\u00e9n representaba a un grupo de mujeres fuertes y seguras de s\u00ed mismas empoderadas por su sexualidad. Y con la moda cada vez m\u00e1s audaz y los dobladillos cada vez m\u00e1s cortos, las marcas una vez m\u00e1s declaran que es la temporada de la minifalda.<\/span><\/p>\n<h3 class=\"p1\"><span class=\"s1\">LA MINIFALDA EN LA PASARELA SS22<\/span><\/h3>\n<p><i>Versace<\/i><\/p>\n<p class=\"p1\"><span class=\"s1\">Tanto para la <a href=\"https:\/\/luxiders.com\/versace-spring-summer-2022-2\/\">colecci\u00f3n principal SS22<\/a> de Donatella Versace como para la colecci\u00f3n colaborativa con Fendi, la minifalda desempe\u00f1\u00f3 un papel central con algunas versiones en patrones de monograma sujetos con imperdibles. Otras iteraciones, como la cota de malla dorada, deslumbraron a la audiencia y las faldas de mezclilla de retazos con cinturones con hebillas gigantes le dieron a la colecci\u00f3n un encanto nost\u00e1lgico Y2K.<\/span><\/p>\n<p>&nbsp;<\/p>\n                                    <\/div>\n            <\/div>\n            <div class=\"row g-0\">\n                <div class=\"col-lg-6 \">\n                                                                                                                                                <figure class=\"mb-4 pt-lg-2 mb-lg-2 ps-lg-2 pe-lg-2\" data-aos=\"fade-up\" data-aos-duration=\"1000\"><div class=\"img-container\"><img loading=\"lazy\" decoding=\"async\" width=\"640\" height=\"960\" src=\"https:\/\/luxiders.com\/content\/uploads\/versace_ss22_058.jpg\" class=\"img-fluid w-100\" alt=\"\" srcset=\"https:\/\/luxiders.com\/content\/uploads\/versace_ss22_058.jpg 640w, https:\/\/luxiders.com\/content\/uploads\/versace_ss22_058-200x300.jpg 200w\" sizes=\"(max-width: 640px) 100vw, 640px\" \/><\/div><figcaption>\u00a9 Versace<\/figcaption><\/figure>                                                                                            <\/div>\n                                    <div class=\"col-lg-6\">\n                                                                                                                                                        <figure class=\"mb-4 pt-lg-2 mb-lg-2 ps-lg-2 pe-lg-2\" data-aos=\"fade-up\" data-aos-duration=\"1000\"><div class=\"img-container\"><img loading=\"lazy\" decoding=\"async\" width=\"640\" height=\"960\" src=\"https:\/\/luxiders.com\/content\/uploads\/versace_ss22_020.jpg\" class=\"img-fluid w-100\" alt=\"\" srcset=\"https:\/\/luxiders.com\/content\/uploads\/versace_ss22_020.jpg 640w, https:\/\/luxiders.com\/content\/uploads\/versace_ss22_020-200x300.jpg 200w\" sizes=\"(max-width: 640px) 100vw, 640px\" \/><\/div><figcaption>\u00a9 Versace<\/figcaption><\/figure>                                                                                                        <\/div>\n                                            <\/div>\n        <\/div>\n    <\/section>\n    \n\n    <section id=\"media-block_db0e44208d95f427a372846938403946\" class=\"section position-relative gp-block gp-media pt-0 pb-0\">\n        <div class=\"container\">\n            <div class=\"row g-0\">\n                <div class=\"col-lg-12 content\" data-aos=\"fade-in\" data-aos-duration=\"1000\">\n                                        <p>&nbsp;<\/p>\n<p><i>Prada<\/i><\/p>\n<p class=\"p1\"><span class=\"s1\">A Miuccia Prada y Raf Simons les encanta la idea de jugar con la masculinidad y la feminidad y la <a href=\"https:\/\/www.prada.com\/us\/en\/pradasphere\/fashion-shows\/2022\/ss-womenswear\">colecci\u00f3n<\/a> de esta temporada no fue diferente. El d\u00fao de dise\u00f1adores combin\u00f3 minifaldas de sat\u00e9n <em>duchesse<\/em> con colas largas y faldas de colores con chaquetas de cuero desgastadas de gran tama\u00f1o que emanaban confianza con un toque suave.<\/span><\/p>\n<p>&nbsp;<\/p>\n                                    <\/div>\n            <\/div>\n            <div class=\"row g-0\">\n                <div class=\"col-lg-6 \">\n                                                                                                                                                <figure class=\"mb-4 pt-lg-2 mb-lg-2 ps-lg-2 pe-lg-2\" data-aos=\"fade-up\" data-aos-duration=\"1000\"><div class=\"img-container\"><img loading=\"lazy\" decoding=\"async\" width=\"840\" height=\"1260\" src=\"https:\/\/luxiders.com\/content\/uploads\/cq5dam.web_.840.840.jpg-.jpg\" class=\"img-fluid w-100\" alt=\"\" srcset=\"https:\/\/luxiders.com\/content\/uploads\/cq5dam.web_.840.840.jpg-.jpg 840w, https:\/\/luxiders.com\/content\/uploads\/cq5dam.web_.840.840.jpg--200x300.jpg 200w, https:\/\/luxiders.com\/content\/uploads\/cq5dam.web_.840.840.jpg--768x1152.jpg 768w, https:\/\/luxiders.com\/content\/uploads\/cq5dam.web_.840.840.jpg--683x1024.jpg 683w\" sizes=\"(max-width: 840px) 100vw, 840px\" \/><\/div><figcaption>\u00a9 Prada<\/figcaption><\/figure>                                                                                            <\/div>\n                                    <div class=\"col-lg-6\">\n                                                                                                                                                        <figure class=\"mb-4 pt-lg-2 mb-lg-2 ps-lg-2 pe-lg-2\" data-aos=\"fade-up\" data-aos-duration=\"1000\"><div class=\"img-container\"><img loading=\"lazy\" decoding=\"async\" width=\"840\" height=\"1260\" src=\"https:\/\/luxiders.com\/content\/uploads\/cq5dam.web_.840.840.jpg-3.jpg\" class=\"img-fluid w-100\" alt=\"\" srcset=\"https:\/\/luxiders.com\/content\/uploads\/cq5dam.web_.840.840.jpg-3.jpg 840w, https:\/\/luxiders.com\/content\/uploads\/cq5dam.web_.840.840.jpg-3-200x300.jpg 200w, https:\/\/luxiders.com\/content\/uploads\/cq5dam.web_.840.840.jpg-3-768x1152.jpg 768w, https:\/\/luxiders.com\/content\/uploads\/cq5dam.web_.840.840.jpg-3-683x1024.jpg 683w\" sizes=\"(max-width: 840px) 100vw, 840px\" \/><\/div><figcaption>\u00a9 Prada<\/figcaption><\/figure>                                                                                                        <\/div>\n                                            <\/div>\n        <\/div>\n    <\/section>\n    \n\n    <section id=\"media-block_270c2eb6c618ab0b84e49deef7cb2800\" class=\"section position-relative gp-block gp-media pt-0 pb-0\">\n        <div class=\"container\">\n            <div class=\"row g-0\">\n                <div class=\"col-lg-12 content\" data-aos=\"fade-in\" data-aos-duration=\"1000\">\n                                        <p>&nbsp;<\/p>\n<p><i>Dior<\/i><\/p>\n<p class=\"p1\"><span class=\"s1\">Maria Grazia Chiuri se apart\u00f3 de su estilo habitual y revivi\u00f3 la obsesi\u00f3n de los a\u00f1os 60 por la minifalda en la <a href=\"https:\/\/luxiders.com\/christian-dior-spring-summer-2022-2\/\">colecci\u00f3n SS22<\/a> de Dior. Las modelos se pavonearon por la pasarela con faldas de bloques de colores con l\u00edneas limpias y algunas incluso con estampados de animales como una especie de retroceso a la revoluci\u00f3n juvenil que inspir\u00f3 una d\u00e9cada de rebeli\u00f3n contra las normas sociales.<\/span><\/p>\n<p>&nbsp;<\/p>\n                                    <\/div>\n            <\/div>\n            <div class=\"row g-0\">\n                <div class=\"col-lg-6 \">\n                                                                                                                                                <figure class=\"mb-4 pt-lg-2 mb-lg-2 ps-lg-2 pe-lg-2\" data-aos=\"fade-up\" data-aos-duration=\"1000\"><div class=\"img-container\"><img loading=\"lazy\" decoding=\"async\" width=\"640\" height=\"960\" src=\"https:\/\/luxiders.com\/content\/uploads\/dior_ss22_025.jpg\" class=\"img-fluid w-100\" alt=\"\" srcset=\"https:\/\/luxiders.com\/content\/uploads\/dior_ss22_025.jpg 640w, https:\/\/luxiders.com\/content\/uploads\/dior_ss22_025-200x300.jpg 200w\" sizes=\"(max-width: 640px) 100vw, 640px\" \/><\/div><figcaption>\u00a9 Dior<\/figcaption><\/figure>                                                                                            <\/div>\n                                    <div class=\"col-lg-6\">\n                                                                                                                                                        <figure class=\"mb-4 pt-lg-2 mb-lg-2 ps-lg-2 pe-lg-2\" data-aos=\"fade-up\" data-aos-duration=\"1000\"><div class=\"img-container\"><img loading=\"lazy\" decoding=\"async\" width=\"640\" height=\"960\" src=\"https:\/\/luxiders.com\/content\/uploads\/dior_ss22_095.jpg\" class=\"img-fluid w-100\" alt=\"\" srcset=\"https:\/\/luxiders.com\/content\/uploads\/dior_ss22_095.jpg 640w, https:\/\/luxiders.com\/content\/uploads\/dior_ss22_095-200x300.jpg 200w\" sizes=\"(max-width: 640px) 100vw, 640px\" \/><\/div><figcaption>\u00a9 Dior<\/figcaption><\/figure>                                                                                                        <\/div>\n                                            <\/div>\n        <\/div>\n    <\/section>\n    \n\n    <section id=\"media-block_d8f08c7f75cf2fc52106a9c02c1477b4\" class=\"section position-relative gp-block gp-media pt-0 pb-0\">\n        <div class=\"container\">\n            <div class=\"row g-0\">\n                <div class=\"col-lg-12 content\" data-aos=\"fade-in\" data-aos-duration=\"1000\">\n                                        <p>&nbsp;<\/p>\n<p><i>Miu Miu<\/i><\/p>\n<p class=\"p1\"><span class=\"s1\">La <a href=\"https:\/\/luxiders.com\/miu-miu-spring-summer-2022-2\/\">colecci\u00f3n<\/a> de Miuccia Prada le dio a la ropa de oficina un significado completamente nuevo. Las modelos se vistieron con faldas corporativas m\u00e1s cortas y minifaldas tejidas con aberturas altas, as\u00ed como camisas de vestir de gran tama\u00f1o o prendas de punto con el est\u00f3mago expuesto para combinar.<\/span><\/p>\n                                    <\/div>\n            <\/div>\n            <div class=\"row g-0\">\n                <div class=\"col-lg-12 img-scaled\">\n                                                                                                                                                <figure class=\"mb-4 pt-lg-2 mb-lg-2 ps-lg-0 pe-lg-0\" data-aos=\"fade-up\" data-aos-duration=\"1000\"><div class=\"img-container\"><img loading=\"lazy\" decoding=\"async\" width=\"640\" height=\"960\" src=\"https:\/\/luxiders.com\/content\/uploads\/miu_miu_ss22_100.jpg\" class=\"img-fluid w-100\" alt=\"\" srcset=\"https:\/\/luxiders.com\/content\/uploads\/miu_miu_ss22_100.jpg 640w, https:\/\/luxiders.com\/content\/uploads\/miu_miu_ss22_100-200x300.jpg 200w\" sizes=\"(max-width: 640px) 100vw, 640px\" \/><\/div><figcaption>\u00a9 Miu Miu<\/figcaption><\/figure>                                                                                            <\/div>\n                                            <\/div>\n        <\/div>\n    <\/section>\n    \n\n    <section id=\"textblock-block_53056014c1733012bd4e3e16446683d3\" class=\"section position-relative gp-block gp-textblock pt-0 pb-0\">\n        <div class=\"container\">\n            <div class=\"row g-0\">\n                <div class=\"col-lg-12 content\" data-aos=\"fade-in\" data-aos-duration=\"1000\">\n                                                                                <p style=\"text-align: center;\"><em><strong>+\u00a0 Words: <\/strong><\/em><\/p>\n<p style=\"text-align: center;\"><em><strong>Tyler Lea-Thompson<br \/>\n<\/strong><\/em><em><strong>Luxiders Magazine<\/strong><\/em><\/p>\n                                                        <\/div>\n            <\/div>\n        <\/div>\n    <\/section>\n    ","protected":false},"excerpt":{"rendered":"","protected":false},"author":2,"featured_media":19143,"comment_status":"closed","ping_status":"closed","sticky":false,"template":"","format":"standard","meta":{"_acf_changed":false,"footnotes":""},"categories":[1187,130],"tags":[3387,3388,193,359],"class_list":{"0":"post-19168","1":"post","2":"type-post","3":"status-publish","4":"format-standard","5":"has-post-thumbnail","7":"category-lujo-sostenible-diseno","8":"category-moda-sostenible-lujo","9":"tag-1960s-es","10":"tag-miu-miu-es","11":"tag-sustainable-fashion-es","12":"tag-sustainable-luxury-es"},"acf":[],"yoast_head":"<title>La minifalda | Tendencia de pasarela primavera\/verano 2022<\/title>\n<meta name=\"description\" content=\"La minifalda est\u00e1 de moda esta temporada. Para la primavera\/verano de 2022, marcas de lujo como Versace y Prada declararon que menos es m\u00e1s.\" \/>\n<meta name=\"robots\" content=\"index, follow, max-snippet:-1, max-image-preview:large, max-video-preview:-1\" \/>\n<link rel=\"canonical\" href=\"https:\/\/luxiders.com\/es\/minifalda-tendencias-pasarela-primavera-verano-2022\/\" \/>\n<meta property=\"og:locale\" content=\"es_ES\" \/>\n<meta property=\"og:type\" content=\"article\" \/>\n<meta property=\"og:title\" content=\"La minifalda | Tendencia de pasarela primavera\/verano 2022\" \/>\n<meta property=\"og:description\" content=\"La minifalda est\u00e1 de moda esta temporada. Para la primavera\/verano de 2022, marcas de lujo como Versace y Prada declararon que menos es m\u00e1s.\" \/>\n<meta property=\"og:url\" content=\"https:\/\/luxiders.com\/es\/minifalda-tendencias-pasarela-primavera-verano-2022\/\" \/>\n<meta property=\"og:site_name\" content=\"Sustainable Fashion - Eco Design - Healthy Lifestyle - Luxiders Magazine\" \/>\n<meta property=\"article:published_time\" content=\"2022-04-18T22:29:00+00:00\" \/>\n<meta property=\"article:modified_time\" content=\"2023-03-13T16:17:42+00:00\" \/>\n<meta property=\"og:image\" content=\"https:\/\/luxiders.com\/content\/uploads\/look-13_width_3000-2.jpg\" \/>\n\t<meta property=\"og:image:width\" content=\"1990\" \/>\n\t<meta property=\"og:image:height\" content=\"1422\" \/>\n\t<meta property=\"og:image:type\" content=\"image\/jpeg\" \/>\n<meta name=\"author\" content=\"luxiders\" \/>\n<meta name=\"twitter:card\" content=\"summary_large_image\" \/>\n<meta name=\"twitter:label1\" content=\"Written by\" \/>\n\t<meta name=\"twitter:data1\" content=\"luxiders\" \/>\n<script type=\"application\/ld+json\" class=\"yoast-schema-graph\">{\"@context\":\"https:\/\/schema.org\",\"@graph\":[{\"@type\":\"Article\",\"@id\":\"https:\/\/luxiders.com\/es\/minifalda-tendencias-pasarela-primavera-verano-2022\/#article\",\"isPartOf\":{\"@id\":\"https:\/\/luxiders.com\/es\/minifalda-tendencias-pasarela-primavera-verano-2022\/\"},\"author\":{\"name\":\"luxiders\",\"@id\":\"https:\/\/luxiders.com\/es\/#\/schema\/person\/8632fa702ae2ce98f66c396254633de8\"},\"headline\":\"Tendencia de pasarela primavera\/verano 2022 | La minifalda\",\"datePublished\":\"2022-04-18T22:29:00+00:00\",\"dateModified\":\"2023-03-13T16:17:42+00:00\",\"mainEntityOfPage\":{\"@id\":\"https:\/\/luxiders.com\/es\/minifalda-tendencias-pasarela-primavera-verano-2022\/\"},\"wordCount\":7,\"publisher\":{\"@id\":\"https:\/\/luxiders.com\/es\/#organization\"},\"image\":{\"@id\":\"https:\/\/luxiders.com\/es\/minifalda-tendencias-pasarela-primavera-verano-2022\/#primaryimage\"},\"thumbnailUrl\":\"https:\/\/luxiders.com\/content\/uploads\/look-13_width_3000-2.jpg\",\"keywords\":[\"1960&#039;s\",\"Miu Miu\",\"sustainable fashion\",\"Sustainable luxury\"],\"articleSection\":[\"Dise\u00f1o\",\"Moda\"],\"inLanguage\":\"es-ES\"},{\"@type\":\"WebPage\",\"@id\":\"https:\/\/luxiders.com\/es\/minifalda-tendencias-pasarela-primavera-verano-2022\/\",\"url\":\"https:\/\/luxiders.com\/es\/minifalda-tendencias-pasarela-primavera-verano-2022\/\",\"name\":\"La minifalda | Tendencia de pasarela primavera\/verano 2022\",\"isPartOf\":{\"@id\":\"https:\/\/luxiders.com\/es\/#website\"},\"primaryImageOfPage\":{\"@id\":\"https:\/\/luxiders.com\/es\/minifalda-tendencias-pasarela-primavera-verano-2022\/#primaryimage\"},\"image\":{\"@id\":\"https:\/\/luxiders.com\/es\/minifalda-tendencias-pasarela-primavera-verano-2022\/#primaryimage\"},\"thumbnailUrl\":\"https:\/\/luxiders.com\/content\/uploads\/look-13_width_3000-2.jpg\",\"datePublished\":\"2022-04-18T22:29:00+00:00\",\"dateModified\":\"2023-03-13T16:17:42+00:00\",\"description\":\"La minifalda est\u00e1 de moda esta temporada. Para la primavera\/verano de 2022, marcas de lujo como Versace y Prada declararon que menos es m\u00e1s.\",\"breadcrumb\":{\"@id\":\"https:\/\/luxiders.com\/es\/minifalda-tendencias-pasarela-primavera-verano-2022\/#breadcrumb\"},\"inLanguage\":\"es-ES\",\"potentialAction\":[{\"@type\":\"ReadAction\",\"target\":[\"https:\/\/luxiders.com\/es\/minifalda-tendencias-pasarela-primavera-verano-2022\/\"]}]},{\"@type\":\"ImageObject\",\"inLanguage\":\"es-ES\",\"@id\":\"https:\/\/luxiders.com\/es\/minifalda-tendencias-pasarela-primavera-verano-2022\/#primaryimage\",\"url\":\"https:\/\/luxiders.com\/content\/uploads\/look-13_width_3000-2.jpg\",\"contentUrl\":\"https:\/\/luxiders.com\/content\/uploads\/look-13_width_3000-2.jpg\",\"width\":1990,\"height\":1422},{\"@type\":\"BreadcrumbList\",\"@id\":\"https:\/\/luxiders.com\/es\/minifalda-tendencias-pasarela-primavera-verano-2022\/#breadcrumb\",\"itemListElement\":[{\"@type\":\"ListItem\",\"position\":1,\"name\":\"Startseite\",\"item\":\"https:\/\/luxiders.com\/es\/\"},{\"@type\":\"ListItem\",\"position\":2,\"name\":\"Dise\u00f1o\",\"item\":\"https:\/\/luxiders.com\/es\/category\/lujo-sostenible-diseno\/\"},{\"@type\":\"ListItem\",\"position\":3,\"name\":\"Tendencia de pasarela primavera\/verano 2022 | La minifalda\"}]},{\"@type\":\"WebSite\",\"@id\":\"https:\/\/luxiders.com\/es\/#website\",\"url\":\"https:\/\/luxiders.com\/es\/\",\"name\":\"Sustainable Fashion - Eco Design - Healthy Lifestyle - Luxiders Magazine\",\"description\":\"Luxiders is a sustainable luxury magazine highlighting the best stories about sustainable fashion, ethical fashion, eco-friendly design, green design, sustainable travel, natural beauty, organic beauty and healthy lifestyle. Know the best high-end, progressive and luxury sustainable brands and designers worldwide.\",\"publisher\":{\"@id\":\"https:\/\/luxiders.com\/es\/#organization\"},\"potentialAction\":[{\"@type\":\"SearchAction\",\"target\":{\"@type\":\"EntryPoint\",\"urlTemplate\":\"https:\/\/luxiders.com\/es\/?s={search_term_string}\"},\"query-input\":{\"@type\":\"PropertyValueSpecification\",\"valueRequired\":true,\"valueName\":\"search_term_string\"}}],\"inLanguage\":\"es-ES\"},{\"@type\":\"Organization\",\"@id\":\"https:\/\/luxiders.com\/es\/#organization\",\"name\":\"Sustainable Fashion - Eco Design - Healthy Lifestyle - Luxiders Magazine\",\"url\":\"https:\/\/luxiders.com\/es\/\",\"logo\":{\"@type\":\"ImageObject\",\"inLanguage\":\"es-ES\",\"@id\":\"https:\/\/luxiders.com\/es\/#\/schema\/logo\/image\/\",\"url\":\"https:\/\/luxiders.com\/content\/uploads\/lux-logo.svg\",\"contentUrl\":\"https:\/\/luxiders.com\/content\/uploads\/lux-logo.svg\",\"caption\":\"Sustainable Fashion - Eco Design - Healthy Lifestyle - Luxiders Magazine\"},\"image\":{\"@id\":\"https:\/\/luxiders.com\/es\/#\/schema\/logo\/image\/\"}},{\"@type\":\"Person\",\"@id\":\"https:\/\/luxiders.com\/es\/#\/schema\/person\/8632fa702ae2ce98f66c396254633de8\",\"name\":\"luxiders\",\"url\":\"https:\/\/luxiders.com\/es\/author\/luxiders\/\"}]}<\/script>","yoast_head_json":{"title":"La minifalda | Tendencia de pasarela primavera\/verano 2022","description":"La minifalda est\u00e1 de moda esta temporada. Para la primavera\/verano de 2022, marcas de lujo como Versace y Prada declararon que menos es m\u00e1s.","robots":{"index":"index","follow":"follow","max-snippet":"max-snippet:-1","max-image-preview":"max-image-preview:large","max-video-preview":"max-video-preview:-1"},"canonical":"https:\/\/luxiders.com\/es\/minifalda-tendencias-pasarela-primavera-verano-2022\/","og_locale":"es_ES","og_type":"article","og_title":"La minifalda | Tendencia de pasarela primavera\/verano 2022","og_description":"La minifalda est\u00e1 de moda esta temporada. Para la primavera\/verano de 2022, marcas de lujo como Versace y Prada declararon que menos es m\u00e1s.","og_url":"https:\/\/luxiders.com\/es\/minifalda-tendencias-pasarela-primavera-verano-2022\/","og_site_name":"Sustainable Fashion - Eco Design - Healthy Lifestyle - Luxiders Magazine","article_published_time":"2022-04-18T22:29:00+00:00","article_modified_time":"2023-03-13T16:17:42+00:00","og_image":[{"width":1990,"height":1422,"url":"https:\/\/luxiders.com\/content\/uploads\/look-13_width_3000-2.jpg","type":"image\/jpeg"}],"author":"luxiders","twitter_card":"summary_large_image","twitter_misc":{"Written by":"luxiders"},"schema":{"@context":"https:\/\/schema.org","@graph":[{"@type":"Article","@id":"https:\/\/luxiders.com\/es\/minifalda-tendencias-pasarela-primavera-verano-2022\/#article","isPartOf":{"@id":"https:\/\/luxiders.com\/es\/minifalda-tendencias-pasarela-primavera-verano-2022\/"},"author":{"name":"luxiders","@id":"https:\/\/luxiders.com\/es\/#\/schema\/person\/8632fa702ae2ce98f66c396254633de8"},"headline":"Tendencia de pasarela primavera\/verano 2022 | La minifalda","datePublished":"2022-04-18T22:29:00+00:00","dateModified":"2023-03-13T16:17:42+00:00","mainEntityOfPage":{"@id":"https:\/\/luxiders.com\/es\/minifalda-tendencias-pasarela-primavera-verano-2022\/"},"wordCount":7,"publisher":{"@id":"https:\/\/luxiders.com\/es\/#organization"},"image":{"@id":"https:\/\/luxiders.com\/es\/minifalda-tendencias-pasarela-primavera-verano-2022\/#primaryimage"},"thumbnailUrl":"https:\/\/luxiders.com\/content\/uploads\/look-13_width_3000-2.jpg","keywords":["1960&#039;s","Miu Miu","sustainable fashion","Sustainable luxury"],"articleSection":["Dise\u00f1o","Moda"],"inLanguage":"es-ES"},{"@type":"WebPage","@id":"https:\/\/luxiders.com\/es\/minifalda-tendencias-pasarela-primavera-verano-2022\/","url":"https:\/\/luxiders.com\/es\/minifalda-tendencias-pasarela-primavera-verano-2022\/","name":"La minifalda | Tendencia de pasarela primavera\/verano 2022","isPartOf":{"@id":"https:\/\/luxiders.com\/es\/#website"},"primaryImageOfPage":{"@id":"https:\/\/luxiders.com\/es\/minifalda-tendencias-pasarela-primavera-verano-2022\/#primaryimage"},"image":{"@id":"https:\/\/luxiders.com\/es\/minifalda-tendencias-pasarela-primavera-verano-2022\/#primaryimage"},"thumbnailUrl":"https:\/\/luxiders.com\/content\/uploads\/look-13_width_3000-2.jpg","datePublished":"2022-04-18T22:29:00+00:00","dateModified":"2023-03-13T16:17:42+00:00","description":"La minifalda est\u00e1 de moda esta temporada. Para la primavera\/verano de 2022, marcas de lujo como Versace y Prada declararon que menos es m\u00e1s.","breadcrumb":{"@id":"https:\/\/luxiders.com\/es\/minifalda-tendencias-pasarela-primavera-verano-2022\/#breadcrumb"},"inLanguage":"es-ES","potentialAction":[{"@type":"ReadAction","target":["https:\/\/luxiders.com\/es\/minifalda-tendencias-pasarela-primavera-verano-2022\/"]}]},{"@type":"ImageObject","inLanguage":"es-ES","@id":"https:\/\/luxiders.com\/es\/minifalda-tendencias-pasarela-primavera-verano-2022\/#primaryimage","url":"https:\/\/luxiders.com\/content\/uploads\/look-13_width_3000-2.jpg","contentUrl":"https:\/\/luxiders.com\/content\/uploads\/look-13_width_3000-2.jpg","width":1990,"height":1422},{"@type":"BreadcrumbList","@id":"https:\/\/luxiders.com\/es\/minifalda-tendencias-pasarela-primavera-verano-2022\/#breadcrumb","itemListElement":[{"@type":"ListItem","position":1,"name":"Startseite","item":"https:\/\/luxiders.com\/es\/"},{"@type":"ListItem","position":2,"name":"Dise\u00f1o","item":"https:\/\/luxiders.com\/es\/category\/lujo-sostenible-diseno\/"},{"@type":"ListItem","position":3,"name":"Tendencia de pasarela primavera\/verano 2022 | La minifalda"}]},{"@type":"WebSite","@id":"https:\/\/luxiders.com\/es\/#website","url":"https:\/\/luxiders.com\/es\/","name":"Sustainable Fashion - Eco Design - Healthy Lifestyle - Luxiders Magazine","description":"Luxiders is a sustainable luxury magazine highlighting the best stories about sustainable fashion, ethical fashion, eco-friendly design, green design, sustainable travel, natural beauty, organic beauty and healthy lifestyle. Know the best high-end, progressive and luxury sustainable brands and designers worldwide.","publisher":{"@id":"https:\/\/luxiders.com\/es\/#organization"},"potentialAction":[{"@type":"SearchAction","target":{"@type":"EntryPoint","urlTemplate":"https:\/\/luxiders.com\/es\/?s={search_term_string}"},"query-input":{"@type":"PropertyValueSpecification","valueRequired":true,"valueName":"search_term_string"}}],"inLanguage":"es-ES"},{"@type":"Organization","@id":"https:\/\/luxiders.com\/es\/#organization","name":"Sustainable Fashion - Eco Design - Healthy Lifestyle - Luxiders Magazine","url":"https:\/\/luxiders.com\/es\/","logo":{"@type":"ImageObject","inLanguage":"es-ES","@id":"https:\/\/luxiders.com\/es\/#\/schema\/logo\/image\/","url":"https:\/\/luxiders.com\/content\/uploads\/lux-logo.svg","contentUrl":"https:\/\/luxiders.com\/content\/uploads\/lux-logo.svg","caption":"Sustainable Fashion - Eco Design - Healthy Lifestyle - Luxiders Magazine"},"image":{"@id":"https:\/\/luxiders.com\/es\/#\/schema\/logo\/image\/"}},{"@type":"Person","@id":"https:\/\/luxiders.com\/es\/#\/schema\/person\/8632fa702ae2ce98f66c396254633de8","name":"luxiders","url":"https:\/\/luxiders.com\/es\/author\/luxiders\/"}]}},"_links":{"self":[{"href":"https:\/\/luxiders.com\/es\/wp-json\/wp\/v2\/posts\/19168","targetHints":{"allow":["GET"]}}],"collection":[{"href":"https:\/\/luxiders.com\/es\/wp-json\/wp\/v2\/posts"}],"about":[{"href":"https:\/\/luxiders.com\/es\/wp-json\/wp\/v2\/types\/post"}],"author":[{"embeddable":true,"href":"https:\/\/luxiders.com\/es\/wp-json\/wp\/v2\/users\/2"}],"replies":[{"embeddable":true,"href":"https:\/\/luxiders.com\/es\/wp-json\/wp\/v2\/comments?post=19168"}],"version-history":[{"count":2,"href":"https:\/\/luxiders.com\/es\/wp-json\/wp\/v2\/posts\/19168\/revisions"}],"predecessor-version":[{"id":19175,"href":"https:\/\/luxiders.com\/es\/wp-json\/wp\/v2\/posts\/19168\/revisions\/19175"}],"wp:featuredmedia":[{"embeddable":true,"href":"https:\/\/luxiders.com\/es\/wp-json\/wp\/v2\/media\/19143"}],"wp:attachment":[{"href":"https:\/\/luxiders.com\/es\/wp-json\/wp\/v2\/media?parent=19168"}],"wp:term":[{"taxonomy":"category","embeddable":true,"href":"https:\/\/luxiders.com\/es\/wp-json\/wp\/v2\/categories?post=19168"},{"taxonomy":"post_tag","embeddable":true,"href":"https:\/\/luxiders.com\/es\/wp-json\/wp\/v2\/tags?post=19168"}],"curies":[{"name":"wp","href":"https:\/\/api.w.org\/{rel}","templated":true}]}}