{"id":20578,"date":"2020-10-23T07:00:00","date_gmt":"2020-10-23T05:00:00","guid":{"rendered":"http:\/\/luxiders.com.w01cc729.kasserver.com\/london-fashion-week-ss21-sustainable-brands\/"},"modified":"2023-03-21T12:36:51","modified_gmt":"2023-03-21T11:36:51","slug":"london-fashion-week-2020","status":"publish","type":"post","link":"https:\/\/luxiders.com\/es\/london-fashion-week-2020\/","title":{"rendered":"London Fashion Week 2020 | Tendencias y marcas sostenibles"},"content":{"rendered":"    <section id=\"textblock-block_96ddf108446e82679a74674ea9b48cb6\" class=\"section position-relative gp-block gp-textblock pt-0 pb-0\">\n        <div class=\"container\">\n            <div class=\"row g-0\">\n                <div class=\"col-lg-12 content\" data-aos=\"fade-in\" data-aos-duration=\"1000\">\n                                                                                    <div class=\"intro \">\n                            <p style=\"text-align: center;\"><em>La semana de la moda de Londres para las colecciones de Primavera\u00a0 \u00a0Verano 2021 fue diferente a cualquier otra versi\u00f3n anterior del evento. Debido a la actual situaci\u00f3n de distancia social ocasionada por la COVID-19 y los paisajes cambiantes de la tecnolog\u00eda y la cultura, no todas las colecciones se presentaron en formato f\u00edsico, muchas se presentaron en formato digital. Durante este tiempo de reajuste que experimentamos en el mundo, muchas marcas se han tomado el tiempo para reflexionar sobre lo que es importante para ellas en el futuro, y muchas coinciden en que la sostenibilidad debe ser una prioridad en el tejido de su ropa y en el ADN de la empresa.<\/em><\/p>\n                        <\/div>\n                                                                                                <\/div>\n            <\/div>\n        <\/div>\n    <\/section>\n    \n\n    <section id=\"newsletter-block_2994bc8adcb71fad982cf83bd04f9dc4\" class=\"section position-relative gp-block gp-newsletter pt-0 pb-0 my-5\">\n        <div class=\"container\">\n            <div class=\"row g-0 pt-4 pb-3\">\n                <div class=\"col-lg-12 content text-center border pt-3\" data-aos=\"fade-in\" data-aos-duration=\"1000\">\n                                            <p><em>Para recibir el Newsletter de Luxiders Magazine,\u00a0<a href=\"https:\/\/landing.mailerlite.com\/webforms\/landing\/w2a1t0\" target=\"_blank\" rel=\"noopener\">suscr\u00edbete aqu\u00ed<\/a><\/em><\/p>\n                                    <\/div>\n            <\/div>\n        <\/div>\n    <\/section>\n    \n\n    <section id=\"media-block_9e8d9ac2dbfadcb44fcdc04047fb08c2\" class=\"section position-relative gp-block gp-media pt-0 pb-0\">\n        <div class=\"container\">\n            <div class=\"row g-0\">\n                <div class=\"col-lg-12 content\" data-aos=\"fade-in\" data-aos-duration=\"1000\">\n                                        <p>&nbsp;<\/p>\n<h3>AUMENTAR LA SOSTENIBILIDAD EN LA MODA<\/h3>\n<p>Un <a href=\"https:\/\/luxiders.com\/sustainability-business-trend-2020\/\" target=\"_blank\" rel=\"noopener\">estudio <\/a>realizado por\u00a0<a href=\"https:\/\/www.eiu.com\/n\/\" target=\"_blank\" rel=\"noopener\">Economist Intelligence Unit (EIU)<\/a>, encuest\u00f3 a 150 gerentes de negocios de moda, textiles y minoristas en Europa y EEUU y encontr\u00f3 que el 60% de estos negocios que priorizan la sostenibilidad est\u00e1n especializado en moda y el comercio minorista. Las marcas de todo el mundo est\u00e1n comenzando a hacer de la fabricaci\u00f3n sostenible un aspecto no negociable del negocio. La semana de la moda de Londres nos brind\u00f3 una gran cantidad de colecciones de dise\u00f1adores que destacaban por las prendas sostenibles sin renunciar a la belleza. Estas son algunas de las tendencias y marcas m\u00e1s notables que se centraron en la sostenibilidad y as\u00ed lo dejaron claro durante la Semana de la Moda de Londres Primavera Verano 2021.<\/p>\n<h3>TENDENCIAS<\/h3>\n<p>CINTAS<\/p>\n<p>Aunque muchos looks de la semana de la moda son aderezados por muchos elementos para elevar el estilismo, esta temporada hemos detectado la aplicaci\u00f3n de cintas, envueltas y atadas de una forma interesante. Vemos diferentes formas de usar este accesorio en las fluidas corbatas de camisa de\u00a0<a href=\"https:\/\/luxiders.com\/sustainable-brands-burberry\/\" target=\"_blank\" rel=\"noopener\">Burberry<\/a> y las elegantes capas de\u00a0<a href=\"https:\/\/luxiders.com\/sustainable-brands-erdem\/\" target=\"_blank\" rel=\"noopener\">Erdem<\/a>.<\/p>\n<p>&nbsp;<\/p>\n                                    <\/div>\n            <\/div>\n            <div class=\"row g-0\">\n                <div class=\"col-lg-6 \">\n                                                                                                                                                <figure class=\"mb-4 pt-lg-5 mb-lg-0 ps-lg-5 pe-lg-3\" data-aos=\"fade-up\" data-aos-duration=\"1000\"><div class=\"img-container\"><img loading=\"lazy\" decoding=\"async\" width=\"640\" height=\"960\" src=\"https:\/\/luxiders.com\/content\/uploads\/erdem_ss21_006.jpg\" class=\"img-fluid w-100\" alt=\"\" srcset=\"https:\/\/luxiders.com\/content\/uploads\/erdem_ss21_006.jpg 640w, https:\/\/luxiders.com\/content\/uploads\/erdem_ss21_006-200x300.jpg 200w\" sizes=\"(max-width: 640px) 100vw, 640px\" \/><\/div><\/figure>                                                                                            <\/div>\n                                    <div class=\"col-lg-6\">\n                                                                                                                                                        <figure class=\"mb-4 pt-lg-0 mb-lg-5 ps-lg-3 pe-lg-5\" data-aos=\"fade-up\" data-aos-duration=\"1000\"><div class=\"img-container\"><img loading=\"lazy\" decoding=\"async\" width=\"640\" height=\"960\" src=\"https:\/\/luxiders.com\/content\/uploads\/burberry_ss21_006.jpg\" class=\"img-fluid w-100\" alt=\"\" srcset=\"https:\/\/luxiders.com\/content\/uploads\/burberry_ss21_006.jpg 640w, https:\/\/luxiders.com\/content\/uploads\/burberry_ss21_006-200x300.jpg 200w\" sizes=\"(max-width: 640px) 100vw, 640px\" \/><\/div><\/figure>                                                                                                        <\/div>\n                                            <\/div>\n        <\/div>\n    <\/section>\n    \n\n    <section id=\"media-block_0bafe6f9693f087083c0238c8ffed703\" class=\"section position-relative gp-block gp-media pt-0 pb-0\">\n        <div class=\"container\">\n            <div class=\"row g-0\">\n                <div class=\"col-lg-12 content\" data-aos=\"fade-in\" data-aos-duration=\"1000\">\n                                        <p>&nbsp;<\/p>\n<h3>PRINTS COLORISTAS<\/h3>\n<p>La pr\u00f3xima temporada Primavera Verano 2021 seremos testigos de una explosi\u00f3n de colores brillantes. Desde las piezas de\u00a0<a href=\"https:\/\/luxiders.com\/christopher-kane-spring-summer-2021\/\" target=\"_blank\" rel=\"noopener\">Christopher Kane<\/a> que se asemejan a lienzos de Jackson Pollock hasta los prints de\u00a0<a href=\"https:\/\/londonfashionweek.co.uk\/designers\/bethany-williams\" target=\"_blank\" rel=\"noopener\">Bethany Williams<\/a> que se asemejan a la vivacidad y el color de Georgia O&#8217;keeffe, los dise\u00f1adores nos recuerdan que debemos divertirnos con lo que usamos y mantener las cosas interesantes &#8230; menos adultas y serias. El ni\u00f1o que nunca creci\u00f3, o las personas que buscan reconectarse con su lado l\u00fadico y expresivo pueden desatarlo esta temporada.<\/p>\n<p>&nbsp;<\/p>\n<p>&nbsp;<\/p>\n                                    <\/div>\n            <\/div>\n            <div class=\"row g-0\">\n                <div class=\"col-lg-6 \">\n                                                                                                                                                <figure class=\"mb-4 pt-lg-0 mb-lg-6 ps-lg-7 pe-lg-3\" data-aos=\"fade-up\" data-aos-duration=\"1000\"><div class=\"img-container\"><img loading=\"lazy\" decoding=\"async\" width=\"640\" height=\"960\" src=\"https:\/\/luxiders.com\/content\/uploads\/bethany_ss21_007.jpg\" class=\"img-fluid w-100\" alt=\"\" srcset=\"https:\/\/luxiders.com\/content\/uploads\/bethany_ss21_007.jpg 640w, https:\/\/luxiders.com\/content\/uploads\/bethany_ss21_007-200x300.jpg 200w\" sizes=\"(max-width: 640px) 100vw, 640px\" \/><\/div><\/figure>                                                                                            <\/div>\n                                    <div class=\"col-lg-6\">\n                                                                                                                                                        <figure class=\"mb-4 pt-lg-4 mb-lg-0 ps-lg-3 pe-lg-3\" data-aos=\"fade-up\" data-aos-duration=\"1000\"><div class=\"img-container\"><img loading=\"lazy\" decoding=\"async\" width=\"640\" height=\"960\" src=\"https:\/\/luxiders.com\/content\/uploads\/christo_ss21_004-2.jpg\" class=\"img-fluid w-100\" alt=\"\" srcset=\"https:\/\/luxiders.com\/content\/uploads\/christo_ss21_004-2.jpg 640w, https:\/\/luxiders.com\/content\/uploads\/christo_ss21_004-2-200x300.jpg 200w\" sizes=\"(max-width: 640px) 100vw, 640px\" \/><\/div><\/figure>                                                                                                        <\/div>\n                                            <\/div>\n        <\/div>\n    <\/section>\n    \n\n    <section id=\"media-block_8a259b25ceadaa877385a2398744f39d\" class=\"section position-relative gp-block gp-media pt-0 pb-0\">\n        <div class=\"container\">\n            <div class=\"row g-0\">\n                <div class=\"col-lg-12 content\" data-aos=\"fade-in\" data-aos-duration=\"1000\">\n                                        <p>&nbsp;<\/p>\n<h3>VENTANAS A LA PIEL<\/h3>\n<p>Muchos cortes extravagantes permiten que el aire de primavera y verano se encuentre con la piel en diferentes formas. Desde los recortes a parches de\u00a0<a href=\"https:\/\/luxiders.com\/preen-spring-summer-2021\/\" target=\"_blank\" rel=\"noopener\">Preens<\/a> hasta la provocadora alternativa hippy de\u00a0<a href=\"https:\/\/luxiders.com\/sustainable-brands-charlotte-knowles\/\" target=\"_blank\" rel=\"noopener\">Charlotte Knowles<\/a>, la pr\u00f3xima temporada veremos la piel asomar por las diferentes ventanas abiertas por el patronaje de las prendas.<\/p>\n<p>&nbsp;<\/p>\n                                    <\/div>\n            <\/div>\n            <div class=\"row g-0\">\n                <div class=\"col-lg-6 \">\n                                                                                                                                                <figure class=\"mb-4 pt-lg-5 mb-lg-0 ps-lg-5 pe-lg-3\" data-aos=\"fade-up\" data-aos-duration=\"1000\"><div class=\"img-container\"><img loading=\"lazy\" decoding=\"async\" width=\"640\" height=\"960\" src=\"https:\/\/luxiders.com\/content\/uploads\/preen_ss21_001.jpg\" class=\"img-fluid w-100\" alt=\"\" srcset=\"https:\/\/luxiders.com\/content\/uploads\/preen_ss21_001.jpg 640w, https:\/\/luxiders.com\/content\/uploads\/preen_ss21_001-200x300.jpg 200w\" sizes=\"(max-width: 640px) 100vw, 640px\" \/><\/div><\/figure>                                                                                            <\/div>\n                                    <div class=\"col-lg-6\">\n                                                                                                                                                        <figure class=\"mb-4 pt-lg-0 mb-lg-4 ps-lg-3 pe-lg-5\" data-aos=\"fade-up\" data-aos-duration=\"1000\"><div class=\"img-container\"><img loading=\"lazy\" decoding=\"async\" width=\"640\" height=\"960\" src=\"https:\/\/luxiders.com\/content\/uploads\/charlotte_ss21_014.jpg\" class=\"img-fluid w-100\" alt=\"\" srcset=\"https:\/\/luxiders.com\/content\/uploads\/charlotte_ss21_014.jpg 640w, https:\/\/luxiders.com\/content\/uploads\/charlotte_ss21_014-200x300.jpg 200w\" sizes=\"(max-width: 640px) 100vw, 640px\" \/><\/div><\/figure>                                                                                                        <\/div>\n                                            <\/div>\n        <\/div>\n    <\/section>\n    \n\n    <section id=\"media-block_6573f45a6b1af740543186b80777b266\" class=\"section position-relative gp-block gp-media pt-0 pb-0\">\n        <div class=\"container\">\n            <div class=\"row g-0\">\n                <div class=\"col-lg-12 content\" data-aos=\"fade-in\" data-aos-duration=\"1000\">\n                                        <p>&nbsp;<\/p>\n<h3>NUESTROS DISE\u00d1ADORES FAVORITOS EN LONDON FASHON WEEK<\/h3>\n<h3>BURBERRY<\/h3>\n<div class=\"tlid-results-container results-container\">\n<div class=\"tlid-result result-dict-wrapper\">\n<div class=\"result tlid-copy-target\">\n<div class=\"text-wrap tlid-copy-target\">\n<div class=\"result-shield-container tlid-copy-target\" tabindex=\"0\"><span class=\"tlid-translation translation\" lang=\"es\"><span title=\"\">El reciente compromiso de la conocida marca de lujo con la sostenibilidad se mostr\u00f3 en la visi\u00f3n del director creativo Ricardo Tisci de un desfile de moda transmitido digitalmente desde un bosque a las afueras de Londres.<\/span> <span title=\"\">La colecci\u00f3n llega en tonos de azul fr\u00edo y naranja llamativo.<\/span> <span title=\"\">Las capas imitando a redes de pesca y los adornos crean una sensaci\u00f3n de malla en la mayor\u00eda de estos estilos.<\/span> <span class=\"\" title=\"\">Agregar estas sexys capas a nuestro guardarropa de Primavera Verano nos puede permitir llevarlas a lo largo de todas las estaciones, si las mezclamos con otras prendas correctamente.<\/span><\/span><\/div>\n<\/div>\n<\/div>\n<\/div>\n<\/div>\n<p>&nbsp;<\/p>\n                                    <\/div>\n            <\/div>\n            <div class=\"row g-0\">\n                <div class=\"col-lg-12 img-scaled\">\n                                                                                                                                                <figure class=\"mb-4 pt-lg-3 mb-lg-3 ps-lg-0 pe-lg-0\" data-aos=\"fade-up\" data-aos-duration=\"1000\"><div class=\"img-container\"><img loading=\"lazy\" decoding=\"async\" width=\"640\" height=\"960\" src=\"https:\/\/luxiders.com\/content\/uploads\/burberry_ss21_040.jpg\" class=\"img-fluid w-100\" alt=\"\" srcset=\"https:\/\/luxiders.com\/content\/uploads\/burberry_ss21_040.jpg 640w, https:\/\/luxiders.com\/content\/uploads\/burberry_ss21_040-200x300.jpg 200w\" sizes=\"(max-width: 640px) 100vw, 640px\" \/><\/div><\/figure>                                                                                            <\/div>\n                                            <\/div>\n        <\/div>\n    <\/section>\n    \n\n    <section id=\"media-block_e364ea9707a7882137327622ad47d392\" class=\"section position-relative gp-block gp-media pt-0 pb-0\">\n        <div class=\"container\">\n            <div class=\"row g-0\">\n                <div class=\"col-lg-12 content\" data-aos=\"fade-in\" data-aos-duration=\"1000\">\n                                                                            <\/div>\n            <\/div>\n            <div class=\"row g-0\">\n                <div class=\"col-lg-6 \">\n                                                                                                                                                <figure class=\"mb-4 pt-lg-3 mb-lg-3 ps-lg-2 pe-lg-2\" data-aos=\"fade-up\" data-aos-duration=\"1000\"><div class=\"img-container\"><img loading=\"lazy\" decoding=\"async\" width=\"640\" height=\"960\" src=\"https:\/\/luxiders.com\/content\/uploads\/burberry_ss21_016.jpg\" class=\"img-fluid w-100\" alt=\"\" srcset=\"https:\/\/luxiders.com\/content\/uploads\/burberry_ss21_016.jpg 640w, https:\/\/luxiders.com\/content\/uploads\/burberry_ss21_016-200x300.jpg 200w\" sizes=\"(max-width: 640px) 100vw, 640px\" \/><\/div><\/figure>                                                                                            <\/div>\n                                    <div class=\"col-lg-6\">\n                                                                                                                                                        <figure class=\"mb-4 pt-lg-3 mb-lg-3 ps-lg-2 pe-lg-2\" data-aos=\"fade-up\" data-aos-duration=\"1000\"><div class=\"img-container\"><img loading=\"lazy\" decoding=\"async\" width=\"640\" height=\"960\" src=\"https:\/\/luxiders.com\/content\/uploads\/burberry_ss21_050.jpg\" class=\"img-fluid w-100\" alt=\"\" srcset=\"https:\/\/luxiders.com\/content\/uploads\/burberry_ss21_050.jpg 640w, https:\/\/luxiders.com\/content\/uploads\/burberry_ss21_050-200x300.jpg 200w\" sizes=\"(max-width: 640px) 100vw, 640px\" \/><\/div><\/figure>                                                                                                        <\/div>\n                                            <\/div>\n        <\/div>\n    <\/section>\n    \n\n    <section id=\"media-block_60ad79eb0f50b06132f2830858a65f6c\" class=\"section position-relative gp-block gp-media pt-0 pb-0\">\n        <div class=\"container\">\n            <div class=\"row g-0\">\n                <div class=\"col-lg-12 content\" data-aos=\"fade-in\" data-aos-duration=\"1000\">\n                                        <p>&nbsp;<\/p>\n<h3>VIVIENNE WESTWOOD<\/h3>\n<p>Joven, rebelde. As\u00ed es la \u00faltima colecci\u00f3n de <a href=\"https:\/\/luxiders.com\/sustainable-brands-vivienne-westwood\/\" target=\"_blank\" rel=\"noopener\">Vivienne Westwood<\/a>, presentada en forma de exposici\u00f3n digital. Los estampados brillantes se superponen entre s\u00ed con sombreros de pescador y chaquetas de traje de gran tama\u00f1o, que se asemejan a la moda de hoy con restos de la escena punk de los 90.<\/p>\n<p>&nbsp;<\/p>\n<p>&nbsp;<\/p>\n                                    <\/div>\n            <\/div>\n            <div class=\"row g-0\">\n                <div class=\"col-lg-12 img-scaled\">\n                                                                                                                                                <figure class=\"mb-4 pt-lg-3 mb-lg-3 ps-lg-0 pe-lg-0\" data-aos=\"fade-up\" data-aos-duration=\"1000\"><div class=\"img-container\"><img loading=\"lazy\" decoding=\"async\" width=\"640\" height=\"960\" src=\"https:\/\/luxiders.com\/content\/uploads\/vivienne_ss21_017.jpg\" class=\"img-fluid w-100\" alt=\"\" srcset=\"https:\/\/luxiders.com\/content\/uploads\/vivienne_ss21_017.jpg 640w, https:\/\/luxiders.com\/content\/uploads\/vivienne_ss21_017-200x300.jpg 200w\" sizes=\"(max-width: 640px) 100vw, 640px\" \/><\/div><\/figure>                                                                                            <\/div>\n                                            <\/div>\n        <\/div>\n    <\/section>\n    \n\n    <section id=\"media-block_1b9d375d22ba5c2cabb1ea572719d2fe\" class=\"section position-relative gp-block gp-media pt-0 pb-0\">\n        <div class=\"container\">\n            <div class=\"row g-0\">\n                <div class=\"col-lg-12 content\" data-aos=\"fade-in\" data-aos-duration=\"1000\">\n                                        <p>&nbsp;<\/p>\n<h3>ERDEM<\/h3>\n<p>Una ninfa del siglo XVIII se encuentra con la mujer de negocios moderna y ambas salen a pasear por el bosque: esto es lo que mostr\u00f3 estil\u00edsticamente la colecci\u00f3n Erdem desde Epping Forest, a las afueras de Londres, donde tuvo lugar el desfile. Una gama de vestidos de seda y algod\u00f3n en capas suaves y femeninos con motivos florales salpicaba la colecci\u00f3n. Con chaquetas de corte elegante y blusas de aspecto empresarial, la colecci\u00f3n podr\u00eda ser una fuente de inspiraci\u00f3n para la mujer que equilibra a la jefa con la m\u00e1xima feminidad.<\/p>\n<p>&nbsp;<\/p>\n                                    <\/div>\n            <\/div>\n            <div class=\"row g-0\">\n                <div class=\"col-lg-6 \">\n                                                                                                                                                <figure class=\"mb-4 pt-lg-4 mb-lg-0 ps-lg-5 pe-lg-3\" data-aos=\"fade-up\" data-aos-duration=\"1000\"><div class=\"img-container\"><img loading=\"lazy\" decoding=\"async\" width=\"640\" height=\"960\" src=\"https:\/\/luxiders.com\/content\/uploads\/erdem_ss21_004.jpg\" class=\"img-fluid w-100\" alt=\"\" srcset=\"https:\/\/luxiders.com\/content\/uploads\/erdem_ss21_004.jpg 640w, https:\/\/luxiders.com\/content\/uploads\/erdem_ss21_004-200x300.jpg 200w\" sizes=\"(max-width: 640px) 100vw, 640px\" \/><\/div><\/figure>                                                                                            <\/div>\n                                    <div class=\"col-lg-6\">\n                                                                                                                                                        <figure class=\"mb-4 pt-lg-0 mb-lg-4 ps-lg-3 pe-lg-5\" data-aos=\"fade-up\" data-aos-duration=\"1000\"><div class=\"img-container\"><img loading=\"lazy\" decoding=\"async\" width=\"640\" height=\"960\" src=\"https:\/\/luxiders.com\/content\/uploads\/erdem_ss21_001.jpg\" class=\"img-fluid w-100\" alt=\"\" srcset=\"https:\/\/luxiders.com\/content\/uploads\/erdem_ss21_001.jpg 640w, https:\/\/luxiders.com\/content\/uploads\/erdem_ss21_001-200x300.jpg 200w\" sizes=\"(max-width: 640px) 100vw, 640px\" \/><\/div><\/figure>                                                                                                        <\/div>\n                                            <\/div>\n        <\/div>\n    <\/section>\n    \n\n    <section id=\"media-block_64c8528667488689cbb4a3de32577e71\" class=\"section position-relative gp-block gp-media pt-0 pb-0\">\n        <div class=\"container\">\n            <div class=\"row g-0\">\n                <div class=\"col-lg-12 content\" data-aos=\"fade-in\" data-aos-duration=\"1000\">\n                                        <p>&nbsp;<\/p>\n<h3>PREEN<\/h3>\n<p>Femenina y et\u00e9rea con recortes de patchwork y volantes de colores. As\u00ed es la colecci\u00f3n que <a href=\"https:\/\/luxiders.com\/sustainable-brands-preen\/\" target=\"_blank\" rel=\"noopener\">Preen<\/a> present\u00f3 para inspirarnos en esta LFW. La tela es ligera y delicada en todas partes, excepto en los volantes, que tienen material en cascada que ocupa espacio en todo el corpi\u00f1o de las piezas. Desde el sofisticado millennial hasta los Gen Z que evoluciona en estilo, Preen ofrece looks para todos los esp\u00edritus libres internos.<\/p>\n<p>&nbsp;<\/p>\n<p>&nbsp;<\/p>\n                                    <\/div>\n            <\/div>\n            <div class=\"row g-0\">\n                <div class=\"col-lg-12 img-scaled\">\n                                                                                                                                                <figure class=\"mb-4 pt-lg-3 mb-lg-3 ps-lg-0 pe-lg-0\" data-aos=\"fade-up\" data-aos-duration=\"1000\"><div class=\"img-container\"><img loading=\"lazy\" decoding=\"async\" width=\"640\" height=\"960\" src=\"https:\/\/luxiders.com\/content\/uploads\/preen_ss21_002.jpg\" class=\"img-fluid w-100\" alt=\"\" srcset=\"https:\/\/luxiders.com\/content\/uploads\/preen_ss21_002.jpg 640w, https:\/\/luxiders.com\/content\/uploads\/preen_ss21_002-200x300.jpg 200w\" sizes=\"(max-width: 640px) 100vw, 640px\" \/><\/div><\/figure>                                                                                            <\/div>\n                                            <\/div>\n        <\/div>\n    <\/section>\n    \n\n    <section id=\"media-block_ed1e3accca0ec70a51621283aa107dae\" class=\"section position-relative gp-block gp-media pt-0 pb-0\">\n        <div class=\"container\">\n            <div class=\"row g-0\">\n                <div class=\"col-lg-12 content\" data-aos=\"fade-in\" data-aos-duration=\"1000\">\n                                                                            <\/div>\n            <\/div>\n            <div class=\"row g-0\">\n                <div class=\"col-lg-6 \">\n                                                                                                                                                <figure class=\"mb-4 pt-lg-0 mb-lg-7 ps-lg-8 pe-lg-3\" data-aos=\"fade-up\" data-aos-duration=\"1000\"><div class=\"img-container\"><img loading=\"lazy\" decoding=\"async\" width=\"640\" height=\"960\" src=\"https:\/\/luxiders.com\/content\/uploads\/preen_ss21_021.jpg\" class=\"img-fluid w-100\" alt=\"\" srcset=\"https:\/\/luxiders.com\/content\/uploads\/preen_ss21_021.jpg 640w, https:\/\/luxiders.com\/content\/uploads\/preen_ss21_021-200x300.jpg 200w\" sizes=\"(max-width: 640px) 100vw, 640px\" \/><\/div><\/figure>                                                                                            <\/div>\n                                    <div class=\"col-lg-6\">\n                                                                                                                                                        <figure class=\"mb-4 pt-lg-0 mb-lg-0 ps-lg-3 pe-lg-2\" data-aos=\"fade-up\" data-aos-duration=\"1000\"><div class=\"img-container\"><img loading=\"lazy\" decoding=\"async\" width=\"640\" height=\"960\" src=\"https:\/\/luxiders.com\/content\/uploads\/preen_ss21_022.jpg\" class=\"img-fluid w-100\" alt=\"\" srcset=\"https:\/\/luxiders.com\/content\/uploads\/preen_ss21_022.jpg 640w, https:\/\/luxiders.com\/content\/uploads\/preen_ss21_022-200x300.jpg 200w\" sizes=\"(max-width: 640px) 100vw, 640px\" \/><\/div><\/figure>                                                                                                        <\/div>\n                                            <\/div>\n        <\/div>\n    <\/section>\n    \n\n    <section id=\"textblock-block_f117dd589b8b623c1503817cc2b16a3c\" class=\"section position-relative gp-block gp-textblock pt-0 pb-0\">\n        <div class=\"container\">\n            <div class=\"row g-0\">\n                <div class=\"col-lg-12 content\" data-aos=\"fade-in\" data-aos-duration=\"1000\">\n                                                                                <p>&nbsp;<\/p>\n<h3>APRENDIENDO DE LONDON FASHION WEEK PV 2021<\/h3>\n<p>La semana de la moda de Londres Primavera \/ Verano 2021 nos recuerda que todav\u00eda hay color y belleza en el mundo y dentro de nosotros mismos. Podemos abrazar diferentes partes de nuestra personalidad, desde el adulto sofisticado, hasta divertidos dibujos que nos recuerdan a nuestro libros infantiles para colorear. Vemos que la nueva belleza es algo que no debe dar la espalda a la sostenibilidad, ya que con ella puede volverse m\u00e1s interesante, como vemos en las piezas de patchwork. La cantidad de marcas en la semana de la moda de Londres que han decidido integrar la sostenibilidad en su ADN solo crece a\u00f1o tras a\u00f1o y continuar\u00e1 inspirando comportamientos en todo el mundo y dentro de la industria.<\/p>\n<p>&nbsp;<\/p>\n<p>&nbsp;<\/p>\n<p><img loading=\"lazy\" decoding=\"async\" class=\"alignleft\" src=\"https:\/\/luxiders.com\/wp-content\/uploads\/2020\/10\/Welcoming-Autumn-Instagram-Post-1.png\" alt=\"Isabella\" width=\"150\" height=\"150\" \/><\/p>\n<p>&nbsp;<\/p>\n<p><em><strong>\u00a0 \u00a0+\u00a0 Words: Isabella Cammarata, Luxiders Magazine Jr Editor\u00a0<\/strong><\/em><\/p>\n<p><i>IG: @bellcamm_<\/i><\/p>\n                                                        <\/div>\n            <\/div>\n        <\/div>\n    <\/section>\n    ","protected":false},"excerpt":{"rendered":"","protected":false},"author":2,"featured_media":20497,"comment_status":"closed","ping_status":"closed","sticky":false,"template":"","format":"standard","meta":{"_acf_changed":false,"footnotes":""},"categories":[130],"tags":[230,2036,193,359],"class_list":{"0":"post-20578","1":"post","2":"type-post","3":"status-publish","4":"format-standard","5":"has-post-thumbnail","7":"category-moda-sostenible-lujo","8":"tag-eco-friendly-es","9":"tag-sustainable-brands-es","10":"tag-sustainable-fashion-es","11":"tag-sustainable-luxury-es"},"acf":[],"yoast_head":"<title>London Fashion Week 2020: Tendencias y marcas sostenibles | Luxiders<\/title>\n<meta name=\"description\" content=\"La semana de la moda de Londres para las colecciones de Primavera\u00a0Verano 2021 fue diferente a cualquier otra versi\u00f3n anterior. Muchas marcas se han tomado el tiempo para reflexionar: coinciden en que la sostenibilidad debe ser una prioridad en el tejido de su ropa y en el ADN de la empresa.\" \/>\n<meta name=\"robots\" content=\"index, follow, max-snippet:-1, max-image-preview:large, max-video-preview:-1\" \/>\n<link rel=\"canonical\" href=\"https:\/\/luxiders.com\/es\/london-fashion-week-2020\/\" \/>\n<meta property=\"og:locale\" content=\"es_ES\" \/>\n<meta property=\"og:type\" content=\"article\" \/>\n<meta property=\"og:title\" content=\"London Fashion Week 2020: Tendencias y marcas sostenibles | Luxiders\" \/>\n<meta property=\"og:description\" content=\"La semana de la moda de Londres para las colecciones de Primavera\u00a0Verano 2021 fue diferente a cualquier otra versi\u00f3n anterior. Muchas marcas se han tomado el tiempo para reflexionar: coinciden en que la sostenibilidad debe ser una prioridad en el tejido de su ropa y en el ADN de la empresa.\" \/>\n<meta property=\"og:url\" content=\"https:\/\/luxiders.com\/es\/london-fashion-week-2020\/\" \/>\n<meta property=\"og:site_name\" content=\"Sustainable Fashion - Eco Design - Healthy Lifestyle - Luxiders Magazine\" \/>\n<meta property=\"article:published_time\" content=\"2020-10-23T05:00:00+00:00\" \/>\n<meta property=\"article:modified_time\" content=\"2023-03-21T11:36:51+00:00\" \/>\n<meta property=\"og:image\" content=\"https:\/\/luxiders.com\/content\/uploads\/Lux.jpg\" \/>\n\t<meta property=\"og:image:width\" content=\"1200\" \/>\n\t<meta property=\"og:image:height\" content=\"802\" \/>\n\t<meta property=\"og:image:type\" content=\"image\/jpeg\" \/>\n<meta name=\"author\" content=\"luxiders\" \/>\n<meta name=\"twitter:card\" content=\"summary_large_image\" \/>\n<meta name=\"twitter:label1\" content=\"Written by\" \/>\n\t<meta name=\"twitter:data1\" content=\"luxiders\" \/>\n<script type=\"application\/ld+json\" class=\"yoast-schema-graph\">{\"@context\":\"https:\/\/schema.org\",\"@graph\":[{\"@type\":\"Article\",\"@id\":\"https:\/\/luxiders.com\/es\/london-fashion-week-2020\/#article\",\"isPartOf\":{\"@id\":\"https:\/\/luxiders.com\/es\/london-fashion-week-2020\/\"},\"author\":{\"name\":\"luxiders\",\"@id\":\"https:\/\/luxiders.com\/es\/#\/schema\/person\/8632fa702ae2ce98f66c396254633de8\"},\"headline\":\"London Fashion Week 2020 | Tendencias y marcas sostenibles\",\"datePublished\":\"2020-10-23T05:00:00+00:00\",\"dateModified\":\"2023-03-21T11:36:51+00:00\",\"mainEntityOfPage\":{\"@id\":\"https:\/\/luxiders.com\/es\/london-fashion-week-2020\/\"},\"wordCount\":7,\"publisher\":{\"@id\":\"https:\/\/luxiders.com\/es\/#organization\"},\"image\":{\"@id\":\"https:\/\/luxiders.com\/es\/london-fashion-week-2020\/#primaryimage\"},\"thumbnailUrl\":\"https:\/\/luxiders.com\/content\/uploads\/Lux.jpg\",\"keywords\":[\"eco-friendly\",\"sustainable brands\",\"sustainable fashion\",\"Sustainable luxury\"],\"articleSection\":[\"Moda\"],\"inLanguage\":\"es-ES\"},{\"@type\":\"WebPage\",\"@id\":\"https:\/\/luxiders.com\/es\/london-fashion-week-2020\/\",\"url\":\"https:\/\/luxiders.com\/es\/london-fashion-week-2020\/\",\"name\":\"London Fashion Week 2020: Tendencias y marcas sostenibles | Luxiders\",\"isPartOf\":{\"@id\":\"https:\/\/luxiders.com\/es\/#website\"},\"primaryImageOfPage\":{\"@id\":\"https:\/\/luxiders.com\/es\/london-fashion-week-2020\/#primaryimage\"},\"image\":{\"@id\":\"https:\/\/luxiders.com\/es\/london-fashion-week-2020\/#primaryimage\"},\"thumbnailUrl\":\"https:\/\/luxiders.com\/content\/uploads\/Lux.jpg\",\"datePublished\":\"2020-10-23T05:00:00+00:00\",\"dateModified\":\"2023-03-21T11:36:51+00:00\",\"description\":\"La semana de la moda de Londres para las colecciones de Primavera\u00a0Verano 2021 fue diferente a cualquier otra versi\u00f3n anterior. Muchas marcas se han tomado el tiempo para reflexionar: coinciden en que la sostenibilidad debe ser una prioridad en el tejido de su ropa y en el ADN de la empresa.\",\"breadcrumb\":{\"@id\":\"https:\/\/luxiders.com\/es\/london-fashion-week-2020\/#breadcrumb\"},\"inLanguage\":\"es-ES\",\"potentialAction\":[{\"@type\":\"ReadAction\",\"target\":[\"https:\/\/luxiders.com\/es\/london-fashion-week-2020\/\"]}]},{\"@type\":\"ImageObject\",\"inLanguage\":\"es-ES\",\"@id\":\"https:\/\/luxiders.com\/es\/london-fashion-week-2020\/#primaryimage\",\"url\":\"https:\/\/luxiders.com\/content\/uploads\/Lux.jpg\",\"contentUrl\":\"https:\/\/luxiders.com\/content\/uploads\/Lux.jpg\",\"width\":1200,\"height\":802},{\"@type\":\"BreadcrumbList\",\"@id\":\"https:\/\/luxiders.com\/es\/london-fashion-week-2020\/#breadcrumb\",\"itemListElement\":[{\"@type\":\"ListItem\",\"position\":1,\"name\":\"Startseite\",\"item\":\"https:\/\/luxiders.com\/es\/\"},{\"@type\":\"ListItem\",\"position\":2,\"name\":\"Moda\",\"item\":\"https:\/\/luxiders.com\/es\/category\/moda-sostenible-lujo\/\"},{\"@type\":\"ListItem\",\"position\":3,\"name\":\"London Fashion Week 2020 | Tendencias y marcas sostenibles\"}]},{\"@type\":\"WebSite\",\"@id\":\"https:\/\/luxiders.com\/es\/#website\",\"url\":\"https:\/\/luxiders.com\/es\/\",\"name\":\"Sustainable Fashion - Eco Design - Healthy Lifestyle - Luxiders Magazine\",\"description\":\"Luxiders is a sustainable luxury magazine highlighting the best stories about sustainable fashion, ethical fashion, eco-friendly design, green design, sustainable travel, natural beauty, organic beauty and healthy lifestyle. Know the best high-end, progressive and luxury sustainable brands and designers worldwide.\",\"publisher\":{\"@id\":\"https:\/\/luxiders.com\/es\/#organization\"},\"potentialAction\":[{\"@type\":\"SearchAction\",\"target\":{\"@type\":\"EntryPoint\",\"urlTemplate\":\"https:\/\/luxiders.com\/es\/?s={search_term_string}\"},\"query-input\":{\"@type\":\"PropertyValueSpecification\",\"valueRequired\":true,\"valueName\":\"search_term_string\"}}],\"inLanguage\":\"es-ES\"},{\"@type\":\"Organization\",\"@id\":\"https:\/\/luxiders.com\/es\/#organization\",\"name\":\"Sustainable Fashion - Eco Design - Healthy Lifestyle - Luxiders Magazine\",\"url\":\"https:\/\/luxiders.com\/es\/\",\"logo\":{\"@type\":\"ImageObject\",\"inLanguage\":\"es-ES\",\"@id\":\"https:\/\/luxiders.com\/es\/#\/schema\/logo\/image\/\",\"url\":\"https:\/\/luxiders.com\/content\/uploads\/lux-logo.svg\",\"contentUrl\":\"https:\/\/luxiders.com\/content\/uploads\/lux-logo.svg\",\"caption\":\"Sustainable Fashion - Eco Design - Healthy Lifestyle - Luxiders Magazine\"},\"image\":{\"@id\":\"https:\/\/luxiders.com\/es\/#\/schema\/logo\/image\/\"}},{\"@type\":\"Person\",\"@id\":\"https:\/\/luxiders.com\/es\/#\/schema\/person\/8632fa702ae2ce98f66c396254633de8\",\"name\":\"luxiders\",\"url\":\"https:\/\/luxiders.com\/es\/author\/luxiders\/\"}]}<\/script>","yoast_head_json":{"title":"London Fashion Week 2020: Tendencias y marcas sostenibles | Luxiders","description":"La semana de la moda de Londres para las colecciones de Primavera\u00a0Verano 2021 fue diferente a cualquier otra versi\u00f3n anterior. Muchas marcas se han tomado el tiempo para reflexionar: coinciden en que la sostenibilidad debe ser una prioridad en el tejido de su ropa y en el ADN de la empresa.","robots":{"index":"index","follow":"follow","max-snippet":"max-snippet:-1","max-image-preview":"max-image-preview:large","max-video-preview":"max-video-preview:-1"},"canonical":"https:\/\/luxiders.com\/es\/london-fashion-week-2020\/","og_locale":"es_ES","og_type":"article","og_title":"London Fashion Week 2020: Tendencias y marcas sostenibles | Luxiders","og_description":"La semana de la moda de Londres para las colecciones de Primavera\u00a0Verano 2021 fue diferente a cualquier otra versi\u00f3n anterior. Muchas marcas se han tomado el tiempo para reflexionar: coinciden en que la sostenibilidad debe ser una prioridad en el tejido de su ropa y en el ADN de la empresa.","og_url":"https:\/\/luxiders.com\/es\/london-fashion-week-2020\/","og_site_name":"Sustainable Fashion - Eco Design - Healthy Lifestyle - Luxiders Magazine","article_published_time":"2020-10-23T05:00:00+00:00","article_modified_time":"2023-03-21T11:36:51+00:00","og_image":[{"width":1200,"height":802,"url":"https:\/\/luxiders.com\/content\/uploads\/Lux.jpg","type":"image\/jpeg"}],"author":"luxiders","twitter_card":"summary_large_image","twitter_misc":{"Written by":"luxiders"},"schema":{"@context":"https:\/\/schema.org","@graph":[{"@type":"Article","@id":"https:\/\/luxiders.com\/es\/london-fashion-week-2020\/#article","isPartOf":{"@id":"https:\/\/luxiders.com\/es\/london-fashion-week-2020\/"},"author":{"name":"luxiders","@id":"https:\/\/luxiders.com\/es\/#\/schema\/person\/8632fa702ae2ce98f66c396254633de8"},"headline":"London Fashion Week 2020 | Tendencias y marcas sostenibles","datePublished":"2020-10-23T05:00:00+00:00","dateModified":"2023-03-21T11:36:51+00:00","mainEntityOfPage":{"@id":"https:\/\/luxiders.com\/es\/london-fashion-week-2020\/"},"wordCount":7,"publisher":{"@id":"https:\/\/luxiders.com\/es\/#organization"},"image":{"@id":"https:\/\/luxiders.com\/es\/london-fashion-week-2020\/#primaryimage"},"thumbnailUrl":"https:\/\/luxiders.com\/content\/uploads\/Lux.jpg","keywords":["eco-friendly","sustainable brands","sustainable fashion","Sustainable luxury"],"articleSection":["Moda"],"inLanguage":"es-ES"},{"@type":"WebPage","@id":"https:\/\/luxiders.com\/es\/london-fashion-week-2020\/","url":"https:\/\/luxiders.com\/es\/london-fashion-week-2020\/","name":"London Fashion Week 2020: Tendencias y marcas sostenibles | Luxiders","isPartOf":{"@id":"https:\/\/luxiders.com\/es\/#website"},"primaryImageOfPage":{"@id":"https:\/\/luxiders.com\/es\/london-fashion-week-2020\/#primaryimage"},"image":{"@id":"https:\/\/luxiders.com\/es\/london-fashion-week-2020\/#primaryimage"},"thumbnailUrl":"https:\/\/luxiders.com\/content\/uploads\/Lux.jpg","datePublished":"2020-10-23T05:00:00+00:00","dateModified":"2023-03-21T11:36:51+00:00","description":"La semana de la moda de Londres para las colecciones de Primavera\u00a0Verano 2021 fue diferente a cualquier otra versi\u00f3n anterior. Muchas marcas se han tomado el tiempo para reflexionar: coinciden en que la sostenibilidad debe ser una prioridad en el tejido de su ropa y en el ADN de la empresa.","breadcrumb":{"@id":"https:\/\/luxiders.com\/es\/london-fashion-week-2020\/#breadcrumb"},"inLanguage":"es-ES","potentialAction":[{"@type":"ReadAction","target":["https:\/\/luxiders.com\/es\/london-fashion-week-2020\/"]}]},{"@type":"ImageObject","inLanguage":"es-ES","@id":"https:\/\/luxiders.com\/es\/london-fashion-week-2020\/#primaryimage","url":"https:\/\/luxiders.com\/content\/uploads\/Lux.jpg","contentUrl":"https:\/\/luxiders.com\/content\/uploads\/Lux.jpg","width":1200,"height":802},{"@type":"BreadcrumbList","@id":"https:\/\/luxiders.com\/es\/london-fashion-week-2020\/#breadcrumb","itemListElement":[{"@type":"ListItem","position":1,"name":"Startseite","item":"https:\/\/luxiders.com\/es\/"},{"@type":"ListItem","position":2,"name":"Moda","item":"https:\/\/luxiders.com\/es\/category\/moda-sostenible-lujo\/"},{"@type":"ListItem","position":3,"name":"London Fashion Week 2020 | Tendencias y marcas sostenibles"}]},{"@type":"WebSite","@id":"https:\/\/luxiders.com\/es\/#website","url":"https:\/\/luxiders.com\/es\/","name":"Sustainable Fashion - Eco Design - Healthy Lifestyle - Luxiders Magazine","description":"Luxiders is a sustainable luxury magazine highlighting the best stories about sustainable fashion, ethical fashion, eco-friendly design, green design, sustainable travel, natural beauty, organic beauty and healthy lifestyle. Know the best high-end, progressive and luxury sustainable brands and designers worldwide.","publisher":{"@id":"https:\/\/luxiders.com\/es\/#organization"},"potentialAction":[{"@type":"SearchAction","target":{"@type":"EntryPoint","urlTemplate":"https:\/\/luxiders.com\/es\/?s={search_term_string}"},"query-input":{"@type":"PropertyValueSpecification","valueRequired":true,"valueName":"search_term_string"}}],"inLanguage":"es-ES"},{"@type":"Organization","@id":"https:\/\/luxiders.com\/es\/#organization","name":"Sustainable Fashion - Eco Design - Healthy Lifestyle - Luxiders Magazine","url":"https:\/\/luxiders.com\/es\/","logo":{"@type":"ImageObject","inLanguage":"es-ES","@id":"https:\/\/luxiders.com\/es\/#\/schema\/logo\/image\/","url":"https:\/\/luxiders.com\/content\/uploads\/lux-logo.svg","contentUrl":"https:\/\/luxiders.com\/content\/uploads\/lux-logo.svg","caption":"Sustainable Fashion - Eco Design - Healthy Lifestyle - Luxiders Magazine"},"image":{"@id":"https:\/\/luxiders.com\/es\/#\/schema\/logo\/image\/"}},{"@type":"Person","@id":"https:\/\/luxiders.com\/es\/#\/schema\/person\/8632fa702ae2ce98f66c396254633de8","name":"luxiders","url":"https:\/\/luxiders.com\/es\/author\/luxiders\/"}]}},"_links":{"self":[{"href":"https:\/\/luxiders.com\/es\/wp-json\/wp\/v2\/posts\/20578","targetHints":{"allow":["GET"]}}],"collection":[{"href":"https:\/\/luxiders.com\/es\/wp-json\/wp\/v2\/posts"}],"about":[{"href":"https:\/\/luxiders.com\/es\/wp-json\/wp\/v2\/types\/post"}],"author":[{"embeddable":true,"href":"https:\/\/luxiders.com\/es\/wp-json\/wp\/v2\/users\/2"}],"replies":[{"embeddable":true,"href":"https:\/\/luxiders.com\/es\/wp-json\/wp\/v2\/comments?post=20578"}],"version-history":[{"count":2,"href":"https:\/\/luxiders.com\/es\/wp-json\/wp\/v2\/posts\/20578\/revisions"}],"predecessor-version":[{"id":20593,"href":"https:\/\/luxiders.com\/es\/wp-json\/wp\/v2\/posts\/20578\/revisions\/20593"}],"wp:featuredmedia":[{"embeddable":true,"href":"https:\/\/luxiders.com\/es\/wp-json\/wp\/v2\/media\/20497"}],"wp:attachment":[{"href":"https:\/\/luxiders.com\/es\/wp-json\/wp\/v2\/media?parent=20578"}],"wp:term":[{"taxonomy":"category","embeddable":true,"href":"https:\/\/luxiders.com\/es\/wp-json\/wp\/v2\/categories?post=20578"},{"taxonomy":"post_tag","embeddable":true,"href":"https:\/\/luxiders.com\/es\/wp-json\/wp\/v2\/tags?post=20578"}],"curies":[{"name":"wp","href":"https:\/\/api.w.org\/{rel}","templated":true}]}}