{"id":2089,"date":"2020-11-05T10:27:00","date_gmt":"2020-11-05T09:27:00","guid":{"rendered":"http:\/\/luxiders.com.w01cc729.kasserver.com\/?p=2089"},"modified":"2023-01-16T14:46:45","modified_gmt":"2023-01-16T13:46:45","slug":"black-washing-moda","status":"publish","type":"post","link":"https:\/\/luxiders.com\/es\/black-washing-moda\/","title":{"rendered":"Black Washing | La \u00faltima \u00abintenci\u00f3n\u00bb de la industria"},"content":{"rendered":"    <section id=\"textblock-block_63dcc318ec17d958e1e7a9d4df2dc3ab\" class=\"section position-relative gp-block gp-textblock text-center pt-0 pb-5\">\n        <div class=\"container\">\n            <div class=\"row g-0\">\n                <div class=\"col-lg-12 content\" data-aos=\"fade-in\" data-aos-duration=\"1000\">\n                                                                                    <div class=\"intro px-lg-8\">\n                            <p class=\"p1\" style=\"text-align: center;\"><span class=\"s1\">Durante este \u00faltimo a\u00f1o de vida reprimida (hablando claro), las tensiones se han ido gestando: las tensiones pol\u00edticas y la revoluci\u00f3n racial se han intensificado hasta activar finalmente una conversaci\u00f3n pospuesta durante demasiado tiempo. Las ideas y los sentimientos hacia el racismo se est\u00e1n discutiendo con los matices que merecen ser tratados. Las reacciones ante el asesinato inhumano de George Floyd en las redes sociales demuestra que estamos ante una revoluci\u00f3n televisada.<\/span><\/p>\n                        <\/div>\n                                                                                                <\/div>\n            <\/div>\n        <\/div>\n    <\/section>\n    \n\n    <section id=\"newsletter-block_b86b802ace68c256c118a6b7c17718fb\" class=\"section position-relative gp-block gp-newsletter pt-0 pb-0 my-5\">\n        <div class=\"container\">\n            <div class=\"row g-0 pt-4 pb-3\">\n                <div class=\"col-lg-12 content text-center border pt-3\" data-aos=\"fade-in\" data-aos-duration=\"1000\">\n                                            <p><em>Para recibir el Newsletter de Luxiders Magazine,\u00a0<a href=\"https:\/\/landing.mailerlite.com\/webforms\/landing\/w2a1t0\" target=\"_blank\" rel=\"noopener\">suscr\u00edbete aqu\u00ed<\/a><\/em><\/p>\n                                    <\/div>\n            <\/div>\n        <\/div>\n    <\/section>\n    \n\n    <section id=\"media-block_00f7493e4d0974d6370dce0469ff4d9f\" class=\"section position-relative gp-block gp-media pt-0 pb-0\">\n        <div class=\"container\">\n            <div class=\"row g-0\">\n                <div class=\"col-lg-12 content\" data-aos=\"fade-in\" data-aos-duration=\"1000\">\n                                        <h2>TENDENCIAS DE MARKETING EN LA INDUSTRIA<\/h2>\n<p>Los sentimientos hacia la raza de individuos, instituciones y marcas nunca han sido tan controvertidos en el siglo XXI debido al movimiento Black Lives Matter, que est\u00e1 tomando al mundo por asalto. Como consecuencia, las campa\u00f1as de marketing de muchas marcas presentan ahora m\u00e1s caras negras que nunca. Se ha escuchado la llamada al cambio, pero debemos preguntarnos cu\u00e1les son los motivos. Hemos visto marcas que utilizan el\u00a0<a href=\"https:\/\/www.forbes.com\/sites\/realspin\/2012\/03\/20\/greenwashing-deceptive-business-claims-of-eco-friendliness\/?sh=31688f163d9a\" target=\"_blank\" rel=\"noopener\">\u201cgreen-washing\u201d<\/a>para parecer sostenibles; otras que est\u00e1n usando el\u00a0<a href=\"https:\/\/www.theguardian.com\/media\/2019\/may\/23\/woke-washing-brands-cashing-in-on-culture-wars-owen-jones\" target=\"_blank\" rel=\"noopener\">\u201cwoke-washing\u201d<\/a>\u00a0 para parecer a la altura de las expectativas sociales mojigatas. La industria de la moda siempre ha sido &#8220;blanqueada&#8221;, ya que tiende a promover visiones de la belleza principalmente europeas, basadas en los modelos que utiliza. \u00bfEs posible que las marcas se est\u00e9n usando el &#8220;black-washing&#8221; por otros motivos no sociales?<\/p>\n                                    <\/div>\n            <\/div>\n            <div class=\"row g-0\">\n                <div class=\"col-lg-12 img-scaled\">\n                                                                                                                                                <figure class=\"mb-4 pt-lg-5 mb-lg-6 ps-lg-0 pe-lg-0\" data-aos=\"fade-up\" data-aos-duration=\"1000\"><div class=\"img-container\"><img loading=\"lazy\" decoding=\"async\" width=\"1200\" height=\"612\" src=\"https:\/\/luxiders.com\/content\/uploads\/blackwashn.jpg\" class=\"img-fluid w-100\" alt=\"\" srcset=\"https:\/\/luxiders.com\/content\/uploads\/blackwashn.jpg 1200w, https:\/\/luxiders.com\/content\/uploads\/blackwashn-300x153.jpg 300w, https:\/\/luxiders.com\/content\/uploads\/blackwashn-1024x522.jpg 1024w, https:\/\/luxiders.com\/content\/uploads\/blackwashn-768x392.jpg 768w\" sizes=\"(max-width: 1200px) 100vw, 1200px\" \/><\/div><figcaption>\u00a9 Flaunter<\/figcaption><\/figure>                                                                                            <\/div>\n                                            <\/div>\n        <\/div>\n    <\/section>\n    \n\n    <section id=\"media-block_407cdacd920d51c0068b337299ae8346\" class=\"section position-relative gp-block gp-media pt-0 pb-0\">\n        <div class=\"container\">\n            <div class=\"row g-0\">\n                <div class=\"col-lg-12 content\" data-aos=\"fade-in\" data-aos-duration=\"1000\">\n                                        <h3>NARRATIVAS EN CONFLICTO<\/h3>\n<p>Un <a href=\"https:\/\/luxiders.com\/diversity-vs-inclusivity-fashion-industry\/\" target=\"_blank\" rel=\"noopener\">estudio<\/a> realizado para analizar los anuncios de moda durante la Primavera de 2019 encontr\u00f3 que de los 529 modelos que aparec\u00edan en campa\u00f1as relacionadas con la moda, el 34,50% eran modelos negros o negras. Un a\u00f1o despu\u00e9s, en la Semana de la Moda Primavera \/ Verano 2020 de Nueva York, el 47% de los modelos de la pasarela eran negros o negras.<\/p>\n<p>Tolu Coker, dise\u00f1adora de moda, propietaria de un negocio y actual profesora universitaria, se muestra esc\u00e9ptica ante la reciente afluencia de modelos negros en la industria de la moda. En un art\u00edculo para\u00a0<a href=\"https:\/\/www.theguardian.com\/fashion\/2020\/jul\/29\/numbers-dont-lie-how-data-reveals-fashions-inclusivity-problem\" target=\"_blank\" rel=\"noopener\">The Guardian<\/a>, explica que &#8220;La reciente disociaci\u00f3n performativa de las pr\u00e1cticas elitistas de la moda, por parte de muchos de sus guardianes durante las protestas de Black Lives Matter, sugiere un mayor malentendido sobre el racismo sist\u00e9mico en la moda&#8221;.<\/p>\n<p>El cambio repentino de las empresas de moda a la diversificaci\u00f3n parece ser un ejercicio de marca para mantenerse relevante con los tiempos. &#8220;Los negros est\u00e1n sub-representados en las mismas industrias que afirman querer hacerles un espacio&#8221;, dice Coker en relaci\u00f3n con un informe de\u00a0<a href=\"https:\/\/createlondon.org\/wp-content\/uploads\/2018\/04\/Panic-Social-Class-Taste-and-Inequalities-in-the-Creative-Industries1.pdf\" target=\"_blank\" rel=\"noopener\">Panic! Social Class, Taste and Inequalities in the Creative Industries<\/a>. Los informes muestran que las personas negras solo constituyen el 2,7% de las que trabajan en museos, galer\u00edas y bibliotecas; solo el 4,2% de las que trabajan en cine, televisi\u00f3n, video, radio y fotograf\u00eda; y solo el 4,8% de las que trabajan en m\u00fasica, artes esc\u00e9nicas y visuales.<\/p>\n<p>Las personas negras generalmente representan solo el 5% de los trabajadores en puestos de alto rango, como &#8220;gerente, director o funcionario superior&#8221;. Debido al\u00a0<a href=\"https:\/\/www.theatlantic.com\/business\/archive\/2012\/05\/unpaid-internships-bad-for-students-bad-for-workers-bad-for-society\/256958\/\" target=\"_blank\" rel=\"noopener\">racism<\/a>o hist\u00f3rico, las comunidades negras tienen un nivel de ingresos m\u00e1s bajo en general, y los puestos de nivel ejecutivo, especialmente en la moda, tienden a requerir pr\u00e1cticas no remuneradas. Estas pr\u00e1cticas simplemente no son una opci\u00f3n para personas que no provienen de sociedades privilegiadas. Este es un gran problema para las comunidades minoritarias y de bajos ingresos que contin\u00faan permitiendo que las personas con ventajas acomodadas sean las que lleguen a la cima de las empresas. La desconexi\u00f3n entre los valores internos y externos de la diversidad en la industria de la moda parece ser una apariencia para seguir siendo relevante en los tiempos que corren. La diversidad se ha convertido en tendencia. Despu\u00e9s de todo, la moda siempre ha sido una industria que habla de exclusividad, no de inclusi\u00f3n.<\/p>\n                                    <\/div>\n            <\/div>\n            <div class=\"row g-0\">\n                <div class=\"col-lg-12 img-scaled\">\n                                                                                                                                                <figure class=\"mb-4 pt-lg-5 mb-lg-6 ps-lg-0 pe-lg-0\" data-aos=\"fade-up\" data-aos-duration=\"1000\"><div class=\"img-container\"><img loading=\"lazy\" decoding=\"async\" width=\"1228\" height=\"757\" src=\"https:\/\/luxiders.com\/content\/uploads\/Inclusivity-fashion-luxiders-magazine-4.jpg\" class=\"img-fluid w-100\" alt=\"\" srcset=\"https:\/\/luxiders.com\/content\/uploads\/Inclusivity-fashion-luxiders-magazine-4.jpg 1228w, https:\/\/luxiders.com\/content\/uploads\/Inclusivity-fashion-luxiders-magazine-4-300x185.jpg 300w, https:\/\/luxiders.com\/content\/uploads\/Inclusivity-fashion-luxiders-magazine-4-1024x631.jpg 1024w, https:\/\/luxiders.com\/content\/uploads\/Inclusivity-fashion-luxiders-magazine-4-768x473.jpg 768w\" sizes=\"(max-width: 1228px) 100vw, 1228px\" \/><\/div><\/figure>                                                                                            <\/div>\n                                            <\/div>\n        <\/div>\n    <\/section>\n    \n\n    <section id=\"media-block_77a14c34de2d61b1bdaf5996ad966f9b\" class=\"section position-relative gp-block gp-media pt-0 pb-0\">\n        <div class=\"container\">\n            <div class=\"row g-0\">\n                <div class=\"col-lg-12 content\" data-aos=\"fade-in\" data-aos-duration=\"1000\">\n                                        <h3>EXAMEN INTERNO DE LO DIVERSO<\/h3>\n<p>En un art\u00edculo del New York Times titulado &#8220;El problema blanco: \u00bfHa llegado demasiado tarde el empuje de la diversidad de Anna Wintour?&#8221; (<a href=\"https:\/\/www.nytimes.com\/2020\/10\/24\/business\/media\/anna-wintour-vogue-race.html\" target=\"_blank\" rel=\"noopener\">\u201cThe White Issue: Has Anna Wintour\u2019s Diversity Push Come Too Late?<\/a>,&#8221;), se analizan los motivos detr\u00e1s de la reacci\u00f3n interna de la moda al Black Lives Matter; \u00bfqui\u00e9n comprende mejor el funcionamiento interno de la industria de la moda que la ic\u00f3nica Anna Wintour?<\/p>\n<p>Con respecto a Black Lives Matter, la editora de Vogue y todos los t\u00edtulos de Conde Nast dijo en un correo electr\u00f3nico interno: \u201cQuiero decir claramente que s\u00e9 que Vogue no ha encontrado suficientes formas de elevar y dar espacio a los editores, escritores y fot\u00f3grafos, dise\u00f1adores y otros creadores negros&#8221;. A pesar de este comentario, los editores negros que han trabajado con la Sra. Wintour se han mostrado esc\u00e9pticos. El New York Times publicaba que 11 personas de Vogue piensan que la Sra. Wintour deber\u00eda renunciar a su puesto. Dieciocho empleados de la empresa afirmaron que el tipo de empleado con el que Vogue parece trabajar es blanco, delgado y de una formaci\u00f3n escolar de \u00e9lite. Una descripci\u00f3n muy limitada para votar, pero los miembros de la empresa la encontraron precisa. Actualmente, el 42% de los empleados de Conde Nast son negros, pero el tiempo solo dir\u00e1 c\u00f3mo se llevar\u00e1n a cabo estas iniciativas de diversidad.<\/p>\n                                    <\/div>\n            <\/div>\n            <div class=\"row g-0\">\n                <div class=\"col-lg-12 img-scaled\">\n                                                                                                                                                <figure class=\"mb-4 pt-lg-5 mb-lg-5 ps-lg-0 pe-lg-0\" data-aos=\"fade-up\" data-aos-duration=\"1000\"><div class=\"img-container\"><img loading=\"lazy\" decoding=\"async\" width=\"1086\" height=\"789\" src=\"https:\/\/luxiders.com\/content\/uploads\/inclusivity-fashion-luxiders-magazine-3.jpg\" class=\"img-fluid w-100\" alt=\"\" srcset=\"https:\/\/luxiders.com\/content\/uploads\/inclusivity-fashion-luxiders-magazine-3.jpg 1086w, https:\/\/luxiders.com\/content\/uploads\/inclusivity-fashion-luxiders-magazine-3-300x218.jpg 300w, https:\/\/luxiders.com\/content\/uploads\/inclusivity-fashion-luxiders-magazine-3-1024x744.jpg 1024w, https:\/\/luxiders.com\/content\/uploads\/inclusivity-fashion-luxiders-magazine-3-768x558.jpg 768w\" sizes=\"(max-width: 1086px) 100vw, 1086px\" \/><\/div><\/figure>                                                                                            <\/div>\n                                            <\/div>\n        <\/div>\n    <\/section>\n    \n\n    <section id=\"media-block_629380ba34c9245c7741b4cb28a24e2b\" class=\"section position-relative gp-block gp-media pt-0 pb-0\">\n        <div class=\"container\">\n            <div class=\"row g-0\">\n                <div class=\"col-lg-12 content\" data-aos=\"fade-in\" data-aos-duration=\"1000\">\n                                                                            <\/div>\n            <\/div>\n            <div class=\"row g-0\">\n                <div class=\"col-lg-6 \">\n                                                                                                                                                <figure class=\"mb-4 pt-lg-0 mb-lg-10 ps-lg-0 pe-lg-3\" data-aos=\"fade-up\" data-aos-duration=\"1000\"><div class=\"img-container\"><img loading=\"lazy\" decoding=\"async\" width=\"800\" height=\"1200\" src=\"https:\/\/luxiders.com\/content\/uploads\/black-washing-luxiders-magazine.jpg\" class=\"img-fluid w-100\" alt=\"\" srcset=\"https:\/\/luxiders.com\/content\/uploads\/black-washing-luxiders-magazine.jpg 800w, https:\/\/luxiders.com\/content\/uploads\/black-washing-luxiders-magazine-200x300.jpg 200w, https:\/\/luxiders.com\/content\/uploads\/black-washing-luxiders-magazine-683x1024.jpg 683w, https:\/\/luxiders.com\/content\/uploads\/black-washing-luxiders-magazine-768x1152.jpg 768w\" sizes=\"(max-width: 800px) 100vw, 800px\" \/><\/div><\/figure>                                                                                            <\/div>\n                                    <div class=\"col-lg-6\">\n                                                                                                                                                        <figure class=\"mb-4 pt-lg-9 mb-lg-5 ps-lg-3 pe-lg-0\" data-aos=\"fade-up\" data-aos-duration=\"1000\"><div class=\"img-container\"><img loading=\"lazy\" decoding=\"async\" width=\"800\" height=\"1200\" src=\"https:\/\/luxiders.com\/content\/uploads\/black-washing-luxiders-magazine-1.jpg\" class=\"img-fluid w-100\" alt=\"\" srcset=\"https:\/\/luxiders.com\/content\/uploads\/black-washing-luxiders-magazine-1.jpg 800w, https:\/\/luxiders.com\/content\/uploads\/black-washing-luxiders-magazine-1-200x300.jpg 200w, https:\/\/luxiders.com\/content\/uploads\/black-washing-luxiders-magazine-1-683x1024.jpg 683w, https:\/\/luxiders.com\/content\/uploads\/black-washing-luxiders-magazine-1-768x1152.jpg 768w\" sizes=\"(max-width: 800px) 100vw, 800px\" \/><\/div><\/figure>                                                                                                        <\/div>\n                                            <\/div>\n        <\/div>\n    <\/section>\n    \n\n    <section id=\"textblock-block_ff7944e7a2bf55c37c53c5aca9a3d2e1\" class=\"section position-relative gp-block gp-textblock pt-0 pb-0\">\n        <div class=\"container\">\n            <div class=\"row g-0\">\n                <div class=\"col-lg-12 content\" data-aos=\"fade-in\" data-aos-duration=\"1000\">\n                                                                                <h3>EXAMEN EXTERNO DE LA DIVERSIDAD<\/h3>\n<p>Los datos sobre la diversidad interna dentro de la industria de la moda han mostrado una agenda conflictiva entre apariencia y realidad. Las cr\u00edticas en toda la industria influyen en la reciente lucha de las marcas por incorporar la diversidad.<\/p>\n<p>\u201c\u00bfTiene la industria de la moda un problema racial? Bueno, es tan sist\u00e9mico y profundo que ni siquiera puede mirarse a s\u00ed mismo cuando se representa a s\u00ed mismo \u201d, dice Virgil Abloh, fundador de Off-White en un art\u00edculo del\u00a0<a href=\"https:\/\/www.independent.co.uk\/life-style\/fashion\/virgil-abloh-fashion-industry-black-lives-matter-ahmaud-arbery-race-b834742.html\" target=\"_blank\" rel=\"noopener\">Independent <\/a>&#8220;Nadie sabe c\u00f3mo hablar de la raza&#8221;, sigue diciendo Abloh: &#8220;Est\u00e1 tan enraizada en nuestros corazones, tan llena de experiencias diferentes&#8221;. Abloh, siendo \u00e9l mismo de ascendencia africana, dice que tener \u201ctalento negro y gente negra dentro de mi producci\u00f3n\u201d es una prioridad absoluta para \u00e9l.<\/p>\n<p>Mientras que algunos entienden el racismo desde un lugar muy personal, aquellos que nunca lo han experimentado todav\u00eda no tienen ninguna reflexi\u00f3n sobre lo que est\u00e1 pasando. En una entrevista con el New York Times, Ivan Bart de IMG Models habl\u00f3 de c\u00f3mo las marcas est\u00e1n eligiendo modelos en este momento: \u201cLes decimos: &#8216;Entendemos lo que quieres, pero si quieres seguir siendo relevante, esto es lo que necesitas. &#8221; Incluso si hay demanda de modelos negros, parece que las agencias de modelos deben recomendarlos incluso ahora.<\/p>\n<p>En una entrevista con la\u00a0<a href=\"https:\/\/www.wmagazine.com\/story\/naomi-campbell-racism-interviews-england\/\" target=\"_blank\" rel=\"noopener\">W Magazine<\/a>, la ic\u00f3nica supermodelo Naomi Campbell dice: \u201cYa lo super\u00e9. \u00bfEs ahora que tenemos permiso para hablar? Bueno, yo siempre he hablado&#8221;. Llamar a la industria sobre su exclusividad desde la perspectiva de una modelo femenina negra que ha sido relevante y trabajar en la industria desde los a\u00f1os 90 muestra la naturaleza cansada e inherente de la moda, siempre siguiendo las tendencias. Incluso en 1991, Campbell dijo con respecto a las modelos blancas con las que trabaj\u00f3: &#8220;Puedo ser considerada una de las mejores modelos del mundo, pero de ninguna manera gano el mismo dinero que ninguna de ellas&#8221;.<\/p>\n<p>Campbell es extremadamente cr\u00edtica, especialmente con el racismo dentro de su propio pa\u00eds, el Reino Unido. \u201cSin faltarle el respeto al pa\u00eds en el que nac\u00ed, pero tenemos que desenterrarlo, sacarlo a relucir y ocuparnos de \u00e9l. No podemos seguir dejando el tema de lado\u201d, declar\u00f3 Campbell en su momento. &#8220;Prefiero enfrentarme al racismo de cara y que se sepa a reprimirme&#8221;.<\/p>\n<p>&nbsp;<\/p>\n<h3>LA CONVERSACI\u00d3N INCLUSIVA<\/h3>\n<p>Todo se reduce a la intenci\u00f3n y la conversaci\u00f3n en torno a esa intenci\u00f3n. El hecho de que las marcas se est\u00e9n sumando a la llamada a la diversidad atrasada demuestra que definitivamente no est\u00e1n de acuerdo. \u00bfSon algunos solo seguidores de tendencias? Tal vez. Cualesquiera que sean los motivos de las pr\u00e1cticas comerciales de marketing, han provocado una conversaci\u00f3n que ayudar\u00e1 a promover el movimiento de la materia de las vidas pasadas, m\u00e1s all\u00e1 de este momento.<br \/>\n&nbsp;<br \/>\n&nbsp;<\/p>\n                                                        <\/div>\n            <\/div>\n        <\/div>\n    <\/section>\n    ","protected":false},"excerpt":{"rendered":"","protected":false},"author":2,"featured_media":2092,"comment_status":"closed","ping_status":"closed","sticky":false,"template":"","format":"standard","meta":{"_acf_changed":false,"footnotes":""},"categories":[378,130],"tags":[674,675,673,676],"class_list":{"0":"post-2089","1":"post","2":"type-post","3":"status-publish","4":"format-standard","5":"has-post-thumbnail","7":"category-arte-cultura","8":"category-moda-sostenible-lujo","9":"tag-black-lives-matter-movement-2","10":"tag-black-models","11":"tag-blm-2","12":"tag-fair-fashion-2"},"acf":[],"yoast_head":"<title>Black Washing: La \u00faltima &quot;intenci\u00f3n&quot; de la industria | Luxiders Magazine<\/title>\n<meta name=\"description\" content=\"\u00bfQu\u00e9 es el Black Washing? El movimiento Black Lives Matter est\u00e1 provocando que las empresas de moda usen o abusen de esta nueva llamada a la diversidad a trav\u00e9s de lo que se denomina Black Washing en una industria que tradicionalmente ha sido &quot;blanqueada&quot; a lo largo de su historia.\" \/>\n<meta name=\"robots\" content=\"index, follow, max-snippet:-1, max-image-preview:large, max-video-preview:-1\" \/>\n<link rel=\"canonical\" href=\"https:\/\/luxiders.com\/es\/black-washing-moda\/\" \/>\n<meta property=\"og:locale\" content=\"es_ES\" \/>\n<meta property=\"og:type\" content=\"article\" \/>\n<meta property=\"og:title\" content=\"Black Washing: La \u00faltima &quot;intenci\u00f3n&quot; de la industria | Luxiders Magazine\" \/>\n<meta property=\"og:description\" content=\"\u00bfQu\u00e9 es el Black Washing? El movimiento Black Lives Matter est\u00e1 provocando que las empresas de moda usen o abusen de esta nueva llamada a la diversidad a trav\u00e9s de lo que se denomina Black Washing en una industria que tradicionalmente ha sido &quot;blanqueada&quot; a lo largo de su historia.\" \/>\n<meta property=\"og:url\" content=\"https:\/\/luxiders.com\/es\/black-washing-moda\/\" \/>\n<meta property=\"og:site_name\" content=\"Sustainable Fashion - Eco Design - Healthy Lifestyle - Luxiders Magazine\" \/>\n<meta property=\"article:published_time\" content=\"2020-11-05T09:27:00+00:00\" \/>\n<meta property=\"article:modified_time\" content=\"2023-01-16T13:46:45+00:00\" \/>\n<meta property=\"og:image\" content=\"https:\/\/luxiders.com\/content\/uploads\/Black-Washing.jpg\" \/>\n\t<meta property=\"og:image:width\" content=\"1569\" \/>\n\t<meta property=\"og:image:height\" content=\"800\" \/>\n\t<meta property=\"og:image:type\" content=\"image\/jpeg\" \/>\n<meta name=\"author\" content=\"luxiders\" \/>\n<meta name=\"twitter:card\" content=\"summary_large_image\" \/>\n<meta name=\"twitter:label1\" content=\"Written by\" \/>\n\t<meta name=\"twitter:data1\" content=\"luxiders\" \/>\n<script type=\"application\/ld+json\" class=\"yoast-schema-graph\">{\"@context\":\"https:\/\/schema.org\",\"@graph\":[{\"@type\":\"Article\",\"@id\":\"https:\/\/luxiders.com\/es\/black-washing-moda\/#article\",\"isPartOf\":{\"@id\":\"https:\/\/luxiders.com\/es\/black-washing-moda\/\"},\"author\":{\"name\":\"luxiders\",\"@id\":\"https:\/\/luxiders.com\/es\/#\/schema\/person\/8632fa702ae2ce98f66c396254633de8\"},\"headline\":\"Black Washing | La \u00faltima \u00abintenci\u00f3n\u00bb de la industria\",\"datePublished\":\"2020-11-05T09:27:00+00:00\",\"dateModified\":\"2023-01-16T13:46:45+00:00\",\"mainEntityOfPage\":{\"@id\":\"https:\/\/luxiders.com\/es\/black-washing-moda\/\"},\"wordCount\":9,\"publisher\":{\"@id\":\"https:\/\/luxiders.com\/es\/#organization\"},\"image\":{\"@id\":\"https:\/\/luxiders.com\/es\/black-washing-moda\/#primaryimage\"},\"thumbnailUrl\":\"https:\/\/luxiders.com\/content\/uploads\/Black-Washing.jpg\",\"keywords\":[\"Black Lives Matter Movement\",\"black models\",\"BLM\",\"fair fashion\"],\"articleSection\":[\"Arte\/Cultura\",\"Moda\"],\"inLanguage\":\"es-ES\"},{\"@type\":\"WebPage\",\"@id\":\"https:\/\/luxiders.com\/es\/black-washing-moda\/\",\"url\":\"https:\/\/luxiders.com\/es\/black-washing-moda\/\",\"name\":\"Black Washing: La \u00faltima \\\"intenci\u00f3n\\\" de la industria | Luxiders Magazine\",\"isPartOf\":{\"@id\":\"https:\/\/luxiders.com\/es\/#website\"},\"primaryImageOfPage\":{\"@id\":\"https:\/\/luxiders.com\/es\/black-washing-moda\/#primaryimage\"},\"image\":{\"@id\":\"https:\/\/luxiders.com\/es\/black-washing-moda\/#primaryimage\"},\"thumbnailUrl\":\"https:\/\/luxiders.com\/content\/uploads\/Black-Washing.jpg\",\"datePublished\":\"2020-11-05T09:27:00+00:00\",\"dateModified\":\"2023-01-16T13:46:45+00:00\",\"description\":\"\u00bfQu\u00e9 es el Black Washing? El movimiento Black Lives Matter est\u00e1 provocando que las empresas de moda usen o abusen de esta nueva llamada a la diversidad a trav\u00e9s de lo que se denomina Black Washing en una industria que tradicionalmente ha sido \\\"blanqueada\\\" a lo largo de su historia.\",\"breadcrumb\":{\"@id\":\"https:\/\/luxiders.com\/es\/black-washing-moda\/#breadcrumb\"},\"inLanguage\":\"es-ES\",\"potentialAction\":[{\"@type\":\"ReadAction\",\"target\":[\"https:\/\/luxiders.com\/es\/black-washing-moda\/\"]}]},{\"@type\":\"ImageObject\",\"inLanguage\":\"es-ES\",\"@id\":\"https:\/\/luxiders.com\/es\/black-washing-moda\/#primaryimage\",\"url\":\"https:\/\/luxiders.com\/content\/uploads\/Black-Washing.jpg\",\"contentUrl\":\"https:\/\/luxiders.com\/content\/uploads\/Black-Washing.jpg\",\"width\":1569,\"height\":800},{\"@type\":\"BreadcrumbList\",\"@id\":\"https:\/\/luxiders.com\/es\/black-washing-moda\/#breadcrumb\",\"itemListElement\":[{\"@type\":\"ListItem\",\"position\":1,\"name\":\"Startseite\",\"item\":\"https:\/\/luxiders.com\/es\/\"},{\"@type\":\"ListItem\",\"position\":2,\"name\":\"Moda\",\"item\":\"https:\/\/luxiders.com\/es\/category\/moda-sostenible-lujo\/\"},{\"@type\":\"ListItem\",\"position\":3,\"name\":\"Black Washing | La \u00faltima \u00abintenci\u00f3n\u00bb de la industria\"}]},{\"@type\":\"WebSite\",\"@id\":\"https:\/\/luxiders.com\/es\/#website\",\"url\":\"https:\/\/luxiders.com\/es\/\",\"name\":\"Sustainable Fashion - Eco Design - Healthy Lifestyle - Luxiders Magazine\",\"description\":\"Luxiders is a sustainable luxury magazine highlighting the best stories about sustainable fashion, ethical fashion, eco-friendly design, green design, sustainable travel, natural beauty, organic beauty and healthy lifestyle. Know the best high-end, progressive and luxury sustainable brands and designers worldwide.\",\"publisher\":{\"@id\":\"https:\/\/luxiders.com\/es\/#organization\"},\"potentialAction\":[{\"@type\":\"SearchAction\",\"target\":{\"@type\":\"EntryPoint\",\"urlTemplate\":\"https:\/\/luxiders.com\/es\/?s={search_term_string}\"},\"query-input\":{\"@type\":\"PropertyValueSpecification\",\"valueRequired\":true,\"valueName\":\"search_term_string\"}}],\"inLanguage\":\"es-ES\"},{\"@type\":\"Organization\",\"@id\":\"https:\/\/luxiders.com\/es\/#organization\",\"name\":\"Sustainable Fashion - Eco Design - Healthy Lifestyle - Luxiders Magazine\",\"url\":\"https:\/\/luxiders.com\/es\/\",\"logo\":{\"@type\":\"ImageObject\",\"inLanguage\":\"es-ES\",\"@id\":\"https:\/\/luxiders.com\/es\/#\/schema\/logo\/image\/\",\"url\":\"https:\/\/luxiders.com\/content\/uploads\/lux-logo.svg\",\"contentUrl\":\"https:\/\/luxiders.com\/content\/uploads\/lux-logo.svg\",\"caption\":\"Sustainable Fashion - Eco Design - Healthy Lifestyle - Luxiders Magazine\"},\"image\":{\"@id\":\"https:\/\/luxiders.com\/es\/#\/schema\/logo\/image\/\"}},{\"@type\":\"Person\",\"@id\":\"https:\/\/luxiders.com\/es\/#\/schema\/person\/8632fa702ae2ce98f66c396254633de8\",\"name\":\"luxiders\",\"url\":\"https:\/\/luxiders.com\/es\/author\/luxiders\/\"}]}<\/script>","yoast_head_json":{"title":"Black Washing: La \u00faltima \"intenci\u00f3n\" de la industria | Luxiders Magazine","description":"\u00bfQu\u00e9 es el Black Washing? El movimiento Black Lives Matter est\u00e1 provocando que las empresas de moda usen o abusen de esta nueva llamada a la diversidad a trav\u00e9s de lo que se denomina Black Washing en una industria que tradicionalmente ha sido \"blanqueada\" a lo largo de su historia.","robots":{"index":"index","follow":"follow","max-snippet":"max-snippet:-1","max-image-preview":"max-image-preview:large","max-video-preview":"max-video-preview:-1"},"canonical":"https:\/\/luxiders.com\/es\/black-washing-moda\/","og_locale":"es_ES","og_type":"article","og_title":"Black Washing: La \u00faltima \"intenci\u00f3n\" de la industria | Luxiders Magazine","og_description":"\u00bfQu\u00e9 es el Black Washing? El movimiento Black Lives Matter est\u00e1 provocando que las empresas de moda usen o abusen de esta nueva llamada a la diversidad a trav\u00e9s de lo que se denomina Black Washing en una industria que tradicionalmente ha sido \"blanqueada\" a lo largo de su historia.","og_url":"https:\/\/luxiders.com\/es\/black-washing-moda\/","og_site_name":"Sustainable Fashion - Eco Design - Healthy Lifestyle - Luxiders Magazine","article_published_time":"2020-11-05T09:27:00+00:00","article_modified_time":"2023-01-16T13:46:45+00:00","og_image":[{"width":1569,"height":800,"url":"https:\/\/luxiders.com\/content\/uploads\/Black-Washing.jpg","type":"image\/jpeg"}],"author":"luxiders","twitter_card":"summary_large_image","twitter_misc":{"Written by":"luxiders"},"schema":{"@context":"https:\/\/schema.org","@graph":[{"@type":"Article","@id":"https:\/\/luxiders.com\/es\/black-washing-moda\/#article","isPartOf":{"@id":"https:\/\/luxiders.com\/es\/black-washing-moda\/"},"author":{"name":"luxiders","@id":"https:\/\/luxiders.com\/es\/#\/schema\/person\/8632fa702ae2ce98f66c396254633de8"},"headline":"Black Washing | La \u00faltima \u00abintenci\u00f3n\u00bb de la industria","datePublished":"2020-11-05T09:27:00+00:00","dateModified":"2023-01-16T13:46:45+00:00","mainEntityOfPage":{"@id":"https:\/\/luxiders.com\/es\/black-washing-moda\/"},"wordCount":9,"publisher":{"@id":"https:\/\/luxiders.com\/es\/#organization"},"image":{"@id":"https:\/\/luxiders.com\/es\/black-washing-moda\/#primaryimage"},"thumbnailUrl":"https:\/\/luxiders.com\/content\/uploads\/Black-Washing.jpg","keywords":["Black Lives Matter Movement","black models","BLM","fair fashion"],"articleSection":["Arte\/Cultura","Moda"],"inLanguage":"es-ES"},{"@type":"WebPage","@id":"https:\/\/luxiders.com\/es\/black-washing-moda\/","url":"https:\/\/luxiders.com\/es\/black-washing-moda\/","name":"Black Washing: La \u00faltima \"intenci\u00f3n\" de la industria | Luxiders Magazine","isPartOf":{"@id":"https:\/\/luxiders.com\/es\/#website"},"primaryImageOfPage":{"@id":"https:\/\/luxiders.com\/es\/black-washing-moda\/#primaryimage"},"image":{"@id":"https:\/\/luxiders.com\/es\/black-washing-moda\/#primaryimage"},"thumbnailUrl":"https:\/\/luxiders.com\/content\/uploads\/Black-Washing.jpg","datePublished":"2020-11-05T09:27:00+00:00","dateModified":"2023-01-16T13:46:45+00:00","description":"\u00bfQu\u00e9 es el Black Washing? El movimiento Black Lives Matter est\u00e1 provocando que las empresas de moda usen o abusen de esta nueva llamada a la diversidad a trav\u00e9s de lo que se denomina Black Washing en una industria que tradicionalmente ha sido \"blanqueada\" a lo largo de su historia.","breadcrumb":{"@id":"https:\/\/luxiders.com\/es\/black-washing-moda\/#breadcrumb"},"inLanguage":"es-ES","potentialAction":[{"@type":"ReadAction","target":["https:\/\/luxiders.com\/es\/black-washing-moda\/"]}]},{"@type":"ImageObject","inLanguage":"es-ES","@id":"https:\/\/luxiders.com\/es\/black-washing-moda\/#primaryimage","url":"https:\/\/luxiders.com\/content\/uploads\/Black-Washing.jpg","contentUrl":"https:\/\/luxiders.com\/content\/uploads\/Black-Washing.jpg","width":1569,"height":800},{"@type":"BreadcrumbList","@id":"https:\/\/luxiders.com\/es\/black-washing-moda\/#breadcrumb","itemListElement":[{"@type":"ListItem","position":1,"name":"Startseite","item":"https:\/\/luxiders.com\/es\/"},{"@type":"ListItem","position":2,"name":"Moda","item":"https:\/\/luxiders.com\/es\/category\/moda-sostenible-lujo\/"},{"@type":"ListItem","position":3,"name":"Black Washing | La \u00faltima \u00abintenci\u00f3n\u00bb de la industria"}]},{"@type":"WebSite","@id":"https:\/\/luxiders.com\/es\/#website","url":"https:\/\/luxiders.com\/es\/","name":"Sustainable Fashion - Eco Design - Healthy Lifestyle - Luxiders Magazine","description":"Luxiders is a sustainable luxury magazine highlighting the best stories about sustainable fashion, ethical fashion, eco-friendly design, green design, sustainable travel, natural beauty, organic beauty and healthy lifestyle. Know the best high-end, progressive and luxury sustainable brands and designers worldwide.","publisher":{"@id":"https:\/\/luxiders.com\/es\/#organization"},"potentialAction":[{"@type":"SearchAction","target":{"@type":"EntryPoint","urlTemplate":"https:\/\/luxiders.com\/es\/?s={search_term_string}"},"query-input":{"@type":"PropertyValueSpecification","valueRequired":true,"valueName":"search_term_string"}}],"inLanguage":"es-ES"},{"@type":"Organization","@id":"https:\/\/luxiders.com\/es\/#organization","name":"Sustainable Fashion - Eco Design - Healthy Lifestyle - Luxiders Magazine","url":"https:\/\/luxiders.com\/es\/","logo":{"@type":"ImageObject","inLanguage":"es-ES","@id":"https:\/\/luxiders.com\/es\/#\/schema\/logo\/image\/","url":"https:\/\/luxiders.com\/content\/uploads\/lux-logo.svg","contentUrl":"https:\/\/luxiders.com\/content\/uploads\/lux-logo.svg","caption":"Sustainable Fashion - Eco Design - Healthy Lifestyle - Luxiders Magazine"},"image":{"@id":"https:\/\/luxiders.com\/es\/#\/schema\/logo\/image\/"}},{"@type":"Person","@id":"https:\/\/luxiders.com\/es\/#\/schema\/person\/8632fa702ae2ce98f66c396254633de8","name":"luxiders","url":"https:\/\/luxiders.com\/es\/author\/luxiders\/"}]}},"_links":{"self":[{"href":"https:\/\/luxiders.com\/es\/wp-json\/wp\/v2\/posts\/2089","targetHints":{"allow":["GET"]}}],"collection":[{"href":"https:\/\/luxiders.com\/es\/wp-json\/wp\/v2\/posts"}],"about":[{"href":"https:\/\/luxiders.com\/es\/wp-json\/wp\/v2\/types\/post"}],"author":[{"embeddable":true,"href":"https:\/\/luxiders.com\/es\/wp-json\/wp\/v2\/users\/2"}],"replies":[{"embeddable":true,"href":"https:\/\/luxiders.com\/es\/wp-json\/wp\/v2\/comments?post=2089"}],"version-history":[{"count":3,"href":"https:\/\/luxiders.com\/es\/wp-json\/wp\/v2\/posts\/2089\/revisions"}],"predecessor-version":[{"id":9956,"href":"https:\/\/luxiders.com\/es\/wp-json\/wp\/v2\/posts\/2089\/revisions\/9956"}],"wp:featuredmedia":[{"embeddable":true,"href":"https:\/\/luxiders.com\/es\/wp-json\/wp\/v2\/media\/2092"}],"wp:attachment":[{"href":"https:\/\/luxiders.com\/es\/wp-json\/wp\/v2\/media?parent=2089"}],"wp:term":[{"taxonomy":"category","embeddable":true,"href":"https:\/\/luxiders.com\/es\/wp-json\/wp\/v2\/categories?post=2089"},{"taxonomy":"post_tag","embeddable":true,"href":"https:\/\/luxiders.com\/es\/wp-json\/wp\/v2\/tags?post=2089"}],"curies":[{"name":"wp","href":"https:\/\/api.w.org\/{rel}","templated":true}]}}