{"id":21088,"date":"2018-11-21T12:00:00","date_gmt":"2018-11-21T11:00:00","guid":{"rendered":"http:\/\/luxiders.com.w01cc729.kasserver.com\/?p=21088"},"modified":"2023-03-22T12:33:40","modified_gmt":"2023-03-22T11:33:40","slug":"diseno-ecologico-zero-waste-ramy-fischler","status":"publish","type":"post","link":"https:\/\/luxiders.com\/es\/diseno-ecologico-zero-waste-ramy-fischler\/","title":{"rendered":"Ramy Fischler: reconocimiento a sus proyectos sociales y zero-waste"},"content":{"rendered":"    <section id=\"textblock-block_54c7058ef7c4158dd0b4560a6f0187b9\" class=\"section position-relative gp-block gp-textblock text-center pt-0 pb-5\">\n        <div class=\"container\">\n            <div class=\"row g-0\">\n                <div class=\"col-lg-12 content\" data-aos=\"fade-in\" data-aos-duration=\"1000\">\n                                                                                    <div class=\"intro px-lg-8\">\n                            <p class=\"\">Con cada nueva edici\u00f3n, Maison &#038; Objet Paris elige a un Dise\u00f1ador del A\u00f1o para honrar a uno de los nombres m\u00e1s destacados en dise\u00f1o industrial y de interiores de todo el mundo. Este a\u00f1o, el elegido ha sido Ramy Fischler. \u00a1Aplaudimos el reconocimiento! Solo tienes que echarle un vistazo a dos de sus \u00faltimos proyectos: el refrigerador inteligente NU!, dise\u00f1ado para repensar el almuerzo sin desperdicios; y Refettorio Paris, un comedor social para personas sin hogar y refugiados.<\/p>\n                        <\/div>\n                                                                                                <\/div>\n            <\/div>\n        <\/div>\n    <\/section>\n    \n\n    <section id=\"newsletter-block_83673c96f169e9aef8e4fa373da0b207\" class=\"section position-relative gp-block gp-newsletter pt-0 pb-0 my-5\">\n        <div class=\"container\">\n            <div class=\"row g-0 pt-4 pb-3\">\n                <div class=\"col-lg-12 content text-center border pt-3\" data-aos=\"fade-in\" data-aos-duration=\"1000\">\n                                            <p><em>Para recibir el Newsletter de Luxiders Magazine,\u00a0<a href=\"https:\/\/landing.mailerlite.com\/webforms\/landing\/w2a1t0\" target=\"_blank\" rel=\"noopener\">suscr\u00edbete aqu\u00ed<\/a><\/em><\/p>\n                                    <\/div>\n            <\/div>\n        <\/div>\n    <\/section>\n    \n\n    <section id=\"textblock-block_07f70828f642d1a9528a6838bf5bf171\" class=\"section position-relative gp-block gp-textblock pt-0 pb-0\">\n        <div class=\"container\">\n            <div class=\"row g-0\">\n                <div class=\"col-lg-12 content\" data-aos=\"fade-in\" data-aos-duration=\"1000\">\n                                                                                <p class=\"\">Ramy Fischler tiene una obsesi\u00f3n: no repetirse nunca. Su gusto por la experimentaci\u00f3n que comenz\u00f3 cuando estudiaba dise\u00f1o en ENSCI-Les Ateliers en Par\u00eds, donde se gradu\u00f3 en 2004, se desarroll\u00f3 m\u00e1s tarde, mientras trabajaba junto a Patrick Jouin. Esos a\u00f1os que pas\u00f3 explorando todas las expresiones de dise\u00f1o lo llevaron a establecer su estudio en 2011. Fue entonces cuando desarroll\u00f3 su propio enfoque.<\/p>\n<p class=\"\">En lugar de centrarse en los aspectos formales del dise\u00f1o del espacios o productos, Ramy Fischler prefiere cuestionarse el valor de su funci\u00f3n: anticipar los comportamientos del ma\u00f1ana, definir la raz\u00f3n y el uso de cada proyecto, visualizar el entorno donde una pieza ser\u00eda efectiva&#8230;; estos son aspectos preliminares de cada uno de sus proyectos. Para Ramy Fischler, el dise\u00f1o debe tener sentido.<\/p>\n                                            <div class=\"highlighted mt-5 mt-lg-6 px-lg-5\">\n                            <p>De origen belga, el dise\u00f1ador, que se mud\u00f3 a Par\u00eds en 1998, se siente tan c\u00f3modo trabajando en proyectos pr\u00e1cticos como en otros m\u00e1s conceptuales.<\/p>\n<p>&nbsp;<\/p>\n                        <\/div>\n                                                        <\/div>\n            <\/div>\n        <\/div>\n    <\/section>\n    \n\n    <section id=\"textblock-block_5e4595973552f763d8630074c6b2818f\" class=\"section position-relative gp-block gp-textblock pt-0 pb-0\">\n        <div class=\"container\">\n            <div class=\"row g-0\">\n                <div class=\"col-lg-12 content\" data-aos=\"fade-in\" data-aos-duration=\"1000\">\n                                                                        <h2 class=\"\">Trabajo colaborativo y objetos h\u00edbridos\n<\/h2>\n                                                                                                        <p class=\"\">En general, su trabajo est\u00e1 fuertemente influenciado por el cine, una disciplina que siempre le ha fascinado. Practica el dise\u00f1o de la misma manera que un director hace una pel\u00edcula. La ficci\u00f3n y el trabajo colaborativo son los pilares gemelos de su proceso. Sus proyectos de dise\u00f1o de interiores para residencias privadas y restaurantes regularmente le dan la oportunidad de dise\u00f1ar muebles, que \u00e9l mismo produce y muestra en galer\u00edas. Tambi\u00e9n crea objetos h\u00edbridos que ilustran su capacidad para difuminar los l\u00edmites entre las disciplinas. Un \u00e1rea de investigaci\u00f3n que comenz\u00f3 a investigar cuando era profesor en el Instituto Nacional de Arte Contempor\u00e1neo Le Fresnoy, con un proyecto titulado L\u2019Image \u00c9claire, que cre\u00f3 una conexi\u00f3n entre la imagen y el cine.<\/p>\n                                            <div class=\"highlighted mt-5 mt-lg-6 px-lg-5\">\n                            <p>Algunos proyectos sostenibles recientes que ilustran el enfoque y la diversidad del estudio de Ramy Fishler son el refrigerador inteligente NU!, dise\u00f1ado para repensar la pausa del almuerzo, sin desperdicios; Refettorio Paris, un comedor social para personas sin hogar y refugiados; y la primera incubadora de filantrop\u00eda, ganadora del concurso R\u00e9inventer Paris.<\/p>\n<p>&nbsp;<\/p>\n                        <\/div>\n                                                        <\/div>\n            <\/div>\n        <\/div>\n    <\/section>\n    \n\n    <section id=\"media-block_fd759a5198644d0a4c413afabe913096\" class=\"section position-relative gp-block gp-media pt-0 pb-0\">\n        <div class=\"container\">\n            <div class=\"row g-0\">\n                <div class=\"col-lg-12 content\" data-aos=\"fade-in\" data-aos-duration=\"1000\">\n                                                                            <\/div>\n            <\/div>\n            <div class=\"row g-0\">\n                <div class=\"col-lg-12 img-scaled\">\n                                                                                                                                                <figure class=\"mb-4 pt-lg-4 mb-lg-4 ps-lg-0 pe-lg-0\" data-aos=\"fade-up\" data-aos-duration=\"1000\"><div class=\"img-container\"><img loading=\"lazy\" decoding=\"async\" width=\"1200\" height=\"675\" src=\"https:\/\/luxiders.com\/content\/uploads\/M_RefettorioParis2_creditsJR-1920x1080-1.jpg\" class=\"img-fluid w-100\" alt=\"\" srcset=\"https:\/\/luxiders.com\/content\/uploads\/M_RefettorioParis2_creditsJR-1920x1080-1.jpg 1200w, https:\/\/luxiders.com\/content\/uploads\/M_RefettorioParis2_creditsJR-1920x1080-1-300x169.jpg 300w, https:\/\/luxiders.com\/content\/uploads\/M_RefettorioParis2_creditsJR-1920x1080-1-1024x576.jpg 1024w, https:\/\/luxiders.com\/content\/uploads\/M_RefettorioParis2_creditsJR-1920x1080-1-768x432.jpg 768w\" sizes=\"(max-width: 1200px) 100vw, 1200px\" \/><\/div><figcaption>\u00a9 The Reffectorio, Paris.<\/figcaption><\/figure>                                                                                                                                                            <figure class=\"mb-4 pt-lg-4 mb-lg-4 ps-lg-0 pe-lg-0\" data-aos=\"fade-up\" data-aos-duration=\"1000\"><div class=\"img-container\"><img loading=\"lazy\" decoding=\"async\" width=\"1200\" height=\"675\" src=\"https:\/\/luxiders.com\/content\/uploads\/M_1-VUE-NU-BICHAT-1920x1080-1.jpg\" class=\"img-fluid w-100\" alt=\"\" srcset=\"https:\/\/luxiders.com\/content\/uploads\/M_1-VUE-NU-BICHAT-1920x1080-1.jpg 1200w, https:\/\/luxiders.com\/content\/uploads\/M_1-VUE-NU-BICHAT-1920x1080-1-300x169.jpg 300w, https:\/\/luxiders.com\/content\/uploads\/M_1-VUE-NU-BICHAT-1920x1080-1-1024x576.jpg 1024w, https:\/\/luxiders.com\/content\/uploads\/M_1-VUE-NU-BICHAT-1920x1080-1-768x432.jpg 768w\" sizes=\"(max-width: 1200px) 100vw, 1200px\" \/><\/div><figcaption>\u00a9 NU! Food market, connected and zero waste food market<\/figcaption><\/figure>                                                                                                                                                            <figure class=\"mb-4 pt-lg-4 mb-lg-4 ps-lg-0 pe-lg-0\" data-aos=\"fade-up\" data-aos-duration=\"1000\"><div class=\"img-container\"><img loading=\"lazy\" decoding=\"async\" width=\"1200\" height=\"675\" src=\"https:\/\/luxiders.com\/content\/uploads\/M_4-vue-exte-2-1-1920x1080-1.jpg\" class=\"img-fluid w-100\" alt=\"\" srcset=\"https:\/\/luxiders.com\/content\/uploads\/M_4-vue-exte-2-1-1920x1080-1.jpg 1200w, https:\/\/luxiders.com\/content\/uploads\/M_4-vue-exte-2-1-1920x1080-1-300x169.jpg 300w, https:\/\/luxiders.com\/content\/uploads\/M_4-vue-exte-2-1-1920x1080-1-1024x576.jpg 1024w, https:\/\/luxiders.com\/content\/uploads\/M_4-vue-exte-2-1-1920x1080-1-768x432.jpg 768w\" sizes=\"(max-width: 1200px) 100vw, 1200px\" \/><\/div><figcaption>\u00a9 Sot L\u2019y Laisse. Reinventer Paris competition &#8211; Eole evangile site &#8211; urban furniture.<\/figcaption><\/figure>                                                                                                                                                            <figure class=\"mb-4 pt-lg-4 mb-lg-4 ps-lg-0 pe-lg-0\" data-aos=\"fade-up\" data-aos-duration=\"1000\"><div class=\"img-container\"><img loading=\"lazy\" decoding=\"async\" width=\"1200\" height=\"900\" src=\"https:\/\/luxiders.com\/content\/uploads\/M_nu_0167-BD-1920x1440-1.jpg\" class=\"img-fluid w-100\" alt=\"\" srcset=\"https:\/\/luxiders.com\/content\/uploads\/M_nu_0167-BD-1920x1440-1.jpg 1200w, https:\/\/luxiders.com\/content\/uploads\/M_nu_0167-BD-1920x1440-1-300x225.jpg 300w, https:\/\/luxiders.com\/content\/uploads\/M_nu_0167-BD-1920x1440-1-1024x768.jpg 1024w, https:\/\/luxiders.com\/content\/uploads\/M_nu_0167-BD-1920x1440-1-768x576.jpg 768w\" sizes=\"(max-width: 1200px) 100vw, 1200px\" \/><\/div><figcaption>\u00a9 NU! Smart fridge. Connected fridge zero waste for the lunch break.<\/figcaption><\/figure>                                                                                                                                                            <figure class=\"mb-4 pt-lg-4 mb-lg-5 ps-lg-0 pe-lg-0\" data-aos=\"fade-up\" data-aos-duration=\"1000\"><div class=\"img-container\"><img loading=\"lazy\" decoding=\"async\" width=\"1330\" height=\"776\" src=\"https:\/\/luxiders.com\/content\/uploads\/M_Co-working-1920x1120-1.jpg\" class=\"img-fluid w-100\" alt=\"\" srcset=\"https:\/\/luxiders.com\/content\/uploads\/M_Co-working-1920x1120-1.jpg 1330w, https:\/\/luxiders.com\/content\/uploads\/M_Co-working-1920x1120-1-300x175.jpg 300w, https:\/\/luxiders.com\/content\/uploads\/M_Co-working-1920x1120-1-1024x597.jpg 1024w, https:\/\/luxiders.com\/content\/uploads\/M_Co-working-1920x1120-1-768x448.jpg 768w\" sizes=\"(max-width: 1330px) 100vw, 1330px\" \/><\/div><figcaption>\u00a9 La Compagnie des Philanthropes. First incubator dedicated to philanthropy.<\/figcaption><\/figure>                                                                                            <\/div>\n                                            <\/div>\n        <\/div>\n    <\/section>\n    \n\n    <section id=\"textblock-block_beeb7856e2c9148c527a88374b33b84d\" class=\"section position-relative gp-block gp-textblock pt-0 pb-0\">\n        <div class=\"container\">\n            <div class=\"row g-0\">\n                <div class=\"col-lg-12 content\" data-aos=\"fade-in\" data-aos-duration=\"1000\">\n                                                                        <h2 class=\"\">Ramy Fischler, nuevos campos y dimensiones\n<\/h2>\n                                                                                                        <p class=\"\">Desde principios de este a\u00f1o 2018, Ramy Fishler comenz\u00f3 a enfocar su trabajo a la escenograf\u00eda para la \u00f3pera, que incluye el dise\u00f1o de escenograf\u00eda de una versi\u00f3n de Hamlet dirigida por Cyril Teste, que se espera debutar\u00e1 en diciembre en L&#8217;Op\u00e9ra Comique en Par\u00eds. Adem\u00e1s, Ramy Fishler se encuentra inmerso en un rastreo constante de nuevos proyectos que prometen un futuro mejor.<\/p>\n                                            <div class=\"highlighted mt-5 mt-lg-6 px-lg-5\">\n                            <p>&#8220;Estamos constantemente investigando los \u00faltimos desarrollos en tecnolog\u00eda, innovaciones para los negocios, cambios sociales y econ\u00f3micos, as\u00ed como problemas medioambientales&#8221;.<\/p>\n<p>&nbsp;<\/p>\n                        <\/div>\n                                                        <\/div>\n            <\/div>\n        <\/div>\n    <\/section>\n    \n\n    <section id=\"textblock-block_ef116bba783d0c060db9cd55ea529d2b\" class=\"section position-relative gp-block gp-textblock pt-0 pb-0\">\n        <div class=\"container\">\n            <div class=\"row g-0\">\n                <div class=\"col-lg-12 content\" data-aos=\"fade-in\" data-aos-duration=\"1000\">\n                                                                                <p class=\"\">Por ejemplo, para el Philanthro-Lab, uno de los proyectos seleccionados para el concurso R\u00e9inventer Paris 1, colabor\u00f3 \u200b\u200bcon la Compagnie de Phalsbourg y el estudio de arquitectura Perrot &amp; Richard para definir un programa, anticipar las necesidades y crear el dise\u00f1o del proyecto. Twitter Francia tambi\u00e9n le ha encomendado que investigue las m\u00faltiples formas en que los entornos de trabajo est\u00e1n cambiando, cuestionando el valor de la informaci\u00f3n y aplicando sus hallazgos a la planificaci\u00f3n del espacio y el dise\u00f1o de oficinas.<\/p>\n<p>&nbsp;<\/p>\n                                                        <\/div>\n            <\/div>\n        <\/div>\n    <\/section>\n    \n\n    <section id=\"textblock-block_96e1f17fc1472c70a857f514cdb3c579\" class=\"section position-relative gp-block gp-textblock pt-0 pb-0\">\n        <div class=\"container\">\n            <div class=\"row g-0\">\n                <div class=\"col-lg-12 content\" data-aos=\"fade-in\" data-aos-duration=\"1000\">\n                                                                        <h2 class=\"\">Sostenibilidad aplicada a las ideas\n<\/h2>\n                                                                                                        <p class=\"\">Como dise\u00f1ador emprendedor, tambi\u00e9n est\u00e1 involucrado en el desarrollo de Nu!, un servicio de catering corporativo sin desperdicios basado en el abastecimiento local y directo de productos. Tambi\u00e9n ha lanzado una iniciativa que contempla el dise\u00f1o de un refrigerador conectado que acepta pagos sin efectivo.<\/p>\n<p class=\"\">\u00a1Pero eso no es todo! Entre los \u00faltimos proyectos de Ramy Fischler se encuentra una comisi\u00f3n para Refettorio Paris, un comedor social para personas sin hogar y refugiados, iniciado por el chef m\u00e1s destacado de Italia, Massimo Bottura y establecido dentro del Foyer de la Madeleine. Fischler est\u00e1 colaborando con Nicola Delon, fundadora del estudio Encore Heureux, para crear una decoraci\u00f3n a medida hecha de materiales de construcci\u00f3n reciclados. A un tiro de piedra, recientemente ha iniciado dos nuevos proyectos en los Campos El\u00edseos: un hotel palacio y un nuevo concepto de cine.<\/p>\n<p>&nbsp;<\/p>\n<p class=\"\">+ info: <a href=\"http:\/\/rfstudio.fr\/en\/\" rel=\"noopener\" target=\"_blank\">RFStudio<\/a><\/p>\n<p>&nbsp;<\/p>\n                                                        <\/div>\n            <\/div>\n        <\/div>\n    <\/section>\n    ","protected":false},"excerpt":{"rendered":"","protected":false},"author":2,"featured_media":21138,"comment_status":"closed","ping_status":"closed","sticky":false,"template":"","format":"standard","meta":{"_acf_changed":false,"footnotes":""},"categories":[1187],"tags":[3408,822,346,3734,242,358],"class_list":{"0":"post-21088","1":"post","2":"type-post","3":"status-publish","4":"format-standard","5":"has-post-thumbnail","7":"category-lujo-sostenible-diseno","8":"tag-architecture-es","9":"tag-eco-design-2","10":"tag-industrial-design-es","11":"tag-ramy-fischler-2","12":"tag-sustainability-es","13":"tag-sustainable-design-es"},"acf":[],"yoast_head":"<title>Ramy Fischler y sus proyectos sociales y zero-waste - Dise\u00f1o ecol\u00f3gico - Luxiders Magazine<\/title>\n<meta name=\"description\" content=\"Ramy Fischler es el dise\u00f1ador industrial detr\u00e1s de dos proyectos sostenibles que bien merecen nuestro reconocimiento: el refrigerador inteligente NU!, dise\u00f1ado para repensar el almuerzo sin desperdicios; y Refettorio Paris, un comedor social para personas sin hogar y refugiados.\" \/>\n<meta name=\"robots\" content=\"index, follow, max-snippet:-1, max-image-preview:large, max-video-preview:-1\" \/>\n<link rel=\"canonical\" href=\"https:\/\/luxiders.com\/es\/diseno-ecologico-zero-waste-ramy-fischler\/\" \/>\n<meta property=\"og:locale\" content=\"es_ES\" \/>\n<meta property=\"og:type\" content=\"article\" \/>\n<meta property=\"og:title\" content=\"Ramy Fischler y sus proyectos sociales y zero-waste - Dise\u00f1o ecol\u00f3gico - Luxiders Magazine\" \/>\n<meta property=\"og:description\" content=\"Ramy Fischler es el dise\u00f1ador industrial detr\u00e1s de dos proyectos sostenibles que bien merecen nuestro reconocimiento: el refrigerador inteligente NU!, dise\u00f1ado para repensar el almuerzo sin desperdicios; y Refettorio Paris, un comedor social para personas sin hogar y refugiados.\" \/>\n<meta property=\"og:url\" content=\"https:\/\/luxiders.com\/es\/diseno-ecologico-zero-waste-ramy-fischler\/\" \/>\n<meta property=\"og:site_name\" content=\"Sustainable Fashion - Eco Design - Healthy Lifestyle - Luxiders Magazine\" \/>\n<meta property=\"article:published_time\" content=\"2018-11-21T11:00:00+00:00\" \/>\n<meta property=\"article:modified_time\" content=\"2023-03-22T11:33:40+00:00\" \/>\n<meta property=\"og:image\" content=\"https:\/\/luxiders.com\/content\/uploads\/M_Restaurant3_National-Cafe_credits-National-Gallery-2-1920x1280-1.jpg\" \/>\n\t<meta property=\"og:image:width\" content=\"1330\" \/>\n\t<meta property=\"og:image:height\" content=\"886\" \/>\n\t<meta property=\"og:image:type\" content=\"image\/jpeg\" \/>\n<meta name=\"author\" content=\"luxiders\" \/>\n<meta name=\"twitter:card\" content=\"summary_large_image\" \/>\n<meta name=\"twitter:label1\" content=\"Written by\" \/>\n\t<meta name=\"twitter:data1\" content=\"luxiders\" \/>\n<script type=\"application\/ld+json\" class=\"yoast-schema-graph\">{\"@context\":\"https:\/\/schema.org\",\"@graph\":[{\"@type\":\"Article\",\"@id\":\"https:\/\/luxiders.com\/es\/diseno-ecologico-zero-waste-ramy-fischler\/#article\",\"isPartOf\":{\"@id\":\"https:\/\/luxiders.com\/es\/diseno-ecologico-zero-waste-ramy-fischler\/\"},\"author\":{\"name\":\"luxiders\",\"@id\":\"https:\/\/luxiders.com\/es\/#\/schema\/person\/8632fa702ae2ce98f66c396254633de8\"},\"headline\":\"Ramy Fischler: reconocimiento a sus proyectos sociales y zero-waste\",\"datePublished\":\"2018-11-21T11:00:00+00:00\",\"dateModified\":\"2023-03-22T11:33:40+00:00\",\"mainEntityOfPage\":{\"@id\":\"https:\/\/luxiders.com\/es\/diseno-ecologico-zero-waste-ramy-fischler\/\"},\"wordCount\":9,\"publisher\":{\"@id\":\"https:\/\/luxiders.com\/es\/#organization\"},\"image\":{\"@id\":\"https:\/\/luxiders.com\/es\/diseno-ecologico-zero-waste-ramy-fischler\/#primaryimage\"},\"thumbnailUrl\":\"https:\/\/luxiders.com\/content\/uploads\/M_Restaurant3_National-Cafe_credits-National-Gallery-2-1920x1280-1.jpg\",\"keywords\":[\"architecture\",\"eco design\",\"industrial design\",\"Ramy Fischler\",\"sustainability\",\"sustainable design\"],\"articleSection\":[\"Dise\u00f1o\"],\"inLanguage\":\"es-ES\"},{\"@type\":\"WebPage\",\"@id\":\"https:\/\/luxiders.com\/es\/diseno-ecologico-zero-waste-ramy-fischler\/\",\"url\":\"https:\/\/luxiders.com\/es\/diseno-ecologico-zero-waste-ramy-fischler\/\",\"name\":\"Ramy Fischler y sus proyectos sociales y zero-waste - Dise\u00f1o ecol\u00f3gico - Luxiders Magazine\",\"isPartOf\":{\"@id\":\"https:\/\/luxiders.com\/es\/#website\"},\"primaryImageOfPage\":{\"@id\":\"https:\/\/luxiders.com\/es\/diseno-ecologico-zero-waste-ramy-fischler\/#primaryimage\"},\"image\":{\"@id\":\"https:\/\/luxiders.com\/es\/diseno-ecologico-zero-waste-ramy-fischler\/#primaryimage\"},\"thumbnailUrl\":\"https:\/\/luxiders.com\/content\/uploads\/M_Restaurant3_National-Cafe_credits-National-Gallery-2-1920x1280-1.jpg\",\"datePublished\":\"2018-11-21T11:00:00+00:00\",\"dateModified\":\"2023-03-22T11:33:40+00:00\",\"description\":\"Ramy Fischler es el dise\u00f1ador industrial detr\u00e1s de dos proyectos sostenibles que bien merecen nuestro reconocimiento: el refrigerador inteligente NU!, dise\u00f1ado para repensar el almuerzo sin desperdicios; y Refettorio Paris, un comedor social para personas sin hogar y refugiados.\",\"breadcrumb\":{\"@id\":\"https:\/\/luxiders.com\/es\/diseno-ecologico-zero-waste-ramy-fischler\/#breadcrumb\"},\"inLanguage\":\"es-ES\",\"potentialAction\":[{\"@type\":\"ReadAction\",\"target\":[\"https:\/\/luxiders.com\/es\/diseno-ecologico-zero-waste-ramy-fischler\/\"]}]},{\"@type\":\"ImageObject\",\"inLanguage\":\"es-ES\",\"@id\":\"https:\/\/luxiders.com\/es\/diseno-ecologico-zero-waste-ramy-fischler\/#primaryimage\",\"url\":\"https:\/\/luxiders.com\/content\/uploads\/M_Restaurant3_National-Cafe_credits-National-Gallery-2-1920x1280-1.jpg\",\"contentUrl\":\"https:\/\/luxiders.com\/content\/uploads\/M_Restaurant3_National-Cafe_credits-National-Gallery-2-1920x1280-1.jpg\",\"width\":1330,\"height\":886},{\"@type\":\"BreadcrumbList\",\"@id\":\"https:\/\/luxiders.com\/es\/diseno-ecologico-zero-waste-ramy-fischler\/#breadcrumb\",\"itemListElement\":[{\"@type\":\"ListItem\",\"position\":1,\"name\":\"Startseite\",\"item\":\"https:\/\/luxiders.com\/es\/\"},{\"@type\":\"ListItem\",\"position\":2,\"name\":\"Dise\u00f1o\",\"item\":\"https:\/\/luxiders.com\/es\/category\/lujo-sostenible-diseno\/\"},{\"@type\":\"ListItem\",\"position\":3,\"name\":\"Ramy Fischler: reconocimiento a sus proyectos sociales y zero-waste\"}]},{\"@type\":\"WebSite\",\"@id\":\"https:\/\/luxiders.com\/es\/#website\",\"url\":\"https:\/\/luxiders.com\/es\/\",\"name\":\"Sustainable Fashion - Eco Design - Healthy Lifestyle - Luxiders Magazine\",\"description\":\"Luxiders is a sustainable luxury magazine highlighting the best stories about sustainable fashion, ethical fashion, eco-friendly design, green design, sustainable travel, natural beauty, organic beauty and healthy lifestyle. Know the best high-end, progressive and luxury sustainable brands and designers worldwide.\",\"publisher\":{\"@id\":\"https:\/\/luxiders.com\/es\/#organization\"},\"potentialAction\":[{\"@type\":\"SearchAction\",\"target\":{\"@type\":\"EntryPoint\",\"urlTemplate\":\"https:\/\/luxiders.com\/es\/?s={search_term_string}\"},\"query-input\":{\"@type\":\"PropertyValueSpecification\",\"valueRequired\":true,\"valueName\":\"search_term_string\"}}],\"inLanguage\":\"es-ES\"},{\"@type\":\"Organization\",\"@id\":\"https:\/\/luxiders.com\/es\/#organization\",\"name\":\"Sustainable Fashion - Eco Design - Healthy Lifestyle - Luxiders Magazine\",\"url\":\"https:\/\/luxiders.com\/es\/\",\"logo\":{\"@type\":\"ImageObject\",\"inLanguage\":\"es-ES\",\"@id\":\"https:\/\/luxiders.com\/es\/#\/schema\/logo\/image\/\",\"url\":\"https:\/\/luxiders.com\/content\/uploads\/lux-logo.svg\",\"contentUrl\":\"https:\/\/luxiders.com\/content\/uploads\/lux-logo.svg\",\"caption\":\"Sustainable Fashion - Eco Design - Healthy Lifestyle - Luxiders Magazine\"},\"image\":{\"@id\":\"https:\/\/luxiders.com\/es\/#\/schema\/logo\/image\/\"}},{\"@type\":\"Person\",\"@id\":\"https:\/\/luxiders.com\/es\/#\/schema\/person\/8632fa702ae2ce98f66c396254633de8\",\"name\":\"luxiders\",\"url\":\"https:\/\/luxiders.com\/es\/author\/luxiders\/\"}]}<\/script>","yoast_head_json":{"title":"Ramy Fischler y sus proyectos sociales y zero-waste - Dise\u00f1o ecol\u00f3gico - Luxiders Magazine","description":"Ramy Fischler es el dise\u00f1ador industrial detr\u00e1s de dos proyectos sostenibles que bien merecen nuestro reconocimiento: el refrigerador inteligente NU!, dise\u00f1ado para repensar el almuerzo sin desperdicios; y Refettorio Paris, un comedor social para personas sin hogar y refugiados.","robots":{"index":"index","follow":"follow","max-snippet":"max-snippet:-1","max-image-preview":"max-image-preview:large","max-video-preview":"max-video-preview:-1"},"canonical":"https:\/\/luxiders.com\/es\/diseno-ecologico-zero-waste-ramy-fischler\/","og_locale":"es_ES","og_type":"article","og_title":"Ramy Fischler y sus proyectos sociales y zero-waste - Dise\u00f1o ecol\u00f3gico - Luxiders Magazine","og_description":"Ramy Fischler es el dise\u00f1ador industrial detr\u00e1s de dos proyectos sostenibles que bien merecen nuestro reconocimiento: el refrigerador inteligente NU!, dise\u00f1ado para repensar el almuerzo sin desperdicios; y Refettorio Paris, un comedor social para personas sin hogar y refugiados.","og_url":"https:\/\/luxiders.com\/es\/diseno-ecologico-zero-waste-ramy-fischler\/","og_site_name":"Sustainable Fashion - Eco Design - Healthy Lifestyle - Luxiders Magazine","article_published_time":"2018-11-21T11:00:00+00:00","article_modified_time":"2023-03-22T11:33:40+00:00","og_image":[{"width":1330,"height":886,"url":"https:\/\/luxiders.com\/content\/uploads\/M_Restaurant3_National-Cafe_credits-National-Gallery-2-1920x1280-1.jpg","type":"image\/jpeg"}],"author":"luxiders","twitter_card":"summary_large_image","twitter_misc":{"Written by":"luxiders"},"schema":{"@context":"https:\/\/schema.org","@graph":[{"@type":"Article","@id":"https:\/\/luxiders.com\/es\/diseno-ecologico-zero-waste-ramy-fischler\/#article","isPartOf":{"@id":"https:\/\/luxiders.com\/es\/diseno-ecologico-zero-waste-ramy-fischler\/"},"author":{"name":"luxiders","@id":"https:\/\/luxiders.com\/es\/#\/schema\/person\/8632fa702ae2ce98f66c396254633de8"},"headline":"Ramy Fischler: reconocimiento a sus proyectos sociales y zero-waste","datePublished":"2018-11-21T11:00:00+00:00","dateModified":"2023-03-22T11:33:40+00:00","mainEntityOfPage":{"@id":"https:\/\/luxiders.com\/es\/diseno-ecologico-zero-waste-ramy-fischler\/"},"wordCount":9,"publisher":{"@id":"https:\/\/luxiders.com\/es\/#organization"},"image":{"@id":"https:\/\/luxiders.com\/es\/diseno-ecologico-zero-waste-ramy-fischler\/#primaryimage"},"thumbnailUrl":"https:\/\/luxiders.com\/content\/uploads\/M_Restaurant3_National-Cafe_credits-National-Gallery-2-1920x1280-1.jpg","keywords":["architecture","eco design","industrial design","Ramy Fischler","sustainability","sustainable design"],"articleSection":["Dise\u00f1o"],"inLanguage":"es-ES"},{"@type":"WebPage","@id":"https:\/\/luxiders.com\/es\/diseno-ecologico-zero-waste-ramy-fischler\/","url":"https:\/\/luxiders.com\/es\/diseno-ecologico-zero-waste-ramy-fischler\/","name":"Ramy Fischler y sus proyectos sociales y zero-waste - Dise\u00f1o ecol\u00f3gico - Luxiders Magazine","isPartOf":{"@id":"https:\/\/luxiders.com\/es\/#website"},"primaryImageOfPage":{"@id":"https:\/\/luxiders.com\/es\/diseno-ecologico-zero-waste-ramy-fischler\/#primaryimage"},"image":{"@id":"https:\/\/luxiders.com\/es\/diseno-ecologico-zero-waste-ramy-fischler\/#primaryimage"},"thumbnailUrl":"https:\/\/luxiders.com\/content\/uploads\/M_Restaurant3_National-Cafe_credits-National-Gallery-2-1920x1280-1.jpg","datePublished":"2018-11-21T11:00:00+00:00","dateModified":"2023-03-22T11:33:40+00:00","description":"Ramy Fischler es el dise\u00f1ador industrial detr\u00e1s de dos proyectos sostenibles que bien merecen nuestro reconocimiento: el refrigerador inteligente NU!, dise\u00f1ado para repensar el almuerzo sin desperdicios; y Refettorio Paris, un comedor social para personas sin hogar y refugiados.","breadcrumb":{"@id":"https:\/\/luxiders.com\/es\/diseno-ecologico-zero-waste-ramy-fischler\/#breadcrumb"},"inLanguage":"es-ES","potentialAction":[{"@type":"ReadAction","target":["https:\/\/luxiders.com\/es\/diseno-ecologico-zero-waste-ramy-fischler\/"]}]},{"@type":"ImageObject","inLanguage":"es-ES","@id":"https:\/\/luxiders.com\/es\/diseno-ecologico-zero-waste-ramy-fischler\/#primaryimage","url":"https:\/\/luxiders.com\/content\/uploads\/M_Restaurant3_National-Cafe_credits-National-Gallery-2-1920x1280-1.jpg","contentUrl":"https:\/\/luxiders.com\/content\/uploads\/M_Restaurant3_National-Cafe_credits-National-Gallery-2-1920x1280-1.jpg","width":1330,"height":886},{"@type":"BreadcrumbList","@id":"https:\/\/luxiders.com\/es\/diseno-ecologico-zero-waste-ramy-fischler\/#breadcrumb","itemListElement":[{"@type":"ListItem","position":1,"name":"Startseite","item":"https:\/\/luxiders.com\/es\/"},{"@type":"ListItem","position":2,"name":"Dise\u00f1o","item":"https:\/\/luxiders.com\/es\/category\/lujo-sostenible-diseno\/"},{"@type":"ListItem","position":3,"name":"Ramy Fischler: reconocimiento a sus proyectos sociales y zero-waste"}]},{"@type":"WebSite","@id":"https:\/\/luxiders.com\/es\/#website","url":"https:\/\/luxiders.com\/es\/","name":"Sustainable Fashion - Eco Design - Healthy Lifestyle - Luxiders Magazine","description":"Luxiders is a sustainable luxury magazine highlighting the best stories about sustainable fashion, ethical fashion, eco-friendly design, green design, sustainable travel, natural beauty, organic beauty and healthy lifestyle. Know the best high-end, progressive and luxury sustainable brands and designers worldwide.","publisher":{"@id":"https:\/\/luxiders.com\/es\/#organization"},"potentialAction":[{"@type":"SearchAction","target":{"@type":"EntryPoint","urlTemplate":"https:\/\/luxiders.com\/es\/?s={search_term_string}"},"query-input":{"@type":"PropertyValueSpecification","valueRequired":true,"valueName":"search_term_string"}}],"inLanguage":"es-ES"},{"@type":"Organization","@id":"https:\/\/luxiders.com\/es\/#organization","name":"Sustainable Fashion - Eco Design - Healthy Lifestyle - Luxiders Magazine","url":"https:\/\/luxiders.com\/es\/","logo":{"@type":"ImageObject","inLanguage":"es-ES","@id":"https:\/\/luxiders.com\/es\/#\/schema\/logo\/image\/","url":"https:\/\/luxiders.com\/content\/uploads\/lux-logo.svg","contentUrl":"https:\/\/luxiders.com\/content\/uploads\/lux-logo.svg","caption":"Sustainable Fashion - Eco Design - Healthy Lifestyle - Luxiders Magazine"},"image":{"@id":"https:\/\/luxiders.com\/es\/#\/schema\/logo\/image\/"}},{"@type":"Person","@id":"https:\/\/luxiders.com\/es\/#\/schema\/person\/8632fa702ae2ce98f66c396254633de8","name":"luxiders","url":"https:\/\/luxiders.com\/es\/author\/luxiders\/"}]}},"_links":{"self":[{"href":"https:\/\/luxiders.com\/es\/wp-json\/wp\/v2\/posts\/21088","targetHints":{"allow":["GET"]}}],"collection":[{"href":"https:\/\/luxiders.com\/es\/wp-json\/wp\/v2\/posts"}],"about":[{"href":"https:\/\/luxiders.com\/es\/wp-json\/wp\/v2\/types\/post"}],"author":[{"embeddable":true,"href":"https:\/\/luxiders.com\/es\/wp-json\/wp\/v2\/users\/2"}],"replies":[{"embeddable":true,"href":"https:\/\/luxiders.com\/es\/wp-json\/wp\/v2\/comments?post=21088"}],"version-history":[{"count":3,"href":"https:\/\/luxiders.com\/es\/wp-json\/wp\/v2\/posts\/21088\/revisions"}],"predecessor-version":[{"id":21147,"href":"https:\/\/luxiders.com\/es\/wp-json\/wp\/v2\/posts\/21088\/revisions\/21147"}],"wp:featuredmedia":[{"embeddable":true,"href":"https:\/\/luxiders.com\/es\/wp-json\/wp\/v2\/media\/21138"}],"wp:attachment":[{"href":"https:\/\/luxiders.com\/es\/wp-json\/wp\/v2\/media?parent=21088"}],"wp:term":[{"taxonomy":"category","embeddable":true,"href":"https:\/\/luxiders.com\/es\/wp-json\/wp\/v2\/categories?post=21088"},{"taxonomy":"post_tag","embeddable":true,"href":"https:\/\/luxiders.com\/es\/wp-json\/wp\/v2\/tags?post=21088"}],"curies":[{"name":"wp","href":"https:\/\/api.w.org\/{rel}","templated":true}]}}