{"id":22114,"date":"2020-03-23T06:48:00","date_gmt":"2020-03-23T05:48:00","guid":{"rendered":"http:\/\/luxiders.com.w01cc729.kasserver.com\/coronavirus-how-is-coronavirus-affecting-sustainable-fashion-business\/"},"modified":"2023-04-17T13:29:18","modified_gmt":"2023-04-17T11:29:18","slug":"como-esta-afectando-coronavirus-negocio-moda-sostenible","status":"publish","type":"post","link":"https:\/\/luxiders.com\/es\/como-esta-afectando-coronavirus-negocio-moda-sostenible\/","title":{"rendered":"\u00bfC\u00f3mo est\u00e1 afectando el Coronavirus al negocio de la Moda Sostenible?"},"content":{"rendered":"    <section id=\"textblock-block_4441cb4d111fc2dbd77b57e0ae8a2007\" class=\"section position-relative gp-block gp-textblock pt-0 pb-0\">\n        <div class=\"container\">\n            <div class=\"row g-0\">\n                <div class=\"col-lg-12 content\" data-aos=\"fade-in\" data-aos-duration=\"1000\">\n                                                                                    <div class=\"intro \">\n                            <p><em>Bill Gates dijo que la pr\u00f3xima cat\u00e1strofe no ser\u00eda una guerra, sino una pandemia. Parec\u00eda ciencia ficci\u00f3n, pero est\u00e1 sucediendo. Podr\u00edamos decir que el karma es b5tch y todo este Coronavirus es una se\u00f1al de qui\u00e9n es el jefe. Nosotros, los humanos, hemos estado contaminando implacablemente nuestra agua, tierra y aire, y ahora tenemos que detenernos en nuestro camino para sobrevivir. Estamos viviendo la historia a medida que se desarrolla. Es la historia que nuestros hijos estudiar\u00e1n en los libros, ipads o aulas virtuales. Covid-19 est\u00e1 aqu\u00ed y tenemos que respetar el #MeQuedoEnCasa. Pero, \u00bfc\u00f3mo est\u00e1 afectando el coronavirus al negocio de la moda sostenible?<\/em><\/p>\n                        <\/div>\n                                                                                                <\/div>\n            <\/div>\n        <\/div>\n    <\/section>\n    \n\n    <section id=\"newsletter-block_2c867bcee0b66eced1a5e56e7ca56fbd\" class=\"section position-relative gp-block gp-newsletter pt-0 pb-0 my-5\">\n        <div class=\"container\">\n            <div class=\"row g-0 pt-4 pb-3\">\n                <div class=\"col-lg-12 content text-center border pt-3\" data-aos=\"fade-in\" data-aos-duration=\"1000\">\n                                            <p><em>Para recibir el Newsletter de Luxiders Magazine,\u00a0<a href=\"https:\/\/landing.mailerlite.com\/webforms\/landing\/w2a1t0\" target=\"_blank\" rel=\"noopener\">suscr\u00edbete aqu\u00ed<\/a><\/em><\/p>\n                                    <\/div>\n            <\/div>\n        <\/div>\n    <\/section>\n    \n\n    <section id=\"media-block_8bff7be12b536d52b021f5305f67c306\" class=\"section position-relative gp-block gp-media pt-0 pb-0\">\n        <div class=\"container\">\n            <div class=\"row g-0\">\n                <div class=\"col-lg-12 content\" data-aos=\"fade-in\" data-aos-duration=\"1000\">\n                                        <p>&nbsp;<\/p>\n<p>Como una premonici\u00f3n, vimos muchas m\u00e1scaras en la \u00faltima edici\u00f3n del desfile de Neonyt AW2020 \/ 21. El tema era &#8220;Aire&#8221; y lo contaminado que estaba. Ahora forma parte de la historia. Desde que Covid-19 ha llegado a nuestras vidas, la contaminaci\u00f3n ha bajado. China, la llamada f\u00e1brica del mundo, est\u00e1 congelada, el estado de cuarentena de ciudades enteras y el paro de la producci\u00f3n en estas ciudades est\u00e1 cambiando el orden de las cosas. Muchos pa\u00edses europeos est\u00e1n siguiendo su ejemplo. Desde entonces, la calidad del aire ha mejorado dram\u00e1ticamente no solo debido a la parada en la fabricaci\u00f3n, sino tambi\u00e9n al hecho de que hay mucho menos tr\u00e1fico en las carreteras.<\/p>\n<p><a href=\"https:\/\/qz.com\/1812670\/a-design-trends-forecaster-calls-the-coronavirus-an-amazing-grace-for-the-planet\/?fbclid=IwAR3c5bUJtuNxjJ5EAskBWqDQXO3xU1cSCbERucmAPM3QuS3qkf3AWJ3LrI4\">Li Ederkoort<\/a>\u00a0 lo dijo muy claramente: &#8220;El virus ralentizar\u00e1 todo. Veremos un arresto en la fabricaci\u00f3n de bienes de consumo. Eso es terrible, pero de alguna manera, positivo porque necesitamos dejar de producir a ese ritmo. Necesitamos cambiar nuestro comportamiento para salvar el medio ambiente. Es casi como si el virus fuera una gracia incre\u00edble para el planeta&#8221;.<\/p>\n<p>MODA SOSTENIBLE: REACCIONES AL CORONAVIRUS<\/p>\n<p>La situaci\u00f3n est\u00e1 afectando a todos los sectores, y la moda no ha quedado al margen, por supuesto. Hemos visto el cierre de muchas tiendas, oficinas, incluso la interrupci\u00f3n del servicio online de grandes marcas sostenibles como Patagonia. Otros, como Lululemon, que regularmente organiza clases de entrenamiento en sus tiendas, las han cancelado y han reducido sus horas de operaci\u00f3n.<\/p>\n<p>Reformation ha cancelado sus eventos y visitas a f\u00e1bricas. Tambi\u00e9n ha cerrado sus tiendas aunque su comercio electr\u00f3nico permanece abierto. Everlane ha cerrado sus tiendas f\u00edsicas pero sigue ofreciendo sus productos online. La mayor\u00eda de ellos asegura que podr\u00e1n pagar a sus trabajadores aunque la producci\u00f3n y las compras est\u00e9n detenidas, pero todo depender\u00e1 de cu\u00e1nto dure esta crisis.<\/p>\n<p>Ecoalf est\u00e1 haciendo dos campa\u00f1as muy proactivas. Una de ellas comparte lecciones de cocina, sesiones de yoga y actividades para ni\u00f1os online. La otra tiene personas que les env\u00edan videos con el mensaje #Istayathome mientras usan sus productos. Esto est\u00e1 ayudando a transmitir el mensaje y a tener publicidad gratuita al mismo tiempo.<\/p>\n<p>&nbsp;<\/p>\n                                    <\/div>\n            <\/div>\n            <div class=\"row g-0\">\n                <div class=\"col-lg-6 \">\n                                                                                                                                                <figure class=\"mb-4 pt-lg-2 mb-lg-2 ps-lg-2 pe-lg-2\" data-aos=\"fade-up\" data-aos-duration=\"1000\"><div class=\"img-container\"><img loading=\"lazy\" decoding=\"async\" width=\"1200\" height=\"1800\" src=\"https:\/\/luxiders.com\/content\/uploads\/C_NeonytOAK_1029_2020011463947512_20200114111401.jpg\" class=\"img-fluid w-100\" alt=\"\" srcset=\"https:\/\/luxiders.com\/content\/uploads\/C_NeonytOAK_1029_2020011463947512_20200114111401.jpg 1200w, https:\/\/luxiders.com\/content\/uploads\/C_NeonytOAK_1029_2020011463947512_20200114111401-200x300.jpg 200w, https:\/\/luxiders.com\/content\/uploads\/C_NeonytOAK_1029_2020011463947512_20200114111401-768x1152.jpg 768w, https:\/\/luxiders.com\/content\/uploads\/C_NeonytOAK_1029_2020011463947512_20200114111401-683x1024.jpg 683w, https:\/\/luxiders.com\/content\/uploads\/C_NeonytOAK_1029_2020011463947512_20200114111401-1024x1536.jpg 1024w\" sizes=\"(max-width: 1200px) 100vw, 1200px\" \/><\/div><figcaption>BERLIN, GERMANY &#8211; JANUARY 14: A model wearing a coat by Suri x Saheli Women Collaboration, vest by Klaettermusen, hoodie by Stoffbruch, skirt by Gaya, leggings by Ambiletics, bag by Mimycri, socks by Falke and shoes &amp; gloves &amp; leg pieces by Vintage walks the runway at the Neonyt show during Berlin Fashion Week Autumn\/Winter 2020 at Kraftwerk Mitte on January 14, 2020 in Berlin, Germany. (Photo by Alexander Koerner\/Getty Images for MBFW)<\/figcaption><\/figure>                                                                                            <\/div>\n                                    <div class=\"col-lg-6\">\n                                                                                                                                                        <figure class=\"mb-4 pt-lg-2 mb-lg-2 ps-lg-2 pe-lg-2\" data-aos=\"fade-up\" data-aos-duration=\"1000\"><div class=\"img-container\"><img loading=\"lazy\" decoding=\"async\" width=\"1200\" height=\"1800\" src=\"https:\/\/luxiders.com\/content\/uploads\/C_Neonyt-2OAK_1451_2020011463947533_20200114073855.jpg\" class=\"img-fluid w-100\" alt=\"\" srcset=\"https:\/\/luxiders.com\/content\/uploads\/C_Neonyt-2OAK_1451_2020011463947533_20200114073855.jpg 1200w, https:\/\/luxiders.com\/content\/uploads\/C_Neonyt-2OAK_1451_2020011463947533_20200114073855-200x300.jpg 200w, https:\/\/luxiders.com\/content\/uploads\/C_Neonyt-2OAK_1451_2020011463947533_20200114073855-768x1152.jpg 768w, https:\/\/luxiders.com\/content\/uploads\/C_Neonyt-2OAK_1451_2020011463947533_20200114073855-683x1024.jpg 683w, https:\/\/luxiders.com\/content\/uploads\/C_Neonyt-2OAK_1451_2020011463947533_20200114073855-1024x1536.jpg 1024w\" sizes=\"(max-width: 1200px) 100vw, 1200px\" \/><\/div><figcaption>BERLIN, GERMANY &#8211; JANUARY 14: A model wearing a jacket by Wunderwerk, top by Falke, trousers by Reer 3, hat by Iriedaily, gloves by Biker-Zone, socks by Falke, shoes by Noah and shoe soles by For Ever walks the runway at the Neonyt show during Berlin Fashion Week Autumn\/Winter 2020 at Kraftwerk Mitte on January 14, 2020 in Berlin, Germany. (Photo by Alexander Koerner\/Getty Images for MBFW)<\/figcaption><\/figure>                                                                                                        <\/div>\n                                            <\/div>\n        <\/div>\n    <\/section>\n    \n\n    <section id=\"media-block_d5a11e7b33228e4b3c26bd5bfb47e1f8\" class=\"section position-relative gp-block gp-media pt-0 pb-0\">\n        <div class=\"container\">\n            <div class=\"row g-0\">\n                <div class=\"col-lg-12 content\" data-aos=\"fade-in\" data-aos-duration=\"1000\">\n                                        <p>&nbsp;<\/p>\n<div class=\"column mcb-column three-fifth column_visual \">\n<h3>LUJO SOSTENIBLE EN ESPERA<\/h3>\n<p>Las marcas de lujo tambi\u00e9n est\u00e1n sintiendo el dolor. <a href=\"https:\/\/luxiders.com\/es\/get-life-vivienne-westwood\/\" target=\"_blank\" rel=\"noopener\">Vivienne Westwood<\/a> ha enviado a todos sus empleados a casa y ha cerrado todas las tiendas f\u00edsicas en Europa y Estados Unidos. Ahora est\u00e1 ofreciendo env\u00edo internacional gratuito durante el brote para atraer tr\u00e1fico a su tienda online. La dise\u00f1adora, en un sincero IGTV, dice que quiere ayudar a &#8220;Save the World&#8221; y pagar\u00e1 a sus empleados por completo mientras dure esta crisis. La dise\u00f1adora muestra preocupaci\u00f3n por la duraci\u00f3n de esta crisis, pero tiene esperanzas. Acaba de terminar un nuevo manifiesto y nos invita a estar atentos para futuros desarrollos y acciones.<\/p>\n<p><a href=\"https:\/\/luxiders.com\/es\/como-de-sostenible-es-stella-mccartney\/\" target=\"_blank\" rel=\"noopener\">Stella McCartney<\/a> tambi\u00e9n est\u00e1 en autoaislamiento y env\u00eda un mensaje para hacer una pausa y ver las cosas de una manera diferente. La dise\u00f1adora env\u00eda amor, gratitud y fuerza a todos los que luchan contra el coronavirus. No hace mucho, en diciembre, estaban filmando en su f\u00e1brica en Italia. \u00bfQui\u00e9n hubiera pensado lo qu\u00e9 vendr\u00eda despu\u00e9s?<\/p>\n<\/div>\n<div class=\"column mcb-column one-fifth column_placeholder\">\n<div class=\"placeholder\"><\/div>\n<\/div>\n<div class=\"column mcb-column one column_placeholder\">\n<div class=\"placeholder\"><\/div>\n<\/div>\n<div class=\"column mcb-column one-fifth column_placeholder\">\n<div class=\"placeholder\"><\/div>\n<\/div>\n<div class=\"column mcb-column three-fifth column_image \">\n<div class=\"image_frame image_item scale-with-grid no_border\">\n<div class=\"image_wrapper\">\n<div class=\"mask\"><\/div>\n<p><a href=\"https:\/\/www.instagram.com\/p\/B9_tOtsJgtP\/\" target=\"_blank\" rel=\"noopener\"><img loading=\"lazy\" decoding=\"async\" class=\"scale-with-grid lazyloaded\" src=\"https:\/\/luxiders.com\/wp-content\/uploads\/2020\/03\/C_VI.jpg\" alt=\"news, coronavirus, covid 19, how is coronavirus affecting sustainable fashion business, how is coronavirus affecting sustainable business, coronavirus and sustainable brands, sustainable brands facing coronavirus, what are sustainable brands doing to face coronavirus, stella mccartney facing coronavirus, vivienne westwood coronavirus, sustainable magazine, magazine about sustainability, best news on sustainability, luxiders magazine, neonyt coronavirus, Ecoalf coronavirus, everlane coronavirus, patagonia coronavirus, reformation coronavirus\" width=\"669\" height=\"595\" data-src=\"https:\/\/luxiders.com\/wp-content\/uploads\/2020\/03\/C_VI.jpg\" \/><\/a><\/p>\n<p class=\"wp-caption-text\">Link in Image to Watch the Manifesto by Vivienne Westwood<\/p>\n<\/div>\n<\/div>\n<div class=\"column mcb-column one-fifth column_placeholder\">\n<div class=\"placeholder\"><\/div>\n<\/div>\n<div class=\"column mcb-column one column_placeholder\">\n<div class=\"placeholder\"><\/div>\n<\/div>\n<div class=\"column mcb-column one-fifth column_placeholder\">\n<div class=\"placeholder\"><\/div>\n<\/div>\n<div class=\"column mcb-column three-fifth column_image \">\n<div class=\"image_frame image_item scale-with-grid no_border\">\n<div class=\"image_wrapper\">\n<div class=\"mask\"><\/div>\n<p><a href=\"https:\/\/www.instagram.com\/p\/B99lhCZJZOk\/\"><img loading=\"lazy\" decoding=\"async\" class=\"scale-with-grid lazyloaded\" src=\"https:\/\/luxiders.com\/wp-content\/uploads\/2020\/03\/C_stella.jpg\" alt=\"news, coronavirus, covid 19, how is coronavirus affecting sustainable fashion business, how is coronavirus affecting sustainable business, coronavirus and sustainable brands, sustainable brands facing coronavirus, what are sustainable brands doing to face coronavirus, stella mccartney facing coronavirus, vivienne westwood coronavirus, sustainable magazine, magazine about sustainability, best news on sustainability, luxiders magazine, neonyt coronavirus, Ecoalf coronavirus, everlane coronavirus, patagonia coronavirus, reformation coronavirus\" width=\"813\" height=\"595\" data-src=\"https:\/\/luxiders.com\/wp-content\/uploads\/2020\/03\/C_stella.jpg\" \/><\/a><\/p>\n<p class=\"wp-caption-text\">Link in Image to Watch the message by Stella McCartney<\/p>\n<p>&nbsp;<\/p>\n<\/div>\n<\/div>\n<\/div>\n<\/div>\n                                    <\/div>\n            <\/div>\n            <div class=\"row g-0\">\n                <div class=\"col-lg-12 img-scaled\">\n                                    <\/div>\n                                            <\/div>\n        <\/div>\n    <\/section>\n    \n\n    <section id=\"textblock-block_a1f5bbde0fcaf743a7a6e02e3d0be3fa\" class=\"section position-relative gp-block gp-textblock pt-0 pb-0\">\n        <div class=\"container\">\n            <div class=\"row g-0\">\n                <div class=\"col-lg-12 content\" data-aos=\"fade-in\" data-aos-duration=\"1000\">\n                                                                                <p>&nbsp;<\/p>\n<h3>\u00bfEL NEGOCIO DE SIEMPRE?<\/h3>\n<p>De cualquier manera, con el muy necesario distanciamiento social, las compras van a llegar a nuevos m\u00ednimos. El impacto econ\u00f3mico solo se conocer\u00e1 una vez que todo esto pase, pero las predicciones dan miedo, por no decir mucho miedo. No solo habr\u00e1 grandes p\u00e9rdidas en el sector, sino tambi\u00e9n muchos empleos perdidos. Eso reducir\u00e1 el consumo y estaremos en una crisis econ\u00f3mica muy profunda.<\/p>\n<p>El brote del virus comenz\u00f3 en China y afect\u00f3 a muchas de las semanas de la moda que estaban a punto de ocurrir en Asia. La Semana de la Moda de Shanghai, la Semana de la Moda de China, la Se\u00fal y la Semana de la Moda de Tokio fueron canceladas o pospuestas hasta nuevo aviso. Despu\u00e9s se sumaron la Semana de la Moda de Mosc\u00fa y las Semanas nupciales en Nueva York, Londres e Italia.Con Hong Kong fuera de las apuestas recibiendo doble golpe con los disturbios sociales anteriores y ahora con el brote de Coronovirus. Esta situaci\u00f3n est\u00e1 dejando a muchos dise\u00f1adores emergentes sin la posibilidad de exhibir sus colecciones y ser conocidos por los compradores, la prensa y la industria.<\/p>\n<p>Algunos se est\u00e1n volviendo creativos haciendo peque\u00f1os shows con algunos de sus colegas dise\u00f1adores para luego transmitirlos online o tener material de video para compartir con sus distribuidores.<\/p>\n<p>En Italia, la situaci\u00f3n es muy triste. El coronavirus est\u00e1 afectando much\u00edsimo a la moda italiana, espec\u00edficamente la que se crea o produce en \u00e1rea cercana a Mil\u00e1n. Los eventos en el \u00e1rea se vieron afectados, pero a\u00fan m\u00e1s que eso, esa \u00e1rea es clave cuando se trata de la producci\u00f3n de art\u00edculos de lujo. Las f\u00e1bricas tambi\u00e9n est\u00e1n en cuarentena y eso podr\u00eda traducirse en una interrupci\u00f3n de la cadena de suministro. En cualquier caso, ya que se espera que el consumo disminuya, tal vez, ni siquiera lo notemos.<\/p>\n<p>En Espa\u00f1a, ACME (la Asociaci\u00f3n de Creadores de Moda de Espa\u00f1a) envi\u00f3 un comunicado en el dice: &#8220;La industria de la moda espa\u00f1ola se encuentra entre las m\u00e1s perjudicadas por esta crisis. El miedo a una recesi\u00f3n hace que la gente aplace sus compras de bienes y servicios que no son de primera necesidad, por lo que el consumo se retrae al m\u00ednimo. Podemos decir, que actualmente el nivel de ventas de las tiendas ha ca\u00eddo en casi un 90%&#8221;.<\/p>\n<p>Cuando se trata de eventos de moda sostenible, Copenhagen Fashion Summit anunci\u00f3 tambi\u00e9n su aplazamiento hasta octubre.<\/p>\n<p>&nbsp;<\/p>\n                                            <div class=\"highlighted mt-5 mt-lg-6 px-lg-5\">\n                            <p>&nbsp;<\/p>\n<p style=\"text-align: center;\"><em>El show l\u00edder en moda sostenible, Neonyt, no se cancela. Los organizadores suponen que la situaci\u00f3n se habr\u00e1 aliviado para finales de junio y que podr\u00e1n celebrar el evento seg\u00fan lo programado en un ambiente seguro, optimista y con visi\u00f3n de futuro en Tempelhof Berl\u00edn. Sin embargo, ya est\u00e1n trabajando\u00a0 en un plan B, por si acaso.<\/em><\/p>\n                        <\/div>\n                                                        <\/div>\n            <\/div>\n        <\/div>\n    <\/section>\n    \n\n    <section id=\"textblock-block_106a8ecc8657feaa21ce20d37042ba56\" class=\"section position-relative gp-block gp-textblock pt-0 pb-0\">\n        <div class=\"container\">\n            <div class=\"row g-0\">\n                <div class=\"col-lg-12 content\" data-aos=\"fade-in\" data-aos-duration=\"1000\">\n                                                                                <p>&nbsp;<\/p>\n<p>Sin embargo,\u00a0Neonyt, el centro global para la sostenibilidad, la moda y la innovaci\u00f3n, ha informado sobre el status quo de sus planes para su edici\u00f3n de este verano (30 de junio &#8211; 2 de julio de 2020) durante la Semana de la Moda de Berl\u00edn. &#8220;Nosotros, la gerencia de Messe Frankfurt, asumimos que la situaci\u00f3n se habr\u00e1 aliviado para finales de junio y que podremos celebrar el evento seg\u00fan lo programado en un ambiente seguro, optimista y con visi\u00f3n de futuro en Tempelhof Berlin. Sin embargo, tambi\u00e9n tenemos que admitir que es muy dif\u00edcil hacer predicciones sobre el futuro, incluso para los expertos. Por lo tanto, ya estamos trabajando entre bastidores en un plan B y estamos en contacto cercano con todos los participantes del mercado y las autoridades responsables en Berl\u00edn (&#8230;) Esperamos que una decisi\u00f3n final &#8211; en base a las regulaciones gubernamentales &#8211; se realizar\u00e1 a finales de abril en cuanto a si Neonyt se llevar\u00e1 a cabo seg\u00fan lo planeado, o si tendr\u00e1 que posponerse. La cancelaci\u00f3n de la feria Panorama no nos afecta en absoluto&#8221;.<\/p>\n<h3>UNA NOTA DE ESPERANZA<\/h3>\n<p>La cancelaci\u00f3n de los desfiles, el cierre de las tiendas y las f\u00e1bricas, y el hecho de que todos los expertos hablan de una crisis econ\u00f3mica sin precedentes despu\u00e9s de la pandemia no ayudan, pero puede darnos el impulso de pensar &#8220;out of the box&#8221;, ser creativos y encontrar mejores soluciones para nuestra industria. Se necesitaba un cambio hace mucho tiempo, pero tener el inter\u00e9s de los inversores en el coraz\u00f3n no estaba ayudando a cambiar los sistemas profundamente arraigados en los que trabaja la moda. Quiz\u00e1s ahora, tengamos f\u00e1bricas cercanas, quiz\u00e1s ahora produzcamos solo lo que se requiere. Quiz\u00e1s ahora podamos apreciar lo que es importante.<\/p>\n<p>Todo lo que estamos aprendiendo de la situaci\u00f3n en la que nos tiene el coronavirus podr\u00eda convertirse en una gran oportunidad. No solo para acercarnos a los miembros de nuestra familia, nuestros vecinos, nuestros colegas &#8230; sino tambi\u00e9n a las personas que no conocemos, como los trabajadores de la confecci\u00f3n en Asia, las familias de refugiados cansadas de ser rechazadas, a la Tierra que tendemos a olvidar porque estamos siempre ocupados en correr y correr.<\/p>\n<p>Esta situaci\u00f3n nos est\u00e1 dando tiempo para reducir la velocidad, reflexionar y volver a conectarnos con lo que realmente somos. Y nos est\u00e1 enfrentando con toda nuestra debilidad y nuestra fuerza, con todo nuestro miedo y empat\u00eda. Nos est\u00e1 demostrando que estamos conectados, entrelazados como hilos en un telar.<\/p>\n<p>Esperemos que aprovechemos esa conexi\u00f3n descubierta para hacer un buen uso de ella y hacer del mundo un lugar mejor de una vez por todas.<\/p>\n<p>&nbsp;<\/p>\n<p><img loading=\"lazy\" decoding=\"async\" class=\"alignleft\" src=\"https:\/\/luxiders.com\/wp-content\/uploads\/2020\/03\/AraceliGallego.jpg\" alt=\"AraceliGallego\" width=\"156\" height=\"156\" \/><\/p>\n<p><em><strong>+ Words:\u00a0Araceli Gallego<\/strong><\/em><\/p>\n<p><em>Speaker, Editor-in-Chief at\u00a0<a href=\"http:\/\/www.dubaifashionnews.com\/\">Dubai Fashion News<\/a>, and Founder of\u00a0<a href=\"https:\/\/www.goshopia.com\/\">Goshopia.com<\/a>: The Home of Slow &amp; Sustainable Fashion. Araceli Gallego is also Remake Ambassador, Slow Fashion World Changemaker and Fashion Revolution collaborator. She is becoming one of the prominent voices on sustainable fashion in the Middle East.<\/em><\/p>\n<div dir=\"ltr\"><\/div>\n                                                        <\/div>\n            <\/div>\n        <\/div>\n    <\/section>\n    ","protected":false},"excerpt":{"rendered":"","protected":false},"author":2,"featured_media":22104,"comment_status":"closed","ping_status":"closed","sticky":false,"template":"","format":"standard","meta":{"_acf_changed":false,"footnotes":""},"categories":[130],"tags":[3982,144,242,193],"class_list":{"0":"post-22114","1":"post","2":"type-post","3":"status-publish","4":"format-standard","5":"has-post-thumbnail","7":"category-moda-sostenible-lujo","8":"tag-coronavirus-es","9":"tag-ethical-fashion-es","10":"tag-sustainability-es","11":"tag-sustainable-fashion-es"},"acf":[],"yoast_head":"<title>\u00bfC\u00f3mo est\u00e1 afectando el Coronavirus al negocio de la Moda Sostenible?<\/title>\n<meta name=\"description\" content=\"Bill Gates dijo que la pr\u00f3xima cat\u00e1strofe no ser\u00eda una guerra, sino una pandemia. Parec\u00eda ciencia ficci\u00f3n, pero est\u00e1 sucediendo. Covid-19 est\u00e1 aqu\u00ed y tenemos que respetar el #MeQuedoEnCasa. Pero, \u00bfc\u00f3mo est\u00e1 afectando el coronavirus al negocio de la moda sostenible?\" \/>\n<meta name=\"robots\" content=\"index, follow, max-snippet:-1, max-image-preview:large, max-video-preview:-1\" \/>\n<link rel=\"canonical\" href=\"https:\/\/luxiders.com\/es\/como-esta-afectando-coronavirus-negocio-moda-sostenible\/\" \/>\n<meta property=\"og:locale\" content=\"es_ES\" \/>\n<meta property=\"og:type\" content=\"article\" \/>\n<meta property=\"og:title\" content=\"\u00bfC\u00f3mo est\u00e1 afectando el Coronavirus al negocio de la Moda Sostenible?\" \/>\n<meta property=\"og:description\" content=\"Bill Gates dijo que la pr\u00f3xima cat\u00e1strofe no ser\u00eda una guerra, sino una pandemia. Parec\u00eda ciencia ficci\u00f3n, pero est\u00e1 sucediendo. Covid-19 est\u00e1 aqu\u00ed y tenemos que respetar el #MeQuedoEnCasa. Pero, \u00bfc\u00f3mo est\u00e1 afectando el coronavirus al negocio de la moda sostenible?\" \/>\n<meta property=\"og:url\" content=\"https:\/\/luxiders.com\/es\/como-esta-afectando-coronavirus-negocio-moda-sostenible\/\" \/>\n<meta property=\"og:site_name\" content=\"Sustainable Fashion - Eco Design - Healthy Lifestyle - Luxiders Magazine\" \/>\n<meta property=\"article:published_time\" content=\"2020-03-23T05:48:00+00:00\" \/>\n<meta property=\"article:modified_time\" content=\"2023-04-17T11:29:18+00:00\" \/>\n<meta property=\"og:image\" content=\"https:\/\/luxiders.com\/content\/uploads\/C_Intro.jpg\" \/>\n\t<meta property=\"og:image:width\" content=\"1330\" \/>\n\t<meta property=\"og:image:height\" content=\"998\" \/>\n\t<meta property=\"og:image:type\" content=\"image\/jpeg\" \/>\n<meta name=\"author\" content=\"luxiders\" \/>\n<meta name=\"twitter:card\" content=\"summary_large_image\" \/>\n<meta name=\"twitter:label1\" content=\"Written by\" \/>\n\t<meta name=\"twitter:data1\" content=\"luxiders\" \/>\n<script type=\"application\/ld+json\" class=\"yoast-schema-graph\">{\"@context\":\"https:\/\/schema.org\",\"@graph\":[{\"@type\":\"Article\",\"@id\":\"https:\/\/luxiders.com\/es\/como-esta-afectando-coronavirus-negocio-moda-sostenible\/#article\",\"isPartOf\":{\"@id\":\"https:\/\/luxiders.com\/es\/como-esta-afectando-coronavirus-negocio-moda-sostenible\/\"},\"author\":{\"name\":\"luxiders\",\"@id\":\"https:\/\/luxiders.com\/es\/#\/schema\/person\/8632fa702ae2ce98f66c396254633de8\"},\"headline\":\"\u00bfC\u00f3mo est\u00e1 afectando el Coronavirus al negocio de la Moda Sostenible?\",\"datePublished\":\"2020-03-23T05:48:00+00:00\",\"dateModified\":\"2023-04-17T11:29:18+00:00\",\"mainEntityOfPage\":{\"@id\":\"https:\/\/luxiders.com\/es\/como-esta-afectando-coronavirus-negocio-moda-sostenible\/\"},\"wordCount\":12,\"publisher\":{\"@id\":\"https:\/\/luxiders.com\/es\/#organization\"},\"image\":{\"@id\":\"https:\/\/luxiders.com\/es\/como-esta-afectando-coronavirus-negocio-moda-sostenible\/#primaryimage\"},\"thumbnailUrl\":\"https:\/\/luxiders.com\/content\/uploads\/C_Intro.jpg\",\"keywords\":[\"coronavirus\",\"ethical fashion\",\"sustainability\",\"sustainable fashion\"],\"articleSection\":[\"Moda\"],\"inLanguage\":\"es-ES\"},{\"@type\":\"WebPage\",\"@id\":\"https:\/\/luxiders.com\/es\/como-esta-afectando-coronavirus-negocio-moda-sostenible\/\",\"url\":\"https:\/\/luxiders.com\/es\/como-esta-afectando-coronavirus-negocio-moda-sostenible\/\",\"name\":\"\u00bfC\u00f3mo est\u00e1 afectando el Coronavirus al negocio de la Moda Sostenible?\",\"isPartOf\":{\"@id\":\"https:\/\/luxiders.com\/es\/#website\"},\"primaryImageOfPage\":{\"@id\":\"https:\/\/luxiders.com\/es\/como-esta-afectando-coronavirus-negocio-moda-sostenible\/#primaryimage\"},\"image\":{\"@id\":\"https:\/\/luxiders.com\/es\/como-esta-afectando-coronavirus-negocio-moda-sostenible\/#primaryimage\"},\"thumbnailUrl\":\"https:\/\/luxiders.com\/content\/uploads\/C_Intro.jpg\",\"datePublished\":\"2020-03-23T05:48:00+00:00\",\"dateModified\":\"2023-04-17T11:29:18+00:00\",\"description\":\"Bill Gates dijo que la pr\u00f3xima cat\u00e1strofe no ser\u00eda una guerra, sino una pandemia. Parec\u00eda ciencia ficci\u00f3n, pero est\u00e1 sucediendo. Covid-19 est\u00e1 aqu\u00ed y tenemos que respetar el #MeQuedoEnCasa. Pero, \u00bfc\u00f3mo est\u00e1 afectando el coronavirus al negocio de la moda sostenible?\",\"breadcrumb\":{\"@id\":\"https:\/\/luxiders.com\/es\/como-esta-afectando-coronavirus-negocio-moda-sostenible\/#breadcrumb\"},\"inLanguage\":\"es-ES\",\"potentialAction\":[{\"@type\":\"ReadAction\",\"target\":[\"https:\/\/luxiders.com\/es\/como-esta-afectando-coronavirus-negocio-moda-sostenible\/\"]}]},{\"@type\":\"ImageObject\",\"inLanguage\":\"es-ES\",\"@id\":\"https:\/\/luxiders.com\/es\/como-esta-afectando-coronavirus-negocio-moda-sostenible\/#primaryimage\",\"url\":\"https:\/\/luxiders.com\/content\/uploads\/C_Intro.jpg\",\"contentUrl\":\"https:\/\/luxiders.com\/content\/uploads\/C_Intro.jpg\",\"width\":1330,\"height\":998,\"caption\":\"BERLIN, GERMANY - JANUARY 14: A model wearing a jacket by The North Face, dress by H\u00f8yem, bag by Ackermann and headband by Recto Verso walks the runway at the Neonyt show during Berlin Fashion Week Autumn\/Winter 2020 at Kraftwerk Mitte on January 14, 2020 in Berlin, Germany. (Photo by John Phillips\/Getty Images for MBFW)\"},{\"@type\":\"BreadcrumbList\",\"@id\":\"https:\/\/luxiders.com\/es\/como-esta-afectando-coronavirus-negocio-moda-sostenible\/#breadcrumb\",\"itemListElement\":[{\"@type\":\"ListItem\",\"position\":1,\"name\":\"Startseite\",\"item\":\"https:\/\/luxiders.com\/es\/\"},{\"@type\":\"ListItem\",\"position\":2,\"name\":\"Moda\",\"item\":\"https:\/\/luxiders.com\/es\/category\/moda-sostenible-lujo\/\"},{\"@type\":\"ListItem\",\"position\":3,\"name\":\"\u00bfC\u00f3mo est\u00e1 afectando el Coronavirus al negocio de la Moda Sostenible?\"}]},{\"@type\":\"WebSite\",\"@id\":\"https:\/\/luxiders.com\/es\/#website\",\"url\":\"https:\/\/luxiders.com\/es\/\",\"name\":\"Sustainable Fashion - Eco Design - Healthy Lifestyle - Luxiders Magazine\",\"description\":\"Luxiders is a sustainable luxury magazine highlighting the best stories about sustainable fashion, ethical fashion, eco-friendly design, green design, sustainable travel, natural beauty, organic beauty and healthy lifestyle. Know the best high-end, progressive and luxury sustainable brands and designers worldwide.\",\"publisher\":{\"@id\":\"https:\/\/luxiders.com\/es\/#organization\"},\"potentialAction\":[{\"@type\":\"SearchAction\",\"target\":{\"@type\":\"EntryPoint\",\"urlTemplate\":\"https:\/\/luxiders.com\/es\/?s={search_term_string}\"},\"query-input\":{\"@type\":\"PropertyValueSpecification\",\"valueRequired\":true,\"valueName\":\"search_term_string\"}}],\"inLanguage\":\"es-ES\"},{\"@type\":\"Organization\",\"@id\":\"https:\/\/luxiders.com\/es\/#organization\",\"name\":\"Sustainable Fashion - Eco Design - Healthy Lifestyle - Luxiders Magazine\",\"url\":\"https:\/\/luxiders.com\/es\/\",\"logo\":{\"@type\":\"ImageObject\",\"inLanguage\":\"es-ES\",\"@id\":\"https:\/\/luxiders.com\/es\/#\/schema\/logo\/image\/\",\"url\":\"https:\/\/luxiders.com\/content\/uploads\/lux-logo.svg\",\"contentUrl\":\"https:\/\/luxiders.com\/content\/uploads\/lux-logo.svg\",\"caption\":\"Sustainable Fashion - Eco Design - Healthy Lifestyle - Luxiders Magazine\"},\"image\":{\"@id\":\"https:\/\/luxiders.com\/es\/#\/schema\/logo\/image\/\"}},{\"@type\":\"Person\",\"@id\":\"https:\/\/luxiders.com\/es\/#\/schema\/person\/8632fa702ae2ce98f66c396254633de8\",\"name\":\"luxiders\",\"url\":\"https:\/\/luxiders.com\/es\/author\/luxiders\/\"}]}<\/script>","yoast_head_json":{"title":"\u00bfC\u00f3mo est\u00e1 afectando el Coronavirus al negocio de la Moda Sostenible?","description":"Bill Gates dijo que la pr\u00f3xima cat\u00e1strofe no ser\u00eda una guerra, sino una pandemia. Parec\u00eda ciencia ficci\u00f3n, pero est\u00e1 sucediendo. Covid-19 est\u00e1 aqu\u00ed y tenemos que respetar el #MeQuedoEnCasa. Pero, \u00bfc\u00f3mo est\u00e1 afectando el coronavirus al negocio de la moda sostenible?","robots":{"index":"index","follow":"follow","max-snippet":"max-snippet:-1","max-image-preview":"max-image-preview:large","max-video-preview":"max-video-preview:-1"},"canonical":"https:\/\/luxiders.com\/es\/como-esta-afectando-coronavirus-negocio-moda-sostenible\/","og_locale":"es_ES","og_type":"article","og_title":"\u00bfC\u00f3mo est\u00e1 afectando el Coronavirus al negocio de la Moda Sostenible?","og_description":"Bill Gates dijo que la pr\u00f3xima cat\u00e1strofe no ser\u00eda una guerra, sino una pandemia. Parec\u00eda ciencia ficci\u00f3n, pero est\u00e1 sucediendo. Covid-19 est\u00e1 aqu\u00ed y tenemos que respetar el #MeQuedoEnCasa. Pero, \u00bfc\u00f3mo est\u00e1 afectando el coronavirus al negocio de la moda sostenible?","og_url":"https:\/\/luxiders.com\/es\/como-esta-afectando-coronavirus-negocio-moda-sostenible\/","og_site_name":"Sustainable Fashion - Eco Design - Healthy Lifestyle - Luxiders Magazine","article_published_time":"2020-03-23T05:48:00+00:00","article_modified_time":"2023-04-17T11:29:18+00:00","og_image":[{"width":1330,"height":998,"url":"https:\/\/luxiders.com\/content\/uploads\/C_Intro.jpg","type":"image\/jpeg"}],"author":"luxiders","twitter_card":"summary_large_image","twitter_misc":{"Written by":"luxiders"},"schema":{"@context":"https:\/\/schema.org","@graph":[{"@type":"Article","@id":"https:\/\/luxiders.com\/es\/como-esta-afectando-coronavirus-negocio-moda-sostenible\/#article","isPartOf":{"@id":"https:\/\/luxiders.com\/es\/como-esta-afectando-coronavirus-negocio-moda-sostenible\/"},"author":{"name":"luxiders","@id":"https:\/\/luxiders.com\/es\/#\/schema\/person\/8632fa702ae2ce98f66c396254633de8"},"headline":"\u00bfC\u00f3mo est\u00e1 afectando el Coronavirus al negocio de la Moda Sostenible?","datePublished":"2020-03-23T05:48:00+00:00","dateModified":"2023-04-17T11:29:18+00:00","mainEntityOfPage":{"@id":"https:\/\/luxiders.com\/es\/como-esta-afectando-coronavirus-negocio-moda-sostenible\/"},"wordCount":12,"publisher":{"@id":"https:\/\/luxiders.com\/es\/#organization"},"image":{"@id":"https:\/\/luxiders.com\/es\/como-esta-afectando-coronavirus-negocio-moda-sostenible\/#primaryimage"},"thumbnailUrl":"https:\/\/luxiders.com\/content\/uploads\/C_Intro.jpg","keywords":["coronavirus","ethical fashion","sustainability","sustainable fashion"],"articleSection":["Moda"],"inLanguage":"es-ES"},{"@type":"WebPage","@id":"https:\/\/luxiders.com\/es\/como-esta-afectando-coronavirus-negocio-moda-sostenible\/","url":"https:\/\/luxiders.com\/es\/como-esta-afectando-coronavirus-negocio-moda-sostenible\/","name":"\u00bfC\u00f3mo est\u00e1 afectando el Coronavirus al negocio de la Moda Sostenible?","isPartOf":{"@id":"https:\/\/luxiders.com\/es\/#website"},"primaryImageOfPage":{"@id":"https:\/\/luxiders.com\/es\/como-esta-afectando-coronavirus-negocio-moda-sostenible\/#primaryimage"},"image":{"@id":"https:\/\/luxiders.com\/es\/como-esta-afectando-coronavirus-negocio-moda-sostenible\/#primaryimage"},"thumbnailUrl":"https:\/\/luxiders.com\/content\/uploads\/C_Intro.jpg","datePublished":"2020-03-23T05:48:00+00:00","dateModified":"2023-04-17T11:29:18+00:00","description":"Bill Gates dijo que la pr\u00f3xima cat\u00e1strofe no ser\u00eda una guerra, sino una pandemia. Parec\u00eda ciencia ficci\u00f3n, pero est\u00e1 sucediendo. Covid-19 est\u00e1 aqu\u00ed y tenemos que respetar el #MeQuedoEnCasa. Pero, \u00bfc\u00f3mo est\u00e1 afectando el coronavirus al negocio de la moda sostenible?","breadcrumb":{"@id":"https:\/\/luxiders.com\/es\/como-esta-afectando-coronavirus-negocio-moda-sostenible\/#breadcrumb"},"inLanguage":"es-ES","potentialAction":[{"@type":"ReadAction","target":["https:\/\/luxiders.com\/es\/como-esta-afectando-coronavirus-negocio-moda-sostenible\/"]}]},{"@type":"ImageObject","inLanguage":"es-ES","@id":"https:\/\/luxiders.com\/es\/como-esta-afectando-coronavirus-negocio-moda-sostenible\/#primaryimage","url":"https:\/\/luxiders.com\/content\/uploads\/C_Intro.jpg","contentUrl":"https:\/\/luxiders.com\/content\/uploads\/C_Intro.jpg","width":1330,"height":998,"caption":"BERLIN, GERMANY - JANUARY 14: A model wearing a jacket by The North Face, dress by H\u00f8yem, bag by Ackermann and headband by Recto Verso walks the runway at the Neonyt show during Berlin Fashion Week Autumn\/Winter 2020 at Kraftwerk Mitte on January 14, 2020 in Berlin, Germany. (Photo by John Phillips\/Getty Images for MBFW)"},{"@type":"BreadcrumbList","@id":"https:\/\/luxiders.com\/es\/como-esta-afectando-coronavirus-negocio-moda-sostenible\/#breadcrumb","itemListElement":[{"@type":"ListItem","position":1,"name":"Startseite","item":"https:\/\/luxiders.com\/es\/"},{"@type":"ListItem","position":2,"name":"Moda","item":"https:\/\/luxiders.com\/es\/category\/moda-sostenible-lujo\/"},{"@type":"ListItem","position":3,"name":"\u00bfC\u00f3mo est\u00e1 afectando el Coronavirus al negocio de la Moda Sostenible?"}]},{"@type":"WebSite","@id":"https:\/\/luxiders.com\/es\/#website","url":"https:\/\/luxiders.com\/es\/","name":"Sustainable Fashion - Eco Design - Healthy Lifestyle - Luxiders Magazine","description":"Luxiders is a sustainable luxury magazine highlighting the best stories about sustainable fashion, ethical fashion, eco-friendly design, green design, sustainable travel, natural beauty, organic beauty and healthy lifestyle. Know the best high-end, progressive and luxury sustainable brands and designers worldwide.","publisher":{"@id":"https:\/\/luxiders.com\/es\/#organization"},"potentialAction":[{"@type":"SearchAction","target":{"@type":"EntryPoint","urlTemplate":"https:\/\/luxiders.com\/es\/?s={search_term_string}"},"query-input":{"@type":"PropertyValueSpecification","valueRequired":true,"valueName":"search_term_string"}}],"inLanguage":"es-ES"},{"@type":"Organization","@id":"https:\/\/luxiders.com\/es\/#organization","name":"Sustainable Fashion - Eco Design - Healthy Lifestyle - Luxiders Magazine","url":"https:\/\/luxiders.com\/es\/","logo":{"@type":"ImageObject","inLanguage":"es-ES","@id":"https:\/\/luxiders.com\/es\/#\/schema\/logo\/image\/","url":"https:\/\/luxiders.com\/content\/uploads\/lux-logo.svg","contentUrl":"https:\/\/luxiders.com\/content\/uploads\/lux-logo.svg","caption":"Sustainable Fashion - Eco Design - Healthy Lifestyle - Luxiders Magazine"},"image":{"@id":"https:\/\/luxiders.com\/es\/#\/schema\/logo\/image\/"}},{"@type":"Person","@id":"https:\/\/luxiders.com\/es\/#\/schema\/person\/8632fa702ae2ce98f66c396254633de8","name":"luxiders","url":"https:\/\/luxiders.com\/es\/author\/luxiders\/"}]}},"_links":{"self":[{"href":"https:\/\/luxiders.com\/es\/wp-json\/wp\/v2\/posts\/22114","targetHints":{"allow":["GET"]}}],"collection":[{"href":"https:\/\/luxiders.com\/es\/wp-json\/wp\/v2\/posts"}],"about":[{"href":"https:\/\/luxiders.com\/es\/wp-json\/wp\/v2\/types\/post"}],"author":[{"embeddable":true,"href":"https:\/\/luxiders.com\/es\/wp-json\/wp\/v2\/users\/2"}],"replies":[{"embeddable":true,"href":"https:\/\/luxiders.com\/es\/wp-json\/wp\/v2\/comments?post=22114"}],"version-history":[{"count":2,"href":"https:\/\/luxiders.com\/es\/wp-json\/wp\/v2\/posts\/22114\/revisions"}],"predecessor-version":[{"id":22120,"href":"https:\/\/luxiders.com\/es\/wp-json\/wp\/v2\/posts\/22114\/revisions\/22120"}],"wp:featuredmedia":[{"embeddable":true,"href":"https:\/\/luxiders.com\/es\/wp-json\/wp\/v2\/media\/22104"}],"wp:attachment":[{"href":"https:\/\/luxiders.com\/es\/wp-json\/wp\/v2\/media?parent=22114"}],"wp:term":[{"taxonomy":"category","embeddable":true,"href":"https:\/\/luxiders.com\/es\/wp-json\/wp\/v2\/categories?post=22114"},{"taxonomy":"post_tag","embeddable":true,"href":"https:\/\/luxiders.com\/es\/wp-json\/wp\/v2\/tags?post=22114"}],"curies":[{"name":"wp","href":"https:\/\/api.w.org\/{rel}","templated":true}]}}