{"id":2255,"date":"2020-06-09T13:33:00","date_gmt":"2020-06-09T11:33:00","guid":{"rendered":"http:\/\/luxiders.com.w01cc729.kasserver.com\/?p=2255"},"modified":"2023-01-16T14:40:47","modified_gmt":"2023-01-16T13:40:47","slug":"diversidad-inclusividad-moda","status":"publish","type":"post","link":"https:\/\/luxiders.com\/es\/diversidad-inclusividad-moda\/","title":{"rendered":"Diversidad e Inclusividad en la industria de la moda"},"content":{"rendered":"    <section id=\"textblock-block_1447b6fc7f33d2e769c570cc597b0f5f\" class=\"section position-relative gp-block gp-textblock text-center pt-0 pb-5\">\n        <div class=\"container\">\n            <div class=\"row g-0\">\n                <div class=\"col-lg-12 content\" data-aos=\"fade-in\" data-aos-duration=\"1000\">\n                                                                                    <div class=\"intro px-lg-8\">\n                            <p style=\"text-align: center;\">Tras ser testigos de los incidentes de racismo en Estados Unidos, como sociedad, tenemos el deber de explorar a las instituciones e industrias que apoyamos, como es el caso de las marcas de moda que compramos, y elevar las voces negras dentro de ellas. Pero tambi\u00e9n debemos exigir un cambio real dentro de la industria de la moda. Estudiamos a continuaci\u00f3n la diversidad e inclusi\u00f3n en la industria de la moda. A pesar de ser un sector elogiado por ser m\u00e1s diverso en los \u00faltimos a\u00f1os, todav\u00eda est\u00e1 lejos de ser inclusivo. Ambos t\u00e9rminos tienen significados diferentes. Los estudiamos.<\/p>\n                        <\/div>\n                                                                                                <\/div>\n            <\/div>\n        <\/div>\n    <\/section>\n    \n\n    <section id=\"newsletter-block_8b998b9a4ff760e9c76edd6cb9c9876b\" class=\"section position-relative gp-block gp-newsletter pt-0 pb-0 my-5\">\n        <div class=\"container\">\n            <div class=\"row g-0 pt-4 pb-3\">\n                <div class=\"col-lg-12 content text-center border pt-3\" data-aos=\"fade-in\" data-aos-duration=\"1000\">\n                                            <p><em>Para recibir el Newsletter de Luxiders Magazine,\u00a0<a href=\"https:\/\/landing.mailerlite.com\/webforms\/landing\/w2a1t0\" target=\"_blank\" rel=\"noopener\">suscr\u00edbete aqu\u00ed<\/a><\/em><\/p>\n                                    <\/div>\n            <\/div>\n        <\/div>\n    <\/section>\n    \n\n    <section id=\"textblock-block_b70c0b1a18520c12a3548594c1c5ed1c\" class=\"section position-relative gp-block gp-textblock pt-0 pb-0\">\n        <div class=\"container\">\n            <div class=\"row g-0\">\n                <div class=\"col-lg-12 content\" data-aos=\"fade-in\" data-aos-duration=\"1000\">\n                                                                                <p class=\"p1\" style=\"text-align: left;\">Diversidad e inclusividad son los dos t\u00e9rminos principales que se utilizan actualmente para discutir el progreso de la industria de la moda, o de cualquier industria. Sin embargo, a menudo se mezclan o se confunden. Hay quien piensa que significan lo mismo. En este estudio exploramos las definiciones de ambos y c\u00f3mo est\u00e1n dibujando el futuro de la industria de la moda.<\/p>\n                                            <div class=\"highlighted mt-5 mt-lg-6 px-lg-5\">\n                            <p style=\"text-align: center;\">\u00bfPor qu\u00e9 la moda tiene un papel que jugar en la igualdad racial? Porque es una de las industrias m\u00e1s grandes del mundo; un sector que representa la auto-expresi\u00f3n y la creatividad. La moda no solo vende prendas, vende autoestima e identidad personal.<\/p>\n                        <\/div>\n                                                        <\/div>\n            <\/div>\n        <\/div>\n    <\/section>\n    \n\n    <section id=\"textblock-block_345ee1c2ac85abb8ca8ace81b76cbbc2\" class=\"section position-relative gp-block gp-textblock pt-0 pb-0\">\n        <div class=\"container\">\n            <div class=\"row g-0\">\n                <div class=\"col-lg-12 content\" data-aos=\"fade-in\" data-aos-duration=\"1000\">\n                                                                                <p>&nbsp;<br \/>\nDicho esto, est\u00e1 claro que la moda no puede cumplir su verdadero deber como forma de arte si no es diversa e inclusiva. Para que haya un cambio real, cada parte de la sociedad debe reformarse. En este sentido, debemos se\u00f1alar que la moda es conocida por tener una mala reputaci\u00f3n en relaci\u00f3n al racismo.<\/p>\n<p>&nbsp;<\/p>\n<h2>DIVERSIDAD EN LA MODA<\/h2>\n<p>Diversidad significa &#8220;la mezcla&#8221; de algo. Es la diferencia dentro de un grupo de personas. Esa diferencia puede ser de g\u00e9nero, sexualidad, discapacidad, imagen corporal &#8230; Sin embargo, este art\u00edculo solo se centrar\u00e1 en los detalles de la raza dentro de la industria de la moda. En la industria de la moda, la diversidad se puede medir analizando la publicidad y las personas que son elegidas para representar a una marca en sus campa\u00f1as de publicidad o en sus pasarelas.<\/p>\n<p>Fashion Spot ha llevado a cabo muchas encuestas y estudios sobre la escena cambiante de la publicidad en el sector de la moda. No hace mucho, informaron que <a href=\"https:\/\/www.thefashionspot.com\/runway-news\/844823-diversity-report-fall-2019-ad-campaigns\/\" target=\"_blank\" rel=\"noopener\">de los 529 modelos presentados en las campa\u00f1as de moda en primavera de 2019, el 34.50% eran modelos negros<\/a>.Del mismo modo, un a\u00f1o despu\u00e9s, <a href=\"https:\/\/www.thefashionspot.com\/runway-news\/847460-diversity-report-fashion-month-spring-2020\/\" target=\"_blank\" rel=\"noopener\">en la Semana de la Moda Primavera Verano 2020 de Nueva York, el 47% de los modelos que caminaban por la pasarela eran negros<\/a>. Esto supone un progreso si lo comparamos con los datos recogidos por the Fashion Spot cuando comenz\u00f3 a registrar estos n\u00fameros en 2015, a\u00f1o en el que apunt\u00f3 que solo un 17% de las modelos en la pasarela eran negras.<\/p>\n<p>Las campa\u00f1as de moda parecen estar avanzando en la direcci\u00f3n correcta, hacia una representaci\u00f3n m\u00e1s diversa. Las marcas de moda, en general, quieren ser vistas por el p\u00fablico como m\u00e1s progresivas y actualizan su imagen para mantenerse al d\u00eda con el cambio social. La publicidad es extremadamente importante. Es una demostraci\u00f3n de lo que es bonito, \u00fanico, algo para celebrar. Debe ser diversa en todos los aspectos para atraer y representar verdaderamente a la sociedad. Sin embargo, a veces puede ser dif\u00edcil detectar el cambio real. Por ejemplo, en la pasarela de Prada de oto\u00f1o de 2018, Anok Yai hizo historia como la primera modelo negra en abrir un show de Prada en 20 a\u00f1os. Pero, \u00bfdeber\u00eda Prada ser aplaudida realmente por esto? Todos conocemos el pasado problem\u00e1tico de Prada, a saber, los objetos &#8220;Pradamalia&#8221; que evocaban al racismo en diciembre de 2018. Por eso nos preguntamos: \u00bfpuede considerarse que si una modelo negra abre su show, Prada est\u00e1 mostrando un progreso?<\/p>\n                                            <div class=\"highlighted mt-5 mt-lg-6 px-lg-5\">\n                            <p style=\"text-align: center;\">En la pasarela de Prada de oto\u00f1o de 2018, Anok Yai hizo historia como la primera modelo negra en abrir un show de Prada en 20 a\u00f1os.<\/p>\n                        <\/div>\n                                                        <\/div>\n            <\/div>\n        <\/div>\n    <\/section>\n    \n\n    <section id=\"media-block_802846e46c52f68a358bd03c9e22e072\" class=\"section position-relative gp-block gp-media pt-0 pb-0\">\n        <div class=\"container\">\n            <div class=\"row g-0\">\n                <div class=\"col-lg-12 content\" data-aos=\"fade-in\" data-aos-duration=\"1000\">\n                                        <p>&nbsp;<br \/>\n&nbsp;<br \/>\nAqu\u00ed es donde la inclusi\u00f3n se vuelve extremadamente importante: el cambio real es mucho m\u00e1s profundo que solo tener personas negras en una campa\u00f1a publicitaria o en una pasarela. Las modelos pueden representar una imagen de la compa\u00f1\u00eda; y es importante ver modelos de color en estas campa\u00f1as. Pero, no tienen ning\u00fan aporte ni control sobre lo que esa compa\u00f1\u00eda realmente produce.<\/p>\n                                    <\/div>\n            <\/div>\n            <div class=\"row g-0\">\n                <div class=\"col-lg-12 img-scaled\">\n                                                                                                                                                <figure class=\"mb-4 pt-lg-5 mb-lg-5 ps-lg-0 pe-lg-0\" data-aos=\"fade-up\" data-aos-duration=\"1000\"><div class=\"img-container\"><img loading=\"lazy\" decoding=\"async\" width=\"1200\" height=\"612\" src=\"https:\/\/luxiders.com\/content\/uploads\/blackwashn.jpg\" class=\"img-fluid w-100\" alt=\"\" srcset=\"https:\/\/luxiders.com\/content\/uploads\/blackwashn.jpg 1200w, https:\/\/luxiders.com\/content\/uploads\/blackwashn-300x153.jpg 300w, https:\/\/luxiders.com\/content\/uploads\/blackwashn-1024x522.jpg 1024w, https:\/\/luxiders.com\/content\/uploads\/blackwashn-768x392.jpg 768w\" sizes=\"(max-width: 1200px) 100vw, 1200px\" \/><\/div><figcaption>\u00a9 Flaunter<\/figcaption><\/figure>                                                                                            <\/div>\n                                            <\/div>\n        <\/div>\n    <\/section>\n    \n\n    <section id=\"media-block_f5648a30f301a9b4d271fe03a6ea211b\" class=\"section position-relative gp-block gp-media pt-0 pb-0\">\n        <div class=\"container\">\n            <div class=\"row g-0\">\n                <div class=\"col-lg-12 content\" data-aos=\"fade-in\" data-aos-duration=\"1000\">\n                                        <h3>INCLUSIVIDAD EN LA MODA<\/h3>\n<p>Naomi Campbell dijo en una <a href=\"https:\/\/twitter.com\/i\/broadcasts\/1yNGapnAnwdKj\" target=\"_blank\" rel=\"noopener\">Conferencia del Wall Street Journal en 2019<\/a>: &#8220;[la diversidad] necesita ser m\u00e1s profunda&#8230; Queremos verla dentro de las compa\u00f1\u00edas reales, en las oficinas, \u00bftendr\u00e1n un sitio en el departamento asesor? \u00bfpueden ser parte de los proyectos que haces? &#8230; Tenemos que implantar la diversidad detr\u00e1s del escritorio&#8221;. Lo que Campbell est\u00e1 pidiendo es &#8220;inclusividad&#8221;.<\/p>\n<p>La inclusi\u00f3n es &#8220;un clima en el que diversas personas se unen para formar un todo colectivo, permitiendo y capacitando a las personas para que hagan contribuciones consistentes con sus creencias y antecedentes&#8221;. Es la definici\u00f3n creada por el estudio\u00a0<a href=\"https:\/\/www.pvh.com\/~\/media\/PVH\/Files\/News\/CFDA_PVH_Dagoba_ID_Briefing.ashx?la=en\" target=\"_blank\" rel=\"noopener\">\u00a0Insider \/ Outsider en enero de 2019<\/a>. Es, exactamente , el siguiente paso que Campbell estaba describiendo. Muchas marcas pueden emplear personas de diferentes razas, o presentarlas en pasarelas o campa\u00f1as publicitarias, y eso se considera un aspecto de la diversidad. Sin embargo, la inclusi\u00f3n no se trata de si est\u00e1n empleados, sino m\u00e1s bien, si pueden tener un aporte influyente en la empresa o si tienen una voz influyente en la industria de la moda.<\/p>\n<p>En 2018, Lindsay Peoples Wagner escribi\u00f3 un art\u00edculo titulado <a href=\"https:\/\/www.thecut.com\/2018\/08\/what-its-really-like-to-be-black-and-work-in-fashion.html\" target=\"_blank\" rel=\"noopener\">&#8220;Lo que realmente es ser negro y trabajar de moda&#8221;<\/a> para The Cut. El art\u00edculo es una visi\u00f3n honesta del racismo, y describe la din\u00e1mica de las personas negras que trabajan en la industria de la moda: &#8220;Nunca ha habido m\u00e1s de uno o dos editores jefe negros de las principales revistas de los Estados Unidos, y solo un dise\u00f1ador negro&#8221; liderando una importante marca de moda estadounidense. Y, hasta <a href=\"https:\/\/www.thecut.com\/2018\/08\/tyler-mitchell-photographer.html\" target=\"_blank\" rel=\"noopener\">este mes [agosto de 2018], ning\u00fan fot\u00f3grafo negro hab\u00eda filmado la portada de Vogue<\/a>.Solo 15 de los 495 miembros de CFDA son negros, y <a href=\"https:\/\/www.essence.com\/fashion\/fashion-week\/here-are-the-black-designers-showcasing-during-nyfw\/\" target=\"_blank\" rel=\"noopener\">solo diez dise\u00f1adores negros han ganado un premio CFDA o CFDA \/ Vogue Fashion Fund<\/a> &#8230; Menos del 10% de los 146 dise\u00f1adores de moda que se presentaron en los principales desfiles de oto\u00f1o de 2018 en la Semana de la Moda de York era negra &#8230; \u201dIncluso en la Semana de la Moda de Nueva York 2020 solo se presentaron 9 dise\u00f1adores negros, a pesar de que hab\u00eda m\u00e1s de 80 eventos y espect\u00e1culos que tuvieron lugar durante la semana; seg\u00fan se enumera en el sitio web oficial del horario de NYFW.<\/p>\n<p>Aparte del progreso lento pero constante de presentar modelos negros, que en s\u00ed mismo es genial, pero tambi\u00e9n ha estado plagado de oposici\u00f3n racista, no parece haber mucho m\u00e1s progreso racial en las semanas de la moda, o incluso, en la industria. Hay muchos roles importantes que dan forma a la industria de la moda y estas estad\u00edsticas muestran que las personas negras casi nunca se consideran seriamente para cumplir esos roles. La diversidad muestra una demostraci\u00f3n de progreso, pero cuando se mira m\u00e1s profundamente no parece haber mucho.<\/p>\n<p>Ha habido dos cambios en los \u00faltimos a\u00f1os que muestran una esperanza en t\u00e9rminos de inclusividad; Virgil Abloh fue nombrado Director Art\u00edstico de Ropa Masculina en Louis Vuitton y Edward Enninful como Editor Jefe de British Vogue. Ambos permiten que las voces raciales no solo se escuchen sino que influyan en estas dos instituciones de la moda.<\/p>\n                                    <\/div>\n            <\/div>\n            <div class=\"row g-0\">\n                <div class=\"col-lg-12 img-scaled\">\n                                                                                                                                                <figure class=\"mb-4 pt-lg-5 mb-lg-6 ps-lg-0 pe-lg-0\" data-aos=\"fade-up\" data-aos-duration=\"1000\"><div class=\"img-container\"><img loading=\"lazy\" decoding=\"async\" width=\"1086\" height=\"789\" src=\"https:\/\/luxiders.com\/content\/uploads\/inclusivity-fashion-luxiders-magazine-3.jpg\" class=\"img-fluid w-100\" alt=\"\" srcset=\"https:\/\/luxiders.com\/content\/uploads\/inclusivity-fashion-luxiders-magazine-3.jpg 1086w, https:\/\/luxiders.com\/content\/uploads\/inclusivity-fashion-luxiders-magazine-3-300x218.jpg 300w, https:\/\/luxiders.com\/content\/uploads\/inclusivity-fashion-luxiders-magazine-3-1024x744.jpg 1024w, https:\/\/luxiders.com\/content\/uploads\/inclusivity-fashion-luxiders-magazine-3-768x558.jpg 768w\" sizes=\"(max-width: 1086px) 100vw, 1086px\" \/><\/div><\/figure>                                                                                            <\/div>\n                                            <\/div>\n        <\/div>\n    <\/section>\n    \n\n    <section id=\"textblock-block_2c86d798955c3adb85a3b3997aaffca9\" class=\"section position-relative gp-block gp-textblock pt-0 pb-0\">\n        <div class=\"container\">\n            <div class=\"row g-0\">\n                <div class=\"col-lg-12 content\" data-aos=\"fade-in\" data-aos-duration=\"1000\">\n                                                                                <h3>\u00bfQU\u00c9 TOCA AHORA?<\/h3>\n<p>Este art\u00edculo muestra que lo que debe suceder ahora en la industria de la moda es la inclusi\u00f3n, y que la inclusi\u00f3n no es lo mismo que la diversidad. La diversidad es importante pero no es suficiente. En el art\u00edculo de Wagner, ella tambi\u00e9n describi\u00f3 un incidente en el que una modelo negra fue rechazada de una sesi\u00f3n de fotos porque &#8220;no hab\u00eda equipo de peluquer\u00eda y maquillaje capacitado para peinar a una modelo negra&#8221;. Este incidente muestra que contratar modelos negros no es suficiente si la infraestructura en la industria no est\u00e1 construida para acomodarlos. Este incidente solo muestra la necesidad de una revisi\u00f3n completa de la infraestructura en todos los aspectos de la industria de la moda.<\/p>\n<p>Sin embargo, aunque gran parte de ese cambio depende de la propia industria, hay muchas formas de lograr el cambio. Como consumidor hay mucho poder. Ya no podemos estar satisfechos con la publicidad; nosotros como consumidores necesitamos investigar las marcas en las que estamos invirtiendo nuestro dinero y nuestro apoyo. Pero lo m\u00e1s importante, fuera de las grandes marcas, necesitamos apoyar a las marcas y dise\u00f1adores negros. Necesitamos llamar la atenci\u00f3n sobre sus talentos y su voz; necesitamos demostrar que su visi\u00f3n cultural y su contribuci\u00f3n a la moda son importantes para encontrar un equilibrio en la industria. Debemos de apoyar a marcas en manos de empresarios negros y dise\u00f1adores como Off-White, Mowalola, Christoper John Rogers, Fenty, Cushnie, Thebe Magugu, Pyer Moss, Hanifa &#8230; Hay muchos m\u00e1s: casi todas las revistas de moda ahora est\u00e1n publicando una lista de sus favoritos. Pero tambi\u00e9n, debemos darnos cuenta de sus contribuciones hist\u00f3ricas a la moda, como Dapper Dan y Willi Smith.<\/p>\n<p>A ra\u00edz de las protestas por la igualdad negra que tienen lugar en todo el mundo, ha habido un gran apoyo por parte de muchas marcas. La muestra de apoyo ha sido mayor que nunca, sin precedentes hace una d\u00e9cada. Sin embargo, el cambio real va m\u00e1s all\u00e1 de la imagen p\u00fablica y la industria de la moda est\u00e1, en gran medida, controlada por los patrones del consumismo: los consumidores deben informar a las marcas qu\u00e9 significa realmente la inclusi\u00f3n.<br \/>\n&nbsp;<br \/>\n&nbsp;<\/p>\n                                                        <\/div>\n            <\/div>\n        <\/div>\n    <\/section>\n    ","protected":false},"excerpt":{"rendered":"","protected":false},"author":2,"featured_media":2258,"comment_status":"closed","ping_status":"closed","sticky":false,"template":"","format":"standard","meta":{"_acf_changed":false,"footnotes":""},"categories":[130],"tags":[702,701,703,704],"class_list":{"0":"post-2255","1":"post","2":"type-post","3":"status-publish","4":"format-standard","5":"has-post-thumbnail","7":"category-moda-sostenible-lujo","8":"tag-black-models-in-fashion","9":"tag-diversidad-e-inclusividad","10":"tag-sustainable-culture-2","11":"tag-vogue-inclusivity"},"acf":[],"yoast_head":"<title>Diversidad e Inclusividad en la industria de la moda | Luxiders Magazine<\/title>\n<meta name=\"description\" content=\"A pesar de ser un sector elogiado por ser m\u00e1s diverso en los \u00faltimos a\u00f1os, todav\u00eda est\u00e1 lejos de ser inclusivo.\" \/>\n<meta name=\"robots\" content=\"index, follow, max-snippet:-1, max-image-preview:large, max-video-preview:-1\" \/>\n<link rel=\"canonical\" href=\"https:\/\/luxiders.com\/es\/diversidad-inclusividad-moda\/\" \/>\n<meta property=\"og:locale\" content=\"es_ES\" \/>\n<meta property=\"og:type\" content=\"article\" \/>\n<meta property=\"og:title\" content=\"Diversidad e Inclusividad en la industria de la moda | Luxiders Magazine\" \/>\n<meta property=\"og:description\" content=\"A pesar de ser un sector elogiado por ser m\u00e1s diverso en los \u00faltimos a\u00f1os, todav\u00eda est\u00e1 lejos de ser inclusivo.\" \/>\n<meta property=\"og:url\" content=\"https:\/\/luxiders.com\/es\/diversidad-inclusividad-moda\/\" \/>\n<meta property=\"og:site_name\" content=\"Sustainable Fashion - Eco Design - Healthy Lifestyle - Luxiders Magazine\" \/>\n<meta property=\"article:published_time\" content=\"2020-06-09T11:33:00+00:00\" \/>\n<meta property=\"article:modified_time\" content=\"2023-01-16T13:40:47+00:00\" \/>\n<meta property=\"og:image\" content=\"https:\/\/luxiders.com\/content\/uploads\/Inclusivity-fashion-luxiders-magazine-4-1.jpg\" \/>\n\t<meta property=\"og:image:width\" content=\"1228\" \/>\n\t<meta property=\"og:image:height\" content=\"757\" \/>\n\t<meta property=\"og:image:type\" content=\"image\/jpeg\" \/>\n<meta name=\"author\" content=\"luxiders\" \/>\n<meta name=\"twitter:card\" content=\"summary_large_image\" \/>\n<meta name=\"twitter:label1\" content=\"Written by\" \/>\n\t<meta name=\"twitter:data1\" content=\"luxiders\" \/>\n<script type=\"application\/ld+json\" class=\"yoast-schema-graph\">{\"@context\":\"https:\/\/schema.org\",\"@graph\":[{\"@type\":\"Article\",\"@id\":\"https:\/\/luxiders.com\/es\/diversidad-inclusividad-moda\/#article\",\"isPartOf\":{\"@id\":\"https:\/\/luxiders.com\/es\/diversidad-inclusividad-moda\/\"},\"author\":{\"name\":\"luxiders\",\"@id\":\"https:\/\/luxiders.com\/es\/#\/schema\/person\/8632fa702ae2ce98f66c396254633de8\"},\"headline\":\"Diversidad e Inclusividad en la industria de la moda\",\"datePublished\":\"2020-06-09T11:33:00+00:00\",\"dateModified\":\"2023-01-16T13:40:47+00:00\",\"mainEntityOfPage\":{\"@id\":\"https:\/\/luxiders.com\/es\/diversidad-inclusividad-moda\/\"},\"wordCount\":9,\"publisher\":{\"@id\":\"https:\/\/luxiders.com\/es\/#organization\"},\"image\":{\"@id\":\"https:\/\/luxiders.com\/es\/diversidad-inclusividad-moda\/#primaryimage\"},\"thumbnailUrl\":\"https:\/\/luxiders.com\/content\/uploads\/Inclusivity-fashion-luxiders-magazine-4-1.jpg\",\"keywords\":[\"black models in fashion\",\"diversidad e inclusividad\",\"sustainable culture\",\"vogue inclusivity\"],\"articleSection\":[\"Moda\"],\"inLanguage\":\"es-ES\"},{\"@type\":\"WebPage\",\"@id\":\"https:\/\/luxiders.com\/es\/diversidad-inclusividad-moda\/\",\"url\":\"https:\/\/luxiders.com\/es\/diversidad-inclusividad-moda\/\",\"name\":\"Diversidad e Inclusividad en la industria de la moda | Luxiders Magazine\",\"isPartOf\":{\"@id\":\"https:\/\/luxiders.com\/es\/#website\"},\"primaryImageOfPage\":{\"@id\":\"https:\/\/luxiders.com\/es\/diversidad-inclusividad-moda\/#primaryimage\"},\"image\":{\"@id\":\"https:\/\/luxiders.com\/es\/diversidad-inclusividad-moda\/#primaryimage\"},\"thumbnailUrl\":\"https:\/\/luxiders.com\/content\/uploads\/Inclusivity-fashion-luxiders-magazine-4-1.jpg\",\"datePublished\":\"2020-06-09T11:33:00+00:00\",\"dateModified\":\"2023-01-16T13:40:47+00:00\",\"description\":\"A pesar de ser un sector elogiado por ser m\u00e1s diverso en los \u00faltimos a\u00f1os, todav\u00eda est\u00e1 lejos de ser inclusivo.\",\"breadcrumb\":{\"@id\":\"https:\/\/luxiders.com\/es\/diversidad-inclusividad-moda\/#breadcrumb\"},\"inLanguage\":\"es-ES\",\"potentialAction\":[{\"@type\":\"ReadAction\",\"target\":[\"https:\/\/luxiders.com\/es\/diversidad-inclusividad-moda\/\"]}]},{\"@type\":\"ImageObject\",\"inLanguage\":\"es-ES\",\"@id\":\"https:\/\/luxiders.com\/es\/diversidad-inclusividad-moda\/#primaryimage\",\"url\":\"https:\/\/luxiders.com\/content\/uploads\/Inclusivity-fashion-luxiders-magazine-4-1.jpg\",\"contentUrl\":\"https:\/\/luxiders.com\/content\/uploads\/Inclusivity-fashion-luxiders-magazine-4-1.jpg\",\"width\":1228,\"height\":757},{\"@type\":\"BreadcrumbList\",\"@id\":\"https:\/\/luxiders.com\/es\/diversidad-inclusividad-moda\/#breadcrumb\",\"itemListElement\":[{\"@type\":\"ListItem\",\"position\":1,\"name\":\"Startseite\",\"item\":\"https:\/\/luxiders.com\/es\/\"},{\"@type\":\"ListItem\",\"position\":2,\"name\":\"Moda\",\"item\":\"https:\/\/luxiders.com\/es\/category\/moda-sostenible-lujo\/\"},{\"@type\":\"ListItem\",\"position\":3,\"name\":\"Diversidad e Inclusividad en la industria de la moda\"}]},{\"@type\":\"WebSite\",\"@id\":\"https:\/\/luxiders.com\/es\/#website\",\"url\":\"https:\/\/luxiders.com\/es\/\",\"name\":\"Sustainable Fashion - Eco Design - Healthy Lifestyle - Luxiders Magazine\",\"description\":\"Luxiders is a sustainable luxury magazine highlighting the best stories about sustainable fashion, ethical fashion, eco-friendly design, green design, sustainable travel, natural beauty, organic beauty and healthy lifestyle. Know the best high-end, progressive and luxury sustainable brands and designers worldwide.\",\"publisher\":{\"@id\":\"https:\/\/luxiders.com\/es\/#organization\"},\"potentialAction\":[{\"@type\":\"SearchAction\",\"target\":{\"@type\":\"EntryPoint\",\"urlTemplate\":\"https:\/\/luxiders.com\/es\/?s={search_term_string}\"},\"query-input\":{\"@type\":\"PropertyValueSpecification\",\"valueRequired\":true,\"valueName\":\"search_term_string\"}}],\"inLanguage\":\"es-ES\"},{\"@type\":\"Organization\",\"@id\":\"https:\/\/luxiders.com\/es\/#organization\",\"name\":\"Sustainable Fashion - Eco Design - Healthy Lifestyle - Luxiders Magazine\",\"url\":\"https:\/\/luxiders.com\/es\/\",\"logo\":{\"@type\":\"ImageObject\",\"inLanguage\":\"es-ES\",\"@id\":\"https:\/\/luxiders.com\/es\/#\/schema\/logo\/image\/\",\"url\":\"https:\/\/luxiders.com\/content\/uploads\/lux-logo.svg\",\"contentUrl\":\"https:\/\/luxiders.com\/content\/uploads\/lux-logo.svg\",\"caption\":\"Sustainable Fashion - Eco Design - Healthy Lifestyle - Luxiders Magazine\"},\"image\":{\"@id\":\"https:\/\/luxiders.com\/es\/#\/schema\/logo\/image\/\"}},{\"@type\":\"Person\",\"@id\":\"https:\/\/luxiders.com\/es\/#\/schema\/person\/8632fa702ae2ce98f66c396254633de8\",\"name\":\"luxiders\",\"url\":\"https:\/\/luxiders.com\/es\/author\/luxiders\/\"}]}<\/script>","yoast_head_json":{"title":"Diversidad e Inclusividad en la industria de la moda | Luxiders Magazine","description":"A pesar de ser un sector elogiado por ser m\u00e1s diverso en los \u00faltimos a\u00f1os, todav\u00eda est\u00e1 lejos de ser inclusivo.","robots":{"index":"index","follow":"follow","max-snippet":"max-snippet:-1","max-image-preview":"max-image-preview:large","max-video-preview":"max-video-preview:-1"},"canonical":"https:\/\/luxiders.com\/es\/diversidad-inclusividad-moda\/","og_locale":"es_ES","og_type":"article","og_title":"Diversidad e Inclusividad en la industria de la moda | Luxiders Magazine","og_description":"A pesar de ser un sector elogiado por ser m\u00e1s diverso en los \u00faltimos a\u00f1os, todav\u00eda est\u00e1 lejos de ser inclusivo.","og_url":"https:\/\/luxiders.com\/es\/diversidad-inclusividad-moda\/","og_site_name":"Sustainable Fashion - Eco Design - Healthy Lifestyle - Luxiders Magazine","article_published_time":"2020-06-09T11:33:00+00:00","article_modified_time":"2023-01-16T13:40:47+00:00","og_image":[{"width":1228,"height":757,"url":"https:\/\/luxiders.com\/content\/uploads\/Inclusivity-fashion-luxiders-magazine-4-1.jpg","type":"image\/jpeg"}],"author":"luxiders","twitter_card":"summary_large_image","twitter_misc":{"Written by":"luxiders"},"schema":{"@context":"https:\/\/schema.org","@graph":[{"@type":"Article","@id":"https:\/\/luxiders.com\/es\/diversidad-inclusividad-moda\/#article","isPartOf":{"@id":"https:\/\/luxiders.com\/es\/diversidad-inclusividad-moda\/"},"author":{"name":"luxiders","@id":"https:\/\/luxiders.com\/es\/#\/schema\/person\/8632fa702ae2ce98f66c396254633de8"},"headline":"Diversidad e Inclusividad en la industria de la moda","datePublished":"2020-06-09T11:33:00+00:00","dateModified":"2023-01-16T13:40:47+00:00","mainEntityOfPage":{"@id":"https:\/\/luxiders.com\/es\/diversidad-inclusividad-moda\/"},"wordCount":9,"publisher":{"@id":"https:\/\/luxiders.com\/es\/#organization"},"image":{"@id":"https:\/\/luxiders.com\/es\/diversidad-inclusividad-moda\/#primaryimage"},"thumbnailUrl":"https:\/\/luxiders.com\/content\/uploads\/Inclusivity-fashion-luxiders-magazine-4-1.jpg","keywords":["black models in fashion","diversidad e inclusividad","sustainable culture","vogue inclusivity"],"articleSection":["Moda"],"inLanguage":"es-ES"},{"@type":"WebPage","@id":"https:\/\/luxiders.com\/es\/diversidad-inclusividad-moda\/","url":"https:\/\/luxiders.com\/es\/diversidad-inclusividad-moda\/","name":"Diversidad e Inclusividad en la industria de la moda | Luxiders Magazine","isPartOf":{"@id":"https:\/\/luxiders.com\/es\/#website"},"primaryImageOfPage":{"@id":"https:\/\/luxiders.com\/es\/diversidad-inclusividad-moda\/#primaryimage"},"image":{"@id":"https:\/\/luxiders.com\/es\/diversidad-inclusividad-moda\/#primaryimage"},"thumbnailUrl":"https:\/\/luxiders.com\/content\/uploads\/Inclusivity-fashion-luxiders-magazine-4-1.jpg","datePublished":"2020-06-09T11:33:00+00:00","dateModified":"2023-01-16T13:40:47+00:00","description":"A pesar de ser un sector elogiado por ser m\u00e1s diverso en los \u00faltimos a\u00f1os, todav\u00eda est\u00e1 lejos de ser inclusivo.","breadcrumb":{"@id":"https:\/\/luxiders.com\/es\/diversidad-inclusividad-moda\/#breadcrumb"},"inLanguage":"es-ES","potentialAction":[{"@type":"ReadAction","target":["https:\/\/luxiders.com\/es\/diversidad-inclusividad-moda\/"]}]},{"@type":"ImageObject","inLanguage":"es-ES","@id":"https:\/\/luxiders.com\/es\/diversidad-inclusividad-moda\/#primaryimage","url":"https:\/\/luxiders.com\/content\/uploads\/Inclusivity-fashion-luxiders-magazine-4-1.jpg","contentUrl":"https:\/\/luxiders.com\/content\/uploads\/Inclusivity-fashion-luxiders-magazine-4-1.jpg","width":1228,"height":757},{"@type":"BreadcrumbList","@id":"https:\/\/luxiders.com\/es\/diversidad-inclusividad-moda\/#breadcrumb","itemListElement":[{"@type":"ListItem","position":1,"name":"Startseite","item":"https:\/\/luxiders.com\/es\/"},{"@type":"ListItem","position":2,"name":"Moda","item":"https:\/\/luxiders.com\/es\/category\/moda-sostenible-lujo\/"},{"@type":"ListItem","position":3,"name":"Diversidad e Inclusividad en la industria de la moda"}]},{"@type":"WebSite","@id":"https:\/\/luxiders.com\/es\/#website","url":"https:\/\/luxiders.com\/es\/","name":"Sustainable Fashion - Eco Design - Healthy Lifestyle - Luxiders Magazine","description":"Luxiders is a sustainable luxury magazine highlighting the best stories about sustainable fashion, ethical fashion, eco-friendly design, green design, sustainable travel, natural beauty, organic beauty and healthy lifestyle. Know the best high-end, progressive and luxury sustainable brands and designers worldwide.","publisher":{"@id":"https:\/\/luxiders.com\/es\/#organization"},"potentialAction":[{"@type":"SearchAction","target":{"@type":"EntryPoint","urlTemplate":"https:\/\/luxiders.com\/es\/?s={search_term_string}"},"query-input":{"@type":"PropertyValueSpecification","valueRequired":true,"valueName":"search_term_string"}}],"inLanguage":"es-ES"},{"@type":"Organization","@id":"https:\/\/luxiders.com\/es\/#organization","name":"Sustainable Fashion - Eco Design - Healthy Lifestyle - Luxiders Magazine","url":"https:\/\/luxiders.com\/es\/","logo":{"@type":"ImageObject","inLanguage":"es-ES","@id":"https:\/\/luxiders.com\/es\/#\/schema\/logo\/image\/","url":"https:\/\/luxiders.com\/content\/uploads\/lux-logo.svg","contentUrl":"https:\/\/luxiders.com\/content\/uploads\/lux-logo.svg","caption":"Sustainable Fashion - Eco Design - Healthy Lifestyle - Luxiders Magazine"},"image":{"@id":"https:\/\/luxiders.com\/es\/#\/schema\/logo\/image\/"}},{"@type":"Person","@id":"https:\/\/luxiders.com\/es\/#\/schema\/person\/8632fa702ae2ce98f66c396254633de8","name":"luxiders","url":"https:\/\/luxiders.com\/es\/author\/luxiders\/"}]}},"_links":{"self":[{"href":"https:\/\/luxiders.com\/es\/wp-json\/wp\/v2\/posts\/2255","targetHints":{"allow":["GET"]}}],"collection":[{"href":"https:\/\/luxiders.com\/es\/wp-json\/wp\/v2\/posts"}],"about":[{"href":"https:\/\/luxiders.com\/es\/wp-json\/wp\/v2\/types\/post"}],"author":[{"embeddable":true,"href":"https:\/\/luxiders.com\/es\/wp-json\/wp\/v2\/users\/2"}],"replies":[{"embeddable":true,"href":"https:\/\/luxiders.com\/es\/wp-json\/wp\/v2\/comments?post=2255"}],"version-history":[{"count":3,"href":"https:\/\/luxiders.com\/es\/wp-json\/wp\/v2\/posts\/2255\/revisions"}],"predecessor-version":[{"id":9944,"href":"https:\/\/luxiders.com\/es\/wp-json\/wp\/v2\/posts\/2255\/revisions\/9944"}],"wp:featuredmedia":[{"embeddable":true,"href":"https:\/\/luxiders.com\/es\/wp-json\/wp\/v2\/media\/2258"}],"wp:attachment":[{"href":"https:\/\/luxiders.com\/es\/wp-json\/wp\/v2\/media?parent=2255"}],"wp:term":[{"taxonomy":"category","embeddable":true,"href":"https:\/\/luxiders.com\/es\/wp-json\/wp\/v2\/categories?post=2255"},{"taxonomy":"post_tag","embeddable":true,"href":"https:\/\/luxiders.com\/es\/wp-json\/wp\/v2\/tags?post=2255"}],"curies":[{"name":"wp","href":"https:\/\/api.w.org\/{rel}","templated":true}]}}